{"id":6932,"date":"2025-07-29T16:47:23","date_gmt":"2025-07-29T14:47:23","guid":{"rendered":"https:\/\/www.pogotowieflagowe.pl\/aktualne\/orzeczenia-zurek-pod-kontrola-a-on-staje-sie-szefem-sledczych-warchowal-pyta-czy-on-nie-zrobil-tego-celowo\/"},"modified":"2025-07-29T16:47:24","modified_gmt":"2025-07-29T14:47:24","slug":"orzeczenia-zurek-pod-kontrola-a-on-staje-sie-szefem-sledczych-warchowal-pyta-czy-on-nie-zrobil-tego-celowo","status":"publish","type":"post","link":"https:\/\/www.pogotowieflagowe.pl\/aktualne\/orzeczenia-zurek-pod-kontrola-a-on-staje-sie-szefem-sledczych-warchowal-pyta-czy-on-nie-zrobil-tego-celowo\/","title":{"rendered":"Orzeczenia \u017burek pod kontrol\u0105, a on staje si\u0119 szefem \u015bledczych. Warchowal pyta: \u201eCzy on nie zrobi\u0142 tego celowo?\u201d"},"content":{"rendered":"\n<div class=\"td_block_wrap tdb_single_content tdi_41 td-pb-border-top td_block_template_8 td-post-content tagdiv-type\" data-td-block-uid=\"tdi_41\">\n<style>.tdi_41 {margin-top: 0px! Wa\u017cne; margines-bottom: 0px! WA\u017bNY; PALDING-TOP: 0PX! WA\u017bNY; PALDING-BOTTOM: 0PX! WA\u017bNE}<\/style>\n<style>.tdb_single_content {margin-bottom: 0;*zoom: 1} .tdb_single_content: wcze\u015bniej, .tdb_single_content: po {display: Table; content: ''; line-height: 0} .TDB-BLOCK-INner>*: nie (.WP-BLOCK-QUOTE): not (.alignSwide): not (.Alignfull.wp-block-cover.has-parallax): not (.td-a-ad) {margin-left: auto; margin-right: auto} .tdb_single_ConTent a {wska\u017anik-events: auto} .tdb_single_content .td-spot-id-top_ad .tdc-placeholder-title: przed {content: \u201eArtyku\u0142 top ad\u201d! Wa\u017cne} .tdb_single_content .td-Spot-Id-inline_ad0 .tdc-placeholder-title 1 '! Wa\u017cne} .tdb_single_content .td-Spot-Id-inline_Ad1 .tdc-Placeholder-Title: przed {content: \u201eArtyku\u0142 inline AD 2'! Wa\u017cny} .tdb_single_content. 3 '! Wa\u017cne} .tdb_single_content .td-Spot-Id-Bottom_Ad .tdc-Placeholder-Title: przed {content: \u201eArtyku\u0142 Bottom Ad\u201d! Wa\u017cne} .tdb_single_content .id_top_ad, .tdb_single_content_content .id_bottom_ad {clear: oba; margin-bottom: 21px; text-align: Center} .tdb_single_content .id_top_ad img, .tdb_single_content .id_bottom_ad img {margin-bottom: 0} .tdb_single_conTent .id_top_ad .adsbyGoogle, .tdb_single_content .id_bottom_ad .adsbyGoogle {pozycja: relatyw} .tdb_single_content .id_ad_content-horiz-left, .tdb_single_content .id_ad_content-horiz-right, .tdb_single_content .id_ad_content-horiz-Center {margin-bottom: 15px} .tdb_single_content .id_ad_content-horiz-left Img, .tdb_single_content .id_ad_content-horiz-right img, .tdb_single_content .id_ad_content-horiz-centerter img {margin-bottom: 0} .tdb_single_content .id_ad_content-horiz-center {text-align: Center} .tdb_single_content .id_ad_content-horiz-center img {margin-right: auto; margin-let: auto} .tdb_single_content .id_ad_content-horiz-left {float: left; margin-top: 9px; margin-right: 21px} .tdb_single_content .id_ad_content-horiz-right {float: margin-top: 6px; margin-left: 21px} .tdb_single_content .tdc-a-a-ad .TDC-Placeholder-Title {szeroko\u015b\u0107: 300px; height: 250px} .tdb_single_content .tdc-a-ad .TDC-Placeholder-Title: Przed {Pozycja: Absolute; TOP: 50%;-WebKit-Transform: Translatey (-50%); Transform: Translatey (-50%); margines: auto; Display: Tabela; szeroko\u015b\u0107: 100%}. tdb_single_content .TDB-BLOCK-INNER.TD-FIX-INDEX {Word-Break: Break-word} .tdi_41, .tdi_41> p, .tdi_41 .tdb-block-inner> p, .Wp-Block-Column> p {font-size: 16px! Wa\u017cne; wa\u017cny; p {font-styl: normalne! Wa\u017cne} @media (Max-Width: 767px) {. tdb_single_content .id_ad_content-horiz-left, .tdb_single_content .id_ad_content-horiz-right, .tdb_single_content .id_ad_content-horiz-centter {Margin: 0 AUTO 26PXX auto}}@media (Max-Width: 767px) {. tdb_single_content .id_ad_content-horiz-left {margin-right: 0}}@media (max-width: 767px) {. (Max-Width: 767px) {. tdb_single_content .td-a-ad {float: none; text-align: Center} .tdb_single_content .td-a-ad img {margin-right: auto; margin-left: auto} .tdb_single_content .tdc-a-a-a-{margin-right: auto; margin-left: auto} .tdb_single_content .tdd<\/style>\n<div class=\"tdb-block-inner td-fix-index\">\n<p>Artyku\u0142y 40 i 47 z <em>Kodeks post\u0119powania karnego<\/em> Wyra\u017anie i jednoznacznie wykluczaj\u0105 s\u0119dzi\u00f3w i prokurator\u00f3w z spraw, kt\u00f3re ich dotycz\u0105. <strong>\u201eA je\u015bli s\u0119dzia \u017burek, w pe\u0142ni \u015bwiadomy, \u017ce takie sprawy trwaj\u0105 w ramach prokuratury, zgodzi\u0142 si\u0119 na rol\u0119 <em>Prokurator generalny<\/em>potem albo brakuje mu wiedzy o prawie, albo pojawia si\u0119 w\u0105tpliwo\u015b\u0107, czy nie zrobi\u0142 tego celowo, aby wyczy\u015bci\u0107 te sprawy dla siebie \u201d<\/strong> W wywiadzie z MP Marcin Warchowal, by\u0142y wiceminister sprawiedliwo\u015bci, w wywiadzie dla <em>Niezalezna.pl<\/em>. W ten spos\u00f3b polityk skomentowa\u0142 ustalenia naszego zespo\u0142u redakcyjnego dotycz\u0105ce dochodzenia w sprawie fa\u0142szowania informacji w orzeczeniach wydanych przez Waldemara \u017bureka &#8211; by\u0142ego s\u0119dziego i nowo mianowanego <em>Minister Sprawiedliwo\u015bci<\/em>.<\/p>\n<p>Jak ujawni\u0142o dzisiaj <em>Niezalezna.pl<\/em> Portal, <em>Departament Spraw Wewn\u0119trznych Krajowej Prokuratury<\/em> prowadzi dochodzenie w sprawie okoliczno\u015bci zwi\u0105zanych z wyrokami wydanymi przez Waldemara \u017burek, obecnie by\u0142ego s\u0119dziego i nowego <em>Minister Sprawiedliwo\u015bci<\/em>. <strong>\u201eDotyczy fa\u0142szowania fakt\u00f3w w dokumentach w formie orzecze\u0144 <em>S\u0105d rejonowy Krak\u00f3w<\/em> przez zidentyfikowanego s\u0119dziego tego s\u0105du, szczeg\u00f3lnie w odniesieniu do dat, w kt\u00f3rych wydano orzeczenia \u201d,<\/strong> &#8211; powiedzia\u0142 prokurator, Pezys\u0142aw Nowak, rzecznik <em>Krajowa prokuratura<\/em>w o\u015bwiadczeniu dla naszego zespo\u0142u redakcyjnego.<\/p>\n<p>Zapytali\u015bmy <em>Prawo i sprawiedliwo\u015b\u0107<\/em> MP Marcin Warchowal, by\u0142y wiceminister sprawiedliwo\u015bci, skomentowa\u0107 te ustalenia.<\/p>\n<figure class=\"wp-block-pullquote\">\n<blockquote>\n<p><strong>\u201ePowszechnie m\u00f3wi si\u0119, \u017ce nikt nie mo\u017ce by\u0107 s\u0119dzi\u0105 we w\u0142asnym przypadku. Ale to nie tylko m\u0105dro\u015b\u0107 ludowa-jest r\u00f3wnie\u017c wi\u0105\u017c\u0105cym prawem. Artyku\u0142y 40 i 47 z <em>Kodeks post\u0119powania karnego<\/em> Wyra\u017anie i jednoznacznie wykluczaj\u0105 s\u0119dzi\u00f3w i prokurator\u00f3w z spraw, kt\u00f3re ich dotycz\u0105. A je\u015bli s\u0119dzia \u017burek, w pe\u0142ni \u015bwiadomy, \u017ce takie sprawy trwaj\u0105 w ramach prokuratury, zgodzi\u0142 si\u0119 na rol\u0119 <em>Prokurator generalny<\/em>potem albo brakuje mu wiedzy o prawie, albo pojawia si\u0119 w\u0105tpliwo\u015b\u0107, czy nie zrobi\u0142 tego celowo, aby wyczy\u015bci\u0107 te sprawy dla siebie. Ja, na przyk\u0142ad, nie podejmuj\u0119 \u017bureka o brak wiedzy prawnej\u2026 \u201d<\/strong> <\/p>\n<p><cite>powiedzia\u0142 MP Warchowal.<\/cite><\/p><\/blockquote>\n<\/figure>\n<p>Doda\u0142 r\u00f3wnie\u017c, \u017ce coraz wi\u0119cej os\u00f3b w legalnej spo\u0142eczno\u015bci zm\u0119czy si\u0119 bezprawia.<\/p>\n<figure class=\"wp-block-pullquote\">\n<blockquote>\n<p><strong>\u201eAle w tym wszystkim jest promyk nadziei &#8211; w samym dniu sta\u0142 <em>Minister Sprawiedliwo\u015bci<\/em>Prokuratura rozpocz\u0119\u0142a dochodzenie oparte na moim raporcie, w sprawie nielegalnego korzystania z poufnych plik\u00f3w personelu Karola Nawrockiego w kampanii wyborczej. To pokazuje, \u017ce prokuratorzy mieli do\u015b\u0107 bezprawia, a nadzieje Donalda Tuska na zaostrzenie \u015brub prawa prawa i eskalacyjne represje przez \u017burek mog\u0105 okaza\u0107 si\u0119 daremne \u201d<\/strong><\/p>\n<p><cite>podsumowa\u0142 by\u0142ego wiceministra sprawiedliwo\u015bci.<\/cite><\/p><\/blockquote>\n<\/figure>\n<\/div>\n<\/div>\n","protected":false},"excerpt":{"rendered":"<p>Artyku\u0142y 40 i 47 z Kodeks post\u0119powania karnego Wyra\u017anie i jednoznacznie wykluczaj\u0105 s\u0119dzi\u00f3w i prokurator\u00f3w z spraw, kt\u00f3re ich dotycz\u0105.<\/p>\n","protected":false},"author":1,"featured_media":6933,"comment_status":"closed","ping_status":"","sticky":false,"template":"","format":"standard","meta":{"footnotes":""},"categories":[4748],"tags":[8666,501,3368,450,7965,2326,6478,150,8664,2629,8663,4768,8665,6695,4131],"class_list":["post-6932","post","type-post","status-publish","format-standard","has-post-thumbnail","hentry","category-aktualne","tag-celowo","tag-czy","tag-kontrola","tag-nie","tag-orzeczenia","tag-pod","tag-pyta","tag-sie","tag-sledczych","tag-staje","tag-szefem","tag-tego","tag-warchowal","tag-zrobil","tag-zurek","generate-columns","tablet-grid-50","mobile-grid-100","grid-parent","grid-50","resize-featured-image"],"yoast_head":"<!-- This site is optimized with the Yoast SEO plugin v23.2 - https:\/\/yoast.com\/wordpress\/plugins\/seo\/ -->\n<title>Orzeczenia \u017burek pod kontrol\u0105, a on staje si\u0119 szefem \u015bledczych. Warchowal pyta: \u201eCzy on nie zrobi\u0142 tego celowo?\u201d - POGOTOWIE FLAGOWE\u00ae<\/title>\n<meta name=\"robots\" content=\"index, follow, max-snippet:-1, max-image-preview:large, max-video-preview:-1\" \/>\n<link rel=\"canonical\" href=\"https:\/\/www.pogotowieflagowe.pl\/aktualne\/orzeczenia-zurek-pod-kontrola-a-on-staje-sie-szefem-sledczych-warchowal-pyta-czy-on-nie-zrobil-tego-celowo\/\" \/>\n<meta property=\"og:locale\" content=\"pl_PL\" \/>\n<meta property=\"og:type\" content=\"article\" \/>\n<meta property=\"og:title\" content=\"Orzeczenia \u017burek pod kontrol\u0105, a on staje si\u0119 szefem \u015bledczych. Warchowal pyta: \u201eCzy on nie zrobi\u0142 tego celowo?\u201d - POGOTOWIE FLAGOWE\u00ae\" \/>\n<meta property=\"og:description\" content=\"Artyku\u0142y 40 i 47 z Kodeks post\u0119powania karnego Wyra\u017anie i jednoznacznie wykluczaj\u0105 s\u0119dzi\u00f3w i prokurator\u00f3w z spraw, kt\u00f3re ich dotycz\u0105.\" \/>\n<meta property=\"og:url\" content=\"https:\/\/www.pogotowieflagowe.pl\/aktualne\/orzeczenia-zurek-pod-kontrola-a-on-staje-sie-szefem-sledczych-warchowal-pyta-czy-on-nie-zrobil-tego-celowo\/\" \/>\n<meta property=\"og:site_name\" content=\"POGOTOWIE FLAGOWE\u00ae\" \/>\n<meta property=\"article:published_time\" content=\"2025-07-29T14:47:23+00:00\" \/>\n<meta property=\"article:modified_time\" content=\"2025-07-29T14:47:24+00:00\" \/>\n<meta property=\"og:image\" content=\"https:\/\/www.pogotowieflagowe.pl\/aktualne\/wp-content\/uploads\/2025\/07\/Orzeczenia-Zurek-pod-kontrola-a-on-staje-sie-szefem-sledczych.webp.webp\" \/>\n\t<meta property=\"og:image:width\" content=\"1280\" \/>\n\t<meta property=\"og:image:height\" content=\"720\" \/>\n\t<meta property=\"og:image:type\" content=\"image\/webp\" \/>\n<meta name=\"author\" content=\"Filip\" \/>\n<meta name=\"twitter:card\" content=\"summary_large_image\" \/>\n<meta name=\"twitter:label1\" content=\"Napisane przez\" \/>\n\t<meta name=\"twitter:data1\" content=\"Filip\" \/>\n\t<meta name=\"twitter:label2\" content=\"Szacowany czas czytania\" \/>\n\t<meta name=\"twitter:data2\" content=\"2 minuty\" \/>\n<script type=\"application\/ld+json\" class=\"yoast-schema-graph\">{\"@context\":\"https:\/\/schema.org\",\"@graph\":[{\"@type\":\"Article\",\"@id\":\"https:\/\/www.pogotowieflagowe.pl\/aktualne\/orzeczenia-zurek-pod-kontrola-a-on-staje-sie-szefem-sledczych-warchowal-pyta-czy-on-nie-zrobil-tego-celowo\/#article\",\"isPartOf\":{\"@id\":\"https:\/\/www.pogotowieflagowe.pl\/aktualne\/orzeczenia-zurek-pod-kontrola-a-on-staje-sie-szefem-sledczych-warchowal-pyta-czy-on-nie-zrobil-tego-celowo\/\"},\"author\":{\"name\":\"Filip\",\"@id\":\"https:\/\/www.pogotowieflagowe.pl\/aktualne\/#\/schema\/person\/9c2fb7d2362ebf6fa088960d7f0d27b0\"},\"headline\":\"Orzeczenia \u017burek pod kontrol\u0105, a on staje si\u0119 szefem \u015bledczych. Warchowal pyta: \u201eCzy on nie zrobi\u0142 tego celowo?\u201d\",\"datePublished\":\"2025-07-29T14:47:23+00:00\",\"dateModified\":\"2025-07-29T14:47:24+00:00\",\"mainEntityOfPage\":{\"@id\":\"https:\/\/www.pogotowieflagowe.pl\/aktualne\/orzeczenia-zurek-pod-kontrola-a-on-staje-sie-szefem-sledczych-warchowal-pyta-czy-on-nie-zrobil-tego-celowo\/\"},\"wordCount\":441,\"publisher\":{\"@id\":\"https:\/\/www.pogotowieflagowe.pl\/aktualne\/#organization\"},\"image\":{\"@id\":\"https:\/\/www.pogotowieflagowe.pl\/aktualne\/orzeczenia-zurek-pod-kontrola-a-on-staje-sie-szefem-sledczych-warchowal-pyta-czy-on-nie-zrobil-tego-celowo\/#primaryimage\"},\"thumbnailUrl\":\"https:\/\/www.pogotowieflagowe.pl\/aktualne\/wp-content\/uploads\/2025\/07\/Orzeczenia-Zurek-pod-kontrola-a-on-staje-sie-szefem-sledczych.webp.webp\",\"keywords\":[\"celowo\",\"Czy\",\"kontrol\u0105\",\"Nie\",\"orzeczenia\",\"pod\",\"pyta\",\"si\u0119\",\"\u015bledczych\",\"staje\",\"szefem\",\"tego\",\"Warchowal\",\"zrobi\u0142\",\"\u017burek\"],\"articleSection\":[\"Aktualne\"],\"inLanguage\":\"pl-PL\"},{\"@type\":\"WebPage\",\"@id\":\"https:\/\/www.pogotowieflagowe.pl\/aktualne\/orzeczenia-zurek-pod-kontrola-a-on-staje-sie-szefem-sledczych-warchowal-pyta-czy-on-nie-zrobil-tego-celowo\/\",\"url\":\"https:\/\/www.pogotowieflagowe.pl\/aktualne\/orzeczenia-zurek-pod-kontrola-a-on-staje-sie-szefem-sledczych-warchowal-pyta-czy-on-nie-zrobil-tego-celowo\/\",\"name\":\"Orzeczenia \u017burek pod kontrol\u0105, a on staje si\u0119 szefem \u015bledczych. Warchowal pyta: \u201eCzy on nie zrobi\u0142 tego celowo?\u201d - POGOTOWIE FLAGOWE\u00ae\",\"isPartOf\":{\"@id\":\"https:\/\/www.pogotowieflagowe.pl\/aktualne\/#website\"},\"primaryImageOfPage\":{\"@id\":\"https:\/\/www.pogotowieflagowe.pl\/aktualne\/orzeczenia-zurek-pod-kontrola-a-on-staje-sie-szefem-sledczych-warchowal-pyta-czy-on-nie-zrobil-tego-celowo\/#primaryimage\"},\"image\":{\"@id\":\"https:\/\/www.pogotowieflagowe.pl\/aktualne\/orzeczenia-zurek-pod-kontrola-a-on-staje-sie-szefem-sledczych-warchowal-pyta-czy-on-nie-zrobil-tego-celowo\/#primaryimage\"},\"thumbnailUrl\":\"https:\/\/www.pogotowieflagowe.pl\/aktualne\/wp-content\/uploads\/2025\/07\/Orzeczenia-Zurek-pod-kontrola-a-on-staje-sie-szefem-sledczych.webp.webp\",\"datePublished\":\"2025-07-29T14:47:23+00:00\",\"dateModified\":\"2025-07-29T14:47:24+00:00\",\"breadcrumb\":{\"@id\":\"https:\/\/www.pogotowieflagowe.pl\/aktualne\/orzeczenia-zurek-pod-kontrola-a-on-staje-sie-szefem-sledczych-warchowal-pyta-czy-on-nie-zrobil-tego-celowo\/#breadcrumb\"},\"inLanguage\":\"pl-PL\",\"potentialAction\":[{\"@type\":\"ReadAction\",\"target\":[\"https:\/\/www.pogotowieflagowe.pl\/aktualne\/orzeczenia-zurek-pod-kontrola-a-on-staje-sie-szefem-sledczych-warchowal-pyta-czy-on-nie-zrobil-tego-celowo\/\"]}]},{\"@type\":\"ImageObject\",\"inLanguage\":\"pl-PL\",\"@id\":\"https:\/\/www.pogotowieflagowe.pl\/aktualne\/orzeczenia-zurek-pod-kontrola-a-on-staje-sie-szefem-sledczych-warchowal-pyta-czy-on-nie-zrobil-tego-celowo\/#primaryimage\",\"url\":\"https:\/\/www.pogotowieflagowe.pl\/aktualne\/wp-content\/uploads\/2025\/07\/Orzeczenia-Zurek-pod-kontrola-a-on-staje-sie-szefem-sledczych.webp.webp\",\"contentUrl\":\"https:\/\/www.pogotowieflagowe.pl\/aktualne\/wp-content\/uploads\/2025\/07\/Orzeczenia-Zurek-pod-kontrola-a-on-staje-sie-szefem-sledczych.webp.webp\",\"width\":1280,\"height\":720,\"caption\":\"Orzeczenia \u017burek pod kontrol\u0105, a on staje si\u0119 szefem \u015bledczych. Warchowal pyta: \u201eCzy on nie zrobi\u0142 tego celowo?\u201d\"},{\"@type\":\"BreadcrumbList\",\"@id\":\"https:\/\/www.pogotowieflagowe.pl\/aktualne\/orzeczenia-zurek-pod-kontrola-a-on-staje-sie-szefem-sledczych-warchowal-pyta-czy-on-nie-zrobil-tego-celowo\/#breadcrumb\",\"itemListElement\":[{\"@type\":\"ListItem\",\"position\":1,\"name\":\"Home\",\"item\":\"https:\/\/www.pogotowieflagowe.pl\/aktualne\/\"},{\"@type\":\"ListItem\",\"position\":2,\"name\":\"Orzeczenia \u017burek pod kontrol\u0105, a on staje si\u0119 szefem \u015bledczych. Warchowal pyta: \u201eCzy on nie zrobi\u0142 tego celowo?\u201d\"}]},{\"@type\":\"WebSite\",\"@id\":\"https:\/\/www.pogotowieflagowe.pl\/aktualne\/#website\",\"url\":\"https:\/\/www.pogotowieflagowe.pl\/aktualne\/\",\"name\":\"POGOTOWIE FLAGOWE\u00ae\",\"description\":\"\",\"publisher\":{\"@id\":\"https:\/\/www.pogotowieflagowe.pl\/aktualne\/#organization\"},\"potentialAction\":[{\"@type\":\"SearchAction\",\"target\":{\"@type\":\"EntryPoint\",\"urlTemplate\":\"https:\/\/www.pogotowieflagowe.pl\/aktualne\/?s={search_term_string}\"},\"query-input\":\"required name=search_term_string\"}],\"inLanguage\":\"pl-PL\"},{\"@type\":\"Organization\",\"@id\":\"https:\/\/www.pogotowieflagowe.pl\/aktualne\/#organization\",\"name\":\"POGOTOWIE FLAGOWE\u00ae\",\"url\":\"https:\/\/www.pogotowieflagowe.pl\/aktualne\/\",\"logo\":{\"@type\":\"ImageObject\",\"inLanguage\":\"pl-PL\",\"@id\":\"https:\/\/www.pogotowieflagowe.pl\/aktualne\/#\/schema\/logo\/image\/\",\"url\":\"https:\/\/www.pogotowieflagowe.pl\/aktualne\/wp-content\/uploads\/2024\/08\/cropped-pogotowieflagowe_flaga_projekt_sm.jpg\",\"contentUrl\":\"https:\/\/www.pogotowieflagowe.pl\/aktualne\/wp-content\/uploads\/2024\/08\/cropped-pogotowieflagowe_flaga_projekt_sm.jpg\",\"width\":250,\"height\":143,\"caption\":\"POGOTOWIE FLAGOWE\u00ae\"},\"image\":{\"@id\":\"https:\/\/www.pogotowieflagowe.pl\/aktualne\/#\/schema\/logo\/image\/\"}},{\"@type\":\"Person\",\"@id\":\"https:\/\/www.pogotowieflagowe.pl\/aktualne\/#\/schema\/person\/9c2fb7d2362ebf6fa088960d7f0d27b0\",\"name\":\"Filip\",\"image\":{\"@type\":\"ImageObject\",\"inLanguage\":\"pl-PL\",\"@id\":\"https:\/\/www.pogotowieflagowe.pl\/aktualne\/#\/schema\/person\/image\/\",\"url\":\"https:\/\/www.pogotowieflagowe.pl\/aktualne\/wp-content\/uploads\/2024\/08\/pogotowieflagowe.pl_.jpg\",\"contentUrl\":\"https:\/\/www.pogotowieflagowe.pl\/aktualne\/wp-content\/uploads\/2024\/08\/pogotowieflagowe.pl_.jpg\",\"caption\":\"Filip\"},\"description\":\"Jestem Filip, polski dziennikarz z dyplomem nauk politycznych Uniwersytetu Warszawskiego. Rozpoczynaj\u0105c swoj\u0105 karier\u0119 w r\u00f3\u017cnych lokalnych mediach, zdoby\u0142em solidne do\u015bwiadczenie w zakresie \u015bledztwa i redakcji. Obecnie jako redaktor w Pogotowie flagowe, staram si\u0119 dostarcza\u0107 dog\u0142\u0119bne i istotne analizy na temat najwa\u017cniejszych kwestii aktualno\u015bci, \u0142\u0105cz\u0105c rygor z pasj\u0105 dziennikarsk\u0105.\",\"sameAs\":[\"https:\/\/www.pogotowieflagowe.pl\/\"]}]}<\/script>\n<!-- \/ Yoast SEO plugin. -->","yoast_head_json":{"title":"Orzeczenia \u017burek pod kontrol\u0105, a on staje si\u0119 szefem \u015bledczych. Warchowal pyta: \u201eCzy on nie zrobi\u0142 tego celowo?\u201d - POGOTOWIE FLAGOWE\u00ae","robots":{"index":"index","follow":"follow","max-snippet":"max-snippet:-1","max-image-preview":"max-image-preview:large","max-video-preview":"max-video-preview:-1"},"canonical":"https:\/\/www.pogotowieflagowe.pl\/aktualne\/orzeczenia-zurek-pod-kontrola-a-on-staje-sie-szefem-sledczych-warchowal-pyta-czy-on-nie-zrobil-tego-celowo\/","og_locale":"pl_PL","og_type":"article","og_title":"Orzeczenia \u017burek pod kontrol\u0105, a on staje si\u0119 szefem \u015bledczych. Warchowal pyta: \u201eCzy on nie zrobi\u0142 tego celowo?\u201d - POGOTOWIE FLAGOWE\u00ae","og_description":"Artyku\u0142y 40 i 47 z Kodeks post\u0119powania karnego Wyra\u017anie i jednoznacznie wykluczaj\u0105 s\u0119dzi\u00f3w i prokurator\u00f3w z spraw, kt\u00f3re ich dotycz\u0105.","og_url":"https:\/\/www.pogotowieflagowe.pl\/aktualne\/orzeczenia-zurek-pod-kontrola-a-on-staje-sie-szefem-sledczych-warchowal-pyta-czy-on-nie-zrobil-tego-celowo\/","og_site_name":"POGOTOWIE FLAGOWE\u00ae","article_published_time":"2025-07-29T14:47:23+00:00","article_modified_time":"2025-07-29T14:47:24+00:00","og_image":[{"width":1280,"height":720,"url":"https:\/\/www.pogotowieflagowe.pl\/aktualne\/wp-content\/uploads\/2025\/07\/Orzeczenia-Zurek-pod-kontrola-a-on-staje-sie-szefem-sledczych.webp.webp","type":"image\/webp"}],"author":"Filip","twitter_card":"summary_large_image","twitter_misc":{"Napisane przez":"Filip","Szacowany czas czytania":"2 minuty"},"schema":{"@context":"https:\/\/schema.org","@graph":[{"@type":"Article","@id":"https:\/\/www.pogotowieflagowe.pl\/aktualne\/orzeczenia-zurek-pod-kontrola-a-on-staje-sie-szefem-sledczych-warchowal-pyta-czy-on-nie-zrobil-tego-celowo\/#article","isPartOf":{"@id":"https:\/\/www.pogotowieflagowe.pl\/aktualne\/orzeczenia-zurek-pod-kontrola-a-on-staje-sie-szefem-sledczych-warchowal-pyta-czy-on-nie-zrobil-tego-celowo\/"},"author":{"name":"Filip","@id":"https:\/\/www.pogotowieflagowe.pl\/aktualne\/#\/schema\/person\/9c2fb7d2362ebf6fa088960d7f0d27b0"},"headline":"Orzeczenia \u017burek pod kontrol\u0105, a on staje si\u0119 szefem \u015bledczych. Warchowal pyta: \u201eCzy on nie zrobi\u0142 tego celowo?\u201d","datePublished":"2025-07-29T14:47:23+00:00","dateModified":"2025-07-29T14:47:24+00:00","mainEntityOfPage":{"@id":"https:\/\/www.pogotowieflagowe.pl\/aktualne\/orzeczenia-zurek-pod-kontrola-a-on-staje-sie-szefem-sledczych-warchowal-pyta-czy-on-nie-zrobil-tego-celowo\/"},"wordCount":441,"publisher":{"@id":"https:\/\/www.pogotowieflagowe.pl\/aktualne\/#organization"},"image":{"@id":"https:\/\/www.pogotowieflagowe.pl\/aktualne\/orzeczenia-zurek-pod-kontrola-a-on-staje-sie-szefem-sledczych-warchowal-pyta-czy-on-nie-zrobil-tego-celowo\/#primaryimage"},"thumbnailUrl":"https:\/\/www.pogotowieflagowe.pl\/aktualne\/wp-content\/uploads\/2025\/07\/Orzeczenia-Zurek-pod-kontrola-a-on-staje-sie-szefem-sledczych.webp.webp","keywords":["celowo","Czy","kontrol\u0105","Nie","orzeczenia","pod","pyta","si\u0119","\u015bledczych","staje","szefem","tego","Warchowal","zrobi\u0142","\u017burek"],"articleSection":["Aktualne"],"inLanguage":"pl-PL"},{"@type":"WebPage","@id":"https:\/\/www.pogotowieflagowe.pl\/aktualne\/orzeczenia-zurek-pod-kontrola-a-on-staje-sie-szefem-sledczych-warchowal-pyta-czy-on-nie-zrobil-tego-celowo\/","url":"https:\/\/www.pogotowieflagowe.pl\/aktualne\/orzeczenia-zurek-pod-kontrola-a-on-staje-sie-szefem-sledczych-warchowal-pyta-czy-on-nie-zrobil-tego-celowo\/","name":"Orzeczenia \u017burek pod kontrol\u0105, a on staje si\u0119 szefem \u015bledczych. Warchowal pyta: \u201eCzy on nie zrobi\u0142 tego celowo?\u201d - POGOTOWIE FLAGOWE\u00ae","isPartOf":{"@id":"https:\/\/www.pogotowieflagowe.pl\/aktualne\/#website"},"primaryImageOfPage":{"@id":"https:\/\/www.pogotowieflagowe.pl\/aktualne\/orzeczenia-zurek-pod-kontrola-a-on-staje-sie-szefem-sledczych-warchowal-pyta-czy-on-nie-zrobil-tego-celowo\/#primaryimage"},"image":{"@id":"https:\/\/www.pogotowieflagowe.pl\/aktualne\/orzeczenia-zurek-pod-kontrola-a-on-staje-sie-szefem-sledczych-warchowal-pyta-czy-on-nie-zrobil-tego-celowo\/#primaryimage"},"thumbnailUrl":"https:\/\/www.pogotowieflagowe.pl\/aktualne\/wp-content\/uploads\/2025\/07\/Orzeczenia-Zurek-pod-kontrola-a-on-staje-sie-szefem-sledczych.webp.webp","datePublished":"2025-07-29T14:47:23+00:00","dateModified":"2025-07-29T14:47:24+00:00","breadcrumb":{"@id":"https:\/\/www.pogotowieflagowe.pl\/aktualne\/orzeczenia-zurek-pod-kontrola-a-on-staje-sie-szefem-sledczych-warchowal-pyta-czy-on-nie-zrobil-tego-celowo\/#breadcrumb"},"inLanguage":"pl-PL","potentialAction":[{"@type":"ReadAction","target":["https:\/\/www.pogotowieflagowe.pl\/aktualne\/orzeczenia-zurek-pod-kontrola-a-on-staje-sie-szefem-sledczych-warchowal-pyta-czy-on-nie-zrobil-tego-celowo\/"]}]},{"@type":"ImageObject","inLanguage":"pl-PL","@id":"https:\/\/www.pogotowieflagowe.pl\/aktualne\/orzeczenia-zurek-pod-kontrola-a-on-staje-sie-szefem-sledczych-warchowal-pyta-czy-on-nie-zrobil-tego-celowo\/#primaryimage","url":"https:\/\/www.pogotowieflagowe.pl\/aktualne\/wp-content\/uploads\/2025\/07\/Orzeczenia-Zurek-pod-kontrola-a-on-staje-sie-szefem-sledczych.webp.webp","contentUrl":"https:\/\/www.pogotowieflagowe.pl\/aktualne\/wp-content\/uploads\/2025\/07\/Orzeczenia-Zurek-pod-kontrola-a-on-staje-sie-szefem-sledczych.webp.webp","width":1280,"height":720,"caption":"Orzeczenia \u017burek pod kontrol\u0105, a on staje si\u0119 szefem \u015bledczych. Warchowal pyta: \u201eCzy on nie zrobi\u0142 tego celowo?\u201d"},{"@type":"BreadcrumbList","@id":"https:\/\/www.pogotowieflagowe.pl\/aktualne\/orzeczenia-zurek-pod-kontrola-a-on-staje-sie-szefem-sledczych-warchowal-pyta-czy-on-nie-zrobil-tego-celowo\/#breadcrumb","itemListElement":[{"@type":"ListItem","position":1,"name":"Home","item":"https:\/\/www.pogotowieflagowe.pl\/aktualne\/"},{"@type":"ListItem","position":2,"name":"Orzeczenia \u017burek pod kontrol\u0105, a on staje si\u0119 szefem \u015bledczych. Warchowal pyta: \u201eCzy on nie zrobi\u0142 tego celowo?\u201d"}]},{"@type":"WebSite","@id":"https:\/\/www.pogotowieflagowe.pl\/aktualne\/#website","url":"https:\/\/www.pogotowieflagowe.pl\/aktualne\/","name":"POGOTOWIE FLAGOWE\u00ae","description":"","publisher":{"@id":"https:\/\/www.pogotowieflagowe.pl\/aktualne\/#organization"},"potentialAction":[{"@type":"SearchAction","target":{"@type":"EntryPoint","urlTemplate":"https:\/\/www.pogotowieflagowe.pl\/aktualne\/?s={search_term_string}"},"query-input":"required name=search_term_string"}],"inLanguage":"pl-PL"},{"@type":"Organization","@id":"https:\/\/www.pogotowieflagowe.pl\/aktualne\/#organization","name":"POGOTOWIE FLAGOWE\u00ae","url":"https:\/\/www.pogotowieflagowe.pl\/aktualne\/","logo":{"@type":"ImageObject","inLanguage":"pl-PL","@id":"https:\/\/www.pogotowieflagowe.pl\/aktualne\/#\/schema\/logo\/image\/","url":"https:\/\/www.pogotowieflagowe.pl\/aktualne\/wp-content\/uploads\/2024\/08\/cropped-pogotowieflagowe_flaga_projekt_sm.jpg","contentUrl":"https:\/\/www.pogotowieflagowe.pl\/aktualne\/wp-content\/uploads\/2024\/08\/cropped-pogotowieflagowe_flaga_projekt_sm.jpg","width":250,"height":143,"caption":"POGOTOWIE FLAGOWE\u00ae"},"image":{"@id":"https:\/\/www.pogotowieflagowe.pl\/aktualne\/#\/schema\/logo\/image\/"}},{"@type":"Person","@id":"https:\/\/www.pogotowieflagowe.pl\/aktualne\/#\/schema\/person\/9c2fb7d2362ebf6fa088960d7f0d27b0","name":"Filip","image":{"@type":"ImageObject","inLanguage":"pl-PL","@id":"https:\/\/www.pogotowieflagowe.pl\/aktualne\/#\/schema\/person\/image\/","url":"https:\/\/www.pogotowieflagowe.pl\/aktualne\/wp-content\/uploads\/2024\/08\/pogotowieflagowe.pl_.jpg","contentUrl":"https:\/\/www.pogotowieflagowe.pl\/aktualne\/wp-content\/uploads\/2024\/08\/pogotowieflagowe.pl_.jpg","caption":"Filip"},"description":"Jestem Filip, polski dziennikarz z dyplomem nauk politycznych Uniwersytetu Warszawskiego. Rozpoczynaj\u0105c swoj\u0105 karier\u0119 w r\u00f3\u017cnych lokalnych mediach, zdoby\u0142em solidne do\u015bwiadczenie w zakresie \u015bledztwa i redakcji. Obecnie jako redaktor w Pogotowie flagowe, staram si\u0119 dostarcza\u0107 dog\u0142\u0119bne i istotne analizy na temat najwa\u017cniejszych kwestii aktualno\u015bci, \u0142\u0105cz\u0105c rygor z pasj\u0105 dziennikarsk\u0105.","sameAs":["https:\/\/www.pogotowieflagowe.pl\/"]}]}},"_links":{"self":[{"href":"https:\/\/www.pogotowieflagowe.pl\/aktualne\/wp-json\/wp\/v2\/posts\/6932","targetHints":{"allow":["GET"]}}],"collection":[{"href":"https:\/\/www.pogotowieflagowe.pl\/aktualne\/wp-json\/wp\/v2\/posts"}],"about":[{"href":"https:\/\/www.pogotowieflagowe.pl\/aktualne\/wp-json\/wp\/v2\/types\/post"}],"author":[{"embeddable":true,"href":"https:\/\/www.pogotowieflagowe.pl\/aktualne\/wp-json\/wp\/v2\/users\/1"}],"replies":[{"embeddable":true,"href":"https:\/\/www.pogotowieflagowe.pl\/aktualne\/wp-json\/wp\/v2\/comments?post=6932"}],"version-history":[{"count":1,"href":"https:\/\/www.pogotowieflagowe.pl\/aktualne\/wp-json\/wp\/v2\/posts\/6932\/revisions"}],"predecessor-version":[{"id":6934,"href":"https:\/\/www.pogotowieflagowe.pl\/aktualne\/wp-json\/wp\/v2\/posts\/6932\/revisions\/6934"}],"wp:featuredmedia":[{"embeddable":true,"href":"https:\/\/www.pogotowieflagowe.pl\/aktualne\/wp-json\/wp\/v2\/media\/6933"}],"wp:attachment":[{"href":"https:\/\/www.pogotowieflagowe.pl\/aktualne\/wp-json\/wp\/v2\/media?parent=6932"}],"wp:term":[{"taxonomy":"category","embeddable":true,"href":"https:\/\/www.pogotowieflagowe.pl\/aktualne\/wp-json\/wp\/v2\/categories?post=6932"},{"taxonomy":"post_tag","embeddable":true,"href":"https:\/\/www.pogotowieflagowe.pl\/aktualne\/wp-json\/wp\/v2\/tags?post=6932"}],"curies":[{"name":"wp","href":"https:\/\/api.w.org\/{rel}","templated":true}]}}