{"id":6970,"date":"2025-08-01T16:49:08","date_gmt":"2025-08-01T14:49:08","guid":{"rendered":"https:\/\/www.pogotowieflagowe.pl\/aktualne\/czy-mlodzi-ludzie-walcza-dzis-o-swoja-ojczyzne-kaczynski-pyta-w-rocznice-powstania-warszawskiego\/"},"modified":"2025-08-01T16:49:10","modified_gmt":"2025-08-01T14:49:10","slug":"czy-mlodzi-ludzie-walcza-dzis-o-swoja-ojczyzne-kaczynski-pyta-w-rocznice-powstania-warszawskiego","status":"publish","type":"post","link":"https:\/\/www.pogotowieflagowe.pl\/aktualne\/czy-mlodzi-ludzie-walcza-dzis-o-swoja-ojczyzne-kaczynski-pyta-w-rocznice-powstania-warszawskiego\/","title":{"rendered":"\u201eCzy m\u0142odzi ludzie walcz\u0105 dzi\u015b o swoj\u0105 ojczyzn\u0119?\u201d Kaczy\u0144ski pyta w rocznic\u0119 powstania warszawskiego"},"content":{"rendered":"\n<div class=\"td_block_wrap tdb_single_content tdi_41 td-pb-border-top td_block_template_8 td-post-content tagdiv-type\" data-td-block-uid=\"tdi_41\">\n<style>.tdi_41 {margin-top: 0px! Wa\u017cne; margines-bottom: 0px! WA\u017bNY; PALDING-TOP: 0PX! WA\u017bNY; PALDING-BOTTOM: 0PX! WA\u017bNE}<\/style>\n<style>.tdb_single_content {margin-bottom: 0;*zoom: 1} .tdb_single_content: wcze\u015bniej, .tdb_single_content: po {display: Table; content: ''; line-height: 0} .TDB-BLOCK-INner>*: nie (.WP-BLOCK-QUOTE): not (.alignSwide): not (.Alignfull.wp-block-cover.has-parallax): not (.td-a-ad) {margin-left: auto; margin-right: auto} .tdb_single_ConTent a {wska\u017anik-events: auto} .tdb_single_content .td-spot-id-top_ad .tdc-placeholder-title: przed {content: \u201eArtyku\u0142 top ad\u201d! Wa\u017cne} .tdb_single_content .td-Spot-Id-inline_ad0 .tdc-placeholder-title 1 '! Wa\u017cne} .tdb_single_content .td-Spot-Id-inline_Ad1 .tdc-Placeholder-Title: przed {content: \u201eArtyku\u0142 inline AD 2'! Wa\u017cny} .tdb_single_content. 3 '! Wa\u017cne} .tdb_single_content .td-Spot-Id-Bottom_Ad .tdc-Placeholder-Title: przed {content: \u201eArtyku\u0142 Bottom Ad\u201d! Wa\u017cne} .tdb_single_content .id_top_ad, .tdb_single_content_content .id_bottom_ad {clear: oba; margin-bottom: 21px; text-align: Center} .tdb_single_content .id_top_ad img, .tdb_single_content .id_bottom_ad img {margin-bottom: 0} .tdb_single_conTent .id_top_ad .adsbyGoogle, .tdb_single_content .id_bottom_ad .adsbyGoogle {pozycja: relatyw} .tdb_single_content .id_ad_content-horiz-left, .tdb_single_content .id_ad_content-horiz-right, .tdb_single_content .id_ad_content-horiz-Center {margin-bottom: 15px} .tdb_single_content .id_ad_content-horiz-left Img, .tdb_single_content .id_ad_content-horiz-right img, .tdb_single_content .id_ad_content-horiz-centerter img {margin-bottom: 0} .tdb_single_content .id_ad_content-horiz-center {text-align: Center} .tdb_single_content .id_ad_content-horiz-center img {margin-right: auto; margin-let: auto} .tdb_single_content .id_ad_content-horiz-left {float: left; margin-top: 9px; margin-right: 21px} .tdb_single_content .id_ad_content-horiz-right {float: margin-top: 6px; margin-left: 21px} .tdb_single_content .tdc-a-a-ad .TDC-Placeholder-Title {szeroko\u015b\u0107: 300px; height: 250px} .tdb_single_content .tdc-a-ad .TDC-Placeholder-Title: Przed {Pozycja: Absolute; TOP: 50%;-WebKit-Transform: Translatey (-50%); Transform: Translatey (-50%); margines: auto; Display: Tabela; szeroko\u015b\u0107: 100%}. tdb_single_content .TDB-BLOCK-INNER.TD-FIX-INDEX {Word-Break: Break-word} .tdi_41, .tdi_41> p, .tdi_41 .tdb-block-inner> p, .Wp-Block-Column> p {font-size: 16px! Wa\u017cne; wa\u017cny; p {font-styl: normalne! Wa\u017cne} @media (Max-Width: 767px) {. tdb_single_content .id_ad_content-horiz-left, .tdb_single_content .id_ad_content-horiz-right, .tdb_single_content .id_ad_content-horiz-centter {Margin: 0 AUTO 26PXX auto}}@media (Max-Width: 767px) {. tdb_single_content .id_ad_content-horiz-left {margin-right: 0}}@media (max-width: 767px) {. (Max-Width: 767px) {. tdb_single_content .td-a-ad {float: none; text-align: Center} .tdb_single_content .td-a-ad img {margin-right: auto; margin-left: auto} .tdb_single_content .tdc-a-a-a-{margin-right: auto; margin-left: auto} .tdb_single_content .tdd<\/style>\n<div class=\"tdb-block-inner td-fix-index\">\n<p>Refleksja na temat <em>Powstanie warszawskie<\/em> Czy musimy si\u0119gn\u0105\u0107 do dzisiejszego &#8211; czy mieliby\u015bmy dzi\u015b m\u0142odych ludzi gotowych walczy\u0107 o swoj\u0105 ojczyzn\u0119 w przypadku wojny? &#8211; zapyta\u0142 Jarozaw Kaczy\u0144ski podczas przem\u00f3wienia z okazji rocznicy powstania.<\/p>\n<p>Prawo i sprawiedliwo\u015b\u0107 (<em>Pis<\/em>) Przyw\u00f3dca Jaroz\u0142aw Kaczy\u0144ski po\u0142o\u017cy\u0142 dzi\u015b wieniec na upami\u0119tniaj\u0105ce pomniki <em>Armia Krajowa<\/em> (<em>Ak<\/em>) \u017co\u0142nierze, duchowie\u0144stwo i 50 000 mieszka\u0144c\u00f3w zamordowanych podczas <em>Masakra wola<\/em> w <em>Powstanie warszawskie<\/em>. Przy tej okazji zwr\u00f3ci\u0142 si\u0119 r\u00f3wnie\u017c do tych zebranych. <strong>\u201eRefleksja nad powstaniem Warszawy musi si\u0119gn\u0105\u0107 do dzisiejszego &#8211; czy mieliby\u015bmy dzi\u015b m\u0142odych ludzi gotowych walczy\u0107 o swoj\u0105 ojczyzn\u0119 w przypadku wojny?\u201d<\/strong> &#8211; zapyta\u0142, wywo\u0142uj\u0105c sytuacj\u0119 na Ukrainie, gdzie wielu m\u0142odych ludzi uciek\u0142o do innych kraj\u00f3w lub odm\u00f3wi\u0142o s\u0142u\u017cby wojskowej.<\/p>\n<p>W XXI wieku oddolny ruch w celu zmiany tej sytuacji pojawi\u0142 si\u0119 w Polsce. . <em>Muzeum Warszawy Rising<\/em>W <em>Niepodleg\u0142o\u015b\u0107 marsz\u00f3w<\/em> (<em>Mn<\/em>), pomogli zbudowa\u0107 gotowo\u015b\u0107 w\u015br\u00f3d m\u0142odego pokolenia do walki. Ale nadal dominuje inna postawa. Musimy to zmieni\u0107, je\u015bli nie chcemy pozosta\u0107 bezbronnym &#8211; powiedzia\u0142 Kaczy\u0144ski.<\/p>\n<p>Podkre\u015bli\u0142 r\u00f3wnie\u017c, \u017ce w przeciwie\u0144stwie do przedwojennej Polski, musimy mie\u0107 sojusznik\u00f3w, kt\u00f3rzy s\u0105 ch\u0119tni i zdolni do pomocy, i musimy mie\u0107 bardzo siln\u0105 armi\u0119.<\/p>\n<blockquote class=\"wp-block-quote is-layout-flow wp-block-quote-is-layout-flow\">\n<p><strong>Bez takiej armii znajdziemy si\u0119 w pozycji tych, kt\u00f3rzy nie mog\u0105 si\u0119 broni\u0107, a zatem nie zas\u0142uguj\u0105 na wsparcie. Tylko ci, kt\u00f3rzy mog\u0105 si\u0119 broni\u0107, otrzymuj\u0105 wsparcie od sojusznik\u00f3w<\/strong> &#8211; podkre\u015bli\u0142.<\/p>\n<\/blockquote>\n<\/div>\n<\/div>\n","protected":false},"excerpt":{"rendered":"<p>Refleksja na temat Powstanie warszawskie Czy musimy si\u0119gn\u0105\u0107 do dzisiejszego &#8211; czy mieliby\u015bmy dzi\u015b m\u0142odych ludzi gotowych walczy\u0107 o swoj\u0105<\/p>\n","protected":false},"author":1,"featured_media":6971,"comment_status":"closed","ping_status":"","sticky":false,"template":"","format":"standard","meta":{"footnotes":""},"categories":[4748],"tags":[501,3654,2766,1919,873,8708,8709,6478,2299,3334,6097,6893],"class_list":["post-6970","post","type-post","status-publish","format-standard","has-post-thumbnail","hentry","category-aktualne","tag-czy","tag-dzis","tag-kaczynski","tag-ludzie","tag-mlodzi","tag-ojczyzne","tag-powstania","tag-pyta","tag-rocznice","tag-swoja","tag-walcza","tag-warszawskiego","generate-columns","tablet-grid-50","mobile-grid-100","grid-parent","grid-50","resize-featured-image"],"yoast_head":"<!-- This site is optimized with the Yoast SEO plugin v23.2 - https:\/\/yoast.com\/wordpress\/plugins\/seo\/ -->\n<title>\u201eCzy m\u0142odzi ludzie walcz\u0105 dzi\u015b o swoj\u0105 ojczyzn\u0119?\u201d Kaczy\u0144ski pyta w rocznic\u0119 powstania warszawskiego - POGOTOWIE FLAGOWE\u00ae<\/title>\n<meta name=\"robots\" content=\"index, follow, max-snippet:-1, max-image-preview:large, max-video-preview:-1\" \/>\n<link rel=\"canonical\" href=\"https:\/\/www.pogotowieflagowe.pl\/aktualne\/czy-mlodzi-ludzie-walcza-dzis-o-swoja-ojczyzne-kaczynski-pyta-w-rocznice-powstania-warszawskiego\/\" \/>\n<meta property=\"og:locale\" content=\"pl_PL\" \/>\n<meta property=\"og:type\" content=\"article\" \/>\n<meta property=\"og:title\" content=\"\u201eCzy m\u0142odzi ludzie walcz\u0105 dzi\u015b o swoj\u0105 ojczyzn\u0119?\u201d Kaczy\u0144ski pyta w rocznic\u0119 powstania warszawskiego - POGOTOWIE FLAGOWE\u00ae\" \/>\n<meta property=\"og:description\" content=\"Refleksja na temat Powstanie warszawskie Czy musimy si\u0119gn\u0105\u0107 do dzisiejszego &#8211; czy mieliby\u015bmy dzi\u015b m\u0142odych ludzi gotowych walczy\u0107 o swoj\u0105\" \/>\n<meta property=\"og:url\" content=\"https:\/\/www.pogotowieflagowe.pl\/aktualne\/czy-mlodzi-ludzie-walcza-dzis-o-swoja-ojczyzne-kaczynski-pyta-w-rocznice-powstania-warszawskiego\/\" \/>\n<meta property=\"og:site_name\" content=\"POGOTOWIE FLAGOWE\u00ae\" \/>\n<meta property=\"article:published_time\" content=\"2025-08-01T14:49:08+00:00\" \/>\n<meta property=\"article:modified_time\" content=\"2025-08-01T14:49:10+00:00\" \/>\n<meta property=\"og:image\" content=\"https:\/\/www.pogotowieflagowe.pl\/aktualne\/wp-content\/uploads\/2025\/08\/\u201eCzy-mlodzi-ludzie-walcza-dzis-o-swoja-ojczyzne-Kaczynski-pyta.webp.webp\" \/>\n\t<meta property=\"og:image:width\" content=\"1280\" \/>\n\t<meta property=\"og:image:height\" content=\"720\" \/>\n\t<meta property=\"og:image:type\" content=\"image\/webp\" \/>\n<meta name=\"author\" content=\"Filip\" \/>\n<meta name=\"twitter:card\" content=\"summary_large_image\" \/>\n<meta name=\"twitter:label1\" content=\"Napisane przez\" \/>\n\t<meta name=\"twitter:data1\" content=\"Filip\" \/>\n\t<meta name=\"twitter:label2\" content=\"Szacowany czas czytania\" \/>\n\t<meta name=\"twitter:data2\" content=\"1 minuta\" \/>\n<script type=\"application\/ld+json\" class=\"yoast-schema-graph\">{\"@context\":\"https:\/\/schema.org\",\"@graph\":[{\"@type\":\"Article\",\"@id\":\"https:\/\/www.pogotowieflagowe.pl\/aktualne\/czy-mlodzi-ludzie-walcza-dzis-o-swoja-ojczyzne-kaczynski-pyta-w-rocznice-powstania-warszawskiego\/#article\",\"isPartOf\":{\"@id\":\"https:\/\/www.pogotowieflagowe.pl\/aktualne\/czy-mlodzi-ludzie-walcza-dzis-o-swoja-ojczyzne-kaczynski-pyta-w-rocznice-powstania-warszawskiego\/\"},\"author\":{\"name\":\"Filip\",\"@id\":\"https:\/\/www.pogotowieflagowe.pl\/aktualne\/#\/schema\/person\/9c2fb7d2362ebf6fa088960d7f0d27b0\"},\"headline\":\"\u201eCzy m\u0142odzi ludzie walcz\u0105 dzi\u015b o swoj\u0105 ojczyzn\u0119?\u201d Kaczy\u0144ski pyta w rocznic\u0119 powstania warszawskiego\",\"datePublished\":\"2025-08-01T14:49:08+00:00\",\"dateModified\":\"2025-08-01T14:49:10+00:00\",\"mainEntityOfPage\":{\"@id\":\"https:\/\/www.pogotowieflagowe.pl\/aktualne\/czy-mlodzi-ludzie-walcza-dzis-o-swoja-ojczyzne-kaczynski-pyta-w-rocznice-powstania-warszawskiego\/\"},\"wordCount\":273,\"publisher\":{\"@id\":\"https:\/\/www.pogotowieflagowe.pl\/aktualne\/#organization\"},\"image\":{\"@id\":\"https:\/\/www.pogotowieflagowe.pl\/aktualne\/czy-mlodzi-ludzie-walcza-dzis-o-swoja-ojczyzne-kaczynski-pyta-w-rocznice-powstania-warszawskiego\/#primaryimage\"},\"thumbnailUrl\":\"https:\/\/www.pogotowieflagowe.pl\/aktualne\/wp-content\/uploads\/2025\/08\/\u201eCzy-mlodzi-ludzie-walcza-dzis-o-swoja-ojczyzne-Kaczynski-pyta.webp.webp\",\"keywords\":[\"Czy\",\"dzi\u015b\",\"Kaczy\u0144ski\",\"ludzie\",\"M\u0142odzi\",\"ojczyzn\u0119\",\"powstania\",\"pyta\",\"rocznic\u0119\",\"swoj\u0105\",\"walcz\u0105\",\"Warszawskiego\"],\"articleSection\":[\"Aktualne\"],\"inLanguage\":\"pl-PL\"},{\"@type\":\"WebPage\",\"@id\":\"https:\/\/www.pogotowieflagowe.pl\/aktualne\/czy-mlodzi-ludzie-walcza-dzis-o-swoja-ojczyzne-kaczynski-pyta-w-rocznice-powstania-warszawskiego\/\",\"url\":\"https:\/\/www.pogotowieflagowe.pl\/aktualne\/czy-mlodzi-ludzie-walcza-dzis-o-swoja-ojczyzne-kaczynski-pyta-w-rocznice-powstania-warszawskiego\/\",\"name\":\"\u201eCzy m\u0142odzi ludzie walcz\u0105 dzi\u015b o swoj\u0105 ojczyzn\u0119?\u201d Kaczy\u0144ski pyta w rocznic\u0119 powstania warszawskiego - POGOTOWIE FLAGOWE\u00ae\",\"isPartOf\":{\"@id\":\"https:\/\/www.pogotowieflagowe.pl\/aktualne\/#website\"},\"primaryImageOfPage\":{\"@id\":\"https:\/\/www.pogotowieflagowe.pl\/aktualne\/czy-mlodzi-ludzie-walcza-dzis-o-swoja-ojczyzne-kaczynski-pyta-w-rocznice-powstania-warszawskiego\/#primaryimage\"},\"image\":{\"@id\":\"https:\/\/www.pogotowieflagowe.pl\/aktualne\/czy-mlodzi-ludzie-walcza-dzis-o-swoja-ojczyzne-kaczynski-pyta-w-rocznice-powstania-warszawskiego\/#primaryimage\"},\"thumbnailUrl\":\"https:\/\/www.pogotowieflagowe.pl\/aktualne\/wp-content\/uploads\/2025\/08\/\u201eCzy-mlodzi-ludzie-walcza-dzis-o-swoja-ojczyzne-Kaczynski-pyta.webp.webp\",\"datePublished\":\"2025-08-01T14:49:08+00:00\",\"dateModified\":\"2025-08-01T14:49:10+00:00\",\"breadcrumb\":{\"@id\":\"https:\/\/www.pogotowieflagowe.pl\/aktualne\/czy-mlodzi-ludzie-walcza-dzis-o-swoja-ojczyzne-kaczynski-pyta-w-rocznice-powstania-warszawskiego\/#breadcrumb\"},\"inLanguage\":\"pl-PL\",\"potentialAction\":[{\"@type\":\"ReadAction\",\"target\":[\"https:\/\/www.pogotowieflagowe.pl\/aktualne\/czy-mlodzi-ludzie-walcza-dzis-o-swoja-ojczyzne-kaczynski-pyta-w-rocznice-powstania-warszawskiego\/\"]}]},{\"@type\":\"ImageObject\",\"inLanguage\":\"pl-PL\",\"@id\":\"https:\/\/www.pogotowieflagowe.pl\/aktualne\/czy-mlodzi-ludzie-walcza-dzis-o-swoja-ojczyzne-kaczynski-pyta-w-rocznice-powstania-warszawskiego\/#primaryimage\",\"url\":\"https:\/\/www.pogotowieflagowe.pl\/aktualne\/wp-content\/uploads\/2025\/08\/\u201eCzy-mlodzi-ludzie-walcza-dzis-o-swoja-ojczyzne-Kaczynski-pyta.webp.webp\",\"contentUrl\":\"https:\/\/www.pogotowieflagowe.pl\/aktualne\/wp-content\/uploads\/2025\/08\/\u201eCzy-mlodzi-ludzie-walcza-dzis-o-swoja-ojczyzne-Kaczynski-pyta.webp.webp\",\"width\":1280,\"height\":720,\"caption\":\"\u201eCzy m\u0142odzi ludzie walcz\u0105 dzi\u015b o swoj\u0105 ojczyzn\u0119?\u201d Kaczy\u0144ski pyta w rocznic\u0119 powstania warszawskiego\"},{\"@type\":\"BreadcrumbList\",\"@id\":\"https:\/\/www.pogotowieflagowe.pl\/aktualne\/czy-mlodzi-ludzie-walcza-dzis-o-swoja-ojczyzne-kaczynski-pyta-w-rocznice-powstania-warszawskiego\/#breadcrumb\",\"itemListElement\":[{\"@type\":\"ListItem\",\"position\":1,\"name\":\"Home\",\"item\":\"https:\/\/www.pogotowieflagowe.pl\/aktualne\/\"},{\"@type\":\"ListItem\",\"position\":2,\"name\":\"\u201eCzy m\u0142odzi ludzie walcz\u0105 dzi\u015b o swoj\u0105 ojczyzn\u0119?\u201d Kaczy\u0144ski pyta w rocznic\u0119 powstania warszawskiego\"}]},{\"@type\":\"WebSite\",\"@id\":\"https:\/\/www.pogotowieflagowe.pl\/aktualne\/#website\",\"url\":\"https:\/\/www.pogotowieflagowe.pl\/aktualne\/\",\"name\":\"POGOTOWIE FLAGOWE\u00ae\",\"description\":\"\",\"publisher\":{\"@id\":\"https:\/\/www.pogotowieflagowe.pl\/aktualne\/#organization\"},\"potentialAction\":[{\"@type\":\"SearchAction\",\"target\":{\"@type\":\"EntryPoint\",\"urlTemplate\":\"https:\/\/www.pogotowieflagowe.pl\/aktualne\/?s={search_term_string}\"},\"query-input\":\"required name=search_term_string\"}],\"inLanguage\":\"pl-PL\"},{\"@type\":\"Organization\",\"@id\":\"https:\/\/www.pogotowieflagowe.pl\/aktualne\/#organization\",\"name\":\"POGOTOWIE FLAGOWE\u00ae\",\"url\":\"https:\/\/www.pogotowieflagowe.pl\/aktualne\/\",\"logo\":{\"@type\":\"ImageObject\",\"inLanguage\":\"pl-PL\",\"@id\":\"https:\/\/www.pogotowieflagowe.pl\/aktualne\/#\/schema\/logo\/image\/\",\"url\":\"https:\/\/www.pogotowieflagowe.pl\/aktualne\/wp-content\/uploads\/2024\/08\/cropped-pogotowieflagowe_flaga_projekt_sm.jpg\",\"contentUrl\":\"https:\/\/www.pogotowieflagowe.pl\/aktualne\/wp-content\/uploads\/2024\/08\/cropped-pogotowieflagowe_flaga_projekt_sm.jpg\",\"width\":250,\"height\":143,\"caption\":\"POGOTOWIE FLAGOWE\u00ae\"},\"image\":{\"@id\":\"https:\/\/www.pogotowieflagowe.pl\/aktualne\/#\/schema\/logo\/image\/\"}},{\"@type\":\"Person\",\"@id\":\"https:\/\/www.pogotowieflagowe.pl\/aktualne\/#\/schema\/person\/9c2fb7d2362ebf6fa088960d7f0d27b0\",\"name\":\"Filip\",\"image\":{\"@type\":\"ImageObject\",\"inLanguage\":\"pl-PL\",\"@id\":\"https:\/\/www.pogotowieflagowe.pl\/aktualne\/#\/schema\/person\/image\/\",\"url\":\"https:\/\/www.pogotowieflagowe.pl\/aktualne\/wp-content\/uploads\/2024\/08\/pogotowieflagowe.pl_.jpg\",\"contentUrl\":\"https:\/\/www.pogotowieflagowe.pl\/aktualne\/wp-content\/uploads\/2024\/08\/pogotowieflagowe.pl_.jpg\",\"caption\":\"Filip\"},\"description\":\"Jestem Filip, polski dziennikarz z dyplomem nauk politycznych Uniwersytetu Warszawskiego. Rozpoczynaj\u0105c swoj\u0105 karier\u0119 w r\u00f3\u017cnych lokalnych mediach, zdoby\u0142em solidne do\u015bwiadczenie w zakresie \u015bledztwa i redakcji. Obecnie jako redaktor w Pogotowie flagowe, staram si\u0119 dostarcza\u0107 dog\u0142\u0119bne i istotne analizy na temat najwa\u017cniejszych kwestii aktualno\u015bci, \u0142\u0105cz\u0105c rygor z pasj\u0105 dziennikarsk\u0105.\",\"sameAs\":[\"https:\/\/www.pogotowieflagowe.pl\/\"]}]}<\/script>\n<!-- \/ Yoast SEO plugin. -->","yoast_head_json":{"title":"\u201eCzy m\u0142odzi ludzie walcz\u0105 dzi\u015b o swoj\u0105 ojczyzn\u0119?\u201d Kaczy\u0144ski pyta w rocznic\u0119 powstania warszawskiego - POGOTOWIE FLAGOWE\u00ae","robots":{"index":"index","follow":"follow","max-snippet":"max-snippet:-1","max-image-preview":"max-image-preview:large","max-video-preview":"max-video-preview:-1"},"canonical":"https:\/\/www.pogotowieflagowe.pl\/aktualne\/czy-mlodzi-ludzie-walcza-dzis-o-swoja-ojczyzne-kaczynski-pyta-w-rocznice-powstania-warszawskiego\/","og_locale":"pl_PL","og_type":"article","og_title":"\u201eCzy m\u0142odzi ludzie walcz\u0105 dzi\u015b o swoj\u0105 ojczyzn\u0119?\u201d Kaczy\u0144ski pyta w rocznic\u0119 powstania warszawskiego - POGOTOWIE FLAGOWE\u00ae","og_description":"Refleksja na temat Powstanie warszawskie Czy musimy si\u0119gn\u0105\u0107 do dzisiejszego &#8211; czy mieliby\u015bmy dzi\u015b m\u0142odych ludzi gotowych walczy\u0107 o swoj\u0105","og_url":"https:\/\/www.pogotowieflagowe.pl\/aktualne\/czy-mlodzi-ludzie-walcza-dzis-o-swoja-ojczyzne-kaczynski-pyta-w-rocznice-powstania-warszawskiego\/","og_site_name":"POGOTOWIE FLAGOWE\u00ae","article_published_time":"2025-08-01T14:49:08+00:00","article_modified_time":"2025-08-01T14:49:10+00:00","og_image":[{"width":1280,"height":720,"url":"https:\/\/www.pogotowieflagowe.pl\/aktualne\/wp-content\/uploads\/2025\/08\/\u201eCzy-mlodzi-ludzie-walcza-dzis-o-swoja-ojczyzne-Kaczynski-pyta.webp.webp","type":"image\/webp"}],"author":"Filip","twitter_card":"summary_large_image","twitter_misc":{"Napisane przez":"Filip","Szacowany czas czytania":"1 minuta"},"schema":{"@context":"https:\/\/schema.org","@graph":[{"@type":"Article","@id":"https:\/\/www.pogotowieflagowe.pl\/aktualne\/czy-mlodzi-ludzie-walcza-dzis-o-swoja-ojczyzne-kaczynski-pyta-w-rocznice-powstania-warszawskiego\/#article","isPartOf":{"@id":"https:\/\/www.pogotowieflagowe.pl\/aktualne\/czy-mlodzi-ludzie-walcza-dzis-o-swoja-ojczyzne-kaczynski-pyta-w-rocznice-powstania-warszawskiego\/"},"author":{"name":"Filip","@id":"https:\/\/www.pogotowieflagowe.pl\/aktualne\/#\/schema\/person\/9c2fb7d2362ebf6fa088960d7f0d27b0"},"headline":"\u201eCzy m\u0142odzi ludzie walcz\u0105 dzi\u015b o swoj\u0105 ojczyzn\u0119?\u201d Kaczy\u0144ski pyta w rocznic\u0119 powstania warszawskiego","datePublished":"2025-08-01T14:49:08+00:00","dateModified":"2025-08-01T14:49:10+00:00","mainEntityOfPage":{"@id":"https:\/\/www.pogotowieflagowe.pl\/aktualne\/czy-mlodzi-ludzie-walcza-dzis-o-swoja-ojczyzne-kaczynski-pyta-w-rocznice-powstania-warszawskiego\/"},"wordCount":273,"publisher":{"@id":"https:\/\/www.pogotowieflagowe.pl\/aktualne\/#organization"},"image":{"@id":"https:\/\/www.pogotowieflagowe.pl\/aktualne\/czy-mlodzi-ludzie-walcza-dzis-o-swoja-ojczyzne-kaczynski-pyta-w-rocznice-powstania-warszawskiego\/#primaryimage"},"thumbnailUrl":"https:\/\/www.pogotowieflagowe.pl\/aktualne\/wp-content\/uploads\/2025\/08\/\u201eCzy-mlodzi-ludzie-walcza-dzis-o-swoja-ojczyzne-Kaczynski-pyta.webp.webp","keywords":["Czy","dzi\u015b","Kaczy\u0144ski","ludzie","M\u0142odzi","ojczyzn\u0119","powstania","pyta","rocznic\u0119","swoj\u0105","walcz\u0105","Warszawskiego"],"articleSection":["Aktualne"],"inLanguage":"pl-PL"},{"@type":"WebPage","@id":"https:\/\/www.pogotowieflagowe.pl\/aktualne\/czy-mlodzi-ludzie-walcza-dzis-o-swoja-ojczyzne-kaczynski-pyta-w-rocznice-powstania-warszawskiego\/","url":"https:\/\/www.pogotowieflagowe.pl\/aktualne\/czy-mlodzi-ludzie-walcza-dzis-o-swoja-ojczyzne-kaczynski-pyta-w-rocznice-powstania-warszawskiego\/","name":"\u201eCzy m\u0142odzi ludzie walcz\u0105 dzi\u015b o swoj\u0105 ojczyzn\u0119?\u201d Kaczy\u0144ski pyta w rocznic\u0119 powstania warszawskiego - POGOTOWIE FLAGOWE\u00ae","isPartOf":{"@id":"https:\/\/www.pogotowieflagowe.pl\/aktualne\/#website"},"primaryImageOfPage":{"@id":"https:\/\/www.pogotowieflagowe.pl\/aktualne\/czy-mlodzi-ludzie-walcza-dzis-o-swoja-ojczyzne-kaczynski-pyta-w-rocznice-powstania-warszawskiego\/#primaryimage"},"image":{"@id":"https:\/\/www.pogotowieflagowe.pl\/aktualne\/czy-mlodzi-ludzie-walcza-dzis-o-swoja-ojczyzne-kaczynski-pyta-w-rocznice-powstania-warszawskiego\/#primaryimage"},"thumbnailUrl":"https:\/\/www.pogotowieflagowe.pl\/aktualne\/wp-content\/uploads\/2025\/08\/\u201eCzy-mlodzi-ludzie-walcza-dzis-o-swoja-ojczyzne-Kaczynski-pyta.webp.webp","datePublished":"2025-08-01T14:49:08+00:00","dateModified":"2025-08-01T14:49:10+00:00","breadcrumb":{"@id":"https:\/\/www.pogotowieflagowe.pl\/aktualne\/czy-mlodzi-ludzie-walcza-dzis-o-swoja-ojczyzne-kaczynski-pyta-w-rocznice-powstania-warszawskiego\/#breadcrumb"},"inLanguage":"pl-PL","potentialAction":[{"@type":"ReadAction","target":["https:\/\/www.pogotowieflagowe.pl\/aktualne\/czy-mlodzi-ludzie-walcza-dzis-o-swoja-ojczyzne-kaczynski-pyta-w-rocznice-powstania-warszawskiego\/"]}]},{"@type":"ImageObject","inLanguage":"pl-PL","@id":"https:\/\/www.pogotowieflagowe.pl\/aktualne\/czy-mlodzi-ludzie-walcza-dzis-o-swoja-ojczyzne-kaczynski-pyta-w-rocznice-powstania-warszawskiego\/#primaryimage","url":"https:\/\/www.pogotowieflagowe.pl\/aktualne\/wp-content\/uploads\/2025\/08\/\u201eCzy-mlodzi-ludzie-walcza-dzis-o-swoja-ojczyzne-Kaczynski-pyta.webp.webp","contentUrl":"https:\/\/www.pogotowieflagowe.pl\/aktualne\/wp-content\/uploads\/2025\/08\/\u201eCzy-mlodzi-ludzie-walcza-dzis-o-swoja-ojczyzne-Kaczynski-pyta.webp.webp","width":1280,"height":720,"caption":"\u201eCzy m\u0142odzi ludzie walcz\u0105 dzi\u015b o swoj\u0105 ojczyzn\u0119?\u201d Kaczy\u0144ski pyta w rocznic\u0119 powstania warszawskiego"},{"@type":"BreadcrumbList","@id":"https:\/\/www.pogotowieflagowe.pl\/aktualne\/czy-mlodzi-ludzie-walcza-dzis-o-swoja-ojczyzne-kaczynski-pyta-w-rocznice-powstania-warszawskiego\/#breadcrumb","itemListElement":[{"@type":"ListItem","position":1,"name":"Home","item":"https:\/\/www.pogotowieflagowe.pl\/aktualne\/"},{"@type":"ListItem","position":2,"name":"\u201eCzy m\u0142odzi ludzie walcz\u0105 dzi\u015b o swoj\u0105 ojczyzn\u0119?\u201d Kaczy\u0144ski pyta w rocznic\u0119 powstania warszawskiego"}]},{"@type":"WebSite","@id":"https:\/\/www.pogotowieflagowe.pl\/aktualne\/#website","url":"https:\/\/www.pogotowieflagowe.pl\/aktualne\/","name":"POGOTOWIE FLAGOWE\u00ae","description":"","publisher":{"@id":"https:\/\/www.pogotowieflagowe.pl\/aktualne\/#organization"},"potentialAction":[{"@type":"SearchAction","target":{"@type":"EntryPoint","urlTemplate":"https:\/\/www.pogotowieflagowe.pl\/aktualne\/?s={search_term_string}"},"query-input":"required name=search_term_string"}],"inLanguage":"pl-PL"},{"@type":"Organization","@id":"https:\/\/www.pogotowieflagowe.pl\/aktualne\/#organization","name":"POGOTOWIE FLAGOWE\u00ae","url":"https:\/\/www.pogotowieflagowe.pl\/aktualne\/","logo":{"@type":"ImageObject","inLanguage":"pl-PL","@id":"https:\/\/www.pogotowieflagowe.pl\/aktualne\/#\/schema\/logo\/image\/","url":"https:\/\/www.pogotowieflagowe.pl\/aktualne\/wp-content\/uploads\/2024\/08\/cropped-pogotowieflagowe_flaga_projekt_sm.jpg","contentUrl":"https:\/\/www.pogotowieflagowe.pl\/aktualne\/wp-content\/uploads\/2024\/08\/cropped-pogotowieflagowe_flaga_projekt_sm.jpg","width":250,"height":143,"caption":"POGOTOWIE FLAGOWE\u00ae"},"image":{"@id":"https:\/\/www.pogotowieflagowe.pl\/aktualne\/#\/schema\/logo\/image\/"}},{"@type":"Person","@id":"https:\/\/www.pogotowieflagowe.pl\/aktualne\/#\/schema\/person\/9c2fb7d2362ebf6fa088960d7f0d27b0","name":"Filip","image":{"@type":"ImageObject","inLanguage":"pl-PL","@id":"https:\/\/www.pogotowieflagowe.pl\/aktualne\/#\/schema\/person\/image\/","url":"https:\/\/www.pogotowieflagowe.pl\/aktualne\/wp-content\/uploads\/2024\/08\/pogotowieflagowe.pl_.jpg","contentUrl":"https:\/\/www.pogotowieflagowe.pl\/aktualne\/wp-content\/uploads\/2024\/08\/pogotowieflagowe.pl_.jpg","caption":"Filip"},"description":"Jestem Filip, polski dziennikarz z dyplomem nauk politycznych Uniwersytetu Warszawskiego. Rozpoczynaj\u0105c swoj\u0105 karier\u0119 w r\u00f3\u017cnych lokalnych mediach, zdoby\u0142em solidne do\u015bwiadczenie w zakresie \u015bledztwa i redakcji. Obecnie jako redaktor w Pogotowie flagowe, staram si\u0119 dostarcza\u0107 dog\u0142\u0119bne i istotne analizy na temat najwa\u017cniejszych kwestii aktualno\u015bci, \u0142\u0105cz\u0105c rygor z pasj\u0105 dziennikarsk\u0105.","sameAs":["https:\/\/www.pogotowieflagowe.pl\/"]}]}},"_links":{"self":[{"href":"https:\/\/www.pogotowieflagowe.pl\/aktualne\/wp-json\/wp\/v2\/posts\/6970","targetHints":{"allow":["GET"]}}],"collection":[{"href":"https:\/\/www.pogotowieflagowe.pl\/aktualne\/wp-json\/wp\/v2\/posts"}],"about":[{"href":"https:\/\/www.pogotowieflagowe.pl\/aktualne\/wp-json\/wp\/v2\/types\/post"}],"author":[{"embeddable":true,"href":"https:\/\/www.pogotowieflagowe.pl\/aktualne\/wp-json\/wp\/v2\/users\/1"}],"replies":[{"embeddable":true,"href":"https:\/\/www.pogotowieflagowe.pl\/aktualne\/wp-json\/wp\/v2\/comments?post=6970"}],"version-history":[{"count":1,"href":"https:\/\/www.pogotowieflagowe.pl\/aktualne\/wp-json\/wp\/v2\/posts\/6970\/revisions"}],"predecessor-version":[{"id":6972,"href":"https:\/\/www.pogotowieflagowe.pl\/aktualne\/wp-json\/wp\/v2\/posts\/6970\/revisions\/6972"}],"wp:featuredmedia":[{"embeddable":true,"href":"https:\/\/www.pogotowieflagowe.pl\/aktualne\/wp-json\/wp\/v2\/media\/6971"}],"wp:attachment":[{"href":"https:\/\/www.pogotowieflagowe.pl\/aktualne\/wp-json\/wp\/v2\/media?parent=6970"}],"wp:term":[{"taxonomy":"category","embeddable":true,"href":"https:\/\/www.pogotowieflagowe.pl\/aktualne\/wp-json\/wp\/v2\/categories?post=6970"},{"taxonomy":"post_tag","embeddable":true,"href":"https:\/\/www.pogotowieflagowe.pl\/aktualne\/wp-json\/wp\/v2\/tags?post=6970"}],"curies":[{"name":"wp","href":"https:\/\/api.w.org\/{rel}","templated":true}]}}