{"id":6993,"date":"2025-08-03T10:51:37","date_gmt":"2025-08-03T08:51:37","guid":{"rendered":"https:\/\/www.pogotowieflagowe.pl\/aktualne\/arcybiskup-jedraszewski-spluwaja-na-munduru-teraz-pluja-cywilami-broniacymi-granic\/"},"modified":"2025-08-03T10:51:38","modified_gmt":"2025-08-03T08:51:38","slug":"arcybiskup-jedraszewski-spluwaja-na-munduru-teraz-pluja-cywilami-broniacymi-granic","status":"publish","type":"post","link":"https:\/\/www.pogotowieflagowe.pl\/aktualne\/arcybiskup-jedraszewski-spluwaja-na-munduru-teraz-pluja-cywilami-broniacymi-granic\/","title":{"rendered":"Arcybiskup J\u0119draszewski: Spluwaj\u0105 na munduru, teraz pluj\u0105 cywilami broni\u0105cymi granic"},"content":{"rendered":"\n<div class=\"td_block_wrap tdb_single_content tdi_41 td-pb-border-top td_block_template_8 td-post-content tagdiv-type\" data-td-block-uid=\"tdi_41\">\n<style>.tdi_41 {margin-top: 0px! Wa\u017cne; margines-bottom: 0px! WA\u017bNY; PALDING-TOP: 0PX! WA\u017bNY; PALDING-BOTTOM: 0PX! WA\u017bNE}<\/style>\n<style>.tdb_single_content {margin-bottom: 0;*zoom: 1} .tdb_single_content: wcze\u015bniej, .tdb_single_content: po {display: Table; content: ''; line-height: 0} .TDB-BLOCK-INner>*: nie (.WP-BLOCK-QUOTE): not (.alignSwide): not (.Alignfull.wp-block-cover.has-parallax): not (.td-a-ad) {margin-left: auto; margin-right: auto} .tdb_single_ConTent a {wska\u017anik-events: auto} .tdb_single_content .td-spot-id-top_ad .tdc-placeholder-title: przed {content: \u201eArtyku\u0142 top ad\u201d! Wa\u017cne} .tdb_single_content .td-Spot-Id-inline_ad0 .tdc-placeholder-title 1 '! Wa\u017cne} .tdb_single_content .td-Spot-Id-inline_Ad1 .tdc-Placeholder-Title: przed {content: \u201eArtyku\u0142 inline AD 2'! Wa\u017cny} .tdb_single_content. 3 '! Wa\u017cne} .tdb_single_content .td-Spot-Id-Bottom_Ad .tdc-Placeholder-Title: przed {content: \u201eArtyku\u0142 Bottom Ad\u201d! Wa\u017cne} .tdb_single_content .id_top_ad, .tdb_single_content_content .id_bottom_ad {clear: oba; margin-bottom: 21px; text-align: Center} .tdb_single_content .id_top_ad img, .tdb_single_content .id_bottom_ad img {margin-bottom: 0} .tdb_single_conTent .id_top_ad .adsbyGoogle, .tdb_single_content .id_bottom_ad .adsbyGoogle {pozycja: relatyw} .tdb_single_content .id_ad_content-horiz-left, .tdb_single_content .id_ad_content-horiz-right, .tdb_single_content .id_ad_content-horiz-Center {margin-bottom: 15px} .tdb_single_content .id_ad_content-horiz-left Img, .tdb_single_content .id_ad_content-horiz-right img, .tdb_single_content .id_ad_content-horiz-centerter img {margin-bottom: 0} .tdb_single_content .id_ad_content-horiz-center {text-align: Center} .tdb_single_content .id_ad_content-horiz-center img {margin-right: auto; margin-let: auto} .tdb_single_content .id_ad_content-horiz-left {float: left; margin-top: 9px; margin-right: 21px} .tdb_single_content .id_ad_content-horiz-right {float: margin-top: 6px; margin-left: 21px} .tdb_single_content .tdc-a-a-ad .TDC-Placeholder-Title {szeroko\u015b\u0107: 300px; height: 250px} .tdb_single_content .tdc-a-ad .TDC-Placeholder-Title: Przed {Pozycja: Absolute; TOP: 50%;-WebKit-Transform: Translatey (-50%); Transform: Translatey (-50%); margines: auto; Display: Tabela; szeroko\u015b\u0107: 100%}. tdb_single_content .TDB-BLOCK-INNER.TD-FIX-INDEX {Word-Break: Break-word} .tdi_41, .tdi_41> p, .tdi_41 .tdb-block-inner> p, .Wp-Block-Column> p {font-size: 16px! Wa\u017cne; wa\u017cny; p {font-styl: normalne! Wa\u017cne} @media (Max-Width: 767px) {. tdb_single_content .id_ad_content-horiz-left, .tdb_single_content .id_ad_content-horiz-right, .tdb_single_content .id_ad_content-horiz-centter {Margin: 0 AUTO 26PXX auto}}@media (Max-Width: 767px) {. tdb_single_content .id_ad_content-horiz-left {margin-right: 0}}@media (max-width: 767px) {. (Max-Width: 767px) {. tdb_single_content .td-a-ad {float: none; text-align: Center} .tdb_single_content .td-a-ad img {margin-right: auto; margin-left: auto} .tdb_single_content .tdc-a-a-a-{margin-right: auto; margin-left: auto} .tdb_single_content .tdd<\/style>\n<div class=\"tdb-block-inner td-fix-index\">\n<p>W pi\u0105tek, dok\u0142adnie o 17:00 &#8211; symboliczna godzina \u201eW\u201d &#8211; uczestnicy powstania Warszawy byli upami\u0119tnieni przed bazylik\u0105 St. Mary&#8217;s w Krakowie. \u015awi\u0119ta Msza dla ojczyzny by\u0142a obchodzona w Bazylice, kierowana przez arcybiskupa Krakowa, Marek J\u0119draszewski.<\/p>\n<p>W\u015br\u00f3d os\u00f3b ucz\u0119szczaj\u0105cych do mszy byli duchowie\u0144stwo, weterani armii domowej, w\u0142adze prowincji i gminy, cz\u0142onkowie parlamentu, przedstawiciele Instytutu National Remembrance, cz\u0142onkowie Korpusu Konsularnego oraz dow\u00f3dcy us\u0142ug jednolitej.<\/p>\n<h2 class=\"wp-block-heading\"><strong>Rola Ko\u015bcio\u0142a w trudnych czasach<\/strong><\/h2>\n<p>W swoim przem\u00f3wieniu arcybiskup odwo\u0142a\u0142 si\u0119 do my\u015bli \u015awi\u0119tego Jana Paw\u0142a II, stwierdzaj\u0105c, \u017ce prawdziwy nar\u00f3d to spo\u0142eczno\u015b\u0107 okre\u015blona przez jedno\u015b\u0107 kultury, j\u0119zyka i historii. Przypomnia\u0142 sobie, w jaki spos\u00f3b Polska znale\u017a\u0142a si\u0119 prawie jednocze\u015bnie pod okupacj\u0105 nazistowskich Niemiec i Zwi\u0105zku Radzieckiego. W tym czasie podj\u0119to starania o unicestwienie polskiej to\u017csamo\u015bci poprzez planowane eksterminacj\u0119 inteligencji i tych, kt\u00f3rzy uciele\u015bnili ducha narodu. W tym dramatycznym okresie ko\u015bci\u00f3\u0142 odegra\u0142 wa\u017cn\u0105 rol\u0119, podobnie jak wykszta\u0142cenie podziemne. Poezja Krzysztof Kamil Baczy\u0144ski, Tadeusz Gajcy i Karol Wojtyle (autor <em>Pie\u015b\u0144 ukrytego Boga<\/em>mi\u0119dzy innymi) r\u00f3wnie\u017c rozkwit\u0142.<\/p>\n<h2 class=\"wp-block-heading\"><strong>Krytyka rz\u0105du: \u201eWalcz\u0105 z to\u017csamo\u015bci\u0105 naszego narodu\u201d<\/strong><\/h2>\n<p>Arcybiskup odwo\u0142a\u0142 tak\u017ce s\u0142owa Jana Paw\u0142a II, kt\u00f3re wydano 19 czerwca 1983 r. Podczas swojej pierwszej wizyty w Jasna G\u00f3ra:<br \/><em>\u201eTutaj zawsze byli\u015bmy wolni &#8211; w Jasna G\u00f3ra, z nasz\u0105 matk\u0105 i kr\u00f3low\u0105. Tutaj nigdy si\u0119 nie poddali\u015bmy. Tutaj przyci\u0105gn\u0119li\u015bmy si\u0142\u0119 nie tylko po to, by przetrwa\u0107, ale do triumfu\u201d<\/em> powiedzia\u0142 wtedy \u015awi\u0119ty Ojciec.<\/p>\n<p>\u201eMusimy, drodzy siostry i bracia, spojrze\u0107 na to, co dzieje si\u0119 dzisiaj, kiedy zyskuje si\u0119 wra\u017cenie, \u017ce obecni w\u0142adzy walcz\u0105 z to\u017csamo\u015bci\u0105 naszego narodu\u201d &#8211; podkre\u015bli\u0142 arcybiskup.<\/p>\n<p>Wskaza\u0142 na zmniejszenie edukacji religijnej i klas j\u0119zyk\u00f3w polskich w szko\u0142ach oraz wprowadzenie przedmiotu myl\u0105co nazwanego \u201eedukacj\u0105 zdrowotn\u0105\u201d.<\/p>\n<p>\u201eJak inaczej mo\u017cemy opisa\u0107 ograniczenie historii i lekcje j\u0119zyka polskiego w szko\u0142ach, bok najwi\u0119kszych dzie\u0142 literackich, ograniczenie edukacji religijnej-oraz wprowadzenie podmiotu pozornie ukierunkowanego, zmieniaj\u0105cego stopnie, w kierunku erozji-zar\u00f3wno biologiczne i zwi\u0105zane z to\u017csamo\u015bci\u0105-ma\u0142o dzieci i m\u0142odzie\u017c? Polscy \u017co\u0142nierze broni\u0105c wschodniej granicy kraju, a dzi\u015b atakuj\u0105 przede wszystkim cywilne, dobrowolni cz\u0142onkowie ruchu obrony granicznej, kt\u00f3rzy s\u0142u\u017c\u0105 swojej ojczy\u017anie? \u201d &#8211; zapyta\u0142 arcybiskup Krakowa.<\/p>\n<\/div>\n<\/div>\n","protected":false},"excerpt":{"rendered":"<p>W pi\u0105tek, dok\u0142adnie o 17:00 &#8211; symboliczna godzina \u201eW\u201d &#8211; uczestnicy powstania Warszawy byli upami\u0119tnieni przed bazylik\u0105 St. Mary&#8217;s w<\/p>\n","protected":false},"author":1,"featured_media":6994,"comment_status":"closed","ping_status":"","sticky":false,"template":"","format":"standard","meta":{"footnotes":""},"categories":[4748],"tags":[6143,8730,8729,5763,6144,8727,8728,8726,1334],"class_list":["post-6993","post","type-post","status-publish","format-standard","has-post-thumbnail","hentry","category-aktualne","tag-arcybiskup","tag-broniacymi","tag-cywilami","tag-granic","tag-jedraszewski","tag-munduru","tag-pluja","tag-spluwaja","tag-teraz","generate-columns","tablet-grid-50","mobile-grid-100","grid-parent","grid-50","resize-featured-image"],"yoast_head":"<!-- This site is optimized with the Yoast SEO plugin v23.2 - https:\/\/yoast.com\/wordpress\/plugins\/seo\/ -->\n<title>Arcybiskup J\u0119draszewski: Spluwaj\u0105 na munduru, teraz pluj\u0105 cywilami broni\u0105cymi granic - POGOTOWIE FLAGOWE\u00ae<\/title>\n<meta name=\"robots\" content=\"index, follow, max-snippet:-1, max-image-preview:large, max-video-preview:-1\" \/>\n<link rel=\"canonical\" href=\"https:\/\/www.pogotowieflagowe.pl\/aktualne\/arcybiskup-jedraszewski-spluwaja-na-munduru-teraz-pluja-cywilami-broniacymi-granic\/\" \/>\n<meta property=\"og:locale\" content=\"pl_PL\" \/>\n<meta property=\"og:type\" content=\"article\" \/>\n<meta property=\"og:title\" content=\"Arcybiskup J\u0119draszewski: Spluwaj\u0105 na munduru, teraz pluj\u0105 cywilami broni\u0105cymi granic - POGOTOWIE FLAGOWE\u00ae\" \/>\n<meta property=\"og:description\" content=\"W pi\u0105tek, dok\u0142adnie o 17:00 &#8211; symboliczna godzina \u201eW\u201d &#8211; uczestnicy powstania Warszawy byli upami\u0119tnieni przed bazylik\u0105 St. Mary&#8217;s w\" \/>\n<meta property=\"og:url\" content=\"https:\/\/www.pogotowieflagowe.pl\/aktualne\/arcybiskup-jedraszewski-spluwaja-na-munduru-teraz-pluja-cywilami-broniacymi-granic\/\" \/>\n<meta property=\"og:site_name\" content=\"POGOTOWIE FLAGOWE\u00ae\" \/>\n<meta property=\"article:published_time\" content=\"2025-08-03T08:51:37+00:00\" \/>\n<meta property=\"article:modified_time\" content=\"2025-08-03T08:51:38+00:00\" \/>\n<meta property=\"og:image\" content=\"https:\/\/www.pogotowieflagowe.pl\/aktualne\/wp-content\/uploads\/2025\/08\/Arcybiskup-Jedraszewski-Spluwaja-na-munduru-teraz-pluja-cywilami-broniacymi-granic.jpg\" \/>\n\t<meta property=\"og:image:width\" content=\"1000\" \/>\n\t<meta property=\"og:image:height\" content=\"562\" \/>\n\t<meta property=\"og:image:type\" content=\"image\/jpeg\" \/>\n<meta name=\"author\" content=\"Filip\" \/>\n<meta name=\"twitter:card\" content=\"summary_large_image\" \/>\n<meta name=\"twitter:label1\" content=\"Napisane przez\" \/>\n\t<meta name=\"twitter:data1\" content=\"Filip\" \/>\n\t<meta name=\"twitter:label2\" content=\"Szacowany czas czytania\" \/>\n\t<meta name=\"twitter:data2\" content=\"2 minuty\" \/>\n<script type=\"application\/ld+json\" class=\"yoast-schema-graph\">{\"@context\":\"https:\/\/schema.org\",\"@graph\":[{\"@type\":\"Article\",\"@id\":\"https:\/\/www.pogotowieflagowe.pl\/aktualne\/arcybiskup-jedraszewski-spluwaja-na-munduru-teraz-pluja-cywilami-broniacymi-granic\/#article\",\"isPartOf\":{\"@id\":\"https:\/\/www.pogotowieflagowe.pl\/aktualne\/arcybiskup-jedraszewski-spluwaja-na-munduru-teraz-pluja-cywilami-broniacymi-granic\/\"},\"author\":{\"name\":\"Filip\",\"@id\":\"https:\/\/www.pogotowieflagowe.pl\/aktualne\/#\/schema\/person\/9c2fb7d2362ebf6fa088960d7f0d27b0\"},\"headline\":\"Arcybiskup J\u0119draszewski: Spluwaj\u0105 na munduru, teraz pluj\u0105 cywilami broni\u0105cymi granic\",\"datePublished\":\"2025-08-03T08:51:37+00:00\",\"dateModified\":\"2025-08-03T08:51:38+00:00\",\"mainEntityOfPage\":{\"@id\":\"https:\/\/www.pogotowieflagowe.pl\/aktualne\/arcybiskup-jedraszewski-spluwaja-na-munduru-teraz-pluja-cywilami-broniacymi-granic\/\"},\"wordCount\":421,\"publisher\":{\"@id\":\"https:\/\/www.pogotowieflagowe.pl\/aktualne\/#organization\"},\"image\":{\"@id\":\"https:\/\/www.pogotowieflagowe.pl\/aktualne\/arcybiskup-jedraszewski-spluwaja-na-munduru-teraz-pluja-cywilami-broniacymi-granic\/#primaryimage\"},\"thumbnailUrl\":\"https:\/\/www.pogotowieflagowe.pl\/aktualne\/wp-content\/uploads\/2025\/08\/Arcybiskup-Jedraszewski-Spluwaja-na-munduru-teraz-pluja-cywilami-broniacymi-granic.jpg\",\"keywords\":[\"Arcybiskup\",\"broni\u0105cymi\",\"cywilami\",\"granic\",\"J\u0119draszewski\",\"munduru\",\"pluj\u0105\",\"Spluwaj\u0105\",\"Teraz\"],\"articleSection\":[\"Aktualne\"],\"inLanguage\":\"pl-PL\"},{\"@type\":\"WebPage\",\"@id\":\"https:\/\/www.pogotowieflagowe.pl\/aktualne\/arcybiskup-jedraszewski-spluwaja-na-munduru-teraz-pluja-cywilami-broniacymi-granic\/\",\"url\":\"https:\/\/www.pogotowieflagowe.pl\/aktualne\/arcybiskup-jedraszewski-spluwaja-na-munduru-teraz-pluja-cywilami-broniacymi-granic\/\",\"name\":\"Arcybiskup J\u0119draszewski: Spluwaj\u0105 na munduru, teraz pluj\u0105 cywilami broni\u0105cymi granic - POGOTOWIE FLAGOWE\u00ae\",\"isPartOf\":{\"@id\":\"https:\/\/www.pogotowieflagowe.pl\/aktualne\/#website\"},\"primaryImageOfPage\":{\"@id\":\"https:\/\/www.pogotowieflagowe.pl\/aktualne\/arcybiskup-jedraszewski-spluwaja-na-munduru-teraz-pluja-cywilami-broniacymi-granic\/#primaryimage\"},\"image\":{\"@id\":\"https:\/\/www.pogotowieflagowe.pl\/aktualne\/arcybiskup-jedraszewski-spluwaja-na-munduru-teraz-pluja-cywilami-broniacymi-granic\/#primaryimage\"},\"thumbnailUrl\":\"https:\/\/www.pogotowieflagowe.pl\/aktualne\/wp-content\/uploads\/2025\/08\/Arcybiskup-Jedraszewski-Spluwaja-na-munduru-teraz-pluja-cywilami-broniacymi-granic.jpg\",\"datePublished\":\"2025-08-03T08:51:37+00:00\",\"dateModified\":\"2025-08-03T08:51:38+00:00\",\"breadcrumb\":{\"@id\":\"https:\/\/www.pogotowieflagowe.pl\/aktualne\/arcybiskup-jedraszewski-spluwaja-na-munduru-teraz-pluja-cywilami-broniacymi-granic\/#breadcrumb\"},\"inLanguage\":\"pl-PL\",\"potentialAction\":[{\"@type\":\"ReadAction\",\"target\":[\"https:\/\/www.pogotowieflagowe.pl\/aktualne\/arcybiskup-jedraszewski-spluwaja-na-munduru-teraz-pluja-cywilami-broniacymi-granic\/\"]}]},{\"@type\":\"ImageObject\",\"inLanguage\":\"pl-PL\",\"@id\":\"https:\/\/www.pogotowieflagowe.pl\/aktualne\/arcybiskup-jedraszewski-spluwaja-na-munduru-teraz-pluja-cywilami-broniacymi-granic\/#primaryimage\",\"url\":\"https:\/\/www.pogotowieflagowe.pl\/aktualne\/wp-content\/uploads\/2025\/08\/Arcybiskup-Jedraszewski-Spluwaja-na-munduru-teraz-pluja-cywilami-broniacymi-granic.jpg\",\"contentUrl\":\"https:\/\/www.pogotowieflagowe.pl\/aktualne\/wp-content\/uploads\/2025\/08\/Arcybiskup-Jedraszewski-Spluwaja-na-munduru-teraz-pluja-cywilami-broniacymi-granic.jpg\",\"width\":1000,\"height\":562,\"caption\":\"Arcybiskup J\u0119draszewski: Spluwaj\u0105 na munduru, teraz pluj\u0105 cywilami broni\u0105cymi granic\"},{\"@type\":\"BreadcrumbList\",\"@id\":\"https:\/\/www.pogotowieflagowe.pl\/aktualne\/arcybiskup-jedraszewski-spluwaja-na-munduru-teraz-pluja-cywilami-broniacymi-granic\/#breadcrumb\",\"itemListElement\":[{\"@type\":\"ListItem\",\"position\":1,\"name\":\"Home\",\"item\":\"https:\/\/www.pogotowieflagowe.pl\/aktualne\/\"},{\"@type\":\"ListItem\",\"position\":2,\"name\":\"Arcybiskup J\u0119draszewski: Spluwaj\u0105 na munduru, teraz pluj\u0105 cywilami broni\u0105cymi granic\"}]},{\"@type\":\"WebSite\",\"@id\":\"https:\/\/www.pogotowieflagowe.pl\/aktualne\/#website\",\"url\":\"https:\/\/www.pogotowieflagowe.pl\/aktualne\/\",\"name\":\"POGOTOWIE FLAGOWE\u00ae\",\"description\":\"\",\"publisher\":{\"@id\":\"https:\/\/www.pogotowieflagowe.pl\/aktualne\/#organization\"},\"potentialAction\":[{\"@type\":\"SearchAction\",\"target\":{\"@type\":\"EntryPoint\",\"urlTemplate\":\"https:\/\/www.pogotowieflagowe.pl\/aktualne\/?s={search_term_string}\"},\"query-input\":\"required name=search_term_string\"}],\"inLanguage\":\"pl-PL\"},{\"@type\":\"Organization\",\"@id\":\"https:\/\/www.pogotowieflagowe.pl\/aktualne\/#organization\",\"name\":\"POGOTOWIE FLAGOWE\u00ae\",\"url\":\"https:\/\/www.pogotowieflagowe.pl\/aktualne\/\",\"logo\":{\"@type\":\"ImageObject\",\"inLanguage\":\"pl-PL\",\"@id\":\"https:\/\/www.pogotowieflagowe.pl\/aktualne\/#\/schema\/logo\/image\/\",\"url\":\"https:\/\/www.pogotowieflagowe.pl\/aktualne\/wp-content\/uploads\/2024\/08\/cropped-pogotowieflagowe_flaga_projekt_sm.jpg\",\"contentUrl\":\"https:\/\/www.pogotowieflagowe.pl\/aktualne\/wp-content\/uploads\/2024\/08\/cropped-pogotowieflagowe_flaga_projekt_sm.jpg\",\"width\":250,\"height\":143,\"caption\":\"POGOTOWIE FLAGOWE\u00ae\"},\"image\":{\"@id\":\"https:\/\/www.pogotowieflagowe.pl\/aktualne\/#\/schema\/logo\/image\/\"}},{\"@type\":\"Person\",\"@id\":\"https:\/\/www.pogotowieflagowe.pl\/aktualne\/#\/schema\/person\/9c2fb7d2362ebf6fa088960d7f0d27b0\",\"name\":\"Filip\",\"image\":{\"@type\":\"ImageObject\",\"inLanguage\":\"pl-PL\",\"@id\":\"https:\/\/www.pogotowieflagowe.pl\/aktualne\/#\/schema\/person\/image\/\",\"url\":\"https:\/\/www.pogotowieflagowe.pl\/aktualne\/wp-content\/uploads\/2024\/08\/pogotowieflagowe.pl_.jpg\",\"contentUrl\":\"https:\/\/www.pogotowieflagowe.pl\/aktualne\/wp-content\/uploads\/2024\/08\/pogotowieflagowe.pl_.jpg\",\"caption\":\"Filip\"},\"description\":\"Jestem Filip, polski dziennikarz z dyplomem nauk politycznych Uniwersytetu Warszawskiego. Rozpoczynaj\u0105c swoj\u0105 karier\u0119 w r\u00f3\u017cnych lokalnych mediach, zdoby\u0142em solidne do\u015bwiadczenie w zakresie \u015bledztwa i redakcji. Obecnie jako redaktor w Pogotowie flagowe, staram si\u0119 dostarcza\u0107 dog\u0142\u0119bne i istotne analizy na temat najwa\u017cniejszych kwestii aktualno\u015bci, \u0142\u0105cz\u0105c rygor z pasj\u0105 dziennikarsk\u0105.\",\"sameAs\":[\"https:\/\/www.pogotowieflagowe.pl\/\"]}]}<\/script>\n<!-- \/ Yoast SEO plugin. -->","yoast_head_json":{"title":"Arcybiskup J\u0119draszewski: Spluwaj\u0105 na munduru, teraz pluj\u0105 cywilami broni\u0105cymi granic - POGOTOWIE FLAGOWE\u00ae","robots":{"index":"index","follow":"follow","max-snippet":"max-snippet:-1","max-image-preview":"max-image-preview:large","max-video-preview":"max-video-preview:-1"},"canonical":"https:\/\/www.pogotowieflagowe.pl\/aktualne\/arcybiskup-jedraszewski-spluwaja-na-munduru-teraz-pluja-cywilami-broniacymi-granic\/","og_locale":"pl_PL","og_type":"article","og_title":"Arcybiskup J\u0119draszewski: Spluwaj\u0105 na munduru, teraz pluj\u0105 cywilami broni\u0105cymi granic - POGOTOWIE FLAGOWE\u00ae","og_description":"W pi\u0105tek, dok\u0142adnie o 17:00 &#8211; symboliczna godzina \u201eW\u201d &#8211; uczestnicy powstania Warszawy byli upami\u0119tnieni przed bazylik\u0105 St. Mary&#8217;s w","og_url":"https:\/\/www.pogotowieflagowe.pl\/aktualne\/arcybiskup-jedraszewski-spluwaja-na-munduru-teraz-pluja-cywilami-broniacymi-granic\/","og_site_name":"POGOTOWIE FLAGOWE\u00ae","article_published_time":"2025-08-03T08:51:37+00:00","article_modified_time":"2025-08-03T08:51:38+00:00","og_image":[{"width":1000,"height":562,"url":"https:\/\/www.pogotowieflagowe.pl\/aktualne\/wp-content\/uploads\/2025\/08\/Arcybiskup-Jedraszewski-Spluwaja-na-munduru-teraz-pluja-cywilami-broniacymi-granic.jpg","type":"image\/jpeg"}],"author":"Filip","twitter_card":"summary_large_image","twitter_misc":{"Napisane przez":"Filip","Szacowany czas czytania":"2 minuty"},"schema":{"@context":"https:\/\/schema.org","@graph":[{"@type":"Article","@id":"https:\/\/www.pogotowieflagowe.pl\/aktualne\/arcybiskup-jedraszewski-spluwaja-na-munduru-teraz-pluja-cywilami-broniacymi-granic\/#article","isPartOf":{"@id":"https:\/\/www.pogotowieflagowe.pl\/aktualne\/arcybiskup-jedraszewski-spluwaja-na-munduru-teraz-pluja-cywilami-broniacymi-granic\/"},"author":{"name":"Filip","@id":"https:\/\/www.pogotowieflagowe.pl\/aktualne\/#\/schema\/person\/9c2fb7d2362ebf6fa088960d7f0d27b0"},"headline":"Arcybiskup J\u0119draszewski: Spluwaj\u0105 na munduru, teraz pluj\u0105 cywilami broni\u0105cymi granic","datePublished":"2025-08-03T08:51:37+00:00","dateModified":"2025-08-03T08:51:38+00:00","mainEntityOfPage":{"@id":"https:\/\/www.pogotowieflagowe.pl\/aktualne\/arcybiskup-jedraszewski-spluwaja-na-munduru-teraz-pluja-cywilami-broniacymi-granic\/"},"wordCount":421,"publisher":{"@id":"https:\/\/www.pogotowieflagowe.pl\/aktualne\/#organization"},"image":{"@id":"https:\/\/www.pogotowieflagowe.pl\/aktualne\/arcybiskup-jedraszewski-spluwaja-na-munduru-teraz-pluja-cywilami-broniacymi-granic\/#primaryimage"},"thumbnailUrl":"https:\/\/www.pogotowieflagowe.pl\/aktualne\/wp-content\/uploads\/2025\/08\/Arcybiskup-Jedraszewski-Spluwaja-na-munduru-teraz-pluja-cywilami-broniacymi-granic.jpg","keywords":["Arcybiskup","broni\u0105cymi","cywilami","granic","J\u0119draszewski","munduru","pluj\u0105","Spluwaj\u0105","Teraz"],"articleSection":["Aktualne"],"inLanguage":"pl-PL"},{"@type":"WebPage","@id":"https:\/\/www.pogotowieflagowe.pl\/aktualne\/arcybiskup-jedraszewski-spluwaja-na-munduru-teraz-pluja-cywilami-broniacymi-granic\/","url":"https:\/\/www.pogotowieflagowe.pl\/aktualne\/arcybiskup-jedraszewski-spluwaja-na-munduru-teraz-pluja-cywilami-broniacymi-granic\/","name":"Arcybiskup J\u0119draszewski: Spluwaj\u0105 na munduru, teraz pluj\u0105 cywilami broni\u0105cymi granic - POGOTOWIE FLAGOWE\u00ae","isPartOf":{"@id":"https:\/\/www.pogotowieflagowe.pl\/aktualne\/#website"},"primaryImageOfPage":{"@id":"https:\/\/www.pogotowieflagowe.pl\/aktualne\/arcybiskup-jedraszewski-spluwaja-na-munduru-teraz-pluja-cywilami-broniacymi-granic\/#primaryimage"},"image":{"@id":"https:\/\/www.pogotowieflagowe.pl\/aktualne\/arcybiskup-jedraszewski-spluwaja-na-munduru-teraz-pluja-cywilami-broniacymi-granic\/#primaryimage"},"thumbnailUrl":"https:\/\/www.pogotowieflagowe.pl\/aktualne\/wp-content\/uploads\/2025\/08\/Arcybiskup-Jedraszewski-Spluwaja-na-munduru-teraz-pluja-cywilami-broniacymi-granic.jpg","datePublished":"2025-08-03T08:51:37+00:00","dateModified":"2025-08-03T08:51:38+00:00","breadcrumb":{"@id":"https:\/\/www.pogotowieflagowe.pl\/aktualne\/arcybiskup-jedraszewski-spluwaja-na-munduru-teraz-pluja-cywilami-broniacymi-granic\/#breadcrumb"},"inLanguage":"pl-PL","potentialAction":[{"@type":"ReadAction","target":["https:\/\/www.pogotowieflagowe.pl\/aktualne\/arcybiskup-jedraszewski-spluwaja-na-munduru-teraz-pluja-cywilami-broniacymi-granic\/"]}]},{"@type":"ImageObject","inLanguage":"pl-PL","@id":"https:\/\/www.pogotowieflagowe.pl\/aktualne\/arcybiskup-jedraszewski-spluwaja-na-munduru-teraz-pluja-cywilami-broniacymi-granic\/#primaryimage","url":"https:\/\/www.pogotowieflagowe.pl\/aktualne\/wp-content\/uploads\/2025\/08\/Arcybiskup-Jedraszewski-Spluwaja-na-munduru-teraz-pluja-cywilami-broniacymi-granic.jpg","contentUrl":"https:\/\/www.pogotowieflagowe.pl\/aktualne\/wp-content\/uploads\/2025\/08\/Arcybiskup-Jedraszewski-Spluwaja-na-munduru-teraz-pluja-cywilami-broniacymi-granic.jpg","width":1000,"height":562,"caption":"Arcybiskup J\u0119draszewski: Spluwaj\u0105 na munduru, teraz pluj\u0105 cywilami broni\u0105cymi granic"},{"@type":"BreadcrumbList","@id":"https:\/\/www.pogotowieflagowe.pl\/aktualne\/arcybiskup-jedraszewski-spluwaja-na-munduru-teraz-pluja-cywilami-broniacymi-granic\/#breadcrumb","itemListElement":[{"@type":"ListItem","position":1,"name":"Home","item":"https:\/\/www.pogotowieflagowe.pl\/aktualne\/"},{"@type":"ListItem","position":2,"name":"Arcybiskup J\u0119draszewski: Spluwaj\u0105 na munduru, teraz pluj\u0105 cywilami broni\u0105cymi granic"}]},{"@type":"WebSite","@id":"https:\/\/www.pogotowieflagowe.pl\/aktualne\/#website","url":"https:\/\/www.pogotowieflagowe.pl\/aktualne\/","name":"POGOTOWIE FLAGOWE\u00ae","description":"","publisher":{"@id":"https:\/\/www.pogotowieflagowe.pl\/aktualne\/#organization"},"potentialAction":[{"@type":"SearchAction","target":{"@type":"EntryPoint","urlTemplate":"https:\/\/www.pogotowieflagowe.pl\/aktualne\/?s={search_term_string}"},"query-input":"required name=search_term_string"}],"inLanguage":"pl-PL"},{"@type":"Organization","@id":"https:\/\/www.pogotowieflagowe.pl\/aktualne\/#organization","name":"POGOTOWIE FLAGOWE\u00ae","url":"https:\/\/www.pogotowieflagowe.pl\/aktualne\/","logo":{"@type":"ImageObject","inLanguage":"pl-PL","@id":"https:\/\/www.pogotowieflagowe.pl\/aktualne\/#\/schema\/logo\/image\/","url":"https:\/\/www.pogotowieflagowe.pl\/aktualne\/wp-content\/uploads\/2024\/08\/cropped-pogotowieflagowe_flaga_projekt_sm.jpg","contentUrl":"https:\/\/www.pogotowieflagowe.pl\/aktualne\/wp-content\/uploads\/2024\/08\/cropped-pogotowieflagowe_flaga_projekt_sm.jpg","width":250,"height":143,"caption":"POGOTOWIE FLAGOWE\u00ae"},"image":{"@id":"https:\/\/www.pogotowieflagowe.pl\/aktualne\/#\/schema\/logo\/image\/"}},{"@type":"Person","@id":"https:\/\/www.pogotowieflagowe.pl\/aktualne\/#\/schema\/person\/9c2fb7d2362ebf6fa088960d7f0d27b0","name":"Filip","image":{"@type":"ImageObject","inLanguage":"pl-PL","@id":"https:\/\/www.pogotowieflagowe.pl\/aktualne\/#\/schema\/person\/image\/","url":"https:\/\/www.pogotowieflagowe.pl\/aktualne\/wp-content\/uploads\/2024\/08\/pogotowieflagowe.pl_.jpg","contentUrl":"https:\/\/www.pogotowieflagowe.pl\/aktualne\/wp-content\/uploads\/2024\/08\/pogotowieflagowe.pl_.jpg","caption":"Filip"},"description":"Jestem Filip, polski dziennikarz z dyplomem nauk politycznych Uniwersytetu Warszawskiego. Rozpoczynaj\u0105c swoj\u0105 karier\u0119 w r\u00f3\u017cnych lokalnych mediach, zdoby\u0142em solidne do\u015bwiadczenie w zakresie \u015bledztwa i redakcji. Obecnie jako redaktor w Pogotowie flagowe, staram si\u0119 dostarcza\u0107 dog\u0142\u0119bne i istotne analizy na temat najwa\u017cniejszych kwestii aktualno\u015bci, \u0142\u0105cz\u0105c rygor z pasj\u0105 dziennikarsk\u0105.","sameAs":["https:\/\/www.pogotowieflagowe.pl\/"]}]}},"_links":{"self":[{"href":"https:\/\/www.pogotowieflagowe.pl\/aktualne\/wp-json\/wp\/v2\/posts\/6993","targetHints":{"allow":["GET"]}}],"collection":[{"href":"https:\/\/www.pogotowieflagowe.pl\/aktualne\/wp-json\/wp\/v2\/posts"}],"about":[{"href":"https:\/\/www.pogotowieflagowe.pl\/aktualne\/wp-json\/wp\/v2\/types\/post"}],"author":[{"embeddable":true,"href":"https:\/\/www.pogotowieflagowe.pl\/aktualne\/wp-json\/wp\/v2\/users\/1"}],"replies":[{"embeddable":true,"href":"https:\/\/www.pogotowieflagowe.pl\/aktualne\/wp-json\/wp\/v2\/comments?post=6993"}],"version-history":[{"count":1,"href":"https:\/\/www.pogotowieflagowe.pl\/aktualne\/wp-json\/wp\/v2\/posts\/6993\/revisions"}],"predecessor-version":[{"id":6995,"href":"https:\/\/www.pogotowieflagowe.pl\/aktualne\/wp-json\/wp\/v2\/posts\/6993\/revisions\/6995"}],"wp:featuredmedia":[{"embeddable":true,"href":"https:\/\/www.pogotowieflagowe.pl\/aktualne\/wp-json\/wp\/v2\/media\/6994"}],"wp:attachment":[{"href":"https:\/\/www.pogotowieflagowe.pl\/aktualne\/wp-json\/wp\/v2\/media?parent=6993"}],"wp:term":[{"taxonomy":"category","embeddable":true,"href":"https:\/\/www.pogotowieflagowe.pl\/aktualne\/wp-json\/wp\/v2\/categories?post=6993"},{"taxonomy":"post_tag","embeddable":true,"href":"https:\/\/www.pogotowieflagowe.pl\/aktualne\/wp-json\/wp\/v2\/tags?post=6993"}],"curies":[{"name":"wp","href":"https:\/\/api.w.org\/{rel}","templated":true}]}}