{"id":6996,"date":"2025-08-03T16:49:06","date_gmt":"2025-08-03T14:49:06","guid":{"rendered":"https:\/\/www.pogotowieflagowe.pl\/aktualne\/papiez-leo-xiv-przypomina-slowa-sw-jana-pawla-ii-zrob-cos-wielkiego-ze-swoim-zyciem\/"},"modified":"2025-08-03T16:49:08","modified_gmt":"2025-08-03T14:49:08","slug":"papiez-leo-xiv-przypomina-slowa-sw-jana-pawla-ii-zrob-cos-wielkiego-ze-swoim-zyciem","status":"publish","type":"post","link":"https:\/\/www.pogotowieflagowe.pl\/aktualne\/papiez-leo-xiv-przypomina-slowa-sw-jana-pawla-ii-zrob-cos-wielkiego-ze-swoim-zyciem\/","title":{"rendered":"Papie\u017c Leo XIV przypomina s\u0142owa \u015bw. Jana Paw\u0142a II: \u201eZr\u00f3b co\u015b wielkiego ze swoim \u017cyciem\u201d."},"content":{"rendered":"\n<div class=\"td_block_wrap tdb_single_content tdi_41 td-pb-border-top td_block_template_8 td-post-content tagdiv-type\" data-td-block-uid=\"tdi_41\">\n<style>.tdi_41 {margin-top: 0px! Wa\u017cne; margines-bottom: 0px! WA\u017bNY; PALDING-TOP: 0PX! WA\u017bNY; PALDING-BOTTOM: 0PX! WA\u017bNE}<\/style>\n<style>.tdb_single_content {margin-bottom: 0;*zoom: 1} .tdb_single_content: wcze\u015bniej, .tdb_single_content: po {display: Table; content: ''; line-height: 0} .TDB-BLOCK-INner>*: nie (.WP-BLOCK-QUOTE): not (.alignSwide): not (.Alignfull.wp-block-cover.has-parallax): not (.td-a-ad) {margin-left: auto; margin-right: auto} .tdb_single_ConTent a {wska\u017anik-events: auto} .tdb_single_content .td-spot-id-top_ad .tdc-placeholder-title: przed {content: \u201eArtyku\u0142 top ad\u201d! Wa\u017cne} .tdb_single_content .td-Spot-Id-inline_ad0 .tdc-placeholder-title 1 '! Wa\u017cne} .tdb_single_content .td-Spot-Id-inline_Ad1 .tdc-Placeholder-Title: przed {content: \u201eArtyku\u0142 inline AD 2'! Wa\u017cny} .tdb_single_content. 3 '! Wa\u017cne} .tdb_single_content .td-Spot-Id-Bottom_Ad .tdc-Placeholder-Title: przed {content: \u201eArtyku\u0142 Bottom Ad\u201d! Wa\u017cne} .tdb_single_content .id_top_ad, .tdb_single_content_content .id_bottom_ad {clear: oba; margin-bottom: 21px; text-align: Center} .tdb_single_content .id_top_ad img, .tdb_single_content .id_bottom_ad img {margin-bottom: 0} .tdb_single_conTent .id_top_ad .adsbyGoogle, .tdb_single_content .id_bottom_ad .adsbyGoogle {pozycja: relatyw} .tdb_single_content .id_ad_content-horiz-left, .tdb_single_content .id_ad_content-horiz-right, .tdb_single_content .id_ad_content-horiz-Center {margin-bottom: 15px} .tdb_single_content .id_ad_content-horiz-left Img, .tdb_single_content .id_ad_content-horiz-right img, .tdb_single_content .id_ad_content-horiz-centerter img {margin-bottom: 0} .tdb_single_content .id_ad_content-horiz-center {text-align: Center} .tdb_single_content .id_ad_content-horiz-center img {margin-right: auto; margin-let: auto} .tdb_single_content .id_ad_content-horiz-left {float: left; margin-top: 9px; margin-right: 21px} .tdb_single_content .id_ad_content-horiz-right {float: margin-top: 6px; margin-left: 21px} .tdb_single_content .tdc-a-a-ad .TDC-Placeholder-Title {szeroko\u015b\u0107: 300px; height: 250px} .tdb_single_content .tdc-a-ad .TDC-Placeholder-Title: Przed {Pozycja: Absolute; TOP: 50%;-WebKit-Transform: Translatey (-50%); Transform: Translatey (-50%); margines: auto; Display: Tabela; szeroko\u015b\u0107: 100%}. tdb_single_content .TDB-BLOCK-INNER.TD-FIX-INDEX {Word-Break: Break-word} .tdi_41, .tdi_41> p, .tdi_41 .tdb-block-inner> p, .Wp-Block-Column> p {font-size: 16px! Wa\u017cne; wa\u017cny; p {font-styl: normalne! Wa\u017cne} @media (Max-Width: 767px) {. tdb_single_content .id_ad_content-horiz-left, .tdb_single_content .id_ad_content-horiz-right, .tdb_single_content .id_ad_content-horiz-centter {Margin: 0 AUTO 26PXX auto}}@media (Max-Width: 767px) {. tdb_single_content .id_ad_content-horiz-left {margin-right: 0}}@media (max-width: 767px) {. (Max-Width: 767px) {. tdb_single_content .td-a-ad {float: none; text-align: Center} .tdb_single_content .td-a-ad img {margin-right: auto; margin-left: auto} .tdb_single_content .tdc-a-a-a-{margin-right: auto; margin-left: auto} .tdb_single_content .tdd<\/style>\n<div class=\"tdb-block-inner td-fix-index\">\n<p>\u201eDrodzy m\u0142odzi ludzie, Jezus jest nasz\u0105 nadziej\u0105. To on, jak powiedzia\u0142 \u015awi\u0119ty Jan Pawe\u0142 II II:\u201e Kto porusza wam pragnienie zrobienia czego\u015b wielkiego z waszym \u017cyciem (\u2026), aby zaanga\u017cowa\u0107\u2026 ulepszy\u0107 siebie i spo\u0142ecze\u0144stwo, czyni\u0105c \u015bwiat bardziej ludzkim i bardziej braterskim \u201d(XV \u015awiatowy Dzie\u0144 M\u0142odzie\u017cy, czuwanie modlitewne, 19 sierpnia 2000 r.), Deklarowa\u0142 papie\u017ca Leo Xiv podczas eucharystyki, kt\u00f3ra ko\u0144czy\u0142a si\u0119 na m\u0142odzie\u017cy. Zach\u0119ca\u0142 m\u0142odych ludzi do celowania wysoko, do d\u0105\u017cenia do \u015bwi\u0119to\u015bci. \u201eDopier do wielkich rzeczy, \u015bwi\u0119to\u015bci, gdziekolwiek jeste\u015b<\/p>\n<h2 class=\"wp-block-heading\">Pod\u0105\u017caj za pragnieniami swojego serca &#8211; szukaj ich spe\u0142nienia w Bogu<\/h2>\n<p>Papie\u017c Leo XIV po raz kolejny powo\u0142a\u0142 si\u0119 na swojego mistrza duchowego, \u015bw. Augustyn, zach\u0119caj\u0105c m\u0142odych ludzi do zwracania uwagi na t\u0119sknoty w ich sercach i poszukiwania ich spe\u0142nienia w Bogu.<\/p>\n<h2 class=\"wp-block-heading\">Krucho\u015b\u0107 jest cz\u0119\u015bci\u0105 cudu, jakim jeste\u015bmy<\/h2>\n<p>Papie\u017c opar\u0142 swoj\u0105 homili\u0119 na pierwszym czytaniu Ecclesiastes i Psalm respondencyjny, kt\u00f3re m\u00f3wi\u0105 o ulotnej naturze ludzkiego \u017cycia. Zastanawia\u0142 si\u0119 nad wizerunkiem trawy i kwiat\u00f3w:<\/p>\n<figure class=\"wp-block-pullquote\">\n<blockquote>\n<p>\u201eObraz\u201e trawy, kt\u00f3ra jest odnawiana\u2026 rano kwitnie i jest odnawiana; wieczorem zanika i zwleczy \u201d(Ps 90: 5-6) (\u2026) Krucho\u015b\u0107, o kt\u00f3rej m\u00f3wi\u0105, jest w rzeczywisto\u015bci cz\u0119\u015bci\u0105 cudu stworzenia. (\u2026) Nawet w zimnych miesi\u0105cach zimy, kiedy wszystko wydaje si\u0119 cicho, jego energia porusza si\u0119 pod ziemi\u0105, przygotowuje si\u0119 do tysi\u0119cy kolor\u00f3w, gdy wiosna\u201d.<\/p>\n<\/blockquote>\n<\/figure>\n<p>Podkre\u015bli\u0142, \u017ce nie powinno nas przestraszy\u0107: \u201eKrucho\u015b\u0107 jest cz\u0119\u015bci\u0105 cudu stworzenia\u201d.<\/p>\n<h2 class=\"wp-block-heading\">Ludzie s\u0105 stworzeni na co\u015b wi\u0119cej<\/h2>\n<p>\u201eMy te\u017c, drodzy przyjaciele, jeste\u015bmy w ten spos\u00f3b, jeste\u015bmy do tego stworzeni. Nie jeste\u015bmy stworzeni do \u017cycia, w kt\u00f3rym wszystko jest uwa\u017cane za co\u015b oczywistego i statyczne, ale za istnienie, kt\u00f3re jest stale odnawiane dzi\u0119ki darowi siebie w mi\u0142o\u015bci\u201d &#8211; powiedzia\u0142 Papie\u017c Leo. Wyja\u015bni\u0142, \u017ce to naturalne, \u017ce odczuwamy pragnienie czego\u015b wi\u0119kszego:<\/p>\n<figure class=\"wp-block-pullquote\">\n<blockquote>\n<p>\u201eW\u0142a\u015bnie dlatego nieustannie aspirujemy do czego\u015b\u201e bardziej \u201d, czego \u017cadna stworzona rzeczywisto\u015b\u0107 nie mo\u017ce nam da\u0107; czujemy g\u0142\u0119bokie i p\u0142on\u0105ce pragnienie, kt\u00f3re nie mo\u017ce zaspokoi\u0107 \u017caden nap\u00f3j na tym \u015bwiecie\u201d.<\/p>\n<\/blockquote>\n<\/figure>\n<h2 class=\"wp-block-heading\">Nie oszukuj swoich serc substytutami<\/h2>\n<p>\u201eWiedz\u0105c o tym\u201d &#8211; kontynuowa\u0142 Papie\u017c Leo, \u201enie oszukujmy naszych serc, pr\u00f3buj\u0105c je zaspokoi\u0107 tanimi imitacjami! Racie ich s\u0142uchaj! Zmie\u0144my to pragnienie w sto\u0142ek, jak dzieci, kt\u00f3re stoj\u0105 na Tiptoe, aby zajrze\u0107 przez okno spotkania z Bogiem\u201d. <\/p>\n<figure class=\"wp-block-pullquote\">\n<blockquote>\n<p>\u201eTo naprawd\u0119 pi\u0119kne, szczeg\u00f3lnie w m\u0142odym wieku, otwiera\u0107 szerokie serca, pozwoli\u0107 mu wej\u015b\u0107 i wyruszy\u0107 z nim przygoda w kierunku wieczno\u015bci\u201d.<\/p>\n<p><cite>Doda\u0142.<\/cite><\/p><\/blockquote>\n<\/figure>\n<h2 class=\"wp-block-heading\">Zainspirowany St. Augustine<\/h2>\n<p>Papie\u017c Leo narysowa\u0142 g\u0142\u0119bokie refleksje \u015bw. Augustyna:<\/p>\n<figure class=\"wp-block-pullquote\">\n<blockquote>\n<p>\u201ePoszukaj tego, kt\u00f3ry je stworzy\u0142, on jest twoj\u0105 nadziej\u0105\u201d (Sermo 313\/F, 3).<\/p>\n<\/blockquote>\n<\/figure>\n<p>Cytowa\u0142 s\u0142ynn\u0105 spowied\u017a Augustyna:<\/p>\n<figure class=\"wp-block-pullquote\">\n<blockquote>\n<p>\u201eTy (Panie) byli\u015bcie we mnie, ale by\u0142em na zewn\u0105trz i to tam szuka\u0142em (\u2026), zadzwoni\u0142e\u015b, krzykn\u0105\u0142e\u015b, a ty prze\u0142ama\u0142e\u015b si\u0119 przez moj\u0105 g\u0142uchotliwo\u015b\u0107. B\u0142ysn\u0105\u0142e\u015b, \u015bwiecili\u015bcie, a ty rozproszyli\u015bcie moj\u0105 \u015blepot\u0119. Odetchn\u0105\u0142e\u015b na mnie zapach; zanurzy\u0142em si\u0119 w oddechu, a teraz dysza\u0142em dla ciebie. Spala\u0142em dla ciebie. (Wyznania, 10, 27).<\/p>\n<\/blockquote>\n<\/figure>\n<h2 class=\"wp-block-heading\">Brak \u0142atwych odpowiedzi, ale pytania s\u0105 niezb\u0119dne<\/h2>\n<p>Papie\u017c Leo przypomnia\u0142 m\u0142odo\u015bci, \u017ce Papie\u017c Franciszek m\u00f3wi\u0142 tak\u017ce o tych g\u0142\u0119bokich t\u0119sknotach podczas \u015awiatowego Dnia M\u0142odzie\u017cy w Lizbonie:<\/p>\n<figure class=\"wp-block-pullquote\">\n<blockquote>\n<p>\u201eStajemy si\u0119 w obliczu wielkich pyta\u0144, kt\u00f3re nie maj\u0105 prostych ani bezpo\u015brednich odpowiedzi, ale wzywamy nas do kontynuowania podr\u00f3\u017cy, wznoszenia si\u0119 nad nami i naciskiem poza tu i teraz. (\u2026) Nie powinni\u015bmy by\u0107 zaniepokojeni, to, je\u015bli wyczumy wewn\u0119trzne pragnienie, niespokojne, niespe\u0142nione pragnienie znaczenia i przysz\u0142o\u015bci\u201d (adres do student\u00f3w uniwersytetu, 3 sierpnia 2023).<\/p>\n<\/blockquote>\n<\/figure>\n<h2 class=\"wp-block-heading\">Co to jest prawdziwe szcz\u0119\u015bcie?<\/h2>\n<figure class=\"wp-block-pullquote\">\n<blockquote>\n<p>\u201eW naszych sercach le\u017cy p\u0142on\u0105ce pytanie\u201d, powiedzia\u0142 papie\u017c Leo, \u201epotrzeba prawdy, kt\u00f3rej nie mo\u017cemy zignorowa\u0107, co prowadzi nas do zadaje sobie pytanie: jakie jest prawdziwe szcz\u0119\u015bcie? Jaki jest prawdziwy sens \u017cycia? Co mo\u017ce nas uwolni\u0107 od bycia uwi\u0119zionym bezsensowno\u015bci\u0105, nud\u0105 i przeci\u0119tno\u015bci\u0105?\u201d<\/p>\n<\/blockquote>\n<\/figure>\n<h2 class=\"wp-block-heading\">Podnie\u015b oczy, sp\u00f3jrz na to, co jest powy\u017cej<\/h2>\n<p>Zastanawiaj\u0105c si\u0119 nad do\u015bwiadczeniami jubileuszowymi, papie\u017c podkre\u015bli\u0142, \u017ce pe\u0142nia \u017cycia nie zale\u017cy od rzeczy:<\/p>\n<figure class=\"wp-block-pullquote\">\n<blockquote>\n<p>\u201eKupowanie, gromadzenie i konsumowanie to za ma\u0142o. Musimy podnie\u015b\u0107 oczy, patrze\u0107 w g\u00f3r\u0119, na\u201e rzeczy, kt\u00f3re s\u0105 powy\u017cej \u201d(Kol 3: 2), aby u\u015bwiadomi\u0107 sobie, \u017ce wszystko na \u015bwiecie ma znaczenie tylko o tym, jak jednoczy si\u0119 zjednoczy\u0107 nas Bogu i naszym braciom i siostrom na cele charytatywnym\u201d.<\/p>\n<\/blockquote>\n<\/figure>\n<h2 class=\"wp-block-heading\">Trzymaj si\u0119 blisko Boga, jak Frassati i Acutis<\/h2>\n<p>Podsumowuj\u0105c, papie\u017c Leo wezwa\u0142 m\u0142odych ludzi do przyja\u017ani z Chrystusem:<\/p>\n<figure class=\"wp-block-pullquote\">\n<blockquote>\n<p>\u201ePozosta\u0144my z nim zjednoczeni, pozosta\u0144my w jego przyja\u017ani, zawsze kultywuj\u0105c j\u0105 poprzez modlitw\u0119, adoracj\u0119, komunik\u0119 eucharystyczn\u0105, cz\u0119st\u0105 spowied\u017a i hojn\u0105 mi\u0142o\u015b\u0107, zgodnie z przyk\u0142adami b\u0142ogos\u0142awionego mola Giorgio Frassati i B\u0142ogos\u0142awionego Carlo Acutis, kt\u00f3rzy wkr\u00f3tce zostan\u0105 og\u0142oszone \u015bwi\u0119tymi\u201d.<\/p>\n<\/blockquote>\n<\/figure>\n<figure class=\"wp-block-pullquote\">\n<blockquote>\n<p>\u201eAni do wielkich rzeczy, do \u015bwi\u0119to\u015bci, gdziekolwiek jeste\u015b. Nie zadowalaj si\u0119 mniej. Nast\u0119pnie zobaczysz \u015bwiat\u0142o ewangelii rosn\u0105ce ka\u017cdego dnia, w tobie i wok\u00f3\u0142 ciebie\u201d.<\/p>\n<\/blockquote>\n<\/figure>\n<pre class=\"wp-block-preformatted\">Text based on the Homily of His Holiness Pope Leo XIV and the article by Krzysztof Bronk on Vatican News.<\/pre>\n<\/div>\n<\/div>\n","protected":false},"excerpt":{"rendered":"<p>\u201eDrodzy m\u0142odzi ludzie, Jezus jest nasz\u0105 nadziej\u0105. To on, jak powiedzia\u0142 \u015awi\u0119ty Jan Pawe\u0142 II II:\u201e Kto porusza wam pragnienie<\/p>\n","protected":false},"author":1,"featured_media":6997,"comment_status":"closed","ping_status":"","sticky":false,"template":"","format":"standard","meta":{"footnotes":""},"categories":[4748],"tags":[1074,1460,7417,7089,16,8262,1208,2918,4487,906,7418,8731,3911],"class_list":["post-6996","post","type-post","status-publish","format-standard","has-post-thumbnail","hentry","category-aktualne","tag-cos","tag-jana","tag-leo","tag-papiez","tag-pawla","tag-przypomina","tag-slowa","tag-sw","tag-swoim","tag-wielkiego","tag-xiv","tag-zrob","tag-zyciem","generate-columns","tablet-grid-50","mobile-grid-100","grid-parent","grid-50","resize-featured-image"],"yoast_head":"<!-- This site is optimized with the Yoast SEO plugin v23.2 - https:\/\/yoast.com\/wordpress\/plugins\/seo\/ -->\n<title>Papie\u017c Leo XIV przypomina s\u0142owa \u015bw. Jana Paw\u0142a II: \u201eZr\u00f3b co\u015b wielkiego ze swoim \u017cyciem\u201d. - POGOTOWIE FLAGOWE\u00ae<\/title>\n<meta name=\"robots\" content=\"index, follow, max-snippet:-1, max-image-preview:large, max-video-preview:-1\" \/>\n<link rel=\"canonical\" href=\"https:\/\/www.pogotowieflagowe.pl\/aktualne\/papiez-leo-xiv-przypomina-slowa-sw-jana-pawla-ii-zrob-cos-wielkiego-ze-swoim-zyciem\/\" \/>\n<meta property=\"og:locale\" content=\"pl_PL\" \/>\n<meta property=\"og:type\" content=\"article\" \/>\n<meta property=\"og:title\" content=\"Papie\u017c Leo XIV przypomina s\u0142owa \u015bw. Jana Paw\u0142a II: \u201eZr\u00f3b co\u015b wielkiego ze swoim \u017cyciem\u201d. - POGOTOWIE FLAGOWE\u00ae\" \/>\n<meta property=\"og:description\" content=\"\u201eDrodzy m\u0142odzi ludzie, Jezus jest nasz\u0105 nadziej\u0105. To on, jak powiedzia\u0142 \u015awi\u0119ty Jan Pawe\u0142 II II:\u201e Kto porusza wam pragnienie\" \/>\n<meta property=\"og:url\" content=\"https:\/\/www.pogotowieflagowe.pl\/aktualne\/papiez-leo-xiv-przypomina-slowa-sw-jana-pawla-ii-zrob-cos-wielkiego-ze-swoim-zyciem\/\" \/>\n<meta property=\"og:site_name\" content=\"POGOTOWIE FLAGOWE\u00ae\" \/>\n<meta property=\"article:published_time\" content=\"2025-08-03T14:49:06+00:00\" \/>\n<meta property=\"article:modified_time\" content=\"2025-08-03T14:49:08+00:00\" \/>\n<meta property=\"og:image\" content=\"https:\/\/www.pogotowieflagowe.pl\/aktualne\/wp-content\/uploads\/2025\/08\/Papiez-Leo-XIV-przypomina-slowa-sw-Jana-Pawla-II-\u201eZrob.jpg\" \/>\n\t<meta property=\"og:image:width\" content=\"1920\" \/>\n\t<meta property=\"og:image:height\" content=\"1048\" \/>\n\t<meta property=\"og:image:type\" content=\"image\/jpeg\" \/>\n<meta name=\"author\" content=\"Filip\" \/>\n<meta name=\"twitter:card\" content=\"summary_large_image\" \/>\n<meta name=\"twitter:label1\" content=\"Napisane przez\" \/>\n\t<meta name=\"twitter:data1\" content=\"Filip\" \/>\n\t<meta name=\"twitter:label2\" content=\"Szacowany czas czytania\" \/>\n\t<meta name=\"twitter:data2\" content=\"4 minuty\" \/>\n<script type=\"application\/ld+json\" class=\"yoast-schema-graph\">{\"@context\":\"https:\/\/schema.org\",\"@graph\":[{\"@type\":\"Article\",\"@id\":\"https:\/\/www.pogotowieflagowe.pl\/aktualne\/papiez-leo-xiv-przypomina-slowa-sw-jana-pawla-ii-zrob-cos-wielkiego-ze-swoim-zyciem\/#article\",\"isPartOf\":{\"@id\":\"https:\/\/www.pogotowieflagowe.pl\/aktualne\/papiez-leo-xiv-przypomina-slowa-sw-jana-pawla-ii-zrob-cos-wielkiego-ze-swoim-zyciem\/\"},\"author\":{\"name\":\"Filip\",\"@id\":\"https:\/\/www.pogotowieflagowe.pl\/aktualne\/#\/schema\/person\/9c2fb7d2362ebf6fa088960d7f0d27b0\"},\"headline\":\"Papie\u017c Leo XIV przypomina s\u0142owa \u015bw. Jana Paw\u0142a II: \u201eZr\u00f3b co\u015b wielkiego ze swoim \u017cyciem\u201d.\",\"datePublished\":\"2025-08-03T14:49:06+00:00\",\"dateModified\":\"2025-08-03T14:49:08+00:00\",\"mainEntityOfPage\":{\"@id\":\"https:\/\/www.pogotowieflagowe.pl\/aktualne\/papiez-leo-xiv-przypomina-slowa-sw-jana-pawla-ii-zrob-cos-wielkiego-ze-swoim-zyciem\/\"},\"wordCount\":880,\"publisher\":{\"@id\":\"https:\/\/www.pogotowieflagowe.pl\/aktualne\/#organization\"},\"image\":{\"@id\":\"https:\/\/www.pogotowieflagowe.pl\/aktualne\/papiez-leo-xiv-przypomina-slowa-sw-jana-pawla-ii-zrob-cos-wielkiego-ze-swoim-zyciem\/#primaryimage\"},\"thumbnailUrl\":\"https:\/\/www.pogotowieflagowe.pl\/aktualne\/wp-content\/uploads\/2025\/08\/Papiez-Leo-XIV-przypomina-slowa-sw-Jana-Pawla-II-\u201eZrob.jpg\",\"keywords\":[\"co\u015b\",\"Jana\",\"Leo\",\"Papie\u017c\",\"Paw\u0142a\",\"przypomina\",\"s\u0142owa\",\"\u015bw\",\"swoim\",\"Wielkiego\",\"XIV\",\"Zr\u00f3b\",\"\u017cyciem\"],\"articleSection\":[\"Aktualne\"],\"inLanguage\":\"pl-PL\"},{\"@type\":\"WebPage\",\"@id\":\"https:\/\/www.pogotowieflagowe.pl\/aktualne\/papiez-leo-xiv-przypomina-slowa-sw-jana-pawla-ii-zrob-cos-wielkiego-ze-swoim-zyciem\/\",\"url\":\"https:\/\/www.pogotowieflagowe.pl\/aktualne\/papiez-leo-xiv-przypomina-slowa-sw-jana-pawla-ii-zrob-cos-wielkiego-ze-swoim-zyciem\/\",\"name\":\"Papie\u017c Leo XIV przypomina s\u0142owa \u015bw. Jana Paw\u0142a II: \u201eZr\u00f3b co\u015b wielkiego ze swoim \u017cyciem\u201d. - POGOTOWIE FLAGOWE\u00ae\",\"isPartOf\":{\"@id\":\"https:\/\/www.pogotowieflagowe.pl\/aktualne\/#website\"},\"primaryImageOfPage\":{\"@id\":\"https:\/\/www.pogotowieflagowe.pl\/aktualne\/papiez-leo-xiv-przypomina-slowa-sw-jana-pawla-ii-zrob-cos-wielkiego-ze-swoim-zyciem\/#primaryimage\"},\"image\":{\"@id\":\"https:\/\/www.pogotowieflagowe.pl\/aktualne\/papiez-leo-xiv-przypomina-slowa-sw-jana-pawla-ii-zrob-cos-wielkiego-ze-swoim-zyciem\/#primaryimage\"},\"thumbnailUrl\":\"https:\/\/www.pogotowieflagowe.pl\/aktualne\/wp-content\/uploads\/2025\/08\/Papiez-Leo-XIV-przypomina-slowa-sw-Jana-Pawla-II-\u201eZrob.jpg\",\"datePublished\":\"2025-08-03T14:49:06+00:00\",\"dateModified\":\"2025-08-03T14:49:08+00:00\",\"breadcrumb\":{\"@id\":\"https:\/\/www.pogotowieflagowe.pl\/aktualne\/papiez-leo-xiv-przypomina-slowa-sw-jana-pawla-ii-zrob-cos-wielkiego-ze-swoim-zyciem\/#breadcrumb\"},\"inLanguage\":\"pl-PL\",\"potentialAction\":[{\"@type\":\"ReadAction\",\"target\":[\"https:\/\/www.pogotowieflagowe.pl\/aktualne\/papiez-leo-xiv-przypomina-slowa-sw-jana-pawla-ii-zrob-cos-wielkiego-ze-swoim-zyciem\/\"]}]},{\"@type\":\"ImageObject\",\"inLanguage\":\"pl-PL\",\"@id\":\"https:\/\/www.pogotowieflagowe.pl\/aktualne\/papiez-leo-xiv-przypomina-slowa-sw-jana-pawla-ii-zrob-cos-wielkiego-ze-swoim-zyciem\/#primaryimage\",\"url\":\"https:\/\/www.pogotowieflagowe.pl\/aktualne\/wp-content\/uploads\/2025\/08\/Papiez-Leo-XIV-przypomina-slowa-sw-Jana-Pawla-II-\u201eZrob.jpg\",\"contentUrl\":\"https:\/\/www.pogotowieflagowe.pl\/aktualne\/wp-content\/uploads\/2025\/08\/Papiez-Leo-XIV-przypomina-slowa-sw-Jana-Pawla-II-\u201eZrob.jpg\",\"width\":1920,\"height\":1048,\"caption\":\"Papie\u017c Leo XIV przypomina s\u0142owa \u015bw. Jana Paw\u0142a II: \u201eZr\u00f3b co\u015b wielkiego ze swoim \u017cyciem\u201d.\"},{\"@type\":\"BreadcrumbList\",\"@id\":\"https:\/\/www.pogotowieflagowe.pl\/aktualne\/papiez-leo-xiv-przypomina-slowa-sw-jana-pawla-ii-zrob-cos-wielkiego-ze-swoim-zyciem\/#breadcrumb\",\"itemListElement\":[{\"@type\":\"ListItem\",\"position\":1,\"name\":\"Home\",\"item\":\"https:\/\/www.pogotowieflagowe.pl\/aktualne\/\"},{\"@type\":\"ListItem\",\"position\":2,\"name\":\"Papie\u017c Leo XIV przypomina s\u0142owa \u015bw. Jana Paw\u0142a II: \u201eZr\u00f3b co\u015b wielkiego ze swoim \u017cyciem\u201d.\"}]},{\"@type\":\"WebSite\",\"@id\":\"https:\/\/www.pogotowieflagowe.pl\/aktualne\/#website\",\"url\":\"https:\/\/www.pogotowieflagowe.pl\/aktualne\/\",\"name\":\"POGOTOWIE FLAGOWE\u00ae\",\"description\":\"\",\"publisher\":{\"@id\":\"https:\/\/www.pogotowieflagowe.pl\/aktualne\/#organization\"},\"potentialAction\":[{\"@type\":\"SearchAction\",\"target\":{\"@type\":\"EntryPoint\",\"urlTemplate\":\"https:\/\/www.pogotowieflagowe.pl\/aktualne\/?s={search_term_string}\"},\"query-input\":\"required name=search_term_string\"}],\"inLanguage\":\"pl-PL\"},{\"@type\":\"Organization\",\"@id\":\"https:\/\/www.pogotowieflagowe.pl\/aktualne\/#organization\",\"name\":\"POGOTOWIE FLAGOWE\u00ae\",\"url\":\"https:\/\/www.pogotowieflagowe.pl\/aktualne\/\",\"logo\":{\"@type\":\"ImageObject\",\"inLanguage\":\"pl-PL\",\"@id\":\"https:\/\/www.pogotowieflagowe.pl\/aktualne\/#\/schema\/logo\/image\/\",\"url\":\"https:\/\/www.pogotowieflagowe.pl\/aktualne\/wp-content\/uploads\/2024\/08\/cropped-pogotowieflagowe_flaga_projekt_sm.jpg\",\"contentUrl\":\"https:\/\/www.pogotowieflagowe.pl\/aktualne\/wp-content\/uploads\/2024\/08\/cropped-pogotowieflagowe_flaga_projekt_sm.jpg\",\"width\":250,\"height\":143,\"caption\":\"POGOTOWIE FLAGOWE\u00ae\"},\"image\":{\"@id\":\"https:\/\/www.pogotowieflagowe.pl\/aktualne\/#\/schema\/logo\/image\/\"}},{\"@type\":\"Person\",\"@id\":\"https:\/\/www.pogotowieflagowe.pl\/aktualne\/#\/schema\/person\/9c2fb7d2362ebf6fa088960d7f0d27b0\",\"name\":\"Filip\",\"image\":{\"@type\":\"ImageObject\",\"inLanguage\":\"pl-PL\",\"@id\":\"https:\/\/www.pogotowieflagowe.pl\/aktualne\/#\/schema\/person\/image\/\",\"url\":\"https:\/\/www.pogotowieflagowe.pl\/aktualne\/wp-content\/uploads\/2024\/08\/pogotowieflagowe.pl_.jpg\",\"contentUrl\":\"https:\/\/www.pogotowieflagowe.pl\/aktualne\/wp-content\/uploads\/2024\/08\/pogotowieflagowe.pl_.jpg\",\"caption\":\"Filip\"},\"description\":\"Jestem Filip, polski dziennikarz z dyplomem nauk politycznych Uniwersytetu Warszawskiego. Rozpoczynaj\u0105c swoj\u0105 karier\u0119 w r\u00f3\u017cnych lokalnych mediach, zdoby\u0142em solidne do\u015bwiadczenie w zakresie \u015bledztwa i redakcji. Obecnie jako redaktor w Pogotowie flagowe, staram si\u0119 dostarcza\u0107 dog\u0142\u0119bne i istotne analizy na temat najwa\u017cniejszych kwestii aktualno\u015bci, \u0142\u0105cz\u0105c rygor z pasj\u0105 dziennikarsk\u0105.\",\"sameAs\":[\"https:\/\/www.pogotowieflagowe.pl\/\"]}]}<\/script>\n<!-- \/ Yoast SEO plugin. -->","yoast_head_json":{"title":"Papie\u017c Leo XIV przypomina s\u0142owa \u015bw. Jana Paw\u0142a II: \u201eZr\u00f3b co\u015b wielkiego ze swoim \u017cyciem\u201d. - POGOTOWIE FLAGOWE\u00ae","robots":{"index":"index","follow":"follow","max-snippet":"max-snippet:-1","max-image-preview":"max-image-preview:large","max-video-preview":"max-video-preview:-1"},"canonical":"https:\/\/www.pogotowieflagowe.pl\/aktualne\/papiez-leo-xiv-przypomina-slowa-sw-jana-pawla-ii-zrob-cos-wielkiego-ze-swoim-zyciem\/","og_locale":"pl_PL","og_type":"article","og_title":"Papie\u017c Leo XIV przypomina s\u0142owa \u015bw. Jana Paw\u0142a II: \u201eZr\u00f3b co\u015b wielkiego ze swoim \u017cyciem\u201d. - POGOTOWIE FLAGOWE\u00ae","og_description":"\u201eDrodzy m\u0142odzi ludzie, Jezus jest nasz\u0105 nadziej\u0105. To on, jak powiedzia\u0142 \u015awi\u0119ty Jan Pawe\u0142 II II:\u201e Kto porusza wam pragnienie","og_url":"https:\/\/www.pogotowieflagowe.pl\/aktualne\/papiez-leo-xiv-przypomina-slowa-sw-jana-pawla-ii-zrob-cos-wielkiego-ze-swoim-zyciem\/","og_site_name":"POGOTOWIE FLAGOWE\u00ae","article_published_time":"2025-08-03T14:49:06+00:00","article_modified_time":"2025-08-03T14:49:08+00:00","og_image":[{"width":1920,"height":1048,"url":"https:\/\/www.pogotowieflagowe.pl\/aktualne\/wp-content\/uploads\/2025\/08\/Papiez-Leo-XIV-przypomina-slowa-sw-Jana-Pawla-II-\u201eZrob.jpg","type":"image\/jpeg"}],"author":"Filip","twitter_card":"summary_large_image","twitter_misc":{"Napisane przez":"Filip","Szacowany czas czytania":"4 minuty"},"schema":{"@context":"https:\/\/schema.org","@graph":[{"@type":"Article","@id":"https:\/\/www.pogotowieflagowe.pl\/aktualne\/papiez-leo-xiv-przypomina-slowa-sw-jana-pawla-ii-zrob-cos-wielkiego-ze-swoim-zyciem\/#article","isPartOf":{"@id":"https:\/\/www.pogotowieflagowe.pl\/aktualne\/papiez-leo-xiv-przypomina-slowa-sw-jana-pawla-ii-zrob-cos-wielkiego-ze-swoim-zyciem\/"},"author":{"name":"Filip","@id":"https:\/\/www.pogotowieflagowe.pl\/aktualne\/#\/schema\/person\/9c2fb7d2362ebf6fa088960d7f0d27b0"},"headline":"Papie\u017c Leo XIV przypomina s\u0142owa \u015bw. Jana Paw\u0142a II: \u201eZr\u00f3b co\u015b wielkiego ze swoim \u017cyciem\u201d.","datePublished":"2025-08-03T14:49:06+00:00","dateModified":"2025-08-03T14:49:08+00:00","mainEntityOfPage":{"@id":"https:\/\/www.pogotowieflagowe.pl\/aktualne\/papiez-leo-xiv-przypomina-slowa-sw-jana-pawla-ii-zrob-cos-wielkiego-ze-swoim-zyciem\/"},"wordCount":880,"publisher":{"@id":"https:\/\/www.pogotowieflagowe.pl\/aktualne\/#organization"},"image":{"@id":"https:\/\/www.pogotowieflagowe.pl\/aktualne\/papiez-leo-xiv-przypomina-slowa-sw-jana-pawla-ii-zrob-cos-wielkiego-ze-swoim-zyciem\/#primaryimage"},"thumbnailUrl":"https:\/\/www.pogotowieflagowe.pl\/aktualne\/wp-content\/uploads\/2025\/08\/Papiez-Leo-XIV-przypomina-slowa-sw-Jana-Pawla-II-\u201eZrob.jpg","keywords":["co\u015b","Jana","Leo","Papie\u017c","Paw\u0142a","przypomina","s\u0142owa","\u015bw","swoim","Wielkiego","XIV","Zr\u00f3b","\u017cyciem"],"articleSection":["Aktualne"],"inLanguage":"pl-PL"},{"@type":"WebPage","@id":"https:\/\/www.pogotowieflagowe.pl\/aktualne\/papiez-leo-xiv-przypomina-slowa-sw-jana-pawla-ii-zrob-cos-wielkiego-ze-swoim-zyciem\/","url":"https:\/\/www.pogotowieflagowe.pl\/aktualne\/papiez-leo-xiv-przypomina-slowa-sw-jana-pawla-ii-zrob-cos-wielkiego-ze-swoim-zyciem\/","name":"Papie\u017c Leo XIV przypomina s\u0142owa \u015bw. Jana Paw\u0142a II: \u201eZr\u00f3b co\u015b wielkiego ze swoim \u017cyciem\u201d. - POGOTOWIE FLAGOWE\u00ae","isPartOf":{"@id":"https:\/\/www.pogotowieflagowe.pl\/aktualne\/#website"},"primaryImageOfPage":{"@id":"https:\/\/www.pogotowieflagowe.pl\/aktualne\/papiez-leo-xiv-przypomina-slowa-sw-jana-pawla-ii-zrob-cos-wielkiego-ze-swoim-zyciem\/#primaryimage"},"image":{"@id":"https:\/\/www.pogotowieflagowe.pl\/aktualne\/papiez-leo-xiv-przypomina-slowa-sw-jana-pawla-ii-zrob-cos-wielkiego-ze-swoim-zyciem\/#primaryimage"},"thumbnailUrl":"https:\/\/www.pogotowieflagowe.pl\/aktualne\/wp-content\/uploads\/2025\/08\/Papiez-Leo-XIV-przypomina-slowa-sw-Jana-Pawla-II-\u201eZrob.jpg","datePublished":"2025-08-03T14:49:06+00:00","dateModified":"2025-08-03T14:49:08+00:00","breadcrumb":{"@id":"https:\/\/www.pogotowieflagowe.pl\/aktualne\/papiez-leo-xiv-przypomina-slowa-sw-jana-pawla-ii-zrob-cos-wielkiego-ze-swoim-zyciem\/#breadcrumb"},"inLanguage":"pl-PL","potentialAction":[{"@type":"ReadAction","target":["https:\/\/www.pogotowieflagowe.pl\/aktualne\/papiez-leo-xiv-przypomina-slowa-sw-jana-pawla-ii-zrob-cos-wielkiego-ze-swoim-zyciem\/"]}]},{"@type":"ImageObject","inLanguage":"pl-PL","@id":"https:\/\/www.pogotowieflagowe.pl\/aktualne\/papiez-leo-xiv-przypomina-slowa-sw-jana-pawla-ii-zrob-cos-wielkiego-ze-swoim-zyciem\/#primaryimage","url":"https:\/\/www.pogotowieflagowe.pl\/aktualne\/wp-content\/uploads\/2025\/08\/Papiez-Leo-XIV-przypomina-slowa-sw-Jana-Pawla-II-\u201eZrob.jpg","contentUrl":"https:\/\/www.pogotowieflagowe.pl\/aktualne\/wp-content\/uploads\/2025\/08\/Papiez-Leo-XIV-przypomina-slowa-sw-Jana-Pawla-II-\u201eZrob.jpg","width":1920,"height":1048,"caption":"Papie\u017c Leo XIV przypomina s\u0142owa \u015bw. Jana Paw\u0142a II: \u201eZr\u00f3b co\u015b wielkiego ze swoim \u017cyciem\u201d."},{"@type":"BreadcrumbList","@id":"https:\/\/www.pogotowieflagowe.pl\/aktualne\/papiez-leo-xiv-przypomina-slowa-sw-jana-pawla-ii-zrob-cos-wielkiego-ze-swoim-zyciem\/#breadcrumb","itemListElement":[{"@type":"ListItem","position":1,"name":"Home","item":"https:\/\/www.pogotowieflagowe.pl\/aktualne\/"},{"@type":"ListItem","position":2,"name":"Papie\u017c Leo XIV przypomina s\u0142owa \u015bw. Jana Paw\u0142a II: \u201eZr\u00f3b co\u015b wielkiego ze swoim \u017cyciem\u201d."}]},{"@type":"WebSite","@id":"https:\/\/www.pogotowieflagowe.pl\/aktualne\/#website","url":"https:\/\/www.pogotowieflagowe.pl\/aktualne\/","name":"POGOTOWIE FLAGOWE\u00ae","description":"","publisher":{"@id":"https:\/\/www.pogotowieflagowe.pl\/aktualne\/#organization"},"potentialAction":[{"@type":"SearchAction","target":{"@type":"EntryPoint","urlTemplate":"https:\/\/www.pogotowieflagowe.pl\/aktualne\/?s={search_term_string}"},"query-input":"required name=search_term_string"}],"inLanguage":"pl-PL"},{"@type":"Organization","@id":"https:\/\/www.pogotowieflagowe.pl\/aktualne\/#organization","name":"POGOTOWIE FLAGOWE\u00ae","url":"https:\/\/www.pogotowieflagowe.pl\/aktualne\/","logo":{"@type":"ImageObject","inLanguage":"pl-PL","@id":"https:\/\/www.pogotowieflagowe.pl\/aktualne\/#\/schema\/logo\/image\/","url":"https:\/\/www.pogotowieflagowe.pl\/aktualne\/wp-content\/uploads\/2024\/08\/cropped-pogotowieflagowe_flaga_projekt_sm.jpg","contentUrl":"https:\/\/www.pogotowieflagowe.pl\/aktualne\/wp-content\/uploads\/2024\/08\/cropped-pogotowieflagowe_flaga_projekt_sm.jpg","width":250,"height":143,"caption":"POGOTOWIE FLAGOWE\u00ae"},"image":{"@id":"https:\/\/www.pogotowieflagowe.pl\/aktualne\/#\/schema\/logo\/image\/"}},{"@type":"Person","@id":"https:\/\/www.pogotowieflagowe.pl\/aktualne\/#\/schema\/person\/9c2fb7d2362ebf6fa088960d7f0d27b0","name":"Filip","image":{"@type":"ImageObject","inLanguage":"pl-PL","@id":"https:\/\/www.pogotowieflagowe.pl\/aktualne\/#\/schema\/person\/image\/","url":"https:\/\/www.pogotowieflagowe.pl\/aktualne\/wp-content\/uploads\/2024\/08\/pogotowieflagowe.pl_.jpg","contentUrl":"https:\/\/www.pogotowieflagowe.pl\/aktualne\/wp-content\/uploads\/2024\/08\/pogotowieflagowe.pl_.jpg","caption":"Filip"},"description":"Jestem Filip, polski dziennikarz z dyplomem nauk politycznych Uniwersytetu Warszawskiego. Rozpoczynaj\u0105c swoj\u0105 karier\u0119 w r\u00f3\u017cnych lokalnych mediach, zdoby\u0142em solidne do\u015bwiadczenie w zakresie \u015bledztwa i redakcji. Obecnie jako redaktor w Pogotowie flagowe, staram si\u0119 dostarcza\u0107 dog\u0142\u0119bne i istotne analizy na temat najwa\u017cniejszych kwestii aktualno\u015bci, \u0142\u0105cz\u0105c rygor z pasj\u0105 dziennikarsk\u0105.","sameAs":["https:\/\/www.pogotowieflagowe.pl\/"]}]}},"_links":{"self":[{"href":"https:\/\/www.pogotowieflagowe.pl\/aktualne\/wp-json\/wp\/v2\/posts\/6996","targetHints":{"allow":["GET"]}}],"collection":[{"href":"https:\/\/www.pogotowieflagowe.pl\/aktualne\/wp-json\/wp\/v2\/posts"}],"about":[{"href":"https:\/\/www.pogotowieflagowe.pl\/aktualne\/wp-json\/wp\/v2\/types\/post"}],"author":[{"embeddable":true,"href":"https:\/\/www.pogotowieflagowe.pl\/aktualne\/wp-json\/wp\/v2\/users\/1"}],"replies":[{"embeddable":true,"href":"https:\/\/www.pogotowieflagowe.pl\/aktualne\/wp-json\/wp\/v2\/comments?post=6996"}],"version-history":[{"count":1,"href":"https:\/\/www.pogotowieflagowe.pl\/aktualne\/wp-json\/wp\/v2\/posts\/6996\/revisions"}],"predecessor-version":[{"id":6998,"href":"https:\/\/www.pogotowieflagowe.pl\/aktualne\/wp-json\/wp\/v2\/posts\/6996\/revisions\/6998"}],"wp:featuredmedia":[{"embeddable":true,"href":"https:\/\/www.pogotowieflagowe.pl\/aktualne\/wp-json\/wp\/v2\/media\/6997"}],"wp:attachment":[{"href":"https:\/\/www.pogotowieflagowe.pl\/aktualne\/wp-json\/wp\/v2\/media?parent=6996"}],"wp:term":[{"taxonomy":"category","embeddable":true,"href":"https:\/\/www.pogotowieflagowe.pl\/aktualne\/wp-json\/wp\/v2\/categories?post=6996"},{"taxonomy":"post_tag","embeddable":true,"href":"https:\/\/www.pogotowieflagowe.pl\/aktualne\/wp-json\/wp\/v2\/tags?post=6996"}],"curies":[{"name":"wp","href":"https:\/\/api.w.org\/{rel}","templated":true}]}}