{"id":6999,"date":"2025-08-03T22:48:16","date_gmt":"2025-08-03T20:48:16","guid":{"rendered":"https:\/\/www.pogotowieflagowe.pl\/aktualne\/kaczynski-defant-gdy-rzad-stwardniaja-stanowisko-nie-przestraszy\/"},"modified":"2025-08-03T22:48:17","modified_gmt":"2025-08-03T20:48:17","slug":"kaczynski-defant-gdy-rzad-stwardniaja-stanowisko-nie-przestraszy","status":"publish","type":"post","link":"https:\/\/www.pogotowieflagowe.pl\/aktualne\/kaczynski-defant-gdy-rzad-stwardniaja-stanowisko-nie-przestraszy\/","title":{"rendered":"Kaczy\u0144ski defant, gdy rz\u0105d stwardniaj\u0105 stanowisko: \u201eNie przestraszy\u201d"},"content":{"rendered":"\n<div class=\"td_block_wrap tdb_single_content tdi_41 td-pb-border-top td_block_template_8 td-post-content tagdiv-type\" data-td-block-uid=\"tdi_41\">\n<style>.tdi_41 {margin-top: 0px! Wa\u017cne; margines-bottom: 0px! WA\u017bNY; PALDING-TOP: 0PX! WA\u017bNY; PALDING-BOTTOM: 0PX! WA\u017bNE}<\/style>\n<style>.tdb_single_content {margin-bottom: 0;*zoom: 1} .tdb_single_content: wcze\u015bniej, .tdb_single_content: po {display: Table; content: ''; line-height: 0} .TDB-BLOCK-INner>*: nie (.WP-BLOCK-QUOTE): not (.alignSwide): not (.Alignfull.wp-block-cover.has-parallax): not (.td-a-ad) {margin-left: auto; margin-right: auto} .tdb_single_ConTent a {wska\u017anik-events: auto} .tdb_single_content .td-spot-id-top_ad .tdc-placeholder-title: przed {content: \u201eArtyku\u0142 top ad\u201d! Wa\u017cne} .tdb_single_content .td-Spot-Id-inline_ad0 .tdc-placeholder-title 1 '! Wa\u017cne} .tdb_single_content .td-Spot-Id-inline_Ad1 .tdc-Placeholder-Title: przed {content: \u201eArtyku\u0142 inline AD 2'! Wa\u017cny} .tdb_single_content. 3 '! Wa\u017cne} .tdb_single_content .td-Spot-Id-Bottom_Ad .tdc-Placeholder-Title: przed {content: \u201eArtyku\u0142 Bottom Ad\u201d! Wa\u017cne} .tdb_single_content .id_top_ad, .tdb_single_content_content .id_bottom_ad {clear: oba; margin-bottom: 21px; text-align: Center} .tdb_single_content .id_top_ad img, .tdb_single_content .id_bottom_ad img {margin-bottom: 0} .tdb_single_conTent .id_top_ad .adsbyGoogle, .tdb_single_content .id_bottom_ad .adsbyGoogle {pozycja: relatyw} .tdb_single_content .id_ad_content-horiz-left, .tdb_single_content .id_ad_content-horiz-right, .tdb_single_content .id_ad_content-horiz-Center {margin-bottom: 15px} .tdb_single_content .id_ad_content-horiz-left Img, .tdb_single_content .id_ad_content-horiz-right img, .tdb_single_content .id_ad_content-horiz-centerter img {margin-bottom: 0} .tdb_single_content .id_ad_content-horiz-center {text-align: Center} .tdb_single_content .id_ad_content-horiz-center img {margin-right: auto; margin-let: auto} .tdb_single_content .id_ad_content-horiz-left {float: left; margin-top: 9px; margin-right: 21px} .tdb_single_content .id_ad_content-horiz-right {float: margin-top: 6px; margin-left: 21px} .tdb_single_content .tdc-a-a-ad .TDC-Placeholder-Title {szeroko\u015b\u0107: 300px; height: 250px} .tdb_single_content .tdc-a-ad .TDC-Placeholder-Title: Przed {Pozycja: Absolute; TOP: 50%;-WebKit-Transform: Translatey (-50%); Transform: Translatey (-50%); margines: auto; Display: Tabela; szeroko\u015b\u0107: 100%}. tdb_single_content .TDB-BLOCK-INNER.TD-FIX-INDEX {Word-Break: Break-word} .tdi_41, .tdi_41> p, .tdi_41 .tdb-block-inner> p, .Wp-Block-Column> p {font-size: 16px! Wa\u017cne; wa\u017cny; p {font-styl: normalne! Wa\u017cne} @media (Max-Width: 767px) {. tdb_single_content .id_ad_content-horiz-left, .tdb_single_content .id_ad_content-horiz-right, .tdb_single_content .id_ad_content-horiz-centter {Margin: 0 AUTO 26PXX auto}}@media (Max-Width: 767px) {. tdb_single_content .id_ad_content-horiz-left {margin-right: 0}}@media (max-width: 767px) {. (Max-Width: 767px) {. tdb_single_content .td-a-ad {float: none; text-align: Center} .tdb_single_content .td-a-ad img {margin-right: auto; margin-left: auto} .tdb_single_content .tdc-a-a-a-{margin-right: auto; margin-left: auto} .tdb_single_content .tdd<\/style>\n<div class=\"tdb-block-inner td-fix-index\">\n<p><strong>\u201ePolaki powinny zacz\u0105\u0107 m\u00f3wi\u0107 o przesz\u0142o\u015bci, aby stworzy\u0107 now\u0105 wizj\u0119 przysz\u0142o\u015bci, poniewa\u017c pod wieloma wzgl\u0119dami Polska musi si\u0119 zmieni\u0107\u201d<\/strong> &#8211; powiedzia\u0142 Jarozaw Kaczy\u0144ski, przewodnicz\u0105cy <em>Prawo i sprawiedliwo\u015b\u0107<\/em> (<em>Pis<\/em>), w opole. Pochwali\u0142 tak\u017ce wytrzyma\u0142o\u015b\u0107 Karola Nawrockiego.<\/p>\n<p>Jaroz\u0142aw Kaczy\u0144ski odwiedzi\u0142 dzi\u015b Opole, gdzie spotka\u0142 si\u0119 z lokalnymi mieszka\u0144cami w ramach <em>Polska wygra\u0142a<\/em> Kampania po wyborach prezydenckich w 2025 r.<\/p>\n<figure class=\"wp-block-embed is-type-rich is-provider-twitter wp-block-embed-twitter\">\n<div class=\"wp-block-embed__wrapper\">\n<blockquote class=\"twitter-tweet\" data-width=\"550\" data-dnt=\"true\">\n<p lang=\"pl\" dir=\"ltr\">\ud83c\uddf5\ud83c\uddf1 Ju\u017c za chwil\u0119 Zaczynamy Spotkanie W Opolu! Dzi\u0119kujeMy, \u017be Jeste\u015bcie Z Nami! <a rel=\"nofollow\" href=\"https:\/\/twitter.com\/hashtag\/Wygra%C5%82aPolska?src=hash&amp;ref_src=twsrc%5Etfw\">#Wygragolska<\/a> <a rel=\"nofollow\" href=\"https:\/\/t.co\/sGM1arNp0W\">pic.twitter.com\/sgm1arnp0w<\/a><\/p>\n<p>&#8211; Prrawo I roztrawiedliwo\u015bu (@Pisorgpl) <a rel=\"nofollow\" href=\"https:\/\/twitter.com\/pisorgpl\/status\/1952022801361371150?ref_src=twsrc%5Etfw\">3 sierpnia 2025<\/a><\/p><\/blockquote>\n<\/div>\n<\/figure>\n<blockquote class=\"wp-block-quote is-layout-flow wp-block-quote-is-layout-flow\">\n<p><strong>\u201eWygrali\u015bmy 1 czerwca i nic nie stanie na przeszkodzie, aby prezydent Karol Nawrocki zosta\u0142 zaprzysi\u0119\u017cony\u201d<\/strong> powiedzia\u0142 <em>Prawo i sprawiedliwo\u015b\u0107<\/em> lider.<\/p>\n<\/blockquote>\n<figure class=\"wp-block-pullquote has-text-align-right\">\n<blockquote>\n<p><strong>\u201eB\u0119dziemy mie\u0107 prezydenta &#8211; odwa\u017cnego cz\u0142owieka. Podczas tej kampanii prze\u017cy\u0142 tak\u201e k\u0105piel \u201dz brudem, \u017ce wydawa\u0142o si\u0119 to nie do zniesienia. Jestem przekonany, \u017ce nasi przeciwnicy s\u0105dzi, \u017ce b\u0119dzie musia\u0142 zatrzyma\u0107 si\u0119 po takim ataku, \u017ce za\u0142amamy si\u0119, \u017ce stracimy motywacj\u0119. To si\u0119 nie sta\u0142o\u201d<\/strong><\/p>\n<p><cite>Kaczy\u0144ski podkre\u015bli\u0142.<\/cite><\/p><\/blockquote>\n<\/figure>\n<figure class=\"wp-block-pullquote has-text-align-right\">\n<blockquote>\n<p><strong>\u201eTo naprawd\u0119 ogromne i bardzo wa\u017cne zwyci\u0119stwo. Przerwa\u0142o to pewien proces, kt\u00f3rego celem ko\u0144cowym by\u0142 nowy europejski traktat, kt\u00f3ry ma nas rozebra\u0107 nasz\u0105 suwerenno\u015b\u0107. Wiemy jedn\u0105 rzecz &#8211; ten prezydent go nie ratyfikuje. I to jest pow\u00f3d, dla kt\u00f3rego to zwyci\u0119stwo wywo\u0142a\u0142o tyle furii w Polsce i tyle troski w Niemczech\u201d<\/strong><\/p>\n<p><cite>zauwa\u017cy\u0142 lider opozycji.<\/cite><\/p><\/blockquote>\n<\/figure>\n<blockquote class=\"wp-block-quote is-layout-flow wp-block-quote-is-layout-flow\">\n<p>Kaczy\u0144ski r\u00f3wnie\u017c to powiedzia\u0142 <strong>\u201eNie mo\u017ce to by\u0107 jeszcze raz, \u017ce polska niezale\u017cno\u015b\u0107 jest tylko incydentem\u201d.<\/strong><\/p>\n<\/blockquote>\n<figure class=\"wp-block-pullquote has-text-align-right\">\n<blockquote>\n<p><strong>\u201eObowi\u0105zkiem wszystkich pokole\u0144 jest upewnienie si\u0119, \u017ce nigdy si\u0119 nie wydarzy. Polska musi pozosta\u0107 pa\u0144stwem suwerennym. Dzisiaj mamy nadziej\u0119. <em>Prawo i sprawiedliwo\u015b\u0107<\/em> podejmuje kroki przygotowawcze, aby wyci\u0105gn\u0105\u0107 pe\u0142ne wnioski z tego, co wydarzy\u0142o si\u0119 w Polsce. S\u0105 to g\u0142\u00f3wne preparaty programowe. Pod koniec pa\u017adziernika odb\u0119dzie si\u0119 pierwsza wa\u017cna konwencja polityczna. Polaki powinny zacz\u0105\u0107 m\u00f3wi\u0107 o przesz\u0142o\u015bci, aby stworzy\u0107 now\u0105 wizj\u0119 przysz\u0142o\u015bci, poniewa\u017c pod wieloma wzgl\u0119dami Polska musi si\u0119 zmieni\u0107. Na podstawie tego musi by\u0107 nowa konstytucja. Musimy stworzy\u0107 konstytucj\u0119, kt\u00f3rej nie mo\u017cna obali\u0107 ruchem palca. Tusk i ten rz\u0105d wybrali kurs eskalacji konfliktu. Nie b\u0119d\u0105 nas przestraszy\u0107. Praca \u017burek i Kierwi\u0144skiego b\u0119dzie Syzyfean \u201d<\/strong><\/p>\n<p><cite>o\u015bwiadczy\u0142.<\/cite><\/p><\/blockquote>\n<\/figure>\n<\/div>\n<\/div>\n<p><script async src=\"https:\/\/platform.twitter.com\/widgets.js\" charset=\"utf-8\"><\/script><\/p>\n","protected":false},"excerpt":{"rendered":"<p>\u201ePolaki powinny zacz\u0105\u0107 m\u00f3wi\u0107 o przesz\u0142o\u015bci, aby stworzy\u0107 now\u0105 wizj\u0119 przysz\u0142o\u015bci, poniewa\u017c pod wieloma wzgl\u0119dami Polska musi si\u0119 zmieni\u0107\u201d &#8211;<\/p>\n","protected":false},"author":1,"featured_media":7000,"comment_status":"closed","ping_status":"","sticky":false,"template":"","format":"standard","meta":{"footnotes":""},"categories":[4748],"tags":[8732,2503,2766,450,8734,1554,2981,8733],"class_list":["post-6999","post","type-post","status-publish","format-standard","has-post-thumbnail","hentry","category-aktualne","tag-defant","tag-gdy","tag-kaczynski","tag-nie","tag-przestraszy","tag-rzad","tag-stanowisko","tag-stwardniaja","generate-columns","tablet-grid-50","mobile-grid-100","grid-parent","grid-50","resize-featured-image"],"yoast_head":"<!-- This site is optimized with the Yoast SEO plugin v23.2 - https:\/\/yoast.com\/wordpress\/plugins\/seo\/ -->\n<title>Kaczy\u0144ski defant, gdy rz\u0105d stwardniaj\u0105 stanowisko: \u201eNie przestraszy\u201d - POGOTOWIE FLAGOWE\u00ae<\/title>\n<meta name=\"robots\" content=\"index, follow, max-snippet:-1, max-image-preview:large, max-video-preview:-1\" \/>\n<link rel=\"canonical\" href=\"https:\/\/www.pogotowieflagowe.pl\/aktualne\/kaczynski-defant-gdy-rzad-stwardniaja-stanowisko-nie-przestraszy\/\" \/>\n<meta property=\"og:locale\" content=\"pl_PL\" \/>\n<meta property=\"og:type\" content=\"article\" \/>\n<meta property=\"og:title\" content=\"Kaczy\u0144ski defant, gdy rz\u0105d stwardniaj\u0105 stanowisko: \u201eNie przestraszy\u201d - POGOTOWIE FLAGOWE\u00ae\" \/>\n<meta property=\"og:description\" content=\"\u201ePolaki powinny zacz\u0105\u0107 m\u00f3wi\u0107 o przesz\u0142o\u015bci, aby stworzy\u0107 now\u0105 wizj\u0119 przysz\u0142o\u015bci, poniewa\u017c pod wieloma wzgl\u0119dami Polska musi si\u0119 zmieni\u0107\u201d &#8211;\" \/>\n<meta property=\"og:url\" content=\"https:\/\/www.pogotowieflagowe.pl\/aktualne\/kaczynski-defant-gdy-rzad-stwardniaja-stanowisko-nie-przestraszy\/\" \/>\n<meta property=\"og:site_name\" content=\"POGOTOWIE FLAGOWE\u00ae\" \/>\n<meta property=\"article:published_time\" content=\"2025-08-03T20:48:16+00:00\" \/>\n<meta property=\"article:modified_time\" content=\"2025-08-03T20:48:17+00:00\" \/>\n<meta property=\"og:image\" content=\"https:\/\/www.pogotowieflagowe.pl\/aktualne\/wp-content\/uploads\/2025\/08\/Kaczynski-defant-gdy-rzad-stwardniaja-stanowisko-\u201eNie-przestraszy.webp.webp\" \/>\n\t<meta property=\"og:image:width\" content=\"1280\" \/>\n\t<meta property=\"og:image:height\" content=\"720\" \/>\n\t<meta property=\"og:image:type\" content=\"image\/webp\" \/>\n<meta name=\"author\" content=\"Filip\" \/>\n<meta name=\"twitter:card\" content=\"summary_large_image\" \/>\n<meta name=\"twitter:label1\" content=\"Napisane przez\" \/>\n\t<meta name=\"twitter:data1\" content=\"Filip\" \/>\n\t<meta name=\"twitter:label2\" content=\"Szacowany czas czytania\" \/>\n\t<meta name=\"twitter:data2\" content=\"2 minuty\" \/>\n<script type=\"application\/ld+json\" class=\"yoast-schema-graph\">{\"@context\":\"https:\/\/schema.org\",\"@graph\":[{\"@type\":\"Article\",\"@id\":\"https:\/\/www.pogotowieflagowe.pl\/aktualne\/kaczynski-defant-gdy-rzad-stwardniaja-stanowisko-nie-przestraszy\/#article\",\"isPartOf\":{\"@id\":\"https:\/\/www.pogotowieflagowe.pl\/aktualne\/kaczynski-defant-gdy-rzad-stwardniaja-stanowisko-nie-przestraszy\/\"},\"author\":{\"name\":\"Filip\",\"@id\":\"https:\/\/www.pogotowieflagowe.pl\/aktualne\/#\/schema\/person\/9c2fb7d2362ebf6fa088960d7f0d27b0\"},\"headline\":\"Kaczy\u0144ski defant, gdy rz\u0105d stwardniaj\u0105 stanowisko: \u201eNie przestraszy\u201d\",\"datePublished\":\"2025-08-03T20:48:16+00:00\",\"dateModified\":\"2025-08-03T20:48:17+00:00\",\"mainEntityOfPage\":{\"@id\":\"https:\/\/www.pogotowieflagowe.pl\/aktualne\/kaczynski-defant-gdy-rzad-stwardniaja-stanowisko-nie-przestraszy\/\"},\"wordCount\":400,\"publisher\":{\"@id\":\"https:\/\/www.pogotowieflagowe.pl\/aktualne\/#organization\"},\"image\":{\"@id\":\"https:\/\/www.pogotowieflagowe.pl\/aktualne\/kaczynski-defant-gdy-rzad-stwardniaja-stanowisko-nie-przestraszy\/#primaryimage\"},\"thumbnailUrl\":\"https:\/\/www.pogotowieflagowe.pl\/aktualne\/wp-content\/uploads\/2025\/08\/Kaczynski-defant-gdy-rzad-stwardniaja-stanowisko-\u201eNie-przestraszy.webp.webp\",\"keywords\":[\"defant\",\"gdy\",\"Kaczy\u0144ski\",\"Nie\",\"przestraszy\",\"Rz\u0105d\",\"stanowisko\",\"stwardniaj\u0105\"],\"articleSection\":[\"Aktualne\"],\"inLanguage\":\"pl-PL\"},{\"@type\":\"WebPage\",\"@id\":\"https:\/\/www.pogotowieflagowe.pl\/aktualne\/kaczynski-defant-gdy-rzad-stwardniaja-stanowisko-nie-przestraszy\/\",\"url\":\"https:\/\/www.pogotowieflagowe.pl\/aktualne\/kaczynski-defant-gdy-rzad-stwardniaja-stanowisko-nie-przestraszy\/\",\"name\":\"Kaczy\u0144ski defant, gdy rz\u0105d stwardniaj\u0105 stanowisko: \u201eNie przestraszy\u201d - POGOTOWIE FLAGOWE\u00ae\",\"isPartOf\":{\"@id\":\"https:\/\/www.pogotowieflagowe.pl\/aktualne\/#website\"},\"primaryImageOfPage\":{\"@id\":\"https:\/\/www.pogotowieflagowe.pl\/aktualne\/kaczynski-defant-gdy-rzad-stwardniaja-stanowisko-nie-przestraszy\/#primaryimage\"},\"image\":{\"@id\":\"https:\/\/www.pogotowieflagowe.pl\/aktualne\/kaczynski-defant-gdy-rzad-stwardniaja-stanowisko-nie-przestraszy\/#primaryimage\"},\"thumbnailUrl\":\"https:\/\/www.pogotowieflagowe.pl\/aktualne\/wp-content\/uploads\/2025\/08\/Kaczynski-defant-gdy-rzad-stwardniaja-stanowisko-\u201eNie-przestraszy.webp.webp\",\"datePublished\":\"2025-08-03T20:48:16+00:00\",\"dateModified\":\"2025-08-03T20:48:17+00:00\",\"breadcrumb\":{\"@id\":\"https:\/\/www.pogotowieflagowe.pl\/aktualne\/kaczynski-defant-gdy-rzad-stwardniaja-stanowisko-nie-przestraszy\/#breadcrumb\"},\"inLanguage\":\"pl-PL\",\"potentialAction\":[{\"@type\":\"ReadAction\",\"target\":[\"https:\/\/www.pogotowieflagowe.pl\/aktualne\/kaczynski-defant-gdy-rzad-stwardniaja-stanowisko-nie-przestraszy\/\"]}]},{\"@type\":\"ImageObject\",\"inLanguage\":\"pl-PL\",\"@id\":\"https:\/\/www.pogotowieflagowe.pl\/aktualne\/kaczynski-defant-gdy-rzad-stwardniaja-stanowisko-nie-przestraszy\/#primaryimage\",\"url\":\"https:\/\/www.pogotowieflagowe.pl\/aktualne\/wp-content\/uploads\/2025\/08\/Kaczynski-defant-gdy-rzad-stwardniaja-stanowisko-\u201eNie-przestraszy.webp.webp\",\"contentUrl\":\"https:\/\/www.pogotowieflagowe.pl\/aktualne\/wp-content\/uploads\/2025\/08\/Kaczynski-defant-gdy-rzad-stwardniaja-stanowisko-\u201eNie-przestraszy.webp.webp\",\"width\":1280,\"height\":720,\"caption\":\"Kaczy\u0144ski defant, gdy rz\u0105d stwardniaj\u0105 stanowisko: \u201eNie przestraszy\u201d\"},{\"@type\":\"BreadcrumbList\",\"@id\":\"https:\/\/www.pogotowieflagowe.pl\/aktualne\/kaczynski-defant-gdy-rzad-stwardniaja-stanowisko-nie-przestraszy\/#breadcrumb\",\"itemListElement\":[{\"@type\":\"ListItem\",\"position\":1,\"name\":\"Home\",\"item\":\"https:\/\/www.pogotowieflagowe.pl\/aktualne\/\"},{\"@type\":\"ListItem\",\"position\":2,\"name\":\"Kaczy\u0144ski defant, gdy rz\u0105d stwardniaj\u0105 stanowisko: \u201eNie przestraszy\u201d\"}]},{\"@type\":\"WebSite\",\"@id\":\"https:\/\/www.pogotowieflagowe.pl\/aktualne\/#website\",\"url\":\"https:\/\/www.pogotowieflagowe.pl\/aktualne\/\",\"name\":\"POGOTOWIE FLAGOWE\u00ae\",\"description\":\"\",\"publisher\":{\"@id\":\"https:\/\/www.pogotowieflagowe.pl\/aktualne\/#organization\"},\"potentialAction\":[{\"@type\":\"SearchAction\",\"target\":{\"@type\":\"EntryPoint\",\"urlTemplate\":\"https:\/\/www.pogotowieflagowe.pl\/aktualne\/?s={search_term_string}\"},\"query-input\":\"required name=search_term_string\"}],\"inLanguage\":\"pl-PL\"},{\"@type\":\"Organization\",\"@id\":\"https:\/\/www.pogotowieflagowe.pl\/aktualne\/#organization\",\"name\":\"POGOTOWIE FLAGOWE\u00ae\",\"url\":\"https:\/\/www.pogotowieflagowe.pl\/aktualne\/\",\"logo\":{\"@type\":\"ImageObject\",\"inLanguage\":\"pl-PL\",\"@id\":\"https:\/\/www.pogotowieflagowe.pl\/aktualne\/#\/schema\/logo\/image\/\",\"url\":\"https:\/\/www.pogotowieflagowe.pl\/aktualne\/wp-content\/uploads\/2024\/08\/cropped-pogotowieflagowe_flaga_projekt_sm.jpg\",\"contentUrl\":\"https:\/\/www.pogotowieflagowe.pl\/aktualne\/wp-content\/uploads\/2024\/08\/cropped-pogotowieflagowe_flaga_projekt_sm.jpg\",\"width\":250,\"height\":143,\"caption\":\"POGOTOWIE FLAGOWE\u00ae\"},\"image\":{\"@id\":\"https:\/\/www.pogotowieflagowe.pl\/aktualne\/#\/schema\/logo\/image\/\"}},{\"@type\":\"Person\",\"@id\":\"https:\/\/www.pogotowieflagowe.pl\/aktualne\/#\/schema\/person\/9c2fb7d2362ebf6fa088960d7f0d27b0\",\"name\":\"Filip\",\"image\":{\"@type\":\"ImageObject\",\"inLanguage\":\"pl-PL\",\"@id\":\"https:\/\/www.pogotowieflagowe.pl\/aktualne\/#\/schema\/person\/image\/\",\"url\":\"https:\/\/www.pogotowieflagowe.pl\/aktualne\/wp-content\/uploads\/2024\/08\/pogotowieflagowe.pl_.jpg\",\"contentUrl\":\"https:\/\/www.pogotowieflagowe.pl\/aktualne\/wp-content\/uploads\/2024\/08\/pogotowieflagowe.pl_.jpg\",\"caption\":\"Filip\"},\"description\":\"Jestem Filip, polski dziennikarz z dyplomem nauk politycznych Uniwersytetu Warszawskiego. Rozpoczynaj\u0105c swoj\u0105 karier\u0119 w r\u00f3\u017cnych lokalnych mediach, zdoby\u0142em solidne do\u015bwiadczenie w zakresie \u015bledztwa i redakcji. Obecnie jako redaktor w Pogotowie flagowe, staram si\u0119 dostarcza\u0107 dog\u0142\u0119bne i istotne analizy na temat najwa\u017cniejszych kwestii aktualno\u015bci, \u0142\u0105cz\u0105c rygor z pasj\u0105 dziennikarsk\u0105.\",\"sameAs\":[\"https:\/\/www.pogotowieflagowe.pl\/\"]}]}<\/script>\n<!-- \/ Yoast SEO plugin. -->","yoast_head_json":{"title":"Kaczy\u0144ski defant, gdy rz\u0105d stwardniaj\u0105 stanowisko: \u201eNie przestraszy\u201d - POGOTOWIE FLAGOWE\u00ae","robots":{"index":"index","follow":"follow","max-snippet":"max-snippet:-1","max-image-preview":"max-image-preview:large","max-video-preview":"max-video-preview:-1"},"canonical":"https:\/\/www.pogotowieflagowe.pl\/aktualne\/kaczynski-defant-gdy-rzad-stwardniaja-stanowisko-nie-przestraszy\/","og_locale":"pl_PL","og_type":"article","og_title":"Kaczy\u0144ski defant, gdy rz\u0105d stwardniaj\u0105 stanowisko: \u201eNie przestraszy\u201d - POGOTOWIE FLAGOWE\u00ae","og_description":"\u201ePolaki powinny zacz\u0105\u0107 m\u00f3wi\u0107 o przesz\u0142o\u015bci, aby stworzy\u0107 now\u0105 wizj\u0119 przysz\u0142o\u015bci, poniewa\u017c pod wieloma wzgl\u0119dami Polska musi si\u0119 zmieni\u0107\u201d &#8211;","og_url":"https:\/\/www.pogotowieflagowe.pl\/aktualne\/kaczynski-defant-gdy-rzad-stwardniaja-stanowisko-nie-przestraszy\/","og_site_name":"POGOTOWIE FLAGOWE\u00ae","article_published_time":"2025-08-03T20:48:16+00:00","article_modified_time":"2025-08-03T20:48:17+00:00","og_image":[{"width":1280,"height":720,"url":"https:\/\/www.pogotowieflagowe.pl\/aktualne\/wp-content\/uploads\/2025\/08\/Kaczynski-defant-gdy-rzad-stwardniaja-stanowisko-\u201eNie-przestraszy.webp.webp","type":"image\/webp"}],"author":"Filip","twitter_card":"summary_large_image","twitter_misc":{"Napisane przez":"Filip","Szacowany czas czytania":"2 minuty"},"schema":{"@context":"https:\/\/schema.org","@graph":[{"@type":"Article","@id":"https:\/\/www.pogotowieflagowe.pl\/aktualne\/kaczynski-defant-gdy-rzad-stwardniaja-stanowisko-nie-przestraszy\/#article","isPartOf":{"@id":"https:\/\/www.pogotowieflagowe.pl\/aktualne\/kaczynski-defant-gdy-rzad-stwardniaja-stanowisko-nie-przestraszy\/"},"author":{"name":"Filip","@id":"https:\/\/www.pogotowieflagowe.pl\/aktualne\/#\/schema\/person\/9c2fb7d2362ebf6fa088960d7f0d27b0"},"headline":"Kaczy\u0144ski defant, gdy rz\u0105d stwardniaj\u0105 stanowisko: \u201eNie przestraszy\u201d","datePublished":"2025-08-03T20:48:16+00:00","dateModified":"2025-08-03T20:48:17+00:00","mainEntityOfPage":{"@id":"https:\/\/www.pogotowieflagowe.pl\/aktualne\/kaczynski-defant-gdy-rzad-stwardniaja-stanowisko-nie-przestraszy\/"},"wordCount":400,"publisher":{"@id":"https:\/\/www.pogotowieflagowe.pl\/aktualne\/#organization"},"image":{"@id":"https:\/\/www.pogotowieflagowe.pl\/aktualne\/kaczynski-defant-gdy-rzad-stwardniaja-stanowisko-nie-przestraszy\/#primaryimage"},"thumbnailUrl":"https:\/\/www.pogotowieflagowe.pl\/aktualne\/wp-content\/uploads\/2025\/08\/Kaczynski-defant-gdy-rzad-stwardniaja-stanowisko-\u201eNie-przestraszy.webp.webp","keywords":["defant","gdy","Kaczy\u0144ski","Nie","przestraszy","Rz\u0105d","stanowisko","stwardniaj\u0105"],"articleSection":["Aktualne"],"inLanguage":"pl-PL"},{"@type":"WebPage","@id":"https:\/\/www.pogotowieflagowe.pl\/aktualne\/kaczynski-defant-gdy-rzad-stwardniaja-stanowisko-nie-przestraszy\/","url":"https:\/\/www.pogotowieflagowe.pl\/aktualne\/kaczynski-defant-gdy-rzad-stwardniaja-stanowisko-nie-przestraszy\/","name":"Kaczy\u0144ski defant, gdy rz\u0105d stwardniaj\u0105 stanowisko: \u201eNie przestraszy\u201d - POGOTOWIE FLAGOWE\u00ae","isPartOf":{"@id":"https:\/\/www.pogotowieflagowe.pl\/aktualne\/#website"},"primaryImageOfPage":{"@id":"https:\/\/www.pogotowieflagowe.pl\/aktualne\/kaczynski-defant-gdy-rzad-stwardniaja-stanowisko-nie-przestraszy\/#primaryimage"},"image":{"@id":"https:\/\/www.pogotowieflagowe.pl\/aktualne\/kaczynski-defant-gdy-rzad-stwardniaja-stanowisko-nie-przestraszy\/#primaryimage"},"thumbnailUrl":"https:\/\/www.pogotowieflagowe.pl\/aktualne\/wp-content\/uploads\/2025\/08\/Kaczynski-defant-gdy-rzad-stwardniaja-stanowisko-\u201eNie-przestraszy.webp.webp","datePublished":"2025-08-03T20:48:16+00:00","dateModified":"2025-08-03T20:48:17+00:00","breadcrumb":{"@id":"https:\/\/www.pogotowieflagowe.pl\/aktualne\/kaczynski-defant-gdy-rzad-stwardniaja-stanowisko-nie-przestraszy\/#breadcrumb"},"inLanguage":"pl-PL","potentialAction":[{"@type":"ReadAction","target":["https:\/\/www.pogotowieflagowe.pl\/aktualne\/kaczynski-defant-gdy-rzad-stwardniaja-stanowisko-nie-przestraszy\/"]}]},{"@type":"ImageObject","inLanguage":"pl-PL","@id":"https:\/\/www.pogotowieflagowe.pl\/aktualne\/kaczynski-defant-gdy-rzad-stwardniaja-stanowisko-nie-przestraszy\/#primaryimage","url":"https:\/\/www.pogotowieflagowe.pl\/aktualne\/wp-content\/uploads\/2025\/08\/Kaczynski-defant-gdy-rzad-stwardniaja-stanowisko-\u201eNie-przestraszy.webp.webp","contentUrl":"https:\/\/www.pogotowieflagowe.pl\/aktualne\/wp-content\/uploads\/2025\/08\/Kaczynski-defant-gdy-rzad-stwardniaja-stanowisko-\u201eNie-przestraszy.webp.webp","width":1280,"height":720,"caption":"Kaczy\u0144ski defant, gdy rz\u0105d stwardniaj\u0105 stanowisko: \u201eNie przestraszy\u201d"},{"@type":"BreadcrumbList","@id":"https:\/\/www.pogotowieflagowe.pl\/aktualne\/kaczynski-defant-gdy-rzad-stwardniaja-stanowisko-nie-przestraszy\/#breadcrumb","itemListElement":[{"@type":"ListItem","position":1,"name":"Home","item":"https:\/\/www.pogotowieflagowe.pl\/aktualne\/"},{"@type":"ListItem","position":2,"name":"Kaczy\u0144ski defant, gdy rz\u0105d stwardniaj\u0105 stanowisko: \u201eNie przestraszy\u201d"}]},{"@type":"WebSite","@id":"https:\/\/www.pogotowieflagowe.pl\/aktualne\/#website","url":"https:\/\/www.pogotowieflagowe.pl\/aktualne\/","name":"POGOTOWIE FLAGOWE\u00ae","description":"","publisher":{"@id":"https:\/\/www.pogotowieflagowe.pl\/aktualne\/#organization"},"potentialAction":[{"@type":"SearchAction","target":{"@type":"EntryPoint","urlTemplate":"https:\/\/www.pogotowieflagowe.pl\/aktualne\/?s={search_term_string}"},"query-input":"required name=search_term_string"}],"inLanguage":"pl-PL"},{"@type":"Organization","@id":"https:\/\/www.pogotowieflagowe.pl\/aktualne\/#organization","name":"POGOTOWIE FLAGOWE\u00ae","url":"https:\/\/www.pogotowieflagowe.pl\/aktualne\/","logo":{"@type":"ImageObject","inLanguage":"pl-PL","@id":"https:\/\/www.pogotowieflagowe.pl\/aktualne\/#\/schema\/logo\/image\/","url":"https:\/\/www.pogotowieflagowe.pl\/aktualne\/wp-content\/uploads\/2024\/08\/cropped-pogotowieflagowe_flaga_projekt_sm.jpg","contentUrl":"https:\/\/www.pogotowieflagowe.pl\/aktualne\/wp-content\/uploads\/2024\/08\/cropped-pogotowieflagowe_flaga_projekt_sm.jpg","width":250,"height":143,"caption":"POGOTOWIE FLAGOWE\u00ae"},"image":{"@id":"https:\/\/www.pogotowieflagowe.pl\/aktualne\/#\/schema\/logo\/image\/"}},{"@type":"Person","@id":"https:\/\/www.pogotowieflagowe.pl\/aktualne\/#\/schema\/person\/9c2fb7d2362ebf6fa088960d7f0d27b0","name":"Filip","image":{"@type":"ImageObject","inLanguage":"pl-PL","@id":"https:\/\/www.pogotowieflagowe.pl\/aktualne\/#\/schema\/person\/image\/","url":"https:\/\/www.pogotowieflagowe.pl\/aktualne\/wp-content\/uploads\/2024\/08\/pogotowieflagowe.pl_.jpg","contentUrl":"https:\/\/www.pogotowieflagowe.pl\/aktualne\/wp-content\/uploads\/2024\/08\/pogotowieflagowe.pl_.jpg","caption":"Filip"},"description":"Jestem Filip, polski dziennikarz z dyplomem nauk politycznych Uniwersytetu Warszawskiego. Rozpoczynaj\u0105c swoj\u0105 karier\u0119 w r\u00f3\u017cnych lokalnych mediach, zdoby\u0142em solidne do\u015bwiadczenie w zakresie \u015bledztwa i redakcji. Obecnie jako redaktor w Pogotowie flagowe, staram si\u0119 dostarcza\u0107 dog\u0142\u0119bne i istotne analizy na temat najwa\u017cniejszych kwestii aktualno\u015bci, \u0142\u0105cz\u0105c rygor z pasj\u0105 dziennikarsk\u0105.","sameAs":["https:\/\/www.pogotowieflagowe.pl\/"]}]}},"_links":{"self":[{"href":"https:\/\/www.pogotowieflagowe.pl\/aktualne\/wp-json\/wp\/v2\/posts\/6999","targetHints":{"allow":["GET"]}}],"collection":[{"href":"https:\/\/www.pogotowieflagowe.pl\/aktualne\/wp-json\/wp\/v2\/posts"}],"about":[{"href":"https:\/\/www.pogotowieflagowe.pl\/aktualne\/wp-json\/wp\/v2\/types\/post"}],"author":[{"embeddable":true,"href":"https:\/\/www.pogotowieflagowe.pl\/aktualne\/wp-json\/wp\/v2\/users\/1"}],"replies":[{"embeddable":true,"href":"https:\/\/www.pogotowieflagowe.pl\/aktualne\/wp-json\/wp\/v2\/comments?post=6999"}],"version-history":[{"count":1,"href":"https:\/\/www.pogotowieflagowe.pl\/aktualne\/wp-json\/wp\/v2\/posts\/6999\/revisions"}],"predecessor-version":[{"id":7001,"href":"https:\/\/www.pogotowieflagowe.pl\/aktualne\/wp-json\/wp\/v2\/posts\/6999\/revisions\/7001"}],"wp:featuredmedia":[{"embeddable":true,"href":"https:\/\/www.pogotowieflagowe.pl\/aktualne\/wp-json\/wp\/v2\/media\/7000"}],"wp:attachment":[{"href":"https:\/\/www.pogotowieflagowe.pl\/aktualne\/wp-json\/wp\/v2\/media?parent=6999"}],"wp:term":[{"taxonomy":"category","embeddable":true,"href":"https:\/\/www.pogotowieflagowe.pl\/aktualne\/wp-json\/wp\/v2\/categories?post=6999"},{"taxonomy":"post_tag","embeddable":true,"href":"https:\/\/www.pogotowieflagowe.pl\/aktualne\/wp-json\/wp\/v2\/tags?post=6999"}],"curies":[{"name":"wp","href":"https:\/\/api.w.org\/{rel}","templated":true}]}}