{"id":7032,"date":"2025-08-05T22:46:54","date_gmt":"2025-08-05T20:46:54","guid":{"rendered":"https:\/\/www.pogotowieflagowe.pl\/aktualne\/kto-by-sie-tego-spodziewal-po-wystawie-gdansku-niemieckie-media-pisza-o-polskich-zolnierzach-hitlera\/"},"modified":"2025-08-05T22:46:55","modified_gmt":"2025-08-05T20:46:55","slug":"kto-by-sie-tego-spodziewal-po-wystawie-gdansku-niemieckie-media-pisza-o-polskich-zolnierzach-hitlera","status":"publish","type":"post","link":"https:\/\/www.pogotowieflagowe.pl\/aktualne\/kto-by-sie-tego-spodziewal-po-wystawie-gdansku-niemieckie-media-pisza-o-polskich-zolnierzach-hitlera\/","title":{"rendered":"Kto by si\u0119 tego spodziewa\u0142\u2026 po wystawie Gda\u0144sku niemieckie media pisz\u0105 o \u201ePolskich \u017co\u0142nierzach Hitlera\u201d"},"content":{"rendered":"\n<div class=\"td_block_wrap tdb_single_content tdi_41 td-pb-border-top td_block_template_8 td-post-content tagdiv-type\" data-td-block-uid=\"tdi_41\">\n<style>.tdi_41 {margin-top: 0px! Wa\u017cne; margines-bottom: 0px! WA\u017bNY; PALDING-TOP: 0PX! WA\u017bNY; PALDING-BOTTOM: 0PX! WA\u017bNE}<\/style>\n<style>.tdb_single_content {margin-bottom: 0;*zoom: 1} .tdb_single_content: wcze\u015bniej, .tdb_single_content: po {display: Table; content: ''; line-height: 0} .TDB-BLOCK-INner>*: nie (.WP-BLOCK-QUOTE): not (.alignSwide): not (.Alignfull.wp-block-cover.has-parallax): not (.td-a-ad) {margin-left: auto; margin-right: auto} .tdb_single_ConTent a {wska\u017anik-events: auto} .tdb_single_content .td-spot-id-top_ad .tdc-placeholder-title: przed {content: \u201eArtyku\u0142 top ad\u201d! Wa\u017cne} .tdb_single_content .td-Spot-Id-inline_ad0 .tdc-placeholder-title 1 '! Wa\u017cne} .tdb_single_content .td-Spot-Id-inline_Ad1 .tdc-Placeholder-Title: przed {content: \u201eArtyku\u0142 inline AD 2'! Wa\u017cny} .tdb_single_content. 3 '! Wa\u017cne} .tdb_single_content .td-Spot-Id-Bottom_Ad .tdc-Placeholder-Title: przed {content: \u201eArtyku\u0142 Bottom Ad\u201d! Wa\u017cne} .tdb_single_content .id_top_ad, .tdb_single_content_content .id_bottom_ad {clear: oba; margin-bottom: 21px; text-align: Center} .tdb_single_content .id_top_ad img, .tdb_single_content .id_bottom_ad img {margin-bottom: 0} .tdb_single_conTent .id_top_ad .adsbyGoogle, .tdb_single_content .id_bottom_ad .adsbyGoogle {pozycja: relatyw} .tdb_single_content .id_ad_content-horiz-left, .tdb_single_content .id_ad_content-horiz-right, .tdb_single_content .id_ad_content-horiz-Center {margin-bottom: 15px} .tdb_single_content .id_ad_content-horiz-left Img, .tdb_single_content .id_ad_content-horiz-right img, .tdb_single_content .id_ad_content-horiz-centerter img {margin-bottom: 0} .tdb_single_content .id_ad_content-horiz-center {text-align: Center} .tdb_single_content .id_ad_content-horiz-center img {margin-right: auto; margin-let: auto} .tdb_single_content .id_ad_content-horiz-left {float: left; margin-top: 9px; margin-right: 21px} .tdb_single_content .id_ad_content-horiz-right {float: margin-top: 6px; margin-left: 21px} .tdb_single_content .tdc-a-a-ad .TDC-Placeholder-Title {szeroko\u015b\u0107: 300px; height: 250px} .tdb_single_content .tdc-a-ad .TDC-Placeholder-Title: Przed {Pozycja: Absolute; TOP: 50%;-WebKit-Transform: Translatey (-50%); Transform: Translatey (-50%); margines: auto; wy\u015bwietlacz: tabela; szeroko\u015b\u0107: 100%}. tdb_single_content .TDB-BLOCK-INNER.TD-FIX-INDEX {Word-Break: Break-word} .tdi_41, .tdi_41> p, .tdi_41 .tdb-block-inner> p, .Wp-Block-Column> p {font-size: 16px! Wa\u017cne; wa\u017cny; p {font-styl: normalne! Wa\u017cne} @media (Max-Width: 767px) {. tdb_single_content .id_ad_content-horiz-left, .tdb_single_content .id_ad_content-horiz-right, .tdb_single_content .id_ad_content-horiz-centter {Margin: 0 AUTO 26PXX auto}}@media (Max-Width: 767px) {. tdb_single_content .id_ad_content-horiz-left {margin-right: 0}}@media (max-width: 767px) {. (Max-Width: 767px) {. tdb_single_content .td-a-ad {float: none; text-align: Center} .tdb_single_content .td-a-ad img {margin-right: auto; margin-left: auto} .tdb_single_content .tdc-a-a-a-{margin-right: auto; margin-left: auto} .tdb_single_content .tdd<\/style>\n<div class=\"tdb-block-inner td-fix-index\">\n<p>Politycy krytykuj\u0105cy wystaw\u0119 <em>\u201eNasi ch\u0142opcy\u201d<\/em> wykazali, \u017ce nie rozumiej\u0105 gminy mieszka\u0144c\u00f3w Gda\u0144skiego i Pomerii podczas II wojny \u015bwiatowej, ani ich wymuszonego poboru do Wehrmacht &#8211; ocenia\u0142y korespondent <em>Frankfurter Allgemeine Zeitung<\/em>. Zatytu\u0142owa\u0142 sw\u00f3j moralizuj\u0105cy artyku\u0142 <em>\u201ePolscy \u017co\u0142nierze Hitlera\u201d.<\/em> \u201eC\u00f3\u017c, nikt nie spodziewa\u0142 si\u0119, w jaki spos\u00f3b Niemcy b\u0119d\u0105 u\u017cywa\u0107 <em>\u201eNasi ch\u0142opcy\u201d<\/em>\u201dKupa zauwa\u017caj u\u017cytkownik\u00f3w Internetu.<\/p>\n<p>Korespondent Warszawa <em>Faz<\/em>Stefan Locke, zacz\u0105\u0142 od powo\u0142ania si\u0119 na krytyczne reakcje na wystaw\u0119 <em>\u201eNasi ch\u0142opcy. Mieszka\u0144cy Gda\u0144skiej Pomerania w armii Trzeciej Rzeszy\u201d<\/em> odbywa si\u0119 w gotyckiej hali g\u0142\u00f3wnego ratusza w Gda\u0144sku. Zacytowa\u0142 post od prezydenta Andrzeja Dudy na Twitterze, kt\u00f3ry nazwa\u0142 eksponat \u201eprowokacj\u0105 moraln\u0105\u201d, a tak\u017ce o\u015bwiadczenie przyw\u00f3dcy PIS Jaroz\u0142awa Kaczy\u0144skiego, kt\u00f3ry powiedzia\u0142, \u017ce wystawa by\u0142a \u201eatakiem na polsk\u0105 suwerenno\u015b\u0107\u201d. Wspomnia\u0142 tak\u017ce o negatywnej opinii wyra\u017conej przez wicepremiera W\u0142adys\u0142aw Kosiniak-Kamasz.<\/p>\n<p>Wsp\u00f3ln\u0105 cech\u0105 tych trzech polityk\u00f3w, Locke, napisa\u0142 w swoim wtorkowym wysy\u0142ce z Gda\u0144ski, jest to, \u017ce nie zapoznali si\u0119 z \u201eprzedmiotem ich oburzenia\u201d i polegaj\u0105c tylko na tym, co powiedzieli inni, wykorzystali swoje stanowiska i zasi\u0119g medi\u00f3w spo\u0142eczno\u015bciowych, aby szeroko publikowa\u0107 ich \u201euprzedzenia\u201d.<\/p>\n<p>\u201eReakcje pokazuj\u0105, \u017ce krytycy nie rozumiej\u0105 podmiotu wystawy &#8211; germalizacji mieszka\u0144c\u00f3w Gda\u0144skiego i Pomerii podczas niemieckiej okupacji Polski podczas II wojny \u015bwiatowej i przymusowego poboru lokalnych m\u0119\u017cczyzn do Wehrmacht\u201d &#8211; podkre\u015bli\u0142 autor.<\/p>\n<p>\u201eTa historia bardzo r\u00f3\u017cni si\u0119 od historii Warszawy lub Krak\u00f3w i nie jest nauczana w polskich szko\u0142ach, co prowadzi do takich reakcji emocjonalnych\u201d &#8211; zauwa\u017cy\u0142 kustosz wystawowy AndrzeJ Hoja, cytowany przez <em>Faz<\/em>.<\/p>\n<p>Locke opisuje sytuacj\u0119 mieszka\u0144c\u00f3w Gda\u0144ska i Pomerania po tym, jak te terytoria zosta\u0142y w\u0142\u0105czone do trzeciej Rzeszy w 1939 <em>Volksliste<\/em> (Niemiecka lista narodowo\u015bci). W regionie Prusy Prus\u00f3w w Gda\u0144sku prawie milion ludzi podpisa\u0142o <em>Volksliste<\/em>i oko\u0142o 90 000 zosta\u0142o powo\u0142anych do Wehrmacht. W tym osoby z innych okupowanych przez Niemc\u00f3w terytori\u00f3w polskich, wed\u0142ug armii Hitlera s\u0142u\u017cy\u0142 oko\u0142o 450 000 Polak\u00f3w <em>Faz<\/em>. Artyku\u0142 by\u0142 bezczelnie zatytu\u0142owany: <em>\u201ePolscy \u017co\u0142nierze Hitlera\u201d.<\/em><\/p>\n<p>. <em>Faz<\/em> Korespondent podj\u0105\u0142 r\u00f3wnie\u017c wolno\u015b\u0107 zr\u00f3wnania polskich i niemieckich postaw wobec tego tematu: \u201eTymczasem na pobliskich targach \u015bw. Dominika, podej\u015bcie do historii trzeciej Rzeszy jest ca\u0142kowicie niekonkurencyjne: nazistowskie przedmioty nabo\u017cne oferowane przez handlowc\u00f3w &#8211; w\u015br\u00f3d nich nawet Autograf Heinricha Himmlera &#8211; jest kupowany oboje zara\u017ccu, jak i na Polakach\u201d, napisane locke.<\/p>\n<p>Czy dok\u0142adnie to ostrzegali ludzie? Nikt si\u0119 tego nie spodziewa\u0142\u2026<\/p>\n<\/div>\n<\/div>\n","protected":false},"excerpt":{"rendered":"<p>Politycy krytykuj\u0105cy wystaw\u0119 \u201eNasi ch\u0142opcy\u201d wykazali, \u017ce nie rozumiej\u0105 gminy mieszka\u0144c\u00f3w Gda\u0144skiego i Pomerii podczas II wojny \u015bwiatowej, ani ich<\/p>\n","protected":false},"author":1,"featured_media":7033,"comment_status":"closed","ping_status":"","sticky":false,"template":"","format":"standard","meta":{"footnotes":""},"categories":[4748],"tags":[5351,8767,5483,4952,51,8765,83,150,2823,4768,4693,8766],"class_list":["post-7032","post","type-post","status-publish","format-standard","has-post-thumbnail","hentry","category-aktualne","tag-gdansku","tag-hitlera","tag-kto","tag-media","tag-niemieckie","tag-pisza","tag-polskich","tag-sie","tag-spodziewal","tag-tego","tag-wystawie","tag-zolnierzach","generate-columns","tablet-grid-50","mobile-grid-100","grid-parent","grid-50","resize-featured-image"],"yoast_head":"<!-- This site is optimized with the Yoast SEO plugin v23.2 - https:\/\/yoast.com\/wordpress\/plugins\/seo\/ -->\n<title>Kto by si\u0119 tego spodziewa\u0142\u2026 po wystawie Gda\u0144sku niemieckie media pisz\u0105 o \u201ePolskich \u017co\u0142nierzach Hitlera\u201d - POGOTOWIE FLAGOWE\u00ae<\/title>\n<meta name=\"robots\" content=\"index, follow, max-snippet:-1, max-image-preview:large, max-video-preview:-1\" \/>\n<link rel=\"canonical\" href=\"https:\/\/www.pogotowieflagowe.pl\/aktualne\/kto-by-sie-tego-spodziewal-po-wystawie-gdansku-niemieckie-media-pisza-o-polskich-zolnierzach-hitlera\/\" \/>\n<meta property=\"og:locale\" content=\"pl_PL\" \/>\n<meta property=\"og:type\" content=\"article\" \/>\n<meta property=\"og:title\" content=\"Kto by si\u0119 tego spodziewa\u0142\u2026 po wystawie Gda\u0144sku niemieckie media pisz\u0105 o \u201ePolskich \u017co\u0142nierzach Hitlera\u201d - POGOTOWIE FLAGOWE\u00ae\" \/>\n<meta property=\"og:description\" content=\"Politycy krytykuj\u0105cy wystaw\u0119 \u201eNasi ch\u0142opcy\u201d wykazali, \u017ce nie rozumiej\u0105 gminy mieszka\u0144c\u00f3w Gda\u0144skiego i Pomerii podczas II wojny \u015bwiatowej, ani ich\" \/>\n<meta property=\"og:url\" content=\"https:\/\/www.pogotowieflagowe.pl\/aktualne\/kto-by-sie-tego-spodziewal-po-wystawie-gdansku-niemieckie-media-pisza-o-polskich-zolnierzach-hitlera\/\" \/>\n<meta property=\"og:site_name\" content=\"POGOTOWIE FLAGOWE\u00ae\" \/>\n<meta property=\"article:published_time\" content=\"2025-08-05T20:46:54+00:00\" \/>\n<meta property=\"article:modified_time\" content=\"2025-08-05T20:46:55+00:00\" \/>\n<meta property=\"og:image\" content=\"https:\/\/www.pogotowieflagowe.pl\/aktualne\/wp-content\/uploads\/2025\/08\/Kto-by-sie-tego-spodziewal\u2026-po-wystawie-Gdansku-niemieckie-media.webp.webp\" \/>\n\t<meta property=\"og:image:width\" content=\"1280\" \/>\n\t<meta property=\"og:image:height\" content=\"720\" \/>\n\t<meta property=\"og:image:type\" content=\"image\/webp\" \/>\n<meta name=\"author\" content=\"Filip\" \/>\n<meta name=\"twitter:card\" content=\"summary_large_image\" \/>\n<meta name=\"twitter:label1\" content=\"Napisane przez\" \/>\n\t<meta name=\"twitter:data1\" content=\"Filip\" \/>\n\t<meta name=\"twitter:label2\" content=\"Szacowany czas czytania\" \/>\n\t<meta name=\"twitter:data2\" content=\"2 minuty\" \/>\n<script type=\"application\/ld+json\" class=\"yoast-schema-graph\">{\"@context\":\"https:\/\/schema.org\",\"@graph\":[{\"@type\":\"Article\",\"@id\":\"https:\/\/www.pogotowieflagowe.pl\/aktualne\/kto-by-sie-tego-spodziewal-po-wystawie-gdansku-niemieckie-media-pisza-o-polskich-zolnierzach-hitlera\/#article\",\"isPartOf\":{\"@id\":\"https:\/\/www.pogotowieflagowe.pl\/aktualne\/kto-by-sie-tego-spodziewal-po-wystawie-gdansku-niemieckie-media-pisza-o-polskich-zolnierzach-hitlera\/\"},\"author\":{\"name\":\"Filip\",\"@id\":\"https:\/\/www.pogotowieflagowe.pl\/aktualne\/#\/schema\/person\/9c2fb7d2362ebf6fa088960d7f0d27b0\"},\"headline\":\"Kto by si\u0119 tego spodziewa\u0142\u2026 po wystawie Gda\u0144sku niemieckie media pisz\u0105 o \u201ePolskich \u017co\u0142nierzach Hitlera\u201d\",\"datePublished\":\"2025-08-05T20:46:54+00:00\",\"dateModified\":\"2025-08-05T20:46:55+00:00\",\"mainEntityOfPage\":{\"@id\":\"https:\/\/www.pogotowieflagowe.pl\/aktualne\/kto-by-sie-tego-spodziewal-po-wystawie-gdansku-niemieckie-media-pisza-o-polskich-zolnierzach-hitlera\/\"},\"wordCount\":455,\"publisher\":{\"@id\":\"https:\/\/www.pogotowieflagowe.pl\/aktualne\/#organization\"},\"image\":{\"@id\":\"https:\/\/www.pogotowieflagowe.pl\/aktualne\/kto-by-sie-tego-spodziewal-po-wystawie-gdansku-niemieckie-media-pisza-o-polskich-zolnierzach-hitlera\/#primaryimage\"},\"thumbnailUrl\":\"https:\/\/www.pogotowieflagowe.pl\/aktualne\/wp-content\/uploads\/2025\/08\/Kto-by-sie-tego-spodziewal\u2026-po-wystawie-Gdansku-niemieckie-media.webp.webp\",\"keywords\":[\"Gda\u0144sku\",\"Hitlera\",\"Kto\",\"media\",\"niemieckie\",\"pisz\u0105\",\"polskich\",\"si\u0119\",\"spodziewa\u0142\",\"tego\",\"wystawie\",\"\u017co\u0142nierzach\"],\"articleSection\":[\"Aktualne\"],\"inLanguage\":\"pl-PL\"},{\"@type\":\"WebPage\",\"@id\":\"https:\/\/www.pogotowieflagowe.pl\/aktualne\/kto-by-sie-tego-spodziewal-po-wystawie-gdansku-niemieckie-media-pisza-o-polskich-zolnierzach-hitlera\/\",\"url\":\"https:\/\/www.pogotowieflagowe.pl\/aktualne\/kto-by-sie-tego-spodziewal-po-wystawie-gdansku-niemieckie-media-pisza-o-polskich-zolnierzach-hitlera\/\",\"name\":\"Kto by si\u0119 tego spodziewa\u0142\u2026 po wystawie Gda\u0144sku niemieckie media pisz\u0105 o \u201ePolskich \u017co\u0142nierzach Hitlera\u201d - POGOTOWIE FLAGOWE\u00ae\",\"isPartOf\":{\"@id\":\"https:\/\/www.pogotowieflagowe.pl\/aktualne\/#website\"},\"primaryImageOfPage\":{\"@id\":\"https:\/\/www.pogotowieflagowe.pl\/aktualne\/kto-by-sie-tego-spodziewal-po-wystawie-gdansku-niemieckie-media-pisza-o-polskich-zolnierzach-hitlera\/#primaryimage\"},\"image\":{\"@id\":\"https:\/\/www.pogotowieflagowe.pl\/aktualne\/kto-by-sie-tego-spodziewal-po-wystawie-gdansku-niemieckie-media-pisza-o-polskich-zolnierzach-hitlera\/#primaryimage\"},\"thumbnailUrl\":\"https:\/\/www.pogotowieflagowe.pl\/aktualne\/wp-content\/uploads\/2025\/08\/Kto-by-sie-tego-spodziewal\u2026-po-wystawie-Gdansku-niemieckie-media.webp.webp\",\"datePublished\":\"2025-08-05T20:46:54+00:00\",\"dateModified\":\"2025-08-05T20:46:55+00:00\",\"breadcrumb\":{\"@id\":\"https:\/\/www.pogotowieflagowe.pl\/aktualne\/kto-by-sie-tego-spodziewal-po-wystawie-gdansku-niemieckie-media-pisza-o-polskich-zolnierzach-hitlera\/#breadcrumb\"},\"inLanguage\":\"pl-PL\",\"potentialAction\":[{\"@type\":\"ReadAction\",\"target\":[\"https:\/\/www.pogotowieflagowe.pl\/aktualne\/kto-by-sie-tego-spodziewal-po-wystawie-gdansku-niemieckie-media-pisza-o-polskich-zolnierzach-hitlera\/\"]}]},{\"@type\":\"ImageObject\",\"inLanguage\":\"pl-PL\",\"@id\":\"https:\/\/www.pogotowieflagowe.pl\/aktualne\/kto-by-sie-tego-spodziewal-po-wystawie-gdansku-niemieckie-media-pisza-o-polskich-zolnierzach-hitlera\/#primaryimage\",\"url\":\"https:\/\/www.pogotowieflagowe.pl\/aktualne\/wp-content\/uploads\/2025\/08\/Kto-by-sie-tego-spodziewal\u2026-po-wystawie-Gdansku-niemieckie-media.webp.webp\",\"contentUrl\":\"https:\/\/www.pogotowieflagowe.pl\/aktualne\/wp-content\/uploads\/2025\/08\/Kto-by-sie-tego-spodziewal\u2026-po-wystawie-Gdansku-niemieckie-media.webp.webp\",\"width\":1280,\"height\":720,\"caption\":\"Kto by si\u0119 tego spodziewa\u0142\u2026 po wystawie Gda\u0144sku niemieckie media pisz\u0105 o \u201ePolskich \u017co\u0142nierzach Hitlera\u201d\"},{\"@type\":\"BreadcrumbList\",\"@id\":\"https:\/\/www.pogotowieflagowe.pl\/aktualne\/kto-by-sie-tego-spodziewal-po-wystawie-gdansku-niemieckie-media-pisza-o-polskich-zolnierzach-hitlera\/#breadcrumb\",\"itemListElement\":[{\"@type\":\"ListItem\",\"position\":1,\"name\":\"Home\",\"item\":\"https:\/\/www.pogotowieflagowe.pl\/aktualne\/\"},{\"@type\":\"ListItem\",\"position\":2,\"name\":\"Kto by si\u0119 tego spodziewa\u0142\u2026 po wystawie Gda\u0144sku niemieckie media pisz\u0105 o \u201ePolskich \u017co\u0142nierzach Hitlera\u201d\"}]},{\"@type\":\"WebSite\",\"@id\":\"https:\/\/www.pogotowieflagowe.pl\/aktualne\/#website\",\"url\":\"https:\/\/www.pogotowieflagowe.pl\/aktualne\/\",\"name\":\"POGOTOWIE FLAGOWE\u00ae\",\"description\":\"\",\"publisher\":{\"@id\":\"https:\/\/www.pogotowieflagowe.pl\/aktualne\/#organization\"},\"potentialAction\":[{\"@type\":\"SearchAction\",\"target\":{\"@type\":\"EntryPoint\",\"urlTemplate\":\"https:\/\/www.pogotowieflagowe.pl\/aktualne\/?s={search_term_string}\"},\"query-input\":\"required name=search_term_string\"}],\"inLanguage\":\"pl-PL\"},{\"@type\":\"Organization\",\"@id\":\"https:\/\/www.pogotowieflagowe.pl\/aktualne\/#organization\",\"name\":\"POGOTOWIE FLAGOWE\u00ae\",\"url\":\"https:\/\/www.pogotowieflagowe.pl\/aktualne\/\",\"logo\":{\"@type\":\"ImageObject\",\"inLanguage\":\"pl-PL\",\"@id\":\"https:\/\/www.pogotowieflagowe.pl\/aktualne\/#\/schema\/logo\/image\/\",\"url\":\"https:\/\/www.pogotowieflagowe.pl\/aktualne\/wp-content\/uploads\/2024\/08\/cropped-pogotowieflagowe_flaga_projekt_sm.jpg\",\"contentUrl\":\"https:\/\/www.pogotowieflagowe.pl\/aktualne\/wp-content\/uploads\/2024\/08\/cropped-pogotowieflagowe_flaga_projekt_sm.jpg\",\"width\":250,\"height\":143,\"caption\":\"POGOTOWIE FLAGOWE\u00ae\"},\"image\":{\"@id\":\"https:\/\/www.pogotowieflagowe.pl\/aktualne\/#\/schema\/logo\/image\/\"}},{\"@type\":\"Person\",\"@id\":\"https:\/\/www.pogotowieflagowe.pl\/aktualne\/#\/schema\/person\/9c2fb7d2362ebf6fa088960d7f0d27b0\",\"name\":\"Filip\",\"image\":{\"@type\":\"ImageObject\",\"inLanguage\":\"pl-PL\",\"@id\":\"https:\/\/www.pogotowieflagowe.pl\/aktualne\/#\/schema\/person\/image\/\",\"url\":\"https:\/\/www.pogotowieflagowe.pl\/aktualne\/wp-content\/uploads\/2024\/08\/pogotowieflagowe.pl_.jpg\",\"contentUrl\":\"https:\/\/www.pogotowieflagowe.pl\/aktualne\/wp-content\/uploads\/2024\/08\/pogotowieflagowe.pl_.jpg\",\"caption\":\"Filip\"},\"description\":\"Jestem Filip, polski dziennikarz z dyplomem nauk politycznych Uniwersytetu Warszawskiego. Rozpoczynaj\u0105c swoj\u0105 karier\u0119 w r\u00f3\u017cnych lokalnych mediach, zdoby\u0142em solidne do\u015bwiadczenie w zakresie \u015bledztwa i redakcji. Obecnie jako redaktor w Pogotowie flagowe, staram si\u0119 dostarcza\u0107 dog\u0142\u0119bne i istotne analizy na temat najwa\u017cniejszych kwestii aktualno\u015bci, \u0142\u0105cz\u0105c rygor z pasj\u0105 dziennikarsk\u0105.\",\"sameAs\":[\"https:\/\/www.pogotowieflagowe.pl\/\"]}]}<\/script>\n<!-- \/ Yoast SEO plugin. -->","yoast_head_json":{"title":"Kto by si\u0119 tego spodziewa\u0142\u2026 po wystawie Gda\u0144sku niemieckie media pisz\u0105 o \u201ePolskich \u017co\u0142nierzach Hitlera\u201d - POGOTOWIE FLAGOWE\u00ae","robots":{"index":"index","follow":"follow","max-snippet":"max-snippet:-1","max-image-preview":"max-image-preview:large","max-video-preview":"max-video-preview:-1"},"canonical":"https:\/\/www.pogotowieflagowe.pl\/aktualne\/kto-by-sie-tego-spodziewal-po-wystawie-gdansku-niemieckie-media-pisza-o-polskich-zolnierzach-hitlera\/","og_locale":"pl_PL","og_type":"article","og_title":"Kto by si\u0119 tego spodziewa\u0142\u2026 po wystawie Gda\u0144sku niemieckie media pisz\u0105 o \u201ePolskich \u017co\u0142nierzach Hitlera\u201d - POGOTOWIE FLAGOWE\u00ae","og_description":"Politycy krytykuj\u0105cy wystaw\u0119 \u201eNasi ch\u0142opcy\u201d wykazali, \u017ce nie rozumiej\u0105 gminy mieszka\u0144c\u00f3w Gda\u0144skiego i Pomerii podczas II wojny \u015bwiatowej, ani ich","og_url":"https:\/\/www.pogotowieflagowe.pl\/aktualne\/kto-by-sie-tego-spodziewal-po-wystawie-gdansku-niemieckie-media-pisza-o-polskich-zolnierzach-hitlera\/","og_site_name":"POGOTOWIE FLAGOWE\u00ae","article_published_time":"2025-08-05T20:46:54+00:00","article_modified_time":"2025-08-05T20:46:55+00:00","og_image":[{"width":1280,"height":720,"url":"https:\/\/www.pogotowieflagowe.pl\/aktualne\/wp-content\/uploads\/2025\/08\/Kto-by-sie-tego-spodziewal\u2026-po-wystawie-Gdansku-niemieckie-media.webp.webp","type":"image\/webp"}],"author":"Filip","twitter_card":"summary_large_image","twitter_misc":{"Napisane przez":"Filip","Szacowany czas czytania":"2 minuty"},"schema":{"@context":"https:\/\/schema.org","@graph":[{"@type":"Article","@id":"https:\/\/www.pogotowieflagowe.pl\/aktualne\/kto-by-sie-tego-spodziewal-po-wystawie-gdansku-niemieckie-media-pisza-o-polskich-zolnierzach-hitlera\/#article","isPartOf":{"@id":"https:\/\/www.pogotowieflagowe.pl\/aktualne\/kto-by-sie-tego-spodziewal-po-wystawie-gdansku-niemieckie-media-pisza-o-polskich-zolnierzach-hitlera\/"},"author":{"name":"Filip","@id":"https:\/\/www.pogotowieflagowe.pl\/aktualne\/#\/schema\/person\/9c2fb7d2362ebf6fa088960d7f0d27b0"},"headline":"Kto by si\u0119 tego spodziewa\u0142\u2026 po wystawie Gda\u0144sku niemieckie media pisz\u0105 o \u201ePolskich \u017co\u0142nierzach Hitlera\u201d","datePublished":"2025-08-05T20:46:54+00:00","dateModified":"2025-08-05T20:46:55+00:00","mainEntityOfPage":{"@id":"https:\/\/www.pogotowieflagowe.pl\/aktualne\/kto-by-sie-tego-spodziewal-po-wystawie-gdansku-niemieckie-media-pisza-o-polskich-zolnierzach-hitlera\/"},"wordCount":455,"publisher":{"@id":"https:\/\/www.pogotowieflagowe.pl\/aktualne\/#organization"},"image":{"@id":"https:\/\/www.pogotowieflagowe.pl\/aktualne\/kto-by-sie-tego-spodziewal-po-wystawie-gdansku-niemieckie-media-pisza-o-polskich-zolnierzach-hitlera\/#primaryimage"},"thumbnailUrl":"https:\/\/www.pogotowieflagowe.pl\/aktualne\/wp-content\/uploads\/2025\/08\/Kto-by-sie-tego-spodziewal\u2026-po-wystawie-Gdansku-niemieckie-media.webp.webp","keywords":["Gda\u0144sku","Hitlera","Kto","media","niemieckie","pisz\u0105","polskich","si\u0119","spodziewa\u0142","tego","wystawie","\u017co\u0142nierzach"],"articleSection":["Aktualne"],"inLanguage":"pl-PL"},{"@type":"WebPage","@id":"https:\/\/www.pogotowieflagowe.pl\/aktualne\/kto-by-sie-tego-spodziewal-po-wystawie-gdansku-niemieckie-media-pisza-o-polskich-zolnierzach-hitlera\/","url":"https:\/\/www.pogotowieflagowe.pl\/aktualne\/kto-by-sie-tego-spodziewal-po-wystawie-gdansku-niemieckie-media-pisza-o-polskich-zolnierzach-hitlera\/","name":"Kto by si\u0119 tego spodziewa\u0142\u2026 po wystawie Gda\u0144sku niemieckie media pisz\u0105 o \u201ePolskich \u017co\u0142nierzach Hitlera\u201d - POGOTOWIE FLAGOWE\u00ae","isPartOf":{"@id":"https:\/\/www.pogotowieflagowe.pl\/aktualne\/#website"},"primaryImageOfPage":{"@id":"https:\/\/www.pogotowieflagowe.pl\/aktualne\/kto-by-sie-tego-spodziewal-po-wystawie-gdansku-niemieckie-media-pisza-o-polskich-zolnierzach-hitlera\/#primaryimage"},"image":{"@id":"https:\/\/www.pogotowieflagowe.pl\/aktualne\/kto-by-sie-tego-spodziewal-po-wystawie-gdansku-niemieckie-media-pisza-o-polskich-zolnierzach-hitlera\/#primaryimage"},"thumbnailUrl":"https:\/\/www.pogotowieflagowe.pl\/aktualne\/wp-content\/uploads\/2025\/08\/Kto-by-sie-tego-spodziewal\u2026-po-wystawie-Gdansku-niemieckie-media.webp.webp","datePublished":"2025-08-05T20:46:54+00:00","dateModified":"2025-08-05T20:46:55+00:00","breadcrumb":{"@id":"https:\/\/www.pogotowieflagowe.pl\/aktualne\/kto-by-sie-tego-spodziewal-po-wystawie-gdansku-niemieckie-media-pisza-o-polskich-zolnierzach-hitlera\/#breadcrumb"},"inLanguage":"pl-PL","potentialAction":[{"@type":"ReadAction","target":["https:\/\/www.pogotowieflagowe.pl\/aktualne\/kto-by-sie-tego-spodziewal-po-wystawie-gdansku-niemieckie-media-pisza-o-polskich-zolnierzach-hitlera\/"]}]},{"@type":"ImageObject","inLanguage":"pl-PL","@id":"https:\/\/www.pogotowieflagowe.pl\/aktualne\/kto-by-sie-tego-spodziewal-po-wystawie-gdansku-niemieckie-media-pisza-o-polskich-zolnierzach-hitlera\/#primaryimage","url":"https:\/\/www.pogotowieflagowe.pl\/aktualne\/wp-content\/uploads\/2025\/08\/Kto-by-sie-tego-spodziewal\u2026-po-wystawie-Gdansku-niemieckie-media.webp.webp","contentUrl":"https:\/\/www.pogotowieflagowe.pl\/aktualne\/wp-content\/uploads\/2025\/08\/Kto-by-sie-tego-spodziewal\u2026-po-wystawie-Gdansku-niemieckie-media.webp.webp","width":1280,"height":720,"caption":"Kto by si\u0119 tego spodziewa\u0142\u2026 po wystawie Gda\u0144sku niemieckie media pisz\u0105 o \u201ePolskich \u017co\u0142nierzach Hitlera\u201d"},{"@type":"BreadcrumbList","@id":"https:\/\/www.pogotowieflagowe.pl\/aktualne\/kto-by-sie-tego-spodziewal-po-wystawie-gdansku-niemieckie-media-pisza-o-polskich-zolnierzach-hitlera\/#breadcrumb","itemListElement":[{"@type":"ListItem","position":1,"name":"Home","item":"https:\/\/www.pogotowieflagowe.pl\/aktualne\/"},{"@type":"ListItem","position":2,"name":"Kto by si\u0119 tego spodziewa\u0142\u2026 po wystawie Gda\u0144sku niemieckie media pisz\u0105 o \u201ePolskich \u017co\u0142nierzach Hitlera\u201d"}]},{"@type":"WebSite","@id":"https:\/\/www.pogotowieflagowe.pl\/aktualne\/#website","url":"https:\/\/www.pogotowieflagowe.pl\/aktualne\/","name":"POGOTOWIE FLAGOWE\u00ae","description":"","publisher":{"@id":"https:\/\/www.pogotowieflagowe.pl\/aktualne\/#organization"},"potentialAction":[{"@type":"SearchAction","target":{"@type":"EntryPoint","urlTemplate":"https:\/\/www.pogotowieflagowe.pl\/aktualne\/?s={search_term_string}"},"query-input":"required name=search_term_string"}],"inLanguage":"pl-PL"},{"@type":"Organization","@id":"https:\/\/www.pogotowieflagowe.pl\/aktualne\/#organization","name":"POGOTOWIE FLAGOWE\u00ae","url":"https:\/\/www.pogotowieflagowe.pl\/aktualne\/","logo":{"@type":"ImageObject","inLanguage":"pl-PL","@id":"https:\/\/www.pogotowieflagowe.pl\/aktualne\/#\/schema\/logo\/image\/","url":"https:\/\/www.pogotowieflagowe.pl\/aktualne\/wp-content\/uploads\/2024\/08\/cropped-pogotowieflagowe_flaga_projekt_sm.jpg","contentUrl":"https:\/\/www.pogotowieflagowe.pl\/aktualne\/wp-content\/uploads\/2024\/08\/cropped-pogotowieflagowe_flaga_projekt_sm.jpg","width":250,"height":143,"caption":"POGOTOWIE FLAGOWE\u00ae"},"image":{"@id":"https:\/\/www.pogotowieflagowe.pl\/aktualne\/#\/schema\/logo\/image\/"}},{"@type":"Person","@id":"https:\/\/www.pogotowieflagowe.pl\/aktualne\/#\/schema\/person\/9c2fb7d2362ebf6fa088960d7f0d27b0","name":"Filip","image":{"@type":"ImageObject","inLanguage":"pl-PL","@id":"https:\/\/www.pogotowieflagowe.pl\/aktualne\/#\/schema\/person\/image\/","url":"https:\/\/www.pogotowieflagowe.pl\/aktualne\/wp-content\/uploads\/2024\/08\/pogotowieflagowe.pl_.jpg","contentUrl":"https:\/\/www.pogotowieflagowe.pl\/aktualne\/wp-content\/uploads\/2024\/08\/pogotowieflagowe.pl_.jpg","caption":"Filip"},"description":"Jestem Filip, polski dziennikarz z dyplomem nauk politycznych Uniwersytetu Warszawskiego. Rozpoczynaj\u0105c swoj\u0105 karier\u0119 w r\u00f3\u017cnych lokalnych mediach, zdoby\u0142em solidne do\u015bwiadczenie w zakresie \u015bledztwa i redakcji. Obecnie jako redaktor w Pogotowie flagowe, staram si\u0119 dostarcza\u0107 dog\u0142\u0119bne i istotne analizy na temat najwa\u017cniejszych kwestii aktualno\u015bci, \u0142\u0105cz\u0105c rygor z pasj\u0105 dziennikarsk\u0105.","sameAs":["https:\/\/www.pogotowieflagowe.pl\/"]}]}},"_links":{"self":[{"href":"https:\/\/www.pogotowieflagowe.pl\/aktualne\/wp-json\/wp\/v2\/posts\/7032","targetHints":{"allow":["GET"]}}],"collection":[{"href":"https:\/\/www.pogotowieflagowe.pl\/aktualne\/wp-json\/wp\/v2\/posts"}],"about":[{"href":"https:\/\/www.pogotowieflagowe.pl\/aktualne\/wp-json\/wp\/v2\/types\/post"}],"author":[{"embeddable":true,"href":"https:\/\/www.pogotowieflagowe.pl\/aktualne\/wp-json\/wp\/v2\/users\/1"}],"replies":[{"embeddable":true,"href":"https:\/\/www.pogotowieflagowe.pl\/aktualne\/wp-json\/wp\/v2\/comments?post=7032"}],"version-history":[{"count":1,"href":"https:\/\/www.pogotowieflagowe.pl\/aktualne\/wp-json\/wp\/v2\/posts\/7032\/revisions"}],"predecessor-version":[{"id":7034,"href":"https:\/\/www.pogotowieflagowe.pl\/aktualne\/wp-json\/wp\/v2\/posts\/7032\/revisions\/7034"}],"wp:featuredmedia":[{"embeddable":true,"href":"https:\/\/www.pogotowieflagowe.pl\/aktualne\/wp-json\/wp\/v2\/media\/7033"}],"wp:attachment":[{"href":"https:\/\/www.pogotowieflagowe.pl\/aktualne\/wp-json\/wp\/v2\/media?parent=7032"}],"wp:term":[{"taxonomy":"category","embeddable":true,"href":"https:\/\/www.pogotowieflagowe.pl\/aktualne\/wp-json\/wp\/v2\/categories?post=7032"},{"taxonomy":"post_tag","embeddable":true,"href":"https:\/\/www.pogotowieflagowe.pl\/aktualne\/wp-json\/wp\/v2\/tags?post=7032"}],"curies":[{"name":"wp","href":"https:\/\/api.w.org\/{rel}","templated":true}]}}