{"id":7035,"date":"2025-08-06T04:52:59","date_gmt":"2025-08-06T02:52:59","guid":{"rendered":"https:\/\/www.pogotowieflagowe.pl\/aktualne\/na-dzien-przed-inauguracja-nawrockiego-cios-dla-nowego-szefa-biura-bezpieczenstwa-narodowego-ataki-kancelarii-tuska-cenkiewicz\/"},"modified":"2025-08-06T04:53:00","modified_gmt":"2025-08-06T02:53:00","slug":"na-dzien-przed-inauguracja-nawrockiego-cios-dla-nowego-szefa-biura-bezpieczenstwa-narodowego-ataki-kancelarii-tuska-cenkiewicz","status":"publish","type":"post","link":"https:\/\/www.pogotowieflagowe.pl\/aktualne\/na-dzien-przed-inauguracja-nawrockiego-cios-dla-nowego-szefa-biura-bezpieczenstwa-narodowego-ataki-kancelarii-tuska-cenkiewicz\/","title":{"rendered":"Na dzie\u0144 przed inauguracj\u0105 Nawrockiego cios dla nowego szefa Biura Bezpiecze\u0144stwa Narodowego. Ataki kancelarii Tuska Cenkiewicz"},"content":{"rendered":"\n<div class=\"td_block_wrap tdb_single_content tdi_41 td-pb-border-top td_block_template_8 td-post-content tagdiv-type\" data-td-block-uid=\"tdi_41\">\n<style>.tdi_41 {margin-top: 0px! Wa\u017cne; margines-bottom: 0px! WA\u017bNY; PALDING-TOP: 0PX! WA\u017bNY; PALDING-BOTTOM: 0PX! WA\u017bNE}<\/style>\n<style>.tdb_single_content {margin-bottom: 0;*zoom: 1} .tdb_single_content: wcze\u015bniej, .tdb_single_content: po {display: Table; content: ''; line-height: 0} .TDB-BLOCK-INner>*: nie (.WP-BLOCK-QUOTE): not (.alignSwide): not (.Alignfull.wp-block-cover.has-parallax): not (.td-a-ad) {margin-left: auto; margin-right: auto} .tdb_single_ConTent a {wska\u017anik-events: auto} .tdb_single_content .td-spot-id-top_ad .tdc-placeholder-title: przed {content: \u201eArtyku\u0142 top ad\u201d! Wa\u017cne} .tdb_single_content .td-Spot-Id-inline_ad0 .tdc-placeholder-title 1 '! Wa\u017cne} .tdb_single_content .td-Spot-Id-inline_Ad1 .tdc-Placeholder-Title: przed {content: \u201eArtyku\u0142 inline AD 2'! Wa\u017cny} .tdb_single_content. 3 '! Wa\u017cne} .tdb_single_content .td-Spot-Id-Bottom_Ad .tdc-Placeholder-Title: przed {content: \u201eArtyku\u0142 Bottom Ad\u201d! Wa\u017cne} .tdb_single_content .id_top_ad, .tdb_single_content_content .id_bottom_ad {clear: oba; margin-bottom: 21px; text-align: Center} .tdb_single_content .id_top_ad img, .tdb_single_content .id_bottom_ad img {margin-bottom: 0} .tdb_single_conTent .id_top_ad .adsbyGoogle, .tdb_single_content .id_bottom_ad .adsbyGoogle {pozycja: relatyw} .tdb_single_content .id_ad_content-horiz-left, .tdb_single_content .id_ad_content-horiz-right, .tdb_single_content .id_ad_content-horiz-Center {margin-bottom: 15px} .tdb_single_content .id_ad_content-horiz-left Img, .tdb_single_content .id_ad_content-horiz-right img, .tdb_single_content .id_ad_content-horiz-centerter img {margin-bottom: 0} .tdb_single_content .id_ad_content-horiz-center {text-align: Center} .tdb_single_content .id_ad_content-horiz-center img {margin-right: auto; margin-let: auto} .tdb_single_content .id_ad_content-horiz-left {float: left; margin-top: 9px; margin-right: 21px} .tdb_single_content .id_ad_content-horiz-right {float: margin-top: 6px; margin-left: 21px} .tdb_single_content .tdc-a-a-ad .TDC-Placeholder-Title {szeroko\u015b\u0107: 300px; height: 250px} .tdb_single_content .tdc-a-ad .TDC-Placeholder-Title: Przed {Pozycja: Absolute; TOP: 50%;-WebKit-Transform: Translatey (-50%); Transform: Translatey (-50%); margines: auto; wy\u015bwietlacz: tabela; szeroko\u015b\u0107: 100%}. tdb_single_content .TDB-BLOCK-INNER.TD-FIX-INDEX {Word-Break: Break-word} .tdi_41, .tdi_41> p, .tdi_41 .tdb-block-inner> p, .Wp-Block-Column> p {font-size: 16px! Wa\u017cne; wa\u017cny; p {font-styl: normalne! Wa\u017cne} @media (Max-Width: 767px) {. tdb_single_content .id_ad_content-horiz-left, .tdb_single_content .id_ad_content-horiz-right, .tdb_single_content .id_ad_content-horiz-centter {Margin: 0 AUTO 26PXX auto}}@media (Max-Width: 767px) {. tdb_single_content .id_ad_content-horiz-left {margin-right: 0}}@media (max-width: 767px) {. (Max-Width: 767px) {. tdb_single_content .td-a-ad {float: none; text-align: Center} .tdb_single_content .td-a-ad img {margin-right: auto; margin-left: auto} .tdb_single_content .tdc-a-a-a-{margin-right: auto; margin-left: auto} .tdb_single_content .tdd<\/style>\n<div class=\"tdb-block-inner td-fix-index\">\n<p>Dzie\u0144 przed inauguracj\u0105 Karola Nawrockiego jako prezydenta Polski kancelaria Donalda Tuska rozpocz\u0119\u0142a atak na S\u0142awomira Cenkiewicza, kt\u00f3ry ma zosta\u0107 szefem Biura Bezpiecze\u0144stwa Narodowego (BBN).<\/p>\n<p>17 czerwca 2025 r. Prowincjonalny s\u0105d administracyjny w Warszawie utrzyma\u0142 skarg\u0119 z\u0142o\u017con\u0105 przez przedstawiciela prawnego S\u0142awomira Cenkiewicza. S\u0105d uniewa\u017cni\u0142 decyzje premiera Donalda Tuska i Jarozaja Str\u00f3\u017ceka\/S\u0142u\u017cby Artyku\u0142y Wojskowej (SKW) w odniesieniu do odwo\u0142ania zezwolenia bezpiecze\u0144stwa Cenkiewicza.<\/p>\n<p>Ta decyzja o odwo\u0142aniu zezwolenia zosta\u0142a pierwotnie podj\u0119ta w lipcu 2024 r.<\/p>\n<p>Kilka tygodni temu prezydent-elekt Karol Nawrocki og\u0142osi\u0142, \u017ce prof. S\u0142awomir Cenkiewicz, by\u0142y szef wojskowego Biura Historycznego, zostanie szefem Biura Bezpiecze\u0144stwa Narodowego w jego administracji. Po tym og\u0142oszeniu obecny ob\u00f3z rz\u0105dz\u0105cy rozpocz\u0105\u0142 kolejny atak na Cenkiewicz, kwestionuj\u0105c mi\u0119dzy innymi jego dost\u0119p do informacji niejawnych.<\/p>\n<h2 class=\"wp-block-heading\">Rz\u0105d eskaluje konflikt<\/h2>\n<p>Dzisiaj, na dzie\u0144 przed zaprzysi\u0119\u017ceniem Karol Nawrocki jako prezydent Polski, kancelaria Donalda Tuska po raz kolejny atakowa\u0142a S\u0142awomira Cenkiewicza.<\/p>\n<p>\u201eDzisiaj, 5 sierpnia 2025 r., Kancelaria premiera z\u0142o\u017cy\u0142a skargi kiszcz\u0105ce do najwy\u017cszego s\u0105du administracyjnego przeciwko orzeczeniach z 17 czerwca przez prowincjonalne s\u0105du administracyjne dotycz\u0105ce odwo\u0142ania pana S\u0142awomira Cenkiewicza o zwolnieniu bezpiecze\u0144stwa w celu uzyskania dost\u0119pu do informacji niejawnych\u201d, og\u0142osi\u0142 Jacek Dobrrzy\u0144ski, bledge dla us\u0142ug specjalnych, w mediach.<\/p>\n<p>Stwierdzi\u0142, \u017ce zgodnie z prawem w sprawie ochrony informacji niejawnych \u201ePan S\u0142awomir Cenkiewicz nie ma dost\u0119pu do informacji niejawnych\u201d.<\/p>\n<p>\u201eAkceptuj\u0119 Warunki wojny! Ostatnie s\u0142owo &#8211; pozostawiam prawnikom\u201d, odpowiedzia\u0142 S\u0142awomir Cenkiewicz.<\/p>\n<p>\u201eOdwo\u0142anie od orzeczenia prowincjonalnego s\u0105du administracyjnego jest fars\u0105 polityczn\u0105. Zasada jest prosta: Najwy\u017cszy s\u0105d administracyjny podtrzyma orzeczenie PAC. Ta sprawa jest utracona dla kancelarii i SKW. To nic innego jak zemsta polityczna wykonywana przez propagand\u0119 &#8211; nic nowego\u201d, oceni\u0142 ekspert ds. Bezpiecze\u0144stwa Mariusz Koz\u0142owskiego.<\/p>\n<\/div>\n<\/div>\n","protected":false},"excerpt":{"rendered":"<p>Dzie\u0144 przed inauguracj\u0105 Karola Nawrockiego jako prezydenta Polski kancelaria Donalda Tuska rozpocz\u0119\u0142a atak na S\u0142awomira Cenkiewicza, kt\u00f3ry ma zosta\u0107 szefem<\/p>\n","protected":false},"author":1,"featured_media":7036,"comment_status":"closed","ping_status":"","sticky":false,"template":"","format":"standard","meta":{"footnotes":""},"categories":[4748],"tags":[854,2852,5707,5986,3604,131,1078,4325,2687,1958,3306,3989,643,5490,567],"class_list":["post-7035","post","type-post","status-publish","format-standard","has-post-thumbnail","hentry","category-aktualne","tag-ataki","tag-bezpieczenstwa","tag-biura","tag-cenkiewicz","tag-cios","tag-dla","tag-dzien","tag-inauguracja","tag-kancelarii","tag-narodowego","tag-nawrockiego","tag-nowego","tag-przed","tag-szefa","tag-tuska","generate-columns","tablet-grid-50","mobile-grid-100","grid-parent","grid-50","resize-featured-image"],"yoast_head":"<!-- This site is optimized with the Yoast SEO plugin v23.2 - https:\/\/yoast.com\/wordpress\/plugins\/seo\/ -->\n<title>Na dzie\u0144 przed inauguracj\u0105 Nawrockiego cios dla nowego szefa Biura Bezpiecze\u0144stwa Narodowego. Ataki kancelarii Tuska Cenkiewicz - POGOTOWIE FLAGOWE\u00ae<\/title>\n<meta name=\"robots\" content=\"index, follow, max-snippet:-1, max-image-preview:large, max-video-preview:-1\" \/>\n<link rel=\"canonical\" href=\"https:\/\/www.pogotowieflagowe.pl\/aktualne\/na-dzien-przed-inauguracja-nawrockiego-cios-dla-nowego-szefa-biura-bezpieczenstwa-narodowego-ataki-kancelarii-tuska-cenkiewicz\/\" \/>\n<meta property=\"og:locale\" content=\"pl_PL\" \/>\n<meta property=\"og:type\" content=\"article\" \/>\n<meta property=\"og:title\" content=\"Na dzie\u0144 przed inauguracj\u0105 Nawrockiego cios dla nowego szefa Biura Bezpiecze\u0144stwa Narodowego. Ataki kancelarii Tuska Cenkiewicz - POGOTOWIE FLAGOWE\u00ae\" \/>\n<meta property=\"og:description\" content=\"Dzie\u0144 przed inauguracj\u0105 Karola Nawrockiego jako prezydenta Polski kancelaria Donalda Tuska rozpocz\u0119\u0142a atak na S\u0142awomira Cenkiewicza, kt\u00f3ry ma zosta\u0107 szefem\" \/>\n<meta property=\"og:url\" content=\"https:\/\/www.pogotowieflagowe.pl\/aktualne\/na-dzien-przed-inauguracja-nawrockiego-cios-dla-nowego-szefa-biura-bezpieczenstwa-narodowego-ataki-kancelarii-tuska-cenkiewicz\/\" \/>\n<meta property=\"og:site_name\" content=\"POGOTOWIE FLAGOWE\u00ae\" \/>\n<meta property=\"article:published_time\" content=\"2025-08-06T02:52:59+00:00\" \/>\n<meta property=\"article:modified_time\" content=\"2025-08-06T02:53:00+00:00\" \/>\n<meta property=\"og:image\" content=\"https:\/\/www.pogotowieflagowe.pl\/aktualne\/wp-content\/uploads\/2025\/08\/Na-dzien-przed-inauguracja-Nawrockiego-cios-dla-nowego-szefa-Biura.webp.webp\" \/>\n\t<meta property=\"og:image:width\" content=\"1280\" \/>\n\t<meta property=\"og:image:height\" content=\"720\" \/>\n\t<meta property=\"og:image:type\" content=\"image\/webp\" \/>\n<meta name=\"author\" content=\"Filip\" \/>\n<meta name=\"twitter:card\" content=\"summary_large_image\" \/>\n<meta name=\"twitter:label1\" content=\"Napisane przez\" \/>\n\t<meta name=\"twitter:data1\" content=\"Filip\" \/>\n\t<meta name=\"twitter:label2\" content=\"Szacowany czas czytania\" \/>\n\t<meta name=\"twitter:data2\" content=\"2 minuty\" \/>\n<script type=\"application\/ld+json\" class=\"yoast-schema-graph\">{\"@context\":\"https:\/\/schema.org\",\"@graph\":[{\"@type\":\"Article\",\"@id\":\"https:\/\/www.pogotowieflagowe.pl\/aktualne\/na-dzien-przed-inauguracja-nawrockiego-cios-dla-nowego-szefa-biura-bezpieczenstwa-narodowego-ataki-kancelarii-tuska-cenkiewicz\/#article\",\"isPartOf\":{\"@id\":\"https:\/\/www.pogotowieflagowe.pl\/aktualne\/na-dzien-przed-inauguracja-nawrockiego-cios-dla-nowego-szefa-biura-bezpieczenstwa-narodowego-ataki-kancelarii-tuska-cenkiewicz\/\"},\"author\":{\"name\":\"Filip\",\"@id\":\"https:\/\/www.pogotowieflagowe.pl\/aktualne\/#\/schema\/person\/9c2fb7d2362ebf6fa088960d7f0d27b0\"},\"headline\":\"Na dzie\u0144 przed inauguracj\u0105 Nawrockiego cios dla nowego szefa Biura Bezpiecze\u0144stwa Narodowego. Ataki kancelarii Tuska Cenkiewicz\",\"datePublished\":\"2025-08-06T02:52:59+00:00\",\"dateModified\":\"2025-08-06T02:53:00+00:00\",\"mainEntityOfPage\":{\"@id\":\"https:\/\/www.pogotowieflagowe.pl\/aktualne\/na-dzien-przed-inauguracja-nawrockiego-cios-dla-nowego-szefa-biura-bezpieczenstwa-narodowego-ataki-kancelarii-tuska-cenkiewicz\/\"},\"wordCount\":329,\"publisher\":{\"@id\":\"https:\/\/www.pogotowieflagowe.pl\/aktualne\/#organization\"},\"image\":{\"@id\":\"https:\/\/www.pogotowieflagowe.pl\/aktualne\/na-dzien-przed-inauguracja-nawrockiego-cios-dla-nowego-szefa-biura-bezpieczenstwa-narodowego-ataki-kancelarii-tuska-cenkiewicz\/#primaryimage\"},\"thumbnailUrl\":\"https:\/\/www.pogotowieflagowe.pl\/aktualne\/wp-content\/uploads\/2025\/08\/Na-dzien-przed-inauguracja-Nawrockiego-cios-dla-nowego-szefa-Biura.webp.webp\",\"keywords\":[\"ataki\",\"bezpiecze\u0144stwa\",\"biura\",\"Cenkiewicz\",\"cios\",\"dla\",\"Dzie\u0144\",\"inauguracj\u0105\",\"Kancelarii\",\"Narodowego\",\"Nawrockiego\",\"Nowego\",\"przed\",\"szefa\",\"Tuska\"],\"articleSection\":[\"Aktualne\"],\"inLanguage\":\"pl-PL\"},{\"@type\":\"WebPage\",\"@id\":\"https:\/\/www.pogotowieflagowe.pl\/aktualne\/na-dzien-przed-inauguracja-nawrockiego-cios-dla-nowego-szefa-biura-bezpieczenstwa-narodowego-ataki-kancelarii-tuska-cenkiewicz\/\",\"url\":\"https:\/\/www.pogotowieflagowe.pl\/aktualne\/na-dzien-przed-inauguracja-nawrockiego-cios-dla-nowego-szefa-biura-bezpieczenstwa-narodowego-ataki-kancelarii-tuska-cenkiewicz\/\",\"name\":\"Na dzie\u0144 przed inauguracj\u0105 Nawrockiego cios dla nowego szefa Biura Bezpiecze\u0144stwa Narodowego. Ataki kancelarii Tuska Cenkiewicz - POGOTOWIE FLAGOWE\u00ae\",\"isPartOf\":{\"@id\":\"https:\/\/www.pogotowieflagowe.pl\/aktualne\/#website\"},\"primaryImageOfPage\":{\"@id\":\"https:\/\/www.pogotowieflagowe.pl\/aktualne\/na-dzien-przed-inauguracja-nawrockiego-cios-dla-nowego-szefa-biura-bezpieczenstwa-narodowego-ataki-kancelarii-tuska-cenkiewicz\/#primaryimage\"},\"image\":{\"@id\":\"https:\/\/www.pogotowieflagowe.pl\/aktualne\/na-dzien-przed-inauguracja-nawrockiego-cios-dla-nowego-szefa-biura-bezpieczenstwa-narodowego-ataki-kancelarii-tuska-cenkiewicz\/#primaryimage\"},\"thumbnailUrl\":\"https:\/\/www.pogotowieflagowe.pl\/aktualne\/wp-content\/uploads\/2025\/08\/Na-dzien-przed-inauguracja-Nawrockiego-cios-dla-nowego-szefa-Biura.webp.webp\",\"datePublished\":\"2025-08-06T02:52:59+00:00\",\"dateModified\":\"2025-08-06T02:53:00+00:00\",\"breadcrumb\":{\"@id\":\"https:\/\/www.pogotowieflagowe.pl\/aktualne\/na-dzien-przed-inauguracja-nawrockiego-cios-dla-nowego-szefa-biura-bezpieczenstwa-narodowego-ataki-kancelarii-tuska-cenkiewicz\/#breadcrumb\"},\"inLanguage\":\"pl-PL\",\"potentialAction\":[{\"@type\":\"ReadAction\",\"target\":[\"https:\/\/www.pogotowieflagowe.pl\/aktualne\/na-dzien-przed-inauguracja-nawrockiego-cios-dla-nowego-szefa-biura-bezpieczenstwa-narodowego-ataki-kancelarii-tuska-cenkiewicz\/\"]}]},{\"@type\":\"ImageObject\",\"inLanguage\":\"pl-PL\",\"@id\":\"https:\/\/www.pogotowieflagowe.pl\/aktualne\/na-dzien-przed-inauguracja-nawrockiego-cios-dla-nowego-szefa-biura-bezpieczenstwa-narodowego-ataki-kancelarii-tuska-cenkiewicz\/#primaryimage\",\"url\":\"https:\/\/www.pogotowieflagowe.pl\/aktualne\/wp-content\/uploads\/2025\/08\/Na-dzien-przed-inauguracja-Nawrockiego-cios-dla-nowego-szefa-Biura.webp.webp\",\"contentUrl\":\"https:\/\/www.pogotowieflagowe.pl\/aktualne\/wp-content\/uploads\/2025\/08\/Na-dzien-przed-inauguracja-Nawrockiego-cios-dla-nowego-szefa-Biura.webp.webp\",\"width\":1280,\"height\":720,\"caption\":\"Na dzie\u0144 przed inauguracj\u0105 Nawrockiego cios dla nowego szefa Biura Bezpiecze\u0144stwa Narodowego. Ataki kancelarii Tuska Cenkiewicz\"},{\"@type\":\"BreadcrumbList\",\"@id\":\"https:\/\/www.pogotowieflagowe.pl\/aktualne\/na-dzien-przed-inauguracja-nawrockiego-cios-dla-nowego-szefa-biura-bezpieczenstwa-narodowego-ataki-kancelarii-tuska-cenkiewicz\/#breadcrumb\",\"itemListElement\":[{\"@type\":\"ListItem\",\"position\":1,\"name\":\"Home\",\"item\":\"https:\/\/www.pogotowieflagowe.pl\/aktualne\/\"},{\"@type\":\"ListItem\",\"position\":2,\"name\":\"Na dzie\u0144 przed inauguracj\u0105 Nawrockiego cios dla nowego szefa Biura Bezpiecze\u0144stwa Narodowego. Ataki kancelarii Tuska Cenkiewicz\"}]},{\"@type\":\"WebSite\",\"@id\":\"https:\/\/www.pogotowieflagowe.pl\/aktualne\/#website\",\"url\":\"https:\/\/www.pogotowieflagowe.pl\/aktualne\/\",\"name\":\"POGOTOWIE FLAGOWE\u00ae\",\"description\":\"\",\"publisher\":{\"@id\":\"https:\/\/www.pogotowieflagowe.pl\/aktualne\/#organization\"},\"potentialAction\":[{\"@type\":\"SearchAction\",\"target\":{\"@type\":\"EntryPoint\",\"urlTemplate\":\"https:\/\/www.pogotowieflagowe.pl\/aktualne\/?s={search_term_string}\"},\"query-input\":\"required name=search_term_string\"}],\"inLanguage\":\"pl-PL\"},{\"@type\":\"Organization\",\"@id\":\"https:\/\/www.pogotowieflagowe.pl\/aktualne\/#organization\",\"name\":\"POGOTOWIE FLAGOWE\u00ae\",\"url\":\"https:\/\/www.pogotowieflagowe.pl\/aktualne\/\",\"logo\":{\"@type\":\"ImageObject\",\"inLanguage\":\"pl-PL\",\"@id\":\"https:\/\/www.pogotowieflagowe.pl\/aktualne\/#\/schema\/logo\/image\/\",\"url\":\"https:\/\/www.pogotowieflagowe.pl\/aktualne\/wp-content\/uploads\/2024\/08\/cropped-pogotowieflagowe_flaga_projekt_sm.jpg\",\"contentUrl\":\"https:\/\/www.pogotowieflagowe.pl\/aktualne\/wp-content\/uploads\/2024\/08\/cropped-pogotowieflagowe_flaga_projekt_sm.jpg\",\"width\":250,\"height\":143,\"caption\":\"POGOTOWIE FLAGOWE\u00ae\"},\"image\":{\"@id\":\"https:\/\/www.pogotowieflagowe.pl\/aktualne\/#\/schema\/logo\/image\/\"}},{\"@type\":\"Person\",\"@id\":\"https:\/\/www.pogotowieflagowe.pl\/aktualne\/#\/schema\/person\/9c2fb7d2362ebf6fa088960d7f0d27b0\",\"name\":\"Filip\",\"image\":{\"@type\":\"ImageObject\",\"inLanguage\":\"pl-PL\",\"@id\":\"https:\/\/www.pogotowieflagowe.pl\/aktualne\/#\/schema\/person\/image\/\",\"url\":\"https:\/\/www.pogotowieflagowe.pl\/aktualne\/wp-content\/uploads\/2024\/08\/pogotowieflagowe.pl_.jpg\",\"contentUrl\":\"https:\/\/www.pogotowieflagowe.pl\/aktualne\/wp-content\/uploads\/2024\/08\/pogotowieflagowe.pl_.jpg\",\"caption\":\"Filip\"},\"description\":\"Jestem Filip, polski dziennikarz z dyplomem nauk politycznych Uniwersytetu Warszawskiego. Rozpoczynaj\u0105c swoj\u0105 karier\u0119 w r\u00f3\u017cnych lokalnych mediach, zdoby\u0142em solidne do\u015bwiadczenie w zakresie \u015bledztwa i redakcji. Obecnie jako redaktor w Pogotowie flagowe, staram si\u0119 dostarcza\u0107 dog\u0142\u0119bne i istotne analizy na temat najwa\u017cniejszych kwestii aktualno\u015bci, \u0142\u0105cz\u0105c rygor z pasj\u0105 dziennikarsk\u0105.\",\"sameAs\":[\"https:\/\/www.pogotowieflagowe.pl\/\"]}]}<\/script>\n<!-- \/ Yoast SEO plugin. -->","yoast_head_json":{"title":"Na dzie\u0144 przed inauguracj\u0105 Nawrockiego cios dla nowego szefa Biura Bezpiecze\u0144stwa Narodowego. Ataki kancelarii Tuska Cenkiewicz - POGOTOWIE FLAGOWE\u00ae","robots":{"index":"index","follow":"follow","max-snippet":"max-snippet:-1","max-image-preview":"max-image-preview:large","max-video-preview":"max-video-preview:-1"},"canonical":"https:\/\/www.pogotowieflagowe.pl\/aktualne\/na-dzien-przed-inauguracja-nawrockiego-cios-dla-nowego-szefa-biura-bezpieczenstwa-narodowego-ataki-kancelarii-tuska-cenkiewicz\/","og_locale":"pl_PL","og_type":"article","og_title":"Na dzie\u0144 przed inauguracj\u0105 Nawrockiego cios dla nowego szefa Biura Bezpiecze\u0144stwa Narodowego. Ataki kancelarii Tuska Cenkiewicz - POGOTOWIE FLAGOWE\u00ae","og_description":"Dzie\u0144 przed inauguracj\u0105 Karola Nawrockiego jako prezydenta Polski kancelaria Donalda Tuska rozpocz\u0119\u0142a atak na S\u0142awomira Cenkiewicza, kt\u00f3ry ma zosta\u0107 szefem","og_url":"https:\/\/www.pogotowieflagowe.pl\/aktualne\/na-dzien-przed-inauguracja-nawrockiego-cios-dla-nowego-szefa-biura-bezpieczenstwa-narodowego-ataki-kancelarii-tuska-cenkiewicz\/","og_site_name":"POGOTOWIE FLAGOWE\u00ae","article_published_time":"2025-08-06T02:52:59+00:00","article_modified_time":"2025-08-06T02:53:00+00:00","og_image":[{"width":1280,"height":720,"url":"https:\/\/www.pogotowieflagowe.pl\/aktualne\/wp-content\/uploads\/2025\/08\/Na-dzien-przed-inauguracja-Nawrockiego-cios-dla-nowego-szefa-Biura.webp.webp","type":"image\/webp"}],"author":"Filip","twitter_card":"summary_large_image","twitter_misc":{"Napisane przez":"Filip","Szacowany czas czytania":"2 minuty"},"schema":{"@context":"https:\/\/schema.org","@graph":[{"@type":"Article","@id":"https:\/\/www.pogotowieflagowe.pl\/aktualne\/na-dzien-przed-inauguracja-nawrockiego-cios-dla-nowego-szefa-biura-bezpieczenstwa-narodowego-ataki-kancelarii-tuska-cenkiewicz\/#article","isPartOf":{"@id":"https:\/\/www.pogotowieflagowe.pl\/aktualne\/na-dzien-przed-inauguracja-nawrockiego-cios-dla-nowego-szefa-biura-bezpieczenstwa-narodowego-ataki-kancelarii-tuska-cenkiewicz\/"},"author":{"name":"Filip","@id":"https:\/\/www.pogotowieflagowe.pl\/aktualne\/#\/schema\/person\/9c2fb7d2362ebf6fa088960d7f0d27b0"},"headline":"Na dzie\u0144 przed inauguracj\u0105 Nawrockiego cios dla nowego szefa Biura Bezpiecze\u0144stwa Narodowego. Ataki kancelarii Tuska Cenkiewicz","datePublished":"2025-08-06T02:52:59+00:00","dateModified":"2025-08-06T02:53:00+00:00","mainEntityOfPage":{"@id":"https:\/\/www.pogotowieflagowe.pl\/aktualne\/na-dzien-przed-inauguracja-nawrockiego-cios-dla-nowego-szefa-biura-bezpieczenstwa-narodowego-ataki-kancelarii-tuska-cenkiewicz\/"},"wordCount":329,"publisher":{"@id":"https:\/\/www.pogotowieflagowe.pl\/aktualne\/#organization"},"image":{"@id":"https:\/\/www.pogotowieflagowe.pl\/aktualne\/na-dzien-przed-inauguracja-nawrockiego-cios-dla-nowego-szefa-biura-bezpieczenstwa-narodowego-ataki-kancelarii-tuska-cenkiewicz\/#primaryimage"},"thumbnailUrl":"https:\/\/www.pogotowieflagowe.pl\/aktualne\/wp-content\/uploads\/2025\/08\/Na-dzien-przed-inauguracja-Nawrockiego-cios-dla-nowego-szefa-Biura.webp.webp","keywords":["ataki","bezpiecze\u0144stwa","biura","Cenkiewicz","cios","dla","Dzie\u0144","inauguracj\u0105","Kancelarii","Narodowego","Nawrockiego","Nowego","przed","szefa","Tuska"],"articleSection":["Aktualne"],"inLanguage":"pl-PL"},{"@type":"WebPage","@id":"https:\/\/www.pogotowieflagowe.pl\/aktualne\/na-dzien-przed-inauguracja-nawrockiego-cios-dla-nowego-szefa-biura-bezpieczenstwa-narodowego-ataki-kancelarii-tuska-cenkiewicz\/","url":"https:\/\/www.pogotowieflagowe.pl\/aktualne\/na-dzien-przed-inauguracja-nawrockiego-cios-dla-nowego-szefa-biura-bezpieczenstwa-narodowego-ataki-kancelarii-tuska-cenkiewicz\/","name":"Na dzie\u0144 przed inauguracj\u0105 Nawrockiego cios dla nowego szefa Biura Bezpiecze\u0144stwa Narodowego. Ataki kancelarii Tuska Cenkiewicz - POGOTOWIE FLAGOWE\u00ae","isPartOf":{"@id":"https:\/\/www.pogotowieflagowe.pl\/aktualne\/#website"},"primaryImageOfPage":{"@id":"https:\/\/www.pogotowieflagowe.pl\/aktualne\/na-dzien-przed-inauguracja-nawrockiego-cios-dla-nowego-szefa-biura-bezpieczenstwa-narodowego-ataki-kancelarii-tuska-cenkiewicz\/#primaryimage"},"image":{"@id":"https:\/\/www.pogotowieflagowe.pl\/aktualne\/na-dzien-przed-inauguracja-nawrockiego-cios-dla-nowego-szefa-biura-bezpieczenstwa-narodowego-ataki-kancelarii-tuska-cenkiewicz\/#primaryimage"},"thumbnailUrl":"https:\/\/www.pogotowieflagowe.pl\/aktualne\/wp-content\/uploads\/2025\/08\/Na-dzien-przed-inauguracja-Nawrockiego-cios-dla-nowego-szefa-Biura.webp.webp","datePublished":"2025-08-06T02:52:59+00:00","dateModified":"2025-08-06T02:53:00+00:00","breadcrumb":{"@id":"https:\/\/www.pogotowieflagowe.pl\/aktualne\/na-dzien-przed-inauguracja-nawrockiego-cios-dla-nowego-szefa-biura-bezpieczenstwa-narodowego-ataki-kancelarii-tuska-cenkiewicz\/#breadcrumb"},"inLanguage":"pl-PL","potentialAction":[{"@type":"ReadAction","target":["https:\/\/www.pogotowieflagowe.pl\/aktualne\/na-dzien-przed-inauguracja-nawrockiego-cios-dla-nowego-szefa-biura-bezpieczenstwa-narodowego-ataki-kancelarii-tuska-cenkiewicz\/"]}]},{"@type":"ImageObject","inLanguage":"pl-PL","@id":"https:\/\/www.pogotowieflagowe.pl\/aktualne\/na-dzien-przed-inauguracja-nawrockiego-cios-dla-nowego-szefa-biura-bezpieczenstwa-narodowego-ataki-kancelarii-tuska-cenkiewicz\/#primaryimage","url":"https:\/\/www.pogotowieflagowe.pl\/aktualne\/wp-content\/uploads\/2025\/08\/Na-dzien-przed-inauguracja-Nawrockiego-cios-dla-nowego-szefa-Biura.webp.webp","contentUrl":"https:\/\/www.pogotowieflagowe.pl\/aktualne\/wp-content\/uploads\/2025\/08\/Na-dzien-przed-inauguracja-Nawrockiego-cios-dla-nowego-szefa-Biura.webp.webp","width":1280,"height":720,"caption":"Na dzie\u0144 przed inauguracj\u0105 Nawrockiego cios dla nowego szefa Biura Bezpiecze\u0144stwa Narodowego. Ataki kancelarii Tuska Cenkiewicz"},{"@type":"BreadcrumbList","@id":"https:\/\/www.pogotowieflagowe.pl\/aktualne\/na-dzien-przed-inauguracja-nawrockiego-cios-dla-nowego-szefa-biura-bezpieczenstwa-narodowego-ataki-kancelarii-tuska-cenkiewicz\/#breadcrumb","itemListElement":[{"@type":"ListItem","position":1,"name":"Home","item":"https:\/\/www.pogotowieflagowe.pl\/aktualne\/"},{"@type":"ListItem","position":2,"name":"Na dzie\u0144 przed inauguracj\u0105 Nawrockiego cios dla nowego szefa Biura Bezpiecze\u0144stwa Narodowego. Ataki kancelarii Tuska Cenkiewicz"}]},{"@type":"WebSite","@id":"https:\/\/www.pogotowieflagowe.pl\/aktualne\/#website","url":"https:\/\/www.pogotowieflagowe.pl\/aktualne\/","name":"POGOTOWIE FLAGOWE\u00ae","description":"","publisher":{"@id":"https:\/\/www.pogotowieflagowe.pl\/aktualne\/#organization"},"potentialAction":[{"@type":"SearchAction","target":{"@type":"EntryPoint","urlTemplate":"https:\/\/www.pogotowieflagowe.pl\/aktualne\/?s={search_term_string}"},"query-input":"required name=search_term_string"}],"inLanguage":"pl-PL"},{"@type":"Organization","@id":"https:\/\/www.pogotowieflagowe.pl\/aktualne\/#organization","name":"POGOTOWIE FLAGOWE\u00ae","url":"https:\/\/www.pogotowieflagowe.pl\/aktualne\/","logo":{"@type":"ImageObject","inLanguage":"pl-PL","@id":"https:\/\/www.pogotowieflagowe.pl\/aktualne\/#\/schema\/logo\/image\/","url":"https:\/\/www.pogotowieflagowe.pl\/aktualne\/wp-content\/uploads\/2024\/08\/cropped-pogotowieflagowe_flaga_projekt_sm.jpg","contentUrl":"https:\/\/www.pogotowieflagowe.pl\/aktualne\/wp-content\/uploads\/2024\/08\/cropped-pogotowieflagowe_flaga_projekt_sm.jpg","width":250,"height":143,"caption":"POGOTOWIE FLAGOWE\u00ae"},"image":{"@id":"https:\/\/www.pogotowieflagowe.pl\/aktualne\/#\/schema\/logo\/image\/"}},{"@type":"Person","@id":"https:\/\/www.pogotowieflagowe.pl\/aktualne\/#\/schema\/person\/9c2fb7d2362ebf6fa088960d7f0d27b0","name":"Filip","image":{"@type":"ImageObject","inLanguage":"pl-PL","@id":"https:\/\/www.pogotowieflagowe.pl\/aktualne\/#\/schema\/person\/image\/","url":"https:\/\/www.pogotowieflagowe.pl\/aktualne\/wp-content\/uploads\/2024\/08\/pogotowieflagowe.pl_.jpg","contentUrl":"https:\/\/www.pogotowieflagowe.pl\/aktualne\/wp-content\/uploads\/2024\/08\/pogotowieflagowe.pl_.jpg","caption":"Filip"},"description":"Jestem Filip, polski dziennikarz z dyplomem nauk politycznych Uniwersytetu Warszawskiego. Rozpoczynaj\u0105c swoj\u0105 karier\u0119 w r\u00f3\u017cnych lokalnych mediach, zdoby\u0142em solidne do\u015bwiadczenie w zakresie \u015bledztwa i redakcji. Obecnie jako redaktor w Pogotowie flagowe, staram si\u0119 dostarcza\u0107 dog\u0142\u0119bne i istotne analizy na temat najwa\u017cniejszych kwestii aktualno\u015bci, \u0142\u0105cz\u0105c rygor z pasj\u0105 dziennikarsk\u0105.","sameAs":["https:\/\/www.pogotowieflagowe.pl\/"]}]}},"_links":{"self":[{"href":"https:\/\/www.pogotowieflagowe.pl\/aktualne\/wp-json\/wp\/v2\/posts\/7035","targetHints":{"allow":["GET"]}}],"collection":[{"href":"https:\/\/www.pogotowieflagowe.pl\/aktualne\/wp-json\/wp\/v2\/posts"}],"about":[{"href":"https:\/\/www.pogotowieflagowe.pl\/aktualne\/wp-json\/wp\/v2\/types\/post"}],"author":[{"embeddable":true,"href":"https:\/\/www.pogotowieflagowe.pl\/aktualne\/wp-json\/wp\/v2\/users\/1"}],"replies":[{"embeddable":true,"href":"https:\/\/www.pogotowieflagowe.pl\/aktualne\/wp-json\/wp\/v2\/comments?post=7035"}],"version-history":[{"count":1,"href":"https:\/\/www.pogotowieflagowe.pl\/aktualne\/wp-json\/wp\/v2\/posts\/7035\/revisions"}],"predecessor-version":[{"id":7037,"href":"https:\/\/www.pogotowieflagowe.pl\/aktualne\/wp-json\/wp\/v2\/posts\/7035\/revisions\/7037"}],"wp:featuredmedia":[{"embeddable":true,"href":"https:\/\/www.pogotowieflagowe.pl\/aktualne\/wp-json\/wp\/v2\/media\/7036"}],"wp:attachment":[{"href":"https:\/\/www.pogotowieflagowe.pl\/aktualne\/wp-json\/wp\/v2\/media?parent=7035"}],"wp:term":[{"taxonomy":"category","embeddable":true,"href":"https:\/\/www.pogotowieflagowe.pl\/aktualne\/wp-json\/wp\/v2\/categories?post=7035"},{"taxonomy":"post_tag","embeddable":true,"href":"https:\/\/www.pogotowieflagowe.pl\/aktualne\/wp-json\/wp\/v2\/tags?post=7035"}],"curies":[{"name":"wp","href":"https:\/\/api.w.org\/{rel}","templated":true}]}}