{"id":716,"date":"2024-09-15T01:57:29","date_gmt":"2024-09-14T23:57:29","guid":{"rendered":"https:\/\/www.pogotowieflagowe.pl\/aktualne\/magdalena-frech-osiaga-najwyzsza-pozycje-w-karierze-dzieki-polfinalowi-wta-500\/"},"modified":"2024-09-15T01:57:32","modified_gmt":"2024-09-14T23:57:32","slug":"magdalena-frech-osiaga-najwyzsza-pozycje-w-karierze-dzieki-polfinalowi-wta-500","status":"publish","type":"post","link":"https:\/\/www.pogotowieflagowe.pl\/aktualne\/magdalena-frech-osiaga-najwyzsza-pozycje-w-karierze-dzieki-polfinalowi-wta-500\/","title":{"rendered":"Magdalena Fr\u0119ch osi\u0105ga najwy\u017csz\u0105 pozycj\u0119 w karierze dzi\u0119ki p\u00f3\u0142fina\u0142owi WTA 500"},"content":{"rendered":"\n<div class=\"td_block_wrap tdb_single_content tdi_48 td-pb-border-top td_block_template_8 td-post-content tagdiv-type\" data-td-block-uid=\"tdi_48\">\n<style>.tdi_48{margines g\u00f3rny:0px!wa\u017cne;margines dolny:0px!wa\u017cne;wype\u0142nienie g\u00f3rne:0px!wa\u017cne;wype\u0142nienie dolne:0px!wa\u017cne}<\/style>\n<style>.tdb_single_content{margines-dolny:0;*powi\u0119kszenie:1}.tdb_single_content:before,.tdb_single_content:after{wy\u015bwietlanie:tabela;zawarto\u015b\u0107:'';wysoko\u015b\u0107-linii:0}.tdb_single_content:after{wyczy\u015b\u0107:oba}.tdb_single_content .tdb-block-inner>*:not(.wp-block-quote):not(.alignwide):not(.alignfull.wp-block-cover.has-parallax):not(.td-a-ad){margines-lewy:auto;margines-prawy:auto}.tdb_single_content a{zdarzenia-wska\u017anika:auto}.tdb_single_content .td-spot-id-top_ad .tdc-placeholder-title:before{zawarto\u015b\u0107:'Pocz\u0105tek artyku\u0142u Reklama'!important}.tdb_single_content .td-spot-id-inline_ad0 .tdc-placeholder-title:before{content:'Reklama inline artyku\u0142u 1'!important}.tdb_single_content .td-spot-id-inline_ad1 .tdc-placeholder-title:before{content:'Reklama inline artyku\u0142u 2'!important}.tdb_single_content .td-spot-id-inline_ad2 .tdc-placeholder-title:before{content:'Reklama inline artyku\u0142u 3'!important}.tdb_single_content .td-spot-id-bottom_ad .tdc-placeholder-title:before{content:'Reklama dolna artyku\u0142u'!important}.tdb_single_content .id_top_ad,.tdb_single_content .id_bottom_ad{clear:both;margines-dolny:21px;wyr\u00f3wnanie-tekstu:\u015brodek}.tdb_single_content .id_top_ad img,.tdb_single_content .id_bottom_ad img{margines-dolny:0}.tdb_single_content .id_top_ad .adsbygoogle,.tdb_single_content .id_bottom_ad .adsbygoogle{pozycja:wzgl\u0119dna}.tdb_single_content .id_ad_content-poziom-lewy,.tdb_single_content .id_ad_content-poziom-prawy,.tdb_single_content .id_ad_content-horiz-center{margines dolny:15px}.tdb_single_content .id_ad_content-horiz-lewy img,.tdb_single_content .id_ad_content-horiz-prawy img,.tdb_single_content .id_ad_content-horiz-center img{margines dolny:0}.tdb_single_content .id_ad_content-horiz-center{wyr\u00f3wnanie tekstu:\u015brodek}.tdb_single_content .id_ad_content-horiz-center img{margines prawy:auto;margines lewy:auto}.tdb_single_content .id_ad_content-horiz-left{float:lewy;margines g\u00f3rny:9px;margines prawy:21px}.tdb_single_content .id_ad_content-horiz-right{float:right;margines-g\u00f3rny:6px;margines-lewy:21px}.tdb_single_content .tdc-a-ad .tdc-placeholder-title{szeroko\u015b\u0107:300px;wysoko\u015b\u0107:250px}.tdb_single_content .tdc-a-ad .tdc-placeholder-title:before{pozycja:absolutna;g\u00f3ra:50%;-webkit-transform:translateY(-50%);przekszta\u0142cenie:translateY(-50%);margines:auto;wy\u015bwietlanie:tabela;szeroko\u015b\u0107:100%}.tdb_single_content .tdb-block-inner.td-fix-index{word-break:break-word}.tdi_48,.tdi_48>p,.tdi_48 .tdb-block-inner>p{rozmiar-czcionki:16px!wa\u017cne;wysoko\u015b\u0107-linii:1.6!wa\u017cne}.tdi_48 .tdb-block-inner cytat p{styl-czcionki:normalny!wa\u017cne}@media (maks. szeroko\u015b\u0107:767px){.tdb_single_content .id_ad_content-poziom-lewo,.tdb_single_content .id_ad_content-poziom-prawo,.tdb_single_content .id_ad_content-poziom-\u015brodek{margines:0 auto 26px auto}}@media (maks. szeroko\u015b\u0107:767px){.tdb_single_content .id_ad_content-poziom-lewo{margines-prawy:0}}@media (maks. szeroko\u015b\u0107:767px){.tdb_single_content .id_ad_content-horiz-right{margines-lewy:0}}@media (maksymalna szeroko\u015b\u0107:767px){.tdb_single_content .td-a-ad{float:none;wyr\u00f3wnanie tekstu:\u015brodek}.tdb_single_content .td-a-ad img{margines-prawy:auto;margines-lewy:auto}.tdb_single_content .tdc-a-ad{float:none}}<\/style>\n<div class=\"tdb-block-inner td-fix-index\">\n<p><strong>Polska tenisistka Magdalena Fr\u0119ch zapewni\u0142a sobie nowy najwy\u017cszy ranking w karierze, awansuj\u0105c do p\u00f3\u0142fina\u0142u turnieju WTA 500 w Guadalajarze. Pokonuj\u0105c Kanadyjk\u0119 Marin\u0119 Stakusic w mniej ni\u017c dwie godziny, Fr\u0119ch awansuje o co najmniej sze\u015b\u0107 pozycji w rankingu WTA. Od poniedzia\u0142ku b\u0119dzie zajmowa\u0107 37. miejsce, co oznacza jej pierwszy raz w pierwszej czterdziestce.<\/strong><\/p>\n<h2 class=\"wp-block-heading\">Mo\u017cliwe zaskoczenie w starciu z Garci\u0105<\/h2>\n<p>Fr\u0119ch zmierzy si\u0119 w p\u00f3\u0142finale z rozstawion\u0105 z numerem czwartym Caroline Garcia. Chocia\u017c Garcia wchodzi jako faworytka, Fr\u0119ch ma histori\u0119 po swojej stronie. W ich jedynym poprzednim spotkaniu Fr\u0119ch triumfowa\u0142a na Australian Open na pocz\u0105tku tego roku, wygrywaj\u0105c 6-4, 7-6. <\/p>\n<p>Je\u015bli Fr\u0119ch wygra turniej w Guadalajarze, mo\u017ce awansowa\u0107 na 32. miejsce na \u015bwiecie, potencjalnie zdobywaj\u0105c miejsce w przysz\u0142ych turniejach Wielkiego Szlema. Jednak bior\u0105c pod uwag\u0119 kilka prawdopodobnych zmian w rankingu przed Australian Open, ta mo\u017cliwo\u015b\u0107 pozostaje niepewna.<\/p>\n<p>W drugim p\u00f3\u0142finale zmierz\u0105 si\u0119 nierozstawione zawodniczki Camila Osorio i Olivia Gadecki, co oznacza, \u017ce \u200b\u200bje\u015bli Fr\u0119ch zdo\u0142a pokona\u0107 Garci\u0119, teoretycznie mo\u017ce mie\u0107 \u0142atwiejsze zadanie w finale.<\/p>\n<\/div>\n<\/div>\n","protected":false},"excerpt":{"rendered":"<p>Polska tenisistka Magdalena Fr\u0119ch zapewni\u0142a sobie nowy najwy\u017cszy ranking w karierze, awansuj\u0105c do p\u00f3\u0142fina\u0142u turnieju WTA 500 w Guadalajarze. Pokonuj\u0105c<\/p>\n","protected":false},"author":1,"featured_media":717,"comment_status":"closed","ping_status":"","sticky":false,"template":"","format":"standard","meta":{"footnotes":""},"categories":[118],"tags":[749,524,1226,523,1225,1224,1227,729,323],"class_list":["post-716","post","type-post","status-publish","format-standard","has-post-thumbnail","hentry","category-lekkoatletyka","tag-dzieki","tag-frech","tag-karierze","tag-magdalena","tag-najwyzsza","tag-osiaga","tag-polfinalowi","tag-pozycje","tag-wta","generate-columns","tablet-grid-50","mobile-grid-100","grid-parent","grid-50","resize-featured-image"],"yoast_head":"<!-- This site is optimized with the Yoast SEO plugin v23.2 - https:\/\/yoast.com\/wordpress\/plugins\/seo\/ -->\n<title>Magdalena Fr\u0119ch osi\u0105ga najwy\u017csz\u0105 pozycj\u0119 w karierze dzi\u0119ki p\u00f3\u0142fina\u0142owi WTA 500 - POGOTOWIE FLAGOWE\u00ae<\/title>\n<meta name=\"robots\" content=\"index, follow, max-snippet:-1, max-image-preview:large, max-video-preview:-1\" \/>\n<link rel=\"canonical\" href=\"https:\/\/www.pogotowieflagowe.pl\/aktualne\/magdalena-frech-osiaga-najwyzsza-pozycje-w-karierze-dzieki-polfinalowi-wta-500\/\" \/>\n<meta property=\"og:locale\" content=\"pl_PL\" \/>\n<meta property=\"og:type\" content=\"article\" \/>\n<meta property=\"og:title\" content=\"Magdalena Fr\u0119ch osi\u0105ga najwy\u017csz\u0105 pozycj\u0119 w karierze dzi\u0119ki p\u00f3\u0142fina\u0142owi WTA 500 - POGOTOWIE FLAGOWE\u00ae\" \/>\n<meta property=\"og:description\" content=\"Polska tenisistka Magdalena Fr\u0119ch zapewni\u0142a sobie nowy najwy\u017cszy ranking w karierze, awansuj\u0105c do p\u00f3\u0142fina\u0142u turnieju WTA 500 w Guadalajarze. Pokonuj\u0105c\" \/>\n<meta property=\"og:url\" content=\"https:\/\/www.pogotowieflagowe.pl\/aktualne\/magdalena-frech-osiaga-najwyzsza-pozycje-w-karierze-dzieki-polfinalowi-wta-500\/\" \/>\n<meta property=\"og:site_name\" content=\"POGOTOWIE FLAGOWE\u00ae\" \/>\n<meta property=\"article:published_time\" content=\"2024-09-14T23:57:29+00:00\" \/>\n<meta property=\"article:modified_time\" content=\"2024-09-14T23:57:32+00:00\" \/>\n<meta property=\"og:image\" content=\"https:\/\/www.pogotowieflagowe.pl\/aktualne\/wp-content\/uploads\/2024\/09\/Magdalena-Frech-osiaga-najwyzsza-pozycje-w-karierze-dzieki-polfinalowi-WTA.jpeg\" \/>\n\t<meta property=\"og:image:width\" content=\"1920\" \/>\n\t<meta property=\"og:image:height\" content=\"1280\" \/>\n\t<meta property=\"og:image:type\" content=\"image\/jpeg\" \/>\n<meta name=\"author\" content=\"Filip\" \/>\n<meta name=\"twitter:card\" content=\"summary_large_image\" \/>\n<meta name=\"twitter:label1\" content=\"Napisane przez\" \/>\n\t<meta name=\"twitter:data1\" content=\"Filip\" \/>\n\t<meta name=\"twitter:label2\" content=\"Szacowany czas czytania\" \/>\n\t<meta name=\"twitter:data2\" content=\"1 minuta\" \/>\n<script type=\"application\/ld+json\" class=\"yoast-schema-graph\">{\"@context\":\"https:\/\/schema.org\",\"@graph\":[{\"@type\":\"Article\",\"@id\":\"https:\/\/www.pogotowieflagowe.pl\/aktualne\/magdalena-frech-osiaga-najwyzsza-pozycje-w-karierze-dzieki-polfinalowi-wta-500\/#article\",\"isPartOf\":{\"@id\":\"https:\/\/www.pogotowieflagowe.pl\/aktualne\/magdalena-frech-osiaga-najwyzsza-pozycje-w-karierze-dzieki-polfinalowi-wta-500\/\"},\"author\":{\"name\":\"Filip\",\"@id\":\"https:\/\/www.pogotowieflagowe.pl\/aktualne\/#\/schema\/person\/9c2fb7d2362ebf6fa088960d7f0d27b0\"},\"headline\":\"Magdalena Fr\u0119ch osi\u0105ga najwy\u017csz\u0105 pozycj\u0119 w karierze dzi\u0119ki p\u00f3\u0142fina\u0142owi WTA 500\",\"datePublished\":\"2024-09-14T23:57:29+00:00\",\"dateModified\":\"2024-09-14T23:57:32+00:00\",\"mainEntityOfPage\":{\"@id\":\"https:\/\/www.pogotowieflagowe.pl\/aktualne\/magdalena-frech-osiaga-najwyzsza-pozycje-w-karierze-dzieki-polfinalowi-wta-500\/\"},\"wordCount\":205,\"publisher\":{\"@id\":\"https:\/\/www.pogotowieflagowe.pl\/aktualne\/#organization\"},\"image\":{\"@id\":\"https:\/\/www.pogotowieflagowe.pl\/aktualne\/magdalena-frech-osiaga-najwyzsza-pozycje-w-karierze-dzieki-polfinalowi-wta-500\/#primaryimage\"},\"thumbnailUrl\":\"https:\/\/www.pogotowieflagowe.pl\/aktualne\/wp-content\/uploads\/2024\/09\/Magdalena-Frech-osiaga-najwyzsza-pozycje-w-karierze-dzieki-polfinalowi-WTA.jpeg\",\"keywords\":[\"dzi\u0119ki\",\"Fr\u0119ch\",\"karierze\",\"Magdalena\",\"najwy\u017csz\u0105\",\"osi\u0105ga\",\"p\u00f3\u0142fina\u0142owi\",\"pozycj\u0119\",\"WTA\"],\"articleSection\":[\"Lekkoatletyka\"],\"inLanguage\":\"pl-PL\"},{\"@type\":\"WebPage\",\"@id\":\"https:\/\/www.pogotowieflagowe.pl\/aktualne\/magdalena-frech-osiaga-najwyzsza-pozycje-w-karierze-dzieki-polfinalowi-wta-500\/\",\"url\":\"https:\/\/www.pogotowieflagowe.pl\/aktualne\/magdalena-frech-osiaga-najwyzsza-pozycje-w-karierze-dzieki-polfinalowi-wta-500\/\",\"name\":\"Magdalena Fr\u0119ch osi\u0105ga najwy\u017csz\u0105 pozycj\u0119 w karierze dzi\u0119ki p\u00f3\u0142fina\u0142owi WTA 500 - POGOTOWIE FLAGOWE\u00ae\",\"isPartOf\":{\"@id\":\"https:\/\/www.pogotowieflagowe.pl\/aktualne\/#website\"},\"primaryImageOfPage\":{\"@id\":\"https:\/\/www.pogotowieflagowe.pl\/aktualne\/magdalena-frech-osiaga-najwyzsza-pozycje-w-karierze-dzieki-polfinalowi-wta-500\/#primaryimage\"},\"image\":{\"@id\":\"https:\/\/www.pogotowieflagowe.pl\/aktualne\/magdalena-frech-osiaga-najwyzsza-pozycje-w-karierze-dzieki-polfinalowi-wta-500\/#primaryimage\"},\"thumbnailUrl\":\"https:\/\/www.pogotowieflagowe.pl\/aktualne\/wp-content\/uploads\/2024\/09\/Magdalena-Frech-osiaga-najwyzsza-pozycje-w-karierze-dzieki-polfinalowi-WTA.jpeg\",\"datePublished\":\"2024-09-14T23:57:29+00:00\",\"dateModified\":\"2024-09-14T23:57:32+00:00\",\"breadcrumb\":{\"@id\":\"https:\/\/www.pogotowieflagowe.pl\/aktualne\/magdalena-frech-osiaga-najwyzsza-pozycje-w-karierze-dzieki-polfinalowi-wta-500\/#breadcrumb\"},\"inLanguage\":\"pl-PL\",\"potentialAction\":[{\"@type\":\"ReadAction\",\"target\":[\"https:\/\/www.pogotowieflagowe.pl\/aktualne\/magdalena-frech-osiaga-najwyzsza-pozycje-w-karierze-dzieki-polfinalowi-wta-500\/\"]}]},{\"@type\":\"ImageObject\",\"inLanguage\":\"pl-PL\",\"@id\":\"https:\/\/www.pogotowieflagowe.pl\/aktualne\/magdalena-frech-osiaga-najwyzsza-pozycje-w-karierze-dzieki-polfinalowi-wta-500\/#primaryimage\",\"url\":\"https:\/\/www.pogotowieflagowe.pl\/aktualne\/wp-content\/uploads\/2024\/09\/Magdalena-Frech-osiaga-najwyzsza-pozycje-w-karierze-dzieki-polfinalowi-WTA.jpeg\",\"contentUrl\":\"https:\/\/www.pogotowieflagowe.pl\/aktualne\/wp-content\/uploads\/2024\/09\/Magdalena-Frech-osiaga-najwyzsza-pozycje-w-karierze-dzieki-polfinalowi-WTA.jpeg\",\"width\":1920,\"height\":1280,\"caption\":\"Magdalena Fr\u0119ch osi\u0105ga najwy\u017csz\u0105 pozycj\u0119 w karierze dzi\u0119ki p\u00f3\u0142fina\u0142owi WTA 500\"},{\"@type\":\"BreadcrumbList\",\"@id\":\"https:\/\/www.pogotowieflagowe.pl\/aktualne\/magdalena-frech-osiaga-najwyzsza-pozycje-w-karierze-dzieki-polfinalowi-wta-500\/#breadcrumb\",\"itemListElement\":[{\"@type\":\"ListItem\",\"position\":1,\"name\":\"Home\",\"item\":\"https:\/\/www.pogotowieflagowe.pl\/aktualne\/\"},{\"@type\":\"ListItem\",\"position\":2,\"name\":\"Magdalena Fr\u0119ch osi\u0105ga najwy\u017csz\u0105 pozycj\u0119 w karierze dzi\u0119ki p\u00f3\u0142fina\u0142owi WTA 500\"}]},{\"@type\":\"WebSite\",\"@id\":\"https:\/\/www.pogotowieflagowe.pl\/aktualne\/#website\",\"url\":\"https:\/\/www.pogotowieflagowe.pl\/aktualne\/\",\"name\":\"POGOTOWIE FLAGOWE\u00ae\",\"description\":\"\",\"publisher\":{\"@id\":\"https:\/\/www.pogotowieflagowe.pl\/aktualne\/#organization\"},\"potentialAction\":[{\"@type\":\"SearchAction\",\"target\":{\"@type\":\"EntryPoint\",\"urlTemplate\":\"https:\/\/www.pogotowieflagowe.pl\/aktualne\/?s={search_term_string}\"},\"query-input\":\"required name=search_term_string\"}],\"inLanguage\":\"pl-PL\"},{\"@type\":\"Organization\",\"@id\":\"https:\/\/www.pogotowieflagowe.pl\/aktualne\/#organization\",\"name\":\"POGOTOWIE FLAGOWE\u00ae\",\"url\":\"https:\/\/www.pogotowieflagowe.pl\/aktualne\/\",\"logo\":{\"@type\":\"ImageObject\",\"inLanguage\":\"pl-PL\",\"@id\":\"https:\/\/www.pogotowieflagowe.pl\/aktualne\/#\/schema\/logo\/image\/\",\"url\":\"https:\/\/www.pogotowieflagowe.pl\/aktualne\/wp-content\/uploads\/2024\/08\/cropped-pogotowieflagowe_flaga_projekt_sm.jpg\",\"contentUrl\":\"https:\/\/www.pogotowieflagowe.pl\/aktualne\/wp-content\/uploads\/2024\/08\/cropped-pogotowieflagowe_flaga_projekt_sm.jpg\",\"width\":250,\"height\":143,\"caption\":\"POGOTOWIE FLAGOWE\u00ae\"},\"image\":{\"@id\":\"https:\/\/www.pogotowieflagowe.pl\/aktualne\/#\/schema\/logo\/image\/\"}},{\"@type\":\"Person\",\"@id\":\"https:\/\/www.pogotowieflagowe.pl\/aktualne\/#\/schema\/person\/9c2fb7d2362ebf6fa088960d7f0d27b0\",\"name\":\"Filip\",\"image\":{\"@type\":\"ImageObject\",\"inLanguage\":\"pl-PL\",\"@id\":\"https:\/\/www.pogotowieflagowe.pl\/aktualne\/#\/schema\/person\/image\/\",\"url\":\"https:\/\/www.pogotowieflagowe.pl\/aktualne\/wp-content\/uploads\/2024\/08\/pogotowieflagowe.pl_.jpg\",\"contentUrl\":\"https:\/\/www.pogotowieflagowe.pl\/aktualne\/wp-content\/uploads\/2024\/08\/pogotowieflagowe.pl_.jpg\",\"caption\":\"Filip\"},\"description\":\"Jestem Filip, polski dziennikarz z dyplomem nauk politycznych Uniwersytetu Warszawskiego. Rozpoczynaj\u0105c swoj\u0105 karier\u0119 w r\u00f3\u017cnych lokalnych mediach, zdoby\u0142em solidne do\u015bwiadczenie w zakresie \u015bledztwa i redakcji. Obecnie jako redaktor w Pogotowie flagowe, staram si\u0119 dostarcza\u0107 dog\u0142\u0119bne i istotne analizy na temat najwa\u017cniejszych kwestii aktualno\u015bci, \u0142\u0105cz\u0105c rygor z pasj\u0105 dziennikarsk\u0105.\",\"sameAs\":[\"https:\/\/www.pogotowieflagowe.pl\/\"]}]}<\/script>\n<!-- \/ Yoast SEO plugin. -->","yoast_head_json":{"title":"Magdalena Fr\u0119ch osi\u0105ga najwy\u017csz\u0105 pozycj\u0119 w karierze dzi\u0119ki p\u00f3\u0142fina\u0142owi WTA 500 - POGOTOWIE FLAGOWE\u00ae","robots":{"index":"index","follow":"follow","max-snippet":"max-snippet:-1","max-image-preview":"max-image-preview:large","max-video-preview":"max-video-preview:-1"},"canonical":"https:\/\/www.pogotowieflagowe.pl\/aktualne\/magdalena-frech-osiaga-najwyzsza-pozycje-w-karierze-dzieki-polfinalowi-wta-500\/","og_locale":"pl_PL","og_type":"article","og_title":"Magdalena Fr\u0119ch osi\u0105ga najwy\u017csz\u0105 pozycj\u0119 w karierze dzi\u0119ki p\u00f3\u0142fina\u0142owi WTA 500 - POGOTOWIE FLAGOWE\u00ae","og_description":"Polska tenisistka Magdalena Fr\u0119ch zapewni\u0142a sobie nowy najwy\u017cszy ranking w karierze, awansuj\u0105c do p\u00f3\u0142fina\u0142u turnieju WTA 500 w Guadalajarze. Pokonuj\u0105c","og_url":"https:\/\/www.pogotowieflagowe.pl\/aktualne\/magdalena-frech-osiaga-najwyzsza-pozycje-w-karierze-dzieki-polfinalowi-wta-500\/","og_site_name":"POGOTOWIE FLAGOWE\u00ae","article_published_time":"2024-09-14T23:57:29+00:00","article_modified_time":"2024-09-14T23:57:32+00:00","og_image":[{"width":1920,"height":1280,"url":"https:\/\/www.pogotowieflagowe.pl\/aktualne\/wp-content\/uploads\/2024\/09\/Magdalena-Frech-osiaga-najwyzsza-pozycje-w-karierze-dzieki-polfinalowi-WTA.jpeg","type":"image\/jpeg"}],"author":"Filip","twitter_card":"summary_large_image","twitter_misc":{"Napisane przez":"Filip","Szacowany czas czytania":"1 minuta"},"schema":{"@context":"https:\/\/schema.org","@graph":[{"@type":"Article","@id":"https:\/\/www.pogotowieflagowe.pl\/aktualne\/magdalena-frech-osiaga-najwyzsza-pozycje-w-karierze-dzieki-polfinalowi-wta-500\/#article","isPartOf":{"@id":"https:\/\/www.pogotowieflagowe.pl\/aktualne\/magdalena-frech-osiaga-najwyzsza-pozycje-w-karierze-dzieki-polfinalowi-wta-500\/"},"author":{"name":"Filip","@id":"https:\/\/www.pogotowieflagowe.pl\/aktualne\/#\/schema\/person\/9c2fb7d2362ebf6fa088960d7f0d27b0"},"headline":"Magdalena Fr\u0119ch osi\u0105ga najwy\u017csz\u0105 pozycj\u0119 w karierze dzi\u0119ki p\u00f3\u0142fina\u0142owi WTA 500","datePublished":"2024-09-14T23:57:29+00:00","dateModified":"2024-09-14T23:57:32+00:00","mainEntityOfPage":{"@id":"https:\/\/www.pogotowieflagowe.pl\/aktualne\/magdalena-frech-osiaga-najwyzsza-pozycje-w-karierze-dzieki-polfinalowi-wta-500\/"},"wordCount":205,"publisher":{"@id":"https:\/\/www.pogotowieflagowe.pl\/aktualne\/#organization"},"image":{"@id":"https:\/\/www.pogotowieflagowe.pl\/aktualne\/magdalena-frech-osiaga-najwyzsza-pozycje-w-karierze-dzieki-polfinalowi-wta-500\/#primaryimage"},"thumbnailUrl":"https:\/\/www.pogotowieflagowe.pl\/aktualne\/wp-content\/uploads\/2024\/09\/Magdalena-Frech-osiaga-najwyzsza-pozycje-w-karierze-dzieki-polfinalowi-WTA.jpeg","keywords":["dzi\u0119ki","Fr\u0119ch","karierze","Magdalena","najwy\u017csz\u0105","osi\u0105ga","p\u00f3\u0142fina\u0142owi","pozycj\u0119","WTA"],"articleSection":["Lekkoatletyka"],"inLanguage":"pl-PL"},{"@type":"WebPage","@id":"https:\/\/www.pogotowieflagowe.pl\/aktualne\/magdalena-frech-osiaga-najwyzsza-pozycje-w-karierze-dzieki-polfinalowi-wta-500\/","url":"https:\/\/www.pogotowieflagowe.pl\/aktualne\/magdalena-frech-osiaga-najwyzsza-pozycje-w-karierze-dzieki-polfinalowi-wta-500\/","name":"Magdalena Fr\u0119ch osi\u0105ga najwy\u017csz\u0105 pozycj\u0119 w karierze dzi\u0119ki p\u00f3\u0142fina\u0142owi WTA 500 - POGOTOWIE FLAGOWE\u00ae","isPartOf":{"@id":"https:\/\/www.pogotowieflagowe.pl\/aktualne\/#website"},"primaryImageOfPage":{"@id":"https:\/\/www.pogotowieflagowe.pl\/aktualne\/magdalena-frech-osiaga-najwyzsza-pozycje-w-karierze-dzieki-polfinalowi-wta-500\/#primaryimage"},"image":{"@id":"https:\/\/www.pogotowieflagowe.pl\/aktualne\/magdalena-frech-osiaga-najwyzsza-pozycje-w-karierze-dzieki-polfinalowi-wta-500\/#primaryimage"},"thumbnailUrl":"https:\/\/www.pogotowieflagowe.pl\/aktualne\/wp-content\/uploads\/2024\/09\/Magdalena-Frech-osiaga-najwyzsza-pozycje-w-karierze-dzieki-polfinalowi-WTA.jpeg","datePublished":"2024-09-14T23:57:29+00:00","dateModified":"2024-09-14T23:57:32+00:00","breadcrumb":{"@id":"https:\/\/www.pogotowieflagowe.pl\/aktualne\/magdalena-frech-osiaga-najwyzsza-pozycje-w-karierze-dzieki-polfinalowi-wta-500\/#breadcrumb"},"inLanguage":"pl-PL","potentialAction":[{"@type":"ReadAction","target":["https:\/\/www.pogotowieflagowe.pl\/aktualne\/magdalena-frech-osiaga-najwyzsza-pozycje-w-karierze-dzieki-polfinalowi-wta-500\/"]}]},{"@type":"ImageObject","inLanguage":"pl-PL","@id":"https:\/\/www.pogotowieflagowe.pl\/aktualne\/magdalena-frech-osiaga-najwyzsza-pozycje-w-karierze-dzieki-polfinalowi-wta-500\/#primaryimage","url":"https:\/\/www.pogotowieflagowe.pl\/aktualne\/wp-content\/uploads\/2024\/09\/Magdalena-Frech-osiaga-najwyzsza-pozycje-w-karierze-dzieki-polfinalowi-WTA.jpeg","contentUrl":"https:\/\/www.pogotowieflagowe.pl\/aktualne\/wp-content\/uploads\/2024\/09\/Magdalena-Frech-osiaga-najwyzsza-pozycje-w-karierze-dzieki-polfinalowi-WTA.jpeg","width":1920,"height":1280,"caption":"Magdalena Fr\u0119ch osi\u0105ga najwy\u017csz\u0105 pozycj\u0119 w karierze dzi\u0119ki p\u00f3\u0142fina\u0142owi WTA 500"},{"@type":"BreadcrumbList","@id":"https:\/\/www.pogotowieflagowe.pl\/aktualne\/magdalena-frech-osiaga-najwyzsza-pozycje-w-karierze-dzieki-polfinalowi-wta-500\/#breadcrumb","itemListElement":[{"@type":"ListItem","position":1,"name":"Home","item":"https:\/\/www.pogotowieflagowe.pl\/aktualne\/"},{"@type":"ListItem","position":2,"name":"Magdalena Fr\u0119ch osi\u0105ga najwy\u017csz\u0105 pozycj\u0119 w karierze dzi\u0119ki p\u00f3\u0142fina\u0142owi WTA 500"}]},{"@type":"WebSite","@id":"https:\/\/www.pogotowieflagowe.pl\/aktualne\/#website","url":"https:\/\/www.pogotowieflagowe.pl\/aktualne\/","name":"POGOTOWIE FLAGOWE\u00ae","description":"","publisher":{"@id":"https:\/\/www.pogotowieflagowe.pl\/aktualne\/#organization"},"potentialAction":[{"@type":"SearchAction","target":{"@type":"EntryPoint","urlTemplate":"https:\/\/www.pogotowieflagowe.pl\/aktualne\/?s={search_term_string}"},"query-input":"required name=search_term_string"}],"inLanguage":"pl-PL"},{"@type":"Organization","@id":"https:\/\/www.pogotowieflagowe.pl\/aktualne\/#organization","name":"POGOTOWIE FLAGOWE\u00ae","url":"https:\/\/www.pogotowieflagowe.pl\/aktualne\/","logo":{"@type":"ImageObject","inLanguage":"pl-PL","@id":"https:\/\/www.pogotowieflagowe.pl\/aktualne\/#\/schema\/logo\/image\/","url":"https:\/\/www.pogotowieflagowe.pl\/aktualne\/wp-content\/uploads\/2024\/08\/cropped-pogotowieflagowe_flaga_projekt_sm.jpg","contentUrl":"https:\/\/www.pogotowieflagowe.pl\/aktualne\/wp-content\/uploads\/2024\/08\/cropped-pogotowieflagowe_flaga_projekt_sm.jpg","width":250,"height":143,"caption":"POGOTOWIE FLAGOWE\u00ae"},"image":{"@id":"https:\/\/www.pogotowieflagowe.pl\/aktualne\/#\/schema\/logo\/image\/"}},{"@type":"Person","@id":"https:\/\/www.pogotowieflagowe.pl\/aktualne\/#\/schema\/person\/9c2fb7d2362ebf6fa088960d7f0d27b0","name":"Filip","image":{"@type":"ImageObject","inLanguage":"pl-PL","@id":"https:\/\/www.pogotowieflagowe.pl\/aktualne\/#\/schema\/person\/image\/","url":"https:\/\/www.pogotowieflagowe.pl\/aktualne\/wp-content\/uploads\/2024\/08\/pogotowieflagowe.pl_.jpg","contentUrl":"https:\/\/www.pogotowieflagowe.pl\/aktualne\/wp-content\/uploads\/2024\/08\/pogotowieflagowe.pl_.jpg","caption":"Filip"},"description":"Jestem Filip, polski dziennikarz z dyplomem nauk politycznych Uniwersytetu Warszawskiego. Rozpoczynaj\u0105c swoj\u0105 karier\u0119 w r\u00f3\u017cnych lokalnych mediach, zdoby\u0142em solidne do\u015bwiadczenie w zakresie \u015bledztwa i redakcji. Obecnie jako redaktor w Pogotowie flagowe, staram si\u0119 dostarcza\u0107 dog\u0142\u0119bne i istotne analizy na temat najwa\u017cniejszych kwestii aktualno\u015bci, \u0142\u0105cz\u0105c rygor z pasj\u0105 dziennikarsk\u0105.","sameAs":["https:\/\/www.pogotowieflagowe.pl\/"]}]}},"_links":{"self":[{"href":"https:\/\/www.pogotowieflagowe.pl\/aktualne\/wp-json\/wp\/v2\/posts\/716","targetHints":{"allow":["GET"]}}],"collection":[{"href":"https:\/\/www.pogotowieflagowe.pl\/aktualne\/wp-json\/wp\/v2\/posts"}],"about":[{"href":"https:\/\/www.pogotowieflagowe.pl\/aktualne\/wp-json\/wp\/v2\/types\/post"}],"author":[{"embeddable":true,"href":"https:\/\/www.pogotowieflagowe.pl\/aktualne\/wp-json\/wp\/v2\/users\/1"}],"replies":[{"embeddable":true,"href":"https:\/\/www.pogotowieflagowe.pl\/aktualne\/wp-json\/wp\/v2\/comments?post=716"}],"version-history":[{"count":1,"href":"https:\/\/www.pogotowieflagowe.pl\/aktualne\/wp-json\/wp\/v2\/posts\/716\/revisions"}],"predecessor-version":[{"id":718,"href":"https:\/\/www.pogotowieflagowe.pl\/aktualne\/wp-json\/wp\/v2\/posts\/716\/revisions\/718"}],"wp:featuredmedia":[{"embeddable":true,"href":"https:\/\/www.pogotowieflagowe.pl\/aktualne\/wp-json\/wp\/v2\/media\/717"}],"wp:attachment":[{"href":"https:\/\/www.pogotowieflagowe.pl\/aktualne\/wp-json\/wp\/v2\/media?parent=716"}],"wp:term":[{"taxonomy":"category","embeddable":true,"href":"https:\/\/www.pogotowieflagowe.pl\/aktualne\/wp-json\/wp\/v2\/categories?post=716"},{"taxonomy":"post_tag","embeddable":true,"href":"https:\/\/www.pogotowieflagowe.pl\/aktualne\/wp-json\/wp\/v2\/tags?post=716"}],"curies":[{"name":"wp","href":"https:\/\/api.w.org\/{rel}","templated":true}]}}