{"id":719,"date":"2024-09-15T12:12:35","date_gmt":"2024-09-15T10:12:35","guid":{"rendered":"https:\/\/www.pogotowieflagowe.pl\/aktualne\/polska-zmierzy-sie-z-holandia-katarem-i-rumunia-w-historycznych-mistrzostwach-swiata-w-siatkowce-2025\/"},"modified":"2024-09-15T12:12:38","modified_gmt":"2024-09-15T10:12:38","slug":"polska-zmierzy-sie-z-holandia-katarem-i-rumunia-w-historycznych-mistrzostwach-swiata-w-siatkowce-2025","status":"publish","type":"post","link":"https:\/\/www.pogotowieflagowe.pl\/aktualne\/polska-zmierzy-sie-z-holandia-katarem-i-rumunia-w-historycznych-mistrzostwach-swiata-w-siatkowce-2025\/","title":{"rendered":"Polska zmierzy si\u0119 z Holandi\u0105, Katarem i Rumuni\u0105 w historycznych Mistrzostwach \u015awiata w Siatk\u00f3wce 2025"},"content":{"rendered":"\n<div class=\"td_block_wrap tdb_single_content tdi_48 td-pb-border-top td_block_template_8 td-post-content tagdiv-type\" data-td-block-uid=\"tdi_48\">\n<style>.tdi_48{margines g\u00f3rny:0px!wa\u017cne;margines dolny:0px!wa\u017cne;wype\u0142nienie g\u00f3rne:0px!wa\u017cne;wype\u0142nienie dolne:0px!wa\u017cne}<\/style>\n<style>.tdb_single_content{margines-dolny:0;*powi\u0119kszenie:1}.tdb_single_content:before,.tdb_single_content:after{wy\u015bwietlanie:tabela;zawarto\u015b\u0107:'';wysoko\u015b\u0107-linii:0}.tdb_single_content:after{wyczy\u015b\u0107:oba}.tdb_single_content .tdb-block-inner>*:not(.wp-block-quote):not(.alignwide):not(.alignfull.wp-block-cover.has-parallax):not(.td-a-ad){margines-lewy:auto;margines-prawy:auto}.tdb_single_content a{zdarzenia-wska\u017anika:auto}.tdb_single_content .td-spot-id-top_ad .tdc-placeholder-title:before{zawarto\u015b\u0107:'Pocz\u0105tek artyku\u0142u Reklama'!important}.tdb_single_content .td-spot-id-inline_ad0 .tdc-placeholder-title:before{content:'Reklama inline artyku\u0142u 1'!important}.tdb_single_content .td-spot-id-inline_ad1 .tdc-placeholder-title:before{content:'Reklama inline artyku\u0142u 2'!important}.tdb_single_content .td-spot-id-inline_ad2 .tdc-placeholder-title:before{content:'Reklama inline artyku\u0142u 3'!important}.tdb_single_content .td-spot-id-bottom_ad .tdc-placeholder-title:before{content:'Reklama dolna artyku\u0142u'!important}.tdb_single_content .id_top_ad,.tdb_single_content .id_bottom_ad{clear:both;margines-dolny:21px;wyr\u00f3wnanie-tekstu:\u015brodek}.tdb_single_content .id_top_ad img,.tdb_single_content .id_bottom_ad img{margines-dolny:0}.tdb_single_content .id_top_ad .adsbygoogle,.tdb_single_content .id_bottom_ad .adsbygoogle{pozycja:wzgl\u0119dna}.tdb_single_content .id_ad_content-poziom-lewy,.tdb_single_content .id_ad_content-poziom-prawy,.tdb_single_content .id_ad_content-horiz-center{margines dolny:15px}.tdb_single_content .id_ad_content-horiz-lewy img,.tdb_single_content .id_ad_content-horiz-prawy img,.tdb_single_content .id_ad_content-horiz-center img{margines dolny:0}.tdb_single_content .id_ad_content-horiz-center{wyr\u00f3wnanie tekstu:\u015brodek}.tdb_single_content .id_ad_content-horiz-center img{margines prawy:auto;margines lewy:auto}.tdb_single_content .id_ad_content-horiz-left{float:lewy;margines g\u00f3rny:9px;margines prawy:21px}.tdb_single_content .id_ad_content-horiz-right{float:right;margines-g\u00f3rny:6px;margines-lewy:21px}.tdb_single_content .tdc-a-ad .tdc-placeholder-title{szeroko\u015b\u0107:300px;wysoko\u015b\u0107:250px}.tdb_single_content .tdc-a-ad .tdc-placeholder-title:before{pozycja:absolutna;g\u00f3ra:50%;-webkit-transform:translateY(-50%);przekszta\u0142cenie:translateY(-50%);margines:auto;wy\u015bwietlanie:tabela;szeroko\u015b\u0107:100%}.tdb_single_content .tdb-block-inner.td-fix-index{word-break:break-word}.tdi_48,.tdi_48>p,.tdi_48 .tdb-block-inner>p{rozmiar-czcionki:16px!wa\u017cne;wysoko\u015b\u0107-linii:1.6!wa\u017cne}.tdi_48 .tdb-block-inner cytat p{styl-czcionki:normalny!wa\u017cne}@media (maks. szeroko\u015b\u0107:767px){.tdb_single_content .id_ad_content-poziom-lewo,.tdb_single_content .id_ad_content-poziom-prawo,.tdb_single_content .id_ad_content-poziom-\u015brodek{margines:0 auto 26px auto}}@media (maks. szeroko\u015b\u0107:767px){.tdb_single_content .id_ad_content-poziom-lewo{margines-prawy:0}}@media (maks. szeroko\u015b\u0107:767px){.tdb_single_content .id_ad_content-horiz-right{margines-lewy:0}}@media (maksymalna szeroko\u015b\u0107:767px){.tdb_single_content .td-a-ad{float:none;wyr\u00f3wnanie tekstu:\u015brodek}.tdb_single_content .td-a-ad img{margines-prawy:auto;margines-lewy:auto}.tdb_single_content .tdc-a-ad{float:none}}<\/style>\n<div class=\"tdb-block-inner td-fix-index\">\n<p>Reprezentacja Polski w siatk\u00f3wce zmierzy si\u0119 z Holandi\u0105, Katarem i Rumuni\u0105 w fazie grupowej Mistrzostw \u015awiata w Siatk\u00f3wce 2025. Turniej, kt\u00f3ry odbywa si\u0119 na Filipinach, jest historycznym momentem, poniewa\u017c po raz pierwszy we\u017amie w nim udzia\u0142 32 dru\u017cyny i b\u0119dzie organizowany w Azji Po\u0142udniowo-Wschodniej. Oczekuje si\u0119, \u017ce rozszerzony format podniesie poziom rywalizacji, a dru\u017cyny b\u0119d\u0105 walczy\u0107 o upragnione miejsce w fazie pucharowej.<\/p>\n<p>Awans z fazy grupowej jest dla Polski priorytetem, a dru\u017cyna trenera Nikoli Grbi\u0107a jest faworytem. Podczas gdy Holandia mo\u017ce stanowi\u0107 wyzwanie, zar\u00f3wno Katar, jak i Rumunia s\u0105 postrzegane jako mniej gro\u017ani przeciwnicy. Dwie najlepsze dru\u017cyny z ka\u017cdej grupy awansuj\u0105 do 1\/8 fina\u0142u, co sprawia, \u017ce \u200b\u200bawans Polski jest niemal\u017ce obowi\u0105zkiem.<\/p>\n<p>Mistrzostwa \u015awiata 2025 rozpoczn\u0105 si\u0119 12 wrze\u015bnia, a fina\u0142 zaplanowano na 28 wrze\u015bnia. Wraz ze wzrostem oczekiwa\u0144, fani siatk\u00f3wki z niecierpliwo\u015bci\u0105 czekaj\u0105 na to, jak potoczy si\u0119 rozszerzony turniej, szczeg\u00f3lnie w przypadku dru\u017cyn takich jak Polska, kt\u00f3re maj\u0105 histori\u0119 sukces\u00f3w na arenie mi\u0119dzynarodowej.<\/p>\n<blockquote class=\"twitter-tweet\">\n<p lang=\"en\" dir=\"ltr\">BASENY GOTOWE NA MISTRZOSTWA \u015aWIATA M\u0118\u017bCZYZN 2025 NA FILIPINACH \ud83c\uddf5\ud83c\udded!<\/p>\n<p>Losowanie ujawni\u0142o emocjonuj\u0105ce mecze pomi\u0119dzy 32 rywalizuj\u0105cymi dru\u017cynami \ud83c\udf1f.<\/p>\n<p>Przygotuj si\u0119 na siatk\u00f3wk\u0119 na \u015bwiatowym poziomie! \ud83d\udd25<\/p>\n<p>\ud83c\udfd0 <a rel=\"nofollow\" href=\"https:\/\/twitter.com\/hashtag\/volleyball?src=hash&amp;ref_src=twsrc%5Etfw\">#siatk\u00f3wka<\/a> <a rel=\"nofollow\" href=\"https:\/\/twitter.com\/hashtag\/MWCH?src=hash&amp;ref_src=twsrc%5Etfw\">#MWCH<\/a> <a rel=\"nofollow\" href=\"https:\/\/twitter.com\/hashtag\/Philippines?src=hash&amp;ref_src=twsrc%5Etfw\">#Filipiny<\/a> <a rel=\"nofollow\" href=\"https:\/\/t.co\/l6uhy43axy\">fot.twitter.com\/l6uhy43axy<\/a><\/p>\n<p>\u2014 \u015awiat Siatk\u00f3wki (@volleyballworld) <a rel=\"nofollow\" href=\"https:\/\/twitter.com\/volleyballworld\/status\/1834947338336420175?ref_src=twsrc%5Etfw\">14 wrze\u015bnia 2024 r.<\/a><\/p><\/blockquote>\n<\/div>\n<\/div>\n<p><script async src=\"https:\/\/platform.twitter.com\/widgets.js\" charset=\"utf-8\"><\/script><\/p>\n","protected":false},"excerpt":{"rendered":"<p>Reprezentacja Polski w siatk\u00f3wce zmierzy si\u0119 z Holandi\u0105, Katarem i Rumuni\u0105 w fazie grupowej Mistrzostw \u015awiata w Siatk\u00f3wce 2025. Turniej,<\/p>\n","protected":false},"author":1,"featured_media":720,"comment_status":"closed","ping_status":"","sticky":false,"template":"","format":"standard","meta":{"footnotes":""},"categories":[118],"tags":[1231,1228,1229,236,4,1230,475,150,444,760],"class_list":["post-719","post","type-post","status-publish","format-standard","has-post-thumbnail","hentry","category-lekkoatletyka","tag-historycznych","tag-holandia","tag-katarem","tag-mistrzostwach","tag-polska","tag-rumunia","tag-siatkowce","tag-sie","tag-swiata","tag-zmierzy","generate-columns","tablet-grid-50","mobile-grid-100","grid-parent","grid-50","resize-featured-image"],"yoast_head":"<!-- This site is optimized with the Yoast SEO plugin v23.2 - https:\/\/yoast.com\/wordpress\/plugins\/seo\/ -->\n<title>Polska zmierzy si\u0119 z Holandi\u0105, Katarem i Rumuni\u0105 w historycznych Mistrzostwach \u015awiata w Siatk\u00f3wce 2025 - POGOTOWIE FLAGOWE\u00ae<\/title>\n<meta name=\"robots\" content=\"index, follow, max-snippet:-1, max-image-preview:large, max-video-preview:-1\" \/>\n<link rel=\"canonical\" href=\"https:\/\/www.pogotowieflagowe.pl\/aktualne\/polska-zmierzy-sie-z-holandia-katarem-i-rumunia-w-historycznych-mistrzostwach-swiata-w-siatkowce-2025\/\" \/>\n<meta property=\"og:locale\" content=\"pl_PL\" \/>\n<meta property=\"og:type\" content=\"article\" \/>\n<meta property=\"og:title\" content=\"Polska zmierzy si\u0119 z Holandi\u0105, Katarem i Rumuni\u0105 w historycznych Mistrzostwach \u015awiata w Siatk\u00f3wce 2025 - POGOTOWIE FLAGOWE\u00ae\" \/>\n<meta property=\"og:description\" content=\"Reprezentacja Polski w siatk\u00f3wce zmierzy si\u0119 z Holandi\u0105, Katarem i Rumuni\u0105 w fazie grupowej Mistrzostw \u015awiata w Siatk\u00f3wce 2025. Turniej,\" \/>\n<meta property=\"og:url\" content=\"https:\/\/www.pogotowieflagowe.pl\/aktualne\/polska-zmierzy-sie-z-holandia-katarem-i-rumunia-w-historycznych-mistrzostwach-swiata-w-siatkowce-2025\/\" \/>\n<meta property=\"og:site_name\" content=\"POGOTOWIE FLAGOWE\u00ae\" \/>\n<meta property=\"article:published_time\" content=\"2024-09-15T10:12:35+00:00\" \/>\n<meta property=\"article:modified_time\" content=\"2024-09-15T10:12:38+00:00\" \/>\n<meta property=\"og:image\" content=\"https:\/\/www.pogotowieflagowe.pl\/aktualne\/wp-content\/uploads\/2024\/09\/Polska-zmierzy-sie-z-Holandia-Katarem-i-Rumunia-w-historycznych.jpeg\" \/>\n\t<meta property=\"og:image:width\" content=\"1920\" \/>\n\t<meta property=\"og:image:height\" content=\"1280\" \/>\n\t<meta property=\"og:image:type\" content=\"image\/jpeg\" \/>\n<meta name=\"author\" content=\"Filip\" \/>\n<meta name=\"twitter:card\" content=\"summary_large_image\" \/>\n<meta name=\"twitter:label1\" content=\"Napisane przez\" \/>\n\t<meta name=\"twitter:data1\" content=\"Filip\" \/>\n\t<meta name=\"twitter:label2\" content=\"Szacowany czas czytania\" \/>\n\t<meta name=\"twitter:data2\" content=\"1 minuta\" \/>\n<script type=\"application\/ld+json\" class=\"yoast-schema-graph\">{\"@context\":\"https:\/\/schema.org\",\"@graph\":[{\"@type\":\"Article\",\"@id\":\"https:\/\/www.pogotowieflagowe.pl\/aktualne\/polska-zmierzy-sie-z-holandia-katarem-i-rumunia-w-historycznych-mistrzostwach-swiata-w-siatkowce-2025\/#article\",\"isPartOf\":{\"@id\":\"https:\/\/www.pogotowieflagowe.pl\/aktualne\/polska-zmierzy-sie-z-holandia-katarem-i-rumunia-w-historycznych-mistrzostwach-swiata-w-siatkowce-2025\/\"},\"author\":{\"name\":\"Filip\",\"@id\":\"https:\/\/www.pogotowieflagowe.pl\/aktualne\/#\/schema\/person\/9c2fb7d2362ebf6fa088960d7f0d27b0\"},\"headline\":\"Polska zmierzy si\u0119 z Holandi\u0105, Katarem i Rumuni\u0105 w historycznych Mistrzostwach \u015awiata w Siatk\u00f3wce 2025\",\"datePublished\":\"2024-09-15T10:12:35+00:00\",\"dateModified\":\"2024-09-15T10:12:38+00:00\",\"mainEntityOfPage\":{\"@id\":\"https:\/\/www.pogotowieflagowe.pl\/aktualne\/polska-zmierzy-sie-z-holandia-katarem-i-rumunia-w-historycznych-mistrzostwach-swiata-w-siatkowce-2025\/\"},\"wordCount\":238,\"publisher\":{\"@id\":\"https:\/\/www.pogotowieflagowe.pl\/aktualne\/#organization\"},\"image\":{\"@id\":\"https:\/\/www.pogotowieflagowe.pl\/aktualne\/polska-zmierzy-sie-z-holandia-katarem-i-rumunia-w-historycznych-mistrzostwach-swiata-w-siatkowce-2025\/#primaryimage\"},\"thumbnailUrl\":\"https:\/\/www.pogotowieflagowe.pl\/aktualne\/wp-content\/uploads\/2024\/09\/Polska-zmierzy-sie-z-Holandia-Katarem-i-Rumunia-w-historycznych.jpeg\",\"keywords\":[\"historycznych\",\"Holandi\u0105\",\"Katarem\",\"mistrzostwach\",\"polska\",\"Rumuni\u0105\",\"Siatk\u00f3wce\",\"si\u0119\",\"\u015awiata\",\"zmierzy\"],\"articleSection\":[\"Lekkoatletyka\"],\"inLanguage\":\"pl-PL\"},{\"@type\":\"WebPage\",\"@id\":\"https:\/\/www.pogotowieflagowe.pl\/aktualne\/polska-zmierzy-sie-z-holandia-katarem-i-rumunia-w-historycznych-mistrzostwach-swiata-w-siatkowce-2025\/\",\"url\":\"https:\/\/www.pogotowieflagowe.pl\/aktualne\/polska-zmierzy-sie-z-holandia-katarem-i-rumunia-w-historycznych-mistrzostwach-swiata-w-siatkowce-2025\/\",\"name\":\"Polska zmierzy si\u0119 z Holandi\u0105, Katarem i Rumuni\u0105 w historycznych Mistrzostwach \u015awiata w Siatk\u00f3wce 2025 - POGOTOWIE FLAGOWE\u00ae\",\"isPartOf\":{\"@id\":\"https:\/\/www.pogotowieflagowe.pl\/aktualne\/#website\"},\"primaryImageOfPage\":{\"@id\":\"https:\/\/www.pogotowieflagowe.pl\/aktualne\/polska-zmierzy-sie-z-holandia-katarem-i-rumunia-w-historycznych-mistrzostwach-swiata-w-siatkowce-2025\/#primaryimage\"},\"image\":{\"@id\":\"https:\/\/www.pogotowieflagowe.pl\/aktualne\/polska-zmierzy-sie-z-holandia-katarem-i-rumunia-w-historycznych-mistrzostwach-swiata-w-siatkowce-2025\/#primaryimage\"},\"thumbnailUrl\":\"https:\/\/www.pogotowieflagowe.pl\/aktualne\/wp-content\/uploads\/2024\/09\/Polska-zmierzy-sie-z-Holandia-Katarem-i-Rumunia-w-historycznych.jpeg\",\"datePublished\":\"2024-09-15T10:12:35+00:00\",\"dateModified\":\"2024-09-15T10:12:38+00:00\",\"breadcrumb\":{\"@id\":\"https:\/\/www.pogotowieflagowe.pl\/aktualne\/polska-zmierzy-sie-z-holandia-katarem-i-rumunia-w-historycznych-mistrzostwach-swiata-w-siatkowce-2025\/#breadcrumb\"},\"inLanguage\":\"pl-PL\",\"potentialAction\":[{\"@type\":\"ReadAction\",\"target\":[\"https:\/\/www.pogotowieflagowe.pl\/aktualne\/polska-zmierzy-sie-z-holandia-katarem-i-rumunia-w-historycznych-mistrzostwach-swiata-w-siatkowce-2025\/\"]}]},{\"@type\":\"ImageObject\",\"inLanguage\":\"pl-PL\",\"@id\":\"https:\/\/www.pogotowieflagowe.pl\/aktualne\/polska-zmierzy-sie-z-holandia-katarem-i-rumunia-w-historycznych-mistrzostwach-swiata-w-siatkowce-2025\/#primaryimage\",\"url\":\"https:\/\/www.pogotowieflagowe.pl\/aktualne\/wp-content\/uploads\/2024\/09\/Polska-zmierzy-sie-z-Holandia-Katarem-i-Rumunia-w-historycznych.jpeg\",\"contentUrl\":\"https:\/\/www.pogotowieflagowe.pl\/aktualne\/wp-content\/uploads\/2024\/09\/Polska-zmierzy-sie-z-Holandia-Katarem-i-Rumunia-w-historycznych.jpeg\",\"width\":1920,\"height\":1280,\"caption\":\"Polska zmierzy si\u0119 z Holandi\u0105, Katarem i Rumuni\u0105 w historycznych Mistrzostwach \u015awiata w Siatk\u00f3wce 2025\"},{\"@type\":\"BreadcrumbList\",\"@id\":\"https:\/\/www.pogotowieflagowe.pl\/aktualne\/polska-zmierzy-sie-z-holandia-katarem-i-rumunia-w-historycznych-mistrzostwach-swiata-w-siatkowce-2025\/#breadcrumb\",\"itemListElement\":[{\"@type\":\"ListItem\",\"position\":1,\"name\":\"Home\",\"item\":\"https:\/\/www.pogotowieflagowe.pl\/aktualne\/\"},{\"@type\":\"ListItem\",\"position\":2,\"name\":\"Polska zmierzy si\u0119 z Holandi\u0105, Katarem i Rumuni\u0105 w historycznych Mistrzostwach \u015awiata w Siatk\u00f3wce 2025\"}]},{\"@type\":\"WebSite\",\"@id\":\"https:\/\/www.pogotowieflagowe.pl\/aktualne\/#website\",\"url\":\"https:\/\/www.pogotowieflagowe.pl\/aktualne\/\",\"name\":\"POGOTOWIE FLAGOWE\u00ae\",\"description\":\"\",\"publisher\":{\"@id\":\"https:\/\/www.pogotowieflagowe.pl\/aktualne\/#organization\"},\"potentialAction\":[{\"@type\":\"SearchAction\",\"target\":{\"@type\":\"EntryPoint\",\"urlTemplate\":\"https:\/\/www.pogotowieflagowe.pl\/aktualne\/?s={search_term_string}\"},\"query-input\":\"required name=search_term_string\"}],\"inLanguage\":\"pl-PL\"},{\"@type\":\"Organization\",\"@id\":\"https:\/\/www.pogotowieflagowe.pl\/aktualne\/#organization\",\"name\":\"POGOTOWIE FLAGOWE\u00ae\",\"url\":\"https:\/\/www.pogotowieflagowe.pl\/aktualne\/\",\"logo\":{\"@type\":\"ImageObject\",\"inLanguage\":\"pl-PL\",\"@id\":\"https:\/\/www.pogotowieflagowe.pl\/aktualne\/#\/schema\/logo\/image\/\",\"url\":\"https:\/\/www.pogotowieflagowe.pl\/aktualne\/wp-content\/uploads\/2024\/08\/cropped-pogotowieflagowe_flaga_projekt_sm.jpg\",\"contentUrl\":\"https:\/\/www.pogotowieflagowe.pl\/aktualne\/wp-content\/uploads\/2024\/08\/cropped-pogotowieflagowe_flaga_projekt_sm.jpg\",\"width\":250,\"height\":143,\"caption\":\"POGOTOWIE FLAGOWE\u00ae\"},\"image\":{\"@id\":\"https:\/\/www.pogotowieflagowe.pl\/aktualne\/#\/schema\/logo\/image\/\"}},{\"@type\":\"Person\",\"@id\":\"https:\/\/www.pogotowieflagowe.pl\/aktualne\/#\/schema\/person\/9c2fb7d2362ebf6fa088960d7f0d27b0\",\"name\":\"Filip\",\"image\":{\"@type\":\"ImageObject\",\"inLanguage\":\"pl-PL\",\"@id\":\"https:\/\/www.pogotowieflagowe.pl\/aktualne\/#\/schema\/person\/image\/\",\"url\":\"https:\/\/www.pogotowieflagowe.pl\/aktualne\/wp-content\/uploads\/2024\/08\/pogotowieflagowe.pl_.jpg\",\"contentUrl\":\"https:\/\/www.pogotowieflagowe.pl\/aktualne\/wp-content\/uploads\/2024\/08\/pogotowieflagowe.pl_.jpg\",\"caption\":\"Filip\"},\"description\":\"Jestem Filip, polski dziennikarz z dyplomem nauk politycznych Uniwersytetu Warszawskiego. Rozpoczynaj\u0105c swoj\u0105 karier\u0119 w r\u00f3\u017cnych lokalnych mediach, zdoby\u0142em solidne do\u015bwiadczenie w zakresie \u015bledztwa i redakcji. Obecnie jako redaktor w Pogotowie flagowe, staram si\u0119 dostarcza\u0107 dog\u0142\u0119bne i istotne analizy na temat najwa\u017cniejszych kwestii aktualno\u015bci, \u0142\u0105cz\u0105c rygor z pasj\u0105 dziennikarsk\u0105.\",\"sameAs\":[\"https:\/\/www.pogotowieflagowe.pl\/\"]}]}<\/script>\n<!-- \/ Yoast SEO plugin. -->","yoast_head_json":{"title":"Polska zmierzy si\u0119 z Holandi\u0105, Katarem i Rumuni\u0105 w historycznych Mistrzostwach \u015awiata w Siatk\u00f3wce 2025 - POGOTOWIE FLAGOWE\u00ae","robots":{"index":"index","follow":"follow","max-snippet":"max-snippet:-1","max-image-preview":"max-image-preview:large","max-video-preview":"max-video-preview:-1"},"canonical":"https:\/\/www.pogotowieflagowe.pl\/aktualne\/polska-zmierzy-sie-z-holandia-katarem-i-rumunia-w-historycznych-mistrzostwach-swiata-w-siatkowce-2025\/","og_locale":"pl_PL","og_type":"article","og_title":"Polska zmierzy si\u0119 z Holandi\u0105, Katarem i Rumuni\u0105 w historycznych Mistrzostwach \u015awiata w Siatk\u00f3wce 2025 - POGOTOWIE FLAGOWE\u00ae","og_description":"Reprezentacja Polski w siatk\u00f3wce zmierzy si\u0119 z Holandi\u0105, Katarem i Rumuni\u0105 w fazie grupowej Mistrzostw \u015awiata w Siatk\u00f3wce 2025. Turniej,","og_url":"https:\/\/www.pogotowieflagowe.pl\/aktualne\/polska-zmierzy-sie-z-holandia-katarem-i-rumunia-w-historycznych-mistrzostwach-swiata-w-siatkowce-2025\/","og_site_name":"POGOTOWIE FLAGOWE\u00ae","article_published_time":"2024-09-15T10:12:35+00:00","article_modified_time":"2024-09-15T10:12:38+00:00","og_image":[{"width":1920,"height":1280,"url":"https:\/\/www.pogotowieflagowe.pl\/aktualne\/wp-content\/uploads\/2024\/09\/Polska-zmierzy-sie-z-Holandia-Katarem-i-Rumunia-w-historycznych.jpeg","type":"image\/jpeg"}],"author":"Filip","twitter_card":"summary_large_image","twitter_misc":{"Napisane przez":"Filip","Szacowany czas czytania":"1 minuta"},"schema":{"@context":"https:\/\/schema.org","@graph":[{"@type":"Article","@id":"https:\/\/www.pogotowieflagowe.pl\/aktualne\/polska-zmierzy-sie-z-holandia-katarem-i-rumunia-w-historycznych-mistrzostwach-swiata-w-siatkowce-2025\/#article","isPartOf":{"@id":"https:\/\/www.pogotowieflagowe.pl\/aktualne\/polska-zmierzy-sie-z-holandia-katarem-i-rumunia-w-historycznych-mistrzostwach-swiata-w-siatkowce-2025\/"},"author":{"name":"Filip","@id":"https:\/\/www.pogotowieflagowe.pl\/aktualne\/#\/schema\/person\/9c2fb7d2362ebf6fa088960d7f0d27b0"},"headline":"Polska zmierzy si\u0119 z Holandi\u0105, Katarem i Rumuni\u0105 w historycznych Mistrzostwach \u015awiata w Siatk\u00f3wce 2025","datePublished":"2024-09-15T10:12:35+00:00","dateModified":"2024-09-15T10:12:38+00:00","mainEntityOfPage":{"@id":"https:\/\/www.pogotowieflagowe.pl\/aktualne\/polska-zmierzy-sie-z-holandia-katarem-i-rumunia-w-historycznych-mistrzostwach-swiata-w-siatkowce-2025\/"},"wordCount":238,"publisher":{"@id":"https:\/\/www.pogotowieflagowe.pl\/aktualne\/#organization"},"image":{"@id":"https:\/\/www.pogotowieflagowe.pl\/aktualne\/polska-zmierzy-sie-z-holandia-katarem-i-rumunia-w-historycznych-mistrzostwach-swiata-w-siatkowce-2025\/#primaryimage"},"thumbnailUrl":"https:\/\/www.pogotowieflagowe.pl\/aktualne\/wp-content\/uploads\/2024\/09\/Polska-zmierzy-sie-z-Holandia-Katarem-i-Rumunia-w-historycznych.jpeg","keywords":["historycznych","Holandi\u0105","Katarem","mistrzostwach","polska","Rumuni\u0105","Siatk\u00f3wce","si\u0119","\u015awiata","zmierzy"],"articleSection":["Lekkoatletyka"],"inLanguage":"pl-PL"},{"@type":"WebPage","@id":"https:\/\/www.pogotowieflagowe.pl\/aktualne\/polska-zmierzy-sie-z-holandia-katarem-i-rumunia-w-historycznych-mistrzostwach-swiata-w-siatkowce-2025\/","url":"https:\/\/www.pogotowieflagowe.pl\/aktualne\/polska-zmierzy-sie-z-holandia-katarem-i-rumunia-w-historycznych-mistrzostwach-swiata-w-siatkowce-2025\/","name":"Polska zmierzy si\u0119 z Holandi\u0105, Katarem i Rumuni\u0105 w historycznych Mistrzostwach \u015awiata w Siatk\u00f3wce 2025 - POGOTOWIE FLAGOWE\u00ae","isPartOf":{"@id":"https:\/\/www.pogotowieflagowe.pl\/aktualne\/#website"},"primaryImageOfPage":{"@id":"https:\/\/www.pogotowieflagowe.pl\/aktualne\/polska-zmierzy-sie-z-holandia-katarem-i-rumunia-w-historycznych-mistrzostwach-swiata-w-siatkowce-2025\/#primaryimage"},"image":{"@id":"https:\/\/www.pogotowieflagowe.pl\/aktualne\/polska-zmierzy-sie-z-holandia-katarem-i-rumunia-w-historycznych-mistrzostwach-swiata-w-siatkowce-2025\/#primaryimage"},"thumbnailUrl":"https:\/\/www.pogotowieflagowe.pl\/aktualne\/wp-content\/uploads\/2024\/09\/Polska-zmierzy-sie-z-Holandia-Katarem-i-Rumunia-w-historycznych.jpeg","datePublished":"2024-09-15T10:12:35+00:00","dateModified":"2024-09-15T10:12:38+00:00","breadcrumb":{"@id":"https:\/\/www.pogotowieflagowe.pl\/aktualne\/polska-zmierzy-sie-z-holandia-katarem-i-rumunia-w-historycznych-mistrzostwach-swiata-w-siatkowce-2025\/#breadcrumb"},"inLanguage":"pl-PL","potentialAction":[{"@type":"ReadAction","target":["https:\/\/www.pogotowieflagowe.pl\/aktualne\/polska-zmierzy-sie-z-holandia-katarem-i-rumunia-w-historycznych-mistrzostwach-swiata-w-siatkowce-2025\/"]}]},{"@type":"ImageObject","inLanguage":"pl-PL","@id":"https:\/\/www.pogotowieflagowe.pl\/aktualne\/polska-zmierzy-sie-z-holandia-katarem-i-rumunia-w-historycznych-mistrzostwach-swiata-w-siatkowce-2025\/#primaryimage","url":"https:\/\/www.pogotowieflagowe.pl\/aktualne\/wp-content\/uploads\/2024\/09\/Polska-zmierzy-sie-z-Holandia-Katarem-i-Rumunia-w-historycznych.jpeg","contentUrl":"https:\/\/www.pogotowieflagowe.pl\/aktualne\/wp-content\/uploads\/2024\/09\/Polska-zmierzy-sie-z-Holandia-Katarem-i-Rumunia-w-historycznych.jpeg","width":1920,"height":1280,"caption":"Polska zmierzy si\u0119 z Holandi\u0105, Katarem i Rumuni\u0105 w historycznych Mistrzostwach \u015awiata w Siatk\u00f3wce 2025"},{"@type":"BreadcrumbList","@id":"https:\/\/www.pogotowieflagowe.pl\/aktualne\/polska-zmierzy-sie-z-holandia-katarem-i-rumunia-w-historycznych-mistrzostwach-swiata-w-siatkowce-2025\/#breadcrumb","itemListElement":[{"@type":"ListItem","position":1,"name":"Home","item":"https:\/\/www.pogotowieflagowe.pl\/aktualne\/"},{"@type":"ListItem","position":2,"name":"Polska zmierzy si\u0119 z Holandi\u0105, Katarem i Rumuni\u0105 w historycznych Mistrzostwach \u015awiata w Siatk\u00f3wce 2025"}]},{"@type":"WebSite","@id":"https:\/\/www.pogotowieflagowe.pl\/aktualne\/#website","url":"https:\/\/www.pogotowieflagowe.pl\/aktualne\/","name":"POGOTOWIE FLAGOWE\u00ae","description":"","publisher":{"@id":"https:\/\/www.pogotowieflagowe.pl\/aktualne\/#organization"},"potentialAction":[{"@type":"SearchAction","target":{"@type":"EntryPoint","urlTemplate":"https:\/\/www.pogotowieflagowe.pl\/aktualne\/?s={search_term_string}"},"query-input":"required name=search_term_string"}],"inLanguage":"pl-PL"},{"@type":"Organization","@id":"https:\/\/www.pogotowieflagowe.pl\/aktualne\/#organization","name":"POGOTOWIE FLAGOWE\u00ae","url":"https:\/\/www.pogotowieflagowe.pl\/aktualne\/","logo":{"@type":"ImageObject","inLanguage":"pl-PL","@id":"https:\/\/www.pogotowieflagowe.pl\/aktualne\/#\/schema\/logo\/image\/","url":"https:\/\/www.pogotowieflagowe.pl\/aktualne\/wp-content\/uploads\/2024\/08\/cropped-pogotowieflagowe_flaga_projekt_sm.jpg","contentUrl":"https:\/\/www.pogotowieflagowe.pl\/aktualne\/wp-content\/uploads\/2024\/08\/cropped-pogotowieflagowe_flaga_projekt_sm.jpg","width":250,"height":143,"caption":"POGOTOWIE FLAGOWE\u00ae"},"image":{"@id":"https:\/\/www.pogotowieflagowe.pl\/aktualne\/#\/schema\/logo\/image\/"}},{"@type":"Person","@id":"https:\/\/www.pogotowieflagowe.pl\/aktualne\/#\/schema\/person\/9c2fb7d2362ebf6fa088960d7f0d27b0","name":"Filip","image":{"@type":"ImageObject","inLanguage":"pl-PL","@id":"https:\/\/www.pogotowieflagowe.pl\/aktualne\/#\/schema\/person\/image\/","url":"https:\/\/www.pogotowieflagowe.pl\/aktualne\/wp-content\/uploads\/2024\/08\/pogotowieflagowe.pl_.jpg","contentUrl":"https:\/\/www.pogotowieflagowe.pl\/aktualne\/wp-content\/uploads\/2024\/08\/pogotowieflagowe.pl_.jpg","caption":"Filip"},"description":"Jestem Filip, polski dziennikarz z dyplomem nauk politycznych Uniwersytetu Warszawskiego. Rozpoczynaj\u0105c swoj\u0105 karier\u0119 w r\u00f3\u017cnych lokalnych mediach, zdoby\u0142em solidne do\u015bwiadczenie w zakresie \u015bledztwa i redakcji. Obecnie jako redaktor w Pogotowie flagowe, staram si\u0119 dostarcza\u0107 dog\u0142\u0119bne i istotne analizy na temat najwa\u017cniejszych kwestii aktualno\u015bci, \u0142\u0105cz\u0105c rygor z pasj\u0105 dziennikarsk\u0105.","sameAs":["https:\/\/www.pogotowieflagowe.pl\/"]}]}},"_links":{"self":[{"href":"https:\/\/www.pogotowieflagowe.pl\/aktualne\/wp-json\/wp\/v2\/posts\/719","targetHints":{"allow":["GET"]}}],"collection":[{"href":"https:\/\/www.pogotowieflagowe.pl\/aktualne\/wp-json\/wp\/v2\/posts"}],"about":[{"href":"https:\/\/www.pogotowieflagowe.pl\/aktualne\/wp-json\/wp\/v2\/types\/post"}],"author":[{"embeddable":true,"href":"https:\/\/www.pogotowieflagowe.pl\/aktualne\/wp-json\/wp\/v2\/users\/1"}],"replies":[{"embeddable":true,"href":"https:\/\/www.pogotowieflagowe.pl\/aktualne\/wp-json\/wp\/v2\/comments?post=719"}],"version-history":[{"count":1,"href":"https:\/\/www.pogotowieflagowe.pl\/aktualne\/wp-json\/wp\/v2\/posts\/719\/revisions"}],"predecessor-version":[{"id":721,"href":"https:\/\/www.pogotowieflagowe.pl\/aktualne\/wp-json\/wp\/v2\/posts\/719\/revisions\/721"}],"wp:featuredmedia":[{"embeddable":true,"href":"https:\/\/www.pogotowieflagowe.pl\/aktualne\/wp-json\/wp\/v2\/media\/720"}],"wp:attachment":[{"href":"https:\/\/www.pogotowieflagowe.pl\/aktualne\/wp-json\/wp\/v2\/media?parent=719"}],"wp:term":[{"taxonomy":"category","embeddable":true,"href":"https:\/\/www.pogotowieflagowe.pl\/aktualne\/wp-json\/wp\/v2\/categories?post=719"},{"taxonomy":"post_tag","embeddable":true,"href":"https:\/\/www.pogotowieflagowe.pl\/aktualne\/wp-json\/wp\/v2\/tags?post=719"}],"curies":[{"name":"wp","href":"https:\/\/api.w.org\/{rel}","templated":true}]}}