{"id":7234,"date":"2025-08-19T10:49:15","date_gmt":"2025-08-19T08:49:15","guid":{"rendered":"https:\/\/www.pogotowieflagowe.pl\/aktualne\/polityk-partii-zielonych-niemieckich-mianowany-szefem-oddzialu-berlinskiego-instytutu-pilecki\/"},"modified":"2025-08-19T10:49:16","modified_gmt":"2025-08-19T08:49:16","slug":"polityk-partii-zielonych-niemieckich-mianowany-szefem-oddzialu-berlinskiego-instytutu-pilecki","status":"publish","type":"post","link":"https:\/\/www.pogotowieflagowe.pl\/aktualne\/polityk-partii-zielonych-niemieckich-mianowany-szefem-oddzialu-berlinskiego-instytutu-pilecki\/","title":{"rendered":"Polityk Partii Zielonych Niemieckich mianowany szefem oddzia\u0142u berli\u0144skiego Instytutu Pilecki"},"content":{"rendered":"\n<div class=\"td_block_wrap tdb_single_content tdi_41 td-pb-border-top td_block_template_8 td-post-content tagdiv-type\" data-td-block-uid=\"tdi_41\">\n<style>.tdi_41 {margin-top: 0px! Wa\u017cne; margines-bottom: 0px! WA\u017bNY; PALDING-TOP: 0PX! WA\u017bNY; PALDING-BOTTOM: 0PX! WA\u017bNE}<\/style>\n<style>.tdb_single_content {margin-bottom: 0;*zoom: 1} .tdb_single_content: wcze\u015bniej, .tdb_single_content: po {display: Table; content: ''; line-height: 0} .TDB-BLOCK-INner>*: nie (.WP-BLOCK-QUOTE): not (.alignSwide): not (.Alignfull.wp-block-cover.has-parallax): not (.td-a-ad) {margin-left: auto; margin-right: auto} .tdb_single_ConTent a {wska\u017anik-events: auto} .tdb_single_content .td-spot-id-top_ad .tdc-placeholder-title: przed {content: \u201eArtyku\u0142 top ad\u201d! Wa\u017cne} .tdb_single_content .td-Spot-Id-inline_ad0 .tdc-placeholder-title 1 '! Wa\u017cne} .tdb_single_content .td-Spot-Id-inline_Ad1 .tdc-Placeholder-Title: przed {content: \u201eArtyku\u0142 inline AD 2'! Wa\u017cny} .tdb_single_content. 3 '! Wa\u017cne} .tdb_single_content .td-Spot-Id-Bottom_Ad .tdc-Placeholder-Title: przed {content: \u201eArtyku\u0142 Bottom Ad\u201d! Wa\u017cne} .tdb_single_content .id_top_ad, .tdb_single_content_content .id_bottom_ad {clear: oba; margin-bottom: 21px; text-align: Center} .tdb_single_content .id_top_ad img, .tdb_single_content .id_bottom_ad img {margin-bottom: 0} .tdb_single_conTent .id_top_ad .adsbyGoogle, .tdb_single_content .id_bottom_ad .adsbyGoogle {pozycja: relatyw} .tdb_single_content .id_ad_content-horiz-left, .tdb_single_content .id_ad_content-horiz-right, .tdb_single_content .id_ad_content-horiz-Center {margin-bottom: 15px} .tdb_single_content .id_ad_content-horiz-left Img, .tdb_single_content .id_ad_content-horiz-right img, .tdb_single_content .id_ad_content-horiz-centerter img {margin-bottom: 0} .tdb_single_content .id_ad_content-horiz-center {text-align: Center} .tdb_single_content .id_ad_content-horiz-center img {margin-right: auto; margin-let: auto} .tdb_single_content .id_ad_content-horiz-left {float: left; margin-top: 9px; margin-right: 21px} .tdb_single_content .id_ad_content-horiz-right {float: margin-top: 6px; margin-left: 21px} .tdb_single_content .tdc-a-a-ad .TDC-Placeholder-Title {szeroko\u015b\u0107: 300px; height: 250px} .tdb_single_content .tdc-a-ad .TDC-Placeholder-Title: Przed {Pozycja: Absolute; TOP: 50%;-WebKit-Transform: Translatey (-50%); Transform: Translatey (-50%); margines: auto; Display: Tabela; szeroko\u015b\u0107: 100%}. tdb_single_content .TDB-BLOCK-INNER.TD-FIX-INDEX {Word-Break: Break-word} .tdi_41, .tdi_41> p, .tdi_41 .tdb-block-inner> p, .Wp-Block-Column> p {font-size: 16px! Wa\u017cne; wa\u017cny; p {font-styl: normalne! Wa\u017cne} @media (Max-Width: 767px) {. tdb_single_content .id_ad_content-horiz-left, .tdb_single_content .id_ad_content-horiz-right, .tdb_single_content .id_ad_content-horiz-centter {Margin: 0 AUTO 26PXX auto}}@media (Max-Width: 767px) {. tdb_single_content .id_ad_content-horiz-left {margin-right: 0}}@media (max-width: 767px) {. (Max-Width: 767px) {. tdb_single_content .td-a-ad {float: none; text-align: Center} .tdb_single_content .td-a-ad img {margin-right: auto; margin-left: auto} .tdb_single_content .tdc-a-a-a-{margin-right: auto; margin-left: auto} .tdb_single_content .tdd<\/style>\n<div class=\"tdb-block-inner td-fix-index\">\n<p>Instytut Solidarno\u015bci i Valor Institute i Valor og\u0142osi\u0142 w poniedzia\u0142ek, \u017ce dr Joanna Kiliszek, mened\u017cer kultury i akademicki, b\u0119dzie kierowa\u0142 berli\u0144skim oddzia\u0142em Instytutu Pilecki. Zast\u0105pi Hann\u0119 Rozojowsk\u0105, kt\u00f3ra zosta\u0142a zwolniona przez dyrektora instytutu, prof. Krzydztof Ruchniewicz.<\/p>\n<h2 class=\"wp-block-heading\">Po\u017cegnanie z Radziejowsk\u0105, kt\u00f3ry wzni\u00f3s\u0142 alarm o skandale<\/h2>\n<p>14 sierpnia Hanna Rzziejowska straci\u0142a pozycj\u0119. W tym czasie dyrektor IP prof. Krzysztof Ruchniewicz stwierdzi\u0142, \u017ce \u201eostatnie dzia\u0142ania Radziejowskiej powa\u017cnie podwa\u017cy\u0142y zaufanie jej pracodawcy\u201d.<\/p>\n<p>Decyzja by\u0142a powi\u0105zana z ostatnimi wydarzeniami, kt\u00f3re doprowadzi\u0142y do dzia\u0142a\u0144 oddzia\u0142u w centrum uwagi publicznej.<\/p>\n<p>Kilka dni temu poinformowali\u015bmy, \u017ce:<\/p>\n<figure class=\"wp-block-pullquote\">\n<blockquote>\n<p>\u201eW ostatnich tygodniach Radziejowska powiadomi\u0142a Ministerstwo Kultury o projekcie seminaryjnym dotycz\u0105cym restytucji w\u0142asno\u015bci kulturowej, mi\u0119dzy innymi, Niemcy, Ukrainie, Bia\u0142orusi i Litwie. Jej zdaniem, mog\u0142o to sprzeczne z polityk\u0105 Pa\u0144stwa Polskiego, a zasad\u0105 ochrony narodowej dziedzictwa narodowego, a tak\u017ce wyboru polskiego stanu, by by\u0142o wybiera\u0107 w Berlin. Media i wywo\u0142a\u0142y liczne reakcje polityczne. \u201d<\/p>\n<\/blockquote>\n<\/figure>\n<h2 class=\"wp-block-heading\">Nast\u0119pca z niemieckiej Partii Zielonej<\/h2>\n<p>Nowy dyrektor b\u0119dzie odpowiedzialny za wzmocnienie dzia\u0142a\u0144 badawczych instytutu przy wsparciu uczonych z Warszawy, a tak\u017ce za wspieranie dialogu polskiego-niemieckiego w dziedzinie historii, kultury i pami\u0119ci.<\/p>\n<figure class=\"wp-block-pullquote\">\n<blockquote>\n<p>\u201eDr Joanna Kildzek wielokrotnie wykazywa\u0142a przez ca\u0142\u0105 swoj\u0105 karier\u0119, \u017ce jest skutecznym mened\u017cerem, zdolnym do budowania wsp\u00f3\u0142pracy mi\u0119dzy instytucjami kulturowymi i akademickimi. Jestem przekonany, \u017ce jej do\u015bwiadczenie i wizja zapewni\u0105 Berlinowi oddzia\u0142 Institute Institute Nowy p\u0119d w badaniach i zaanga\u017cowaniu publicznym\u201d, \u201d<\/p>\n<p><cite>  W o\u015bwiadczeniu napisa\u0142 prof. Ruchniewicz.<\/cite><\/p><\/blockquote>\n<\/figure>\n<p>Kr\u00f3tko po og\u0142oszeniu nazwiska nowego dyrektora, u\u017cytkownik medi\u00f3w spo\u0142eczno\u015bciowych zg\u0142osi\u0142 si\u0119 <em>X<\/em> \u017be dr Kiliszek prowadzi\u0142 w ostatnich wyborach lokalnych o siedzib\u0119 rady w niemieckiej gminie Sch\u00f6nwalde-Glien. W 2024 r. Wygra\u0142a mandat rady na tym przedmie\u015bciu berli\u0144skim jako kandydat Sojuszu 90\/Greens Partii.<\/p>\n<p>\u201eZabawny fakt: nowy szef Instytutu Pilecki w Berlinie, dr Joanna Kiliszek, zosta\u0142 radnym podmiejskiej gminy Sch\u00f6nwalde-Glien w 2024 r. W imieniu Partii Niemieckiej 90\/Greens\u201d-napisa\u0142 Krzysztof KLOC.<\/p>\n<figure class=\"wp-block-embed is-type-rich is-provider-twitter wp-block-embed-twitter\">\n<div class=\"wp-block-embed__wrapper\">\n<blockquote class=\"twitter-tweet\" data-width=\"550\" data-dnt=\"true\">\n<p lang=\"pl\" dir=\"ltr\">Cikawostka: nowa Szfowa instytutu Pileckiego W Berlinie Pani Dr Joanna KiliseK Zosta\u0142a W 2024 Roku Z Ramienia Niemieckiej Partii Sojusz90\/Zieloni Radn\u0105 Podberli\u0144ski gminy Sch\u00f6nwalde-Glien. <a rel=\"nofollow\" href=\"https:\/\/t.co\/wnl7ZSmrAv\">pic.twitter.com\/wnl7zsmrav<\/a><\/p>\n<p>&#8211; Krzysztof KLOC (@KLOC_K) <a rel=\"nofollow\" href=\"https:\/\/twitter.com\/Kloc_K\/status\/1957473966181806436?ref_src=twsrc%5Etfw\">18 sierpnia 2025 r<\/a><\/p><\/blockquote>\n<\/div>\n<\/figure>\n<p>Sprawa zosta\u0142a skomentowana przez pos\u0142a Prawa i Sprawiedliwo\u015bci Krzysztof Fogiel:<\/p>\n<figure class=\"wp-block-pullquote\">\n<blockquote>\n<p>\u201ePrzepraszam? Wi\u0119c zamiast kogo\u015b, kto broni\u0142 polskich zainteresowa\u0144, Hanna Radziejowska, dostajemy Ruchniewicz 2.0? Czy tak naprawd\u0119 nie by\u0142o nikogo poza politykiem z niemieckiej partii? Je\u015bli dr Kiliseek zosta\u0142 radnym w Niemczech, oznacza to, \u017ce jej centrum \u017cycia jest tam, i tam umieszcza swoje priorytety\u201d<\/p>\n<p><cite>  Prawy polityk napisa\u0142 na X.<\/cite><\/p><\/blockquote>\n<\/figure>\n<figure class=\"wp-block-embed is-type-rich is-provider-twitter wp-block-embed-twitter\">\n<div class=\"wp-block-embed__wrapper\">\n<blockquote class=\"twitter-tweet\" data-width=\"550\" data-dnt=\"true\">\n<p lang=\"pl\" dir=\"ltr\">Sa\u0142ucham? CZYLI W MIEJSCE DBAJ\u0105CEJ O POLSKIE Interresy Hanny RadziejowJ dostajemy Ruchniewicza Bis? Naprawd\u0119 nie By\u0142o Nikogo InnoGo Ni\u017c Polityk Niemiececkiej partii?<br \/>Je\u017celi Dr Kilisek Zosta\u0142a Radn\u0105 W Niemczech, do ZnaCzy, \u017be tam Ma Swoje Centrum \u017bycia I Tam lkumie Swoje\u2026 https:\/\/t.co\/igo0lpklii<\/p>\n<p>&#8211; Radoz\u0142aw Fogiel (@radekfogiel) <a rel=\"nofollow\" href=\"https:\/\/twitter.com\/radekfogiel\/status\/1957478926827024416?ref_src=twsrc%5Etfw\">18 sierpnia 2025 r<\/a><\/p><\/blockquote>\n<\/div>\n<\/figure>\n<\/div>\n<\/div>\n<p><script async src=\"https:\/\/platform.twitter.com\/widgets.js\" charset=\"utf-8\"><\/script><\/p>\n","protected":false},"excerpt":{"rendered":"<p>Instytut Solidarno\u015bci i Valor Institute i Valor og\u0142osi\u0142 w poniedzia\u0142ek, \u017ce dr Joanna Kiliszek, mened\u017cer kultury i akademicki, b\u0119dzie kierowa\u0142<\/p>\n","protected":false},"author":1,"featured_media":7235,"comment_status":"closed","ping_status":"","sticky":false,"template":"","format":"standard","meta":{"footnotes":""},"categories":[4748],"tags":[8957,2655,2079,4982,8956,6450,8958,5969,8663,4250],"class_list":["post-7234","post","type-post","status-publish","format-standard","has-post-thumbnail","hentry","category-aktualne","tag-berlinskiego","tag-instytutu","tag-mianowany","tag-niemieckich","tag-oddzialu","tag-partii","tag-pilecki","tag-polityk","tag-szefem","tag-zielonych","generate-columns","tablet-grid-50","mobile-grid-100","grid-parent","grid-50","resize-featured-image"],"yoast_head":"<!-- This site is optimized with the Yoast SEO plugin v23.2 - https:\/\/yoast.com\/wordpress\/plugins\/seo\/ -->\n<title>Polityk Partii Zielonych Niemieckich mianowany szefem oddzia\u0142u berli\u0144skiego Instytutu Pilecki - POGOTOWIE FLAGOWE\u00ae<\/title>\n<meta name=\"robots\" content=\"index, follow, max-snippet:-1, max-image-preview:large, max-video-preview:-1\" \/>\n<link rel=\"canonical\" href=\"https:\/\/www.pogotowieflagowe.pl\/aktualne\/polityk-partii-zielonych-niemieckich-mianowany-szefem-oddzialu-berlinskiego-instytutu-pilecki\/\" \/>\n<meta property=\"og:locale\" content=\"pl_PL\" \/>\n<meta property=\"og:type\" content=\"article\" \/>\n<meta property=\"og:title\" content=\"Polityk Partii Zielonych Niemieckich mianowany szefem oddzia\u0142u berli\u0144skiego Instytutu Pilecki - POGOTOWIE FLAGOWE\u00ae\" \/>\n<meta property=\"og:description\" content=\"Instytut Solidarno\u015bci i Valor Institute i Valor og\u0142osi\u0142 w poniedzia\u0142ek, \u017ce dr Joanna Kiliszek, mened\u017cer kultury i akademicki, b\u0119dzie kierowa\u0142\" \/>\n<meta property=\"og:url\" content=\"https:\/\/www.pogotowieflagowe.pl\/aktualne\/polityk-partii-zielonych-niemieckich-mianowany-szefem-oddzialu-berlinskiego-instytutu-pilecki\/\" \/>\n<meta property=\"og:site_name\" content=\"POGOTOWIE FLAGOWE\u00ae\" \/>\n<meta property=\"article:published_time\" content=\"2025-08-19T08:49:15+00:00\" \/>\n<meta property=\"article:modified_time\" content=\"2025-08-19T08:49:16+00:00\" \/>\n<meta property=\"og:image\" content=\"https:\/\/www.pogotowieflagowe.pl\/aktualne\/wp-content\/uploads\/2025\/08\/Polityk-Partii-Zielonych-Niemieckich-mianowany-szefem-oddzialu-berlinskiego-Instytutu-Pilecki.jpg\" \/>\n\t<meta property=\"og:image:width\" content=\"1116\" \/>\n\t<meta property=\"og:image:height\" content=\"855\" \/>\n\t<meta property=\"og:image:type\" content=\"image\/jpeg\" \/>\n<meta name=\"author\" content=\"Filip\" \/>\n<meta name=\"twitter:card\" content=\"summary_large_image\" \/>\n<meta name=\"twitter:label1\" content=\"Napisane przez\" \/>\n\t<meta name=\"twitter:data1\" content=\"Filip\" \/>\n\t<meta name=\"twitter:label2\" content=\"Szacowany czas czytania\" \/>\n\t<meta name=\"twitter:data2\" content=\"3 minuty\" \/>\n<script type=\"application\/ld+json\" class=\"yoast-schema-graph\">{\"@context\":\"https:\/\/schema.org\",\"@graph\":[{\"@type\":\"Article\",\"@id\":\"https:\/\/www.pogotowieflagowe.pl\/aktualne\/polityk-partii-zielonych-niemieckich-mianowany-szefem-oddzialu-berlinskiego-instytutu-pilecki\/#article\",\"isPartOf\":{\"@id\":\"https:\/\/www.pogotowieflagowe.pl\/aktualne\/polityk-partii-zielonych-niemieckich-mianowany-szefem-oddzialu-berlinskiego-instytutu-pilecki\/\"},\"author\":{\"name\":\"Filip\",\"@id\":\"https:\/\/www.pogotowieflagowe.pl\/aktualne\/#\/schema\/person\/9c2fb7d2362ebf6fa088960d7f0d27b0\"},\"headline\":\"Polityk Partii Zielonych Niemieckich mianowany szefem oddzia\u0142u berli\u0144skiego Instytutu Pilecki\",\"datePublished\":\"2025-08-19T08:49:15+00:00\",\"dateModified\":\"2025-08-19T08:49:16+00:00\",\"mainEntityOfPage\":{\"@id\":\"https:\/\/www.pogotowieflagowe.pl\/aktualne\/polityk-partii-zielonych-niemieckich-mianowany-szefem-oddzialu-berlinskiego-instytutu-pilecki\/\"},\"wordCount\":517,\"publisher\":{\"@id\":\"https:\/\/www.pogotowieflagowe.pl\/aktualne\/#organization\"},\"image\":{\"@id\":\"https:\/\/www.pogotowieflagowe.pl\/aktualne\/polityk-partii-zielonych-niemieckich-mianowany-szefem-oddzialu-berlinskiego-instytutu-pilecki\/#primaryimage\"},\"thumbnailUrl\":\"https:\/\/www.pogotowieflagowe.pl\/aktualne\/wp-content\/uploads\/2025\/08\/Polityk-Partii-Zielonych-Niemieckich-mianowany-szefem-oddzialu-berlinskiego-Instytutu-Pilecki.jpg\",\"keywords\":[\"berli\u0144skiego\",\"Instytutu\",\"mianowany\",\"niemieckich\",\"oddzia\u0142u\",\"partii\",\"Pilecki\",\"polityk\",\"szefem\",\"zielonych\"],\"articleSection\":[\"Aktualne\"],\"inLanguage\":\"pl-PL\"},{\"@type\":\"WebPage\",\"@id\":\"https:\/\/www.pogotowieflagowe.pl\/aktualne\/polityk-partii-zielonych-niemieckich-mianowany-szefem-oddzialu-berlinskiego-instytutu-pilecki\/\",\"url\":\"https:\/\/www.pogotowieflagowe.pl\/aktualne\/polityk-partii-zielonych-niemieckich-mianowany-szefem-oddzialu-berlinskiego-instytutu-pilecki\/\",\"name\":\"Polityk Partii Zielonych Niemieckich mianowany szefem oddzia\u0142u berli\u0144skiego Instytutu Pilecki - POGOTOWIE FLAGOWE\u00ae\",\"isPartOf\":{\"@id\":\"https:\/\/www.pogotowieflagowe.pl\/aktualne\/#website\"},\"primaryImageOfPage\":{\"@id\":\"https:\/\/www.pogotowieflagowe.pl\/aktualne\/polityk-partii-zielonych-niemieckich-mianowany-szefem-oddzialu-berlinskiego-instytutu-pilecki\/#primaryimage\"},\"image\":{\"@id\":\"https:\/\/www.pogotowieflagowe.pl\/aktualne\/polityk-partii-zielonych-niemieckich-mianowany-szefem-oddzialu-berlinskiego-instytutu-pilecki\/#primaryimage\"},\"thumbnailUrl\":\"https:\/\/www.pogotowieflagowe.pl\/aktualne\/wp-content\/uploads\/2025\/08\/Polityk-Partii-Zielonych-Niemieckich-mianowany-szefem-oddzialu-berlinskiego-Instytutu-Pilecki.jpg\",\"datePublished\":\"2025-08-19T08:49:15+00:00\",\"dateModified\":\"2025-08-19T08:49:16+00:00\",\"breadcrumb\":{\"@id\":\"https:\/\/www.pogotowieflagowe.pl\/aktualne\/polityk-partii-zielonych-niemieckich-mianowany-szefem-oddzialu-berlinskiego-instytutu-pilecki\/#breadcrumb\"},\"inLanguage\":\"pl-PL\",\"potentialAction\":[{\"@type\":\"ReadAction\",\"target\":[\"https:\/\/www.pogotowieflagowe.pl\/aktualne\/polityk-partii-zielonych-niemieckich-mianowany-szefem-oddzialu-berlinskiego-instytutu-pilecki\/\"]}]},{\"@type\":\"ImageObject\",\"inLanguage\":\"pl-PL\",\"@id\":\"https:\/\/www.pogotowieflagowe.pl\/aktualne\/polityk-partii-zielonych-niemieckich-mianowany-szefem-oddzialu-berlinskiego-instytutu-pilecki\/#primaryimage\",\"url\":\"https:\/\/www.pogotowieflagowe.pl\/aktualne\/wp-content\/uploads\/2025\/08\/Polityk-Partii-Zielonych-Niemieckich-mianowany-szefem-oddzialu-berlinskiego-Instytutu-Pilecki.jpg\",\"contentUrl\":\"https:\/\/www.pogotowieflagowe.pl\/aktualne\/wp-content\/uploads\/2025\/08\/Polityk-Partii-Zielonych-Niemieckich-mianowany-szefem-oddzialu-berlinskiego-Instytutu-Pilecki.jpg\",\"width\":1116,\"height\":855,\"caption\":\"Polityk Partii Zielonych Niemieckich mianowany szefem oddzia\u0142u berli\u0144skiego Instytutu Pilecki\"},{\"@type\":\"BreadcrumbList\",\"@id\":\"https:\/\/www.pogotowieflagowe.pl\/aktualne\/polityk-partii-zielonych-niemieckich-mianowany-szefem-oddzialu-berlinskiego-instytutu-pilecki\/#breadcrumb\",\"itemListElement\":[{\"@type\":\"ListItem\",\"position\":1,\"name\":\"Home\",\"item\":\"https:\/\/www.pogotowieflagowe.pl\/aktualne\/\"},{\"@type\":\"ListItem\",\"position\":2,\"name\":\"Polityk Partii Zielonych Niemieckich mianowany szefem oddzia\u0142u berli\u0144skiego Instytutu Pilecki\"}]},{\"@type\":\"WebSite\",\"@id\":\"https:\/\/www.pogotowieflagowe.pl\/aktualne\/#website\",\"url\":\"https:\/\/www.pogotowieflagowe.pl\/aktualne\/\",\"name\":\"POGOTOWIE FLAGOWE\u00ae\",\"description\":\"\",\"publisher\":{\"@id\":\"https:\/\/www.pogotowieflagowe.pl\/aktualne\/#organization\"},\"potentialAction\":[{\"@type\":\"SearchAction\",\"target\":{\"@type\":\"EntryPoint\",\"urlTemplate\":\"https:\/\/www.pogotowieflagowe.pl\/aktualne\/?s={search_term_string}\"},\"query-input\":\"required name=search_term_string\"}],\"inLanguage\":\"pl-PL\"},{\"@type\":\"Organization\",\"@id\":\"https:\/\/www.pogotowieflagowe.pl\/aktualne\/#organization\",\"name\":\"POGOTOWIE FLAGOWE\u00ae\",\"url\":\"https:\/\/www.pogotowieflagowe.pl\/aktualne\/\",\"logo\":{\"@type\":\"ImageObject\",\"inLanguage\":\"pl-PL\",\"@id\":\"https:\/\/www.pogotowieflagowe.pl\/aktualne\/#\/schema\/logo\/image\/\",\"url\":\"https:\/\/www.pogotowieflagowe.pl\/aktualne\/wp-content\/uploads\/2024\/08\/cropped-pogotowieflagowe_flaga_projekt_sm.jpg\",\"contentUrl\":\"https:\/\/www.pogotowieflagowe.pl\/aktualne\/wp-content\/uploads\/2024\/08\/cropped-pogotowieflagowe_flaga_projekt_sm.jpg\",\"width\":250,\"height\":143,\"caption\":\"POGOTOWIE FLAGOWE\u00ae\"},\"image\":{\"@id\":\"https:\/\/www.pogotowieflagowe.pl\/aktualne\/#\/schema\/logo\/image\/\"}},{\"@type\":\"Person\",\"@id\":\"https:\/\/www.pogotowieflagowe.pl\/aktualne\/#\/schema\/person\/9c2fb7d2362ebf6fa088960d7f0d27b0\",\"name\":\"Filip\",\"image\":{\"@type\":\"ImageObject\",\"inLanguage\":\"pl-PL\",\"@id\":\"https:\/\/www.pogotowieflagowe.pl\/aktualne\/#\/schema\/person\/image\/\",\"url\":\"https:\/\/www.pogotowieflagowe.pl\/aktualne\/wp-content\/uploads\/2024\/08\/pogotowieflagowe.pl_.jpg\",\"contentUrl\":\"https:\/\/www.pogotowieflagowe.pl\/aktualne\/wp-content\/uploads\/2024\/08\/pogotowieflagowe.pl_.jpg\",\"caption\":\"Filip\"},\"description\":\"Jestem Filip, polski dziennikarz z dyplomem nauk politycznych Uniwersytetu Warszawskiego. Rozpoczynaj\u0105c swoj\u0105 karier\u0119 w r\u00f3\u017cnych lokalnych mediach, zdoby\u0142em solidne do\u015bwiadczenie w zakresie \u015bledztwa i redakcji. Obecnie jako redaktor w Pogotowie flagowe, staram si\u0119 dostarcza\u0107 dog\u0142\u0119bne i istotne analizy na temat najwa\u017cniejszych kwestii aktualno\u015bci, \u0142\u0105cz\u0105c rygor z pasj\u0105 dziennikarsk\u0105.\",\"sameAs\":[\"https:\/\/www.pogotowieflagowe.pl\/\"]}]}<\/script>\n<!-- \/ Yoast SEO plugin. -->","yoast_head_json":{"title":"Polityk Partii Zielonych Niemieckich mianowany szefem oddzia\u0142u berli\u0144skiego Instytutu Pilecki - POGOTOWIE FLAGOWE\u00ae","robots":{"index":"index","follow":"follow","max-snippet":"max-snippet:-1","max-image-preview":"max-image-preview:large","max-video-preview":"max-video-preview:-1"},"canonical":"https:\/\/www.pogotowieflagowe.pl\/aktualne\/polityk-partii-zielonych-niemieckich-mianowany-szefem-oddzialu-berlinskiego-instytutu-pilecki\/","og_locale":"pl_PL","og_type":"article","og_title":"Polityk Partii Zielonych Niemieckich mianowany szefem oddzia\u0142u berli\u0144skiego Instytutu Pilecki - POGOTOWIE FLAGOWE\u00ae","og_description":"Instytut Solidarno\u015bci i Valor Institute i Valor og\u0142osi\u0142 w poniedzia\u0142ek, \u017ce dr Joanna Kiliszek, mened\u017cer kultury i akademicki, b\u0119dzie kierowa\u0142","og_url":"https:\/\/www.pogotowieflagowe.pl\/aktualne\/polityk-partii-zielonych-niemieckich-mianowany-szefem-oddzialu-berlinskiego-instytutu-pilecki\/","og_site_name":"POGOTOWIE FLAGOWE\u00ae","article_published_time":"2025-08-19T08:49:15+00:00","article_modified_time":"2025-08-19T08:49:16+00:00","og_image":[{"width":1116,"height":855,"url":"https:\/\/www.pogotowieflagowe.pl\/aktualne\/wp-content\/uploads\/2025\/08\/Polityk-Partii-Zielonych-Niemieckich-mianowany-szefem-oddzialu-berlinskiego-Instytutu-Pilecki.jpg","type":"image\/jpeg"}],"author":"Filip","twitter_card":"summary_large_image","twitter_misc":{"Napisane przez":"Filip","Szacowany czas czytania":"3 minuty"},"schema":{"@context":"https:\/\/schema.org","@graph":[{"@type":"Article","@id":"https:\/\/www.pogotowieflagowe.pl\/aktualne\/polityk-partii-zielonych-niemieckich-mianowany-szefem-oddzialu-berlinskiego-instytutu-pilecki\/#article","isPartOf":{"@id":"https:\/\/www.pogotowieflagowe.pl\/aktualne\/polityk-partii-zielonych-niemieckich-mianowany-szefem-oddzialu-berlinskiego-instytutu-pilecki\/"},"author":{"name":"Filip","@id":"https:\/\/www.pogotowieflagowe.pl\/aktualne\/#\/schema\/person\/9c2fb7d2362ebf6fa088960d7f0d27b0"},"headline":"Polityk Partii Zielonych Niemieckich mianowany szefem oddzia\u0142u berli\u0144skiego Instytutu Pilecki","datePublished":"2025-08-19T08:49:15+00:00","dateModified":"2025-08-19T08:49:16+00:00","mainEntityOfPage":{"@id":"https:\/\/www.pogotowieflagowe.pl\/aktualne\/polityk-partii-zielonych-niemieckich-mianowany-szefem-oddzialu-berlinskiego-instytutu-pilecki\/"},"wordCount":517,"publisher":{"@id":"https:\/\/www.pogotowieflagowe.pl\/aktualne\/#organization"},"image":{"@id":"https:\/\/www.pogotowieflagowe.pl\/aktualne\/polityk-partii-zielonych-niemieckich-mianowany-szefem-oddzialu-berlinskiego-instytutu-pilecki\/#primaryimage"},"thumbnailUrl":"https:\/\/www.pogotowieflagowe.pl\/aktualne\/wp-content\/uploads\/2025\/08\/Polityk-Partii-Zielonych-Niemieckich-mianowany-szefem-oddzialu-berlinskiego-Instytutu-Pilecki.jpg","keywords":["berli\u0144skiego","Instytutu","mianowany","niemieckich","oddzia\u0142u","partii","Pilecki","polityk","szefem","zielonych"],"articleSection":["Aktualne"],"inLanguage":"pl-PL"},{"@type":"WebPage","@id":"https:\/\/www.pogotowieflagowe.pl\/aktualne\/polityk-partii-zielonych-niemieckich-mianowany-szefem-oddzialu-berlinskiego-instytutu-pilecki\/","url":"https:\/\/www.pogotowieflagowe.pl\/aktualne\/polityk-partii-zielonych-niemieckich-mianowany-szefem-oddzialu-berlinskiego-instytutu-pilecki\/","name":"Polityk Partii Zielonych Niemieckich mianowany szefem oddzia\u0142u berli\u0144skiego Instytutu Pilecki - POGOTOWIE FLAGOWE\u00ae","isPartOf":{"@id":"https:\/\/www.pogotowieflagowe.pl\/aktualne\/#website"},"primaryImageOfPage":{"@id":"https:\/\/www.pogotowieflagowe.pl\/aktualne\/polityk-partii-zielonych-niemieckich-mianowany-szefem-oddzialu-berlinskiego-instytutu-pilecki\/#primaryimage"},"image":{"@id":"https:\/\/www.pogotowieflagowe.pl\/aktualne\/polityk-partii-zielonych-niemieckich-mianowany-szefem-oddzialu-berlinskiego-instytutu-pilecki\/#primaryimage"},"thumbnailUrl":"https:\/\/www.pogotowieflagowe.pl\/aktualne\/wp-content\/uploads\/2025\/08\/Polityk-Partii-Zielonych-Niemieckich-mianowany-szefem-oddzialu-berlinskiego-Instytutu-Pilecki.jpg","datePublished":"2025-08-19T08:49:15+00:00","dateModified":"2025-08-19T08:49:16+00:00","breadcrumb":{"@id":"https:\/\/www.pogotowieflagowe.pl\/aktualne\/polityk-partii-zielonych-niemieckich-mianowany-szefem-oddzialu-berlinskiego-instytutu-pilecki\/#breadcrumb"},"inLanguage":"pl-PL","potentialAction":[{"@type":"ReadAction","target":["https:\/\/www.pogotowieflagowe.pl\/aktualne\/polityk-partii-zielonych-niemieckich-mianowany-szefem-oddzialu-berlinskiego-instytutu-pilecki\/"]}]},{"@type":"ImageObject","inLanguage":"pl-PL","@id":"https:\/\/www.pogotowieflagowe.pl\/aktualne\/polityk-partii-zielonych-niemieckich-mianowany-szefem-oddzialu-berlinskiego-instytutu-pilecki\/#primaryimage","url":"https:\/\/www.pogotowieflagowe.pl\/aktualne\/wp-content\/uploads\/2025\/08\/Polityk-Partii-Zielonych-Niemieckich-mianowany-szefem-oddzialu-berlinskiego-Instytutu-Pilecki.jpg","contentUrl":"https:\/\/www.pogotowieflagowe.pl\/aktualne\/wp-content\/uploads\/2025\/08\/Polityk-Partii-Zielonych-Niemieckich-mianowany-szefem-oddzialu-berlinskiego-Instytutu-Pilecki.jpg","width":1116,"height":855,"caption":"Polityk Partii Zielonych Niemieckich mianowany szefem oddzia\u0142u berli\u0144skiego Instytutu Pilecki"},{"@type":"BreadcrumbList","@id":"https:\/\/www.pogotowieflagowe.pl\/aktualne\/polityk-partii-zielonych-niemieckich-mianowany-szefem-oddzialu-berlinskiego-instytutu-pilecki\/#breadcrumb","itemListElement":[{"@type":"ListItem","position":1,"name":"Home","item":"https:\/\/www.pogotowieflagowe.pl\/aktualne\/"},{"@type":"ListItem","position":2,"name":"Polityk Partii Zielonych Niemieckich mianowany szefem oddzia\u0142u berli\u0144skiego Instytutu Pilecki"}]},{"@type":"WebSite","@id":"https:\/\/www.pogotowieflagowe.pl\/aktualne\/#website","url":"https:\/\/www.pogotowieflagowe.pl\/aktualne\/","name":"POGOTOWIE FLAGOWE\u00ae","description":"","publisher":{"@id":"https:\/\/www.pogotowieflagowe.pl\/aktualne\/#organization"},"potentialAction":[{"@type":"SearchAction","target":{"@type":"EntryPoint","urlTemplate":"https:\/\/www.pogotowieflagowe.pl\/aktualne\/?s={search_term_string}"},"query-input":"required name=search_term_string"}],"inLanguage":"pl-PL"},{"@type":"Organization","@id":"https:\/\/www.pogotowieflagowe.pl\/aktualne\/#organization","name":"POGOTOWIE FLAGOWE\u00ae","url":"https:\/\/www.pogotowieflagowe.pl\/aktualne\/","logo":{"@type":"ImageObject","inLanguage":"pl-PL","@id":"https:\/\/www.pogotowieflagowe.pl\/aktualne\/#\/schema\/logo\/image\/","url":"https:\/\/www.pogotowieflagowe.pl\/aktualne\/wp-content\/uploads\/2024\/08\/cropped-pogotowieflagowe_flaga_projekt_sm.jpg","contentUrl":"https:\/\/www.pogotowieflagowe.pl\/aktualne\/wp-content\/uploads\/2024\/08\/cropped-pogotowieflagowe_flaga_projekt_sm.jpg","width":250,"height":143,"caption":"POGOTOWIE FLAGOWE\u00ae"},"image":{"@id":"https:\/\/www.pogotowieflagowe.pl\/aktualne\/#\/schema\/logo\/image\/"}},{"@type":"Person","@id":"https:\/\/www.pogotowieflagowe.pl\/aktualne\/#\/schema\/person\/9c2fb7d2362ebf6fa088960d7f0d27b0","name":"Filip","image":{"@type":"ImageObject","inLanguage":"pl-PL","@id":"https:\/\/www.pogotowieflagowe.pl\/aktualne\/#\/schema\/person\/image\/","url":"https:\/\/www.pogotowieflagowe.pl\/aktualne\/wp-content\/uploads\/2024\/08\/pogotowieflagowe.pl_.jpg","contentUrl":"https:\/\/www.pogotowieflagowe.pl\/aktualne\/wp-content\/uploads\/2024\/08\/pogotowieflagowe.pl_.jpg","caption":"Filip"},"description":"Jestem Filip, polski dziennikarz z dyplomem nauk politycznych Uniwersytetu Warszawskiego. Rozpoczynaj\u0105c swoj\u0105 karier\u0119 w r\u00f3\u017cnych lokalnych mediach, zdoby\u0142em solidne do\u015bwiadczenie w zakresie \u015bledztwa i redakcji. Obecnie jako redaktor w Pogotowie flagowe, staram si\u0119 dostarcza\u0107 dog\u0142\u0119bne i istotne analizy na temat najwa\u017cniejszych kwestii aktualno\u015bci, \u0142\u0105cz\u0105c rygor z pasj\u0105 dziennikarsk\u0105.","sameAs":["https:\/\/www.pogotowieflagowe.pl\/"]}]}},"_links":{"self":[{"href":"https:\/\/www.pogotowieflagowe.pl\/aktualne\/wp-json\/wp\/v2\/posts\/7234","targetHints":{"allow":["GET"]}}],"collection":[{"href":"https:\/\/www.pogotowieflagowe.pl\/aktualne\/wp-json\/wp\/v2\/posts"}],"about":[{"href":"https:\/\/www.pogotowieflagowe.pl\/aktualne\/wp-json\/wp\/v2\/types\/post"}],"author":[{"embeddable":true,"href":"https:\/\/www.pogotowieflagowe.pl\/aktualne\/wp-json\/wp\/v2\/users\/1"}],"replies":[{"embeddable":true,"href":"https:\/\/www.pogotowieflagowe.pl\/aktualne\/wp-json\/wp\/v2\/comments?post=7234"}],"version-history":[{"count":1,"href":"https:\/\/www.pogotowieflagowe.pl\/aktualne\/wp-json\/wp\/v2\/posts\/7234\/revisions"}],"predecessor-version":[{"id":7236,"href":"https:\/\/www.pogotowieflagowe.pl\/aktualne\/wp-json\/wp\/v2\/posts\/7234\/revisions\/7236"}],"wp:featuredmedia":[{"embeddable":true,"href":"https:\/\/www.pogotowieflagowe.pl\/aktualne\/wp-json\/wp\/v2\/media\/7235"}],"wp:attachment":[{"href":"https:\/\/www.pogotowieflagowe.pl\/aktualne\/wp-json\/wp\/v2\/media?parent=7234"}],"wp:term":[{"taxonomy":"category","embeddable":true,"href":"https:\/\/www.pogotowieflagowe.pl\/aktualne\/wp-json\/wp\/v2\/categories?post=7234"},{"taxonomy":"post_tag","embeddable":true,"href":"https:\/\/www.pogotowieflagowe.pl\/aktualne\/wp-json\/wp\/v2\/tags?post=7234"}],"curies":[{"name":"wp","href":"https:\/\/api.w.org\/{rel}","templated":true}]}}