{"id":7237,"date":"2025-08-19T15:48:55","date_gmt":"2025-08-19T13:48:55","guid":{"rendered":"https:\/\/www.pogotowieflagowe.pl\/aktualne\/spotkanie-zelensky-putin-w-europie-macron-przedstawil-swoja-koncepcje-rozmow\/"},"modified":"2025-08-19T15:48:56","modified_gmt":"2025-08-19T13:48:56","slug":"spotkanie-zelensky-putin-w-europie-macron-przedstawil-swoja-koncepcje-rozmow","status":"publish","type":"post","link":"https:\/\/www.pogotowieflagowe.pl\/aktualne\/spotkanie-zelensky-putin-w-europie-macron-przedstawil-swoja-koncepcje-rozmow\/","title":{"rendered":"Spotkanie Zelensky-Putin w Europie? Macron przedstawi\u0142 swoj\u0105 koncepcj\u0119 rozm\u00f3w"},"content":{"rendered":"\n<div class=\"td_block_wrap tdb_single_content tdi_41 td-pb-border-top td_block_template_8 td-post-content tagdiv-type\" data-td-block-uid=\"tdi_41\">\n<style>.tdi_41 {margin-top: 0px! Wa\u017cne; margines-bottom: 0px! WA\u017bNY; PALDING-TOP: 0PX! WA\u017bNY; PALDING-BOTTOM: 0PX! WA\u017bNE}<\/style>\n<style>.tdb_single_content {margin-bottom: 0;*zoom: 1} .tdb_single_content: wcze\u015bniej, .tdb_single_content: po {display: Table; content: ''; line-height: 0} .TDB-BLOCK-INner>*: nie (.WP-BLOCK-QUOTE): not (.alignSwide): not (.Alignfull.wp-block-cover.has-parallax): not (.td-a-ad) {margin-left: auto; margin-right: auto} .tdb_single_ConTent a {wska\u017anik-events: auto} .tdb_single_content .td-spot-id-top_ad .tdc-placeholder-title: przed {content: \u201eArtyku\u0142 top ad\u201d! Wa\u017cne} .tdb_single_content .td-Spot-Id-inline_ad0 .tdc-placeholder-title 1 '! Wa\u017cne} .tdb_single_content .td-Spot-Id-inline_Ad1 .tdc-Placeholder-Title: przed {content: \u201eArtyku\u0142 inline AD 2'! Wa\u017cny} .tdb_single_content. 3 '! Wa\u017cne} .tdb_single_content .td-Spot-Id-Bottom_Ad .tdc-Placeholder-Title: przed {content: \u201eArtyku\u0142 Bottom Ad\u201d! Wa\u017cne} .tdb_single_content .id_top_ad, .tdb_single_content_content .id_bottom_ad {clear: oba; margin-bottom: 21px; text-align: Center} .tdb_single_content .id_top_ad img, .tdb_single_content .id_bottom_ad img {margin-bottom: 0} .tdb_single_conTent .id_top_ad .adsbyGoogle, .tdb_single_content .id_bottom_ad .adsbyGoogle {pozycja: relatyw} .tdb_single_content .id_ad_content-horiz-left, .tdb_single_content .id_ad_content-horiz-right, .tdb_single_content .id_ad_content-horiz-Center {margin-bottom: 15px} .tdb_single_content .id_ad_content-horiz-left Img, .tdb_single_content .id_ad_content-horiz-right img, .tdb_single_content .id_ad_content-horiz-centerter img {margin-bottom: 0} .tdb_single_content .id_ad_content-horiz-center {text-align: Center} .tdb_single_content .id_ad_content-horiz-center img {margin-right: auto; margin-let: auto} .tdb_single_content .id_ad_content-horiz-left {float: left; margin-top: 9px; margin-right: 21px} .tdb_single_content .id_ad_content-horiz-right {float: margin-top: 6px; margin-left: 21px} .tdb_single_content .tdc-a-a-ad .TDC-Placeholder-Title {szeroko\u015b\u0107: 300px; height: 250px} .tdb_single_content .tdc-a-ad .TDC-Placeholder-Title: Przed {Pozycja: Absolute; TOP: 50%;-WebKit-Transform: Translatey (-50%); Transform: Translatey (-50%); margines: auto; Display: Tabela; szeroko\u015b\u0107: 100%}. tdb_single_content .TDB-BLOCK-INNER.TD-FIX-INDEX {Word-Break: Break-word} .tdi_41, .tdi_41> p, .tdi_41 .tdb-block-inner> p, .Wp-Block-Column> p {font-size: 16px! Wa\u017cne; wa\u017cny; p {font-styl: normalne! Wa\u017cne} @media (Max-Width: 767px) {. tdb_single_content .id_ad_content-horiz-left, .tdb_single_content .id_ad_content-horiz-right, .tdb_single_content .id_ad_content-horiz-centter {Margin: 0 AUTO 26PXX auto}}@media (Max-Width: 767px) {. tdb_single_content .id_ad_content-horiz-left {margin-right: 0}}@media (max-width: 767px) {. (Max-Width: 767px) {. tdb_single_content .td-a-ad {float: none; text-align: Center} .tdb_single_content .td-a-ad img {margin-right: auto; margin-left: auto} .tdb_single_content .tdc-a-a-a-{margin-right: auto; margin-left: auto} .tdb_single_content .tdd<\/style>\n<div class=\"tdb-block-inner td-fix-index\">\n<p>Prezydent Francji Emmanuel Macron powiedzia\u0142 w wywiadzie dla <em>LCI<\/em> Telewizja, \u017ce spotkanie ukrai\u0144skiego prezydenta Volodymyr Zelensky i rosyjskiego przyw\u00f3dcy W\u0142adimira Putina powinno odby\u0107 si\u0119 w Europie. Zaproponowa\u0142 Genew\u0119 jako lokalizacj\u0119 rozm\u00f3w, argumentuj\u0105c, \u017ce Szwajcaria jest neutralnym.<\/p>\n<p><strong>\u201eB\u0119dzie to kraj neutralny, wi\u0119c by\u0107 mo\u017ce Szwajcaria &#8211; jestem za Genew\u0105 &#8211; lub innym krajem\u201d<\/strong> Macron powiedzia\u0142 w wywiadzie wyemitowanym we wtorek. Przypomnia\u0142 sobie, \u017ce poprzednie rozmowy odby\u0142y si\u0119 w Stambule.<\/p>\n<p>Doda\u0142, \u017ce na pocz\u0105tku wrze\u015bnia mo\u017ce nast\u0105pi\u0107 tr\u00f3jstronny szczyt (r\u00f3wnie\u017c z udzia\u0142em prezydenta USA Donalda Trumpa), wi\u0119c nast\u0119pne dwa tygodnie b\u0119d\u0105 kluczowe.<\/p>\n<p>Podsumowuj\u0105c poniedzia\u0142kowe rozmowy w Waszyngtonie, francuski prezydent podkre\u015bli\u0142, \u017ce ameryka\u0144ski prezydent chce pokoju. <strong>\u201eTrump chce pokoju. To jest dobre, a to nas \u0142\u0105czy z nim\u201d<\/strong> stwierdzi\u0142.<\/p>\n<p>Ostrzeg\u0142, \u017ce je\u015bli pok\u00f3j w wojnie rozpocznie si\u0119 przez Rosj\u0119 oznacza <strong>\u201eKapitulacja Ukrainy\u201d<\/strong> To by\u0142oby <strong>&#8222;dramatyczny&#8221;<\/strong> dla Europy. Powiedzia\u0142 tak\u017ce, \u017ce ka\u017cda decyzja dotycz\u0105ca mo\u017cliwych koncesji terytorialnych nale\u017cy do Ukrainy.<\/p>\n<p>Macron zauwa\u017cy\u0142, \u017ce od oko\u0142o 2007-2008, od wojny Russo-Georgian, Rosja ma <strong>\u201eRzadko uhonorowa\u0142 swoje zobowi\u0105zania\u201d.<\/strong> <strong>\u201eRosja sta\u0142a si\u0119 si\u0142\u0105 trwale destabilizuj\u0105c\u0105 i potencjalnym zagro\u017ceniem dla wielu z nas. Kraj, kt\u00f3ry inwestuje 40 procent swojego bud\u017cetu w wojsko (\u2026), nie powr\u00f3ci do pokoju i systemu demokratycznego z dnia na dzie\u0144\u201d<\/strong> Francuski prezydent powiedzia\u0142.<\/p>\n<p>Zadzwoni\u0142 do Putina <strong>&#8222;drapie\u017cnik&#8221;<\/strong> Kto <strong>\u201eMusi poch\u0142on\u0105\u0107, aby przetrwa\u0107\u201d.<\/strong><\/p>\n<p><strong>\u201eTo zagro\u017cenie dla Europejczyk\u00f3w. (\u2026) Nie mo\u017cemy by\u0107 naiwni\u201d<\/strong> Macron podkre\u015bli\u0142.<\/p>\n<\/div>\n<\/div>\n","protected":false},"excerpt":{"rendered":"<p>Prezydent Francji Emmanuel Macron powiedzia\u0142 w wywiadzie dla LCI Telewizja, \u017ce spotkanie ukrai\u0144skiego prezydenta Volodymyr Zelensky i rosyjskiego przyw\u00f3dcy W\u0142adimira<\/p>\n","protected":false},"author":1,"featured_media":7238,"comment_status":"closed","ping_status":"","sticky":false,"template":"","format":"standard","meta":{"footnotes":""},"categories":[44],"tags":[1413,8961,5800,8960,196,1700,3334,8959],"class_list":["post-7237","post","type-post","status-publish","format-standard","has-post-thumbnail","hentry","category-polityka","tag-europie","tag-koncepcje","tag-macron","tag-przedstawil","tag-rozmow","tag-spotkanie","tag-swoja","tag-zelenskyputin","generate-columns","tablet-grid-50","mobile-grid-100","grid-parent","grid-50","resize-featured-image"],"yoast_head":"<!-- This site is optimized with the Yoast SEO plugin v23.2 - https:\/\/yoast.com\/wordpress\/plugins\/seo\/ -->\n<title>Spotkanie Zelensky-Putin w Europie? Macron przedstawi\u0142 swoj\u0105 koncepcj\u0119 rozm\u00f3w - POGOTOWIE FLAGOWE\u00ae<\/title>\n<meta name=\"robots\" content=\"index, follow, max-snippet:-1, max-image-preview:large, max-video-preview:-1\" \/>\n<link rel=\"canonical\" href=\"https:\/\/www.pogotowieflagowe.pl\/aktualne\/spotkanie-zelensky-putin-w-europie-macron-przedstawil-swoja-koncepcje-rozmow\/\" \/>\n<meta property=\"og:locale\" content=\"pl_PL\" \/>\n<meta property=\"og:type\" content=\"article\" \/>\n<meta property=\"og:title\" content=\"Spotkanie Zelensky-Putin w Europie? Macron przedstawi\u0142 swoj\u0105 koncepcj\u0119 rozm\u00f3w - POGOTOWIE FLAGOWE\u00ae\" \/>\n<meta property=\"og:description\" content=\"Prezydent Francji Emmanuel Macron powiedzia\u0142 w wywiadzie dla LCI Telewizja, \u017ce spotkanie ukrai\u0144skiego prezydenta Volodymyr Zelensky i rosyjskiego przyw\u00f3dcy W\u0142adimira\" \/>\n<meta property=\"og:url\" content=\"https:\/\/www.pogotowieflagowe.pl\/aktualne\/spotkanie-zelensky-putin-w-europie-macron-przedstawil-swoja-koncepcje-rozmow\/\" \/>\n<meta property=\"og:site_name\" content=\"POGOTOWIE FLAGOWE\u00ae\" \/>\n<meta property=\"article:published_time\" content=\"2025-08-19T13:48:55+00:00\" \/>\n<meta property=\"article:modified_time\" content=\"2025-08-19T13:48:56+00:00\" \/>\n<meta property=\"og:image\" content=\"https:\/\/www.pogotowieflagowe.pl\/aktualne\/wp-content\/uploads\/2025\/08\/Spotkanie-Zelensky-Putin-w-Europie-Macron-przedstawil-swoja-koncepcje-rozmow.webp.webp\" \/>\n\t<meta property=\"og:image:width\" content=\"1280\" \/>\n\t<meta property=\"og:image:height\" content=\"720\" \/>\n\t<meta property=\"og:image:type\" content=\"image\/webp\" \/>\n<meta name=\"author\" content=\"Filip\" \/>\n<meta name=\"twitter:card\" content=\"summary_large_image\" \/>\n<meta name=\"twitter:label1\" content=\"Napisane przez\" \/>\n\t<meta name=\"twitter:data1\" content=\"Filip\" \/>\n\t<meta name=\"twitter:label2\" content=\"Szacowany czas czytania\" \/>\n\t<meta name=\"twitter:data2\" content=\"1 minuta\" \/>\n<script type=\"application\/ld+json\" class=\"yoast-schema-graph\">{\"@context\":\"https:\/\/schema.org\",\"@graph\":[{\"@type\":\"Article\",\"@id\":\"https:\/\/www.pogotowieflagowe.pl\/aktualne\/spotkanie-zelensky-putin-w-europie-macron-przedstawil-swoja-koncepcje-rozmow\/#article\",\"isPartOf\":{\"@id\":\"https:\/\/www.pogotowieflagowe.pl\/aktualne\/spotkanie-zelensky-putin-w-europie-macron-przedstawil-swoja-koncepcje-rozmow\/\"},\"author\":{\"name\":\"Filip\",\"@id\":\"https:\/\/www.pogotowieflagowe.pl\/aktualne\/#\/schema\/person\/9c2fb7d2362ebf6fa088960d7f0d27b0\"},\"headline\":\"Spotkanie Zelensky-Putin w Europie? Macron przedstawi\u0142 swoj\u0105 koncepcj\u0119 rozm\u00f3w\",\"datePublished\":\"2025-08-19T13:48:55+00:00\",\"dateModified\":\"2025-08-19T13:48:56+00:00\",\"mainEntityOfPage\":{\"@id\":\"https:\/\/www.pogotowieflagowe.pl\/aktualne\/spotkanie-zelensky-putin-w-europie-macron-przedstawil-swoja-koncepcje-rozmow\/\"},\"wordCount\":271,\"publisher\":{\"@id\":\"https:\/\/www.pogotowieflagowe.pl\/aktualne\/#organization\"},\"image\":{\"@id\":\"https:\/\/www.pogotowieflagowe.pl\/aktualne\/spotkanie-zelensky-putin-w-europie-macron-przedstawil-swoja-koncepcje-rozmow\/#primaryimage\"},\"thumbnailUrl\":\"https:\/\/www.pogotowieflagowe.pl\/aktualne\/wp-content\/uploads\/2025\/08\/Spotkanie-Zelensky-Putin-w-Europie-Macron-przedstawil-swoja-koncepcje-rozmow.webp.webp\",\"keywords\":[\"Europie\",\"koncepcj\u0119\",\"Macron\",\"przedstawi\u0142\",\"rozm\u00f3w\",\"Spotkanie\",\"swoj\u0105\",\"ZelenskyPutin\"],\"articleSection\":[\"Polityka\"],\"inLanguage\":\"pl-PL\"},{\"@type\":\"WebPage\",\"@id\":\"https:\/\/www.pogotowieflagowe.pl\/aktualne\/spotkanie-zelensky-putin-w-europie-macron-przedstawil-swoja-koncepcje-rozmow\/\",\"url\":\"https:\/\/www.pogotowieflagowe.pl\/aktualne\/spotkanie-zelensky-putin-w-europie-macron-przedstawil-swoja-koncepcje-rozmow\/\",\"name\":\"Spotkanie Zelensky-Putin w Europie? Macron przedstawi\u0142 swoj\u0105 koncepcj\u0119 rozm\u00f3w - POGOTOWIE FLAGOWE\u00ae\",\"isPartOf\":{\"@id\":\"https:\/\/www.pogotowieflagowe.pl\/aktualne\/#website\"},\"primaryImageOfPage\":{\"@id\":\"https:\/\/www.pogotowieflagowe.pl\/aktualne\/spotkanie-zelensky-putin-w-europie-macron-przedstawil-swoja-koncepcje-rozmow\/#primaryimage\"},\"image\":{\"@id\":\"https:\/\/www.pogotowieflagowe.pl\/aktualne\/spotkanie-zelensky-putin-w-europie-macron-przedstawil-swoja-koncepcje-rozmow\/#primaryimage\"},\"thumbnailUrl\":\"https:\/\/www.pogotowieflagowe.pl\/aktualne\/wp-content\/uploads\/2025\/08\/Spotkanie-Zelensky-Putin-w-Europie-Macron-przedstawil-swoja-koncepcje-rozmow.webp.webp\",\"datePublished\":\"2025-08-19T13:48:55+00:00\",\"dateModified\":\"2025-08-19T13:48:56+00:00\",\"breadcrumb\":{\"@id\":\"https:\/\/www.pogotowieflagowe.pl\/aktualne\/spotkanie-zelensky-putin-w-europie-macron-przedstawil-swoja-koncepcje-rozmow\/#breadcrumb\"},\"inLanguage\":\"pl-PL\",\"potentialAction\":[{\"@type\":\"ReadAction\",\"target\":[\"https:\/\/www.pogotowieflagowe.pl\/aktualne\/spotkanie-zelensky-putin-w-europie-macron-przedstawil-swoja-koncepcje-rozmow\/\"]}]},{\"@type\":\"ImageObject\",\"inLanguage\":\"pl-PL\",\"@id\":\"https:\/\/www.pogotowieflagowe.pl\/aktualne\/spotkanie-zelensky-putin-w-europie-macron-przedstawil-swoja-koncepcje-rozmow\/#primaryimage\",\"url\":\"https:\/\/www.pogotowieflagowe.pl\/aktualne\/wp-content\/uploads\/2025\/08\/Spotkanie-Zelensky-Putin-w-Europie-Macron-przedstawil-swoja-koncepcje-rozmow.webp.webp\",\"contentUrl\":\"https:\/\/www.pogotowieflagowe.pl\/aktualne\/wp-content\/uploads\/2025\/08\/Spotkanie-Zelensky-Putin-w-Europie-Macron-przedstawil-swoja-koncepcje-rozmow.webp.webp\",\"width\":1280,\"height\":720,\"caption\":\"Spotkanie Zelensky-Putin w Europie? Macron przedstawi\u0142 swoj\u0105 koncepcj\u0119 rozm\u00f3w\"},{\"@type\":\"BreadcrumbList\",\"@id\":\"https:\/\/www.pogotowieflagowe.pl\/aktualne\/spotkanie-zelensky-putin-w-europie-macron-przedstawil-swoja-koncepcje-rozmow\/#breadcrumb\",\"itemListElement\":[{\"@type\":\"ListItem\",\"position\":1,\"name\":\"Home\",\"item\":\"https:\/\/www.pogotowieflagowe.pl\/aktualne\/\"},{\"@type\":\"ListItem\",\"position\":2,\"name\":\"Spotkanie Zelensky-Putin w Europie? Macron przedstawi\u0142 swoj\u0105 koncepcj\u0119 rozm\u00f3w\"}]},{\"@type\":\"WebSite\",\"@id\":\"https:\/\/www.pogotowieflagowe.pl\/aktualne\/#website\",\"url\":\"https:\/\/www.pogotowieflagowe.pl\/aktualne\/\",\"name\":\"POGOTOWIE FLAGOWE\u00ae\",\"description\":\"\",\"publisher\":{\"@id\":\"https:\/\/www.pogotowieflagowe.pl\/aktualne\/#organization\"},\"potentialAction\":[{\"@type\":\"SearchAction\",\"target\":{\"@type\":\"EntryPoint\",\"urlTemplate\":\"https:\/\/www.pogotowieflagowe.pl\/aktualne\/?s={search_term_string}\"},\"query-input\":\"required name=search_term_string\"}],\"inLanguage\":\"pl-PL\"},{\"@type\":\"Organization\",\"@id\":\"https:\/\/www.pogotowieflagowe.pl\/aktualne\/#organization\",\"name\":\"POGOTOWIE FLAGOWE\u00ae\",\"url\":\"https:\/\/www.pogotowieflagowe.pl\/aktualne\/\",\"logo\":{\"@type\":\"ImageObject\",\"inLanguage\":\"pl-PL\",\"@id\":\"https:\/\/www.pogotowieflagowe.pl\/aktualne\/#\/schema\/logo\/image\/\",\"url\":\"https:\/\/www.pogotowieflagowe.pl\/aktualne\/wp-content\/uploads\/2024\/08\/cropped-pogotowieflagowe_flaga_projekt_sm.jpg\",\"contentUrl\":\"https:\/\/www.pogotowieflagowe.pl\/aktualne\/wp-content\/uploads\/2024\/08\/cropped-pogotowieflagowe_flaga_projekt_sm.jpg\",\"width\":250,\"height\":143,\"caption\":\"POGOTOWIE FLAGOWE\u00ae\"},\"image\":{\"@id\":\"https:\/\/www.pogotowieflagowe.pl\/aktualne\/#\/schema\/logo\/image\/\"}},{\"@type\":\"Person\",\"@id\":\"https:\/\/www.pogotowieflagowe.pl\/aktualne\/#\/schema\/person\/9c2fb7d2362ebf6fa088960d7f0d27b0\",\"name\":\"Filip\",\"image\":{\"@type\":\"ImageObject\",\"inLanguage\":\"pl-PL\",\"@id\":\"https:\/\/www.pogotowieflagowe.pl\/aktualne\/#\/schema\/person\/image\/\",\"url\":\"https:\/\/www.pogotowieflagowe.pl\/aktualne\/wp-content\/uploads\/2024\/08\/pogotowieflagowe.pl_.jpg\",\"contentUrl\":\"https:\/\/www.pogotowieflagowe.pl\/aktualne\/wp-content\/uploads\/2024\/08\/pogotowieflagowe.pl_.jpg\",\"caption\":\"Filip\"},\"description\":\"Jestem Filip, polski dziennikarz z dyplomem nauk politycznych Uniwersytetu Warszawskiego. Rozpoczynaj\u0105c swoj\u0105 karier\u0119 w r\u00f3\u017cnych lokalnych mediach, zdoby\u0142em solidne do\u015bwiadczenie w zakresie \u015bledztwa i redakcji. Obecnie jako redaktor w Pogotowie flagowe, staram si\u0119 dostarcza\u0107 dog\u0142\u0119bne i istotne analizy na temat najwa\u017cniejszych kwestii aktualno\u015bci, \u0142\u0105cz\u0105c rygor z pasj\u0105 dziennikarsk\u0105.\",\"sameAs\":[\"https:\/\/www.pogotowieflagowe.pl\/\"]}]}<\/script>\n<!-- \/ Yoast SEO plugin. -->","yoast_head_json":{"title":"Spotkanie Zelensky-Putin w Europie? Macron przedstawi\u0142 swoj\u0105 koncepcj\u0119 rozm\u00f3w - POGOTOWIE FLAGOWE\u00ae","robots":{"index":"index","follow":"follow","max-snippet":"max-snippet:-1","max-image-preview":"max-image-preview:large","max-video-preview":"max-video-preview:-1"},"canonical":"https:\/\/www.pogotowieflagowe.pl\/aktualne\/spotkanie-zelensky-putin-w-europie-macron-przedstawil-swoja-koncepcje-rozmow\/","og_locale":"pl_PL","og_type":"article","og_title":"Spotkanie Zelensky-Putin w Europie? Macron przedstawi\u0142 swoj\u0105 koncepcj\u0119 rozm\u00f3w - POGOTOWIE FLAGOWE\u00ae","og_description":"Prezydent Francji Emmanuel Macron powiedzia\u0142 w wywiadzie dla LCI Telewizja, \u017ce spotkanie ukrai\u0144skiego prezydenta Volodymyr Zelensky i rosyjskiego przyw\u00f3dcy W\u0142adimira","og_url":"https:\/\/www.pogotowieflagowe.pl\/aktualne\/spotkanie-zelensky-putin-w-europie-macron-przedstawil-swoja-koncepcje-rozmow\/","og_site_name":"POGOTOWIE FLAGOWE\u00ae","article_published_time":"2025-08-19T13:48:55+00:00","article_modified_time":"2025-08-19T13:48:56+00:00","og_image":[{"width":1280,"height":720,"url":"https:\/\/www.pogotowieflagowe.pl\/aktualne\/wp-content\/uploads\/2025\/08\/Spotkanie-Zelensky-Putin-w-Europie-Macron-przedstawil-swoja-koncepcje-rozmow.webp.webp","type":"image\/webp"}],"author":"Filip","twitter_card":"summary_large_image","twitter_misc":{"Napisane przez":"Filip","Szacowany czas czytania":"1 minuta"},"schema":{"@context":"https:\/\/schema.org","@graph":[{"@type":"Article","@id":"https:\/\/www.pogotowieflagowe.pl\/aktualne\/spotkanie-zelensky-putin-w-europie-macron-przedstawil-swoja-koncepcje-rozmow\/#article","isPartOf":{"@id":"https:\/\/www.pogotowieflagowe.pl\/aktualne\/spotkanie-zelensky-putin-w-europie-macron-przedstawil-swoja-koncepcje-rozmow\/"},"author":{"name":"Filip","@id":"https:\/\/www.pogotowieflagowe.pl\/aktualne\/#\/schema\/person\/9c2fb7d2362ebf6fa088960d7f0d27b0"},"headline":"Spotkanie Zelensky-Putin w Europie? Macron przedstawi\u0142 swoj\u0105 koncepcj\u0119 rozm\u00f3w","datePublished":"2025-08-19T13:48:55+00:00","dateModified":"2025-08-19T13:48:56+00:00","mainEntityOfPage":{"@id":"https:\/\/www.pogotowieflagowe.pl\/aktualne\/spotkanie-zelensky-putin-w-europie-macron-przedstawil-swoja-koncepcje-rozmow\/"},"wordCount":271,"publisher":{"@id":"https:\/\/www.pogotowieflagowe.pl\/aktualne\/#organization"},"image":{"@id":"https:\/\/www.pogotowieflagowe.pl\/aktualne\/spotkanie-zelensky-putin-w-europie-macron-przedstawil-swoja-koncepcje-rozmow\/#primaryimage"},"thumbnailUrl":"https:\/\/www.pogotowieflagowe.pl\/aktualne\/wp-content\/uploads\/2025\/08\/Spotkanie-Zelensky-Putin-w-Europie-Macron-przedstawil-swoja-koncepcje-rozmow.webp.webp","keywords":["Europie","koncepcj\u0119","Macron","przedstawi\u0142","rozm\u00f3w","Spotkanie","swoj\u0105","ZelenskyPutin"],"articleSection":["Polityka"],"inLanguage":"pl-PL"},{"@type":"WebPage","@id":"https:\/\/www.pogotowieflagowe.pl\/aktualne\/spotkanie-zelensky-putin-w-europie-macron-przedstawil-swoja-koncepcje-rozmow\/","url":"https:\/\/www.pogotowieflagowe.pl\/aktualne\/spotkanie-zelensky-putin-w-europie-macron-przedstawil-swoja-koncepcje-rozmow\/","name":"Spotkanie Zelensky-Putin w Europie? Macron przedstawi\u0142 swoj\u0105 koncepcj\u0119 rozm\u00f3w - POGOTOWIE FLAGOWE\u00ae","isPartOf":{"@id":"https:\/\/www.pogotowieflagowe.pl\/aktualne\/#website"},"primaryImageOfPage":{"@id":"https:\/\/www.pogotowieflagowe.pl\/aktualne\/spotkanie-zelensky-putin-w-europie-macron-przedstawil-swoja-koncepcje-rozmow\/#primaryimage"},"image":{"@id":"https:\/\/www.pogotowieflagowe.pl\/aktualne\/spotkanie-zelensky-putin-w-europie-macron-przedstawil-swoja-koncepcje-rozmow\/#primaryimage"},"thumbnailUrl":"https:\/\/www.pogotowieflagowe.pl\/aktualne\/wp-content\/uploads\/2025\/08\/Spotkanie-Zelensky-Putin-w-Europie-Macron-przedstawil-swoja-koncepcje-rozmow.webp.webp","datePublished":"2025-08-19T13:48:55+00:00","dateModified":"2025-08-19T13:48:56+00:00","breadcrumb":{"@id":"https:\/\/www.pogotowieflagowe.pl\/aktualne\/spotkanie-zelensky-putin-w-europie-macron-przedstawil-swoja-koncepcje-rozmow\/#breadcrumb"},"inLanguage":"pl-PL","potentialAction":[{"@type":"ReadAction","target":["https:\/\/www.pogotowieflagowe.pl\/aktualne\/spotkanie-zelensky-putin-w-europie-macron-przedstawil-swoja-koncepcje-rozmow\/"]}]},{"@type":"ImageObject","inLanguage":"pl-PL","@id":"https:\/\/www.pogotowieflagowe.pl\/aktualne\/spotkanie-zelensky-putin-w-europie-macron-przedstawil-swoja-koncepcje-rozmow\/#primaryimage","url":"https:\/\/www.pogotowieflagowe.pl\/aktualne\/wp-content\/uploads\/2025\/08\/Spotkanie-Zelensky-Putin-w-Europie-Macron-przedstawil-swoja-koncepcje-rozmow.webp.webp","contentUrl":"https:\/\/www.pogotowieflagowe.pl\/aktualne\/wp-content\/uploads\/2025\/08\/Spotkanie-Zelensky-Putin-w-Europie-Macron-przedstawil-swoja-koncepcje-rozmow.webp.webp","width":1280,"height":720,"caption":"Spotkanie Zelensky-Putin w Europie? Macron przedstawi\u0142 swoj\u0105 koncepcj\u0119 rozm\u00f3w"},{"@type":"BreadcrumbList","@id":"https:\/\/www.pogotowieflagowe.pl\/aktualne\/spotkanie-zelensky-putin-w-europie-macron-przedstawil-swoja-koncepcje-rozmow\/#breadcrumb","itemListElement":[{"@type":"ListItem","position":1,"name":"Home","item":"https:\/\/www.pogotowieflagowe.pl\/aktualne\/"},{"@type":"ListItem","position":2,"name":"Spotkanie Zelensky-Putin w Europie? Macron przedstawi\u0142 swoj\u0105 koncepcj\u0119 rozm\u00f3w"}]},{"@type":"WebSite","@id":"https:\/\/www.pogotowieflagowe.pl\/aktualne\/#website","url":"https:\/\/www.pogotowieflagowe.pl\/aktualne\/","name":"POGOTOWIE FLAGOWE\u00ae","description":"","publisher":{"@id":"https:\/\/www.pogotowieflagowe.pl\/aktualne\/#organization"},"potentialAction":[{"@type":"SearchAction","target":{"@type":"EntryPoint","urlTemplate":"https:\/\/www.pogotowieflagowe.pl\/aktualne\/?s={search_term_string}"},"query-input":"required name=search_term_string"}],"inLanguage":"pl-PL"},{"@type":"Organization","@id":"https:\/\/www.pogotowieflagowe.pl\/aktualne\/#organization","name":"POGOTOWIE FLAGOWE\u00ae","url":"https:\/\/www.pogotowieflagowe.pl\/aktualne\/","logo":{"@type":"ImageObject","inLanguage":"pl-PL","@id":"https:\/\/www.pogotowieflagowe.pl\/aktualne\/#\/schema\/logo\/image\/","url":"https:\/\/www.pogotowieflagowe.pl\/aktualne\/wp-content\/uploads\/2024\/08\/cropped-pogotowieflagowe_flaga_projekt_sm.jpg","contentUrl":"https:\/\/www.pogotowieflagowe.pl\/aktualne\/wp-content\/uploads\/2024\/08\/cropped-pogotowieflagowe_flaga_projekt_sm.jpg","width":250,"height":143,"caption":"POGOTOWIE FLAGOWE\u00ae"},"image":{"@id":"https:\/\/www.pogotowieflagowe.pl\/aktualne\/#\/schema\/logo\/image\/"}},{"@type":"Person","@id":"https:\/\/www.pogotowieflagowe.pl\/aktualne\/#\/schema\/person\/9c2fb7d2362ebf6fa088960d7f0d27b0","name":"Filip","image":{"@type":"ImageObject","inLanguage":"pl-PL","@id":"https:\/\/www.pogotowieflagowe.pl\/aktualne\/#\/schema\/person\/image\/","url":"https:\/\/www.pogotowieflagowe.pl\/aktualne\/wp-content\/uploads\/2024\/08\/pogotowieflagowe.pl_.jpg","contentUrl":"https:\/\/www.pogotowieflagowe.pl\/aktualne\/wp-content\/uploads\/2024\/08\/pogotowieflagowe.pl_.jpg","caption":"Filip"},"description":"Jestem Filip, polski dziennikarz z dyplomem nauk politycznych Uniwersytetu Warszawskiego. Rozpoczynaj\u0105c swoj\u0105 karier\u0119 w r\u00f3\u017cnych lokalnych mediach, zdoby\u0142em solidne do\u015bwiadczenie w zakresie \u015bledztwa i redakcji. Obecnie jako redaktor w Pogotowie flagowe, staram si\u0119 dostarcza\u0107 dog\u0142\u0119bne i istotne analizy na temat najwa\u017cniejszych kwestii aktualno\u015bci, \u0142\u0105cz\u0105c rygor z pasj\u0105 dziennikarsk\u0105.","sameAs":["https:\/\/www.pogotowieflagowe.pl\/"]}]}},"_links":{"self":[{"href":"https:\/\/www.pogotowieflagowe.pl\/aktualne\/wp-json\/wp\/v2\/posts\/7237","targetHints":{"allow":["GET"]}}],"collection":[{"href":"https:\/\/www.pogotowieflagowe.pl\/aktualne\/wp-json\/wp\/v2\/posts"}],"about":[{"href":"https:\/\/www.pogotowieflagowe.pl\/aktualne\/wp-json\/wp\/v2\/types\/post"}],"author":[{"embeddable":true,"href":"https:\/\/www.pogotowieflagowe.pl\/aktualne\/wp-json\/wp\/v2\/users\/1"}],"replies":[{"embeddable":true,"href":"https:\/\/www.pogotowieflagowe.pl\/aktualne\/wp-json\/wp\/v2\/comments?post=7237"}],"version-history":[{"count":1,"href":"https:\/\/www.pogotowieflagowe.pl\/aktualne\/wp-json\/wp\/v2\/posts\/7237\/revisions"}],"predecessor-version":[{"id":7239,"href":"https:\/\/www.pogotowieflagowe.pl\/aktualne\/wp-json\/wp\/v2\/posts\/7237\/revisions\/7239"}],"wp:featuredmedia":[{"embeddable":true,"href":"https:\/\/www.pogotowieflagowe.pl\/aktualne\/wp-json\/wp\/v2\/media\/7238"}],"wp:attachment":[{"href":"https:\/\/www.pogotowieflagowe.pl\/aktualne\/wp-json\/wp\/v2\/media?parent=7237"}],"wp:term":[{"taxonomy":"category","embeddable":true,"href":"https:\/\/www.pogotowieflagowe.pl\/aktualne\/wp-json\/wp\/v2\/categories?post=7237"},{"taxonomy":"post_tag","embeddable":true,"href":"https:\/\/www.pogotowieflagowe.pl\/aktualne\/wp-json\/wp\/v2\/tags?post=7237"}],"curies":[{"name":"wp","href":"https:\/\/api.w.org\/{rel}","templated":true}]}}