{"id":7243,"date":"2025-08-19T18:48:01","date_gmt":"2025-08-19T16:48:01","guid":{"rendered":"https:\/\/www.pogotowieflagowe.pl\/aktualne\/strach-przed-testami-plci-polscy-rywale-oslabili-na-mistrzostwach-swiata\/"},"modified":"2025-08-19T18:48:03","modified_gmt":"2025-08-19T16:48:03","slug":"strach-przed-testami-plci-polscy-rywale-oslabili-na-mistrzostwach-swiata","status":"publish","type":"post","link":"https:\/\/www.pogotowieflagowe.pl\/aktualne\/strach-przed-testami-plci-polscy-rywale-oslabili-na-mistrzostwach-swiata\/","title":{"rendered":"Strach przed testami p\u0142ci? Polscy rywale os\u0142abili na Mistrzostwach \u015awiata"},"content":{"rendered":"\n<div class=\"td_block_wrap tdb_single_content tdi_41 td-pb-border-top td_block_template_8 td-post-content tagdiv-type\" data-td-block-uid=\"tdi_41\">\n<style>.tdi_41 {margin-top: 0px! Wa\u017cne; margines-bottom: 0px! WA\u017bNY; PALDING-TOP: 0PX! WA\u017bNY; PALDING-BOTTOM: 0PX! WA\u017bNE}<\/style>\n<style>.tdb_single_content {margin-bottom: 0;*zoom: 1} .tdb_single_content: wcze\u015bniej, .tdb_single_content: po {display: Table; content: ''; line-height: 0} .TDB-BLOCK-INner>*: nie (.WP-BLOCK-QUOTE): not (.alignSwide): not (.Alignfull.wp-block-cover.has-parallax): not (.td-a-ad) {margin-left: auto; margin-right: auto} .tdb_single_ConTent a {wska\u017anik-events: auto} .tdb_single_content .td-spot-id-top_ad .tdc-placeholder-title: przed {content: \u201eArtyku\u0142 top ad\u201d! Wa\u017cne} .tdb_single_content .td-Spot-Id-inline_ad0 .tdc-placeholder-title 1 '! Wa\u017cne} .tdb_single_content .td-Spot-Id-inline_Ad1 .tdc-Placeholder-Title: przed {content: \u201eArtyku\u0142 inline AD 2'! Wa\u017cny} .tdb_single_content. 3 '! Wa\u017cne} .tdb_single_content .td-Spot-Id-Bottom_Ad .tdc-Placeholder-Title: przed {content: \u201eArtyku\u0142 Bottom Ad\u201d! Wa\u017cne} .tdb_single_content .id_top_ad, .tdb_single_content_content .id_bottom_ad {clear: oba; margin-bottom: 21px; text-align: Center} .tdb_single_content .id_top_ad img, .tdb_single_content .id_bottom_ad img {margin-bottom: 0} .tdb_single_conTent .id_top_ad .adsbyGoogle, .tdb_single_content .id_bottom_ad .adsbyGoogle {pozycja: relatyw} .tdb_single_content .id_ad_content-horiz-left, .tdb_single_content .id_ad_content-horiz-right, .tdb_single_content .id_ad_content-horiz-Center {margin-bottom: 15px} .tdb_single_content .id_ad_content-horiz-left Img, .tdb_single_content .id_ad_content-horiz-right img, .tdb_single_content .id_ad_content-horiz-centerter img {margin-bottom: 0} .tdb_single_content .id_ad_content-horiz-center {text-align: Center} .tdb_single_content .id_ad_content-horiz-center img {margin-right: auto; margin-let: auto} .tdb_single_content .id_ad_content-horiz-left {float: left; margin-top: 9px; margin-right: 21px} .tdb_single_content .id_ad_content-horiz-right {float: margin-top: 6px; margin-left: 21px} .tdb_single_content .tdc-a-a-ad .TDC-Placeholder-Title {szeroko\u015b\u0107: 300px; height: 250px} .tdb_single_content .tdc-a-ad .TDC-Placeholder-Title: Przed {Pozycja: Absolute; TOP: 50%;-WebKit-Transform: Translatey (-50%); Transform: Translatey (-50%); margines: auto; Display: Tabela; szeroko\u015b\u0107: 100%}. tdb_single_content .TDB-BLOCK-INNER.TD-FIX-INDEX {Word-Break: Break-word} .tdi_41, .tdi_41> p, .tdi_41 .tdb-block-inner> p, .Wp-Block-Column> p {font-size: 16px! Wa\u017cne; wa\u017cny; p {font-styl: normalne! Wa\u017cne} @media (Max-Width: 767px) {. tdb_single_content .id_ad_content-horiz-left, .tdb_single_content .id_ad_content-horiz-right, .tdb_single_content .id_ad_content-horiz-centter {Margin: 0 AUTO 26PXX auto}}@media (Max-Width: 767px) {. tdb_single_content .id_ad_content-horiz-left {margin-right: 0}}@media (max-width: 767px) {. (Max-Width: 767px) {. tdb_single_content .td-a-ad {float: none; text-align: Center} .tdb_single_content .td-a-ad img {margin-right: auto; margin-left: auto} .tdb_single_content .tdc-a-a-a-{margin-right: auto; margin-left: auto} .tdb_single_content .tdd<\/style>\n<div class=\"tdb-block-inner td-fix-index\">\n<p>Polscy gracze siatk\u00f3wki rozpoczn\u0105 grup\u0119 grupy Mistrzostw \u015awiata w sobot\u0119, 23 sierpnia. <em>BIA\u0141O-CZERWONE<\/em> zmierzy si\u0119 z Wietnamem w meczu otwieraj\u0105cym turniej w Tajlandii. Wietnamska dru\u017cyna b\u0119dzie gra\u0142a bez swojej najwi\u0119kszej gwiazdy, Nguyen Thi Bich Tuyen. Oficjalnie przyczyn\u0105 jej nieobecno\u015bci jest <strong>\u201ePowody osobiste\u201d<\/strong>ale nieoficjalnie m\u00f3wi si\u0119, \u017ce jest to strach przed testami p\u0142ci.<\/p>\n<p>Dru\u017cyna narodowa Wietnamu zmierzy si\u0119 z Polsk\u0105 na Mistrzostwach \u015awiata bez Nguyen Thi Bich Tuyena, gracza s\u0142ynnego z zdobycia punktacji\u2026 61 punkt\u00f3w w jednym meczu (rekord ligi w Wietnamie). G\u0142\u00f3wna strata zosta\u0142a niejasno wyja\u015bniona jako <strong>\u201ePowody osobiste\u201d<\/strong>ale plotki sugeruj\u0105, \u017ce Federacja obawia si\u0119, \u017ce wyj\u0105tkowy hitter zewn\u0119trzny b\u0119dzie wymagany do weryfikacji p\u0142ci.<\/p>\n<h2 class=\"wp-block-heading\"><strong>Gwiazda wycofuje si\u0119 z Mistrzostw \u015awiata<\/strong><\/h2>\n<p>Warto przypomnie\u0107 sobie niedawny skandal na Mistrzostwach \u015awiata U21, w kt\u00f3rym dw\u00f3ch m\u0119\u017cczyzn gra\u0142o w dru\u017cynie kobiet w Wietnamie. Nguyen Thi Bich Tuyen od dawna jest postaci\u0105 kontrowersyjn\u0105. Wietnamski hitter robi wra\u017cenie na swoich umiej\u0119tno\u015bciach, a jej talent zosta\u0142 por\u00f3wnany z najwi\u0119kszymi gwiazdami \u015bwiatowej siatk\u00f3wki. Kiedy\u015b odrzuci\u0142a lukratywn\u0105 ofert\u0119 od <em>NCAA<\/em> pozosta\u0107 w jej kraju i reprezentowa\u0107 Wietnam. Jednak jej kariera naznaczono nie tylko sportem &#8211; podejrzenia dotycz\u0105ce jej p\u0142ci. Od 2023 r. Media i sponsorzy naciska\u0142y na testowanie p\u0142ci, wywo\u0142uj\u0105c fal\u0119 spekulacji i nienawi\u015bci online. Zdj\u0119cia Bicha Tuyen z kr\u00f3tkimi w\u0142osami i lu\u017an\u0105 odzie\u017c\u0105 by\u0142y u\u017cywane przez u\u017cytkownik\u00f3w Internetu jako tak zwane \u201edowody\u201d, pomimo braku oficjalnego potwierdzenia. W 2024 r. Gracz wr\u00f3ci\u0142 do dru\u017cyny po <em>Challenger Cup<\/em>ale na mistrzostwo w Tajlandii po raz kolejny zosta\u0142a pomini\u0119ta.<\/p>\n<\/div>\n<\/div>\n","protected":false},"excerpt":{"rendered":"<p>Polscy gracze siatk\u00f3wki rozpoczn\u0105 grup\u0119 grupy Mistrzostw \u015awiata w sobot\u0119, 23 sierpnia. BIA\u0141O-CZERWONE zmierzy si\u0119 z Wietnamem w meczu otwieraj\u0105cym<\/p>\n","protected":false},"author":1,"featured_media":7244,"comment_status":"closed","ping_status":"","sticky":false,"template":"","format":"standard","meta":{"footnotes":""},"categories":[118],"tags":[236,8967,7424,177,643,8966,6744,444,8965],"class_list":["post-7243","post","type-post","status-publish","format-standard","has-post-thumbnail","hentry","category-lekkoatletyka","tag-mistrzostwach","tag-oslabili","tag-plci","tag-polscy","tag-przed","tag-rywale","tag-strach","tag-swiata","tag-testami","generate-columns","tablet-grid-50","mobile-grid-100","grid-parent","grid-50","resize-featured-image"],"yoast_head":"<!-- This site is optimized with the Yoast SEO plugin v23.2 - https:\/\/yoast.com\/wordpress\/plugins\/seo\/ -->\n<title>Strach przed testami p\u0142ci? Polscy rywale os\u0142abili na Mistrzostwach \u015awiata - POGOTOWIE FLAGOWE\u00ae<\/title>\n<meta name=\"robots\" content=\"index, follow, max-snippet:-1, max-image-preview:large, max-video-preview:-1\" \/>\n<link rel=\"canonical\" href=\"https:\/\/www.pogotowieflagowe.pl\/aktualne\/strach-przed-testami-plci-polscy-rywale-oslabili-na-mistrzostwach-swiata\/\" \/>\n<meta property=\"og:locale\" content=\"pl_PL\" \/>\n<meta property=\"og:type\" content=\"article\" \/>\n<meta property=\"og:title\" content=\"Strach przed testami p\u0142ci? Polscy rywale os\u0142abili na Mistrzostwach \u015awiata - POGOTOWIE FLAGOWE\u00ae\" \/>\n<meta property=\"og:description\" content=\"Polscy gracze siatk\u00f3wki rozpoczn\u0105 grup\u0119 grupy Mistrzostw \u015awiata w sobot\u0119, 23 sierpnia. BIA\u0141O-CZERWONE zmierzy si\u0119 z Wietnamem w meczu otwieraj\u0105cym\" \/>\n<meta property=\"og:url\" content=\"https:\/\/www.pogotowieflagowe.pl\/aktualne\/strach-przed-testami-plci-polscy-rywale-oslabili-na-mistrzostwach-swiata\/\" \/>\n<meta property=\"og:site_name\" content=\"POGOTOWIE FLAGOWE\u00ae\" \/>\n<meta property=\"article:published_time\" content=\"2025-08-19T16:48:01+00:00\" \/>\n<meta property=\"article:modified_time\" content=\"2025-08-19T16:48:03+00:00\" \/>\n<meta property=\"og:image\" content=\"https:\/\/www.pogotowieflagowe.pl\/aktualne\/wp-content\/uploads\/2025\/08\/Strach-przed-testami-plci-Polscy-rywale-oslabili-na-Mistrzostwach-Swiata.webp.webp\" \/>\n\t<meta property=\"og:image:width\" content=\"1280\" \/>\n\t<meta property=\"og:image:height\" content=\"719\" \/>\n\t<meta property=\"og:image:type\" content=\"image\/webp\" \/>\n<meta name=\"author\" content=\"Filip\" \/>\n<meta name=\"twitter:card\" content=\"summary_large_image\" \/>\n<meta name=\"twitter:label1\" content=\"Napisane przez\" \/>\n\t<meta name=\"twitter:data1\" content=\"Filip\" \/>\n\t<meta name=\"twitter:label2\" content=\"Szacowany czas czytania\" \/>\n\t<meta name=\"twitter:data2\" content=\"1 minuta\" \/>\n<script type=\"application\/ld+json\" class=\"yoast-schema-graph\">{\"@context\":\"https:\/\/schema.org\",\"@graph\":[{\"@type\":\"Article\",\"@id\":\"https:\/\/www.pogotowieflagowe.pl\/aktualne\/strach-przed-testami-plci-polscy-rywale-oslabili-na-mistrzostwach-swiata\/#article\",\"isPartOf\":{\"@id\":\"https:\/\/www.pogotowieflagowe.pl\/aktualne\/strach-przed-testami-plci-polscy-rywale-oslabili-na-mistrzostwach-swiata\/\"},\"author\":{\"name\":\"Filip\",\"@id\":\"https:\/\/www.pogotowieflagowe.pl\/aktualne\/#\/schema\/person\/9c2fb7d2362ebf6fa088960d7f0d27b0\"},\"headline\":\"Strach przed testami p\u0142ci? Polscy rywale os\u0142abili na Mistrzostwach \u015awiata\",\"datePublished\":\"2025-08-19T16:48:01+00:00\",\"dateModified\":\"2025-08-19T16:48:03+00:00\",\"mainEntityOfPage\":{\"@id\":\"https:\/\/www.pogotowieflagowe.pl\/aktualne\/strach-przed-testami-plci-polscy-rywale-oslabili-na-mistrzostwach-swiata\/\"},\"wordCount\":298,\"publisher\":{\"@id\":\"https:\/\/www.pogotowieflagowe.pl\/aktualne\/#organization\"},\"image\":{\"@id\":\"https:\/\/www.pogotowieflagowe.pl\/aktualne\/strach-przed-testami-plci-polscy-rywale-oslabili-na-mistrzostwach-swiata\/#primaryimage\"},\"thumbnailUrl\":\"https:\/\/www.pogotowieflagowe.pl\/aktualne\/wp-content\/uploads\/2025\/08\/Strach-przed-testami-plci-Polscy-rywale-oslabili-na-Mistrzostwach-Swiata.webp.webp\",\"keywords\":[\"mistrzostwach\",\"os\u0142abili\",\"p\u0142ci\",\"Polscy\",\"przed\",\"rywale\",\"strach\",\"\u015awiata\",\"testami\"],\"articleSection\":[\"Lekkoatletyka\"],\"inLanguage\":\"pl-PL\"},{\"@type\":\"WebPage\",\"@id\":\"https:\/\/www.pogotowieflagowe.pl\/aktualne\/strach-przed-testami-plci-polscy-rywale-oslabili-na-mistrzostwach-swiata\/\",\"url\":\"https:\/\/www.pogotowieflagowe.pl\/aktualne\/strach-przed-testami-plci-polscy-rywale-oslabili-na-mistrzostwach-swiata\/\",\"name\":\"Strach przed testami p\u0142ci? Polscy rywale os\u0142abili na Mistrzostwach \u015awiata - POGOTOWIE FLAGOWE\u00ae\",\"isPartOf\":{\"@id\":\"https:\/\/www.pogotowieflagowe.pl\/aktualne\/#website\"},\"primaryImageOfPage\":{\"@id\":\"https:\/\/www.pogotowieflagowe.pl\/aktualne\/strach-przed-testami-plci-polscy-rywale-oslabili-na-mistrzostwach-swiata\/#primaryimage\"},\"image\":{\"@id\":\"https:\/\/www.pogotowieflagowe.pl\/aktualne\/strach-przed-testami-plci-polscy-rywale-oslabili-na-mistrzostwach-swiata\/#primaryimage\"},\"thumbnailUrl\":\"https:\/\/www.pogotowieflagowe.pl\/aktualne\/wp-content\/uploads\/2025\/08\/Strach-przed-testami-plci-Polscy-rywale-oslabili-na-Mistrzostwach-Swiata.webp.webp\",\"datePublished\":\"2025-08-19T16:48:01+00:00\",\"dateModified\":\"2025-08-19T16:48:03+00:00\",\"breadcrumb\":{\"@id\":\"https:\/\/www.pogotowieflagowe.pl\/aktualne\/strach-przed-testami-plci-polscy-rywale-oslabili-na-mistrzostwach-swiata\/#breadcrumb\"},\"inLanguage\":\"pl-PL\",\"potentialAction\":[{\"@type\":\"ReadAction\",\"target\":[\"https:\/\/www.pogotowieflagowe.pl\/aktualne\/strach-przed-testami-plci-polscy-rywale-oslabili-na-mistrzostwach-swiata\/\"]}]},{\"@type\":\"ImageObject\",\"inLanguage\":\"pl-PL\",\"@id\":\"https:\/\/www.pogotowieflagowe.pl\/aktualne\/strach-przed-testami-plci-polscy-rywale-oslabili-na-mistrzostwach-swiata\/#primaryimage\",\"url\":\"https:\/\/www.pogotowieflagowe.pl\/aktualne\/wp-content\/uploads\/2025\/08\/Strach-przed-testami-plci-Polscy-rywale-oslabili-na-Mistrzostwach-Swiata.webp.webp\",\"contentUrl\":\"https:\/\/www.pogotowieflagowe.pl\/aktualne\/wp-content\/uploads\/2025\/08\/Strach-przed-testami-plci-Polscy-rywale-oslabili-na-Mistrzostwach-Swiata.webp.webp\",\"width\":1280,\"height\":719,\"caption\":\"Strach przed testami p\u0142ci? Polscy rywale os\u0142abili na Mistrzostwach \u015awiata\"},{\"@type\":\"BreadcrumbList\",\"@id\":\"https:\/\/www.pogotowieflagowe.pl\/aktualne\/strach-przed-testami-plci-polscy-rywale-oslabili-na-mistrzostwach-swiata\/#breadcrumb\",\"itemListElement\":[{\"@type\":\"ListItem\",\"position\":1,\"name\":\"Home\",\"item\":\"https:\/\/www.pogotowieflagowe.pl\/aktualne\/\"},{\"@type\":\"ListItem\",\"position\":2,\"name\":\"Strach przed testami p\u0142ci? Polscy rywale os\u0142abili na Mistrzostwach \u015awiata\"}]},{\"@type\":\"WebSite\",\"@id\":\"https:\/\/www.pogotowieflagowe.pl\/aktualne\/#website\",\"url\":\"https:\/\/www.pogotowieflagowe.pl\/aktualne\/\",\"name\":\"POGOTOWIE FLAGOWE\u00ae\",\"description\":\"\",\"publisher\":{\"@id\":\"https:\/\/www.pogotowieflagowe.pl\/aktualne\/#organization\"},\"potentialAction\":[{\"@type\":\"SearchAction\",\"target\":{\"@type\":\"EntryPoint\",\"urlTemplate\":\"https:\/\/www.pogotowieflagowe.pl\/aktualne\/?s={search_term_string}\"},\"query-input\":\"required name=search_term_string\"}],\"inLanguage\":\"pl-PL\"},{\"@type\":\"Organization\",\"@id\":\"https:\/\/www.pogotowieflagowe.pl\/aktualne\/#organization\",\"name\":\"POGOTOWIE FLAGOWE\u00ae\",\"url\":\"https:\/\/www.pogotowieflagowe.pl\/aktualne\/\",\"logo\":{\"@type\":\"ImageObject\",\"inLanguage\":\"pl-PL\",\"@id\":\"https:\/\/www.pogotowieflagowe.pl\/aktualne\/#\/schema\/logo\/image\/\",\"url\":\"https:\/\/www.pogotowieflagowe.pl\/aktualne\/wp-content\/uploads\/2024\/08\/cropped-pogotowieflagowe_flaga_projekt_sm.jpg\",\"contentUrl\":\"https:\/\/www.pogotowieflagowe.pl\/aktualne\/wp-content\/uploads\/2024\/08\/cropped-pogotowieflagowe_flaga_projekt_sm.jpg\",\"width\":250,\"height\":143,\"caption\":\"POGOTOWIE FLAGOWE\u00ae\"},\"image\":{\"@id\":\"https:\/\/www.pogotowieflagowe.pl\/aktualne\/#\/schema\/logo\/image\/\"}},{\"@type\":\"Person\",\"@id\":\"https:\/\/www.pogotowieflagowe.pl\/aktualne\/#\/schema\/person\/9c2fb7d2362ebf6fa088960d7f0d27b0\",\"name\":\"Filip\",\"image\":{\"@type\":\"ImageObject\",\"inLanguage\":\"pl-PL\",\"@id\":\"https:\/\/www.pogotowieflagowe.pl\/aktualne\/#\/schema\/person\/image\/\",\"url\":\"https:\/\/www.pogotowieflagowe.pl\/aktualne\/wp-content\/uploads\/2024\/08\/pogotowieflagowe.pl_.jpg\",\"contentUrl\":\"https:\/\/www.pogotowieflagowe.pl\/aktualne\/wp-content\/uploads\/2024\/08\/pogotowieflagowe.pl_.jpg\",\"caption\":\"Filip\"},\"description\":\"Jestem Filip, polski dziennikarz z dyplomem nauk politycznych Uniwersytetu Warszawskiego. Rozpoczynaj\u0105c swoj\u0105 karier\u0119 w r\u00f3\u017cnych lokalnych mediach, zdoby\u0142em solidne do\u015bwiadczenie w zakresie \u015bledztwa i redakcji. Obecnie jako redaktor w Pogotowie flagowe, staram si\u0119 dostarcza\u0107 dog\u0142\u0119bne i istotne analizy na temat najwa\u017cniejszych kwestii aktualno\u015bci, \u0142\u0105cz\u0105c rygor z pasj\u0105 dziennikarsk\u0105.\",\"sameAs\":[\"https:\/\/www.pogotowieflagowe.pl\/\"]}]}<\/script>\n<!-- \/ Yoast SEO plugin. -->","yoast_head_json":{"title":"Strach przed testami p\u0142ci? Polscy rywale os\u0142abili na Mistrzostwach \u015awiata - POGOTOWIE FLAGOWE\u00ae","robots":{"index":"index","follow":"follow","max-snippet":"max-snippet:-1","max-image-preview":"max-image-preview:large","max-video-preview":"max-video-preview:-1"},"canonical":"https:\/\/www.pogotowieflagowe.pl\/aktualne\/strach-przed-testami-plci-polscy-rywale-oslabili-na-mistrzostwach-swiata\/","og_locale":"pl_PL","og_type":"article","og_title":"Strach przed testami p\u0142ci? Polscy rywale os\u0142abili na Mistrzostwach \u015awiata - POGOTOWIE FLAGOWE\u00ae","og_description":"Polscy gracze siatk\u00f3wki rozpoczn\u0105 grup\u0119 grupy Mistrzostw \u015awiata w sobot\u0119, 23 sierpnia. BIA\u0141O-CZERWONE zmierzy si\u0119 z Wietnamem w meczu otwieraj\u0105cym","og_url":"https:\/\/www.pogotowieflagowe.pl\/aktualne\/strach-przed-testami-plci-polscy-rywale-oslabili-na-mistrzostwach-swiata\/","og_site_name":"POGOTOWIE FLAGOWE\u00ae","article_published_time":"2025-08-19T16:48:01+00:00","article_modified_time":"2025-08-19T16:48:03+00:00","og_image":[{"width":1280,"height":719,"url":"https:\/\/www.pogotowieflagowe.pl\/aktualne\/wp-content\/uploads\/2025\/08\/Strach-przed-testami-plci-Polscy-rywale-oslabili-na-Mistrzostwach-Swiata.webp.webp","type":"image\/webp"}],"author":"Filip","twitter_card":"summary_large_image","twitter_misc":{"Napisane przez":"Filip","Szacowany czas czytania":"1 minuta"},"schema":{"@context":"https:\/\/schema.org","@graph":[{"@type":"Article","@id":"https:\/\/www.pogotowieflagowe.pl\/aktualne\/strach-przed-testami-plci-polscy-rywale-oslabili-na-mistrzostwach-swiata\/#article","isPartOf":{"@id":"https:\/\/www.pogotowieflagowe.pl\/aktualne\/strach-przed-testami-plci-polscy-rywale-oslabili-na-mistrzostwach-swiata\/"},"author":{"name":"Filip","@id":"https:\/\/www.pogotowieflagowe.pl\/aktualne\/#\/schema\/person\/9c2fb7d2362ebf6fa088960d7f0d27b0"},"headline":"Strach przed testami p\u0142ci? Polscy rywale os\u0142abili na Mistrzostwach \u015awiata","datePublished":"2025-08-19T16:48:01+00:00","dateModified":"2025-08-19T16:48:03+00:00","mainEntityOfPage":{"@id":"https:\/\/www.pogotowieflagowe.pl\/aktualne\/strach-przed-testami-plci-polscy-rywale-oslabili-na-mistrzostwach-swiata\/"},"wordCount":298,"publisher":{"@id":"https:\/\/www.pogotowieflagowe.pl\/aktualne\/#organization"},"image":{"@id":"https:\/\/www.pogotowieflagowe.pl\/aktualne\/strach-przed-testami-plci-polscy-rywale-oslabili-na-mistrzostwach-swiata\/#primaryimage"},"thumbnailUrl":"https:\/\/www.pogotowieflagowe.pl\/aktualne\/wp-content\/uploads\/2025\/08\/Strach-przed-testami-plci-Polscy-rywale-oslabili-na-Mistrzostwach-Swiata.webp.webp","keywords":["mistrzostwach","os\u0142abili","p\u0142ci","Polscy","przed","rywale","strach","\u015awiata","testami"],"articleSection":["Lekkoatletyka"],"inLanguage":"pl-PL"},{"@type":"WebPage","@id":"https:\/\/www.pogotowieflagowe.pl\/aktualne\/strach-przed-testami-plci-polscy-rywale-oslabili-na-mistrzostwach-swiata\/","url":"https:\/\/www.pogotowieflagowe.pl\/aktualne\/strach-przed-testami-plci-polscy-rywale-oslabili-na-mistrzostwach-swiata\/","name":"Strach przed testami p\u0142ci? Polscy rywale os\u0142abili na Mistrzostwach \u015awiata - POGOTOWIE FLAGOWE\u00ae","isPartOf":{"@id":"https:\/\/www.pogotowieflagowe.pl\/aktualne\/#website"},"primaryImageOfPage":{"@id":"https:\/\/www.pogotowieflagowe.pl\/aktualne\/strach-przed-testami-plci-polscy-rywale-oslabili-na-mistrzostwach-swiata\/#primaryimage"},"image":{"@id":"https:\/\/www.pogotowieflagowe.pl\/aktualne\/strach-przed-testami-plci-polscy-rywale-oslabili-na-mistrzostwach-swiata\/#primaryimage"},"thumbnailUrl":"https:\/\/www.pogotowieflagowe.pl\/aktualne\/wp-content\/uploads\/2025\/08\/Strach-przed-testami-plci-Polscy-rywale-oslabili-na-Mistrzostwach-Swiata.webp.webp","datePublished":"2025-08-19T16:48:01+00:00","dateModified":"2025-08-19T16:48:03+00:00","breadcrumb":{"@id":"https:\/\/www.pogotowieflagowe.pl\/aktualne\/strach-przed-testami-plci-polscy-rywale-oslabili-na-mistrzostwach-swiata\/#breadcrumb"},"inLanguage":"pl-PL","potentialAction":[{"@type":"ReadAction","target":["https:\/\/www.pogotowieflagowe.pl\/aktualne\/strach-przed-testami-plci-polscy-rywale-oslabili-na-mistrzostwach-swiata\/"]}]},{"@type":"ImageObject","inLanguage":"pl-PL","@id":"https:\/\/www.pogotowieflagowe.pl\/aktualne\/strach-przed-testami-plci-polscy-rywale-oslabili-na-mistrzostwach-swiata\/#primaryimage","url":"https:\/\/www.pogotowieflagowe.pl\/aktualne\/wp-content\/uploads\/2025\/08\/Strach-przed-testami-plci-Polscy-rywale-oslabili-na-Mistrzostwach-Swiata.webp.webp","contentUrl":"https:\/\/www.pogotowieflagowe.pl\/aktualne\/wp-content\/uploads\/2025\/08\/Strach-przed-testami-plci-Polscy-rywale-oslabili-na-Mistrzostwach-Swiata.webp.webp","width":1280,"height":719,"caption":"Strach przed testami p\u0142ci? Polscy rywale os\u0142abili na Mistrzostwach \u015awiata"},{"@type":"BreadcrumbList","@id":"https:\/\/www.pogotowieflagowe.pl\/aktualne\/strach-przed-testami-plci-polscy-rywale-oslabili-na-mistrzostwach-swiata\/#breadcrumb","itemListElement":[{"@type":"ListItem","position":1,"name":"Home","item":"https:\/\/www.pogotowieflagowe.pl\/aktualne\/"},{"@type":"ListItem","position":2,"name":"Strach przed testami p\u0142ci? Polscy rywale os\u0142abili na Mistrzostwach \u015awiata"}]},{"@type":"WebSite","@id":"https:\/\/www.pogotowieflagowe.pl\/aktualne\/#website","url":"https:\/\/www.pogotowieflagowe.pl\/aktualne\/","name":"POGOTOWIE FLAGOWE\u00ae","description":"","publisher":{"@id":"https:\/\/www.pogotowieflagowe.pl\/aktualne\/#organization"},"potentialAction":[{"@type":"SearchAction","target":{"@type":"EntryPoint","urlTemplate":"https:\/\/www.pogotowieflagowe.pl\/aktualne\/?s={search_term_string}"},"query-input":"required name=search_term_string"}],"inLanguage":"pl-PL"},{"@type":"Organization","@id":"https:\/\/www.pogotowieflagowe.pl\/aktualne\/#organization","name":"POGOTOWIE FLAGOWE\u00ae","url":"https:\/\/www.pogotowieflagowe.pl\/aktualne\/","logo":{"@type":"ImageObject","inLanguage":"pl-PL","@id":"https:\/\/www.pogotowieflagowe.pl\/aktualne\/#\/schema\/logo\/image\/","url":"https:\/\/www.pogotowieflagowe.pl\/aktualne\/wp-content\/uploads\/2024\/08\/cropped-pogotowieflagowe_flaga_projekt_sm.jpg","contentUrl":"https:\/\/www.pogotowieflagowe.pl\/aktualne\/wp-content\/uploads\/2024\/08\/cropped-pogotowieflagowe_flaga_projekt_sm.jpg","width":250,"height":143,"caption":"POGOTOWIE FLAGOWE\u00ae"},"image":{"@id":"https:\/\/www.pogotowieflagowe.pl\/aktualne\/#\/schema\/logo\/image\/"}},{"@type":"Person","@id":"https:\/\/www.pogotowieflagowe.pl\/aktualne\/#\/schema\/person\/9c2fb7d2362ebf6fa088960d7f0d27b0","name":"Filip","image":{"@type":"ImageObject","inLanguage":"pl-PL","@id":"https:\/\/www.pogotowieflagowe.pl\/aktualne\/#\/schema\/person\/image\/","url":"https:\/\/www.pogotowieflagowe.pl\/aktualne\/wp-content\/uploads\/2024\/08\/pogotowieflagowe.pl_.jpg","contentUrl":"https:\/\/www.pogotowieflagowe.pl\/aktualne\/wp-content\/uploads\/2024\/08\/pogotowieflagowe.pl_.jpg","caption":"Filip"},"description":"Jestem Filip, polski dziennikarz z dyplomem nauk politycznych Uniwersytetu Warszawskiego. Rozpoczynaj\u0105c swoj\u0105 karier\u0119 w r\u00f3\u017cnych lokalnych mediach, zdoby\u0142em solidne do\u015bwiadczenie w zakresie \u015bledztwa i redakcji. Obecnie jako redaktor w Pogotowie flagowe, staram si\u0119 dostarcza\u0107 dog\u0142\u0119bne i istotne analizy na temat najwa\u017cniejszych kwestii aktualno\u015bci, \u0142\u0105cz\u0105c rygor z pasj\u0105 dziennikarsk\u0105.","sameAs":["https:\/\/www.pogotowieflagowe.pl\/"]}]}},"_links":{"self":[{"href":"https:\/\/www.pogotowieflagowe.pl\/aktualne\/wp-json\/wp\/v2\/posts\/7243","targetHints":{"allow":["GET"]}}],"collection":[{"href":"https:\/\/www.pogotowieflagowe.pl\/aktualne\/wp-json\/wp\/v2\/posts"}],"about":[{"href":"https:\/\/www.pogotowieflagowe.pl\/aktualne\/wp-json\/wp\/v2\/types\/post"}],"author":[{"embeddable":true,"href":"https:\/\/www.pogotowieflagowe.pl\/aktualne\/wp-json\/wp\/v2\/users\/1"}],"replies":[{"embeddable":true,"href":"https:\/\/www.pogotowieflagowe.pl\/aktualne\/wp-json\/wp\/v2\/comments?post=7243"}],"version-history":[{"count":1,"href":"https:\/\/www.pogotowieflagowe.pl\/aktualne\/wp-json\/wp\/v2\/posts\/7243\/revisions"}],"predecessor-version":[{"id":7245,"href":"https:\/\/www.pogotowieflagowe.pl\/aktualne\/wp-json\/wp\/v2\/posts\/7243\/revisions\/7245"}],"wp:featuredmedia":[{"embeddable":true,"href":"https:\/\/www.pogotowieflagowe.pl\/aktualne\/wp-json\/wp\/v2\/media\/7244"}],"wp:attachment":[{"href":"https:\/\/www.pogotowieflagowe.pl\/aktualne\/wp-json\/wp\/v2\/media?parent=7243"}],"wp:term":[{"taxonomy":"category","embeddable":true,"href":"https:\/\/www.pogotowieflagowe.pl\/aktualne\/wp-json\/wp\/v2\/categories?post=7243"},{"taxonomy":"post_tag","embeddable":true,"href":"https:\/\/www.pogotowieflagowe.pl\/aktualne\/wp-json\/wp\/v2\/tags?post=7243"}],"curies":[{"name":"wp","href":"https:\/\/api.w.org\/{rel}","templated":true}]}}