{"id":756,"date":"2024-09-17T22:53:26","date_gmt":"2024-09-17T20:53:26","guid":{"rendered":"https:\/\/www.pogotowieflagowe.pl\/aktualne\/85-lat-temu-inwazja-zwiazku-radzieckiego-na-polske-przypieczetowala-los-narodu\/"},"modified":"2024-09-17T22:53:28","modified_gmt":"2024-09-17T20:53:28","slug":"85-lat-temu-inwazja-zwiazku-radzieckiego-na-polske-przypieczetowala-los-narodu","status":"publish","type":"post","link":"https:\/\/www.pogotowieflagowe.pl\/aktualne\/85-lat-temu-inwazja-zwiazku-radzieckiego-na-polske-przypieczetowala-los-narodu\/","title":{"rendered":"85 lat temu: Inwazja Zwi\u0105zku Radzieckiego na Polsk\u0119 przypiecz\u0119towa\u0142a los narodu"},"content":{"rendered":"\n<div class=\"td_block_wrap tdb_single_content tdi_48 td-pb-border-top td_block_template_8 td-post-content tagdiv-type\" data-td-block-uid=\"tdi_48\">\n<style>.tdi_48{margines g\u00f3rny:0px!wa\u017cne;margines dolny:0px!wa\u017cne;wype\u0142nienie g\u00f3rne:0px!wa\u017cne;wype\u0142nienie dolne:0px!wa\u017cne}<\/style>\n<style>.tdb_single_content{margines-dolny:0;*powi\u0119kszenie:1}.tdb_single_content:before,.tdb_single_content:after{wy\u015bwietlanie:tabela;zawarto\u015b\u0107:'';wysoko\u015b\u0107-linii:0}.tdb_single_content:after{wyczy\u015b\u0107:oba}.tdb_single_content .tdb-block-inner>*:not(.wp-block-quote):not(.alignwide):not(.alignfull.wp-block-cover.has-parallax):not(.td-a-ad){margines-lewy:auto;margines-prawy:auto}.tdb_single_content a{zdarzenia-wska\u017anika:auto}.tdb_single_content .td-spot-id-top_ad .tdc-placeholder-title:before{zawarto\u015b\u0107:'Pocz\u0105tek artyku\u0142u Reklama'!important}.tdb_single_content .td-spot-id-inline_ad0 .tdc-placeholder-title:before{content:'Reklama inline artyku\u0142u 1'!important}.tdb_single_content .td-spot-id-inline_ad1 .tdc-placeholder-title:before{content:'Reklama inline artyku\u0142u 2'!important}.tdb_single_content .td-spot-id-inline_ad2 .tdc-placeholder-title:before{content:'Reklama inline artyku\u0142u 3'!important}.tdb_single_content .td-spot-id-bottom_ad .tdc-placeholder-title:before{content:'Reklama dolna artyku\u0142u'!important}.tdb_single_content .id_top_ad,.tdb_single_content .id_bottom_ad{clear:both;margines-dolny:21px;wyr\u00f3wnanie-tekstu:\u015brodek}.tdb_single_content .id_top_ad img,.tdb_single_content .id_bottom_ad img{margines-dolny:0}.tdb_single_content .id_top_ad .adsbygoogle,.tdb_single_content .id_bottom_ad .adsbygoogle{pozycja:wzgl\u0119dna}.tdb_single_content .id_ad_content-poziom-lewy,.tdb_single_content .id_ad_content-poziom-prawy,.tdb_single_content .id_ad_content-horiz-center{margines dolny:15px}.tdb_single_content .id_ad_content-horiz-lewy img,.tdb_single_content .id_ad_content-horiz-prawy img,.tdb_single_content .id_ad_content-horiz-center img{margines dolny:0}.tdb_single_content .id_ad_content-horiz-center{wyr\u00f3wnanie tekstu:\u015brodek}.tdb_single_content .id_ad_content-horiz-center img{margines prawy:auto;margines lewy:auto}.tdb_single_content .id_ad_content-horiz-left{float:lewy;margines g\u00f3rny:9px;margines prawy:21px}.tdb_single_content .id_ad_content-horiz-right{float:right;margines-g\u00f3rny:6px;margines-lewy:21px}.tdb_single_content .tdc-a-ad .tdc-placeholder-title{szeroko\u015b\u0107:300px;wysoko\u015b\u0107:250px}.tdb_single_content .tdc-a-ad .tdc-placeholder-title:before{pozycja:absolutna;g\u00f3ra:50%;-webkit-transform:translateY(-50%);przekszta\u0142cenie:translateY(-50%);margines:auto;wy\u015bwietlanie:tabela;szeroko\u015b\u0107:100%}.tdb_single_content .tdb-block-inner.td-fix-index{word-break:break-word}.tdi_48,.tdi_48>p,.tdi_48 .tdb-block-inner>p{rozmiar-czcionki:16px!wa\u017cne;wysoko\u015b\u0107-linii:1.6!wa\u017cne}.tdi_48 .tdb-block-inner cytat p{styl-czcionki:normalny!wa\u017cne}@media (maks. szeroko\u015b\u0107:767px){.tdb_single_content .id_ad_content-poziom-lewo,.tdb_single_content .id_ad_content-poziom-prawo,.tdb_single_content .id_ad_content-poziom-\u015brodek{margines:0 auto 26px auto}}@media (maks. szeroko\u015b\u0107:767px){.tdb_single_content .id_ad_content-poziom-lewo{margines-prawy:0}}@media (maks. szeroko\u015b\u0107:767px){.tdb_single_content .id_ad_content-horiz-right{margines-lewy:0}}@media (maksymalna szeroko\u015b\u0107:767px){.tdb_single_content .td-a-ad{float:none;wyr\u00f3wnanie tekstu:\u015brodek}.tdb_single_content .td-a-ad img{margines-prawy:auto;margines-lewy:auto}.tdb_single_content .tdc-a-ad{float:none}}<\/style>\n<div class=\"tdb-block-inner td-fix-index\">\n<p>Dok\u0142adnie 85 lat temu, 17 wrze\u015bnia 1939 r., w historii Polski wydarzy\u0142o si\u0119 co\u015b wa\u017cnego i tragicznego. Zaledwie 16 dni po tym, jak nazistowskie Niemcy rozpocz\u0119\u0142y atak z zachodu, Zwi\u0105zek Radziecki pod przyw\u00f3dztwem J\u00f3zefa Stalina najecha\u0142 Polsk\u0119 ze wschodu. Ten dwufrontowy atak, b\u0119d\u0105cy konsekwencj\u0105 tajnego paktu mi\u0119dzy dwoma autorytarnymi mocarstwami, oznacza\u0142 upadek oporu Polski i pozostawi\u0142 nar\u00f3d uwi\u0119ziony mi\u0119dzy dwoma opresyjnymi re\u017cimami.<\/p>\n<p>Polska obchodzi ten dzie\u0144 Dniem Pami\u0119ci Ofiar Agresji Radzieckiej, wspominaj\u0105c ofiary i cierpienia, jakich dozna\u0142 nasz nar\u00f3d w tym mrocznym rozdziale historii.<\/p>\n<h2 class=\"wp-block-heading\">Podw\u00f3jny atak: nazistowskie Niemcy i Zwi\u0105zek Radziecki wywo\u0142uj\u0105 chaos<\/h2>\n<p>W 1939 roku \u015bwiat sta\u0142 na kraw\u0119dzi II wojny \u015bwiatowej, konfliktu, kt\u00f3ry mia\u0142 zmieni\u0107 narody i spowodowa\u0107 niewypowiedziane spustoszenie. Nazistowskie Niemcy, dowodzone przez Adolfa Hitlera, rozpocz\u0119\u0142y inwazj\u0119 na Polsk\u0119 1 wrze\u015bnia, wykorzystuj\u0105c przyt\u0142aczaj\u0105c\u0105 si\u0142\u0119 militarn\u0105 \u2014 czo\u0142gi, artyleri\u0119 i ataki lotnicze. Chocia\u017c polskie si\u0142y walczy\u0142y odwa\u017cnie, by\u0142y znacznie mniej skuteczne od niemieckiej przewagi technologicznej i taktycznej.<\/p>\n<p>Gdy sytuacja Polski wydawa\u0142a si\u0119 beznadziejna, Zwi\u0105zek Radziecki do\u0142o\u017cy\u0142 do tego jeszcze wi\u0119cej k\u0142opot\u00f3w. Inwazja by\u0142a cz\u0119\u015bci\u0105 szerszej strategii uzgodnionej w tajnym Pakcie Ribbentrop-Mo\u0142otow, podpisanym przez Hitlera i Stalina w sierpniu 1939 r. Na mocy tego porozumienia oba re\u017cimy totalitarne wydzieli\u0142y strefy wp\u0142yw\u00f3w w Europie Wschodniej, a Polska by\u0142a pierwszym celem ich brutalnych ambicji terytorialnych.<\/p>\n<h2 class=\"wp-block-heading\">17 wrze\u015bnia 1939: Wojska radzieckie uderzaj\u0105 na wschodni\u0105 granic\u0119 Polski<\/h2>\n<p>Tego pami\u0119tnego wrze\u015bniowego dnia wojska radzieckie przekroczy\u0142y wschodni\u0105 granic\u0119 Polski, napotykaj\u0105c minimalny op\u00f3r, poniewa\u017c kraj by\u0142 ju\u017c przyt\u0142oczony niemieckim natarciem. Armia Czerwona szybko zaj\u0119\u0142a rozleg\u0142e regiony, skutecznie dziel\u0105c Polsk\u0119 mi\u0119dzy dw\u00f3ch naje\u017ad\u017ac\u00f3w. Maj\u0105c rozci\u0105gni\u0119te wojsko i b\u0119d\u0105c atakowan\u0105 z obu stron, Polska mia\u0142a niewielkie szanse na obron\u0119 swojej suwerenno\u015bci.<\/p>\n<p>Konsekwencje dla polskich cywil\u00f3w i \u017co\u0142nierzy by\u0142y straszne. Wielu zosta\u0142o wzi\u0119tych do niewoli, przymusowo deportowanych do sowieckich oboz\u00f3w pracy lub masowo straconych. Okrucie\u0144stwo zadane przez obu naje\u017ad\u017ac\u00f3w pozostawi\u0142o kraj w ruinie, jego autonomia zosta\u0142a zniszczona.<\/p>\n<h2 class=\"wp-block-heading\">Polski ruch oporu i d\u0142uga walka o wolno\u015b\u0107<\/h2>\n<p>Pomimo tych przyt\u0142aczaj\u0105cych wyzwa\u0144, determinacja Polski nigdy nie za\u0142ama\u0142a si\u0119 ca\u0142kowicie. Szybko ustanowiono rz\u0105d na uchod\u017astwie, podczas gdy Polska Armia Krajowa zorganizowa\u0142a niezwyk\u0142y podziemny op\u00f3r przeciwko okupacji nazistowskiej i sowieckiej. Ta walka trwa\u0142a przez ca\u0142\u0105 wojn\u0119 i d\u0142u\u017cej, odzwierciedlaj\u0105c niez\u0142omnego ducha narodu polskiego.<\/p>\n<p>Gehenna Polski nie zako\u0144czy\u0142a si\u0119 wraz z zako\u0144czeniem II wojny \u015bwiatowej w 1945 r. Chocia\u017c nazistowskie Niemcy zosta\u0142y pokonane, kraj znalaz\u0142 si\u0119 pod wp\u0142ywem Zwi\u0105zku Radzieckiego, a jego wolno\u015b\u0107 zosta\u0142a ograniczona przez re\u017cim komunistyczny narzucony z Moskwy. Przez nast\u0119pne cztery dekady Polska pozostawa\u0142a w cieniu kontroli radzieckiej, a jej walka o prawdziw\u0105 niepodleg\u0142o\u015b\u0107 zosta\u0142a odroczona do upadku \u017belaznej Kurtyny pod koniec XX wieku.<\/p>\n<\/div>\n<\/div>\n","protected":false},"excerpt":{"rendered":"<p>Dok\u0142adnie 85 lat temu, 17 wrze\u015bnia 1939 r., w historii Polski wydarzy\u0142o si\u0119 co\u015b wa\u017cnego i tragicznego. Zaledwie 16 dni<\/p>\n","protected":false},"author":1,"featured_media":757,"comment_status":"closed","ping_status":"","sticky":false,"template":"","format":"standard","meta":{"footnotes":""},"categories":[44],"tags":[1275,688,1278,1279,698,1277,1276,225,33],"class_list":["post-756","post","type-post","status-publish","format-standard","has-post-thumbnail","hentry","category-polityka","tag-inwazja","tag-lat","tag-los","tag-narodu","tag-polske","tag-przypieczetowala","tag-radzieckiego","tag-temu","tag-zwiazku","generate-columns","tablet-grid-50","mobile-grid-100","grid-parent","grid-50","resize-featured-image"],"yoast_head":"<!-- This site is optimized with the Yoast SEO plugin v23.2 - https:\/\/yoast.com\/wordpress\/plugins\/seo\/ -->\n<title>85 lat temu: Inwazja Zwi\u0105zku Radzieckiego na Polsk\u0119 przypiecz\u0119towa\u0142a los narodu - POGOTOWIE FLAGOWE\u00ae<\/title>\n<meta name=\"robots\" content=\"index, follow, max-snippet:-1, max-image-preview:large, max-video-preview:-1\" \/>\n<link rel=\"canonical\" href=\"https:\/\/www.pogotowieflagowe.pl\/aktualne\/85-lat-temu-inwazja-zwiazku-radzieckiego-na-polske-przypieczetowala-los-narodu\/\" \/>\n<meta property=\"og:locale\" content=\"pl_PL\" \/>\n<meta property=\"og:type\" content=\"article\" \/>\n<meta property=\"og:title\" content=\"85 lat temu: Inwazja Zwi\u0105zku Radzieckiego na Polsk\u0119 przypiecz\u0119towa\u0142a los narodu - POGOTOWIE FLAGOWE\u00ae\" \/>\n<meta property=\"og:description\" content=\"Dok\u0142adnie 85 lat temu, 17 wrze\u015bnia 1939 r., w historii Polski wydarzy\u0142o si\u0119 co\u015b wa\u017cnego i tragicznego. Zaledwie 16 dni\" \/>\n<meta property=\"og:url\" content=\"https:\/\/www.pogotowieflagowe.pl\/aktualne\/85-lat-temu-inwazja-zwiazku-radzieckiego-na-polske-przypieczetowala-los-narodu\/\" \/>\n<meta property=\"og:site_name\" content=\"POGOTOWIE FLAGOWE\u00ae\" \/>\n<meta property=\"article:published_time\" content=\"2024-09-17T20:53:26+00:00\" \/>\n<meta property=\"article:modified_time\" content=\"2024-09-17T20:53:28+00:00\" \/>\n<meta property=\"og:image\" content=\"https:\/\/www.pogotowieflagowe.pl\/aktualne\/wp-content\/uploads\/2024\/09\/85-lat-temu-Inwazja-Zwiazku-Radzieckiego-na-Polske-przypieczetowala-los.jpeg\" \/>\n\t<meta property=\"og:image:width\" content=\"1600\" \/>\n\t<meta property=\"og:image:height\" content=\"900\" \/>\n\t<meta property=\"og:image:type\" content=\"image\/jpeg\" \/>\n<meta name=\"author\" content=\"Filip\" \/>\n<meta name=\"twitter:card\" content=\"summary_large_image\" \/>\n<meta name=\"twitter:label1\" content=\"Napisane przez\" \/>\n\t<meta name=\"twitter:data1\" content=\"Filip\" \/>\n\t<meta name=\"twitter:label2\" content=\"Szacowany czas czytania\" \/>\n\t<meta name=\"twitter:data2\" content=\"3 minuty\" \/>\n<script type=\"application\/ld+json\" class=\"yoast-schema-graph\">{\"@context\":\"https:\/\/schema.org\",\"@graph\":[{\"@type\":\"Article\",\"@id\":\"https:\/\/www.pogotowieflagowe.pl\/aktualne\/85-lat-temu-inwazja-zwiazku-radzieckiego-na-polske-przypieczetowala-los-narodu\/#article\",\"isPartOf\":{\"@id\":\"https:\/\/www.pogotowieflagowe.pl\/aktualne\/85-lat-temu-inwazja-zwiazku-radzieckiego-na-polske-przypieczetowala-los-narodu\/\"},\"author\":{\"name\":\"Filip\",\"@id\":\"https:\/\/www.pogotowieflagowe.pl\/aktualne\/#\/schema\/person\/9c2fb7d2362ebf6fa088960d7f0d27b0\"},\"headline\":\"85 lat temu: Inwazja Zwi\u0105zku Radzieckiego na Polsk\u0119 przypiecz\u0119towa\u0142a los narodu\",\"datePublished\":\"2024-09-17T20:53:26+00:00\",\"dateModified\":\"2024-09-17T20:53:28+00:00\",\"mainEntityOfPage\":{\"@id\":\"https:\/\/www.pogotowieflagowe.pl\/aktualne\/85-lat-temu-inwazja-zwiazku-radzieckiego-na-polske-przypieczetowala-los-narodu\/\"},\"wordCount\":524,\"publisher\":{\"@id\":\"https:\/\/www.pogotowieflagowe.pl\/aktualne\/#organization\"},\"image\":{\"@id\":\"https:\/\/www.pogotowieflagowe.pl\/aktualne\/85-lat-temu-inwazja-zwiazku-radzieckiego-na-polske-przypieczetowala-los-narodu\/#primaryimage\"},\"thumbnailUrl\":\"https:\/\/www.pogotowieflagowe.pl\/aktualne\/wp-content\/uploads\/2024\/09\/85-lat-temu-Inwazja-Zwiazku-Radzieckiego-na-Polske-przypieczetowala-los.jpeg\",\"keywords\":[\"Inwazja\",\"lat\",\"los\",\"narodu\",\"Polsk\u0119\",\"przypiecz\u0119towa\u0142a\",\"Radzieckiego\",\"temu\",\"zwi\u0105zku\"],\"articleSection\":[\"Polityka\"],\"inLanguage\":\"pl-PL\"},{\"@type\":\"WebPage\",\"@id\":\"https:\/\/www.pogotowieflagowe.pl\/aktualne\/85-lat-temu-inwazja-zwiazku-radzieckiego-na-polske-przypieczetowala-los-narodu\/\",\"url\":\"https:\/\/www.pogotowieflagowe.pl\/aktualne\/85-lat-temu-inwazja-zwiazku-radzieckiego-na-polske-przypieczetowala-los-narodu\/\",\"name\":\"85 lat temu: Inwazja Zwi\u0105zku Radzieckiego na Polsk\u0119 przypiecz\u0119towa\u0142a los narodu - POGOTOWIE FLAGOWE\u00ae\",\"isPartOf\":{\"@id\":\"https:\/\/www.pogotowieflagowe.pl\/aktualne\/#website\"},\"primaryImageOfPage\":{\"@id\":\"https:\/\/www.pogotowieflagowe.pl\/aktualne\/85-lat-temu-inwazja-zwiazku-radzieckiego-na-polske-przypieczetowala-los-narodu\/#primaryimage\"},\"image\":{\"@id\":\"https:\/\/www.pogotowieflagowe.pl\/aktualne\/85-lat-temu-inwazja-zwiazku-radzieckiego-na-polske-przypieczetowala-los-narodu\/#primaryimage\"},\"thumbnailUrl\":\"https:\/\/www.pogotowieflagowe.pl\/aktualne\/wp-content\/uploads\/2024\/09\/85-lat-temu-Inwazja-Zwiazku-Radzieckiego-na-Polske-przypieczetowala-los.jpeg\",\"datePublished\":\"2024-09-17T20:53:26+00:00\",\"dateModified\":\"2024-09-17T20:53:28+00:00\",\"breadcrumb\":{\"@id\":\"https:\/\/www.pogotowieflagowe.pl\/aktualne\/85-lat-temu-inwazja-zwiazku-radzieckiego-na-polske-przypieczetowala-los-narodu\/#breadcrumb\"},\"inLanguage\":\"pl-PL\",\"potentialAction\":[{\"@type\":\"ReadAction\",\"target\":[\"https:\/\/www.pogotowieflagowe.pl\/aktualne\/85-lat-temu-inwazja-zwiazku-radzieckiego-na-polske-przypieczetowala-los-narodu\/\"]}]},{\"@type\":\"ImageObject\",\"inLanguage\":\"pl-PL\",\"@id\":\"https:\/\/www.pogotowieflagowe.pl\/aktualne\/85-lat-temu-inwazja-zwiazku-radzieckiego-na-polske-przypieczetowala-los-narodu\/#primaryimage\",\"url\":\"https:\/\/www.pogotowieflagowe.pl\/aktualne\/wp-content\/uploads\/2024\/09\/85-lat-temu-Inwazja-Zwiazku-Radzieckiego-na-Polske-przypieczetowala-los.jpeg\",\"contentUrl\":\"https:\/\/www.pogotowieflagowe.pl\/aktualne\/wp-content\/uploads\/2024\/09\/85-lat-temu-Inwazja-Zwiazku-Radzieckiego-na-Polske-przypieczetowala-los.jpeg\",\"width\":1600,\"height\":900,\"caption\":\"85 lat temu: Inwazja Zwi\u0105zku Radzieckiego na Polsk\u0119 przypiecz\u0119towa\u0142a los narodu\"},{\"@type\":\"BreadcrumbList\",\"@id\":\"https:\/\/www.pogotowieflagowe.pl\/aktualne\/85-lat-temu-inwazja-zwiazku-radzieckiego-na-polske-przypieczetowala-los-narodu\/#breadcrumb\",\"itemListElement\":[{\"@type\":\"ListItem\",\"position\":1,\"name\":\"Home\",\"item\":\"https:\/\/www.pogotowieflagowe.pl\/aktualne\/\"},{\"@type\":\"ListItem\",\"position\":2,\"name\":\"85 lat temu: Inwazja Zwi\u0105zku Radzieckiego na Polsk\u0119 przypiecz\u0119towa\u0142a los narodu\"}]},{\"@type\":\"WebSite\",\"@id\":\"https:\/\/www.pogotowieflagowe.pl\/aktualne\/#website\",\"url\":\"https:\/\/www.pogotowieflagowe.pl\/aktualne\/\",\"name\":\"POGOTOWIE FLAGOWE\u00ae\",\"description\":\"\",\"publisher\":{\"@id\":\"https:\/\/www.pogotowieflagowe.pl\/aktualne\/#organization\"},\"potentialAction\":[{\"@type\":\"SearchAction\",\"target\":{\"@type\":\"EntryPoint\",\"urlTemplate\":\"https:\/\/www.pogotowieflagowe.pl\/aktualne\/?s={search_term_string}\"},\"query-input\":\"required name=search_term_string\"}],\"inLanguage\":\"pl-PL\"},{\"@type\":\"Organization\",\"@id\":\"https:\/\/www.pogotowieflagowe.pl\/aktualne\/#organization\",\"name\":\"POGOTOWIE FLAGOWE\u00ae\",\"url\":\"https:\/\/www.pogotowieflagowe.pl\/aktualne\/\",\"logo\":{\"@type\":\"ImageObject\",\"inLanguage\":\"pl-PL\",\"@id\":\"https:\/\/www.pogotowieflagowe.pl\/aktualne\/#\/schema\/logo\/image\/\",\"url\":\"https:\/\/www.pogotowieflagowe.pl\/aktualne\/wp-content\/uploads\/2024\/08\/cropped-pogotowieflagowe_flaga_projekt_sm.jpg\",\"contentUrl\":\"https:\/\/www.pogotowieflagowe.pl\/aktualne\/wp-content\/uploads\/2024\/08\/cropped-pogotowieflagowe_flaga_projekt_sm.jpg\",\"width\":250,\"height\":143,\"caption\":\"POGOTOWIE FLAGOWE\u00ae\"},\"image\":{\"@id\":\"https:\/\/www.pogotowieflagowe.pl\/aktualne\/#\/schema\/logo\/image\/\"}},{\"@type\":\"Person\",\"@id\":\"https:\/\/www.pogotowieflagowe.pl\/aktualne\/#\/schema\/person\/9c2fb7d2362ebf6fa088960d7f0d27b0\",\"name\":\"Filip\",\"image\":{\"@type\":\"ImageObject\",\"inLanguage\":\"pl-PL\",\"@id\":\"https:\/\/www.pogotowieflagowe.pl\/aktualne\/#\/schema\/person\/image\/\",\"url\":\"https:\/\/www.pogotowieflagowe.pl\/aktualne\/wp-content\/uploads\/2024\/08\/pogotowieflagowe.pl_.jpg\",\"contentUrl\":\"https:\/\/www.pogotowieflagowe.pl\/aktualne\/wp-content\/uploads\/2024\/08\/pogotowieflagowe.pl_.jpg\",\"caption\":\"Filip\"},\"description\":\"Jestem Filip, polski dziennikarz z dyplomem nauk politycznych Uniwersytetu Warszawskiego. Rozpoczynaj\u0105c swoj\u0105 karier\u0119 w r\u00f3\u017cnych lokalnych mediach, zdoby\u0142em solidne do\u015bwiadczenie w zakresie \u015bledztwa i redakcji. Obecnie jako redaktor w Pogotowie flagowe, staram si\u0119 dostarcza\u0107 dog\u0142\u0119bne i istotne analizy na temat najwa\u017cniejszych kwestii aktualno\u015bci, \u0142\u0105cz\u0105c rygor z pasj\u0105 dziennikarsk\u0105.\",\"sameAs\":[\"https:\/\/www.pogotowieflagowe.pl\/\"]}]}<\/script>\n<!-- \/ Yoast SEO plugin. -->","yoast_head_json":{"title":"85 lat temu: Inwazja Zwi\u0105zku Radzieckiego na Polsk\u0119 przypiecz\u0119towa\u0142a los narodu - POGOTOWIE FLAGOWE\u00ae","robots":{"index":"index","follow":"follow","max-snippet":"max-snippet:-1","max-image-preview":"max-image-preview:large","max-video-preview":"max-video-preview:-1"},"canonical":"https:\/\/www.pogotowieflagowe.pl\/aktualne\/85-lat-temu-inwazja-zwiazku-radzieckiego-na-polske-przypieczetowala-los-narodu\/","og_locale":"pl_PL","og_type":"article","og_title":"85 lat temu: Inwazja Zwi\u0105zku Radzieckiego na Polsk\u0119 przypiecz\u0119towa\u0142a los narodu - POGOTOWIE FLAGOWE\u00ae","og_description":"Dok\u0142adnie 85 lat temu, 17 wrze\u015bnia 1939 r., w historii Polski wydarzy\u0142o si\u0119 co\u015b wa\u017cnego i tragicznego. Zaledwie 16 dni","og_url":"https:\/\/www.pogotowieflagowe.pl\/aktualne\/85-lat-temu-inwazja-zwiazku-radzieckiego-na-polske-przypieczetowala-los-narodu\/","og_site_name":"POGOTOWIE FLAGOWE\u00ae","article_published_time":"2024-09-17T20:53:26+00:00","article_modified_time":"2024-09-17T20:53:28+00:00","og_image":[{"width":1600,"height":900,"url":"https:\/\/www.pogotowieflagowe.pl\/aktualne\/wp-content\/uploads\/2024\/09\/85-lat-temu-Inwazja-Zwiazku-Radzieckiego-na-Polske-przypieczetowala-los.jpeg","type":"image\/jpeg"}],"author":"Filip","twitter_card":"summary_large_image","twitter_misc":{"Napisane przez":"Filip","Szacowany czas czytania":"3 minuty"},"schema":{"@context":"https:\/\/schema.org","@graph":[{"@type":"Article","@id":"https:\/\/www.pogotowieflagowe.pl\/aktualne\/85-lat-temu-inwazja-zwiazku-radzieckiego-na-polske-przypieczetowala-los-narodu\/#article","isPartOf":{"@id":"https:\/\/www.pogotowieflagowe.pl\/aktualne\/85-lat-temu-inwazja-zwiazku-radzieckiego-na-polske-przypieczetowala-los-narodu\/"},"author":{"name":"Filip","@id":"https:\/\/www.pogotowieflagowe.pl\/aktualne\/#\/schema\/person\/9c2fb7d2362ebf6fa088960d7f0d27b0"},"headline":"85 lat temu: Inwazja Zwi\u0105zku Radzieckiego na Polsk\u0119 przypiecz\u0119towa\u0142a los narodu","datePublished":"2024-09-17T20:53:26+00:00","dateModified":"2024-09-17T20:53:28+00:00","mainEntityOfPage":{"@id":"https:\/\/www.pogotowieflagowe.pl\/aktualne\/85-lat-temu-inwazja-zwiazku-radzieckiego-na-polske-przypieczetowala-los-narodu\/"},"wordCount":524,"publisher":{"@id":"https:\/\/www.pogotowieflagowe.pl\/aktualne\/#organization"},"image":{"@id":"https:\/\/www.pogotowieflagowe.pl\/aktualne\/85-lat-temu-inwazja-zwiazku-radzieckiego-na-polske-przypieczetowala-los-narodu\/#primaryimage"},"thumbnailUrl":"https:\/\/www.pogotowieflagowe.pl\/aktualne\/wp-content\/uploads\/2024\/09\/85-lat-temu-Inwazja-Zwiazku-Radzieckiego-na-Polske-przypieczetowala-los.jpeg","keywords":["Inwazja","lat","los","narodu","Polsk\u0119","przypiecz\u0119towa\u0142a","Radzieckiego","temu","zwi\u0105zku"],"articleSection":["Polityka"],"inLanguage":"pl-PL"},{"@type":"WebPage","@id":"https:\/\/www.pogotowieflagowe.pl\/aktualne\/85-lat-temu-inwazja-zwiazku-radzieckiego-na-polske-przypieczetowala-los-narodu\/","url":"https:\/\/www.pogotowieflagowe.pl\/aktualne\/85-lat-temu-inwazja-zwiazku-radzieckiego-na-polske-przypieczetowala-los-narodu\/","name":"85 lat temu: Inwazja Zwi\u0105zku Radzieckiego na Polsk\u0119 przypiecz\u0119towa\u0142a los narodu - POGOTOWIE FLAGOWE\u00ae","isPartOf":{"@id":"https:\/\/www.pogotowieflagowe.pl\/aktualne\/#website"},"primaryImageOfPage":{"@id":"https:\/\/www.pogotowieflagowe.pl\/aktualne\/85-lat-temu-inwazja-zwiazku-radzieckiego-na-polske-przypieczetowala-los-narodu\/#primaryimage"},"image":{"@id":"https:\/\/www.pogotowieflagowe.pl\/aktualne\/85-lat-temu-inwazja-zwiazku-radzieckiego-na-polske-przypieczetowala-los-narodu\/#primaryimage"},"thumbnailUrl":"https:\/\/www.pogotowieflagowe.pl\/aktualne\/wp-content\/uploads\/2024\/09\/85-lat-temu-Inwazja-Zwiazku-Radzieckiego-na-Polske-przypieczetowala-los.jpeg","datePublished":"2024-09-17T20:53:26+00:00","dateModified":"2024-09-17T20:53:28+00:00","breadcrumb":{"@id":"https:\/\/www.pogotowieflagowe.pl\/aktualne\/85-lat-temu-inwazja-zwiazku-radzieckiego-na-polske-przypieczetowala-los-narodu\/#breadcrumb"},"inLanguage":"pl-PL","potentialAction":[{"@type":"ReadAction","target":["https:\/\/www.pogotowieflagowe.pl\/aktualne\/85-lat-temu-inwazja-zwiazku-radzieckiego-na-polske-przypieczetowala-los-narodu\/"]}]},{"@type":"ImageObject","inLanguage":"pl-PL","@id":"https:\/\/www.pogotowieflagowe.pl\/aktualne\/85-lat-temu-inwazja-zwiazku-radzieckiego-na-polske-przypieczetowala-los-narodu\/#primaryimage","url":"https:\/\/www.pogotowieflagowe.pl\/aktualne\/wp-content\/uploads\/2024\/09\/85-lat-temu-Inwazja-Zwiazku-Radzieckiego-na-Polske-przypieczetowala-los.jpeg","contentUrl":"https:\/\/www.pogotowieflagowe.pl\/aktualne\/wp-content\/uploads\/2024\/09\/85-lat-temu-Inwazja-Zwiazku-Radzieckiego-na-Polske-przypieczetowala-los.jpeg","width":1600,"height":900,"caption":"85 lat temu: Inwazja Zwi\u0105zku Radzieckiego na Polsk\u0119 przypiecz\u0119towa\u0142a los narodu"},{"@type":"BreadcrumbList","@id":"https:\/\/www.pogotowieflagowe.pl\/aktualne\/85-lat-temu-inwazja-zwiazku-radzieckiego-na-polske-przypieczetowala-los-narodu\/#breadcrumb","itemListElement":[{"@type":"ListItem","position":1,"name":"Home","item":"https:\/\/www.pogotowieflagowe.pl\/aktualne\/"},{"@type":"ListItem","position":2,"name":"85 lat temu: Inwazja Zwi\u0105zku Radzieckiego na Polsk\u0119 przypiecz\u0119towa\u0142a los narodu"}]},{"@type":"WebSite","@id":"https:\/\/www.pogotowieflagowe.pl\/aktualne\/#website","url":"https:\/\/www.pogotowieflagowe.pl\/aktualne\/","name":"POGOTOWIE FLAGOWE\u00ae","description":"","publisher":{"@id":"https:\/\/www.pogotowieflagowe.pl\/aktualne\/#organization"},"potentialAction":[{"@type":"SearchAction","target":{"@type":"EntryPoint","urlTemplate":"https:\/\/www.pogotowieflagowe.pl\/aktualne\/?s={search_term_string}"},"query-input":"required name=search_term_string"}],"inLanguage":"pl-PL"},{"@type":"Organization","@id":"https:\/\/www.pogotowieflagowe.pl\/aktualne\/#organization","name":"POGOTOWIE FLAGOWE\u00ae","url":"https:\/\/www.pogotowieflagowe.pl\/aktualne\/","logo":{"@type":"ImageObject","inLanguage":"pl-PL","@id":"https:\/\/www.pogotowieflagowe.pl\/aktualne\/#\/schema\/logo\/image\/","url":"https:\/\/www.pogotowieflagowe.pl\/aktualne\/wp-content\/uploads\/2024\/08\/cropped-pogotowieflagowe_flaga_projekt_sm.jpg","contentUrl":"https:\/\/www.pogotowieflagowe.pl\/aktualne\/wp-content\/uploads\/2024\/08\/cropped-pogotowieflagowe_flaga_projekt_sm.jpg","width":250,"height":143,"caption":"POGOTOWIE FLAGOWE\u00ae"},"image":{"@id":"https:\/\/www.pogotowieflagowe.pl\/aktualne\/#\/schema\/logo\/image\/"}},{"@type":"Person","@id":"https:\/\/www.pogotowieflagowe.pl\/aktualne\/#\/schema\/person\/9c2fb7d2362ebf6fa088960d7f0d27b0","name":"Filip","image":{"@type":"ImageObject","inLanguage":"pl-PL","@id":"https:\/\/www.pogotowieflagowe.pl\/aktualne\/#\/schema\/person\/image\/","url":"https:\/\/www.pogotowieflagowe.pl\/aktualne\/wp-content\/uploads\/2024\/08\/pogotowieflagowe.pl_.jpg","contentUrl":"https:\/\/www.pogotowieflagowe.pl\/aktualne\/wp-content\/uploads\/2024\/08\/pogotowieflagowe.pl_.jpg","caption":"Filip"},"description":"Jestem Filip, polski dziennikarz z dyplomem nauk politycznych Uniwersytetu Warszawskiego. Rozpoczynaj\u0105c swoj\u0105 karier\u0119 w r\u00f3\u017cnych lokalnych mediach, zdoby\u0142em solidne do\u015bwiadczenie w zakresie \u015bledztwa i redakcji. Obecnie jako redaktor w Pogotowie flagowe, staram si\u0119 dostarcza\u0107 dog\u0142\u0119bne i istotne analizy na temat najwa\u017cniejszych kwestii aktualno\u015bci, \u0142\u0105cz\u0105c rygor z pasj\u0105 dziennikarsk\u0105.","sameAs":["https:\/\/www.pogotowieflagowe.pl\/"]}]}},"_links":{"self":[{"href":"https:\/\/www.pogotowieflagowe.pl\/aktualne\/wp-json\/wp\/v2\/posts\/756","targetHints":{"allow":["GET"]}}],"collection":[{"href":"https:\/\/www.pogotowieflagowe.pl\/aktualne\/wp-json\/wp\/v2\/posts"}],"about":[{"href":"https:\/\/www.pogotowieflagowe.pl\/aktualne\/wp-json\/wp\/v2\/types\/post"}],"author":[{"embeddable":true,"href":"https:\/\/www.pogotowieflagowe.pl\/aktualne\/wp-json\/wp\/v2\/users\/1"}],"replies":[{"embeddable":true,"href":"https:\/\/www.pogotowieflagowe.pl\/aktualne\/wp-json\/wp\/v2\/comments?post=756"}],"version-history":[{"count":1,"href":"https:\/\/www.pogotowieflagowe.pl\/aktualne\/wp-json\/wp\/v2\/posts\/756\/revisions"}],"predecessor-version":[{"id":758,"href":"https:\/\/www.pogotowieflagowe.pl\/aktualne\/wp-json\/wp\/v2\/posts\/756\/revisions\/758"}],"wp:featuredmedia":[{"embeddable":true,"href":"https:\/\/www.pogotowieflagowe.pl\/aktualne\/wp-json\/wp\/v2\/media\/757"}],"wp:attachment":[{"href":"https:\/\/www.pogotowieflagowe.pl\/aktualne\/wp-json\/wp\/v2\/media?parent=756"}],"wp:term":[{"taxonomy":"category","embeddable":true,"href":"https:\/\/www.pogotowieflagowe.pl\/aktualne\/wp-json\/wp\/v2\/categories?post=756"},{"taxonomy":"post_tag","embeddable":true,"href":"https:\/\/www.pogotowieflagowe.pl\/aktualne\/wp-json\/wp\/v2\/tags?post=756"}],"curies":[{"name":"wp","href":"https:\/\/api.w.org\/{rel}","templated":true}]}}