{"id":759,"date":"2024-09-17T23:52:40","date_gmt":"2024-09-17T21:52:40","guid":{"rendered":"https:\/\/www.pogotowieflagowe.pl\/aktualne\/slask-wroclaw-dolacza-do-akcji-pomocy-powodziowej-zawodnicy-i-trener-na-pierwszej-linii-frontu\/"},"modified":"2024-09-17T23:52:43","modified_gmt":"2024-09-17T21:52:43","slug":"slask-wroclaw-dolacza-do-akcji-pomocy-powodziowej-zawodnicy-i-trener-na-pierwszej-linii-frontu","status":"publish","type":"post","link":"https:\/\/www.pogotowieflagowe.pl\/aktualne\/slask-wroclaw-dolacza-do-akcji-pomocy-powodziowej-zawodnicy-i-trener-na-pierwszej-linii-frontu\/","title":{"rendered":"\u015al\u0105sk Wroc\u0142aw do\u0142\u0105cza do akcji pomocy powodziowej: zawodnicy i trener na pierwszej linii frontu"},"content":{"rendered":"\n<div class=\"td_block_wrap tdb_single_content tdi_48 td-pb-border-top td_block_template_8 td-post-content tagdiv-type\" data-td-block-uid=\"tdi_48\">\n<style>.tdi_48{margines g\u00f3rny:0px!wa\u017cne;margines dolny:0px!wa\u017cne;wype\u0142nienie g\u00f3rne:0px!wa\u017cne;wype\u0142nienie dolne:0px!wa\u017cne}<\/style>\n<style>.tdb_single_content{margines-dolny:0;*powi\u0119kszenie:1}.tdb_single_content:before,.tdb_single_content:after{wy\u015bwietlanie:tabela;zawarto\u015b\u0107:'';wysoko\u015b\u0107-linii:0}.tdb_single_content:after{wyczy\u015b\u0107:oba}.tdb_single_content .tdb-block-inner>*:not(.wp-block-quote):not(.alignwide):not(.alignfull.wp-block-cover.has-parallax):not(.td-a-ad){margines-lewy:auto;margines-prawy:auto}.tdb_single_content a{zdarzenia-wska\u017anika:auto}.tdb_single_content .td-spot-id-top_ad .tdc-placeholder-title:before{zawarto\u015b\u0107:'Pocz\u0105tek artyku\u0142u Reklama'!important}.tdb_single_content .td-spot-id-inline_ad0 .tdc-placeholder-title:before{content:'Reklama inline artyku\u0142u 1'!important}.tdb_single_content .td-spot-id-inline_ad1 .tdc-placeholder-title:before{content:'Reklama inline artyku\u0142u 2'!important}.tdb_single_content .td-spot-id-inline_ad2 .tdc-placeholder-title:before{content:'Reklama inline artyku\u0142u 3'!important}.tdb_single_content .td-spot-id-bottom_ad .tdc-placeholder-title:before{content:'Reklama dolna artyku\u0142u'!important}.tdb_single_content .id_top_ad,.tdb_single_content .id_bottom_ad{clear:both;margines-dolny:21px;wyr\u00f3wnanie-tekstu:\u015brodek}.tdb_single_content .id_top_ad img,.tdb_single_content .id_bottom_ad img{margines-dolny:0}.tdb_single_content .id_top_ad .adsbygoogle,.tdb_single_content .id_bottom_ad .adsbygoogle{pozycja:wzgl\u0119dna}.tdb_single_content .id_ad_content-poziom-lewy,.tdb_single_content .id_ad_content-poziom-prawy,.tdb_single_content .id_ad_content-horiz-center{margines dolny:15px}.tdb_single_content .id_ad_content-horiz-lewy img,.tdb_single_content .id_ad_content-horiz-prawy img,.tdb_single_content .id_ad_content-horiz-center img{margines dolny:0}.tdb_single_content .id_ad_content-horiz-center{wyr\u00f3wnanie tekstu:\u015brodek}.tdb_single_content .id_ad_content-horiz-center img{margines prawy:auto;margines lewy:auto}.tdb_single_content .id_ad_content-horiz-left{float:lewy;margines g\u00f3rny:9px;margines prawy:21px}.tdb_single_content .id_ad_content-horiz-right{float:right;margines-g\u00f3rny:6px;margines-lewy:21px}.tdb_single_content .tdc-a-ad .tdc-placeholder-title{szeroko\u015b\u0107:300px;wysoko\u015b\u0107:250px}.tdb_single_content .tdc-a-ad .tdc-placeholder-title:before{pozycja:absolutna;g\u00f3ra:50%;-webkit-transform:translateY(-50%);przekszta\u0142cenie:translateY(-50%);margines:auto;wy\u015bwietlanie:tabela;szeroko\u015b\u0107:100%}.tdb_single_content .tdb-block-inner.td-fix-index{word-break:break-word}.tdi_48,.tdi_48>p,.tdi_48 .tdb-block-inner>p{rozmiar-czcionki:16px!wa\u017cne;wysoko\u015b\u0107-linii:1.6!wa\u017cne}.tdi_48 .tdb-block-inner cytat p{styl-czcionki:normalny!wa\u017cne}@media (maks. szeroko\u015b\u0107:767px){.tdb_single_content .id_ad_content-poziom-lewo,.tdb_single_content .id_ad_content-poziom-prawo,.tdb_single_content .id_ad_content-poziom-\u015brodek{margines:0 auto 26px auto}}@media (maks. szeroko\u015b\u0107:767px){.tdb_single_content .id_ad_content-poziom-lewo{margines-prawy:0}}@media (maks. szeroko\u015b\u0107:767px){.tdb_single_content .id_ad_content-horiz-right{margines-lewy:0}}@media (maksymalna szeroko\u015b\u0107:767px){.tdb_single_content .td-a-ad{float:none;wyr\u00f3wnanie tekstu:\u015brodek}.tdb_single_content .td-a-ad img{margines-prawy:auto;margines-lewy:auto}.tdb_single_content .tdc-a-ad{float:none}}<\/style>\n<div class=\"tdb-block-inner td-fix-index\">\n<p>\u015al\u0105sk Wroc\u0142aw, dru\u017cyna pi\u0142karska ze stolicy Dolnego \u015al\u0105ska, przy\u0142\u0105czy\u0142a si\u0119 do walki z trwaj\u0105cym kryzysem powodziowym. Zawodnicy i trener Jacek Magiera zostali zauwa\u017ceni podczas nape\u0142niania work\u00f3w z piaskiem w celu wzmocnienia brzeg\u00f3w rzeki Wroc\u0142aw, podczas gdy miasto przygotowuje si\u0119 na najwi\u0119ksz\u0105 fal\u0119 powodziow\u0105.<\/p>\n<p>Zesp\u00f3\u0142 mia\u0142 zagra\u0107 ze Stal\u0105 Mielec w 8. kolejce Ekstraklasy w poniedzia\u0142ek. Jednak mecz zosta\u0142 odwo\u0142any z powodu zagro\u017cenia powodzi\u0105. Zamiast wyj\u015b\u0107 na boisko, zawodnicy, w tym takie znane nazwiska jak Jehor Macenko, Sebastian Musiolik, Mateusz \u017bukowski i \u0141ukasz Bejger, wraz z Bu\u0142garem Simeonem Petrowem, zakasali r\u0119kawy, aby pom\u00f3c w zabezpieczeniu miasta.<\/p>\n<p>W o\u015bwiadczeniu rzecznik klubu J\u0119drzej Rybak powiedzia\u0142: \u201eAkcja by\u0142a spontaniczna. Otrzymali\u015bmy informacj\u0119, \u017ce potrzebni s\u0105 wolontariusze, a zawodnicy \u015al\u0105ska, trener Magiera i personel klubu postanowili pom\u00f3c. Musimy si\u0119 wspiera\u0107\u201d.<\/p>\n<p>Opr\u00f3cz wysi\u0142k\u00f3w fizycznych, \u015al\u0105sk Wroc\u0142aw rozpocz\u0105\u0142 zbi\u00f3rk\u0119 pieni\u0119dzy, aby pom\u00f3c ofiarom powodzi. Klub sprzedaje wirtualne bilety, odpowiadaj\u0105ce pojemno\u015bci Tarczy\u0144skiego Areny \u2014 43 000 miejsc \u2014 po 10 z\u0142otych ka\u017cdy, aby zebra\u0107 pieni\u0105dze dla poszkodowanych.<\/p>\n<\/div>\n<\/div>\n","protected":false},"excerpt":{"rendered":"<p>\u015al\u0105sk Wroc\u0142aw, dru\u017cyna pi\u0142karska ze stolicy Dolnego \u015al\u0105ska, przy\u0142\u0105czy\u0142a si\u0119 do walki z trwaj\u0105cym kryzysem powodziowym. Zawodnicy i trener Jacek<\/p>\n","protected":false},"author":1,"featured_media":760,"comment_status":"closed","ping_status":"","sticky":false,"template":"","format":"standard","meta":{"footnotes":""},"categories":[118],"tags":[673,1281,1287,1286,527,1282,1283,880,1285,1280,1284],"class_list":["post-759","post","type-post","status-publish","format-standard","has-post-thumbnail","hentry","category-lekkoatletyka","tag-akcji","tag-dolacza","tag-frontu","tag-linii","tag-pierwszej","tag-pomocy","tag-powodziowej","tag-slask","tag-trener","tag-wroclaw","tag-zawodnicy","generate-columns","tablet-grid-50","mobile-grid-100","grid-parent","grid-50","resize-featured-image"],"yoast_head":"<!-- This site is optimized with the Yoast SEO plugin v23.2 - https:\/\/yoast.com\/wordpress\/plugins\/seo\/ -->\n<title>\u015al\u0105sk Wroc\u0142aw do\u0142\u0105cza do akcji pomocy powodziowej: zawodnicy i trener na pierwszej linii frontu - POGOTOWIE FLAGOWE\u00ae<\/title>\n<meta name=\"robots\" content=\"index, follow, max-snippet:-1, max-image-preview:large, max-video-preview:-1\" \/>\n<link rel=\"canonical\" href=\"https:\/\/www.pogotowieflagowe.pl\/aktualne\/slask-wroclaw-dolacza-do-akcji-pomocy-powodziowej-zawodnicy-i-trener-na-pierwszej-linii-frontu\/\" \/>\n<meta property=\"og:locale\" content=\"pl_PL\" \/>\n<meta property=\"og:type\" content=\"article\" \/>\n<meta property=\"og:title\" content=\"\u015al\u0105sk Wroc\u0142aw do\u0142\u0105cza do akcji pomocy powodziowej: zawodnicy i trener na pierwszej linii frontu - POGOTOWIE FLAGOWE\u00ae\" \/>\n<meta property=\"og:description\" content=\"\u015al\u0105sk Wroc\u0142aw, dru\u017cyna pi\u0142karska ze stolicy Dolnego \u015al\u0105ska, przy\u0142\u0105czy\u0142a si\u0119 do walki z trwaj\u0105cym kryzysem powodziowym. Zawodnicy i trener Jacek\" \/>\n<meta property=\"og:url\" content=\"https:\/\/www.pogotowieflagowe.pl\/aktualne\/slask-wroclaw-dolacza-do-akcji-pomocy-powodziowej-zawodnicy-i-trener-na-pierwszej-linii-frontu\/\" \/>\n<meta property=\"og:site_name\" content=\"POGOTOWIE FLAGOWE\u00ae\" \/>\n<meta property=\"article:published_time\" content=\"2024-09-17T21:52:40+00:00\" \/>\n<meta property=\"article:modified_time\" content=\"2024-09-17T21:52:43+00:00\" \/>\n<meta property=\"og:image\" content=\"https:\/\/www.pogotowieflagowe.pl\/aktualne\/wp-content\/uploads\/2024\/09\/Slask-Wroclaw-dolacza-do-akcji-pomocy-powodziowej-zawodnicy-i-trener.jpeg\" \/>\n\t<meta property=\"og:image:width\" content=\"2048\" \/>\n\t<meta property=\"og:image:height\" content=\"1152\" \/>\n\t<meta property=\"og:image:type\" content=\"image\/jpeg\" \/>\n<meta name=\"author\" content=\"Filip\" \/>\n<meta name=\"twitter:card\" content=\"summary_large_image\" \/>\n<meta name=\"twitter:label1\" content=\"Napisane przez\" \/>\n\t<meta name=\"twitter:data1\" content=\"Filip\" \/>\n\t<meta name=\"twitter:label2\" content=\"Szacowany czas czytania\" \/>\n\t<meta name=\"twitter:data2\" content=\"1 minuta\" \/>\n<script type=\"application\/ld+json\" class=\"yoast-schema-graph\">{\"@context\":\"https:\/\/schema.org\",\"@graph\":[{\"@type\":\"Article\",\"@id\":\"https:\/\/www.pogotowieflagowe.pl\/aktualne\/slask-wroclaw-dolacza-do-akcji-pomocy-powodziowej-zawodnicy-i-trener-na-pierwszej-linii-frontu\/#article\",\"isPartOf\":{\"@id\":\"https:\/\/www.pogotowieflagowe.pl\/aktualne\/slask-wroclaw-dolacza-do-akcji-pomocy-powodziowej-zawodnicy-i-trener-na-pierwszej-linii-frontu\/\"},\"author\":{\"name\":\"Filip\",\"@id\":\"https:\/\/www.pogotowieflagowe.pl\/aktualne\/#\/schema\/person\/9c2fb7d2362ebf6fa088960d7f0d27b0\"},\"headline\":\"\u015al\u0105sk Wroc\u0142aw do\u0142\u0105cza do akcji pomocy powodziowej: zawodnicy i trener na pierwszej linii frontu\",\"datePublished\":\"2024-09-17T21:52:40+00:00\",\"dateModified\":\"2024-09-17T21:52:43+00:00\",\"mainEntityOfPage\":{\"@id\":\"https:\/\/www.pogotowieflagowe.pl\/aktualne\/slask-wroclaw-dolacza-do-akcji-pomocy-powodziowej-zawodnicy-i-trener-na-pierwszej-linii-frontu\/\"},\"wordCount\":209,\"publisher\":{\"@id\":\"https:\/\/www.pogotowieflagowe.pl\/aktualne\/#organization\"},\"image\":{\"@id\":\"https:\/\/www.pogotowieflagowe.pl\/aktualne\/slask-wroclaw-dolacza-do-akcji-pomocy-powodziowej-zawodnicy-i-trener-na-pierwszej-linii-frontu\/#primaryimage\"},\"thumbnailUrl\":\"https:\/\/www.pogotowieflagowe.pl\/aktualne\/wp-content\/uploads\/2024\/09\/Slask-Wroclaw-dolacza-do-akcji-pomocy-powodziowej-zawodnicy-i-trener.jpeg\",\"keywords\":[\"akcji\",\"do\u0142\u0105cza\",\"frontu\",\"linii\",\"pierwszej\",\"pomocy\",\"powodziowej\",\"\u015al\u0105sk\",\"trener\",\"Wroc\u0142aw\",\"zawodnicy\"],\"articleSection\":[\"Lekkoatletyka\"],\"inLanguage\":\"pl-PL\"},{\"@type\":\"WebPage\",\"@id\":\"https:\/\/www.pogotowieflagowe.pl\/aktualne\/slask-wroclaw-dolacza-do-akcji-pomocy-powodziowej-zawodnicy-i-trener-na-pierwszej-linii-frontu\/\",\"url\":\"https:\/\/www.pogotowieflagowe.pl\/aktualne\/slask-wroclaw-dolacza-do-akcji-pomocy-powodziowej-zawodnicy-i-trener-na-pierwszej-linii-frontu\/\",\"name\":\"\u015al\u0105sk Wroc\u0142aw do\u0142\u0105cza do akcji pomocy powodziowej: zawodnicy i trener na pierwszej linii frontu - POGOTOWIE FLAGOWE\u00ae\",\"isPartOf\":{\"@id\":\"https:\/\/www.pogotowieflagowe.pl\/aktualne\/#website\"},\"primaryImageOfPage\":{\"@id\":\"https:\/\/www.pogotowieflagowe.pl\/aktualne\/slask-wroclaw-dolacza-do-akcji-pomocy-powodziowej-zawodnicy-i-trener-na-pierwszej-linii-frontu\/#primaryimage\"},\"image\":{\"@id\":\"https:\/\/www.pogotowieflagowe.pl\/aktualne\/slask-wroclaw-dolacza-do-akcji-pomocy-powodziowej-zawodnicy-i-trener-na-pierwszej-linii-frontu\/#primaryimage\"},\"thumbnailUrl\":\"https:\/\/www.pogotowieflagowe.pl\/aktualne\/wp-content\/uploads\/2024\/09\/Slask-Wroclaw-dolacza-do-akcji-pomocy-powodziowej-zawodnicy-i-trener.jpeg\",\"datePublished\":\"2024-09-17T21:52:40+00:00\",\"dateModified\":\"2024-09-17T21:52:43+00:00\",\"breadcrumb\":{\"@id\":\"https:\/\/www.pogotowieflagowe.pl\/aktualne\/slask-wroclaw-dolacza-do-akcji-pomocy-powodziowej-zawodnicy-i-trener-na-pierwszej-linii-frontu\/#breadcrumb\"},\"inLanguage\":\"pl-PL\",\"potentialAction\":[{\"@type\":\"ReadAction\",\"target\":[\"https:\/\/www.pogotowieflagowe.pl\/aktualne\/slask-wroclaw-dolacza-do-akcji-pomocy-powodziowej-zawodnicy-i-trener-na-pierwszej-linii-frontu\/\"]}]},{\"@type\":\"ImageObject\",\"inLanguage\":\"pl-PL\",\"@id\":\"https:\/\/www.pogotowieflagowe.pl\/aktualne\/slask-wroclaw-dolacza-do-akcji-pomocy-powodziowej-zawodnicy-i-trener-na-pierwszej-linii-frontu\/#primaryimage\",\"url\":\"https:\/\/www.pogotowieflagowe.pl\/aktualne\/wp-content\/uploads\/2024\/09\/Slask-Wroclaw-dolacza-do-akcji-pomocy-powodziowej-zawodnicy-i-trener.jpeg\",\"contentUrl\":\"https:\/\/www.pogotowieflagowe.pl\/aktualne\/wp-content\/uploads\/2024\/09\/Slask-Wroclaw-dolacza-do-akcji-pomocy-powodziowej-zawodnicy-i-trener.jpeg\",\"width\":2048,\"height\":1152,\"caption\":\"\u015al\u0105sk Wroc\u0142aw do\u0142\u0105cza do akcji pomocy powodziowej: zawodnicy i trener na pierwszej linii frontu\"},{\"@type\":\"BreadcrumbList\",\"@id\":\"https:\/\/www.pogotowieflagowe.pl\/aktualne\/slask-wroclaw-dolacza-do-akcji-pomocy-powodziowej-zawodnicy-i-trener-na-pierwszej-linii-frontu\/#breadcrumb\",\"itemListElement\":[{\"@type\":\"ListItem\",\"position\":1,\"name\":\"Home\",\"item\":\"https:\/\/www.pogotowieflagowe.pl\/aktualne\/\"},{\"@type\":\"ListItem\",\"position\":2,\"name\":\"\u015al\u0105sk Wroc\u0142aw do\u0142\u0105cza do akcji pomocy powodziowej: zawodnicy i trener na pierwszej linii frontu\"}]},{\"@type\":\"WebSite\",\"@id\":\"https:\/\/www.pogotowieflagowe.pl\/aktualne\/#website\",\"url\":\"https:\/\/www.pogotowieflagowe.pl\/aktualne\/\",\"name\":\"POGOTOWIE FLAGOWE\u00ae\",\"description\":\"\",\"publisher\":{\"@id\":\"https:\/\/www.pogotowieflagowe.pl\/aktualne\/#organization\"},\"potentialAction\":[{\"@type\":\"SearchAction\",\"target\":{\"@type\":\"EntryPoint\",\"urlTemplate\":\"https:\/\/www.pogotowieflagowe.pl\/aktualne\/?s={search_term_string}\"},\"query-input\":\"required name=search_term_string\"}],\"inLanguage\":\"pl-PL\"},{\"@type\":\"Organization\",\"@id\":\"https:\/\/www.pogotowieflagowe.pl\/aktualne\/#organization\",\"name\":\"POGOTOWIE FLAGOWE\u00ae\",\"url\":\"https:\/\/www.pogotowieflagowe.pl\/aktualne\/\",\"logo\":{\"@type\":\"ImageObject\",\"inLanguage\":\"pl-PL\",\"@id\":\"https:\/\/www.pogotowieflagowe.pl\/aktualne\/#\/schema\/logo\/image\/\",\"url\":\"https:\/\/www.pogotowieflagowe.pl\/aktualne\/wp-content\/uploads\/2024\/08\/cropped-pogotowieflagowe_flaga_projekt_sm.jpg\",\"contentUrl\":\"https:\/\/www.pogotowieflagowe.pl\/aktualne\/wp-content\/uploads\/2024\/08\/cropped-pogotowieflagowe_flaga_projekt_sm.jpg\",\"width\":250,\"height\":143,\"caption\":\"POGOTOWIE FLAGOWE\u00ae\"},\"image\":{\"@id\":\"https:\/\/www.pogotowieflagowe.pl\/aktualne\/#\/schema\/logo\/image\/\"}},{\"@type\":\"Person\",\"@id\":\"https:\/\/www.pogotowieflagowe.pl\/aktualne\/#\/schema\/person\/9c2fb7d2362ebf6fa088960d7f0d27b0\",\"name\":\"Filip\",\"image\":{\"@type\":\"ImageObject\",\"inLanguage\":\"pl-PL\",\"@id\":\"https:\/\/www.pogotowieflagowe.pl\/aktualne\/#\/schema\/person\/image\/\",\"url\":\"https:\/\/www.pogotowieflagowe.pl\/aktualne\/wp-content\/uploads\/2024\/08\/pogotowieflagowe.pl_.jpg\",\"contentUrl\":\"https:\/\/www.pogotowieflagowe.pl\/aktualne\/wp-content\/uploads\/2024\/08\/pogotowieflagowe.pl_.jpg\",\"caption\":\"Filip\"},\"description\":\"Jestem Filip, polski dziennikarz z dyplomem nauk politycznych Uniwersytetu Warszawskiego. Rozpoczynaj\u0105c swoj\u0105 karier\u0119 w r\u00f3\u017cnych lokalnych mediach, zdoby\u0142em solidne do\u015bwiadczenie w zakresie \u015bledztwa i redakcji. Obecnie jako redaktor w Pogotowie flagowe, staram si\u0119 dostarcza\u0107 dog\u0142\u0119bne i istotne analizy na temat najwa\u017cniejszych kwestii aktualno\u015bci, \u0142\u0105cz\u0105c rygor z pasj\u0105 dziennikarsk\u0105.\",\"sameAs\":[\"https:\/\/www.pogotowieflagowe.pl\/\"]}]}<\/script>\n<!-- \/ Yoast SEO plugin. -->","yoast_head_json":{"title":"\u015al\u0105sk Wroc\u0142aw do\u0142\u0105cza do akcji pomocy powodziowej: zawodnicy i trener na pierwszej linii frontu - POGOTOWIE FLAGOWE\u00ae","robots":{"index":"index","follow":"follow","max-snippet":"max-snippet:-1","max-image-preview":"max-image-preview:large","max-video-preview":"max-video-preview:-1"},"canonical":"https:\/\/www.pogotowieflagowe.pl\/aktualne\/slask-wroclaw-dolacza-do-akcji-pomocy-powodziowej-zawodnicy-i-trener-na-pierwszej-linii-frontu\/","og_locale":"pl_PL","og_type":"article","og_title":"\u015al\u0105sk Wroc\u0142aw do\u0142\u0105cza do akcji pomocy powodziowej: zawodnicy i trener na pierwszej linii frontu - POGOTOWIE FLAGOWE\u00ae","og_description":"\u015al\u0105sk Wroc\u0142aw, dru\u017cyna pi\u0142karska ze stolicy Dolnego \u015al\u0105ska, przy\u0142\u0105czy\u0142a si\u0119 do walki z trwaj\u0105cym kryzysem powodziowym. Zawodnicy i trener Jacek","og_url":"https:\/\/www.pogotowieflagowe.pl\/aktualne\/slask-wroclaw-dolacza-do-akcji-pomocy-powodziowej-zawodnicy-i-trener-na-pierwszej-linii-frontu\/","og_site_name":"POGOTOWIE FLAGOWE\u00ae","article_published_time":"2024-09-17T21:52:40+00:00","article_modified_time":"2024-09-17T21:52:43+00:00","og_image":[{"width":2048,"height":1152,"url":"https:\/\/www.pogotowieflagowe.pl\/aktualne\/wp-content\/uploads\/2024\/09\/Slask-Wroclaw-dolacza-do-akcji-pomocy-powodziowej-zawodnicy-i-trener.jpeg","type":"image\/jpeg"}],"author":"Filip","twitter_card":"summary_large_image","twitter_misc":{"Napisane przez":"Filip","Szacowany czas czytania":"1 minuta"},"schema":{"@context":"https:\/\/schema.org","@graph":[{"@type":"Article","@id":"https:\/\/www.pogotowieflagowe.pl\/aktualne\/slask-wroclaw-dolacza-do-akcji-pomocy-powodziowej-zawodnicy-i-trener-na-pierwszej-linii-frontu\/#article","isPartOf":{"@id":"https:\/\/www.pogotowieflagowe.pl\/aktualne\/slask-wroclaw-dolacza-do-akcji-pomocy-powodziowej-zawodnicy-i-trener-na-pierwszej-linii-frontu\/"},"author":{"name":"Filip","@id":"https:\/\/www.pogotowieflagowe.pl\/aktualne\/#\/schema\/person\/9c2fb7d2362ebf6fa088960d7f0d27b0"},"headline":"\u015al\u0105sk Wroc\u0142aw do\u0142\u0105cza do akcji pomocy powodziowej: zawodnicy i trener na pierwszej linii frontu","datePublished":"2024-09-17T21:52:40+00:00","dateModified":"2024-09-17T21:52:43+00:00","mainEntityOfPage":{"@id":"https:\/\/www.pogotowieflagowe.pl\/aktualne\/slask-wroclaw-dolacza-do-akcji-pomocy-powodziowej-zawodnicy-i-trener-na-pierwszej-linii-frontu\/"},"wordCount":209,"publisher":{"@id":"https:\/\/www.pogotowieflagowe.pl\/aktualne\/#organization"},"image":{"@id":"https:\/\/www.pogotowieflagowe.pl\/aktualne\/slask-wroclaw-dolacza-do-akcji-pomocy-powodziowej-zawodnicy-i-trener-na-pierwszej-linii-frontu\/#primaryimage"},"thumbnailUrl":"https:\/\/www.pogotowieflagowe.pl\/aktualne\/wp-content\/uploads\/2024\/09\/Slask-Wroclaw-dolacza-do-akcji-pomocy-powodziowej-zawodnicy-i-trener.jpeg","keywords":["akcji","do\u0142\u0105cza","frontu","linii","pierwszej","pomocy","powodziowej","\u015al\u0105sk","trener","Wroc\u0142aw","zawodnicy"],"articleSection":["Lekkoatletyka"],"inLanguage":"pl-PL"},{"@type":"WebPage","@id":"https:\/\/www.pogotowieflagowe.pl\/aktualne\/slask-wroclaw-dolacza-do-akcji-pomocy-powodziowej-zawodnicy-i-trener-na-pierwszej-linii-frontu\/","url":"https:\/\/www.pogotowieflagowe.pl\/aktualne\/slask-wroclaw-dolacza-do-akcji-pomocy-powodziowej-zawodnicy-i-trener-na-pierwszej-linii-frontu\/","name":"\u015al\u0105sk Wroc\u0142aw do\u0142\u0105cza do akcji pomocy powodziowej: zawodnicy i trener na pierwszej linii frontu - POGOTOWIE FLAGOWE\u00ae","isPartOf":{"@id":"https:\/\/www.pogotowieflagowe.pl\/aktualne\/#website"},"primaryImageOfPage":{"@id":"https:\/\/www.pogotowieflagowe.pl\/aktualne\/slask-wroclaw-dolacza-do-akcji-pomocy-powodziowej-zawodnicy-i-trener-na-pierwszej-linii-frontu\/#primaryimage"},"image":{"@id":"https:\/\/www.pogotowieflagowe.pl\/aktualne\/slask-wroclaw-dolacza-do-akcji-pomocy-powodziowej-zawodnicy-i-trener-na-pierwszej-linii-frontu\/#primaryimage"},"thumbnailUrl":"https:\/\/www.pogotowieflagowe.pl\/aktualne\/wp-content\/uploads\/2024\/09\/Slask-Wroclaw-dolacza-do-akcji-pomocy-powodziowej-zawodnicy-i-trener.jpeg","datePublished":"2024-09-17T21:52:40+00:00","dateModified":"2024-09-17T21:52:43+00:00","breadcrumb":{"@id":"https:\/\/www.pogotowieflagowe.pl\/aktualne\/slask-wroclaw-dolacza-do-akcji-pomocy-powodziowej-zawodnicy-i-trener-na-pierwszej-linii-frontu\/#breadcrumb"},"inLanguage":"pl-PL","potentialAction":[{"@type":"ReadAction","target":["https:\/\/www.pogotowieflagowe.pl\/aktualne\/slask-wroclaw-dolacza-do-akcji-pomocy-powodziowej-zawodnicy-i-trener-na-pierwszej-linii-frontu\/"]}]},{"@type":"ImageObject","inLanguage":"pl-PL","@id":"https:\/\/www.pogotowieflagowe.pl\/aktualne\/slask-wroclaw-dolacza-do-akcji-pomocy-powodziowej-zawodnicy-i-trener-na-pierwszej-linii-frontu\/#primaryimage","url":"https:\/\/www.pogotowieflagowe.pl\/aktualne\/wp-content\/uploads\/2024\/09\/Slask-Wroclaw-dolacza-do-akcji-pomocy-powodziowej-zawodnicy-i-trener.jpeg","contentUrl":"https:\/\/www.pogotowieflagowe.pl\/aktualne\/wp-content\/uploads\/2024\/09\/Slask-Wroclaw-dolacza-do-akcji-pomocy-powodziowej-zawodnicy-i-trener.jpeg","width":2048,"height":1152,"caption":"\u015al\u0105sk Wroc\u0142aw do\u0142\u0105cza do akcji pomocy powodziowej: zawodnicy i trener na pierwszej linii frontu"},{"@type":"BreadcrumbList","@id":"https:\/\/www.pogotowieflagowe.pl\/aktualne\/slask-wroclaw-dolacza-do-akcji-pomocy-powodziowej-zawodnicy-i-trener-na-pierwszej-linii-frontu\/#breadcrumb","itemListElement":[{"@type":"ListItem","position":1,"name":"Home","item":"https:\/\/www.pogotowieflagowe.pl\/aktualne\/"},{"@type":"ListItem","position":2,"name":"\u015al\u0105sk Wroc\u0142aw do\u0142\u0105cza do akcji pomocy powodziowej: zawodnicy i trener na pierwszej linii frontu"}]},{"@type":"WebSite","@id":"https:\/\/www.pogotowieflagowe.pl\/aktualne\/#website","url":"https:\/\/www.pogotowieflagowe.pl\/aktualne\/","name":"POGOTOWIE FLAGOWE\u00ae","description":"","publisher":{"@id":"https:\/\/www.pogotowieflagowe.pl\/aktualne\/#organization"},"potentialAction":[{"@type":"SearchAction","target":{"@type":"EntryPoint","urlTemplate":"https:\/\/www.pogotowieflagowe.pl\/aktualne\/?s={search_term_string}"},"query-input":"required name=search_term_string"}],"inLanguage":"pl-PL"},{"@type":"Organization","@id":"https:\/\/www.pogotowieflagowe.pl\/aktualne\/#organization","name":"POGOTOWIE FLAGOWE\u00ae","url":"https:\/\/www.pogotowieflagowe.pl\/aktualne\/","logo":{"@type":"ImageObject","inLanguage":"pl-PL","@id":"https:\/\/www.pogotowieflagowe.pl\/aktualne\/#\/schema\/logo\/image\/","url":"https:\/\/www.pogotowieflagowe.pl\/aktualne\/wp-content\/uploads\/2024\/08\/cropped-pogotowieflagowe_flaga_projekt_sm.jpg","contentUrl":"https:\/\/www.pogotowieflagowe.pl\/aktualne\/wp-content\/uploads\/2024\/08\/cropped-pogotowieflagowe_flaga_projekt_sm.jpg","width":250,"height":143,"caption":"POGOTOWIE FLAGOWE\u00ae"},"image":{"@id":"https:\/\/www.pogotowieflagowe.pl\/aktualne\/#\/schema\/logo\/image\/"}},{"@type":"Person","@id":"https:\/\/www.pogotowieflagowe.pl\/aktualne\/#\/schema\/person\/9c2fb7d2362ebf6fa088960d7f0d27b0","name":"Filip","image":{"@type":"ImageObject","inLanguage":"pl-PL","@id":"https:\/\/www.pogotowieflagowe.pl\/aktualne\/#\/schema\/person\/image\/","url":"https:\/\/www.pogotowieflagowe.pl\/aktualne\/wp-content\/uploads\/2024\/08\/pogotowieflagowe.pl_.jpg","contentUrl":"https:\/\/www.pogotowieflagowe.pl\/aktualne\/wp-content\/uploads\/2024\/08\/pogotowieflagowe.pl_.jpg","caption":"Filip"},"description":"Jestem Filip, polski dziennikarz z dyplomem nauk politycznych Uniwersytetu Warszawskiego. Rozpoczynaj\u0105c swoj\u0105 karier\u0119 w r\u00f3\u017cnych lokalnych mediach, zdoby\u0142em solidne do\u015bwiadczenie w zakresie \u015bledztwa i redakcji. Obecnie jako redaktor w Pogotowie flagowe, staram si\u0119 dostarcza\u0107 dog\u0142\u0119bne i istotne analizy na temat najwa\u017cniejszych kwestii aktualno\u015bci, \u0142\u0105cz\u0105c rygor z pasj\u0105 dziennikarsk\u0105.","sameAs":["https:\/\/www.pogotowieflagowe.pl\/"]}]}},"_links":{"self":[{"href":"https:\/\/www.pogotowieflagowe.pl\/aktualne\/wp-json\/wp\/v2\/posts\/759","targetHints":{"allow":["GET"]}}],"collection":[{"href":"https:\/\/www.pogotowieflagowe.pl\/aktualne\/wp-json\/wp\/v2\/posts"}],"about":[{"href":"https:\/\/www.pogotowieflagowe.pl\/aktualne\/wp-json\/wp\/v2\/types\/post"}],"author":[{"embeddable":true,"href":"https:\/\/www.pogotowieflagowe.pl\/aktualne\/wp-json\/wp\/v2\/users\/1"}],"replies":[{"embeddable":true,"href":"https:\/\/www.pogotowieflagowe.pl\/aktualne\/wp-json\/wp\/v2\/comments?post=759"}],"version-history":[{"count":1,"href":"https:\/\/www.pogotowieflagowe.pl\/aktualne\/wp-json\/wp\/v2\/posts\/759\/revisions"}],"predecessor-version":[{"id":761,"href":"https:\/\/www.pogotowieflagowe.pl\/aktualne\/wp-json\/wp\/v2\/posts\/759\/revisions\/761"}],"wp:featuredmedia":[{"embeddable":true,"href":"https:\/\/www.pogotowieflagowe.pl\/aktualne\/wp-json\/wp\/v2\/media\/760"}],"wp:attachment":[{"href":"https:\/\/www.pogotowieflagowe.pl\/aktualne\/wp-json\/wp\/v2\/media?parent=759"}],"wp:term":[{"taxonomy":"category","embeddable":true,"href":"https:\/\/www.pogotowieflagowe.pl\/aktualne\/wp-json\/wp\/v2\/categories?post=759"},{"taxonomy":"post_tag","embeddable":true,"href":"https:\/\/www.pogotowieflagowe.pl\/aktualne\/wp-json\/wp\/v2\/tags?post=759"}],"curies":[{"name":"wp","href":"https:\/\/api.w.org\/{rel}","templated":true}]}}