{"id":771,"date":"2024-09-18T18:40:54","date_gmt":"2024-09-18T16:40:54","guid":{"rendered":"https:\/\/www.pogotowieflagowe.pl\/aktualne\/sukces-ruchu-takdlacpk-193-tys-podpisow-zlozonych-w-sejmie\/"},"modified":"2024-09-18T18:40:55","modified_gmt":"2024-09-18T16:40:55","slug":"sukces-ruchu-takdlacpk-193-tys-podpisow-zlozonych-w-sejmie","status":"publish","type":"post","link":"https:\/\/www.pogotowieflagowe.pl\/aktualne\/sukces-ruchu-takdlacpk-193-tys-podpisow-zlozonych-w-sejmie\/","title":{"rendered":"Sukces Ruchu #TakDlaCPK \u2013 193 tys. podpis\u00f3w z\u0142o\u017conych w Sejmie"},"content":{"rendered":"\n<div class=\"td_block_wrap tdb_single_content tdi_48 td-pb-border-top td_block_template_8 td-post-content tagdiv-type\" data-td-block-uid=\"tdi_48\">\n<style>.tdi_48{margines g\u00f3rny:0px!wa\u017cne;margines dolny:0px!wa\u017cne;wype\u0142nienie g\u00f3rne:0px!wa\u017cne;wype\u0142nienie dolne:0px!wa\u017cne}<\/style>\n<style>.tdb_single_content{margines-dolny:0;*powi\u0119kszenie:1}.tdb_single_content:before,.tdb_single_content:after{wy\u015bwietlanie:tabela;zawarto\u015b\u0107:'';wysoko\u015b\u0107-linii:0}.tdb_single_content:after{wyczy\u015b\u0107:oba}.tdb_single_content .tdb-block-inner>*:not(.wp-block-quote):not(.alignwide):not(.alignfull.wp-block-cover.has-parallax):not(.td-a-ad){margines-lewy:auto;margines-prawy:auto}.tdb_single_content a{zdarzenia-wska\u017anika:auto}.tdb_single_content .td-spot-id-top_ad .tdc-placeholder-title:before{zawarto\u015b\u0107:'Pocz\u0105tek artyku\u0142u Reklama'!important}.tdb_single_content .td-spot-id-inline_ad0 .tdc-placeholder-title:before{content:'Reklama inline artyku\u0142u 1'!important}.tdb_single_content .td-spot-id-inline_ad1 .tdc-placeholder-title:before{content:'Reklama inline artyku\u0142u 2'!important}.tdb_single_content .td-spot-id-inline_ad2 .tdc-placeholder-title:before{content:'Reklama inline artyku\u0142u 3'!important}.tdb_single_content .td-spot-id-bottom_ad .tdc-placeholder-title:before{content:'Reklama dolna artyku\u0142u'!important}.tdb_single_content .id_top_ad,.tdb_single_content .id_bottom_ad{clear:both;margines-dolny:21px;wyr\u00f3wnanie-tekstu:\u015brodek}.tdb_single_content .id_top_ad img,.tdb_single_content .id_bottom_ad img{margines-dolny:0}.tdb_single_content .id_top_ad .adsbygoogle,.tdb_single_content .id_bottom_ad .adsbygoogle{pozycja:wzgl\u0119dna}.tdb_single_content .id_ad_content-poziom-lewy,.tdb_single_content .id_ad_content-poziom-prawy,.tdb_single_content .id_ad_content-horiz-center{margines dolny:15px}.tdb_single_content .id_ad_content-horiz-lewy img,.tdb_single_content .id_ad_content-horiz-prawy img,.tdb_single_content .id_ad_content-horiz-center img{margines dolny:0}.tdb_single_content .id_ad_content-horiz-center{wyr\u00f3wnanie tekstu:\u015brodek}.tdb_single_content .id_ad_content-horiz-center img{margines prawy:auto;margines lewy:auto}.tdb_single_content .id_ad_content-horiz-left{float:lewy;margines g\u00f3rny:9px;margines prawy:21px}.tdb_single_content .id_ad_content-horiz-right{float:right;margines-g\u00f3rny:6px;margines-lewy:21px}.tdb_single_content .tdc-a-ad .tdc-placeholder-title{szeroko\u015b\u0107:300px;wysoko\u015b\u0107:250px}.tdb_single_content .tdc-a-ad .tdc-placeholder-title:before{pozycja:absolutna;g\u00f3ra:50%;-webkit-transform:translateY(-50%);przekszta\u0142cenie:translateY(-50%);margines:auto;wy\u015bwietlanie:tabela;szeroko\u015b\u0107:100%}.tdb_single_content .tdb-block-inner.td-fix-index{word-break:break-word}.tdi_48,.tdi_48>p,.tdi_48 .tdb-block-inner>p{rozmiar-czcionki:16px!wa\u017cne;wysoko\u015b\u0107-linii:1.6!wa\u017cne}.tdi_48 .tdb-block-inner cytat p{styl-czcionki:normalny!wa\u017cne}@media (maks. szeroko\u015b\u0107:767px){.tdb_single_content .id_ad_content-poziom-lewo,.tdb_single_content .id_ad_content-poziom-prawo,.tdb_single_content .id_ad_content-poziom-\u015brodek{margines:0 auto 26px auto}}@media (maks. szeroko\u015b\u0107:767px){.tdb_single_content .id_ad_content-poziom-lewo{margines-prawy:0}}@media (maks. szeroko\u015b\u0107:767px){.tdb_single_content .id_ad_content-horiz-right{margines-lewy:0}}@media (maksymalna szeroko\u015b\u0107:767px){.tdb_single_content .td-a-ad{float:none;wyr\u00f3wnanie tekstu:\u015brodek}.tdb_single_content .td-a-ad img{margines-prawy:auto;margines-lewy:auto}.tdb_single_content .tdc-a-ad{float:none}}<\/style>\n<div class=\"tdb-block-inner td-fix-index\">\n<h2 class=\"wp-block-heading\">Obywatelski projekt ustawy, podpisany przez 193 tys. os\u00f3b, wzywa polski parlament do doko\u0144czenia budowy Centralnego Portu Komunikacyjnego do 2030 roku.<\/h2>\n<figure class=\"wp-block-embed is-type-rich is-provider-twitter wp-block-embed-twitter\">\n<div class=\"wp-block-embed__wrapper\">\n<blockquote class=\"twitter-tweet\" data-width=\"550\" data-dnt=\"true\">\n<p lang=\"pl\" dir=\"ltr\">Drodzy dost\u0119p jako Pe\u0142nomocnik Komitetu Inicjatywy Ustawodawczej <a rel=\"nofollow\" href=\"https:\/\/twitter.com\/hashtag\/TakDlaCPK?src=hash&amp;ref_src=twsrc%5Etfw\">#TakDlaCPK<\/a>\u017ce projekt <a rel=\"nofollow\" href=\"https:\/\/twitter.com\/hashtag\/ustawaTakDlaCPK?src=hash&amp;ref_src=twsrc%5Etfw\">#ustawaTakDlaCPK<\/a> trafi\u0142 dzi\u015b do Pana Marsza\u0142ka Sejmu <a rel=\"nofollow\" href=\"https:\/\/twitter.com\/szymon_holownia?ref_src=twsrc%5Etfw\">@szymon_holownia<\/a> razem z 193 132 dostarczai podpisami.  <\/p>\n<p>Czekam na pierwsze czytanie w ci\u0105gu 3 miesi\u0119cy.<a rel=\"nofollow\" href=\"https:\/\/twitter.com\/TakDla_CPK?ref_src=twsrc%5Etfw\">@TakDla_CPK<\/a> <a rel=\"nofollow\" href=\"https:\/\/t.co\/2opNv19ZT5\">fot.twitter.com\/2opNv19ZT5<\/a><\/p>\n<p>\u2014 Micha\u0142 Czarnik (@MichalCzarnik) <a rel=\"nofollow\" href=\"https:\/\/twitter.com\/MichalCzarnik\/status\/1836378536539468193?ref_src=twsrc%5Etfw\">18 wrze\u015bnia 2024 r.<\/a><\/p><\/blockquote>\n<\/div>\n<\/figure>\n<p>Projekt obywatelski dotycz\u0105cy Centralnego Portu Komunikacyjnego (CPK) zosta\u0142 z\u0142o\u017cony w polskim parlamencie z 193 000 podpisami. Stowarzyszenie #TakDlaCPK (#YesToCPK) stan\u0119\u0142o na czele tych stara\u0144, opowiadaj\u0105c si\u0119 za uko\u0144czeniem lotniska do 2030 r.<\/p>\n<h3 class=\"wp-block-heading\">Kluczowe postanowienia projektu ustawy<\/h3>\n<p>Ustawa nakazuje rz\u0105dowi zobowi\u0105zanie si\u0119 do realizacji programu CPK bez op\u00f3\u017anie\u0144. Zakazuje przed\u0142u\u017cania realizacji projektu poza rok 2030 i ogranicza redukcj\u0119 finansowania publicznego. Ustawa wzywa r\u00f3wnie\u017c do przeniesienia ca\u0142ego cywilnego ruchu lotniczego z lotniska Chopina do CPK do roku 2031.<\/p>\n<h3 class=\"wp-block-heading\">Nadz\u00f3r i przysz\u0142y wp\u0142yw<\/h3>\n<p>Projekt ustawy obejmuje \u015brodki kompleksowego nadzoru nad CPK, w tym mianowanie przedstawicieli kluczowych urz\u0119d\u00f3w rz\u0105dowych do Rady Nadzorczej sp\u00f3\u0142ki. CPK ma na celu wzmocnienie infrastruktury Polski o centralne lotnisko i sie\u0107 kolei du\u017cych pr\u0119dko\u015bci, przy szacowanym koszcie 131,7 mld z\u0142 do 2032 r.<\/p>\n<\/div>\n<\/div>\n<p><script async src=\"https:\/\/platform.twitter.com\/widgets.js\" charset=\"utf-8\"><\/script><\/p>\n","protected":false},"excerpt":{"rendered":"<p>Obywatelski projekt ustawy, podpisany przez 193 tys. os\u00f3b, wzywa polski parlament do doko\u0144czenia budowy Centralnego Portu Komunikacyjnego do 2030 roku.<\/p>\n","protected":false},"author":1,"featured_media":772,"comment_status":"closed","ping_status":"","sticky":false,"template":"","format":"standard","meta":{"footnotes":""},"categories":[45],"tags":[1305,1302,1307,1133,1303,1304,1306],"class_list":["post-771","post","type-post","status-publish","format-standard","has-post-thumbnail","hentry","category-biznes","tag-podpisow","tag-ruchu","tag-sejmie","tag-sukces","tag-takdlacpk","tag-tys","tag-zlozonych","generate-columns","tablet-grid-50","mobile-grid-100","grid-parent","grid-50","resize-featured-image"],"yoast_head":"<!-- This site is optimized with the Yoast SEO plugin v23.2 - https:\/\/yoast.com\/wordpress\/plugins\/seo\/ -->\n<title>Sukces Ruchu #TakDlaCPK \u2013 193 tys. podpis\u00f3w z\u0142o\u017conych w Sejmie - POGOTOWIE FLAGOWE\u00ae<\/title>\n<meta name=\"robots\" content=\"index, follow, max-snippet:-1, max-image-preview:large, max-video-preview:-1\" \/>\n<link rel=\"canonical\" href=\"https:\/\/www.pogotowieflagowe.pl\/aktualne\/sukces-ruchu-takdlacpk-193-tys-podpisow-zlozonych-w-sejmie\/\" \/>\n<meta property=\"og:locale\" content=\"pl_PL\" \/>\n<meta property=\"og:type\" content=\"article\" \/>\n<meta property=\"og:title\" content=\"Sukces Ruchu #TakDlaCPK \u2013 193 tys. podpis\u00f3w z\u0142o\u017conych w Sejmie - POGOTOWIE FLAGOWE\u00ae\" \/>\n<meta property=\"og:description\" content=\"Obywatelski projekt ustawy, podpisany przez 193 tys. os\u00f3b, wzywa polski parlament do doko\u0144czenia budowy Centralnego Portu Komunikacyjnego do 2030 roku.\" \/>\n<meta property=\"og:url\" content=\"https:\/\/www.pogotowieflagowe.pl\/aktualne\/sukces-ruchu-takdlacpk-193-tys-podpisow-zlozonych-w-sejmie\/\" \/>\n<meta property=\"og:site_name\" content=\"POGOTOWIE FLAGOWE\u00ae\" \/>\n<meta property=\"article:published_time\" content=\"2024-09-18T16:40:54+00:00\" \/>\n<meta property=\"article:modified_time\" content=\"2024-09-18T16:40:55+00:00\" \/>\n<meta property=\"og:image\" content=\"https:\/\/www.pogotowieflagowe.pl\/aktualne\/wp-content\/uploads\/2024\/09\/Sukces-Ruchu-TakDlaCPK-\u2013-193-tys-podpisow-zlozonych-w-Sejmie.jpg\" \/>\n\t<meta property=\"og:image:width\" content=\"1536\" \/>\n\t<meta property=\"og:image:height\" content=\"878\" \/>\n\t<meta property=\"og:image:type\" content=\"image\/jpeg\" \/>\n<meta name=\"author\" content=\"Filip\" \/>\n<meta name=\"twitter:card\" content=\"summary_large_image\" \/>\n<meta name=\"twitter:label1\" content=\"Napisane przez\" \/>\n\t<meta name=\"twitter:data1\" content=\"Filip\" \/>\n\t<meta name=\"twitter:label2\" content=\"Szacowany czas czytania\" \/>\n\t<meta name=\"twitter:data2\" content=\"1 minuta\" \/>\n<script type=\"application\/ld+json\" class=\"yoast-schema-graph\">{\"@context\":\"https:\/\/schema.org\",\"@graph\":[{\"@type\":\"Article\",\"@id\":\"https:\/\/www.pogotowieflagowe.pl\/aktualne\/sukces-ruchu-takdlacpk-193-tys-podpisow-zlozonych-w-sejmie\/#article\",\"isPartOf\":{\"@id\":\"https:\/\/www.pogotowieflagowe.pl\/aktualne\/sukces-ruchu-takdlacpk-193-tys-podpisow-zlozonych-w-sejmie\/\"},\"author\":{\"name\":\"Filip\",\"@id\":\"https:\/\/www.pogotowieflagowe.pl\/aktualne\/#\/schema\/person\/9c2fb7d2362ebf6fa088960d7f0d27b0\"},\"headline\":\"Sukces Ruchu #TakDlaCPK \u2013 193 tys. podpis\u00f3w z\u0142o\u017conych w Sejmie\",\"datePublished\":\"2024-09-18T16:40:54+00:00\",\"dateModified\":\"2024-09-18T16:40:55+00:00\",\"mainEntityOfPage\":{\"@id\":\"https:\/\/www.pogotowieflagowe.pl\/aktualne\/sukces-ruchu-takdlacpk-193-tys-podpisow-zlozonych-w-sejmie\/\"},\"wordCount\":218,\"publisher\":{\"@id\":\"https:\/\/www.pogotowieflagowe.pl\/aktualne\/#organization\"},\"image\":{\"@id\":\"https:\/\/www.pogotowieflagowe.pl\/aktualne\/sukces-ruchu-takdlacpk-193-tys-podpisow-zlozonych-w-sejmie\/#primaryimage\"},\"thumbnailUrl\":\"https:\/\/www.pogotowieflagowe.pl\/aktualne\/wp-content\/uploads\/2024\/09\/Sukces-Ruchu-TakDlaCPK-\u2013-193-tys-podpisow-zlozonych-w-Sejmie.jpg\",\"keywords\":[\"podpis\u00f3w\",\"Ruchu\",\"Sejmie\",\"sukces\",\"TakDlaCPK\",\"tys\",\"z\u0142o\u017conych\"],\"articleSection\":[\"Biznes\"],\"inLanguage\":\"pl-PL\"},{\"@type\":\"WebPage\",\"@id\":\"https:\/\/www.pogotowieflagowe.pl\/aktualne\/sukces-ruchu-takdlacpk-193-tys-podpisow-zlozonych-w-sejmie\/\",\"url\":\"https:\/\/www.pogotowieflagowe.pl\/aktualne\/sukces-ruchu-takdlacpk-193-tys-podpisow-zlozonych-w-sejmie\/\",\"name\":\"Sukces Ruchu #TakDlaCPK \u2013 193 tys. podpis\u00f3w z\u0142o\u017conych w Sejmie - POGOTOWIE FLAGOWE\u00ae\",\"isPartOf\":{\"@id\":\"https:\/\/www.pogotowieflagowe.pl\/aktualne\/#website\"},\"primaryImageOfPage\":{\"@id\":\"https:\/\/www.pogotowieflagowe.pl\/aktualne\/sukces-ruchu-takdlacpk-193-tys-podpisow-zlozonych-w-sejmie\/#primaryimage\"},\"image\":{\"@id\":\"https:\/\/www.pogotowieflagowe.pl\/aktualne\/sukces-ruchu-takdlacpk-193-tys-podpisow-zlozonych-w-sejmie\/#primaryimage\"},\"thumbnailUrl\":\"https:\/\/www.pogotowieflagowe.pl\/aktualne\/wp-content\/uploads\/2024\/09\/Sukces-Ruchu-TakDlaCPK-\u2013-193-tys-podpisow-zlozonych-w-Sejmie.jpg\",\"datePublished\":\"2024-09-18T16:40:54+00:00\",\"dateModified\":\"2024-09-18T16:40:55+00:00\",\"breadcrumb\":{\"@id\":\"https:\/\/www.pogotowieflagowe.pl\/aktualne\/sukces-ruchu-takdlacpk-193-tys-podpisow-zlozonych-w-sejmie\/#breadcrumb\"},\"inLanguage\":\"pl-PL\",\"potentialAction\":[{\"@type\":\"ReadAction\",\"target\":[\"https:\/\/www.pogotowieflagowe.pl\/aktualne\/sukces-ruchu-takdlacpk-193-tys-podpisow-zlozonych-w-sejmie\/\"]}]},{\"@type\":\"ImageObject\",\"inLanguage\":\"pl-PL\",\"@id\":\"https:\/\/www.pogotowieflagowe.pl\/aktualne\/sukces-ruchu-takdlacpk-193-tys-podpisow-zlozonych-w-sejmie\/#primaryimage\",\"url\":\"https:\/\/www.pogotowieflagowe.pl\/aktualne\/wp-content\/uploads\/2024\/09\/Sukces-Ruchu-TakDlaCPK-\u2013-193-tys-podpisow-zlozonych-w-Sejmie.jpg\",\"contentUrl\":\"https:\/\/www.pogotowieflagowe.pl\/aktualne\/wp-content\/uploads\/2024\/09\/Sukces-Ruchu-TakDlaCPK-\u2013-193-tys-podpisow-zlozonych-w-Sejmie.jpg\",\"width\":1536,\"height\":878,\"caption\":\"Sukces Ruchu #TakDlaCPK \u2013 193 tys. podpis\u00f3w z\u0142o\u017conych w Sejmie\"},{\"@type\":\"BreadcrumbList\",\"@id\":\"https:\/\/www.pogotowieflagowe.pl\/aktualne\/sukces-ruchu-takdlacpk-193-tys-podpisow-zlozonych-w-sejmie\/#breadcrumb\",\"itemListElement\":[{\"@type\":\"ListItem\",\"position\":1,\"name\":\"Home\",\"item\":\"https:\/\/www.pogotowieflagowe.pl\/aktualne\/\"},{\"@type\":\"ListItem\",\"position\":2,\"name\":\"Sukces Ruchu #TakDlaCPK \u2013 193 tys. podpis\u00f3w z\u0142o\u017conych w Sejmie\"}]},{\"@type\":\"WebSite\",\"@id\":\"https:\/\/www.pogotowieflagowe.pl\/aktualne\/#website\",\"url\":\"https:\/\/www.pogotowieflagowe.pl\/aktualne\/\",\"name\":\"POGOTOWIE FLAGOWE\u00ae\",\"description\":\"\",\"publisher\":{\"@id\":\"https:\/\/www.pogotowieflagowe.pl\/aktualne\/#organization\"},\"potentialAction\":[{\"@type\":\"SearchAction\",\"target\":{\"@type\":\"EntryPoint\",\"urlTemplate\":\"https:\/\/www.pogotowieflagowe.pl\/aktualne\/?s={search_term_string}\"},\"query-input\":\"required name=search_term_string\"}],\"inLanguage\":\"pl-PL\"},{\"@type\":\"Organization\",\"@id\":\"https:\/\/www.pogotowieflagowe.pl\/aktualne\/#organization\",\"name\":\"POGOTOWIE FLAGOWE\u00ae\",\"url\":\"https:\/\/www.pogotowieflagowe.pl\/aktualne\/\",\"logo\":{\"@type\":\"ImageObject\",\"inLanguage\":\"pl-PL\",\"@id\":\"https:\/\/www.pogotowieflagowe.pl\/aktualne\/#\/schema\/logo\/image\/\",\"url\":\"https:\/\/www.pogotowieflagowe.pl\/aktualne\/wp-content\/uploads\/2024\/08\/cropped-pogotowieflagowe_flaga_projekt_sm.jpg\",\"contentUrl\":\"https:\/\/www.pogotowieflagowe.pl\/aktualne\/wp-content\/uploads\/2024\/08\/cropped-pogotowieflagowe_flaga_projekt_sm.jpg\",\"width\":250,\"height\":143,\"caption\":\"POGOTOWIE FLAGOWE\u00ae\"},\"image\":{\"@id\":\"https:\/\/www.pogotowieflagowe.pl\/aktualne\/#\/schema\/logo\/image\/\"}},{\"@type\":\"Person\",\"@id\":\"https:\/\/www.pogotowieflagowe.pl\/aktualne\/#\/schema\/person\/9c2fb7d2362ebf6fa088960d7f0d27b0\",\"name\":\"Filip\",\"image\":{\"@type\":\"ImageObject\",\"inLanguage\":\"pl-PL\",\"@id\":\"https:\/\/www.pogotowieflagowe.pl\/aktualne\/#\/schema\/person\/image\/\",\"url\":\"https:\/\/www.pogotowieflagowe.pl\/aktualne\/wp-content\/uploads\/2024\/08\/pogotowieflagowe.pl_.jpg\",\"contentUrl\":\"https:\/\/www.pogotowieflagowe.pl\/aktualne\/wp-content\/uploads\/2024\/08\/pogotowieflagowe.pl_.jpg\",\"caption\":\"Filip\"},\"description\":\"Jestem Filip, polski dziennikarz z dyplomem nauk politycznych Uniwersytetu Warszawskiego. Rozpoczynaj\u0105c swoj\u0105 karier\u0119 w r\u00f3\u017cnych lokalnych mediach, zdoby\u0142em solidne do\u015bwiadczenie w zakresie \u015bledztwa i redakcji. Obecnie jako redaktor w Pogotowie flagowe, staram si\u0119 dostarcza\u0107 dog\u0142\u0119bne i istotne analizy na temat najwa\u017cniejszych kwestii aktualno\u015bci, \u0142\u0105cz\u0105c rygor z pasj\u0105 dziennikarsk\u0105.\",\"sameAs\":[\"https:\/\/www.pogotowieflagowe.pl\/\"]}]}<\/script>\n<!-- \/ Yoast SEO plugin. -->","yoast_head_json":{"title":"Sukces Ruchu #TakDlaCPK \u2013 193 tys. podpis\u00f3w z\u0142o\u017conych w Sejmie - POGOTOWIE FLAGOWE\u00ae","robots":{"index":"index","follow":"follow","max-snippet":"max-snippet:-1","max-image-preview":"max-image-preview:large","max-video-preview":"max-video-preview:-1"},"canonical":"https:\/\/www.pogotowieflagowe.pl\/aktualne\/sukces-ruchu-takdlacpk-193-tys-podpisow-zlozonych-w-sejmie\/","og_locale":"pl_PL","og_type":"article","og_title":"Sukces Ruchu #TakDlaCPK \u2013 193 tys. podpis\u00f3w z\u0142o\u017conych w Sejmie - POGOTOWIE FLAGOWE\u00ae","og_description":"Obywatelski projekt ustawy, podpisany przez 193 tys. os\u00f3b, wzywa polski parlament do doko\u0144czenia budowy Centralnego Portu Komunikacyjnego do 2030 roku.","og_url":"https:\/\/www.pogotowieflagowe.pl\/aktualne\/sukces-ruchu-takdlacpk-193-tys-podpisow-zlozonych-w-sejmie\/","og_site_name":"POGOTOWIE FLAGOWE\u00ae","article_published_time":"2024-09-18T16:40:54+00:00","article_modified_time":"2024-09-18T16:40:55+00:00","og_image":[{"width":1536,"height":878,"url":"https:\/\/www.pogotowieflagowe.pl\/aktualne\/wp-content\/uploads\/2024\/09\/Sukces-Ruchu-TakDlaCPK-\u2013-193-tys-podpisow-zlozonych-w-Sejmie.jpg","type":"image\/jpeg"}],"author":"Filip","twitter_card":"summary_large_image","twitter_misc":{"Napisane przez":"Filip","Szacowany czas czytania":"1 minuta"},"schema":{"@context":"https:\/\/schema.org","@graph":[{"@type":"Article","@id":"https:\/\/www.pogotowieflagowe.pl\/aktualne\/sukces-ruchu-takdlacpk-193-tys-podpisow-zlozonych-w-sejmie\/#article","isPartOf":{"@id":"https:\/\/www.pogotowieflagowe.pl\/aktualne\/sukces-ruchu-takdlacpk-193-tys-podpisow-zlozonych-w-sejmie\/"},"author":{"name":"Filip","@id":"https:\/\/www.pogotowieflagowe.pl\/aktualne\/#\/schema\/person\/9c2fb7d2362ebf6fa088960d7f0d27b0"},"headline":"Sukces Ruchu #TakDlaCPK \u2013 193 tys. podpis\u00f3w z\u0142o\u017conych w Sejmie","datePublished":"2024-09-18T16:40:54+00:00","dateModified":"2024-09-18T16:40:55+00:00","mainEntityOfPage":{"@id":"https:\/\/www.pogotowieflagowe.pl\/aktualne\/sukces-ruchu-takdlacpk-193-tys-podpisow-zlozonych-w-sejmie\/"},"wordCount":218,"publisher":{"@id":"https:\/\/www.pogotowieflagowe.pl\/aktualne\/#organization"},"image":{"@id":"https:\/\/www.pogotowieflagowe.pl\/aktualne\/sukces-ruchu-takdlacpk-193-tys-podpisow-zlozonych-w-sejmie\/#primaryimage"},"thumbnailUrl":"https:\/\/www.pogotowieflagowe.pl\/aktualne\/wp-content\/uploads\/2024\/09\/Sukces-Ruchu-TakDlaCPK-\u2013-193-tys-podpisow-zlozonych-w-Sejmie.jpg","keywords":["podpis\u00f3w","Ruchu","Sejmie","sukces","TakDlaCPK","tys","z\u0142o\u017conych"],"articleSection":["Biznes"],"inLanguage":"pl-PL"},{"@type":"WebPage","@id":"https:\/\/www.pogotowieflagowe.pl\/aktualne\/sukces-ruchu-takdlacpk-193-tys-podpisow-zlozonych-w-sejmie\/","url":"https:\/\/www.pogotowieflagowe.pl\/aktualne\/sukces-ruchu-takdlacpk-193-tys-podpisow-zlozonych-w-sejmie\/","name":"Sukces Ruchu #TakDlaCPK \u2013 193 tys. podpis\u00f3w z\u0142o\u017conych w Sejmie - POGOTOWIE FLAGOWE\u00ae","isPartOf":{"@id":"https:\/\/www.pogotowieflagowe.pl\/aktualne\/#website"},"primaryImageOfPage":{"@id":"https:\/\/www.pogotowieflagowe.pl\/aktualne\/sukces-ruchu-takdlacpk-193-tys-podpisow-zlozonych-w-sejmie\/#primaryimage"},"image":{"@id":"https:\/\/www.pogotowieflagowe.pl\/aktualne\/sukces-ruchu-takdlacpk-193-tys-podpisow-zlozonych-w-sejmie\/#primaryimage"},"thumbnailUrl":"https:\/\/www.pogotowieflagowe.pl\/aktualne\/wp-content\/uploads\/2024\/09\/Sukces-Ruchu-TakDlaCPK-\u2013-193-tys-podpisow-zlozonych-w-Sejmie.jpg","datePublished":"2024-09-18T16:40:54+00:00","dateModified":"2024-09-18T16:40:55+00:00","breadcrumb":{"@id":"https:\/\/www.pogotowieflagowe.pl\/aktualne\/sukces-ruchu-takdlacpk-193-tys-podpisow-zlozonych-w-sejmie\/#breadcrumb"},"inLanguage":"pl-PL","potentialAction":[{"@type":"ReadAction","target":["https:\/\/www.pogotowieflagowe.pl\/aktualne\/sukces-ruchu-takdlacpk-193-tys-podpisow-zlozonych-w-sejmie\/"]}]},{"@type":"ImageObject","inLanguage":"pl-PL","@id":"https:\/\/www.pogotowieflagowe.pl\/aktualne\/sukces-ruchu-takdlacpk-193-tys-podpisow-zlozonych-w-sejmie\/#primaryimage","url":"https:\/\/www.pogotowieflagowe.pl\/aktualne\/wp-content\/uploads\/2024\/09\/Sukces-Ruchu-TakDlaCPK-\u2013-193-tys-podpisow-zlozonych-w-Sejmie.jpg","contentUrl":"https:\/\/www.pogotowieflagowe.pl\/aktualne\/wp-content\/uploads\/2024\/09\/Sukces-Ruchu-TakDlaCPK-\u2013-193-tys-podpisow-zlozonych-w-Sejmie.jpg","width":1536,"height":878,"caption":"Sukces Ruchu #TakDlaCPK \u2013 193 tys. podpis\u00f3w z\u0142o\u017conych w Sejmie"},{"@type":"BreadcrumbList","@id":"https:\/\/www.pogotowieflagowe.pl\/aktualne\/sukces-ruchu-takdlacpk-193-tys-podpisow-zlozonych-w-sejmie\/#breadcrumb","itemListElement":[{"@type":"ListItem","position":1,"name":"Home","item":"https:\/\/www.pogotowieflagowe.pl\/aktualne\/"},{"@type":"ListItem","position":2,"name":"Sukces Ruchu #TakDlaCPK \u2013 193 tys. podpis\u00f3w z\u0142o\u017conych w Sejmie"}]},{"@type":"WebSite","@id":"https:\/\/www.pogotowieflagowe.pl\/aktualne\/#website","url":"https:\/\/www.pogotowieflagowe.pl\/aktualne\/","name":"POGOTOWIE FLAGOWE\u00ae","description":"","publisher":{"@id":"https:\/\/www.pogotowieflagowe.pl\/aktualne\/#organization"},"potentialAction":[{"@type":"SearchAction","target":{"@type":"EntryPoint","urlTemplate":"https:\/\/www.pogotowieflagowe.pl\/aktualne\/?s={search_term_string}"},"query-input":"required name=search_term_string"}],"inLanguage":"pl-PL"},{"@type":"Organization","@id":"https:\/\/www.pogotowieflagowe.pl\/aktualne\/#organization","name":"POGOTOWIE FLAGOWE\u00ae","url":"https:\/\/www.pogotowieflagowe.pl\/aktualne\/","logo":{"@type":"ImageObject","inLanguage":"pl-PL","@id":"https:\/\/www.pogotowieflagowe.pl\/aktualne\/#\/schema\/logo\/image\/","url":"https:\/\/www.pogotowieflagowe.pl\/aktualne\/wp-content\/uploads\/2024\/08\/cropped-pogotowieflagowe_flaga_projekt_sm.jpg","contentUrl":"https:\/\/www.pogotowieflagowe.pl\/aktualne\/wp-content\/uploads\/2024\/08\/cropped-pogotowieflagowe_flaga_projekt_sm.jpg","width":250,"height":143,"caption":"POGOTOWIE FLAGOWE\u00ae"},"image":{"@id":"https:\/\/www.pogotowieflagowe.pl\/aktualne\/#\/schema\/logo\/image\/"}},{"@type":"Person","@id":"https:\/\/www.pogotowieflagowe.pl\/aktualne\/#\/schema\/person\/9c2fb7d2362ebf6fa088960d7f0d27b0","name":"Filip","image":{"@type":"ImageObject","inLanguage":"pl-PL","@id":"https:\/\/www.pogotowieflagowe.pl\/aktualne\/#\/schema\/person\/image\/","url":"https:\/\/www.pogotowieflagowe.pl\/aktualne\/wp-content\/uploads\/2024\/08\/pogotowieflagowe.pl_.jpg","contentUrl":"https:\/\/www.pogotowieflagowe.pl\/aktualne\/wp-content\/uploads\/2024\/08\/pogotowieflagowe.pl_.jpg","caption":"Filip"},"description":"Jestem Filip, polski dziennikarz z dyplomem nauk politycznych Uniwersytetu Warszawskiego. Rozpoczynaj\u0105c swoj\u0105 karier\u0119 w r\u00f3\u017cnych lokalnych mediach, zdoby\u0142em solidne do\u015bwiadczenie w zakresie \u015bledztwa i redakcji. Obecnie jako redaktor w Pogotowie flagowe, staram si\u0119 dostarcza\u0107 dog\u0142\u0119bne i istotne analizy na temat najwa\u017cniejszych kwestii aktualno\u015bci, \u0142\u0105cz\u0105c rygor z pasj\u0105 dziennikarsk\u0105.","sameAs":["https:\/\/www.pogotowieflagowe.pl\/"]}]}},"_links":{"self":[{"href":"https:\/\/www.pogotowieflagowe.pl\/aktualne\/wp-json\/wp\/v2\/posts\/771","targetHints":{"allow":["GET"]}}],"collection":[{"href":"https:\/\/www.pogotowieflagowe.pl\/aktualne\/wp-json\/wp\/v2\/posts"}],"about":[{"href":"https:\/\/www.pogotowieflagowe.pl\/aktualne\/wp-json\/wp\/v2\/types\/post"}],"author":[{"embeddable":true,"href":"https:\/\/www.pogotowieflagowe.pl\/aktualne\/wp-json\/wp\/v2\/users\/1"}],"replies":[{"embeddable":true,"href":"https:\/\/www.pogotowieflagowe.pl\/aktualne\/wp-json\/wp\/v2\/comments?post=771"}],"version-history":[{"count":1,"href":"https:\/\/www.pogotowieflagowe.pl\/aktualne\/wp-json\/wp\/v2\/posts\/771\/revisions"}],"predecessor-version":[{"id":773,"href":"https:\/\/www.pogotowieflagowe.pl\/aktualne\/wp-json\/wp\/v2\/posts\/771\/revisions\/773"}],"wp:featuredmedia":[{"embeddable":true,"href":"https:\/\/www.pogotowieflagowe.pl\/aktualne\/wp-json\/wp\/v2\/media\/772"}],"wp:attachment":[{"href":"https:\/\/www.pogotowieflagowe.pl\/aktualne\/wp-json\/wp\/v2\/media?parent=771"}],"wp:term":[{"taxonomy":"category","embeddable":true,"href":"https:\/\/www.pogotowieflagowe.pl\/aktualne\/wp-json\/wp\/v2\/categories?post=771"},{"taxonomy":"post_tag","embeddable":true,"href":"https:\/\/www.pogotowieflagowe.pl\/aktualne\/wp-json\/wp\/v2\/tags?post=771"}],"curies":[{"name":"wp","href":"https:\/\/api.w.org\/{rel}","templated":true}]}}