{"id":807,"date":"2024-09-20T16:00:03","date_gmt":"2024-09-20T14:00:03","guid":{"rendered":"https:\/\/www.pogotowieflagowe.pl\/aktualne\/prezydent-andrzej-duda-z-wizyta-w-dotknietym-powodzia-ladku-zdroju\/"},"modified":"2024-09-20T16:00:05","modified_gmt":"2024-09-20T14:00:05","slug":"prezydent-andrzej-duda-z-wizyta-w-dotknietym-powodzia-ladku-zdroju","status":"publish","type":"post","link":"https:\/\/www.pogotowieflagowe.pl\/aktualne\/prezydent-andrzej-duda-z-wizyta-w-dotknietym-powodzia-ladku-zdroju\/","title":{"rendered":"Prezydent Andrzej Duda z wizyt\u0105 w dotkni\u0119tym powodzi\u0105 L\u0105dku-Zdroju"},"content":{"rendered":"\n<div class=\"td_block_wrap tdb_single_content tdi_48 td-pb-border-top td_block_template_8 td-post-content tagdiv-type\" data-td-block-uid=\"tdi_48\">\n<style>.tdi_48{margines g\u00f3rny:0px!wa\u017cne;margines dolny:0px!wa\u017cne;wype\u0142nienie g\u00f3rne:0px!wa\u017cne;wype\u0142nienie dolne:0px!wa\u017cne}<\/style>\n<style>.tdb_single_content{margines-dolny:0;*powi\u0119kszenie:1}.tdb_single_content:before,.tdb_single_content:after{wy\u015bwietlanie:tabela;zawarto\u015b\u0107:'';wysoko\u015b\u0107-linii:0}.tdb_single_content:after{wyczy\u015b\u0107:oba}.tdb_single_content .tdb-block-inner>*:not(.wp-block-quote):not(.alignwide):not(.alignfull.wp-block-cover.has-parallax):not(.td-a-ad){margines-lewy:auto;margines-prawy:auto}.tdb_single_content a{zdarzenia-wska\u017anika:auto}.tdb_single_content .td-spot-id-top_ad .tdc-placeholder-title:before{zawarto\u015b\u0107:'Pocz\u0105tek artyku\u0142u Reklama'!important}.tdb_single_content .td-spot-id-inline_ad0 .tdc-placeholder-title:before{content:'Reklama inline artyku\u0142u 1'!important}.tdb_single_content .td-spot-id-inline_ad1 .tdc-placeholder-title:before{content:'Reklama inline artyku\u0142u 2'!important}.tdb_single_content .td-spot-id-inline_ad2 .tdc-placeholder-title:before{content:'Reklama inline artyku\u0142u 3'!important}.tdb_single_content .td-spot-id-bottom_ad .tdc-placeholder-title:before{content:'Reklama dolna artyku\u0142u'!important}.tdb_single_content .id_top_ad,.tdb_single_content .id_bottom_ad{clear:both;margines-dolny:21px;wyr\u00f3wnanie-tekstu:\u015brodek}.tdb_single_content .id_top_ad img,.tdb_single_content .id_bottom_ad img{margines-dolny:0}.tdb_single_content .id_top_ad .adsbygoogle,.tdb_single_content .id_bottom_ad .adsbygoogle{pozycja:wzgl\u0119dna}.tdb_single_content .id_ad_content-poziom-lewy,.tdb_single_content .id_ad_content-poziom-prawy,.tdb_single_content .id_ad_content-horiz-center{margines dolny:15px}.tdb_single_content .id_ad_content-horiz-lewy img,.tdb_single_content .id_ad_content-horiz-prawy img,.tdb_single_content .id_ad_content-horiz-center img{margines dolny:0}.tdb_single_content .id_ad_content-horiz-center{wyr\u00f3wnanie tekstu:\u015brodek}.tdb_single_content .id_ad_content-horiz-center img{margines prawy:auto;margines lewy:auto}.tdb_single_content .id_ad_content-horiz-left{float:lewy;margines g\u00f3rny:9px;margines prawy:21px}.tdb_single_content .id_ad_content-horiz-right{float:right;margines-g\u00f3rny:6px;margines-lewy:21px}.tdb_single_content .tdc-a-ad .tdc-placeholder-title{szeroko\u015b\u0107:300px;wysoko\u015b\u0107:250px}.tdb_single_content .tdc-a-ad .tdc-placeholder-title:before{pozycja:absolutna;g\u00f3ra:50%;-webkit-transform:translateY(-50%);przekszta\u0142cenie:translateY(-50%);margines:auto;wy\u015bwietlanie:tabela;szeroko\u015b\u0107:100%}.tdb_single_content .tdb-block-inner.td-fix-index{word-break:break-word}.tdi_48,.tdi_48>p,.tdi_48 .tdb-block-inner>p{rozmiar-czcionki:16px!wa\u017cne;wysoko\u015b\u0107-linii:1.6!wa\u017cne}.tdi_48 .tdb-block-inner cytat p{styl-czcionki:normalny!wa\u017cne}@media (maks. szeroko\u015b\u0107:767px){.tdb_single_content .id_ad_content-poziom-lewo,.tdb_single_content .id_ad_content-poziom-prawo,.tdb_single_content .id_ad_content-poziom-\u015brodek{margines:0 auto 26px auto}}@media (maks. szeroko\u015b\u0107:767px){.tdb_single_content .id_ad_content-poziom-lewo{margines-prawy:0}}@media (maks. szeroko\u015b\u0107:767px){.tdb_single_content .id_ad_content-horiz-right{margines-lewy:0}}@media (maks. szeroko\u015b\u0107:767px){.tdb_single_content .td-a-ad{float:none;wyr\u00f3wnanie tekstu:center}.tdb_single_content .td-a-ad img{margines-prawy:auto;margines-lewy:auto}.tdb_single_content .tdc-a-ad{float:none}}<\/style>\n<div class=\"tdb-block-inner td-fix-index\">\n<p>Prezydent Duda odwiedza dotkni\u0119ty powodzi\u0105 L\u0105dek-Zdr\u00f3j, dokonuje oceny zniszcze\u0144 i omawia z w\u0142adzami dzia\u0142ania pomocowe w obliczu narastaj\u0105cych obaw zwi\u0105zanych z zim\u0105.<\/p>\n<figure class=\"wp-block-embed is-type-rich is-provider-twitter wp-block-embed-twitter\">\n<div class=\"wp-block-embed__wrapper\">\n<blockquote class=\"twitter-tweet\" data-width=\"550\" data-dnt=\"true\">\n<p lang=\"pl\" dir=\"ltr\">Prezydent RP <a rel=\"nofollow\" href=\"https:\/\/twitter.com\/AndrzejDuda?ref_src=twsrc%5Etfw\">@AndrzejDuda<\/a> omawia z w\u0142adzami w\u0142adzami na Dolnym \u015al\u0105sku w <a rel=\"nofollow\" href=\"https:\/\/twitter.com\/hashtag\/L%C4%85dekZdr%C3%B3j?src=hash&amp;ref_src=twsrc%5Etfw\">#L\u0105dekZdr\u00f3j<\/a>. <a rel=\"nofollow\" href=\"https:\/\/t.co\/JXkyThSZgQ\">fot.twitter.com\/JXkyThSZgQ<\/a><\/p>\n<p>\u2014 Kancelaria Prezydenta (@prezydentpl) <a rel=\"nofollow\" href=\"https:\/\/twitter.com\/prezydentpl\/status\/1837029635470622813?ref_src=twsrc%5Etfw\">20 wrze\u015bnia 2024 r.<\/a><\/p><\/blockquote>\n<\/div>\n<\/figure>\n<p><strong>Ocena uszkodze\u0144<\/strong><br \/>Dzi\u015b rano prezydent Andrzej Duda odwiedzi\u0142 L\u0105dek-Zdr\u00f3j, miasto powa\u017cnie dotkni\u0119te ostatnimi powodziami. Po og\u0142oszeniu szefa Biura Bezpiecze\u0144stwa Narodowego Jacka Siewiery, wizyta Dudy zosta\u0142a zaplanowana w celu unikni\u0119cia zak\u0142\u00f3cenia trwaj\u0105cych akcji ratowniczych. W pi\u0105tek rano Kancelaria Prezydenta potwierdzi\u0142a wizyt\u0119 Dudy w regionach Dolnego \u015al\u0105ska i Opolszczyzny, kt\u00f3re r\u00f3wnie\u017c ucierpia\u0142y z powodu powodzi.<\/p>\n<p><strong>Wolontariusze i wyzwania<\/strong><br \/>Podczas wizyty prezydent Duda spotka\u0142 si\u0119 z lokalnymi w\u0142adzami i s\u0142u\u017cbami ratowniczymi, dokonuj\u0105c inspekcji szk\u00f3d i omawiaj\u0105c dzia\u0142ania pomocowe. Wyrazi\u0142 zaniepokojenie nadchodz\u0105c\u0105 zim\u0105, szczeg\u00f3lnie w obszarach g\u00f3rskich, takich jak L\u0105dek-Zdr\u00f3j. Duda podkre\u015bli\u0142 piln\u0105 potrzeb\u0119 usuwania b\u0142ota z budynk\u00f3w z powodu spadaj\u0105cych temperatur i zapyta\u0142 o wysi\u0142ki wolontariuszy. W\u0142adze zapewni\u0142y, \u017ce s\u0105 gotowe przyj\u0105\u0107 wolontariuszy ch\u0119tnych do pomocy.<\/p>\n<\/div>\n<\/div>\n<p><script async src=\"https:\/\/platform.twitter.com\/widgets.js\" charset=\"utf-8\"><\/script><\/p>\n","protected":false},"excerpt":{"rendered":"<p>Prezydent Duda odwiedza dotkni\u0119ty powodzi\u0105 L\u0105dek-Zdr\u00f3j, dokonuje oceny zniszcze\u0144 i omawia z w\u0142adzami dzia\u0142ania pomocowe w obliczu narastaj\u0105cych obaw zwi\u0105zanych<\/p>\n","protected":false},"author":1,"featured_media":808,"comment_status":"closed","ping_status":"","sticky":false,"template":"","format":"standard","meta":{"footnotes":""},"categories":[44],"tags":[342,1357,343,1358,1333,341,1356],"class_list":["post-807","post","type-post","status-publish","format-standard","has-post-thumbnail","hentry","category-polityka","tag-andrzej","tag-dotknietym","tag-duda","tag-ladkuzdroju","tag-powodzia","tag-prezydent","tag-wizyta","generate-columns","tablet-grid-50","mobile-grid-100","grid-parent","grid-50","resize-featured-image"],"yoast_head":"<!-- This site is optimized with the Yoast SEO plugin v23.2 - https:\/\/yoast.com\/wordpress\/plugins\/seo\/ -->\n<title>Prezydent Andrzej Duda z wizyt\u0105 w dotkni\u0119tym powodzi\u0105 L\u0105dku-Zdroju - POGOTOWIE FLAGOWE\u00ae<\/title>\n<meta name=\"robots\" content=\"index, follow, max-snippet:-1, max-image-preview:large, max-video-preview:-1\" \/>\n<link rel=\"canonical\" href=\"https:\/\/www.pogotowieflagowe.pl\/aktualne\/prezydent-andrzej-duda-z-wizyta-w-dotknietym-powodzia-ladku-zdroju\/\" \/>\n<meta property=\"og:locale\" content=\"pl_PL\" \/>\n<meta property=\"og:type\" content=\"article\" \/>\n<meta property=\"og:title\" content=\"Prezydent Andrzej Duda z wizyt\u0105 w dotkni\u0119tym powodzi\u0105 L\u0105dku-Zdroju - POGOTOWIE FLAGOWE\u00ae\" \/>\n<meta property=\"og:description\" content=\"Prezydent Duda odwiedza dotkni\u0119ty powodzi\u0105 L\u0105dek-Zdr\u00f3j, dokonuje oceny zniszcze\u0144 i omawia z w\u0142adzami dzia\u0142ania pomocowe w obliczu narastaj\u0105cych obaw zwi\u0105zanych\" \/>\n<meta property=\"og:url\" content=\"https:\/\/www.pogotowieflagowe.pl\/aktualne\/prezydent-andrzej-duda-z-wizyta-w-dotknietym-powodzia-ladku-zdroju\/\" \/>\n<meta property=\"og:site_name\" content=\"POGOTOWIE FLAGOWE\u00ae\" \/>\n<meta property=\"article:published_time\" content=\"2024-09-20T14:00:03+00:00\" \/>\n<meta property=\"article:modified_time\" content=\"2024-09-20T14:00:05+00:00\" \/>\n<meta property=\"og:image\" content=\"https:\/\/www.pogotowieflagowe.pl\/aktualne\/wp-content\/uploads\/2024\/09\/Prezydent-Andrzej-Duda-z-wizyta-w-dotknietym-powodzia-Ladku-Zdroju.jpg\" \/>\n\t<meta property=\"og:image:width\" content=\"1770\" \/>\n\t<meta property=\"og:image:height\" content=\"928\" \/>\n\t<meta property=\"og:image:type\" content=\"image\/jpeg\" \/>\n<meta name=\"author\" content=\"Filip\" \/>\n<meta name=\"twitter:card\" content=\"summary_large_image\" \/>\n<meta name=\"twitter:label1\" content=\"Napisane przez\" \/>\n\t<meta name=\"twitter:data1\" content=\"Filip\" \/>\n\t<meta name=\"twitter:label2\" content=\"Szacowany czas czytania\" \/>\n\t<meta name=\"twitter:data2\" content=\"1 minuta\" \/>\n<script type=\"application\/ld+json\" class=\"yoast-schema-graph\">{\"@context\":\"https:\/\/schema.org\",\"@graph\":[{\"@type\":\"Article\",\"@id\":\"https:\/\/www.pogotowieflagowe.pl\/aktualne\/prezydent-andrzej-duda-z-wizyta-w-dotknietym-powodzia-ladku-zdroju\/#article\",\"isPartOf\":{\"@id\":\"https:\/\/www.pogotowieflagowe.pl\/aktualne\/prezydent-andrzej-duda-z-wizyta-w-dotknietym-powodzia-ladku-zdroju\/\"},\"author\":{\"name\":\"Filip\",\"@id\":\"https:\/\/www.pogotowieflagowe.pl\/aktualne\/#\/schema\/person\/9c2fb7d2362ebf6fa088960d7f0d27b0\"},\"headline\":\"Prezydent Andrzej Duda z wizyt\u0105 w dotkni\u0119tym powodzi\u0105 L\u0105dku-Zdroju\",\"datePublished\":\"2024-09-20T14:00:03+00:00\",\"dateModified\":\"2024-09-20T14:00:05+00:00\",\"mainEntityOfPage\":{\"@id\":\"https:\/\/www.pogotowieflagowe.pl\/aktualne\/prezydent-andrzej-duda-z-wizyta-w-dotknietym-powodzia-ladku-zdroju\/\"},\"wordCount\":216,\"publisher\":{\"@id\":\"https:\/\/www.pogotowieflagowe.pl\/aktualne\/#organization\"},\"image\":{\"@id\":\"https:\/\/www.pogotowieflagowe.pl\/aktualne\/prezydent-andrzej-duda-z-wizyta-w-dotknietym-powodzia-ladku-zdroju\/#primaryimage\"},\"thumbnailUrl\":\"https:\/\/www.pogotowieflagowe.pl\/aktualne\/wp-content\/uploads\/2024\/09\/Prezydent-Andrzej-Duda-z-wizyta-w-dotknietym-powodzia-Ladku-Zdroju.jpg\",\"keywords\":[\"Andrzej\",\"dotkni\u0119tym\",\"Duda\",\"L\u0105dkuZdroju\",\"powodzi\u0105\",\"Prezydent\",\"wizyt\u0105\"],\"articleSection\":[\"Polityka\"],\"inLanguage\":\"pl-PL\"},{\"@type\":\"WebPage\",\"@id\":\"https:\/\/www.pogotowieflagowe.pl\/aktualne\/prezydent-andrzej-duda-z-wizyta-w-dotknietym-powodzia-ladku-zdroju\/\",\"url\":\"https:\/\/www.pogotowieflagowe.pl\/aktualne\/prezydent-andrzej-duda-z-wizyta-w-dotknietym-powodzia-ladku-zdroju\/\",\"name\":\"Prezydent Andrzej Duda z wizyt\u0105 w dotkni\u0119tym powodzi\u0105 L\u0105dku-Zdroju - POGOTOWIE FLAGOWE\u00ae\",\"isPartOf\":{\"@id\":\"https:\/\/www.pogotowieflagowe.pl\/aktualne\/#website\"},\"primaryImageOfPage\":{\"@id\":\"https:\/\/www.pogotowieflagowe.pl\/aktualne\/prezydent-andrzej-duda-z-wizyta-w-dotknietym-powodzia-ladku-zdroju\/#primaryimage\"},\"image\":{\"@id\":\"https:\/\/www.pogotowieflagowe.pl\/aktualne\/prezydent-andrzej-duda-z-wizyta-w-dotknietym-powodzia-ladku-zdroju\/#primaryimage\"},\"thumbnailUrl\":\"https:\/\/www.pogotowieflagowe.pl\/aktualne\/wp-content\/uploads\/2024\/09\/Prezydent-Andrzej-Duda-z-wizyta-w-dotknietym-powodzia-Ladku-Zdroju.jpg\",\"datePublished\":\"2024-09-20T14:00:03+00:00\",\"dateModified\":\"2024-09-20T14:00:05+00:00\",\"breadcrumb\":{\"@id\":\"https:\/\/www.pogotowieflagowe.pl\/aktualne\/prezydent-andrzej-duda-z-wizyta-w-dotknietym-powodzia-ladku-zdroju\/#breadcrumb\"},\"inLanguage\":\"pl-PL\",\"potentialAction\":[{\"@type\":\"ReadAction\",\"target\":[\"https:\/\/www.pogotowieflagowe.pl\/aktualne\/prezydent-andrzej-duda-z-wizyta-w-dotknietym-powodzia-ladku-zdroju\/\"]}]},{\"@type\":\"ImageObject\",\"inLanguage\":\"pl-PL\",\"@id\":\"https:\/\/www.pogotowieflagowe.pl\/aktualne\/prezydent-andrzej-duda-z-wizyta-w-dotknietym-powodzia-ladku-zdroju\/#primaryimage\",\"url\":\"https:\/\/www.pogotowieflagowe.pl\/aktualne\/wp-content\/uploads\/2024\/09\/Prezydent-Andrzej-Duda-z-wizyta-w-dotknietym-powodzia-Ladku-Zdroju.jpg\",\"contentUrl\":\"https:\/\/www.pogotowieflagowe.pl\/aktualne\/wp-content\/uploads\/2024\/09\/Prezydent-Andrzej-Duda-z-wizyta-w-dotknietym-powodzia-Ladku-Zdroju.jpg\",\"width\":1770,\"height\":928,\"caption\":\"Prezydent Andrzej Duda z wizyt\u0105 w dotkni\u0119tym powodzi\u0105 L\u0105dku-Zdroju\"},{\"@type\":\"BreadcrumbList\",\"@id\":\"https:\/\/www.pogotowieflagowe.pl\/aktualne\/prezydent-andrzej-duda-z-wizyta-w-dotknietym-powodzia-ladku-zdroju\/#breadcrumb\",\"itemListElement\":[{\"@type\":\"ListItem\",\"position\":1,\"name\":\"Home\",\"item\":\"https:\/\/www.pogotowieflagowe.pl\/aktualne\/\"},{\"@type\":\"ListItem\",\"position\":2,\"name\":\"Prezydent Andrzej Duda z wizyt\u0105 w dotkni\u0119tym powodzi\u0105 L\u0105dku-Zdroju\"}]},{\"@type\":\"WebSite\",\"@id\":\"https:\/\/www.pogotowieflagowe.pl\/aktualne\/#website\",\"url\":\"https:\/\/www.pogotowieflagowe.pl\/aktualne\/\",\"name\":\"POGOTOWIE FLAGOWE\u00ae\",\"description\":\"\",\"publisher\":{\"@id\":\"https:\/\/www.pogotowieflagowe.pl\/aktualne\/#organization\"},\"potentialAction\":[{\"@type\":\"SearchAction\",\"target\":{\"@type\":\"EntryPoint\",\"urlTemplate\":\"https:\/\/www.pogotowieflagowe.pl\/aktualne\/?s={search_term_string}\"},\"query-input\":\"required name=search_term_string\"}],\"inLanguage\":\"pl-PL\"},{\"@type\":\"Organization\",\"@id\":\"https:\/\/www.pogotowieflagowe.pl\/aktualne\/#organization\",\"name\":\"POGOTOWIE FLAGOWE\u00ae\",\"url\":\"https:\/\/www.pogotowieflagowe.pl\/aktualne\/\",\"logo\":{\"@type\":\"ImageObject\",\"inLanguage\":\"pl-PL\",\"@id\":\"https:\/\/www.pogotowieflagowe.pl\/aktualne\/#\/schema\/logo\/image\/\",\"url\":\"https:\/\/www.pogotowieflagowe.pl\/aktualne\/wp-content\/uploads\/2024\/08\/cropped-pogotowieflagowe_flaga_projekt_sm.jpg\",\"contentUrl\":\"https:\/\/www.pogotowieflagowe.pl\/aktualne\/wp-content\/uploads\/2024\/08\/cropped-pogotowieflagowe_flaga_projekt_sm.jpg\",\"width\":250,\"height\":143,\"caption\":\"POGOTOWIE FLAGOWE\u00ae\"},\"image\":{\"@id\":\"https:\/\/www.pogotowieflagowe.pl\/aktualne\/#\/schema\/logo\/image\/\"}},{\"@type\":\"Person\",\"@id\":\"https:\/\/www.pogotowieflagowe.pl\/aktualne\/#\/schema\/person\/9c2fb7d2362ebf6fa088960d7f0d27b0\",\"name\":\"Filip\",\"image\":{\"@type\":\"ImageObject\",\"inLanguage\":\"pl-PL\",\"@id\":\"https:\/\/www.pogotowieflagowe.pl\/aktualne\/#\/schema\/person\/image\/\",\"url\":\"https:\/\/www.pogotowieflagowe.pl\/aktualne\/wp-content\/uploads\/2024\/08\/pogotowieflagowe.pl_.jpg\",\"contentUrl\":\"https:\/\/www.pogotowieflagowe.pl\/aktualne\/wp-content\/uploads\/2024\/08\/pogotowieflagowe.pl_.jpg\",\"caption\":\"Filip\"},\"description\":\"Jestem Filip, polski dziennikarz z dyplomem nauk politycznych Uniwersytetu Warszawskiego. Rozpoczynaj\u0105c swoj\u0105 karier\u0119 w r\u00f3\u017cnych lokalnych mediach, zdoby\u0142em solidne do\u015bwiadczenie w zakresie \u015bledztwa i redakcji. Obecnie jako redaktor w Pogotowie flagowe, staram si\u0119 dostarcza\u0107 dog\u0142\u0119bne i istotne analizy na temat najwa\u017cniejszych kwestii aktualno\u015bci, \u0142\u0105cz\u0105c rygor z pasj\u0105 dziennikarsk\u0105.\",\"sameAs\":[\"https:\/\/www.pogotowieflagowe.pl\/\"]}]}<\/script>\n<!-- \/ Yoast SEO plugin. -->","yoast_head_json":{"title":"Prezydent Andrzej Duda z wizyt\u0105 w dotkni\u0119tym powodzi\u0105 L\u0105dku-Zdroju - POGOTOWIE FLAGOWE\u00ae","robots":{"index":"index","follow":"follow","max-snippet":"max-snippet:-1","max-image-preview":"max-image-preview:large","max-video-preview":"max-video-preview:-1"},"canonical":"https:\/\/www.pogotowieflagowe.pl\/aktualne\/prezydent-andrzej-duda-z-wizyta-w-dotknietym-powodzia-ladku-zdroju\/","og_locale":"pl_PL","og_type":"article","og_title":"Prezydent Andrzej Duda z wizyt\u0105 w dotkni\u0119tym powodzi\u0105 L\u0105dku-Zdroju - POGOTOWIE FLAGOWE\u00ae","og_description":"Prezydent Duda odwiedza dotkni\u0119ty powodzi\u0105 L\u0105dek-Zdr\u00f3j, dokonuje oceny zniszcze\u0144 i omawia z w\u0142adzami dzia\u0142ania pomocowe w obliczu narastaj\u0105cych obaw zwi\u0105zanych","og_url":"https:\/\/www.pogotowieflagowe.pl\/aktualne\/prezydent-andrzej-duda-z-wizyta-w-dotknietym-powodzia-ladku-zdroju\/","og_site_name":"POGOTOWIE FLAGOWE\u00ae","article_published_time":"2024-09-20T14:00:03+00:00","article_modified_time":"2024-09-20T14:00:05+00:00","og_image":[{"width":1770,"height":928,"url":"https:\/\/www.pogotowieflagowe.pl\/aktualne\/wp-content\/uploads\/2024\/09\/Prezydent-Andrzej-Duda-z-wizyta-w-dotknietym-powodzia-Ladku-Zdroju.jpg","type":"image\/jpeg"}],"author":"Filip","twitter_card":"summary_large_image","twitter_misc":{"Napisane przez":"Filip","Szacowany czas czytania":"1 minuta"},"schema":{"@context":"https:\/\/schema.org","@graph":[{"@type":"Article","@id":"https:\/\/www.pogotowieflagowe.pl\/aktualne\/prezydent-andrzej-duda-z-wizyta-w-dotknietym-powodzia-ladku-zdroju\/#article","isPartOf":{"@id":"https:\/\/www.pogotowieflagowe.pl\/aktualne\/prezydent-andrzej-duda-z-wizyta-w-dotknietym-powodzia-ladku-zdroju\/"},"author":{"name":"Filip","@id":"https:\/\/www.pogotowieflagowe.pl\/aktualne\/#\/schema\/person\/9c2fb7d2362ebf6fa088960d7f0d27b0"},"headline":"Prezydent Andrzej Duda z wizyt\u0105 w dotkni\u0119tym powodzi\u0105 L\u0105dku-Zdroju","datePublished":"2024-09-20T14:00:03+00:00","dateModified":"2024-09-20T14:00:05+00:00","mainEntityOfPage":{"@id":"https:\/\/www.pogotowieflagowe.pl\/aktualne\/prezydent-andrzej-duda-z-wizyta-w-dotknietym-powodzia-ladku-zdroju\/"},"wordCount":216,"publisher":{"@id":"https:\/\/www.pogotowieflagowe.pl\/aktualne\/#organization"},"image":{"@id":"https:\/\/www.pogotowieflagowe.pl\/aktualne\/prezydent-andrzej-duda-z-wizyta-w-dotknietym-powodzia-ladku-zdroju\/#primaryimage"},"thumbnailUrl":"https:\/\/www.pogotowieflagowe.pl\/aktualne\/wp-content\/uploads\/2024\/09\/Prezydent-Andrzej-Duda-z-wizyta-w-dotknietym-powodzia-Ladku-Zdroju.jpg","keywords":["Andrzej","dotkni\u0119tym","Duda","L\u0105dkuZdroju","powodzi\u0105","Prezydent","wizyt\u0105"],"articleSection":["Polityka"],"inLanguage":"pl-PL"},{"@type":"WebPage","@id":"https:\/\/www.pogotowieflagowe.pl\/aktualne\/prezydent-andrzej-duda-z-wizyta-w-dotknietym-powodzia-ladku-zdroju\/","url":"https:\/\/www.pogotowieflagowe.pl\/aktualne\/prezydent-andrzej-duda-z-wizyta-w-dotknietym-powodzia-ladku-zdroju\/","name":"Prezydent Andrzej Duda z wizyt\u0105 w dotkni\u0119tym powodzi\u0105 L\u0105dku-Zdroju - POGOTOWIE FLAGOWE\u00ae","isPartOf":{"@id":"https:\/\/www.pogotowieflagowe.pl\/aktualne\/#website"},"primaryImageOfPage":{"@id":"https:\/\/www.pogotowieflagowe.pl\/aktualne\/prezydent-andrzej-duda-z-wizyta-w-dotknietym-powodzia-ladku-zdroju\/#primaryimage"},"image":{"@id":"https:\/\/www.pogotowieflagowe.pl\/aktualne\/prezydent-andrzej-duda-z-wizyta-w-dotknietym-powodzia-ladku-zdroju\/#primaryimage"},"thumbnailUrl":"https:\/\/www.pogotowieflagowe.pl\/aktualne\/wp-content\/uploads\/2024\/09\/Prezydent-Andrzej-Duda-z-wizyta-w-dotknietym-powodzia-Ladku-Zdroju.jpg","datePublished":"2024-09-20T14:00:03+00:00","dateModified":"2024-09-20T14:00:05+00:00","breadcrumb":{"@id":"https:\/\/www.pogotowieflagowe.pl\/aktualne\/prezydent-andrzej-duda-z-wizyta-w-dotknietym-powodzia-ladku-zdroju\/#breadcrumb"},"inLanguage":"pl-PL","potentialAction":[{"@type":"ReadAction","target":["https:\/\/www.pogotowieflagowe.pl\/aktualne\/prezydent-andrzej-duda-z-wizyta-w-dotknietym-powodzia-ladku-zdroju\/"]}]},{"@type":"ImageObject","inLanguage":"pl-PL","@id":"https:\/\/www.pogotowieflagowe.pl\/aktualne\/prezydent-andrzej-duda-z-wizyta-w-dotknietym-powodzia-ladku-zdroju\/#primaryimage","url":"https:\/\/www.pogotowieflagowe.pl\/aktualne\/wp-content\/uploads\/2024\/09\/Prezydent-Andrzej-Duda-z-wizyta-w-dotknietym-powodzia-Ladku-Zdroju.jpg","contentUrl":"https:\/\/www.pogotowieflagowe.pl\/aktualne\/wp-content\/uploads\/2024\/09\/Prezydent-Andrzej-Duda-z-wizyta-w-dotknietym-powodzia-Ladku-Zdroju.jpg","width":1770,"height":928,"caption":"Prezydent Andrzej Duda z wizyt\u0105 w dotkni\u0119tym powodzi\u0105 L\u0105dku-Zdroju"},{"@type":"BreadcrumbList","@id":"https:\/\/www.pogotowieflagowe.pl\/aktualne\/prezydent-andrzej-duda-z-wizyta-w-dotknietym-powodzia-ladku-zdroju\/#breadcrumb","itemListElement":[{"@type":"ListItem","position":1,"name":"Home","item":"https:\/\/www.pogotowieflagowe.pl\/aktualne\/"},{"@type":"ListItem","position":2,"name":"Prezydent Andrzej Duda z wizyt\u0105 w dotkni\u0119tym powodzi\u0105 L\u0105dku-Zdroju"}]},{"@type":"WebSite","@id":"https:\/\/www.pogotowieflagowe.pl\/aktualne\/#website","url":"https:\/\/www.pogotowieflagowe.pl\/aktualne\/","name":"POGOTOWIE FLAGOWE\u00ae","description":"","publisher":{"@id":"https:\/\/www.pogotowieflagowe.pl\/aktualne\/#organization"},"potentialAction":[{"@type":"SearchAction","target":{"@type":"EntryPoint","urlTemplate":"https:\/\/www.pogotowieflagowe.pl\/aktualne\/?s={search_term_string}"},"query-input":"required name=search_term_string"}],"inLanguage":"pl-PL"},{"@type":"Organization","@id":"https:\/\/www.pogotowieflagowe.pl\/aktualne\/#organization","name":"POGOTOWIE FLAGOWE\u00ae","url":"https:\/\/www.pogotowieflagowe.pl\/aktualne\/","logo":{"@type":"ImageObject","inLanguage":"pl-PL","@id":"https:\/\/www.pogotowieflagowe.pl\/aktualne\/#\/schema\/logo\/image\/","url":"https:\/\/www.pogotowieflagowe.pl\/aktualne\/wp-content\/uploads\/2024\/08\/cropped-pogotowieflagowe_flaga_projekt_sm.jpg","contentUrl":"https:\/\/www.pogotowieflagowe.pl\/aktualne\/wp-content\/uploads\/2024\/08\/cropped-pogotowieflagowe_flaga_projekt_sm.jpg","width":250,"height":143,"caption":"POGOTOWIE FLAGOWE\u00ae"},"image":{"@id":"https:\/\/www.pogotowieflagowe.pl\/aktualne\/#\/schema\/logo\/image\/"}},{"@type":"Person","@id":"https:\/\/www.pogotowieflagowe.pl\/aktualne\/#\/schema\/person\/9c2fb7d2362ebf6fa088960d7f0d27b0","name":"Filip","image":{"@type":"ImageObject","inLanguage":"pl-PL","@id":"https:\/\/www.pogotowieflagowe.pl\/aktualne\/#\/schema\/person\/image\/","url":"https:\/\/www.pogotowieflagowe.pl\/aktualne\/wp-content\/uploads\/2024\/08\/pogotowieflagowe.pl_.jpg","contentUrl":"https:\/\/www.pogotowieflagowe.pl\/aktualne\/wp-content\/uploads\/2024\/08\/pogotowieflagowe.pl_.jpg","caption":"Filip"},"description":"Jestem Filip, polski dziennikarz z dyplomem nauk politycznych Uniwersytetu Warszawskiego. Rozpoczynaj\u0105c swoj\u0105 karier\u0119 w r\u00f3\u017cnych lokalnych mediach, zdoby\u0142em solidne do\u015bwiadczenie w zakresie \u015bledztwa i redakcji. Obecnie jako redaktor w Pogotowie flagowe, staram si\u0119 dostarcza\u0107 dog\u0142\u0119bne i istotne analizy na temat najwa\u017cniejszych kwestii aktualno\u015bci, \u0142\u0105cz\u0105c rygor z pasj\u0105 dziennikarsk\u0105.","sameAs":["https:\/\/www.pogotowieflagowe.pl\/"]}]}},"_links":{"self":[{"href":"https:\/\/www.pogotowieflagowe.pl\/aktualne\/wp-json\/wp\/v2\/posts\/807","targetHints":{"allow":["GET"]}}],"collection":[{"href":"https:\/\/www.pogotowieflagowe.pl\/aktualne\/wp-json\/wp\/v2\/posts"}],"about":[{"href":"https:\/\/www.pogotowieflagowe.pl\/aktualne\/wp-json\/wp\/v2\/types\/post"}],"author":[{"embeddable":true,"href":"https:\/\/www.pogotowieflagowe.pl\/aktualne\/wp-json\/wp\/v2\/users\/1"}],"replies":[{"embeddable":true,"href":"https:\/\/www.pogotowieflagowe.pl\/aktualne\/wp-json\/wp\/v2\/comments?post=807"}],"version-history":[{"count":1,"href":"https:\/\/www.pogotowieflagowe.pl\/aktualne\/wp-json\/wp\/v2\/posts\/807\/revisions"}],"predecessor-version":[{"id":809,"href":"https:\/\/www.pogotowieflagowe.pl\/aktualne\/wp-json\/wp\/v2\/posts\/807\/revisions\/809"}],"wp:featuredmedia":[{"embeddable":true,"href":"https:\/\/www.pogotowieflagowe.pl\/aktualne\/wp-json\/wp\/v2\/media\/808"}],"wp:attachment":[{"href":"https:\/\/www.pogotowieflagowe.pl\/aktualne\/wp-json\/wp\/v2\/media?parent=807"}],"wp:term":[{"taxonomy":"category","embeddable":true,"href":"https:\/\/www.pogotowieflagowe.pl\/aktualne\/wp-json\/wp\/v2\/categories?post=807"},{"taxonomy":"post_tag","embeddable":true,"href":"https:\/\/www.pogotowieflagowe.pl\/aktualne\/wp-json\/wp\/v2\/tags?post=807"}],"curies":[{"name":"wp","href":"https:\/\/api.w.org\/{rel}","templated":true}]}}