{"id":842,"date":"2024-09-22T13:46:52","date_gmt":"2024-09-22T11:46:52","guid":{"rendered":"https:\/\/www.pogotowieflagowe.pl\/aktualne\/wojciech-szczesny-wyrozniony-przez-juventus-sprawiles-ze-poczulem-sie-kochany-i-szanowany\/"},"modified":"2024-09-22T13:46:53","modified_gmt":"2024-09-22T11:46:53","slug":"wojciech-szczesny-wyrozniony-przez-juventus-sprawiles-ze-poczulem-sie-kochany-i-szanowany","status":"publish","type":"post","link":"https:\/\/www.pogotowieflagowe.pl\/aktualne\/wojciech-szczesny-wyrozniony-przez-juventus-sprawiles-ze-poczulem-sie-kochany-i-szanowany\/","title":{"rendered":"Wojciech Szcz\u0119sny wyr\u00f3\u017cniony przez Juventus: \u201eSprawi\u0142e\u015b, \u017ce poczu\u0142em si\u0119 kochany i szanowany\u201d"},"content":{"rendered":"\n<div class=\"td_block_wrap tdb_single_content tdi_48 td-pb-border-top td_block_template_8 td-post-content tagdiv-type\" data-td-block-uid=\"tdi_48\">\n<style>.tdi_48{margines g\u00f3rny:0px!wa\u017cne;margines dolny:0px!wa\u017cne;wype\u0142nienie g\u00f3rne:0px!wa\u017cne;wype\u0142nienie dolne:0px!wa\u017cne}<\/style>\n<style>.tdb_single_content{margines-dolny:0;*powi\u0119kszenie:1}.tdb_single_content:before,.tdb_single_content:after{wy\u015bwietlanie:tabela;zawarto\u015b\u0107:'';wysoko\u015b\u0107-linii:0}.tdb_single_content:after{wyczy\u015b\u0107:oba}.tdb_single_content .tdb-block-inner>*:not(.wp-block-quote):not(.alignwide):not(.alignfull.wp-block-cover.has-parallax):not(.td-a-ad){margines-lewy:auto;margines-prawy:auto}.tdb_single_content a{zdarzenia-wska\u017anika:auto}.tdb_single_content .td-spot-id-top_ad .tdc-placeholder-title:before{zawarto\u015b\u0107:'Pocz\u0105tek artyku\u0142u Reklama'!important}.tdb_single_content .td-spot-id-inline_ad0 .tdc-placeholder-title:before{content:'Reklama inline artyku\u0142u 1'!important}.tdb_single_content .td-spot-id-inline_ad1 .tdc-placeholder-title:before{content:'Reklama inline artyku\u0142u 2'!important}.tdb_single_content .td-spot-id-inline_ad2 .tdc-placeholder-title:before{content:'Reklama inline artyku\u0142u 3'!important}.tdb_single_content .td-spot-id-bottom_ad .tdc-placeholder-title:before{content:'Reklama dolna artyku\u0142u'!important}.tdb_single_content .id_top_ad,.tdb_single_content .id_bottom_ad{clear:both;margines-dolny:21px;wyr\u00f3wnanie-tekstu:\u015brodek}.tdb_single_content .id_top_ad img,.tdb_single_content .id_bottom_ad img{margines-dolny:0}.tdb_single_content .id_top_ad .adsbygoogle,.tdb_single_content .id_bottom_ad .adsbygoogle{pozycja:wzgl\u0119dna}.tdb_single_content .id_ad_content-poziom-lewy,.tdb_single_content .id_ad_content-poziom-prawy,.tdb_single_content .id_ad_content-horiz-center{margines dolny:15px}.tdb_single_content .id_ad_content-horiz-lewy img,.tdb_single_content .id_ad_content-horiz-prawy img,.tdb_single_content .id_ad_content-horiz-center img{margines dolny:0}.tdb_single_content .id_ad_content-horiz-center{wyr\u00f3wnanie tekstu:\u015brodek}.tdb_single_content .id_ad_content-horiz-center img{margines prawy:auto;margines lewy:auto}.tdb_single_content .id_ad_content-horiz-left{float:lewy;margines g\u00f3rny:9px;margines prawy:21px}.tdb_single_content .id_ad_content-horiz-right{float:right;margines-g\u00f3rny:6px;margines-lewy:21px}.tdb_single_content .tdc-a-ad .tdc-placeholder-title{szeroko\u015b\u0107:300px;wysoko\u015b\u0107:250px}.tdb_single_content .tdc-a-ad .tdc-placeholder-title:before{pozycja:absolutna;g\u00f3ra:50%;-webkit-transform:translateY(-50%);przekszta\u0142cenie:translateY(-50%);margines:auto;wy\u015bwietlanie:tabela;szeroko\u015b\u0107:100%}.tdb_single_content .tdb-block-inner.td-fix-index{word-break:break-word}.tdi_48,.tdi_48>p,.tdi_48 .tdb-block-inner>p{rozmiar-czcionki:16px!wa\u017cne;wysoko\u015b\u0107-linii:1.6!wa\u017cne}.tdi_48 .tdb-block-inner cytat p{styl-czcionki:normalny!wa\u017cne}@media (maks. szeroko\u015b\u0107:767px){.tdb_single_content .id_ad_content-poziom-lewo,.tdb_single_content .id_ad_content-poziom-prawo,.tdb_single_content .id_ad_content-poziom-\u015brodek{margines:0 auto 26px auto}}@media (maks. szeroko\u015b\u0107:767px){.tdb_single_content .id_ad_content-poziom-lewo{margines-prawy:0}}@media (maks. szeroko\u015b\u0107:767px){.tdb_single_content .id_ad_content-horiz-right{margines-lewy:0}}@media (maksymalna szeroko\u015b\u0107:767px){.tdb_single_content .td-a-ad{float:none;wyr\u00f3wnanie tekstu:\u015brodek}.tdb_single_content .td-a-ad img{margines-prawy:auto;margines-lewy:auto}.tdb_single_content .tdc-a-ad{float:none}}<\/style>\n<div class=\"tdb-block-inner td-fix-index\">\n<p>Juventus Turyn po\u017cegna\u0142 emocjonalnie Wojciecha Szcz\u0119snego, kt\u00f3ry przez siedem lat by\u0142 bramkarzem klubu. Ceremonia po\u017cegnania odby\u0142a si\u0119 przed bezbramkowym remisem Juventusu z Napoli w meczu Serie A.<\/p>\n<p>34-letni Szcz\u0119sny zosta\u0142 powitany na boisku po rozgrzewce, a m\u0142odzi bramkarze z akademii Juventusu utworzyli dla niego wart\u0119 honorow\u0105. Polski bramkarz otrzyma\u0142 pami\u0105tkow\u0105 koszulk\u0119 z numerem 252, symbolizuj\u0105c\u0105 \u0142\u0105czn\u0105 liczb\u0119 wyst\u0119p\u00f3w w dru\u017cynie Turynu.<\/p>\n<p>W pe\u0142nym emocji przem\u00f3wieniu do kibicuj\u0105cych fan\u00f3w Szcz\u0119sny wyrazi\u0142 swoj\u0105 wdzi\u0119czno\u015b\u0107: \u201eDzi\u0119kuj\u0119 wam wszystkim za siedem lat mi\u0142o\u015bci. Sprawili\u015bcie, \u017ce poczu\u0142em si\u0119 kochany i szanowany. Sprawili\u015bcie, \u017ce poczu\u0142em si\u0119 jak w domu. Jeste\u015bcie moj\u0105 rodzin\u0105\u201d.<\/p>\n<p>Szcz\u0119sny do\u0142\u0105czy\u0142 do Juventusu w lipcu 2017 r., pocz\u0105tkowo pe\u0142ni\u0105c funkcj\u0119 zmiennika legendarnego bramkarza Gianluigiego Buffona. Jednak od nast\u0119pnego sezonu Szcz\u0119sny przej\u0105\u0142 rol\u0119 pierwszego bramkarza dru\u017cyny, zdobywaj\u0105c tytu\u0142 Serie A trzy razy i zachowuj\u0105c 103 czyste konta w ca\u0142ej swojej karierze w Juventusie.<\/p>\n<blockquote class=\"twitter-tweet\" data-media-max-width=\"560\">\n<p lang=\"it\" dir=\"ltr\">Metoda Bentornato \ud83e\udd0d\ud83d\udda4 <a rel=\"nofollow\" href=\"https:\/\/t.co\/jX3i5uRHTj\">fot.twitter.com\/jX3i5uRHTj<\/a><\/p>\n<p>\u2014 JuventusFC (@juventusfc) <a rel=\"nofollow\" href=\"https:\/\/twitter.com\/juventusfc\/status\/1837521000939872596?ref_src=twsrc%5Etfw\">21 wrze\u015bnia 2024 r.<\/a><\/p><\/blockquote>\n<p>Przed obecnym sezonem Juventus zdecydowa\u0142 si\u0119 na m\u0142odszego bramkarza, 27-letniego Michele Di Gregorio. Szcz\u0119sny wsp\u00f3lnie zgodzi\u0142 si\u0119 na rozwi\u0105zanie kontraktu i wkr\u00f3tce potem og\u0142osi\u0142 zako\u0144czenie kariery pi\u0142karskiej. Di Gregorio jak dot\u0105d radzi\u0142 sobie dobrze, zachowuj\u0105c czyste konto w sobotnim meczu, a Juventus nie straci\u0142 jeszcze gola w tym sezonie.<\/p>\n<p>Pomimo solidnej obrony Juventus ma problemy w ofensywie, notuj\u0105c trzeci z rz\u0119du bezbramkowy remis. Obecnie zajmuj\u0105 czwarte miejsce w tabeli Serie A. Arkadiusz Milik, kolejny polski zawodnik w sk\u0142adzie Juventusu, pauzuje z powodu kontuzji kolana.<\/p>\n<\/div>\n<\/div>\n<p><script async src=\"https:\/\/platform.twitter.com\/widgets.js\" charset=\"utf-8\"><\/script><\/p>\n","protected":false},"excerpt":{"rendered":"<p>Juventus Turyn po\u017cegna\u0142 emocjonalnie Wojciecha Szcz\u0119snego, kt\u00f3ry przez siedem lat by\u0142 bramkarzem klubu. Ceremonia po\u017cegnania odby\u0142a si\u0119 przed bezbramkowym remisem<\/p>\n","protected":false},"author":1,"featured_media":843,"comment_status":"closed","ping_status":"","sticky":false,"template":"","format":"standard","meta":{"footnotes":""},"categories":[118],"tags":[1419,1422,1421,214,150,1420,1423,543,542,1418,453],"class_list":["post-842","post","type-post","status-publish","format-standard","has-post-thumbnail","hentry","category-lekkoatletyka","tag-juventus","tag-kochany","tag-poczulem","tag-przez","tag-sie","tag-sprawiles","tag-szanowany","tag-szczesny","tag-wojciech","tag-wyrozniony","tag-ze","generate-columns","tablet-grid-50","mobile-grid-100","grid-parent","grid-50","resize-featured-image"],"yoast_head":"<!-- This site is optimized with the Yoast SEO plugin v23.2 - https:\/\/yoast.com\/wordpress\/plugins\/seo\/ -->\n<title>Wojciech Szcz\u0119sny wyr\u00f3\u017cniony przez Juventus: \u201eSprawi\u0142e\u015b, \u017ce poczu\u0142em si\u0119 kochany i szanowany\u201d - POGOTOWIE FLAGOWE\u00ae<\/title>\n<meta name=\"robots\" content=\"index, follow, max-snippet:-1, max-image-preview:large, max-video-preview:-1\" \/>\n<link rel=\"canonical\" href=\"https:\/\/www.pogotowieflagowe.pl\/aktualne\/wojciech-szczesny-wyrozniony-przez-juventus-sprawiles-ze-poczulem-sie-kochany-i-szanowany\/\" \/>\n<meta property=\"og:locale\" content=\"pl_PL\" \/>\n<meta property=\"og:type\" content=\"article\" \/>\n<meta property=\"og:title\" content=\"Wojciech Szcz\u0119sny wyr\u00f3\u017cniony przez Juventus: \u201eSprawi\u0142e\u015b, \u017ce poczu\u0142em si\u0119 kochany i szanowany\u201d - POGOTOWIE FLAGOWE\u00ae\" \/>\n<meta property=\"og:description\" content=\"Juventus Turyn po\u017cegna\u0142 emocjonalnie Wojciecha Szcz\u0119snego, kt\u00f3ry przez siedem lat by\u0142 bramkarzem klubu. Ceremonia po\u017cegnania odby\u0142a si\u0119 przed bezbramkowym remisem\" \/>\n<meta property=\"og:url\" content=\"https:\/\/www.pogotowieflagowe.pl\/aktualne\/wojciech-szczesny-wyrozniony-przez-juventus-sprawiles-ze-poczulem-sie-kochany-i-szanowany\/\" \/>\n<meta property=\"og:site_name\" content=\"POGOTOWIE FLAGOWE\u00ae\" \/>\n<meta property=\"article:published_time\" content=\"2024-09-22T11:46:52+00:00\" \/>\n<meta property=\"article:modified_time\" content=\"2024-09-22T11:46:53+00:00\" \/>\n<meta property=\"og:image\" content=\"https:\/\/www.pogotowieflagowe.pl\/aktualne\/wp-content\/uploads\/2024\/09\/Wojciech-Szczesny-wyrozniony-przez-Juventus-\u201eSprawiles-ze-poczulem-sie-kochany.jpg\" \/>\n\t<meta property=\"og:image:width\" content=\"600\" \/>\n\t<meta property=\"og:image:height\" content=\"420\" \/>\n\t<meta property=\"og:image:type\" content=\"image\/jpeg\" \/>\n<meta name=\"author\" content=\"Filip\" \/>\n<meta name=\"twitter:card\" content=\"summary_large_image\" \/>\n<meta name=\"twitter:label1\" content=\"Napisane przez\" \/>\n\t<meta name=\"twitter:data1\" content=\"Filip\" \/>\n\t<meta name=\"twitter:label2\" content=\"Szacowany czas czytania\" \/>\n\t<meta name=\"twitter:data2\" content=\"1 minuta\" \/>\n<script type=\"application\/ld+json\" class=\"yoast-schema-graph\">{\"@context\":\"https:\/\/schema.org\",\"@graph\":[{\"@type\":\"Article\",\"@id\":\"https:\/\/www.pogotowieflagowe.pl\/aktualne\/wojciech-szczesny-wyrozniony-przez-juventus-sprawiles-ze-poczulem-sie-kochany-i-szanowany\/#article\",\"isPartOf\":{\"@id\":\"https:\/\/www.pogotowieflagowe.pl\/aktualne\/wojciech-szczesny-wyrozniony-przez-juventus-sprawiles-ze-poczulem-sie-kochany-i-szanowany\/\"},\"author\":{\"name\":\"Filip\",\"@id\":\"https:\/\/www.pogotowieflagowe.pl\/aktualne\/#\/schema\/person\/9c2fb7d2362ebf6fa088960d7f0d27b0\"},\"headline\":\"Wojciech Szcz\u0119sny wyr\u00f3\u017cniony przez Juventus: \u201eSprawi\u0142e\u015b, \u017ce poczu\u0142em si\u0119 kochany i szanowany\u201d\",\"datePublished\":\"2024-09-22T11:46:52+00:00\",\"dateModified\":\"2024-09-22T11:46:53+00:00\",\"mainEntityOfPage\":{\"@id\":\"https:\/\/www.pogotowieflagowe.pl\/aktualne\/wojciech-szczesny-wyrozniony-przez-juventus-sprawiles-ze-poczulem-sie-kochany-i-szanowany\/\"},\"wordCount\":299,\"publisher\":{\"@id\":\"https:\/\/www.pogotowieflagowe.pl\/aktualne\/#organization\"},\"image\":{\"@id\":\"https:\/\/www.pogotowieflagowe.pl\/aktualne\/wojciech-szczesny-wyrozniony-przez-juventus-sprawiles-ze-poczulem-sie-kochany-i-szanowany\/#primaryimage\"},\"thumbnailUrl\":\"https:\/\/www.pogotowieflagowe.pl\/aktualne\/wp-content\/uploads\/2024\/09\/Wojciech-Szczesny-wyrozniony-przez-Juventus-\u201eSprawiles-ze-poczulem-sie-kochany.jpg\",\"keywords\":[\"Juventus\",\"kochany\",\"poczu\u0142em\",\"przez\",\"si\u0119\",\"Sprawi\u0142e\u015b\",\"szanowany\",\"Szcz\u0119sny\",\"Wojciech\",\"wyr\u00f3\u017cniony\",\"\u017ce\"],\"articleSection\":[\"Lekkoatletyka\"],\"inLanguage\":\"pl-PL\"},{\"@type\":\"WebPage\",\"@id\":\"https:\/\/www.pogotowieflagowe.pl\/aktualne\/wojciech-szczesny-wyrozniony-przez-juventus-sprawiles-ze-poczulem-sie-kochany-i-szanowany\/\",\"url\":\"https:\/\/www.pogotowieflagowe.pl\/aktualne\/wojciech-szczesny-wyrozniony-przez-juventus-sprawiles-ze-poczulem-sie-kochany-i-szanowany\/\",\"name\":\"Wojciech Szcz\u0119sny wyr\u00f3\u017cniony przez Juventus: \u201eSprawi\u0142e\u015b, \u017ce poczu\u0142em si\u0119 kochany i szanowany\u201d - POGOTOWIE FLAGOWE\u00ae\",\"isPartOf\":{\"@id\":\"https:\/\/www.pogotowieflagowe.pl\/aktualne\/#website\"},\"primaryImageOfPage\":{\"@id\":\"https:\/\/www.pogotowieflagowe.pl\/aktualne\/wojciech-szczesny-wyrozniony-przez-juventus-sprawiles-ze-poczulem-sie-kochany-i-szanowany\/#primaryimage\"},\"image\":{\"@id\":\"https:\/\/www.pogotowieflagowe.pl\/aktualne\/wojciech-szczesny-wyrozniony-przez-juventus-sprawiles-ze-poczulem-sie-kochany-i-szanowany\/#primaryimage\"},\"thumbnailUrl\":\"https:\/\/www.pogotowieflagowe.pl\/aktualne\/wp-content\/uploads\/2024\/09\/Wojciech-Szczesny-wyrozniony-przez-Juventus-\u201eSprawiles-ze-poczulem-sie-kochany.jpg\",\"datePublished\":\"2024-09-22T11:46:52+00:00\",\"dateModified\":\"2024-09-22T11:46:53+00:00\",\"breadcrumb\":{\"@id\":\"https:\/\/www.pogotowieflagowe.pl\/aktualne\/wojciech-szczesny-wyrozniony-przez-juventus-sprawiles-ze-poczulem-sie-kochany-i-szanowany\/#breadcrumb\"},\"inLanguage\":\"pl-PL\",\"potentialAction\":[{\"@type\":\"ReadAction\",\"target\":[\"https:\/\/www.pogotowieflagowe.pl\/aktualne\/wojciech-szczesny-wyrozniony-przez-juventus-sprawiles-ze-poczulem-sie-kochany-i-szanowany\/\"]}]},{\"@type\":\"ImageObject\",\"inLanguage\":\"pl-PL\",\"@id\":\"https:\/\/www.pogotowieflagowe.pl\/aktualne\/wojciech-szczesny-wyrozniony-przez-juventus-sprawiles-ze-poczulem-sie-kochany-i-szanowany\/#primaryimage\",\"url\":\"https:\/\/www.pogotowieflagowe.pl\/aktualne\/wp-content\/uploads\/2024\/09\/Wojciech-Szczesny-wyrozniony-przez-Juventus-\u201eSprawiles-ze-poczulem-sie-kochany.jpg\",\"contentUrl\":\"https:\/\/www.pogotowieflagowe.pl\/aktualne\/wp-content\/uploads\/2024\/09\/Wojciech-Szczesny-wyrozniony-przez-Juventus-\u201eSprawiles-ze-poczulem-sie-kochany.jpg\",\"width\":600,\"height\":420,\"caption\":\"Wojciech Szcz\u0119sny wyr\u00f3\u017cniony przez Juventus: \u201eSprawi\u0142e\u015b, \u017ce poczu\u0142em si\u0119 kochany i szanowany\u201d\"},{\"@type\":\"BreadcrumbList\",\"@id\":\"https:\/\/www.pogotowieflagowe.pl\/aktualne\/wojciech-szczesny-wyrozniony-przez-juventus-sprawiles-ze-poczulem-sie-kochany-i-szanowany\/#breadcrumb\",\"itemListElement\":[{\"@type\":\"ListItem\",\"position\":1,\"name\":\"Home\",\"item\":\"https:\/\/www.pogotowieflagowe.pl\/aktualne\/\"},{\"@type\":\"ListItem\",\"position\":2,\"name\":\"Wojciech Szcz\u0119sny wyr\u00f3\u017cniony przez Juventus: \u201eSprawi\u0142e\u015b, \u017ce poczu\u0142em si\u0119 kochany i szanowany\u201d\"}]},{\"@type\":\"WebSite\",\"@id\":\"https:\/\/www.pogotowieflagowe.pl\/aktualne\/#website\",\"url\":\"https:\/\/www.pogotowieflagowe.pl\/aktualne\/\",\"name\":\"POGOTOWIE FLAGOWE\u00ae\",\"description\":\"\",\"publisher\":{\"@id\":\"https:\/\/www.pogotowieflagowe.pl\/aktualne\/#organization\"},\"potentialAction\":[{\"@type\":\"SearchAction\",\"target\":{\"@type\":\"EntryPoint\",\"urlTemplate\":\"https:\/\/www.pogotowieflagowe.pl\/aktualne\/?s={search_term_string}\"},\"query-input\":\"required name=search_term_string\"}],\"inLanguage\":\"pl-PL\"},{\"@type\":\"Organization\",\"@id\":\"https:\/\/www.pogotowieflagowe.pl\/aktualne\/#organization\",\"name\":\"POGOTOWIE FLAGOWE\u00ae\",\"url\":\"https:\/\/www.pogotowieflagowe.pl\/aktualne\/\",\"logo\":{\"@type\":\"ImageObject\",\"inLanguage\":\"pl-PL\",\"@id\":\"https:\/\/www.pogotowieflagowe.pl\/aktualne\/#\/schema\/logo\/image\/\",\"url\":\"https:\/\/www.pogotowieflagowe.pl\/aktualne\/wp-content\/uploads\/2024\/08\/cropped-pogotowieflagowe_flaga_projekt_sm.jpg\",\"contentUrl\":\"https:\/\/www.pogotowieflagowe.pl\/aktualne\/wp-content\/uploads\/2024\/08\/cropped-pogotowieflagowe_flaga_projekt_sm.jpg\",\"width\":250,\"height\":143,\"caption\":\"POGOTOWIE FLAGOWE\u00ae\"},\"image\":{\"@id\":\"https:\/\/www.pogotowieflagowe.pl\/aktualne\/#\/schema\/logo\/image\/\"}},{\"@type\":\"Person\",\"@id\":\"https:\/\/www.pogotowieflagowe.pl\/aktualne\/#\/schema\/person\/9c2fb7d2362ebf6fa088960d7f0d27b0\",\"name\":\"Filip\",\"image\":{\"@type\":\"ImageObject\",\"inLanguage\":\"pl-PL\",\"@id\":\"https:\/\/www.pogotowieflagowe.pl\/aktualne\/#\/schema\/person\/image\/\",\"url\":\"https:\/\/www.pogotowieflagowe.pl\/aktualne\/wp-content\/uploads\/2024\/08\/pogotowieflagowe.pl_.jpg\",\"contentUrl\":\"https:\/\/www.pogotowieflagowe.pl\/aktualne\/wp-content\/uploads\/2024\/08\/pogotowieflagowe.pl_.jpg\",\"caption\":\"Filip\"},\"description\":\"Jestem Filip, polski dziennikarz z dyplomem nauk politycznych Uniwersytetu Warszawskiego. Rozpoczynaj\u0105c swoj\u0105 karier\u0119 w r\u00f3\u017cnych lokalnych mediach, zdoby\u0142em solidne do\u015bwiadczenie w zakresie \u015bledztwa i redakcji. Obecnie jako redaktor w Pogotowie flagowe, staram si\u0119 dostarcza\u0107 dog\u0142\u0119bne i istotne analizy na temat najwa\u017cniejszych kwestii aktualno\u015bci, \u0142\u0105cz\u0105c rygor z pasj\u0105 dziennikarsk\u0105.\",\"sameAs\":[\"https:\/\/www.pogotowieflagowe.pl\/\"]}]}<\/script>\n<!-- \/ Yoast SEO plugin. -->","yoast_head_json":{"title":"Wojciech Szcz\u0119sny wyr\u00f3\u017cniony przez Juventus: \u201eSprawi\u0142e\u015b, \u017ce poczu\u0142em si\u0119 kochany i szanowany\u201d - POGOTOWIE FLAGOWE\u00ae","robots":{"index":"index","follow":"follow","max-snippet":"max-snippet:-1","max-image-preview":"max-image-preview:large","max-video-preview":"max-video-preview:-1"},"canonical":"https:\/\/www.pogotowieflagowe.pl\/aktualne\/wojciech-szczesny-wyrozniony-przez-juventus-sprawiles-ze-poczulem-sie-kochany-i-szanowany\/","og_locale":"pl_PL","og_type":"article","og_title":"Wojciech Szcz\u0119sny wyr\u00f3\u017cniony przez Juventus: \u201eSprawi\u0142e\u015b, \u017ce poczu\u0142em si\u0119 kochany i szanowany\u201d - POGOTOWIE FLAGOWE\u00ae","og_description":"Juventus Turyn po\u017cegna\u0142 emocjonalnie Wojciecha Szcz\u0119snego, kt\u00f3ry przez siedem lat by\u0142 bramkarzem klubu. Ceremonia po\u017cegnania odby\u0142a si\u0119 przed bezbramkowym remisem","og_url":"https:\/\/www.pogotowieflagowe.pl\/aktualne\/wojciech-szczesny-wyrozniony-przez-juventus-sprawiles-ze-poczulem-sie-kochany-i-szanowany\/","og_site_name":"POGOTOWIE FLAGOWE\u00ae","article_published_time":"2024-09-22T11:46:52+00:00","article_modified_time":"2024-09-22T11:46:53+00:00","og_image":[{"width":600,"height":420,"url":"https:\/\/www.pogotowieflagowe.pl\/aktualne\/wp-content\/uploads\/2024\/09\/Wojciech-Szczesny-wyrozniony-przez-Juventus-\u201eSprawiles-ze-poczulem-sie-kochany.jpg","type":"image\/jpeg"}],"author":"Filip","twitter_card":"summary_large_image","twitter_misc":{"Napisane przez":"Filip","Szacowany czas czytania":"1 minuta"},"schema":{"@context":"https:\/\/schema.org","@graph":[{"@type":"Article","@id":"https:\/\/www.pogotowieflagowe.pl\/aktualne\/wojciech-szczesny-wyrozniony-przez-juventus-sprawiles-ze-poczulem-sie-kochany-i-szanowany\/#article","isPartOf":{"@id":"https:\/\/www.pogotowieflagowe.pl\/aktualne\/wojciech-szczesny-wyrozniony-przez-juventus-sprawiles-ze-poczulem-sie-kochany-i-szanowany\/"},"author":{"name":"Filip","@id":"https:\/\/www.pogotowieflagowe.pl\/aktualne\/#\/schema\/person\/9c2fb7d2362ebf6fa088960d7f0d27b0"},"headline":"Wojciech Szcz\u0119sny wyr\u00f3\u017cniony przez Juventus: \u201eSprawi\u0142e\u015b, \u017ce poczu\u0142em si\u0119 kochany i szanowany\u201d","datePublished":"2024-09-22T11:46:52+00:00","dateModified":"2024-09-22T11:46:53+00:00","mainEntityOfPage":{"@id":"https:\/\/www.pogotowieflagowe.pl\/aktualne\/wojciech-szczesny-wyrozniony-przez-juventus-sprawiles-ze-poczulem-sie-kochany-i-szanowany\/"},"wordCount":299,"publisher":{"@id":"https:\/\/www.pogotowieflagowe.pl\/aktualne\/#organization"},"image":{"@id":"https:\/\/www.pogotowieflagowe.pl\/aktualne\/wojciech-szczesny-wyrozniony-przez-juventus-sprawiles-ze-poczulem-sie-kochany-i-szanowany\/#primaryimage"},"thumbnailUrl":"https:\/\/www.pogotowieflagowe.pl\/aktualne\/wp-content\/uploads\/2024\/09\/Wojciech-Szczesny-wyrozniony-przez-Juventus-\u201eSprawiles-ze-poczulem-sie-kochany.jpg","keywords":["Juventus","kochany","poczu\u0142em","przez","si\u0119","Sprawi\u0142e\u015b","szanowany","Szcz\u0119sny","Wojciech","wyr\u00f3\u017cniony","\u017ce"],"articleSection":["Lekkoatletyka"],"inLanguage":"pl-PL"},{"@type":"WebPage","@id":"https:\/\/www.pogotowieflagowe.pl\/aktualne\/wojciech-szczesny-wyrozniony-przez-juventus-sprawiles-ze-poczulem-sie-kochany-i-szanowany\/","url":"https:\/\/www.pogotowieflagowe.pl\/aktualne\/wojciech-szczesny-wyrozniony-przez-juventus-sprawiles-ze-poczulem-sie-kochany-i-szanowany\/","name":"Wojciech Szcz\u0119sny wyr\u00f3\u017cniony przez Juventus: \u201eSprawi\u0142e\u015b, \u017ce poczu\u0142em si\u0119 kochany i szanowany\u201d - POGOTOWIE FLAGOWE\u00ae","isPartOf":{"@id":"https:\/\/www.pogotowieflagowe.pl\/aktualne\/#website"},"primaryImageOfPage":{"@id":"https:\/\/www.pogotowieflagowe.pl\/aktualne\/wojciech-szczesny-wyrozniony-przez-juventus-sprawiles-ze-poczulem-sie-kochany-i-szanowany\/#primaryimage"},"image":{"@id":"https:\/\/www.pogotowieflagowe.pl\/aktualne\/wojciech-szczesny-wyrozniony-przez-juventus-sprawiles-ze-poczulem-sie-kochany-i-szanowany\/#primaryimage"},"thumbnailUrl":"https:\/\/www.pogotowieflagowe.pl\/aktualne\/wp-content\/uploads\/2024\/09\/Wojciech-Szczesny-wyrozniony-przez-Juventus-\u201eSprawiles-ze-poczulem-sie-kochany.jpg","datePublished":"2024-09-22T11:46:52+00:00","dateModified":"2024-09-22T11:46:53+00:00","breadcrumb":{"@id":"https:\/\/www.pogotowieflagowe.pl\/aktualne\/wojciech-szczesny-wyrozniony-przez-juventus-sprawiles-ze-poczulem-sie-kochany-i-szanowany\/#breadcrumb"},"inLanguage":"pl-PL","potentialAction":[{"@type":"ReadAction","target":["https:\/\/www.pogotowieflagowe.pl\/aktualne\/wojciech-szczesny-wyrozniony-przez-juventus-sprawiles-ze-poczulem-sie-kochany-i-szanowany\/"]}]},{"@type":"ImageObject","inLanguage":"pl-PL","@id":"https:\/\/www.pogotowieflagowe.pl\/aktualne\/wojciech-szczesny-wyrozniony-przez-juventus-sprawiles-ze-poczulem-sie-kochany-i-szanowany\/#primaryimage","url":"https:\/\/www.pogotowieflagowe.pl\/aktualne\/wp-content\/uploads\/2024\/09\/Wojciech-Szczesny-wyrozniony-przez-Juventus-\u201eSprawiles-ze-poczulem-sie-kochany.jpg","contentUrl":"https:\/\/www.pogotowieflagowe.pl\/aktualne\/wp-content\/uploads\/2024\/09\/Wojciech-Szczesny-wyrozniony-przez-Juventus-\u201eSprawiles-ze-poczulem-sie-kochany.jpg","width":600,"height":420,"caption":"Wojciech Szcz\u0119sny wyr\u00f3\u017cniony przez Juventus: \u201eSprawi\u0142e\u015b, \u017ce poczu\u0142em si\u0119 kochany i szanowany\u201d"},{"@type":"BreadcrumbList","@id":"https:\/\/www.pogotowieflagowe.pl\/aktualne\/wojciech-szczesny-wyrozniony-przez-juventus-sprawiles-ze-poczulem-sie-kochany-i-szanowany\/#breadcrumb","itemListElement":[{"@type":"ListItem","position":1,"name":"Home","item":"https:\/\/www.pogotowieflagowe.pl\/aktualne\/"},{"@type":"ListItem","position":2,"name":"Wojciech Szcz\u0119sny wyr\u00f3\u017cniony przez Juventus: \u201eSprawi\u0142e\u015b, \u017ce poczu\u0142em si\u0119 kochany i szanowany\u201d"}]},{"@type":"WebSite","@id":"https:\/\/www.pogotowieflagowe.pl\/aktualne\/#website","url":"https:\/\/www.pogotowieflagowe.pl\/aktualne\/","name":"POGOTOWIE FLAGOWE\u00ae","description":"","publisher":{"@id":"https:\/\/www.pogotowieflagowe.pl\/aktualne\/#organization"},"potentialAction":[{"@type":"SearchAction","target":{"@type":"EntryPoint","urlTemplate":"https:\/\/www.pogotowieflagowe.pl\/aktualne\/?s={search_term_string}"},"query-input":"required name=search_term_string"}],"inLanguage":"pl-PL"},{"@type":"Organization","@id":"https:\/\/www.pogotowieflagowe.pl\/aktualne\/#organization","name":"POGOTOWIE FLAGOWE\u00ae","url":"https:\/\/www.pogotowieflagowe.pl\/aktualne\/","logo":{"@type":"ImageObject","inLanguage":"pl-PL","@id":"https:\/\/www.pogotowieflagowe.pl\/aktualne\/#\/schema\/logo\/image\/","url":"https:\/\/www.pogotowieflagowe.pl\/aktualne\/wp-content\/uploads\/2024\/08\/cropped-pogotowieflagowe_flaga_projekt_sm.jpg","contentUrl":"https:\/\/www.pogotowieflagowe.pl\/aktualne\/wp-content\/uploads\/2024\/08\/cropped-pogotowieflagowe_flaga_projekt_sm.jpg","width":250,"height":143,"caption":"POGOTOWIE FLAGOWE\u00ae"},"image":{"@id":"https:\/\/www.pogotowieflagowe.pl\/aktualne\/#\/schema\/logo\/image\/"}},{"@type":"Person","@id":"https:\/\/www.pogotowieflagowe.pl\/aktualne\/#\/schema\/person\/9c2fb7d2362ebf6fa088960d7f0d27b0","name":"Filip","image":{"@type":"ImageObject","inLanguage":"pl-PL","@id":"https:\/\/www.pogotowieflagowe.pl\/aktualne\/#\/schema\/person\/image\/","url":"https:\/\/www.pogotowieflagowe.pl\/aktualne\/wp-content\/uploads\/2024\/08\/pogotowieflagowe.pl_.jpg","contentUrl":"https:\/\/www.pogotowieflagowe.pl\/aktualne\/wp-content\/uploads\/2024\/08\/pogotowieflagowe.pl_.jpg","caption":"Filip"},"description":"Jestem Filip, polski dziennikarz z dyplomem nauk politycznych Uniwersytetu Warszawskiego. Rozpoczynaj\u0105c swoj\u0105 karier\u0119 w r\u00f3\u017cnych lokalnych mediach, zdoby\u0142em solidne do\u015bwiadczenie w zakresie \u015bledztwa i redakcji. Obecnie jako redaktor w Pogotowie flagowe, staram si\u0119 dostarcza\u0107 dog\u0142\u0119bne i istotne analizy na temat najwa\u017cniejszych kwestii aktualno\u015bci, \u0142\u0105cz\u0105c rygor z pasj\u0105 dziennikarsk\u0105.","sameAs":["https:\/\/www.pogotowieflagowe.pl\/"]}]}},"_links":{"self":[{"href":"https:\/\/www.pogotowieflagowe.pl\/aktualne\/wp-json\/wp\/v2\/posts\/842","targetHints":{"allow":["GET"]}}],"collection":[{"href":"https:\/\/www.pogotowieflagowe.pl\/aktualne\/wp-json\/wp\/v2\/posts"}],"about":[{"href":"https:\/\/www.pogotowieflagowe.pl\/aktualne\/wp-json\/wp\/v2\/types\/post"}],"author":[{"embeddable":true,"href":"https:\/\/www.pogotowieflagowe.pl\/aktualne\/wp-json\/wp\/v2\/users\/1"}],"replies":[{"embeddable":true,"href":"https:\/\/www.pogotowieflagowe.pl\/aktualne\/wp-json\/wp\/v2\/comments?post=842"}],"version-history":[{"count":1,"href":"https:\/\/www.pogotowieflagowe.pl\/aktualne\/wp-json\/wp\/v2\/posts\/842\/revisions"}],"predecessor-version":[{"id":844,"href":"https:\/\/www.pogotowieflagowe.pl\/aktualne\/wp-json\/wp\/v2\/posts\/842\/revisions\/844"}],"wp:featuredmedia":[{"embeddable":true,"href":"https:\/\/www.pogotowieflagowe.pl\/aktualne\/wp-json\/wp\/v2\/media\/843"}],"wp:attachment":[{"href":"https:\/\/www.pogotowieflagowe.pl\/aktualne\/wp-json\/wp\/v2\/media?parent=842"}],"wp:term":[{"taxonomy":"category","embeddable":true,"href":"https:\/\/www.pogotowieflagowe.pl\/aktualne\/wp-json\/wp\/v2\/categories?post=842"},{"taxonomy":"post_tag","embeddable":true,"href":"https:\/\/www.pogotowieflagowe.pl\/aktualne\/wp-json\/wp\/v2\/tags?post=842"}],"curies":[{"name":"wp","href":"https:\/\/api.w.org\/{rel}","templated":true}]}}