{"id":877,"date":"2024-09-23T23:53:29","date_gmt":"2024-09-23T21:53:29","guid":{"rendered":"https:\/\/www.pogotowieflagowe.pl\/aktualne\/odsloniecie-pomnika-solidarnosci-w-doylestown-hold-dla-bohaterow\/"},"modified":"2024-09-23T23:53:32","modified_gmt":"2024-09-23T21:53:32","slug":"odsloniecie-pomnika-solidarnosci-w-doylestown-hold-dla-bohaterow","status":"publish","type":"post","link":"https:\/\/www.pogotowieflagowe.pl\/aktualne\/odsloniecie-pomnika-solidarnosci-w-doylestown-hold-dla-bohaterow\/","title":{"rendered":"Ods\u0142oni\u0119cie Pomnika Solidarno\u015bci w Doylestown: Ho\u0142d dla Bohater\u00f3w"},"content":{"rendered":"\n<div class=\"td_block_wrap tdb_single_content tdi_48 td-pb-border-top td_block_template_8 td-post-content tagdiv-type\" data-td-block-uid=\"tdi_48\">\n<style>.tdi_48{margines g\u00f3rny:0px!wa\u017cne;margines dolny:0px!wa\u017cne;wype\u0142nienie g\u00f3rne:0px!wa\u017cne;wype\u0142nienie dolne:0px!wa\u017cne}<\/style>\n<style>.tdb_single_content{margines-dolny:0;*powi\u0119kszenie:1}.tdb_single_content:before,.tdb_single_content:after{wy\u015bwietlanie:tabela;zawarto\u015b\u0107:'';wysoko\u015b\u0107-linii:0}.tdb_single_content:after{wyczy\u015b\u0107:oba}.tdb_single_content .tdb-block-inner>*:not(.wp-block-quote):not(.alignwide):not(.alignfull.wp-block-cover.has-parallax):not(.td-a-ad){margines-lewy:auto;margines-prawy:auto}.tdb_single_content a{zdarzenia-wska\u017anika:auto}.tdb_single_content .td-spot-id-top_ad .tdc-placeholder-title:before{zawarto\u015b\u0107:'Pocz\u0105tek artyku\u0142u Reklama'!important}.tdb_single_content .td-spot-id-inline_ad0 .tdc-placeholder-title:before{content:'Reklama inline artyku\u0142u 1'!important}.tdb_single_content .td-spot-id-inline_ad1 .tdc-placeholder-title:before{content:'Reklama inline artyku\u0142u 2'!important}.tdb_single_content .td-spot-id-inline_ad2 .tdc-placeholder-title:before{content:'Reklama inline artyku\u0142u 3'!important}.tdb_single_content .td-spot-id-bottom_ad .tdc-placeholder-title:before{content:'Reklama dolna artyku\u0142u'!important}.tdb_single_content .id_top_ad,.tdb_single_content .id_bottom_ad{clear:both;margines-dolny:21px;wyr\u00f3wnanie-tekstu:\u015brodek}.tdb_single_content .id_top_ad img,.tdb_single_content .id_bottom_ad img{margines-dolny:0}.tdb_single_content .id_top_ad .adsbygoogle,.tdb_single_content .id_bottom_ad .adsbygoogle{pozycja:wzgl\u0119dna}.tdb_single_content .id_ad_content-poziom-lewy,.tdb_single_content .id_ad_content-poziom-prawy,.tdb_single_content .id_ad_content-horiz-center{margines dolny:15px}.tdb_single_content .id_ad_content-horiz-lewy img,.tdb_single_content .id_ad_content-horiz-prawy img,.tdb_single_content .id_ad_content-horiz-center img{margines dolny:0}.tdb_single_content .id_ad_content-horiz-center{wyr\u00f3wnanie tekstu:\u015brodek}.tdb_single_content .id_ad_content-horiz-center img{margines prawy:auto;margines lewy:auto}.tdb_single_content .id_ad_content-horiz-left{float:lewy;margines g\u00f3rny:9px;margines prawy:21px}.tdb_single_content .id_ad_content-horiz-right{float:right;margines-g\u00f3rny:6px;margines-lewy:21px}.tdb_single_content .tdc-a-ad .tdc-placeholder-title{szeroko\u015b\u0107:300px;wysoko\u015b\u0107:250px}.tdb_single_content .tdc-a-ad .tdc-placeholder-title:before{pozycja:absolutna;g\u00f3ra:50%;-webkit-transform:translateY(-50%);przekszta\u0142cenie:translateY(-50%);margines:auto;wy\u015bwietlanie:tabela;szeroko\u015b\u0107:100%}.tdb_single_content .tdb-block-inner.td-fix-index{word-break:break-word}.tdi_48,.tdi_48>p,.tdi_48 .tdb-block-inner>p{rozmiar-czcionki:16px!wa\u017cne;wysoko\u015b\u0107-linii:1.6!wa\u017cne}.tdi_48 .tdb-block-inner cytat p{styl-czcionki:normalny!wa\u017cne}@media (maks. szeroko\u015b\u0107:767px){.tdb_single_content .id_ad_content-poziom-lewo,.tdb_single_content .id_ad_content-poziom-prawo,.tdb_single_content .id_ad_content-poziom-\u015brodek{margines:0 auto 26px auto}}@media (maks. szeroko\u015b\u0107:767px){.tdb_single_content .id_ad_content-poziom-lewo{margines-prawy:0}}@media (maks. szeroko\u015b\u0107:767px){.tdb_single_content .id_ad_content-horiz-right{margines-lewy:0}}@media (maksymalna szeroko\u015b\u0107:767px){.tdb_single_content .td-a-ad{float:none;wyr\u00f3wnanie tekstu:\u015brodek}.tdb_single_content .td-a-ad img{margines-prawy:auto;margines-lewy:auto}.tdb_single_content .tdc-a-ad{float:none}}<\/style>\n<div class=\"tdb-block-inner td-fix-index\">\n<h2 class=\"wp-block-heading\">Uroczysto\u015b\u0107 w Doylestown ma na celu oddanie ho\u0142du walce Polak\u00f3w o wolno\u015b\u0107 i kluczowej roli Polak\u00f3w-Amerykan\u00f3w w walce o suwerenno\u015b\u0107.<\/h2>\n<p><strong>Przeczytaj tak\u017ce:<\/strong><\/p>\n<figure class=\"wp-block-embed is-type-wp-embed is-provider-polanddaily-24-com wp-block-embed-polanddaily-24-com\">\n<div class=\"wp-block-embed__wrapper\">\n<blockquote class=\"wp-embedded-content\" data-secret=\"VtvM6uZx77\"><p>Ods\u0142oni\u0119cie Pomnika Bohater\u00f3w Niepodleg\u0142o\u015bci i Solidarno\u015bci w Pensylwanii<\/p><\/blockquote>\n<p><iframe class=\"wp-embedded-content lazyload\" sandbox=\"allow-scripts\" security=\"restricted\" style=\"position: absolute; visibility: hidden;\" title=\"\u201cMonument to Independence Heroes and Solidarity Unveiled in Pennsylvania\u201d \u2014 PolandDaily24.com\" data-secret=\"VtvM6uZx77\" width=\"600\" height=\"338\" frameborder=\"0\" marginwidth=\"0\" marginheight=\"0\" scrolling=\"no\" data-src=\"https:\/\/polanddaily24.com\/monument-to-independence-heroes-and-solidarity-unveiled-in-pennsylvania\/news\/46361\/embed#?secret=VgTqKlBaJy#?secret=VtvM6uZx77\"><\/iframe>\n<\/div>\n<\/figure>\n<p>W serdecznej ceremonii w Stanach Zjednoczonych polscy przyw\u00f3dcy i znamienici go\u015bcie zebrali si\u0119, aby odda\u0107 ho\u0142d bohaterom walki Polski o niepodleg\u0142o\u015b\u0107. Ods\u0142oni\u0119cie Pomnika Solidarno\u015bci upami\u0119tnia tych, kt\u00f3rzy walczyli o woln\u0105 i suwerenn\u0105 Polsk\u0119, szczeg\u00f3lnie po 1944 r.<\/p>\n<h3 class=\"wp-block-heading\">Symbol jedno\u015bci i po\u015bwi\u0119cenia<\/h3>\n<p>Ten pomnik jest \u015bwiadectwem niezachwianej odwagi pokole\u0144, kt\u00f3re sprzeciwia\u0142y si\u0119 sowieckiej dominacji. Sanktuarium w Doylestown w Pensylwanii sta\u0142o si\u0119 duchowym drogowskazem dla Polak\u00f3w na ca\u0142ym \u015bwiecie, odzwierciedlaj\u0105c modlitwy o wolno\u015b\u0107 i suwerenno\u015b\u0107.<\/p>\n<h3 class=\"wp-block-heading\">Honorowanie wk\u0142adu Polonii Ameryka\u0144skiej<\/h3>\n<p>Wydarzenie podkre\u015bli\u0142o r\u00f3wnie\u017c kluczow\u0105 rol\u0119 spo\u0142eczno\u015bci polsko-ameryka\u0144skiej. Ich duchowe, polityczne i materialne wsparcie znacz\u0105co przyczyni\u0142o si\u0119 do ostatecznego wyzwolenia Polski. Jak podkre\u015blono podczas ceremonii, wi\u0119\u017a mi\u0119dzy USA a Polsk\u0105 pozostaje niezb\u0119dna dla utrzymania globalnego bezpiecze\u0144stwa i pokoju.<\/p>\n<h3 class=\"wp-block-heading\">Wezwanie do wzmocnienia wi\u0119zi<\/h3>\n<p>W obliczu przysz\u0142ych wyzwa\u0144, przed kt\u00f3rymi stoj\u0105 oba kraje, dziedzictwo ruchu Solidarno\u015b\u0107 s\u0142u\u017cy jako przypomnienie, \u017ce silny sojusz USA i Polski jest kluczowy dla zapewnienia globalnej stabilno\u015bci.<\/p>\n<\/div>\n<\/div>\n","protected":false},"excerpt":{"rendered":"<p>Uroczysto\u015b\u0107 w Doylestown ma na celu oddanie ho\u0142du walce Polak\u00f3w o wolno\u015b\u0107 i kluczowej roli Polak\u00f3w-Amerykan\u00f3w w walce o suwerenno\u015b\u0107.<\/p>\n","protected":false},"author":1,"featured_media":878,"comment_status":"closed","ping_status":"","sticky":false,"template":"","format":"standard","meta":{"footnotes":""},"categories":[44],"tags":[1488,131,1487,130,1203,1485,1486],"class_list":["post-877","post","type-post","status-publish","format-standard","has-post-thumbnail","hentry","category-polityka","tag-bohaterow","tag-dla","tag-doylestown","tag-hold","tag-odsloniecie","tag-pomnika","tag-solidarnosci","generate-columns","tablet-grid-50","mobile-grid-100","grid-parent","grid-50","resize-featured-image"],"yoast_head":"<!-- This site is optimized with the Yoast SEO plugin v23.2 - https:\/\/yoast.com\/wordpress\/plugins\/seo\/ -->\n<title>Ods\u0142oni\u0119cie Pomnika Solidarno\u015bci w Doylestown: Ho\u0142d dla Bohater\u00f3w - POGOTOWIE FLAGOWE\u00ae<\/title>\n<meta name=\"robots\" content=\"index, follow, max-snippet:-1, max-image-preview:large, max-video-preview:-1\" \/>\n<link rel=\"canonical\" href=\"https:\/\/www.pogotowieflagowe.pl\/aktualne\/odsloniecie-pomnika-solidarnosci-w-doylestown-hold-dla-bohaterow\/\" \/>\n<meta property=\"og:locale\" content=\"pl_PL\" \/>\n<meta property=\"og:type\" content=\"article\" \/>\n<meta property=\"og:title\" content=\"Ods\u0142oni\u0119cie Pomnika Solidarno\u015bci w Doylestown: Ho\u0142d dla Bohater\u00f3w - POGOTOWIE FLAGOWE\u00ae\" \/>\n<meta property=\"og:description\" content=\"Uroczysto\u015b\u0107 w Doylestown ma na celu oddanie ho\u0142du walce Polak\u00f3w o wolno\u015b\u0107 i kluczowej roli Polak\u00f3w-Amerykan\u00f3w w walce o suwerenno\u015b\u0107.\" \/>\n<meta property=\"og:url\" content=\"https:\/\/www.pogotowieflagowe.pl\/aktualne\/odsloniecie-pomnika-solidarnosci-w-doylestown-hold-dla-bohaterow\/\" \/>\n<meta property=\"og:site_name\" content=\"POGOTOWIE FLAGOWE\u00ae\" \/>\n<meta property=\"article:published_time\" content=\"2024-09-23T21:53:29+00:00\" \/>\n<meta property=\"article:modified_time\" content=\"2024-09-23T21:53:32+00:00\" \/>\n<meta property=\"og:image\" content=\"https:\/\/www.pogotowieflagowe.pl\/aktualne\/wp-content\/uploads\/2024\/09\/Odsloniecie-Pomnika-Solidarnosci-w-Doylestown-Hold-dla-Bohaterow.jpg\" \/>\n\t<meta property=\"og:image:width\" content=\"1600\" \/>\n\t<meta property=\"og:image:height\" content=\"1067\" \/>\n\t<meta property=\"og:image:type\" content=\"image\/jpeg\" \/>\n<meta name=\"author\" content=\"Filip\" \/>\n<meta name=\"twitter:card\" content=\"summary_large_image\" \/>\n<meta name=\"twitter:label1\" content=\"Napisane przez\" \/>\n\t<meta name=\"twitter:data1\" content=\"Filip\" \/>\n\t<meta name=\"twitter:label2\" content=\"Szacowany czas czytania\" \/>\n\t<meta name=\"twitter:data2\" content=\"1 minuta\" \/>\n<script type=\"application\/ld+json\" class=\"yoast-schema-graph\">{\"@context\":\"https:\/\/schema.org\",\"@graph\":[{\"@type\":\"Article\",\"@id\":\"https:\/\/www.pogotowieflagowe.pl\/aktualne\/odsloniecie-pomnika-solidarnosci-w-doylestown-hold-dla-bohaterow\/#article\",\"isPartOf\":{\"@id\":\"https:\/\/www.pogotowieflagowe.pl\/aktualne\/odsloniecie-pomnika-solidarnosci-w-doylestown-hold-dla-bohaterow\/\"},\"author\":{\"name\":\"Filip\",\"@id\":\"https:\/\/www.pogotowieflagowe.pl\/aktualne\/#\/schema\/person\/9c2fb7d2362ebf6fa088960d7f0d27b0\"},\"headline\":\"Ods\u0142oni\u0119cie Pomnika Solidarno\u015bci w Doylestown: Ho\u0142d dla Bohater\u00f3w\",\"datePublished\":\"2024-09-23T21:53:29+00:00\",\"dateModified\":\"2024-09-23T21:53:32+00:00\",\"mainEntityOfPage\":{\"@id\":\"https:\/\/www.pogotowieflagowe.pl\/aktualne\/odsloniecie-pomnika-solidarnosci-w-doylestown-hold-dla-bohaterow\/\"},\"wordCount\":237,\"publisher\":{\"@id\":\"https:\/\/www.pogotowieflagowe.pl\/aktualne\/#organization\"},\"image\":{\"@id\":\"https:\/\/www.pogotowieflagowe.pl\/aktualne\/odsloniecie-pomnika-solidarnosci-w-doylestown-hold-dla-bohaterow\/#primaryimage\"},\"thumbnailUrl\":\"https:\/\/www.pogotowieflagowe.pl\/aktualne\/wp-content\/uploads\/2024\/09\/Odsloniecie-Pomnika-Solidarnosci-w-Doylestown-Hold-dla-Bohaterow.jpg\",\"keywords\":[\"Bohater\u00f3w\",\"dla\",\"Doylestown\",\"Ho\u0142d\",\"Ods\u0142oni\u0119cie\",\"Pomnika\",\"Solidarno\u015bci\"],\"articleSection\":[\"Polityka\"],\"inLanguage\":\"pl-PL\"},{\"@type\":\"WebPage\",\"@id\":\"https:\/\/www.pogotowieflagowe.pl\/aktualne\/odsloniecie-pomnika-solidarnosci-w-doylestown-hold-dla-bohaterow\/\",\"url\":\"https:\/\/www.pogotowieflagowe.pl\/aktualne\/odsloniecie-pomnika-solidarnosci-w-doylestown-hold-dla-bohaterow\/\",\"name\":\"Ods\u0142oni\u0119cie Pomnika Solidarno\u015bci w Doylestown: Ho\u0142d dla Bohater\u00f3w - POGOTOWIE FLAGOWE\u00ae\",\"isPartOf\":{\"@id\":\"https:\/\/www.pogotowieflagowe.pl\/aktualne\/#website\"},\"primaryImageOfPage\":{\"@id\":\"https:\/\/www.pogotowieflagowe.pl\/aktualne\/odsloniecie-pomnika-solidarnosci-w-doylestown-hold-dla-bohaterow\/#primaryimage\"},\"image\":{\"@id\":\"https:\/\/www.pogotowieflagowe.pl\/aktualne\/odsloniecie-pomnika-solidarnosci-w-doylestown-hold-dla-bohaterow\/#primaryimage\"},\"thumbnailUrl\":\"https:\/\/www.pogotowieflagowe.pl\/aktualne\/wp-content\/uploads\/2024\/09\/Odsloniecie-Pomnika-Solidarnosci-w-Doylestown-Hold-dla-Bohaterow.jpg\",\"datePublished\":\"2024-09-23T21:53:29+00:00\",\"dateModified\":\"2024-09-23T21:53:32+00:00\",\"breadcrumb\":{\"@id\":\"https:\/\/www.pogotowieflagowe.pl\/aktualne\/odsloniecie-pomnika-solidarnosci-w-doylestown-hold-dla-bohaterow\/#breadcrumb\"},\"inLanguage\":\"pl-PL\",\"potentialAction\":[{\"@type\":\"ReadAction\",\"target\":[\"https:\/\/www.pogotowieflagowe.pl\/aktualne\/odsloniecie-pomnika-solidarnosci-w-doylestown-hold-dla-bohaterow\/\"]}]},{\"@type\":\"ImageObject\",\"inLanguage\":\"pl-PL\",\"@id\":\"https:\/\/www.pogotowieflagowe.pl\/aktualne\/odsloniecie-pomnika-solidarnosci-w-doylestown-hold-dla-bohaterow\/#primaryimage\",\"url\":\"https:\/\/www.pogotowieflagowe.pl\/aktualne\/wp-content\/uploads\/2024\/09\/Odsloniecie-Pomnika-Solidarnosci-w-Doylestown-Hold-dla-Bohaterow.jpg\",\"contentUrl\":\"https:\/\/www.pogotowieflagowe.pl\/aktualne\/wp-content\/uploads\/2024\/09\/Odsloniecie-Pomnika-Solidarnosci-w-Doylestown-Hold-dla-Bohaterow.jpg\",\"width\":1600,\"height\":1067,\"caption\":\"Ods\u0142oni\u0119cie Pomnika Solidarno\u015bci w Doylestown: Ho\u0142d dla Bohater\u00f3w\"},{\"@type\":\"BreadcrumbList\",\"@id\":\"https:\/\/www.pogotowieflagowe.pl\/aktualne\/odsloniecie-pomnika-solidarnosci-w-doylestown-hold-dla-bohaterow\/#breadcrumb\",\"itemListElement\":[{\"@type\":\"ListItem\",\"position\":1,\"name\":\"Home\",\"item\":\"https:\/\/www.pogotowieflagowe.pl\/aktualne\/\"},{\"@type\":\"ListItem\",\"position\":2,\"name\":\"Ods\u0142oni\u0119cie Pomnika Solidarno\u015bci w Doylestown: Ho\u0142d dla Bohater\u00f3w\"}]},{\"@type\":\"WebSite\",\"@id\":\"https:\/\/www.pogotowieflagowe.pl\/aktualne\/#website\",\"url\":\"https:\/\/www.pogotowieflagowe.pl\/aktualne\/\",\"name\":\"POGOTOWIE FLAGOWE\u00ae\",\"description\":\"\",\"publisher\":{\"@id\":\"https:\/\/www.pogotowieflagowe.pl\/aktualne\/#organization\"},\"potentialAction\":[{\"@type\":\"SearchAction\",\"target\":{\"@type\":\"EntryPoint\",\"urlTemplate\":\"https:\/\/www.pogotowieflagowe.pl\/aktualne\/?s={search_term_string}\"},\"query-input\":\"required name=search_term_string\"}],\"inLanguage\":\"pl-PL\"},{\"@type\":\"Organization\",\"@id\":\"https:\/\/www.pogotowieflagowe.pl\/aktualne\/#organization\",\"name\":\"POGOTOWIE FLAGOWE\u00ae\",\"url\":\"https:\/\/www.pogotowieflagowe.pl\/aktualne\/\",\"logo\":{\"@type\":\"ImageObject\",\"inLanguage\":\"pl-PL\",\"@id\":\"https:\/\/www.pogotowieflagowe.pl\/aktualne\/#\/schema\/logo\/image\/\",\"url\":\"https:\/\/www.pogotowieflagowe.pl\/aktualne\/wp-content\/uploads\/2024\/08\/cropped-pogotowieflagowe_flaga_projekt_sm.jpg\",\"contentUrl\":\"https:\/\/www.pogotowieflagowe.pl\/aktualne\/wp-content\/uploads\/2024\/08\/cropped-pogotowieflagowe_flaga_projekt_sm.jpg\",\"width\":250,\"height\":143,\"caption\":\"POGOTOWIE FLAGOWE\u00ae\"},\"image\":{\"@id\":\"https:\/\/www.pogotowieflagowe.pl\/aktualne\/#\/schema\/logo\/image\/\"}},{\"@type\":\"Person\",\"@id\":\"https:\/\/www.pogotowieflagowe.pl\/aktualne\/#\/schema\/person\/9c2fb7d2362ebf6fa088960d7f0d27b0\",\"name\":\"Filip\",\"image\":{\"@type\":\"ImageObject\",\"inLanguage\":\"pl-PL\",\"@id\":\"https:\/\/www.pogotowieflagowe.pl\/aktualne\/#\/schema\/person\/image\/\",\"url\":\"https:\/\/www.pogotowieflagowe.pl\/aktualne\/wp-content\/uploads\/2024\/08\/pogotowieflagowe.pl_.jpg\",\"contentUrl\":\"https:\/\/www.pogotowieflagowe.pl\/aktualne\/wp-content\/uploads\/2024\/08\/pogotowieflagowe.pl_.jpg\",\"caption\":\"Filip\"},\"description\":\"Jestem Filip, polski dziennikarz z dyplomem nauk politycznych Uniwersytetu Warszawskiego. Rozpoczynaj\u0105c swoj\u0105 karier\u0119 w r\u00f3\u017cnych lokalnych mediach, zdoby\u0142em solidne do\u015bwiadczenie w zakresie \u015bledztwa i redakcji. Obecnie jako redaktor w Pogotowie flagowe, staram si\u0119 dostarcza\u0107 dog\u0142\u0119bne i istotne analizy na temat najwa\u017cniejszych kwestii aktualno\u015bci, \u0142\u0105cz\u0105c rygor z pasj\u0105 dziennikarsk\u0105.\",\"sameAs\":[\"https:\/\/www.pogotowieflagowe.pl\/\"]}]}<\/script>\n<!-- \/ Yoast SEO plugin. -->","yoast_head_json":{"title":"Ods\u0142oni\u0119cie Pomnika Solidarno\u015bci w Doylestown: Ho\u0142d dla Bohater\u00f3w - POGOTOWIE FLAGOWE\u00ae","robots":{"index":"index","follow":"follow","max-snippet":"max-snippet:-1","max-image-preview":"max-image-preview:large","max-video-preview":"max-video-preview:-1"},"canonical":"https:\/\/www.pogotowieflagowe.pl\/aktualne\/odsloniecie-pomnika-solidarnosci-w-doylestown-hold-dla-bohaterow\/","og_locale":"pl_PL","og_type":"article","og_title":"Ods\u0142oni\u0119cie Pomnika Solidarno\u015bci w Doylestown: Ho\u0142d dla Bohater\u00f3w - POGOTOWIE FLAGOWE\u00ae","og_description":"Uroczysto\u015b\u0107 w Doylestown ma na celu oddanie ho\u0142du walce Polak\u00f3w o wolno\u015b\u0107 i kluczowej roli Polak\u00f3w-Amerykan\u00f3w w walce o suwerenno\u015b\u0107.","og_url":"https:\/\/www.pogotowieflagowe.pl\/aktualne\/odsloniecie-pomnika-solidarnosci-w-doylestown-hold-dla-bohaterow\/","og_site_name":"POGOTOWIE FLAGOWE\u00ae","article_published_time":"2024-09-23T21:53:29+00:00","article_modified_time":"2024-09-23T21:53:32+00:00","og_image":[{"width":1600,"height":1067,"url":"https:\/\/www.pogotowieflagowe.pl\/aktualne\/wp-content\/uploads\/2024\/09\/Odsloniecie-Pomnika-Solidarnosci-w-Doylestown-Hold-dla-Bohaterow.jpg","type":"image\/jpeg"}],"author":"Filip","twitter_card":"summary_large_image","twitter_misc":{"Napisane przez":"Filip","Szacowany czas czytania":"1 minuta"},"schema":{"@context":"https:\/\/schema.org","@graph":[{"@type":"Article","@id":"https:\/\/www.pogotowieflagowe.pl\/aktualne\/odsloniecie-pomnika-solidarnosci-w-doylestown-hold-dla-bohaterow\/#article","isPartOf":{"@id":"https:\/\/www.pogotowieflagowe.pl\/aktualne\/odsloniecie-pomnika-solidarnosci-w-doylestown-hold-dla-bohaterow\/"},"author":{"name":"Filip","@id":"https:\/\/www.pogotowieflagowe.pl\/aktualne\/#\/schema\/person\/9c2fb7d2362ebf6fa088960d7f0d27b0"},"headline":"Ods\u0142oni\u0119cie Pomnika Solidarno\u015bci w Doylestown: Ho\u0142d dla Bohater\u00f3w","datePublished":"2024-09-23T21:53:29+00:00","dateModified":"2024-09-23T21:53:32+00:00","mainEntityOfPage":{"@id":"https:\/\/www.pogotowieflagowe.pl\/aktualne\/odsloniecie-pomnika-solidarnosci-w-doylestown-hold-dla-bohaterow\/"},"wordCount":237,"publisher":{"@id":"https:\/\/www.pogotowieflagowe.pl\/aktualne\/#organization"},"image":{"@id":"https:\/\/www.pogotowieflagowe.pl\/aktualne\/odsloniecie-pomnika-solidarnosci-w-doylestown-hold-dla-bohaterow\/#primaryimage"},"thumbnailUrl":"https:\/\/www.pogotowieflagowe.pl\/aktualne\/wp-content\/uploads\/2024\/09\/Odsloniecie-Pomnika-Solidarnosci-w-Doylestown-Hold-dla-Bohaterow.jpg","keywords":["Bohater\u00f3w","dla","Doylestown","Ho\u0142d","Ods\u0142oni\u0119cie","Pomnika","Solidarno\u015bci"],"articleSection":["Polityka"],"inLanguage":"pl-PL"},{"@type":"WebPage","@id":"https:\/\/www.pogotowieflagowe.pl\/aktualne\/odsloniecie-pomnika-solidarnosci-w-doylestown-hold-dla-bohaterow\/","url":"https:\/\/www.pogotowieflagowe.pl\/aktualne\/odsloniecie-pomnika-solidarnosci-w-doylestown-hold-dla-bohaterow\/","name":"Ods\u0142oni\u0119cie Pomnika Solidarno\u015bci w Doylestown: Ho\u0142d dla Bohater\u00f3w - POGOTOWIE FLAGOWE\u00ae","isPartOf":{"@id":"https:\/\/www.pogotowieflagowe.pl\/aktualne\/#website"},"primaryImageOfPage":{"@id":"https:\/\/www.pogotowieflagowe.pl\/aktualne\/odsloniecie-pomnika-solidarnosci-w-doylestown-hold-dla-bohaterow\/#primaryimage"},"image":{"@id":"https:\/\/www.pogotowieflagowe.pl\/aktualne\/odsloniecie-pomnika-solidarnosci-w-doylestown-hold-dla-bohaterow\/#primaryimage"},"thumbnailUrl":"https:\/\/www.pogotowieflagowe.pl\/aktualne\/wp-content\/uploads\/2024\/09\/Odsloniecie-Pomnika-Solidarnosci-w-Doylestown-Hold-dla-Bohaterow.jpg","datePublished":"2024-09-23T21:53:29+00:00","dateModified":"2024-09-23T21:53:32+00:00","breadcrumb":{"@id":"https:\/\/www.pogotowieflagowe.pl\/aktualne\/odsloniecie-pomnika-solidarnosci-w-doylestown-hold-dla-bohaterow\/#breadcrumb"},"inLanguage":"pl-PL","potentialAction":[{"@type":"ReadAction","target":["https:\/\/www.pogotowieflagowe.pl\/aktualne\/odsloniecie-pomnika-solidarnosci-w-doylestown-hold-dla-bohaterow\/"]}]},{"@type":"ImageObject","inLanguage":"pl-PL","@id":"https:\/\/www.pogotowieflagowe.pl\/aktualne\/odsloniecie-pomnika-solidarnosci-w-doylestown-hold-dla-bohaterow\/#primaryimage","url":"https:\/\/www.pogotowieflagowe.pl\/aktualne\/wp-content\/uploads\/2024\/09\/Odsloniecie-Pomnika-Solidarnosci-w-Doylestown-Hold-dla-Bohaterow.jpg","contentUrl":"https:\/\/www.pogotowieflagowe.pl\/aktualne\/wp-content\/uploads\/2024\/09\/Odsloniecie-Pomnika-Solidarnosci-w-Doylestown-Hold-dla-Bohaterow.jpg","width":1600,"height":1067,"caption":"Ods\u0142oni\u0119cie Pomnika Solidarno\u015bci w Doylestown: Ho\u0142d dla Bohater\u00f3w"},{"@type":"BreadcrumbList","@id":"https:\/\/www.pogotowieflagowe.pl\/aktualne\/odsloniecie-pomnika-solidarnosci-w-doylestown-hold-dla-bohaterow\/#breadcrumb","itemListElement":[{"@type":"ListItem","position":1,"name":"Home","item":"https:\/\/www.pogotowieflagowe.pl\/aktualne\/"},{"@type":"ListItem","position":2,"name":"Ods\u0142oni\u0119cie Pomnika Solidarno\u015bci w Doylestown: Ho\u0142d dla Bohater\u00f3w"}]},{"@type":"WebSite","@id":"https:\/\/www.pogotowieflagowe.pl\/aktualne\/#website","url":"https:\/\/www.pogotowieflagowe.pl\/aktualne\/","name":"POGOTOWIE FLAGOWE\u00ae","description":"","publisher":{"@id":"https:\/\/www.pogotowieflagowe.pl\/aktualne\/#organization"},"potentialAction":[{"@type":"SearchAction","target":{"@type":"EntryPoint","urlTemplate":"https:\/\/www.pogotowieflagowe.pl\/aktualne\/?s={search_term_string}"},"query-input":"required name=search_term_string"}],"inLanguage":"pl-PL"},{"@type":"Organization","@id":"https:\/\/www.pogotowieflagowe.pl\/aktualne\/#organization","name":"POGOTOWIE FLAGOWE\u00ae","url":"https:\/\/www.pogotowieflagowe.pl\/aktualne\/","logo":{"@type":"ImageObject","inLanguage":"pl-PL","@id":"https:\/\/www.pogotowieflagowe.pl\/aktualne\/#\/schema\/logo\/image\/","url":"https:\/\/www.pogotowieflagowe.pl\/aktualne\/wp-content\/uploads\/2024\/08\/cropped-pogotowieflagowe_flaga_projekt_sm.jpg","contentUrl":"https:\/\/www.pogotowieflagowe.pl\/aktualne\/wp-content\/uploads\/2024\/08\/cropped-pogotowieflagowe_flaga_projekt_sm.jpg","width":250,"height":143,"caption":"POGOTOWIE FLAGOWE\u00ae"},"image":{"@id":"https:\/\/www.pogotowieflagowe.pl\/aktualne\/#\/schema\/logo\/image\/"}},{"@type":"Person","@id":"https:\/\/www.pogotowieflagowe.pl\/aktualne\/#\/schema\/person\/9c2fb7d2362ebf6fa088960d7f0d27b0","name":"Filip","image":{"@type":"ImageObject","inLanguage":"pl-PL","@id":"https:\/\/www.pogotowieflagowe.pl\/aktualne\/#\/schema\/person\/image\/","url":"https:\/\/www.pogotowieflagowe.pl\/aktualne\/wp-content\/uploads\/2024\/08\/pogotowieflagowe.pl_.jpg","contentUrl":"https:\/\/www.pogotowieflagowe.pl\/aktualne\/wp-content\/uploads\/2024\/08\/pogotowieflagowe.pl_.jpg","caption":"Filip"},"description":"Jestem Filip, polski dziennikarz z dyplomem nauk politycznych Uniwersytetu Warszawskiego. Rozpoczynaj\u0105c swoj\u0105 karier\u0119 w r\u00f3\u017cnych lokalnych mediach, zdoby\u0142em solidne do\u015bwiadczenie w zakresie \u015bledztwa i redakcji. Obecnie jako redaktor w Pogotowie flagowe, staram si\u0119 dostarcza\u0107 dog\u0142\u0119bne i istotne analizy na temat najwa\u017cniejszych kwestii aktualno\u015bci, \u0142\u0105cz\u0105c rygor z pasj\u0105 dziennikarsk\u0105.","sameAs":["https:\/\/www.pogotowieflagowe.pl\/"]}]}},"_links":{"self":[{"href":"https:\/\/www.pogotowieflagowe.pl\/aktualne\/wp-json\/wp\/v2\/posts\/877","targetHints":{"allow":["GET"]}}],"collection":[{"href":"https:\/\/www.pogotowieflagowe.pl\/aktualne\/wp-json\/wp\/v2\/posts"}],"about":[{"href":"https:\/\/www.pogotowieflagowe.pl\/aktualne\/wp-json\/wp\/v2\/types\/post"}],"author":[{"embeddable":true,"href":"https:\/\/www.pogotowieflagowe.pl\/aktualne\/wp-json\/wp\/v2\/users\/1"}],"replies":[{"embeddable":true,"href":"https:\/\/www.pogotowieflagowe.pl\/aktualne\/wp-json\/wp\/v2\/comments?post=877"}],"version-history":[{"count":1,"href":"https:\/\/www.pogotowieflagowe.pl\/aktualne\/wp-json\/wp\/v2\/posts\/877\/revisions"}],"predecessor-version":[{"id":879,"href":"https:\/\/www.pogotowieflagowe.pl\/aktualne\/wp-json\/wp\/v2\/posts\/877\/revisions\/879"}],"wp:featuredmedia":[{"embeddable":true,"href":"https:\/\/www.pogotowieflagowe.pl\/aktualne\/wp-json\/wp\/v2\/media\/878"}],"wp:attachment":[{"href":"https:\/\/www.pogotowieflagowe.pl\/aktualne\/wp-json\/wp\/v2\/media?parent=877"}],"wp:term":[{"taxonomy":"category","embeddable":true,"href":"https:\/\/www.pogotowieflagowe.pl\/aktualne\/wp-json\/wp\/v2\/categories?post=877"},{"taxonomy":"post_tag","embeddable":true,"href":"https:\/\/www.pogotowieflagowe.pl\/aktualne\/wp-json\/wp\/v2\/tags?post=877"}],"curies":[{"name":"wp","href":"https:\/\/api.w.org\/{rel}","templated":true}]}}