{"id":8826,"date":"2025-10-02T13:45:27","date_gmt":"2025-10-02T11:45:27","guid":{"rendered":"https:\/\/www.pogotowieflagowe.pl\/aktualne\/cenzura-mowy-nienawisci-upada-rzad-przygotowuje-nowy-mechanizm-kontroli\/"},"modified":"2025-10-02T13:45:28","modified_gmt":"2025-10-02T11:45:28","slug":"cenzura-mowy-nienawisci-upada-rzad-przygotowuje-nowy-mechanizm-kontroli","status":"publish","type":"post","link":"https:\/\/www.pogotowieflagowe.pl\/aktualne\/cenzura-mowy-nienawisci-upada-rzad-przygotowuje-nowy-mechanizm-kontroli\/","title":{"rendered":"Cenzura mowy nienawi\u015bci upada. Rz\u0105d przygotowuje nowy mechanizm kontroli"},"content":{"rendered":"\n<div class=\"td_block_wrap tdb_single_content tdi_41 td-pb-border-top td_block_template_8 td-post-content tagdiv-type\" data-td-block-uid=\"tdi_41\">\n<style>.tdi_41 {margin-top: 0px! Wa\u017cne; margines-bottom: 0px! WA\u017bNY; PALDING-TOP: 0PX! WA\u017bNY; PALDING-BOTTOM: 0PX! WA\u017bNE}<\/style>\n<style>.tdb_single_content {margin-bottom: 0;*zoom: 1} .tdb_single_content: wcze\u015bniej, .tdb_single_content: po {display: Table; content: ''; line-height: 0} .TDB-BLOCK-INner>*: nie (.WP-BLOCK-QUOTE): not (.alignSwide): not (.Alignfull.wp-block-cover.has-parallax): not (.td-a-ad) {margin-left: auto; margin-right: auto} .tdb_single_ConTent a {wska\u017anik-events: auto} .tdb_single_content .td-spot-id-top_ad .tdc-placeholder-title: przed {content: \u201eArtyku\u0142 top ad\u201d! Wa\u017cne} .tdb_single_content .td-Spot-Id-inline_ad0 .tdc-placeholder-title 1 '! Wa\u017cne} .tdb_single_content .td-Spot-Id-inline_Ad1 .tdc-Placeholder-Title: przed {content: \u201eArtyku\u0142 inline AD 2'! Wa\u017cny} .tdb_single_content. 3 '! Wa\u017cne} .tdb_single_content .td-Spot-Id-Bottom_Ad .tdc-Placeholder-Title: przed {content: \u201eArtyku\u0142 Bottom Ad\u201d! Wa\u017cne} .tdb_single_content .id_top_ad, .tdb_single_content_content .id_bottom_ad {clear: oba; margin-bottom: 21px; text-align: Center} .tdb_single_content .id_top_ad img, .tdb_single_content .id_bottom_ad img {margin-bottom: 0} .tdb_single_conTent .id_top_ad .adsbyGoogle, .tdb_single_content .id_bottom_ad .adsbyGoogle {pozycja: relatyw} .tdb_single_content .id_ad_content-horiz-left, .tdb_single_content .id_ad_content-horiz-right, .tdb_single_content .id_ad_content-horiz-Center {margin-bottom: 15px} .tdb_single_content .id_ad_content-horiz-left Img, .tdb_single_content .id_ad_content-horiz-right img, .tdb_single_content .id_ad_content-horiz-centerter img {margin-bottom: 0} .tdb_single_content .id_ad_content-horiz-center {text-align: Center} .tdb_single_content .id_ad_content-horiz-center img {margin-right: auto; margin-let: auto} .tdb_single_content .id_ad_content-horiz-left {float: left; margin-top: 9px; margin-right: 21px} .tdb_single_content .id_ad_content-horiz-right {float: margin-top: 6px; margin-left: 21px} .tdb_single_content .tdc-a-a-ad .TDC-Placeholder-Title {szeroko\u015b\u0107: 300px; height: 250px} .tdb_single_content .tdc-a-ad .TDC-Placeholder-Title: Przed {Pozycja: Absolute; TOP: 50%;-WebKit-Transform: Translatey (-50%); Transform: Translatey (-50%); margines: auto; Display: Tabela; szeroko\u015b\u0107: 100%}. tdb_single_content .TDB-BLOCK-INNER.TD-FIX-INDEX {Word-Break: Break-word} .tdi_41, .tdi_41> p, .tdi_41 .tdb-block-inner> p, .Wp-Block-Column> p {font-size: 16px! Wa\u017cne; wa\u017cny; p {font-styl: normalne! Wa\u017cne} @media (Max-Width: 767px) {. tdb_single_content .id_ad_content-horiz-left, .tdb_single_content .id_ad_content-horiz-right, .tdb_single_content .id_ad_content-horiz-centter {Margin: 0 AUTO 26PXX auto}}@media (Max-Width: 767px) {. tdb_single_content .id_ad_content-horiz-left {margin-right: 0}}@media (max-width: 767px) {. (Max-Width: 767px) {. tdb_single_content .td-a-ad {float: none; text-align: Center} .tdb_single_content .td-a-ad img {margin-right: auto; margin-left: auto} .tdb_single_content .tdc-a-a-a-{margin-right: auto; margin-left: auto} .tdb_single_content .tdd<\/style>\n<div class=\"tdb-block-inner td-fix-index\">\n<p>Trybuna\u0142 konstytucyjny og\u0142osi\u0142 niekonstytucyjne prawo rozszerzaj\u0105ce katalog tak zwanej mowy nienawi\u015bci. Trybuna\u0142 orzek\u0142, \u017ce jego przepisy naruszy\u0142y wolno\u015b\u0107 s\u0142owa i st\u0142umi\u0105 debat\u0119 publiczn\u0105. Rz\u0105d zamierza teraz wprowadzi\u0107 inny mechanizm kontrolowania tre\u015bci online. Zgodnie z nowym projektem ustawy o us\u0142ugach cyfrowych pro\u015bby o zablokowanie tre\u015bci online zosta\u0142yby przes\u0142ane przez \u201ezaufane flagowniki\u201d. \u201ePerfidia tego rozwi\u0105zania polega na tym, \u017ce w\u0142adze utrzymuj\u0105 r\u0119ce w czysto\u015bci. Ci rzekomo niezale\u017cni eksperci b\u0119d\u0105 licencjonowanymi cenzurami rz\u0105du\u201d, m\u00f3wi Marcin Warchowal, pose\u0142 z Prawa i Sprawiedliwo\u015bci (PIS).<\/p>\n<p>Orzeczenie Trybuna\u0142u Konstytucyjnego nast\u0105pi\u0142o w decyzji prezydenta Andrzeja Dudy, kt\u00f3ry postanowi\u0142 nie podpisywa\u0107 prawa, ale skierowa\u0142 je do trybuna\u0142u. Po obj\u0119ciu urz\u0119du Karol Nawrocki postanowi\u0142 nie wycofywa\u0107 go z przegl\u0105du.<\/p>\n<p>\u201eDzi\u0119ki temu unikali\u015bmy jawnej cenzury z powod\u00f3w ideologicznych\u201d, m\u00f3wi Jerzy Kwa\u015bniewski, prezes Ordo Iuris. \u201eDzisiaj mo\u017cemy poczu\u0107 ulg\u0119, poniewa\u017c wyrok trybuna\u0142u powinien, przez wiele lat, ograniczaj\u0105 impulsy cenzualne prawodawc\u00f3w. Niestety tylko to tylko to <em>powinien<\/em>poniewa\u017c rz\u0105d Donalda Tuska odmawia uznania orzecze\u0144 trybuna\u0142owych. Minister sprawiedliwo\u015bci i prokurator generalny wydali ju\u017c wytyczne dotycz\u0105ce \u015bcigania \u201emowy nienawi\u015bci\u201d bez \u017cadnych podstawowych podstaw \u201d, ostrzega Kwa\u015bniewski.<\/p>\n<h2 class=\"wp-block-heading\">Nowy aparat cenzury<\/h2>\n<p>Wed\u0142ug \u017ar\u00f3de\u0142 werdykt trybuna\u0142u i upadek \u015bcie\u017cki cenzury \u201emowy nienawi\u015bci\u201d nie oznacza, \u017ce \u200b\u200brz\u0105d porzuci pr\u00f3by na\u0142o\u017cenia innych form cenzury medialnej. Dotyczy to ustawy o \u015bwiadczeniu us\u0142ug elektronicznych, kt\u00f3rych projekt zosta\u0142 w\u0142a\u015bnie przyj\u0119ty przez rz\u0105d (zg\u0142oszony kilka dni temu <em>Gazeta polska codziennie<\/em>).<\/p>\n<figure class=\"wp-block-pullquote\">\n<blockquote>\n<p>\u201ePo zwyci\u0119stwie Karola Nawrockiego i weto prawa kneblowania w mowie nienawi\u015bci, rz\u0105d Tuska nie ust\u0105pi\u0142 w swoich pr\u00f3bach wyszyania wolno\u015bci s\u0142owa. Tusk bardzo dobrze wie, \u017ce jego w\u0142adza spoczywa prawie wy\u0142\u0105cznie na k\u0142amstwach i manipulacjach, takich jak jego niedawne og\u0142oszenie o tym, co nie wystarczy. Pr\u00f3buje zablokowa\u0107 prawd\u0119 z zaufanym <em>Kapos<\/em>. TUSK ucieka si\u0119 do wypr\u00f3bowanego i testowanego mechanizmu UE w celu obej\u015bcia prawa. Okaza\u0142o si\u0119, \u017ce Komisja Europejska po cichu sfinansowa\u0142a organizacje pozarz\u0105dowe, aby wesprze\u0107 program klimatyczny UE i atakowa\u0107 ka\u017cdego, kto go skrytykowa\u0142 \u201d,\u201d <\/p>\n<p><cite>M\u00f3wi PIS MP i by\u0142y wiceminister s\u0119dziego Marcina Warchowal.<\/cite><\/p><\/blockquote>\n<\/figure>\n<p>Mechanizm ten zapewnia szefowi Biura Komunikacji Elektronicznej (UKE) moc blokowania tre\u015bci online na \u017c\u0105danie \u201ezaufanych flag\u00f3w\u201d, kt\u00f3re mog\u0105 obejmowa\u0107 stowarzyszenia lub fundacji.<\/p>\n<h2 class=\"wp-block-heading\">Zaufane flagi<\/h2>\n<p>Rozwi\u0105zaniem w projekcie prawa rz\u0105dowego jest zasadniczo kopia prawa UE dotycz\u0105cych \u201ezaufanych flagier\u201d. Status zaufanego flagera jest przyznawany przez \u201ekoordynatora ds. Us\u0142ug cyfrowych\u201d &#8211; szefa UKE, urz\u0119dnika pa\u0144stwowego &#8211; opartego na wniosku, w kt\u00f3rym wnioskodawca musi okre\u015bli\u0107 \u201ekonkretne obszary, w kt\u00f3rych szuka uznania jako zaufanego flagera, jego wiedzy i kompetencji, i udziela informacji potwierdzaj\u0105cych, \u017ce spe\u0142nia on warunki okre\u015blone w Artyku\u0142 22 (2) regulacji 2022\/2065.\u201d Ta regulacja stanowi mi\u0119dzy innymi:<\/p>\n<pre class=\"wp-block-preformatted\">The status of \u2018trusted flagger\u2019 under this Regulation shall be awarded, upon application by any entity, by the Digital Services Coordinator of the Member State in which the applicant is established, to an applicant that has demonstrated that it meets all of the following conditions: <br>(a) it has particular expertise and competence for the purposes of detecting, identifying and notifying illegal content; <br>(b) it is independent from any provider of online platforms; <br>(c) it carries out its activities for the purposes of submitting notices diligently, accurately and objectively.<\/pre>\n<p>Oznacza to niejasne kryteria i uprzywilejowana pozycja dla takiego podmiotu, kt\u00f3ra mo\u017ce by\u0107 <em>jakikolwiek byt<\/em> &#8211; Na przyk\u0142ad stowarzyszenie lub fundacja.<\/p>\n<h2 class=\"wp-block-heading\">Czyste r\u0119ce dla w\u0142adz<\/h2>\n<p>\u201eUprzywilejowane stanowisko tych podmiot\u00f3w jest z\u0142ym rozwi\u0105zaniem\u201d, m\u00f3wi Janusz Cieszy\u0144ski, PIS MP i by\u0142y minister cyfryzacji, aby <em>Gazeta polska codziennie<\/em>. Zgodnie z kryteriami okre\u015blonymi w projekcie prawa rz\u0105dowego i rozporz\u0105dze\u0144 UE 2022\/2065 organizacje takie jak <em>AKCJA DEMOKRACJA<\/em> lub <em>Fundacja Basta<\/em> mo\u017ce sta\u0107 si\u0119 zaufanymi flagami. Ten ostatni na przyk\u0142ad wielokrotnie kwestionowa\u0142 dzia\u0142ania by\u0142ego szefa Narodowej Rady Broadcasting (KRRIT), informuj\u0105c o swojej \u201ewieloletniej bezczynno\u015bci\u201d w odpowiedzi na pro\u015bby Basty o post\u0119powanie przeciwko nadawcom rozpowszechniaj\u0105cym homofobiczn\u0105 i transfobiczn\u0105 tre\u015b\u0107. W latach 2022\u20132025 Fundacja przed\u0142o\u017cy\u0142a 71 wniosk\u00f3w do Krrit &#8211; \u017caden nie by\u0142 przetwarzany, a s\u0105dy administracyjne wielokrotnie rz\u0105dz\u0105 bezczynno\u015bci\u0105 brutto, nak\u0142adaj\u0105c \u0142\u0105cznie 135 000 PLN w grzywny i przyznawaj\u0105c Fundacj\u0119 Basta 52 500 PLN w zakresie rekompensaty \u201d(cytat z strony internetowej Fundacji).<\/p>\n<p>Gdyby taka fundacja uzyska\u0142a status zaufanego flagera, zgodnie z proponowanym prawem, mo\u017ce przed\u0142o\u017cy\u0107 pro\u015bby szefowi UKE o blokowanie tre\u015bci online. Tre\u015b\u0107 zostanie zablokowana jako pierwsza, a apelacje do s\u0105du dozwolone jest dopiero p\u00f3\u017aniej.<\/p>\n<p>\u201eW takich przypadkach s\u0105dy mog\u0105 zaj\u0105\u0107 lata, podczas gdy informacje s\u0105 kluczowe w\u0142a\u015bnie w momencie publikacji, nie miesi\u0119cy lub lat p\u00f3\u017aniej\u201d, podkre\u015bla Jolanta Hajdasz, prezes Stowarzyszenia Polskich dziennikarzy (SDP).<\/p>\n<p>\u201ePerfidia tego rozwi\u0105zania polega na tym, \u017ce w\u0142adze utrzymuj\u0105 r\u0119ce w czysto\u015bci. <em>Nie cenzurujemy<\/em>; Podobno niezale\u017cne organizacje pozarz\u0105dowe odkrywaj\u0105 oszustwo i manipulacje. Ale fakt, \u017ce ci rzekomo niezale\u017cni eksperci b\u0119d\u0105 licencjonowanymi cenzurami rz\u0105du, jest czym\u015b, czego zwykli obywatele nie zdaj\u0105 sobie sprawy. Je\u015bli zgodzimy si\u0119 na to rozwi\u0105zanie, dystopia opisana w Orwell&#8217;s <em>1984<\/em> Wkr\u00f3tce stanie si\u0119 rzeczywisto\u015bci\u0105: <em>\u201eOczywi\u015bcie nie by\u0142o \u017cadnego sposobu, aby dowiedzie\u0107 si\u0119, czy by\u0142e\u015b obserwowany w danym momencie (\u2026) musia\u0142e\u015b \u017cy\u0107 &#8211; \u017cyje, od nawyku, kt\u00f3ry sta\u0142 si\u0119 instynktem &#8211; przy za\u0142o\u017ceniu, \u017ce ka\u017cdy wydawany d\u017awi\u0119k zosta\u0142 us\u0142yszany i, z wyj\u0105tkiem ciemno\u015bci, ka\u017cdy ruch kontroli\u201d.<\/em>\u201d &#8211; W ten spos\u00f3b Marcin Warchowal ocenia cenzuraln\u0105 rol\u0119\u201e zaufanych flagier \u201d.<\/p>\n<\/div>\n<\/div>\n","protected":false},"excerpt":{"rendered":"<p>Trybuna\u0142 konstytucyjny og\u0142osi\u0142 niekonstytucyjne prawo rozszerzaj\u0105ce katalog tak zwanej mowy nienawi\u015bci. Trybuna\u0142 orzek\u0142, \u017ce jego przepisy naruszy\u0142y wolno\u015b\u0107 s\u0142owa i<\/p>\n","protected":false},"author":1,"featured_media":8827,"comment_status":"open","ping_status":"open","sticky":false,"template":"","format":"standard","meta":{"footnotes":""},"categories":[4748],"tags":[916,1127,10365,10363,2204,581,417,1554,10364],"class_list":["post-8826","post","type-post","status-publish","format-standard","has-post-thumbnail","hentry","category-aktualne","tag-cenzura","tag-kontroli","tag-mechanizm","tag-mowy","tag-nienawisci","tag-nowy","tag-przygotowuje","tag-rzad","tag-upada","generate-columns","tablet-grid-50","mobile-grid-100","grid-parent","grid-50","resize-featured-image"],"yoast_head":"<!-- This site is optimized with the Yoast SEO plugin v23.2 - https:\/\/yoast.com\/wordpress\/plugins\/seo\/ -->\n<title>Cenzura mowy nienawi\u015bci upada. Rz\u0105d przygotowuje nowy mechanizm kontroli - POGOTOWIE FLAGOWE\u00ae<\/title>\n<meta name=\"robots\" content=\"index, follow, max-snippet:-1, max-image-preview:large, max-video-preview:-1\" \/>\n<link rel=\"canonical\" href=\"https:\/\/www.pogotowieflagowe.pl\/aktualne\/cenzura-mowy-nienawisci-upada-rzad-przygotowuje-nowy-mechanizm-kontroli\/\" \/>\n<meta property=\"og:locale\" content=\"pl_PL\" \/>\n<meta property=\"og:type\" content=\"article\" \/>\n<meta property=\"og:title\" content=\"Cenzura mowy nienawi\u015bci upada. Rz\u0105d przygotowuje nowy mechanizm kontroli - POGOTOWIE FLAGOWE\u00ae\" \/>\n<meta property=\"og:description\" content=\"Trybuna\u0142 konstytucyjny og\u0142osi\u0142 niekonstytucyjne prawo rozszerzaj\u0105ce katalog tak zwanej mowy nienawi\u015bci. Trybuna\u0142 orzek\u0142, \u017ce jego przepisy naruszy\u0142y wolno\u015b\u0107 s\u0142owa i\" \/>\n<meta property=\"og:url\" content=\"https:\/\/www.pogotowieflagowe.pl\/aktualne\/cenzura-mowy-nienawisci-upada-rzad-przygotowuje-nowy-mechanizm-kontroli\/\" \/>\n<meta property=\"og:site_name\" content=\"POGOTOWIE FLAGOWE\u00ae\" \/>\n<meta property=\"article:published_time\" content=\"2025-10-02T11:45:27+00:00\" \/>\n<meta property=\"article:modified_time\" content=\"2025-10-02T11:45:28+00:00\" \/>\n<meta property=\"og:image\" content=\"https:\/\/www.pogotowieflagowe.pl\/aktualne\/wp-content\/uploads\/2025\/10\/Cenzura-mowy-nienawisci-upada-Rzad-przygotowuje-nowy-mechanizm-kontroli.webp.webp\" \/>\n\t<meta property=\"og:image:width\" content=\"1280\" \/>\n\t<meta property=\"og:image:height\" content=\"720\" \/>\n\t<meta property=\"og:image:type\" content=\"image\/webp\" \/>\n<meta name=\"author\" content=\"Filip\" \/>\n<meta name=\"twitter:card\" content=\"summary_large_image\" \/>\n<meta name=\"twitter:label1\" content=\"Napisane przez\" \/>\n\t<meta name=\"twitter:data1\" content=\"Filip\" \/>\n\t<meta name=\"twitter:label2\" content=\"Szacowany czas czytania\" \/>\n\t<meta name=\"twitter:data2\" content=\"5 minut\" \/>\n<script type=\"application\/ld+json\" class=\"yoast-schema-graph\">{\"@context\":\"https:\/\/schema.org\",\"@graph\":[{\"@type\":\"Article\",\"@id\":\"https:\/\/www.pogotowieflagowe.pl\/aktualne\/cenzura-mowy-nienawisci-upada-rzad-przygotowuje-nowy-mechanizm-kontroli\/#article\",\"isPartOf\":{\"@id\":\"https:\/\/www.pogotowieflagowe.pl\/aktualne\/cenzura-mowy-nienawisci-upada-rzad-przygotowuje-nowy-mechanizm-kontroli\/\"},\"author\":{\"name\":\"Filip\",\"@id\":\"https:\/\/www.pogotowieflagowe.pl\/aktualne\/#\/schema\/person\/9c2fb7d2362ebf6fa088960d7f0d27b0\"},\"headline\":\"Cenzura mowy nienawi\u015bci upada. Rz\u0105d przygotowuje nowy mechanizm kontroli\",\"datePublished\":\"2025-10-02T11:45:27+00:00\",\"dateModified\":\"2025-10-02T11:45:28+00:00\",\"mainEntityOfPage\":{\"@id\":\"https:\/\/www.pogotowieflagowe.pl\/aktualne\/cenzura-mowy-nienawisci-upada-rzad-przygotowuje-nowy-mechanizm-kontroli\/\"},\"wordCount\":890,\"commentCount\":0,\"publisher\":{\"@id\":\"https:\/\/www.pogotowieflagowe.pl\/aktualne\/#organization\"},\"image\":{\"@id\":\"https:\/\/www.pogotowieflagowe.pl\/aktualne\/cenzura-mowy-nienawisci-upada-rzad-przygotowuje-nowy-mechanizm-kontroli\/#primaryimage\"},\"thumbnailUrl\":\"https:\/\/www.pogotowieflagowe.pl\/aktualne\/wp-content\/uploads\/2025\/10\/Cenzura-mowy-nienawisci-upada-Rzad-przygotowuje-nowy-mechanizm-kontroli.webp.webp\",\"keywords\":[\"cenzur\u0105\",\"kontroli\",\"mechanizm\",\"mowy\",\"nienawi\u015bci\",\"Nowy\",\"przygotowuje\",\"Rz\u0105d\",\"upada\"],\"articleSection\":[\"Aktualne\"],\"inLanguage\":\"pl-PL\",\"potentialAction\":[{\"@type\":\"CommentAction\",\"name\":\"Comment\",\"target\":[\"https:\/\/www.pogotowieflagowe.pl\/aktualne\/cenzura-mowy-nienawisci-upada-rzad-przygotowuje-nowy-mechanizm-kontroli\/#respond\"]}]},{\"@type\":\"WebPage\",\"@id\":\"https:\/\/www.pogotowieflagowe.pl\/aktualne\/cenzura-mowy-nienawisci-upada-rzad-przygotowuje-nowy-mechanizm-kontroli\/\",\"url\":\"https:\/\/www.pogotowieflagowe.pl\/aktualne\/cenzura-mowy-nienawisci-upada-rzad-przygotowuje-nowy-mechanizm-kontroli\/\",\"name\":\"Cenzura mowy nienawi\u015bci upada. Rz\u0105d przygotowuje nowy mechanizm kontroli - POGOTOWIE FLAGOWE\u00ae\",\"isPartOf\":{\"@id\":\"https:\/\/www.pogotowieflagowe.pl\/aktualne\/#website\"},\"primaryImageOfPage\":{\"@id\":\"https:\/\/www.pogotowieflagowe.pl\/aktualne\/cenzura-mowy-nienawisci-upada-rzad-przygotowuje-nowy-mechanizm-kontroli\/#primaryimage\"},\"image\":{\"@id\":\"https:\/\/www.pogotowieflagowe.pl\/aktualne\/cenzura-mowy-nienawisci-upada-rzad-przygotowuje-nowy-mechanizm-kontroli\/#primaryimage\"},\"thumbnailUrl\":\"https:\/\/www.pogotowieflagowe.pl\/aktualne\/wp-content\/uploads\/2025\/10\/Cenzura-mowy-nienawisci-upada-Rzad-przygotowuje-nowy-mechanizm-kontroli.webp.webp\",\"datePublished\":\"2025-10-02T11:45:27+00:00\",\"dateModified\":\"2025-10-02T11:45:28+00:00\",\"breadcrumb\":{\"@id\":\"https:\/\/www.pogotowieflagowe.pl\/aktualne\/cenzura-mowy-nienawisci-upada-rzad-przygotowuje-nowy-mechanizm-kontroli\/#breadcrumb\"},\"inLanguage\":\"pl-PL\",\"potentialAction\":[{\"@type\":\"ReadAction\",\"target\":[\"https:\/\/www.pogotowieflagowe.pl\/aktualne\/cenzura-mowy-nienawisci-upada-rzad-przygotowuje-nowy-mechanizm-kontroli\/\"]}]},{\"@type\":\"ImageObject\",\"inLanguage\":\"pl-PL\",\"@id\":\"https:\/\/www.pogotowieflagowe.pl\/aktualne\/cenzura-mowy-nienawisci-upada-rzad-przygotowuje-nowy-mechanizm-kontroli\/#primaryimage\",\"url\":\"https:\/\/www.pogotowieflagowe.pl\/aktualne\/wp-content\/uploads\/2025\/10\/Cenzura-mowy-nienawisci-upada-Rzad-przygotowuje-nowy-mechanizm-kontroli.webp.webp\",\"contentUrl\":\"https:\/\/www.pogotowieflagowe.pl\/aktualne\/wp-content\/uploads\/2025\/10\/Cenzura-mowy-nienawisci-upada-Rzad-przygotowuje-nowy-mechanizm-kontroli.webp.webp\",\"width\":1280,\"height\":720,\"caption\":\"Cenzura mowy nienawi\u015bci upada. Rz\u0105d przygotowuje nowy mechanizm kontroli\"},{\"@type\":\"BreadcrumbList\",\"@id\":\"https:\/\/www.pogotowieflagowe.pl\/aktualne\/cenzura-mowy-nienawisci-upada-rzad-przygotowuje-nowy-mechanizm-kontroli\/#breadcrumb\",\"itemListElement\":[{\"@type\":\"ListItem\",\"position\":1,\"name\":\"Home\",\"item\":\"https:\/\/www.pogotowieflagowe.pl\/aktualne\/\"},{\"@type\":\"ListItem\",\"position\":2,\"name\":\"Cenzura mowy nienawi\u015bci upada. Rz\u0105d przygotowuje nowy mechanizm kontroli\"}]},{\"@type\":\"WebSite\",\"@id\":\"https:\/\/www.pogotowieflagowe.pl\/aktualne\/#website\",\"url\":\"https:\/\/www.pogotowieflagowe.pl\/aktualne\/\",\"name\":\"POGOTOWIE FLAGOWE\u00ae\",\"description\":\"\",\"publisher\":{\"@id\":\"https:\/\/www.pogotowieflagowe.pl\/aktualne\/#organization\"},\"potentialAction\":[{\"@type\":\"SearchAction\",\"target\":{\"@type\":\"EntryPoint\",\"urlTemplate\":\"https:\/\/www.pogotowieflagowe.pl\/aktualne\/?s={search_term_string}\"},\"query-input\":\"required name=search_term_string\"}],\"inLanguage\":\"pl-PL\"},{\"@type\":\"Organization\",\"@id\":\"https:\/\/www.pogotowieflagowe.pl\/aktualne\/#organization\",\"name\":\"POGOTOWIE FLAGOWE\u00ae\",\"url\":\"https:\/\/www.pogotowieflagowe.pl\/aktualne\/\",\"logo\":{\"@type\":\"ImageObject\",\"inLanguage\":\"pl-PL\",\"@id\":\"https:\/\/www.pogotowieflagowe.pl\/aktualne\/#\/schema\/logo\/image\/\",\"url\":\"https:\/\/www.pogotowieflagowe.pl\/aktualne\/wp-content\/uploads\/2024\/08\/cropped-pogotowieflagowe_flaga_projekt_sm.jpg\",\"contentUrl\":\"https:\/\/www.pogotowieflagowe.pl\/aktualne\/wp-content\/uploads\/2024\/08\/cropped-pogotowieflagowe_flaga_projekt_sm.jpg\",\"width\":250,\"height\":143,\"caption\":\"POGOTOWIE FLAGOWE\u00ae\"},\"image\":{\"@id\":\"https:\/\/www.pogotowieflagowe.pl\/aktualne\/#\/schema\/logo\/image\/\"}},{\"@type\":\"Person\",\"@id\":\"https:\/\/www.pogotowieflagowe.pl\/aktualne\/#\/schema\/person\/9c2fb7d2362ebf6fa088960d7f0d27b0\",\"name\":\"Filip\",\"image\":{\"@type\":\"ImageObject\",\"inLanguage\":\"pl-PL\",\"@id\":\"https:\/\/www.pogotowieflagowe.pl\/aktualne\/#\/schema\/person\/image\/\",\"url\":\"https:\/\/www.pogotowieflagowe.pl\/aktualne\/wp-content\/uploads\/2024\/08\/pogotowieflagowe.pl_.jpg\",\"contentUrl\":\"https:\/\/www.pogotowieflagowe.pl\/aktualne\/wp-content\/uploads\/2024\/08\/pogotowieflagowe.pl_.jpg\",\"caption\":\"Filip\"},\"description\":\"Jestem Filip, polski dziennikarz z dyplomem nauk politycznych Uniwersytetu Warszawskiego. Rozpoczynaj\u0105c swoj\u0105 karier\u0119 w r\u00f3\u017cnych lokalnych mediach, zdoby\u0142em solidne do\u015bwiadczenie w zakresie \u015bledztwa i redakcji. Obecnie jako redaktor w Pogotowie flagowe, staram si\u0119 dostarcza\u0107 dog\u0142\u0119bne i istotne analizy na temat najwa\u017cniejszych kwestii aktualno\u015bci, \u0142\u0105cz\u0105c rygor z pasj\u0105 dziennikarsk\u0105.\",\"sameAs\":[\"https:\/\/www.pogotowieflagowe.pl\/\"]}]}<\/script>\n<!-- \/ Yoast SEO plugin. -->","yoast_head_json":{"title":"Cenzura mowy nienawi\u015bci upada. Rz\u0105d przygotowuje nowy mechanizm kontroli - POGOTOWIE FLAGOWE\u00ae","robots":{"index":"index","follow":"follow","max-snippet":"max-snippet:-1","max-image-preview":"max-image-preview:large","max-video-preview":"max-video-preview:-1"},"canonical":"https:\/\/www.pogotowieflagowe.pl\/aktualne\/cenzura-mowy-nienawisci-upada-rzad-przygotowuje-nowy-mechanizm-kontroli\/","og_locale":"pl_PL","og_type":"article","og_title":"Cenzura mowy nienawi\u015bci upada. Rz\u0105d przygotowuje nowy mechanizm kontroli - POGOTOWIE FLAGOWE\u00ae","og_description":"Trybuna\u0142 konstytucyjny og\u0142osi\u0142 niekonstytucyjne prawo rozszerzaj\u0105ce katalog tak zwanej mowy nienawi\u015bci. Trybuna\u0142 orzek\u0142, \u017ce jego przepisy naruszy\u0142y wolno\u015b\u0107 s\u0142owa i","og_url":"https:\/\/www.pogotowieflagowe.pl\/aktualne\/cenzura-mowy-nienawisci-upada-rzad-przygotowuje-nowy-mechanizm-kontroli\/","og_site_name":"POGOTOWIE FLAGOWE\u00ae","article_published_time":"2025-10-02T11:45:27+00:00","article_modified_time":"2025-10-02T11:45:28+00:00","og_image":[{"width":1280,"height":720,"url":"https:\/\/www.pogotowieflagowe.pl\/aktualne\/wp-content\/uploads\/2025\/10\/Cenzura-mowy-nienawisci-upada-Rzad-przygotowuje-nowy-mechanizm-kontroli.webp.webp","type":"image\/webp"}],"author":"Filip","twitter_card":"summary_large_image","twitter_misc":{"Napisane przez":"Filip","Szacowany czas czytania":"5 minut"},"schema":{"@context":"https:\/\/schema.org","@graph":[{"@type":"Article","@id":"https:\/\/www.pogotowieflagowe.pl\/aktualne\/cenzura-mowy-nienawisci-upada-rzad-przygotowuje-nowy-mechanizm-kontroli\/#article","isPartOf":{"@id":"https:\/\/www.pogotowieflagowe.pl\/aktualne\/cenzura-mowy-nienawisci-upada-rzad-przygotowuje-nowy-mechanizm-kontroli\/"},"author":{"name":"Filip","@id":"https:\/\/www.pogotowieflagowe.pl\/aktualne\/#\/schema\/person\/9c2fb7d2362ebf6fa088960d7f0d27b0"},"headline":"Cenzura mowy nienawi\u015bci upada. Rz\u0105d przygotowuje nowy mechanizm kontroli","datePublished":"2025-10-02T11:45:27+00:00","dateModified":"2025-10-02T11:45:28+00:00","mainEntityOfPage":{"@id":"https:\/\/www.pogotowieflagowe.pl\/aktualne\/cenzura-mowy-nienawisci-upada-rzad-przygotowuje-nowy-mechanizm-kontroli\/"},"wordCount":890,"commentCount":0,"publisher":{"@id":"https:\/\/www.pogotowieflagowe.pl\/aktualne\/#organization"},"image":{"@id":"https:\/\/www.pogotowieflagowe.pl\/aktualne\/cenzura-mowy-nienawisci-upada-rzad-przygotowuje-nowy-mechanizm-kontroli\/#primaryimage"},"thumbnailUrl":"https:\/\/www.pogotowieflagowe.pl\/aktualne\/wp-content\/uploads\/2025\/10\/Cenzura-mowy-nienawisci-upada-Rzad-przygotowuje-nowy-mechanizm-kontroli.webp.webp","keywords":["cenzur\u0105","kontroli","mechanizm","mowy","nienawi\u015bci","Nowy","przygotowuje","Rz\u0105d","upada"],"articleSection":["Aktualne"],"inLanguage":"pl-PL","potentialAction":[{"@type":"CommentAction","name":"Comment","target":["https:\/\/www.pogotowieflagowe.pl\/aktualne\/cenzura-mowy-nienawisci-upada-rzad-przygotowuje-nowy-mechanizm-kontroli\/#respond"]}]},{"@type":"WebPage","@id":"https:\/\/www.pogotowieflagowe.pl\/aktualne\/cenzura-mowy-nienawisci-upada-rzad-przygotowuje-nowy-mechanizm-kontroli\/","url":"https:\/\/www.pogotowieflagowe.pl\/aktualne\/cenzura-mowy-nienawisci-upada-rzad-przygotowuje-nowy-mechanizm-kontroli\/","name":"Cenzura mowy nienawi\u015bci upada. Rz\u0105d przygotowuje nowy mechanizm kontroli - POGOTOWIE FLAGOWE\u00ae","isPartOf":{"@id":"https:\/\/www.pogotowieflagowe.pl\/aktualne\/#website"},"primaryImageOfPage":{"@id":"https:\/\/www.pogotowieflagowe.pl\/aktualne\/cenzura-mowy-nienawisci-upada-rzad-przygotowuje-nowy-mechanizm-kontroli\/#primaryimage"},"image":{"@id":"https:\/\/www.pogotowieflagowe.pl\/aktualne\/cenzura-mowy-nienawisci-upada-rzad-przygotowuje-nowy-mechanizm-kontroli\/#primaryimage"},"thumbnailUrl":"https:\/\/www.pogotowieflagowe.pl\/aktualne\/wp-content\/uploads\/2025\/10\/Cenzura-mowy-nienawisci-upada-Rzad-przygotowuje-nowy-mechanizm-kontroli.webp.webp","datePublished":"2025-10-02T11:45:27+00:00","dateModified":"2025-10-02T11:45:28+00:00","breadcrumb":{"@id":"https:\/\/www.pogotowieflagowe.pl\/aktualne\/cenzura-mowy-nienawisci-upada-rzad-przygotowuje-nowy-mechanizm-kontroli\/#breadcrumb"},"inLanguage":"pl-PL","potentialAction":[{"@type":"ReadAction","target":["https:\/\/www.pogotowieflagowe.pl\/aktualne\/cenzura-mowy-nienawisci-upada-rzad-przygotowuje-nowy-mechanizm-kontroli\/"]}]},{"@type":"ImageObject","inLanguage":"pl-PL","@id":"https:\/\/www.pogotowieflagowe.pl\/aktualne\/cenzura-mowy-nienawisci-upada-rzad-przygotowuje-nowy-mechanizm-kontroli\/#primaryimage","url":"https:\/\/www.pogotowieflagowe.pl\/aktualne\/wp-content\/uploads\/2025\/10\/Cenzura-mowy-nienawisci-upada-Rzad-przygotowuje-nowy-mechanizm-kontroli.webp.webp","contentUrl":"https:\/\/www.pogotowieflagowe.pl\/aktualne\/wp-content\/uploads\/2025\/10\/Cenzura-mowy-nienawisci-upada-Rzad-przygotowuje-nowy-mechanizm-kontroli.webp.webp","width":1280,"height":720,"caption":"Cenzura mowy nienawi\u015bci upada. Rz\u0105d przygotowuje nowy mechanizm kontroli"},{"@type":"BreadcrumbList","@id":"https:\/\/www.pogotowieflagowe.pl\/aktualne\/cenzura-mowy-nienawisci-upada-rzad-przygotowuje-nowy-mechanizm-kontroli\/#breadcrumb","itemListElement":[{"@type":"ListItem","position":1,"name":"Home","item":"https:\/\/www.pogotowieflagowe.pl\/aktualne\/"},{"@type":"ListItem","position":2,"name":"Cenzura mowy nienawi\u015bci upada. Rz\u0105d przygotowuje nowy mechanizm kontroli"}]},{"@type":"WebSite","@id":"https:\/\/www.pogotowieflagowe.pl\/aktualne\/#website","url":"https:\/\/www.pogotowieflagowe.pl\/aktualne\/","name":"POGOTOWIE FLAGOWE\u00ae","description":"","publisher":{"@id":"https:\/\/www.pogotowieflagowe.pl\/aktualne\/#organization"},"potentialAction":[{"@type":"SearchAction","target":{"@type":"EntryPoint","urlTemplate":"https:\/\/www.pogotowieflagowe.pl\/aktualne\/?s={search_term_string}"},"query-input":"required name=search_term_string"}],"inLanguage":"pl-PL"},{"@type":"Organization","@id":"https:\/\/www.pogotowieflagowe.pl\/aktualne\/#organization","name":"POGOTOWIE FLAGOWE\u00ae","url":"https:\/\/www.pogotowieflagowe.pl\/aktualne\/","logo":{"@type":"ImageObject","inLanguage":"pl-PL","@id":"https:\/\/www.pogotowieflagowe.pl\/aktualne\/#\/schema\/logo\/image\/","url":"https:\/\/www.pogotowieflagowe.pl\/aktualne\/wp-content\/uploads\/2024\/08\/cropped-pogotowieflagowe_flaga_projekt_sm.jpg","contentUrl":"https:\/\/www.pogotowieflagowe.pl\/aktualne\/wp-content\/uploads\/2024\/08\/cropped-pogotowieflagowe_flaga_projekt_sm.jpg","width":250,"height":143,"caption":"POGOTOWIE FLAGOWE\u00ae"},"image":{"@id":"https:\/\/www.pogotowieflagowe.pl\/aktualne\/#\/schema\/logo\/image\/"}},{"@type":"Person","@id":"https:\/\/www.pogotowieflagowe.pl\/aktualne\/#\/schema\/person\/9c2fb7d2362ebf6fa088960d7f0d27b0","name":"Filip","image":{"@type":"ImageObject","inLanguage":"pl-PL","@id":"https:\/\/www.pogotowieflagowe.pl\/aktualne\/#\/schema\/person\/image\/","url":"https:\/\/www.pogotowieflagowe.pl\/aktualne\/wp-content\/uploads\/2024\/08\/pogotowieflagowe.pl_.jpg","contentUrl":"https:\/\/www.pogotowieflagowe.pl\/aktualne\/wp-content\/uploads\/2024\/08\/pogotowieflagowe.pl_.jpg","caption":"Filip"},"description":"Jestem Filip, polski dziennikarz z dyplomem nauk politycznych Uniwersytetu Warszawskiego. Rozpoczynaj\u0105c swoj\u0105 karier\u0119 w r\u00f3\u017cnych lokalnych mediach, zdoby\u0142em solidne do\u015bwiadczenie w zakresie \u015bledztwa i redakcji. Obecnie jako redaktor w Pogotowie flagowe, staram si\u0119 dostarcza\u0107 dog\u0142\u0119bne i istotne analizy na temat najwa\u017cniejszych kwestii aktualno\u015bci, \u0142\u0105cz\u0105c rygor z pasj\u0105 dziennikarsk\u0105.","sameAs":["https:\/\/www.pogotowieflagowe.pl\/"]}]}},"_links":{"self":[{"href":"https:\/\/www.pogotowieflagowe.pl\/aktualne\/wp-json\/wp\/v2\/posts\/8826","targetHints":{"allow":["GET"]}}],"collection":[{"href":"https:\/\/www.pogotowieflagowe.pl\/aktualne\/wp-json\/wp\/v2\/posts"}],"about":[{"href":"https:\/\/www.pogotowieflagowe.pl\/aktualne\/wp-json\/wp\/v2\/types\/post"}],"author":[{"embeddable":true,"href":"https:\/\/www.pogotowieflagowe.pl\/aktualne\/wp-json\/wp\/v2\/users\/1"}],"replies":[{"embeddable":true,"href":"https:\/\/www.pogotowieflagowe.pl\/aktualne\/wp-json\/wp\/v2\/comments?post=8826"}],"version-history":[{"count":1,"href":"https:\/\/www.pogotowieflagowe.pl\/aktualne\/wp-json\/wp\/v2\/posts\/8826\/revisions"}],"predecessor-version":[{"id":8828,"href":"https:\/\/www.pogotowieflagowe.pl\/aktualne\/wp-json\/wp\/v2\/posts\/8826\/revisions\/8828"}],"wp:featuredmedia":[{"embeddable":true,"href":"https:\/\/www.pogotowieflagowe.pl\/aktualne\/wp-json\/wp\/v2\/media\/8827"}],"wp:attachment":[{"href":"https:\/\/www.pogotowieflagowe.pl\/aktualne\/wp-json\/wp\/v2\/media?parent=8826"}],"wp:term":[{"taxonomy":"category","embeddable":true,"href":"https:\/\/www.pogotowieflagowe.pl\/aktualne\/wp-json\/wp\/v2\/categories?post=8826"},{"taxonomy":"post_tag","embeddable":true,"href":"https:\/\/www.pogotowieflagowe.pl\/aktualne\/wp-json\/wp\/v2\/tags?post=8826"}],"curies":[{"name":"wp","href":"https:\/\/api.w.org\/{rel}","templated":true}]}}