{"id":8829,"date":"2025-10-02T14:16:53","date_gmt":"2025-10-02T12:16:53","guid":{"rendered":"https:\/\/www.pogotowieflagowe.pl\/aktualne\/naukowcy-nie-pozostawili-zadnego-kamienia-krytykowania-idei-rzadu-tuska-to-wyglada-na-niezachwiane-lobbing\/"},"modified":"2025-10-02T14:16:54","modified_gmt":"2025-10-02T12:16:54","slug":"naukowcy-nie-pozostawili-zadnego-kamienia-krytykowania-idei-rzadu-tuska-to-wyglada-na-niezachwiane-lobbing","status":"publish","type":"post","link":"https:\/\/www.pogotowieflagowe.pl\/aktualne\/naukowcy-nie-pozostawili-zadnego-kamienia-krytykowania-idei-rzadu-tuska-to-wyglada-na-niezachwiane-lobbing\/","title":{"rendered":"Naukowcy nie pozostawili \u017cadnego kamienia, krytykowania idei rz\u0105du Tuska. \u201eTo wygl\u0105da na niezachwiane lobbing\u201d"},"content":{"rendered":"\n<div class=\"td_block_wrap tdb_single_content tdi_41 td-pb-border-top td_block_template_8 td-post-content tagdiv-type\" data-td-block-uid=\"tdi_41\">\n<style>.tdi_41 {margin-top: 0px! Wa\u017cne; margines-bottom: 0px! WA\u017bNY; PALDING-TOP: 0PX! WA\u017bNY; PALDING-BOTTOM: 0PX! WA\u017bNE}<\/style>\n<style>.tdb_single_content {margin-bottom: 0;*zoom: 1} .tdb_single_content: wcze\u015bniej, .tdb_single_content: po {display: Table; content: ''; line-height: 0} .TDB-BLOCK-INner>*: nie (.WP-BLOCK-QUOTE): not (.alignSwide): not (.Alignfull.wp-block-cover.has-parallax): not (.td-a-ad) {margin-left: auto; margin-right: auto} .tdb_single_ConTent a {wska\u017anik-events: auto} .tdb_single_content .td-spot-id-top_ad .tdc-placeholder-title: przed {content: \u201eArtyku\u0142 top ad\u201d! Wa\u017cne} .tdb_single_content .td-Spot-Id-inline_ad0 .tdc-placeholder-title 1 '! Wa\u017cne} .tdb_single_content .td-Spot-Id-inline_Ad1 .tdc-Placeholder-Title: przed {content: \u201eArtyku\u0142 inline AD 2'! Wa\u017cny} .tdb_single_content. 3 '! Wa\u017cne} .tdb_single_content .td-Spot-Id-Bottom_Ad .tdc-Placeholder-Title: przed {content: \u201eArtyku\u0142 Bottom Ad\u201d! Wa\u017cne} .tdb_single_content .id_top_ad, .tdb_single_content_content .id_bottom_ad {clear: oba; margin-bottom: 21px; text-align: Center} .tdb_single_content .id_top_ad img, .tdb_single_content .id_bottom_ad img {margin-bottom: 0} .tdb_single_conTent .id_top_ad .adsbyGoogle, .tdb_single_content .id_bottom_ad .adsbyGoogle {pozycja: relatyw} .tdb_single_content .id_ad_content-horiz-left, .tdb_single_content .id_ad_content-horiz-right, .tdb_single_content .id_ad_content-horiz-Center {margin-bottom: 15px} .tdb_single_content .id_ad_content-horiz-left Img, .tdb_single_content .id_ad_content-horiz-right img, .tdb_single_content .id_ad_content-horiz-centerter img {margin-bottom: 0} .tdb_single_content .id_ad_content-horiz-center {text-align: Center} .tdb_single_content .id_ad_content-horiz-center img {margin-right: auto; margin-let: auto} .tdb_single_content .id_ad_content-horiz-left {float: left; margin-top: 9px; margin-right: 21px} .tdb_single_content .id_ad_content-horiz-right {float: margin-top: 6px; margin-left: 21px} .tdb_single_content .tdc-a-a-ad .TDC-Placeholder-Title {szeroko\u015b\u0107: 300px; height: 250px} .tdb_single_content .tdc-a-ad .TDC-Placeholder-Title: Przed {Pozycja: Absolute; TOP: 50%;-WebKit-Transform: Translatey (-50%); Transform: Translatey (-50%); margines: auto; Display: Tabela; szeroko\u015b\u0107: 100%}. tdb_single_content .TDB-BLOCK-INNER.TD-FIX-INDEX {Word-Break: Break-word} .tdi_41, .tdi_41> p, .tdi_41 .tdb-block-inner> p, .Wp-Block-Column> p {font-size: 16px! Wa\u017cne; wa\u017cny; p {font-styl: normalne! Wa\u017cne} @media (Max-Width: 767px) {. tdb_single_content .id_ad_content-horiz-left, .tdb_single_content .id_ad_content-horiz-right, .tdb_single_content .id_ad_content-horiz-centter {Margin: 0 AUTO 26PXX auto}}@media (Max-Width: 767px) {. tdb_single_content .id_ad_content-horiz-left {margin-right: 0}}@media (max-width: 767px) {. (Max-Width: 767px) {. tdb_single_content .td-a-ad {float: none; text-align: Center} .tdb_single_content .td-a-ad img {margin-right: auto; margin-left: auto} .tdb_single_content .tdc-a-a-a-{margin-right: auto; margin-left: auto} .tdb_single_content .tdd<\/style>\n<div class=\"tdb-block-inner td-fix-index\">\n<p>Spo\u0142eczno\u015b\u0107 naukowa zdecydowanie skrytykowa\u0142a rz\u0105dowy plan premiera Donalda Tuska, aby sfinansowa\u0107 dwa statki na uniwersytety morskie w Polsce. <strong>\u201eZamiast naprawd\u0119 niezb\u0119dnego i dobrze wyra\u017conego statku badawczego, rz\u0105d finansuje niespodziank\u0119 w formie deklaracji ca\u0142kowicie niezgodnych z zasad\u0105 oszcz\u0119dzania ka\u017cdego grosza w celu wzmocnienia obrony. To wygl\u0105da na niezachwiane lobbing polityczny, lekcewa\u017cenie prawdziwych potrzeb kraju\u201d<\/strong> powiedzia\u0142 prof. Jan Marcin W\u0119s\u0142awski, dyrektor <em>Instytut Oceanologii Polskiej Akademii Nauk<\/em> (PATELNIA). Naukowcy s\u0105 r\u00f3wnie\u017c bardzo krytyczni wobec ci\u0119\u0107 w finansowaniu nauki w tym roku i nast\u0119pnym, wymagaj\u0105c rewizji bud\u017cetu pa\u0144stwa.<\/p>\n<p>We wtorek rz\u0105d postanowi\u0142 sfinansowa\u0107 budow\u0119 dw\u00f3ch nowych statk\u00f3w &#8211; \u017ceglarstwa dla <em>Uniwersytet morski w Gdynii<\/em> oraz jednostka bada\u0144 szkoleniowych dla <em>Maritime University of Technology in Szczecin<\/em>. Rzecznik rz\u0105dowy Adam Sza\u0142apka og\u0142osi\u0142, \u017ce w ramach programu <em>\u201eBudowa statk\u00f3w na uniwersytety morskie w latach 2025-2029\u201d<\/em> (2025-2029), prawie 1 miliard PLN zostanie przeznaczony na projekt, budow\u0119 i wyposa\u017cenie tych statk\u00f3w.<\/p>\n<p><strong>\u201eBy\u0142y\u201e lwwis \u201d,\u201e dar pomorarza \u201di\u201e dar m\u0142odzie\u017cy \u201d. A teraz\u2026 no c\u00f3\u017c, prosz\u0119 bardzo. Budujemy nowy statek \u017caglowy! Jak\u0105 nazw\u0119 powinien to znosi\u0107? Podziel si\u0119 swoimi pomys\u0142ami &#8211; Uniwersytet Maritime w Gdyni z pewno\u015bci\u0105 je rozwa\u017cy. Wi\u0119c, chod\u017amy!\u201d<\/strong> Napisa\u0142 premiera Donalda Tuska w mediach spo\u0142eczno\u015bciowych.<\/p>\n<h2 class=\"wp-block-heading\">Prof. Jemielniak: \u201eTo szale\u0144stwo\u201d<\/h2>\n<p>Wiceprezes <em>Polska Akademia Nauk<\/em> (Pan), prof. Dariusz Jemielniak, przypomnia\u0142, \u017ce spo\u0142eczno\u015b\u0107 naukowa od lat stara si\u0119 zabezpieczy\u0107 fundusze na nowy statek badawczy (obecnie obs\u0142uguj\u0105cy \u201eOceania\u201d &#8211; statek \u017ceglarski nale\u017c\u0105cy do Institute of Oceanology of Pan, zbudowany w 1985 r., Kt\u00f3ry &#8211; cho\u0107 o wyj\u0105tkowym znaczeniu dla polskich bada\u0144 oceanograficznych i polarnych &#8211; jest ju\u017c nie do\u0142adowany). Obietnice s\u0105 z\u0142o\u017cone od wielu lat.<\/p>\n<p><strong>\u201eStatek mia\u0142 zosta\u0107 sfinansowany-okazuje si\u0119, \u017ce zamiast tego dwa statki szkoleniowe maj\u0105 zosta\u0107 sfinansowane. Jest to ca\u0142kowite zamieszanie poj\u0119\u0107-na statku szkoleniowym, nawet je\u015bli nazywa si\u0119 to statkiem\u201e badacz \u201d, badania nie b\u0119d\u0105 mia\u0142y najmniejszej szans na przeprowadzenie w pe\u0142nym zakresie-nikt nie robi tego na \u015bwiecie\u201d<\/strong> Prof. Jemielniak powiedzia\u0142 The <em>Polska agencja prasowa<\/em> (PAPKA). Doda\u0142, <strong>\u201eNiezwykle jest tutaj to, \u017ce problem zjednoczy\u0142 r\u00f3\u017cne jednostki badawcze i instytuty &#8211; nigdy nie chodzi\u0142o o przyw\u0142aszczenie statku, ale o wykorzystanie nowej infrastruktury badawczej w celu uzyskania absolutnie fundamentalnych potrzeb badawczych\u201d.<\/strong><\/p>\n<figure class=\"wp-block-pullquote\">\n<blockquote>\n<p><strong>\u201eNajbardziej szalon\u0105 cz\u0119\u015bci\u0105 tego wszystkiego jest to, \u017ce tak, mamy dobre uniwersytety morskie, kt\u00f3re skorzystaj\u0105 ze statk\u00f3w szkoleniowych, ale edukuj\u0105 za\u0142ogi, kt\u00f3re p\u00f3\u017aniej p\u0142yn\u0105 pod zagranicznymi flagami, poniewa\u017c Polska po prostu nie ma floty. Nie mo\u017cemy sobie pozwoli\u0107 na subsydiowanie pracownik\u00f3w dla zagranicznych korporacji, ale nie mo\u017cemy sobie pozwoli\u0107 na najbardziej podstawow\u0105 gwarancj\u0119 narz\u0119dzi badawczych dla polskich naukowc\u00f3w, kt\u00f3rzy s\u0142u\u017c\u0105 naszemu naukowcom, kt\u00f3rzy s\u0142u\u017c\u0105 naszej nauce i gospodarce. Nawet na jeden nie ma funduszy, jest po prostu haniebny \u201d<\/strong> Oceniono prof. Jemielniak.<\/p>\n<\/blockquote>\n<\/figure>\n<p>Prof. Jemielniak stwierdzi\u0142, \u017ce jego zdaniem, <strong>\u201eTo szokuj\u0105ce, \u017ce nauka jest traktowana tak, jakby by\u0142a kaprysem lub hobby\u201d.<\/strong><\/p>\n<p><strong>\u201eZ jednej strony sam minister finans\u00f3w zauwa\u017ca, \u017ce \u200b\u200bka\u017cda Z\u0142oty zainwestowana w badania daje do siedmiu Z\u0142otys\u00f3w w gospodark\u0119, a z drugiej &#8211; inwestycje w absolutnie podstawow\u0105 infrastruktur\u0119 badawcz\u0105, r\u00f3wnie\u017c krytyczne dla bezpiecze\u0144stwa klimatu naszego kraju, jest po prostu ignorowana. Nie mo\u017cna zak\u0142\u00f3ca\u0107 nauki z kartonami i ta\u015bm\u0105 kana\u0142ow\u0105\u201d, \u201d<\/strong> Podsumowa\u0142.<\/p>\n<h2 class=\"wp-block-heading\">Prof. W\u0119s\u0142awski: \u201eNiezniszczone lobbing polityczny\u201d<\/h2>\n<p>Prof. Jan Marcin W\u0119s\u0142awski, dyrektor <em>Institute of Oceanology of Pan<\/em>r\u00f3wnie\u017c zaj\u0105\u0142 si\u0119 problemem.<\/p>\n<p>Podkre\u015bli\u0142, <strong>\u201eAkceptujemy, podobnie jak wi\u0119kszo\u015b\u0107 spo\u0142ecze\u0144stwa, priorytet wydatk\u00f3w na obron\u0119, nawet kosztem bolesnych ci\u0119\u0107 finansowania dla naukowc\u00f3w\u201d.<\/strong> Doda\u0142 to <strong>\u201eOderwanie pas\u00f3w nie jest niczym nowym, ale w tym kontek\u015bcie plan bud\u017cetowy dla dw\u00f3ch nowych statk\u00f3w szkoleniowych wygl\u0105da bardzo \u017ale\u201d.<\/strong> Zwr\u00f3ci\u0142 r\u00f3wnie\u017c uwag\u0119, \u017ce celem jest szkolenie \u201epersonelu bran\u017cy offshore\u201d, zauwa\u017caj\u0105c, \u017ce uniwersytet morski ma ju\u017c statki &#8211; <strong>\u201eWszystkie dzia\u0142aj\u0105ce i nie stare\u201d.<\/strong><\/p>\n<figure class=\"wp-block-pullquote\">\n<blockquote>\n<p><strong>\u201eTymczasem konsorcjum PAN Institutes i <em>Polski Instytut Geologiczny<\/em> (Pig) od lat czeka na wielokrotnie prze\u0142o\u017con\u0105 decyzj\u0119 o sfinansowaniu oceanicznego statku badawczego, niezb\u0119dnego do utrzymania niezale\u017cno\u015bci polskich stacji polarnych i widoczno\u015bci Polski w mi\u0119dzynarodowych badaniach oceanograficznych. Zamiast naprawd\u0119 niezb\u0119dnego i dobrze wyra\u017conego statku badawczego, rz\u0105d finansuje niespodziank\u0119 w formie deklaracji ca\u0142kowicie niezgodnych z oszcz\u0119dzaniem ka\u017cdego grosza na obron\u0119. Wygl\u0105da na to, \u017ce nieobs\u0142ugiwane lobbing polityczny, lekcewa\u017cenie prawdziwych potrzeb kraju \u201d<\/strong> podkre\u015bli\u0142 prof. Ws\u0142awskiego w przes\u0142anym o\u015bwiadczeniu.<\/p>\n<\/blockquote>\n<\/figure>\n<h2 class=\"wp-block-heading\">Prof. Kaniewska: \u201eRekordowy rok. Nauka nigdy nie widzia\u0142a tak niskiego finansowania\u201d<\/h2>\n<p>W \u015brod\u0119, podczas inauguracji roku akademickiego w <em>Adam Mickiewicz University w Pozna\u0144<\/em>Rector Prof. Bogumilacja Kaniewska zauwa\u017cy\u0142, \u017ce bie\u017c\u0105cy rok jest <strong>\u201eRekordowe\u201d<\/strong> Pod wzgl\u0119dem nauki i finansowania szkolnictwa wy\u017cszego &#8211; ale poniewa\u017c fundusze nigdy nie by\u0142o tak niskie w XXI wieku.<\/p>\n<p><strong>\u201eW 2026 r. Procent b\u0119dzie jeszcze ni\u017cszy. W 2025 r. Podwy\u017cka wynagrodze\u0144 dla pracownik\u00f3w uniwersytet\u00f3w wynios\u0142a 5 procent, a w nast\u0119pnym roku b\u0119dzie to 3 procent\u201d<\/strong> powiedzia\u0142 prof. Kaniewska.<\/p>\n<figure class=\"wp-block-pullquote\">\n<blockquote>\n<p><strong>\u201eNie m\u00f3wmy wi\u0119c o innowacjach, je\u015bli polscy badacze nie maj\u0105 pieni\u0119dzy na podstawowe badania. Nie m\u00f3wmy o bezpiecze\u0144stwie, je\u015bli opiera si\u0119 on na zakup zagranicznych sprz\u0119tu i licencji bez inwestycji w technologie krajowe. Nie m\u00f3wmy o gospodarce opartej na wiedzy bez tworzenia systemu zach\u0119caj\u0105cego polskie firmy do wsp\u00f3\u0142pracy z polskimi badaczami\u201d, \u201d<\/strong> doda\u0142a.<\/p>\n<\/blockquote>\n<\/figure>\n<h2 class=\"wp-block-heading\">List do w\u0142adz: bud\u017cet 2026 musi zosta\u0107 zmieniony<\/h2>\n<p>Na pocz\u0105tku tygodnia naukowcy wys\u0142ali list otwarty do prezydenta Polski, premiera i m\u00f3wc\u00f3w parlamentu na temat finansowania nauki. Do tej pory ponad 4000 os\u00f3b podpisa\u0142o to.<\/p>\n<figure class=\"wp-block-pullquote\">\n<blockquote>\n<p><strong>\u201ePrzedstawiona projekt ustawy bud\u017cetowej na 2026 r., Kt\u00f3ra przewiduje oko\u0142o 1% PKB na szkolnictwo wy\u017csze i badania, zmniejsza rzeczywiste wydatki na nauk\u0119 do najni\u017cszego w XXI wieku w stosunku do PKB. Spo\u015br\u00f3d wielu niepokoj\u0105cych element\u00f3w tego projektu, chcieliby\u015bmy zwr\u00f3ci\u0107 szczeg\u00f3ln\u0105 uwag\u0119 na zamarzanie alokacji na alokacje dla alokacji na rzecz alokacji na rzecz alokacji dla <em>National Science Center<\/em> (NCN) na poziomie 2025. Pog\u0142\u0119bia si\u0119 to o kryzysie podstawowych bada\u0144 w Polsce, zagra\u017caj\u0105c fundamentom naszego pa\u0144stwa: jego bezpiecze\u0144stwo, rozw\u00f3j i przysz\u0142o\u015b\u0107 m\u0142odych pokole\u0144 \u201d<\/strong> List brzmi.<\/p>\n<\/blockquote>\n<\/figure>\n<p>Doda\u0142, \u017ce zamra\u017canie funduszy NCN <strong>\u201eMa ju\u017c nieodwracalne konsekwencje, kt\u00f3re tylko si\u0119 pog\u0142\u0119bi\u0105\u201d.<\/strong><\/p>\n<p>Naukowcy domagaj\u0105 si\u0119 rewizji przysz\u0142orocznego bud\u017cetu i wzrostu finansowania bada\u0144 naukowych, w tym podnoszenia alokacji dla National Science Center o co najmniej 400 milion\u00f3w PLN.<\/p>\n<\/div>\n<\/div>\n","protected":false},"excerpt":{"rendered":"<p>Spo\u0142eczno\u015b\u0107 naukowa zdecydowanie skrytykowa\u0142a rz\u0105dowy plan premiera Donalda Tuska, aby sfinansowa\u0107 dwa statki na uniwersytety morskie w Polsce. \u201eZamiast naprawd\u0119<\/p>\n","protected":false},"author":1,"featured_media":8830,"comment_status":"open","ping_status":"open","sticky":false,"template":"","format":"standard","meta":{"footnotes":""},"categories":[4748],"tags":[10369,10367,10368,10372,178,450,10371,7239,335,567,10370,10366],"class_list":["post-8829","post","type-post","status-publish","format-standard","has-post-thumbnail","hentry","category-aktualne","tag-idei","tag-kamienia","tag-krytykowania","tag-lobbing","tag-naukowcy","tag-nie","tag-niezachwiane","tag-pozostawili","tag-rzadu","tag-tuska","tag-wyglada","tag-zadnego","generate-columns","tablet-grid-50","mobile-grid-100","grid-parent","grid-50","resize-featured-image"],"yoast_head":"<!-- This site is optimized with the Yoast SEO plugin v23.2 - https:\/\/yoast.com\/wordpress\/plugins\/seo\/ -->\n<title>Naukowcy nie pozostawili \u017cadnego kamienia, krytykowania idei rz\u0105du Tuska. \u201eTo wygl\u0105da na niezachwiane lobbing\u201d - POGOTOWIE FLAGOWE\u00ae<\/title>\n<meta name=\"robots\" content=\"index, follow, max-snippet:-1, max-image-preview:large, max-video-preview:-1\" \/>\n<link rel=\"canonical\" href=\"https:\/\/www.pogotowieflagowe.pl\/aktualne\/naukowcy-nie-pozostawili-zadnego-kamienia-krytykowania-idei-rzadu-tuska-to-wyglada-na-niezachwiane-lobbing\/\" \/>\n<meta property=\"og:locale\" content=\"pl_PL\" \/>\n<meta property=\"og:type\" content=\"article\" \/>\n<meta property=\"og:title\" content=\"Naukowcy nie pozostawili \u017cadnego kamienia, krytykowania idei rz\u0105du Tuska. \u201eTo wygl\u0105da na niezachwiane lobbing\u201d - POGOTOWIE FLAGOWE\u00ae\" \/>\n<meta property=\"og:description\" content=\"Spo\u0142eczno\u015b\u0107 naukowa zdecydowanie skrytykowa\u0142a rz\u0105dowy plan premiera Donalda Tuska, aby sfinansowa\u0107 dwa statki na uniwersytety morskie w Polsce. \u201eZamiast naprawd\u0119\" \/>\n<meta property=\"og:url\" content=\"https:\/\/www.pogotowieflagowe.pl\/aktualne\/naukowcy-nie-pozostawili-zadnego-kamienia-krytykowania-idei-rzadu-tuska-to-wyglada-na-niezachwiane-lobbing\/\" \/>\n<meta property=\"og:site_name\" content=\"POGOTOWIE FLAGOWE\u00ae\" \/>\n<meta property=\"article:published_time\" content=\"2025-10-02T12:16:53+00:00\" \/>\n<meta property=\"article:modified_time\" content=\"2025-10-02T12:16:54+00:00\" \/>\n<meta property=\"og:image\" content=\"https:\/\/www.pogotowieflagowe.pl\/aktualne\/wp-content\/uploads\/2025\/10\/Naukowcy-nie-pozostawili-zadnego-kamienia-krytykowania-idei-rzadu-Tuska-\u201eTo.webp.webp\" \/>\n\t<meta property=\"og:image:width\" content=\"1280\" \/>\n\t<meta property=\"og:image:height\" content=\"720\" \/>\n\t<meta property=\"og:image:type\" content=\"image\/webp\" \/>\n<meta name=\"author\" content=\"Filip\" \/>\n<meta name=\"twitter:card\" content=\"summary_large_image\" \/>\n<meta name=\"twitter:label1\" content=\"Napisane przez\" \/>\n\t<meta name=\"twitter:data1\" content=\"Filip\" \/>\n\t<meta name=\"twitter:label2\" content=\"Szacowany czas czytania\" \/>\n\t<meta name=\"twitter:data2\" content=\"6 minut\" \/>\n<script type=\"application\/ld+json\" class=\"yoast-schema-graph\">{\"@context\":\"https:\/\/schema.org\",\"@graph\":[{\"@type\":\"Article\",\"@id\":\"https:\/\/www.pogotowieflagowe.pl\/aktualne\/naukowcy-nie-pozostawili-zadnego-kamienia-krytykowania-idei-rzadu-tuska-to-wyglada-na-niezachwiane-lobbing\/#article\",\"isPartOf\":{\"@id\":\"https:\/\/www.pogotowieflagowe.pl\/aktualne\/naukowcy-nie-pozostawili-zadnego-kamienia-krytykowania-idei-rzadu-tuska-to-wyglada-na-niezachwiane-lobbing\/\"},\"author\":{\"name\":\"Filip\",\"@id\":\"https:\/\/www.pogotowieflagowe.pl\/aktualne\/#\/schema\/person\/9c2fb7d2362ebf6fa088960d7f0d27b0\"},\"headline\":\"Naukowcy nie pozostawili \u017cadnego kamienia, krytykowania idei rz\u0105du Tuska. \u201eTo wygl\u0105da na niezachwiane lobbing\u201d\",\"datePublished\":\"2025-10-02T12:16:53+00:00\",\"dateModified\":\"2025-10-02T12:16:54+00:00\",\"mainEntityOfPage\":{\"@id\":\"https:\/\/www.pogotowieflagowe.pl\/aktualne\/naukowcy-nie-pozostawili-zadnego-kamienia-krytykowania-idei-rzadu-tuska-to-wyglada-na-niezachwiane-lobbing\/\"},\"wordCount\":1124,\"commentCount\":0,\"publisher\":{\"@id\":\"https:\/\/www.pogotowieflagowe.pl\/aktualne\/#organization\"},\"image\":{\"@id\":\"https:\/\/www.pogotowieflagowe.pl\/aktualne\/naukowcy-nie-pozostawili-zadnego-kamienia-krytykowania-idei-rzadu-tuska-to-wyglada-na-niezachwiane-lobbing\/#primaryimage\"},\"thumbnailUrl\":\"https:\/\/www.pogotowieflagowe.pl\/aktualne\/wp-content\/uploads\/2025\/10\/Naukowcy-nie-pozostawili-zadnego-kamienia-krytykowania-idei-rzadu-Tuska-\u201eTo.webp.webp\",\"keywords\":[\"idei\",\"kamienia\",\"krytykowania\",\"lobbing\",\"naukowcy\",\"Nie\",\"niezachwiane\",\"pozostawili\",\"rz\u0105du\",\"Tuska\",\"wygl\u0105da\",\"\u017cadnego\"],\"articleSection\":[\"Aktualne\"],\"inLanguage\":\"pl-PL\",\"potentialAction\":[{\"@type\":\"CommentAction\",\"name\":\"Comment\",\"target\":[\"https:\/\/www.pogotowieflagowe.pl\/aktualne\/naukowcy-nie-pozostawili-zadnego-kamienia-krytykowania-idei-rzadu-tuska-to-wyglada-na-niezachwiane-lobbing\/#respond\"]}]},{\"@type\":\"WebPage\",\"@id\":\"https:\/\/www.pogotowieflagowe.pl\/aktualne\/naukowcy-nie-pozostawili-zadnego-kamienia-krytykowania-idei-rzadu-tuska-to-wyglada-na-niezachwiane-lobbing\/\",\"url\":\"https:\/\/www.pogotowieflagowe.pl\/aktualne\/naukowcy-nie-pozostawili-zadnego-kamienia-krytykowania-idei-rzadu-tuska-to-wyglada-na-niezachwiane-lobbing\/\",\"name\":\"Naukowcy nie pozostawili \u017cadnego kamienia, krytykowania idei rz\u0105du Tuska. \u201eTo wygl\u0105da na niezachwiane lobbing\u201d - POGOTOWIE FLAGOWE\u00ae\",\"isPartOf\":{\"@id\":\"https:\/\/www.pogotowieflagowe.pl\/aktualne\/#website\"},\"primaryImageOfPage\":{\"@id\":\"https:\/\/www.pogotowieflagowe.pl\/aktualne\/naukowcy-nie-pozostawili-zadnego-kamienia-krytykowania-idei-rzadu-tuska-to-wyglada-na-niezachwiane-lobbing\/#primaryimage\"},\"image\":{\"@id\":\"https:\/\/www.pogotowieflagowe.pl\/aktualne\/naukowcy-nie-pozostawili-zadnego-kamienia-krytykowania-idei-rzadu-tuska-to-wyglada-na-niezachwiane-lobbing\/#primaryimage\"},\"thumbnailUrl\":\"https:\/\/www.pogotowieflagowe.pl\/aktualne\/wp-content\/uploads\/2025\/10\/Naukowcy-nie-pozostawili-zadnego-kamienia-krytykowania-idei-rzadu-Tuska-\u201eTo.webp.webp\",\"datePublished\":\"2025-10-02T12:16:53+00:00\",\"dateModified\":\"2025-10-02T12:16:54+00:00\",\"breadcrumb\":{\"@id\":\"https:\/\/www.pogotowieflagowe.pl\/aktualne\/naukowcy-nie-pozostawili-zadnego-kamienia-krytykowania-idei-rzadu-tuska-to-wyglada-na-niezachwiane-lobbing\/#breadcrumb\"},\"inLanguage\":\"pl-PL\",\"potentialAction\":[{\"@type\":\"ReadAction\",\"target\":[\"https:\/\/www.pogotowieflagowe.pl\/aktualne\/naukowcy-nie-pozostawili-zadnego-kamienia-krytykowania-idei-rzadu-tuska-to-wyglada-na-niezachwiane-lobbing\/\"]}]},{\"@type\":\"ImageObject\",\"inLanguage\":\"pl-PL\",\"@id\":\"https:\/\/www.pogotowieflagowe.pl\/aktualne\/naukowcy-nie-pozostawili-zadnego-kamienia-krytykowania-idei-rzadu-tuska-to-wyglada-na-niezachwiane-lobbing\/#primaryimage\",\"url\":\"https:\/\/www.pogotowieflagowe.pl\/aktualne\/wp-content\/uploads\/2025\/10\/Naukowcy-nie-pozostawili-zadnego-kamienia-krytykowania-idei-rzadu-Tuska-\u201eTo.webp.webp\",\"contentUrl\":\"https:\/\/www.pogotowieflagowe.pl\/aktualne\/wp-content\/uploads\/2025\/10\/Naukowcy-nie-pozostawili-zadnego-kamienia-krytykowania-idei-rzadu-Tuska-\u201eTo.webp.webp\",\"width\":1280,\"height\":720,\"caption\":\"Naukowcy nie pozostawili \u017cadnego kamienia, krytykowania idei rz\u0105du Tuska. \u201eTo wygl\u0105da na niezachwiane lobbing\u201d\"},{\"@type\":\"BreadcrumbList\",\"@id\":\"https:\/\/www.pogotowieflagowe.pl\/aktualne\/naukowcy-nie-pozostawili-zadnego-kamienia-krytykowania-idei-rzadu-tuska-to-wyglada-na-niezachwiane-lobbing\/#breadcrumb\",\"itemListElement\":[{\"@type\":\"ListItem\",\"position\":1,\"name\":\"Home\",\"item\":\"https:\/\/www.pogotowieflagowe.pl\/aktualne\/\"},{\"@type\":\"ListItem\",\"position\":2,\"name\":\"Naukowcy nie pozostawili \u017cadnego kamienia, krytykowania idei rz\u0105du Tuska. \u201eTo wygl\u0105da na niezachwiane lobbing\u201d\"}]},{\"@type\":\"WebSite\",\"@id\":\"https:\/\/www.pogotowieflagowe.pl\/aktualne\/#website\",\"url\":\"https:\/\/www.pogotowieflagowe.pl\/aktualne\/\",\"name\":\"POGOTOWIE FLAGOWE\u00ae\",\"description\":\"\",\"publisher\":{\"@id\":\"https:\/\/www.pogotowieflagowe.pl\/aktualne\/#organization\"},\"potentialAction\":[{\"@type\":\"SearchAction\",\"target\":{\"@type\":\"EntryPoint\",\"urlTemplate\":\"https:\/\/www.pogotowieflagowe.pl\/aktualne\/?s={search_term_string}\"},\"query-input\":\"required name=search_term_string\"}],\"inLanguage\":\"pl-PL\"},{\"@type\":\"Organization\",\"@id\":\"https:\/\/www.pogotowieflagowe.pl\/aktualne\/#organization\",\"name\":\"POGOTOWIE FLAGOWE\u00ae\",\"url\":\"https:\/\/www.pogotowieflagowe.pl\/aktualne\/\",\"logo\":{\"@type\":\"ImageObject\",\"inLanguage\":\"pl-PL\",\"@id\":\"https:\/\/www.pogotowieflagowe.pl\/aktualne\/#\/schema\/logo\/image\/\",\"url\":\"https:\/\/www.pogotowieflagowe.pl\/aktualne\/wp-content\/uploads\/2024\/08\/cropped-pogotowieflagowe_flaga_projekt_sm.jpg\",\"contentUrl\":\"https:\/\/www.pogotowieflagowe.pl\/aktualne\/wp-content\/uploads\/2024\/08\/cropped-pogotowieflagowe_flaga_projekt_sm.jpg\",\"width\":250,\"height\":143,\"caption\":\"POGOTOWIE FLAGOWE\u00ae\"},\"image\":{\"@id\":\"https:\/\/www.pogotowieflagowe.pl\/aktualne\/#\/schema\/logo\/image\/\"}},{\"@type\":\"Person\",\"@id\":\"https:\/\/www.pogotowieflagowe.pl\/aktualne\/#\/schema\/person\/9c2fb7d2362ebf6fa088960d7f0d27b0\",\"name\":\"Filip\",\"image\":{\"@type\":\"ImageObject\",\"inLanguage\":\"pl-PL\",\"@id\":\"https:\/\/www.pogotowieflagowe.pl\/aktualne\/#\/schema\/person\/image\/\",\"url\":\"https:\/\/www.pogotowieflagowe.pl\/aktualne\/wp-content\/uploads\/2024\/08\/pogotowieflagowe.pl_.jpg\",\"contentUrl\":\"https:\/\/www.pogotowieflagowe.pl\/aktualne\/wp-content\/uploads\/2024\/08\/pogotowieflagowe.pl_.jpg\",\"caption\":\"Filip\"},\"description\":\"Jestem Filip, polski dziennikarz z dyplomem nauk politycznych Uniwersytetu Warszawskiego. Rozpoczynaj\u0105c swoj\u0105 karier\u0119 w r\u00f3\u017cnych lokalnych mediach, zdoby\u0142em solidne do\u015bwiadczenie w zakresie \u015bledztwa i redakcji. Obecnie jako redaktor w Pogotowie flagowe, staram si\u0119 dostarcza\u0107 dog\u0142\u0119bne i istotne analizy na temat najwa\u017cniejszych kwestii aktualno\u015bci, \u0142\u0105cz\u0105c rygor z pasj\u0105 dziennikarsk\u0105.\",\"sameAs\":[\"https:\/\/www.pogotowieflagowe.pl\/\"]}]}<\/script>\n<!-- \/ Yoast SEO plugin. -->","yoast_head_json":{"title":"Naukowcy nie pozostawili \u017cadnego kamienia, krytykowania idei rz\u0105du Tuska. \u201eTo wygl\u0105da na niezachwiane lobbing\u201d - POGOTOWIE FLAGOWE\u00ae","robots":{"index":"index","follow":"follow","max-snippet":"max-snippet:-1","max-image-preview":"max-image-preview:large","max-video-preview":"max-video-preview:-1"},"canonical":"https:\/\/www.pogotowieflagowe.pl\/aktualne\/naukowcy-nie-pozostawili-zadnego-kamienia-krytykowania-idei-rzadu-tuska-to-wyglada-na-niezachwiane-lobbing\/","og_locale":"pl_PL","og_type":"article","og_title":"Naukowcy nie pozostawili \u017cadnego kamienia, krytykowania idei rz\u0105du Tuska. \u201eTo wygl\u0105da na niezachwiane lobbing\u201d - POGOTOWIE FLAGOWE\u00ae","og_description":"Spo\u0142eczno\u015b\u0107 naukowa zdecydowanie skrytykowa\u0142a rz\u0105dowy plan premiera Donalda Tuska, aby sfinansowa\u0107 dwa statki na uniwersytety morskie w Polsce. \u201eZamiast naprawd\u0119","og_url":"https:\/\/www.pogotowieflagowe.pl\/aktualne\/naukowcy-nie-pozostawili-zadnego-kamienia-krytykowania-idei-rzadu-tuska-to-wyglada-na-niezachwiane-lobbing\/","og_site_name":"POGOTOWIE FLAGOWE\u00ae","article_published_time":"2025-10-02T12:16:53+00:00","article_modified_time":"2025-10-02T12:16:54+00:00","og_image":[{"width":1280,"height":720,"url":"https:\/\/www.pogotowieflagowe.pl\/aktualne\/wp-content\/uploads\/2025\/10\/Naukowcy-nie-pozostawili-zadnego-kamienia-krytykowania-idei-rzadu-Tuska-\u201eTo.webp.webp","type":"image\/webp"}],"author":"Filip","twitter_card":"summary_large_image","twitter_misc":{"Napisane przez":"Filip","Szacowany czas czytania":"6 minut"},"schema":{"@context":"https:\/\/schema.org","@graph":[{"@type":"Article","@id":"https:\/\/www.pogotowieflagowe.pl\/aktualne\/naukowcy-nie-pozostawili-zadnego-kamienia-krytykowania-idei-rzadu-tuska-to-wyglada-na-niezachwiane-lobbing\/#article","isPartOf":{"@id":"https:\/\/www.pogotowieflagowe.pl\/aktualne\/naukowcy-nie-pozostawili-zadnego-kamienia-krytykowania-idei-rzadu-tuska-to-wyglada-na-niezachwiane-lobbing\/"},"author":{"name":"Filip","@id":"https:\/\/www.pogotowieflagowe.pl\/aktualne\/#\/schema\/person\/9c2fb7d2362ebf6fa088960d7f0d27b0"},"headline":"Naukowcy nie pozostawili \u017cadnego kamienia, krytykowania idei rz\u0105du Tuska. \u201eTo wygl\u0105da na niezachwiane lobbing\u201d","datePublished":"2025-10-02T12:16:53+00:00","dateModified":"2025-10-02T12:16:54+00:00","mainEntityOfPage":{"@id":"https:\/\/www.pogotowieflagowe.pl\/aktualne\/naukowcy-nie-pozostawili-zadnego-kamienia-krytykowania-idei-rzadu-tuska-to-wyglada-na-niezachwiane-lobbing\/"},"wordCount":1124,"commentCount":0,"publisher":{"@id":"https:\/\/www.pogotowieflagowe.pl\/aktualne\/#organization"},"image":{"@id":"https:\/\/www.pogotowieflagowe.pl\/aktualne\/naukowcy-nie-pozostawili-zadnego-kamienia-krytykowania-idei-rzadu-tuska-to-wyglada-na-niezachwiane-lobbing\/#primaryimage"},"thumbnailUrl":"https:\/\/www.pogotowieflagowe.pl\/aktualne\/wp-content\/uploads\/2025\/10\/Naukowcy-nie-pozostawili-zadnego-kamienia-krytykowania-idei-rzadu-Tuska-\u201eTo.webp.webp","keywords":["idei","kamienia","krytykowania","lobbing","naukowcy","Nie","niezachwiane","pozostawili","rz\u0105du","Tuska","wygl\u0105da","\u017cadnego"],"articleSection":["Aktualne"],"inLanguage":"pl-PL","potentialAction":[{"@type":"CommentAction","name":"Comment","target":["https:\/\/www.pogotowieflagowe.pl\/aktualne\/naukowcy-nie-pozostawili-zadnego-kamienia-krytykowania-idei-rzadu-tuska-to-wyglada-na-niezachwiane-lobbing\/#respond"]}]},{"@type":"WebPage","@id":"https:\/\/www.pogotowieflagowe.pl\/aktualne\/naukowcy-nie-pozostawili-zadnego-kamienia-krytykowania-idei-rzadu-tuska-to-wyglada-na-niezachwiane-lobbing\/","url":"https:\/\/www.pogotowieflagowe.pl\/aktualne\/naukowcy-nie-pozostawili-zadnego-kamienia-krytykowania-idei-rzadu-tuska-to-wyglada-na-niezachwiane-lobbing\/","name":"Naukowcy nie pozostawili \u017cadnego kamienia, krytykowania idei rz\u0105du Tuska. \u201eTo wygl\u0105da na niezachwiane lobbing\u201d - POGOTOWIE FLAGOWE\u00ae","isPartOf":{"@id":"https:\/\/www.pogotowieflagowe.pl\/aktualne\/#website"},"primaryImageOfPage":{"@id":"https:\/\/www.pogotowieflagowe.pl\/aktualne\/naukowcy-nie-pozostawili-zadnego-kamienia-krytykowania-idei-rzadu-tuska-to-wyglada-na-niezachwiane-lobbing\/#primaryimage"},"image":{"@id":"https:\/\/www.pogotowieflagowe.pl\/aktualne\/naukowcy-nie-pozostawili-zadnego-kamienia-krytykowania-idei-rzadu-tuska-to-wyglada-na-niezachwiane-lobbing\/#primaryimage"},"thumbnailUrl":"https:\/\/www.pogotowieflagowe.pl\/aktualne\/wp-content\/uploads\/2025\/10\/Naukowcy-nie-pozostawili-zadnego-kamienia-krytykowania-idei-rzadu-Tuska-\u201eTo.webp.webp","datePublished":"2025-10-02T12:16:53+00:00","dateModified":"2025-10-02T12:16:54+00:00","breadcrumb":{"@id":"https:\/\/www.pogotowieflagowe.pl\/aktualne\/naukowcy-nie-pozostawili-zadnego-kamienia-krytykowania-idei-rzadu-tuska-to-wyglada-na-niezachwiane-lobbing\/#breadcrumb"},"inLanguage":"pl-PL","potentialAction":[{"@type":"ReadAction","target":["https:\/\/www.pogotowieflagowe.pl\/aktualne\/naukowcy-nie-pozostawili-zadnego-kamienia-krytykowania-idei-rzadu-tuska-to-wyglada-na-niezachwiane-lobbing\/"]}]},{"@type":"ImageObject","inLanguage":"pl-PL","@id":"https:\/\/www.pogotowieflagowe.pl\/aktualne\/naukowcy-nie-pozostawili-zadnego-kamienia-krytykowania-idei-rzadu-tuska-to-wyglada-na-niezachwiane-lobbing\/#primaryimage","url":"https:\/\/www.pogotowieflagowe.pl\/aktualne\/wp-content\/uploads\/2025\/10\/Naukowcy-nie-pozostawili-zadnego-kamienia-krytykowania-idei-rzadu-Tuska-\u201eTo.webp.webp","contentUrl":"https:\/\/www.pogotowieflagowe.pl\/aktualne\/wp-content\/uploads\/2025\/10\/Naukowcy-nie-pozostawili-zadnego-kamienia-krytykowania-idei-rzadu-Tuska-\u201eTo.webp.webp","width":1280,"height":720,"caption":"Naukowcy nie pozostawili \u017cadnego kamienia, krytykowania idei rz\u0105du Tuska. \u201eTo wygl\u0105da na niezachwiane lobbing\u201d"},{"@type":"BreadcrumbList","@id":"https:\/\/www.pogotowieflagowe.pl\/aktualne\/naukowcy-nie-pozostawili-zadnego-kamienia-krytykowania-idei-rzadu-tuska-to-wyglada-na-niezachwiane-lobbing\/#breadcrumb","itemListElement":[{"@type":"ListItem","position":1,"name":"Home","item":"https:\/\/www.pogotowieflagowe.pl\/aktualne\/"},{"@type":"ListItem","position":2,"name":"Naukowcy nie pozostawili \u017cadnego kamienia, krytykowania idei rz\u0105du Tuska. \u201eTo wygl\u0105da na niezachwiane lobbing\u201d"}]},{"@type":"WebSite","@id":"https:\/\/www.pogotowieflagowe.pl\/aktualne\/#website","url":"https:\/\/www.pogotowieflagowe.pl\/aktualne\/","name":"POGOTOWIE FLAGOWE\u00ae","description":"","publisher":{"@id":"https:\/\/www.pogotowieflagowe.pl\/aktualne\/#organization"},"potentialAction":[{"@type":"SearchAction","target":{"@type":"EntryPoint","urlTemplate":"https:\/\/www.pogotowieflagowe.pl\/aktualne\/?s={search_term_string}"},"query-input":"required name=search_term_string"}],"inLanguage":"pl-PL"},{"@type":"Organization","@id":"https:\/\/www.pogotowieflagowe.pl\/aktualne\/#organization","name":"POGOTOWIE FLAGOWE\u00ae","url":"https:\/\/www.pogotowieflagowe.pl\/aktualne\/","logo":{"@type":"ImageObject","inLanguage":"pl-PL","@id":"https:\/\/www.pogotowieflagowe.pl\/aktualne\/#\/schema\/logo\/image\/","url":"https:\/\/www.pogotowieflagowe.pl\/aktualne\/wp-content\/uploads\/2024\/08\/cropped-pogotowieflagowe_flaga_projekt_sm.jpg","contentUrl":"https:\/\/www.pogotowieflagowe.pl\/aktualne\/wp-content\/uploads\/2024\/08\/cropped-pogotowieflagowe_flaga_projekt_sm.jpg","width":250,"height":143,"caption":"POGOTOWIE FLAGOWE\u00ae"},"image":{"@id":"https:\/\/www.pogotowieflagowe.pl\/aktualne\/#\/schema\/logo\/image\/"}},{"@type":"Person","@id":"https:\/\/www.pogotowieflagowe.pl\/aktualne\/#\/schema\/person\/9c2fb7d2362ebf6fa088960d7f0d27b0","name":"Filip","image":{"@type":"ImageObject","inLanguage":"pl-PL","@id":"https:\/\/www.pogotowieflagowe.pl\/aktualne\/#\/schema\/person\/image\/","url":"https:\/\/www.pogotowieflagowe.pl\/aktualne\/wp-content\/uploads\/2024\/08\/pogotowieflagowe.pl_.jpg","contentUrl":"https:\/\/www.pogotowieflagowe.pl\/aktualne\/wp-content\/uploads\/2024\/08\/pogotowieflagowe.pl_.jpg","caption":"Filip"},"description":"Jestem Filip, polski dziennikarz z dyplomem nauk politycznych Uniwersytetu Warszawskiego. Rozpoczynaj\u0105c swoj\u0105 karier\u0119 w r\u00f3\u017cnych lokalnych mediach, zdoby\u0142em solidne do\u015bwiadczenie w zakresie \u015bledztwa i redakcji. Obecnie jako redaktor w Pogotowie flagowe, staram si\u0119 dostarcza\u0107 dog\u0142\u0119bne i istotne analizy na temat najwa\u017cniejszych kwestii aktualno\u015bci, \u0142\u0105cz\u0105c rygor z pasj\u0105 dziennikarsk\u0105.","sameAs":["https:\/\/www.pogotowieflagowe.pl\/"]}]}},"_links":{"self":[{"href":"https:\/\/www.pogotowieflagowe.pl\/aktualne\/wp-json\/wp\/v2\/posts\/8829","targetHints":{"allow":["GET"]}}],"collection":[{"href":"https:\/\/www.pogotowieflagowe.pl\/aktualne\/wp-json\/wp\/v2\/posts"}],"about":[{"href":"https:\/\/www.pogotowieflagowe.pl\/aktualne\/wp-json\/wp\/v2\/types\/post"}],"author":[{"embeddable":true,"href":"https:\/\/www.pogotowieflagowe.pl\/aktualne\/wp-json\/wp\/v2\/users\/1"}],"replies":[{"embeddable":true,"href":"https:\/\/www.pogotowieflagowe.pl\/aktualne\/wp-json\/wp\/v2\/comments?post=8829"}],"version-history":[{"count":1,"href":"https:\/\/www.pogotowieflagowe.pl\/aktualne\/wp-json\/wp\/v2\/posts\/8829\/revisions"}],"predecessor-version":[{"id":8831,"href":"https:\/\/www.pogotowieflagowe.pl\/aktualne\/wp-json\/wp\/v2\/posts\/8829\/revisions\/8831"}],"wp:featuredmedia":[{"embeddable":true,"href":"https:\/\/www.pogotowieflagowe.pl\/aktualne\/wp-json\/wp\/v2\/media\/8830"}],"wp:attachment":[{"href":"https:\/\/www.pogotowieflagowe.pl\/aktualne\/wp-json\/wp\/v2\/media?parent=8829"}],"wp:term":[{"taxonomy":"category","embeddable":true,"href":"https:\/\/www.pogotowieflagowe.pl\/aktualne\/wp-json\/wp\/v2\/categories?post=8829"},{"taxonomy":"post_tag","embeddable":true,"href":"https:\/\/www.pogotowieflagowe.pl\/aktualne\/wp-json\/wp\/v2\/tags?post=8829"}],"curies":[{"name":"wp","href":"https:\/\/api.w.org\/{rel}","templated":true}]}}