{"id":8838,"date":"2025-10-02T20:38:35","date_gmt":"2025-10-02T18:38:35","guid":{"rendered":"https:\/\/www.pogotowieflagowe.pl\/aktualne\/ekstradycja-volodymyr-z-w-zamian-za-stanowisko-onz-dla-halowii-rachon-kwestionuje-negocjacje-dyplomatyczne\/"},"modified":"2025-10-02T20:38:36","modified_gmt":"2025-10-02T18:38:36","slug":"ekstradycja-volodymyr-z-w-zamian-za-stanowisko-onz-dla-halowii-rachon-kwestionuje-negocjacje-dyplomatyczne","status":"publish","type":"post","link":"https:\/\/www.pogotowieflagowe.pl\/aktualne\/ekstradycja-volodymyr-z-w-zamian-za-stanowisko-onz-dla-halowii-rachon-kwestionuje-negocjacje-dyplomatyczne\/","title":{"rendered":"Ekstradycja VolodyMyr Z. W zamian za stanowisko ONZ dla Ha\u0142owii? Racho\u0144 kwestionuje negocjacje dyplomatyczne"},"content":{"rendered":"\n<div class=\"td_block_wrap tdb_single_content tdi_41 td-pb-border-top td_block_template_8 td-post-content tagdiv-type\" data-td-block-uid=\"tdi_41\">\n<style>.tdi_41 {margin-top: 0px! Wa\u017cne; margines-bottom: 0px! WA\u017bNY; PALDING-TOP: 0PX! WA\u017bNY; PALDING-BOTTOM: 0PX! WA\u017bNE}<\/style>\n<style>.tdb_single_content {margin-bottom: 0;*zoom: 1} .tdb_single_content: wcze\u015bniej, .tdb_single_content: po {display: Table; content: ''; line-height: 0} .TDB-BLOCK-INner>*: nie (.WP-BLOCK-QUOTE): not (.alignSwide): not (.Alignfull.wp-block-cover.has-parallax): not (.td-a-ad) {margin-left: auto; margin-right: auto} .tdb_single_ConTent a {wska\u017anik-events: auto} .tdb_single_content .td-spot-id-top_ad .tdc-placeholder-title: przed {content: \u201eArtyku\u0142 top ad\u201d! Wa\u017cne} .tdb_single_content .td-Spot-Id-inline_ad0 .tdc-placeholder-title 1 '! Wa\u017cne} .tdb_single_content .td-Spot-Id-inline_Ad1 .tdc-Placeholder-Title: przed {content: \u201eArtyku\u0142 inline AD 2'! Wa\u017cny} .tdb_single_content. 3 '! Wa\u017cne} .tdb_single_content .td-Spot-Id-Bottom_Ad .tdc-Placeholder-Title: przed {content: \u201eArtyku\u0142 Bottom Ad\u201d! Wa\u017cne} .tdb_single_content .id_top_ad, .tdb_single_content_content .id_bottom_ad {clear: oba; margin-bottom: 21px; text-align: Center} .tdb_single_content .id_top_ad img, .tdb_single_content .id_bottom_ad img {margin-bottom: 0} .tdb_single_conTent .id_top_ad .adsbyGoogle, .tdb_single_content .id_bottom_ad .adsbyGoogle {pozycja: relatyw} .tdb_single_content .id_ad_content-horiz-left, .tdb_single_content .id_ad_content-horiz-right, .tdb_single_content .id_ad_content-horiz-Center {margin-bottom: 15px} .tdb_single_content .id_ad_content-horiz-left Img, .tdb_single_content .id_ad_content-horiz-right img, .tdb_single_content .id_ad_content-horiz-centerter img {margin-bottom: 0} .tdb_single_content .id_ad_content-horiz-center {text-align: Center} .tdb_single_content .id_ad_content-horiz-center img {margin-right: auto; margin-let: auto} .tdb_single_content .id_ad_content-horiz-left {float: left; margin-top: 9px; margin-right: 21px} .tdb_single_content .id_ad_content-horiz-right {float: margin-top: 6px; margin-left: 21px} .tdb_single_content .tdc-a-a-ad .TDC-Placeholder-Title {szeroko\u015b\u0107: 300px; height: 250px} .tdb_single_content .tdc-a-ad .TDC-Placeholder-Title: Przed {Pozycja: Absolute; TOP: 50%;-WebKit-Transform: Translatey (-50%); Transform: Translatey (-50%); margines: auto; Display: Tabela; szeroko\u015b\u0107: 100%}. tdb_single_content .TDB-BLOCK-INNER.TD-FIX-INDEX {Word-Break: Break-word} .tdi_41, .tdi_41> p, .tdi_41 .tdb-block-inner> p, .Wp-Block-Column> p {font-size: 16px! Wa\u017cne; wa\u017cny; p {font-styl: normalne! Wa\u017cne} @media (Max-Width: 767px) {. tdb_single_content .id_ad_content-horiz-left, .tdb_single_content .id_ad_content-horiz-right, .tdb_single_content .id_ad_content-horiz-centter {Margin: 0 AUTO 26PXX auto}}@media (Max-Width: 767px) {. tdb_single_content .id_ad_content-horiz-left {margin-right: 0}}@media (max-width: 767px) {. (Max-Width: 767px) {. tdb_single_content .td-a-ad {float: none; text-align: Center} .tdb_single_content .td-a-ad img {margin-right: auto; margin-left: auto} .tdb_single_content .tdc-a-a-a-{margin-right: auto; margin-left: auto} .tdb_single_content .tdd<\/style>\n<div class=\"tdb-block-inner td-fix-index\">\n<p><strong>\u201eBy\u0107 mo\u017ce warto zapyta\u0107, czy w kwestii tego, kto powinien zosta\u0107 wysokim przedstawicielem ONZ dla uchod\u017ac\u00f3w, odby\u0142y si\u0119 jakie\u015b rozmowy dyplomatyczne, jakiego\u015b dyplomatycznego negocjacji mi\u0119dzy Polsk\u0105 a Niemcami? Czy co\u015b takiego si\u0119 pojawi\u0142o, \u017ce\u201e mogliby\u015bmy zrezygnowa\u0107 z tego kandydata SPD i poprze\u0107 jakiego\u015b kandydata z Polski, ale da\u0107 nam cz\u0142owieka, konkretnego cz\u0142owieka &#8211; Wolodymyra \u201d?<\/strong> Zapytany dzisiaj w telewizji Republika Micha\u0142 Racho\u0144, dyrektor programu stacji.<\/p>\n<p>Marsza\u0142ek Sejm, przyw\u00f3dca <em>PRYP PROPTA POLSKA 2050<\/em>Szymon Ha\u0142ownia, og\u0142osi\u0142, \u017ce w pi\u0105tek z\u0142o\u017cy\u0142 wniosek w publicznym procesie rekrutacyjnym og\u0142oszonym przez Sekretarza Generalnego ONZ ds. Stanowiska wysokiego komisarza ONZ ds. Uchod\u017ac\u00f3w. <strong>\u201eSzanse na dzie\u0144 dzisiejszy nie s\u0105 wielkie. Jednak tydzie\u0144 temu wcale nie by\u0142o\u201d<\/strong> Doda\u0142.<\/p>\n<p>Dzisiaj ten temat zosta\u0142 wychowany w telewizji Republika przez Micha\u0142 Racho\u0144.<\/p>\n<p>Podkre\u015bli\u0142, \u017ce kandydat na Wysokiego Komisarza ONZ dla uchod\u017ac\u00f3w ma by\u0107 nominowany przez sekretarza generalnego ONZ Antonio Guterres, a kandydatura zostanie g\u0142osowana przez Zgromadzenie Og\u00f3lne ONZ.<\/p>\n<p><strong>\u201eNominacja wymaga szerokiego wsparcia. Jest o wiele bardziej skomplikowana ni\u017c wewn\u0119trzne wsparcie w Polsce. Nie ma w\u0105tpliwo\u015bci, \u017ce Tusk chce, aby Ha\u0142ownia zajmowa\u0142a jak\u0105\u015b wa\u017cn\u0105 pozycj\u0119, o ile nie jest to stanowisko marsza\u0142ka Sejm. Pr\u00f3ba eksportu lub przeniesienia na inne stanowisko jest z pewno\u015bci\u0105 zainteresowane rz\u0105dem i Donaldem Tuskiem, dla kt\u00f3rych Szymon jest w jego uj\u015bciu. R\u00f3wnie\u017c po stronie prezydenta lub w\u015br\u00f3d palec prezydenta lub w\u015br\u00f3d Pucacu Palicy jest z pewno\u015bci\u0105 w interesie rz\u0105du i Donalda Tuska. Konserwatywna cz\u0119\u015b\u0107 polskich wyborc\u00f3w, istnieje pewien stopie\u0144 wsp\u00f3\u0142czucia \u201d<\/strong> &#8211; powiedzia\u0142 Racho\u0144.<\/p>\n<h2 class=\"wp-block-heading\"><strong>Niemiecki kandydat na poster<\/strong><\/h2>\n<p>Doda\u0142, \u017ce istnieje znacz\u0105ca szansa, \u017ce \u200b\u200bkandydat z Europy zajmie stanowisko Wysokiego Komisarza ds. Uchod\u017ac\u00f3w, ale Ha\u0142ownia nie jest jedynym kandydatem. Ju\u017c w 2024 r. Kandydatura Nielsa Annena, niemieckiego polityka z SPD, zosta\u0142a oficjalnie przedstawiona dla tego stanowiska.<\/p>\n<p>Micha\u0142 Racho\u0144 wskaza\u0142, \u017ce chocia\u017c Annen zosta\u0142 publicznie og\u0142oszony jako kandydat, od tego czasu zmiana w\u0142adzy nast\u0105pi\u0142a w Niemczech, a Annen reprezentuje teraz sprzeciw wobec CDU.<\/p>\n<h2 class=\"wp-block-heading\"><strong>Ukrai\u0144czyk aresztowany w Polsce w niemieckim dochodzeniu<\/strong><\/h2>\n<p>Z drugiej strony dyrektor programowy Republika Republika zwr\u00f3ci\u0142 uwag\u0119 na inn\u0105 spraw\u0119 &#8211; tymczasowe zatrzymanie Volodymyr Z., obywatela ukrai\u0144skiego mieszkaj\u0105cego w Polsce, podejrzanego o udzia\u0142 w eksplozjach ruroci\u0105gu Nord Stream w dochodzeniu prowadzonym przez stron\u0119 rosyjsk\u0105. Niedawno, <em>Rzeczpospolita<\/em> wskaza\u0142, \u017ce polski minister spraw zagranicznych, Rados\u0142aw Sikorski, by\u0142 zdania, \u017ce \u200b\u200bZ. Zas\u0142u\u017cy\u0142 <strong>\u201eAzyl i medale\u201d<\/strong> I zaledwie kilka dni p\u00f3\u017aniej Ukrai\u0144czyk zosta\u0142 aresztowany w pobli\u017cu Pruszkowa. Niemieccy oficerowie wzi\u0119li udzia\u0142 w aresztowaniu.<\/p>\n<figure class=\"wp-block-pullquote\">\n<blockquote>\n<p><strong>\u201eDzisiaj, kiedy czytamy kolejny utw\u00f3r w <em>Rzeczpospolita<\/em> W tej sprawie, autor: Izabela Kacprzak i Grai\u017ca z Zawadka, czytamy, \u017ce \u201earesztowanie Z. pokazuje, \u017ce Polska zmieni\u0142a swoje podej\u015bcie do sprawy (by\u0107 mo\u017ce w wyniku niemieckiego presji dyplomatycznej)\u201d. By\u0107 mo\u017ce warto zapyta\u0107, czy w kwestii tego, kto powinien zosta\u0107 wysokim przedstawicielem ONZ dla uchod\u017ac\u00f3w, odby\u0142y si\u0119 jakie\u015b rozmowy dyplomatyczne, jakiego\u015b dyplomatycznego negocjacji mi\u0119dzy Polsk\u0105 a Niemcami? Czy pojawi\u0142o si\u0119 co\u015b takiego, \u017ce \u201emogliby\u015bmy zrezygnowa\u0107 z tego kandydata SPD i wesprze\u0107 kandydata z Polski, ale da\u0107 nam cz\u0142owieka, konkretnego cz\u0142owieka &#8211; VolodyMyr Z.\u201d? B\u0119dziemy zadawa\u0107 te pytania. Jedno jest pewne &#8211; niezwykle interesuj\u0105ce rzeczy dziej\u0105 si\u0119 tutaj, a dla Polski &#8211; niezwykle niebezpieczne \u201d<\/strong> doda\u0142 Micha\u0142 Racho\u0144.<\/p>\n<\/blockquote>\n<\/figure>\n<\/div>\n<\/div>\n","protected":false},"excerpt":{"rendered":"<p>\u201eBy\u0107 mo\u017ce warto zapyta\u0107, czy w kwestii tego, kto powinien zosta\u0107 wysokim przedstawicielem ONZ dla uchod\u017ac\u00f3w, odby\u0142y si\u0119 jakie\u015b rozmowy<\/p>\n","protected":false},"author":1,"featured_media":8839,"comment_status":"open","ping_status":"open","sticky":false,"template":"","format":"standard","meta":{"footnotes":""},"categories":[4748],"tags":[131,4124,10379,7202,3302,6680,1472,338,2981,10380,10381],"class_list":["post-8838","post","type-post","status-publish","format-standard","has-post-thumbnail","hentry","category-aktualne","tag-dla","tag-dyplomatyczne","tag-ekstradycja","tag-halowii","tag-kwestionuje","tag-negocjacje","tag-onz","tag-rachon","tag-stanowisko","tag-volodymyr","tag-zamian","generate-columns","tablet-grid-50","mobile-grid-100","grid-parent","grid-50","resize-featured-image"],"yoast_head":"<!-- This site is optimized with the Yoast SEO plugin v23.2 - https:\/\/yoast.com\/wordpress\/plugins\/seo\/ -->\n<title>Ekstradycja VolodyMyr Z. W zamian za stanowisko ONZ dla Ha\u0142owii? Racho\u0144 kwestionuje negocjacje dyplomatyczne - POGOTOWIE FLAGOWE\u00ae<\/title>\n<meta name=\"robots\" content=\"index, follow, max-snippet:-1, max-image-preview:large, max-video-preview:-1\" \/>\n<link rel=\"canonical\" href=\"https:\/\/www.pogotowieflagowe.pl\/aktualne\/ekstradycja-volodymyr-z-w-zamian-za-stanowisko-onz-dla-halowii-rachon-kwestionuje-negocjacje-dyplomatyczne\/\" \/>\n<meta property=\"og:locale\" content=\"pl_PL\" \/>\n<meta property=\"og:type\" content=\"article\" \/>\n<meta property=\"og:title\" content=\"Ekstradycja VolodyMyr Z. W zamian za stanowisko ONZ dla Ha\u0142owii? Racho\u0144 kwestionuje negocjacje dyplomatyczne - POGOTOWIE FLAGOWE\u00ae\" \/>\n<meta property=\"og:description\" content=\"\u201eBy\u0107 mo\u017ce warto zapyta\u0107, czy w kwestii tego, kto powinien zosta\u0107 wysokim przedstawicielem ONZ dla uchod\u017ac\u00f3w, odby\u0142y si\u0119 jakie\u015b rozmowy\" \/>\n<meta property=\"og:url\" content=\"https:\/\/www.pogotowieflagowe.pl\/aktualne\/ekstradycja-volodymyr-z-w-zamian-za-stanowisko-onz-dla-halowii-rachon-kwestionuje-negocjacje-dyplomatyczne\/\" \/>\n<meta property=\"og:site_name\" content=\"POGOTOWIE FLAGOWE\u00ae\" \/>\n<meta property=\"article:published_time\" content=\"2025-10-02T18:38:35+00:00\" \/>\n<meta property=\"article:modified_time\" content=\"2025-10-02T18:38:36+00:00\" \/>\n<meta property=\"og:image\" content=\"https:\/\/www.pogotowieflagowe.pl\/aktualne\/wp-content\/uploads\/2025\/10\/Ekstradycja-VolodyMyr-Z-W-zamian-za-stanowisko-ONZ-dla-Halowii.webp.webp\" \/>\n\t<meta property=\"og:image:width\" content=\"1280\" \/>\n\t<meta property=\"og:image:height\" content=\"720\" \/>\n\t<meta property=\"og:image:type\" content=\"image\/webp\" \/>\n<meta name=\"author\" content=\"Filip\" \/>\n<meta name=\"twitter:card\" content=\"summary_large_image\" \/>\n<meta name=\"twitter:label1\" content=\"Napisane przez\" \/>\n\t<meta name=\"twitter:data1\" content=\"Filip\" \/>\n\t<meta name=\"twitter:label2\" content=\"Szacowany czas czytania\" \/>\n\t<meta name=\"twitter:data2\" content=\"3 minuty\" \/>\n<script type=\"application\/ld+json\" class=\"yoast-schema-graph\">{\"@context\":\"https:\/\/schema.org\",\"@graph\":[{\"@type\":\"Article\",\"@id\":\"https:\/\/www.pogotowieflagowe.pl\/aktualne\/ekstradycja-volodymyr-z-w-zamian-za-stanowisko-onz-dla-halowii-rachon-kwestionuje-negocjacje-dyplomatyczne\/#article\",\"isPartOf\":{\"@id\":\"https:\/\/www.pogotowieflagowe.pl\/aktualne\/ekstradycja-volodymyr-z-w-zamian-za-stanowisko-onz-dla-halowii-rachon-kwestionuje-negocjacje-dyplomatyczne\/\"},\"author\":{\"name\":\"Filip\",\"@id\":\"https:\/\/www.pogotowieflagowe.pl\/aktualne\/#\/schema\/person\/9c2fb7d2362ebf6fa088960d7f0d27b0\"},\"headline\":\"Ekstradycja VolodyMyr Z. W zamian za stanowisko ONZ dla Ha\u0142owii? Racho\u0144 kwestionuje negocjacje dyplomatyczne\",\"datePublished\":\"2025-10-02T18:38:35+00:00\",\"dateModified\":\"2025-10-02T18:38:36+00:00\",\"mainEntityOfPage\":{\"@id\":\"https:\/\/www.pogotowieflagowe.pl\/aktualne\/ekstradycja-volodymyr-z-w-zamian-za-stanowisko-onz-dla-halowii-rachon-kwestionuje-negocjacje-dyplomatyczne\/\"},\"wordCount\":589,\"commentCount\":0,\"publisher\":{\"@id\":\"https:\/\/www.pogotowieflagowe.pl\/aktualne\/#organization\"},\"image\":{\"@id\":\"https:\/\/www.pogotowieflagowe.pl\/aktualne\/ekstradycja-volodymyr-z-w-zamian-za-stanowisko-onz-dla-halowii-rachon-kwestionuje-negocjacje-dyplomatyczne\/#primaryimage\"},\"thumbnailUrl\":\"https:\/\/www.pogotowieflagowe.pl\/aktualne\/wp-content\/uploads\/2025\/10\/Ekstradycja-VolodyMyr-Z-W-zamian-za-stanowisko-ONZ-dla-Halowii.webp.webp\",\"keywords\":[\"dla\",\"dyplomatyczne\",\"Ekstradycja\",\"Ha\u0142owii\",\"kwestionuje\",\"negocjacje\",\"ONZ\",\"Rachon\",\"stanowisko\",\"VolodyMyr\",\"zamian\"],\"articleSection\":[\"Aktualne\"],\"inLanguage\":\"pl-PL\",\"potentialAction\":[{\"@type\":\"CommentAction\",\"name\":\"Comment\",\"target\":[\"https:\/\/www.pogotowieflagowe.pl\/aktualne\/ekstradycja-volodymyr-z-w-zamian-za-stanowisko-onz-dla-halowii-rachon-kwestionuje-negocjacje-dyplomatyczne\/#respond\"]}]},{\"@type\":\"WebPage\",\"@id\":\"https:\/\/www.pogotowieflagowe.pl\/aktualne\/ekstradycja-volodymyr-z-w-zamian-za-stanowisko-onz-dla-halowii-rachon-kwestionuje-negocjacje-dyplomatyczne\/\",\"url\":\"https:\/\/www.pogotowieflagowe.pl\/aktualne\/ekstradycja-volodymyr-z-w-zamian-za-stanowisko-onz-dla-halowii-rachon-kwestionuje-negocjacje-dyplomatyczne\/\",\"name\":\"Ekstradycja VolodyMyr Z. W zamian za stanowisko ONZ dla Ha\u0142owii? Racho\u0144 kwestionuje negocjacje dyplomatyczne - POGOTOWIE FLAGOWE\u00ae\",\"isPartOf\":{\"@id\":\"https:\/\/www.pogotowieflagowe.pl\/aktualne\/#website\"},\"primaryImageOfPage\":{\"@id\":\"https:\/\/www.pogotowieflagowe.pl\/aktualne\/ekstradycja-volodymyr-z-w-zamian-za-stanowisko-onz-dla-halowii-rachon-kwestionuje-negocjacje-dyplomatyczne\/#primaryimage\"},\"image\":{\"@id\":\"https:\/\/www.pogotowieflagowe.pl\/aktualne\/ekstradycja-volodymyr-z-w-zamian-za-stanowisko-onz-dla-halowii-rachon-kwestionuje-negocjacje-dyplomatyczne\/#primaryimage\"},\"thumbnailUrl\":\"https:\/\/www.pogotowieflagowe.pl\/aktualne\/wp-content\/uploads\/2025\/10\/Ekstradycja-VolodyMyr-Z-W-zamian-za-stanowisko-ONZ-dla-Halowii.webp.webp\",\"datePublished\":\"2025-10-02T18:38:35+00:00\",\"dateModified\":\"2025-10-02T18:38:36+00:00\",\"breadcrumb\":{\"@id\":\"https:\/\/www.pogotowieflagowe.pl\/aktualne\/ekstradycja-volodymyr-z-w-zamian-za-stanowisko-onz-dla-halowii-rachon-kwestionuje-negocjacje-dyplomatyczne\/#breadcrumb\"},\"inLanguage\":\"pl-PL\",\"potentialAction\":[{\"@type\":\"ReadAction\",\"target\":[\"https:\/\/www.pogotowieflagowe.pl\/aktualne\/ekstradycja-volodymyr-z-w-zamian-za-stanowisko-onz-dla-halowii-rachon-kwestionuje-negocjacje-dyplomatyczne\/\"]}]},{\"@type\":\"ImageObject\",\"inLanguage\":\"pl-PL\",\"@id\":\"https:\/\/www.pogotowieflagowe.pl\/aktualne\/ekstradycja-volodymyr-z-w-zamian-za-stanowisko-onz-dla-halowii-rachon-kwestionuje-negocjacje-dyplomatyczne\/#primaryimage\",\"url\":\"https:\/\/www.pogotowieflagowe.pl\/aktualne\/wp-content\/uploads\/2025\/10\/Ekstradycja-VolodyMyr-Z-W-zamian-za-stanowisko-ONZ-dla-Halowii.webp.webp\",\"contentUrl\":\"https:\/\/www.pogotowieflagowe.pl\/aktualne\/wp-content\/uploads\/2025\/10\/Ekstradycja-VolodyMyr-Z-W-zamian-za-stanowisko-ONZ-dla-Halowii.webp.webp\",\"width\":1280,\"height\":720,\"caption\":\"Ekstradycja VolodyMyr Z. W zamian za stanowisko ONZ dla Ha\u0142owii? Racho\u0144 kwestionuje negocjacje dyplomatyczne\"},{\"@type\":\"BreadcrumbList\",\"@id\":\"https:\/\/www.pogotowieflagowe.pl\/aktualne\/ekstradycja-volodymyr-z-w-zamian-za-stanowisko-onz-dla-halowii-rachon-kwestionuje-negocjacje-dyplomatyczne\/#breadcrumb\",\"itemListElement\":[{\"@type\":\"ListItem\",\"position\":1,\"name\":\"Home\",\"item\":\"https:\/\/www.pogotowieflagowe.pl\/aktualne\/\"},{\"@type\":\"ListItem\",\"position\":2,\"name\":\"Ekstradycja VolodyMyr Z. W zamian za stanowisko ONZ dla Ha\u0142owii? Racho\u0144 kwestionuje negocjacje dyplomatyczne\"}]},{\"@type\":\"WebSite\",\"@id\":\"https:\/\/www.pogotowieflagowe.pl\/aktualne\/#website\",\"url\":\"https:\/\/www.pogotowieflagowe.pl\/aktualne\/\",\"name\":\"POGOTOWIE FLAGOWE\u00ae\",\"description\":\"\",\"publisher\":{\"@id\":\"https:\/\/www.pogotowieflagowe.pl\/aktualne\/#organization\"},\"potentialAction\":[{\"@type\":\"SearchAction\",\"target\":{\"@type\":\"EntryPoint\",\"urlTemplate\":\"https:\/\/www.pogotowieflagowe.pl\/aktualne\/?s={search_term_string}\"},\"query-input\":\"required name=search_term_string\"}],\"inLanguage\":\"pl-PL\"},{\"@type\":\"Organization\",\"@id\":\"https:\/\/www.pogotowieflagowe.pl\/aktualne\/#organization\",\"name\":\"POGOTOWIE FLAGOWE\u00ae\",\"url\":\"https:\/\/www.pogotowieflagowe.pl\/aktualne\/\",\"logo\":{\"@type\":\"ImageObject\",\"inLanguage\":\"pl-PL\",\"@id\":\"https:\/\/www.pogotowieflagowe.pl\/aktualne\/#\/schema\/logo\/image\/\",\"url\":\"https:\/\/www.pogotowieflagowe.pl\/aktualne\/wp-content\/uploads\/2024\/08\/cropped-pogotowieflagowe_flaga_projekt_sm.jpg\",\"contentUrl\":\"https:\/\/www.pogotowieflagowe.pl\/aktualne\/wp-content\/uploads\/2024\/08\/cropped-pogotowieflagowe_flaga_projekt_sm.jpg\",\"width\":250,\"height\":143,\"caption\":\"POGOTOWIE FLAGOWE\u00ae\"},\"image\":{\"@id\":\"https:\/\/www.pogotowieflagowe.pl\/aktualne\/#\/schema\/logo\/image\/\"}},{\"@type\":\"Person\",\"@id\":\"https:\/\/www.pogotowieflagowe.pl\/aktualne\/#\/schema\/person\/9c2fb7d2362ebf6fa088960d7f0d27b0\",\"name\":\"Filip\",\"image\":{\"@type\":\"ImageObject\",\"inLanguage\":\"pl-PL\",\"@id\":\"https:\/\/www.pogotowieflagowe.pl\/aktualne\/#\/schema\/person\/image\/\",\"url\":\"https:\/\/www.pogotowieflagowe.pl\/aktualne\/wp-content\/uploads\/2024\/08\/pogotowieflagowe.pl_.jpg\",\"contentUrl\":\"https:\/\/www.pogotowieflagowe.pl\/aktualne\/wp-content\/uploads\/2024\/08\/pogotowieflagowe.pl_.jpg\",\"caption\":\"Filip\"},\"description\":\"Jestem Filip, polski dziennikarz z dyplomem nauk politycznych Uniwersytetu Warszawskiego. Rozpoczynaj\u0105c swoj\u0105 karier\u0119 w r\u00f3\u017cnych lokalnych mediach, zdoby\u0142em solidne do\u015bwiadczenie w zakresie \u015bledztwa i redakcji. Obecnie jako redaktor w Pogotowie flagowe, staram si\u0119 dostarcza\u0107 dog\u0142\u0119bne i istotne analizy na temat najwa\u017cniejszych kwestii aktualno\u015bci, \u0142\u0105cz\u0105c rygor z pasj\u0105 dziennikarsk\u0105.\",\"sameAs\":[\"https:\/\/www.pogotowieflagowe.pl\/\"]}]}<\/script>\n<!-- \/ Yoast SEO plugin. -->","yoast_head_json":{"title":"Ekstradycja VolodyMyr Z. W zamian za stanowisko ONZ dla Ha\u0142owii? Racho\u0144 kwestionuje negocjacje dyplomatyczne - POGOTOWIE FLAGOWE\u00ae","robots":{"index":"index","follow":"follow","max-snippet":"max-snippet:-1","max-image-preview":"max-image-preview:large","max-video-preview":"max-video-preview:-1"},"canonical":"https:\/\/www.pogotowieflagowe.pl\/aktualne\/ekstradycja-volodymyr-z-w-zamian-za-stanowisko-onz-dla-halowii-rachon-kwestionuje-negocjacje-dyplomatyczne\/","og_locale":"pl_PL","og_type":"article","og_title":"Ekstradycja VolodyMyr Z. W zamian za stanowisko ONZ dla Ha\u0142owii? Racho\u0144 kwestionuje negocjacje dyplomatyczne - POGOTOWIE FLAGOWE\u00ae","og_description":"\u201eBy\u0107 mo\u017ce warto zapyta\u0107, czy w kwestii tego, kto powinien zosta\u0107 wysokim przedstawicielem ONZ dla uchod\u017ac\u00f3w, odby\u0142y si\u0119 jakie\u015b rozmowy","og_url":"https:\/\/www.pogotowieflagowe.pl\/aktualne\/ekstradycja-volodymyr-z-w-zamian-za-stanowisko-onz-dla-halowii-rachon-kwestionuje-negocjacje-dyplomatyczne\/","og_site_name":"POGOTOWIE FLAGOWE\u00ae","article_published_time":"2025-10-02T18:38:35+00:00","article_modified_time":"2025-10-02T18:38:36+00:00","og_image":[{"width":1280,"height":720,"url":"https:\/\/www.pogotowieflagowe.pl\/aktualne\/wp-content\/uploads\/2025\/10\/Ekstradycja-VolodyMyr-Z-W-zamian-za-stanowisko-ONZ-dla-Halowii.webp.webp","type":"image\/webp"}],"author":"Filip","twitter_card":"summary_large_image","twitter_misc":{"Napisane przez":"Filip","Szacowany czas czytania":"3 minuty"},"schema":{"@context":"https:\/\/schema.org","@graph":[{"@type":"Article","@id":"https:\/\/www.pogotowieflagowe.pl\/aktualne\/ekstradycja-volodymyr-z-w-zamian-za-stanowisko-onz-dla-halowii-rachon-kwestionuje-negocjacje-dyplomatyczne\/#article","isPartOf":{"@id":"https:\/\/www.pogotowieflagowe.pl\/aktualne\/ekstradycja-volodymyr-z-w-zamian-za-stanowisko-onz-dla-halowii-rachon-kwestionuje-negocjacje-dyplomatyczne\/"},"author":{"name":"Filip","@id":"https:\/\/www.pogotowieflagowe.pl\/aktualne\/#\/schema\/person\/9c2fb7d2362ebf6fa088960d7f0d27b0"},"headline":"Ekstradycja VolodyMyr Z. W zamian za stanowisko ONZ dla Ha\u0142owii? Racho\u0144 kwestionuje negocjacje dyplomatyczne","datePublished":"2025-10-02T18:38:35+00:00","dateModified":"2025-10-02T18:38:36+00:00","mainEntityOfPage":{"@id":"https:\/\/www.pogotowieflagowe.pl\/aktualne\/ekstradycja-volodymyr-z-w-zamian-za-stanowisko-onz-dla-halowii-rachon-kwestionuje-negocjacje-dyplomatyczne\/"},"wordCount":589,"commentCount":0,"publisher":{"@id":"https:\/\/www.pogotowieflagowe.pl\/aktualne\/#organization"},"image":{"@id":"https:\/\/www.pogotowieflagowe.pl\/aktualne\/ekstradycja-volodymyr-z-w-zamian-za-stanowisko-onz-dla-halowii-rachon-kwestionuje-negocjacje-dyplomatyczne\/#primaryimage"},"thumbnailUrl":"https:\/\/www.pogotowieflagowe.pl\/aktualne\/wp-content\/uploads\/2025\/10\/Ekstradycja-VolodyMyr-Z-W-zamian-za-stanowisko-ONZ-dla-Halowii.webp.webp","keywords":["dla","dyplomatyczne","Ekstradycja","Ha\u0142owii","kwestionuje","negocjacje","ONZ","Rachon","stanowisko","VolodyMyr","zamian"],"articleSection":["Aktualne"],"inLanguage":"pl-PL","potentialAction":[{"@type":"CommentAction","name":"Comment","target":["https:\/\/www.pogotowieflagowe.pl\/aktualne\/ekstradycja-volodymyr-z-w-zamian-za-stanowisko-onz-dla-halowii-rachon-kwestionuje-negocjacje-dyplomatyczne\/#respond"]}]},{"@type":"WebPage","@id":"https:\/\/www.pogotowieflagowe.pl\/aktualne\/ekstradycja-volodymyr-z-w-zamian-za-stanowisko-onz-dla-halowii-rachon-kwestionuje-negocjacje-dyplomatyczne\/","url":"https:\/\/www.pogotowieflagowe.pl\/aktualne\/ekstradycja-volodymyr-z-w-zamian-za-stanowisko-onz-dla-halowii-rachon-kwestionuje-negocjacje-dyplomatyczne\/","name":"Ekstradycja VolodyMyr Z. W zamian za stanowisko ONZ dla Ha\u0142owii? Racho\u0144 kwestionuje negocjacje dyplomatyczne - POGOTOWIE FLAGOWE\u00ae","isPartOf":{"@id":"https:\/\/www.pogotowieflagowe.pl\/aktualne\/#website"},"primaryImageOfPage":{"@id":"https:\/\/www.pogotowieflagowe.pl\/aktualne\/ekstradycja-volodymyr-z-w-zamian-za-stanowisko-onz-dla-halowii-rachon-kwestionuje-negocjacje-dyplomatyczne\/#primaryimage"},"image":{"@id":"https:\/\/www.pogotowieflagowe.pl\/aktualne\/ekstradycja-volodymyr-z-w-zamian-za-stanowisko-onz-dla-halowii-rachon-kwestionuje-negocjacje-dyplomatyczne\/#primaryimage"},"thumbnailUrl":"https:\/\/www.pogotowieflagowe.pl\/aktualne\/wp-content\/uploads\/2025\/10\/Ekstradycja-VolodyMyr-Z-W-zamian-za-stanowisko-ONZ-dla-Halowii.webp.webp","datePublished":"2025-10-02T18:38:35+00:00","dateModified":"2025-10-02T18:38:36+00:00","breadcrumb":{"@id":"https:\/\/www.pogotowieflagowe.pl\/aktualne\/ekstradycja-volodymyr-z-w-zamian-za-stanowisko-onz-dla-halowii-rachon-kwestionuje-negocjacje-dyplomatyczne\/#breadcrumb"},"inLanguage":"pl-PL","potentialAction":[{"@type":"ReadAction","target":["https:\/\/www.pogotowieflagowe.pl\/aktualne\/ekstradycja-volodymyr-z-w-zamian-za-stanowisko-onz-dla-halowii-rachon-kwestionuje-negocjacje-dyplomatyczne\/"]}]},{"@type":"ImageObject","inLanguage":"pl-PL","@id":"https:\/\/www.pogotowieflagowe.pl\/aktualne\/ekstradycja-volodymyr-z-w-zamian-za-stanowisko-onz-dla-halowii-rachon-kwestionuje-negocjacje-dyplomatyczne\/#primaryimage","url":"https:\/\/www.pogotowieflagowe.pl\/aktualne\/wp-content\/uploads\/2025\/10\/Ekstradycja-VolodyMyr-Z-W-zamian-za-stanowisko-ONZ-dla-Halowii.webp.webp","contentUrl":"https:\/\/www.pogotowieflagowe.pl\/aktualne\/wp-content\/uploads\/2025\/10\/Ekstradycja-VolodyMyr-Z-W-zamian-za-stanowisko-ONZ-dla-Halowii.webp.webp","width":1280,"height":720,"caption":"Ekstradycja VolodyMyr Z. W zamian za stanowisko ONZ dla Ha\u0142owii? Racho\u0144 kwestionuje negocjacje dyplomatyczne"},{"@type":"BreadcrumbList","@id":"https:\/\/www.pogotowieflagowe.pl\/aktualne\/ekstradycja-volodymyr-z-w-zamian-za-stanowisko-onz-dla-halowii-rachon-kwestionuje-negocjacje-dyplomatyczne\/#breadcrumb","itemListElement":[{"@type":"ListItem","position":1,"name":"Home","item":"https:\/\/www.pogotowieflagowe.pl\/aktualne\/"},{"@type":"ListItem","position":2,"name":"Ekstradycja VolodyMyr Z. W zamian za stanowisko ONZ dla Ha\u0142owii? Racho\u0144 kwestionuje negocjacje dyplomatyczne"}]},{"@type":"WebSite","@id":"https:\/\/www.pogotowieflagowe.pl\/aktualne\/#website","url":"https:\/\/www.pogotowieflagowe.pl\/aktualne\/","name":"POGOTOWIE FLAGOWE\u00ae","description":"","publisher":{"@id":"https:\/\/www.pogotowieflagowe.pl\/aktualne\/#organization"},"potentialAction":[{"@type":"SearchAction","target":{"@type":"EntryPoint","urlTemplate":"https:\/\/www.pogotowieflagowe.pl\/aktualne\/?s={search_term_string}"},"query-input":"required name=search_term_string"}],"inLanguage":"pl-PL"},{"@type":"Organization","@id":"https:\/\/www.pogotowieflagowe.pl\/aktualne\/#organization","name":"POGOTOWIE FLAGOWE\u00ae","url":"https:\/\/www.pogotowieflagowe.pl\/aktualne\/","logo":{"@type":"ImageObject","inLanguage":"pl-PL","@id":"https:\/\/www.pogotowieflagowe.pl\/aktualne\/#\/schema\/logo\/image\/","url":"https:\/\/www.pogotowieflagowe.pl\/aktualne\/wp-content\/uploads\/2024\/08\/cropped-pogotowieflagowe_flaga_projekt_sm.jpg","contentUrl":"https:\/\/www.pogotowieflagowe.pl\/aktualne\/wp-content\/uploads\/2024\/08\/cropped-pogotowieflagowe_flaga_projekt_sm.jpg","width":250,"height":143,"caption":"POGOTOWIE FLAGOWE\u00ae"},"image":{"@id":"https:\/\/www.pogotowieflagowe.pl\/aktualne\/#\/schema\/logo\/image\/"}},{"@type":"Person","@id":"https:\/\/www.pogotowieflagowe.pl\/aktualne\/#\/schema\/person\/9c2fb7d2362ebf6fa088960d7f0d27b0","name":"Filip","image":{"@type":"ImageObject","inLanguage":"pl-PL","@id":"https:\/\/www.pogotowieflagowe.pl\/aktualne\/#\/schema\/person\/image\/","url":"https:\/\/www.pogotowieflagowe.pl\/aktualne\/wp-content\/uploads\/2024\/08\/pogotowieflagowe.pl_.jpg","contentUrl":"https:\/\/www.pogotowieflagowe.pl\/aktualne\/wp-content\/uploads\/2024\/08\/pogotowieflagowe.pl_.jpg","caption":"Filip"},"description":"Jestem Filip, polski dziennikarz z dyplomem nauk politycznych Uniwersytetu Warszawskiego. Rozpoczynaj\u0105c swoj\u0105 karier\u0119 w r\u00f3\u017cnych lokalnych mediach, zdoby\u0142em solidne do\u015bwiadczenie w zakresie \u015bledztwa i redakcji. Obecnie jako redaktor w Pogotowie flagowe, staram si\u0119 dostarcza\u0107 dog\u0142\u0119bne i istotne analizy na temat najwa\u017cniejszych kwestii aktualno\u015bci, \u0142\u0105cz\u0105c rygor z pasj\u0105 dziennikarsk\u0105.","sameAs":["https:\/\/www.pogotowieflagowe.pl\/"]}]}},"_links":{"self":[{"href":"https:\/\/www.pogotowieflagowe.pl\/aktualne\/wp-json\/wp\/v2\/posts\/8838","targetHints":{"allow":["GET"]}}],"collection":[{"href":"https:\/\/www.pogotowieflagowe.pl\/aktualne\/wp-json\/wp\/v2\/posts"}],"about":[{"href":"https:\/\/www.pogotowieflagowe.pl\/aktualne\/wp-json\/wp\/v2\/types\/post"}],"author":[{"embeddable":true,"href":"https:\/\/www.pogotowieflagowe.pl\/aktualne\/wp-json\/wp\/v2\/users\/1"}],"replies":[{"embeddable":true,"href":"https:\/\/www.pogotowieflagowe.pl\/aktualne\/wp-json\/wp\/v2\/comments?post=8838"}],"version-history":[{"count":1,"href":"https:\/\/www.pogotowieflagowe.pl\/aktualne\/wp-json\/wp\/v2\/posts\/8838\/revisions"}],"predecessor-version":[{"id":8840,"href":"https:\/\/www.pogotowieflagowe.pl\/aktualne\/wp-json\/wp\/v2\/posts\/8838\/revisions\/8840"}],"wp:featuredmedia":[{"embeddable":true,"href":"https:\/\/www.pogotowieflagowe.pl\/aktualne\/wp-json\/wp\/v2\/media\/8839"}],"wp:attachment":[{"href":"https:\/\/www.pogotowieflagowe.pl\/aktualne\/wp-json\/wp\/v2\/media?parent=8838"}],"wp:term":[{"taxonomy":"category","embeddable":true,"href":"https:\/\/www.pogotowieflagowe.pl\/aktualne\/wp-json\/wp\/v2\/categories?post=8838"},{"taxonomy":"post_tag","embeddable":true,"href":"https:\/\/www.pogotowieflagowe.pl\/aktualne\/wp-json\/wp\/v2\/tags?post=8838"}],"curies":[{"name":"wp","href":"https:\/\/api.w.org\/{rel}","templated":true}]}}