{"id":8841,"date":"2025-10-02T21:12:03","date_gmt":"2025-10-02T19:12:03","guid":{"rendered":"https:\/\/www.pogotowieflagowe.pl\/aktualne\/oto-jak-rzad-tuska-niszczy-finanse-polski-to-jest-plan-u-wladzy\/"},"modified":"2025-10-02T21:12:04","modified_gmt":"2025-10-02T19:12:04","slug":"oto-jak-rzad-tuska-niszczy-finanse-polski-to-jest-plan-u-wladzy","status":"publish","type":"post","link":"https:\/\/www.pogotowieflagowe.pl\/aktualne\/oto-jak-rzad-tuska-niszczy-finanse-polski-to-jest-plan-u-wladzy\/","title":{"rendered":"Oto jak rz\u0105d Tuska niszczy finanse Polski. \u201eTo jest plan u w\u0142adzy\u201d"},"content":{"rendered":"\n<div class=\"td_block_wrap tdb_single_content tdi_41 td-pb-border-top td_block_template_8 td-post-content tagdiv-type\" data-td-block-uid=\"tdi_41\">\n<style>.tdi_41 {margin-top: 0px! Wa\u017cne; margines-bottom: 0px! WA\u017bNY; PALDING-TOP: 0PX! WA\u017bNY; PALDING-BOTTOM: 0PX! WA\u017bNE}<\/style>\n<style>.tdb_single_content {margin-bottom: 0;*zoom: 1} .tdb_single_content: wcze\u015bniej, .tdb_single_content: po {display: Table; content: ''; line-height: 0} .TDB-BLOCK-INner>*: nie (.WP-BLOCK-QUOTE): not (.alignSwide): not (.Alignfull.wp-block-cover.has-parallax): not (.td-a-ad) {margin-left: auto; margin-right: auto} .tdb_single_ConTent a {wska\u017anik-events: auto} .tdb_single_content .td-spot-id-top_ad .tdc-placeholder-title: przed {content: \u201eArtyku\u0142 top ad\u201d! Wa\u017cne} .tdb_single_content .td-Spot-Id-inline_ad0 .tdc-placeholder-title 1 '! Wa\u017cne} .tdb_single_content .td-Spot-Id-inline_Ad1 .tdc-Placeholder-Title: przed {content: \u201eArtyku\u0142 inline AD 2'! Wa\u017cny} .tdb_single_content. 3 '! Wa\u017cne} .tdb_single_content .td-Spot-Id-Bottom_Ad .tdc-Placeholder-Title: przed {content: \u201eArtyku\u0142 Bottom Ad\u201d! Wa\u017cne} .tdb_single_content .id_top_ad, .tdb_single_content_content .id_bottom_ad {clear: oba; margin-bottom: 21px; text-align: Center} .tdb_single_content .id_top_ad img, .tdb_single_content .id_bottom_ad img {margin-bottom: 0} .tdb_single_conTent .id_top_ad .adsbyGoogle, .tdb_single_content .id_bottom_ad .adsbyGoogle {pozycja: relatyw} .tdb_single_content .id_ad_content-horiz-left, .tdb_single_content .id_ad_content-horiz-right, .tdb_single_content .id_ad_content-horiz-Center {margin-bottom: 15px} .tdb_single_content .id_ad_content-horiz-left Img, .tdb_single_content .id_ad_content-horiz-right img, .tdb_single_content .id_ad_content-horiz-centerter img {margin-bottom: 0} .tdb_single_content .id_ad_content-horiz-center {text-align: Center} .tdb_single_content .id_ad_content-horiz-center img {margin-right: auto; margin-let: auto} .tdb_single_content .id_ad_content-horiz-left {float: left; margin-top: 9px; margin-right: 21px} .tdb_single_content .id_ad_content-horiz-right {float: margin-top: 6px; margin-left: 21px} .tdb_single_content .tdc-a-a-ad .TDC-Placeholder-Title {szeroko\u015b\u0107: 300px; height: 250px} .tdb_single_content .tdc-a-ad .TDC-Placeholder-Title: Przed {Pozycja: Absolute; TOP: 50%;-WebKit-Transform: Translatey (-50%); Transform: Translatey (-50%); margines: auto; Display: Tabela; szeroko\u015b\u0107: 100%}. tdb_single_content .TDB-BLOCK-INNER.TD-FIX-INDEX {Word-Break: Break-word} .tdi_41, .tdi_41> p, .tdi_41 .tdb-block-inner> p, .Wp-Block-Column> p {font-size: 16px! Wa\u017cne; wa\u017cny; p {font-styl: normalne! Wa\u017cne} @media (Max-Width: 767px) {. tdb_single_content .id_ad_content-horiz-left, .tdb_single_content .id_ad_content-horiz-right, .tdb_single_content .id_ad_content-horiz-centter {Margin: 0 AUTO 26PXX auto}}@media (Max-Width: 767px) {. tdb_single_content .id_ad_content-horiz-left {margin-right: 0}}@media (max-width: 767px) {. (Max-Width: 767px) {. tdb_single_content .td-a-ad {float: none; text-align: Center} .tdb_single_content .td-a-ad img {margin-right: auto; margin-left: auto} .tdb_single_content .tdc-a-a-a-{margin-right: auto; margin-left: auto} .tdb_single_content .tdd<\/style>\n<div class=\"tdb-block-inner td-fix-index\">\n<p><strong>\u201ePrzedstawiamy nasz\u0105 poprawk\u0119 do ustawy, kt\u00f3ra, w naszym g\u0142\u0119bokim przekonaniu, z\u0142amie kryzys w finansach obrony narodowej. Jeste\u015bmy \u015bwiadomi zagro\u017ce\u0144, przed kt\u00f3rymi stoi Polska, i dlatego armia musi by\u0107 uzbrojona i wyposa\u017cona w nowoczesn\u0105 bro\u0144\u201d<\/strong>powiedzia\u0142 Mariusz B\u0142aszczak, by\u0142y minister obrony narodowej, podczas konferencji prasowej.<\/p>\n<p>Prawo i sprawiedliwo\u015b\u0107 (<em>Pis<\/em>) Parlamentarzy\u015bci odbyli dzi\u015b konferencj\u0119 prasow\u0105 na temat bezpiecze\u0144stwa Polski.<\/p>\n<figure class=\"wp-block-pullquote\">\n<blockquote>\n<p><strong>\u201ePrzedstawiamy nasz\u0105 poprawk\u0119 do ustawy, kt\u00f3ra, w naszym g\u0142\u0119bokim przekonaniu, z\u0142amie kryzys w finansach obrony narodowej. Jeste\u015bmy \u015bwiadomi zagro\u017ce\u0144, przed kt\u00f3rymi stoi Polska, i dlatego armia musi by\u0107 uzbrojona i wyposa\u017cona w nowoczesn\u0105 bro\u0144\u201d<\/strong>B\u0142aszczak podkre\u015bli\u0142.<\/p>\n<\/blockquote>\n<\/figure>\n<p>Przypomnia\u0142 tak\u017ce sprawom, kt\u00f3re wysz\u0142y na jaw w ostatnich tygodniach &#8211; problemy, kt\u00f3re bezpo\u015brednio wp\u0142ywaj\u0105 na poczucie bezpiecze\u0144stwa biegun\u00f3w.<\/p>\n<figure class=\"wp-block-pullquote\">\n<blockquote>\n<p><strong>\u201eJako pierwszy ujawni\u0142em skandaliczn\u0105 decyzj\u0119 Ministra Finans\u00f3w, kt\u00f3ry zobowi\u0105za\u0142 ministra obrony narodowej do sp\u0142aty d\u0142ugu z funduszu wsparcia si\u0142 zbrojnych wy\u0142\u0105cznie z 29. sekcji bud\u017cetowej. Jest to skandaliczna decyzja, kt\u00f3ra doprowadzi Ministerstwo Obrony Narodowej (MON) do upad\u0142o\u015bci\u201d do upad\u0142o\u015bci \u201ddo upad\u0142o\u015bci\u201d<\/strong>powiedzia\u0142.<\/p>\n<\/blockquote>\n<\/figure>\n<p>Nast\u0119pnie MP PIS wspomnia\u0142 o zakupie nieuzbrojonych bojownik\u00f3w F-35.<\/p>\n<figure class=\"wp-block-pullquote\">\n<blockquote>\n<p><strong>\u201eUjawni\u0142em tak\u017ce kolejn\u0105 skandaliczn\u0105 decyzj\u0119-\u017ce Ministerstwo Obrony Narodowej nie nakaza\u0142o pocisk\u00f3w samolot\u00f3w F-35. W celu przezwyci\u0119\u017cenia bezradno\u015bci ministra obrony narodowej, przed\u0142o\u017cyli\u015bmy projekt ustawy o obronie ojczyzny wyja\u015bniaj\u0105c\u0105 postanowienia-zobowi\u0105zania wynikaj\u0105ce z funduszu uzupe\u0142niaj\u0105cego Force Force mog\u0105 zosta\u0107 oddane wy\u0142\u0105cznie z zewn\u0119trznego bud\u017cetu MON\u201d.<\/strong>wyja\u015bni\u0142.<\/p>\n<\/blockquote>\n<\/figure>\n<p>I jak doda\u0142 &#8211; <strong>\u201eJest to r\u00f3wnie\u017c test dla obecnego ministra, czy b\u0119dzie w stanie sprzeciwi\u0107 si\u0119 Donaldowi Tuskowi w imi\u0119 interes\u00f3w Polski, armii i bezpiecze\u0144stwa naszej ojczyzny\u201d<\/strong>.<\/p>\n<h2 class=\"wp-block-heading\">Co si\u0119 dzieje z finansami Polski?<\/h2>\n<p>Zbigiew Ku\u017amiuk, MP PIS i ekonomista, podni\u00f3s\u0142 kwesti\u0119 bud\u017cetu Polski.<\/p>\n<figure class=\"wp-block-pullquote\">\n<blockquote>\n<p><strong>\u201eProjekt bud\u017cetu pa\u0144stwowego na 2026 r. Zosta\u0142 przed\u0142o\u017cony SEJM wraz z dodatkowym dokumentem-strategia zarz\u0105dzania d\u0142ugiem publicznym dla 2026-2029. Oba dokumenty s\u0105 r\u00f3wnie szokuj\u0105ce. Po raz pierwszy dowiedzieli\u015bmy si\u0119, \u017ce d\u0142ug publiczny ma wzrost nie tylko do poziomu 60% PDP, ale nawet w 2029 r. Do 75,3% ROD. 2015. Jeste\u015bmy najszybciej os\u0105dzonym krajem w UE.<\/strong>powiedzia\u0142 polityk.<\/p>\n<\/blockquote>\n<\/figure>\n<p>Jak przyzna\u0142 &#8211; <strong>\u201eNie jest tak naprawd\u0119 jasne, co si\u0119 dzieje z finansami Polski. Wygl\u0105da na to, \u017ce jest to plan u w\u0142adzy &#8211; zrujnowa\u0107 finanse publiczne, a nast\u0119pnie przekaza\u0107 w\u0142adz\u0119\u201d<\/strong>.<\/p>\n<p>AndrzeJ \u015aliwka kontynuowa\u0142 ten temat. Przypomnia\u0142 sobie o tym <strong>\u201eBy\u0142 jeden bud\u017cet bez deficytu &#8211; w 2020 r. &#8211; a je\u015bli nie na pandemi\u0119 Covid, mieliby\u015bmy tak\u0105 sytuacj\u0119 po raz pierwszy\u201d<\/strong>.<\/p>\n<figure class=\"wp-block-pullquote\">\n<blockquote>\n<p><strong>\u201eRz\u0105d PIS realizowa\u0142 odpowiedzialn\u0105 polityk\u0119 fiskaln\u0105 i gospodarcz\u0105, aby fundusze by\u0142y wystarczaj\u0105ce dla wielu obszar\u00f3w \u017cycia spo\u0142ecznego. Niestety obecni w\u0142adcy powr\u00f3cili do swojej starej polityki, niezadowolenia Polska na niespotykan\u0105 skal\u0119. Jeste\u015bmy w sytuacji, w kt\u00f3rej ci w\u0142ada maluj\u0105 traw\u0119 zielon\u0105, ale je\u015bli chodzi o rzeczywisto\u015b\u0107 w obliczu rzeczywisto\u015bci, mo\u017cemy wyra\u017anie widzie\u0107, \u017ce niezadowolenie jest rosn\u0105ce. Szanta\u017cuje Mon, a minister Kosiniak-Kamysz rzuca g\u0142ow\u0105 i zgadza si\u0119 na wszystko, czego chce minister Doma\u0144ski \u201d<\/strong>powiedzia\u0142.<\/p>\n<\/blockquote>\n<\/figure>\n<\/div>\n<\/div>\n","protected":false},"excerpt":{"rendered":"<p>\u201ePrzedstawiamy nasz\u0105 poprawk\u0119 do ustawy, kt\u00f3ra, w naszym g\u0142\u0119bokim przekonaniu, z\u0142amie kryzys w finansach obrony narodowej. Jeste\u015bmy \u015bwiadomi zagro\u017ce\u0144, przed<\/p>\n","protected":false},"author":1,"featured_media":8842,"comment_status":"open","ping_status":"open","sticky":false,"template":"","format":"standard","meta":{"footnotes":""},"categories":[4748],"tags":[10382,982,111,1999,6705,4827,72,1554,567,2437],"class_list":["post-8841","post","type-post","status-publish","format-standard","has-post-thumbnail","hentry","category-aktualne","tag-finanse","tag-jak","tag-jest","tag-niszczy","tag-oto","tag-plan","tag-polski","tag-rzad","tag-tuska","tag-wladzy","generate-columns","tablet-grid-50","mobile-grid-100","grid-parent","grid-50","resize-featured-image"],"yoast_head":"<!-- This site is optimized with the Yoast SEO plugin v23.2 - https:\/\/yoast.com\/wordpress\/plugins\/seo\/ -->\n<title>Oto jak rz\u0105d Tuska niszczy finanse Polski. \u201eTo jest plan u w\u0142adzy\u201d - POGOTOWIE FLAGOWE\u00ae<\/title>\n<meta name=\"robots\" content=\"index, follow, max-snippet:-1, max-image-preview:large, max-video-preview:-1\" \/>\n<link rel=\"canonical\" href=\"https:\/\/www.pogotowieflagowe.pl\/aktualne\/oto-jak-rzad-tuska-niszczy-finanse-polski-to-jest-plan-u-wladzy\/\" \/>\n<meta property=\"og:locale\" content=\"pl_PL\" \/>\n<meta property=\"og:type\" content=\"article\" \/>\n<meta property=\"og:title\" content=\"Oto jak rz\u0105d Tuska niszczy finanse Polski. \u201eTo jest plan u w\u0142adzy\u201d - POGOTOWIE FLAGOWE\u00ae\" \/>\n<meta property=\"og:description\" content=\"\u201ePrzedstawiamy nasz\u0105 poprawk\u0119 do ustawy, kt\u00f3ra, w naszym g\u0142\u0119bokim przekonaniu, z\u0142amie kryzys w finansach obrony narodowej. Jeste\u015bmy \u015bwiadomi zagro\u017ce\u0144, przed\" \/>\n<meta property=\"og:url\" content=\"https:\/\/www.pogotowieflagowe.pl\/aktualne\/oto-jak-rzad-tuska-niszczy-finanse-polski-to-jest-plan-u-wladzy\/\" \/>\n<meta property=\"og:site_name\" content=\"POGOTOWIE FLAGOWE\u00ae\" \/>\n<meta property=\"article:published_time\" content=\"2025-10-02T19:12:03+00:00\" \/>\n<meta property=\"article:modified_time\" content=\"2025-10-02T19:12:04+00:00\" \/>\n<meta property=\"og:image\" content=\"https:\/\/www.pogotowieflagowe.pl\/aktualne\/wp-content\/uploads\/2025\/10\/Oto-jak-rzad-Tuska-niszczy-finanse-Polski-\u201eTo-jest-plan.webp.webp\" \/>\n\t<meta property=\"og:image:width\" content=\"1280\" \/>\n\t<meta property=\"og:image:height\" content=\"720\" \/>\n\t<meta property=\"og:image:type\" content=\"image\/webp\" \/>\n<meta name=\"author\" content=\"Filip\" \/>\n<meta name=\"twitter:card\" content=\"summary_large_image\" \/>\n<meta name=\"twitter:label1\" content=\"Napisane przez\" \/>\n\t<meta name=\"twitter:data1\" content=\"Filip\" \/>\n\t<meta name=\"twitter:label2\" content=\"Szacowany czas czytania\" \/>\n\t<meta name=\"twitter:data2\" content=\"3 minuty\" \/>\n<script type=\"application\/ld+json\" class=\"yoast-schema-graph\">{\"@context\":\"https:\/\/schema.org\",\"@graph\":[{\"@type\":\"Article\",\"@id\":\"https:\/\/www.pogotowieflagowe.pl\/aktualne\/oto-jak-rzad-tuska-niszczy-finanse-polski-to-jest-plan-u-wladzy\/#article\",\"isPartOf\":{\"@id\":\"https:\/\/www.pogotowieflagowe.pl\/aktualne\/oto-jak-rzad-tuska-niszczy-finanse-polski-to-jest-plan-u-wladzy\/\"},\"author\":{\"name\":\"Filip\",\"@id\":\"https:\/\/www.pogotowieflagowe.pl\/aktualne\/#\/schema\/person\/9c2fb7d2362ebf6fa088960d7f0d27b0\"},\"headline\":\"Oto jak rz\u0105d Tuska niszczy finanse Polski. \u201eTo jest plan u w\u0142adzy\u201d\",\"datePublished\":\"2025-10-02T19:12:03+00:00\",\"dateModified\":\"2025-10-02T19:12:04+00:00\",\"mainEntityOfPage\":{\"@id\":\"https:\/\/www.pogotowieflagowe.pl\/aktualne\/oto-jak-rzad-tuska-niszczy-finanse-polski-to-jest-plan-u-wladzy\/\"},\"wordCount\":558,\"commentCount\":0,\"publisher\":{\"@id\":\"https:\/\/www.pogotowieflagowe.pl\/aktualne\/#organization\"},\"image\":{\"@id\":\"https:\/\/www.pogotowieflagowe.pl\/aktualne\/oto-jak-rzad-tuska-niszczy-finanse-polski-to-jest-plan-u-wladzy\/#primaryimage\"},\"thumbnailUrl\":\"https:\/\/www.pogotowieflagowe.pl\/aktualne\/wp-content\/uploads\/2025\/10\/Oto-jak-rzad-Tuska-niszczy-finanse-Polski-\u201eTo-jest-plan.webp.webp\",\"keywords\":[\"finanse\",\"Jak\",\"jest\",\"niszczy\",\"oto\",\"plan\",\"polski\",\"Rz\u0105d\",\"Tuska\",\"w\u0142adzy\"],\"articleSection\":[\"Aktualne\"],\"inLanguage\":\"pl-PL\",\"potentialAction\":[{\"@type\":\"CommentAction\",\"name\":\"Comment\",\"target\":[\"https:\/\/www.pogotowieflagowe.pl\/aktualne\/oto-jak-rzad-tuska-niszczy-finanse-polski-to-jest-plan-u-wladzy\/#respond\"]}]},{\"@type\":\"WebPage\",\"@id\":\"https:\/\/www.pogotowieflagowe.pl\/aktualne\/oto-jak-rzad-tuska-niszczy-finanse-polski-to-jest-plan-u-wladzy\/\",\"url\":\"https:\/\/www.pogotowieflagowe.pl\/aktualne\/oto-jak-rzad-tuska-niszczy-finanse-polski-to-jest-plan-u-wladzy\/\",\"name\":\"Oto jak rz\u0105d Tuska niszczy finanse Polski. \u201eTo jest plan u w\u0142adzy\u201d - POGOTOWIE FLAGOWE\u00ae\",\"isPartOf\":{\"@id\":\"https:\/\/www.pogotowieflagowe.pl\/aktualne\/#website\"},\"primaryImageOfPage\":{\"@id\":\"https:\/\/www.pogotowieflagowe.pl\/aktualne\/oto-jak-rzad-tuska-niszczy-finanse-polski-to-jest-plan-u-wladzy\/#primaryimage\"},\"image\":{\"@id\":\"https:\/\/www.pogotowieflagowe.pl\/aktualne\/oto-jak-rzad-tuska-niszczy-finanse-polski-to-jest-plan-u-wladzy\/#primaryimage\"},\"thumbnailUrl\":\"https:\/\/www.pogotowieflagowe.pl\/aktualne\/wp-content\/uploads\/2025\/10\/Oto-jak-rzad-Tuska-niszczy-finanse-Polski-\u201eTo-jest-plan.webp.webp\",\"datePublished\":\"2025-10-02T19:12:03+00:00\",\"dateModified\":\"2025-10-02T19:12:04+00:00\",\"breadcrumb\":{\"@id\":\"https:\/\/www.pogotowieflagowe.pl\/aktualne\/oto-jak-rzad-tuska-niszczy-finanse-polski-to-jest-plan-u-wladzy\/#breadcrumb\"},\"inLanguage\":\"pl-PL\",\"potentialAction\":[{\"@type\":\"ReadAction\",\"target\":[\"https:\/\/www.pogotowieflagowe.pl\/aktualne\/oto-jak-rzad-tuska-niszczy-finanse-polski-to-jest-plan-u-wladzy\/\"]}]},{\"@type\":\"ImageObject\",\"inLanguage\":\"pl-PL\",\"@id\":\"https:\/\/www.pogotowieflagowe.pl\/aktualne\/oto-jak-rzad-tuska-niszczy-finanse-polski-to-jest-plan-u-wladzy\/#primaryimage\",\"url\":\"https:\/\/www.pogotowieflagowe.pl\/aktualne\/wp-content\/uploads\/2025\/10\/Oto-jak-rzad-Tuska-niszczy-finanse-Polski-\u201eTo-jest-plan.webp.webp\",\"contentUrl\":\"https:\/\/www.pogotowieflagowe.pl\/aktualne\/wp-content\/uploads\/2025\/10\/Oto-jak-rzad-Tuska-niszczy-finanse-Polski-\u201eTo-jest-plan.webp.webp\",\"width\":1280,\"height\":720,\"caption\":\"Oto jak rz\u0105d Tuska niszczy finanse Polski. \u201eTo jest plan u w\u0142adzy\u201d\"},{\"@type\":\"BreadcrumbList\",\"@id\":\"https:\/\/www.pogotowieflagowe.pl\/aktualne\/oto-jak-rzad-tuska-niszczy-finanse-polski-to-jest-plan-u-wladzy\/#breadcrumb\",\"itemListElement\":[{\"@type\":\"ListItem\",\"position\":1,\"name\":\"Home\",\"item\":\"https:\/\/www.pogotowieflagowe.pl\/aktualne\/\"},{\"@type\":\"ListItem\",\"position\":2,\"name\":\"Oto jak rz\u0105d Tuska niszczy finanse Polski. \u201eTo jest plan u w\u0142adzy\u201d\"}]},{\"@type\":\"WebSite\",\"@id\":\"https:\/\/www.pogotowieflagowe.pl\/aktualne\/#website\",\"url\":\"https:\/\/www.pogotowieflagowe.pl\/aktualne\/\",\"name\":\"POGOTOWIE FLAGOWE\u00ae\",\"description\":\"\",\"publisher\":{\"@id\":\"https:\/\/www.pogotowieflagowe.pl\/aktualne\/#organization\"},\"potentialAction\":[{\"@type\":\"SearchAction\",\"target\":{\"@type\":\"EntryPoint\",\"urlTemplate\":\"https:\/\/www.pogotowieflagowe.pl\/aktualne\/?s={search_term_string}\"},\"query-input\":\"required name=search_term_string\"}],\"inLanguage\":\"pl-PL\"},{\"@type\":\"Organization\",\"@id\":\"https:\/\/www.pogotowieflagowe.pl\/aktualne\/#organization\",\"name\":\"POGOTOWIE FLAGOWE\u00ae\",\"url\":\"https:\/\/www.pogotowieflagowe.pl\/aktualne\/\",\"logo\":{\"@type\":\"ImageObject\",\"inLanguage\":\"pl-PL\",\"@id\":\"https:\/\/www.pogotowieflagowe.pl\/aktualne\/#\/schema\/logo\/image\/\",\"url\":\"https:\/\/www.pogotowieflagowe.pl\/aktualne\/wp-content\/uploads\/2024\/08\/cropped-pogotowieflagowe_flaga_projekt_sm.jpg\",\"contentUrl\":\"https:\/\/www.pogotowieflagowe.pl\/aktualne\/wp-content\/uploads\/2024\/08\/cropped-pogotowieflagowe_flaga_projekt_sm.jpg\",\"width\":250,\"height\":143,\"caption\":\"POGOTOWIE FLAGOWE\u00ae\"},\"image\":{\"@id\":\"https:\/\/www.pogotowieflagowe.pl\/aktualne\/#\/schema\/logo\/image\/\"}},{\"@type\":\"Person\",\"@id\":\"https:\/\/www.pogotowieflagowe.pl\/aktualne\/#\/schema\/person\/9c2fb7d2362ebf6fa088960d7f0d27b0\",\"name\":\"Filip\",\"image\":{\"@type\":\"ImageObject\",\"inLanguage\":\"pl-PL\",\"@id\":\"https:\/\/www.pogotowieflagowe.pl\/aktualne\/#\/schema\/person\/image\/\",\"url\":\"https:\/\/www.pogotowieflagowe.pl\/aktualne\/wp-content\/uploads\/2024\/08\/pogotowieflagowe.pl_.jpg\",\"contentUrl\":\"https:\/\/www.pogotowieflagowe.pl\/aktualne\/wp-content\/uploads\/2024\/08\/pogotowieflagowe.pl_.jpg\",\"caption\":\"Filip\"},\"description\":\"Jestem Filip, polski dziennikarz z dyplomem nauk politycznych Uniwersytetu Warszawskiego. Rozpoczynaj\u0105c swoj\u0105 karier\u0119 w r\u00f3\u017cnych lokalnych mediach, zdoby\u0142em solidne do\u015bwiadczenie w zakresie \u015bledztwa i redakcji. Obecnie jako redaktor w Pogotowie flagowe, staram si\u0119 dostarcza\u0107 dog\u0142\u0119bne i istotne analizy na temat najwa\u017cniejszych kwestii aktualno\u015bci, \u0142\u0105cz\u0105c rygor z pasj\u0105 dziennikarsk\u0105.\",\"sameAs\":[\"https:\/\/www.pogotowieflagowe.pl\/\"]}]}<\/script>\n<!-- \/ Yoast SEO plugin. -->","yoast_head_json":{"title":"Oto jak rz\u0105d Tuska niszczy finanse Polski. \u201eTo jest plan u w\u0142adzy\u201d - POGOTOWIE FLAGOWE\u00ae","robots":{"index":"index","follow":"follow","max-snippet":"max-snippet:-1","max-image-preview":"max-image-preview:large","max-video-preview":"max-video-preview:-1"},"canonical":"https:\/\/www.pogotowieflagowe.pl\/aktualne\/oto-jak-rzad-tuska-niszczy-finanse-polski-to-jest-plan-u-wladzy\/","og_locale":"pl_PL","og_type":"article","og_title":"Oto jak rz\u0105d Tuska niszczy finanse Polski. \u201eTo jest plan u w\u0142adzy\u201d - POGOTOWIE FLAGOWE\u00ae","og_description":"\u201ePrzedstawiamy nasz\u0105 poprawk\u0119 do ustawy, kt\u00f3ra, w naszym g\u0142\u0119bokim przekonaniu, z\u0142amie kryzys w finansach obrony narodowej. Jeste\u015bmy \u015bwiadomi zagro\u017ce\u0144, przed","og_url":"https:\/\/www.pogotowieflagowe.pl\/aktualne\/oto-jak-rzad-tuska-niszczy-finanse-polski-to-jest-plan-u-wladzy\/","og_site_name":"POGOTOWIE FLAGOWE\u00ae","article_published_time":"2025-10-02T19:12:03+00:00","article_modified_time":"2025-10-02T19:12:04+00:00","og_image":[{"width":1280,"height":720,"url":"https:\/\/www.pogotowieflagowe.pl\/aktualne\/wp-content\/uploads\/2025\/10\/Oto-jak-rzad-Tuska-niszczy-finanse-Polski-\u201eTo-jest-plan.webp.webp","type":"image\/webp"}],"author":"Filip","twitter_card":"summary_large_image","twitter_misc":{"Napisane przez":"Filip","Szacowany czas czytania":"3 minuty"},"schema":{"@context":"https:\/\/schema.org","@graph":[{"@type":"Article","@id":"https:\/\/www.pogotowieflagowe.pl\/aktualne\/oto-jak-rzad-tuska-niszczy-finanse-polski-to-jest-plan-u-wladzy\/#article","isPartOf":{"@id":"https:\/\/www.pogotowieflagowe.pl\/aktualne\/oto-jak-rzad-tuska-niszczy-finanse-polski-to-jest-plan-u-wladzy\/"},"author":{"name":"Filip","@id":"https:\/\/www.pogotowieflagowe.pl\/aktualne\/#\/schema\/person\/9c2fb7d2362ebf6fa088960d7f0d27b0"},"headline":"Oto jak rz\u0105d Tuska niszczy finanse Polski. \u201eTo jest plan u w\u0142adzy\u201d","datePublished":"2025-10-02T19:12:03+00:00","dateModified":"2025-10-02T19:12:04+00:00","mainEntityOfPage":{"@id":"https:\/\/www.pogotowieflagowe.pl\/aktualne\/oto-jak-rzad-tuska-niszczy-finanse-polski-to-jest-plan-u-wladzy\/"},"wordCount":558,"commentCount":0,"publisher":{"@id":"https:\/\/www.pogotowieflagowe.pl\/aktualne\/#organization"},"image":{"@id":"https:\/\/www.pogotowieflagowe.pl\/aktualne\/oto-jak-rzad-tuska-niszczy-finanse-polski-to-jest-plan-u-wladzy\/#primaryimage"},"thumbnailUrl":"https:\/\/www.pogotowieflagowe.pl\/aktualne\/wp-content\/uploads\/2025\/10\/Oto-jak-rzad-Tuska-niszczy-finanse-Polski-\u201eTo-jest-plan.webp.webp","keywords":["finanse","Jak","jest","niszczy","oto","plan","polski","Rz\u0105d","Tuska","w\u0142adzy"],"articleSection":["Aktualne"],"inLanguage":"pl-PL","potentialAction":[{"@type":"CommentAction","name":"Comment","target":["https:\/\/www.pogotowieflagowe.pl\/aktualne\/oto-jak-rzad-tuska-niszczy-finanse-polski-to-jest-plan-u-wladzy\/#respond"]}]},{"@type":"WebPage","@id":"https:\/\/www.pogotowieflagowe.pl\/aktualne\/oto-jak-rzad-tuska-niszczy-finanse-polski-to-jest-plan-u-wladzy\/","url":"https:\/\/www.pogotowieflagowe.pl\/aktualne\/oto-jak-rzad-tuska-niszczy-finanse-polski-to-jest-plan-u-wladzy\/","name":"Oto jak rz\u0105d Tuska niszczy finanse Polski. \u201eTo jest plan u w\u0142adzy\u201d - POGOTOWIE FLAGOWE\u00ae","isPartOf":{"@id":"https:\/\/www.pogotowieflagowe.pl\/aktualne\/#website"},"primaryImageOfPage":{"@id":"https:\/\/www.pogotowieflagowe.pl\/aktualne\/oto-jak-rzad-tuska-niszczy-finanse-polski-to-jest-plan-u-wladzy\/#primaryimage"},"image":{"@id":"https:\/\/www.pogotowieflagowe.pl\/aktualne\/oto-jak-rzad-tuska-niszczy-finanse-polski-to-jest-plan-u-wladzy\/#primaryimage"},"thumbnailUrl":"https:\/\/www.pogotowieflagowe.pl\/aktualne\/wp-content\/uploads\/2025\/10\/Oto-jak-rzad-Tuska-niszczy-finanse-Polski-\u201eTo-jest-plan.webp.webp","datePublished":"2025-10-02T19:12:03+00:00","dateModified":"2025-10-02T19:12:04+00:00","breadcrumb":{"@id":"https:\/\/www.pogotowieflagowe.pl\/aktualne\/oto-jak-rzad-tuska-niszczy-finanse-polski-to-jest-plan-u-wladzy\/#breadcrumb"},"inLanguage":"pl-PL","potentialAction":[{"@type":"ReadAction","target":["https:\/\/www.pogotowieflagowe.pl\/aktualne\/oto-jak-rzad-tuska-niszczy-finanse-polski-to-jest-plan-u-wladzy\/"]}]},{"@type":"ImageObject","inLanguage":"pl-PL","@id":"https:\/\/www.pogotowieflagowe.pl\/aktualne\/oto-jak-rzad-tuska-niszczy-finanse-polski-to-jest-plan-u-wladzy\/#primaryimage","url":"https:\/\/www.pogotowieflagowe.pl\/aktualne\/wp-content\/uploads\/2025\/10\/Oto-jak-rzad-Tuska-niszczy-finanse-Polski-\u201eTo-jest-plan.webp.webp","contentUrl":"https:\/\/www.pogotowieflagowe.pl\/aktualne\/wp-content\/uploads\/2025\/10\/Oto-jak-rzad-Tuska-niszczy-finanse-Polski-\u201eTo-jest-plan.webp.webp","width":1280,"height":720,"caption":"Oto jak rz\u0105d Tuska niszczy finanse Polski. \u201eTo jest plan u w\u0142adzy\u201d"},{"@type":"BreadcrumbList","@id":"https:\/\/www.pogotowieflagowe.pl\/aktualne\/oto-jak-rzad-tuska-niszczy-finanse-polski-to-jest-plan-u-wladzy\/#breadcrumb","itemListElement":[{"@type":"ListItem","position":1,"name":"Home","item":"https:\/\/www.pogotowieflagowe.pl\/aktualne\/"},{"@type":"ListItem","position":2,"name":"Oto jak rz\u0105d Tuska niszczy finanse Polski. \u201eTo jest plan u w\u0142adzy\u201d"}]},{"@type":"WebSite","@id":"https:\/\/www.pogotowieflagowe.pl\/aktualne\/#website","url":"https:\/\/www.pogotowieflagowe.pl\/aktualne\/","name":"POGOTOWIE FLAGOWE\u00ae","description":"","publisher":{"@id":"https:\/\/www.pogotowieflagowe.pl\/aktualne\/#organization"},"potentialAction":[{"@type":"SearchAction","target":{"@type":"EntryPoint","urlTemplate":"https:\/\/www.pogotowieflagowe.pl\/aktualne\/?s={search_term_string}"},"query-input":"required name=search_term_string"}],"inLanguage":"pl-PL"},{"@type":"Organization","@id":"https:\/\/www.pogotowieflagowe.pl\/aktualne\/#organization","name":"POGOTOWIE FLAGOWE\u00ae","url":"https:\/\/www.pogotowieflagowe.pl\/aktualne\/","logo":{"@type":"ImageObject","inLanguage":"pl-PL","@id":"https:\/\/www.pogotowieflagowe.pl\/aktualne\/#\/schema\/logo\/image\/","url":"https:\/\/www.pogotowieflagowe.pl\/aktualne\/wp-content\/uploads\/2024\/08\/cropped-pogotowieflagowe_flaga_projekt_sm.jpg","contentUrl":"https:\/\/www.pogotowieflagowe.pl\/aktualne\/wp-content\/uploads\/2024\/08\/cropped-pogotowieflagowe_flaga_projekt_sm.jpg","width":250,"height":143,"caption":"POGOTOWIE FLAGOWE\u00ae"},"image":{"@id":"https:\/\/www.pogotowieflagowe.pl\/aktualne\/#\/schema\/logo\/image\/"}},{"@type":"Person","@id":"https:\/\/www.pogotowieflagowe.pl\/aktualne\/#\/schema\/person\/9c2fb7d2362ebf6fa088960d7f0d27b0","name":"Filip","image":{"@type":"ImageObject","inLanguage":"pl-PL","@id":"https:\/\/www.pogotowieflagowe.pl\/aktualne\/#\/schema\/person\/image\/","url":"https:\/\/www.pogotowieflagowe.pl\/aktualne\/wp-content\/uploads\/2024\/08\/pogotowieflagowe.pl_.jpg","contentUrl":"https:\/\/www.pogotowieflagowe.pl\/aktualne\/wp-content\/uploads\/2024\/08\/pogotowieflagowe.pl_.jpg","caption":"Filip"},"description":"Jestem Filip, polski dziennikarz z dyplomem nauk politycznych Uniwersytetu Warszawskiego. Rozpoczynaj\u0105c swoj\u0105 karier\u0119 w r\u00f3\u017cnych lokalnych mediach, zdoby\u0142em solidne do\u015bwiadczenie w zakresie \u015bledztwa i redakcji. Obecnie jako redaktor w Pogotowie flagowe, staram si\u0119 dostarcza\u0107 dog\u0142\u0119bne i istotne analizy na temat najwa\u017cniejszych kwestii aktualno\u015bci, \u0142\u0105cz\u0105c rygor z pasj\u0105 dziennikarsk\u0105.","sameAs":["https:\/\/www.pogotowieflagowe.pl\/"]}]}},"_links":{"self":[{"href":"https:\/\/www.pogotowieflagowe.pl\/aktualne\/wp-json\/wp\/v2\/posts\/8841","targetHints":{"allow":["GET"]}}],"collection":[{"href":"https:\/\/www.pogotowieflagowe.pl\/aktualne\/wp-json\/wp\/v2\/posts"}],"about":[{"href":"https:\/\/www.pogotowieflagowe.pl\/aktualne\/wp-json\/wp\/v2\/types\/post"}],"author":[{"embeddable":true,"href":"https:\/\/www.pogotowieflagowe.pl\/aktualne\/wp-json\/wp\/v2\/users\/1"}],"replies":[{"embeddable":true,"href":"https:\/\/www.pogotowieflagowe.pl\/aktualne\/wp-json\/wp\/v2\/comments?post=8841"}],"version-history":[{"count":1,"href":"https:\/\/www.pogotowieflagowe.pl\/aktualne\/wp-json\/wp\/v2\/posts\/8841\/revisions"}],"predecessor-version":[{"id":8843,"href":"https:\/\/www.pogotowieflagowe.pl\/aktualne\/wp-json\/wp\/v2\/posts\/8841\/revisions\/8843"}],"wp:featuredmedia":[{"embeddable":true,"href":"https:\/\/www.pogotowieflagowe.pl\/aktualne\/wp-json\/wp\/v2\/media\/8842"}],"wp:attachment":[{"href":"https:\/\/www.pogotowieflagowe.pl\/aktualne\/wp-json\/wp\/v2\/media?parent=8841"}],"wp:term":[{"taxonomy":"category","embeddable":true,"href":"https:\/\/www.pogotowieflagowe.pl\/aktualne\/wp-json\/wp\/v2\/categories?post=8841"},{"taxonomy":"post_tag","embeddable":true,"href":"https:\/\/www.pogotowieflagowe.pl\/aktualne\/wp-json\/wp\/v2\/tags?post=8841"}],"curies":[{"name":"wp","href":"https:\/\/api.w.org\/{rel}","templated":true}]}}