{"id":8844,"date":"2025-10-02T21:43:10","date_gmt":"2025-10-02T19:43:10","guid":{"rendered":"https:\/\/www.pogotowieflagowe.pl\/aktualne\/tajemnicze-oznaczenie-na-holenderskiej-f-35-stacjonujacej-w-polsce-memento-nocy-w-dniach-9-10-wrzesnia\/"},"modified":"2025-10-02T21:43:11","modified_gmt":"2025-10-02T19:43:11","slug":"tajemnicze-oznaczenie-na-holenderskiej-f-35-stacjonujacej-w-polsce-memento-nocy-w-dniach-9-10-wrzesnia","status":"publish","type":"post","link":"https:\/\/www.pogotowieflagowe.pl\/aktualne\/tajemnicze-oznaczenie-na-holenderskiej-f-35-stacjonujacej-w-polsce-memento-nocy-w-dniach-9-10-wrzesnia\/","title":{"rendered":"Tajemnicze oznaczenie na holenderskiej F-35 stacjonuj\u0105cej w Polsce. \u201eMemento nocy w dniach 9-10 wrze\u015bnia\u201d"},"content":{"rendered":"\n<div class=\"td_block_wrap tdb_single_content tdi_41 td-pb-border-top td_block_template_8 td-post-content tagdiv-type\" data-td-block-uid=\"tdi_41\">\n<style>.tdi_41 {margin-top: 0px! Wa\u017cne; margines-bottom: 0px! WA\u017bNY; PALDING-TOP: 0PX! WA\u017bNY; PALDING-BOTTOM: 0PX! WA\u017bNE}<\/style>\n<style>.tdb_single_content {margin-bottom: 0;*zoom: 1} .tdb_single_content: wcze\u015bniej, .tdb_single_content: po {display: Table; content: ''; line-height: 0} .TDB-BLOCK-INner>*: nie (.WP-BLOCK-QUOTE): not (.alignSwide): not (.Alignfull.wp-block-cover.has-parallax): not (.td-a-ad) {margin-left: auto; margin-right: auto} .tdb_single_ConTent a {wska\u017anik-events: auto} .tdb_single_content .td-spot-id-top_ad .tdc-placeholder-title: przed {content: \u201eArtyku\u0142 top ad\u201d! Wa\u017cne} .tdb_single_content .td-Spot-Id-inline_ad0 .tdc-placeholder-title 1 '! Wa\u017cne} .tdb_single_content .td-Spot-Id-inline_Ad1 .tdc-Placeholder-Title: przed {content: \u201eArtyku\u0142 inline AD 2'! Wa\u017cny} .tdb_single_content. 3 '! Wa\u017cne} .tdb_single_content .td-Spot-Id-Bottom_Ad .tdc-Placeholder-Title: przed {content: \u201eArtyku\u0142 Bottom Ad\u201d! Wa\u017cne} .tdb_single_content .id_top_ad, .tdb_single_content_content .id_bottom_ad {clear: oba; margin-bottom: 21px; text-align: Center} .tdb_single_content .id_top_ad img, .tdb_single_content .id_bottom_ad img {margin-bottom: 0} .tdb_single_conTent .id_top_ad .adsbyGoogle, .tdb_single_content .id_bottom_ad .adsbyGoogle {pozycja: relatyw} .tdb_single_content .id_ad_content-horiz-left, .tdb_single_content .id_ad_content-horiz-right, .tdb_single_content .id_ad_content-horiz-Center {margin-bottom: 15px} .tdb_single_content .id_ad_content-horiz-left Img, .tdb_single_content .id_ad_content-horiz-right img, .tdb_single_content .id_ad_content-horiz-centerter img {margin-bottom: 0} .tdb_single_content .id_ad_content-horiz-center {text-align: Center} .tdb_single_content .id_ad_content-horiz-center img {margin-right: auto; margin-let: auto} .tdb_single_content .id_ad_content-horiz-left {float: left; margin-top: 9px; margin-right: 21px} .tdb_single_content .id_ad_content-horiz-right {float: margin-top: 6px; margin-left: 21px} .tdb_single_content .tdc-a-a-ad .TDC-Placeholder-Title {szeroko\u015b\u0107: 300px; height: 250px} .tdb_single_content .tdc-a-ad .TDC-Placeholder-Title: Przed {Pozycja: Absolute; TOP: 50%;-WebKit-Transform: Translatey (-50%); Transform: Translatey (-50%); margines: auto; Display: Tabela; szeroko\u015b\u0107: 100%}. tdb_single_content .TDB-BLOCK-INNER.TD-FIX-INDEX {Word-Break: Break-word} .tdi_41, .tdi_41> p, .tdi_41 .tdb-block-inner> p, .Wp-Block-Column> p {font-size: 16px! Wa\u017cne; wa\u017cny; p {font-styl: normalne! Wa\u017cne} @media (Max-Width: 767px) {. tdb_single_content .id_ad_content-horiz-left, .tdb_single_content .id_ad_content-horiz-right, .tdb_single_content .id_ad_content-horiz-centter {Margin: 0 AUTO 26PXX auto}}@media (Max-Width: 767px) {. tdb_single_content .id_ad_content-horiz-left {margin-right: 0}}@media (max-width: 767px) {. (Max-Width: 767px) {. tdb_single_content .td-a-ad {float: none; text-align: Center} .tdb_single_content .td-a-ad img {margin-right: auto; margin-left: auto} .tdb_single_content .tdc-a-a-a-{margin-right: auto; margin-left: auto} .tdb_single_content .tdd<\/style>\n<div class=\"tdb-block-inner td-fix-index\">\n<p>Holenderskie Ministerstwo Obrony opublikowa\u0142o zdj\u0119cie F-35 stacjonuj\u0105ce w Polsce. Zwr\u00f3cono uwag\u0119 na niewielkie oznaczenie pomalowane na kad\u0142ubie samolotu, przedstawiaj\u0105ce zarys drona przypominaj\u0105cego rosyjskiego Shahed\/Geran UAV.<\/p>\n<p>W nocy w dniach 9-10 wrze\u015bnia Rosja przeprowadzi\u0142a wiele narusze\u0144 polskiej przestrzeni powietrznej za pomoc\u0105 dron\u00f3w. Lotnictwo polskie i sojusznicze zosta\u0142y rozmieszczone w celu zneutralizowania cz\u0119\u015bci cel\u00f3w.<\/p>\n<p>Minister obrony narodowej W\u0142adys\u0142aw Kosiniak-Kamisz poinformowa\u0142, \u017ce samoloty i helikoptery zosta\u0142y wspinane, w tym samoloty wczesne ostrzegawcze, holenderskie F-35S, polskie F-16, nasze \u015bmig\u0142owce Mi-24 i MI-17, a tak\u017ce czarne jastrz\u0119bie. <strong>\u201eSamolot zosta\u0142 zatankowany podczas operacji\u201d<\/strong> stwierdzi\u0142.<\/p>\n<p>Cztery holenderskie F-35 pomagaj\u0105 w ochronie nieba na wschodniej flance NATO od pocz\u0105tku wrze\u015bnia 2025 r.. Obowi\u0105zek patrolowy holenderskiej pilot\u00f3w potrwa do 1 grudnia 2025 r.<\/p>\n<h2 class=\"wp-block-heading\">Holender w Polsce<\/h2>\n<p>We wtorek holenderskie Ministerstwo Obrony opublikowa\u0142o raport z wizyty Ministra Obrony Kr\u00f3lestwa Holandii Ruben Brekelmans z holenderskimi pilotami w Polsce.<\/p>\n<p>Artyku\u0142 zauwa\u017cy\u0142, \u017ce w rozmowie z pilotami, minister <strong>\u201eNauczy\u0142em si\u0119 wi\u0119cej o zrzuceniu rosyjskich dron\u00f3w Shahed na pocz\u0105tku tego miesi\u0105ca\u201d.<\/strong><\/p>\n<figure class=\"wp-block-pullquote\">\n<blockquote>\n<p><strong>\u201eHolenderscy piloci byli ju\u017c kilkakrotnie obserwowani w akcji, w tym raz, gdy u\u017cywali broni do zestrzelenia rosyjskich dron\u00f3w\u201d, \u201d<\/strong> O\u015bwiadczenie m\u00f3wi\u0142o.<\/p>\n<\/blockquote>\n<\/figure>\n<p><strong>W wydaniu towarzyszy\u0142o zdj\u0119cie holenderskiego F-35.<\/strong><\/p>\n<p>Samolot z tymi samymi liczbami bocznymi mo\u017cna zobaczy\u0107 na innych zdj\u0119ciach z Polski, w tym te udost\u0119pnione przez 18. dywizji zmechanizowanej.<\/p>\n<p><iframe width=\"500\" height=\"250\" style=\"border:none;overflow:hidden\" scrolling=\"no\" frameborder=\"0\" allowfullscreen=\"true\" allow=\"autoplay; clipboard-write; encrypted-media; picture-in-picture; web-share\" data-src=\"https:\/\/www.facebook.com\/plugins\/post.php?href=https%3A%2F%2Fwww.facebook.com%2FZelaznaDywizja%2Fposts%2Fpfbid0xyNAc6AbMHh3teddVrdvZoNghJqgnodg6sc9qepdfaLL9f76YKhHqvVCYyrv2A23l&amp;show_text=true&amp;width=500\" class=\"lazyload\"><\/iframe><\/p>\n<p>Zauwa\u017cono, \u017ce na zdj\u0119ciu opublikowanym przez holenderskie Ministerstwo Obrony F-35 nosi\u0142o oznaczenie na swoim kad\u0142ubie wskazuj\u0105cym na zwalnianie drona, w kszta\u0142cie zarys rosyjskiego SHAHED\/GERAN.<\/p>\n<p>Ukrai\u0144skie media r\u00f3wnie\u017c zwr\u00f3ci\u0142y na to uwag\u0119:<\/p>\n<figure class=\"wp-block-embed is-type-rich is-provider-twitter wp-block-embed-twitter\">\n<div class=\"wp-block-embed__wrapper\">\n<blockquote class=\"twitter-tweet\" data-width=\"550\" data-dnt=\"true\">\n<p lang=\"uk\" dir=\"ltr\">\u041d\u0430 f-35\u0430 \u0432\u0441 \u043d\u0456\u0434\u0435\u0440\u043b\u0430\u043d\u0434\u0456 \u043d\u0430\u043c\u0430\u043b\u044e\u0432\u0430\u043b\u0438 \u0441\u0438\u043b\u0443\u0435\u0442 shahed, \u044f\u043a \u043f \u0437\u0431\u0438\u0442\u0443 \u0446\u0446\u043b\u0430 \u043d\u0430\u0434 \u043f\u043b\u043b\u0449\u0435\u044e. <\/p>\n<p>\u041e\u0434\u043d\u0430\u043a \u0442\u043e\u0434\u0456 \u00ab\u0448\u0430\u0445\u0435\u0434\u0438\u00bb \u043d\u0435 \u0437\u0430\u043b\u0456\u0430\u043b\u0438 \u0434\u043e \u043a\u0440\u043d\u0438 https:\/\/t.co\/0rdkzvlxmk<\/p>\n<p>&#8211; Hromadske (@hromadskeua) <a rel=\"nofollow\" href=\"https:\/\/twitter.com\/HromadskeUA\/status\/1973625240983855614?ref_src=twsrc%5Etfw\">2 pa\u017adziernika 2025 r<\/a><\/p><\/blockquote>\n<\/div>\n<\/figure>\n<\/div>\n<\/div>\n<p><script async src=\"https:\/\/platform.twitter.com\/widgets.js\" charset=\"utf-8\"><\/script><\/p>\n","protected":false},"excerpt":{"rendered":"<p>Holenderskie Ministerstwo Obrony opublikowa\u0142o zdj\u0119cie F-35 stacjonuj\u0105ce w Polsce. Zwr\u00f3cono uwag\u0119 na niewielkie oznaczenie pomalowane na kad\u0142ubie samolotu, przedstawiaj\u0105ce zarys<\/p>\n","protected":false},"author":1,"featured_media":8845,"comment_status":"open","ping_status":"open","sticky":false,"template":"","format":"standard","meta":{"footnotes":""},"categories":[4748],"tags":[8607,654,10383,10385,8466,8406,60,10384,6596,1386],"class_list":["post-8844","post","type-post","status-publish","format-standard","has-post-thumbnail","hentry","category-aktualne","tag-dniach","tag-f35","tag-holenderskiej","tag-memento","tag-nocy","tag-oznaczenie","tag-polsce","tag-stacjonujacej","tag-tajemnicze","tag-wrzesnia","generate-columns","tablet-grid-50","mobile-grid-100","grid-parent","grid-50","resize-featured-image"],"yoast_head":"<!-- This site is optimized with the Yoast SEO plugin v23.2 - https:\/\/yoast.com\/wordpress\/plugins\/seo\/ -->\n<title>Tajemnicze oznaczenie na holenderskiej F-35 stacjonuj\u0105cej w Polsce. \u201eMemento nocy w dniach 9-10 wrze\u015bnia\u201d - POGOTOWIE FLAGOWE\u00ae<\/title>\n<meta name=\"robots\" content=\"index, follow, max-snippet:-1, max-image-preview:large, max-video-preview:-1\" \/>\n<link rel=\"canonical\" href=\"https:\/\/www.pogotowieflagowe.pl\/aktualne\/tajemnicze-oznaczenie-na-holenderskiej-f-35-stacjonujacej-w-polsce-memento-nocy-w-dniach-9-10-wrzesnia\/\" \/>\n<meta property=\"og:locale\" content=\"pl_PL\" \/>\n<meta property=\"og:type\" content=\"article\" \/>\n<meta property=\"og:title\" content=\"Tajemnicze oznaczenie na holenderskiej F-35 stacjonuj\u0105cej w Polsce. \u201eMemento nocy w dniach 9-10 wrze\u015bnia\u201d - POGOTOWIE FLAGOWE\u00ae\" \/>\n<meta property=\"og:description\" content=\"Holenderskie Ministerstwo Obrony opublikowa\u0142o zdj\u0119cie F-35 stacjonuj\u0105ce w Polsce. Zwr\u00f3cono uwag\u0119 na niewielkie oznaczenie pomalowane na kad\u0142ubie samolotu, przedstawiaj\u0105ce zarys\" \/>\n<meta property=\"og:url\" content=\"https:\/\/www.pogotowieflagowe.pl\/aktualne\/tajemnicze-oznaczenie-na-holenderskiej-f-35-stacjonujacej-w-polsce-memento-nocy-w-dniach-9-10-wrzesnia\/\" \/>\n<meta property=\"og:site_name\" content=\"POGOTOWIE FLAGOWE\u00ae\" \/>\n<meta property=\"article:published_time\" content=\"2025-10-02T19:43:10+00:00\" \/>\n<meta property=\"article:modified_time\" content=\"2025-10-02T19:43:11+00:00\" \/>\n<meta property=\"og:image\" content=\"https:\/\/www.pogotowieflagowe.pl\/aktualne\/wp-content\/uploads\/2025\/10\/Tajemnicze-oznaczenie-na-holenderskiej-F-35-stacjonujacej-w-Polsce-\u201eMemento-nocy.jpg\" \/>\n\t<meta property=\"og:image:width\" content=\"1080\" \/>\n\t<meta property=\"og:image:height\" content=\"720\" \/>\n\t<meta property=\"og:image:type\" content=\"image\/jpeg\" \/>\n<meta name=\"author\" content=\"Filip\" \/>\n<meta name=\"twitter:card\" content=\"summary_large_image\" \/>\n<meta name=\"twitter:label1\" content=\"Napisane przez\" \/>\n\t<meta name=\"twitter:data1\" content=\"Filip\" \/>\n\t<meta name=\"twitter:label2\" content=\"Szacowany czas czytania\" \/>\n\t<meta name=\"twitter:data2\" content=\"1 minuta\" \/>\n<script type=\"application\/ld+json\" class=\"yoast-schema-graph\">{\"@context\":\"https:\/\/schema.org\",\"@graph\":[{\"@type\":\"Article\",\"@id\":\"https:\/\/www.pogotowieflagowe.pl\/aktualne\/tajemnicze-oznaczenie-na-holenderskiej-f-35-stacjonujacej-w-polsce-memento-nocy-w-dniach-9-10-wrzesnia\/#article\",\"isPartOf\":{\"@id\":\"https:\/\/www.pogotowieflagowe.pl\/aktualne\/tajemnicze-oznaczenie-na-holenderskiej-f-35-stacjonujacej-w-polsce-memento-nocy-w-dniach-9-10-wrzesnia\/\"},\"author\":{\"name\":\"Filip\",\"@id\":\"https:\/\/www.pogotowieflagowe.pl\/aktualne\/#\/schema\/person\/9c2fb7d2362ebf6fa088960d7f0d27b0\"},\"headline\":\"Tajemnicze oznaczenie na holenderskiej F-35 stacjonuj\u0105cej w Polsce. \u201eMemento nocy w dniach 9-10 wrze\u015bnia\u201d\",\"datePublished\":\"2025-10-02T19:43:10+00:00\",\"dateModified\":\"2025-10-02T19:43:11+00:00\",\"mainEntityOfPage\":{\"@id\":\"https:\/\/www.pogotowieflagowe.pl\/aktualne\/tajemnicze-oznaczenie-na-holenderskiej-f-35-stacjonujacej-w-polsce-memento-nocy-w-dniach-9-10-wrzesnia\/\"},\"wordCount\":346,\"commentCount\":0,\"publisher\":{\"@id\":\"https:\/\/www.pogotowieflagowe.pl\/aktualne\/#organization\"},\"image\":{\"@id\":\"https:\/\/www.pogotowieflagowe.pl\/aktualne\/tajemnicze-oznaczenie-na-holenderskiej-f-35-stacjonujacej-w-polsce-memento-nocy-w-dniach-9-10-wrzesnia\/#primaryimage\"},\"thumbnailUrl\":\"https:\/\/www.pogotowieflagowe.pl\/aktualne\/wp-content\/uploads\/2025\/10\/Tajemnicze-oznaczenie-na-holenderskiej-F-35-stacjonujacej-w-Polsce-\u201eMemento-nocy.jpg\",\"keywords\":[\"dniach\",\"F35\",\"holenderskiej\",\"Memento\",\"nocy\",\"Oznaczenie\",\"Polsce\",\"stacjonuj\u0105cej\",\"Tajemnicze\",\"wrze\u015bnia\"],\"articleSection\":[\"Aktualne\"],\"inLanguage\":\"pl-PL\",\"potentialAction\":[{\"@type\":\"CommentAction\",\"name\":\"Comment\",\"target\":[\"https:\/\/www.pogotowieflagowe.pl\/aktualne\/tajemnicze-oznaczenie-na-holenderskiej-f-35-stacjonujacej-w-polsce-memento-nocy-w-dniach-9-10-wrzesnia\/#respond\"]}]},{\"@type\":\"WebPage\",\"@id\":\"https:\/\/www.pogotowieflagowe.pl\/aktualne\/tajemnicze-oznaczenie-na-holenderskiej-f-35-stacjonujacej-w-polsce-memento-nocy-w-dniach-9-10-wrzesnia\/\",\"url\":\"https:\/\/www.pogotowieflagowe.pl\/aktualne\/tajemnicze-oznaczenie-na-holenderskiej-f-35-stacjonujacej-w-polsce-memento-nocy-w-dniach-9-10-wrzesnia\/\",\"name\":\"Tajemnicze oznaczenie na holenderskiej F-35 stacjonuj\u0105cej w Polsce. \u201eMemento nocy w dniach 9-10 wrze\u015bnia\u201d - POGOTOWIE FLAGOWE\u00ae\",\"isPartOf\":{\"@id\":\"https:\/\/www.pogotowieflagowe.pl\/aktualne\/#website\"},\"primaryImageOfPage\":{\"@id\":\"https:\/\/www.pogotowieflagowe.pl\/aktualne\/tajemnicze-oznaczenie-na-holenderskiej-f-35-stacjonujacej-w-polsce-memento-nocy-w-dniach-9-10-wrzesnia\/#primaryimage\"},\"image\":{\"@id\":\"https:\/\/www.pogotowieflagowe.pl\/aktualne\/tajemnicze-oznaczenie-na-holenderskiej-f-35-stacjonujacej-w-polsce-memento-nocy-w-dniach-9-10-wrzesnia\/#primaryimage\"},\"thumbnailUrl\":\"https:\/\/www.pogotowieflagowe.pl\/aktualne\/wp-content\/uploads\/2025\/10\/Tajemnicze-oznaczenie-na-holenderskiej-F-35-stacjonujacej-w-Polsce-\u201eMemento-nocy.jpg\",\"datePublished\":\"2025-10-02T19:43:10+00:00\",\"dateModified\":\"2025-10-02T19:43:11+00:00\",\"breadcrumb\":{\"@id\":\"https:\/\/www.pogotowieflagowe.pl\/aktualne\/tajemnicze-oznaczenie-na-holenderskiej-f-35-stacjonujacej-w-polsce-memento-nocy-w-dniach-9-10-wrzesnia\/#breadcrumb\"},\"inLanguage\":\"pl-PL\",\"potentialAction\":[{\"@type\":\"ReadAction\",\"target\":[\"https:\/\/www.pogotowieflagowe.pl\/aktualne\/tajemnicze-oznaczenie-na-holenderskiej-f-35-stacjonujacej-w-polsce-memento-nocy-w-dniach-9-10-wrzesnia\/\"]}]},{\"@type\":\"ImageObject\",\"inLanguage\":\"pl-PL\",\"@id\":\"https:\/\/www.pogotowieflagowe.pl\/aktualne\/tajemnicze-oznaczenie-na-holenderskiej-f-35-stacjonujacej-w-polsce-memento-nocy-w-dniach-9-10-wrzesnia\/#primaryimage\",\"url\":\"https:\/\/www.pogotowieflagowe.pl\/aktualne\/wp-content\/uploads\/2025\/10\/Tajemnicze-oznaczenie-na-holenderskiej-F-35-stacjonujacej-w-Polsce-\u201eMemento-nocy.jpg\",\"contentUrl\":\"https:\/\/www.pogotowieflagowe.pl\/aktualne\/wp-content\/uploads\/2025\/10\/Tajemnicze-oznaczenie-na-holenderskiej-F-35-stacjonujacej-w-Polsce-\u201eMemento-nocy.jpg\",\"width\":1080,\"height\":720,\"caption\":\"Tajemnicze oznaczenie na holenderskiej F-35 stacjonuj\u0105cej w Polsce. \u201eMemento nocy w dniach 9-10 wrze\u015bnia\u201d\"},{\"@type\":\"BreadcrumbList\",\"@id\":\"https:\/\/www.pogotowieflagowe.pl\/aktualne\/tajemnicze-oznaczenie-na-holenderskiej-f-35-stacjonujacej-w-polsce-memento-nocy-w-dniach-9-10-wrzesnia\/#breadcrumb\",\"itemListElement\":[{\"@type\":\"ListItem\",\"position\":1,\"name\":\"Home\",\"item\":\"https:\/\/www.pogotowieflagowe.pl\/aktualne\/\"},{\"@type\":\"ListItem\",\"position\":2,\"name\":\"Tajemnicze oznaczenie na holenderskiej F-35 stacjonuj\u0105cej w Polsce. \u201eMemento nocy w dniach 9-10 wrze\u015bnia\u201d\"}]},{\"@type\":\"WebSite\",\"@id\":\"https:\/\/www.pogotowieflagowe.pl\/aktualne\/#website\",\"url\":\"https:\/\/www.pogotowieflagowe.pl\/aktualne\/\",\"name\":\"POGOTOWIE FLAGOWE\u00ae\",\"description\":\"\",\"publisher\":{\"@id\":\"https:\/\/www.pogotowieflagowe.pl\/aktualne\/#organization\"},\"potentialAction\":[{\"@type\":\"SearchAction\",\"target\":{\"@type\":\"EntryPoint\",\"urlTemplate\":\"https:\/\/www.pogotowieflagowe.pl\/aktualne\/?s={search_term_string}\"},\"query-input\":\"required name=search_term_string\"}],\"inLanguage\":\"pl-PL\"},{\"@type\":\"Organization\",\"@id\":\"https:\/\/www.pogotowieflagowe.pl\/aktualne\/#organization\",\"name\":\"POGOTOWIE FLAGOWE\u00ae\",\"url\":\"https:\/\/www.pogotowieflagowe.pl\/aktualne\/\",\"logo\":{\"@type\":\"ImageObject\",\"inLanguage\":\"pl-PL\",\"@id\":\"https:\/\/www.pogotowieflagowe.pl\/aktualne\/#\/schema\/logo\/image\/\",\"url\":\"https:\/\/www.pogotowieflagowe.pl\/aktualne\/wp-content\/uploads\/2024\/08\/cropped-pogotowieflagowe_flaga_projekt_sm.jpg\",\"contentUrl\":\"https:\/\/www.pogotowieflagowe.pl\/aktualne\/wp-content\/uploads\/2024\/08\/cropped-pogotowieflagowe_flaga_projekt_sm.jpg\",\"width\":250,\"height\":143,\"caption\":\"POGOTOWIE FLAGOWE\u00ae\"},\"image\":{\"@id\":\"https:\/\/www.pogotowieflagowe.pl\/aktualne\/#\/schema\/logo\/image\/\"}},{\"@type\":\"Person\",\"@id\":\"https:\/\/www.pogotowieflagowe.pl\/aktualne\/#\/schema\/person\/9c2fb7d2362ebf6fa088960d7f0d27b0\",\"name\":\"Filip\",\"image\":{\"@type\":\"ImageObject\",\"inLanguage\":\"pl-PL\",\"@id\":\"https:\/\/www.pogotowieflagowe.pl\/aktualne\/#\/schema\/person\/image\/\",\"url\":\"https:\/\/www.pogotowieflagowe.pl\/aktualne\/wp-content\/uploads\/2024\/08\/pogotowieflagowe.pl_.jpg\",\"contentUrl\":\"https:\/\/www.pogotowieflagowe.pl\/aktualne\/wp-content\/uploads\/2024\/08\/pogotowieflagowe.pl_.jpg\",\"caption\":\"Filip\"},\"description\":\"Jestem Filip, polski dziennikarz z dyplomem nauk politycznych Uniwersytetu Warszawskiego. Rozpoczynaj\u0105c swoj\u0105 karier\u0119 w r\u00f3\u017cnych lokalnych mediach, zdoby\u0142em solidne do\u015bwiadczenie w zakresie \u015bledztwa i redakcji. Obecnie jako redaktor w Pogotowie flagowe, staram si\u0119 dostarcza\u0107 dog\u0142\u0119bne i istotne analizy na temat najwa\u017cniejszych kwestii aktualno\u015bci, \u0142\u0105cz\u0105c rygor z pasj\u0105 dziennikarsk\u0105.\",\"sameAs\":[\"https:\/\/www.pogotowieflagowe.pl\/\"]}]}<\/script>\n<!-- \/ Yoast SEO plugin. -->","yoast_head_json":{"title":"Tajemnicze oznaczenie na holenderskiej F-35 stacjonuj\u0105cej w Polsce. \u201eMemento nocy w dniach 9-10 wrze\u015bnia\u201d - POGOTOWIE FLAGOWE\u00ae","robots":{"index":"index","follow":"follow","max-snippet":"max-snippet:-1","max-image-preview":"max-image-preview:large","max-video-preview":"max-video-preview:-1"},"canonical":"https:\/\/www.pogotowieflagowe.pl\/aktualne\/tajemnicze-oznaczenie-na-holenderskiej-f-35-stacjonujacej-w-polsce-memento-nocy-w-dniach-9-10-wrzesnia\/","og_locale":"pl_PL","og_type":"article","og_title":"Tajemnicze oznaczenie na holenderskiej F-35 stacjonuj\u0105cej w Polsce. \u201eMemento nocy w dniach 9-10 wrze\u015bnia\u201d - POGOTOWIE FLAGOWE\u00ae","og_description":"Holenderskie Ministerstwo Obrony opublikowa\u0142o zdj\u0119cie F-35 stacjonuj\u0105ce w Polsce. Zwr\u00f3cono uwag\u0119 na niewielkie oznaczenie pomalowane na kad\u0142ubie samolotu, przedstawiaj\u0105ce zarys","og_url":"https:\/\/www.pogotowieflagowe.pl\/aktualne\/tajemnicze-oznaczenie-na-holenderskiej-f-35-stacjonujacej-w-polsce-memento-nocy-w-dniach-9-10-wrzesnia\/","og_site_name":"POGOTOWIE FLAGOWE\u00ae","article_published_time":"2025-10-02T19:43:10+00:00","article_modified_time":"2025-10-02T19:43:11+00:00","og_image":[{"width":1080,"height":720,"url":"https:\/\/www.pogotowieflagowe.pl\/aktualne\/wp-content\/uploads\/2025\/10\/Tajemnicze-oznaczenie-na-holenderskiej-F-35-stacjonujacej-w-Polsce-\u201eMemento-nocy.jpg","type":"image\/jpeg"}],"author":"Filip","twitter_card":"summary_large_image","twitter_misc":{"Napisane przez":"Filip","Szacowany czas czytania":"1 minuta"},"schema":{"@context":"https:\/\/schema.org","@graph":[{"@type":"Article","@id":"https:\/\/www.pogotowieflagowe.pl\/aktualne\/tajemnicze-oznaczenie-na-holenderskiej-f-35-stacjonujacej-w-polsce-memento-nocy-w-dniach-9-10-wrzesnia\/#article","isPartOf":{"@id":"https:\/\/www.pogotowieflagowe.pl\/aktualne\/tajemnicze-oznaczenie-na-holenderskiej-f-35-stacjonujacej-w-polsce-memento-nocy-w-dniach-9-10-wrzesnia\/"},"author":{"name":"Filip","@id":"https:\/\/www.pogotowieflagowe.pl\/aktualne\/#\/schema\/person\/9c2fb7d2362ebf6fa088960d7f0d27b0"},"headline":"Tajemnicze oznaczenie na holenderskiej F-35 stacjonuj\u0105cej w Polsce. \u201eMemento nocy w dniach 9-10 wrze\u015bnia\u201d","datePublished":"2025-10-02T19:43:10+00:00","dateModified":"2025-10-02T19:43:11+00:00","mainEntityOfPage":{"@id":"https:\/\/www.pogotowieflagowe.pl\/aktualne\/tajemnicze-oznaczenie-na-holenderskiej-f-35-stacjonujacej-w-polsce-memento-nocy-w-dniach-9-10-wrzesnia\/"},"wordCount":346,"commentCount":0,"publisher":{"@id":"https:\/\/www.pogotowieflagowe.pl\/aktualne\/#organization"},"image":{"@id":"https:\/\/www.pogotowieflagowe.pl\/aktualne\/tajemnicze-oznaczenie-na-holenderskiej-f-35-stacjonujacej-w-polsce-memento-nocy-w-dniach-9-10-wrzesnia\/#primaryimage"},"thumbnailUrl":"https:\/\/www.pogotowieflagowe.pl\/aktualne\/wp-content\/uploads\/2025\/10\/Tajemnicze-oznaczenie-na-holenderskiej-F-35-stacjonujacej-w-Polsce-\u201eMemento-nocy.jpg","keywords":["dniach","F35","holenderskiej","Memento","nocy","Oznaczenie","Polsce","stacjonuj\u0105cej","Tajemnicze","wrze\u015bnia"],"articleSection":["Aktualne"],"inLanguage":"pl-PL","potentialAction":[{"@type":"CommentAction","name":"Comment","target":["https:\/\/www.pogotowieflagowe.pl\/aktualne\/tajemnicze-oznaczenie-na-holenderskiej-f-35-stacjonujacej-w-polsce-memento-nocy-w-dniach-9-10-wrzesnia\/#respond"]}]},{"@type":"WebPage","@id":"https:\/\/www.pogotowieflagowe.pl\/aktualne\/tajemnicze-oznaczenie-na-holenderskiej-f-35-stacjonujacej-w-polsce-memento-nocy-w-dniach-9-10-wrzesnia\/","url":"https:\/\/www.pogotowieflagowe.pl\/aktualne\/tajemnicze-oznaczenie-na-holenderskiej-f-35-stacjonujacej-w-polsce-memento-nocy-w-dniach-9-10-wrzesnia\/","name":"Tajemnicze oznaczenie na holenderskiej F-35 stacjonuj\u0105cej w Polsce. \u201eMemento nocy w dniach 9-10 wrze\u015bnia\u201d - POGOTOWIE FLAGOWE\u00ae","isPartOf":{"@id":"https:\/\/www.pogotowieflagowe.pl\/aktualne\/#website"},"primaryImageOfPage":{"@id":"https:\/\/www.pogotowieflagowe.pl\/aktualne\/tajemnicze-oznaczenie-na-holenderskiej-f-35-stacjonujacej-w-polsce-memento-nocy-w-dniach-9-10-wrzesnia\/#primaryimage"},"image":{"@id":"https:\/\/www.pogotowieflagowe.pl\/aktualne\/tajemnicze-oznaczenie-na-holenderskiej-f-35-stacjonujacej-w-polsce-memento-nocy-w-dniach-9-10-wrzesnia\/#primaryimage"},"thumbnailUrl":"https:\/\/www.pogotowieflagowe.pl\/aktualne\/wp-content\/uploads\/2025\/10\/Tajemnicze-oznaczenie-na-holenderskiej-F-35-stacjonujacej-w-Polsce-\u201eMemento-nocy.jpg","datePublished":"2025-10-02T19:43:10+00:00","dateModified":"2025-10-02T19:43:11+00:00","breadcrumb":{"@id":"https:\/\/www.pogotowieflagowe.pl\/aktualne\/tajemnicze-oznaczenie-na-holenderskiej-f-35-stacjonujacej-w-polsce-memento-nocy-w-dniach-9-10-wrzesnia\/#breadcrumb"},"inLanguage":"pl-PL","potentialAction":[{"@type":"ReadAction","target":["https:\/\/www.pogotowieflagowe.pl\/aktualne\/tajemnicze-oznaczenie-na-holenderskiej-f-35-stacjonujacej-w-polsce-memento-nocy-w-dniach-9-10-wrzesnia\/"]}]},{"@type":"ImageObject","inLanguage":"pl-PL","@id":"https:\/\/www.pogotowieflagowe.pl\/aktualne\/tajemnicze-oznaczenie-na-holenderskiej-f-35-stacjonujacej-w-polsce-memento-nocy-w-dniach-9-10-wrzesnia\/#primaryimage","url":"https:\/\/www.pogotowieflagowe.pl\/aktualne\/wp-content\/uploads\/2025\/10\/Tajemnicze-oznaczenie-na-holenderskiej-F-35-stacjonujacej-w-Polsce-\u201eMemento-nocy.jpg","contentUrl":"https:\/\/www.pogotowieflagowe.pl\/aktualne\/wp-content\/uploads\/2025\/10\/Tajemnicze-oznaczenie-na-holenderskiej-F-35-stacjonujacej-w-Polsce-\u201eMemento-nocy.jpg","width":1080,"height":720,"caption":"Tajemnicze oznaczenie na holenderskiej F-35 stacjonuj\u0105cej w Polsce. \u201eMemento nocy w dniach 9-10 wrze\u015bnia\u201d"},{"@type":"BreadcrumbList","@id":"https:\/\/www.pogotowieflagowe.pl\/aktualne\/tajemnicze-oznaczenie-na-holenderskiej-f-35-stacjonujacej-w-polsce-memento-nocy-w-dniach-9-10-wrzesnia\/#breadcrumb","itemListElement":[{"@type":"ListItem","position":1,"name":"Home","item":"https:\/\/www.pogotowieflagowe.pl\/aktualne\/"},{"@type":"ListItem","position":2,"name":"Tajemnicze oznaczenie na holenderskiej F-35 stacjonuj\u0105cej w Polsce. \u201eMemento nocy w dniach 9-10 wrze\u015bnia\u201d"}]},{"@type":"WebSite","@id":"https:\/\/www.pogotowieflagowe.pl\/aktualne\/#website","url":"https:\/\/www.pogotowieflagowe.pl\/aktualne\/","name":"POGOTOWIE FLAGOWE\u00ae","description":"","publisher":{"@id":"https:\/\/www.pogotowieflagowe.pl\/aktualne\/#organization"},"potentialAction":[{"@type":"SearchAction","target":{"@type":"EntryPoint","urlTemplate":"https:\/\/www.pogotowieflagowe.pl\/aktualne\/?s={search_term_string}"},"query-input":"required name=search_term_string"}],"inLanguage":"pl-PL"},{"@type":"Organization","@id":"https:\/\/www.pogotowieflagowe.pl\/aktualne\/#organization","name":"POGOTOWIE FLAGOWE\u00ae","url":"https:\/\/www.pogotowieflagowe.pl\/aktualne\/","logo":{"@type":"ImageObject","inLanguage":"pl-PL","@id":"https:\/\/www.pogotowieflagowe.pl\/aktualne\/#\/schema\/logo\/image\/","url":"https:\/\/www.pogotowieflagowe.pl\/aktualne\/wp-content\/uploads\/2024\/08\/cropped-pogotowieflagowe_flaga_projekt_sm.jpg","contentUrl":"https:\/\/www.pogotowieflagowe.pl\/aktualne\/wp-content\/uploads\/2024\/08\/cropped-pogotowieflagowe_flaga_projekt_sm.jpg","width":250,"height":143,"caption":"POGOTOWIE FLAGOWE\u00ae"},"image":{"@id":"https:\/\/www.pogotowieflagowe.pl\/aktualne\/#\/schema\/logo\/image\/"}},{"@type":"Person","@id":"https:\/\/www.pogotowieflagowe.pl\/aktualne\/#\/schema\/person\/9c2fb7d2362ebf6fa088960d7f0d27b0","name":"Filip","image":{"@type":"ImageObject","inLanguage":"pl-PL","@id":"https:\/\/www.pogotowieflagowe.pl\/aktualne\/#\/schema\/person\/image\/","url":"https:\/\/www.pogotowieflagowe.pl\/aktualne\/wp-content\/uploads\/2024\/08\/pogotowieflagowe.pl_.jpg","contentUrl":"https:\/\/www.pogotowieflagowe.pl\/aktualne\/wp-content\/uploads\/2024\/08\/pogotowieflagowe.pl_.jpg","caption":"Filip"},"description":"Jestem Filip, polski dziennikarz z dyplomem nauk politycznych Uniwersytetu Warszawskiego. Rozpoczynaj\u0105c swoj\u0105 karier\u0119 w r\u00f3\u017cnych lokalnych mediach, zdoby\u0142em solidne do\u015bwiadczenie w zakresie \u015bledztwa i redakcji. Obecnie jako redaktor w Pogotowie flagowe, staram si\u0119 dostarcza\u0107 dog\u0142\u0119bne i istotne analizy na temat najwa\u017cniejszych kwestii aktualno\u015bci, \u0142\u0105cz\u0105c rygor z pasj\u0105 dziennikarsk\u0105.","sameAs":["https:\/\/www.pogotowieflagowe.pl\/"]}]}},"_links":{"self":[{"href":"https:\/\/www.pogotowieflagowe.pl\/aktualne\/wp-json\/wp\/v2\/posts\/8844","targetHints":{"allow":["GET"]}}],"collection":[{"href":"https:\/\/www.pogotowieflagowe.pl\/aktualne\/wp-json\/wp\/v2\/posts"}],"about":[{"href":"https:\/\/www.pogotowieflagowe.pl\/aktualne\/wp-json\/wp\/v2\/types\/post"}],"author":[{"embeddable":true,"href":"https:\/\/www.pogotowieflagowe.pl\/aktualne\/wp-json\/wp\/v2\/users\/1"}],"replies":[{"embeddable":true,"href":"https:\/\/www.pogotowieflagowe.pl\/aktualne\/wp-json\/wp\/v2\/comments?post=8844"}],"version-history":[{"count":1,"href":"https:\/\/www.pogotowieflagowe.pl\/aktualne\/wp-json\/wp\/v2\/posts\/8844\/revisions"}],"predecessor-version":[{"id":8846,"href":"https:\/\/www.pogotowieflagowe.pl\/aktualne\/wp-json\/wp\/v2\/posts\/8844\/revisions\/8846"}],"wp:featuredmedia":[{"embeddable":true,"href":"https:\/\/www.pogotowieflagowe.pl\/aktualne\/wp-json\/wp\/v2\/media\/8845"}],"wp:attachment":[{"href":"https:\/\/www.pogotowieflagowe.pl\/aktualne\/wp-json\/wp\/v2\/media?parent=8844"}],"wp:term":[{"taxonomy":"category","embeddable":true,"href":"https:\/\/www.pogotowieflagowe.pl\/aktualne\/wp-json\/wp\/v2\/categories?post=8844"},{"taxonomy":"post_tag","embeddable":true,"href":"https:\/\/www.pogotowieflagowe.pl\/aktualne\/wp-json\/wp\/v2\/tags?post=8844"}],"curies":[{"name":"wp","href":"https:\/\/api.w.org\/{rel}","templated":true}]}}