{"id":8856,"date":"2025-10-03T11:04:30","date_gmt":"2025-10-03T09:04:30","guid":{"rendered":"https:\/\/www.pogotowieflagowe.pl\/aktualne\/w-obronie-sily-prezydent-karol-nawrocki-o-pokoju-poprzez-gotowosc\/"},"modified":"2025-10-03T11:04:32","modified_gmt":"2025-10-03T09:04:32","slug":"w-obronie-sily-prezydent-karol-nawrocki-o-pokoju-poprzez-gotowosc","status":"publish","type":"post","link":"https:\/\/www.pogotowieflagowe.pl\/aktualne\/w-obronie-sily-prezydent-karol-nawrocki-o-pokoju-poprzez-gotowosc\/","title":{"rendered":"W obronie si\u0142y: prezydent Karol Nawrocki o pokoju poprzez gotowo\u015b\u0107"},"content":{"rendered":"\n<div class=\"td_block_wrap tdb_single_content tdi_41 td-pb-border-top td_block_template_8 td-post-content tagdiv-type\" data-td-block-uid=\"tdi_41\">\n<style>.tdi_41 {margin-top: 0px! Wa\u017cne; margines-bottom: 0px! WA\u017bNY; PALDING-TOP: 0PX! WA\u017bNY; PALDING-BOTTOM: 0PX! WA\u017bNE}<\/style>\n<style>.tdb_single_content {margin-bottom: 0;*zoom: 1} .tdb_single_content: wcze\u015bniej, .tdb_single_content: po {display: Table; content: ''; line-height: 0} .TDB-BLOCK-INner>*: nie (.WP-BLOCK-QUOTE): not (.alignSwide): not (.Alignfull.wp-block-cover.has-parallax): not (.td-a-ad) {margin-left: auto; margin-right: auto} .tdb_single_ConTent a {wska\u017anik-events: auto} .tdb_single_content .td-spot-id-top_ad .tdc-placeholder-title: przed {content: \u201eArtyku\u0142 top ad\u201d! Wa\u017cne} .tdb_single_content .td-Spot-Id-inline_ad0 .tdc-placeholder-title 1 '! Wa\u017cne} .tdb_single_content .td-Spot-Id-inline_Ad1 .tdc-Placeholder-Title: przed {content: \u201eArtyku\u0142 inline AD 2'! Wa\u017cny} .tdb_single_content. 3 '! Wa\u017cne} .tdb_single_content .td-Spot-Id-Bottom_Ad .tdc-Placeholder-Title: przed {content: \u201eArtyku\u0142 Bottom Ad\u201d! Wa\u017cne} .tdb_single_content .id_top_ad, .tdb_single_content_content .id_bottom_ad {clear: oba; margin-bottom: 21px; text-align: Center} .tdb_single_content .id_top_ad img, .tdb_single_content .id_bottom_ad img {margin-bottom: 0} .tdb_single_conTent .id_top_ad .adsbyGoogle, .tdb_single_content .id_bottom_ad .adsbyGoogle {pozycja: relatyw} .tdb_single_content .id_ad_content-horiz-left, .tdb_single_content .id_ad_content-horiz-right, .tdb_single_content .id_ad_content-horiz-Center {margin-bottom: 15px} .tdb_single_content .id_ad_content-horiz-left Img, .tdb_single_content .id_ad_content-horiz-right img, .tdb_single_content .id_ad_content-horiz-centerter img {margin-bottom: 0} .tdb_single_content .id_ad_content-horiz-center {text-align: Center} .tdb_single_content .id_ad_content-horiz-center img {margin-right: auto; margin-let: auto} .tdb_single_content .id_ad_content-horiz-left {float: left; margin-top: 9px; margin-right: 21px} .tdb_single_content .id_ad_content-horiz-right {float: margin-top: 6px; margin-left: 21px} .tdb_single_content .tdc-a-a-ad .TDC-Placeholder-Title {szeroko\u015b\u0107: 300px; height: 250px} .tdb_single_content .tdc-a-ad .TDC-Placeholder-Title: Przed {Pozycja: Absolute; TOP: 50%;-WebKit-Transform: Translatey (-50%); Transform: Translatey (-50%); margines: auto; Display: Tabela; szeroko\u015b\u0107: 100%}. tdb_single_content .TDB-BLOCK-INNER.TD-FIX-INDEX {Word-Break: Break-word} .tdi_41, .tdi_41> p, .tdi_41 .tdb-block-inner> p, .Wp-Block-Column> p {font-size: 16px! Wa\u017cne; wa\u017cny; p {font-styl: normalne! Wa\u017cne} @media (Max-Width: 767px) {. tdb_single_content .id_ad_content-horiz-left, .tdb_single_content .id_ad_content-horiz-right, .tdb_single_content .id_ad_content-horiz-centter {Margin: 0 AUTO 26PXX auto}}@media (Max-Width: 767px) {. tdb_single_content .id_ad_content-horiz-left {margin-right: 0}}@media (max-width: 767px) {. (Max-Width: 767px) {. tdb_single_content .td-a-ad {float: none; text-align: Center} .tdb_single_content .td-a-ad img {margin-right: auto; margin-left: auto} .tdb_single_content .tdc-a-a-a-{margin-right: auto; margin-left: auto} .tdb_single_content .tdd<\/style>\n<div class=\"tdb-block-inner td-fix-index\">\n<p>Prezydent Polski przekaza\u0142 jasne, jednoznaczne przes\u0142anie we wtorek: najlepsz\u0105 gwarancj\u0105 pokoju jest gotowo\u015b\u0107 do wojny. W szeroko zakrojonym wywiadzie opublikowanym na stronie internetowej prezydenckiej i transmisji w Radio Zet, Karol Nawrocki argumentowa\u0142, \u017ce solidna, dobrze wyposa\u017cona wojska-finansowana na 5% PKB, zmodernizowana z najlepszymi systemami oferowanymi przez rynku i rosn\u0105c\u0105 si\u0142y roboczej-nie jest aktem prowokacji, lecz rozwa\u017cn\u0105 ubezpieczeniem dla narodu. <\/p>\n<h2 class=\"wp-block-heading\">Si\u0142a poprzez czujno\u015b\u0107: Nawrocki na temat zagro\u017ce\u0144 dron\u00f3w, strategii obronnej i priorytet\u00f3w sojuszu<\/h2>\n<p>Zajmuj\u0105c si\u0119 rosn\u0105cymi obawami dotycz\u0105cymi wtargni\u0119\u0107 i aktywno\u015bci dron\u00f3w w przestrzeni powietrznej Ba\u0142tyckiej i NATO, Nawrocki przekaza\u0142 mierzon\u0105 czujno\u015b\u0107, a nie panik\u0119. Powiedzia\u0142, \u017ce on i jego zesp\u00f3\u0142 w Biurze Bezpiecze\u0144stwa Narodowego \u015bci\u015ble monitoruj\u0105 to, co nazwa\u0142 niepokoj\u0105cymi wydarzeniami, od \u201eflot cienia\u201d po u\u017cycie statk\u00f3w do uruchamiania operacji dron\u00f3w, i oczekuj\u0105 na analiz\u0119 wojska przed podj\u0119ciem formalnych decyzji dotycz\u0105cych drastycznych krok\u00f3w, takich jak zamykanie przestrzeni powietrznej Ba\u0142tycznej. Jego podej\u015bcie \u0142\u0105czy ostro\u017cno\u015b\u0107 z szacunkiem dla profesjonalnych porad wojskowych. <\/p>\n<p>Kiedy rozmowa zwr\u00f3ci\u0142a si\u0119 do wydarze\u0144 z 10 wrze\u015bnia, kiedy rosyjskie drony naruszy\u0142y polsk\u0105 przestrze\u0144 powietrzn\u0105, prezydent stanowi\u0142 stanowcze pochwa\u0142\u0119 dla \u017co\u0142nierzy polskich i alianckich. Opisa\u0142 ich odpowied\u017a jako moment historyczny i lekcj\u0119: Polska musi inwestowa\u0107 w systemy i narz\u0119dzia przeciwdzia\u0142aj\u0105ce dronowi specjalnie dostosowane do wojny hybrydowej. W przypadku Nawrockiego odcinek potwierdzi\u0142, \u017ce inwestycja w si\u0142y zbrojne bezpo\u015brednio przek\u0142adaj\u0105 si\u0119 na odstraszanie i bezpiecze\u0144stwo publiczne. <\/p>\n<p>Na temat nowej strategii bezpiecze\u0144stwa narodowego Nawrocki wyda\u0142 konstruktywny, ale uczciwy ton. Podczas gdy z zadowoleniem przyj\u0105\u0142 szerokie cele dokumentu &#8211; niezale\u017cno\u015b\u0107, integralno\u015b\u0107 terytorialn\u0105 i wzmacniaj\u0105c si\u0142y zbrojne &#8211; wyra\u017anie stwierdzi\u0142, \u017ce niekt\u00f3re elementy odchylaj\u0105 si\u0119 od platformy, kt\u00f3r\u0105 przeni\u00f3s\u0142 na urz\u0105d. Argumentowa\u0142 za aktualizacjami odzwierciedlaj\u0105cymi rzeczywisto\u015b\u0107 z 2025 r. I za postaw\u0119 bezpiecze\u0144stwa, kt\u00f3ra uznaje centralno\u015b\u0107 sojuszu transatlantyckiego, jednocze\u015bnie buduj\u0105c odpowiedzialn\u0105 wsp\u00f3\u0142prac\u0119 europejsk\u0105. Jest to postawa szefa pa\u0144stwa, kt\u00f3ry szuka zar\u00f3wno krajowej agencji, jak i wiarygodnych partnerstw.  <\/p>\n<h2 class=\"wp-block-heading\">R\u00f3wne prawa, silniejsza to\u017csamo\u015b\u0107: Nawrocki w sprawie obywatelstwa, prawa i odpowiedzialno\u015bci historycznej<\/h2>\n<p>Prezydent wyja\u015bni\u0142 r\u00f3wnie\u017c sw\u00f3j niedawny podpis zmieni\u0142 si\u0119 prawo rz\u0105du na temat pomocy obywatelom Ukrai\u0144skiego. Nawrocki sformu\u0142owa\u0142 t\u0119 decyzj\u0119 jako podj\u0119ta w interesie porz\u0105dku spo\u0142ecznego i praktycznego zarz\u0105dzania, przeprowadzenie zapobiegania chaosie administracyjnym w polskich biurach i rozpocz\u0119cia dostosowania tymczasowych preferencyjnych ustale\u0144 wobec parzysto\u015bci z innymi obcokrajowcami, kt\u00f3rzy mieszkaj\u0105 i pracuj\u0105 w Polsce. Podkre\u015bli\u0142, \u017ce przysz\u0142e kroki powinny d\u0105\u017cy\u0107 do r\u00f3wnego traktowania zgodnie z prawem, a nie na wiecznym wyj\u0105tkiem.<\/p>\n<p>Wreszcie, Nawrocki poruszy\u0142 dwa projekty ustawodawcze, kt\u00f3re przekaza\u0142 parlamentowi: propozycj\u0119 przed\u0142u\u017cenia okresu pobytu wymaganego do naturalizacji, a drugi do zaostrzenia kar przeciwko publicznej propagacji symboli i ideologii po\u0142\u0105czonych bandera. Przedstawi\u0142 te \u015brodki jako zakorzenione w s\u0142u\u017cbie &#8211; w celu ochrony kulturowej i historycznej ci\u0105g\u0142o\u015bci obywatelstwa polskiego oraz odrzucenie ideologii, kt\u00f3re, jak jego s\u0142owa, przypominaj\u0105 tragiczne rozdzia\u0142y w przesz\u0142o\u015bci Polski. Niezale\u017cnie od tego, czy kto\u015b zgadza si\u0119 z ka\u017cdym szczeg\u00f3\u0142em, prezydent wyja\u015bni\u0142 swoj\u0105 zamiar: zakotwiczenie to\u017csamo\u015bci narodowej i odpowiedzialno\u015bci obywatelskiej prawa, a nie celowo\u015bci. <\/p>\n<\/div>\n<\/div>\n","protected":false},"excerpt":{"rendered":"<p>Prezydent Polski przekaza\u0142 jasne, jednoznaczne przes\u0142anie we wtorek: najlepsz\u0105 gwarancj\u0105 pokoju jest gotowo\u015b\u0107 do wojny. W szeroko zakrojonym wywiadzie opublikowanym<\/p>\n","protected":false},"author":1,"featured_media":8857,"comment_status":"open","ping_status":"open","sticky":false,"template":"","format":"standard","meta":{"footnotes":""},"categories":[4748],"tags":[1167,2726,2727,4345,5554,6742,341,6034],"class_list":["post-8856","post","type-post","status-publish","format-standard","has-post-thumbnail","hentry","category-aktualne","tag-gotowosc","tag-karol","tag-nawrocki","tag-obronie","tag-pokoju","tag-poprzez","tag-prezydent","tag-sily","generate-columns","tablet-grid-50","mobile-grid-100","grid-parent","grid-50","resize-featured-image"],"yoast_head":"<!-- This site is optimized with the Yoast SEO plugin v23.2 - https:\/\/yoast.com\/wordpress\/plugins\/seo\/ -->\n<title>W obronie si\u0142y: prezydent Karol Nawrocki o pokoju poprzez gotowo\u015b\u0107 - POGOTOWIE FLAGOWE\u00ae<\/title>\n<meta name=\"robots\" content=\"index, follow, max-snippet:-1, max-image-preview:large, max-video-preview:-1\" \/>\n<link rel=\"canonical\" href=\"https:\/\/www.pogotowieflagowe.pl\/aktualne\/w-obronie-sily-prezydent-karol-nawrocki-o-pokoju-poprzez-gotowosc\/\" \/>\n<meta property=\"og:locale\" content=\"pl_PL\" \/>\n<meta property=\"og:type\" content=\"article\" \/>\n<meta property=\"og:title\" content=\"W obronie si\u0142y: prezydent Karol Nawrocki o pokoju poprzez gotowo\u015b\u0107 - POGOTOWIE FLAGOWE\u00ae\" \/>\n<meta property=\"og:description\" content=\"Prezydent Polski przekaza\u0142 jasne, jednoznaczne przes\u0142anie we wtorek: najlepsz\u0105 gwarancj\u0105 pokoju jest gotowo\u015b\u0107 do wojny. W szeroko zakrojonym wywiadzie opublikowanym\" \/>\n<meta property=\"og:url\" content=\"https:\/\/www.pogotowieflagowe.pl\/aktualne\/w-obronie-sily-prezydent-karol-nawrocki-o-pokoju-poprzez-gotowosc\/\" \/>\n<meta property=\"og:site_name\" content=\"POGOTOWIE FLAGOWE\u00ae\" \/>\n<meta property=\"article:published_time\" content=\"2025-10-03T09:04:30+00:00\" \/>\n<meta property=\"article:modified_time\" content=\"2025-10-03T09:04:32+00:00\" \/>\n<meta property=\"og:image\" content=\"https:\/\/www.pogotowieflagowe.pl\/aktualne\/wp-content\/uploads\/2025\/10\/W-obronie-sily-prezydent-Karol-Nawrocki-o-pokoju-poprzez-gotowosc.jpg\" \/>\n\t<meta property=\"og:image:width\" content=\"2000\" \/>\n\t<meta property=\"og:image:height\" content=\"1333\" \/>\n\t<meta property=\"og:image:type\" content=\"image\/jpeg\" \/>\n<meta name=\"author\" content=\"Filip\" \/>\n<meta name=\"twitter:card\" content=\"summary_large_image\" \/>\n<meta name=\"twitter:label1\" content=\"Napisane przez\" \/>\n\t<meta name=\"twitter:data1\" content=\"Filip\" \/>\n\t<meta name=\"twitter:label2\" content=\"Szacowany czas czytania\" \/>\n\t<meta name=\"twitter:data2\" content=\"3 minuty\" \/>\n<script type=\"application\/ld+json\" class=\"yoast-schema-graph\">{\"@context\":\"https:\/\/schema.org\",\"@graph\":[{\"@type\":\"Article\",\"@id\":\"https:\/\/www.pogotowieflagowe.pl\/aktualne\/w-obronie-sily-prezydent-karol-nawrocki-o-pokoju-poprzez-gotowosc\/#article\",\"isPartOf\":{\"@id\":\"https:\/\/www.pogotowieflagowe.pl\/aktualne\/w-obronie-sily-prezydent-karol-nawrocki-o-pokoju-poprzez-gotowosc\/\"},\"author\":{\"name\":\"Filip\",\"@id\":\"https:\/\/www.pogotowieflagowe.pl\/aktualne\/#\/schema\/person\/9c2fb7d2362ebf6fa088960d7f0d27b0\"},\"headline\":\"W obronie si\u0142y: prezydent Karol Nawrocki o pokoju poprzez gotowo\u015b\u0107\",\"datePublished\":\"2025-10-03T09:04:30+00:00\",\"dateModified\":\"2025-10-03T09:04:32+00:00\",\"mainEntityOfPage\":{\"@id\":\"https:\/\/www.pogotowieflagowe.pl\/aktualne\/w-obronie-sily-prezydent-karol-nawrocki-o-pokoju-poprzez-gotowosc\/\"},\"wordCount\":564,\"commentCount\":0,\"publisher\":{\"@id\":\"https:\/\/www.pogotowieflagowe.pl\/aktualne\/#organization\"},\"image\":{\"@id\":\"https:\/\/www.pogotowieflagowe.pl\/aktualne\/w-obronie-sily-prezydent-karol-nawrocki-o-pokoju-poprzez-gotowosc\/#primaryimage\"},\"thumbnailUrl\":\"https:\/\/www.pogotowieflagowe.pl\/aktualne\/wp-content\/uploads\/2025\/10\/W-obronie-sily-prezydent-Karol-Nawrocki-o-pokoju-poprzez-gotowosc.jpg\",\"keywords\":[\"gotowo\u015b\u0107\",\"Karol\",\"Nawrocki\",\"obronie\",\"pokoju\",\"poprzez\",\"Prezydent\",\"si\u0142y\"],\"articleSection\":[\"Aktualne\"],\"inLanguage\":\"pl-PL\",\"potentialAction\":[{\"@type\":\"CommentAction\",\"name\":\"Comment\",\"target\":[\"https:\/\/www.pogotowieflagowe.pl\/aktualne\/w-obronie-sily-prezydent-karol-nawrocki-o-pokoju-poprzez-gotowosc\/#respond\"]}]},{\"@type\":\"WebPage\",\"@id\":\"https:\/\/www.pogotowieflagowe.pl\/aktualne\/w-obronie-sily-prezydent-karol-nawrocki-o-pokoju-poprzez-gotowosc\/\",\"url\":\"https:\/\/www.pogotowieflagowe.pl\/aktualne\/w-obronie-sily-prezydent-karol-nawrocki-o-pokoju-poprzez-gotowosc\/\",\"name\":\"W obronie si\u0142y: prezydent Karol Nawrocki o pokoju poprzez gotowo\u015b\u0107 - POGOTOWIE FLAGOWE\u00ae\",\"isPartOf\":{\"@id\":\"https:\/\/www.pogotowieflagowe.pl\/aktualne\/#website\"},\"primaryImageOfPage\":{\"@id\":\"https:\/\/www.pogotowieflagowe.pl\/aktualne\/w-obronie-sily-prezydent-karol-nawrocki-o-pokoju-poprzez-gotowosc\/#primaryimage\"},\"image\":{\"@id\":\"https:\/\/www.pogotowieflagowe.pl\/aktualne\/w-obronie-sily-prezydent-karol-nawrocki-o-pokoju-poprzez-gotowosc\/#primaryimage\"},\"thumbnailUrl\":\"https:\/\/www.pogotowieflagowe.pl\/aktualne\/wp-content\/uploads\/2025\/10\/W-obronie-sily-prezydent-Karol-Nawrocki-o-pokoju-poprzez-gotowosc.jpg\",\"datePublished\":\"2025-10-03T09:04:30+00:00\",\"dateModified\":\"2025-10-03T09:04:32+00:00\",\"breadcrumb\":{\"@id\":\"https:\/\/www.pogotowieflagowe.pl\/aktualne\/w-obronie-sily-prezydent-karol-nawrocki-o-pokoju-poprzez-gotowosc\/#breadcrumb\"},\"inLanguage\":\"pl-PL\",\"potentialAction\":[{\"@type\":\"ReadAction\",\"target\":[\"https:\/\/www.pogotowieflagowe.pl\/aktualne\/w-obronie-sily-prezydent-karol-nawrocki-o-pokoju-poprzez-gotowosc\/\"]}]},{\"@type\":\"ImageObject\",\"inLanguage\":\"pl-PL\",\"@id\":\"https:\/\/www.pogotowieflagowe.pl\/aktualne\/w-obronie-sily-prezydent-karol-nawrocki-o-pokoju-poprzez-gotowosc\/#primaryimage\",\"url\":\"https:\/\/www.pogotowieflagowe.pl\/aktualne\/wp-content\/uploads\/2025\/10\/W-obronie-sily-prezydent-Karol-Nawrocki-o-pokoju-poprzez-gotowosc.jpg\",\"contentUrl\":\"https:\/\/www.pogotowieflagowe.pl\/aktualne\/wp-content\/uploads\/2025\/10\/W-obronie-sily-prezydent-Karol-Nawrocki-o-pokoju-poprzez-gotowosc.jpg\",\"width\":2000,\"height\":1333,\"caption\":\"W obronie si\u0142y: prezydent Karol Nawrocki o pokoju poprzez gotowo\u015b\u0107\"},{\"@type\":\"BreadcrumbList\",\"@id\":\"https:\/\/www.pogotowieflagowe.pl\/aktualne\/w-obronie-sily-prezydent-karol-nawrocki-o-pokoju-poprzez-gotowosc\/#breadcrumb\",\"itemListElement\":[{\"@type\":\"ListItem\",\"position\":1,\"name\":\"Home\",\"item\":\"https:\/\/www.pogotowieflagowe.pl\/aktualne\/\"},{\"@type\":\"ListItem\",\"position\":2,\"name\":\"W obronie si\u0142y: prezydent Karol Nawrocki o pokoju poprzez gotowo\u015b\u0107\"}]},{\"@type\":\"WebSite\",\"@id\":\"https:\/\/www.pogotowieflagowe.pl\/aktualne\/#website\",\"url\":\"https:\/\/www.pogotowieflagowe.pl\/aktualne\/\",\"name\":\"POGOTOWIE FLAGOWE\u00ae\",\"description\":\"\",\"publisher\":{\"@id\":\"https:\/\/www.pogotowieflagowe.pl\/aktualne\/#organization\"},\"potentialAction\":[{\"@type\":\"SearchAction\",\"target\":{\"@type\":\"EntryPoint\",\"urlTemplate\":\"https:\/\/www.pogotowieflagowe.pl\/aktualne\/?s={search_term_string}\"},\"query-input\":\"required name=search_term_string\"}],\"inLanguage\":\"pl-PL\"},{\"@type\":\"Organization\",\"@id\":\"https:\/\/www.pogotowieflagowe.pl\/aktualne\/#organization\",\"name\":\"POGOTOWIE FLAGOWE\u00ae\",\"url\":\"https:\/\/www.pogotowieflagowe.pl\/aktualne\/\",\"logo\":{\"@type\":\"ImageObject\",\"inLanguage\":\"pl-PL\",\"@id\":\"https:\/\/www.pogotowieflagowe.pl\/aktualne\/#\/schema\/logo\/image\/\",\"url\":\"https:\/\/www.pogotowieflagowe.pl\/aktualne\/wp-content\/uploads\/2024\/08\/cropped-pogotowieflagowe_flaga_projekt_sm.jpg\",\"contentUrl\":\"https:\/\/www.pogotowieflagowe.pl\/aktualne\/wp-content\/uploads\/2024\/08\/cropped-pogotowieflagowe_flaga_projekt_sm.jpg\",\"width\":250,\"height\":143,\"caption\":\"POGOTOWIE FLAGOWE\u00ae\"},\"image\":{\"@id\":\"https:\/\/www.pogotowieflagowe.pl\/aktualne\/#\/schema\/logo\/image\/\"}},{\"@type\":\"Person\",\"@id\":\"https:\/\/www.pogotowieflagowe.pl\/aktualne\/#\/schema\/person\/9c2fb7d2362ebf6fa088960d7f0d27b0\",\"name\":\"Filip\",\"image\":{\"@type\":\"ImageObject\",\"inLanguage\":\"pl-PL\",\"@id\":\"https:\/\/www.pogotowieflagowe.pl\/aktualne\/#\/schema\/person\/image\/\",\"url\":\"https:\/\/www.pogotowieflagowe.pl\/aktualne\/wp-content\/uploads\/2024\/08\/pogotowieflagowe.pl_.jpg\",\"contentUrl\":\"https:\/\/www.pogotowieflagowe.pl\/aktualne\/wp-content\/uploads\/2024\/08\/pogotowieflagowe.pl_.jpg\",\"caption\":\"Filip\"},\"description\":\"Jestem Filip, polski dziennikarz z dyplomem nauk politycznych Uniwersytetu Warszawskiego. Rozpoczynaj\u0105c swoj\u0105 karier\u0119 w r\u00f3\u017cnych lokalnych mediach, zdoby\u0142em solidne do\u015bwiadczenie w zakresie \u015bledztwa i redakcji. Obecnie jako redaktor w Pogotowie flagowe, staram si\u0119 dostarcza\u0107 dog\u0142\u0119bne i istotne analizy na temat najwa\u017cniejszych kwestii aktualno\u015bci, \u0142\u0105cz\u0105c rygor z pasj\u0105 dziennikarsk\u0105.\",\"sameAs\":[\"https:\/\/www.pogotowieflagowe.pl\/\"]}]}<\/script>\n<!-- \/ Yoast SEO plugin. -->","yoast_head_json":{"title":"W obronie si\u0142y: prezydent Karol Nawrocki o pokoju poprzez gotowo\u015b\u0107 - POGOTOWIE FLAGOWE\u00ae","robots":{"index":"index","follow":"follow","max-snippet":"max-snippet:-1","max-image-preview":"max-image-preview:large","max-video-preview":"max-video-preview:-1"},"canonical":"https:\/\/www.pogotowieflagowe.pl\/aktualne\/w-obronie-sily-prezydent-karol-nawrocki-o-pokoju-poprzez-gotowosc\/","og_locale":"pl_PL","og_type":"article","og_title":"W obronie si\u0142y: prezydent Karol Nawrocki o pokoju poprzez gotowo\u015b\u0107 - POGOTOWIE FLAGOWE\u00ae","og_description":"Prezydent Polski przekaza\u0142 jasne, jednoznaczne przes\u0142anie we wtorek: najlepsz\u0105 gwarancj\u0105 pokoju jest gotowo\u015b\u0107 do wojny. W szeroko zakrojonym wywiadzie opublikowanym","og_url":"https:\/\/www.pogotowieflagowe.pl\/aktualne\/w-obronie-sily-prezydent-karol-nawrocki-o-pokoju-poprzez-gotowosc\/","og_site_name":"POGOTOWIE FLAGOWE\u00ae","article_published_time":"2025-10-03T09:04:30+00:00","article_modified_time":"2025-10-03T09:04:32+00:00","og_image":[{"width":2000,"height":1333,"url":"https:\/\/www.pogotowieflagowe.pl\/aktualne\/wp-content\/uploads\/2025\/10\/W-obronie-sily-prezydent-Karol-Nawrocki-o-pokoju-poprzez-gotowosc.jpg","type":"image\/jpeg"}],"author":"Filip","twitter_card":"summary_large_image","twitter_misc":{"Napisane przez":"Filip","Szacowany czas czytania":"3 minuty"},"schema":{"@context":"https:\/\/schema.org","@graph":[{"@type":"Article","@id":"https:\/\/www.pogotowieflagowe.pl\/aktualne\/w-obronie-sily-prezydent-karol-nawrocki-o-pokoju-poprzez-gotowosc\/#article","isPartOf":{"@id":"https:\/\/www.pogotowieflagowe.pl\/aktualne\/w-obronie-sily-prezydent-karol-nawrocki-o-pokoju-poprzez-gotowosc\/"},"author":{"name":"Filip","@id":"https:\/\/www.pogotowieflagowe.pl\/aktualne\/#\/schema\/person\/9c2fb7d2362ebf6fa088960d7f0d27b0"},"headline":"W obronie si\u0142y: prezydent Karol Nawrocki o pokoju poprzez gotowo\u015b\u0107","datePublished":"2025-10-03T09:04:30+00:00","dateModified":"2025-10-03T09:04:32+00:00","mainEntityOfPage":{"@id":"https:\/\/www.pogotowieflagowe.pl\/aktualne\/w-obronie-sily-prezydent-karol-nawrocki-o-pokoju-poprzez-gotowosc\/"},"wordCount":564,"commentCount":0,"publisher":{"@id":"https:\/\/www.pogotowieflagowe.pl\/aktualne\/#organization"},"image":{"@id":"https:\/\/www.pogotowieflagowe.pl\/aktualne\/w-obronie-sily-prezydent-karol-nawrocki-o-pokoju-poprzez-gotowosc\/#primaryimage"},"thumbnailUrl":"https:\/\/www.pogotowieflagowe.pl\/aktualne\/wp-content\/uploads\/2025\/10\/W-obronie-sily-prezydent-Karol-Nawrocki-o-pokoju-poprzez-gotowosc.jpg","keywords":["gotowo\u015b\u0107","Karol","Nawrocki","obronie","pokoju","poprzez","Prezydent","si\u0142y"],"articleSection":["Aktualne"],"inLanguage":"pl-PL","potentialAction":[{"@type":"CommentAction","name":"Comment","target":["https:\/\/www.pogotowieflagowe.pl\/aktualne\/w-obronie-sily-prezydent-karol-nawrocki-o-pokoju-poprzez-gotowosc\/#respond"]}]},{"@type":"WebPage","@id":"https:\/\/www.pogotowieflagowe.pl\/aktualne\/w-obronie-sily-prezydent-karol-nawrocki-o-pokoju-poprzez-gotowosc\/","url":"https:\/\/www.pogotowieflagowe.pl\/aktualne\/w-obronie-sily-prezydent-karol-nawrocki-o-pokoju-poprzez-gotowosc\/","name":"W obronie si\u0142y: prezydent Karol Nawrocki o pokoju poprzez gotowo\u015b\u0107 - POGOTOWIE FLAGOWE\u00ae","isPartOf":{"@id":"https:\/\/www.pogotowieflagowe.pl\/aktualne\/#website"},"primaryImageOfPage":{"@id":"https:\/\/www.pogotowieflagowe.pl\/aktualne\/w-obronie-sily-prezydent-karol-nawrocki-o-pokoju-poprzez-gotowosc\/#primaryimage"},"image":{"@id":"https:\/\/www.pogotowieflagowe.pl\/aktualne\/w-obronie-sily-prezydent-karol-nawrocki-o-pokoju-poprzez-gotowosc\/#primaryimage"},"thumbnailUrl":"https:\/\/www.pogotowieflagowe.pl\/aktualne\/wp-content\/uploads\/2025\/10\/W-obronie-sily-prezydent-Karol-Nawrocki-o-pokoju-poprzez-gotowosc.jpg","datePublished":"2025-10-03T09:04:30+00:00","dateModified":"2025-10-03T09:04:32+00:00","breadcrumb":{"@id":"https:\/\/www.pogotowieflagowe.pl\/aktualne\/w-obronie-sily-prezydent-karol-nawrocki-o-pokoju-poprzez-gotowosc\/#breadcrumb"},"inLanguage":"pl-PL","potentialAction":[{"@type":"ReadAction","target":["https:\/\/www.pogotowieflagowe.pl\/aktualne\/w-obronie-sily-prezydent-karol-nawrocki-o-pokoju-poprzez-gotowosc\/"]}]},{"@type":"ImageObject","inLanguage":"pl-PL","@id":"https:\/\/www.pogotowieflagowe.pl\/aktualne\/w-obronie-sily-prezydent-karol-nawrocki-o-pokoju-poprzez-gotowosc\/#primaryimage","url":"https:\/\/www.pogotowieflagowe.pl\/aktualne\/wp-content\/uploads\/2025\/10\/W-obronie-sily-prezydent-Karol-Nawrocki-o-pokoju-poprzez-gotowosc.jpg","contentUrl":"https:\/\/www.pogotowieflagowe.pl\/aktualne\/wp-content\/uploads\/2025\/10\/W-obronie-sily-prezydent-Karol-Nawrocki-o-pokoju-poprzez-gotowosc.jpg","width":2000,"height":1333,"caption":"W obronie si\u0142y: prezydent Karol Nawrocki o pokoju poprzez gotowo\u015b\u0107"},{"@type":"BreadcrumbList","@id":"https:\/\/www.pogotowieflagowe.pl\/aktualne\/w-obronie-sily-prezydent-karol-nawrocki-o-pokoju-poprzez-gotowosc\/#breadcrumb","itemListElement":[{"@type":"ListItem","position":1,"name":"Home","item":"https:\/\/www.pogotowieflagowe.pl\/aktualne\/"},{"@type":"ListItem","position":2,"name":"W obronie si\u0142y: prezydent Karol Nawrocki o pokoju poprzez gotowo\u015b\u0107"}]},{"@type":"WebSite","@id":"https:\/\/www.pogotowieflagowe.pl\/aktualne\/#website","url":"https:\/\/www.pogotowieflagowe.pl\/aktualne\/","name":"POGOTOWIE FLAGOWE\u00ae","description":"","publisher":{"@id":"https:\/\/www.pogotowieflagowe.pl\/aktualne\/#organization"},"potentialAction":[{"@type":"SearchAction","target":{"@type":"EntryPoint","urlTemplate":"https:\/\/www.pogotowieflagowe.pl\/aktualne\/?s={search_term_string}"},"query-input":"required name=search_term_string"}],"inLanguage":"pl-PL"},{"@type":"Organization","@id":"https:\/\/www.pogotowieflagowe.pl\/aktualne\/#organization","name":"POGOTOWIE FLAGOWE\u00ae","url":"https:\/\/www.pogotowieflagowe.pl\/aktualne\/","logo":{"@type":"ImageObject","inLanguage":"pl-PL","@id":"https:\/\/www.pogotowieflagowe.pl\/aktualne\/#\/schema\/logo\/image\/","url":"https:\/\/www.pogotowieflagowe.pl\/aktualne\/wp-content\/uploads\/2024\/08\/cropped-pogotowieflagowe_flaga_projekt_sm.jpg","contentUrl":"https:\/\/www.pogotowieflagowe.pl\/aktualne\/wp-content\/uploads\/2024\/08\/cropped-pogotowieflagowe_flaga_projekt_sm.jpg","width":250,"height":143,"caption":"POGOTOWIE FLAGOWE\u00ae"},"image":{"@id":"https:\/\/www.pogotowieflagowe.pl\/aktualne\/#\/schema\/logo\/image\/"}},{"@type":"Person","@id":"https:\/\/www.pogotowieflagowe.pl\/aktualne\/#\/schema\/person\/9c2fb7d2362ebf6fa088960d7f0d27b0","name":"Filip","image":{"@type":"ImageObject","inLanguage":"pl-PL","@id":"https:\/\/www.pogotowieflagowe.pl\/aktualne\/#\/schema\/person\/image\/","url":"https:\/\/www.pogotowieflagowe.pl\/aktualne\/wp-content\/uploads\/2024\/08\/pogotowieflagowe.pl_.jpg","contentUrl":"https:\/\/www.pogotowieflagowe.pl\/aktualne\/wp-content\/uploads\/2024\/08\/pogotowieflagowe.pl_.jpg","caption":"Filip"},"description":"Jestem Filip, polski dziennikarz z dyplomem nauk politycznych Uniwersytetu Warszawskiego. Rozpoczynaj\u0105c swoj\u0105 karier\u0119 w r\u00f3\u017cnych lokalnych mediach, zdoby\u0142em solidne do\u015bwiadczenie w zakresie \u015bledztwa i redakcji. Obecnie jako redaktor w Pogotowie flagowe, staram si\u0119 dostarcza\u0107 dog\u0142\u0119bne i istotne analizy na temat najwa\u017cniejszych kwestii aktualno\u015bci, \u0142\u0105cz\u0105c rygor z pasj\u0105 dziennikarsk\u0105.","sameAs":["https:\/\/www.pogotowieflagowe.pl\/"]}]}},"_links":{"self":[{"href":"https:\/\/www.pogotowieflagowe.pl\/aktualne\/wp-json\/wp\/v2\/posts\/8856","targetHints":{"allow":["GET"]}}],"collection":[{"href":"https:\/\/www.pogotowieflagowe.pl\/aktualne\/wp-json\/wp\/v2\/posts"}],"about":[{"href":"https:\/\/www.pogotowieflagowe.pl\/aktualne\/wp-json\/wp\/v2\/types\/post"}],"author":[{"embeddable":true,"href":"https:\/\/www.pogotowieflagowe.pl\/aktualne\/wp-json\/wp\/v2\/users\/1"}],"replies":[{"embeddable":true,"href":"https:\/\/www.pogotowieflagowe.pl\/aktualne\/wp-json\/wp\/v2\/comments?post=8856"}],"version-history":[{"count":1,"href":"https:\/\/www.pogotowieflagowe.pl\/aktualne\/wp-json\/wp\/v2\/posts\/8856\/revisions"}],"predecessor-version":[{"id":8858,"href":"https:\/\/www.pogotowieflagowe.pl\/aktualne\/wp-json\/wp\/v2\/posts\/8856\/revisions\/8858"}],"wp:featuredmedia":[{"embeddable":true,"href":"https:\/\/www.pogotowieflagowe.pl\/aktualne\/wp-json\/wp\/v2\/media\/8857"}],"wp:attachment":[{"href":"https:\/\/www.pogotowieflagowe.pl\/aktualne\/wp-json\/wp\/v2\/media?parent=8856"}],"wp:term":[{"taxonomy":"category","embeddable":true,"href":"https:\/\/www.pogotowieflagowe.pl\/aktualne\/wp-json\/wp\/v2\/categories?post=8856"},{"taxonomy":"post_tag","embeddable":true,"href":"https:\/\/www.pogotowieflagowe.pl\/aktualne\/wp-json\/wp\/v2\/tags?post=8856"}],"curies":[{"name":"wp","href":"https:\/\/api.w.org\/{rel}","templated":true}]}}