{"id":8967,"date":"2025-10-12T07:59:00","date_gmt":"2025-10-12T05:59:00","guid":{"rendered":"https:\/\/www.pogotowieflagowe.pl\/aktualne\/?p=8967"},"modified":"2025-10-06T16:03:12","modified_gmt":"2025-10-06T14:03:12","slug":"ta-zapomniana-kopalnia-soli-na-poludniu-kraju-przyciaga-dzis-miejskich-odkrywcow","status":"publish","type":"post","link":"https:\/\/www.pogotowieflagowe.pl\/aktualne\/ta-zapomniana-kopalnia-soli-na-poludniu-kraju-przyciaga-dzis-miejskich-odkrywcow\/","title":{"rendered":"Ta zapomniana kopalnia soli na po\u0142udniu kraju przyci\u0105ga dzi\u015b miejskich odkrywc\u00f3w"},"content":{"rendered":"<p>M\u00f3wi\u0105, \u017ce pod po\u0142udniowym horyzontem wci\u0105\u017c oddycha s\u00f3l. W ch\u0142odnym mroku zalega <strong>cisza<\/strong>, kt\u00f3rej nie przerywa ju\u017c ani kilof, ani <strong>w\u00f3zek<\/strong>. Dzi\u015b to przestrze\u0144 utkni\u0119ta mi\u0119dzy <strong>pami\u0119ci\u0105<\/strong> a zapomnieniem, gdzie <strong>miasto<\/strong> schodzi pod ziemi\u0119, by pos\u0142ucha\u0107 tego, co zosta\u0142o. Jeden z eksplorator\u00f3w rzuci\u0142 kiedy\u015b szeptem: \u201eTu czas ma <strong>posmak<\/strong> minera\u0142u\u201d.<\/p>\n<p><\/p>\n<h2>Historia i echo soli<\/h2>\n<p><\/p>\n<p>Najpierw by\u0142y <strong>warstwy<\/strong> osad\u00f3w, potem <strong>odwaga<\/strong> ludzi, kt\u00f3rzy wydobywali z g\u0142\u0119bi bia\u0142e z\u0142oto. Przez dekady korytarze t\u0119tni\u0142y <strong>prac\u0105<\/strong>, a w powietrzu utrzymywa\u0142 si\u0119 s\u0142odko-gorzki <strong>aromat<\/strong> halitu. P\u00f3\u017aniej przysz\u0142o wygaszenie \u2014 <strong>pompy<\/strong> ucich\u0142y, a stalowe <strong>drzwi<\/strong> zatrzasn\u0119\u0142y pami\u0119\u0107 jak kapsu\u0142\u0119.<\/p>\n<p><\/p>\n<p>\u201eM\u00f3j dziadek mia\u0142 tu <strong>r\u0119ce<\/strong> ca\u0142e w soli,\u201d wspomina pani Anna, mieszkanka pobliskiej <strong>wsi<\/strong>. \u201eGdy wraca\u0142, na butach skrzypia\u0142a <strong>bia\u0142a<\/strong> skorupka\u201d. W tych prostych obrazach zamyka si\u0119 <strong>historia<\/strong>, kt\u00f3ra dzi\u015b wydaje si\u0119 niemal <strong>senna<\/strong>.<\/p>\n<p><\/p>\n<h2>Dlaczego przyci\u0105ga miejskich odkrywc\u00f3w<\/h2>\n<p><\/p>\n<p>Urbex ma w sobie potrzeb\u0119 <strong>uchem<\/strong> dotyka\u0107 ciszy. W tej kopalnianej siatce korytarzy poci\u0105ga <strong>tekstura<\/strong> \u015bcian, gra latarki na <strong>kryszta\u0142ach<\/strong>, echo krok\u00f3w odbijaj\u0105ce si\u0119 od <strong>strop\u00f3w<\/strong>. To miejsce jest fotogeniczn\u0105 <strong>geometri\u0105<\/strong>: \u0142uki, wn\u0119ki, rdzewiej\u0105ce <strong>torowiska<\/strong>, sprasowane warstwy jak przekr\u00f3j <strong>czasu<\/strong>.<\/p>\n<p><\/p>\n<p>\u201eTo nie adrenalina, to <strong>dialog<\/strong> z miejscem,\u201d m\u00f3wi Micha\u0142, entuzjasta miejskiej <strong>eksploracji<\/strong>. \u201eWidzisz \u015blady <strong>r\u0105k<\/strong>, s\u0142yszysz w wyobra\u017ani <strong>narz\u0119dzia<\/strong>. Najlepsze kadry s\u0105 tam, gdzie \u015bwiat\u0142o dotyka <strong>kryszta\u0142\u00f3w<\/strong> jak deszcz\u201d.<\/p>\n<p><\/p>\n<h2>Ryzyko, prawo i etyka odwiedzania<\/h2>\n<p><\/p>\n<p>Pod ziemi\u0105 \u0142atwo pomyli\u0107 <strong>ciekawo\u015b\u0107<\/strong> z brawur\u0105. Kopalniane pustki bywaj\u0105 <strong>niestabilne<\/strong>, a nieoznaczone szyby i nag\u0142e <strong>zawa\u0142y<\/strong> nie prosz\u0105 o drug\u0105 szans\u0119. Do tego dochodzi prawo: zabytkowa <strong>substancja<\/strong> i prywatny <strong>teren<\/strong> to nie s\u0105 tematy, kt\u00f3re mo\u017cna ignorowa\u0107.<\/p>\n<p><\/p>\n<p>Konserwator z regionu podkre\u015bla: \u201eNajpierw <strong>zgoda<\/strong>, potem <strong>krok<\/strong>. Nie wszystko, co zamilk\u0142o, jest oddane <strong>losowi<\/strong>\u201d. Ta prosta fraza wyznacza <strong>ramy<\/strong>, w kt\u00f3rych pasja nie zmienia si\u0119 w <strong>szkod\u0119<\/strong>.<\/p>\n<p><\/p>\n<ul><\/p>\n<li>Je\u015bli co\u015b planujesz, zadbaj o: <strong>pozwolenia<\/strong>, obecno\u015b\u0107 <strong>przewodnika<\/strong>, podstawy <strong>pierwszej<\/strong> pomocy, sprawdzony <strong>sprz\u0119t<\/strong>, i plan <strong>odwrotu<\/strong>. Zawsze stawiaj na legalne, <strong>bezpieczne<\/strong> opcje.<\/li>\n<p>\n<\/ul>\n<p><\/p>\n<h2>G\u0142os miejsca: detale, kt\u00f3re m\u00f3wi\u0105<\/h2>\n<p><\/p>\n<p>W mroku wida\u0107 odci\u015bni\u0119te <strong>numery<\/strong> brygad, kredowe <strong>strza\u0142ki<\/strong>, ceramiczne izolatory jak ma\u0142e <strong>planety<\/strong>. Solne nacieki tworz\u0105 <strong>futra<\/strong> na belkach, a krople kapi\u0105 z regularno\u015bci\u0105 <strong>metronomu<\/strong>. Kiedy\u015b t\u0119dy p\u0142yn\u0119\u0142o <strong>\u015bwiat\u0142o<\/strong> g\u00f3rniczych lamp \u2014 dzi\u015b p\u0142ynie drobny strumie\u0144 <strong>py\u0142u<\/strong>, kt\u00f3ry ta\u0144czy w snopie latarki.<\/p>\n<p><\/p>\n<p>\u201eKorytarze pachn\u0105 jak <strong>muzeum<\/strong>, ale s\u0105 \u017cywe,\u201d opowiada Asia, fotografka <strong>industrialu<\/strong>. \u201eW kadrze s\u00f3l staje si\u0119 <strong>aksamitem<\/strong>, a rdza \u2014 ciep\u0142\u0105 <strong>patyn\u0105<\/strong>\u201d.<\/p>\n<p><\/p>\n<h2>Jak wypada na tle innych kopal\u0144<\/h2>\n<p><\/p>\n<p>Poni\u017cej zestawienie, kt\u00f3re pomaga zrozumie\u0107 charakter miejsca na tle bardziej znanych obiekt\u00f3w w regionie. Uwag\u0119 zwracaj\u0105 kwestie <strong>dost\u0119pno\u015bci<\/strong>, stopnia <strong>opieki<\/strong> i unikalnej <strong>atmosfery<\/strong>.<\/p>\n<p><\/p>\n<table><\/p>\n<thead><\/p>\n<tr><\/p>\n<th>Miejsce<\/th>\n<p><\/p>\n<th>Status prawny i dost\u0119p<\/th>\n<p><\/p>\n<th>Poziom bezpiecze\u0144stwa<\/th>\n<p><\/p>\n<th>Walory wizualne<\/th>\n<p><\/p>\n<th>Charakter wizyty<\/th>\n<p>\n<\/tr>\n<p>\n<\/thead>\n<p><\/p>\n<tbody><\/p>\n<tr><\/p>\n<td>Zapomniana kopalnia na po\u0142udniu<\/td>\n<p><\/p>\n<td>Dost\u0119p mo\u017cliwy wy\u0142\u0105cznie po wyra\u017anej zgodzie w\u0142a\u015bciciela\/zarz\u0105dcy; brak sta\u0142ej obs\u0142ugi<\/td>\n<p><\/p>\n<td>Niski bez profesjonalnego nadzoru; ryzyko zawa\u0142\u00f3w i braku wentylacji<\/td>\n<p><\/p>\n<td>Surowe, autentyczne, \u201ezamro\u017cony\u201d stan<\/td>\n<p><\/p>\n<td>Eksploracja niszowa, tylko legalna i z przewodnikiem\/zespo\u0142em technicznym<\/td>\n<p>\n<\/tr>\n<p><\/p>\n<tr><\/p>\n<td>Kopalnia Soli w Wieliczce<\/td>\n<p><\/p>\n<td>Udost\u0119pniona, biletowana, trasy turystyczne i g\u00f3rnicze<\/td>\n<p><\/p>\n<td>Wysoki, infrastruktura i przewodnicy<\/td>\n<p><\/p>\n<td>Monumentalne komory, rze\u017aby solne<\/td>\n<p><\/p>\n<td>Turystyka masowa, \u015bcie\u017cki edukacyjne<\/td>\n<p>\n<\/tr>\n<p><\/p>\n<tr><\/p>\n<td>Kopalnia Soli Bochnia<\/td>\n<p><\/p>\n<td>Udost\u0119pniona, zjazdy i trasy nocne<\/td>\n<p><\/p>\n<td>Wysoki, certyfikowany nadz\u00f3r<\/td>\n<p><\/p>\n<td>Historyczne wyrobiska, kolejka podziemna<\/td>\n<p><\/p>\n<td>Edukacja i rekreacja, rodzinny profil<\/td>\n<p>\n<\/tr>\n<p>\n<\/tbody>\n<p>\n<\/table>\n<p><\/p>\n<p>Ta rama por\u00f3wnawcza pokazuje, \u017ce \u201edziko\u015b\u0107\u201d ma swoj\u0105 <strong>cen\u0119<\/strong>: bezpieczniej jest wybiera\u0107 trasy <strong>legalne<\/strong>, kt\u00f3re oddaj\u0105 klimat, a zarazem chroni\u0105 <strong>\u017cycie<\/strong> i dziedzictwo.<\/p>\n<p><\/p>\n<h2>Mi\u0119dzy ochron\u0105 a ciekawo\u015bci\u0105: co dalej<\/h2>\n<p><\/p>\n<p>Je\u015bli to miejsce ma odzyska\u0107 <strong>g\u0142os<\/strong>, potrzebuje opieku\u0144czego <strong>szeptu<\/strong> instytucji i lokalnej spo\u0142eczno\u015bci. Programy inwentaryzacji, ekspertyzy <strong>geologiczne<\/strong>, powolne otwieranie wybranych fragment\u00f3w w formie kontrolowanych <strong>wej\u015b\u0107<\/strong> \u2014 to scenariusze, kt\u00f3re nie gasz\u0105 <strong>magii<\/strong>, a dodaj\u0105 jej trwa\u0142o\u015bci.<\/p>\n<p><\/p>\n<p>\u201eNajpi\u0119kniejsze jest to, czego nie <strong>stracimy<\/strong>,\u201d m\u00f3wi cicho starszy mieszkaniec <strong>miasteczka<\/strong>. I trudno si\u0119 z tym nie zgodzi\u0107. Pomi\u0119dzy oddechem soli a krokiem <strong>cz\u0142owieka<\/strong> rodzi si\u0119 odpowiedzialno\u015b\u0107, kt\u00f3ra zmienia ciekawo\u015b\u0107 w <strong>opiek\u0119<\/strong>.<\/p>\n<p><\/p>\n<p>Dzi\u015b pod ziemi\u0105 wci\u0105\u017c s\u0142ycha\u0107 drobne <strong>d\u017awi\u0119ki<\/strong>: kapanie, westchnienie korytarza, daleki stukni\u0119ty <strong>kamie\u0144<\/strong>. To nie wo\u0142anie o sensacj\u0119, lecz o m\u0105dr\u0105, <strong>czu\u0142\u0105<\/strong> obecno\u015b\u0107. Je\u015bli zej\u015b\u0107 \u2014 to tak, by zostawi\u0107 po sobie tylko lekki <strong>\u015blad<\/strong> w pami\u0119ci i ci\u0119\u017cszy <strong>szacunek<\/strong> w sercu.<\/p>\n","protected":false},"excerpt":{"rendered":"<p>M\u00f3wi\u0105, \u017ce pod po\u0142udniowym horyzontem wci\u0105\u017c oddycha s\u00f3l. W ch\u0142odnym mroku zalega cisza, kt\u00f3rej nie przerywa ju\u017c ani kilof, ani<\/p>\n","protected":false},"author":1,"featured_media":8971,"comment_status":"open","ping_status":"open","sticky":false,"template":"","format":"standard","meta":{"footnotes":""},"categories":[4748],"tags":[],"class_list":["post-8967","post","type-post","status-publish","format-standard","has-post-thumbnail","hentry","category-aktualne","generate-columns","tablet-grid-50","mobile-grid-100","grid-parent","grid-50","resize-featured-image"],"yoast_head":"<!-- This site is optimized with the Yoast SEO plugin v23.2 - https:\/\/yoast.com\/wordpress\/plugins\/seo\/ -->\n<title>Ta zapomniana kopalnia soli na po\u0142udniu kraju przyci\u0105ga dzi\u015b miejskich odkrywc\u00f3w - POGOTOWIE FLAGOWE\u00ae<\/title>\n<meta name=\"robots\" content=\"index, follow, max-snippet:-1, max-image-preview:large, max-video-preview:-1\" \/>\n<link rel=\"canonical\" href=\"https:\/\/www.pogotowieflagowe.pl\/aktualne\/ta-zapomniana-kopalnia-soli-na-poludniu-kraju-przyciaga-dzis-miejskich-odkrywcow\/\" \/>\n<meta property=\"og:locale\" content=\"pl_PL\" \/>\n<meta property=\"og:type\" content=\"article\" \/>\n<meta property=\"og:title\" content=\"Ta zapomniana kopalnia soli na po\u0142udniu kraju przyci\u0105ga dzi\u015b miejskich odkrywc\u00f3w - POGOTOWIE FLAGOWE\u00ae\" \/>\n<meta property=\"og:description\" content=\"M\u00f3wi\u0105, \u017ce pod po\u0142udniowym horyzontem wci\u0105\u017c oddycha s\u00f3l. W ch\u0142odnym mroku zalega cisza, kt\u00f3rej nie przerywa ju\u017c ani kilof, ani\" \/>\n<meta property=\"og:url\" content=\"https:\/\/www.pogotowieflagowe.pl\/aktualne\/ta-zapomniana-kopalnia-soli-na-poludniu-kraju-przyciaga-dzis-miejskich-odkrywcow\/\" \/>\n<meta property=\"og:site_name\" content=\"POGOTOWIE FLAGOWE\u00ae\" \/>\n<meta property=\"article:published_time\" content=\"2025-10-12T05:59:00+00:00\" \/>\n<meta property=\"article:modified_time\" content=\"2025-10-06T14:03:12+00:00\" \/>\n<meta property=\"og:image\" content=\"https:\/\/www.pogotowieflagowe.pl\/aktualne\/wp-content\/uploads\/2025\/10\/Ta-zapomniana-kopalnia-soli-na-poludniu-kraju-przyciaga-dzis-miejskich-odkrywcow.jpg\" \/>\n\t<meta property=\"og:image:width\" content=\"1980\" \/>\n\t<meta property=\"og:image:height\" content=\"1080\" \/>\n\t<meta property=\"og:image:type\" content=\"image\/jpeg\" \/>\n<meta name=\"author\" content=\"Filip\" \/>\n<meta name=\"twitter:card\" content=\"summary_large_image\" \/>\n<meta name=\"twitter:label1\" content=\"Napisane przez\" \/>\n\t<meta name=\"twitter:data1\" content=\"Filip\" \/>\n\t<meta name=\"twitter:label2\" content=\"Szacowany czas czytania\" \/>\n\t<meta name=\"twitter:data2\" content=\"4 minuty\" \/>\n<script type=\"application\/ld+json\" class=\"yoast-schema-graph\">{\"@context\":\"https:\/\/schema.org\",\"@graph\":[{\"@type\":\"Article\",\"@id\":\"https:\/\/www.pogotowieflagowe.pl\/aktualne\/ta-zapomniana-kopalnia-soli-na-poludniu-kraju-przyciaga-dzis-miejskich-odkrywcow\/#article\",\"isPartOf\":{\"@id\":\"https:\/\/www.pogotowieflagowe.pl\/aktualne\/ta-zapomniana-kopalnia-soli-na-poludniu-kraju-przyciaga-dzis-miejskich-odkrywcow\/\"},\"author\":{\"name\":\"Filip\",\"@id\":\"https:\/\/www.pogotowieflagowe.pl\/aktualne\/#\/schema\/person\/9c2fb7d2362ebf6fa088960d7f0d27b0\"},\"headline\":\"Ta zapomniana kopalnia soli na po\u0142udniu kraju przyci\u0105ga dzi\u015b miejskich odkrywc\u00f3w\",\"datePublished\":\"2025-10-12T05:59:00+00:00\",\"dateModified\":\"2025-10-06T14:03:12+00:00\",\"mainEntityOfPage\":{\"@id\":\"https:\/\/www.pogotowieflagowe.pl\/aktualne\/ta-zapomniana-kopalnia-soli-na-poludniu-kraju-przyciaga-dzis-miejskich-odkrywcow\/\"},\"wordCount\":758,\"commentCount\":0,\"publisher\":{\"@id\":\"https:\/\/www.pogotowieflagowe.pl\/aktualne\/#organization\"},\"image\":{\"@id\":\"https:\/\/www.pogotowieflagowe.pl\/aktualne\/ta-zapomniana-kopalnia-soli-na-poludniu-kraju-przyciaga-dzis-miejskich-odkrywcow\/#primaryimage\"},\"thumbnailUrl\":\"https:\/\/www.pogotowieflagowe.pl\/aktualne\/wp-content\/uploads\/2025\/10\/Ta-zapomniana-kopalnia-soli-na-poludniu-kraju-przyciaga-dzis-miejskich-odkrywcow.jpg\",\"articleSection\":[\"Aktualne\"],\"inLanguage\":\"pl-PL\",\"potentialAction\":[{\"@type\":\"CommentAction\",\"name\":\"Comment\",\"target\":[\"https:\/\/www.pogotowieflagowe.pl\/aktualne\/ta-zapomniana-kopalnia-soli-na-poludniu-kraju-przyciaga-dzis-miejskich-odkrywcow\/#respond\"]}]},{\"@type\":\"WebPage\",\"@id\":\"https:\/\/www.pogotowieflagowe.pl\/aktualne\/ta-zapomniana-kopalnia-soli-na-poludniu-kraju-przyciaga-dzis-miejskich-odkrywcow\/\",\"url\":\"https:\/\/www.pogotowieflagowe.pl\/aktualne\/ta-zapomniana-kopalnia-soli-na-poludniu-kraju-przyciaga-dzis-miejskich-odkrywcow\/\",\"name\":\"Ta zapomniana kopalnia soli na po\u0142udniu kraju przyci\u0105ga dzi\u015b miejskich odkrywc\u00f3w - POGOTOWIE FLAGOWE\u00ae\",\"isPartOf\":{\"@id\":\"https:\/\/www.pogotowieflagowe.pl\/aktualne\/#website\"},\"primaryImageOfPage\":{\"@id\":\"https:\/\/www.pogotowieflagowe.pl\/aktualne\/ta-zapomniana-kopalnia-soli-na-poludniu-kraju-przyciaga-dzis-miejskich-odkrywcow\/#primaryimage\"},\"image\":{\"@id\":\"https:\/\/www.pogotowieflagowe.pl\/aktualne\/ta-zapomniana-kopalnia-soli-na-poludniu-kraju-przyciaga-dzis-miejskich-odkrywcow\/#primaryimage\"},\"thumbnailUrl\":\"https:\/\/www.pogotowieflagowe.pl\/aktualne\/wp-content\/uploads\/2025\/10\/Ta-zapomniana-kopalnia-soli-na-poludniu-kraju-przyciaga-dzis-miejskich-odkrywcow.jpg\",\"datePublished\":\"2025-10-12T05:59:00+00:00\",\"dateModified\":\"2025-10-06T14:03:12+00:00\",\"breadcrumb\":{\"@id\":\"https:\/\/www.pogotowieflagowe.pl\/aktualne\/ta-zapomniana-kopalnia-soli-na-poludniu-kraju-przyciaga-dzis-miejskich-odkrywcow\/#breadcrumb\"},\"inLanguage\":\"pl-PL\",\"potentialAction\":[{\"@type\":\"ReadAction\",\"target\":[\"https:\/\/www.pogotowieflagowe.pl\/aktualne\/ta-zapomniana-kopalnia-soli-na-poludniu-kraju-przyciaga-dzis-miejskich-odkrywcow\/\"]}]},{\"@type\":\"ImageObject\",\"inLanguage\":\"pl-PL\",\"@id\":\"https:\/\/www.pogotowieflagowe.pl\/aktualne\/ta-zapomniana-kopalnia-soli-na-poludniu-kraju-przyciaga-dzis-miejskich-odkrywcow\/#primaryimage\",\"url\":\"https:\/\/www.pogotowieflagowe.pl\/aktualne\/wp-content\/uploads\/2025\/10\/Ta-zapomniana-kopalnia-soli-na-poludniu-kraju-przyciaga-dzis-miejskich-odkrywcow.jpg\",\"contentUrl\":\"https:\/\/www.pogotowieflagowe.pl\/aktualne\/wp-content\/uploads\/2025\/10\/Ta-zapomniana-kopalnia-soli-na-poludniu-kraju-przyciaga-dzis-miejskich-odkrywcow.jpg\",\"width\":1980,\"height\":1080},{\"@type\":\"BreadcrumbList\",\"@id\":\"https:\/\/www.pogotowieflagowe.pl\/aktualne\/ta-zapomniana-kopalnia-soli-na-poludniu-kraju-przyciaga-dzis-miejskich-odkrywcow\/#breadcrumb\",\"itemListElement\":[{\"@type\":\"ListItem\",\"position\":1,\"name\":\"Home\",\"item\":\"https:\/\/www.pogotowieflagowe.pl\/aktualne\/\"},{\"@type\":\"ListItem\",\"position\":2,\"name\":\"Ta zapomniana kopalnia soli na po\u0142udniu kraju przyci\u0105ga dzi\u015b miejskich odkrywc\u00f3w\"}]},{\"@type\":\"WebSite\",\"@id\":\"https:\/\/www.pogotowieflagowe.pl\/aktualne\/#website\",\"url\":\"https:\/\/www.pogotowieflagowe.pl\/aktualne\/\",\"name\":\"POGOTOWIE FLAGOWE\u00ae\",\"description\":\"\",\"publisher\":{\"@id\":\"https:\/\/www.pogotowieflagowe.pl\/aktualne\/#organization\"},\"potentialAction\":[{\"@type\":\"SearchAction\",\"target\":{\"@type\":\"EntryPoint\",\"urlTemplate\":\"https:\/\/www.pogotowieflagowe.pl\/aktualne\/?s={search_term_string}\"},\"query-input\":\"required name=search_term_string\"}],\"inLanguage\":\"pl-PL\"},{\"@type\":\"Organization\",\"@id\":\"https:\/\/www.pogotowieflagowe.pl\/aktualne\/#organization\",\"name\":\"POGOTOWIE FLAGOWE\u00ae\",\"url\":\"https:\/\/www.pogotowieflagowe.pl\/aktualne\/\",\"logo\":{\"@type\":\"ImageObject\",\"inLanguage\":\"pl-PL\",\"@id\":\"https:\/\/www.pogotowieflagowe.pl\/aktualne\/#\/schema\/logo\/image\/\",\"url\":\"https:\/\/www.pogotowieflagowe.pl\/aktualne\/wp-content\/uploads\/2024\/08\/cropped-pogotowieflagowe_flaga_projekt_sm.jpg\",\"contentUrl\":\"https:\/\/www.pogotowieflagowe.pl\/aktualne\/wp-content\/uploads\/2024\/08\/cropped-pogotowieflagowe_flaga_projekt_sm.jpg\",\"width\":250,\"height\":143,\"caption\":\"POGOTOWIE FLAGOWE\u00ae\"},\"image\":{\"@id\":\"https:\/\/www.pogotowieflagowe.pl\/aktualne\/#\/schema\/logo\/image\/\"}},{\"@type\":\"Person\",\"@id\":\"https:\/\/www.pogotowieflagowe.pl\/aktualne\/#\/schema\/person\/9c2fb7d2362ebf6fa088960d7f0d27b0\",\"name\":\"Filip\",\"image\":{\"@type\":\"ImageObject\",\"inLanguage\":\"pl-PL\",\"@id\":\"https:\/\/www.pogotowieflagowe.pl\/aktualne\/#\/schema\/person\/image\/\",\"url\":\"https:\/\/www.pogotowieflagowe.pl\/aktualne\/wp-content\/uploads\/2024\/08\/pogotowieflagowe.pl_.jpg\",\"contentUrl\":\"https:\/\/www.pogotowieflagowe.pl\/aktualne\/wp-content\/uploads\/2024\/08\/pogotowieflagowe.pl_.jpg\",\"caption\":\"Filip\"},\"description\":\"Jestem Filip, polski dziennikarz z dyplomem nauk politycznych Uniwersytetu Warszawskiego. Rozpoczynaj\u0105c swoj\u0105 karier\u0119 w r\u00f3\u017cnych lokalnych mediach, zdoby\u0142em solidne do\u015bwiadczenie w zakresie \u015bledztwa i redakcji. Obecnie jako redaktor w Pogotowie flagowe, staram si\u0119 dostarcza\u0107 dog\u0142\u0119bne i istotne analizy na temat najwa\u017cniejszych kwestii aktualno\u015bci, \u0142\u0105cz\u0105c rygor z pasj\u0105 dziennikarsk\u0105.\",\"sameAs\":[\"https:\/\/www.pogotowieflagowe.pl\/\"]}]}<\/script>\n<!-- \/ Yoast SEO plugin. -->","yoast_head_json":{"title":"Ta zapomniana kopalnia soli na po\u0142udniu kraju przyci\u0105ga dzi\u015b miejskich odkrywc\u00f3w - POGOTOWIE FLAGOWE\u00ae","robots":{"index":"index","follow":"follow","max-snippet":"max-snippet:-1","max-image-preview":"max-image-preview:large","max-video-preview":"max-video-preview:-1"},"canonical":"https:\/\/www.pogotowieflagowe.pl\/aktualne\/ta-zapomniana-kopalnia-soli-na-poludniu-kraju-przyciaga-dzis-miejskich-odkrywcow\/","og_locale":"pl_PL","og_type":"article","og_title":"Ta zapomniana kopalnia soli na po\u0142udniu kraju przyci\u0105ga dzi\u015b miejskich odkrywc\u00f3w - POGOTOWIE FLAGOWE\u00ae","og_description":"M\u00f3wi\u0105, \u017ce pod po\u0142udniowym horyzontem wci\u0105\u017c oddycha s\u00f3l. W ch\u0142odnym mroku zalega cisza, kt\u00f3rej nie przerywa ju\u017c ani kilof, ani","og_url":"https:\/\/www.pogotowieflagowe.pl\/aktualne\/ta-zapomniana-kopalnia-soli-na-poludniu-kraju-przyciaga-dzis-miejskich-odkrywcow\/","og_site_name":"POGOTOWIE FLAGOWE\u00ae","article_published_time":"2025-10-12T05:59:00+00:00","article_modified_time":"2025-10-06T14:03:12+00:00","og_image":[{"width":1980,"height":1080,"url":"https:\/\/www.pogotowieflagowe.pl\/aktualne\/wp-content\/uploads\/2025\/10\/Ta-zapomniana-kopalnia-soli-na-poludniu-kraju-przyciaga-dzis-miejskich-odkrywcow.jpg","type":"image\/jpeg"}],"author":"Filip","twitter_card":"summary_large_image","twitter_misc":{"Napisane przez":"Filip","Szacowany czas czytania":"4 minuty"},"schema":{"@context":"https:\/\/schema.org","@graph":[{"@type":"Article","@id":"https:\/\/www.pogotowieflagowe.pl\/aktualne\/ta-zapomniana-kopalnia-soli-na-poludniu-kraju-przyciaga-dzis-miejskich-odkrywcow\/#article","isPartOf":{"@id":"https:\/\/www.pogotowieflagowe.pl\/aktualne\/ta-zapomniana-kopalnia-soli-na-poludniu-kraju-przyciaga-dzis-miejskich-odkrywcow\/"},"author":{"name":"Filip","@id":"https:\/\/www.pogotowieflagowe.pl\/aktualne\/#\/schema\/person\/9c2fb7d2362ebf6fa088960d7f0d27b0"},"headline":"Ta zapomniana kopalnia soli na po\u0142udniu kraju przyci\u0105ga dzi\u015b miejskich odkrywc\u00f3w","datePublished":"2025-10-12T05:59:00+00:00","dateModified":"2025-10-06T14:03:12+00:00","mainEntityOfPage":{"@id":"https:\/\/www.pogotowieflagowe.pl\/aktualne\/ta-zapomniana-kopalnia-soli-na-poludniu-kraju-przyciaga-dzis-miejskich-odkrywcow\/"},"wordCount":758,"commentCount":0,"publisher":{"@id":"https:\/\/www.pogotowieflagowe.pl\/aktualne\/#organization"},"image":{"@id":"https:\/\/www.pogotowieflagowe.pl\/aktualne\/ta-zapomniana-kopalnia-soli-na-poludniu-kraju-przyciaga-dzis-miejskich-odkrywcow\/#primaryimage"},"thumbnailUrl":"https:\/\/www.pogotowieflagowe.pl\/aktualne\/wp-content\/uploads\/2025\/10\/Ta-zapomniana-kopalnia-soli-na-poludniu-kraju-przyciaga-dzis-miejskich-odkrywcow.jpg","articleSection":["Aktualne"],"inLanguage":"pl-PL","potentialAction":[{"@type":"CommentAction","name":"Comment","target":["https:\/\/www.pogotowieflagowe.pl\/aktualne\/ta-zapomniana-kopalnia-soli-na-poludniu-kraju-przyciaga-dzis-miejskich-odkrywcow\/#respond"]}]},{"@type":"WebPage","@id":"https:\/\/www.pogotowieflagowe.pl\/aktualne\/ta-zapomniana-kopalnia-soli-na-poludniu-kraju-przyciaga-dzis-miejskich-odkrywcow\/","url":"https:\/\/www.pogotowieflagowe.pl\/aktualne\/ta-zapomniana-kopalnia-soli-na-poludniu-kraju-przyciaga-dzis-miejskich-odkrywcow\/","name":"Ta zapomniana kopalnia soli na po\u0142udniu kraju przyci\u0105ga dzi\u015b miejskich odkrywc\u00f3w - POGOTOWIE FLAGOWE\u00ae","isPartOf":{"@id":"https:\/\/www.pogotowieflagowe.pl\/aktualne\/#website"},"primaryImageOfPage":{"@id":"https:\/\/www.pogotowieflagowe.pl\/aktualne\/ta-zapomniana-kopalnia-soli-na-poludniu-kraju-przyciaga-dzis-miejskich-odkrywcow\/#primaryimage"},"image":{"@id":"https:\/\/www.pogotowieflagowe.pl\/aktualne\/ta-zapomniana-kopalnia-soli-na-poludniu-kraju-przyciaga-dzis-miejskich-odkrywcow\/#primaryimage"},"thumbnailUrl":"https:\/\/www.pogotowieflagowe.pl\/aktualne\/wp-content\/uploads\/2025\/10\/Ta-zapomniana-kopalnia-soli-na-poludniu-kraju-przyciaga-dzis-miejskich-odkrywcow.jpg","datePublished":"2025-10-12T05:59:00+00:00","dateModified":"2025-10-06T14:03:12+00:00","breadcrumb":{"@id":"https:\/\/www.pogotowieflagowe.pl\/aktualne\/ta-zapomniana-kopalnia-soli-na-poludniu-kraju-przyciaga-dzis-miejskich-odkrywcow\/#breadcrumb"},"inLanguage":"pl-PL","potentialAction":[{"@type":"ReadAction","target":["https:\/\/www.pogotowieflagowe.pl\/aktualne\/ta-zapomniana-kopalnia-soli-na-poludniu-kraju-przyciaga-dzis-miejskich-odkrywcow\/"]}]},{"@type":"ImageObject","inLanguage":"pl-PL","@id":"https:\/\/www.pogotowieflagowe.pl\/aktualne\/ta-zapomniana-kopalnia-soli-na-poludniu-kraju-przyciaga-dzis-miejskich-odkrywcow\/#primaryimage","url":"https:\/\/www.pogotowieflagowe.pl\/aktualne\/wp-content\/uploads\/2025\/10\/Ta-zapomniana-kopalnia-soli-na-poludniu-kraju-przyciaga-dzis-miejskich-odkrywcow.jpg","contentUrl":"https:\/\/www.pogotowieflagowe.pl\/aktualne\/wp-content\/uploads\/2025\/10\/Ta-zapomniana-kopalnia-soli-na-poludniu-kraju-przyciaga-dzis-miejskich-odkrywcow.jpg","width":1980,"height":1080},{"@type":"BreadcrumbList","@id":"https:\/\/www.pogotowieflagowe.pl\/aktualne\/ta-zapomniana-kopalnia-soli-na-poludniu-kraju-przyciaga-dzis-miejskich-odkrywcow\/#breadcrumb","itemListElement":[{"@type":"ListItem","position":1,"name":"Home","item":"https:\/\/www.pogotowieflagowe.pl\/aktualne\/"},{"@type":"ListItem","position":2,"name":"Ta zapomniana kopalnia soli na po\u0142udniu kraju przyci\u0105ga dzi\u015b miejskich odkrywc\u00f3w"}]},{"@type":"WebSite","@id":"https:\/\/www.pogotowieflagowe.pl\/aktualne\/#website","url":"https:\/\/www.pogotowieflagowe.pl\/aktualne\/","name":"POGOTOWIE FLAGOWE\u00ae","description":"","publisher":{"@id":"https:\/\/www.pogotowieflagowe.pl\/aktualne\/#organization"},"potentialAction":[{"@type":"SearchAction","target":{"@type":"EntryPoint","urlTemplate":"https:\/\/www.pogotowieflagowe.pl\/aktualne\/?s={search_term_string}"},"query-input":"required name=search_term_string"}],"inLanguage":"pl-PL"},{"@type":"Organization","@id":"https:\/\/www.pogotowieflagowe.pl\/aktualne\/#organization","name":"POGOTOWIE FLAGOWE\u00ae","url":"https:\/\/www.pogotowieflagowe.pl\/aktualne\/","logo":{"@type":"ImageObject","inLanguage":"pl-PL","@id":"https:\/\/www.pogotowieflagowe.pl\/aktualne\/#\/schema\/logo\/image\/","url":"https:\/\/www.pogotowieflagowe.pl\/aktualne\/wp-content\/uploads\/2024\/08\/cropped-pogotowieflagowe_flaga_projekt_sm.jpg","contentUrl":"https:\/\/www.pogotowieflagowe.pl\/aktualne\/wp-content\/uploads\/2024\/08\/cropped-pogotowieflagowe_flaga_projekt_sm.jpg","width":250,"height":143,"caption":"POGOTOWIE FLAGOWE\u00ae"},"image":{"@id":"https:\/\/www.pogotowieflagowe.pl\/aktualne\/#\/schema\/logo\/image\/"}},{"@type":"Person","@id":"https:\/\/www.pogotowieflagowe.pl\/aktualne\/#\/schema\/person\/9c2fb7d2362ebf6fa088960d7f0d27b0","name":"Filip","image":{"@type":"ImageObject","inLanguage":"pl-PL","@id":"https:\/\/www.pogotowieflagowe.pl\/aktualne\/#\/schema\/person\/image\/","url":"https:\/\/www.pogotowieflagowe.pl\/aktualne\/wp-content\/uploads\/2024\/08\/pogotowieflagowe.pl_.jpg","contentUrl":"https:\/\/www.pogotowieflagowe.pl\/aktualne\/wp-content\/uploads\/2024\/08\/pogotowieflagowe.pl_.jpg","caption":"Filip"},"description":"Jestem Filip, polski dziennikarz z dyplomem nauk politycznych Uniwersytetu Warszawskiego. Rozpoczynaj\u0105c swoj\u0105 karier\u0119 w r\u00f3\u017cnych lokalnych mediach, zdoby\u0142em solidne do\u015bwiadczenie w zakresie \u015bledztwa i redakcji. Obecnie jako redaktor w Pogotowie flagowe, staram si\u0119 dostarcza\u0107 dog\u0142\u0119bne i istotne analizy na temat najwa\u017cniejszych kwestii aktualno\u015bci, \u0142\u0105cz\u0105c rygor z pasj\u0105 dziennikarsk\u0105.","sameAs":["https:\/\/www.pogotowieflagowe.pl\/"]}]}},"_links":{"self":[{"href":"https:\/\/www.pogotowieflagowe.pl\/aktualne\/wp-json\/wp\/v2\/posts\/8967","targetHints":{"allow":["GET"]}}],"collection":[{"href":"https:\/\/www.pogotowieflagowe.pl\/aktualne\/wp-json\/wp\/v2\/posts"}],"about":[{"href":"https:\/\/www.pogotowieflagowe.pl\/aktualne\/wp-json\/wp\/v2\/types\/post"}],"author":[{"embeddable":true,"href":"https:\/\/www.pogotowieflagowe.pl\/aktualne\/wp-json\/wp\/v2\/users\/1"}],"replies":[{"embeddable":true,"href":"https:\/\/www.pogotowieflagowe.pl\/aktualne\/wp-json\/wp\/v2\/comments?post=8967"}],"version-history":[{"count":1,"href":"https:\/\/www.pogotowieflagowe.pl\/aktualne\/wp-json\/wp\/v2\/posts\/8967\/revisions"}],"predecessor-version":[{"id":8972,"href":"https:\/\/www.pogotowieflagowe.pl\/aktualne\/wp-json\/wp\/v2\/posts\/8967\/revisions\/8972"}],"wp:featuredmedia":[{"embeddable":true,"href":"https:\/\/www.pogotowieflagowe.pl\/aktualne\/wp-json\/wp\/v2\/media\/8971"}],"wp:attachment":[{"href":"https:\/\/www.pogotowieflagowe.pl\/aktualne\/wp-json\/wp\/v2\/media?parent=8967"}],"wp:term":[{"taxonomy":"category","embeddable":true,"href":"https:\/\/www.pogotowieflagowe.pl\/aktualne\/wp-json\/wp\/v2\/categories?post=8967"},{"taxonomy":"post_tag","embeddable":true,"href":"https:\/\/www.pogotowieflagowe.pl\/aktualne\/wp-json\/wp\/v2\/tags?post=8967"}],"curies":[{"name":"wp","href":"https:\/\/api.w.org\/{rel}","templated":true}]}}