{"id":9248,"date":"2025-10-11T22:42:54","date_gmt":"2025-10-11T20:42:54","guid":{"rendered":"https:\/\/www.pogotowieflagowe.pl\/aktualne\/kluby-gazety-polskiej-licznie-zgromadzily-sie-na-placu-zamkowym-na-kazdy-telefon-kluby-reaguja-jako-pierwsze\/"},"modified":"2025-10-11T22:42:55","modified_gmt":"2025-10-11T20:42:55","slug":"kluby-gazety-polskiej-licznie-zgromadzily-sie-na-placu-zamkowym-na-kazdy-telefon-kluby-reaguja-jako-pierwsze","status":"publish","type":"post","link":"https:\/\/www.pogotowieflagowe.pl\/aktualne\/kluby-gazety-polskiej-licznie-zgromadzily-sie-na-placu-zamkowym-na-kazdy-telefon-kluby-reaguja-jako-pierwsze\/","title":{"rendered":"Kluby Gazety Polskiej licznie zgromadzi\u0142y si\u0119 na Placu Zamkowym. \u201eNa ka\u017cdy telefon \u2013 Kluby reaguj\u0105 jako pierwsze\u201d"},"content":{"rendered":"\n<div class=\"td_block_wrap tdb_single_content tdi_41 td-pb-border-top td_block_template_8 td-post-content tagdiv-type\" data-td-block-uid=\"tdi_41\">\n<style>.tdi_41{margines-top:0px!important;margin-bottom:0px!important;dope\u0142nienie-g\u00f3ra:0px!important;dope\u0142nienie-d\u00f3\u0142:0px!important}<\/style>\n<style>.tdb_single_content{margin-bottom:0;*zoom:1}.tdb_single_content:before,.tdb_single_content:after{display:table;content:'';line-height:0}.tdb_single_content:after{clear:both}.tdb_single_content .tdb-block-inner>*:not(.wp-block-quote):not(.alignwide):not(.alignfull.wp-block-cover.has-parallax):not(.td-a-ad){margin-left:auto;margin-right:auto}.tdb_single_content a{pointer-events:auto}.tdb_single_content .td-spot-id-top_ad .tdc-placeholder-title:before{content:'Article Top Ad'!important}.tdb_single_content .td-spot-id-inline_ad0 .tdc-placeholder-title:before{content:'Article Reklama wbudowana 1'!important}.tdb_single_content .td-spot-id-inline_ad1 .tdc-placeholder-title:before{content:'Reklama wbudowana w artyku\u0142 2'!important}.tdb_single_content .td-spot-id-inline_ad2 .tdc-placeholder-title:before{content:'Reklama w tek\u015bcie artyku\u0142u 3'!important}.tdb_single_content .td-spot-id-bottom_ad .tdc-placeholder-title:before{content:'Article Bottom Ad'!important}.tdb_single_content .id_top_ad,.tdb_single_content .id_bottom_ad{clear:both;margin-bottom:21px;text-align:center}.tdb_single_content .id_top_ad img,.tdb_single_content .id_bottom_ad img{margin-bottom:0}.tdb_single_content .id_top_ad .adsbygoogle,.tdb_single_content .id_bottom_ad .adsbygoogle{position:relative}.tdb_single_content .id_ad_content-horiz-left,.tdb_single_content .id_ad_content-horiz-right,.tdb_single_content .id_ad_content-horiz-center{margin-bottom:15px}.tdb_single_content .id_ad_content-horiz-left img,.tdb_single_content .id_ad_content-horiz-right img,.tdb_single_content .id_ad_content-horiz-center img{margin-bottom:0}.tdb_single_content .id_ad_content-horiz-center{text-align:center}.tdb_single_content .id_ad_content-horiz-center img{margin-right:auto;margin-left:auto}.tdb_single_content .id_ad_content-horiz-left{float:left;margin-top:9px;margin-right:21px}.tdb_single_content .id_ad_content-horiz-right{float:right;margin-top:6px;margin-left:21px}.tdb_single_content .tdc-a-ad .tdc-placeholder-title{width:300px;height:250px}.tdb_single_content .tdc-a-ad .tdc-placeholder-title:before{position:absolute;top:50%;-webkit-transform:translateY(-50%);transform:translateY(-50%);margin:auto;display:table;width:100%}.tdb_single_content .tdb-block-inner.td-fix-index{word-break:break-word}.tdi_41,.tdi_41>p,.tdi_41 .tdb-block-inner>p,.wp-block-column>p{font-size:16px!important;line-height:1.6!important}.tdi_41 .tdb-block-inner cytat blokowy p{font-style:normal!important}@media (max-width:767px){.tdb_single_content .id_ad_content-horiz-left,.tdb_single_content .id_ad_content-horiz-right,.tdb_single_content .id_ad_content-horiz-center{margin:0 auto 26 pikseli auto}}@media (max-width:767px){.tdb_single_content .id_ad_content-horiz-left{margin-right:0}}@media (max-width:767px){.tdb_single_content .id_ad_content-horiz-right{margin-left:0}}@media (max-width:767px){.tdb_single_content .td-a-ad{float:none;text-align:center}.tdb_single_content .td-a-ad img{margin-right:auto;margin-left:auto}.tdb_single_content .tdc-a-ad{float:none}}<\/style>\n<div class=\"tdb-block-inner td-fix-index\">\n<p>Jak zawsze, Kluby jako pierwsze reaguj\u0105 na ka\u017cde wezwanie i to wida\u0107. Tam, gdzie autobusy s\u0105 pe\u0142ne, zawsze s\u0105 Kluby \u2013 powiedzia\u0142a Marzena Gmi\u0144ska z im <em>Gazeta Polska<\/em> Klub w S\u0142upsku. Cz\u0142onkowie klubu licznie przybyli na dzisiejsz\u0105 demonstracj\u0119 przeciwko paktowi migracyjnemu i tzw <em>Mercosuru<\/em> porozumienie.<\/p>\n<p>Przedstawiciele <em>Gazeta Polska<\/em> Kluby z ca\u0142ej Polski licznie zgromadzi\u0142y si\u0119 na dzisiejszym prote\u015bcie przeciwko paktowi UE-Mercosur. Deszczowa pogoda ich nie zniech\u0119ci\u0142a.<\/p>\n<figure class=\"wp-block-pullquote\">\n<blockquote>\n<p><strong>&#8222;Wyst\u0119powali\u015bmy pod has\u0142em \u00abw obronie Polski\u00bb. Kiedy rozmawia\u0142em z lud\u017ami w autobusie, ruch polega\u0142 na pokazaniu naszego sprzeciwu wobec wszystkiego, co si\u0119 dzieje \u2013 w wymiarze sprawiedliwo\u015bci, w spo\u0142ecze\u0144stwie, gdzie ludzie \u017cyj\u0105 coraz gorzej. Je\u015bli chodzi o migrant\u00f3w, to te\u017c, ale przede wszystkim, chodzi o to, \u017ceby stan\u0105\u0107 w obronie naszego kraju\u201d<\/strong> \u2013 powiedzia\u0142a Marzena Gmi\u0144ska, przewodnicz\u0105ca Zarz\u0105du <em>Lekarz rodzinny<\/em> Klub w S\u0142upsku w rozmowie z naszym reporterem.<\/p>\n<\/blockquote>\n<\/figure>\n<figure class=\"wp-block-pullquote\">\n<blockquote>\n<p><strong>&#8222;Jak zawsze, na ka\u017cdy telefon, Kluby reaguj\u0105 jako pierwsze i to wida\u0107. Gdziekolwiek s\u0105 pe\u0142ne autobusy, tam znajdziesz Kluby&#8221;<\/strong> doda\u0142a.<\/p>\n<\/blockquote>\n<\/figure>\n<figure class=\"wp-block-pullquote\">\n<blockquote>\n<p>J\u00f3zef Omiotek z kl <em>Lekarz rodzinny<\/em> Tak stwierdzi\u0142 klub w Pabianicach <strong>\u201ePrzyszli zwr\u00f3ci\u0107 uwag\u0119 na fakt, \u017ce Polska jest demontowana przez nasz rz\u0105d\u201d.<\/strong><\/p>\n<\/blockquote>\n<\/figure>\n<figure class=\"wp-block-pullquote\">\n<blockquote>\n<p><strong>&#8222;Zniszczyli nasz\u0105 gospodark\u0119, teraz niszcz\u0105 rolnictwo. Za dwa, trzy lata nie zostanie nam nic. Przyjechali\u015bmy zwr\u00f3ci\u0107 na siebie uwag\u0119, da\u0107 drugiej stronie do my\u015blenia, co robi rz\u0105d. Nie ma inwestycji, bierzemy po\u017cyczki &#8211; co to za gospodarz?&#8221;<\/strong> zapyta\u0142.<\/p>\n<\/blockquote>\n<\/figure>\n<p>Izabela Mi\u0142kowska z kl <em>Lekarz rodzinny<\/em> Podkre\u015bli\u0142 to Klub w O\u015bwi\u0119cimiu <strong>\u201eTego wydarzenia po prostu nie mog\u0142o zabrakn\u0105\u0107.<\/strong>\u201e<\/p>\n<figure class=\"wp-block-pullquote\">\n<blockquote>\n<p><strong>&#8222;Musimy przeciwstawi\u0107 si\u0119 rz\u0105dowi Tuska, paktowi migracyjnemu i porozumieniu Mercosur. W tym kraju nic nie idzie dobrze. Coraz wi\u0119cej os\u00f3b m\u00f3wi mi, \u017ce g\u0142osowa\u0142o na Platform\u0119 Obywatelsk\u0105 (<em>PO<\/em>), ale nigdy wi\u0119cej tego nie zrobi\u0105. My\u015bl\u0119, \u017ce wybory odb\u0119d\u0105 si\u0119 wiosn\u0105. Prezydent nie zatwierdzi bud\u017cetu i rozwi\u0105\u017ce rz\u0105d\u201d<\/strong> \u2013 zaproponowa\u0142a Mi\u0142kowska.<\/p>\n<\/blockquote>\n<\/figure>\n<\/div>\n<\/div>\n","protected":false},"excerpt":{"rendered":"<p>Jak zawsze, Kluby jako pierwsze reaguj\u0105 na ka\u017cde wezwanie i to wida\u0107. Tam, gdzie autobusy s\u0105 pe\u0142ne, zawsze s\u0105 Kluby<\/p>\n","protected":false},"author":1,"featured_media":9249,"comment_status":"open","ping_status":"open","sticky":false,"template":"","format":"standard","meta":{"footnotes":""},"categories":[4748],"tags":[3383,3285,5167,2841,10747,602,10749,652,2830,150,10751,10750,10748],"class_list":["post-9248","post","type-post","status-publish","format-standard","has-post-thumbnail","hentry","category-aktualne","tag-gazety","tag-jako","tag-kazdy","tag-kluby","tag-licznie","tag-pierwsze","tag-placu","tag-polskiej","tag-reaguja","tag-sie","tag-telefon","tag-zamkowym","tag-zgromadzily","generate-columns","tablet-grid-50","mobile-grid-100","grid-parent","grid-50","resize-featured-image"],"yoast_head":"<!-- This site is optimized with the Yoast SEO plugin v23.2 - https:\/\/yoast.com\/wordpress\/plugins\/seo\/ -->\n<title>Kluby Gazety Polskiej licznie zgromadzi\u0142y si\u0119 na Placu Zamkowym. \u201eNa ka\u017cdy telefon \u2013 Kluby reaguj\u0105 jako pierwsze\u201d - POGOTOWIE FLAGOWE\u00ae<\/title>\n<meta name=\"robots\" content=\"index, follow, max-snippet:-1, max-image-preview:large, max-video-preview:-1\" \/>\n<link rel=\"canonical\" href=\"https:\/\/www.pogotowieflagowe.pl\/aktualne\/kluby-gazety-polskiej-licznie-zgromadzily-sie-na-placu-zamkowym-na-kazdy-telefon-kluby-reaguja-jako-pierwsze\/\" \/>\n<meta property=\"og:locale\" content=\"pl_PL\" \/>\n<meta property=\"og:type\" content=\"article\" \/>\n<meta property=\"og:title\" content=\"Kluby Gazety Polskiej licznie zgromadzi\u0142y si\u0119 na Placu Zamkowym. \u201eNa ka\u017cdy telefon \u2013 Kluby reaguj\u0105 jako pierwsze\u201d - POGOTOWIE FLAGOWE\u00ae\" \/>\n<meta property=\"og:description\" content=\"Jak zawsze, Kluby jako pierwsze reaguj\u0105 na ka\u017cde wezwanie i to wida\u0107. Tam, gdzie autobusy s\u0105 pe\u0142ne, zawsze s\u0105 Kluby\" \/>\n<meta property=\"og:url\" content=\"https:\/\/www.pogotowieflagowe.pl\/aktualne\/kluby-gazety-polskiej-licznie-zgromadzily-sie-na-placu-zamkowym-na-kazdy-telefon-kluby-reaguja-jako-pierwsze\/\" \/>\n<meta property=\"og:site_name\" content=\"POGOTOWIE FLAGOWE\u00ae\" \/>\n<meta property=\"article:published_time\" content=\"2025-10-11T20:42:54+00:00\" \/>\n<meta property=\"article:modified_time\" content=\"2025-10-11T20:42:55+00:00\" \/>\n<meta property=\"og:image\" content=\"https:\/\/www.pogotowieflagowe.pl\/aktualne\/wp-content\/uploads\/2025\/10\/Kluby-Gazety-Polskiej-licznie-zgromadzily-sie-na-Placu-Zamkowym-\u201eNa.webp.webp\" \/>\n\t<meta property=\"og:image:width\" content=\"1280\" \/>\n\t<meta property=\"og:image:height\" content=\"720\" \/>\n\t<meta property=\"og:image:type\" content=\"image\/webp\" \/>\n<meta name=\"author\" content=\"Filip\" \/>\n<meta name=\"twitter:card\" content=\"summary_large_image\" \/>\n<meta name=\"twitter:label1\" content=\"Napisane przez\" \/>\n\t<meta name=\"twitter:data1\" content=\"Filip\" \/>\n\t<meta name=\"twitter:label2\" content=\"Szacowany czas czytania\" \/>\n\t<meta name=\"twitter:data2\" content=\"2 minuty\" \/>\n<script type=\"application\/ld+json\" class=\"yoast-schema-graph\">{\"@context\":\"https:\/\/schema.org\",\"@graph\":[{\"@type\":\"Article\",\"@id\":\"https:\/\/www.pogotowieflagowe.pl\/aktualne\/kluby-gazety-polskiej-licznie-zgromadzily-sie-na-placu-zamkowym-na-kazdy-telefon-kluby-reaguja-jako-pierwsze\/#article\",\"isPartOf\":{\"@id\":\"https:\/\/www.pogotowieflagowe.pl\/aktualne\/kluby-gazety-polskiej-licznie-zgromadzily-sie-na-placu-zamkowym-na-kazdy-telefon-kluby-reaguja-jako-pierwsze\/\"},\"author\":{\"name\":\"Filip\",\"@id\":\"https:\/\/www.pogotowieflagowe.pl\/aktualne\/#\/schema\/person\/9c2fb7d2362ebf6fa088960d7f0d27b0\"},\"headline\":\"Kluby Gazety Polskiej licznie zgromadzi\u0142y si\u0119 na Placu Zamkowym. \u201eNa ka\u017cdy telefon \u2013 Kluby reaguj\u0105 jako pierwsze\u201d\",\"datePublished\":\"2025-10-11T20:42:54+00:00\",\"dateModified\":\"2025-10-11T20:42:55+00:00\",\"mainEntityOfPage\":{\"@id\":\"https:\/\/www.pogotowieflagowe.pl\/aktualne\/kluby-gazety-polskiej-licznie-zgromadzily-sie-na-placu-zamkowym-na-kazdy-telefon-kluby-reaguja-jako-pierwsze\/\"},\"wordCount\":353,\"commentCount\":0,\"publisher\":{\"@id\":\"https:\/\/www.pogotowieflagowe.pl\/aktualne\/#organization\"},\"image\":{\"@id\":\"https:\/\/www.pogotowieflagowe.pl\/aktualne\/kluby-gazety-polskiej-licznie-zgromadzily-sie-na-placu-zamkowym-na-kazdy-telefon-kluby-reaguja-jako-pierwsze\/#primaryimage\"},\"thumbnailUrl\":\"https:\/\/www.pogotowieflagowe.pl\/aktualne\/wp-content\/uploads\/2025\/10\/Kluby-Gazety-Polskiej-licznie-zgromadzily-sie-na-Placu-Zamkowym-\u201eNa.webp.webp\",\"keywords\":[\"Gazety\",\"jako\",\"ka\u017cdy\",\"kluby\",\"licznie\",\"pierwsze\",\"Placu\",\"polskiej\",\"reaguj\u0105\",\"si\u0119\",\"telefon\",\"Zamkowym\",\"zgromadzi\u0142y\"],\"articleSection\":[\"Aktualne\"],\"inLanguage\":\"pl-PL\",\"potentialAction\":[{\"@type\":\"CommentAction\",\"name\":\"Comment\",\"target\":[\"https:\/\/www.pogotowieflagowe.pl\/aktualne\/kluby-gazety-polskiej-licznie-zgromadzily-sie-na-placu-zamkowym-na-kazdy-telefon-kluby-reaguja-jako-pierwsze\/#respond\"]}]},{\"@type\":\"WebPage\",\"@id\":\"https:\/\/www.pogotowieflagowe.pl\/aktualne\/kluby-gazety-polskiej-licznie-zgromadzily-sie-na-placu-zamkowym-na-kazdy-telefon-kluby-reaguja-jako-pierwsze\/\",\"url\":\"https:\/\/www.pogotowieflagowe.pl\/aktualne\/kluby-gazety-polskiej-licznie-zgromadzily-sie-na-placu-zamkowym-na-kazdy-telefon-kluby-reaguja-jako-pierwsze\/\",\"name\":\"Kluby Gazety Polskiej licznie zgromadzi\u0142y si\u0119 na Placu Zamkowym. \u201eNa ka\u017cdy telefon \u2013 Kluby reaguj\u0105 jako pierwsze\u201d - POGOTOWIE FLAGOWE\u00ae\",\"isPartOf\":{\"@id\":\"https:\/\/www.pogotowieflagowe.pl\/aktualne\/#website\"},\"primaryImageOfPage\":{\"@id\":\"https:\/\/www.pogotowieflagowe.pl\/aktualne\/kluby-gazety-polskiej-licznie-zgromadzily-sie-na-placu-zamkowym-na-kazdy-telefon-kluby-reaguja-jako-pierwsze\/#primaryimage\"},\"image\":{\"@id\":\"https:\/\/www.pogotowieflagowe.pl\/aktualne\/kluby-gazety-polskiej-licznie-zgromadzily-sie-na-placu-zamkowym-na-kazdy-telefon-kluby-reaguja-jako-pierwsze\/#primaryimage\"},\"thumbnailUrl\":\"https:\/\/www.pogotowieflagowe.pl\/aktualne\/wp-content\/uploads\/2025\/10\/Kluby-Gazety-Polskiej-licznie-zgromadzily-sie-na-Placu-Zamkowym-\u201eNa.webp.webp\",\"datePublished\":\"2025-10-11T20:42:54+00:00\",\"dateModified\":\"2025-10-11T20:42:55+00:00\",\"breadcrumb\":{\"@id\":\"https:\/\/www.pogotowieflagowe.pl\/aktualne\/kluby-gazety-polskiej-licznie-zgromadzily-sie-na-placu-zamkowym-na-kazdy-telefon-kluby-reaguja-jako-pierwsze\/#breadcrumb\"},\"inLanguage\":\"pl-PL\",\"potentialAction\":[{\"@type\":\"ReadAction\",\"target\":[\"https:\/\/www.pogotowieflagowe.pl\/aktualne\/kluby-gazety-polskiej-licznie-zgromadzily-sie-na-placu-zamkowym-na-kazdy-telefon-kluby-reaguja-jako-pierwsze\/\"]}]},{\"@type\":\"ImageObject\",\"inLanguage\":\"pl-PL\",\"@id\":\"https:\/\/www.pogotowieflagowe.pl\/aktualne\/kluby-gazety-polskiej-licznie-zgromadzily-sie-na-placu-zamkowym-na-kazdy-telefon-kluby-reaguja-jako-pierwsze\/#primaryimage\",\"url\":\"https:\/\/www.pogotowieflagowe.pl\/aktualne\/wp-content\/uploads\/2025\/10\/Kluby-Gazety-Polskiej-licznie-zgromadzily-sie-na-Placu-Zamkowym-\u201eNa.webp.webp\",\"contentUrl\":\"https:\/\/www.pogotowieflagowe.pl\/aktualne\/wp-content\/uploads\/2025\/10\/Kluby-Gazety-Polskiej-licznie-zgromadzily-sie-na-Placu-Zamkowym-\u201eNa.webp.webp\",\"width\":1280,\"height\":720,\"caption\":\"Kluby Gazety Polskiej licznie zgromadzi\u0142y si\u0119 na Placu Zamkowym. \u201eNa ka\u017cdy telefon \u2013 Kluby reaguj\u0105 jako pierwsze\u201d\"},{\"@type\":\"BreadcrumbList\",\"@id\":\"https:\/\/www.pogotowieflagowe.pl\/aktualne\/kluby-gazety-polskiej-licznie-zgromadzily-sie-na-placu-zamkowym-na-kazdy-telefon-kluby-reaguja-jako-pierwsze\/#breadcrumb\",\"itemListElement\":[{\"@type\":\"ListItem\",\"position\":1,\"name\":\"Home\",\"item\":\"https:\/\/www.pogotowieflagowe.pl\/aktualne\/\"},{\"@type\":\"ListItem\",\"position\":2,\"name\":\"Kluby Gazety Polskiej licznie zgromadzi\u0142y si\u0119 na Placu Zamkowym. \u201eNa ka\u017cdy telefon \u2013 Kluby reaguj\u0105 jako pierwsze\u201d\"}]},{\"@type\":\"WebSite\",\"@id\":\"https:\/\/www.pogotowieflagowe.pl\/aktualne\/#website\",\"url\":\"https:\/\/www.pogotowieflagowe.pl\/aktualne\/\",\"name\":\"POGOTOWIE FLAGOWE\u00ae\",\"description\":\"\",\"publisher\":{\"@id\":\"https:\/\/www.pogotowieflagowe.pl\/aktualne\/#organization\"},\"potentialAction\":[{\"@type\":\"SearchAction\",\"target\":{\"@type\":\"EntryPoint\",\"urlTemplate\":\"https:\/\/www.pogotowieflagowe.pl\/aktualne\/?s={search_term_string}\"},\"query-input\":\"required name=search_term_string\"}],\"inLanguage\":\"pl-PL\"},{\"@type\":\"Organization\",\"@id\":\"https:\/\/www.pogotowieflagowe.pl\/aktualne\/#organization\",\"name\":\"POGOTOWIE FLAGOWE\u00ae\",\"url\":\"https:\/\/www.pogotowieflagowe.pl\/aktualne\/\",\"logo\":{\"@type\":\"ImageObject\",\"inLanguage\":\"pl-PL\",\"@id\":\"https:\/\/www.pogotowieflagowe.pl\/aktualne\/#\/schema\/logo\/image\/\",\"url\":\"https:\/\/www.pogotowieflagowe.pl\/aktualne\/wp-content\/uploads\/2024\/08\/cropped-pogotowieflagowe_flaga_projekt_sm.jpg\",\"contentUrl\":\"https:\/\/www.pogotowieflagowe.pl\/aktualne\/wp-content\/uploads\/2024\/08\/cropped-pogotowieflagowe_flaga_projekt_sm.jpg\",\"width\":250,\"height\":143,\"caption\":\"POGOTOWIE FLAGOWE\u00ae\"},\"image\":{\"@id\":\"https:\/\/www.pogotowieflagowe.pl\/aktualne\/#\/schema\/logo\/image\/\"}},{\"@type\":\"Person\",\"@id\":\"https:\/\/www.pogotowieflagowe.pl\/aktualne\/#\/schema\/person\/9c2fb7d2362ebf6fa088960d7f0d27b0\",\"name\":\"Filip\",\"image\":{\"@type\":\"ImageObject\",\"inLanguage\":\"pl-PL\",\"@id\":\"https:\/\/www.pogotowieflagowe.pl\/aktualne\/#\/schema\/person\/image\/\",\"url\":\"https:\/\/www.pogotowieflagowe.pl\/aktualne\/wp-content\/uploads\/2024\/08\/pogotowieflagowe.pl_.jpg\",\"contentUrl\":\"https:\/\/www.pogotowieflagowe.pl\/aktualne\/wp-content\/uploads\/2024\/08\/pogotowieflagowe.pl_.jpg\",\"caption\":\"Filip\"},\"description\":\"Jestem Filip, polski dziennikarz z dyplomem nauk politycznych Uniwersytetu Warszawskiego. Rozpoczynaj\u0105c swoj\u0105 karier\u0119 w r\u00f3\u017cnych lokalnych mediach, zdoby\u0142em solidne do\u015bwiadczenie w zakresie \u015bledztwa i redakcji. Obecnie jako redaktor w Pogotowie flagowe, staram si\u0119 dostarcza\u0107 dog\u0142\u0119bne i istotne analizy na temat najwa\u017cniejszych kwestii aktualno\u015bci, \u0142\u0105cz\u0105c rygor z pasj\u0105 dziennikarsk\u0105.\",\"sameAs\":[\"https:\/\/www.pogotowieflagowe.pl\/\"]}]}<\/script>\n<!-- \/ Yoast SEO plugin. -->","yoast_head_json":{"title":"Kluby Gazety Polskiej licznie zgromadzi\u0142y si\u0119 na Placu Zamkowym. \u201eNa ka\u017cdy telefon \u2013 Kluby reaguj\u0105 jako pierwsze\u201d - POGOTOWIE FLAGOWE\u00ae","robots":{"index":"index","follow":"follow","max-snippet":"max-snippet:-1","max-image-preview":"max-image-preview:large","max-video-preview":"max-video-preview:-1"},"canonical":"https:\/\/www.pogotowieflagowe.pl\/aktualne\/kluby-gazety-polskiej-licznie-zgromadzily-sie-na-placu-zamkowym-na-kazdy-telefon-kluby-reaguja-jako-pierwsze\/","og_locale":"pl_PL","og_type":"article","og_title":"Kluby Gazety Polskiej licznie zgromadzi\u0142y si\u0119 na Placu Zamkowym. \u201eNa ka\u017cdy telefon \u2013 Kluby reaguj\u0105 jako pierwsze\u201d - POGOTOWIE FLAGOWE\u00ae","og_description":"Jak zawsze, Kluby jako pierwsze reaguj\u0105 na ka\u017cde wezwanie i to wida\u0107. Tam, gdzie autobusy s\u0105 pe\u0142ne, zawsze s\u0105 Kluby","og_url":"https:\/\/www.pogotowieflagowe.pl\/aktualne\/kluby-gazety-polskiej-licznie-zgromadzily-sie-na-placu-zamkowym-na-kazdy-telefon-kluby-reaguja-jako-pierwsze\/","og_site_name":"POGOTOWIE FLAGOWE\u00ae","article_published_time":"2025-10-11T20:42:54+00:00","article_modified_time":"2025-10-11T20:42:55+00:00","og_image":[{"width":1280,"height":720,"url":"https:\/\/www.pogotowieflagowe.pl\/aktualne\/wp-content\/uploads\/2025\/10\/Kluby-Gazety-Polskiej-licznie-zgromadzily-sie-na-Placu-Zamkowym-\u201eNa.webp.webp","type":"image\/webp"}],"author":"Filip","twitter_card":"summary_large_image","twitter_misc":{"Napisane przez":"Filip","Szacowany czas czytania":"2 minuty"},"schema":{"@context":"https:\/\/schema.org","@graph":[{"@type":"Article","@id":"https:\/\/www.pogotowieflagowe.pl\/aktualne\/kluby-gazety-polskiej-licznie-zgromadzily-sie-na-placu-zamkowym-na-kazdy-telefon-kluby-reaguja-jako-pierwsze\/#article","isPartOf":{"@id":"https:\/\/www.pogotowieflagowe.pl\/aktualne\/kluby-gazety-polskiej-licznie-zgromadzily-sie-na-placu-zamkowym-na-kazdy-telefon-kluby-reaguja-jako-pierwsze\/"},"author":{"name":"Filip","@id":"https:\/\/www.pogotowieflagowe.pl\/aktualne\/#\/schema\/person\/9c2fb7d2362ebf6fa088960d7f0d27b0"},"headline":"Kluby Gazety Polskiej licznie zgromadzi\u0142y si\u0119 na Placu Zamkowym. \u201eNa ka\u017cdy telefon \u2013 Kluby reaguj\u0105 jako pierwsze\u201d","datePublished":"2025-10-11T20:42:54+00:00","dateModified":"2025-10-11T20:42:55+00:00","mainEntityOfPage":{"@id":"https:\/\/www.pogotowieflagowe.pl\/aktualne\/kluby-gazety-polskiej-licznie-zgromadzily-sie-na-placu-zamkowym-na-kazdy-telefon-kluby-reaguja-jako-pierwsze\/"},"wordCount":353,"commentCount":0,"publisher":{"@id":"https:\/\/www.pogotowieflagowe.pl\/aktualne\/#organization"},"image":{"@id":"https:\/\/www.pogotowieflagowe.pl\/aktualne\/kluby-gazety-polskiej-licznie-zgromadzily-sie-na-placu-zamkowym-na-kazdy-telefon-kluby-reaguja-jako-pierwsze\/#primaryimage"},"thumbnailUrl":"https:\/\/www.pogotowieflagowe.pl\/aktualne\/wp-content\/uploads\/2025\/10\/Kluby-Gazety-Polskiej-licznie-zgromadzily-sie-na-Placu-Zamkowym-\u201eNa.webp.webp","keywords":["Gazety","jako","ka\u017cdy","kluby","licznie","pierwsze","Placu","polskiej","reaguj\u0105","si\u0119","telefon","Zamkowym","zgromadzi\u0142y"],"articleSection":["Aktualne"],"inLanguage":"pl-PL","potentialAction":[{"@type":"CommentAction","name":"Comment","target":["https:\/\/www.pogotowieflagowe.pl\/aktualne\/kluby-gazety-polskiej-licznie-zgromadzily-sie-na-placu-zamkowym-na-kazdy-telefon-kluby-reaguja-jako-pierwsze\/#respond"]}]},{"@type":"WebPage","@id":"https:\/\/www.pogotowieflagowe.pl\/aktualne\/kluby-gazety-polskiej-licznie-zgromadzily-sie-na-placu-zamkowym-na-kazdy-telefon-kluby-reaguja-jako-pierwsze\/","url":"https:\/\/www.pogotowieflagowe.pl\/aktualne\/kluby-gazety-polskiej-licznie-zgromadzily-sie-na-placu-zamkowym-na-kazdy-telefon-kluby-reaguja-jako-pierwsze\/","name":"Kluby Gazety Polskiej licznie zgromadzi\u0142y si\u0119 na Placu Zamkowym. \u201eNa ka\u017cdy telefon \u2013 Kluby reaguj\u0105 jako pierwsze\u201d - POGOTOWIE FLAGOWE\u00ae","isPartOf":{"@id":"https:\/\/www.pogotowieflagowe.pl\/aktualne\/#website"},"primaryImageOfPage":{"@id":"https:\/\/www.pogotowieflagowe.pl\/aktualne\/kluby-gazety-polskiej-licznie-zgromadzily-sie-na-placu-zamkowym-na-kazdy-telefon-kluby-reaguja-jako-pierwsze\/#primaryimage"},"image":{"@id":"https:\/\/www.pogotowieflagowe.pl\/aktualne\/kluby-gazety-polskiej-licznie-zgromadzily-sie-na-placu-zamkowym-na-kazdy-telefon-kluby-reaguja-jako-pierwsze\/#primaryimage"},"thumbnailUrl":"https:\/\/www.pogotowieflagowe.pl\/aktualne\/wp-content\/uploads\/2025\/10\/Kluby-Gazety-Polskiej-licznie-zgromadzily-sie-na-Placu-Zamkowym-\u201eNa.webp.webp","datePublished":"2025-10-11T20:42:54+00:00","dateModified":"2025-10-11T20:42:55+00:00","breadcrumb":{"@id":"https:\/\/www.pogotowieflagowe.pl\/aktualne\/kluby-gazety-polskiej-licznie-zgromadzily-sie-na-placu-zamkowym-na-kazdy-telefon-kluby-reaguja-jako-pierwsze\/#breadcrumb"},"inLanguage":"pl-PL","potentialAction":[{"@type":"ReadAction","target":["https:\/\/www.pogotowieflagowe.pl\/aktualne\/kluby-gazety-polskiej-licznie-zgromadzily-sie-na-placu-zamkowym-na-kazdy-telefon-kluby-reaguja-jako-pierwsze\/"]}]},{"@type":"ImageObject","inLanguage":"pl-PL","@id":"https:\/\/www.pogotowieflagowe.pl\/aktualne\/kluby-gazety-polskiej-licznie-zgromadzily-sie-na-placu-zamkowym-na-kazdy-telefon-kluby-reaguja-jako-pierwsze\/#primaryimage","url":"https:\/\/www.pogotowieflagowe.pl\/aktualne\/wp-content\/uploads\/2025\/10\/Kluby-Gazety-Polskiej-licznie-zgromadzily-sie-na-Placu-Zamkowym-\u201eNa.webp.webp","contentUrl":"https:\/\/www.pogotowieflagowe.pl\/aktualne\/wp-content\/uploads\/2025\/10\/Kluby-Gazety-Polskiej-licznie-zgromadzily-sie-na-Placu-Zamkowym-\u201eNa.webp.webp","width":1280,"height":720,"caption":"Kluby Gazety Polskiej licznie zgromadzi\u0142y si\u0119 na Placu Zamkowym. \u201eNa ka\u017cdy telefon \u2013 Kluby reaguj\u0105 jako pierwsze\u201d"},{"@type":"BreadcrumbList","@id":"https:\/\/www.pogotowieflagowe.pl\/aktualne\/kluby-gazety-polskiej-licznie-zgromadzily-sie-na-placu-zamkowym-na-kazdy-telefon-kluby-reaguja-jako-pierwsze\/#breadcrumb","itemListElement":[{"@type":"ListItem","position":1,"name":"Home","item":"https:\/\/www.pogotowieflagowe.pl\/aktualne\/"},{"@type":"ListItem","position":2,"name":"Kluby Gazety Polskiej licznie zgromadzi\u0142y si\u0119 na Placu Zamkowym. \u201eNa ka\u017cdy telefon \u2013 Kluby reaguj\u0105 jako pierwsze\u201d"}]},{"@type":"WebSite","@id":"https:\/\/www.pogotowieflagowe.pl\/aktualne\/#website","url":"https:\/\/www.pogotowieflagowe.pl\/aktualne\/","name":"POGOTOWIE FLAGOWE\u00ae","description":"","publisher":{"@id":"https:\/\/www.pogotowieflagowe.pl\/aktualne\/#organization"},"potentialAction":[{"@type":"SearchAction","target":{"@type":"EntryPoint","urlTemplate":"https:\/\/www.pogotowieflagowe.pl\/aktualne\/?s={search_term_string}"},"query-input":"required name=search_term_string"}],"inLanguage":"pl-PL"},{"@type":"Organization","@id":"https:\/\/www.pogotowieflagowe.pl\/aktualne\/#organization","name":"POGOTOWIE FLAGOWE\u00ae","url":"https:\/\/www.pogotowieflagowe.pl\/aktualne\/","logo":{"@type":"ImageObject","inLanguage":"pl-PL","@id":"https:\/\/www.pogotowieflagowe.pl\/aktualne\/#\/schema\/logo\/image\/","url":"https:\/\/www.pogotowieflagowe.pl\/aktualne\/wp-content\/uploads\/2024\/08\/cropped-pogotowieflagowe_flaga_projekt_sm.jpg","contentUrl":"https:\/\/www.pogotowieflagowe.pl\/aktualne\/wp-content\/uploads\/2024\/08\/cropped-pogotowieflagowe_flaga_projekt_sm.jpg","width":250,"height":143,"caption":"POGOTOWIE FLAGOWE\u00ae"},"image":{"@id":"https:\/\/www.pogotowieflagowe.pl\/aktualne\/#\/schema\/logo\/image\/"}},{"@type":"Person","@id":"https:\/\/www.pogotowieflagowe.pl\/aktualne\/#\/schema\/person\/9c2fb7d2362ebf6fa088960d7f0d27b0","name":"Filip","image":{"@type":"ImageObject","inLanguage":"pl-PL","@id":"https:\/\/www.pogotowieflagowe.pl\/aktualne\/#\/schema\/person\/image\/","url":"https:\/\/www.pogotowieflagowe.pl\/aktualne\/wp-content\/uploads\/2024\/08\/pogotowieflagowe.pl_.jpg","contentUrl":"https:\/\/www.pogotowieflagowe.pl\/aktualne\/wp-content\/uploads\/2024\/08\/pogotowieflagowe.pl_.jpg","caption":"Filip"},"description":"Jestem Filip, polski dziennikarz z dyplomem nauk politycznych Uniwersytetu Warszawskiego. Rozpoczynaj\u0105c swoj\u0105 karier\u0119 w r\u00f3\u017cnych lokalnych mediach, zdoby\u0142em solidne do\u015bwiadczenie w zakresie \u015bledztwa i redakcji. Obecnie jako redaktor w Pogotowie flagowe, staram si\u0119 dostarcza\u0107 dog\u0142\u0119bne i istotne analizy na temat najwa\u017cniejszych kwestii aktualno\u015bci, \u0142\u0105cz\u0105c rygor z pasj\u0105 dziennikarsk\u0105.","sameAs":["https:\/\/www.pogotowieflagowe.pl\/"]}]}},"_links":{"self":[{"href":"https:\/\/www.pogotowieflagowe.pl\/aktualne\/wp-json\/wp\/v2\/posts\/9248","targetHints":{"allow":["GET"]}}],"collection":[{"href":"https:\/\/www.pogotowieflagowe.pl\/aktualne\/wp-json\/wp\/v2\/posts"}],"about":[{"href":"https:\/\/www.pogotowieflagowe.pl\/aktualne\/wp-json\/wp\/v2\/types\/post"}],"author":[{"embeddable":true,"href":"https:\/\/www.pogotowieflagowe.pl\/aktualne\/wp-json\/wp\/v2\/users\/1"}],"replies":[{"embeddable":true,"href":"https:\/\/www.pogotowieflagowe.pl\/aktualne\/wp-json\/wp\/v2\/comments?post=9248"}],"version-history":[{"count":1,"href":"https:\/\/www.pogotowieflagowe.pl\/aktualne\/wp-json\/wp\/v2\/posts\/9248\/revisions"}],"predecessor-version":[{"id":9250,"href":"https:\/\/www.pogotowieflagowe.pl\/aktualne\/wp-json\/wp\/v2\/posts\/9248\/revisions\/9250"}],"wp:featuredmedia":[{"embeddable":true,"href":"https:\/\/www.pogotowieflagowe.pl\/aktualne\/wp-json\/wp\/v2\/media\/9249"}],"wp:attachment":[{"href":"https:\/\/www.pogotowieflagowe.pl\/aktualne\/wp-json\/wp\/v2\/media?parent=9248"}],"wp:term":[{"taxonomy":"category","embeddable":true,"href":"https:\/\/www.pogotowieflagowe.pl\/aktualne\/wp-json\/wp\/v2\/categories?post=9248"},{"taxonomy":"post_tag","embeddable":true,"href":"https:\/\/www.pogotowieflagowe.pl\/aktualne\/wp-json\/wp\/v2\/tags?post=9248"}],"curies":[{"name":"wp","href":"https:\/\/api.w.org\/{rel}","templated":true}]}}