{"id":9251,"date":"2025-10-12T15:38:55","date_gmt":"2025-10-12T13:38:55","guid":{"rendered":"https:\/\/www.pogotowieflagowe.pl\/aktualne\/skandal-w-bazylice-swietego-piotra-mezczyzna-rozbiera-sie-do-naga-i-bezczesci-oltarz-wideo\/"},"modified":"2025-10-12T15:38:56","modified_gmt":"2025-10-12T13:38:56","slug":"skandal-w-bazylice-swietego-piotra-mezczyzna-rozbiera-sie-do-naga-i-bezczesci-oltarz-wideo","status":"publish","type":"post","link":"https:\/\/www.pogotowieflagowe.pl\/aktualne\/skandal-w-bazylice-swietego-piotra-mezczyzna-rozbiera-sie-do-naga-i-bezczesci-oltarz-wideo\/","title":{"rendered":"Skandal w Bazylice \u015awi\u0119tego Piotra! M\u0119\u017cczyzna rozbiera si\u0119 do naga i bezcze\u015bci o\u0142tarz (WIDEO)"},"content":{"rendered":"\n<div class=\"td_block_wrap tdb_single_content tdi_41 td-pb-border-top td_block_template_8 td-post-content tagdiv-type\" data-td-block-uid=\"tdi_41\">\n<style>.tdi_41{margines-top:0px!important;margin-bottom:0px!important;dope\u0142nienie-g\u00f3ra:0px!important;dope\u0142nienie-d\u00f3\u0142:0px!important}<\/style>\n<style>.tdb_single_content{margin-bottom:0;*zoom:1}.tdb_single_content:before,.tdb_single_content:after{display:table;content:'';line-height:0}.tdb_single_content:after{clear:both}.tdb_single_content .tdb-block-inner>*:not(.wp-block-quote):not(.alignwide):not(.alignfull.wp-block-cover.has-parallax):not(.td-a-ad){margin-left:auto;margin-right:auto}.tdb_single_content a{pointer-events:auto}.tdb_single_content .td-spot-id-top_ad .tdc-placeholder-title:before{content:'Article Top Ad'!important}.tdb_single_content .td-spot-id-inline_ad0 .tdc-placeholder-title:before{content:'Article Reklama wbudowana 1'!important}.tdb_single_content .td-spot-id-inline_ad1 .tdc-placeholder-title:before{content:'Reklama wbudowana w artyku\u0142 2'!important}.tdb_single_content .td-spot-id-inline_ad2 .tdc-placeholder-title:before{content:'Reklama w tek\u015bcie artyku\u0142u 3'!important}.tdb_single_content .td-spot-id-bottom_ad .tdc-placeholder-title:before{content:'Article Bottom Ad'!important}.tdb_single_content .id_top_ad,.tdb_single_content .id_bottom_ad{clear:both;margin-bottom:21px;text-align:center}.tdb_single_content .id_top_ad img,.tdb_single_content .id_bottom_ad img{margin-bottom:0}.tdb_single_content .id_top_ad .adsbygoogle,.tdb_single_content .id_bottom_ad .adsbygoogle{position:relative}.tdb_single_content .id_ad_content-horiz-left,.tdb_single_content .id_ad_content-horiz-right,.tdb_single_content .id_ad_content-horiz-center{margin-bottom:15px}.tdb_single_content .id_ad_content-horiz-left img,.tdb_single_content .id_ad_content-horiz-right img,.tdb_single_content .id_ad_content-horiz-center img{margin-bottom:0}.tdb_single_content .id_ad_content-horiz-center{text-align:center}.tdb_single_content .id_ad_content-horiz-center img{margin-right:auto;margin-left:auto}.tdb_single_content .id_ad_content-horiz-left{float:left;margin-top:9px;margin-right:21px}.tdb_single_content .id_ad_content-horiz-right{float:right;margin-top:6px;margin-left:21px}.tdb_single_content .tdc-a-ad .tdc-placeholder-title{width:300px;height:250px}.tdb_single_content .tdc-a-ad .tdc-placeholder-title:before{position:absolute;top:50%;-webkit-transform:translateY(-50%);transform:translateY(-50%);margin:auto;display:table;width:100%}.tdb_single_content .tdb-block-inner.td-fix-index{word-break:break-word}.tdi_41,.tdi_41>p,.tdi_41 .tdb-block-inner>p,.wp-block-column>p{font-size:16px!important;line-height:1.6!important}.tdi_41 .tdb-block-inner cytat blokowy p{font-style:normal!important}@media (max-width:767px){.tdb_single_content .id_ad_content-horiz-left,.tdb_single_content .id_ad_content-horiz-right,.tdb_single_content .id_ad_content-horiz-center{margin:0 auto 26 pikseli auto}}@media (max-width:767px){.tdb_single_content .id_ad_content-horiz-left{margin-right:0}}@media (max-width:767px){.tdb_single_content .id_ad_content-horiz-right{margin-left:0}}@media (max-width:767px){.tdb_single_content .td-a-ad{float:none;text-align:center}.tdb_single_content .td-a-ad img{margin-right:auto;margin-left:auto}.tdb_single_content .tdc-a-ad{float:none}}<\/style>\n<div class=\"tdb-block-inner td-fix-index\">\n<p>W sobot\u0119 w Bazylice \u015bw. Piotra mia\u0142 miejsce obsceniczny czyn; Jak podaj\u0105 \u017ar\u00f3d\u0142a watyka\u0144skie, sprawca zosta\u0142 natychmiast zatrzymany przez ochron\u0119. Jak wyja\u015bniono, o zdarzeniu zosta\u0142 poinformowany papie\u017c Leon XIV.<\/p>\n<p>Wed\u0142ug relacji naocznych \u015bwiadk\u00f3w m\u0119\u017cczyzna podszed\u0142 do g\u0142\u00f3wnego o\u0142tarza spowiedzi wewn\u0105trz bazyliki, gdzie zacz\u0105\u0142 si\u0119 rozbiera\u0107, a nast\u0119pnie odda\u0142 mocz na o\u0142tarz.<\/p>\n<p>Watyka\u0144scy \u017candarmi oraz personel na miejscu zatrzymali sprawc\u0119, kt\u00f3ry \u2013 wed\u0142ug doniesie\u0144 \u2013 wykazywa\u0142 wyra\u017ane oznaki niezr\u00f3wnowa\u017cenia psychicznego.<\/p>\n<p>Nagrania z szokuj\u0105cego zdarzenia pojawi\u0142y si\u0119 ju\u017c w sieci.<\/p>\n<figure class=\"wp-block-embed is-type-rich is-provider-twitter wp-block-embed-twitter\">\n<div class=\"wp-block-embed__wrapper\">\n<blockquote class=\"twitter-tweet\" data-width=\"550\" data-dnt=\"true\">\n<p lang=\"fr\" dir=\"ltr\">\ud83d\udea8\ud83c\uddfb\ud83c\udde6UWAGA | Un homme a URIN\u00c9 sur l&#8217;autel de la basilique Saint-Pierre, au Watykan.<\/p>\n<p>L&#8217;individu a FRANCHI les barri\u00e8res de s\u00e9curit\u00e9 et BAISS\u00c9 son pantalon pour PROFANER l&#8217;autel, devant le c\u00e9l\u00e8bre baldaquin, sous les yeux de NOMBREUX FID\u00c8LES. <a rel=\"nofollow\" href=\"https:\/\/t.co\/wuVQQ4JsxO\">pic.twitter.com\/wuVQQ4JsxO<\/a><\/p>\n<p>\u2014 L&#8217;\u00c9cho Chr\u00e9tien (@lechochretien) <a rel=\"nofollow\" href=\"https:\/\/twitter.com\/lechochretien\/status\/1977069890772386020?ref_src=twsrc%5Etfw\">11 pa\u017adziernika 2025 r<\/a><\/p><\/blockquote>\n<\/div>\n<\/figure>\n<p>Media podaj\u0105, \u017ce papie\u017c Leon XIV by\u0142 \u201ezszokowany\u201d, gdy dowiedzia\u0142 si\u0119 o tej sytuacji.<\/p>\n<\/div>\n<\/div>\n<p><script async src=\"https:\/\/platform.twitter.com\/widgets.js\" charset=\"utf-8\"><\/script><\/p>\n","protected":false},"excerpt":{"rendered":"<p>W sobot\u0119 w Bazylice \u015bw. Piotra mia\u0142 miejsce obsceniczny czyn; Jak podaj\u0105 \u017ar\u00f3d\u0142a watyka\u0144skie, sprawca zosta\u0142 natychmiast zatrzymany przez ochron\u0119.<\/p>\n","protected":false},"author":1,"featured_media":9252,"comment_status":"open","ping_status":"open","sticky":false,"template":"","format":"standard","meta":{"footnotes":""},"categories":[4748],"tags":[7208,10754,5522,10753,9470,7414,10752,150,2358,3558,4935],"class_list":["post-9251","post","type-post","status-publish","format-standard","has-post-thumbnail","hentry","category-aktualne","tag-bazylice","tag-bezczesci","tag-mezczyzna","tag-naga","tag-oltarz","tag-piotra","tag-rozbiera","tag-sie","tag-skandal","tag-swietego","tag-wideo","generate-columns","tablet-grid-50","mobile-grid-100","grid-parent","grid-50","resize-featured-image"],"yoast_head":"<!-- This site is optimized with the Yoast SEO plugin v23.2 - https:\/\/yoast.com\/wordpress\/plugins\/seo\/ -->\n<title>Skandal w Bazylice \u015awi\u0119tego Piotra! M\u0119\u017cczyzna rozbiera si\u0119 do naga i bezcze\u015bci o\u0142tarz (WIDEO) - POGOTOWIE FLAGOWE\u00ae<\/title>\n<meta name=\"robots\" content=\"index, follow, max-snippet:-1, max-image-preview:large, max-video-preview:-1\" \/>\n<link rel=\"canonical\" href=\"https:\/\/www.pogotowieflagowe.pl\/aktualne\/skandal-w-bazylice-swietego-piotra-mezczyzna-rozbiera-sie-do-naga-i-bezczesci-oltarz-wideo\/\" \/>\n<meta property=\"og:locale\" content=\"pl_PL\" \/>\n<meta property=\"og:type\" content=\"article\" \/>\n<meta property=\"og:title\" content=\"Skandal w Bazylice \u015awi\u0119tego Piotra! M\u0119\u017cczyzna rozbiera si\u0119 do naga i bezcze\u015bci o\u0142tarz (WIDEO) - POGOTOWIE FLAGOWE\u00ae\" \/>\n<meta property=\"og:description\" content=\"W sobot\u0119 w Bazylice \u015bw. Piotra mia\u0142 miejsce obsceniczny czyn; Jak podaj\u0105 \u017ar\u00f3d\u0142a watyka\u0144skie, sprawca zosta\u0142 natychmiast zatrzymany przez ochron\u0119.\" \/>\n<meta property=\"og:url\" content=\"https:\/\/www.pogotowieflagowe.pl\/aktualne\/skandal-w-bazylice-swietego-piotra-mezczyzna-rozbiera-sie-do-naga-i-bezczesci-oltarz-wideo\/\" \/>\n<meta property=\"og:site_name\" content=\"POGOTOWIE FLAGOWE\u00ae\" \/>\n<meta property=\"article:published_time\" content=\"2025-10-12T13:38:55+00:00\" \/>\n<meta property=\"article:modified_time\" content=\"2025-10-12T13:38:56+00:00\" \/>\n<meta property=\"og:image\" content=\"https:\/\/www.pogotowieflagowe.pl\/aktualne\/wp-content\/uploads\/2025\/10\/Skandal-w-Bazylice-Swietego-Piotra-Mezczyzna-rozbiera-sie-do-naga.webp.webp\" \/>\n\t<meta property=\"og:image:width\" content=\"1280\" \/>\n\t<meta property=\"og:image:height\" content=\"720\" \/>\n\t<meta property=\"og:image:type\" content=\"image\/webp\" \/>\n<meta name=\"author\" content=\"Filip\" \/>\n<meta name=\"twitter:card\" content=\"summary_large_image\" \/>\n<meta name=\"twitter:label1\" content=\"Napisane przez\" \/>\n\t<meta name=\"twitter:data1\" content=\"Filip\" \/>\n\t<meta name=\"twitter:label2\" content=\"Szacowany czas czytania\" \/>\n\t<meta name=\"twitter:data2\" content=\"1 minuta\" \/>\n<script type=\"application\/ld+json\" class=\"yoast-schema-graph\">{\"@context\":\"https:\/\/schema.org\",\"@graph\":[{\"@type\":\"Article\",\"@id\":\"https:\/\/www.pogotowieflagowe.pl\/aktualne\/skandal-w-bazylice-swietego-piotra-mezczyzna-rozbiera-sie-do-naga-i-bezczesci-oltarz-wideo\/#article\",\"isPartOf\":{\"@id\":\"https:\/\/www.pogotowieflagowe.pl\/aktualne\/skandal-w-bazylice-swietego-piotra-mezczyzna-rozbiera-sie-do-naga-i-bezczesci-oltarz-wideo\/\"},\"author\":{\"name\":\"Filip\",\"@id\":\"https:\/\/www.pogotowieflagowe.pl\/aktualne\/#\/schema\/person\/9c2fb7d2362ebf6fa088960d7f0d27b0\"},\"headline\":\"Skandal w Bazylice \u015awi\u0119tego Piotra! M\u0119\u017cczyzna rozbiera si\u0119 do naga i bezcze\u015bci o\u0142tarz (WIDEO)\",\"datePublished\":\"2025-10-12T13:38:55+00:00\",\"dateModified\":\"2025-10-12T13:38:56+00:00\",\"mainEntityOfPage\":{\"@id\":\"https:\/\/www.pogotowieflagowe.pl\/aktualne\/skandal-w-bazylice-swietego-piotra-mezczyzna-rozbiera-sie-do-naga-i-bezczesci-oltarz-wideo\/\"},\"wordCount\":186,\"commentCount\":0,\"publisher\":{\"@id\":\"https:\/\/www.pogotowieflagowe.pl\/aktualne\/#organization\"},\"image\":{\"@id\":\"https:\/\/www.pogotowieflagowe.pl\/aktualne\/skandal-w-bazylice-swietego-piotra-mezczyzna-rozbiera-sie-do-naga-i-bezczesci-oltarz-wideo\/#primaryimage\"},\"thumbnailUrl\":\"https:\/\/www.pogotowieflagowe.pl\/aktualne\/wp-content\/uploads\/2025\/10\/Skandal-w-Bazylice-Swietego-Piotra-Mezczyzna-rozbiera-sie-do-naga.webp.webp\",\"keywords\":[\"Bazylice\",\"bezcze\u015bci\",\"m\u0119\u017cczyzna\",\"naga\",\"o\u0142tarz\",\"Piotra\",\"rozbiera\",\"si\u0119\",\"skandal\",\"\u015awi\u0119tego\",\"WIDEO\"],\"articleSection\":[\"Aktualne\"],\"inLanguage\":\"pl-PL\",\"potentialAction\":[{\"@type\":\"CommentAction\",\"name\":\"Comment\",\"target\":[\"https:\/\/www.pogotowieflagowe.pl\/aktualne\/skandal-w-bazylice-swietego-piotra-mezczyzna-rozbiera-sie-do-naga-i-bezczesci-oltarz-wideo\/#respond\"]}]},{\"@type\":\"WebPage\",\"@id\":\"https:\/\/www.pogotowieflagowe.pl\/aktualne\/skandal-w-bazylice-swietego-piotra-mezczyzna-rozbiera-sie-do-naga-i-bezczesci-oltarz-wideo\/\",\"url\":\"https:\/\/www.pogotowieflagowe.pl\/aktualne\/skandal-w-bazylice-swietego-piotra-mezczyzna-rozbiera-sie-do-naga-i-bezczesci-oltarz-wideo\/\",\"name\":\"Skandal w Bazylice \u015awi\u0119tego Piotra! M\u0119\u017cczyzna rozbiera si\u0119 do naga i bezcze\u015bci o\u0142tarz (WIDEO) - POGOTOWIE FLAGOWE\u00ae\",\"isPartOf\":{\"@id\":\"https:\/\/www.pogotowieflagowe.pl\/aktualne\/#website\"},\"primaryImageOfPage\":{\"@id\":\"https:\/\/www.pogotowieflagowe.pl\/aktualne\/skandal-w-bazylice-swietego-piotra-mezczyzna-rozbiera-sie-do-naga-i-bezczesci-oltarz-wideo\/#primaryimage\"},\"image\":{\"@id\":\"https:\/\/www.pogotowieflagowe.pl\/aktualne\/skandal-w-bazylice-swietego-piotra-mezczyzna-rozbiera-sie-do-naga-i-bezczesci-oltarz-wideo\/#primaryimage\"},\"thumbnailUrl\":\"https:\/\/www.pogotowieflagowe.pl\/aktualne\/wp-content\/uploads\/2025\/10\/Skandal-w-Bazylice-Swietego-Piotra-Mezczyzna-rozbiera-sie-do-naga.webp.webp\",\"datePublished\":\"2025-10-12T13:38:55+00:00\",\"dateModified\":\"2025-10-12T13:38:56+00:00\",\"breadcrumb\":{\"@id\":\"https:\/\/www.pogotowieflagowe.pl\/aktualne\/skandal-w-bazylice-swietego-piotra-mezczyzna-rozbiera-sie-do-naga-i-bezczesci-oltarz-wideo\/#breadcrumb\"},\"inLanguage\":\"pl-PL\",\"potentialAction\":[{\"@type\":\"ReadAction\",\"target\":[\"https:\/\/www.pogotowieflagowe.pl\/aktualne\/skandal-w-bazylice-swietego-piotra-mezczyzna-rozbiera-sie-do-naga-i-bezczesci-oltarz-wideo\/\"]}]},{\"@type\":\"ImageObject\",\"inLanguage\":\"pl-PL\",\"@id\":\"https:\/\/www.pogotowieflagowe.pl\/aktualne\/skandal-w-bazylice-swietego-piotra-mezczyzna-rozbiera-sie-do-naga-i-bezczesci-oltarz-wideo\/#primaryimage\",\"url\":\"https:\/\/www.pogotowieflagowe.pl\/aktualne\/wp-content\/uploads\/2025\/10\/Skandal-w-Bazylice-Swietego-Piotra-Mezczyzna-rozbiera-sie-do-naga.webp.webp\",\"contentUrl\":\"https:\/\/www.pogotowieflagowe.pl\/aktualne\/wp-content\/uploads\/2025\/10\/Skandal-w-Bazylice-Swietego-Piotra-Mezczyzna-rozbiera-sie-do-naga.webp.webp\",\"width\":1280,\"height\":720,\"caption\":\"Skandal w Bazylice \u015awi\u0119tego Piotra! M\u0119\u017cczyzna rozbiera si\u0119 do naga i bezcze\u015bci o\u0142tarz (WIDEO)\"},{\"@type\":\"BreadcrumbList\",\"@id\":\"https:\/\/www.pogotowieflagowe.pl\/aktualne\/skandal-w-bazylice-swietego-piotra-mezczyzna-rozbiera-sie-do-naga-i-bezczesci-oltarz-wideo\/#breadcrumb\",\"itemListElement\":[{\"@type\":\"ListItem\",\"position\":1,\"name\":\"Home\",\"item\":\"https:\/\/www.pogotowieflagowe.pl\/aktualne\/\"},{\"@type\":\"ListItem\",\"position\":2,\"name\":\"Skandal w Bazylice \u015awi\u0119tego Piotra! M\u0119\u017cczyzna rozbiera si\u0119 do naga i bezcze\u015bci o\u0142tarz (WIDEO)\"}]},{\"@type\":\"WebSite\",\"@id\":\"https:\/\/www.pogotowieflagowe.pl\/aktualne\/#website\",\"url\":\"https:\/\/www.pogotowieflagowe.pl\/aktualne\/\",\"name\":\"POGOTOWIE FLAGOWE\u00ae\",\"description\":\"\",\"publisher\":{\"@id\":\"https:\/\/www.pogotowieflagowe.pl\/aktualne\/#organization\"},\"potentialAction\":[{\"@type\":\"SearchAction\",\"target\":{\"@type\":\"EntryPoint\",\"urlTemplate\":\"https:\/\/www.pogotowieflagowe.pl\/aktualne\/?s={search_term_string}\"},\"query-input\":\"required name=search_term_string\"}],\"inLanguage\":\"pl-PL\"},{\"@type\":\"Organization\",\"@id\":\"https:\/\/www.pogotowieflagowe.pl\/aktualne\/#organization\",\"name\":\"POGOTOWIE FLAGOWE\u00ae\",\"url\":\"https:\/\/www.pogotowieflagowe.pl\/aktualne\/\",\"logo\":{\"@type\":\"ImageObject\",\"inLanguage\":\"pl-PL\",\"@id\":\"https:\/\/www.pogotowieflagowe.pl\/aktualne\/#\/schema\/logo\/image\/\",\"url\":\"https:\/\/www.pogotowieflagowe.pl\/aktualne\/wp-content\/uploads\/2024\/08\/cropped-pogotowieflagowe_flaga_projekt_sm.jpg\",\"contentUrl\":\"https:\/\/www.pogotowieflagowe.pl\/aktualne\/wp-content\/uploads\/2024\/08\/cropped-pogotowieflagowe_flaga_projekt_sm.jpg\",\"width\":250,\"height\":143,\"caption\":\"POGOTOWIE FLAGOWE\u00ae\"},\"image\":{\"@id\":\"https:\/\/www.pogotowieflagowe.pl\/aktualne\/#\/schema\/logo\/image\/\"}},{\"@type\":\"Person\",\"@id\":\"https:\/\/www.pogotowieflagowe.pl\/aktualne\/#\/schema\/person\/9c2fb7d2362ebf6fa088960d7f0d27b0\",\"name\":\"Filip\",\"image\":{\"@type\":\"ImageObject\",\"inLanguage\":\"pl-PL\",\"@id\":\"https:\/\/www.pogotowieflagowe.pl\/aktualne\/#\/schema\/person\/image\/\",\"url\":\"https:\/\/www.pogotowieflagowe.pl\/aktualne\/wp-content\/uploads\/2024\/08\/pogotowieflagowe.pl_.jpg\",\"contentUrl\":\"https:\/\/www.pogotowieflagowe.pl\/aktualne\/wp-content\/uploads\/2024\/08\/pogotowieflagowe.pl_.jpg\",\"caption\":\"Filip\"},\"description\":\"Jestem Filip, polski dziennikarz z dyplomem nauk politycznych Uniwersytetu Warszawskiego. Rozpoczynaj\u0105c swoj\u0105 karier\u0119 w r\u00f3\u017cnych lokalnych mediach, zdoby\u0142em solidne do\u015bwiadczenie w zakresie \u015bledztwa i redakcji. Obecnie jako redaktor w Pogotowie flagowe, staram si\u0119 dostarcza\u0107 dog\u0142\u0119bne i istotne analizy na temat najwa\u017cniejszych kwestii aktualno\u015bci, \u0142\u0105cz\u0105c rygor z pasj\u0105 dziennikarsk\u0105.\",\"sameAs\":[\"https:\/\/www.pogotowieflagowe.pl\/\"]}]}<\/script>\n<!-- \/ Yoast SEO plugin. -->","yoast_head_json":{"title":"Skandal w Bazylice \u015awi\u0119tego Piotra! M\u0119\u017cczyzna rozbiera si\u0119 do naga i bezcze\u015bci o\u0142tarz (WIDEO) - POGOTOWIE FLAGOWE\u00ae","robots":{"index":"index","follow":"follow","max-snippet":"max-snippet:-1","max-image-preview":"max-image-preview:large","max-video-preview":"max-video-preview:-1"},"canonical":"https:\/\/www.pogotowieflagowe.pl\/aktualne\/skandal-w-bazylice-swietego-piotra-mezczyzna-rozbiera-sie-do-naga-i-bezczesci-oltarz-wideo\/","og_locale":"pl_PL","og_type":"article","og_title":"Skandal w Bazylice \u015awi\u0119tego Piotra! M\u0119\u017cczyzna rozbiera si\u0119 do naga i bezcze\u015bci o\u0142tarz (WIDEO) - POGOTOWIE FLAGOWE\u00ae","og_description":"W sobot\u0119 w Bazylice \u015bw. Piotra mia\u0142 miejsce obsceniczny czyn; Jak podaj\u0105 \u017ar\u00f3d\u0142a watyka\u0144skie, sprawca zosta\u0142 natychmiast zatrzymany przez ochron\u0119.","og_url":"https:\/\/www.pogotowieflagowe.pl\/aktualne\/skandal-w-bazylice-swietego-piotra-mezczyzna-rozbiera-sie-do-naga-i-bezczesci-oltarz-wideo\/","og_site_name":"POGOTOWIE FLAGOWE\u00ae","article_published_time":"2025-10-12T13:38:55+00:00","article_modified_time":"2025-10-12T13:38:56+00:00","og_image":[{"width":1280,"height":720,"url":"https:\/\/www.pogotowieflagowe.pl\/aktualne\/wp-content\/uploads\/2025\/10\/Skandal-w-Bazylice-Swietego-Piotra-Mezczyzna-rozbiera-sie-do-naga.webp.webp","type":"image\/webp"}],"author":"Filip","twitter_card":"summary_large_image","twitter_misc":{"Napisane przez":"Filip","Szacowany czas czytania":"1 minuta"},"schema":{"@context":"https:\/\/schema.org","@graph":[{"@type":"Article","@id":"https:\/\/www.pogotowieflagowe.pl\/aktualne\/skandal-w-bazylice-swietego-piotra-mezczyzna-rozbiera-sie-do-naga-i-bezczesci-oltarz-wideo\/#article","isPartOf":{"@id":"https:\/\/www.pogotowieflagowe.pl\/aktualne\/skandal-w-bazylice-swietego-piotra-mezczyzna-rozbiera-sie-do-naga-i-bezczesci-oltarz-wideo\/"},"author":{"name":"Filip","@id":"https:\/\/www.pogotowieflagowe.pl\/aktualne\/#\/schema\/person\/9c2fb7d2362ebf6fa088960d7f0d27b0"},"headline":"Skandal w Bazylice \u015awi\u0119tego Piotra! M\u0119\u017cczyzna rozbiera si\u0119 do naga i bezcze\u015bci o\u0142tarz (WIDEO)","datePublished":"2025-10-12T13:38:55+00:00","dateModified":"2025-10-12T13:38:56+00:00","mainEntityOfPage":{"@id":"https:\/\/www.pogotowieflagowe.pl\/aktualne\/skandal-w-bazylice-swietego-piotra-mezczyzna-rozbiera-sie-do-naga-i-bezczesci-oltarz-wideo\/"},"wordCount":186,"commentCount":0,"publisher":{"@id":"https:\/\/www.pogotowieflagowe.pl\/aktualne\/#organization"},"image":{"@id":"https:\/\/www.pogotowieflagowe.pl\/aktualne\/skandal-w-bazylice-swietego-piotra-mezczyzna-rozbiera-sie-do-naga-i-bezczesci-oltarz-wideo\/#primaryimage"},"thumbnailUrl":"https:\/\/www.pogotowieflagowe.pl\/aktualne\/wp-content\/uploads\/2025\/10\/Skandal-w-Bazylice-Swietego-Piotra-Mezczyzna-rozbiera-sie-do-naga.webp.webp","keywords":["Bazylice","bezcze\u015bci","m\u0119\u017cczyzna","naga","o\u0142tarz","Piotra","rozbiera","si\u0119","skandal","\u015awi\u0119tego","WIDEO"],"articleSection":["Aktualne"],"inLanguage":"pl-PL","potentialAction":[{"@type":"CommentAction","name":"Comment","target":["https:\/\/www.pogotowieflagowe.pl\/aktualne\/skandal-w-bazylice-swietego-piotra-mezczyzna-rozbiera-sie-do-naga-i-bezczesci-oltarz-wideo\/#respond"]}]},{"@type":"WebPage","@id":"https:\/\/www.pogotowieflagowe.pl\/aktualne\/skandal-w-bazylice-swietego-piotra-mezczyzna-rozbiera-sie-do-naga-i-bezczesci-oltarz-wideo\/","url":"https:\/\/www.pogotowieflagowe.pl\/aktualne\/skandal-w-bazylice-swietego-piotra-mezczyzna-rozbiera-sie-do-naga-i-bezczesci-oltarz-wideo\/","name":"Skandal w Bazylice \u015awi\u0119tego Piotra! M\u0119\u017cczyzna rozbiera si\u0119 do naga i bezcze\u015bci o\u0142tarz (WIDEO) - POGOTOWIE FLAGOWE\u00ae","isPartOf":{"@id":"https:\/\/www.pogotowieflagowe.pl\/aktualne\/#website"},"primaryImageOfPage":{"@id":"https:\/\/www.pogotowieflagowe.pl\/aktualne\/skandal-w-bazylice-swietego-piotra-mezczyzna-rozbiera-sie-do-naga-i-bezczesci-oltarz-wideo\/#primaryimage"},"image":{"@id":"https:\/\/www.pogotowieflagowe.pl\/aktualne\/skandal-w-bazylice-swietego-piotra-mezczyzna-rozbiera-sie-do-naga-i-bezczesci-oltarz-wideo\/#primaryimage"},"thumbnailUrl":"https:\/\/www.pogotowieflagowe.pl\/aktualne\/wp-content\/uploads\/2025\/10\/Skandal-w-Bazylice-Swietego-Piotra-Mezczyzna-rozbiera-sie-do-naga.webp.webp","datePublished":"2025-10-12T13:38:55+00:00","dateModified":"2025-10-12T13:38:56+00:00","breadcrumb":{"@id":"https:\/\/www.pogotowieflagowe.pl\/aktualne\/skandal-w-bazylice-swietego-piotra-mezczyzna-rozbiera-sie-do-naga-i-bezczesci-oltarz-wideo\/#breadcrumb"},"inLanguage":"pl-PL","potentialAction":[{"@type":"ReadAction","target":["https:\/\/www.pogotowieflagowe.pl\/aktualne\/skandal-w-bazylice-swietego-piotra-mezczyzna-rozbiera-sie-do-naga-i-bezczesci-oltarz-wideo\/"]}]},{"@type":"ImageObject","inLanguage":"pl-PL","@id":"https:\/\/www.pogotowieflagowe.pl\/aktualne\/skandal-w-bazylice-swietego-piotra-mezczyzna-rozbiera-sie-do-naga-i-bezczesci-oltarz-wideo\/#primaryimage","url":"https:\/\/www.pogotowieflagowe.pl\/aktualne\/wp-content\/uploads\/2025\/10\/Skandal-w-Bazylice-Swietego-Piotra-Mezczyzna-rozbiera-sie-do-naga.webp.webp","contentUrl":"https:\/\/www.pogotowieflagowe.pl\/aktualne\/wp-content\/uploads\/2025\/10\/Skandal-w-Bazylice-Swietego-Piotra-Mezczyzna-rozbiera-sie-do-naga.webp.webp","width":1280,"height":720,"caption":"Skandal w Bazylice \u015awi\u0119tego Piotra! M\u0119\u017cczyzna rozbiera si\u0119 do naga i bezcze\u015bci o\u0142tarz (WIDEO)"},{"@type":"BreadcrumbList","@id":"https:\/\/www.pogotowieflagowe.pl\/aktualne\/skandal-w-bazylice-swietego-piotra-mezczyzna-rozbiera-sie-do-naga-i-bezczesci-oltarz-wideo\/#breadcrumb","itemListElement":[{"@type":"ListItem","position":1,"name":"Home","item":"https:\/\/www.pogotowieflagowe.pl\/aktualne\/"},{"@type":"ListItem","position":2,"name":"Skandal w Bazylice \u015awi\u0119tego Piotra! M\u0119\u017cczyzna rozbiera si\u0119 do naga i bezcze\u015bci o\u0142tarz (WIDEO)"}]},{"@type":"WebSite","@id":"https:\/\/www.pogotowieflagowe.pl\/aktualne\/#website","url":"https:\/\/www.pogotowieflagowe.pl\/aktualne\/","name":"POGOTOWIE FLAGOWE\u00ae","description":"","publisher":{"@id":"https:\/\/www.pogotowieflagowe.pl\/aktualne\/#organization"},"potentialAction":[{"@type":"SearchAction","target":{"@type":"EntryPoint","urlTemplate":"https:\/\/www.pogotowieflagowe.pl\/aktualne\/?s={search_term_string}"},"query-input":"required name=search_term_string"}],"inLanguage":"pl-PL"},{"@type":"Organization","@id":"https:\/\/www.pogotowieflagowe.pl\/aktualne\/#organization","name":"POGOTOWIE FLAGOWE\u00ae","url":"https:\/\/www.pogotowieflagowe.pl\/aktualne\/","logo":{"@type":"ImageObject","inLanguage":"pl-PL","@id":"https:\/\/www.pogotowieflagowe.pl\/aktualne\/#\/schema\/logo\/image\/","url":"https:\/\/www.pogotowieflagowe.pl\/aktualne\/wp-content\/uploads\/2024\/08\/cropped-pogotowieflagowe_flaga_projekt_sm.jpg","contentUrl":"https:\/\/www.pogotowieflagowe.pl\/aktualne\/wp-content\/uploads\/2024\/08\/cropped-pogotowieflagowe_flaga_projekt_sm.jpg","width":250,"height":143,"caption":"POGOTOWIE FLAGOWE\u00ae"},"image":{"@id":"https:\/\/www.pogotowieflagowe.pl\/aktualne\/#\/schema\/logo\/image\/"}},{"@type":"Person","@id":"https:\/\/www.pogotowieflagowe.pl\/aktualne\/#\/schema\/person\/9c2fb7d2362ebf6fa088960d7f0d27b0","name":"Filip","image":{"@type":"ImageObject","inLanguage":"pl-PL","@id":"https:\/\/www.pogotowieflagowe.pl\/aktualne\/#\/schema\/person\/image\/","url":"https:\/\/www.pogotowieflagowe.pl\/aktualne\/wp-content\/uploads\/2024\/08\/pogotowieflagowe.pl_.jpg","contentUrl":"https:\/\/www.pogotowieflagowe.pl\/aktualne\/wp-content\/uploads\/2024\/08\/pogotowieflagowe.pl_.jpg","caption":"Filip"},"description":"Jestem Filip, polski dziennikarz z dyplomem nauk politycznych Uniwersytetu Warszawskiego. Rozpoczynaj\u0105c swoj\u0105 karier\u0119 w r\u00f3\u017cnych lokalnych mediach, zdoby\u0142em solidne do\u015bwiadczenie w zakresie \u015bledztwa i redakcji. Obecnie jako redaktor w Pogotowie flagowe, staram si\u0119 dostarcza\u0107 dog\u0142\u0119bne i istotne analizy na temat najwa\u017cniejszych kwestii aktualno\u015bci, \u0142\u0105cz\u0105c rygor z pasj\u0105 dziennikarsk\u0105.","sameAs":["https:\/\/www.pogotowieflagowe.pl\/"]}]}},"_links":{"self":[{"href":"https:\/\/www.pogotowieflagowe.pl\/aktualne\/wp-json\/wp\/v2\/posts\/9251","targetHints":{"allow":["GET"]}}],"collection":[{"href":"https:\/\/www.pogotowieflagowe.pl\/aktualne\/wp-json\/wp\/v2\/posts"}],"about":[{"href":"https:\/\/www.pogotowieflagowe.pl\/aktualne\/wp-json\/wp\/v2\/types\/post"}],"author":[{"embeddable":true,"href":"https:\/\/www.pogotowieflagowe.pl\/aktualne\/wp-json\/wp\/v2\/users\/1"}],"replies":[{"embeddable":true,"href":"https:\/\/www.pogotowieflagowe.pl\/aktualne\/wp-json\/wp\/v2\/comments?post=9251"}],"version-history":[{"count":1,"href":"https:\/\/www.pogotowieflagowe.pl\/aktualne\/wp-json\/wp\/v2\/posts\/9251\/revisions"}],"predecessor-version":[{"id":9253,"href":"https:\/\/www.pogotowieflagowe.pl\/aktualne\/wp-json\/wp\/v2\/posts\/9251\/revisions\/9253"}],"wp:featuredmedia":[{"embeddable":true,"href":"https:\/\/www.pogotowieflagowe.pl\/aktualne\/wp-json\/wp\/v2\/media\/9252"}],"wp:attachment":[{"href":"https:\/\/www.pogotowieflagowe.pl\/aktualne\/wp-json\/wp\/v2\/media?parent=9251"}],"wp:term":[{"taxonomy":"category","embeddable":true,"href":"https:\/\/www.pogotowieflagowe.pl\/aktualne\/wp-json\/wp\/v2\/categories?post=9251"},{"taxonomy":"post_tag","embeddable":true,"href":"https:\/\/www.pogotowieflagowe.pl\/aktualne\/wp-json\/wp\/v2\/tags?post=9251"}],"curies":[{"name":"wp","href":"https:\/\/api.w.org\/{rel}","templated":true}]}}