{"id":9254,"date":"2025-10-12T16:11:11","date_gmt":"2025-10-12T14:11:11","guid":{"rendered":"https:\/\/www.pogotowieflagowe.pl\/aktualne\/dwoch-nastolatkow-nie-zyje-wiecej-zaginelo-smiertelne-zniwo-wyzwania-zwiazanego-z-wirusowym-internetem\/"},"modified":"2025-10-12T16:11:13","modified_gmt":"2025-10-12T14:11:13","slug":"dwoch-nastolatkow-nie-zyje-wiecej-zaginelo-smiertelne-zniwo-wyzwania-zwiazanego-z-wirusowym-internetem","status":"publish","type":"post","link":"https:\/\/www.pogotowieflagowe.pl\/aktualne\/dwoch-nastolatkow-nie-zyje-wiecej-zaginelo-smiertelne-zniwo-wyzwania-zwiazanego-z-wirusowym-internetem\/","title":{"rendered":"Dw\u00f3ch nastolatk\u00f3w nie \u017cyje, wi\u0119cej zagin\u0119\u0142o: \u015bmiertelne \u017cniwo wyzwania zwi\u0105zanego z wirusowym Internetem?"},"content":{"rendered":"\n<div class=\"td_block_wrap tdb_single_content tdi_41 td-pb-border-top td_block_template_8 td-post-content tagdiv-type\" data-td-block-uid=\"tdi_41\">\n<style>.tdi_41{margines-top:0px!important;margin-bottom:0px!important;dope\u0142nienie-g\u00f3ra:0px!important;dope\u0142nienie-d\u00f3\u0142:0px!important}<\/style>\n<style>.tdb_single_content{margin-bottom:0;*zoom:1}.tdb_single_content:before,.tdb_single_content:after{display:table;content:'';line-height:0}.tdb_single_content:after{clear:both}.tdb_single_content .tdb-block-inner>*:not(.wp-block-quote):not(.alignwide):not(.alignfull.wp-block-cover.has-parallax):not(.td-a-ad){margin-left:auto;margin-right:auto}.tdb_single_content a{pointer-events:auto}.tdb_single_content .td-spot-id-top_ad .tdc-placeholder-title:before{content:'Article Top Ad'!important}.tdb_single_content .td-spot-id-inline_ad0 .tdc-placeholder-title:before{content:'Article Reklama wbudowana 1'!important}.tdb_single_content .td-spot-id-inline_ad1 .tdc-placeholder-title:before{content:'Reklama wbudowana w artyku\u0142 2'!important}.tdb_single_content .td-spot-id-inline_ad2 .tdc-placeholder-title:before{content:'Reklama w tek\u015bcie artyku\u0142u 3'!important}.tdb_single_content .td-spot-id-bottom_ad .tdc-placeholder-title:before{content:'Article Bottom Ad'!important}.tdb_single_content .id_top_ad,.tdb_single_content .id_bottom_ad{clear:both;margin-bottom:21px;text-align:center}.tdb_single_content .id_top_ad img,.tdb_single_content .id_bottom_ad img{margin-bottom:0}.tdb_single_content .id_top_ad .adsbygoogle,.tdb_single_content .id_bottom_ad .adsbygoogle{position:relative}.tdb_single_content .id_ad_content-horiz-left,.tdb_single_content .id_ad_content-horiz-right,.tdb_single_content .id_ad_content-horiz-center{margin-bottom:15px}.tdb_single_content .id_ad_content-horiz-left img,.tdb_single_content .id_ad_content-horiz-right img,.tdb_single_content .id_ad_content-horiz-center img{margin-bottom:0}.tdb_single_content .id_ad_content-horiz-center{text-align:center}.tdb_single_content .id_ad_content-horiz-center img{margin-right:auto;margin-left:auto}.tdb_single_content .id_ad_content-horiz-left{float:left;margin-top:9px;margin-right:21px}.tdb_single_content .id_ad_content-horiz-right{float:right;margin-top:6px;margin-left:21px}.tdb_single_content .tdc-a-ad .tdc-placeholder-title{width:300px;height:250px}.tdb_single_content .tdc-a-ad .tdc-placeholder-title:before{position:absolute;top:50%;-webkit-transform:translateY(-50%);transform:translateY(-50%);margin:auto;display:table;width:100%}.tdb_single_content .tdb-block-inner.td-fix-index{word-break:break-word}.tdi_41,.tdi_41>p,.tdi_41 .tdb-block-inner>p,.wp-block-column>p{font-size:16px!important;line-height:1.6!important}.tdi_41 .tdb-block-inner cytat blokowy p{font-style:normal!important}@media (max-width:767px){.tdb_single_content .id_ad_content-horiz-left,.tdb_single_content .id_ad_content-horiz-right,.tdb_single_content .id_ad_content-horiz-center{margin:0 auto 26 pikseli auto}}@media (max-width:767px){.tdb_single_content .id_ad_content-horiz-left{margin-right:0}}@media (max-width:767px){.tdb_single_content .id_ad_content-horiz-right{margin-left:0}}@media (max-width:767px){.tdb_single_content .td-a-ad{float:none;text-align:center}.tdb_single_content .td-a-ad img{margin-right:auto;margin-left:auto}.tdb_single_content .tdc-a-ad{float:none}}<\/style>\n<div class=\"tdb-block-inner td-fix-index\">\n<p>Tragiczny koniec poszukiwa\u0144 dw\u00f3ch zaginionych nastolatk\u00f3w z Podkarpacia wstrz\u0105sn\u0105\u0142 narodem. W sobotnie popo\u0142udnie znaleziono zw\u0142oki czternastoletniej Maji z Rzeszowa i pi\u0119tnastoletniego Wiktora z powiatu sanockiego. Policja nie wykluczy\u0142a, \u017ce \u200b\u200bich znikni\u0119cie mo\u017ce by\u0107 powi\u0105zane z niebezpiecznym wyzwaniem internetowym znanym jako <em>\u201e48-godzinne wyzwanie: znikn\u0105\u0107 bez \u015bladu\u201d.<\/em> Na czym polega ten niebezpieczny trend?<\/p>\n<p>W pi\u0105tek 10 pa\u017adziernika Maja i Wiktor wyjechali do szko\u0142y. Ostatni kontakt Mai z rodzin\u0105 nast\u0105pi\u0142 oko\u0142o godziny 18:00, po czym zamilk\u0142 jej telefon. Mniej wi\u0119cej w tym samym czasie w Sanoku zg\u0142oszono zagini\u0119cie Wiktora. Policja ustali\u0142a, \u017ce \u200b\u200bnastolatkowie spotkali si\u0119 wcze\u015bniej w centrum Rzeszowa. Zakrojone na szerok\u0105 skal\u0119 poszukiwania rozpocz\u0119\u0142y si\u0119 w pi\u0105tek wieczorem z udzia\u0142em policji, stra\u017cak\u00f3w i ekip ratowniczych z psami. W sobotnie popo\u0142udnie odnaleziono cia\u0142a obu nastolatk\u00f3w.<\/p>\n<p>Decyzj\u0105 Prokuratury Rejonowej w Rzeszowie cia\u0142a zabezpieczono do dalszych bada\u0144. Oczekuje si\u0119, \u017ce sekcja zw\u0142ok wyja\u015bni dok\u0142adne przyczyny i okoliczno\u015bci ich \u015bmierci. \u015aledczy podejrzewaj\u0105 jednak mro\u017c\u0105c\u0105 krew w \u017cy\u0142ach mo\u017cliwo\u015b\u0107 \u2013 \u017ce \u015bmier\u0107 mo\u017ce by\u0107 powi\u0105zana z wyzwaniem internetowym, kt\u00f3re mog\u0142o si\u0119 nasili\u0107 w najbardziej przera\u017caj\u0105cy spos\u00f3b.<\/p>\n<h3 class=\"wp-block-heading\">Zab\u00f3jcza \u201egra\u201d<\/h3>\n<p>The <em>\u201e48-godzinne wyzwanie: znikn\u0105\u0107 bez \u015bladu\u201d<\/em> to internetowa \u201egra\u201d, w kt\u00f3rej uczestnicy \u2013 \u200b\u200bzazwyczaj nieletni \u2013 maj\u0105 za zadanie znikn\u0105\u0107 na 48 godzin bez pozostawienia \u017cadnego \u015bladu ani kontaktu. Maj\u0105 sfingowa\u0107 swoje znikni\u0119cie i uciec z domu, zdobywaj\u0105c czasem za to \u201epunkty\u201d. Celem jest wywo\u0142anie jak najwi\u0119kszego chaosu \u2013 zw\u0142aszcza w mediach spo\u0142eczno\u015bciowych, gdzie posty o zaginionych osobach maj\u0105 by\u0107 szeroko rozpowszechniane. Nagrody w \u201egrze\u201d zwi\u0119kszy\u0142y uwag\u0119 w Internecie wok\u00f3\u0142 znikni\u0119cia.<\/p>\n<p>Sprawa Mai i Wiktora to nie jedyne niepokoj\u0105ce zagini\u0119cie m\u0142odych ludzi w ostatnim czasie. W Piekarach \u015al\u0105skich zg\u0142oszono tak\u017ce zagini\u0119cie 15-latk\u00f3w Maji i Dominika \u2013 na szcz\u0119\u015bcie odnale\u017ali si\u0119 cali i zdrowi. Tymczasem w wojew\u00f3dztwie \u0142\u00f3dzkim trwaj\u0105 poszukiwania Joanny i Karola, kt\u00f3rzy zagin\u0119li 9 pa\u017adziernika. Do chwili publikacji niniejszego artyku\u0142u nie ma informacji o ich odzyskaniu. Policja w G\u0142ownie poszukuje tak\u017ce zaginionej 15-letniej dziewczynki o imieniu Amelia.<\/p>\n<h3 class=\"wp-block-heading\">Policja apeluje do rodzic\u00f3w<\/h3>\n<p>Policja wzywa rodzic\u00f3w, aby zwracali szczeg\u00f3ln\u0105 uwag\u0119 na to, co robi\u0105 ich dzieci \u2013 jak sp\u0119dzaj\u0105 wolny czas, dok\u0105d chodz\u0105, z kim si\u0119 spotykaj\u0105 i co robi\u0105 w Internecie. Dzi\u0119ki otwartej komunikacji i rozs\u0105dnemu nadzorowi rodzice mog\u0105 pom\u00f3c w zapobieganiu niebezpiecznym sytuacjom, kt\u00f3re mog\u0105 zako\u0144czy\u0107 si\u0119 tragedi\u0105.<\/p>\n<p>W dobie smartfon\u00f3w, medi\u00f3w spo\u0142eczno\u015bciowych i ci\u0105g\u0142ej obecno\u015bci w Internecie znaczna cz\u0119\u015b\u0107 \u017cycia dziecka toczy si\u0119 w przestrzeni cyfrowej \u2013 niewidocznej dla doros\u0142ych. Dlatego tak wa\u017cna jest, aby rodzice byli obecni w \u017cyciu swoich dzieci nie tylko offline, ale tak\u017ce online.<\/p>\n<h3 class=\"wp-block-heading\">\u201eWyzwanie\u201d, kt\u00f3re mo\u017ce okaza\u0107 si\u0119 \u015bmiertelne<\/h3>\n<p>Kiedy dziecko zagin\u0119\u0142o, policja mobilizuje wszystkie dost\u0119pne zasoby i personel, aby je odnale\u017a\u0107, cz\u0119sto odk\u0142adaj\u0105c na bok inne obowi\u0105zki. Takie przypadki traktowane s\u0105 priorytetowo nie tylko przez organy \u015bcigania, ale tak\u017ce przez spo\u0142eczno\u015bci lokalne, kt\u00f3re aktywnie w\u0142\u0105czaj\u0105 si\u0119 w poszukiwania.<\/p>\n<p>Problem w tym, \u017ce w wyniku tej tak zwanej \u201egry\u201d rzeczywiste sprawy wymagaj\u0105ce natychmiastowej interwencji policji mog\u0105 si\u0119 op\u00f3\u017ania\u0107, poniewa\u017c funkcjonariusze s\u0105 odwr\u00f3ceni do poszukiwania nieletnich uczestnicz\u0105cych w <em>\u201e48-godzinne wyzwanie\u201d.<\/em><\/p>\n<p>Dzieci cz\u0119sto nie rozumiej\u0105 ryzyka \u2013 postrzegaj\u0105 to jako zabaw\u0119, wyzwanie, trend. Ale zadaniem doros\u0142ych jest pokazanie im, jak niebezpiecznie b\u0142\u0119dne mo\u017ce by\u0107 takie postrzeganie. The <em>\u201e48-godzinne wyzwanie \u2013 znikn\u0105\u0107 bez \u015bladu\u201d<\/em> jest dzia\u0142aniem potencjalnie zagra\u017caj\u0105cym \u017cyciu \u2013 i by\u0107 mo\u017ce widzieli\u015bmy ju\u017c jego tragiczne konsekwencje.<\/p>\n<p><strong>Wiadomo\u015b\u0107 dla rodzic\u00f3w:<\/strong> Obserwuj, co robi\u0105 Twoje dzieci, jak sp\u0119dzaj\u0105 czas i z kim si\u0119 kontaktuj\u0105. Pami\u0119taj, \u017ce znaczna cz\u0119\u015b\u0107 ich \u017cycia toczy si\u0119 teraz w Internecie. Telefony i komputery to nieod\u0142\u0105czni towarzysze wsp\u00f3\u0142czesnej m\u0142odzie\u017cy. Tej sfery \u017cycia nie mo\u017cna ignorowa\u0107, gdy\u017c ma ona ogromny wp\u0142yw na ich decyzje.<\/p>\n<p>Internet, cho\u0107 pe\u0142en cennych zasob\u00f3w, jest r\u00f3wnie\u017c pe\u0142en cyberprzemocy i ukrytych niebezpiecze\u0144stw. Porozmawiaj ze swoimi dzie\u0107mi o tych zagro\u017ceniach i naucz je, jak zachowa\u0107 bezpiecze\u0144stwo w Internecie.<\/p>\n<p>Jak ostrzega\u0142a policja w Polkowicach w 2023 roku:<\/p>\n<p>\u201eDzi\u0119ki rozmowie i \u015bwiadomo\u015bci mo\u017cemy zapobiega\u0107 niebezpiecznym sytuacjom, kt\u00f3re mog\u0105 zako\u0144czy\u0107 si\u0119 tragedi\u0105\u201d.<\/p>\n<p>Niestety, wygl\u0105da na to, \u017ce niebezpieczny trend powr\u00f3ci\u0142 \u2013 silniejszy i by\u0107 mo\u017ce bardziej tragiczny ni\u017c kiedykolwiek wcze\u015bniej.<\/p>\n<\/div>\n<\/div>\n","protected":false},"excerpt":{"rendered":"<p>Tragiczny koniec poszukiwa\u0144 dw\u00f3ch zaginionych nastolatk\u00f3w z Podkarpacia wstrz\u0105sn\u0105\u0142 narodem. W sobotnie popo\u0142udnie znaleziono zw\u0142oki czternastoletniej Maji z Rzeszowa i<\/p>\n","protected":false},"author":1,"featured_media":9255,"comment_status":"open","ping_status":"open","sticky":false,"template":"","format":"standard","meta":{"footnotes":""},"categories":[4748],"tags":[1544,10761,10755,450,10757,4103,10760,1123,10756,10758,10759,4196],"class_list":["post-9254","post","type-post","status-publish","format-standard","has-post-thumbnail","hentry","category-aktualne","tag-dwoch","tag-internetem","tag-nastolatkow","tag-nie","tag-smiertelne","tag-wiecej","tag-wirusowym","tag-wyzwania","tag-zaginelo","tag-zniwo","tag-zwiazanego","tag-zyje","generate-columns","tablet-grid-50","mobile-grid-100","grid-parent","grid-50","resize-featured-image"],"yoast_head":"<!-- This site is optimized with the Yoast SEO plugin v23.2 - https:\/\/yoast.com\/wordpress\/plugins\/seo\/ -->\n<title>Dw\u00f3ch nastolatk\u00f3w nie \u017cyje, wi\u0119cej zagin\u0119\u0142o: \u015bmiertelne \u017cniwo wyzwania zwi\u0105zanego z wirusowym Internetem? - POGOTOWIE FLAGOWE\u00ae<\/title>\n<meta name=\"robots\" content=\"index, follow, max-snippet:-1, max-image-preview:large, max-video-preview:-1\" \/>\n<link rel=\"canonical\" href=\"https:\/\/www.pogotowieflagowe.pl\/aktualne\/dwoch-nastolatkow-nie-zyje-wiecej-zaginelo-smiertelne-zniwo-wyzwania-zwiazanego-z-wirusowym-internetem\/\" \/>\n<meta property=\"og:locale\" content=\"pl_PL\" \/>\n<meta property=\"og:type\" content=\"article\" \/>\n<meta property=\"og:title\" content=\"Dw\u00f3ch nastolatk\u00f3w nie \u017cyje, wi\u0119cej zagin\u0119\u0142o: \u015bmiertelne \u017cniwo wyzwania zwi\u0105zanego z wirusowym Internetem? - POGOTOWIE FLAGOWE\u00ae\" \/>\n<meta property=\"og:description\" content=\"Tragiczny koniec poszukiwa\u0144 dw\u00f3ch zaginionych nastolatk\u00f3w z Podkarpacia wstrz\u0105sn\u0105\u0142 narodem. W sobotnie popo\u0142udnie znaleziono zw\u0142oki czternastoletniej Maji z Rzeszowa i\" \/>\n<meta property=\"og:url\" content=\"https:\/\/www.pogotowieflagowe.pl\/aktualne\/dwoch-nastolatkow-nie-zyje-wiecej-zaginelo-smiertelne-zniwo-wyzwania-zwiazanego-z-wirusowym-internetem\/\" \/>\n<meta property=\"og:site_name\" content=\"POGOTOWIE FLAGOWE\u00ae\" \/>\n<meta property=\"article:published_time\" content=\"2025-10-12T14:11:11+00:00\" \/>\n<meta property=\"article:modified_time\" content=\"2025-10-12T14:11:13+00:00\" \/>\n<meta property=\"og:image\" content=\"https:\/\/www.pogotowieflagowe.pl\/aktualne\/wp-content\/uploads\/2025\/10\/Dwoch-nastolatkow-nie-zyje-wiecej-zaginelo-smiertelne-zniwo-wyzwania-zwiazanego.webp.webp\" \/>\n\t<meta property=\"og:image:width\" content=\"1280\" \/>\n\t<meta property=\"og:image:height\" content=\"719\" \/>\n\t<meta property=\"og:image:type\" content=\"image\/webp\" \/>\n<meta name=\"author\" content=\"Filip\" \/>\n<meta name=\"twitter:card\" content=\"summary_large_image\" \/>\n<meta name=\"twitter:label1\" content=\"Napisane przez\" \/>\n\t<meta name=\"twitter:data1\" content=\"Filip\" \/>\n\t<meta name=\"twitter:label2\" content=\"Szacowany czas czytania\" \/>\n\t<meta name=\"twitter:data2\" content=\"4 minuty\" \/>\n<script type=\"application\/ld+json\" class=\"yoast-schema-graph\">{\"@context\":\"https:\/\/schema.org\",\"@graph\":[{\"@type\":\"Article\",\"@id\":\"https:\/\/www.pogotowieflagowe.pl\/aktualne\/dwoch-nastolatkow-nie-zyje-wiecej-zaginelo-smiertelne-zniwo-wyzwania-zwiazanego-z-wirusowym-internetem\/#article\",\"isPartOf\":{\"@id\":\"https:\/\/www.pogotowieflagowe.pl\/aktualne\/dwoch-nastolatkow-nie-zyje-wiecej-zaginelo-smiertelne-zniwo-wyzwania-zwiazanego-z-wirusowym-internetem\/\"},\"author\":{\"name\":\"Filip\",\"@id\":\"https:\/\/www.pogotowieflagowe.pl\/aktualne\/#\/schema\/person\/9c2fb7d2362ebf6fa088960d7f0d27b0\"},\"headline\":\"Dw\u00f3ch nastolatk\u00f3w nie \u017cyje, wi\u0119cej zagin\u0119\u0142o: \u015bmiertelne \u017cniwo wyzwania zwi\u0105zanego z wirusowym Internetem?\",\"datePublished\":\"2025-10-12T14:11:11+00:00\",\"dateModified\":\"2025-10-12T14:11:13+00:00\",\"mainEntityOfPage\":{\"@id\":\"https:\/\/www.pogotowieflagowe.pl\/aktualne\/dwoch-nastolatkow-nie-zyje-wiecej-zaginelo-smiertelne-zniwo-wyzwania-zwiazanego-z-wirusowym-internetem\/\"},\"wordCount\":785,\"commentCount\":0,\"publisher\":{\"@id\":\"https:\/\/www.pogotowieflagowe.pl\/aktualne\/#organization\"},\"image\":{\"@id\":\"https:\/\/www.pogotowieflagowe.pl\/aktualne\/dwoch-nastolatkow-nie-zyje-wiecej-zaginelo-smiertelne-zniwo-wyzwania-zwiazanego-z-wirusowym-internetem\/#primaryimage\"},\"thumbnailUrl\":\"https:\/\/www.pogotowieflagowe.pl\/aktualne\/wp-content\/uploads\/2025\/10\/Dwoch-nastolatkow-nie-zyje-wiecej-zaginelo-smiertelne-zniwo-wyzwania-zwiazanego.webp.webp\",\"keywords\":[\"Dw\u00f3ch\",\"Internetem\",\"nastolatk\u00f3w\",\"Nie\",\"\u015bmiertelne\",\"wi\u0119cej\",\"wirusowym\",\"wyzwania\",\"zagin\u0119\u0142o\",\"\u017cniwo\",\"zwi\u0105zanego\",\"\u017cyje\"],\"articleSection\":[\"Aktualne\"],\"inLanguage\":\"pl-PL\",\"potentialAction\":[{\"@type\":\"CommentAction\",\"name\":\"Comment\",\"target\":[\"https:\/\/www.pogotowieflagowe.pl\/aktualne\/dwoch-nastolatkow-nie-zyje-wiecej-zaginelo-smiertelne-zniwo-wyzwania-zwiazanego-z-wirusowym-internetem\/#respond\"]}]},{\"@type\":\"WebPage\",\"@id\":\"https:\/\/www.pogotowieflagowe.pl\/aktualne\/dwoch-nastolatkow-nie-zyje-wiecej-zaginelo-smiertelne-zniwo-wyzwania-zwiazanego-z-wirusowym-internetem\/\",\"url\":\"https:\/\/www.pogotowieflagowe.pl\/aktualne\/dwoch-nastolatkow-nie-zyje-wiecej-zaginelo-smiertelne-zniwo-wyzwania-zwiazanego-z-wirusowym-internetem\/\",\"name\":\"Dw\u00f3ch nastolatk\u00f3w nie \u017cyje, wi\u0119cej zagin\u0119\u0142o: \u015bmiertelne \u017cniwo wyzwania zwi\u0105zanego z wirusowym Internetem? - POGOTOWIE FLAGOWE\u00ae\",\"isPartOf\":{\"@id\":\"https:\/\/www.pogotowieflagowe.pl\/aktualne\/#website\"},\"primaryImageOfPage\":{\"@id\":\"https:\/\/www.pogotowieflagowe.pl\/aktualne\/dwoch-nastolatkow-nie-zyje-wiecej-zaginelo-smiertelne-zniwo-wyzwania-zwiazanego-z-wirusowym-internetem\/#primaryimage\"},\"image\":{\"@id\":\"https:\/\/www.pogotowieflagowe.pl\/aktualne\/dwoch-nastolatkow-nie-zyje-wiecej-zaginelo-smiertelne-zniwo-wyzwania-zwiazanego-z-wirusowym-internetem\/#primaryimage\"},\"thumbnailUrl\":\"https:\/\/www.pogotowieflagowe.pl\/aktualne\/wp-content\/uploads\/2025\/10\/Dwoch-nastolatkow-nie-zyje-wiecej-zaginelo-smiertelne-zniwo-wyzwania-zwiazanego.webp.webp\",\"datePublished\":\"2025-10-12T14:11:11+00:00\",\"dateModified\":\"2025-10-12T14:11:13+00:00\",\"breadcrumb\":{\"@id\":\"https:\/\/www.pogotowieflagowe.pl\/aktualne\/dwoch-nastolatkow-nie-zyje-wiecej-zaginelo-smiertelne-zniwo-wyzwania-zwiazanego-z-wirusowym-internetem\/#breadcrumb\"},\"inLanguage\":\"pl-PL\",\"potentialAction\":[{\"@type\":\"ReadAction\",\"target\":[\"https:\/\/www.pogotowieflagowe.pl\/aktualne\/dwoch-nastolatkow-nie-zyje-wiecej-zaginelo-smiertelne-zniwo-wyzwania-zwiazanego-z-wirusowym-internetem\/\"]}]},{\"@type\":\"ImageObject\",\"inLanguage\":\"pl-PL\",\"@id\":\"https:\/\/www.pogotowieflagowe.pl\/aktualne\/dwoch-nastolatkow-nie-zyje-wiecej-zaginelo-smiertelne-zniwo-wyzwania-zwiazanego-z-wirusowym-internetem\/#primaryimage\",\"url\":\"https:\/\/www.pogotowieflagowe.pl\/aktualne\/wp-content\/uploads\/2025\/10\/Dwoch-nastolatkow-nie-zyje-wiecej-zaginelo-smiertelne-zniwo-wyzwania-zwiazanego.webp.webp\",\"contentUrl\":\"https:\/\/www.pogotowieflagowe.pl\/aktualne\/wp-content\/uploads\/2025\/10\/Dwoch-nastolatkow-nie-zyje-wiecej-zaginelo-smiertelne-zniwo-wyzwania-zwiazanego.webp.webp\",\"width\":1280,\"height\":719,\"caption\":\"Dw\u00f3ch nastolatk\u00f3w nie \u017cyje, wi\u0119cej zagin\u0119\u0142o: \u015bmiertelne \u017cniwo wyzwania zwi\u0105zanego z wirusowym Internetem?\"},{\"@type\":\"BreadcrumbList\",\"@id\":\"https:\/\/www.pogotowieflagowe.pl\/aktualne\/dwoch-nastolatkow-nie-zyje-wiecej-zaginelo-smiertelne-zniwo-wyzwania-zwiazanego-z-wirusowym-internetem\/#breadcrumb\",\"itemListElement\":[{\"@type\":\"ListItem\",\"position\":1,\"name\":\"Home\",\"item\":\"https:\/\/www.pogotowieflagowe.pl\/aktualne\/\"},{\"@type\":\"ListItem\",\"position\":2,\"name\":\"Dw\u00f3ch nastolatk\u00f3w nie \u017cyje, wi\u0119cej zagin\u0119\u0142o: \u015bmiertelne \u017cniwo wyzwania zwi\u0105zanego z wirusowym Internetem?\"}]},{\"@type\":\"WebSite\",\"@id\":\"https:\/\/www.pogotowieflagowe.pl\/aktualne\/#website\",\"url\":\"https:\/\/www.pogotowieflagowe.pl\/aktualne\/\",\"name\":\"POGOTOWIE FLAGOWE\u00ae\",\"description\":\"\",\"publisher\":{\"@id\":\"https:\/\/www.pogotowieflagowe.pl\/aktualne\/#organization\"},\"potentialAction\":[{\"@type\":\"SearchAction\",\"target\":{\"@type\":\"EntryPoint\",\"urlTemplate\":\"https:\/\/www.pogotowieflagowe.pl\/aktualne\/?s={search_term_string}\"},\"query-input\":\"required name=search_term_string\"}],\"inLanguage\":\"pl-PL\"},{\"@type\":\"Organization\",\"@id\":\"https:\/\/www.pogotowieflagowe.pl\/aktualne\/#organization\",\"name\":\"POGOTOWIE FLAGOWE\u00ae\",\"url\":\"https:\/\/www.pogotowieflagowe.pl\/aktualne\/\",\"logo\":{\"@type\":\"ImageObject\",\"inLanguage\":\"pl-PL\",\"@id\":\"https:\/\/www.pogotowieflagowe.pl\/aktualne\/#\/schema\/logo\/image\/\",\"url\":\"https:\/\/www.pogotowieflagowe.pl\/aktualne\/wp-content\/uploads\/2024\/08\/cropped-pogotowieflagowe_flaga_projekt_sm.jpg\",\"contentUrl\":\"https:\/\/www.pogotowieflagowe.pl\/aktualne\/wp-content\/uploads\/2024\/08\/cropped-pogotowieflagowe_flaga_projekt_sm.jpg\",\"width\":250,\"height\":143,\"caption\":\"POGOTOWIE FLAGOWE\u00ae\"},\"image\":{\"@id\":\"https:\/\/www.pogotowieflagowe.pl\/aktualne\/#\/schema\/logo\/image\/\"}},{\"@type\":\"Person\",\"@id\":\"https:\/\/www.pogotowieflagowe.pl\/aktualne\/#\/schema\/person\/9c2fb7d2362ebf6fa088960d7f0d27b0\",\"name\":\"Filip\",\"image\":{\"@type\":\"ImageObject\",\"inLanguage\":\"pl-PL\",\"@id\":\"https:\/\/www.pogotowieflagowe.pl\/aktualne\/#\/schema\/person\/image\/\",\"url\":\"https:\/\/www.pogotowieflagowe.pl\/aktualne\/wp-content\/uploads\/2024\/08\/pogotowieflagowe.pl_.jpg\",\"contentUrl\":\"https:\/\/www.pogotowieflagowe.pl\/aktualne\/wp-content\/uploads\/2024\/08\/pogotowieflagowe.pl_.jpg\",\"caption\":\"Filip\"},\"description\":\"Jestem Filip, polski dziennikarz z dyplomem nauk politycznych Uniwersytetu Warszawskiego. Rozpoczynaj\u0105c swoj\u0105 karier\u0119 w r\u00f3\u017cnych lokalnych mediach, zdoby\u0142em solidne do\u015bwiadczenie w zakresie \u015bledztwa i redakcji. Obecnie jako redaktor w Pogotowie flagowe, staram si\u0119 dostarcza\u0107 dog\u0142\u0119bne i istotne analizy na temat najwa\u017cniejszych kwestii aktualno\u015bci, \u0142\u0105cz\u0105c rygor z pasj\u0105 dziennikarsk\u0105.\",\"sameAs\":[\"https:\/\/www.pogotowieflagowe.pl\/\"]}]}<\/script>\n<!-- \/ Yoast SEO plugin. -->","yoast_head_json":{"title":"Dw\u00f3ch nastolatk\u00f3w nie \u017cyje, wi\u0119cej zagin\u0119\u0142o: \u015bmiertelne \u017cniwo wyzwania zwi\u0105zanego z wirusowym Internetem? - POGOTOWIE FLAGOWE\u00ae","robots":{"index":"index","follow":"follow","max-snippet":"max-snippet:-1","max-image-preview":"max-image-preview:large","max-video-preview":"max-video-preview:-1"},"canonical":"https:\/\/www.pogotowieflagowe.pl\/aktualne\/dwoch-nastolatkow-nie-zyje-wiecej-zaginelo-smiertelne-zniwo-wyzwania-zwiazanego-z-wirusowym-internetem\/","og_locale":"pl_PL","og_type":"article","og_title":"Dw\u00f3ch nastolatk\u00f3w nie \u017cyje, wi\u0119cej zagin\u0119\u0142o: \u015bmiertelne \u017cniwo wyzwania zwi\u0105zanego z wirusowym Internetem? - POGOTOWIE FLAGOWE\u00ae","og_description":"Tragiczny koniec poszukiwa\u0144 dw\u00f3ch zaginionych nastolatk\u00f3w z Podkarpacia wstrz\u0105sn\u0105\u0142 narodem. W sobotnie popo\u0142udnie znaleziono zw\u0142oki czternastoletniej Maji z Rzeszowa i","og_url":"https:\/\/www.pogotowieflagowe.pl\/aktualne\/dwoch-nastolatkow-nie-zyje-wiecej-zaginelo-smiertelne-zniwo-wyzwania-zwiazanego-z-wirusowym-internetem\/","og_site_name":"POGOTOWIE FLAGOWE\u00ae","article_published_time":"2025-10-12T14:11:11+00:00","article_modified_time":"2025-10-12T14:11:13+00:00","og_image":[{"width":1280,"height":719,"url":"https:\/\/www.pogotowieflagowe.pl\/aktualne\/wp-content\/uploads\/2025\/10\/Dwoch-nastolatkow-nie-zyje-wiecej-zaginelo-smiertelne-zniwo-wyzwania-zwiazanego.webp.webp","type":"image\/webp"}],"author":"Filip","twitter_card":"summary_large_image","twitter_misc":{"Napisane przez":"Filip","Szacowany czas czytania":"4 minuty"},"schema":{"@context":"https:\/\/schema.org","@graph":[{"@type":"Article","@id":"https:\/\/www.pogotowieflagowe.pl\/aktualne\/dwoch-nastolatkow-nie-zyje-wiecej-zaginelo-smiertelne-zniwo-wyzwania-zwiazanego-z-wirusowym-internetem\/#article","isPartOf":{"@id":"https:\/\/www.pogotowieflagowe.pl\/aktualne\/dwoch-nastolatkow-nie-zyje-wiecej-zaginelo-smiertelne-zniwo-wyzwania-zwiazanego-z-wirusowym-internetem\/"},"author":{"name":"Filip","@id":"https:\/\/www.pogotowieflagowe.pl\/aktualne\/#\/schema\/person\/9c2fb7d2362ebf6fa088960d7f0d27b0"},"headline":"Dw\u00f3ch nastolatk\u00f3w nie \u017cyje, wi\u0119cej zagin\u0119\u0142o: \u015bmiertelne \u017cniwo wyzwania zwi\u0105zanego z wirusowym Internetem?","datePublished":"2025-10-12T14:11:11+00:00","dateModified":"2025-10-12T14:11:13+00:00","mainEntityOfPage":{"@id":"https:\/\/www.pogotowieflagowe.pl\/aktualne\/dwoch-nastolatkow-nie-zyje-wiecej-zaginelo-smiertelne-zniwo-wyzwania-zwiazanego-z-wirusowym-internetem\/"},"wordCount":785,"commentCount":0,"publisher":{"@id":"https:\/\/www.pogotowieflagowe.pl\/aktualne\/#organization"},"image":{"@id":"https:\/\/www.pogotowieflagowe.pl\/aktualne\/dwoch-nastolatkow-nie-zyje-wiecej-zaginelo-smiertelne-zniwo-wyzwania-zwiazanego-z-wirusowym-internetem\/#primaryimage"},"thumbnailUrl":"https:\/\/www.pogotowieflagowe.pl\/aktualne\/wp-content\/uploads\/2025\/10\/Dwoch-nastolatkow-nie-zyje-wiecej-zaginelo-smiertelne-zniwo-wyzwania-zwiazanego.webp.webp","keywords":["Dw\u00f3ch","Internetem","nastolatk\u00f3w","Nie","\u015bmiertelne","wi\u0119cej","wirusowym","wyzwania","zagin\u0119\u0142o","\u017cniwo","zwi\u0105zanego","\u017cyje"],"articleSection":["Aktualne"],"inLanguage":"pl-PL","potentialAction":[{"@type":"CommentAction","name":"Comment","target":["https:\/\/www.pogotowieflagowe.pl\/aktualne\/dwoch-nastolatkow-nie-zyje-wiecej-zaginelo-smiertelne-zniwo-wyzwania-zwiazanego-z-wirusowym-internetem\/#respond"]}]},{"@type":"WebPage","@id":"https:\/\/www.pogotowieflagowe.pl\/aktualne\/dwoch-nastolatkow-nie-zyje-wiecej-zaginelo-smiertelne-zniwo-wyzwania-zwiazanego-z-wirusowym-internetem\/","url":"https:\/\/www.pogotowieflagowe.pl\/aktualne\/dwoch-nastolatkow-nie-zyje-wiecej-zaginelo-smiertelne-zniwo-wyzwania-zwiazanego-z-wirusowym-internetem\/","name":"Dw\u00f3ch nastolatk\u00f3w nie \u017cyje, wi\u0119cej zagin\u0119\u0142o: \u015bmiertelne \u017cniwo wyzwania zwi\u0105zanego z wirusowym Internetem? - POGOTOWIE FLAGOWE\u00ae","isPartOf":{"@id":"https:\/\/www.pogotowieflagowe.pl\/aktualne\/#website"},"primaryImageOfPage":{"@id":"https:\/\/www.pogotowieflagowe.pl\/aktualne\/dwoch-nastolatkow-nie-zyje-wiecej-zaginelo-smiertelne-zniwo-wyzwania-zwiazanego-z-wirusowym-internetem\/#primaryimage"},"image":{"@id":"https:\/\/www.pogotowieflagowe.pl\/aktualne\/dwoch-nastolatkow-nie-zyje-wiecej-zaginelo-smiertelne-zniwo-wyzwania-zwiazanego-z-wirusowym-internetem\/#primaryimage"},"thumbnailUrl":"https:\/\/www.pogotowieflagowe.pl\/aktualne\/wp-content\/uploads\/2025\/10\/Dwoch-nastolatkow-nie-zyje-wiecej-zaginelo-smiertelne-zniwo-wyzwania-zwiazanego.webp.webp","datePublished":"2025-10-12T14:11:11+00:00","dateModified":"2025-10-12T14:11:13+00:00","breadcrumb":{"@id":"https:\/\/www.pogotowieflagowe.pl\/aktualne\/dwoch-nastolatkow-nie-zyje-wiecej-zaginelo-smiertelne-zniwo-wyzwania-zwiazanego-z-wirusowym-internetem\/#breadcrumb"},"inLanguage":"pl-PL","potentialAction":[{"@type":"ReadAction","target":["https:\/\/www.pogotowieflagowe.pl\/aktualne\/dwoch-nastolatkow-nie-zyje-wiecej-zaginelo-smiertelne-zniwo-wyzwania-zwiazanego-z-wirusowym-internetem\/"]}]},{"@type":"ImageObject","inLanguage":"pl-PL","@id":"https:\/\/www.pogotowieflagowe.pl\/aktualne\/dwoch-nastolatkow-nie-zyje-wiecej-zaginelo-smiertelne-zniwo-wyzwania-zwiazanego-z-wirusowym-internetem\/#primaryimage","url":"https:\/\/www.pogotowieflagowe.pl\/aktualne\/wp-content\/uploads\/2025\/10\/Dwoch-nastolatkow-nie-zyje-wiecej-zaginelo-smiertelne-zniwo-wyzwania-zwiazanego.webp.webp","contentUrl":"https:\/\/www.pogotowieflagowe.pl\/aktualne\/wp-content\/uploads\/2025\/10\/Dwoch-nastolatkow-nie-zyje-wiecej-zaginelo-smiertelne-zniwo-wyzwania-zwiazanego.webp.webp","width":1280,"height":719,"caption":"Dw\u00f3ch nastolatk\u00f3w nie \u017cyje, wi\u0119cej zagin\u0119\u0142o: \u015bmiertelne \u017cniwo wyzwania zwi\u0105zanego z wirusowym Internetem?"},{"@type":"BreadcrumbList","@id":"https:\/\/www.pogotowieflagowe.pl\/aktualne\/dwoch-nastolatkow-nie-zyje-wiecej-zaginelo-smiertelne-zniwo-wyzwania-zwiazanego-z-wirusowym-internetem\/#breadcrumb","itemListElement":[{"@type":"ListItem","position":1,"name":"Home","item":"https:\/\/www.pogotowieflagowe.pl\/aktualne\/"},{"@type":"ListItem","position":2,"name":"Dw\u00f3ch nastolatk\u00f3w nie \u017cyje, wi\u0119cej zagin\u0119\u0142o: \u015bmiertelne \u017cniwo wyzwania zwi\u0105zanego z wirusowym Internetem?"}]},{"@type":"WebSite","@id":"https:\/\/www.pogotowieflagowe.pl\/aktualne\/#website","url":"https:\/\/www.pogotowieflagowe.pl\/aktualne\/","name":"POGOTOWIE FLAGOWE\u00ae","description":"","publisher":{"@id":"https:\/\/www.pogotowieflagowe.pl\/aktualne\/#organization"},"potentialAction":[{"@type":"SearchAction","target":{"@type":"EntryPoint","urlTemplate":"https:\/\/www.pogotowieflagowe.pl\/aktualne\/?s={search_term_string}"},"query-input":"required name=search_term_string"}],"inLanguage":"pl-PL"},{"@type":"Organization","@id":"https:\/\/www.pogotowieflagowe.pl\/aktualne\/#organization","name":"POGOTOWIE FLAGOWE\u00ae","url":"https:\/\/www.pogotowieflagowe.pl\/aktualne\/","logo":{"@type":"ImageObject","inLanguage":"pl-PL","@id":"https:\/\/www.pogotowieflagowe.pl\/aktualne\/#\/schema\/logo\/image\/","url":"https:\/\/www.pogotowieflagowe.pl\/aktualne\/wp-content\/uploads\/2024\/08\/cropped-pogotowieflagowe_flaga_projekt_sm.jpg","contentUrl":"https:\/\/www.pogotowieflagowe.pl\/aktualne\/wp-content\/uploads\/2024\/08\/cropped-pogotowieflagowe_flaga_projekt_sm.jpg","width":250,"height":143,"caption":"POGOTOWIE FLAGOWE\u00ae"},"image":{"@id":"https:\/\/www.pogotowieflagowe.pl\/aktualne\/#\/schema\/logo\/image\/"}},{"@type":"Person","@id":"https:\/\/www.pogotowieflagowe.pl\/aktualne\/#\/schema\/person\/9c2fb7d2362ebf6fa088960d7f0d27b0","name":"Filip","image":{"@type":"ImageObject","inLanguage":"pl-PL","@id":"https:\/\/www.pogotowieflagowe.pl\/aktualne\/#\/schema\/person\/image\/","url":"https:\/\/www.pogotowieflagowe.pl\/aktualne\/wp-content\/uploads\/2024\/08\/pogotowieflagowe.pl_.jpg","contentUrl":"https:\/\/www.pogotowieflagowe.pl\/aktualne\/wp-content\/uploads\/2024\/08\/pogotowieflagowe.pl_.jpg","caption":"Filip"},"description":"Jestem Filip, polski dziennikarz z dyplomem nauk politycznych Uniwersytetu Warszawskiego. Rozpoczynaj\u0105c swoj\u0105 karier\u0119 w r\u00f3\u017cnych lokalnych mediach, zdoby\u0142em solidne do\u015bwiadczenie w zakresie \u015bledztwa i redakcji. Obecnie jako redaktor w Pogotowie flagowe, staram si\u0119 dostarcza\u0107 dog\u0142\u0119bne i istotne analizy na temat najwa\u017cniejszych kwestii aktualno\u015bci, \u0142\u0105cz\u0105c rygor z pasj\u0105 dziennikarsk\u0105.","sameAs":["https:\/\/www.pogotowieflagowe.pl\/"]}]}},"_links":{"self":[{"href":"https:\/\/www.pogotowieflagowe.pl\/aktualne\/wp-json\/wp\/v2\/posts\/9254","targetHints":{"allow":["GET"]}}],"collection":[{"href":"https:\/\/www.pogotowieflagowe.pl\/aktualne\/wp-json\/wp\/v2\/posts"}],"about":[{"href":"https:\/\/www.pogotowieflagowe.pl\/aktualne\/wp-json\/wp\/v2\/types\/post"}],"author":[{"embeddable":true,"href":"https:\/\/www.pogotowieflagowe.pl\/aktualne\/wp-json\/wp\/v2\/users\/1"}],"replies":[{"embeddable":true,"href":"https:\/\/www.pogotowieflagowe.pl\/aktualne\/wp-json\/wp\/v2\/comments?post=9254"}],"version-history":[{"count":1,"href":"https:\/\/www.pogotowieflagowe.pl\/aktualne\/wp-json\/wp\/v2\/posts\/9254\/revisions"}],"predecessor-version":[{"id":9256,"href":"https:\/\/www.pogotowieflagowe.pl\/aktualne\/wp-json\/wp\/v2\/posts\/9254\/revisions\/9256"}],"wp:featuredmedia":[{"embeddable":true,"href":"https:\/\/www.pogotowieflagowe.pl\/aktualne\/wp-json\/wp\/v2\/media\/9255"}],"wp:attachment":[{"href":"https:\/\/www.pogotowieflagowe.pl\/aktualne\/wp-json\/wp\/v2\/media?parent=9254"}],"wp:term":[{"taxonomy":"category","embeddable":true,"href":"https:\/\/www.pogotowieflagowe.pl\/aktualne\/wp-json\/wp\/v2\/categories?post=9254"},{"taxonomy":"post_tag","embeddable":true,"href":"https:\/\/www.pogotowieflagowe.pl\/aktualne\/wp-json\/wp\/v2\/tags?post=9254"}],"curies":[{"name":"wp","href":"https:\/\/api.w.org\/{rel}","templated":true}]}}