{"id":9257,"date":"2025-10-12T16:42:11","date_gmt":"2025-10-12T14:42:11","guid":{"rendered":"https:\/\/www.pogotowieflagowe.pl\/aktualne\/rusza-nowy-system-rejestracji-obywateli-spoza-ue-w-polsce-na-razie-na-dwoch-przejsciach-granicznych\/"},"modified":"2025-10-12T16:42:13","modified_gmt":"2025-10-12T14:42:13","slug":"rusza-nowy-system-rejestracji-obywateli-spoza-ue-w-polsce-na-razie-na-dwoch-przejsciach-granicznych","status":"publish","type":"post","link":"https:\/\/www.pogotowieflagowe.pl\/aktualne\/rusza-nowy-system-rejestracji-obywateli-spoza-ue-w-polsce-na-razie-na-dwoch-przejsciach-granicznych\/","title":{"rendered":"Rusza nowy system rejestracji obywateli spoza UE. W Polsce \u2013 na razie na dw\u00f3ch przej\u015bciach granicznych"},"content":{"rendered":"\n<div class=\"td_block_wrap tdb_single_content tdi_41 td-pb-border-top td_block_template_8 td-post-content tagdiv-type\" data-td-block-uid=\"tdi_41\">\n<style>.tdi_41{margines-top:0px!important;margin-bottom:0px!important;dope\u0142nienie-g\u00f3ra:0px!important;dope\u0142nienie-d\u00f3\u0142:0px!important}<\/style>\n<style>.tdb_single_content{margin-bottom:0;*zoom:1}.tdb_single_content:before,.tdb_single_content:after{display:table;content:'';line-height:0}.tdb_single_content:after{clear:both}.tdb_single_content .tdb-block-inner>*:not(.wp-block-quote):not(.alignwide):not(.alignfull.wp-block-cover.has-parallax):not(.td-a-ad){margin-left:auto;margin-right:auto}.tdb_single_content a{pointer-events:auto}.tdb_single_content .td-spot-id-top_ad .tdc-placeholder-title:before{content:'Article Top Ad'!important}.tdb_single_content .td-spot-id-inline_ad0 .tdc-placeholder-title:before{content:'Article Reklama wbudowana 1'!important}.tdb_single_content .td-spot-id-inline_ad1 .tdc-placeholder-title:before{content:'Reklama wbudowana w artyku\u0142 2'!important}.tdb_single_content .td-spot-id-inline_ad2 .tdc-placeholder-title:before{content:'Reklama w tek\u015bcie artyku\u0142u 3'!important}.tdb_single_content .td-spot-id-bottom_ad .tdc-placeholder-title:before{content:'Article Bottom Ad'!important}.tdb_single_content .id_top_ad,.tdb_single_content .id_bottom_ad{clear:both;margin-bottom:21px;text-align:center}.tdb_single_content .id_top_ad img,.tdb_single_content .id_bottom_ad img{margin-bottom:0}.tdb_single_content .id_top_ad .adsbygoogle,.tdb_single_content .id_bottom_ad .adsbygoogle{position:relative}.tdb_single_content .id_ad_content-horiz-left,.tdb_single_content .id_ad_content-horiz-right,.tdb_single_content .id_ad_content-horiz-center{margin-bottom:15px}.tdb_single_content .id_ad_content-horiz-left img,.tdb_single_content .id_ad_content-horiz-right img,.tdb_single_content .id_ad_content-horiz-center img{margin-bottom:0}.tdb_single_content .id_ad_content-horiz-center{text-align:center}.tdb_single_content .id_ad_content-horiz-center img{margin-right:auto;margin-left:auto}.tdb_single_content .id_ad_content-horiz-left{float:left;margin-top:9px;margin-right:21px}.tdb_single_content .id_ad_content-horiz-right{float:right;margin-top:6px;margin-left:21px}.tdb_single_content .tdc-a-ad .tdc-placeholder-title{width:300px;height:250px}.tdb_single_content .tdc-a-ad .tdc-placeholder-title:before{position:absolute;top:50%;-webkit-transform:translateY(-50%);transform:translateY(-50%);margin:auto;display:table;width:100%}.tdb_single_content .tdb-block-inner.td-fix-index{word-break:break-word}.tdi_41,.tdi_41>p,.tdi_41 .tdb-block-inner>p,.wp-block-column>p{font-size:16px!important;line-height:1.6!important}.tdi_41 .tdb-block-inner cytat blokowy p{font-style:normal!important}@media (max-width:767px){.tdb_single_content .id_ad_content-horiz-left,.tdb_single_content .id_ad_content-horiz-right,.tdb_single_content .id_ad_content-horiz-center{margin:0 auto 26 pikseli auto}}@media (max-width:767px){.tdb_single_content .id_ad_content-horiz-left{margin-right:0}}@media (max-width:767px){.tdb_single_content .id_ad_content-horiz-right{margin-left:0}}@media (max-width:767px){.tdb_single_content .td-a-ad{float:none;text-align:center}.tdb_single_content .td-a-ad img{margin-right:auto;margin-left:auto}.tdb_single_content .tdc-a-ad{float:none}}<\/style>\n<div class=\"tdb-block-inner td-fix-index\">\n<p>W niedziel\u0119 o <em>System wej\u015bcia\/wyj\u015bcia<\/em> (EES) zostanie uruchomiony w ca\u0142ej Europie. W Polsce b\u0119dzie on w pierwszej kolejno\u015bci realizowany na drogowym przej\u015bciu granicznym Medyka\u2013Szehyni i kolejowym Przemy\u015bl\u2013Mostyska, <em>Stra\u017c Graniczna<\/em> \u2013 poinformowa\u0142 rzecznik pp\u0142k Andrzej Ju\u017awiak.<\/p>\n<p>jako <em>Stra\u017c Graniczna<\/em> rzecznik wyja\u015bni\u0142, w EES b\u0119d\u0105 rejestrowani obywatele kraj\u00f3w spoza Unii Europejskiej podr\u00f3\u017cuj\u0105cy na kr\u00f3tkie pobyty \u2013 czyli do 90 dni w okresie 180 dni \u2013 do kraj\u00f3w europejskich korzystaj\u0105cych z EES.<\/p>\n<figure class=\"wp-block-pullquote\">\n<blockquote>\n<p><strong>&#8222;Dane podr\u00f3\u017cnych b\u0119d\u0105 rejestrowane w EES niezale\u017cnie od tego, czy potrzebuj\u0105 oni wizy kr\u00f3tkoterminowej, czy korzystaj\u0105 z ruchu bezwizowego. System b\u0119dzie rejestrowa\u0142 tak\u017ce odmowy wjazdu. Wprowadzenie EES nie na\u0142o\u017cy \u017cadnych nowych wymog\u00f3w na osoby korzystaj\u0105ce z prawa do swobodnego przemieszczania si\u0119.&#8221;<\/strong> \u2013 podkre\u015bli\u0142 Ju\u017awiak.<\/p>\n<\/blockquote>\n<\/figure>\n<p>Dzi\u0119ki EES b\u0119dzie mo\u017cna ustali\u0107, kto, gdzie i kiedy wje\u017cd\u017ca do Unii Europejskiej. System umo\u017cliwi skuteczniejsz\u0105 identyfikacj\u0119 os\u00f3b stwarzaj\u0105cych zagro\u017cenie bezpiecze\u0144stwa, przekraczaj\u0105cych dozwolon\u0105 d\u0142ugo\u015b\u0107 pobytu, a tak\u017ce pomo\u017ce zapobiega\u0107 fa\u0142szowaniu to\u017csamo\u015bci i dokument\u00f3w.<\/p>\n<figure class=\"wp-block-pullquote\">\n<blockquote>\n<p><strong>\u201eKorzystaj\u0105c z danych biometrycznych, mo\u017cemy zapewni\u0107, \u017ce podr\u00f3\u017cni nie b\u0119d\u0105 mogli pos\u0142ugiwa\u0107 si\u0119 wieloma to\u017csamo\u015bciami ani nadu\u017cywa\u0107 dokument\u00f3w podr\u00f3\u017cy w celu przekraczania dozwolonego okresu pobytu. <em>Europejski system wjazdu\/wyjazdu<\/em> (EES) zwi\u0119ksza skuteczno\u015b\u0107 kontroli granicznej poprzez wykrywanie zagro\u017ce\u0144 bezpiecze\u0144stwa i zapewnianie, \u017ce granice zewn\u0119trzne przekraczaj\u0105 wy\u0142\u0105cznie upowa\u017cnione osoby.\u201d<\/strong> the <em>Stra\u017c Graniczna<\/em> podkre\u015bli\u0142 rzecznik.<\/p>\n<\/blockquote>\n<\/figure>\n<p>Doda\u0142, \u017ce EES b\u0119dzie wdra\u017cany stopniowo, a kraje europejskie b\u0119d\u0105 wprowadza\u0107 jego elementy etapami, \u0142\u0105cznie z gromadzeniem danych biometrycznych, takich jak wizerunki twarzy i odciski palc\u00f3w. <strong>\u201eOznacza to, \u017ce dane biometryczne podr\u00f3\u017cnych \u2013 wizerunki twarzy i odciski palc\u00f3w \u2013 mog\u0105 nie by\u0107 gromadzone natychmiast na ka\u017cdym przej\u015bciu granicznym,<\/strong>\u2013 powiedzia\u0142 Ju\u017awiak.<\/p>\n<p>Rzecznik przyzna\u0142, \u017ce w pocz\u0105tkowej fazie wdra\u017cania podr\u00f3\u017cni mog\u0105 do\u015bwiadczy\u0107 d\u0142u\u017cszego czasu przetwarzania na granicy. <strong>\u201eTo stopniowe wdra\u017canie potrwa do 9 kwietnia 2026 r. Od 10 kwietnia 2026 r. EES b\u0119dzie w pe\u0142ni funkcjonalny i od tego dnia stemplowanie paszport\u00f3w zostanie zast\u0105pione elektroniczn\u0105 rejestracj\u0105 w systemie,<\/strong>\u2013 wyja\u015bni\u0142.<\/p>\n<p>The <em>System wej\u015bcia\/wyj\u015bcia<\/em> to nowy europejski system zarz\u0105dzania granicami, kt\u00f3ry rejestruje ka\u017cdy wjazd i wyjazd obywateli spoza UE podr\u00f3\u017cuj\u0105cych na kr\u00f3tki pobyt w UE podczas przekraczania granic zewn\u0119trznych 29 kraj\u00f3w europejskich.<\/p>\n<p>Kraje europejskie korzystaj\u0105ce z EES to: Austria, Belgia, Bu\u0142garia, Chorwacja, Dania, Estonia, Finlandia, Francja, Grecja, Hiszpania, Islandia, Holandia, Liechtenstein, Litwa, Luksemburg, Malta, Niemcy, Norwegia, Polska, Portugalia, Czechy, Rumunia, Szwajcaria, Szwecja, S\u0142owacja, S\u0142owenia, W\u0119gry, W\u0142ochy i \u0141otwa.<\/p>\n<p>EES b\u0119dzie gromadzi\u0142 dane osobowe widniej\u0105ce w dokumentach podr\u00f3\u017cy, w tym imi\u0119 i nazwisko, dat\u0119 urodzenia, narodowo\u015b\u0107; data i miejsce ka\u017cdego wjazdu i wyjazdu z 29 kraj\u00f3w europejskich korzystaj\u0105cych z EES; dane biometryczne, takie jak wizerunek twarzy i\/lub odciski palc\u00f3w, a tak\u017ce ewentualne informacje dotycz\u0105ce odmowy wjazdu.<\/p>\n<p>Nowy, zintegrowany system umo\u017cliwi w\u0142adzom wszystkich pa\u0144stw cz\u0142onkowskich w ka\u017cdej chwili sprawdzenie, czy pobyt danej osoby jest legalny. Pomo\u017ce to w identyfikacji podr\u00f3\u017cnych przed\u0142u\u017caj\u0105cych pobyt i wyeliminuje potrzeb\u0119 r\u0119cznego stemplowania paszportu.<\/p>\n<p>Premiera integry <em>System wej\u015bcia\/wyj\u015bcia<\/em> (EES) w pa\u017adzierniku 2025 r. zosta\u0142o uzgodnione i potwierdzone podczas polskiej prezydencji w Radzie UE <em>Rada Unii Europejskiej<\/em>.<\/p>\n<\/div>\n<\/div>\n","protected":false},"excerpt":{"rendered":"<p>W niedziel\u0119 o System wej\u015bcia\/wyj\u015bcia (EES) zostanie uruchomiony w ca\u0142ej Europie. W Polsce b\u0119dzie on w pierwszej kolejno\u015bci realizowany na<\/p>\n","protected":false},"author":1,"featured_media":9258,"comment_status":"open","ping_status":"open","sticky":false,"template":"","format":"standard","meta":{"footnotes":""},"categories":[4748],"tags":[1544,1186,581,2041,60,10764,10763,10762,9569,9831,6609],"class_list":["post-9257","post","type-post","status-publish","format-standard","has-post-thumbnail","hentry","category-aktualne","tag-dwoch","tag-granicznych","tag-nowy","tag-obywateli","tag-polsce","tag-przejsciach","tag-razie","tag-rejestracji","tag-rusza","tag-spoza","tag-system","generate-columns","tablet-grid-50","mobile-grid-100","grid-parent","grid-50","resize-featured-image"],"yoast_head":"<!-- This site is optimized with the Yoast SEO plugin v23.2 - https:\/\/yoast.com\/wordpress\/plugins\/seo\/ -->\n<title>Rusza nowy system rejestracji obywateli spoza UE. W Polsce \u2013 na razie na dw\u00f3ch przej\u015bciach granicznych - POGOTOWIE FLAGOWE\u00ae<\/title>\n<meta name=\"robots\" content=\"index, follow, max-snippet:-1, max-image-preview:large, max-video-preview:-1\" \/>\n<link rel=\"canonical\" href=\"https:\/\/www.pogotowieflagowe.pl\/aktualne\/rusza-nowy-system-rejestracji-obywateli-spoza-ue-w-polsce-na-razie-na-dwoch-przejsciach-granicznych\/\" \/>\n<meta property=\"og:locale\" content=\"pl_PL\" \/>\n<meta property=\"og:type\" content=\"article\" \/>\n<meta property=\"og:title\" content=\"Rusza nowy system rejestracji obywateli spoza UE. W Polsce \u2013 na razie na dw\u00f3ch przej\u015bciach granicznych - POGOTOWIE FLAGOWE\u00ae\" \/>\n<meta property=\"og:description\" content=\"W niedziel\u0119 o System wej\u015bcia\/wyj\u015bcia (EES) zostanie uruchomiony w ca\u0142ej Europie. W Polsce b\u0119dzie on w pierwszej kolejno\u015bci realizowany na\" \/>\n<meta property=\"og:url\" content=\"https:\/\/www.pogotowieflagowe.pl\/aktualne\/rusza-nowy-system-rejestracji-obywateli-spoza-ue-w-polsce-na-razie-na-dwoch-przejsciach-granicznych\/\" \/>\n<meta property=\"og:site_name\" content=\"POGOTOWIE FLAGOWE\u00ae\" \/>\n<meta property=\"article:published_time\" content=\"2025-10-12T14:42:11+00:00\" \/>\n<meta property=\"article:modified_time\" content=\"2025-10-12T14:42:13+00:00\" \/>\n<meta property=\"og:image\" content=\"https:\/\/www.pogotowieflagowe.pl\/aktualne\/wp-content\/uploads\/2025\/10\/Rusza-nowy-system-rejestracji-obywateli-spoza-UE-W-Polsce-\u2013.webp.webp\" \/>\n\t<meta property=\"og:image:width\" content=\"1280\" \/>\n\t<meta property=\"og:image:height\" content=\"720\" \/>\n\t<meta property=\"og:image:type\" content=\"image\/webp\" \/>\n<meta name=\"author\" content=\"Filip\" \/>\n<meta name=\"twitter:card\" content=\"summary_large_image\" \/>\n<meta name=\"twitter:label1\" content=\"Napisane przez\" \/>\n\t<meta name=\"twitter:data1\" content=\"Filip\" \/>\n\t<meta name=\"twitter:label2\" content=\"Szacowany czas czytania\" \/>\n\t<meta name=\"twitter:data2\" content=\"3 minuty\" \/>\n<script type=\"application\/ld+json\" class=\"yoast-schema-graph\">{\"@context\":\"https:\/\/schema.org\",\"@graph\":[{\"@type\":\"Article\",\"@id\":\"https:\/\/www.pogotowieflagowe.pl\/aktualne\/rusza-nowy-system-rejestracji-obywateli-spoza-ue-w-polsce-na-razie-na-dwoch-przejsciach-granicznych\/#article\",\"isPartOf\":{\"@id\":\"https:\/\/www.pogotowieflagowe.pl\/aktualne\/rusza-nowy-system-rejestracji-obywateli-spoza-ue-w-polsce-na-razie-na-dwoch-przejsciach-granicznych\/\"},\"author\":{\"name\":\"Filip\",\"@id\":\"https:\/\/www.pogotowieflagowe.pl\/aktualne\/#\/schema\/person\/9c2fb7d2362ebf6fa088960d7f0d27b0\"},\"headline\":\"Rusza nowy system rejestracji obywateli spoza UE. W Polsce \u2013 na razie na dw\u00f3ch przej\u015bciach granicznych\",\"datePublished\":\"2025-10-12T14:42:11+00:00\",\"dateModified\":\"2025-10-12T14:42:13+00:00\",\"mainEntityOfPage\":{\"@id\":\"https:\/\/www.pogotowieflagowe.pl\/aktualne\/rusza-nowy-system-rejestracji-obywateli-spoza-ue-w-polsce-na-razie-na-dwoch-przejsciach-granicznych\/\"},\"wordCount\":595,\"commentCount\":0,\"publisher\":{\"@id\":\"https:\/\/www.pogotowieflagowe.pl\/aktualne\/#organization\"},\"image\":{\"@id\":\"https:\/\/www.pogotowieflagowe.pl\/aktualne\/rusza-nowy-system-rejestracji-obywateli-spoza-ue-w-polsce-na-razie-na-dwoch-przejsciach-granicznych\/#primaryimage\"},\"thumbnailUrl\":\"https:\/\/www.pogotowieflagowe.pl\/aktualne\/wp-content\/uploads\/2025\/10\/Rusza-nowy-system-rejestracji-obywateli-spoza-UE-W-Polsce-\u2013.webp.webp\",\"keywords\":[\"Dw\u00f3ch\",\"granicznych\",\"Nowy\",\"obywateli\",\"Polsce\",\"przej\u015bciach\",\"razie\",\"rejestracji\",\"rusza\",\"spoza\",\"System\"],\"articleSection\":[\"Aktualne\"],\"inLanguage\":\"pl-PL\",\"potentialAction\":[{\"@type\":\"CommentAction\",\"name\":\"Comment\",\"target\":[\"https:\/\/www.pogotowieflagowe.pl\/aktualne\/rusza-nowy-system-rejestracji-obywateli-spoza-ue-w-polsce-na-razie-na-dwoch-przejsciach-granicznych\/#respond\"]}]},{\"@type\":\"WebPage\",\"@id\":\"https:\/\/www.pogotowieflagowe.pl\/aktualne\/rusza-nowy-system-rejestracji-obywateli-spoza-ue-w-polsce-na-razie-na-dwoch-przejsciach-granicznych\/\",\"url\":\"https:\/\/www.pogotowieflagowe.pl\/aktualne\/rusza-nowy-system-rejestracji-obywateli-spoza-ue-w-polsce-na-razie-na-dwoch-przejsciach-granicznych\/\",\"name\":\"Rusza nowy system rejestracji obywateli spoza UE. W Polsce \u2013 na razie na dw\u00f3ch przej\u015bciach granicznych - POGOTOWIE FLAGOWE\u00ae\",\"isPartOf\":{\"@id\":\"https:\/\/www.pogotowieflagowe.pl\/aktualne\/#website\"},\"primaryImageOfPage\":{\"@id\":\"https:\/\/www.pogotowieflagowe.pl\/aktualne\/rusza-nowy-system-rejestracji-obywateli-spoza-ue-w-polsce-na-razie-na-dwoch-przejsciach-granicznych\/#primaryimage\"},\"image\":{\"@id\":\"https:\/\/www.pogotowieflagowe.pl\/aktualne\/rusza-nowy-system-rejestracji-obywateli-spoza-ue-w-polsce-na-razie-na-dwoch-przejsciach-granicznych\/#primaryimage\"},\"thumbnailUrl\":\"https:\/\/www.pogotowieflagowe.pl\/aktualne\/wp-content\/uploads\/2025\/10\/Rusza-nowy-system-rejestracji-obywateli-spoza-UE-W-Polsce-\u2013.webp.webp\",\"datePublished\":\"2025-10-12T14:42:11+00:00\",\"dateModified\":\"2025-10-12T14:42:13+00:00\",\"breadcrumb\":{\"@id\":\"https:\/\/www.pogotowieflagowe.pl\/aktualne\/rusza-nowy-system-rejestracji-obywateli-spoza-ue-w-polsce-na-razie-na-dwoch-przejsciach-granicznych\/#breadcrumb\"},\"inLanguage\":\"pl-PL\",\"potentialAction\":[{\"@type\":\"ReadAction\",\"target\":[\"https:\/\/www.pogotowieflagowe.pl\/aktualne\/rusza-nowy-system-rejestracji-obywateli-spoza-ue-w-polsce-na-razie-na-dwoch-przejsciach-granicznych\/\"]}]},{\"@type\":\"ImageObject\",\"inLanguage\":\"pl-PL\",\"@id\":\"https:\/\/www.pogotowieflagowe.pl\/aktualne\/rusza-nowy-system-rejestracji-obywateli-spoza-ue-w-polsce-na-razie-na-dwoch-przejsciach-granicznych\/#primaryimage\",\"url\":\"https:\/\/www.pogotowieflagowe.pl\/aktualne\/wp-content\/uploads\/2025\/10\/Rusza-nowy-system-rejestracji-obywateli-spoza-UE-W-Polsce-\u2013.webp.webp\",\"contentUrl\":\"https:\/\/www.pogotowieflagowe.pl\/aktualne\/wp-content\/uploads\/2025\/10\/Rusza-nowy-system-rejestracji-obywateli-spoza-UE-W-Polsce-\u2013.webp.webp\",\"width\":1280,\"height\":720,\"caption\":\"Rusza nowy system rejestracji obywateli spoza UE. W Polsce \u2013 na razie na dw\u00f3ch przej\u015bciach granicznych\"},{\"@type\":\"BreadcrumbList\",\"@id\":\"https:\/\/www.pogotowieflagowe.pl\/aktualne\/rusza-nowy-system-rejestracji-obywateli-spoza-ue-w-polsce-na-razie-na-dwoch-przejsciach-granicznych\/#breadcrumb\",\"itemListElement\":[{\"@type\":\"ListItem\",\"position\":1,\"name\":\"Home\",\"item\":\"https:\/\/www.pogotowieflagowe.pl\/aktualne\/\"},{\"@type\":\"ListItem\",\"position\":2,\"name\":\"Rusza nowy system rejestracji obywateli spoza UE. W Polsce \u2013 na razie na dw\u00f3ch przej\u015bciach granicznych\"}]},{\"@type\":\"WebSite\",\"@id\":\"https:\/\/www.pogotowieflagowe.pl\/aktualne\/#website\",\"url\":\"https:\/\/www.pogotowieflagowe.pl\/aktualne\/\",\"name\":\"POGOTOWIE FLAGOWE\u00ae\",\"description\":\"\",\"publisher\":{\"@id\":\"https:\/\/www.pogotowieflagowe.pl\/aktualne\/#organization\"},\"potentialAction\":[{\"@type\":\"SearchAction\",\"target\":{\"@type\":\"EntryPoint\",\"urlTemplate\":\"https:\/\/www.pogotowieflagowe.pl\/aktualne\/?s={search_term_string}\"},\"query-input\":\"required name=search_term_string\"}],\"inLanguage\":\"pl-PL\"},{\"@type\":\"Organization\",\"@id\":\"https:\/\/www.pogotowieflagowe.pl\/aktualne\/#organization\",\"name\":\"POGOTOWIE FLAGOWE\u00ae\",\"url\":\"https:\/\/www.pogotowieflagowe.pl\/aktualne\/\",\"logo\":{\"@type\":\"ImageObject\",\"inLanguage\":\"pl-PL\",\"@id\":\"https:\/\/www.pogotowieflagowe.pl\/aktualne\/#\/schema\/logo\/image\/\",\"url\":\"https:\/\/www.pogotowieflagowe.pl\/aktualne\/wp-content\/uploads\/2024\/08\/cropped-pogotowieflagowe_flaga_projekt_sm.jpg\",\"contentUrl\":\"https:\/\/www.pogotowieflagowe.pl\/aktualne\/wp-content\/uploads\/2024\/08\/cropped-pogotowieflagowe_flaga_projekt_sm.jpg\",\"width\":250,\"height\":143,\"caption\":\"POGOTOWIE FLAGOWE\u00ae\"},\"image\":{\"@id\":\"https:\/\/www.pogotowieflagowe.pl\/aktualne\/#\/schema\/logo\/image\/\"}},{\"@type\":\"Person\",\"@id\":\"https:\/\/www.pogotowieflagowe.pl\/aktualne\/#\/schema\/person\/9c2fb7d2362ebf6fa088960d7f0d27b0\",\"name\":\"Filip\",\"image\":{\"@type\":\"ImageObject\",\"inLanguage\":\"pl-PL\",\"@id\":\"https:\/\/www.pogotowieflagowe.pl\/aktualne\/#\/schema\/person\/image\/\",\"url\":\"https:\/\/www.pogotowieflagowe.pl\/aktualne\/wp-content\/uploads\/2024\/08\/pogotowieflagowe.pl_.jpg\",\"contentUrl\":\"https:\/\/www.pogotowieflagowe.pl\/aktualne\/wp-content\/uploads\/2024\/08\/pogotowieflagowe.pl_.jpg\",\"caption\":\"Filip\"},\"description\":\"Jestem Filip, polski dziennikarz z dyplomem nauk politycznych Uniwersytetu Warszawskiego. Rozpoczynaj\u0105c swoj\u0105 karier\u0119 w r\u00f3\u017cnych lokalnych mediach, zdoby\u0142em solidne do\u015bwiadczenie w zakresie \u015bledztwa i redakcji. Obecnie jako redaktor w Pogotowie flagowe, staram si\u0119 dostarcza\u0107 dog\u0142\u0119bne i istotne analizy na temat najwa\u017cniejszych kwestii aktualno\u015bci, \u0142\u0105cz\u0105c rygor z pasj\u0105 dziennikarsk\u0105.\",\"sameAs\":[\"https:\/\/www.pogotowieflagowe.pl\/\"]}]}<\/script>\n<!-- \/ Yoast SEO plugin. -->","yoast_head_json":{"title":"Rusza nowy system rejestracji obywateli spoza UE. W Polsce \u2013 na razie na dw\u00f3ch przej\u015bciach granicznych - POGOTOWIE FLAGOWE\u00ae","robots":{"index":"index","follow":"follow","max-snippet":"max-snippet:-1","max-image-preview":"max-image-preview:large","max-video-preview":"max-video-preview:-1"},"canonical":"https:\/\/www.pogotowieflagowe.pl\/aktualne\/rusza-nowy-system-rejestracji-obywateli-spoza-ue-w-polsce-na-razie-na-dwoch-przejsciach-granicznych\/","og_locale":"pl_PL","og_type":"article","og_title":"Rusza nowy system rejestracji obywateli spoza UE. W Polsce \u2013 na razie na dw\u00f3ch przej\u015bciach granicznych - POGOTOWIE FLAGOWE\u00ae","og_description":"W niedziel\u0119 o System wej\u015bcia\/wyj\u015bcia (EES) zostanie uruchomiony w ca\u0142ej Europie. W Polsce b\u0119dzie on w pierwszej kolejno\u015bci realizowany na","og_url":"https:\/\/www.pogotowieflagowe.pl\/aktualne\/rusza-nowy-system-rejestracji-obywateli-spoza-ue-w-polsce-na-razie-na-dwoch-przejsciach-granicznych\/","og_site_name":"POGOTOWIE FLAGOWE\u00ae","article_published_time":"2025-10-12T14:42:11+00:00","article_modified_time":"2025-10-12T14:42:13+00:00","og_image":[{"width":1280,"height":720,"url":"https:\/\/www.pogotowieflagowe.pl\/aktualne\/wp-content\/uploads\/2025\/10\/Rusza-nowy-system-rejestracji-obywateli-spoza-UE-W-Polsce-\u2013.webp.webp","type":"image\/webp"}],"author":"Filip","twitter_card":"summary_large_image","twitter_misc":{"Napisane przez":"Filip","Szacowany czas czytania":"3 minuty"},"schema":{"@context":"https:\/\/schema.org","@graph":[{"@type":"Article","@id":"https:\/\/www.pogotowieflagowe.pl\/aktualne\/rusza-nowy-system-rejestracji-obywateli-spoza-ue-w-polsce-na-razie-na-dwoch-przejsciach-granicznych\/#article","isPartOf":{"@id":"https:\/\/www.pogotowieflagowe.pl\/aktualne\/rusza-nowy-system-rejestracji-obywateli-spoza-ue-w-polsce-na-razie-na-dwoch-przejsciach-granicznych\/"},"author":{"name":"Filip","@id":"https:\/\/www.pogotowieflagowe.pl\/aktualne\/#\/schema\/person\/9c2fb7d2362ebf6fa088960d7f0d27b0"},"headline":"Rusza nowy system rejestracji obywateli spoza UE. W Polsce \u2013 na razie na dw\u00f3ch przej\u015bciach granicznych","datePublished":"2025-10-12T14:42:11+00:00","dateModified":"2025-10-12T14:42:13+00:00","mainEntityOfPage":{"@id":"https:\/\/www.pogotowieflagowe.pl\/aktualne\/rusza-nowy-system-rejestracji-obywateli-spoza-ue-w-polsce-na-razie-na-dwoch-przejsciach-granicznych\/"},"wordCount":595,"commentCount":0,"publisher":{"@id":"https:\/\/www.pogotowieflagowe.pl\/aktualne\/#organization"},"image":{"@id":"https:\/\/www.pogotowieflagowe.pl\/aktualne\/rusza-nowy-system-rejestracji-obywateli-spoza-ue-w-polsce-na-razie-na-dwoch-przejsciach-granicznych\/#primaryimage"},"thumbnailUrl":"https:\/\/www.pogotowieflagowe.pl\/aktualne\/wp-content\/uploads\/2025\/10\/Rusza-nowy-system-rejestracji-obywateli-spoza-UE-W-Polsce-\u2013.webp.webp","keywords":["Dw\u00f3ch","granicznych","Nowy","obywateli","Polsce","przej\u015bciach","razie","rejestracji","rusza","spoza","System"],"articleSection":["Aktualne"],"inLanguage":"pl-PL","potentialAction":[{"@type":"CommentAction","name":"Comment","target":["https:\/\/www.pogotowieflagowe.pl\/aktualne\/rusza-nowy-system-rejestracji-obywateli-spoza-ue-w-polsce-na-razie-na-dwoch-przejsciach-granicznych\/#respond"]}]},{"@type":"WebPage","@id":"https:\/\/www.pogotowieflagowe.pl\/aktualne\/rusza-nowy-system-rejestracji-obywateli-spoza-ue-w-polsce-na-razie-na-dwoch-przejsciach-granicznych\/","url":"https:\/\/www.pogotowieflagowe.pl\/aktualne\/rusza-nowy-system-rejestracji-obywateli-spoza-ue-w-polsce-na-razie-na-dwoch-przejsciach-granicznych\/","name":"Rusza nowy system rejestracji obywateli spoza UE. W Polsce \u2013 na razie na dw\u00f3ch przej\u015bciach granicznych - POGOTOWIE FLAGOWE\u00ae","isPartOf":{"@id":"https:\/\/www.pogotowieflagowe.pl\/aktualne\/#website"},"primaryImageOfPage":{"@id":"https:\/\/www.pogotowieflagowe.pl\/aktualne\/rusza-nowy-system-rejestracji-obywateli-spoza-ue-w-polsce-na-razie-na-dwoch-przejsciach-granicznych\/#primaryimage"},"image":{"@id":"https:\/\/www.pogotowieflagowe.pl\/aktualne\/rusza-nowy-system-rejestracji-obywateli-spoza-ue-w-polsce-na-razie-na-dwoch-przejsciach-granicznych\/#primaryimage"},"thumbnailUrl":"https:\/\/www.pogotowieflagowe.pl\/aktualne\/wp-content\/uploads\/2025\/10\/Rusza-nowy-system-rejestracji-obywateli-spoza-UE-W-Polsce-\u2013.webp.webp","datePublished":"2025-10-12T14:42:11+00:00","dateModified":"2025-10-12T14:42:13+00:00","breadcrumb":{"@id":"https:\/\/www.pogotowieflagowe.pl\/aktualne\/rusza-nowy-system-rejestracji-obywateli-spoza-ue-w-polsce-na-razie-na-dwoch-przejsciach-granicznych\/#breadcrumb"},"inLanguage":"pl-PL","potentialAction":[{"@type":"ReadAction","target":["https:\/\/www.pogotowieflagowe.pl\/aktualne\/rusza-nowy-system-rejestracji-obywateli-spoza-ue-w-polsce-na-razie-na-dwoch-przejsciach-granicznych\/"]}]},{"@type":"ImageObject","inLanguage":"pl-PL","@id":"https:\/\/www.pogotowieflagowe.pl\/aktualne\/rusza-nowy-system-rejestracji-obywateli-spoza-ue-w-polsce-na-razie-na-dwoch-przejsciach-granicznych\/#primaryimage","url":"https:\/\/www.pogotowieflagowe.pl\/aktualne\/wp-content\/uploads\/2025\/10\/Rusza-nowy-system-rejestracji-obywateli-spoza-UE-W-Polsce-\u2013.webp.webp","contentUrl":"https:\/\/www.pogotowieflagowe.pl\/aktualne\/wp-content\/uploads\/2025\/10\/Rusza-nowy-system-rejestracji-obywateli-spoza-UE-W-Polsce-\u2013.webp.webp","width":1280,"height":720,"caption":"Rusza nowy system rejestracji obywateli spoza UE. W Polsce \u2013 na razie na dw\u00f3ch przej\u015bciach granicznych"},{"@type":"BreadcrumbList","@id":"https:\/\/www.pogotowieflagowe.pl\/aktualne\/rusza-nowy-system-rejestracji-obywateli-spoza-ue-w-polsce-na-razie-na-dwoch-przejsciach-granicznych\/#breadcrumb","itemListElement":[{"@type":"ListItem","position":1,"name":"Home","item":"https:\/\/www.pogotowieflagowe.pl\/aktualne\/"},{"@type":"ListItem","position":2,"name":"Rusza nowy system rejestracji obywateli spoza UE. W Polsce \u2013 na razie na dw\u00f3ch przej\u015bciach granicznych"}]},{"@type":"WebSite","@id":"https:\/\/www.pogotowieflagowe.pl\/aktualne\/#website","url":"https:\/\/www.pogotowieflagowe.pl\/aktualne\/","name":"POGOTOWIE FLAGOWE\u00ae","description":"","publisher":{"@id":"https:\/\/www.pogotowieflagowe.pl\/aktualne\/#organization"},"potentialAction":[{"@type":"SearchAction","target":{"@type":"EntryPoint","urlTemplate":"https:\/\/www.pogotowieflagowe.pl\/aktualne\/?s={search_term_string}"},"query-input":"required name=search_term_string"}],"inLanguage":"pl-PL"},{"@type":"Organization","@id":"https:\/\/www.pogotowieflagowe.pl\/aktualne\/#organization","name":"POGOTOWIE FLAGOWE\u00ae","url":"https:\/\/www.pogotowieflagowe.pl\/aktualne\/","logo":{"@type":"ImageObject","inLanguage":"pl-PL","@id":"https:\/\/www.pogotowieflagowe.pl\/aktualne\/#\/schema\/logo\/image\/","url":"https:\/\/www.pogotowieflagowe.pl\/aktualne\/wp-content\/uploads\/2024\/08\/cropped-pogotowieflagowe_flaga_projekt_sm.jpg","contentUrl":"https:\/\/www.pogotowieflagowe.pl\/aktualne\/wp-content\/uploads\/2024\/08\/cropped-pogotowieflagowe_flaga_projekt_sm.jpg","width":250,"height":143,"caption":"POGOTOWIE FLAGOWE\u00ae"},"image":{"@id":"https:\/\/www.pogotowieflagowe.pl\/aktualne\/#\/schema\/logo\/image\/"}},{"@type":"Person","@id":"https:\/\/www.pogotowieflagowe.pl\/aktualne\/#\/schema\/person\/9c2fb7d2362ebf6fa088960d7f0d27b0","name":"Filip","image":{"@type":"ImageObject","inLanguage":"pl-PL","@id":"https:\/\/www.pogotowieflagowe.pl\/aktualne\/#\/schema\/person\/image\/","url":"https:\/\/www.pogotowieflagowe.pl\/aktualne\/wp-content\/uploads\/2024\/08\/pogotowieflagowe.pl_.jpg","contentUrl":"https:\/\/www.pogotowieflagowe.pl\/aktualne\/wp-content\/uploads\/2024\/08\/pogotowieflagowe.pl_.jpg","caption":"Filip"},"description":"Jestem Filip, polski dziennikarz z dyplomem nauk politycznych Uniwersytetu Warszawskiego. Rozpoczynaj\u0105c swoj\u0105 karier\u0119 w r\u00f3\u017cnych lokalnych mediach, zdoby\u0142em solidne do\u015bwiadczenie w zakresie \u015bledztwa i redakcji. Obecnie jako redaktor w Pogotowie flagowe, staram si\u0119 dostarcza\u0107 dog\u0142\u0119bne i istotne analizy na temat najwa\u017cniejszych kwestii aktualno\u015bci, \u0142\u0105cz\u0105c rygor z pasj\u0105 dziennikarsk\u0105.","sameAs":["https:\/\/www.pogotowieflagowe.pl\/"]}]}},"_links":{"self":[{"href":"https:\/\/www.pogotowieflagowe.pl\/aktualne\/wp-json\/wp\/v2\/posts\/9257","targetHints":{"allow":["GET"]}}],"collection":[{"href":"https:\/\/www.pogotowieflagowe.pl\/aktualne\/wp-json\/wp\/v2\/posts"}],"about":[{"href":"https:\/\/www.pogotowieflagowe.pl\/aktualne\/wp-json\/wp\/v2\/types\/post"}],"author":[{"embeddable":true,"href":"https:\/\/www.pogotowieflagowe.pl\/aktualne\/wp-json\/wp\/v2\/users\/1"}],"replies":[{"embeddable":true,"href":"https:\/\/www.pogotowieflagowe.pl\/aktualne\/wp-json\/wp\/v2\/comments?post=9257"}],"version-history":[{"count":1,"href":"https:\/\/www.pogotowieflagowe.pl\/aktualne\/wp-json\/wp\/v2\/posts\/9257\/revisions"}],"predecessor-version":[{"id":9259,"href":"https:\/\/www.pogotowieflagowe.pl\/aktualne\/wp-json\/wp\/v2\/posts\/9257\/revisions\/9259"}],"wp:featuredmedia":[{"embeddable":true,"href":"https:\/\/www.pogotowieflagowe.pl\/aktualne\/wp-json\/wp\/v2\/media\/9258"}],"wp:attachment":[{"href":"https:\/\/www.pogotowieflagowe.pl\/aktualne\/wp-json\/wp\/v2\/media?parent=9257"}],"wp:term":[{"taxonomy":"category","embeddable":true,"href":"https:\/\/www.pogotowieflagowe.pl\/aktualne\/wp-json\/wp\/v2\/categories?post=9257"},{"taxonomy":"post_tag","embeddable":true,"href":"https:\/\/www.pogotowieflagowe.pl\/aktualne\/wp-json\/wp\/v2\/tags?post=9257"}],"curies":[{"name":"wp","href":"https:\/\/api.w.org\/{rel}","templated":true}]}}