{"id":9260,"date":"2025-10-12T17:13:05","date_gmt":"2025-10-12T15:13:05","guid":{"rendered":"https:\/\/www.pogotowieflagowe.pl\/aktualne\/witam-panie-obama-brazylijski-imigrant-w-polsce-ucina-wypowiedzi-bylego-prezydenta-na-temat-autorytaryzmu\/"},"modified":"2025-10-12T17:13:06","modified_gmt":"2025-10-12T15:13:06","slug":"witam-panie-obama-brazylijski-imigrant-w-polsce-ucina-wypowiedzi-bylego-prezydenta-na-temat-autorytaryzmu","status":"publish","type":"post","link":"https:\/\/www.pogotowieflagowe.pl\/aktualne\/witam-panie-obama-brazylijski-imigrant-w-polsce-ucina-wypowiedzi-bylego-prezydenta-na-temat-autorytaryzmu\/","title":{"rendered":"\u201eWitam, panie Obama\u201d: Brazylijski imigrant w Polsce ucina wypowiedzi by\u0142ego prezydenta na temat \u201eautorytaryzmu\u201d"},"content":{"rendered":"\n<div class=\"td_block_wrap tdb_single_content tdi_41 td-pb-border-top td_block_template_8 td-post-content tagdiv-type\" data-td-block-uid=\"tdi_41\">\n<style>.tdi_41{margines-top:0px!important;margin-bottom:0px!important;dope\u0142nienie-g\u00f3ra:0px!important;dope\u0142nienie-d\u00f3\u0142:0px!important}<\/style>\n<style>.tdb_single_content{margin-bottom:0;*zoom:1}.tdb_single_content:before,.tdb_single_content:after{display:table;content:'';line-height:0}.tdb_single_content:after{clear:both}.tdb_single_content .tdb-block-inner>*:not(.wp-block-quote):not(.alignwide):not(.alignfull.wp-block-cover.has-parallax):not(.td-a-ad){margin-left:auto;margin-right:auto}.tdb_single_content a{pointer-events:auto}.tdb_single_content .td-spot-id-top_ad .tdc-placeholder-title:before{content:'Article Top Ad'!important}.tdb_single_content .td-spot-id-inline_ad0 .tdc-placeholder-title:before{content:'Article Reklama wbudowana 1'!important}.tdb_single_content .td-spot-id-inline_ad1 .tdc-placeholder-title:before{content:'Reklama wbudowana w artyku\u0142 2'!important}.tdb_single_content .td-spot-id-inline_ad2 .tdc-placeholder-title:before{content:'Reklama w tek\u015bcie artyku\u0142u 3'!important}.tdb_single_content .td-spot-id-bottom_ad .tdc-placeholder-title:before{content:'Article Bottom Ad'!important}.tdb_single_content .id_top_ad,.tdb_single_content .id_bottom_ad{clear:both;margin-bottom:21px;text-align:center}.tdb_single_content .id_top_ad img,.tdb_single_content .id_bottom_ad img{margin-bottom:0}.tdb_single_content .id_top_ad .adsbygoogle,.tdb_single_content .id_bottom_ad .adsbygoogle{position:relative}.tdb_single_content .id_ad_content-horiz-left,.tdb_single_content .id_ad_content-horiz-right,.tdb_single_content .id_ad_content-horiz-center{margin-bottom:15px}.tdb_single_content .id_ad_content-horiz-left img,.tdb_single_content .id_ad_content-horiz-right img,.tdb_single_content .id_ad_content-horiz-center img{margin-bottom:0}.tdb_single_content .id_ad_content-horiz-center{text-align:center}.tdb_single_content .id_ad_content-horiz-center img{margin-right:auto;margin-left:auto}.tdb_single_content .id_ad_content-horiz-left{float:left;margin-top:9px;margin-right:21px}.tdb_single_content .id_ad_content-horiz-right{float:right;margin-top:6px;margin-left:21px}.tdb_single_content .tdc-a-ad .tdc-placeholder-title{width:300px;height:250px}.tdb_single_content .tdc-a-ad .tdc-placeholder-title:before{position:absolute;top:50%;-webkit-transform:translateY(-50%);transform:translateY(-50%);margin:auto;display:table;width:100%}.tdb_single_content .tdb-block-inner.td-fix-index{word-break:break-word}.tdi_41,.tdi_41>p,.tdi_41 .tdb-block-inner>p,.wp-block-column>p{font-size:16px!important;line-height:1.6!important}.tdi_41 .tdb-block-inner cytat blokowy p{font-style:normal!important}@media (max-width:767px){.tdb_single_content .id_ad_content-horiz-left,.tdb_single_content .id_ad_content-horiz-right,.tdb_single_content .id_ad_content-horiz-center{margin:0 auto 26 pikseli auto}}@media (max-width:767px){.tdb_single_content .id_ad_content-horiz-left{margin-right:0}}@media (max-width:767px){.tdb_single_content .id_ad_content-horiz-right{margin-left:0}}@media (max-width:767px){.tdb_single_content .td-a-ad{float:none;text-align:center}.tdb_single_content .td-a-ad img{margin-right:auto;margin-left:auto}.tdb_single_content .tdc-a-ad{float:none}}<\/style>\n<div class=\"tdb-block-inner td-fix-index\">\n<p>By\u0142y prezydent USA Barack Obama podzieli\u0142 si\u0119 uwagami na temat swoich rozm\u00f3w na temat \u201erz\u0105d\u00f3w prawa\u201d w Polsce i na W\u0119grzech. Jak wyja\u015bni\u0142, rozmowy dotyczy\u0142y \u201esposob\u00f3w zwalczania narastania autorytaryzmu\u201d. Czy to mo\u017cliwe, \u017ce Obama mia\u0142 na my\u015bli ostatnie decyzje Waldemara \u017burka? Najwyra\u017aniej nie \u2013 jego \u201eekspertem\u201d w tej kwestii by\u0142a Zuzanna Rudzi\u0144ska-Bluszcz, by\u0142a wiceminister sprawiedliwo\u015bci w rz\u0105dzie Donalda Tuska. Wypowiedzi Obamy w mediach spo\u0142eczno\u015bciowych szybko spotka\u0142y si\u0119 z reakcj\u0105 imigranta mieszkaj\u0105cego w Polsce.<\/p>\n<p>\u201eJestem coraz bardziej zaniepokojony rosn\u0105c\u0105 fal\u0105 autorytaryzmu przetaczaj\u0105c\u0105 si\u0119 przez \u015bwiat\u201d \u2013 powiedzia\u0142 Obama. &#8222;Widzimy, jak politycy atakuj\u0105 spo\u0142ecze\u0144stwo obywatelskie, podwa\u017caj\u0105 wolno\u015b\u0107 prasy i uzbrajaj\u0105 s\u0105downictwo. I nikt nie zostaje oszcz\u0119dzony&#8221; &#8211; ostrzeg\u0142.<\/p>\n<p>Idealny opis Polski <em>aktualny<\/em> sytuacja? Ledwie. S\u0142owa Obamy pad\u0142y podczas dyskusji z trzema absolwentami program\u00f3w Fundacji Obamy, kt\u00f3rzy \u2013 jak stwierdzono \u2013 \u201epracuj\u0105 na rzecz wzmacniania demokracji w swoich krajach, w Polsce i na W\u0119grzech\u201d. W\u015br\u00f3d nich znalaz\u0142a si\u0119 Zuzanna Rudzi\u0144ska-Bluszcz, by\u0142a polska wiceminister sprawiedliwo\u015bci, kt\u00f3ra tak\u017ce \u201eprzestrzega\u0142a obywateli przed pokus\u0105 \u015bledzenia wydarze\u0144 krajowych jedynie w czasie wybor\u00f3w\u201d.<\/p>\n<p>\u201eDemokracja to co\u015b, co nale\u017cy praktykowa\u0107 codziennie lub co tydzie\u0144, regularnie\u201d \u2013 stwierdzi\u0142a. \u201ePotrzebujemy aktywnego obywatelstwa\u201d \u2013 doda\u0142a.<\/p>\n<p>\u201eS\u0105 przyk\u0142adem dla nas wszystkich\u201d \u2013 skomentowa\u0142 Obama, odnosz\u0105c si\u0119 do dzia\u0142aczy z Polski i W\u0119gier.<\/p>\n<p>Ale na X.com Brazylijczyk mieszkaj\u0105cy w Polsce mia\u0142 inn\u0105 perspektyw\u0119.<\/p>\n<p>&#8222;Witam, panie Obama. Jestem imigrantem mieszkaj\u0105cym w Polsce. Ulice s\u0105 czyste, miasta s\u0105 BARDZO bezpieczne, \u017cycie jest dobre i \u0142atwe. Nie znam Stan\u00f3w Zjednoczonych, ale nie jestem pewien, czy Filadelfia i Chicago wygl\u0105daj\u0105 tak \u0142adnie jak tutaj&#8221; \u2013 napisa\u0142, wspominaj\u0105c tak\u017ce rzekomo \u201edemokratyczny\u201d Londyn, Hamburg i Pary\u017c.<\/p>\n<figure class=\"wp-block-embed is-type-rich is-provider-twitter wp-block-embed-twitter\">\n<div class=\"wp-block-embed__wrapper\">\n<blockquote class=\"twitter-tweet\" data-width=\"550\" data-dnt=\"true\">\n<p lang=\"en\" dir=\"ltr\">Hej, panie Obamy. Jestem imigrantem mieszkaj\u0105cym w Polsce. Ulice s\u0105 czyste, miasta s\u0105 BARDZO bezpieczne, \u017cycie jest dobre i \u0142atwe.<\/p>\n<p>Nie znam Stan\u00f3w Zjednoczonych, ale nie jestem pewien, czy Filadelfia czy Chicago wygl\u0105daj\u0105 tak \u0142adnie jak tutaj.<\/p>\n<p>Ani w demokratycznym Londynie, Hamburgu, czy Pary\u017cu. <a rel=\"nofollow\" href=\"https:\/\/t.co\/42hEfhq42j\">pic.twitter.com\/42hEfhq42j<\/a><\/p>\n<p>\u2014 Levi Borba \ud83c\udde7\ud83c\uddf7 \u2013 \ud83c\uddf5\ud83c\uddf1 (@abrobivel) <a rel=\"nofollow\" href=\"https:\/\/twitter.com\/abrobivel\/status\/1977032525148307550?ref_src=twsrc%5Etfw\">11 pa\u017adziernika 2025 r<\/a><\/p><\/blockquote>\n<\/div>\n<\/figure>\n<\/div>\n<\/div>\n<p><script async src=\"https:\/\/platform.twitter.com\/widgets.js\" charset=\"utf-8\"><\/script><\/p>\n","protected":false},"excerpt":{"rendered":"<p>By\u0142y prezydent USA Barack Obama podzieli\u0142 si\u0119 uwagami na temat swoich rozm\u00f3w na temat \u201erz\u0105d\u00f3w prawa\u201d w Polsce i na<\/p>\n","protected":false},"author":1,"featured_media":9261,"comment_status":"open","ping_status":"open","sticky":false,"template":"","format":"standard","meta":{"footnotes":""},"categories":[4748],"tags":[3439,10768,3533,10769,10767,10766,60,568,412,10770,10765,597],"class_list":["post-9260","post","type-post","status-publish","format-standard","has-post-thumbnail","hentry","category-aktualne","tag-autorytaryzmu","tag-brazylijski","tag-bylego","tag-imigrant","tag-obama","tag-panie","tag-polsce","tag-prezydenta","tag-temat","tag-ucina","tag-witam","tag-wypowiedzi","generate-columns","tablet-grid-50","mobile-grid-100","grid-parent","grid-50","resize-featured-image"],"yoast_head":"<!-- This site is optimized with the Yoast SEO plugin v23.2 - https:\/\/yoast.com\/wordpress\/plugins\/seo\/ -->\n<title>\u201eWitam, panie Obama\u201d: Brazylijski imigrant w Polsce ucina wypowiedzi by\u0142ego prezydenta na temat \u201eautorytaryzmu\u201d - POGOTOWIE FLAGOWE\u00ae<\/title>\n<meta name=\"robots\" content=\"index, follow, max-snippet:-1, max-image-preview:large, max-video-preview:-1\" \/>\n<link rel=\"canonical\" href=\"https:\/\/www.pogotowieflagowe.pl\/aktualne\/witam-panie-obama-brazylijski-imigrant-w-polsce-ucina-wypowiedzi-bylego-prezydenta-na-temat-autorytaryzmu\/\" \/>\n<meta property=\"og:locale\" content=\"pl_PL\" \/>\n<meta property=\"og:type\" content=\"article\" \/>\n<meta property=\"og:title\" content=\"\u201eWitam, panie Obama\u201d: Brazylijski imigrant w Polsce ucina wypowiedzi by\u0142ego prezydenta na temat \u201eautorytaryzmu\u201d - POGOTOWIE FLAGOWE\u00ae\" \/>\n<meta property=\"og:description\" content=\"By\u0142y prezydent USA Barack Obama podzieli\u0142 si\u0119 uwagami na temat swoich rozm\u00f3w na temat \u201erz\u0105d\u00f3w prawa\u201d w Polsce i na\" \/>\n<meta property=\"og:url\" content=\"https:\/\/www.pogotowieflagowe.pl\/aktualne\/witam-panie-obama-brazylijski-imigrant-w-polsce-ucina-wypowiedzi-bylego-prezydenta-na-temat-autorytaryzmu\/\" \/>\n<meta property=\"og:site_name\" content=\"POGOTOWIE FLAGOWE\u00ae\" \/>\n<meta property=\"article:published_time\" content=\"2025-10-12T15:13:05+00:00\" \/>\n<meta property=\"article:modified_time\" content=\"2025-10-12T15:13:06+00:00\" \/>\n<meta property=\"og:image\" content=\"https:\/\/www.pogotowieflagowe.pl\/aktualne\/wp-content\/uploads\/2025\/10\/\u201eWitam-panie-Obama-Brazylijski-imigrant-w-Polsce-ucina-wypowiedzi-bylego.webp.webp\" \/>\n\t<meta property=\"og:image:width\" content=\"1280\" \/>\n\t<meta property=\"og:image:height\" content=\"720\" \/>\n\t<meta property=\"og:image:type\" content=\"image\/webp\" \/>\n<meta name=\"author\" content=\"Filip\" \/>\n<meta name=\"twitter:card\" content=\"summary_large_image\" \/>\n<meta name=\"twitter:label1\" content=\"Napisane przez\" \/>\n\t<meta name=\"twitter:data1\" content=\"Filip\" \/>\n\t<meta name=\"twitter:label2\" content=\"Szacowany czas czytania\" \/>\n\t<meta name=\"twitter:data2\" content=\"2 minuty\" \/>\n<script type=\"application\/ld+json\" class=\"yoast-schema-graph\">{\"@context\":\"https:\/\/schema.org\",\"@graph\":[{\"@type\":\"Article\",\"@id\":\"https:\/\/www.pogotowieflagowe.pl\/aktualne\/witam-panie-obama-brazylijski-imigrant-w-polsce-ucina-wypowiedzi-bylego-prezydenta-na-temat-autorytaryzmu\/#article\",\"isPartOf\":{\"@id\":\"https:\/\/www.pogotowieflagowe.pl\/aktualne\/witam-panie-obama-brazylijski-imigrant-w-polsce-ucina-wypowiedzi-bylego-prezydenta-na-temat-autorytaryzmu\/\"},\"author\":{\"name\":\"Filip\",\"@id\":\"https:\/\/www.pogotowieflagowe.pl\/aktualne\/#\/schema\/person\/9c2fb7d2362ebf6fa088960d7f0d27b0\"},\"headline\":\"\u201eWitam, panie Obama\u201d: Brazylijski imigrant w Polsce ucina wypowiedzi by\u0142ego prezydenta na temat \u201eautorytaryzmu\u201d\",\"datePublished\":\"2025-10-12T15:13:05+00:00\",\"dateModified\":\"2025-10-12T15:13:06+00:00\",\"mainEntityOfPage\":{\"@id\":\"https:\/\/www.pogotowieflagowe.pl\/aktualne\/witam-panie-obama-brazylijski-imigrant-w-polsce-ucina-wypowiedzi-bylego-prezydenta-na-temat-autorytaryzmu\/\"},\"wordCount\":377,\"commentCount\":0,\"publisher\":{\"@id\":\"https:\/\/www.pogotowieflagowe.pl\/aktualne\/#organization\"},\"image\":{\"@id\":\"https:\/\/www.pogotowieflagowe.pl\/aktualne\/witam-panie-obama-brazylijski-imigrant-w-polsce-ucina-wypowiedzi-bylego-prezydenta-na-temat-autorytaryzmu\/#primaryimage\"},\"thumbnailUrl\":\"https:\/\/www.pogotowieflagowe.pl\/aktualne\/wp-content\/uploads\/2025\/10\/\u201eWitam-panie-Obama-Brazylijski-imigrant-w-Polsce-ucina-wypowiedzi-bylego.webp.webp\",\"keywords\":[\"autorytaryzmu\",\"Brazylijski\",\"by\u0142ego\",\"imigrant\",\"Obama\",\"panie\",\"Polsce\",\"prezydenta\",\"temat\",\"ucina\",\"Witam\",\"wypowiedzi\"],\"articleSection\":[\"Aktualne\"],\"inLanguage\":\"pl-PL\",\"potentialAction\":[{\"@type\":\"CommentAction\",\"name\":\"Comment\",\"target\":[\"https:\/\/www.pogotowieflagowe.pl\/aktualne\/witam-panie-obama-brazylijski-imigrant-w-polsce-ucina-wypowiedzi-bylego-prezydenta-na-temat-autorytaryzmu\/#respond\"]}]},{\"@type\":\"WebPage\",\"@id\":\"https:\/\/www.pogotowieflagowe.pl\/aktualne\/witam-panie-obama-brazylijski-imigrant-w-polsce-ucina-wypowiedzi-bylego-prezydenta-na-temat-autorytaryzmu\/\",\"url\":\"https:\/\/www.pogotowieflagowe.pl\/aktualne\/witam-panie-obama-brazylijski-imigrant-w-polsce-ucina-wypowiedzi-bylego-prezydenta-na-temat-autorytaryzmu\/\",\"name\":\"\u201eWitam, panie Obama\u201d: Brazylijski imigrant w Polsce ucina wypowiedzi by\u0142ego prezydenta na temat \u201eautorytaryzmu\u201d - POGOTOWIE FLAGOWE\u00ae\",\"isPartOf\":{\"@id\":\"https:\/\/www.pogotowieflagowe.pl\/aktualne\/#website\"},\"primaryImageOfPage\":{\"@id\":\"https:\/\/www.pogotowieflagowe.pl\/aktualne\/witam-panie-obama-brazylijski-imigrant-w-polsce-ucina-wypowiedzi-bylego-prezydenta-na-temat-autorytaryzmu\/#primaryimage\"},\"image\":{\"@id\":\"https:\/\/www.pogotowieflagowe.pl\/aktualne\/witam-panie-obama-brazylijski-imigrant-w-polsce-ucina-wypowiedzi-bylego-prezydenta-na-temat-autorytaryzmu\/#primaryimage\"},\"thumbnailUrl\":\"https:\/\/www.pogotowieflagowe.pl\/aktualne\/wp-content\/uploads\/2025\/10\/\u201eWitam-panie-Obama-Brazylijski-imigrant-w-Polsce-ucina-wypowiedzi-bylego.webp.webp\",\"datePublished\":\"2025-10-12T15:13:05+00:00\",\"dateModified\":\"2025-10-12T15:13:06+00:00\",\"breadcrumb\":{\"@id\":\"https:\/\/www.pogotowieflagowe.pl\/aktualne\/witam-panie-obama-brazylijski-imigrant-w-polsce-ucina-wypowiedzi-bylego-prezydenta-na-temat-autorytaryzmu\/#breadcrumb\"},\"inLanguage\":\"pl-PL\",\"potentialAction\":[{\"@type\":\"ReadAction\",\"target\":[\"https:\/\/www.pogotowieflagowe.pl\/aktualne\/witam-panie-obama-brazylijski-imigrant-w-polsce-ucina-wypowiedzi-bylego-prezydenta-na-temat-autorytaryzmu\/\"]}]},{\"@type\":\"ImageObject\",\"inLanguage\":\"pl-PL\",\"@id\":\"https:\/\/www.pogotowieflagowe.pl\/aktualne\/witam-panie-obama-brazylijski-imigrant-w-polsce-ucina-wypowiedzi-bylego-prezydenta-na-temat-autorytaryzmu\/#primaryimage\",\"url\":\"https:\/\/www.pogotowieflagowe.pl\/aktualne\/wp-content\/uploads\/2025\/10\/\u201eWitam-panie-Obama-Brazylijski-imigrant-w-Polsce-ucina-wypowiedzi-bylego.webp.webp\",\"contentUrl\":\"https:\/\/www.pogotowieflagowe.pl\/aktualne\/wp-content\/uploads\/2025\/10\/\u201eWitam-panie-Obama-Brazylijski-imigrant-w-Polsce-ucina-wypowiedzi-bylego.webp.webp\",\"width\":1280,\"height\":720,\"caption\":\"\u201eWitam, panie Obama\u201d: Brazylijski imigrant w Polsce ucina wypowiedzi by\u0142ego prezydenta na temat \u201eautorytaryzmu\u201d\"},{\"@type\":\"BreadcrumbList\",\"@id\":\"https:\/\/www.pogotowieflagowe.pl\/aktualne\/witam-panie-obama-brazylijski-imigrant-w-polsce-ucina-wypowiedzi-bylego-prezydenta-na-temat-autorytaryzmu\/#breadcrumb\",\"itemListElement\":[{\"@type\":\"ListItem\",\"position\":1,\"name\":\"Home\",\"item\":\"https:\/\/www.pogotowieflagowe.pl\/aktualne\/\"},{\"@type\":\"ListItem\",\"position\":2,\"name\":\"\u201eWitam, panie Obama\u201d: Brazylijski imigrant w Polsce ucina wypowiedzi by\u0142ego prezydenta na temat \u201eautorytaryzmu\u201d\"}]},{\"@type\":\"WebSite\",\"@id\":\"https:\/\/www.pogotowieflagowe.pl\/aktualne\/#website\",\"url\":\"https:\/\/www.pogotowieflagowe.pl\/aktualne\/\",\"name\":\"POGOTOWIE FLAGOWE\u00ae\",\"description\":\"\",\"publisher\":{\"@id\":\"https:\/\/www.pogotowieflagowe.pl\/aktualne\/#organization\"},\"potentialAction\":[{\"@type\":\"SearchAction\",\"target\":{\"@type\":\"EntryPoint\",\"urlTemplate\":\"https:\/\/www.pogotowieflagowe.pl\/aktualne\/?s={search_term_string}\"},\"query-input\":\"required name=search_term_string\"}],\"inLanguage\":\"pl-PL\"},{\"@type\":\"Organization\",\"@id\":\"https:\/\/www.pogotowieflagowe.pl\/aktualne\/#organization\",\"name\":\"POGOTOWIE FLAGOWE\u00ae\",\"url\":\"https:\/\/www.pogotowieflagowe.pl\/aktualne\/\",\"logo\":{\"@type\":\"ImageObject\",\"inLanguage\":\"pl-PL\",\"@id\":\"https:\/\/www.pogotowieflagowe.pl\/aktualne\/#\/schema\/logo\/image\/\",\"url\":\"https:\/\/www.pogotowieflagowe.pl\/aktualne\/wp-content\/uploads\/2024\/08\/cropped-pogotowieflagowe_flaga_projekt_sm.jpg\",\"contentUrl\":\"https:\/\/www.pogotowieflagowe.pl\/aktualne\/wp-content\/uploads\/2024\/08\/cropped-pogotowieflagowe_flaga_projekt_sm.jpg\",\"width\":250,\"height\":143,\"caption\":\"POGOTOWIE FLAGOWE\u00ae\"},\"image\":{\"@id\":\"https:\/\/www.pogotowieflagowe.pl\/aktualne\/#\/schema\/logo\/image\/\"}},{\"@type\":\"Person\",\"@id\":\"https:\/\/www.pogotowieflagowe.pl\/aktualne\/#\/schema\/person\/9c2fb7d2362ebf6fa088960d7f0d27b0\",\"name\":\"Filip\",\"image\":{\"@type\":\"ImageObject\",\"inLanguage\":\"pl-PL\",\"@id\":\"https:\/\/www.pogotowieflagowe.pl\/aktualne\/#\/schema\/person\/image\/\",\"url\":\"https:\/\/www.pogotowieflagowe.pl\/aktualne\/wp-content\/uploads\/2024\/08\/pogotowieflagowe.pl_.jpg\",\"contentUrl\":\"https:\/\/www.pogotowieflagowe.pl\/aktualne\/wp-content\/uploads\/2024\/08\/pogotowieflagowe.pl_.jpg\",\"caption\":\"Filip\"},\"description\":\"Jestem Filip, polski dziennikarz z dyplomem nauk politycznych Uniwersytetu Warszawskiego. Rozpoczynaj\u0105c swoj\u0105 karier\u0119 w r\u00f3\u017cnych lokalnych mediach, zdoby\u0142em solidne do\u015bwiadczenie w zakresie \u015bledztwa i redakcji. Obecnie jako redaktor w Pogotowie flagowe, staram si\u0119 dostarcza\u0107 dog\u0142\u0119bne i istotne analizy na temat najwa\u017cniejszych kwestii aktualno\u015bci, \u0142\u0105cz\u0105c rygor z pasj\u0105 dziennikarsk\u0105.\",\"sameAs\":[\"https:\/\/www.pogotowieflagowe.pl\/\"]}]}<\/script>\n<!-- \/ Yoast SEO plugin. -->","yoast_head_json":{"title":"\u201eWitam, panie Obama\u201d: Brazylijski imigrant w Polsce ucina wypowiedzi by\u0142ego prezydenta na temat \u201eautorytaryzmu\u201d - POGOTOWIE FLAGOWE\u00ae","robots":{"index":"index","follow":"follow","max-snippet":"max-snippet:-1","max-image-preview":"max-image-preview:large","max-video-preview":"max-video-preview:-1"},"canonical":"https:\/\/www.pogotowieflagowe.pl\/aktualne\/witam-panie-obama-brazylijski-imigrant-w-polsce-ucina-wypowiedzi-bylego-prezydenta-na-temat-autorytaryzmu\/","og_locale":"pl_PL","og_type":"article","og_title":"\u201eWitam, panie Obama\u201d: Brazylijski imigrant w Polsce ucina wypowiedzi by\u0142ego prezydenta na temat \u201eautorytaryzmu\u201d - POGOTOWIE FLAGOWE\u00ae","og_description":"By\u0142y prezydent USA Barack Obama podzieli\u0142 si\u0119 uwagami na temat swoich rozm\u00f3w na temat \u201erz\u0105d\u00f3w prawa\u201d w Polsce i na","og_url":"https:\/\/www.pogotowieflagowe.pl\/aktualne\/witam-panie-obama-brazylijski-imigrant-w-polsce-ucina-wypowiedzi-bylego-prezydenta-na-temat-autorytaryzmu\/","og_site_name":"POGOTOWIE FLAGOWE\u00ae","article_published_time":"2025-10-12T15:13:05+00:00","article_modified_time":"2025-10-12T15:13:06+00:00","og_image":[{"width":1280,"height":720,"url":"https:\/\/www.pogotowieflagowe.pl\/aktualne\/wp-content\/uploads\/2025\/10\/\u201eWitam-panie-Obama-Brazylijski-imigrant-w-Polsce-ucina-wypowiedzi-bylego.webp.webp","type":"image\/webp"}],"author":"Filip","twitter_card":"summary_large_image","twitter_misc":{"Napisane przez":"Filip","Szacowany czas czytania":"2 minuty"},"schema":{"@context":"https:\/\/schema.org","@graph":[{"@type":"Article","@id":"https:\/\/www.pogotowieflagowe.pl\/aktualne\/witam-panie-obama-brazylijski-imigrant-w-polsce-ucina-wypowiedzi-bylego-prezydenta-na-temat-autorytaryzmu\/#article","isPartOf":{"@id":"https:\/\/www.pogotowieflagowe.pl\/aktualne\/witam-panie-obama-brazylijski-imigrant-w-polsce-ucina-wypowiedzi-bylego-prezydenta-na-temat-autorytaryzmu\/"},"author":{"name":"Filip","@id":"https:\/\/www.pogotowieflagowe.pl\/aktualne\/#\/schema\/person\/9c2fb7d2362ebf6fa088960d7f0d27b0"},"headline":"\u201eWitam, panie Obama\u201d: Brazylijski imigrant w Polsce ucina wypowiedzi by\u0142ego prezydenta na temat \u201eautorytaryzmu\u201d","datePublished":"2025-10-12T15:13:05+00:00","dateModified":"2025-10-12T15:13:06+00:00","mainEntityOfPage":{"@id":"https:\/\/www.pogotowieflagowe.pl\/aktualne\/witam-panie-obama-brazylijski-imigrant-w-polsce-ucina-wypowiedzi-bylego-prezydenta-na-temat-autorytaryzmu\/"},"wordCount":377,"commentCount":0,"publisher":{"@id":"https:\/\/www.pogotowieflagowe.pl\/aktualne\/#organization"},"image":{"@id":"https:\/\/www.pogotowieflagowe.pl\/aktualne\/witam-panie-obama-brazylijski-imigrant-w-polsce-ucina-wypowiedzi-bylego-prezydenta-na-temat-autorytaryzmu\/#primaryimage"},"thumbnailUrl":"https:\/\/www.pogotowieflagowe.pl\/aktualne\/wp-content\/uploads\/2025\/10\/\u201eWitam-panie-Obama-Brazylijski-imigrant-w-Polsce-ucina-wypowiedzi-bylego.webp.webp","keywords":["autorytaryzmu","Brazylijski","by\u0142ego","imigrant","Obama","panie","Polsce","prezydenta","temat","ucina","Witam","wypowiedzi"],"articleSection":["Aktualne"],"inLanguage":"pl-PL","potentialAction":[{"@type":"CommentAction","name":"Comment","target":["https:\/\/www.pogotowieflagowe.pl\/aktualne\/witam-panie-obama-brazylijski-imigrant-w-polsce-ucina-wypowiedzi-bylego-prezydenta-na-temat-autorytaryzmu\/#respond"]}]},{"@type":"WebPage","@id":"https:\/\/www.pogotowieflagowe.pl\/aktualne\/witam-panie-obama-brazylijski-imigrant-w-polsce-ucina-wypowiedzi-bylego-prezydenta-na-temat-autorytaryzmu\/","url":"https:\/\/www.pogotowieflagowe.pl\/aktualne\/witam-panie-obama-brazylijski-imigrant-w-polsce-ucina-wypowiedzi-bylego-prezydenta-na-temat-autorytaryzmu\/","name":"\u201eWitam, panie Obama\u201d: Brazylijski imigrant w Polsce ucina wypowiedzi by\u0142ego prezydenta na temat \u201eautorytaryzmu\u201d - POGOTOWIE FLAGOWE\u00ae","isPartOf":{"@id":"https:\/\/www.pogotowieflagowe.pl\/aktualne\/#website"},"primaryImageOfPage":{"@id":"https:\/\/www.pogotowieflagowe.pl\/aktualne\/witam-panie-obama-brazylijski-imigrant-w-polsce-ucina-wypowiedzi-bylego-prezydenta-na-temat-autorytaryzmu\/#primaryimage"},"image":{"@id":"https:\/\/www.pogotowieflagowe.pl\/aktualne\/witam-panie-obama-brazylijski-imigrant-w-polsce-ucina-wypowiedzi-bylego-prezydenta-na-temat-autorytaryzmu\/#primaryimage"},"thumbnailUrl":"https:\/\/www.pogotowieflagowe.pl\/aktualne\/wp-content\/uploads\/2025\/10\/\u201eWitam-panie-Obama-Brazylijski-imigrant-w-Polsce-ucina-wypowiedzi-bylego.webp.webp","datePublished":"2025-10-12T15:13:05+00:00","dateModified":"2025-10-12T15:13:06+00:00","breadcrumb":{"@id":"https:\/\/www.pogotowieflagowe.pl\/aktualne\/witam-panie-obama-brazylijski-imigrant-w-polsce-ucina-wypowiedzi-bylego-prezydenta-na-temat-autorytaryzmu\/#breadcrumb"},"inLanguage":"pl-PL","potentialAction":[{"@type":"ReadAction","target":["https:\/\/www.pogotowieflagowe.pl\/aktualne\/witam-panie-obama-brazylijski-imigrant-w-polsce-ucina-wypowiedzi-bylego-prezydenta-na-temat-autorytaryzmu\/"]}]},{"@type":"ImageObject","inLanguage":"pl-PL","@id":"https:\/\/www.pogotowieflagowe.pl\/aktualne\/witam-panie-obama-brazylijski-imigrant-w-polsce-ucina-wypowiedzi-bylego-prezydenta-na-temat-autorytaryzmu\/#primaryimage","url":"https:\/\/www.pogotowieflagowe.pl\/aktualne\/wp-content\/uploads\/2025\/10\/\u201eWitam-panie-Obama-Brazylijski-imigrant-w-Polsce-ucina-wypowiedzi-bylego.webp.webp","contentUrl":"https:\/\/www.pogotowieflagowe.pl\/aktualne\/wp-content\/uploads\/2025\/10\/\u201eWitam-panie-Obama-Brazylijski-imigrant-w-Polsce-ucina-wypowiedzi-bylego.webp.webp","width":1280,"height":720,"caption":"\u201eWitam, panie Obama\u201d: Brazylijski imigrant w Polsce ucina wypowiedzi by\u0142ego prezydenta na temat \u201eautorytaryzmu\u201d"},{"@type":"BreadcrumbList","@id":"https:\/\/www.pogotowieflagowe.pl\/aktualne\/witam-panie-obama-brazylijski-imigrant-w-polsce-ucina-wypowiedzi-bylego-prezydenta-na-temat-autorytaryzmu\/#breadcrumb","itemListElement":[{"@type":"ListItem","position":1,"name":"Home","item":"https:\/\/www.pogotowieflagowe.pl\/aktualne\/"},{"@type":"ListItem","position":2,"name":"\u201eWitam, panie Obama\u201d: Brazylijski imigrant w Polsce ucina wypowiedzi by\u0142ego prezydenta na temat \u201eautorytaryzmu\u201d"}]},{"@type":"WebSite","@id":"https:\/\/www.pogotowieflagowe.pl\/aktualne\/#website","url":"https:\/\/www.pogotowieflagowe.pl\/aktualne\/","name":"POGOTOWIE FLAGOWE\u00ae","description":"","publisher":{"@id":"https:\/\/www.pogotowieflagowe.pl\/aktualne\/#organization"},"potentialAction":[{"@type":"SearchAction","target":{"@type":"EntryPoint","urlTemplate":"https:\/\/www.pogotowieflagowe.pl\/aktualne\/?s={search_term_string}"},"query-input":"required name=search_term_string"}],"inLanguage":"pl-PL"},{"@type":"Organization","@id":"https:\/\/www.pogotowieflagowe.pl\/aktualne\/#organization","name":"POGOTOWIE FLAGOWE\u00ae","url":"https:\/\/www.pogotowieflagowe.pl\/aktualne\/","logo":{"@type":"ImageObject","inLanguage":"pl-PL","@id":"https:\/\/www.pogotowieflagowe.pl\/aktualne\/#\/schema\/logo\/image\/","url":"https:\/\/www.pogotowieflagowe.pl\/aktualne\/wp-content\/uploads\/2024\/08\/cropped-pogotowieflagowe_flaga_projekt_sm.jpg","contentUrl":"https:\/\/www.pogotowieflagowe.pl\/aktualne\/wp-content\/uploads\/2024\/08\/cropped-pogotowieflagowe_flaga_projekt_sm.jpg","width":250,"height":143,"caption":"POGOTOWIE FLAGOWE\u00ae"},"image":{"@id":"https:\/\/www.pogotowieflagowe.pl\/aktualne\/#\/schema\/logo\/image\/"}},{"@type":"Person","@id":"https:\/\/www.pogotowieflagowe.pl\/aktualne\/#\/schema\/person\/9c2fb7d2362ebf6fa088960d7f0d27b0","name":"Filip","image":{"@type":"ImageObject","inLanguage":"pl-PL","@id":"https:\/\/www.pogotowieflagowe.pl\/aktualne\/#\/schema\/person\/image\/","url":"https:\/\/www.pogotowieflagowe.pl\/aktualne\/wp-content\/uploads\/2024\/08\/pogotowieflagowe.pl_.jpg","contentUrl":"https:\/\/www.pogotowieflagowe.pl\/aktualne\/wp-content\/uploads\/2024\/08\/pogotowieflagowe.pl_.jpg","caption":"Filip"},"description":"Jestem Filip, polski dziennikarz z dyplomem nauk politycznych Uniwersytetu Warszawskiego. Rozpoczynaj\u0105c swoj\u0105 karier\u0119 w r\u00f3\u017cnych lokalnych mediach, zdoby\u0142em solidne do\u015bwiadczenie w zakresie \u015bledztwa i redakcji. Obecnie jako redaktor w Pogotowie flagowe, staram si\u0119 dostarcza\u0107 dog\u0142\u0119bne i istotne analizy na temat najwa\u017cniejszych kwestii aktualno\u015bci, \u0142\u0105cz\u0105c rygor z pasj\u0105 dziennikarsk\u0105.","sameAs":["https:\/\/www.pogotowieflagowe.pl\/"]}]}},"_links":{"self":[{"href":"https:\/\/www.pogotowieflagowe.pl\/aktualne\/wp-json\/wp\/v2\/posts\/9260","targetHints":{"allow":["GET"]}}],"collection":[{"href":"https:\/\/www.pogotowieflagowe.pl\/aktualne\/wp-json\/wp\/v2\/posts"}],"about":[{"href":"https:\/\/www.pogotowieflagowe.pl\/aktualne\/wp-json\/wp\/v2\/types\/post"}],"author":[{"embeddable":true,"href":"https:\/\/www.pogotowieflagowe.pl\/aktualne\/wp-json\/wp\/v2\/users\/1"}],"replies":[{"embeddable":true,"href":"https:\/\/www.pogotowieflagowe.pl\/aktualne\/wp-json\/wp\/v2\/comments?post=9260"}],"version-history":[{"count":1,"href":"https:\/\/www.pogotowieflagowe.pl\/aktualne\/wp-json\/wp\/v2\/posts\/9260\/revisions"}],"predecessor-version":[{"id":9262,"href":"https:\/\/www.pogotowieflagowe.pl\/aktualne\/wp-json\/wp\/v2\/posts\/9260\/revisions\/9262"}],"wp:featuredmedia":[{"embeddable":true,"href":"https:\/\/www.pogotowieflagowe.pl\/aktualne\/wp-json\/wp\/v2\/media\/9261"}],"wp:attachment":[{"href":"https:\/\/www.pogotowieflagowe.pl\/aktualne\/wp-json\/wp\/v2\/media?parent=9260"}],"wp:term":[{"taxonomy":"category","embeddable":true,"href":"https:\/\/www.pogotowieflagowe.pl\/aktualne\/wp-json\/wp\/v2\/categories?post=9260"},{"taxonomy":"post_tag","embeddable":true,"href":"https:\/\/www.pogotowieflagowe.pl\/aktualne\/wp-json\/wp\/v2\/tags?post=9260"}],"curies":[{"name":"wp","href":"https:\/\/api.w.org\/{rel}","templated":true}]}}