{"id":9272,"date":"2025-10-12T21:57:57","date_gmt":"2025-10-12T19:57:57","guid":{"rendered":"https:\/\/www.pogotowieflagowe.pl\/aktualne\/miesiac-po-morderstwie-charliego-kirka-pozostaje-wiele-pytan\/"},"modified":"2025-10-12T21:57:58","modified_gmt":"2025-10-12T19:57:58","slug":"miesiac-po-morderstwie-charliego-kirka-pozostaje-wiele-pytan","status":"publish","type":"post","link":"https:\/\/www.pogotowieflagowe.pl\/aktualne\/miesiac-po-morderstwie-charliego-kirka-pozostaje-wiele-pytan\/","title":{"rendered":"Miesi\u0105c po morderstwie Charliego Kirka pozostaje wiele pyta\u0144"},"content":{"rendered":"\n<div class=\"td_block_wrap tdb_single_content tdi_41 td-pb-border-top td_block_template_8 td-post-content tagdiv-type\" data-td-block-uid=\"tdi_41\">\n<style>.tdi_41{margines-top:0px!important;margin-bottom:0px!important;dope\u0142nienie-g\u00f3ra:0px!important;dope\u0142nienie-d\u00f3\u0142:0px!important}<\/style>\n<style>.tdb_single_content{margin-bottom:0;*zoom:1}.tdb_single_content:before,.tdb_single_content:after{display:table;content:'';line-height:0}.tdb_single_content:after{clear:both}.tdb_single_content .tdb-block-inner>*:not(.wp-block-quote):not(.alignwide):not(.alignfull.wp-block-cover.has-parallax):not(.td-a-ad){margin-left:auto;margin-right:auto}.tdb_single_content a{pointer-events:auto}.tdb_single_content .td-spot-id-top_ad .tdc-placeholder-title:before{content:'Article Top Ad'!important}.tdb_single_content .td-spot-id-inline_ad0 .tdc-placeholder-title:before{content:'Article Reklama wbudowana 1'!important}.tdb_single_content .td-spot-id-inline_ad1 .tdc-placeholder-title:before{content:'Reklama wbudowana w artyku\u0142 2'!important}.tdb_single_content .td-spot-id-inline_ad2 .tdc-placeholder-title:before{content:'Reklama w tek\u015bcie artyku\u0142u 3'!important}.tdb_single_content .td-spot-id-bottom_ad .tdc-placeholder-title:before{content:'Article Bottom Ad'!important}.tdb_single_content .id_top_ad,.tdb_single_content .id_bottom_ad{clear:both;margin-bottom:21px;text-align:center}.tdb_single_content .id_top_ad img,.tdb_single_content .id_bottom_ad img{margin-bottom:0}.tdb_single_content .id_top_ad .adsbygoogle,.tdb_single_content .id_bottom_ad .adsbygoogle{position:relative}.tdb_single_content .id_ad_content-horiz-left,.tdb_single_content .id_ad_content-horiz-right,.tdb_single_content .id_ad_content-horiz-center{margin-bottom:15px}.tdb_single_content .id_ad_content-horiz-left img,.tdb_single_content .id_ad_content-horiz-right img,.tdb_single_content .id_ad_content-horiz-center img{margin-bottom:0}.tdb_single_content .id_ad_content-horiz-center{text-align:center}.tdb_single_content .id_ad_content-horiz-center img{margin-right:auto;margin-left:auto}.tdb_single_content .id_ad_content-horiz-left{float:left;margin-top:9px;margin-right:21px}.tdb_single_content .id_ad_content-horiz-right{float:right;margin-top:6px;margin-left:21px}.tdb_single_content .tdc-a-ad .tdc-placeholder-title{width:300px;height:250px}.tdb_single_content .tdc-a-ad .tdc-placeholder-title:before{position:absolute;top:50%;-webkit-transform:translateY(-50%);transform:translateY(-50%);margin:auto;display:table;width:100%}.tdb_single_content .tdb-block-inner.td-fix-index{word-break:break-word}.tdi_41,.tdi_41>p,.tdi_41 .tdb-block-inner>p,.wp-block-column>p{font-size:16px!important;line-height:1.6!important}.tdi_41 .tdb-block-inner cytat blokowy p{font-style:normal!important}@media (max-width:767px){.tdb_single_content .id_ad_content-horiz-left,.tdb_single_content .id_ad_content-horiz-right,.tdb_single_content .id_ad_content-horiz-center{margin:0 auto 26 pikseli auto}}@media (max-width:767px){.tdb_single_content .id_ad_content-horiz-left{margin-right:0}}@media (max-width:767px){.tdb_single_content .id_ad_content-horiz-right{margin-left:0}}@media (max-width:767px){.tdb_single_content .td-a-ad{float:none;text-align:center}.tdb_single_content .td-a-ad img{margin-right:auto;margin-left:auto}.tdb_single_content .tdc-a-ad{float:none}}<\/style>\n<div class=\"tdb-block-inner td-fix-index\">\n<p>Min\u0105\u0142 miesi\u0105c od zab\u00f3jstwa Charliego Kirka, do kt\u00f3rego dosz\u0142o podczas debaty o godz <em>Uniwersytet w Utah Valley<\/em>ale wci\u0105\u017c pozostaje kilka pyta\u0144 \u2013 zauwa\u017ca Fox News. Nadal nie jest jasne, w jaki spos\u00f3b Robinsonowi uda\u0142o si\u0119 uciec z kampusu po zabiciu Kirka.<\/p>\n<h2 class=\"wp-block-heading\">Wiele pyta\u0144 dotycz\u0105cych zab\u00f3jstwa Charliego Kirka<\/h2>\n<p>Charlie Kirk, za\u0142o\u017cyciel i dyrektor generalny firmy <em>Punkt zwrotny w USA<\/em>zosta\u0142 \u015bmiertelnie postrzelony 10 wrze\u015bnia podczas debaty na Uniwersytecie Utah w stanie Utah, kt\u00f3ra by\u0142a inauguracyjnym przystankiem jego \u201eAmerican Comeback Tour\u201d.<\/p>\n<p>Wed\u0142ug w\u0142adz oko\u0142o godziny 12:10 czasu g\u00f3rskiego pojedynczy strza\u0142 oddany z odleg\u0142o\u015bci oko\u0142o 200 jard\u00f3w (180 metr\u00f3w) trafi\u0142 Kirka w szyj\u0119. Komisarz Departamentu Bezpiecze\u0144stwa Publicznego stanu Utah, Beau Mason, stwierdzi\u0142, \u017ce strzelec strzeli\u0142 z pobliskiego dachu. Kirk zosta\u0142 przetransportowany do szpitala, gdzie stwierdzono zgon.<\/p>\n<p>Tyler Robinson zosta\u0142 oskar\u017cony o morderstwo kwalifikowane Charliego Kirka, utrudnianie dzia\u0142ania wymiaru sprawiedliwo\u015bci i manipulowanie \u015bwiadkami. Je\u015bli Robinson zostanie skazany, grozi mu kara \u015bmierci. Zosta\u0142 aresztowany w St. George w stanie Utah po 33-godzinnym ob\u0142awie. Robinson nie z\u0142o\u017cy\u0142 jeszcze zarzut\u00f3w i ma ponownie stawi\u0107 si\u0119 w s\u0105dzie 30 pa\u017adziernika.<\/p>\n<p>Nie jest jasne, w jaki spos\u00f3b Robinsonowi uda\u0142o si\u0119 uciec z kampusu. Chocia\u017c nagrania z monitoringu pokazuj\u0105, \u017ce przyby\u0142 na kampus oko\u0142o 8:30 czasu MST, jego dok\u0142adna trasa ucieczki i ruchy po strzelaninie nadal pozostaj\u0105 tajemnic\u0105.<\/p>\n<p>Stacja FOX 13 News Utah z siedzib\u0105 w Salt Lake City poinformowa\u0142a, \u017ce \u200b\u200bwnioski o udost\u0119pnienie informacji publicznych w zwi\u0105zku z zab\u00f3jstwem nadal oczekuj\u0105 na rozpatrzenie, poniewa\u017c uniwersytet ich nie zatwierdzi\u0142 ani nie odrzuci\u0142. FOX 13 News Utah o\u015bwiadczy\u0142a, \u017ce \u200b\u200botrzyma\u0142a zawiadomienie od uniwersytetu wskazuj\u0105ce, \u017ce potrzebuje wi\u0119cej czasu na udzielenie odpowiedzi ze wzgl\u0119du na \u201edu\u017c\u0105 liczb\u0119\u201d wniosk\u00f3w.<\/p>\n<p>Plac\u00f3wka poinformowa\u0142a tak\u017ce, \u017ce zwr\u00f3ci\u0142a si\u0119 z pro\u015bb\u0105 o udost\u0119pnienie wniosku o wydarzenie z\u0142o\u017conego przez <em>TPUSA<\/em>wraz z dokumentacj\u0105 szczeg\u00f3\u0142owo opisuj\u0105c\u0105 przygotowania do bezpiecze\u0144stwa.<\/p>\n<\/div>\n<\/div>\n","protected":false},"excerpt":{"rendered":"<p>Min\u0105\u0142 miesi\u0105c od zab\u00f3jstwa Charliego Kirka, do kt\u00f3rego dosz\u0142o podczas debaty o godz Uniwersytet w Utah Valleyale wci\u0105\u017c pozostaje kilka<\/p>\n","protected":false},"author":1,"featured_media":9273,"comment_status":"open","ping_status":"open","sticky":false,"template":"","format":"standard","meta":{"footnotes":""},"categories":[44],"tags":[9343,9344,6115,10777,274,10528,859],"class_list":["post-9272","post","type-post","status-publish","format-standard","has-post-thumbnail","hentry","category-polityka","tag-charliego","tag-kirka","tag-miesiac","tag-morderstwie","tag-pozostaje","tag-pytan","tag-wiele","generate-columns","tablet-grid-50","mobile-grid-100","grid-parent","grid-50","resize-featured-image"],"yoast_head":"<!-- This site is optimized with the Yoast SEO plugin v23.2 - https:\/\/yoast.com\/wordpress\/plugins\/seo\/ -->\n<title>Miesi\u0105c po morderstwie Charliego Kirka pozostaje wiele pyta\u0144 - POGOTOWIE FLAGOWE\u00ae<\/title>\n<meta name=\"robots\" content=\"index, follow, max-snippet:-1, max-image-preview:large, max-video-preview:-1\" \/>\n<link rel=\"canonical\" href=\"https:\/\/www.pogotowieflagowe.pl\/aktualne\/miesiac-po-morderstwie-charliego-kirka-pozostaje-wiele-pytan\/\" \/>\n<meta property=\"og:locale\" content=\"pl_PL\" \/>\n<meta property=\"og:type\" content=\"article\" \/>\n<meta property=\"og:title\" content=\"Miesi\u0105c po morderstwie Charliego Kirka pozostaje wiele pyta\u0144 - POGOTOWIE FLAGOWE\u00ae\" \/>\n<meta property=\"og:description\" content=\"Min\u0105\u0142 miesi\u0105c od zab\u00f3jstwa Charliego Kirka, do kt\u00f3rego dosz\u0142o podczas debaty o godz Uniwersytet w Utah Valleyale wci\u0105\u017c pozostaje kilka\" \/>\n<meta property=\"og:url\" content=\"https:\/\/www.pogotowieflagowe.pl\/aktualne\/miesiac-po-morderstwie-charliego-kirka-pozostaje-wiele-pytan\/\" \/>\n<meta property=\"og:site_name\" content=\"POGOTOWIE FLAGOWE\u00ae\" \/>\n<meta property=\"article:published_time\" content=\"2025-10-12T19:57:57+00:00\" \/>\n<meta property=\"article:modified_time\" content=\"2025-10-12T19:57:58+00:00\" \/>\n<meta property=\"og:image\" content=\"https:\/\/www.pogotowieflagowe.pl\/aktualne\/wp-content\/uploads\/2025\/10\/Miesiac-po-morderstwie-Charliego-Kirka-pozostaje-wiele-pytan.jpg\" \/>\n\t<meta property=\"og:image:width\" content=\"1200\" \/>\n\t<meta property=\"og:image:height\" content=\"675\" \/>\n\t<meta property=\"og:image:type\" content=\"image\/jpeg\" \/>\n<meta name=\"author\" content=\"Filip\" \/>\n<meta name=\"twitter:card\" content=\"summary_large_image\" \/>\n<meta name=\"twitter:label1\" content=\"Napisane przez\" \/>\n\t<meta name=\"twitter:data1\" content=\"Filip\" \/>\n\t<meta name=\"twitter:label2\" content=\"Szacowany czas czytania\" \/>\n\t<meta name=\"twitter:data2\" content=\"2 minuty\" \/>\n<script type=\"application\/ld+json\" class=\"yoast-schema-graph\">{\"@context\":\"https:\/\/schema.org\",\"@graph\":[{\"@type\":\"Article\",\"@id\":\"https:\/\/www.pogotowieflagowe.pl\/aktualne\/miesiac-po-morderstwie-charliego-kirka-pozostaje-wiele-pytan\/#article\",\"isPartOf\":{\"@id\":\"https:\/\/www.pogotowieflagowe.pl\/aktualne\/miesiac-po-morderstwie-charliego-kirka-pozostaje-wiele-pytan\/\"},\"author\":{\"name\":\"Filip\",\"@id\":\"https:\/\/www.pogotowieflagowe.pl\/aktualne\/#\/schema\/person\/9c2fb7d2362ebf6fa088960d7f0d27b0\"},\"headline\":\"Miesi\u0105c po morderstwie Charliego Kirka pozostaje wiele pyta\u0144\",\"datePublished\":\"2025-10-12T19:57:57+00:00\",\"dateModified\":\"2025-10-12T19:57:58+00:00\",\"mainEntityOfPage\":{\"@id\":\"https:\/\/www.pogotowieflagowe.pl\/aktualne\/miesiac-po-morderstwie-charliego-kirka-pozostaje-wiele-pytan\/\"},\"wordCount\":349,\"commentCount\":0,\"publisher\":{\"@id\":\"https:\/\/www.pogotowieflagowe.pl\/aktualne\/#organization\"},\"image\":{\"@id\":\"https:\/\/www.pogotowieflagowe.pl\/aktualne\/miesiac-po-morderstwie-charliego-kirka-pozostaje-wiele-pytan\/#primaryimage\"},\"thumbnailUrl\":\"https:\/\/www.pogotowieflagowe.pl\/aktualne\/wp-content\/uploads\/2025\/10\/Miesiac-po-morderstwie-Charliego-Kirka-pozostaje-wiele-pytan.jpg\",\"keywords\":[\"Charliego\",\"Kirka\",\"miesi\u0105c\",\"morderstwie\",\"pozostaje\",\"pyta\u0144\",\"wiele\"],\"articleSection\":[\"Polityka\"],\"inLanguage\":\"pl-PL\",\"potentialAction\":[{\"@type\":\"CommentAction\",\"name\":\"Comment\",\"target\":[\"https:\/\/www.pogotowieflagowe.pl\/aktualne\/miesiac-po-morderstwie-charliego-kirka-pozostaje-wiele-pytan\/#respond\"]}]},{\"@type\":\"WebPage\",\"@id\":\"https:\/\/www.pogotowieflagowe.pl\/aktualne\/miesiac-po-morderstwie-charliego-kirka-pozostaje-wiele-pytan\/\",\"url\":\"https:\/\/www.pogotowieflagowe.pl\/aktualne\/miesiac-po-morderstwie-charliego-kirka-pozostaje-wiele-pytan\/\",\"name\":\"Miesi\u0105c po morderstwie Charliego Kirka pozostaje wiele pyta\u0144 - POGOTOWIE FLAGOWE\u00ae\",\"isPartOf\":{\"@id\":\"https:\/\/www.pogotowieflagowe.pl\/aktualne\/#website\"},\"primaryImageOfPage\":{\"@id\":\"https:\/\/www.pogotowieflagowe.pl\/aktualne\/miesiac-po-morderstwie-charliego-kirka-pozostaje-wiele-pytan\/#primaryimage\"},\"image\":{\"@id\":\"https:\/\/www.pogotowieflagowe.pl\/aktualne\/miesiac-po-morderstwie-charliego-kirka-pozostaje-wiele-pytan\/#primaryimage\"},\"thumbnailUrl\":\"https:\/\/www.pogotowieflagowe.pl\/aktualne\/wp-content\/uploads\/2025\/10\/Miesiac-po-morderstwie-Charliego-Kirka-pozostaje-wiele-pytan.jpg\",\"datePublished\":\"2025-10-12T19:57:57+00:00\",\"dateModified\":\"2025-10-12T19:57:58+00:00\",\"breadcrumb\":{\"@id\":\"https:\/\/www.pogotowieflagowe.pl\/aktualne\/miesiac-po-morderstwie-charliego-kirka-pozostaje-wiele-pytan\/#breadcrumb\"},\"inLanguage\":\"pl-PL\",\"potentialAction\":[{\"@type\":\"ReadAction\",\"target\":[\"https:\/\/www.pogotowieflagowe.pl\/aktualne\/miesiac-po-morderstwie-charliego-kirka-pozostaje-wiele-pytan\/\"]}]},{\"@type\":\"ImageObject\",\"inLanguage\":\"pl-PL\",\"@id\":\"https:\/\/www.pogotowieflagowe.pl\/aktualne\/miesiac-po-morderstwie-charliego-kirka-pozostaje-wiele-pytan\/#primaryimage\",\"url\":\"https:\/\/www.pogotowieflagowe.pl\/aktualne\/wp-content\/uploads\/2025\/10\/Miesiac-po-morderstwie-Charliego-Kirka-pozostaje-wiele-pytan.jpg\",\"contentUrl\":\"https:\/\/www.pogotowieflagowe.pl\/aktualne\/wp-content\/uploads\/2025\/10\/Miesiac-po-morderstwie-Charliego-Kirka-pozostaje-wiele-pytan.jpg\",\"width\":1200,\"height\":675,\"caption\":\"Miesi\u0105c po morderstwie Charliego Kirka pozostaje wiele pyta\u0144\"},{\"@type\":\"BreadcrumbList\",\"@id\":\"https:\/\/www.pogotowieflagowe.pl\/aktualne\/miesiac-po-morderstwie-charliego-kirka-pozostaje-wiele-pytan\/#breadcrumb\",\"itemListElement\":[{\"@type\":\"ListItem\",\"position\":1,\"name\":\"Home\",\"item\":\"https:\/\/www.pogotowieflagowe.pl\/aktualne\/\"},{\"@type\":\"ListItem\",\"position\":2,\"name\":\"Miesi\u0105c po morderstwie Charliego Kirka pozostaje wiele pyta\u0144\"}]},{\"@type\":\"WebSite\",\"@id\":\"https:\/\/www.pogotowieflagowe.pl\/aktualne\/#website\",\"url\":\"https:\/\/www.pogotowieflagowe.pl\/aktualne\/\",\"name\":\"POGOTOWIE FLAGOWE\u00ae\",\"description\":\"\",\"publisher\":{\"@id\":\"https:\/\/www.pogotowieflagowe.pl\/aktualne\/#organization\"},\"potentialAction\":[{\"@type\":\"SearchAction\",\"target\":{\"@type\":\"EntryPoint\",\"urlTemplate\":\"https:\/\/www.pogotowieflagowe.pl\/aktualne\/?s={search_term_string}\"},\"query-input\":\"required name=search_term_string\"}],\"inLanguage\":\"pl-PL\"},{\"@type\":\"Organization\",\"@id\":\"https:\/\/www.pogotowieflagowe.pl\/aktualne\/#organization\",\"name\":\"POGOTOWIE FLAGOWE\u00ae\",\"url\":\"https:\/\/www.pogotowieflagowe.pl\/aktualne\/\",\"logo\":{\"@type\":\"ImageObject\",\"inLanguage\":\"pl-PL\",\"@id\":\"https:\/\/www.pogotowieflagowe.pl\/aktualne\/#\/schema\/logo\/image\/\",\"url\":\"https:\/\/www.pogotowieflagowe.pl\/aktualne\/wp-content\/uploads\/2024\/08\/cropped-pogotowieflagowe_flaga_projekt_sm.jpg\",\"contentUrl\":\"https:\/\/www.pogotowieflagowe.pl\/aktualne\/wp-content\/uploads\/2024\/08\/cropped-pogotowieflagowe_flaga_projekt_sm.jpg\",\"width\":250,\"height\":143,\"caption\":\"POGOTOWIE FLAGOWE\u00ae\"},\"image\":{\"@id\":\"https:\/\/www.pogotowieflagowe.pl\/aktualne\/#\/schema\/logo\/image\/\"}},{\"@type\":\"Person\",\"@id\":\"https:\/\/www.pogotowieflagowe.pl\/aktualne\/#\/schema\/person\/9c2fb7d2362ebf6fa088960d7f0d27b0\",\"name\":\"Filip\",\"image\":{\"@type\":\"ImageObject\",\"inLanguage\":\"pl-PL\",\"@id\":\"https:\/\/www.pogotowieflagowe.pl\/aktualne\/#\/schema\/person\/image\/\",\"url\":\"https:\/\/www.pogotowieflagowe.pl\/aktualne\/wp-content\/uploads\/2024\/08\/pogotowieflagowe.pl_.jpg\",\"contentUrl\":\"https:\/\/www.pogotowieflagowe.pl\/aktualne\/wp-content\/uploads\/2024\/08\/pogotowieflagowe.pl_.jpg\",\"caption\":\"Filip\"},\"description\":\"Jestem Filip, polski dziennikarz z dyplomem nauk politycznych Uniwersytetu Warszawskiego. Rozpoczynaj\u0105c swoj\u0105 karier\u0119 w r\u00f3\u017cnych lokalnych mediach, zdoby\u0142em solidne do\u015bwiadczenie w zakresie \u015bledztwa i redakcji. Obecnie jako redaktor w Pogotowie flagowe, staram si\u0119 dostarcza\u0107 dog\u0142\u0119bne i istotne analizy na temat najwa\u017cniejszych kwestii aktualno\u015bci, \u0142\u0105cz\u0105c rygor z pasj\u0105 dziennikarsk\u0105.\",\"sameAs\":[\"https:\/\/www.pogotowieflagowe.pl\/\"]}]}<\/script>\n<!-- \/ Yoast SEO plugin. -->","yoast_head_json":{"title":"Miesi\u0105c po morderstwie Charliego Kirka pozostaje wiele pyta\u0144 - POGOTOWIE FLAGOWE\u00ae","robots":{"index":"index","follow":"follow","max-snippet":"max-snippet:-1","max-image-preview":"max-image-preview:large","max-video-preview":"max-video-preview:-1"},"canonical":"https:\/\/www.pogotowieflagowe.pl\/aktualne\/miesiac-po-morderstwie-charliego-kirka-pozostaje-wiele-pytan\/","og_locale":"pl_PL","og_type":"article","og_title":"Miesi\u0105c po morderstwie Charliego Kirka pozostaje wiele pyta\u0144 - POGOTOWIE FLAGOWE\u00ae","og_description":"Min\u0105\u0142 miesi\u0105c od zab\u00f3jstwa Charliego Kirka, do kt\u00f3rego dosz\u0142o podczas debaty o godz Uniwersytet w Utah Valleyale wci\u0105\u017c pozostaje kilka","og_url":"https:\/\/www.pogotowieflagowe.pl\/aktualne\/miesiac-po-morderstwie-charliego-kirka-pozostaje-wiele-pytan\/","og_site_name":"POGOTOWIE FLAGOWE\u00ae","article_published_time":"2025-10-12T19:57:57+00:00","article_modified_time":"2025-10-12T19:57:58+00:00","og_image":[{"width":1200,"height":675,"url":"https:\/\/www.pogotowieflagowe.pl\/aktualne\/wp-content\/uploads\/2025\/10\/Miesiac-po-morderstwie-Charliego-Kirka-pozostaje-wiele-pytan.jpg","type":"image\/jpeg"}],"author":"Filip","twitter_card":"summary_large_image","twitter_misc":{"Napisane przez":"Filip","Szacowany czas czytania":"2 minuty"},"schema":{"@context":"https:\/\/schema.org","@graph":[{"@type":"Article","@id":"https:\/\/www.pogotowieflagowe.pl\/aktualne\/miesiac-po-morderstwie-charliego-kirka-pozostaje-wiele-pytan\/#article","isPartOf":{"@id":"https:\/\/www.pogotowieflagowe.pl\/aktualne\/miesiac-po-morderstwie-charliego-kirka-pozostaje-wiele-pytan\/"},"author":{"name":"Filip","@id":"https:\/\/www.pogotowieflagowe.pl\/aktualne\/#\/schema\/person\/9c2fb7d2362ebf6fa088960d7f0d27b0"},"headline":"Miesi\u0105c po morderstwie Charliego Kirka pozostaje wiele pyta\u0144","datePublished":"2025-10-12T19:57:57+00:00","dateModified":"2025-10-12T19:57:58+00:00","mainEntityOfPage":{"@id":"https:\/\/www.pogotowieflagowe.pl\/aktualne\/miesiac-po-morderstwie-charliego-kirka-pozostaje-wiele-pytan\/"},"wordCount":349,"commentCount":0,"publisher":{"@id":"https:\/\/www.pogotowieflagowe.pl\/aktualne\/#organization"},"image":{"@id":"https:\/\/www.pogotowieflagowe.pl\/aktualne\/miesiac-po-morderstwie-charliego-kirka-pozostaje-wiele-pytan\/#primaryimage"},"thumbnailUrl":"https:\/\/www.pogotowieflagowe.pl\/aktualne\/wp-content\/uploads\/2025\/10\/Miesiac-po-morderstwie-Charliego-Kirka-pozostaje-wiele-pytan.jpg","keywords":["Charliego","Kirka","miesi\u0105c","morderstwie","pozostaje","pyta\u0144","wiele"],"articleSection":["Polityka"],"inLanguage":"pl-PL","potentialAction":[{"@type":"CommentAction","name":"Comment","target":["https:\/\/www.pogotowieflagowe.pl\/aktualne\/miesiac-po-morderstwie-charliego-kirka-pozostaje-wiele-pytan\/#respond"]}]},{"@type":"WebPage","@id":"https:\/\/www.pogotowieflagowe.pl\/aktualne\/miesiac-po-morderstwie-charliego-kirka-pozostaje-wiele-pytan\/","url":"https:\/\/www.pogotowieflagowe.pl\/aktualne\/miesiac-po-morderstwie-charliego-kirka-pozostaje-wiele-pytan\/","name":"Miesi\u0105c po morderstwie Charliego Kirka pozostaje wiele pyta\u0144 - POGOTOWIE FLAGOWE\u00ae","isPartOf":{"@id":"https:\/\/www.pogotowieflagowe.pl\/aktualne\/#website"},"primaryImageOfPage":{"@id":"https:\/\/www.pogotowieflagowe.pl\/aktualne\/miesiac-po-morderstwie-charliego-kirka-pozostaje-wiele-pytan\/#primaryimage"},"image":{"@id":"https:\/\/www.pogotowieflagowe.pl\/aktualne\/miesiac-po-morderstwie-charliego-kirka-pozostaje-wiele-pytan\/#primaryimage"},"thumbnailUrl":"https:\/\/www.pogotowieflagowe.pl\/aktualne\/wp-content\/uploads\/2025\/10\/Miesiac-po-morderstwie-Charliego-Kirka-pozostaje-wiele-pytan.jpg","datePublished":"2025-10-12T19:57:57+00:00","dateModified":"2025-10-12T19:57:58+00:00","breadcrumb":{"@id":"https:\/\/www.pogotowieflagowe.pl\/aktualne\/miesiac-po-morderstwie-charliego-kirka-pozostaje-wiele-pytan\/#breadcrumb"},"inLanguage":"pl-PL","potentialAction":[{"@type":"ReadAction","target":["https:\/\/www.pogotowieflagowe.pl\/aktualne\/miesiac-po-morderstwie-charliego-kirka-pozostaje-wiele-pytan\/"]}]},{"@type":"ImageObject","inLanguage":"pl-PL","@id":"https:\/\/www.pogotowieflagowe.pl\/aktualne\/miesiac-po-morderstwie-charliego-kirka-pozostaje-wiele-pytan\/#primaryimage","url":"https:\/\/www.pogotowieflagowe.pl\/aktualne\/wp-content\/uploads\/2025\/10\/Miesiac-po-morderstwie-Charliego-Kirka-pozostaje-wiele-pytan.jpg","contentUrl":"https:\/\/www.pogotowieflagowe.pl\/aktualne\/wp-content\/uploads\/2025\/10\/Miesiac-po-morderstwie-Charliego-Kirka-pozostaje-wiele-pytan.jpg","width":1200,"height":675,"caption":"Miesi\u0105c po morderstwie Charliego Kirka pozostaje wiele pyta\u0144"},{"@type":"BreadcrumbList","@id":"https:\/\/www.pogotowieflagowe.pl\/aktualne\/miesiac-po-morderstwie-charliego-kirka-pozostaje-wiele-pytan\/#breadcrumb","itemListElement":[{"@type":"ListItem","position":1,"name":"Home","item":"https:\/\/www.pogotowieflagowe.pl\/aktualne\/"},{"@type":"ListItem","position":2,"name":"Miesi\u0105c po morderstwie Charliego Kirka pozostaje wiele pyta\u0144"}]},{"@type":"WebSite","@id":"https:\/\/www.pogotowieflagowe.pl\/aktualne\/#website","url":"https:\/\/www.pogotowieflagowe.pl\/aktualne\/","name":"POGOTOWIE FLAGOWE\u00ae","description":"","publisher":{"@id":"https:\/\/www.pogotowieflagowe.pl\/aktualne\/#organization"},"potentialAction":[{"@type":"SearchAction","target":{"@type":"EntryPoint","urlTemplate":"https:\/\/www.pogotowieflagowe.pl\/aktualne\/?s={search_term_string}"},"query-input":"required name=search_term_string"}],"inLanguage":"pl-PL"},{"@type":"Organization","@id":"https:\/\/www.pogotowieflagowe.pl\/aktualne\/#organization","name":"POGOTOWIE FLAGOWE\u00ae","url":"https:\/\/www.pogotowieflagowe.pl\/aktualne\/","logo":{"@type":"ImageObject","inLanguage":"pl-PL","@id":"https:\/\/www.pogotowieflagowe.pl\/aktualne\/#\/schema\/logo\/image\/","url":"https:\/\/www.pogotowieflagowe.pl\/aktualne\/wp-content\/uploads\/2024\/08\/cropped-pogotowieflagowe_flaga_projekt_sm.jpg","contentUrl":"https:\/\/www.pogotowieflagowe.pl\/aktualne\/wp-content\/uploads\/2024\/08\/cropped-pogotowieflagowe_flaga_projekt_sm.jpg","width":250,"height":143,"caption":"POGOTOWIE FLAGOWE\u00ae"},"image":{"@id":"https:\/\/www.pogotowieflagowe.pl\/aktualne\/#\/schema\/logo\/image\/"}},{"@type":"Person","@id":"https:\/\/www.pogotowieflagowe.pl\/aktualne\/#\/schema\/person\/9c2fb7d2362ebf6fa088960d7f0d27b0","name":"Filip","image":{"@type":"ImageObject","inLanguage":"pl-PL","@id":"https:\/\/www.pogotowieflagowe.pl\/aktualne\/#\/schema\/person\/image\/","url":"https:\/\/www.pogotowieflagowe.pl\/aktualne\/wp-content\/uploads\/2024\/08\/pogotowieflagowe.pl_.jpg","contentUrl":"https:\/\/www.pogotowieflagowe.pl\/aktualne\/wp-content\/uploads\/2024\/08\/pogotowieflagowe.pl_.jpg","caption":"Filip"},"description":"Jestem Filip, polski dziennikarz z dyplomem nauk politycznych Uniwersytetu Warszawskiego. Rozpoczynaj\u0105c swoj\u0105 karier\u0119 w r\u00f3\u017cnych lokalnych mediach, zdoby\u0142em solidne do\u015bwiadczenie w zakresie \u015bledztwa i redakcji. Obecnie jako redaktor w Pogotowie flagowe, staram si\u0119 dostarcza\u0107 dog\u0142\u0119bne i istotne analizy na temat najwa\u017cniejszych kwestii aktualno\u015bci, \u0142\u0105cz\u0105c rygor z pasj\u0105 dziennikarsk\u0105.","sameAs":["https:\/\/www.pogotowieflagowe.pl\/"]}]}},"_links":{"self":[{"href":"https:\/\/www.pogotowieflagowe.pl\/aktualne\/wp-json\/wp\/v2\/posts\/9272","targetHints":{"allow":["GET"]}}],"collection":[{"href":"https:\/\/www.pogotowieflagowe.pl\/aktualne\/wp-json\/wp\/v2\/posts"}],"about":[{"href":"https:\/\/www.pogotowieflagowe.pl\/aktualne\/wp-json\/wp\/v2\/types\/post"}],"author":[{"embeddable":true,"href":"https:\/\/www.pogotowieflagowe.pl\/aktualne\/wp-json\/wp\/v2\/users\/1"}],"replies":[{"embeddable":true,"href":"https:\/\/www.pogotowieflagowe.pl\/aktualne\/wp-json\/wp\/v2\/comments?post=9272"}],"version-history":[{"count":1,"href":"https:\/\/www.pogotowieflagowe.pl\/aktualne\/wp-json\/wp\/v2\/posts\/9272\/revisions"}],"predecessor-version":[{"id":9274,"href":"https:\/\/www.pogotowieflagowe.pl\/aktualne\/wp-json\/wp\/v2\/posts\/9272\/revisions\/9274"}],"wp:featuredmedia":[{"embeddable":true,"href":"https:\/\/www.pogotowieflagowe.pl\/aktualne\/wp-json\/wp\/v2\/media\/9273"}],"wp:attachment":[{"href":"https:\/\/www.pogotowieflagowe.pl\/aktualne\/wp-json\/wp\/v2\/media?parent=9272"}],"wp:term":[{"taxonomy":"category","embeddable":true,"href":"https:\/\/www.pogotowieflagowe.pl\/aktualne\/wp-json\/wp\/v2\/categories?post=9272"},{"taxonomy":"post_tag","embeddable":true,"href":"https:\/\/www.pogotowieflagowe.pl\/aktualne\/wp-json\/wp\/v2\/tags?post=9272"}],"curies":[{"name":"wp","href":"https:\/\/api.w.org\/{rel}","templated":true}]}}