{"id":9277,"date":"2025-10-12T22:55:35","date_gmt":"2025-10-12T20:55:35","guid":{"rendered":"https:\/\/www.pogotowieflagowe.pl\/aktualne\/nieprzypisany-sedzia-na-lawie-oskarzonych-wybitny-prawnik-wyjasnia-dlaczego-jest-to-podstawa-do-wykluczenia\/"},"modified":"2025-10-12T22:55:36","modified_gmt":"2025-10-12T20:55:36","slug":"nieprzypisany-sedzia-na-lawie-oskarzonych-wybitny-prawnik-wyjasnia-dlaczego-jest-to-podstawa-do-wykluczenia","status":"publish","type":"post","link":"https:\/\/www.pogotowieflagowe.pl\/aktualne\/nieprzypisany-sedzia-na-lawie-oskarzonych-wybitny-prawnik-wyjasnia-dlaczego-jest-to-podstawa-do-wykluczenia\/","title":{"rendered":"Nieprzypisany s\u0119dzia na \u0142awie oskar\u017conych? Wybitny prawnik wyja\u015bnia, dlaczego jest to podstawa do wykluczenia"},"content":{"rendered":"\n<div class=\"td_block_wrap tdb_single_content tdi_41 td-pb-border-top td_block_template_8 td-post-content tagdiv-type\" data-td-block-uid=\"tdi_41\">\n<style>.tdi_41{margines-top:0px!important;margin-bottom:0px!important;dope\u0142nienie-g\u00f3ra:0px!important;dope\u0142nienie-d\u00f3\u0142:0px!important}<\/style>\n<style>.tdb_single_content{margin-bottom:0;*zoom:1}.tdb_single_content:before,.tdb_single_content:after{display:table;content:'';line-height:0}.tdb_single_content:after{clear:both}.tdb_single_content .tdb-block-inner>*:not(.wp-block-quote):not(.alignwide):not(.alignfull.wp-block-cover.has-parallax):not(.td-a-ad){margin-left:auto;margin-right:auto}.tdb_single_content a{pointer-events:auto}.tdb_single_content .td-spot-id-top_ad .tdc-placeholder-title:before{content:'Article Top Ad'!important}.tdb_single_content .td-spot-id-inline_ad0 .tdc-placeholder-title:before{content:'Article Reklama wbudowana 1'!important}.tdb_single_content .td-spot-id-inline_ad1 .tdc-placeholder-title:before{content:'Reklama wbudowana w artyku\u0142 2'!important}.tdb_single_content .td-spot-id-inline_ad2 .tdc-placeholder-title:before{content:'Reklama w tek\u015bcie artyku\u0142u 3'!important}.tdb_single_content .td-spot-id-bottom_ad .tdc-placeholder-title:before{content:'Article Bottom Ad'!important}.tdb_single_content .id_top_ad,.tdb_single_content .id_bottom_ad{clear:both;margin-bottom:21px;text-align:center}.tdb_single_content .id_top_ad img,.tdb_single_content .id_bottom_ad img{margin-bottom:0}.tdb_single_content .id_top_ad .adsbygoogle,.tdb_single_content .id_bottom_ad .adsbygoogle{position:relative}.tdb_single_content .id_ad_content-horiz-left,.tdb_single_content .id_ad_content-horiz-right,.tdb_single_content .id_ad_content-horiz-center{margin-bottom:15px}.tdb_single_content .id_ad_content-horiz-left img,.tdb_single_content .id_ad_content-horiz-right img,.tdb_single_content .id_ad_content-horiz-center img{margin-bottom:0}.tdb_single_content .id_ad_content-horiz-center{text-align:center}.tdb_single_content .id_ad_content-horiz-center img{margin-right:auto;margin-left:auto}.tdb_single_content .id_ad_content-horiz-left{float:left;margin-top:9px;margin-right:21px}.tdb_single_content .id_ad_content-horiz-right{float:right;margin-top:6px;margin-left:21px}.tdb_single_content .tdc-a-ad .tdc-placeholder-title{width:300px;height:250px}.tdb_single_content .tdc-a-ad .tdc-placeholder-title:before{position:absolute;top:50%;-webkit-transform:translateY(-50%);transform:translateY(-50%);margin:auto;display:table;width:100%}.tdb_single_content .tdb-block-inner.td-fix-index{word-break:break-word}.tdi_41,.tdi_41>p,.tdi_41 .tdb-block-inner>p,.wp-block-column>p{font-size:16px!important;line-height:1.6!important}.tdi_41 .tdb-block-inner cytat blokowy p{font-style:normal!important}@media (max-width:767px){.tdb_single_content .id_ad_content-horiz-left,.tdb_single_content .id_ad_content-horiz-right,.tdb_single_content .id_ad_content-horiz-center{margin:0 auto 26 pikseli auto}}@media (max-width:767px){.tdb_single_content .id_ad_content-horiz-left{margin-right:0}}@media (max-width:767px){.tdb_single_content .id_ad_content-horiz-right{margin-left:0}}@media (max-width:767px){.tdb_single_content .td-a-ad{float:none;text-align:center}.tdb_single_content .td-a-ad img{margin-right:auto;margin-left:auto}.tdb_single_content .tdc-a-ad{float:none}}<\/style>\n<div class=\"tdb-block-inner td-fix-index\">\n<p>S\u0119dzia Aleksander St\u0119pkowski w rozmowie z Tomaszem Sakiewiczem nt <em>Telewizja Republika<\/em>potwierdzi\u0142, \u017ce obecno\u015b\u0107 w sk\u0142adzie orzekaj\u0105cym s\u0119dziego, kt\u00f3ry nie zosta\u0142 losowo przydzielony do sprawy, stanowi podstaw\u0119 do \u017c\u0105dania wy\u0142\u0105czenia s\u0119dziego. A takich spraw na mocy nowego rozporz\u0105dzenia wydanego przez ministra Waldemara \u017burka b\u0119dzie wiele.<\/p>\n<p>W Polsce prawo stanowi, \u017ce wszyscy s\u0119dziowie musz\u0105 by\u0107 wybierani losowo do sk\u0142ad\u00f3w orzekaj\u0105cych. Minister Sprawiedliwo\u015bci Waldemar \u017burek ma jednak inny plan i wyda\u0142 rozporz\u0105dzenie wprowadzaj\u0105ce wyrywkowy wyb\u00f3r jedynie s\u0119dzi\u00f3w sprawozdawc\u00f3w. Pozostali cz\u0142onkowie izb s\u0105dowych mog\u0105 by\u0107 wyznaczani przez kierownik\u00f3w wydzia\u0142\u00f3w.<\/p>\n<p>W <em>Polityczna Kawa<\/em> (Kawa Polityczna), kt\u00f3rego gospodarzem by\u0142 Tomasz Sakiewicz, decyzj\u0119 t\u0119 skomentowa\u0142 s\u0119dzia Aleksander St\u0119pkowski, by\u0142y rzecznik prasowy <em>S\u0105d Najwy\u017cszy<\/em>.<\/p>\n<figure class=\"wp-block-pullquote\">\n<blockquote>\n<p><strong>&#8222;System zapewnia efektywny podzia\u0142 spraw pomi\u0119dzy s\u0119dzi\u00f3w, dlatego wprowadzenie wyj\u0105tk\u00f3w, kt\u00f3re rzekomo maj\u0105 poprawi\u0107 efektywno\u015b\u0107 pracy s\u0119dzi\u00f3w, mo\u017ce wydawa\u0107 si\u0119 zaskakuj\u0105ce. Wydaje si\u0119, \u017ce odej\u015bcie od tego systemu prawdopodobnie przyniesie odwrotny skutek&#8221;<\/strong> \u2013 powiedzia\u0142 s\u0119dzia, kt\u00f3ry sam orzeka w <em>S\u0105d Najwy\u017cszy (SN)<\/em> w sprawach, w tym dotycz\u0105cych przewlek\u0142o\u015bci post\u0119powania.<\/p>\n<\/blockquote>\n<\/figure>\n<figure class=\"wp-block-pullquote\">\n<blockquote>\n<p><strong>&#8222;Byli\u015bmy \u015bwiadkami fali zmian w kierownictwie s\u0105d\u00f3w powszechnych, zapocz\u0105tkowanej przez ministra Bodnara i kontynuowanej przez ministra \u017burka. Zmiany te przeprowadzono z naruszeniem prawa. W przypadku Prezesa S\u0105du Apelacyjnego naruszenia te dotyczy\u0142y odwo\u0142ania Prezesa S\u0119dziego Schaba, przy czym opinia kolegium S\u0105du Apelacyjnego by\u0142a traktowana z du\u017cym lekcewa\u017ceniem. W sytuacji, gdy osoby powo\u0142ane z naruszeniem prawa maj\u0105 w\u0142adz\u0119 osobistego wp\u0142ywania na sk\u0142ad niekt\u00f3rych orzekaj\u0105cych, mo\u017ce to, co zrozumia\u0142e, budzi\u0107 w\u0105tpliwo\u015bci, czy prawdziwym celem jest poprawa efektywno\u015bci, czy te\u017c zapewnienie, \u017ce orzekanie nie b\u0119dzie przypadkowe.\u201d<\/strong> \u2013 zwr\u00f3ci\u0142 uwag\u0119, dodaj\u0105c, \u017ce s\u0119dzia St\u0119pkowski <strong>\u201ebior\u0105c pod uwag\u0119 obecny poziom upolitycznienia s\u0105downictwa, mo\u017ce to, co zrozumia\u0142e, budzi\u0107 zaniepokojenie obywateli\u201d.<\/strong><\/p>\n<\/blockquote>\n<\/figure>\n<p>Czy obywatel mo\u017ce \u017c\u0105da\u0107 wy\u0142\u0105czenia s\u0119dziego, kt\u00f3ry nie zosta\u0142 przydzielony losowo? S\u0119dzia St\u0119pkowski potwierdzi\u0142, \u017ce niew\u0105tpliwie mo\u017ce to by\u0107 jedna z okoliczno\u015bci uzasadniaj\u0105cych wniosek o wy\u0142\u0105czenie s\u0119dziego.<\/p>\n<figure class=\"wp-block-embed is-type-video is-provider-youtube wp-block-embed-youtube wp-embed-aspect-16-9 wp-has-aspect-ratio\">\n<div class=\"wp-block-embed__wrapper\">\n<div class=\"youtube-embed\" data-video_id=\"VDEDnhoaCmg\"><a href=\"https:\/\/www.youtube.com\/watch?v=VDEDnhoaCmg\">https:\/\/www.youtube.com\/watch?v=VDEDnhoaCmg<\/a><\/div>\n<\/div>\n<\/figure>\n<\/div>\n<\/div>\n","protected":false},"excerpt":{"rendered":"<p>S\u0119dzia Aleksander St\u0119pkowski w rozmowie z Tomaszem Sakiewiczem nt Telewizja Republikapotwierdzi\u0142, \u017ce obecno\u015b\u0107 w sk\u0142adzie orzekaj\u0105cym s\u0119dziego, kt\u00f3ry nie zosta\u0142<\/p>\n","protected":false},"author":1,"featured_media":9278,"comment_status":"open","ping_status":"open","sticky":false,"template":"","format":"standard","meta":{"footnotes":""},"categories":[4748],"tags":[107,111,10779,10778,10780,9785,3751,3212,10781,3218,6624],"class_list":["post-9277","post","type-post","status-publish","format-standard","has-post-thumbnail","hentry","category-aktualne","tag-dlaczego","tag-jest","tag-lawie","tag-nieprzypisany","tag-oskarzonych","tag-podstawa","tag-prawnik","tag-sedzia","tag-wybitny","tag-wyjasnia","tag-wykluczenia","generate-columns","tablet-grid-50","mobile-grid-100","grid-parent","grid-50","resize-featured-image"],"yoast_head":"<!-- This site is optimized with the Yoast SEO plugin v23.2 - https:\/\/yoast.com\/wordpress\/plugins\/seo\/ -->\n<title>Nieprzypisany s\u0119dzia na \u0142awie oskar\u017conych? Wybitny prawnik wyja\u015bnia, dlaczego jest to podstawa do wykluczenia - POGOTOWIE FLAGOWE\u00ae<\/title>\n<meta name=\"robots\" content=\"index, follow, max-snippet:-1, max-image-preview:large, max-video-preview:-1\" \/>\n<link rel=\"canonical\" href=\"https:\/\/www.pogotowieflagowe.pl\/aktualne\/nieprzypisany-sedzia-na-lawie-oskarzonych-wybitny-prawnik-wyjasnia-dlaczego-jest-to-podstawa-do-wykluczenia\/\" \/>\n<meta property=\"og:locale\" content=\"pl_PL\" \/>\n<meta property=\"og:type\" content=\"article\" \/>\n<meta property=\"og:title\" content=\"Nieprzypisany s\u0119dzia na \u0142awie oskar\u017conych? Wybitny prawnik wyja\u015bnia, dlaczego jest to podstawa do wykluczenia - POGOTOWIE FLAGOWE\u00ae\" \/>\n<meta property=\"og:description\" content=\"S\u0119dzia Aleksander St\u0119pkowski w rozmowie z Tomaszem Sakiewiczem nt Telewizja Republikapotwierdzi\u0142, \u017ce obecno\u015b\u0107 w sk\u0142adzie orzekaj\u0105cym s\u0119dziego, kt\u00f3ry nie zosta\u0142\" \/>\n<meta property=\"og:url\" content=\"https:\/\/www.pogotowieflagowe.pl\/aktualne\/nieprzypisany-sedzia-na-lawie-oskarzonych-wybitny-prawnik-wyjasnia-dlaczego-jest-to-podstawa-do-wykluczenia\/\" \/>\n<meta property=\"og:site_name\" content=\"POGOTOWIE FLAGOWE\u00ae\" \/>\n<meta property=\"article:published_time\" content=\"2025-10-12T20:55:35+00:00\" \/>\n<meta property=\"article:modified_time\" content=\"2025-10-12T20:55:36+00:00\" \/>\n<meta property=\"og:image\" content=\"https:\/\/www.pogotowieflagowe.pl\/aktualne\/wp-content\/uploads\/2025\/10\/Nieprzypisany-sedzia-na-lawie-oskarzonych-Wybitny-prawnik-wyjasnia-dlaczego-jest.webp.webp\" \/>\n\t<meta property=\"og:image:width\" content=\"1280\" \/>\n\t<meta property=\"og:image:height\" content=\"721\" \/>\n\t<meta property=\"og:image:type\" content=\"image\/webp\" \/>\n<meta name=\"author\" content=\"Filip\" \/>\n<meta name=\"twitter:card\" content=\"summary_large_image\" \/>\n<meta name=\"twitter:label1\" content=\"Napisane przez\" \/>\n\t<meta name=\"twitter:data1\" content=\"Filip\" \/>\n\t<meta name=\"twitter:label2\" content=\"Szacowany czas czytania\" \/>\n\t<meta name=\"twitter:data2\" content=\"2 minuty\" \/>\n<script type=\"application\/ld+json\" class=\"yoast-schema-graph\">{\"@context\":\"https:\/\/schema.org\",\"@graph\":[{\"@type\":\"Article\",\"@id\":\"https:\/\/www.pogotowieflagowe.pl\/aktualne\/nieprzypisany-sedzia-na-lawie-oskarzonych-wybitny-prawnik-wyjasnia-dlaczego-jest-to-podstawa-do-wykluczenia\/#article\",\"isPartOf\":{\"@id\":\"https:\/\/www.pogotowieflagowe.pl\/aktualne\/nieprzypisany-sedzia-na-lawie-oskarzonych-wybitny-prawnik-wyjasnia-dlaczego-jest-to-podstawa-do-wykluczenia\/\"},\"author\":{\"name\":\"Filip\",\"@id\":\"https:\/\/www.pogotowieflagowe.pl\/aktualne\/#\/schema\/person\/9c2fb7d2362ebf6fa088960d7f0d27b0\"},\"headline\":\"Nieprzypisany s\u0119dzia na \u0142awie oskar\u017conych? Wybitny prawnik wyja\u015bnia, dlaczego jest to podstawa do wykluczenia\",\"datePublished\":\"2025-10-12T20:55:35+00:00\",\"dateModified\":\"2025-10-12T20:55:36+00:00\",\"mainEntityOfPage\":{\"@id\":\"https:\/\/www.pogotowieflagowe.pl\/aktualne\/nieprzypisany-sedzia-na-lawie-oskarzonych-wybitny-prawnik-wyjasnia-dlaczego-jest-to-podstawa-do-wykluczenia\/\"},\"wordCount\":403,\"commentCount\":0,\"publisher\":{\"@id\":\"https:\/\/www.pogotowieflagowe.pl\/aktualne\/#organization\"},\"image\":{\"@id\":\"https:\/\/www.pogotowieflagowe.pl\/aktualne\/nieprzypisany-sedzia-na-lawie-oskarzonych-wybitny-prawnik-wyjasnia-dlaczego-jest-to-podstawa-do-wykluczenia\/#primaryimage\"},\"thumbnailUrl\":\"https:\/\/www.pogotowieflagowe.pl\/aktualne\/wp-content\/uploads\/2025\/10\/Nieprzypisany-sedzia-na-lawie-oskarzonych-Wybitny-prawnik-wyjasnia-dlaczego-jest.webp.webp\",\"keywords\":[\"dlaczego\",\"jest\",\"\u0142awie\",\"Nieprzypisany\",\"oskar\u017conych\",\"podstaw\u0105\",\"Prawnik\",\"s\u0119dzia\",\"Wybitny\",\"wyja\u015bnia\",\"wykluczenia\"],\"articleSection\":[\"Aktualne\"],\"inLanguage\":\"pl-PL\",\"potentialAction\":[{\"@type\":\"CommentAction\",\"name\":\"Comment\",\"target\":[\"https:\/\/www.pogotowieflagowe.pl\/aktualne\/nieprzypisany-sedzia-na-lawie-oskarzonych-wybitny-prawnik-wyjasnia-dlaczego-jest-to-podstawa-do-wykluczenia\/#respond\"]}]},{\"@type\":\"WebPage\",\"@id\":\"https:\/\/www.pogotowieflagowe.pl\/aktualne\/nieprzypisany-sedzia-na-lawie-oskarzonych-wybitny-prawnik-wyjasnia-dlaczego-jest-to-podstawa-do-wykluczenia\/\",\"url\":\"https:\/\/www.pogotowieflagowe.pl\/aktualne\/nieprzypisany-sedzia-na-lawie-oskarzonych-wybitny-prawnik-wyjasnia-dlaczego-jest-to-podstawa-do-wykluczenia\/\",\"name\":\"Nieprzypisany s\u0119dzia na \u0142awie oskar\u017conych? Wybitny prawnik wyja\u015bnia, dlaczego jest to podstawa do wykluczenia - POGOTOWIE FLAGOWE\u00ae\",\"isPartOf\":{\"@id\":\"https:\/\/www.pogotowieflagowe.pl\/aktualne\/#website\"},\"primaryImageOfPage\":{\"@id\":\"https:\/\/www.pogotowieflagowe.pl\/aktualne\/nieprzypisany-sedzia-na-lawie-oskarzonych-wybitny-prawnik-wyjasnia-dlaczego-jest-to-podstawa-do-wykluczenia\/#primaryimage\"},\"image\":{\"@id\":\"https:\/\/www.pogotowieflagowe.pl\/aktualne\/nieprzypisany-sedzia-na-lawie-oskarzonych-wybitny-prawnik-wyjasnia-dlaczego-jest-to-podstawa-do-wykluczenia\/#primaryimage\"},\"thumbnailUrl\":\"https:\/\/www.pogotowieflagowe.pl\/aktualne\/wp-content\/uploads\/2025\/10\/Nieprzypisany-sedzia-na-lawie-oskarzonych-Wybitny-prawnik-wyjasnia-dlaczego-jest.webp.webp\",\"datePublished\":\"2025-10-12T20:55:35+00:00\",\"dateModified\":\"2025-10-12T20:55:36+00:00\",\"breadcrumb\":{\"@id\":\"https:\/\/www.pogotowieflagowe.pl\/aktualne\/nieprzypisany-sedzia-na-lawie-oskarzonych-wybitny-prawnik-wyjasnia-dlaczego-jest-to-podstawa-do-wykluczenia\/#breadcrumb\"},\"inLanguage\":\"pl-PL\",\"potentialAction\":[{\"@type\":\"ReadAction\",\"target\":[\"https:\/\/www.pogotowieflagowe.pl\/aktualne\/nieprzypisany-sedzia-na-lawie-oskarzonych-wybitny-prawnik-wyjasnia-dlaczego-jest-to-podstawa-do-wykluczenia\/\"]}]},{\"@type\":\"ImageObject\",\"inLanguage\":\"pl-PL\",\"@id\":\"https:\/\/www.pogotowieflagowe.pl\/aktualne\/nieprzypisany-sedzia-na-lawie-oskarzonych-wybitny-prawnik-wyjasnia-dlaczego-jest-to-podstawa-do-wykluczenia\/#primaryimage\",\"url\":\"https:\/\/www.pogotowieflagowe.pl\/aktualne\/wp-content\/uploads\/2025\/10\/Nieprzypisany-sedzia-na-lawie-oskarzonych-Wybitny-prawnik-wyjasnia-dlaczego-jest.webp.webp\",\"contentUrl\":\"https:\/\/www.pogotowieflagowe.pl\/aktualne\/wp-content\/uploads\/2025\/10\/Nieprzypisany-sedzia-na-lawie-oskarzonych-Wybitny-prawnik-wyjasnia-dlaczego-jest.webp.webp\",\"width\":1280,\"height\":721,\"caption\":\"Nieprzypisany s\u0119dzia na \u0142awie oskar\u017conych? Wybitny prawnik wyja\u015bnia, dlaczego jest to podstawa do wykluczenia\"},{\"@type\":\"BreadcrumbList\",\"@id\":\"https:\/\/www.pogotowieflagowe.pl\/aktualne\/nieprzypisany-sedzia-na-lawie-oskarzonych-wybitny-prawnik-wyjasnia-dlaczego-jest-to-podstawa-do-wykluczenia\/#breadcrumb\",\"itemListElement\":[{\"@type\":\"ListItem\",\"position\":1,\"name\":\"Home\",\"item\":\"https:\/\/www.pogotowieflagowe.pl\/aktualne\/\"},{\"@type\":\"ListItem\",\"position\":2,\"name\":\"Nieprzypisany s\u0119dzia na \u0142awie oskar\u017conych? Wybitny prawnik wyja\u015bnia, dlaczego jest to podstawa do wykluczenia\"}]},{\"@type\":\"WebSite\",\"@id\":\"https:\/\/www.pogotowieflagowe.pl\/aktualne\/#website\",\"url\":\"https:\/\/www.pogotowieflagowe.pl\/aktualne\/\",\"name\":\"POGOTOWIE FLAGOWE\u00ae\",\"description\":\"\",\"publisher\":{\"@id\":\"https:\/\/www.pogotowieflagowe.pl\/aktualne\/#organization\"},\"potentialAction\":[{\"@type\":\"SearchAction\",\"target\":{\"@type\":\"EntryPoint\",\"urlTemplate\":\"https:\/\/www.pogotowieflagowe.pl\/aktualne\/?s={search_term_string}\"},\"query-input\":\"required name=search_term_string\"}],\"inLanguage\":\"pl-PL\"},{\"@type\":\"Organization\",\"@id\":\"https:\/\/www.pogotowieflagowe.pl\/aktualne\/#organization\",\"name\":\"POGOTOWIE FLAGOWE\u00ae\",\"url\":\"https:\/\/www.pogotowieflagowe.pl\/aktualne\/\",\"logo\":{\"@type\":\"ImageObject\",\"inLanguage\":\"pl-PL\",\"@id\":\"https:\/\/www.pogotowieflagowe.pl\/aktualne\/#\/schema\/logo\/image\/\",\"url\":\"https:\/\/www.pogotowieflagowe.pl\/aktualne\/wp-content\/uploads\/2024\/08\/cropped-pogotowieflagowe_flaga_projekt_sm.jpg\",\"contentUrl\":\"https:\/\/www.pogotowieflagowe.pl\/aktualne\/wp-content\/uploads\/2024\/08\/cropped-pogotowieflagowe_flaga_projekt_sm.jpg\",\"width\":250,\"height\":143,\"caption\":\"POGOTOWIE FLAGOWE\u00ae\"},\"image\":{\"@id\":\"https:\/\/www.pogotowieflagowe.pl\/aktualne\/#\/schema\/logo\/image\/\"}},{\"@type\":\"Person\",\"@id\":\"https:\/\/www.pogotowieflagowe.pl\/aktualne\/#\/schema\/person\/9c2fb7d2362ebf6fa088960d7f0d27b0\",\"name\":\"Filip\",\"image\":{\"@type\":\"ImageObject\",\"inLanguage\":\"pl-PL\",\"@id\":\"https:\/\/www.pogotowieflagowe.pl\/aktualne\/#\/schema\/person\/image\/\",\"url\":\"https:\/\/www.pogotowieflagowe.pl\/aktualne\/wp-content\/uploads\/2024\/08\/pogotowieflagowe.pl_.jpg\",\"contentUrl\":\"https:\/\/www.pogotowieflagowe.pl\/aktualne\/wp-content\/uploads\/2024\/08\/pogotowieflagowe.pl_.jpg\",\"caption\":\"Filip\"},\"description\":\"Jestem Filip, polski dziennikarz z dyplomem nauk politycznych Uniwersytetu Warszawskiego. Rozpoczynaj\u0105c swoj\u0105 karier\u0119 w r\u00f3\u017cnych lokalnych mediach, zdoby\u0142em solidne do\u015bwiadczenie w zakresie \u015bledztwa i redakcji. Obecnie jako redaktor w Pogotowie flagowe, staram si\u0119 dostarcza\u0107 dog\u0142\u0119bne i istotne analizy na temat najwa\u017cniejszych kwestii aktualno\u015bci, \u0142\u0105cz\u0105c rygor z pasj\u0105 dziennikarsk\u0105.\",\"sameAs\":[\"https:\/\/www.pogotowieflagowe.pl\/\"]}]}<\/script>\n<!-- \/ Yoast SEO plugin. -->","yoast_head_json":{"title":"Nieprzypisany s\u0119dzia na \u0142awie oskar\u017conych? Wybitny prawnik wyja\u015bnia, dlaczego jest to podstawa do wykluczenia - POGOTOWIE FLAGOWE\u00ae","robots":{"index":"index","follow":"follow","max-snippet":"max-snippet:-1","max-image-preview":"max-image-preview:large","max-video-preview":"max-video-preview:-1"},"canonical":"https:\/\/www.pogotowieflagowe.pl\/aktualne\/nieprzypisany-sedzia-na-lawie-oskarzonych-wybitny-prawnik-wyjasnia-dlaczego-jest-to-podstawa-do-wykluczenia\/","og_locale":"pl_PL","og_type":"article","og_title":"Nieprzypisany s\u0119dzia na \u0142awie oskar\u017conych? Wybitny prawnik wyja\u015bnia, dlaczego jest to podstawa do wykluczenia - POGOTOWIE FLAGOWE\u00ae","og_description":"S\u0119dzia Aleksander St\u0119pkowski w rozmowie z Tomaszem Sakiewiczem nt Telewizja Republikapotwierdzi\u0142, \u017ce obecno\u015b\u0107 w sk\u0142adzie orzekaj\u0105cym s\u0119dziego, kt\u00f3ry nie zosta\u0142","og_url":"https:\/\/www.pogotowieflagowe.pl\/aktualne\/nieprzypisany-sedzia-na-lawie-oskarzonych-wybitny-prawnik-wyjasnia-dlaczego-jest-to-podstawa-do-wykluczenia\/","og_site_name":"POGOTOWIE FLAGOWE\u00ae","article_published_time":"2025-10-12T20:55:35+00:00","article_modified_time":"2025-10-12T20:55:36+00:00","og_image":[{"width":1280,"height":721,"url":"https:\/\/www.pogotowieflagowe.pl\/aktualne\/wp-content\/uploads\/2025\/10\/Nieprzypisany-sedzia-na-lawie-oskarzonych-Wybitny-prawnik-wyjasnia-dlaczego-jest.webp.webp","type":"image\/webp"}],"author":"Filip","twitter_card":"summary_large_image","twitter_misc":{"Napisane przez":"Filip","Szacowany czas czytania":"2 minuty"},"schema":{"@context":"https:\/\/schema.org","@graph":[{"@type":"Article","@id":"https:\/\/www.pogotowieflagowe.pl\/aktualne\/nieprzypisany-sedzia-na-lawie-oskarzonych-wybitny-prawnik-wyjasnia-dlaczego-jest-to-podstawa-do-wykluczenia\/#article","isPartOf":{"@id":"https:\/\/www.pogotowieflagowe.pl\/aktualne\/nieprzypisany-sedzia-na-lawie-oskarzonych-wybitny-prawnik-wyjasnia-dlaczego-jest-to-podstawa-do-wykluczenia\/"},"author":{"name":"Filip","@id":"https:\/\/www.pogotowieflagowe.pl\/aktualne\/#\/schema\/person\/9c2fb7d2362ebf6fa088960d7f0d27b0"},"headline":"Nieprzypisany s\u0119dzia na \u0142awie oskar\u017conych? Wybitny prawnik wyja\u015bnia, dlaczego jest to podstawa do wykluczenia","datePublished":"2025-10-12T20:55:35+00:00","dateModified":"2025-10-12T20:55:36+00:00","mainEntityOfPage":{"@id":"https:\/\/www.pogotowieflagowe.pl\/aktualne\/nieprzypisany-sedzia-na-lawie-oskarzonych-wybitny-prawnik-wyjasnia-dlaczego-jest-to-podstawa-do-wykluczenia\/"},"wordCount":403,"commentCount":0,"publisher":{"@id":"https:\/\/www.pogotowieflagowe.pl\/aktualne\/#organization"},"image":{"@id":"https:\/\/www.pogotowieflagowe.pl\/aktualne\/nieprzypisany-sedzia-na-lawie-oskarzonych-wybitny-prawnik-wyjasnia-dlaczego-jest-to-podstawa-do-wykluczenia\/#primaryimage"},"thumbnailUrl":"https:\/\/www.pogotowieflagowe.pl\/aktualne\/wp-content\/uploads\/2025\/10\/Nieprzypisany-sedzia-na-lawie-oskarzonych-Wybitny-prawnik-wyjasnia-dlaczego-jest.webp.webp","keywords":["dlaczego","jest","\u0142awie","Nieprzypisany","oskar\u017conych","podstaw\u0105","Prawnik","s\u0119dzia","Wybitny","wyja\u015bnia","wykluczenia"],"articleSection":["Aktualne"],"inLanguage":"pl-PL","potentialAction":[{"@type":"CommentAction","name":"Comment","target":["https:\/\/www.pogotowieflagowe.pl\/aktualne\/nieprzypisany-sedzia-na-lawie-oskarzonych-wybitny-prawnik-wyjasnia-dlaczego-jest-to-podstawa-do-wykluczenia\/#respond"]}]},{"@type":"WebPage","@id":"https:\/\/www.pogotowieflagowe.pl\/aktualne\/nieprzypisany-sedzia-na-lawie-oskarzonych-wybitny-prawnik-wyjasnia-dlaczego-jest-to-podstawa-do-wykluczenia\/","url":"https:\/\/www.pogotowieflagowe.pl\/aktualne\/nieprzypisany-sedzia-na-lawie-oskarzonych-wybitny-prawnik-wyjasnia-dlaczego-jest-to-podstawa-do-wykluczenia\/","name":"Nieprzypisany s\u0119dzia na \u0142awie oskar\u017conych? Wybitny prawnik wyja\u015bnia, dlaczego jest to podstawa do wykluczenia - POGOTOWIE FLAGOWE\u00ae","isPartOf":{"@id":"https:\/\/www.pogotowieflagowe.pl\/aktualne\/#website"},"primaryImageOfPage":{"@id":"https:\/\/www.pogotowieflagowe.pl\/aktualne\/nieprzypisany-sedzia-na-lawie-oskarzonych-wybitny-prawnik-wyjasnia-dlaczego-jest-to-podstawa-do-wykluczenia\/#primaryimage"},"image":{"@id":"https:\/\/www.pogotowieflagowe.pl\/aktualne\/nieprzypisany-sedzia-na-lawie-oskarzonych-wybitny-prawnik-wyjasnia-dlaczego-jest-to-podstawa-do-wykluczenia\/#primaryimage"},"thumbnailUrl":"https:\/\/www.pogotowieflagowe.pl\/aktualne\/wp-content\/uploads\/2025\/10\/Nieprzypisany-sedzia-na-lawie-oskarzonych-Wybitny-prawnik-wyjasnia-dlaczego-jest.webp.webp","datePublished":"2025-10-12T20:55:35+00:00","dateModified":"2025-10-12T20:55:36+00:00","breadcrumb":{"@id":"https:\/\/www.pogotowieflagowe.pl\/aktualne\/nieprzypisany-sedzia-na-lawie-oskarzonych-wybitny-prawnik-wyjasnia-dlaczego-jest-to-podstawa-do-wykluczenia\/#breadcrumb"},"inLanguage":"pl-PL","potentialAction":[{"@type":"ReadAction","target":["https:\/\/www.pogotowieflagowe.pl\/aktualne\/nieprzypisany-sedzia-na-lawie-oskarzonych-wybitny-prawnik-wyjasnia-dlaczego-jest-to-podstawa-do-wykluczenia\/"]}]},{"@type":"ImageObject","inLanguage":"pl-PL","@id":"https:\/\/www.pogotowieflagowe.pl\/aktualne\/nieprzypisany-sedzia-na-lawie-oskarzonych-wybitny-prawnik-wyjasnia-dlaczego-jest-to-podstawa-do-wykluczenia\/#primaryimage","url":"https:\/\/www.pogotowieflagowe.pl\/aktualne\/wp-content\/uploads\/2025\/10\/Nieprzypisany-sedzia-na-lawie-oskarzonych-Wybitny-prawnik-wyjasnia-dlaczego-jest.webp.webp","contentUrl":"https:\/\/www.pogotowieflagowe.pl\/aktualne\/wp-content\/uploads\/2025\/10\/Nieprzypisany-sedzia-na-lawie-oskarzonych-Wybitny-prawnik-wyjasnia-dlaczego-jest.webp.webp","width":1280,"height":721,"caption":"Nieprzypisany s\u0119dzia na \u0142awie oskar\u017conych? Wybitny prawnik wyja\u015bnia, dlaczego jest to podstawa do wykluczenia"},{"@type":"BreadcrumbList","@id":"https:\/\/www.pogotowieflagowe.pl\/aktualne\/nieprzypisany-sedzia-na-lawie-oskarzonych-wybitny-prawnik-wyjasnia-dlaczego-jest-to-podstawa-do-wykluczenia\/#breadcrumb","itemListElement":[{"@type":"ListItem","position":1,"name":"Home","item":"https:\/\/www.pogotowieflagowe.pl\/aktualne\/"},{"@type":"ListItem","position":2,"name":"Nieprzypisany s\u0119dzia na \u0142awie oskar\u017conych? Wybitny prawnik wyja\u015bnia, dlaczego jest to podstawa do wykluczenia"}]},{"@type":"WebSite","@id":"https:\/\/www.pogotowieflagowe.pl\/aktualne\/#website","url":"https:\/\/www.pogotowieflagowe.pl\/aktualne\/","name":"POGOTOWIE FLAGOWE\u00ae","description":"","publisher":{"@id":"https:\/\/www.pogotowieflagowe.pl\/aktualne\/#organization"},"potentialAction":[{"@type":"SearchAction","target":{"@type":"EntryPoint","urlTemplate":"https:\/\/www.pogotowieflagowe.pl\/aktualne\/?s={search_term_string}"},"query-input":"required name=search_term_string"}],"inLanguage":"pl-PL"},{"@type":"Organization","@id":"https:\/\/www.pogotowieflagowe.pl\/aktualne\/#organization","name":"POGOTOWIE FLAGOWE\u00ae","url":"https:\/\/www.pogotowieflagowe.pl\/aktualne\/","logo":{"@type":"ImageObject","inLanguage":"pl-PL","@id":"https:\/\/www.pogotowieflagowe.pl\/aktualne\/#\/schema\/logo\/image\/","url":"https:\/\/www.pogotowieflagowe.pl\/aktualne\/wp-content\/uploads\/2024\/08\/cropped-pogotowieflagowe_flaga_projekt_sm.jpg","contentUrl":"https:\/\/www.pogotowieflagowe.pl\/aktualne\/wp-content\/uploads\/2024\/08\/cropped-pogotowieflagowe_flaga_projekt_sm.jpg","width":250,"height":143,"caption":"POGOTOWIE FLAGOWE\u00ae"},"image":{"@id":"https:\/\/www.pogotowieflagowe.pl\/aktualne\/#\/schema\/logo\/image\/"}},{"@type":"Person","@id":"https:\/\/www.pogotowieflagowe.pl\/aktualne\/#\/schema\/person\/9c2fb7d2362ebf6fa088960d7f0d27b0","name":"Filip","image":{"@type":"ImageObject","inLanguage":"pl-PL","@id":"https:\/\/www.pogotowieflagowe.pl\/aktualne\/#\/schema\/person\/image\/","url":"https:\/\/www.pogotowieflagowe.pl\/aktualne\/wp-content\/uploads\/2024\/08\/pogotowieflagowe.pl_.jpg","contentUrl":"https:\/\/www.pogotowieflagowe.pl\/aktualne\/wp-content\/uploads\/2024\/08\/pogotowieflagowe.pl_.jpg","caption":"Filip"},"description":"Jestem Filip, polski dziennikarz z dyplomem nauk politycznych Uniwersytetu Warszawskiego. Rozpoczynaj\u0105c swoj\u0105 karier\u0119 w r\u00f3\u017cnych lokalnych mediach, zdoby\u0142em solidne do\u015bwiadczenie w zakresie \u015bledztwa i redakcji. Obecnie jako redaktor w Pogotowie flagowe, staram si\u0119 dostarcza\u0107 dog\u0142\u0119bne i istotne analizy na temat najwa\u017cniejszych kwestii aktualno\u015bci, \u0142\u0105cz\u0105c rygor z pasj\u0105 dziennikarsk\u0105.","sameAs":["https:\/\/www.pogotowieflagowe.pl\/"]}]}},"_links":{"self":[{"href":"https:\/\/www.pogotowieflagowe.pl\/aktualne\/wp-json\/wp\/v2\/posts\/9277","targetHints":{"allow":["GET"]}}],"collection":[{"href":"https:\/\/www.pogotowieflagowe.pl\/aktualne\/wp-json\/wp\/v2\/posts"}],"about":[{"href":"https:\/\/www.pogotowieflagowe.pl\/aktualne\/wp-json\/wp\/v2\/types\/post"}],"author":[{"embeddable":true,"href":"https:\/\/www.pogotowieflagowe.pl\/aktualne\/wp-json\/wp\/v2\/users\/1"}],"replies":[{"embeddable":true,"href":"https:\/\/www.pogotowieflagowe.pl\/aktualne\/wp-json\/wp\/v2\/comments?post=9277"}],"version-history":[{"count":1,"href":"https:\/\/www.pogotowieflagowe.pl\/aktualne\/wp-json\/wp\/v2\/posts\/9277\/revisions"}],"predecessor-version":[{"id":9279,"href":"https:\/\/www.pogotowieflagowe.pl\/aktualne\/wp-json\/wp\/v2\/posts\/9277\/revisions\/9279"}],"wp:featuredmedia":[{"embeddable":true,"href":"https:\/\/www.pogotowieflagowe.pl\/aktualne\/wp-json\/wp\/v2\/media\/9278"}],"wp:attachment":[{"href":"https:\/\/www.pogotowieflagowe.pl\/aktualne\/wp-json\/wp\/v2\/media?parent=9277"}],"wp:term":[{"taxonomy":"category","embeddable":true,"href":"https:\/\/www.pogotowieflagowe.pl\/aktualne\/wp-json\/wp\/v2\/categories?post=9277"},{"taxonomy":"post_tag","embeddable":true,"href":"https:\/\/www.pogotowieflagowe.pl\/aktualne\/wp-json\/wp\/v2\/tags?post=9277"}],"curies":[{"name":"wp","href":"https:\/\/api.w.org\/{rel}","templated":true}]}}