{"id":9280,"date":"2025-10-13T01:06:14","date_gmt":"2025-10-12T23:06:14","guid":{"rendered":"https:\/\/www.pogotowieflagowe.pl\/aktualne\/doradca-prezydenta-ue-przygotowuje-bicz-budzetowy-komisarz-ue-zacheca-rzad-warszawy-do-lamania-prawa\/"},"modified":"2025-10-13T01:06:15","modified_gmt":"2025-10-12T23:06:15","slug":"doradca-prezydenta-ue-przygotowuje-bicz-budzetowy-komisarz-ue-zacheca-rzad-warszawy-do-lamania-prawa","status":"publish","type":"post","link":"https:\/\/www.pogotowieflagowe.pl\/aktualne\/doradca-prezydenta-ue-przygotowuje-bicz-budzetowy-komisarz-ue-zacheca-rzad-warszawy-do-lamania-prawa\/","title":{"rendered":"Doradca prezydenta: \u201eUE przygotowuje bicz bud\u017cetowy\u201d. Komisarz UE zach\u0119ca rz\u0105d Warszawy do \u0142amania prawa"},"content":{"rendered":"\n<div class=\"td_block_wrap tdb_single_content tdi_41 td-pb-border-top td_block_template_8 td-post-content tagdiv-type\" data-td-block-uid=\"tdi_41\">\n<style>.tdi_41{margines-top:0px!important;margin-bottom:0px!important;dope\u0142nienie-g\u00f3ra:0px!important;dope\u0142nienie-d\u00f3\u0142:0px!important}<\/style>\n<style>.tdb_single_content{margin-bottom:0;*zoom:1}.tdb_single_content:before,.tdb_single_content:after{display:table;content:'';line-height:0}.tdb_single_content:after{clear:both}.tdb_single_content .tdb-block-inner>*:not(.wp-block-quote):not(.alignwide):not(.alignfull.wp-block-cover.has-parallax):not(.td-a-ad){margin-left:auto;margin-right:auto}.tdb_single_content a{pointer-events:auto}.tdb_single_content .td-spot-id-top_ad .tdc-placeholder-title:before{content:'Article Top Ad'!important}.tdb_single_content .td-spot-id-inline_ad0 .tdc-placeholder-title:before{content:'Article Reklama wbudowana 1'!important}.tdb_single_content .td-spot-id-inline_ad1 .tdc-placeholder-title:before{content:'Reklama wbudowana w artyku\u0142 2'!important}.tdb_single_content .td-spot-id-inline_ad2 .tdc-placeholder-title:before{content:'Reklama w tek\u015bcie artyku\u0142u 3'!important}.tdb_single_content .td-spot-id-bottom_ad .tdc-placeholder-title:before{content:'Article Bottom Ad'!important}.tdb_single_content .id_top_ad,.tdb_single_content .id_bottom_ad{clear:both;margin-bottom:21px;text-align:center}.tdb_single_content .id_top_ad img,.tdb_single_content .id_bottom_ad img{margin-bottom:0}.tdb_single_content .id_top_ad .adsbygoogle,.tdb_single_content .id_bottom_ad .adsbygoogle{position:relative}.tdb_single_content .id_ad_content-horiz-left,.tdb_single_content .id_ad_content-horiz-right,.tdb_single_content .id_ad_content-horiz-center{margin-bottom:15px}.tdb_single_content .id_ad_content-horiz-left img,.tdb_single_content .id_ad_content-horiz-right img,.tdb_single_content .id_ad_content-horiz-center img{margin-bottom:0}.tdb_single_content .id_ad_content-horiz-center{text-align:center}.tdb_single_content .id_ad_content-horiz-center img{margin-right:auto;margin-left:auto}.tdb_single_content .id_ad_content-horiz-left{float:left;margin-top:9px;margin-right:21px}.tdb_single_content .id_ad_content-horiz-right{float:right;margin-top:6px;margin-left:21px}.tdb_single_content .tdc-a-ad .tdc-placeholder-title{width:300px;height:250px}.tdb_single_content .tdc-a-ad .tdc-placeholder-title:before{position:absolute;top:50%;-webkit-transform:translateY(-50%);transform:translateY(-50%);margin:auto;display:table;width:100%}.tdb_single_content .tdb-block-inner.td-fix-index{word-break:break-word}.tdi_41,.tdi_41>p,.tdi_41 .tdb-block-inner>p,.wp-block-column>p{font-size:16px!important;line-height:1.6!important}.tdi_41 .tdb-block-inner cytat blokowy p{font-style:normal!important}@media (max-width:767px){.tdb_single_content .id_ad_content-horiz-left,.tdb_single_content .id_ad_content-horiz-right,.tdb_single_content .id_ad_content-horiz-center{margin:0 auto 26 pikseli auto}}@media (max-width:767px){.tdb_single_content .id_ad_content-horiz-left{margin-right:0}}@media (max-width:767px){.tdb_single_content .id_ad_content-horiz-right{margin-left:0}}@media (max-width:767px){.tdb_single_content .td-a-ad{float:none;text-align:center}.tdb_single_content .td-a-ad img{margin-right:auto;margin-left:auto}.tdb_single_content .tdc-a-ad{float:none}}<\/style>\n<div class=\"tdb-block-inner td-fix-index\">\n<p>Nowe siedmioletnie ramy bud\u017cetowe zaproponowane przez <em>Komisja Europejska <\/em>b\u0119dzie zawiera\u0142 mechanizm niebezpieczny dla pa\u0144stw cz\u0142onkowskich. <strong>\u201eW przypadku narusze\u0144 (rz\u0105d\u00f3w prawa i Karty Praw Podstawowych) KE b\u0119dzie dysponowa\u0142a instrumentem pozwalaj\u0105cym na ca\u0142kowite lub cz\u0119\u015bciowe zawieszenie p\u0142atno\u015bci, a docelowo tak\u017ce na relokacj\u0119 \u015brodk\u00f3w. (\u2026) Innymi s\u0142owy, pa\u0144stwa cz\u0142onkowskie b\u0119d\u0105 trzymane na kr\u00f3tkiej smyczy bud\u017cetowej UE\u201d<\/strong> \u2013 zauwa\u017cy\u0142 Jacek Saryusz-Wolski, doradca prezydenta ds. europejskich. Nad systemem ma czuwa\u0107 komisarz UE Michael McGrath, kt\u00f3ry ostatnio pochwali\u0142 wsp\u00f3\u0142prac\u0119 z obecnym polskim rz\u0105dem i zach\u0119ca\u0142 go do \u0142amania prawa. <strong>\u201eIstniej\u0105 te\u017c inne mechanizmy, w tym inicjatywy pozalegislacyjne, kt\u00f3re na pewnym szczeblu mo\u017cna wykorzysta\u0107 do wdro\u017cenia reform\u201d \u2013 doda\u0142.<\/strong> McGrath m\u00f3wi\u0142 o zmianach prawnych w Polsce.<\/p>\n<p>The <em>Komisja Europejska<\/em> od lat zabiega o zaostrzenie zasad tzw. mechanizmu warunkowo\u015bci, kt\u00f3ry uzale\u017cnia wyp\u0142at\u0119 \u015brodk\u00f3w unijnych na rzecz pa\u0144stw cz\u0142onkowskich od przestrzegania m.in. arbitralnie interpretowanej praworz\u0105dno\u015bci.<\/p>\n<p>Wed\u0142ug Jacka Saryusza-Wolskiego, by\u0142ego pos\u0142a do Parlamentu Europejskiego i doradcy Prezydenta, w nowym bud\u017cecie UE na lata 2028\u20132034 <em>Komisja Europejska<\/em> <strong>\u201eChce uzale\u017cni\u0107 wyp\u0142at\u0119 \u015brodk\u00f3w unijnych pa\u0144stwom cz\u0142onkowskim od przestrzegania tzw. praworz\u0105dno\u015bci\u201d.<\/strong><\/p>\n<p>W lipcu 2025 r. KE opublikowa\u0142a propozycj\u0119 dotycz\u0105c\u0105 nowego bud\u017cetu, tzw <em>Wieloletnie ramy finansowe<\/em>i obecnie oczekuje na decyzj\u0119 Wojew\u00f3dztwa <em>Parlament Europejski<\/em> i jednomy\u015blna akceptacja <em>Rada Europejska<\/em>.<\/p>\n<p><strong>&#8222;Rozporz\u0105dzenie warunkowe z obecnych WRF zosta\u0142oby przeniesione do nowych WRF i nadal obowi\u0105zywa\u0142oby, ale w zmodyfikowanej formie. Jego uog\u00f3lnienie oznacza, \u017ce \u200b\u200bjego zastosowanie zostanie rozszerzone na wszystkie fundusze UE i stosowane arbitralnie w przypadku ewentualnych narusze\u0144 tzw. praworz\u0105dno\u015bci okre\u015blonej przez KE. Komisja chce wzmocni\u0107 swoj\u0105 w\u0142adz\u0119 nad pa\u0144stwami cz\u0142onkowskimi, zmieniaj\u0105c i centralizuj\u0105c system UE poza Traktatami, aby budowa\u0107 pa\u0144stwo europejskie w miejscu wsp\u00f3lnoty pa\u0144stw suwerenne pa\u0144stwa. Opr\u00f3cz wsp\u00f3lnego d\u0142ugu i unijnych podatk\u00f3w chce doda\u0107 warunkowy mechanizm zarz\u0105dzania bud\u017cetem UE\u201d<\/strong> \u2013 ostrzega\u0142 Saryusz-Wolski.<\/p>\n<p>Doradca prezydenta podkre\u015bli\u0142, \u017ce <em>Komisja Europejska<\/em> <strong>\u201echce zmusi\u0107 pa\u0144stwa cz\u0142onkowskie\u201d<\/strong> do przyj\u0119cia reform zaproponowanych przez Bruksel\u0119 <strong>\u201ebez wzgl\u0119du na demokratyczne wybory swoich obywateli\u201d.<\/strong> W tym celu planuje wykorzysta\u0107 mechanizmy ju\u017c przetestowane m.in <em>Krajowe Plany Naprawy (KPO)<\/em>. <strong>&#8222;Kluczowym elementem tego planu jest ca\u0142kowita i rewolucyjna restrukturyzacja systemu funduszy UE poprzez wprowadzenie nowych plan\u00f3w partnerstwa krajowego i regionalnego wzorowanych na KPR. KE planuje radykaln\u0105 zmian\u0119 dw\u00f3ch najwi\u0119kszych polityk UE: <em>Wsp\u00f3lna Polityka Rolna<\/em> i <em>Polityka sp\u00f3jno\u015bci<\/em>. Oko\u0142o 540 istniej\u0105cych program\u00f3w zosta\u0142oby zredukowanych do 27 tzw. Krajowych i Regionalnych Plan\u00f3w Partnerstwa. Wyp\u0142ata oko\u0142o 800 miliard\u00f3w euro b\u0119dzie teraz zale\u017ca\u0142a od wdro\u017cenia reform krajowych zatwierdzonych przez Uni\u0119\u201d.<\/strong> \u2013 wyja\u015bni\u0142 Jacek Saryusz-Wolski.<\/p>\n<p>Nowym wymogiem by\u0142oby przestrzeganie zasad tzw. praworz\u0105dno\u015bci oraz tzw <em>Karta praw podstawowych<\/em>.<\/p>\n<p><strong>&#8222;W przypadku narusze\u0144 KE b\u0119dzie dysponowa\u0142a instrumentem pozwalaj\u0105cym na ca\u0142kowite lub cz\u0119\u015bciowe zawieszenie p\u0142atno\u015bci, a docelowo tak\u017ce na relokacj\u0119 \u015brodk\u00f3w. Ten przebieg\u0142y i katastrofalny plan przewiduje, \u017ce skoro fundusze UE b\u0119d\u0105 \u015bci\u015ble powi\u0105zane z krajowymi funduszami bud\u017cetowymi w oparciu o zasad\u0119 dodatkowo\u015bci, to stosunkowo niewielki ogon bud\u017cetu UE b\u0119dzie macha\u0142 du\u017cym psem bud\u017cetowym kraju, a po\u015brednio polityk\u0105 pa\u0144stwa cz\u0142onkowskiego. Innymi s\u0142owy, pa\u0144stwa cz\u0142onkowskie by\u0142yby trzymane na kr\u00f3tkim dystansie Smycz bud\u017cetowa UE\u201d,<\/strong> \u2013 napisa\u0142 by\u0142y pose\u0142 do Parlamentu Europejskiego.<\/p>\n<p>Mechanizm jest r\u00f3wnie\u017c opisany na stronie <em>Komisji Europejskiej<\/em> strona internetowa:<\/p>\n<p>Og\u00f3lny system warunkowo\u015bci dotycz\u0105cy ochrony bud\u017cetu UE (znany r\u00f3wnie\u017c jako rozporz\u0105dzenie w sprawie warunkowo\u015bci) b\u0119dzie w dalszym ci\u0105gu zabezpiecza\u0142 ca\u0142y bud\u017cet UE.<\/p>\n<p>Krajowe i regionalne plany partnerstwa zapewni\u0105 dodatkowe gwarancje \u2013 przestrzeganie praworz\u0105dno\u015bci i Karty praw podstawowych stanie si\u0119 warunkiem wst\u0119pnym otrzymania jakiegokolwiek wsparcia:<\/p>\n<ul class=\"wp-block-list\">\n<li>Aby ich plany zosta\u0142y zatwierdzone, pa\u0144stwa cz\u0142onkowskie musz\u0105 wykaza\u0107, \u017ce posiadaj\u0105 mechanizmy zapewniaj\u0105ce przestrzeganie praworz\u0105dno\u015bci i Karty Praw Podstawowych przez ca\u0142y okres wdra\u017cania.<\/li>\n<li>Blokada cz\u0119\u015bci lub ca\u0142o\u015bci \u015brodk\u00f3w b\u0119dzie mo\u017cliwa na ka\u017cdym etapie realizacji, z zachowaniem zasady proporcjonalno\u015bci, bior\u0105c pod uwag\u0119 charakter, czas trwania, wag\u0119 i zakres stwierdzonego naruszenia.<\/li>\n<li>Pa\u0144stwa cz\u0142onkowskie b\u0119d\u0105 musia\u0142y skorygowa\u0107 naruszenia w rozs\u0105dnym terminie \u2013 w przeciwnym razie wsparcie UE dla nich mo\u017ce zosta\u0107 ograniczone.<\/li>\n<\/ul>\n<h2 class=\"wp-block-heading\"><strong>McGrath \u2013 szeryf UE<\/strong><\/h2>\n<p>Saryusz-Wolski zwr\u00f3ci\u0142 uwag\u0119, \u017ce mechanizmem b\u0119dzie zarz\u0105dza\u0142 Michael McGrath, <em>Europejski komisarz ds. demokracji, sprawiedliwo\u015bci, praworz\u0105dno\u015bci i ochrony konsument\u00f3w<\/em>, <strong>\u201ekt\u00f3ry ju\u017c blisko wsp\u00f3\u0142pracuje i pok\u0142ada wielkie nadzieje w ministrze \u017burku.\u201d<\/strong><\/p>\n<p>W wywiadzie dla: McGrath przedstawi\u0142 niedawno sw\u00f3j plan powi\u0105zania wydatkowania funduszy z przestrzeganiem praworz\u0105dno\u015bci <em>Niemieckie Welle<\/em>: <strong>&#8222;Kluczowe jest to, \u017ce praworz\u0105dno\u015b\u0107 nie jest opcjonalnym dodatkiem. Jest to wi\u0105\u017c\u0105ce zobowi\u0105zanie i rdze\u0144 cz\u0142onkostwa w UE. Komisja b\u0119dzie zatem w dalszym ci\u0105gu monitorowa\u0107 niezale\u017cno\u015b\u0107 system\u00f3w s\u0105dowych, niezale\u017cno\u015b\u0107 i wolno\u015b\u0107 medi\u00f3w, solidno\u015b\u0107 system\u00f3w antykorupcyjnych oraz demokratyczne mechanizmy kontroli i r\u00f3wnowagi&#8221;,<\/strong> powiedzia\u0142 komisarz UE.<\/p>\n<p><strong>&#8222;Wierzymy, \u017ce buduj\u0105c silniejsze powi\u0105zanie mi\u0119dzy praworz\u0105dno\u015bci\u0105 a dost\u0119pem do funduszy, wzmocnimy nasz\u0105 zdolno\u015b\u0107 do zapewnienia poszanowania praworz\u0105dno\u015bci we wszystkich krajach UE i we wszystkich jej aspektach. Dok\u0142adnie to obieca\u0142a przewodnicz\u0105ca von der Leyen&#8221;<\/strong> doda\u0142.<\/p>\n<h2 class=\"wp-block-heading\"><strong>Komisarz UE: \u201eIstniej\u0105 mechanizmy pozalegislacyjne\u201d<\/strong><\/h2>\n<p>Zapytany, czy s\u0142ysza\u0142 jak\u0105kolwiek odpowied\u017a polskiego rz\u0105du na propozycj\u0119 wzmocnienia mechanizmu warunkowo\u015bci, Michael McGrath unika\u0142 bezpo\u015bredniej odpowiedzi. Wci\u015bni\u0119ty przez <em>Niemieckie Welle<\/em> o tym, co by si\u0119 sta\u0142o, gdyby <strong>\u201enowy polski prezydent zablokowa\u0142 pr\u00f3by reformy instytucji i prawa\u201d<\/strong> i Polska <strong>\u201epo raz kolejny znalaz\u0142a si\u0119 na mocy art. 7 Traktatu UE\u201d,<\/strong> komisarz odpowiedzia\u0142: <strong>&#8222;My\u015bl\u0119, \u017ce najwa\u017cniejsze jest to, \u017ce widzimy ci\u0105g\u0142e zaanga\u017cowanie polskiego rz\u0105du w reform\u0119 praworz\u0105dno\u015bci i wdra\u017canie planu dzia\u0142ania w tym obszarze. Przeprowadz\u0119 szereg dyskusji na ten temat. M\u00f3j zesp\u00f3\u0142 i ja w Komisji jeste\u015bmy gotowi wspiera\u0107 polskie w\u0142adze w ich wysi\u0142kach. Poczyniono pewne post\u0119py, co moim zdaniem zosta\u0142o rzetelnie odzwierciedlone w Raporcie na temat praworz\u0105dno\u015bci, ale wydali\u015bmy tak\u017ce zalecenia dotycz\u0105ce dzia\u0142a\u0144, kt\u00f3re nale\u017cy jeszcze podj\u0105\u0107.&#8221;<\/strong><\/p>\n<p>Doda\u0142, \u017ce KE <strong>\u201etrzeba zobaczy\u0107 dalszy post\u0119p\u201d.<\/strong> <strong>\u201eB\u0119dziemy zatem nadal wsp\u00f3\u0142pracowa\u0107 i wspiera\u0107 polski rz\u0105d, w tym Ministra Sprawiedliwo\u015bci\u201d \u2013 doda\u0142.<\/strong> o\u015bwiadczy\u0142 McGrath.<\/p>\n<p>Kiedy dziennikarz zasugerowa\u0142, \u017ce tak <strong>\u201er\u00f3\u017cnica mi\u0119dzy zaanga\u017cowaniem a ustawodawstwem\u201d,<\/strong> stwierdzi\u0142 to komisarz UE <strong>\u201eistniej\u0105 te\u017c inne mechanizmy, w tym inicjatywy pozalegislacyjne, kt\u00f3re na pewnym szczeblu mo\u017cna wykorzysta\u0107 do wdro\u017cenia reform\u201d.<\/strong> <strong>\u201ePolskie w\u0142adze rozumiej\u0105 ramy konstytucyjne i instytucjonalne swojego kraju lepiej ni\u017c ktokolwiek inny, a dla Komisji najwa\u017cniejsze jest to, \u017ce rz\u0105d przedstawi\u0142 plan i wdro\u017cy\u0142 dzia\u0142ania niezb\u0119dne do osi\u0105gni\u0119cia post\u0119pu w r\u00f3\u017cnych kwestiach zwi\u0105zanych z praworz\u0105dno\u015bci\u0105\u201d \u2013 doda\u0142.<\/strong> powiedzia\u0142 Michael McGrath.<\/p>\n<p>29 wrze\u015bnia McGrath spotka\u0142 si\u0119 z ministrem sprawiedliwo\u015bci Waldemarem \u017burkiem. \u017burek zapewnia\u0142 podczas spotkania, \u017ce \u200b\u200bPolska <strong>\u201ekonsekwentnie wdra\u017ca sw\u00f3j plan dzia\u0142ania na rzecz praworz\u0105dno\u015bci\u201d.<\/strong><\/p>\n<\/div>\n<\/div>\n","protected":false},"excerpt":{"rendered":"<p>Nowe siedmioletnie ramy bud\u017cetowe zaproponowane przez Komisja Europejska b\u0119dzie zawiera\u0142 mechanizm niebezpieczny dla pa\u0144stw cz\u0142onkowskich. \u201eW przypadku narusze\u0144 (rz\u0105d\u00f3w prawa<\/p>\n","protected":false},"author":1,"featured_media":9281,"comment_status":"open","ping_status":"open","sticky":false,"template":"","format":"standard","meta":{"footnotes":""},"categories":[44],"tags":[10782,2570,8132,10783,10785,2741,568,417,1554,980,10784],"class_list":["post-9280","post","type-post","status-publish","format-standard","has-post-thumbnail","hentry","category-polityka","tag-bicz","tag-budzetowy","tag-doradca","tag-komisarz","tag-lamania","tag-prawa","tag-prezydenta","tag-przygotowuje","tag-rzad","tag-warszawy","tag-zacheca","generate-columns","tablet-grid-50","mobile-grid-100","grid-parent","grid-50","resize-featured-image"],"yoast_head":"<!-- This site is optimized with the Yoast SEO plugin v23.2 - https:\/\/yoast.com\/wordpress\/plugins\/seo\/ -->\n<title>Doradca prezydenta: \u201eUE przygotowuje bicz bud\u017cetowy\u201d. Komisarz UE zach\u0119ca rz\u0105d Warszawy do \u0142amania prawa - POGOTOWIE FLAGOWE\u00ae<\/title>\n<meta name=\"robots\" content=\"index, follow, max-snippet:-1, max-image-preview:large, max-video-preview:-1\" \/>\n<link rel=\"canonical\" href=\"https:\/\/www.pogotowieflagowe.pl\/aktualne\/doradca-prezydenta-ue-przygotowuje-bicz-budzetowy-komisarz-ue-zacheca-rzad-warszawy-do-lamania-prawa\/\" \/>\n<meta property=\"og:locale\" content=\"pl_PL\" \/>\n<meta property=\"og:type\" content=\"article\" \/>\n<meta property=\"og:title\" content=\"Doradca prezydenta: \u201eUE przygotowuje bicz bud\u017cetowy\u201d. Komisarz UE zach\u0119ca rz\u0105d Warszawy do \u0142amania prawa - POGOTOWIE FLAGOWE\u00ae\" \/>\n<meta property=\"og:description\" content=\"Nowe siedmioletnie ramy bud\u017cetowe zaproponowane przez Komisja Europejska b\u0119dzie zawiera\u0142 mechanizm niebezpieczny dla pa\u0144stw cz\u0142onkowskich. \u201eW przypadku narusze\u0144 (rz\u0105d\u00f3w prawa\" \/>\n<meta property=\"og:url\" content=\"https:\/\/www.pogotowieflagowe.pl\/aktualne\/doradca-prezydenta-ue-przygotowuje-bicz-budzetowy-komisarz-ue-zacheca-rzad-warszawy-do-lamania-prawa\/\" \/>\n<meta property=\"og:site_name\" content=\"POGOTOWIE FLAGOWE\u00ae\" \/>\n<meta property=\"article:published_time\" content=\"2025-10-12T23:06:14+00:00\" \/>\n<meta property=\"article:modified_time\" content=\"2025-10-12T23:06:15+00:00\" \/>\n<meta property=\"og:image\" content=\"https:\/\/www.pogotowieflagowe.pl\/aktualne\/wp-content\/uploads\/2025\/10\/Doradca-prezydenta-\u201eUE-przygotowuje-bicz-budzetowy-Komisarz-UE-zacheca-rzad.webp.webp\" \/>\n\t<meta property=\"og:image:width\" content=\"1280\" \/>\n\t<meta property=\"og:image:height\" content=\"720\" \/>\n\t<meta property=\"og:image:type\" content=\"image\/webp\" \/>\n<meta name=\"author\" content=\"Filip\" \/>\n<meta name=\"twitter:card\" content=\"summary_large_image\" \/>\n<meta name=\"twitter:label1\" content=\"Napisane przez\" \/>\n\t<meta name=\"twitter:data1\" content=\"Filip\" \/>\n\t<meta name=\"twitter:label2\" content=\"Szacowany czas czytania\" \/>\n\t<meta name=\"twitter:data2\" content=\"6 minut\" \/>\n<script type=\"application\/ld+json\" class=\"yoast-schema-graph\">{\"@context\":\"https:\/\/schema.org\",\"@graph\":[{\"@type\":\"Article\",\"@id\":\"https:\/\/www.pogotowieflagowe.pl\/aktualne\/doradca-prezydenta-ue-przygotowuje-bicz-budzetowy-komisarz-ue-zacheca-rzad-warszawy-do-lamania-prawa\/#article\",\"isPartOf\":{\"@id\":\"https:\/\/www.pogotowieflagowe.pl\/aktualne\/doradca-prezydenta-ue-przygotowuje-bicz-budzetowy-komisarz-ue-zacheca-rzad-warszawy-do-lamania-prawa\/\"},\"author\":{\"name\":\"Filip\",\"@id\":\"https:\/\/www.pogotowieflagowe.pl\/aktualne\/#\/schema\/person\/9c2fb7d2362ebf6fa088960d7f0d27b0\"},\"headline\":\"Doradca prezydenta: \u201eUE przygotowuje bicz bud\u017cetowy\u201d. Komisarz UE zach\u0119ca rz\u0105d Warszawy do \u0142amania prawa\",\"datePublished\":\"2025-10-12T23:06:14+00:00\",\"dateModified\":\"2025-10-12T23:06:15+00:00\",\"mainEntityOfPage\":{\"@id\":\"https:\/\/www.pogotowieflagowe.pl\/aktualne\/doradca-prezydenta-ue-przygotowuje-bicz-budzetowy-komisarz-ue-zacheca-rzad-warszawy-do-lamania-prawa\/\"},\"wordCount\":1241,\"commentCount\":0,\"publisher\":{\"@id\":\"https:\/\/www.pogotowieflagowe.pl\/aktualne\/#organization\"},\"image\":{\"@id\":\"https:\/\/www.pogotowieflagowe.pl\/aktualne\/doradca-prezydenta-ue-przygotowuje-bicz-budzetowy-komisarz-ue-zacheca-rzad-warszawy-do-lamania-prawa\/#primaryimage\"},\"thumbnailUrl\":\"https:\/\/www.pogotowieflagowe.pl\/aktualne\/wp-content\/uploads\/2025\/10\/Doradca-prezydenta-\u201eUE-przygotowuje-bicz-budzetowy-Komisarz-UE-zacheca-rzad.webp.webp\",\"keywords\":[\"bicz\",\"bud\u017cetowy\",\"doradca\",\"Komisarz\",\"\u0142amania\",\"prawa\",\"prezydenta\",\"przygotowuje\",\"Rz\u0105d\",\"Warszawy\",\"zach\u0119ca\"],\"articleSection\":[\"Polityka\"],\"inLanguage\":\"pl-PL\",\"potentialAction\":[{\"@type\":\"CommentAction\",\"name\":\"Comment\",\"target\":[\"https:\/\/www.pogotowieflagowe.pl\/aktualne\/doradca-prezydenta-ue-przygotowuje-bicz-budzetowy-komisarz-ue-zacheca-rzad-warszawy-do-lamania-prawa\/#respond\"]}]},{\"@type\":\"WebPage\",\"@id\":\"https:\/\/www.pogotowieflagowe.pl\/aktualne\/doradca-prezydenta-ue-przygotowuje-bicz-budzetowy-komisarz-ue-zacheca-rzad-warszawy-do-lamania-prawa\/\",\"url\":\"https:\/\/www.pogotowieflagowe.pl\/aktualne\/doradca-prezydenta-ue-przygotowuje-bicz-budzetowy-komisarz-ue-zacheca-rzad-warszawy-do-lamania-prawa\/\",\"name\":\"Doradca prezydenta: \u201eUE przygotowuje bicz bud\u017cetowy\u201d. Komisarz UE zach\u0119ca rz\u0105d Warszawy do \u0142amania prawa - POGOTOWIE FLAGOWE\u00ae\",\"isPartOf\":{\"@id\":\"https:\/\/www.pogotowieflagowe.pl\/aktualne\/#website\"},\"primaryImageOfPage\":{\"@id\":\"https:\/\/www.pogotowieflagowe.pl\/aktualne\/doradca-prezydenta-ue-przygotowuje-bicz-budzetowy-komisarz-ue-zacheca-rzad-warszawy-do-lamania-prawa\/#primaryimage\"},\"image\":{\"@id\":\"https:\/\/www.pogotowieflagowe.pl\/aktualne\/doradca-prezydenta-ue-przygotowuje-bicz-budzetowy-komisarz-ue-zacheca-rzad-warszawy-do-lamania-prawa\/#primaryimage\"},\"thumbnailUrl\":\"https:\/\/www.pogotowieflagowe.pl\/aktualne\/wp-content\/uploads\/2025\/10\/Doradca-prezydenta-\u201eUE-przygotowuje-bicz-budzetowy-Komisarz-UE-zacheca-rzad.webp.webp\",\"datePublished\":\"2025-10-12T23:06:14+00:00\",\"dateModified\":\"2025-10-12T23:06:15+00:00\",\"breadcrumb\":{\"@id\":\"https:\/\/www.pogotowieflagowe.pl\/aktualne\/doradca-prezydenta-ue-przygotowuje-bicz-budzetowy-komisarz-ue-zacheca-rzad-warszawy-do-lamania-prawa\/#breadcrumb\"},\"inLanguage\":\"pl-PL\",\"potentialAction\":[{\"@type\":\"ReadAction\",\"target\":[\"https:\/\/www.pogotowieflagowe.pl\/aktualne\/doradca-prezydenta-ue-przygotowuje-bicz-budzetowy-komisarz-ue-zacheca-rzad-warszawy-do-lamania-prawa\/\"]}]},{\"@type\":\"ImageObject\",\"inLanguage\":\"pl-PL\",\"@id\":\"https:\/\/www.pogotowieflagowe.pl\/aktualne\/doradca-prezydenta-ue-przygotowuje-bicz-budzetowy-komisarz-ue-zacheca-rzad-warszawy-do-lamania-prawa\/#primaryimage\",\"url\":\"https:\/\/www.pogotowieflagowe.pl\/aktualne\/wp-content\/uploads\/2025\/10\/Doradca-prezydenta-\u201eUE-przygotowuje-bicz-budzetowy-Komisarz-UE-zacheca-rzad.webp.webp\",\"contentUrl\":\"https:\/\/www.pogotowieflagowe.pl\/aktualne\/wp-content\/uploads\/2025\/10\/Doradca-prezydenta-\u201eUE-przygotowuje-bicz-budzetowy-Komisarz-UE-zacheca-rzad.webp.webp\",\"width\":1280,\"height\":720,\"caption\":\"Doradca prezydenta: \u201eUE przygotowuje bicz bud\u017cetowy\u201d. Komisarz UE zach\u0119ca rz\u0105d Warszawy do \u0142amania prawa\"},{\"@type\":\"BreadcrumbList\",\"@id\":\"https:\/\/www.pogotowieflagowe.pl\/aktualne\/doradca-prezydenta-ue-przygotowuje-bicz-budzetowy-komisarz-ue-zacheca-rzad-warszawy-do-lamania-prawa\/#breadcrumb\",\"itemListElement\":[{\"@type\":\"ListItem\",\"position\":1,\"name\":\"Home\",\"item\":\"https:\/\/www.pogotowieflagowe.pl\/aktualne\/\"},{\"@type\":\"ListItem\",\"position\":2,\"name\":\"Doradca prezydenta: \u201eUE przygotowuje bicz bud\u017cetowy\u201d. Komisarz UE zach\u0119ca rz\u0105d Warszawy do \u0142amania prawa\"}]},{\"@type\":\"WebSite\",\"@id\":\"https:\/\/www.pogotowieflagowe.pl\/aktualne\/#website\",\"url\":\"https:\/\/www.pogotowieflagowe.pl\/aktualne\/\",\"name\":\"POGOTOWIE FLAGOWE\u00ae\",\"description\":\"\",\"publisher\":{\"@id\":\"https:\/\/www.pogotowieflagowe.pl\/aktualne\/#organization\"},\"potentialAction\":[{\"@type\":\"SearchAction\",\"target\":{\"@type\":\"EntryPoint\",\"urlTemplate\":\"https:\/\/www.pogotowieflagowe.pl\/aktualne\/?s={search_term_string}\"},\"query-input\":\"required name=search_term_string\"}],\"inLanguage\":\"pl-PL\"},{\"@type\":\"Organization\",\"@id\":\"https:\/\/www.pogotowieflagowe.pl\/aktualne\/#organization\",\"name\":\"POGOTOWIE FLAGOWE\u00ae\",\"url\":\"https:\/\/www.pogotowieflagowe.pl\/aktualne\/\",\"logo\":{\"@type\":\"ImageObject\",\"inLanguage\":\"pl-PL\",\"@id\":\"https:\/\/www.pogotowieflagowe.pl\/aktualne\/#\/schema\/logo\/image\/\",\"url\":\"https:\/\/www.pogotowieflagowe.pl\/aktualne\/wp-content\/uploads\/2024\/08\/cropped-pogotowieflagowe_flaga_projekt_sm.jpg\",\"contentUrl\":\"https:\/\/www.pogotowieflagowe.pl\/aktualne\/wp-content\/uploads\/2024\/08\/cropped-pogotowieflagowe_flaga_projekt_sm.jpg\",\"width\":250,\"height\":143,\"caption\":\"POGOTOWIE FLAGOWE\u00ae\"},\"image\":{\"@id\":\"https:\/\/www.pogotowieflagowe.pl\/aktualne\/#\/schema\/logo\/image\/\"}},{\"@type\":\"Person\",\"@id\":\"https:\/\/www.pogotowieflagowe.pl\/aktualne\/#\/schema\/person\/9c2fb7d2362ebf6fa088960d7f0d27b0\",\"name\":\"Filip\",\"image\":{\"@type\":\"ImageObject\",\"inLanguage\":\"pl-PL\",\"@id\":\"https:\/\/www.pogotowieflagowe.pl\/aktualne\/#\/schema\/person\/image\/\",\"url\":\"https:\/\/www.pogotowieflagowe.pl\/aktualne\/wp-content\/uploads\/2024\/08\/pogotowieflagowe.pl_.jpg\",\"contentUrl\":\"https:\/\/www.pogotowieflagowe.pl\/aktualne\/wp-content\/uploads\/2024\/08\/pogotowieflagowe.pl_.jpg\",\"caption\":\"Filip\"},\"description\":\"Jestem Filip, polski dziennikarz z dyplomem nauk politycznych Uniwersytetu Warszawskiego. Rozpoczynaj\u0105c swoj\u0105 karier\u0119 w r\u00f3\u017cnych lokalnych mediach, zdoby\u0142em solidne do\u015bwiadczenie w zakresie \u015bledztwa i redakcji. Obecnie jako redaktor w Pogotowie flagowe, staram si\u0119 dostarcza\u0107 dog\u0142\u0119bne i istotne analizy na temat najwa\u017cniejszych kwestii aktualno\u015bci, \u0142\u0105cz\u0105c rygor z pasj\u0105 dziennikarsk\u0105.\",\"sameAs\":[\"https:\/\/www.pogotowieflagowe.pl\/\"]}]}<\/script>\n<!-- \/ Yoast SEO plugin. -->","yoast_head_json":{"title":"Doradca prezydenta: \u201eUE przygotowuje bicz bud\u017cetowy\u201d. Komisarz UE zach\u0119ca rz\u0105d Warszawy do \u0142amania prawa - POGOTOWIE FLAGOWE\u00ae","robots":{"index":"index","follow":"follow","max-snippet":"max-snippet:-1","max-image-preview":"max-image-preview:large","max-video-preview":"max-video-preview:-1"},"canonical":"https:\/\/www.pogotowieflagowe.pl\/aktualne\/doradca-prezydenta-ue-przygotowuje-bicz-budzetowy-komisarz-ue-zacheca-rzad-warszawy-do-lamania-prawa\/","og_locale":"pl_PL","og_type":"article","og_title":"Doradca prezydenta: \u201eUE przygotowuje bicz bud\u017cetowy\u201d. Komisarz UE zach\u0119ca rz\u0105d Warszawy do \u0142amania prawa - POGOTOWIE FLAGOWE\u00ae","og_description":"Nowe siedmioletnie ramy bud\u017cetowe zaproponowane przez Komisja Europejska b\u0119dzie zawiera\u0142 mechanizm niebezpieczny dla pa\u0144stw cz\u0142onkowskich. \u201eW przypadku narusze\u0144 (rz\u0105d\u00f3w prawa","og_url":"https:\/\/www.pogotowieflagowe.pl\/aktualne\/doradca-prezydenta-ue-przygotowuje-bicz-budzetowy-komisarz-ue-zacheca-rzad-warszawy-do-lamania-prawa\/","og_site_name":"POGOTOWIE FLAGOWE\u00ae","article_published_time":"2025-10-12T23:06:14+00:00","article_modified_time":"2025-10-12T23:06:15+00:00","og_image":[{"width":1280,"height":720,"url":"https:\/\/www.pogotowieflagowe.pl\/aktualne\/wp-content\/uploads\/2025\/10\/Doradca-prezydenta-\u201eUE-przygotowuje-bicz-budzetowy-Komisarz-UE-zacheca-rzad.webp.webp","type":"image\/webp"}],"author":"Filip","twitter_card":"summary_large_image","twitter_misc":{"Napisane przez":"Filip","Szacowany czas czytania":"6 minut"},"schema":{"@context":"https:\/\/schema.org","@graph":[{"@type":"Article","@id":"https:\/\/www.pogotowieflagowe.pl\/aktualne\/doradca-prezydenta-ue-przygotowuje-bicz-budzetowy-komisarz-ue-zacheca-rzad-warszawy-do-lamania-prawa\/#article","isPartOf":{"@id":"https:\/\/www.pogotowieflagowe.pl\/aktualne\/doradca-prezydenta-ue-przygotowuje-bicz-budzetowy-komisarz-ue-zacheca-rzad-warszawy-do-lamania-prawa\/"},"author":{"name":"Filip","@id":"https:\/\/www.pogotowieflagowe.pl\/aktualne\/#\/schema\/person\/9c2fb7d2362ebf6fa088960d7f0d27b0"},"headline":"Doradca prezydenta: \u201eUE przygotowuje bicz bud\u017cetowy\u201d. Komisarz UE zach\u0119ca rz\u0105d Warszawy do \u0142amania prawa","datePublished":"2025-10-12T23:06:14+00:00","dateModified":"2025-10-12T23:06:15+00:00","mainEntityOfPage":{"@id":"https:\/\/www.pogotowieflagowe.pl\/aktualne\/doradca-prezydenta-ue-przygotowuje-bicz-budzetowy-komisarz-ue-zacheca-rzad-warszawy-do-lamania-prawa\/"},"wordCount":1241,"commentCount":0,"publisher":{"@id":"https:\/\/www.pogotowieflagowe.pl\/aktualne\/#organization"},"image":{"@id":"https:\/\/www.pogotowieflagowe.pl\/aktualne\/doradca-prezydenta-ue-przygotowuje-bicz-budzetowy-komisarz-ue-zacheca-rzad-warszawy-do-lamania-prawa\/#primaryimage"},"thumbnailUrl":"https:\/\/www.pogotowieflagowe.pl\/aktualne\/wp-content\/uploads\/2025\/10\/Doradca-prezydenta-\u201eUE-przygotowuje-bicz-budzetowy-Komisarz-UE-zacheca-rzad.webp.webp","keywords":["bicz","bud\u017cetowy","doradca","Komisarz","\u0142amania","prawa","prezydenta","przygotowuje","Rz\u0105d","Warszawy","zach\u0119ca"],"articleSection":["Polityka"],"inLanguage":"pl-PL","potentialAction":[{"@type":"CommentAction","name":"Comment","target":["https:\/\/www.pogotowieflagowe.pl\/aktualne\/doradca-prezydenta-ue-przygotowuje-bicz-budzetowy-komisarz-ue-zacheca-rzad-warszawy-do-lamania-prawa\/#respond"]}]},{"@type":"WebPage","@id":"https:\/\/www.pogotowieflagowe.pl\/aktualne\/doradca-prezydenta-ue-przygotowuje-bicz-budzetowy-komisarz-ue-zacheca-rzad-warszawy-do-lamania-prawa\/","url":"https:\/\/www.pogotowieflagowe.pl\/aktualne\/doradca-prezydenta-ue-przygotowuje-bicz-budzetowy-komisarz-ue-zacheca-rzad-warszawy-do-lamania-prawa\/","name":"Doradca prezydenta: \u201eUE przygotowuje bicz bud\u017cetowy\u201d. Komisarz UE zach\u0119ca rz\u0105d Warszawy do \u0142amania prawa - POGOTOWIE FLAGOWE\u00ae","isPartOf":{"@id":"https:\/\/www.pogotowieflagowe.pl\/aktualne\/#website"},"primaryImageOfPage":{"@id":"https:\/\/www.pogotowieflagowe.pl\/aktualne\/doradca-prezydenta-ue-przygotowuje-bicz-budzetowy-komisarz-ue-zacheca-rzad-warszawy-do-lamania-prawa\/#primaryimage"},"image":{"@id":"https:\/\/www.pogotowieflagowe.pl\/aktualne\/doradca-prezydenta-ue-przygotowuje-bicz-budzetowy-komisarz-ue-zacheca-rzad-warszawy-do-lamania-prawa\/#primaryimage"},"thumbnailUrl":"https:\/\/www.pogotowieflagowe.pl\/aktualne\/wp-content\/uploads\/2025\/10\/Doradca-prezydenta-\u201eUE-przygotowuje-bicz-budzetowy-Komisarz-UE-zacheca-rzad.webp.webp","datePublished":"2025-10-12T23:06:14+00:00","dateModified":"2025-10-12T23:06:15+00:00","breadcrumb":{"@id":"https:\/\/www.pogotowieflagowe.pl\/aktualne\/doradca-prezydenta-ue-przygotowuje-bicz-budzetowy-komisarz-ue-zacheca-rzad-warszawy-do-lamania-prawa\/#breadcrumb"},"inLanguage":"pl-PL","potentialAction":[{"@type":"ReadAction","target":["https:\/\/www.pogotowieflagowe.pl\/aktualne\/doradca-prezydenta-ue-przygotowuje-bicz-budzetowy-komisarz-ue-zacheca-rzad-warszawy-do-lamania-prawa\/"]}]},{"@type":"ImageObject","inLanguage":"pl-PL","@id":"https:\/\/www.pogotowieflagowe.pl\/aktualne\/doradca-prezydenta-ue-przygotowuje-bicz-budzetowy-komisarz-ue-zacheca-rzad-warszawy-do-lamania-prawa\/#primaryimage","url":"https:\/\/www.pogotowieflagowe.pl\/aktualne\/wp-content\/uploads\/2025\/10\/Doradca-prezydenta-\u201eUE-przygotowuje-bicz-budzetowy-Komisarz-UE-zacheca-rzad.webp.webp","contentUrl":"https:\/\/www.pogotowieflagowe.pl\/aktualne\/wp-content\/uploads\/2025\/10\/Doradca-prezydenta-\u201eUE-przygotowuje-bicz-budzetowy-Komisarz-UE-zacheca-rzad.webp.webp","width":1280,"height":720,"caption":"Doradca prezydenta: \u201eUE przygotowuje bicz bud\u017cetowy\u201d. Komisarz UE zach\u0119ca rz\u0105d Warszawy do \u0142amania prawa"},{"@type":"BreadcrumbList","@id":"https:\/\/www.pogotowieflagowe.pl\/aktualne\/doradca-prezydenta-ue-przygotowuje-bicz-budzetowy-komisarz-ue-zacheca-rzad-warszawy-do-lamania-prawa\/#breadcrumb","itemListElement":[{"@type":"ListItem","position":1,"name":"Home","item":"https:\/\/www.pogotowieflagowe.pl\/aktualne\/"},{"@type":"ListItem","position":2,"name":"Doradca prezydenta: \u201eUE przygotowuje bicz bud\u017cetowy\u201d. Komisarz UE zach\u0119ca rz\u0105d Warszawy do \u0142amania prawa"}]},{"@type":"WebSite","@id":"https:\/\/www.pogotowieflagowe.pl\/aktualne\/#website","url":"https:\/\/www.pogotowieflagowe.pl\/aktualne\/","name":"POGOTOWIE FLAGOWE\u00ae","description":"","publisher":{"@id":"https:\/\/www.pogotowieflagowe.pl\/aktualne\/#organization"},"potentialAction":[{"@type":"SearchAction","target":{"@type":"EntryPoint","urlTemplate":"https:\/\/www.pogotowieflagowe.pl\/aktualne\/?s={search_term_string}"},"query-input":"required name=search_term_string"}],"inLanguage":"pl-PL"},{"@type":"Organization","@id":"https:\/\/www.pogotowieflagowe.pl\/aktualne\/#organization","name":"POGOTOWIE FLAGOWE\u00ae","url":"https:\/\/www.pogotowieflagowe.pl\/aktualne\/","logo":{"@type":"ImageObject","inLanguage":"pl-PL","@id":"https:\/\/www.pogotowieflagowe.pl\/aktualne\/#\/schema\/logo\/image\/","url":"https:\/\/www.pogotowieflagowe.pl\/aktualne\/wp-content\/uploads\/2024\/08\/cropped-pogotowieflagowe_flaga_projekt_sm.jpg","contentUrl":"https:\/\/www.pogotowieflagowe.pl\/aktualne\/wp-content\/uploads\/2024\/08\/cropped-pogotowieflagowe_flaga_projekt_sm.jpg","width":250,"height":143,"caption":"POGOTOWIE FLAGOWE\u00ae"},"image":{"@id":"https:\/\/www.pogotowieflagowe.pl\/aktualne\/#\/schema\/logo\/image\/"}},{"@type":"Person","@id":"https:\/\/www.pogotowieflagowe.pl\/aktualne\/#\/schema\/person\/9c2fb7d2362ebf6fa088960d7f0d27b0","name":"Filip","image":{"@type":"ImageObject","inLanguage":"pl-PL","@id":"https:\/\/www.pogotowieflagowe.pl\/aktualne\/#\/schema\/person\/image\/","url":"https:\/\/www.pogotowieflagowe.pl\/aktualne\/wp-content\/uploads\/2024\/08\/pogotowieflagowe.pl_.jpg","contentUrl":"https:\/\/www.pogotowieflagowe.pl\/aktualne\/wp-content\/uploads\/2024\/08\/pogotowieflagowe.pl_.jpg","caption":"Filip"},"description":"Jestem Filip, polski dziennikarz z dyplomem nauk politycznych Uniwersytetu Warszawskiego. Rozpoczynaj\u0105c swoj\u0105 karier\u0119 w r\u00f3\u017cnych lokalnych mediach, zdoby\u0142em solidne do\u015bwiadczenie w zakresie \u015bledztwa i redakcji. Obecnie jako redaktor w Pogotowie flagowe, staram si\u0119 dostarcza\u0107 dog\u0142\u0119bne i istotne analizy na temat najwa\u017cniejszych kwestii aktualno\u015bci, \u0142\u0105cz\u0105c rygor z pasj\u0105 dziennikarsk\u0105.","sameAs":["https:\/\/www.pogotowieflagowe.pl\/"]}]}},"_links":{"self":[{"href":"https:\/\/www.pogotowieflagowe.pl\/aktualne\/wp-json\/wp\/v2\/posts\/9280","targetHints":{"allow":["GET"]}}],"collection":[{"href":"https:\/\/www.pogotowieflagowe.pl\/aktualne\/wp-json\/wp\/v2\/posts"}],"about":[{"href":"https:\/\/www.pogotowieflagowe.pl\/aktualne\/wp-json\/wp\/v2\/types\/post"}],"author":[{"embeddable":true,"href":"https:\/\/www.pogotowieflagowe.pl\/aktualne\/wp-json\/wp\/v2\/users\/1"}],"replies":[{"embeddable":true,"href":"https:\/\/www.pogotowieflagowe.pl\/aktualne\/wp-json\/wp\/v2\/comments?post=9280"}],"version-history":[{"count":1,"href":"https:\/\/www.pogotowieflagowe.pl\/aktualne\/wp-json\/wp\/v2\/posts\/9280\/revisions"}],"predecessor-version":[{"id":9282,"href":"https:\/\/www.pogotowieflagowe.pl\/aktualne\/wp-json\/wp\/v2\/posts\/9280\/revisions\/9282"}],"wp:featuredmedia":[{"embeddable":true,"href":"https:\/\/www.pogotowieflagowe.pl\/aktualne\/wp-json\/wp\/v2\/media\/9281"}],"wp:attachment":[{"href":"https:\/\/www.pogotowieflagowe.pl\/aktualne\/wp-json\/wp\/v2\/media?parent=9280"}],"wp:term":[{"taxonomy":"category","embeddable":true,"href":"https:\/\/www.pogotowieflagowe.pl\/aktualne\/wp-json\/wp\/v2\/categories?post=9280"},{"taxonomy":"post_tag","embeddable":true,"href":"https:\/\/www.pogotowieflagowe.pl\/aktualne\/wp-json\/wp\/v2\/tags?post=9280"}],"curies":[{"name":"wp","href":"https:\/\/api.w.org\/{rel}","templated":true}]}}