{"id":9286,"date":"2025-10-13T13:25:56","date_gmt":"2025-10-13T11:25:56","guid":{"rendered":"https:\/\/www.pogotowieflagowe.pl\/aktualne\/polska-wylaczona-z-paktu-migracyjnego-premier-nie-podjal-zadnych-realnych-dzialan-w-brukseli\/"},"modified":"2025-10-13T13:25:57","modified_gmt":"2025-10-13T11:25:57","slug":"polska-wylaczona-z-paktu-migracyjnego-premier-nie-podjal-zadnych-realnych-dzialan-w-brukseli","status":"publish","type":"post","link":"https:\/\/www.pogotowieflagowe.pl\/aktualne\/polska-wylaczona-z-paktu-migracyjnego-premier-nie-podjal-zadnych-realnych-dzialan-w-brukseli\/","title":{"rendered":"Polska wy\u0142\u0105czona z Paktu Migracyjnego? \u201ePremier nie podj\u0105\u0142 \u017cadnych realnych dzia\u0142a\u0144 w Brukseli\u201d"},"content":{"rendered":"\n<div class=\"td_block_wrap tdb_single_content tdi_41 td-pb-border-top td_block_template_8 td-post-content tagdiv-type\" data-td-block-uid=\"tdi_41\">\n<style>.tdi_41{margines-top:0px!important;margin-bottom:0px!important;dope\u0142nienie-g\u00f3ra:0px!important;dope\u0142nienie-d\u00f3\u0142:0px!important}<\/style>\n<style>.tdb_single_content{margin-bottom:0;*zoom:1}.tdb_single_content:before,.tdb_single_content:after{display:table;content:'';line-height:0}.tdb_single_content:after{clear:both}.tdb_single_content .tdb-block-inner>*:not(.wp-block-quote):not(.alignwide):not(.alignfull.wp-block-cover.has-parallax):not(.td-a-ad){margin-left:auto;margin-right:auto}.tdb_single_content a{pointer-events:auto}.tdb_single_content .td-spot-id-top_ad .tdc-placeholder-title:before{content:'Article Top Ad'!important}.tdb_single_content .td-spot-id-inline_ad0 .tdc-placeholder-title:before{content:'Article Reklama wbudowana 1'!important}.tdb_single_content .td-spot-id-inline_ad1 .tdc-placeholder-title:before{content:'Reklama wbudowana w artyku\u0142 2'!important}.tdb_single_content .td-spot-id-inline_ad2 .tdc-placeholder-title:before{content:'Reklama w tek\u015bcie artyku\u0142u 3'!important}.tdb_single_content .td-spot-id-bottom_ad .tdc-placeholder-title:before{content:'Article Bottom Ad'!important}.tdb_single_content .id_top_ad,.tdb_single_content .id_bottom_ad{clear:both;margin-bottom:21px;text-align:center}.tdb_single_content .id_top_ad img,.tdb_single_content .id_bottom_ad img{margin-bottom:0}.tdb_single_content .id_top_ad .adsbygoogle,.tdb_single_content .id_bottom_ad .adsbygoogle{position:relative}.tdb_single_content .id_ad_content-horiz-left,.tdb_single_content .id_ad_content-horiz-right,.tdb_single_content .id_ad_content-horiz-center{margin-bottom:15px}.tdb_single_content .id_ad_content-horiz-left img,.tdb_single_content .id_ad_content-horiz-right img,.tdb_single_content .id_ad_content-horiz-center img{margin-bottom:0}.tdb_single_content .id_ad_content-horiz-center{text-align:center}.tdb_single_content .id_ad_content-horiz-center img{margin-right:auto;margin-left:auto}.tdb_single_content .id_ad_content-horiz-left{float:left;margin-top:9px;margin-right:21px}.tdb_single_content .id_ad_content-horiz-right{float:right;margin-top:6px;margin-left:21px}.tdb_single_content .tdc-a-ad .tdc-placeholder-title{width:300px;height:250px}.tdb_single_content .tdc-a-ad .tdc-placeholder-title:before{position:absolute;top:50%;-webkit-transform:translateY(-50%);transform:translateY(-50%);margin:auto;display:table;width:100%}.tdb_single_content .tdb-block-inner.td-fix-index{word-break:break-word}.tdi_41,.tdi_41>p,.tdi_41 .tdb-block-inner>p,.wp-block-column>p{font-size:16px!important;line-height:1.6!important}.tdi_41 .tdb-block-inner cytat blokowy p{font-style:normal!important}@media (max-width:767px){.tdb_single_content .id_ad_content-horiz-left,.tdb_single_content .id_ad_content-horiz-right,.tdb_single_content .id_ad_content-horiz-center{margin:0 auto 26 pikseli auto}}@media (max-width:767px){.tdb_single_content .id_ad_content-horiz-left{margin-right:0}}@media (max-width:767px){.tdb_single_content .id_ad_content-horiz-right{margin-left:0}}@media (max-width:767px){.tdb_single_content .td-a-ad{float:none;text-align:center}.tdb_single_content .td-a-ad img{margin-right:auto;margin-left:auto}.tdb_single_content .tdc-a-ad{float:none}}<\/style>\n<div class=\"tdb-block-inner td-fix-index\">\n<p>Wed\u0142ug ostatnich doniesie\u0144 medialnych Polska mo\u017ce zosta\u0107 czasowo zwolniona z obowi\u0105zk\u00f3w wynikaj\u0105cych z unijnego Paktu Migracyjnego. Mariusz B\u0142aszczak podkre\u015bli\u0142, \u017ce je\u015bli te doniesienia si\u0119 potwierdz\u0105, stanie si\u0119 to dzi\u0119ki prezydentowi Karolowi Nawrockiemu, a nie Donaldowi Tuskowi. <strong>\u201ePremier poza kilkoma konferencjami prasowymi dla polskich medi\u00f3w nie podj\u0105\u0142 w Brukseli \u017cadnych konkretnych dzia\u0142a\u0144\u201d \u2013 doda\u0142.<\/strong> \u2013 powiedzia\u0142 zast\u0119pca prezesa ds <em>Prawo i Sprawiedliwo\u015b\u0107 (PiS)<\/em>.<\/p>\n<p>Z nieoficjalnych doniesie\u0144 wynika, \u017ce <em>Komisja Europejska<\/em> rozwa\u017ca zwolnienie Polski z mechanizmu relokacji migrant\u00f3w i zwi\u0105zanych z nim obci\u0105\u017ce\u0144 finansowych. Powodem ma by\u0107 masowa liczba uchod\u017ac\u00f3w z Ukrainy przyj\u0119tych przez Polsk\u0119 po 2022 roku. Cho\u0107 Donald Tusk oznajmi\u0142 w mediach spo\u0142eczno\u015bciowych, \u017ce \u201eza\u0142atwi\u0142\u201d spraw\u0119 i Polska nie zostanie obj\u0119ta relokacj\u0105, Mariusz B\u0142aszczak zwr\u00f3ci\u0142 uwag\u0119, \u017ce sytuacja jest nieco inna.<\/p>\n<h2 class=\"wp-block-heading\"><strong>Tusk niczego nie ustali\u0142<\/strong><\/h2>\n<p>Je\u015bli doniesienia medialne o tymczasowym zwolnieniu Polski z Paktu Migracyjnego oka\u017c\u0105 si\u0119 prawdziwe, stanie si\u0119 to za spraw\u0105 Prezydenta Karola Nawrockiego, a nie Donalda Tuska. <strong>\u201ePremier poza kilkoma konferencjami prasowymi dla polskich medi\u00f3w nie podj\u0105\u0142 w Brukseli \u017cadnych konkretnych dzia\u0142a\u0144,<\/strong>\u2013 napisa\u0142 polityk na X.<\/p>\n<p>Ewentualne zwolnienie Polski z ustale\u0144 Paktu Migracyjnego obowi\u0105zywa\u0142oby tylko przez rok.<\/p>\n<figure class=\"wp-block-pullquote\">\n<blockquote>\n<p><strong>\u201eTusk m\u00f3wi, \u017ce \u00abpaktu nie b\u0119dziemy realizowa\u0107\u00bb, ale pomija fakt, \u017ce w wielu przypadkach tak naprawd\u0119 nie ma ju\u017c nic do wdro\u017cenia, bo ustawy ju\u017c obowi\u0105zuj\u0105\u201d \u2013 doda\u0142.<\/strong> zauwa\u017cy\u0142 B\u0142aszczak.<\/p>\n<\/blockquote>\n<\/figure>\n<p>Przewodnicz\u0105cy <em>Prawo i Sprawiedliwo\u015b\u0107 (PiS)<\/em> grupa parlamentarna podkre\u015bli\u0142a, \u017ce \u200b\u200bPolska musi odrzuci\u0107 postanowienia Paktu Migracyjnego. <strong>\u201eWa\u017cne jest zorganizowanie referendum ws. nielegalnej migracji i jednostronne wycofanie si\u0119 z Paktu Migracyjnego\u201d<\/strong> \u2013 napisa\u0142 B\u0142aszczak.<\/p>\n<p>Jednym z najbardziej kontrowersyjnych element\u00f3w paktu jest tzw. mechanizm solidarno\u015bci, kt\u00f3ry ma by\u0107 corocznie przeliczany. Pa\u0144stwa cz\u0142onkowskie b\u0119d\u0105 zobowi\u0105zane albo przyj\u0105\u0107 okre\u015blon\u0105 liczb\u0119 migrant\u00f3w, albo w zamian za odmow\u0119 wnie\u015b\u0107 wk\u0142ad finansowy.<\/p>\n<figure class=\"wp-block-embed is-type-rich is-provider-twitter wp-block-embed-twitter\">\n<div class=\"wp-block-embed__wrapper\">\n<blockquote class=\"twitter-tweet\" data-width=\"550\" data-dnt=\"true\">\n<p lang=\"pl\" dir=\"ltr\">Je\u015bli potwierdz\u0105 si\u0119 medialne informacje o czasowym wy\u0142\u0105czeniu Polski z paktu migracyjnego, b\u0119dzie to zas\u0142uga prezydenta Karola Nawrockiego, a nie Donalda Tuska. Premier, poza konferencjami dla polskich medi\u00f3w, nie s\u0105 uwzgl\u0119dniane \u017cadne realne dzia\u0142ania w Brukseli. <\/p>\n<p>Jednak\u2026<\/p>\n<p>\u2014 Mariusz B\u0142aszczak (@mblaszczak) <a rel=\"nofollow\" href=\"https:\/\/twitter.com\/mblaszczak\/status\/1977342438000779626?ref_src=twsrc%5Etfw\">12 pa\u017adziernika 2025 r<\/a><\/p><\/blockquote>\n<\/div>\n<\/figure>\n<\/div>\n<\/div>\n<p><script async src=\"https:\/\/platform.twitter.com\/widgets.js\" charset=\"utf-8\"><\/script><\/p>\n","protected":false},"excerpt":{"rendered":"<p>Wed\u0142ug ostatnich doniesie\u0144 medialnych Polska mo\u017ce zosta\u0107 czasowo zwolniona z obowi\u0105zk\u00f3w wynikaj\u0105cych z unijnego Paktu Migracyjnego. Mariusz B\u0142aszczak podkre\u015bli\u0142, \u017ce<\/p>\n","protected":false},"author":1,"featured_media":9287,"comment_status":"open","ping_status":"open","sticky":false,"template":"","format":"standard","meta":{"footnotes":""},"categories":[44],"tags":[5217,869,6641,450,5453,8385,4,804,10791,10790,6375],"class_list":["post-9286","post","type-post","status-publish","format-standard","has-post-thumbnail","hentry","category-polityka","tag-brukseli","tag-dzialan","tag-migracyjnego","tag-nie","tag-paktu","tag-podjal","tag-polska","tag-premier","tag-realnych","tag-wylaczona","tag-zadnych","generate-columns","tablet-grid-50","mobile-grid-100","grid-parent","grid-50","resize-featured-image"],"yoast_head":"<!-- This site is optimized with the Yoast SEO plugin v23.2 - https:\/\/yoast.com\/wordpress\/plugins\/seo\/ -->\n<title>Polska wy\u0142\u0105czona z Paktu Migracyjnego? \u201ePremier nie podj\u0105\u0142 \u017cadnych realnych dzia\u0142a\u0144 w Brukseli\u201d - POGOTOWIE FLAGOWE\u00ae<\/title>\n<meta name=\"robots\" content=\"index, follow, max-snippet:-1, max-image-preview:large, max-video-preview:-1\" \/>\n<link rel=\"canonical\" href=\"https:\/\/www.pogotowieflagowe.pl\/aktualne\/polska-wylaczona-z-paktu-migracyjnego-premier-nie-podjal-zadnych-realnych-dzialan-w-brukseli\/\" \/>\n<meta property=\"og:locale\" content=\"pl_PL\" \/>\n<meta property=\"og:type\" content=\"article\" \/>\n<meta property=\"og:title\" content=\"Polska wy\u0142\u0105czona z Paktu Migracyjnego? \u201ePremier nie podj\u0105\u0142 \u017cadnych realnych dzia\u0142a\u0144 w Brukseli\u201d - POGOTOWIE FLAGOWE\u00ae\" \/>\n<meta property=\"og:description\" content=\"Wed\u0142ug ostatnich doniesie\u0144 medialnych Polska mo\u017ce zosta\u0107 czasowo zwolniona z obowi\u0105zk\u00f3w wynikaj\u0105cych z unijnego Paktu Migracyjnego. Mariusz B\u0142aszczak podkre\u015bli\u0142, \u017ce\" \/>\n<meta property=\"og:url\" content=\"https:\/\/www.pogotowieflagowe.pl\/aktualne\/polska-wylaczona-z-paktu-migracyjnego-premier-nie-podjal-zadnych-realnych-dzialan-w-brukseli\/\" \/>\n<meta property=\"og:site_name\" content=\"POGOTOWIE FLAGOWE\u00ae\" \/>\n<meta property=\"article:published_time\" content=\"2025-10-13T11:25:56+00:00\" \/>\n<meta property=\"article:modified_time\" content=\"2025-10-13T11:25:57+00:00\" \/>\n<meta property=\"og:image\" content=\"https:\/\/www.pogotowieflagowe.pl\/aktualne\/wp-content\/uploads\/2025\/10\/Polska-wylaczona-z-Paktu-Migracyjnego-\u201ePremier-nie-podjal-zadnych-realnych.webp.webp\" \/>\n\t<meta property=\"og:image:width\" content=\"1280\" \/>\n\t<meta property=\"og:image:height\" content=\"720\" \/>\n\t<meta property=\"og:image:type\" content=\"image\/webp\" \/>\n<meta name=\"author\" content=\"Filip\" \/>\n<meta name=\"twitter:card\" content=\"summary_large_image\" \/>\n<meta name=\"twitter:label1\" content=\"Napisane przez\" \/>\n\t<meta name=\"twitter:data1\" content=\"Filip\" \/>\n\t<meta name=\"twitter:label2\" content=\"Szacowany czas czytania\" \/>\n\t<meta name=\"twitter:data2\" content=\"2 minuty\" \/>\n<script type=\"application\/ld+json\" class=\"yoast-schema-graph\">{\"@context\":\"https:\/\/schema.org\",\"@graph\":[{\"@type\":\"Article\",\"@id\":\"https:\/\/www.pogotowieflagowe.pl\/aktualne\/polska-wylaczona-z-paktu-migracyjnego-premier-nie-podjal-zadnych-realnych-dzialan-w-brukseli\/#article\",\"isPartOf\":{\"@id\":\"https:\/\/www.pogotowieflagowe.pl\/aktualne\/polska-wylaczona-z-paktu-migracyjnego-premier-nie-podjal-zadnych-realnych-dzialan-w-brukseli\/\"},\"author\":{\"name\":\"Filip\",\"@id\":\"https:\/\/www.pogotowieflagowe.pl\/aktualne\/#\/schema\/person\/9c2fb7d2362ebf6fa088960d7f0d27b0\"},\"headline\":\"Polska wy\u0142\u0105czona z Paktu Migracyjnego? \u201ePremier nie podj\u0105\u0142 \u017cadnych realnych dzia\u0142a\u0144 w Brukseli\u201d\",\"datePublished\":\"2025-10-13T11:25:56+00:00\",\"dateModified\":\"2025-10-13T11:25:57+00:00\",\"mainEntityOfPage\":{\"@id\":\"https:\/\/www.pogotowieflagowe.pl\/aktualne\/polska-wylaczona-z-paktu-migracyjnego-premier-nie-podjal-zadnych-realnych-dzialan-w-brukseli\/\"},\"wordCount\":386,\"commentCount\":0,\"publisher\":{\"@id\":\"https:\/\/www.pogotowieflagowe.pl\/aktualne\/#organization\"},\"image\":{\"@id\":\"https:\/\/www.pogotowieflagowe.pl\/aktualne\/polska-wylaczona-z-paktu-migracyjnego-premier-nie-podjal-zadnych-realnych-dzialan-w-brukseli\/#primaryimage\"},\"thumbnailUrl\":\"https:\/\/www.pogotowieflagowe.pl\/aktualne\/wp-content\/uploads\/2025\/10\/Polska-wylaczona-z-Paktu-Migracyjnego-\u201ePremier-nie-podjal-zadnych-realnych.webp.webp\",\"keywords\":[\"Brukseli\",\"dzia\u0142a\u0144\",\"migracyjnego\",\"Nie\",\"paktu\",\"podj\u0105\u0142\",\"polska\",\"Premier\",\"realnych\",\"wy\u0142\u0105czona\",\"\u017cadnych\"],\"articleSection\":[\"Polityka\"],\"inLanguage\":\"pl-PL\",\"potentialAction\":[{\"@type\":\"CommentAction\",\"name\":\"Comment\",\"target\":[\"https:\/\/www.pogotowieflagowe.pl\/aktualne\/polska-wylaczona-z-paktu-migracyjnego-premier-nie-podjal-zadnych-realnych-dzialan-w-brukseli\/#respond\"]}]},{\"@type\":\"WebPage\",\"@id\":\"https:\/\/www.pogotowieflagowe.pl\/aktualne\/polska-wylaczona-z-paktu-migracyjnego-premier-nie-podjal-zadnych-realnych-dzialan-w-brukseli\/\",\"url\":\"https:\/\/www.pogotowieflagowe.pl\/aktualne\/polska-wylaczona-z-paktu-migracyjnego-premier-nie-podjal-zadnych-realnych-dzialan-w-brukseli\/\",\"name\":\"Polska wy\u0142\u0105czona z Paktu Migracyjnego? \u201ePremier nie podj\u0105\u0142 \u017cadnych realnych dzia\u0142a\u0144 w Brukseli\u201d - POGOTOWIE FLAGOWE\u00ae\",\"isPartOf\":{\"@id\":\"https:\/\/www.pogotowieflagowe.pl\/aktualne\/#website\"},\"primaryImageOfPage\":{\"@id\":\"https:\/\/www.pogotowieflagowe.pl\/aktualne\/polska-wylaczona-z-paktu-migracyjnego-premier-nie-podjal-zadnych-realnych-dzialan-w-brukseli\/#primaryimage\"},\"image\":{\"@id\":\"https:\/\/www.pogotowieflagowe.pl\/aktualne\/polska-wylaczona-z-paktu-migracyjnego-premier-nie-podjal-zadnych-realnych-dzialan-w-brukseli\/#primaryimage\"},\"thumbnailUrl\":\"https:\/\/www.pogotowieflagowe.pl\/aktualne\/wp-content\/uploads\/2025\/10\/Polska-wylaczona-z-Paktu-Migracyjnego-\u201ePremier-nie-podjal-zadnych-realnych.webp.webp\",\"datePublished\":\"2025-10-13T11:25:56+00:00\",\"dateModified\":\"2025-10-13T11:25:57+00:00\",\"breadcrumb\":{\"@id\":\"https:\/\/www.pogotowieflagowe.pl\/aktualne\/polska-wylaczona-z-paktu-migracyjnego-premier-nie-podjal-zadnych-realnych-dzialan-w-brukseli\/#breadcrumb\"},\"inLanguage\":\"pl-PL\",\"potentialAction\":[{\"@type\":\"ReadAction\",\"target\":[\"https:\/\/www.pogotowieflagowe.pl\/aktualne\/polska-wylaczona-z-paktu-migracyjnego-premier-nie-podjal-zadnych-realnych-dzialan-w-brukseli\/\"]}]},{\"@type\":\"ImageObject\",\"inLanguage\":\"pl-PL\",\"@id\":\"https:\/\/www.pogotowieflagowe.pl\/aktualne\/polska-wylaczona-z-paktu-migracyjnego-premier-nie-podjal-zadnych-realnych-dzialan-w-brukseli\/#primaryimage\",\"url\":\"https:\/\/www.pogotowieflagowe.pl\/aktualne\/wp-content\/uploads\/2025\/10\/Polska-wylaczona-z-Paktu-Migracyjnego-\u201ePremier-nie-podjal-zadnych-realnych.webp.webp\",\"contentUrl\":\"https:\/\/www.pogotowieflagowe.pl\/aktualne\/wp-content\/uploads\/2025\/10\/Polska-wylaczona-z-Paktu-Migracyjnego-\u201ePremier-nie-podjal-zadnych-realnych.webp.webp\",\"width\":1280,\"height\":720,\"caption\":\"Polska wy\u0142\u0105czona z Paktu Migracyjnego? \u201ePremier nie podj\u0105\u0142 \u017cadnych realnych dzia\u0142a\u0144 w Brukseli\u201d\"},{\"@type\":\"BreadcrumbList\",\"@id\":\"https:\/\/www.pogotowieflagowe.pl\/aktualne\/polska-wylaczona-z-paktu-migracyjnego-premier-nie-podjal-zadnych-realnych-dzialan-w-brukseli\/#breadcrumb\",\"itemListElement\":[{\"@type\":\"ListItem\",\"position\":1,\"name\":\"Home\",\"item\":\"https:\/\/www.pogotowieflagowe.pl\/aktualne\/\"},{\"@type\":\"ListItem\",\"position\":2,\"name\":\"Polska wy\u0142\u0105czona z Paktu Migracyjnego? \u201ePremier nie podj\u0105\u0142 \u017cadnych realnych dzia\u0142a\u0144 w Brukseli\u201d\"}]},{\"@type\":\"WebSite\",\"@id\":\"https:\/\/www.pogotowieflagowe.pl\/aktualne\/#website\",\"url\":\"https:\/\/www.pogotowieflagowe.pl\/aktualne\/\",\"name\":\"POGOTOWIE FLAGOWE\u00ae\",\"description\":\"\",\"publisher\":{\"@id\":\"https:\/\/www.pogotowieflagowe.pl\/aktualne\/#organization\"},\"potentialAction\":[{\"@type\":\"SearchAction\",\"target\":{\"@type\":\"EntryPoint\",\"urlTemplate\":\"https:\/\/www.pogotowieflagowe.pl\/aktualne\/?s={search_term_string}\"},\"query-input\":\"required name=search_term_string\"}],\"inLanguage\":\"pl-PL\"},{\"@type\":\"Organization\",\"@id\":\"https:\/\/www.pogotowieflagowe.pl\/aktualne\/#organization\",\"name\":\"POGOTOWIE FLAGOWE\u00ae\",\"url\":\"https:\/\/www.pogotowieflagowe.pl\/aktualne\/\",\"logo\":{\"@type\":\"ImageObject\",\"inLanguage\":\"pl-PL\",\"@id\":\"https:\/\/www.pogotowieflagowe.pl\/aktualne\/#\/schema\/logo\/image\/\",\"url\":\"https:\/\/www.pogotowieflagowe.pl\/aktualne\/wp-content\/uploads\/2024\/08\/cropped-pogotowieflagowe_flaga_projekt_sm.jpg\",\"contentUrl\":\"https:\/\/www.pogotowieflagowe.pl\/aktualne\/wp-content\/uploads\/2024\/08\/cropped-pogotowieflagowe_flaga_projekt_sm.jpg\",\"width\":250,\"height\":143,\"caption\":\"POGOTOWIE FLAGOWE\u00ae\"},\"image\":{\"@id\":\"https:\/\/www.pogotowieflagowe.pl\/aktualne\/#\/schema\/logo\/image\/\"}},{\"@type\":\"Person\",\"@id\":\"https:\/\/www.pogotowieflagowe.pl\/aktualne\/#\/schema\/person\/9c2fb7d2362ebf6fa088960d7f0d27b0\",\"name\":\"Filip\",\"image\":{\"@type\":\"ImageObject\",\"inLanguage\":\"pl-PL\",\"@id\":\"https:\/\/www.pogotowieflagowe.pl\/aktualne\/#\/schema\/person\/image\/\",\"url\":\"https:\/\/www.pogotowieflagowe.pl\/aktualne\/wp-content\/uploads\/2024\/08\/pogotowieflagowe.pl_.jpg\",\"contentUrl\":\"https:\/\/www.pogotowieflagowe.pl\/aktualne\/wp-content\/uploads\/2024\/08\/pogotowieflagowe.pl_.jpg\",\"caption\":\"Filip\"},\"description\":\"Jestem Filip, polski dziennikarz z dyplomem nauk politycznych Uniwersytetu Warszawskiego. Rozpoczynaj\u0105c swoj\u0105 karier\u0119 w r\u00f3\u017cnych lokalnych mediach, zdoby\u0142em solidne do\u015bwiadczenie w zakresie \u015bledztwa i redakcji. Obecnie jako redaktor w Pogotowie flagowe, staram si\u0119 dostarcza\u0107 dog\u0142\u0119bne i istotne analizy na temat najwa\u017cniejszych kwestii aktualno\u015bci, \u0142\u0105cz\u0105c rygor z pasj\u0105 dziennikarsk\u0105.\",\"sameAs\":[\"https:\/\/www.pogotowieflagowe.pl\/\"]}]}<\/script>\n<!-- \/ Yoast SEO plugin. -->","yoast_head_json":{"title":"Polska wy\u0142\u0105czona z Paktu Migracyjnego? \u201ePremier nie podj\u0105\u0142 \u017cadnych realnych dzia\u0142a\u0144 w Brukseli\u201d - POGOTOWIE FLAGOWE\u00ae","robots":{"index":"index","follow":"follow","max-snippet":"max-snippet:-1","max-image-preview":"max-image-preview:large","max-video-preview":"max-video-preview:-1"},"canonical":"https:\/\/www.pogotowieflagowe.pl\/aktualne\/polska-wylaczona-z-paktu-migracyjnego-premier-nie-podjal-zadnych-realnych-dzialan-w-brukseli\/","og_locale":"pl_PL","og_type":"article","og_title":"Polska wy\u0142\u0105czona z Paktu Migracyjnego? \u201ePremier nie podj\u0105\u0142 \u017cadnych realnych dzia\u0142a\u0144 w Brukseli\u201d - POGOTOWIE FLAGOWE\u00ae","og_description":"Wed\u0142ug ostatnich doniesie\u0144 medialnych Polska mo\u017ce zosta\u0107 czasowo zwolniona z obowi\u0105zk\u00f3w wynikaj\u0105cych z unijnego Paktu Migracyjnego. Mariusz B\u0142aszczak podkre\u015bli\u0142, \u017ce","og_url":"https:\/\/www.pogotowieflagowe.pl\/aktualne\/polska-wylaczona-z-paktu-migracyjnego-premier-nie-podjal-zadnych-realnych-dzialan-w-brukseli\/","og_site_name":"POGOTOWIE FLAGOWE\u00ae","article_published_time":"2025-10-13T11:25:56+00:00","article_modified_time":"2025-10-13T11:25:57+00:00","og_image":[{"width":1280,"height":720,"url":"https:\/\/www.pogotowieflagowe.pl\/aktualne\/wp-content\/uploads\/2025\/10\/Polska-wylaczona-z-Paktu-Migracyjnego-\u201ePremier-nie-podjal-zadnych-realnych.webp.webp","type":"image\/webp"}],"author":"Filip","twitter_card":"summary_large_image","twitter_misc":{"Napisane przez":"Filip","Szacowany czas czytania":"2 minuty"},"schema":{"@context":"https:\/\/schema.org","@graph":[{"@type":"Article","@id":"https:\/\/www.pogotowieflagowe.pl\/aktualne\/polska-wylaczona-z-paktu-migracyjnego-premier-nie-podjal-zadnych-realnych-dzialan-w-brukseli\/#article","isPartOf":{"@id":"https:\/\/www.pogotowieflagowe.pl\/aktualne\/polska-wylaczona-z-paktu-migracyjnego-premier-nie-podjal-zadnych-realnych-dzialan-w-brukseli\/"},"author":{"name":"Filip","@id":"https:\/\/www.pogotowieflagowe.pl\/aktualne\/#\/schema\/person\/9c2fb7d2362ebf6fa088960d7f0d27b0"},"headline":"Polska wy\u0142\u0105czona z Paktu Migracyjnego? \u201ePremier nie podj\u0105\u0142 \u017cadnych realnych dzia\u0142a\u0144 w Brukseli\u201d","datePublished":"2025-10-13T11:25:56+00:00","dateModified":"2025-10-13T11:25:57+00:00","mainEntityOfPage":{"@id":"https:\/\/www.pogotowieflagowe.pl\/aktualne\/polska-wylaczona-z-paktu-migracyjnego-premier-nie-podjal-zadnych-realnych-dzialan-w-brukseli\/"},"wordCount":386,"commentCount":0,"publisher":{"@id":"https:\/\/www.pogotowieflagowe.pl\/aktualne\/#organization"},"image":{"@id":"https:\/\/www.pogotowieflagowe.pl\/aktualne\/polska-wylaczona-z-paktu-migracyjnego-premier-nie-podjal-zadnych-realnych-dzialan-w-brukseli\/#primaryimage"},"thumbnailUrl":"https:\/\/www.pogotowieflagowe.pl\/aktualne\/wp-content\/uploads\/2025\/10\/Polska-wylaczona-z-Paktu-Migracyjnego-\u201ePremier-nie-podjal-zadnych-realnych.webp.webp","keywords":["Brukseli","dzia\u0142a\u0144","migracyjnego","Nie","paktu","podj\u0105\u0142","polska","Premier","realnych","wy\u0142\u0105czona","\u017cadnych"],"articleSection":["Polityka"],"inLanguage":"pl-PL","potentialAction":[{"@type":"CommentAction","name":"Comment","target":["https:\/\/www.pogotowieflagowe.pl\/aktualne\/polska-wylaczona-z-paktu-migracyjnego-premier-nie-podjal-zadnych-realnych-dzialan-w-brukseli\/#respond"]}]},{"@type":"WebPage","@id":"https:\/\/www.pogotowieflagowe.pl\/aktualne\/polska-wylaczona-z-paktu-migracyjnego-premier-nie-podjal-zadnych-realnych-dzialan-w-brukseli\/","url":"https:\/\/www.pogotowieflagowe.pl\/aktualne\/polska-wylaczona-z-paktu-migracyjnego-premier-nie-podjal-zadnych-realnych-dzialan-w-brukseli\/","name":"Polska wy\u0142\u0105czona z Paktu Migracyjnego? \u201ePremier nie podj\u0105\u0142 \u017cadnych realnych dzia\u0142a\u0144 w Brukseli\u201d - POGOTOWIE FLAGOWE\u00ae","isPartOf":{"@id":"https:\/\/www.pogotowieflagowe.pl\/aktualne\/#website"},"primaryImageOfPage":{"@id":"https:\/\/www.pogotowieflagowe.pl\/aktualne\/polska-wylaczona-z-paktu-migracyjnego-premier-nie-podjal-zadnych-realnych-dzialan-w-brukseli\/#primaryimage"},"image":{"@id":"https:\/\/www.pogotowieflagowe.pl\/aktualne\/polska-wylaczona-z-paktu-migracyjnego-premier-nie-podjal-zadnych-realnych-dzialan-w-brukseli\/#primaryimage"},"thumbnailUrl":"https:\/\/www.pogotowieflagowe.pl\/aktualne\/wp-content\/uploads\/2025\/10\/Polska-wylaczona-z-Paktu-Migracyjnego-\u201ePremier-nie-podjal-zadnych-realnych.webp.webp","datePublished":"2025-10-13T11:25:56+00:00","dateModified":"2025-10-13T11:25:57+00:00","breadcrumb":{"@id":"https:\/\/www.pogotowieflagowe.pl\/aktualne\/polska-wylaczona-z-paktu-migracyjnego-premier-nie-podjal-zadnych-realnych-dzialan-w-brukseli\/#breadcrumb"},"inLanguage":"pl-PL","potentialAction":[{"@type":"ReadAction","target":["https:\/\/www.pogotowieflagowe.pl\/aktualne\/polska-wylaczona-z-paktu-migracyjnego-premier-nie-podjal-zadnych-realnych-dzialan-w-brukseli\/"]}]},{"@type":"ImageObject","inLanguage":"pl-PL","@id":"https:\/\/www.pogotowieflagowe.pl\/aktualne\/polska-wylaczona-z-paktu-migracyjnego-premier-nie-podjal-zadnych-realnych-dzialan-w-brukseli\/#primaryimage","url":"https:\/\/www.pogotowieflagowe.pl\/aktualne\/wp-content\/uploads\/2025\/10\/Polska-wylaczona-z-Paktu-Migracyjnego-\u201ePremier-nie-podjal-zadnych-realnych.webp.webp","contentUrl":"https:\/\/www.pogotowieflagowe.pl\/aktualne\/wp-content\/uploads\/2025\/10\/Polska-wylaczona-z-Paktu-Migracyjnego-\u201ePremier-nie-podjal-zadnych-realnych.webp.webp","width":1280,"height":720,"caption":"Polska wy\u0142\u0105czona z Paktu Migracyjnego? \u201ePremier nie podj\u0105\u0142 \u017cadnych realnych dzia\u0142a\u0144 w Brukseli\u201d"},{"@type":"BreadcrumbList","@id":"https:\/\/www.pogotowieflagowe.pl\/aktualne\/polska-wylaczona-z-paktu-migracyjnego-premier-nie-podjal-zadnych-realnych-dzialan-w-brukseli\/#breadcrumb","itemListElement":[{"@type":"ListItem","position":1,"name":"Home","item":"https:\/\/www.pogotowieflagowe.pl\/aktualne\/"},{"@type":"ListItem","position":2,"name":"Polska wy\u0142\u0105czona z Paktu Migracyjnego? \u201ePremier nie podj\u0105\u0142 \u017cadnych realnych dzia\u0142a\u0144 w Brukseli\u201d"}]},{"@type":"WebSite","@id":"https:\/\/www.pogotowieflagowe.pl\/aktualne\/#website","url":"https:\/\/www.pogotowieflagowe.pl\/aktualne\/","name":"POGOTOWIE FLAGOWE\u00ae","description":"","publisher":{"@id":"https:\/\/www.pogotowieflagowe.pl\/aktualne\/#organization"},"potentialAction":[{"@type":"SearchAction","target":{"@type":"EntryPoint","urlTemplate":"https:\/\/www.pogotowieflagowe.pl\/aktualne\/?s={search_term_string}"},"query-input":"required name=search_term_string"}],"inLanguage":"pl-PL"},{"@type":"Organization","@id":"https:\/\/www.pogotowieflagowe.pl\/aktualne\/#organization","name":"POGOTOWIE FLAGOWE\u00ae","url":"https:\/\/www.pogotowieflagowe.pl\/aktualne\/","logo":{"@type":"ImageObject","inLanguage":"pl-PL","@id":"https:\/\/www.pogotowieflagowe.pl\/aktualne\/#\/schema\/logo\/image\/","url":"https:\/\/www.pogotowieflagowe.pl\/aktualne\/wp-content\/uploads\/2024\/08\/cropped-pogotowieflagowe_flaga_projekt_sm.jpg","contentUrl":"https:\/\/www.pogotowieflagowe.pl\/aktualne\/wp-content\/uploads\/2024\/08\/cropped-pogotowieflagowe_flaga_projekt_sm.jpg","width":250,"height":143,"caption":"POGOTOWIE FLAGOWE\u00ae"},"image":{"@id":"https:\/\/www.pogotowieflagowe.pl\/aktualne\/#\/schema\/logo\/image\/"}},{"@type":"Person","@id":"https:\/\/www.pogotowieflagowe.pl\/aktualne\/#\/schema\/person\/9c2fb7d2362ebf6fa088960d7f0d27b0","name":"Filip","image":{"@type":"ImageObject","inLanguage":"pl-PL","@id":"https:\/\/www.pogotowieflagowe.pl\/aktualne\/#\/schema\/person\/image\/","url":"https:\/\/www.pogotowieflagowe.pl\/aktualne\/wp-content\/uploads\/2024\/08\/pogotowieflagowe.pl_.jpg","contentUrl":"https:\/\/www.pogotowieflagowe.pl\/aktualne\/wp-content\/uploads\/2024\/08\/pogotowieflagowe.pl_.jpg","caption":"Filip"},"description":"Jestem Filip, polski dziennikarz z dyplomem nauk politycznych Uniwersytetu Warszawskiego. Rozpoczynaj\u0105c swoj\u0105 karier\u0119 w r\u00f3\u017cnych lokalnych mediach, zdoby\u0142em solidne do\u015bwiadczenie w zakresie \u015bledztwa i redakcji. Obecnie jako redaktor w Pogotowie flagowe, staram si\u0119 dostarcza\u0107 dog\u0142\u0119bne i istotne analizy na temat najwa\u017cniejszych kwestii aktualno\u015bci, \u0142\u0105cz\u0105c rygor z pasj\u0105 dziennikarsk\u0105.","sameAs":["https:\/\/www.pogotowieflagowe.pl\/"]}]}},"_links":{"self":[{"href":"https:\/\/www.pogotowieflagowe.pl\/aktualne\/wp-json\/wp\/v2\/posts\/9286","targetHints":{"allow":["GET"]}}],"collection":[{"href":"https:\/\/www.pogotowieflagowe.pl\/aktualne\/wp-json\/wp\/v2\/posts"}],"about":[{"href":"https:\/\/www.pogotowieflagowe.pl\/aktualne\/wp-json\/wp\/v2\/types\/post"}],"author":[{"embeddable":true,"href":"https:\/\/www.pogotowieflagowe.pl\/aktualne\/wp-json\/wp\/v2\/users\/1"}],"replies":[{"embeddable":true,"href":"https:\/\/www.pogotowieflagowe.pl\/aktualne\/wp-json\/wp\/v2\/comments?post=9286"}],"version-history":[{"count":1,"href":"https:\/\/www.pogotowieflagowe.pl\/aktualne\/wp-json\/wp\/v2\/posts\/9286\/revisions"}],"predecessor-version":[{"id":9288,"href":"https:\/\/www.pogotowieflagowe.pl\/aktualne\/wp-json\/wp\/v2\/posts\/9286\/revisions\/9288"}],"wp:featuredmedia":[{"embeddable":true,"href":"https:\/\/www.pogotowieflagowe.pl\/aktualne\/wp-json\/wp\/v2\/media\/9287"}],"wp:attachment":[{"href":"https:\/\/www.pogotowieflagowe.pl\/aktualne\/wp-json\/wp\/v2\/media?parent=9286"}],"wp:term":[{"taxonomy":"category","embeddable":true,"href":"https:\/\/www.pogotowieflagowe.pl\/aktualne\/wp-json\/wp\/v2\/categories?post=9286"},{"taxonomy":"post_tag","embeddable":true,"href":"https:\/\/www.pogotowieflagowe.pl\/aktualne\/wp-json\/wp\/v2\/tags?post=9286"}],"curies":[{"name":"wp","href":"https:\/\/api.w.org\/{rel}","templated":true}]}}