{"id":9295,"date":"2025-10-13T14:53:19","date_gmt":"2025-10-13T12:53:19","guid":{"rendered":"https:\/\/www.pogotowieflagowe.pl\/aktualne\/miasto-w-obliczu-upadku-po-odwrocie-rzadu-tuska-tysiace-rodzin-zagrozonych\/"},"modified":"2025-10-13T14:53:20","modified_gmt":"2025-10-13T12:53:20","slug":"miasto-w-obliczu-upadku-po-odwrocie-rzadu-tuska-tysiace-rodzin-zagrozonych","status":"publish","type":"post","link":"https:\/\/www.pogotowieflagowe.pl\/aktualne\/miasto-w-obliczu-upadku-po-odwrocie-rzadu-tuska-tysiace-rodzin-zagrozonych\/","title":{"rendered":"Miasto w obliczu upadku po odwrocie rz\u0105du Tuska \u2013 tysi\u0105ce rodzin zagro\u017conych"},"content":{"rendered":"\n<div class=\"td_block_wrap tdb_single_content tdi_41 td-pb-border-top td_block_template_8 td-post-content tagdiv-type\" data-td-block-uid=\"tdi_41\">\n<style>.tdi_41{margines-top:0px!important;margin-bottom:0px!important;dope\u0142nienie-g\u00f3ra:0px!important;dope\u0142nienie-d\u00f3\u0142:0px!important}<\/style>\n<style>.tdb_single_content{margin-bottom:0;*zoom:1}.tdb_single_content:before,.tdb_single_content:after{display:table;content:'';line-height:0}.tdb_single_content:after{clear:both}.tdb_single_content .tdb-block-inner>*:not(.wp-block-quote):not(.alignwide):not(.alignfull.wp-block-cover.has-parallax):not(.td-a-ad){margin-left:auto;margin-right:auto}.tdb_single_content a{pointer-events:auto}.tdb_single_content .td-spot-id-top_ad .tdc-placeholder-title:before{content:'Article Top Ad'!important}.tdb_single_content .td-spot-id-inline_ad0 .tdc-placeholder-title:before{content:'Article Reklama wbudowana 1'!important}.tdb_single_content .td-spot-id-inline_ad1 .tdc-placeholder-title:before{content:'Reklama wbudowana w artyku\u0142 2'!important}.tdb_single_content .td-spot-id-inline_ad2 .tdc-placeholder-title:before{content:'Reklama w tek\u015bcie artyku\u0142u 3'!important}.tdb_single_content .td-spot-id-bottom_ad .tdc-placeholder-title:before{content:'Article Bottom Ad'!important}.tdb_single_content .id_top_ad,.tdb_single_content .id_bottom_ad{clear:both;margin-bottom:21px;text-align:center}.tdb_single_content .id_top_ad img,.tdb_single_content .id_bottom_ad img{margin-bottom:0}.tdb_single_content .id_top_ad .adsbygoogle,.tdb_single_content .id_bottom_ad .adsbygoogle{position:relative}.tdb_single_content .id_ad_content-horiz-left,.tdb_single_content .id_ad_content-horiz-right,.tdb_single_content .id_ad_content-horiz-center{margin-bottom:15px}.tdb_single_content .id_ad_content-horiz-left img,.tdb_single_content .id_ad_content-horiz-right img,.tdb_single_content .id_ad_content-horiz-center img{margin-bottom:0}.tdb_single_content .id_ad_content-horiz-center{text-align:center}.tdb_single_content .id_ad_content-horiz-center img{margin-right:auto;margin-left:auto}.tdb_single_content .id_ad_content-horiz-left{float:left;margin-top:9px;margin-right:21px}.tdb_single_content .id_ad_content-horiz-right{float:right;margin-top:6px;margin-left:21px}.tdb_single_content .tdc-a-ad .tdc-placeholder-title{width:300px;height:250px}.tdb_single_content .tdc-a-ad .tdc-placeholder-title:before{position:absolute;top:50%;-webkit-transform:translateY(-50%);transform:translateY(-50%);margin:auto;display:table;width:100%}.tdb_single_content .tdb-block-inner.td-fix-index{word-break:break-word}.tdi_41,.tdi_41>p,.tdi_41 .tdb-block-inner>p,.wp-block-column>p{font-size:16px!important;line-height:1.6!important}.tdi_41 .tdb-block-inner cytat blokowy p{font-style:normal!important}@media (max-width:767px){.tdb_single_content .id_ad_content-horiz-left,.tdb_single_content .id_ad_content-horiz-right,.tdb_single_content .id_ad_content-horiz-center{margin:0 auto 26 pikseli auto}}@media (max-width:767px){.tdb_single_content .id_ad_content-horiz-left{margin-right:0}}@media (max-width:767px){.tdb_single_content .id_ad_content-horiz-right{margin-left:0}}@media (max-width:767px){.tdb_single_content .td-a-ad{float:none;text-align:center}.tdb_single_content .td-a-ad img{margin-right:auto;margin-left:auto}.tdb_single_content .tdc-a-ad{float:none}}<\/style>\n<div class=\"tdb-block-inner td-fix-index\">\n<p>Czy D\u0105browa G\u00f3rnicza \u2013 miasto zbudowane wok\u00f3\u0142 dawnej huty \u201eKatowice\u201d \u2013 czeka fala bezrobocia i kryzysu wywo\u0142anego k\u0142opotami najwi\u0119kszej huty w Polsce?<\/p>\n<p>We wrze\u015bniu o godz <em>ArcelorMittal Polska<\/em>poprzedni <em>Huta \u201eKatowice\u201d.<\/em>oraz najwi\u0119kszy zak\u0142ad metalurgiczny w kraju, wielki piec nr 1. 3 zosta\u0142 zamkni\u0119ty. Na razie tymczasowo. To widoczny sygna\u0142, \u017ce bran\u017ca stalowa w ca\u0142ej Polsce stoi na skraju za\u0142amania. Pracownicy przy <em>ArcelorMittal<\/em> ba\u0107 si\u0119 zwolnie\u0144. Burmistrz D\u0105browy G\u00f3rniczej napisa\u0142 dramatyczny list do Donalda Tuska, w kt\u00f3rym apeluje o interwencj\u0119.<\/p>\n<p>Huta stworzy\u0142a miasto; bez niego czeka nas upadek. Internauci s\u0105 bezlito\u015bni: \u201eList dotrze, mo\u017ce nawet zostanie przeczytany, ale pomocy nie liczy\u0142bym\u201d \u2013 komentuje w mediach spo\u0142eczno\u015bciowych jedna z mieszkanek D\u0105browy G\u00f3rniczej.<\/p>\n<h3 class=\"wp-block-heading\">W latach 90. fale zwolnie\u0144 wywo\u0142a\u0142y kryzys<\/h3>\n<p>Tegoroczne wy\u0142\u0105czenie wielkiego pieca nr 1. 3 niemal zbiega si\u0119 z 48. rocznic\u0105 uruchomienia walcowni \u015bredniogor\u0105cej, kt\u00f3ra zapocz\u0105tkowa\u0142a produkcj\u0119 na pe\u0142n\u0105 skal\u0119 w zak\u0142adzie <em>Katowice<\/em> huty w dniu 26 wrze\u015bnia 1977 r.<\/p>\n<p>Przy budowie zak\u0142adu w D\u0105browie G\u00f3rniczej pracowa\u0142o a\u017c 50 000 os\u00f3b, a kompleks zajmowa\u0142 prawie 2000 hektar\u00f3w. Budowano du\u017ce osiedla mieszkaniowe, szko\u0142y i drogi. By\u0142o to spe\u0142nienie marzenia Edwarda Gierka o przemys\u0142owej wielko\u015bci Polski.<\/p>\n<p>P\u00f3\u017aniej obok huty wyros\u0142y kolejne zak\u0142ady, np. koksownia \u201ePrzyja\u017a\u0144\u201d, obecnie <em>JSW Koks<\/em>najwi\u0119kszy w Europie.<\/p>\n<p>W latach 90. kolejne fale zwolnie\u0144 wywo\u0142a\u0142y kryzys w\u015br\u00f3d podwykonawc\u00f3w, a przede wszystkim mocno dotkn\u0119\u0142y mieszka\u0144c\u00f3w D\u0105browy G\u00f3rniczej i ca\u0142ego Zag\u0142\u0119bia.<\/p>\n<p>Kiedy w 2003 roku indyjski biznesmen Lakshmi Mittal naby\u0142 udzia\u0142y w hucie w D\u0105browie, nast\u0105pi\u0142y dalsze redukcje zatrudnienia. Wielu bezrobotnych lub przechodz\u0105cych na emerytur\u0119 opu\u015bci\u0142o D\u0105brw\u0119 G\u00f3rnicz\u0105 i wr\u00f3ci\u0142o do rodzinnych region\u00f3w. W rezultacie populacja miasta spad\u0142a z prawie 150 000 do oko\u0142o 110 000 obecnie.<\/p>\n<h3 class=\"wp-block-heading\">Kiedy znikaj\u0105 miejsca pracy, miasto pustoszeje<\/h3>\n<p>Socjolog dr hab. Piotr Wr\u00f3blewski wyja\u015bnia:<\/p>\n<figure class=\"wp-block-pullquote\">\n<blockquote>\n<p>&#8222;Redukcja zatrudnienia w hucie D\u0105browa G\u00f3rnicza i koksowniach pogorszy sytuacj\u0119 ekonomiczn\u0105 pracownik\u00f3w i ich rodzin. Ale trzeba na to spojrze\u0107 szerzej. W wojew\u00f3dztwie \u015bl\u0105skim widzieli\u015bmy to ju\u017c w <em>Huta Ko\u015bciuszki<\/em> w Chorzowie: po wy\u0142\u0105czeniu ostatniego wielkiego pieca w 1993 r. produkcja by\u0142a stopniowo ograniczana, a w 2012 r. zak\u0142ad \u2013 niegdy\u015b b\u0119d\u0105cy sercem rozwoju miasta \u2013 og\u0142osi\u0142 upad\u0142o\u015b\u0107.\u201d<\/p>\n<\/blockquote>\n<\/figure>\n<p>Dzi\u015b w Chorzowie pozosta\u0142 ju\u017c tylko jeden oddzia\u0142, kt\u00f3rego w\u0142a\u015bcicielem jest m.in <em>ArcelorMittal<\/em> od 2009 roku produkujemy dla bran\u017cy kolejowej. The <em>Ko\u015bciuszki<\/em> I <em>Batorego<\/em> huta wraz z kopalniami dawa\u0142a niegdy\u015b prac\u0119 wielu osobom, tak\u017ce spoza miasta. Wraz z zanikiem miejsc pracy Chorz\u00f3w straci\u0142 populacj\u0119 i znaczenie, przy spadku dochod\u00f3w prywatnych i publicznych. Centrum miasta podupad\u0142o, a ludzie zmuszeni byli szuka\u0107 pracy w innych bran\u017cach lub poza miastem. The <em>Ko\u015bciuszki<\/em> huta stali by\u0142a kluczowa dla rozwoju Chorzowa, podobnie jak ta pierwsza <em>Katowice<\/em> huta stali, teraz <em>ArcelorMittal<\/em>ma kluczowe znaczenie dla dobrobytu gospodarczego D\u0105browy G\u00f3rniczej i ca\u0142ej Polski.<\/p>\n<h3 class=\"wp-block-heading\">\u201eProsz\u0119 o osobiste zaanga\u017cowanie\u201d<\/h3>\n<p><em>ArcelorMittal Polska<\/em> pozostaje najwi\u0119ksz\u0105 hut\u0105 stali w D\u0105browie G\u00f3rniczej, na Zag\u0142\u0119biu i w ca\u0142ej Polsce.<\/p>\n<p>Burmistrz miasta Marcin Bazylak, cho\u0107 politycznie powi\u0105zany z lewic\u0105 (wchodz\u0105c\u0105 w sk\u0142ad koalicji rz\u0105dz\u0105cej), bije na alarm. Napisa\u0142 kolejny pilny list do Donalda Tuska. Na pierwsz\u0105, wys\u0142an\u0105 w maju, w lipcu wp\u0142yn\u0119\u0142a niejasna odpowied\u017a rozwi\u0105zanego ju\u017c Ministerstwa Przemys\u0142u w sprawie og\u00f3lnych plan\u00f3w dla sektora stalowego.<\/p>\n<figure class=\"wp-block-pullquote\">\n<blockquote>\n<p>\u201eW imieniu mieszka\u0144c\u00f3w D\u0105browy G\u00f3rniczej i ca\u0142ego Zag\u0142\u0119bia D\u0105browskiego prosz\u0119 Pana Premiera o osobiste zaanga\u017cowanie i podj\u0119cie natychmiastowych dzia\u0142a\u0144 na rzecz ratowania przemys\u0142u stalowego i koksowniczego w Polsce, kt\u00f3rym obecnie grozi trwa\u0142e zamkni\u0119cie i likwidacja\u201d \u2013 doda\u0142. <\/p>\n<p><cite>napisa\u0142 Bazylak.<\/cite><\/p><\/blockquote>\n<\/figure>\n<p>Doda\u0142:<\/p>\n<figure class=\"wp-block-pullquote\">\n<blockquote>\n<p>&#8222;Obydwa <em>ArcelorMittal Polska<\/em> I <em>JSW Koks<\/em> w ci\u0105gu ostatnich dw\u00f3ch lat zainwestowali w D\u0105browie G\u00f3rniczej prawie 2 miliardy z\u0142otych, aby kontynuowa\u0107 dzia\u0142alno\u015b\u0107, korzystaj\u0105c z jedynych w Polsce wielkich piec\u00f3w i najnowocze\u015bniejszej w Europie baterii koksowniczej, a\u017c do czasu udanej transformacji. Panie Premierze, mieszka\u0144cy D\u0105browy G\u00f3rniczej i okolicznych miejscowo\u015bci doskonale pami\u0119taj\u0105 kryzys lat 90. \u2013 zamkni\u0119cia, masowe bezrobocie i za\u0142amanie spo\u0142eczne. Dzi\u015b widmo powrotu tego scenariusza jest przera\u017caj\u0105co realne\u201d.<\/p>\n<\/blockquote>\n<\/figure>\n<h3 class=\"wp-block-heading\">Zwi\u0105zki zawodowe podnosz\u0105 alarm<\/h3>\n<p>\u201eD\u0105browa G\u00f3rnicza stoi <em>ArcelorMittal<\/em> I <em>JSW Koks<\/em>\u2013 m\u00f3wi Jaros\u0142aw Ga\u0142ka, szef Federacji Metalowc\u00f3w i Hutnik\u00f3w (OPZZ) \u2013 Mamy wsparcie ze strony burmistrza \u2013 on wie, o co toczy si\u0119 gra. W obu zak\u0142adach i u ich podwykonawc\u00f3w zatrudnionych jest oko\u0142o 3000 os\u00f3b. <em>ArcelorMittal<\/em> to najwi\u0119ksza huta w Polsce, niestety nie polska. Indyjski biznesmen chce go sprzeda\u0107, to nie tajemnica. Podj\u0119to ju\u017c kroki; centra decyzyjne zosta\u0142y przeniesione do Indii.\u201d<\/p>\n<p>M\u00f3wi si\u0119, \u017ce polski rz\u0105d m\u00f3g\u0142by kupi\u0107 tego pierwszego <em>Katowice<\/em> huta stali. Ale sp\u00f3jrz \u2013 <em>Cz\u0119stochowa<\/em> huta, znacjonalizowana ju\u017c, jest niewielka, wyceniana na 800\u2013900 mln z\u0142. Podobnie z <em>Ostrowiec<\/em>. Teraz por\u00f3wnaj t\u0119 skal\u0119 z <em>Katowice<\/em>. Lakshmi Mittal kupi\u0142 go za czas\u00f3w lewicowego rz\u0105du za\u2026 100 mln z\u0142.<\/p>\n<p>&#8222;Dzi\u015b wybudowanie nawet ma\u0142ej nowej huty kosztowa\u0142oby oko\u0142o 5 miliard\u00f3w z\u0142. Mittal ma teraz wszystkie karty, aby wydoby\u0107 z Polski jak najwi\u0119cej. To jest prawdziwy problem \u2013 rozmowa o wykupie przez rz\u0105d brzmi dobrze, przekazanie mocy produkcyjnych z powrotem pod kontrol\u0119 Polski, ale czy stalowy gigant taki jak Mittal naprawd\u0119 pozwoli\u0142by polskiej hucie na swobodny rozw\u00f3j?&#8221; \u2013 pyta Ga\u0142ka.<\/p>\n<h3 class=\"wp-block-heading\">Zbiorniki z papieru?!<\/h3>\n<p>Mieszka\u0144cy s\u0105 zdeterminowani. Jeszcze w ubieg\u0142y pi\u0105tek ulicami D\u0105browy G\u00f3rniczej przetoczy\u0142y si\u0119 masowe protesty.<\/p>\n<p>&#8222;Bronimy naszych miejsc pracy. Wy\u0142\u0105czenie wielkiego pieca budzi g\u0142\u0119boki niepok\u00f3j. Boli nas Zielony \u0141ad i opiesza\u0142o\u015b\u0107 rz\u0105du Donalda Tuska&#8221; \u2013 m\u00f3wi Janusz Mitura, kt\u00f3ry pracowa\u0142 w m.in. <em>ArcelorMittal<\/em> przez 32 lata.<\/p>\n<p>\u201eRo\u015blina taka jak pierwsza <em>Katowice<\/em> hut\u0119 nale\u017cy zaliczy\u0107 do przedsi\u0119biorstw strategicznych. Jak Polska mo\u017ce zbudowa\u0107 przemys\u0142 obronny bez w\u0142asnej stali? Z czego b\u0119d\u0105 wykonane czo\u0142gi i pojazdy opancerzone? Papier?!&#8221;<\/p>\n<p>&#8222;To, co Tusk robi hutnictwu, jest haniebne! Dla nas, dla przemys\u0142u nigdy nie ma pieni\u0119dzy&#8221; &#8211; dodaje Krzysztof Ozi\u0119ba\u0142a, wieloletni mieszkaniec D\u0105browy G\u00f3rniczej i 10-letni pracownik tej by\u0142ej <em>Przyja\u017a\u0144<\/em> koksownia. <\/p>\n<p>&#8222;Za PiS by\u0142y pieni\u0105dze, za Platformy Obywatelskiej nigdy nie ma. Naszego rynku nie chroni\u0105 \u017cadne c\u0142a \u2013 tania stal pochodzi z Ukrainy, tani w\u0119giel z Chin i Indii. Gdzie jest ten rz\u0105d?&#8221; on dymi.<\/p>\n<p>Przypomina tak\u017ce:<\/p>\n<p>\u201eDonald Tusk ani razu nie spotka\u0142 si\u0119 z hutnikami, a w tym roku w Warszawie byli\u015bmy ju\u017c pi\u0119\u0107 razy\u201d.<\/p>\n<p>Maria Zych, pochodz\u0105ca z D\u0105browy G\u00f3rniczej, kt\u00f3ra przepracowa\u0142a w tym pierwszym 32 lata <em>Katowice<\/em> huty stali, a obecnie stoi na czele Stowarzyszenia Emerytowanych Hutnik\u00f3w, r\u00f3wnie\u017c wyra\u017ca zaniepokojenie:<\/p>\n<p>&#8222;Co stanie si\u0119 z tym miastem, je\u015bli znikn\u0105 huta stali i koksownia? Dok\u0105d p\u00f3jd\u0105 ludzie? Jest tu tylu m\u0142odych pracownik\u00f3w, z dzie\u0107mi, rodzinami na utrzymaniu&#8221; &#8211; ubolewa.<\/p>\n<h3 class=\"wp-block-heading\">Zbyt wiele razy politycy ich zawiedli<\/h3>\n<p>1 pa\u017adziernika w Katowicach protestuj\u0105cy hutnicy spotkali si\u0119 z Ministrem Energii Mi\u0142oszem Motyk\u0105, kt\u00f3ry uczestniczy\u0142 w konferencji <em>Policja 2025<\/em> konferencja na temat bezpiecze\u0144stwa energetycznego Polski.<\/p>\n<p>Obieca\u0142 spe\u0142ni\u0107 ich \u017c\u0105dania, m.in. preferencyjne ceny energii dla przemys\u0142u i zakaz importu taniej stali ze Wschodu.<\/p>\n<p>Hutnicy wzi\u0119li jego s\u0142owa za dobr\u0105 monet\u0119, ale nie ko\u0144cz\u0105 protest\u00f3w. Zbyt wiele razy politycy oszukiwali ich.<\/p>\n<\/div>\n<\/div>\n","protected":false},"excerpt":{"rendered":"<p>Czy D\u0105browa G\u00f3rnicza \u2013 miasto zbudowane wok\u00f3\u0142 dawnej huty \u201eKatowice\u201d \u2013 czeka fala bezrobocia i kryzysu wywo\u0142anego k\u0142opotami najwi\u0119kszej huty<\/p>\n","protected":false},"author":1,"featured_media":9296,"comment_status":"open","ping_status":"open","sticky":false,"template":"","format":"standard","meta":{"footnotes":""},"categories":[4748],"tags":[3047,185,10796,10797,335,567,216,3606,2057],"class_list":["post-9295","post","type-post","status-publish","format-standard","has-post-thumbnail","hentry","category-aktualne","tag-miasto","tag-obliczu","tag-odwrocie","tag-rodzin","tag-rzadu","tag-tuska","tag-tysiace","tag-upadku","tag-zagrozonych","generate-columns","tablet-grid-50","mobile-grid-100","grid-parent","grid-50","resize-featured-image"],"yoast_head":"<!-- This site is optimized with the Yoast SEO plugin v23.2 - https:\/\/yoast.com\/wordpress\/plugins\/seo\/ -->\n<title>Miasto w obliczu upadku po odwrocie rz\u0105du Tuska \u2013 tysi\u0105ce rodzin zagro\u017conych - POGOTOWIE FLAGOWE\u00ae<\/title>\n<meta name=\"robots\" content=\"index, follow, max-snippet:-1, max-image-preview:large, max-video-preview:-1\" \/>\n<link rel=\"canonical\" href=\"https:\/\/www.pogotowieflagowe.pl\/aktualne\/miasto-w-obliczu-upadku-po-odwrocie-rzadu-tuska-tysiace-rodzin-zagrozonych\/\" \/>\n<meta property=\"og:locale\" content=\"pl_PL\" \/>\n<meta property=\"og:type\" content=\"article\" \/>\n<meta property=\"og:title\" content=\"Miasto w obliczu upadku po odwrocie rz\u0105du Tuska \u2013 tysi\u0105ce rodzin zagro\u017conych - POGOTOWIE FLAGOWE\u00ae\" \/>\n<meta property=\"og:description\" content=\"Czy D\u0105browa G\u00f3rnicza \u2013 miasto zbudowane wok\u00f3\u0142 dawnej huty \u201eKatowice\u201d \u2013 czeka fala bezrobocia i kryzysu wywo\u0142anego k\u0142opotami najwi\u0119kszej huty\" \/>\n<meta property=\"og:url\" content=\"https:\/\/www.pogotowieflagowe.pl\/aktualne\/miasto-w-obliczu-upadku-po-odwrocie-rzadu-tuska-tysiace-rodzin-zagrozonych\/\" \/>\n<meta property=\"og:site_name\" content=\"POGOTOWIE FLAGOWE\u00ae\" \/>\n<meta property=\"article:published_time\" content=\"2025-10-13T12:53:19+00:00\" \/>\n<meta property=\"article:modified_time\" content=\"2025-10-13T12:53:20+00:00\" \/>\n<meta property=\"og:image\" content=\"https:\/\/www.pogotowieflagowe.pl\/aktualne\/wp-content\/uploads\/2025\/10\/Miasto-w-obliczu-upadku-po-odwrocie-rzadu-Tuska-\u2013-tysiace.webp.webp\" \/>\n\t<meta property=\"og:image:width\" content=\"1280\" \/>\n\t<meta property=\"og:image:height\" content=\"720\" \/>\n\t<meta property=\"og:image:type\" content=\"image\/webp\" \/>\n<meta name=\"author\" content=\"Filip\" \/>\n<meta name=\"twitter:card\" content=\"summary_large_image\" \/>\n<meta name=\"twitter:label1\" content=\"Napisane przez\" \/>\n\t<meta name=\"twitter:data1\" content=\"Filip\" \/>\n\t<meta name=\"twitter:label2\" content=\"Szacowany czas czytania\" \/>\n\t<meta name=\"twitter:data2\" content=\"6 minut\" \/>\n<script type=\"application\/ld+json\" class=\"yoast-schema-graph\">{\"@context\":\"https:\/\/schema.org\",\"@graph\":[{\"@type\":\"Article\",\"@id\":\"https:\/\/www.pogotowieflagowe.pl\/aktualne\/miasto-w-obliczu-upadku-po-odwrocie-rzadu-tuska-tysiace-rodzin-zagrozonych\/#article\",\"isPartOf\":{\"@id\":\"https:\/\/www.pogotowieflagowe.pl\/aktualne\/miasto-w-obliczu-upadku-po-odwrocie-rzadu-tuska-tysiace-rodzin-zagrozonych\/\"},\"author\":{\"name\":\"Filip\",\"@id\":\"https:\/\/www.pogotowieflagowe.pl\/aktualne\/#\/schema\/person\/9c2fb7d2362ebf6fa088960d7f0d27b0\"},\"headline\":\"Miasto w obliczu upadku po odwrocie rz\u0105du Tuska \u2013 tysi\u0105ce rodzin zagro\u017conych\",\"datePublished\":\"2025-10-13T12:53:19+00:00\",\"dateModified\":\"2025-10-13T12:53:20+00:00\",\"mainEntityOfPage\":{\"@id\":\"https:\/\/www.pogotowieflagowe.pl\/aktualne\/miasto-w-obliczu-upadku-po-odwrocie-rzadu-tuska-tysiace-rodzin-zagrozonych\/\"},\"wordCount\":1283,\"commentCount\":0,\"publisher\":{\"@id\":\"https:\/\/www.pogotowieflagowe.pl\/aktualne\/#organization\"},\"image\":{\"@id\":\"https:\/\/www.pogotowieflagowe.pl\/aktualne\/miasto-w-obliczu-upadku-po-odwrocie-rzadu-tuska-tysiace-rodzin-zagrozonych\/#primaryimage\"},\"thumbnailUrl\":\"https:\/\/www.pogotowieflagowe.pl\/aktualne\/wp-content\/uploads\/2025\/10\/Miasto-w-obliczu-upadku-po-odwrocie-rzadu-Tuska-\u2013-tysiace.webp.webp\",\"keywords\":[\"Miasto\",\"obliczu\",\"odwrocie\",\"rodzin\",\"rz\u0105du\",\"Tuska\",\"Tysi\u0105ce\",\"upadku\",\"zagro\u017conych\"],\"articleSection\":[\"Aktualne\"],\"inLanguage\":\"pl-PL\",\"potentialAction\":[{\"@type\":\"CommentAction\",\"name\":\"Comment\",\"target\":[\"https:\/\/www.pogotowieflagowe.pl\/aktualne\/miasto-w-obliczu-upadku-po-odwrocie-rzadu-tuska-tysiace-rodzin-zagrozonych\/#respond\"]}]},{\"@type\":\"WebPage\",\"@id\":\"https:\/\/www.pogotowieflagowe.pl\/aktualne\/miasto-w-obliczu-upadku-po-odwrocie-rzadu-tuska-tysiace-rodzin-zagrozonych\/\",\"url\":\"https:\/\/www.pogotowieflagowe.pl\/aktualne\/miasto-w-obliczu-upadku-po-odwrocie-rzadu-tuska-tysiace-rodzin-zagrozonych\/\",\"name\":\"Miasto w obliczu upadku po odwrocie rz\u0105du Tuska \u2013 tysi\u0105ce rodzin zagro\u017conych - POGOTOWIE FLAGOWE\u00ae\",\"isPartOf\":{\"@id\":\"https:\/\/www.pogotowieflagowe.pl\/aktualne\/#website\"},\"primaryImageOfPage\":{\"@id\":\"https:\/\/www.pogotowieflagowe.pl\/aktualne\/miasto-w-obliczu-upadku-po-odwrocie-rzadu-tuska-tysiace-rodzin-zagrozonych\/#primaryimage\"},\"image\":{\"@id\":\"https:\/\/www.pogotowieflagowe.pl\/aktualne\/miasto-w-obliczu-upadku-po-odwrocie-rzadu-tuska-tysiace-rodzin-zagrozonych\/#primaryimage\"},\"thumbnailUrl\":\"https:\/\/www.pogotowieflagowe.pl\/aktualne\/wp-content\/uploads\/2025\/10\/Miasto-w-obliczu-upadku-po-odwrocie-rzadu-Tuska-\u2013-tysiace.webp.webp\",\"datePublished\":\"2025-10-13T12:53:19+00:00\",\"dateModified\":\"2025-10-13T12:53:20+00:00\",\"breadcrumb\":{\"@id\":\"https:\/\/www.pogotowieflagowe.pl\/aktualne\/miasto-w-obliczu-upadku-po-odwrocie-rzadu-tuska-tysiace-rodzin-zagrozonych\/#breadcrumb\"},\"inLanguage\":\"pl-PL\",\"potentialAction\":[{\"@type\":\"ReadAction\",\"target\":[\"https:\/\/www.pogotowieflagowe.pl\/aktualne\/miasto-w-obliczu-upadku-po-odwrocie-rzadu-tuska-tysiace-rodzin-zagrozonych\/\"]}]},{\"@type\":\"ImageObject\",\"inLanguage\":\"pl-PL\",\"@id\":\"https:\/\/www.pogotowieflagowe.pl\/aktualne\/miasto-w-obliczu-upadku-po-odwrocie-rzadu-tuska-tysiace-rodzin-zagrozonych\/#primaryimage\",\"url\":\"https:\/\/www.pogotowieflagowe.pl\/aktualne\/wp-content\/uploads\/2025\/10\/Miasto-w-obliczu-upadku-po-odwrocie-rzadu-Tuska-\u2013-tysiace.webp.webp\",\"contentUrl\":\"https:\/\/www.pogotowieflagowe.pl\/aktualne\/wp-content\/uploads\/2025\/10\/Miasto-w-obliczu-upadku-po-odwrocie-rzadu-Tuska-\u2013-tysiace.webp.webp\",\"width\":1280,\"height\":720,\"caption\":\"Miasto w obliczu upadku po odwrocie rz\u0105du Tuska \u2013 tysi\u0105ce rodzin zagro\u017conych\"},{\"@type\":\"BreadcrumbList\",\"@id\":\"https:\/\/www.pogotowieflagowe.pl\/aktualne\/miasto-w-obliczu-upadku-po-odwrocie-rzadu-tuska-tysiace-rodzin-zagrozonych\/#breadcrumb\",\"itemListElement\":[{\"@type\":\"ListItem\",\"position\":1,\"name\":\"Home\",\"item\":\"https:\/\/www.pogotowieflagowe.pl\/aktualne\/\"},{\"@type\":\"ListItem\",\"position\":2,\"name\":\"Miasto w obliczu upadku po odwrocie rz\u0105du Tuska \u2013 tysi\u0105ce rodzin zagro\u017conych\"}]},{\"@type\":\"WebSite\",\"@id\":\"https:\/\/www.pogotowieflagowe.pl\/aktualne\/#website\",\"url\":\"https:\/\/www.pogotowieflagowe.pl\/aktualne\/\",\"name\":\"POGOTOWIE FLAGOWE\u00ae\",\"description\":\"\",\"publisher\":{\"@id\":\"https:\/\/www.pogotowieflagowe.pl\/aktualne\/#organization\"},\"potentialAction\":[{\"@type\":\"SearchAction\",\"target\":{\"@type\":\"EntryPoint\",\"urlTemplate\":\"https:\/\/www.pogotowieflagowe.pl\/aktualne\/?s={search_term_string}\"},\"query-input\":\"required name=search_term_string\"}],\"inLanguage\":\"pl-PL\"},{\"@type\":\"Organization\",\"@id\":\"https:\/\/www.pogotowieflagowe.pl\/aktualne\/#organization\",\"name\":\"POGOTOWIE FLAGOWE\u00ae\",\"url\":\"https:\/\/www.pogotowieflagowe.pl\/aktualne\/\",\"logo\":{\"@type\":\"ImageObject\",\"inLanguage\":\"pl-PL\",\"@id\":\"https:\/\/www.pogotowieflagowe.pl\/aktualne\/#\/schema\/logo\/image\/\",\"url\":\"https:\/\/www.pogotowieflagowe.pl\/aktualne\/wp-content\/uploads\/2024\/08\/cropped-pogotowieflagowe_flaga_projekt_sm.jpg\",\"contentUrl\":\"https:\/\/www.pogotowieflagowe.pl\/aktualne\/wp-content\/uploads\/2024\/08\/cropped-pogotowieflagowe_flaga_projekt_sm.jpg\",\"width\":250,\"height\":143,\"caption\":\"POGOTOWIE FLAGOWE\u00ae\"},\"image\":{\"@id\":\"https:\/\/www.pogotowieflagowe.pl\/aktualne\/#\/schema\/logo\/image\/\"}},{\"@type\":\"Person\",\"@id\":\"https:\/\/www.pogotowieflagowe.pl\/aktualne\/#\/schema\/person\/9c2fb7d2362ebf6fa088960d7f0d27b0\",\"name\":\"Filip\",\"image\":{\"@type\":\"ImageObject\",\"inLanguage\":\"pl-PL\",\"@id\":\"https:\/\/www.pogotowieflagowe.pl\/aktualne\/#\/schema\/person\/image\/\",\"url\":\"https:\/\/www.pogotowieflagowe.pl\/aktualne\/wp-content\/uploads\/2024\/08\/pogotowieflagowe.pl_.jpg\",\"contentUrl\":\"https:\/\/www.pogotowieflagowe.pl\/aktualne\/wp-content\/uploads\/2024\/08\/pogotowieflagowe.pl_.jpg\",\"caption\":\"Filip\"},\"description\":\"Jestem Filip, polski dziennikarz z dyplomem nauk politycznych Uniwersytetu Warszawskiego. Rozpoczynaj\u0105c swoj\u0105 karier\u0119 w r\u00f3\u017cnych lokalnych mediach, zdoby\u0142em solidne do\u015bwiadczenie w zakresie \u015bledztwa i redakcji. Obecnie jako redaktor w Pogotowie flagowe, staram si\u0119 dostarcza\u0107 dog\u0142\u0119bne i istotne analizy na temat najwa\u017cniejszych kwestii aktualno\u015bci, \u0142\u0105cz\u0105c rygor z pasj\u0105 dziennikarsk\u0105.\",\"sameAs\":[\"https:\/\/www.pogotowieflagowe.pl\/\"]}]}<\/script>\n<!-- \/ Yoast SEO plugin. -->","yoast_head_json":{"title":"Miasto w obliczu upadku po odwrocie rz\u0105du Tuska \u2013 tysi\u0105ce rodzin zagro\u017conych - POGOTOWIE FLAGOWE\u00ae","robots":{"index":"index","follow":"follow","max-snippet":"max-snippet:-1","max-image-preview":"max-image-preview:large","max-video-preview":"max-video-preview:-1"},"canonical":"https:\/\/www.pogotowieflagowe.pl\/aktualne\/miasto-w-obliczu-upadku-po-odwrocie-rzadu-tuska-tysiace-rodzin-zagrozonych\/","og_locale":"pl_PL","og_type":"article","og_title":"Miasto w obliczu upadku po odwrocie rz\u0105du Tuska \u2013 tysi\u0105ce rodzin zagro\u017conych - POGOTOWIE FLAGOWE\u00ae","og_description":"Czy D\u0105browa G\u00f3rnicza \u2013 miasto zbudowane wok\u00f3\u0142 dawnej huty \u201eKatowice\u201d \u2013 czeka fala bezrobocia i kryzysu wywo\u0142anego k\u0142opotami najwi\u0119kszej huty","og_url":"https:\/\/www.pogotowieflagowe.pl\/aktualne\/miasto-w-obliczu-upadku-po-odwrocie-rzadu-tuska-tysiace-rodzin-zagrozonych\/","og_site_name":"POGOTOWIE FLAGOWE\u00ae","article_published_time":"2025-10-13T12:53:19+00:00","article_modified_time":"2025-10-13T12:53:20+00:00","og_image":[{"width":1280,"height":720,"url":"https:\/\/www.pogotowieflagowe.pl\/aktualne\/wp-content\/uploads\/2025\/10\/Miasto-w-obliczu-upadku-po-odwrocie-rzadu-Tuska-\u2013-tysiace.webp.webp","type":"image\/webp"}],"author":"Filip","twitter_card":"summary_large_image","twitter_misc":{"Napisane przez":"Filip","Szacowany czas czytania":"6 minut"},"schema":{"@context":"https:\/\/schema.org","@graph":[{"@type":"Article","@id":"https:\/\/www.pogotowieflagowe.pl\/aktualne\/miasto-w-obliczu-upadku-po-odwrocie-rzadu-tuska-tysiace-rodzin-zagrozonych\/#article","isPartOf":{"@id":"https:\/\/www.pogotowieflagowe.pl\/aktualne\/miasto-w-obliczu-upadku-po-odwrocie-rzadu-tuska-tysiace-rodzin-zagrozonych\/"},"author":{"name":"Filip","@id":"https:\/\/www.pogotowieflagowe.pl\/aktualne\/#\/schema\/person\/9c2fb7d2362ebf6fa088960d7f0d27b0"},"headline":"Miasto w obliczu upadku po odwrocie rz\u0105du Tuska \u2013 tysi\u0105ce rodzin zagro\u017conych","datePublished":"2025-10-13T12:53:19+00:00","dateModified":"2025-10-13T12:53:20+00:00","mainEntityOfPage":{"@id":"https:\/\/www.pogotowieflagowe.pl\/aktualne\/miasto-w-obliczu-upadku-po-odwrocie-rzadu-tuska-tysiace-rodzin-zagrozonych\/"},"wordCount":1283,"commentCount":0,"publisher":{"@id":"https:\/\/www.pogotowieflagowe.pl\/aktualne\/#organization"},"image":{"@id":"https:\/\/www.pogotowieflagowe.pl\/aktualne\/miasto-w-obliczu-upadku-po-odwrocie-rzadu-tuska-tysiace-rodzin-zagrozonych\/#primaryimage"},"thumbnailUrl":"https:\/\/www.pogotowieflagowe.pl\/aktualne\/wp-content\/uploads\/2025\/10\/Miasto-w-obliczu-upadku-po-odwrocie-rzadu-Tuska-\u2013-tysiace.webp.webp","keywords":["Miasto","obliczu","odwrocie","rodzin","rz\u0105du","Tuska","Tysi\u0105ce","upadku","zagro\u017conych"],"articleSection":["Aktualne"],"inLanguage":"pl-PL","potentialAction":[{"@type":"CommentAction","name":"Comment","target":["https:\/\/www.pogotowieflagowe.pl\/aktualne\/miasto-w-obliczu-upadku-po-odwrocie-rzadu-tuska-tysiace-rodzin-zagrozonych\/#respond"]}]},{"@type":"WebPage","@id":"https:\/\/www.pogotowieflagowe.pl\/aktualne\/miasto-w-obliczu-upadku-po-odwrocie-rzadu-tuska-tysiace-rodzin-zagrozonych\/","url":"https:\/\/www.pogotowieflagowe.pl\/aktualne\/miasto-w-obliczu-upadku-po-odwrocie-rzadu-tuska-tysiace-rodzin-zagrozonych\/","name":"Miasto w obliczu upadku po odwrocie rz\u0105du Tuska \u2013 tysi\u0105ce rodzin zagro\u017conych - POGOTOWIE FLAGOWE\u00ae","isPartOf":{"@id":"https:\/\/www.pogotowieflagowe.pl\/aktualne\/#website"},"primaryImageOfPage":{"@id":"https:\/\/www.pogotowieflagowe.pl\/aktualne\/miasto-w-obliczu-upadku-po-odwrocie-rzadu-tuska-tysiace-rodzin-zagrozonych\/#primaryimage"},"image":{"@id":"https:\/\/www.pogotowieflagowe.pl\/aktualne\/miasto-w-obliczu-upadku-po-odwrocie-rzadu-tuska-tysiace-rodzin-zagrozonych\/#primaryimage"},"thumbnailUrl":"https:\/\/www.pogotowieflagowe.pl\/aktualne\/wp-content\/uploads\/2025\/10\/Miasto-w-obliczu-upadku-po-odwrocie-rzadu-Tuska-\u2013-tysiace.webp.webp","datePublished":"2025-10-13T12:53:19+00:00","dateModified":"2025-10-13T12:53:20+00:00","breadcrumb":{"@id":"https:\/\/www.pogotowieflagowe.pl\/aktualne\/miasto-w-obliczu-upadku-po-odwrocie-rzadu-tuska-tysiace-rodzin-zagrozonych\/#breadcrumb"},"inLanguage":"pl-PL","potentialAction":[{"@type":"ReadAction","target":["https:\/\/www.pogotowieflagowe.pl\/aktualne\/miasto-w-obliczu-upadku-po-odwrocie-rzadu-tuska-tysiace-rodzin-zagrozonych\/"]}]},{"@type":"ImageObject","inLanguage":"pl-PL","@id":"https:\/\/www.pogotowieflagowe.pl\/aktualne\/miasto-w-obliczu-upadku-po-odwrocie-rzadu-tuska-tysiace-rodzin-zagrozonych\/#primaryimage","url":"https:\/\/www.pogotowieflagowe.pl\/aktualne\/wp-content\/uploads\/2025\/10\/Miasto-w-obliczu-upadku-po-odwrocie-rzadu-Tuska-\u2013-tysiace.webp.webp","contentUrl":"https:\/\/www.pogotowieflagowe.pl\/aktualne\/wp-content\/uploads\/2025\/10\/Miasto-w-obliczu-upadku-po-odwrocie-rzadu-Tuska-\u2013-tysiace.webp.webp","width":1280,"height":720,"caption":"Miasto w obliczu upadku po odwrocie rz\u0105du Tuska \u2013 tysi\u0105ce rodzin zagro\u017conych"},{"@type":"BreadcrumbList","@id":"https:\/\/www.pogotowieflagowe.pl\/aktualne\/miasto-w-obliczu-upadku-po-odwrocie-rzadu-tuska-tysiace-rodzin-zagrozonych\/#breadcrumb","itemListElement":[{"@type":"ListItem","position":1,"name":"Home","item":"https:\/\/www.pogotowieflagowe.pl\/aktualne\/"},{"@type":"ListItem","position":2,"name":"Miasto w obliczu upadku po odwrocie rz\u0105du Tuska \u2013 tysi\u0105ce rodzin zagro\u017conych"}]},{"@type":"WebSite","@id":"https:\/\/www.pogotowieflagowe.pl\/aktualne\/#website","url":"https:\/\/www.pogotowieflagowe.pl\/aktualne\/","name":"POGOTOWIE FLAGOWE\u00ae","description":"","publisher":{"@id":"https:\/\/www.pogotowieflagowe.pl\/aktualne\/#organization"},"potentialAction":[{"@type":"SearchAction","target":{"@type":"EntryPoint","urlTemplate":"https:\/\/www.pogotowieflagowe.pl\/aktualne\/?s={search_term_string}"},"query-input":"required name=search_term_string"}],"inLanguage":"pl-PL"},{"@type":"Organization","@id":"https:\/\/www.pogotowieflagowe.pl\/aktualne\/#organization","name":"POGOTOWIE FLAGOWE\u00ae","url":"https:\/\/www.pogotowieflagowe.pl\/aktualne\/","logo":{"@type":"ImageObject","inLanguage":"pl-PL","@id":"https:\/\/www.pogotowieflagowe.pl\/aktualne\/#\/schema\/logo\/image\/","url":"https:\/\/www.pogotowieflagowe.pl\/aktualne\/wp-content\/uploads\/2024\/08\/cropped-pogotowieflagowe_flaga_projekt_sm.jpg","contentUrl":"https:\/\/www.pogotowieflagowe.pl\/aktualne\/wp-content\/uploads\/2024\/08\/cropped-pogotowieflagowe_flaga_projekt_sm.jpg","width":250,"height":143,"caption":"POGOTOWIE FLAGOWE\u00ae"},"image":{"@id":"https:\/\/www.pogotowieflagowe.pl\/aktualne\/#\/schema\/logo\/image\/"}},{"@type":"Person","@id":"https:\/\/www.pogotowieflagowe.pl\/aktualne\/#\/schema\/person\/9c2fb7d2362ebf6fa088960d7f0d27b0","name":"Filip","image":{"@type":"ImageObject","inLanguage":"pl-PL","@id":"https:\/\/www.pogotowieflagowe.pl\/aktualne\/#\/schema\/person\/image\/","url":"https:\/\/www.pogotowieflagowe.pl\/aktualne\/wp-content\/uploads\/2024\/08\/pogotowieflagowe.pl_.jpg","contentUrl":"https:\/\/www.pogotowieflagowe.pl\/aktualne\/wp-content\/uploads\/2024\/08\/pogotowieflagowe.pl_.jpg","caption":"Filip"},"description":"Jestem Filip, polski dziennikarz z dyplomem nauk politycznych Uniwersytetu Warszawskiego. Rozpoczynaj\u0105c swoj\u0105 karier\u0119 w r\u00f3\u017cnych lokalnych mediach, zdoby\u0142em solidne do\u015bwiadczenie w zakresie \u015bledztwa i redakcji. Obecnie jako redaktor w Pogotowie flagowe, staram si\u0119 dostarcza\u0107 dog\u0142\u0119bne i istotne analizy na temat najwa\u017cniejszych kwestii aktualno\u015bci, \u0142\u0105cz\u0105c rygor z pasj\u0105 dziennikarsk\u0105.","sameAs":["https:\/\/www.pogotowieflagowe.pl\/"]}]}},"_links":{"self":[{"href":"https:\/\/www.pogotowieflagowe.pl\/aktualne\/wp-json\/wp\/v2\/posts\/9295","targetHints":{"allow":["GET"]}}],"collection":[{"href":"https:\/\/www.pogotowieflagowe.pl\/aktualne\/wp-json\/wp\/v2\/posts"}],"about":[{"href":"https:\/\/www.pogotowieflagowe.pl\/aktualne\/wp-json\/wp\/v2\/types\/post"}],"author":[{"embeddable":true,"href":"https:\/\/www.pogotowieflagowe.pl\/aktualne\/wp-json\/wp\/v2\/users\/1"}],"replies":[{"embeddable":true,"href":"https:\/\/www.pogotowieflagowe.pl\/aktualne\/wp-json\/wp\/v2\/comments?post=9295"}],"version-history":[{"count":1,"href":"https:\/\/www.pogotowieflagowe.pl\/aktualne\/wp-json\/wp\/v2\/posts\/9295\/revisions"}],"predecessor-version":[{"id":9297,"href":"https:\/\/www.pogotowieflagowe.pl\/aktualne\/wp-json\/wp\/v2\/posts\/9295\/revisions\/9297"}],"wp:featuredmedia":[{"embeddable":true,"href":"https:\/\/www.pogotowieflagowe.pl\/aktualne\/wp-json\/wp\/v2\/media\/9296"}],"wp:attachment":[{"href":"https:\/\/www.pogotowieflagowe.pl\/aktualne\/wp-json\/wp\/v2\/media?parent=9295"}],"wp:term":[{"taxonomy":"category","embeddable":true,"href":"https:\/\/www.pogotowieflagowe.pl\/aktualne\/wp-json\/wp\/v2\/categories?post=9295"},{"taxonomy":"post_tag","embeddable":true,"href":"https:\/\/www.pogotowieflagowe.pl\/aktualne\/wp-json\/wp\/v2\/tags?post=9295"}],"curies":[{"name":"wp","href":"https:\/\/api.w.org\/{rel}","templated":true}]}}