{"id":9301,"date":"2025-10-13T15:55:10","date_gmt":"2025-10-13T13:55:10","guid":{"rendered":"https:\/\/www.pogotowieflagowe.pl\/aktualne\/przemyslaw-czarnek-reaguje-na-wypowiedz-kaczynskiego-moze-kiedys-zostane-premierem\/"},"modified":"2025-10-13T15:55:11","modified_gmt":"2025-10-13T13:55:11","slug":"przemyslaw-czarnek-reaguje-na-wypowiedz-kaczynskiego-moze-kiedys-zostane-premierem","status":"publish","type":"post","link":"https:\/\/www.pogotowieflagowe.pl\/aktualne\/przemyslaw-czarnek-reaguje-na-wypowiedz-kaczynskiego-moze-kiedys-zostane-premierem\/","title":{"rendered":"Przemys\u0142aw Czarnek reaguje na wypowied\u017a Kaczy\u0144skiego: \u201eMo\u017ce kiedy\u015b zostan\u0119 premierem\u201d"},"content":{"rendered":"\n<div class=\"td_block_wrap tdb_single_content tdi_41 td-pb-border-top td_block_template_8 td-post-content tagdiv-type\" data-td-block-uid=\"tdi_41\">\n<style>.tdi_41{margines-top:0px!important;margin-bottom:0px!important;dope\u0142nienie-g\u00f3ra:0px!important;dope\u0142nienie-d\u00f3\u0142:0px!important}<\/style>\n<style>.tdb_single_content{margin-bottom:0;*zoom:1}.tdb_single_content:before,.tdb_single_content:after{display:table;content:'';line-height:0}.tdb_single_content:after{clear:both}.tdb_single_content .tdb-block-inner>*:not(.wp-block-quote):not(.alignwide):not(.alignfull.wp-block-cover.has-parallax):not(.td-a-ad){margin-left:auto;margin-right:auto}.tdb_single_content a{pointer-events:auto}.tdb_single_content .td-spot-id-top_ad .tdc-placeholder-title:before{content:'Article Top Ad'!important}.tdb_single_content .td-spot-id-inline_ad0 .tdc-placeholder-title:before{content:'Article Reklama wbudowana 1'!important}.tdb_single_content .td-spot-id-inline_ad1 .tdc-placeholder-title:before{content:'Reklama wbudowana w artyku\u0142 2'!important}.tdb_single_content .td-spot-id-inline_ad2 .tdc-placeholder-title:before{content:'Reklama w tek\u015bcie artyku\u0142u 3'!important}.tdb_single_content .td-spot-id-bottom_ad .tdc-placeholder-title:before{content:'Article Bottom Ad'!important}.tdb_single_content .id_top_ad,.tdb_single_content .id_bottom_ad{clear:both;margin-bottom:21px;text-align:center}.tdb_single_content .id_top_ad img,.tdb_single_content .id_bottom_ad img{margin-bottom:0}.tdb_single_content .id_top_ad .adsbygoogle,.tdb_single_content .id_bottom_ad .adsbygoogle{position:relative}.tdb_single_content .id_ad_content-horiz-left,.tdb_single_content .id_ad_content-horiz-right,.tdb_single_content .id_ad_content-horiz-center{margin-bottom:15px}.tdb_single_content .id_ad_content-horiz-left img,.tdb_single_content .id_ad_content-horiz-right img,.tdb_single_content .id_ad_content-horiz-center img{margin-bottom:0}.tdb_single_content .id_ad_content-horiz-center{text-align:center}.tdb_single_content .id_ad_content-horiz-center img{margin-right:auto;margin-left:auto}.tdb_single_content .id_ad_content-horiz-left{float:left;margin-top:9px;margin-right:21px}.tdb_single_content .id_ad_content-horiz-right{float:right;margin-top:6px;margin-left:21px}.tdb_single_content .tdc-a-ad .tdc-placeholder-title{width:300px;height:250px}.tdb_single_content .tdc-a-ad .tdc-placeholder-title:before{position:absolute;top:50%;-webkit-transform:translateY(-50%);transform:translateY(-50%);margin:auto;display:table;width:100%}.tdb_single_content .tdb-block-inner.td-fix-index{word-break:break-word}.tdi_41,.tdi_41>p,.tdi_41 .tdb-block-inner>p,.wp-block-column>p{font-size:16px!important;line-height:1.6!important}.tdi_41 .tdb-block-inner cytat blokowy p{font-style:normal!important}@media (max-width:767px){.tdb_single_content .id_ad_content-horiz-left,.tdb_single_content .id_ad_content-horiz-right,.tdb_single_content .id_ad_content-horiz-center{margin:0 auto 26 pikseli auto}}@media (max-width:767px){.tdb_single_content .id_ad_content-horiz-left{margin-right:0}}@media (max-width:767px){.tdb_single_content .id_ad_content-horiz-right{margin-left:0}}@media (max-width:767px){.tdb_single_content .td-a-ad{float:none;text-align:center}.tdb_single_content .td-a-ad img{margin-right:auto;margin-left:auto}.tdb_single_content .tdc-a-ad{float:none}}<\/style>\n<div class=\"tdb-block-inner td-fix-index\">\n<p>Przemys\u0142aw Czarnek skomentowa\u0142 s\u0142owa <em>Prawo i Sprawiedliwo\u015b\u0107<\/em> Prezes (PiS) Jaros\u0142aw Kaczy\u0144ski, kt\u00f3ry podczas wiecu w Warszawie powiedzia\u0142, \u017ce \u201eprawdopodobnie\u201d zostanie premierem. <strong>\u201ePanie Przewodnicz\u0105cym, zlitowa\u0142 si\u0119 nade mn\u0105\u201d <\/strong>powiedzia\u0142 <em>Prawo i Sprawiedliwo\u015b\u0107<\/em> Pose\u0142 z u\u015bmiechem w wywiadzie z <em>Telewizja Republika<\/em>.<\/p>\n<p>W sobot\u0119 wiec przeciwko nielegalnej migracji i tzw <em>Mercosuru<\/em> odby\u0142o si\u0119 w Warszawie zorganizowane przez <em>Prawo i Sprawiedliwo\u015b\u0107<\/em> ruch. Jednym z prelegent\u00f3w by\u0142 Jaros\u0142aw Kaczy\u0144ski.<\/p>\n<figure class=\"wp-block-pullquote\">\n<blockquote>\n<p><strong>&#8222;Ja to tylko og\u0142aszam. Za mn\u0105 stoj\u0105 dwaj premierzy &#8211; premier (Beata) Szyd\u0142o i premier (Mateusz) Morawiecki. Za mn\u0105 stoi te\u017c inny premier, bo by\u0142 wicepremierem i kurtuazja nakazuje, \u017ceby w takim wypadku m\u00f3wi\u0107 &#8222;premierem&#8221; &#8211; pan Mariusz B\u0142aszczak. I wreszcie &#8211; premierem jeszcze nie by\u0142, ale pewnie b\u0119dzie &#8211; minister Przemys\u0142aw Czarneka\u201d<\/strong> powiedzia\u0142 Kaczy\u0144ski.<\/p>\n<\/blockquote>\n<\/figure>\n<p>Wielu obserwator\u00f3w politycznych zinterpretowa\u0142o to jako wskazanie pos\u0142a Czarneka jako potencjalnego kandydata na premiera po kolejnych wyborach parlamentarnych. Ale <em>Prawo i Sprawiedliwo\u015b\u0107<\/em> MP bagatelizuje te spekulacje.<\/p>\n<p>Wspomniany m\u0119\u017cczyzna odpowiedzia\u0142 na <em>Prawo i Sprawiedliwo\u015b\u0107<\/em> s\u0142owa przewodnicz\u0105cego dzisiaj w sprawie <em>Telewizja Republika<\/em>.<\/p>\n<figure class=\"wp-block-pullquote\">\n<blockquote>\n<p><strong>&#8222;Prezes Kaczy\u0144ski nie m\u00f3wi\u0142, \u017ce b\u0119d\u0119 premierem po Donaldzie Tusku. Powiedzia\u0142, \u017ce te\u017c tam jestem, jedyny, kt\u00f3ry nie by\u0142 premierem, bo na scenie wypowiadali si\u0119 wszyscy premierzy &#8211; od premiera Kaczy\u0144skiego przez wicepremiera B\u0142aszczaka, premiera Morawieckiego, przede wszystkim premier Szyd\u0142o i ja, biedny ja, bez \u017cadnego tytu\u0142u premierskiego. Wi\u0119c pan przewodnicz\u0105cy wzi\u0105\u0142 zlitowa\u0142 si\u0119 nade mn\u0105 i powiedzia\u0142, \u017ce mo\u017ce w przysz\u0142o\u015bci zostan\u0119 premierem\u201d<\/strong> \u2013 powiedzia\u0142 Przemys\u0142aw Czarnek.<\/p>\n<\/blockquote>\n<\/figure>\n<\/div>\n<\/div>\n","protected":false},"excerpt":{"rendered":"<p>Przemys\u0142aw Czarnek skomentowa\u0142 s\u0142owa Prawo i Sprawiedliwo\u015b\u0107 Prezes (PiS) Jaros\u0142aw Kaczy\u0144ski, kt\u00f3ry podczas wiecu w Warszawie powiedzia\u0142, \u017ce \u201eprawdopodobnie\u201d zostanie<\/p>\n","protected":false},"author":1,"featured_media":9302,"comment_status":"open","ping_status":"open","sticky":false,"template":"","format":"standard","meta":{"footnotes":""},"categories":[4748],"tags":[3175,3597,5366,2219,5260,10800,5601,10801,10802],"class_list":["post-9301","post","type-post","status-publish","format-standard","has-post-thumbnail","hentry","category-aktualne","tag-czarnek","tag-kaczynskiego","tag-kiedys","tag-moze","tag-premierem","tag-przemyslaw","tag-reaguje","tag-wypowiedz","tag-zostane","generate-columns","tablet-grid-50","mobile-grid-100","grid-parent","grid-50","resize-featured-image"],"yoast_head":"<!-- This site is optimized with the Yoast SEO plugin v23.2 - https:\/\/yoast.com\/wordpress\/plugins\/seo\/ -->\n<title>Przemys\u0142aw Czarnek reaguje na wypowied\u017a Kaczy\u0144skiego: \u201eMo\u017ce kiedy\u015b zostan\u0119 premierem\u201d - POGOTOWIE FLAGOWE\u00ae<\/title>\n<meta name=\"robots\" content=\"index, follow, max-snippet:-1, max-image-preview:large, max-video-preview:-1\" \/>\n<link rel=\"canonical\" href=\"https:\/\/www.pogotowieflagowe.pl\/aktualne\/przemyslaw-czarnek-reaguje-na-wypowiedz-kaczynskiego-moze-kiedys-zostane-premierem\/\" \/>\n<meta property=\"og:locale\" content=\"pl_PL\" \/>\n<meta property=\"og:type\" content=\"article\" \/>\n<meta property=\"og:title\" content=\"Przemys\u0142aw Czarnek reaguje na wypowied\u017a Kaczy\u0144skiego: \u201eMo\u017ce kiedy\u015b zostan\u0119 premierem\u201d - POGOTOWIE FLAGOWE\u00ae\" \/>\n<meta property=\"og:description\" content=\"Przemys\u0142aw Czarnek skomentowa\u0142 s\u0142owa Prawo i Sprawiedliwo\u015b\u0107 Prezes (PiS) Jaros\u0142aw Kaczy\u0144ski, kt\u00f3ry podczas wiecu w Warszawie powiedzia\u0142, \u017ce \u201eprawdopodobnie\u201d zostanie\" \/>\n<meta property=\"og:url\" content=\"https:\/\/www.pogotowieflagowe.pl\/aktualne\/przemyslaw-czarnek-reaguje-na-wypowiedz-kaczynskiego-moze-kiedys-zostane-premierem\/\" \/>\n<meta property=\"og:site_name\" content=\"POGOTOWIE FLAGOWE\u00ae\" \/>\n<meta property=\"article:published_time\" content=\"2025-10-13T13:55:10+00:00\" \/>\n<meta property=\"article:modified_time\" content=\"2025-10-13T13:55:11+00:00\" \/>\n<meta property=\"og:image\" content=\"https:\/\/www.pogotowieflagowe.pl\/aktualne\/wp-content\/uploads\/2025\/10\/Przemyslaw-Czarnek-reaguje-na-wypowiedz-Kaczynskiego-\u201eMoze-kiedys-zostane-premierem.webp.webp\" \/>\n\t<meta property=\"og:image:width\" content=\"1280\" \/>\n\t<meta property=\"og:image:height\" content=\"720\" \/>\n\t<meta property=\"og:image:type\" content=\"image\/webp\" \/>\n<meta name=\"author\" content=\"Filip\" \/>\n<meta name=\"twitter:card\" content=\"summary_large_image\" \/>\n<meta name=\"twitter:label1\" content=\"Napisane przez\" \/>\n\t<meta name=\"twitter:data1\" content=\"Filip\" \/>\n\t<meta name=\"twitter:label2\" content=\"Szacowany czas czytania\" \/>\n\t<meta name=\"twitter:data2\" content=\"1 minuta\" \/>\n<script type=\"application\/ld+json\" class=\"yoast-schema-graph\">{\"@context\":\"https:\/\/schema.org\",\"@graph\":[{\"@type\":\"Article\",\"@id\":\"https:\/\/www.pogotowieflagowe.pl\/aktualne\/przemyslaw-czarnek-reaguje-na-wypowiedz-kaczynskiego-moze-kiedys-zostane-premierem\/#article\",\"isPartOf\":{\"@id\":\"https:\/\/www.pogotowieflagowe.pl\/aktualne\/przemyslaw-czarnek-reaguje-na-wypowiedz-kaczynskiego-moze-kiedys-zostane-premierem\/\"},\"author\":{\"name\":\"Filip\",\"@id\":\"https:\/\/www.pogotowieflagowe.pl\/aktualne\/#\/schema\/person\/9c2fb7d2362ebf6fa088960d7f0d27b0\"},\"headline\":\"Przemys\u0142aw Czarnek reaguje na wypowied\u017a Kaczy\u0144skiego: \u201eMo\u017ce kiedy\u015b zostan\u0119 premierem\u201d\",\"datePublished\":\"2025-10-13T13:55:10+00:00\",\"dateModified\":\"2025-10-13T13:55:11+00:00\",\"mainEntityOfPage\":{\"@id\":\"https:\/\/www.pogotowieflagowe.pl\/aktualne\/przemyslaw-czarnek-reaguje-na-wypowiedz-kaczynskiego-moze-kiedys-zostane-premierem\/\"},\"wordCount\":277,\"commentCount\":0,\"publisher\":{\"@id\":\"https:\/\/www.pogotowieflagowe.pl\/aktualne\/#organization\"},\"image\":{\"@id\":\"https:\/\/www.pogotowieflagowe.pl\/aktualne\/przemyslaw-czarnek-reaguje-na-wypowiedz-kaczynskiego-moze-kiedys-zostane-premierem\/#primaryimage\"},\"thumbnailUrl\":\"https:\/\/www.pogotowieflagowe.pl\/aktualne\/wp-content\/uploads\/2025\/10\/Przemyslaw-Czarnek-reaguje-na-wypowiedz-Kaczynskiego-\u201eMoze-kiedys-zostane-premierem.webp.webp\",\"keywords\":[\"Czarnek\",\"Kaczy\u0144skiego\",\"kiedy\u015b\",\"mo\u017ce\",\"premierem\",\"Przemys\u0142aw\",\"reaguje\",\"wypowied\u017a\",\"zostan\u0119\"],\"articleSection\":[\"Aktualne\"],\"inLanguage\":\"pl-PL\",\"potentialAction\":[{\"@type\":\"CommentAction\",\"name\":\"Comment\",\"target\":[\"https:\/\/www.pogotowieflagowe.pl\/aktualne\/przemyslaw-czarnek-reaguje-na-wypowiedz-kaczynskiego-moze-kiedys-zostane-premierem\/#respond\"]}]},{\"@type\":\"WebPage\",\"@id\":\"https:\/\/www.pogotowieflagowe.pl\/aktualne\/przemyslaw-czarnek-reaguje-na-wypowiedz-kaczynskiego-moze-kiedys-zostane-premierem\/\",\"url\":\"https:\/\/www.pogotowieflagowe.pl\/aktualne\/przemyslaw-czarnek-reaguje-na-wypowiedz-kaczynskiego-moze-kiedys-zostane-premierem\/\",\"name\":\"Przemys\u0142aw Czarnek reaguje na wypowied\u017a Kaczy\u0144skiego: \u201eMo\u017ce kiedy\u015b zostan\u0119 premierem\u201d - POGOTOWIE FLAGOWE\u00ae\",\"isPartOf\":{\"@id\":\"https:\/\/www.pogotowieflagowe.pl\/aktualne\/#website\"},\"primaryImageOfPage\":{\"@id\":\"https:\/\/www.pogotowieflagowe.pl\/aktualne\/przemyslaw-czarnek-reaguje-na-wypowiedz-kaczynskiego-moze-kiedys-zostane-premierem\/#primaryimage\"},\"image\":{\"@id\":\"https:\/\/www.pogotowieflagowe.pl\/aktualne\/przemyslaw-czarnek-reaguje-na-wypowiedz-kaczynskiego-moze-kiedys-zostane-premierem\/#primaryimage\"},\"thumbnailUrl\":\"https:\/\/www.pogotowieflagowe.pl\/aktualne\/wp-content\/uploads\/2025\/10\/Przemyslaw-Czarnek-reaguje-na-wypowiedz-Kaczynskiego-\u201eMoze-kiedys-zostane-premierem.webp.webp\",\"datePublished\":\"2025-10-13T13:55:10+00:00\",\"dateModified\":\"2025-10-13T13:55:11+00:00\",\"breadcrumb\":{\"@id\":\"https:\/\/www.pogotowieflagowe.pl\/aktualne\/przemyslaw-czarnek-reaguje-na-wypowiedz-kaczynskiego-moze-kiedys-zostane-premierem\/#breadcrumb\"},\"inLanguage\":\"pl-PL\",\"potentialAction\":[{\"@type\":\"ReadAction\",\"target\":[\"https:\/\/www.pogotowieflagowe.pl\/aktualne\/przemyslaw-czarnek-reaguje-na-wypowiedz-kaczynskiego-moze-kiedys-zostane-premierem\/\"]}]},{\"@type\":\"ImageObject\",\"inLanguage\":\"pl-PL\",\"@id\":\"https:\/\/www.pogotowieflagowe.pl\/aktualne\/przemyslaw-czarnek-reaguje-na-wypowiedz-kaczynskiego-moze-kiedys-zostane-premierem\/#primaryimage\",\"url\":\"https:\/\/www.pogotowieflagowe.pl\/aktualne\/wp-content\/uploads\/2025\/10\/Przemyslaw-Czarnek-reaguje-na-wypowiedz-Kaczynskiego-\u201eMoze-kiedys-zostane-premierem.webp.webp\",\"contentUrl\":\"https:\/\/www.pogotowieflagowe.pl\/aktualne\/wp-content\/uploads\/2025\/10\/Przemyslaw-Czarnek-reaguje-na-wypowiedz-Kaczynskiego-\u201eMoze-kiedys-zostane-premierem.webp.webp\",\"width\":1280,\"height\":720,\"caption\":\"Przemys\u0142aw Czarnek reaguje na wypowied\u017a Kaczy\u0144skiego: \u201eMo\u017ce kiedy\u015b zostan\u0119 premierem\u201d\"},{\"@type\":\"BreadcrumbList\",\"@id\":\"https:\/\/www.pogotowieflagowe.pl\/aktualne\/przemyslaw-czarnek-reaguje-na-wypowiedz-kaczynskiego-moze-kiedys-zostane-premierem\/#breadcrumb\",\"itemListElement\":[{\"@type\":\"ListItem\",\"position\":1,\"name\":\"Home\",\"item\":\"https:\/\/www.pogotowieflagowe.pl\/aktualne\/\"},{\"@type\":\"ListItem\",\"position\":2,\"name\":\"Przemys\u0142aw Czarnek reaguje na wypowied\u017a Kaczy\u0144skiego: \u201eMo\u017ce kiedy\u015b zostan\u0119 premierem\u201d\"}]},{\"@type\":\"WebSite\",\"@id\":\"https:\/\/www.pogotowieflagowe.pl\/aktualne\/#website\",\"url\":\"https:\/\/www.pogotowieflagowe.pl\/aktualne\/\",\"name\":\"POGOTOWIE FLAGOWE\u00ae\",\"description\":\"\",\"publisher\":{\"@id\":\"https:\/\/www.pogotowieflagowe.pl\/aktualne\/#organization\"},\"potentialAction\":[{\"@type\":\"SearchAction\",\"target\":{\"@type\":\"EntryPoint\",\"urlTemplate\":\"https:\/\/www.pogotowieflagowe.pl\/aktualne\/?s={search_term_string}\"},\"query-input\":\"required name=search_term_string\"}],\"inLanguage\":\"pl-PL\"},{\"@type\":\"Organization\",\"@id\":\"https:\/\/www.pogotowieflagowe.pl\/aktualne\/#organization\",\"name\":\"POGOTOWIE FLAGOWE\u00ae\",\"url\":\"https:\/\/www.pogotowieflagowe.pl\/aktualne\/\",\"logo\":{\"@type\":\"ImageObject\",\"inLanguage\":\"pl-PL\",\"@id\":\"https:\/\/www.pogotowieflagowe.pl\/aktualne\/#\/schema\/logo\/image\/\",\"url\":\"https:\/\/www.pogotowieflagowe.pl\/aktualne\/wp-content\/uploads\/2024\/08\/cropped-pogotowieflagowe_flaga_projekt_sm.jpg\",\"contentUrl\":\"https:\/\/www.pogotowieflagowe.pl\/aktualne\/wp-content\/uploads\/2024\/08\/cropped-pogotowieflagowe_flaga_projekt_sm.jpg\",\"width\":250,\"height\":143,\"caption\":\"POGOTOWIE FLAGOWE\u00ae\"},\"image\":{\"@id\":\"https:\/\/www.pogotowieflagowe.pl\/aktualne\/#\/schema\/logo\/image\/\"}},{\"@type\":\"Person\",\"@id\":\"https:\/\/www.pogotowieflagowe.pl\/aktualne\/#\/schema\/person\/9c2fb7d2362ebf6fa088960d7f0d27b0\",\"name\":\"Filip\",\"image\":{\"@type\":\"ImageObject\",\"inLanguage\":\"pl-PL\",\"@id\":\"https:\/\/www.pogotowieflagowe.pl\/aktualne\/#\/schema\/person\/image\/\",\"url\":\"https:\/\/www.pogotowieflagowe.pl\/aktualne\/wp-content\/uploads\/2024\/08\/pogotowieflagowe.pl_.jpg\",\"contentUrl\":\"https:\/\/www.pogotowieflagowe.pl\/aktualne\/wp-content\/uploads\/2024\/08\/pogotowieflagowe.pl_.jpg\",\"caption\":\"Filip\"},\"description\":\"Jestem Filip, polski dziennikarz z dyplomem nauk politycznych Uniwersytetu Warszawskiego. Rozpoczynaj\u0105c swoj\u0105 karier\u0119 w r\u00f3\u017cnych lokalnych mediach, zdoby\u0142em solidne do\u015bwiadczenie w zakresie \u015bledztwa i redakcji. Obecnie jako redaktor w Pogotowie flagowe, staram si\u0119 dostarcza\u0107 dog\u0142\u0119bne i istotne analizy na temat najwa\u017cniejszych kwestii aktualno\u015bci, \u0142\u0105cz\u0105c rygor z pasj\u0105 dziennikarsk\u0105.\",\"sameAs\":[\"https:\/\/www.pogotowieflagowe.pl\/\"]}]}<\/script>\n<!-- \/ Yoast SEO plugin. -->","yoast_head_json":{"title":"Przemys\u0142aw Czarnek reaguje na wypowied\u017a Kaczy\u0144skiego: \u201eMo\u017ce kiedy\u015b zostan\u0119 premierem\u201d - POGOTOWIE FLAGOWE\u00ae","robots":{"index":"index","follow":"follow","max-snippet":"max-snippet:-1","max-image-preview":"max-image-preview:large","max-video-preview":"max-video-preview:-1"},"canonical":"https:\/\/www.pogotowieflagowe.pl\/aktualne\/przemyslaw-czarnek-reaguje-na-wypowiedz-kaczynskiego-moze-kiedys-zostane-premierem\/","og_locale":"pl_PL","og_type":"article","og_title":"Przemys\u0142aw Czarnek reaguje na wypowied\u017a Kaczy\u0144skiego: \u201eMo\u017ce kiedy\u015b zostan\u0119 premierem\u201d - POGOTOWIE FLAGOWE\u00ae","og_description":"Przemys\u0142aw Czarnek skomentowa\u0142 s\u0142owa Prawo i Sprawiedliwo\u015b\u0107 Prezes (PiS) Jaros\u0142aw Kaczy\u0144ski, kt\u00f3ry podczas wiecu w Warszawie powiedzia\u0142, \u017ce \u201eprawdopodobnie\u201d zostanie","og_url":"https:\/\/www.pogotowieflagowe.pl\/aktualne\/przemyslaw-czarnek-reaguje-na-wypowiedz-kaczynskiego-moze-kiedys-zostane-premierem\/","og_site_name":"POGOTOWIE FLAGOWE\u00ae","article_published_time":"2025-10-13T13:55:10+00:00","article_modified_time":"2025-10-13T13:55:11+00:00","og_image":[{"width":1280,"height":720,"url":"https:\/\/www.pogotowieflagowe.pl\/aktualne\/wp-content\/uploads\/2025\/10\/Przemyslaw-Czarnek-reaguje-na-wypowiedz-Kaczynskiego-\u201eMoze-kiedys-zostane-premierem.webp.webp","type":"image\/webp"}],"author":"Filip","twitter_card":"summary_large_image","twitter_misc":{"Napisane przez":"Filip","Szacowany czas czytania":"1 minuta"},"schema":{"@context":"https:\/\/schema.org","@graph":[{"@type":"Article","@id":"https:\/\/www.pogotowieflagowe.pl\/aktualne\/przemyslaw-czarnek-reaguje-na-wypowiedz-kaczynskiego-moze-kiedys-zostane-premierem\/#article","isPartOf":{"@id":"https:\/\/www.pogotowieflagowe.pl\/aktualne\/przemyslaw-czarnek-reaguje-na-wypowiedz-kaczynskiego-moze-kiedys-zostane-premierem\/"},"author":{"name":"Filip","@id":"https:\/\/www.pogotowieflagowe.pl\/aktualne\/#\/schema\/person\/9c2fb7d2362ebf6fa088960d7f0d27b0"},"headline":"Przemys\u0142aw Czarnek reaguje na wypowied\u017a Kaczy\u0144skiego: \u201eMo\u017ce kiedy\u015b zostan\u0119 premierem\u201d","datePublished":"2025-10-13T13:55:10+00:00","dateModified":"2025-10-13T13:55:11+00:00","mainEntityOfPage":{"@id":"https:\/\/www.pogotowieflagowe.pl\/aktualne\/przemyslaw-czarnek-reaguje-na-wypowiedz-kaczynskiego-moze-kiedys-zostane-premierem\/"},"wordCount":277,"commentCount":0,"publisher":{"@id":"https:\/\/www.pogotowieflagowe.pl\/aktualne\/#organization"},"image":{"@id":"https:\/\/www.pogotowieflagowe.pl\/aktualne\/przemyslaw-czarnek-reaguje-na-wypowiedz-kaczynskiego-moze-kiedys-zostane-premierem\/#primaryimage"},"thumbnailUrl":"https:\/\/www.pogotowieflagowe.pl\/aktualne\/wp-content\/uploads\/2025\/10\/Przemyslaw-Czarnek-reaguje-na-wypowiedz-Kaczynskiego-\u201eMoze-kiedys-zostane-premierem.webp.webp","keywords":["Czarnek","Kaczy\u0144skiego","kiedy\u015b","mo\u017ce","premierem","Przemys\u0142aw","reaguje","wypowied\u017a","zostan\u0119"],"articleSection":["Aktualne"],"inLanguage":"pl-PL","potentialAction":[{"@type":"CommentAction","name":"Comment","target":["https:\/\/www.pogotowieflagowe.pl\/aktualne\/przemyslaw-czarnek-reaguje-na-wypowiedz-kaczynskiego-moze-kiedys-zostane-premierem\/#respond"]}]},{"@type":"WebPage","@id":"https:\/\/www.pogotowieflagowe.pl\/aktualne\/przemyslaw-czarnek-reaguje-na-wypowiedz-kaczynskiego-moze-kiedys-zostane-premierem\/","url":"https:\/\/www.pogotowieflagowe.pl\/aktualne\/przemyslaw-czarnek-reaguje-na-wypowiedz-kaczynskiego-moze-kiedys-zostane-premierem\/","name":"Przemys\u0142aw Czarnek reaguje na wypowied\u017a Kaczy\u0144skiego: \u201eMo\u017ce kiedy\u015b zostan\u0119 premierem\u201d - POGOTOWIE FLAGOWE\u00ae","isPartOf":{"@id":"https:\/\/www.pogotowieflagowe.pl\/aktualne\/#website"},"primaryImageOfPage":{"@id":"https:\/\/www.pogotowieflagowe.pl\/aktualne\/przemyslaw-czarnek-reaguje-na-wypowiedz-kaczynskiego-moze-kiedys-zostane-premierem\/#primaryimage"},"image":{"@id":"https:\/\/www.pogotowieflagowe.pl\/aktualne\/przemyslaw-czarnek-reaguje-na-wypowiedz-kaczynskiego-moze-kiedys-zostane-premierem\/#primaryimage"},"thumbnailUrl":"https:\/\/www.pogotowieflagowe.pl\/aktualne\/wp-content\/uploads\/2025\/10\/Przemyslaw-Czarnek-reaguje-na-wypowiedz-Kaczynskiego-\u201eMoze-kiedys-zostane-premierem.webp.webp","datePublished":"2025-10-13T13:55:10+00:00","dateModified":"2025-10-13T13:55:11+00:00","breadcrumb":{"@id":"https:\/\/www.pogotowieflagowe.pl\/aktualne\/przemyslaw-czarnek-reaguje-na-wypowiedz-kaczynskiego-moze-kiedys-zostane-premierem\/#breadcrumb"},"inLanguage":"pl-PL","potentialAction":[{"@type":"ReadAction","target":["https:\/\/www.pogotowieflagowe.pl\/aktualne\/przemyslaw-czarnek-reaguje-na-wypowiedz-kaczynskiego-moze-kiedys-zostane-premierem\/"]}]},{"@type":"ImageObject","inLanguage":"pl-PL","@id":"https:\/\/www.pogotowieflagowe.pl\/aktualne\/przemyslaw-czarnek-reaguje-na-wypowiedz-kaczynskiego-moze-kiedys-zostane-premierem\/#primaryimage","url":"https:\/\/www.pogotowieflagowe.pl\/aktualne\/wp-content\/uploads\/2025\/10\/Przemyslaw-Czarnek-reaguje-na-wypowiedz-Kaczynskiego-\u201eMoze-kiedys-zostane-premierem.webp.webp","contentUrl":"https:\/\/www.pogotowieflagowe.pl\/aktualne\/wp-content\/uploads\/2025\/10\/Przemyslaw-Czarnek-reaguje-na-wypowiedz-Kaczynskiego-\u201eMoze-kiedys-zostane-premierem.webp.webp","width":1280,"height":720,"caption":"Przemys\u0142aw Czarnek reaguje na wypowied\u017a Kaczy\u0144skiego: \u201eMo\u017ce kiedy\u015b zostan\u0119 premierem\u201d"},{"@type":"BreadcrumbList","@id":"https:\/\/www.pogotowieflagowe.pl\/aktualne\/przemyslaw-czarnek-reaguje-na-wypowiedz-kaczynskiego-moze-kiedys-zostane-premierem\/#breadcrumb","itemListElement":[{"@type":"ListItem","position":1,"name":"Home","item":"https:\/\/www.pogotowieflagowe.pl\/aktualne\/"},{"@type":"ListItem","position":2,"name":"Przemys\u0142aw Czarnek reaguje na wypowied\u017a Kaczy\u0144skiego: \u201eMo\u017ce kiedy\u015b zostan\u0119 premierem\u201d"}]},{"@type":"WebSite","@id":"https:\/\/www.pogotowieflagowe.pl\/aktualne\/#website","url":"https:\/\/www.pogotowieflagowe.pl\/aktualne\/","name":"POGOTOWIE FLAGOWE\u00ae","description":"","publisher":{"@id":"https:\/\/www.pogotowieflagowe.pl\/aktualne\/#organization"},"potentialAction":[{"@type":"SearchAction","target":{"@type":"EntryPoint","urlTemplate":"https:\/\/www.pogotowieflagowe.pl\/aktualne\/?s={search_term_string}"},"query-input":"required name=search_term_string"}],"inLanguage":"pl-PL"},{"@type":"Organization","@id":"https:\/\/www.pogotowieflagowe.pl\/aktualne\/#organization","name":"POGOTOWIE FLAGOWE\u00ae","url":"https:\/\/www.pogotowieflagowe.pl\/aktualne\/","logo":{"@type":"ImageObject","inLanguage":"pl-PL","@id":"https:\/\/www.pogotowieflagowe.pl\/aktualne\/#\/schema\/logo\/image\/","url":"https:\/\/www.pogotowieflagowe.pl\/aktualne\/wp-content\/uploads\/2024\/08\/cropped-pogotowieflagowe_flaga_projekt_sm.jpg","contentUrl":"https:\/\/www.pogotowieflagowe.pl\/aktualne\/wp-content\/uploads\/2024\/08\/cropped-pogotowieflagowe_flaga_projekt_sm.jpg","width":250,"height":143,"caption":"POGOTOWIE FLAGOWE\u00ae"},"image":{"@id":"https:\/\/www.pogotowieflagowe.pl\/aktualne\/#\/schema\/logo\/image\/"}},{"@type":"Person","@id":"https:\/\/www.pogotowieflagowe.pl\/aktualne\/#\/schema\/person\/9c2fb7d2362ebf6fa088960d7f0d27b0","name":"Filip","image":{"@type":"ImageObject","inLanguage":"pl-PL","@id":"https:\/\/www.pogotowieflagowe.pl\/aktualne\/#\/schema\/person\/image\/","url":"https:\/\/www.pogotowieflagowe.pl\/aktualne\/wp-content\/uploads\/2024\/08\/pogotowieflagowe.pl_.jpg","contentUrl":"https:\/\/www.pogotowieflagowe.pl\/aktualne\/wp-content\/uploads\/2024\/08\/pogotowieflagowe.pl_.jpg","caption":"Filip"},"description":"Jestem Filip, polski dziennikarz z dyplomem nauk politycznych Uniwersytetu Warszawskiego. Rozpoczynaj\u0105c swoj\u0105 karier\u0119 w r\u00f3\u017cnych lokalnych mediach, zdoby\u0142em solidne do\u015bwiadczenie w zakresie \u015bledztwa i redakcji. Obecnie jako redaktor w Pogotowie flagowe, staram si\u0119 dostarcza\u0107 dog\u0142\u0119bne i istotne analizy na temat najwa\u017cniejszych kwestii aktualno\u015bci, \u0142\u0105cz\u0105c rygor z pasj\u0105 dziennikarsk\u0105.","sameAs":["https:\/\/www.pogotowieflagowe.pl\/"]}]}},"_links":{"self":[{"href":"https:\/\/www.pogotowieflagowe.pl\/aktualne\/wp-json\/wp\/v2\/posts\/9301","targetHints":{"allow":["GET"]}}],"collection":[{"href":"https:\/\/www.pogotowieflagowe.pl\/aktualne\/wp-json\/wp\/v2\/posts"}],"about":[{"href":"https:\/\/www.pogotowieflagowe.pl\/aktualne\/wp-json\/wp\/v2\/types\/post"}],"author":[{"embeddable":true,"href":"https:\/\/www.pogotowieflagowe.pl\/aktualne\/wp-json\/wp\/v2\/users\/1"}],"replies":[{"embeddable":true,"href":"https:\/\/www.pogotowieflagowe.pl\/aktualne\/wp-json\/wp\/v2\/comments?post=9301"}],"version-history":[{"count":1,"href":"https:\/\/www.pogotowieflagowe.pl\/aktualne\/wp-json\/wp\/v2\/posts\/9301\/revisions"}],"predecessor-version":[{"id":9303,"href":"https:\/\/www.pogotowieflagowe.pl\/aktualne\/wp-json\/wp\/v2\/posts\/9301\/revisions\/9303"}],"wp:featuredmedia":[{"embeddable":true,"href":"https:\/\/www.pogotowieflagowe.pl\/aktualne\/wp-json\/wp\/v2\/media\/9302"}],"wp:attachment":[{"href":"https:\/\/www.pogotowieflagowe.pl\/aktualne\/wp-json\/wp\/v2\/media?parent=9301"}],"wp:term":[{"taxonomy":"category","embeddable":true,"href":"https:\/\/www.pogotowieflagowe.pl\/aktualne\/wp-json\/wp\/v2\/categories?post=9301"},{"taxonomy":"post_tag","embeddable":true,"href":"https:\/\/www.pogotowieflagowe.pl\/aktualne\/wp-json\/wp\/v2\/tags?post=9301"}],"curies":[{"name":"wp","href":"https:\/\/api.w.org\/{rel}","templated":true}]}}