{"id":9315,"date":"2025-10-13T23:51:09","date_gmt":"2025-10-13T21:51:09","guid":{"rendered":"https:\/\/www.pogotowieflagowe.pl\/aktualne\/kibice-wygwizduja-tuska-w-kownie-platforma-obywatelska-placze-nad-brutalnym-jezykiem-krzyczac-pieprzyc-pis\/"},"modified":"2025-10-13T23:51:09","modified_gmt":"2025-10-13T21:51:09","slug":"kibice-wygwizduja-tuska-w-kownie-platforma-obywatelska-placze-nad-brutalnym-jezykiem-krzyczac-pieprzyc-pis","status":"publish","type":"post","link":"https:\/\/www.pogotowieflagowe.pl\/aktualne\/kibice-wygwizduja-tuska-w-kownie-platforma-obywatelska-placze-nad-brutalnym-jezykiem-krzyczac-pieprzyc-pis\/","title":{"rendered":"Kibice wygwizduj\u0105 Tuska w Kownie: Platforma Obywatelska p\u0142acze nad \u201ebrutalnym j\u0119zykiem\u201d, krzycz\u0105c \u201ePieprzy\u0107 PiS!\u201d"},"content":{"rendered":"\n<div class=\"td_block_wrap tdb_single_content tdi_41 td-pb-border-top td_block_template_8 td-post-content tagdiv-type\" data-td-block-uid=\"tdi_41\">\n<style>.tdi_41{margines-top:0px!important;margin-bottom:0px!important;dope\u0142nienie-g\u00f3ra:0px!important;dope\u0142nienie-d\u00f3\u0142:0px!important}<\/style>\n<style>.tdb_single_content{margin-bottom:0;*zoom:1}.tdb_single_content:before,.tdb_single_content:after{display:table;content:'';line-height:0}.tdb_single_content:after{clear:both}.tdb_single_content .tdb-block-inner>*:not(.wp-block-quote):not(.alignwide):not(.alignfull.wp-block-cover.has-parallax):not(.td-a-ad){margin-left:auto;margin-right:auto}.tdb_single_content a{pointer-events:auto}.tdb_single_content .td-spot-id-top_ad .tdc-placeholder-title:before{content:'Article Top Ad'!important}.tdb_single_content .td-spot-id-inline_ad0 .tdc-placeholder-title:before{content:'Article Reklama wbudowana 1'!important}.tdb_single_content .td-spot-id-inline_ad1 .tdc-placeholder-title:before{content:'Reklama wbudowana w artyku\u0142 2'!important}.tdb_single_content .td-spot-id-inline_ad2 .tdc-placeholder-title:before{content:'Reklama w tek\u015bcie artyku\u0142u 3'!important}.tdb_single_content .td-spot-id-bottom_ad .tdc-placeholder-title:before{content:'Article Bottom Ad'!important}.tdb_single_content .id_top_ad,.tdb_single_content .id_bottom_ad{clear:both;margin-bottom:21px;text-align:center}.tdb_single_content .id_top_ad img,.tdb_single_content .id_bottom_ad img{margin-bottom:0}.tdb_single_content .id_top_ad .adsbygoogle,.tdb_single_content .id_bottom_ad .adsbygoogle{position:relative}.tdb_single_content .id_ad_content-horiz-left,.tdb_single_content .id_ad_content-horiz-right,.tdb_single_content .id_ad_content-horiz-center{margin-bottom:15px}.tdb_single_content .id_ad_content-horiz-left img,.tdb_single_content .id_ad_content-horiz-right img,.tdb_single_content .id_ad_content-horiz-center img{margin-bottom:0}.tdb_single_content .id_ad_content-horiz-center{text-align:center}.tdb_single_content .id_ad_content-horiz-center img{margin-right:auto;margin-left:auto}.tdb_single_content .id_ad_content-horiz-left{float:left;margin-top:9px;margin-right:21px}.tdb_single_content .id_ad_content-horiz-right{float:right;margin-top:6px;margin-left:21px}.tdb_single_content .tdc-a-ad .tdc-placeholder-title{width:300px;height:250px}.tdb_single_content .tdc-a-ad .tdc-placeholder-title:before{position:absolute;top:50%;-webkit-transform:translateY(-50%);transform:translateY(-50%);margin:auto;display:table;width:100%}.tdb_single_content .tdb-block-inner.td-fix-index{word-break:break-word}.tdi_41,.tdi_41>p,.tdi_41 .tdb-block-inner>p,.wp-block-column>p{font-size:16px!important;line-height:1.6!important}.tdi_41 .tdb-block-inner cytat blokowy p{font-style:normal!important}@media (max-width:767px){.tdb_single_content .id_ad_content-horiz-left,.tdb_single_content .id_ad_content-horiz-right,.tdb_single_content .id_ad_content-horiz-center{margin:0 auto 26 pikseli auto}}@media (max-width:767px){.tdb_single_content .id_ad_content-horiz-left{margin-right:0}}@media (max-width:767px){.tdb_single_content .id_ad_content-horiz-right{margin-left:0}}@media (max-width:767px){.tdb_single_content .td-a-ad{float:none;text-align:center}.tdb_single_content .td-a-ad img{margin-right:auto;margin-left:auto}.tdb_single_content .tdc-a-ad{float:none}}<\/style>\n<div class=\"tdb-block-inner td-fix-index\">\n<p>Kto tak naprawd\u0119 jest odpowiedzialny za brutalizacj\u0119 j\u0119zyka w polskiej polityce? By\u0142y minister cyfryzacji Janusz Cieszy\u0144ski odpowiedzia\u0142 na to pytanie dosadnie, wskazuj\u0105c, \u017ce to politycy Platformy Obywatelskiej (PO) przoduj\u0105 w tym zakresie. \u201ePrzypomn\u0119, \u017ce to partia, kt\u00f3rej prominentni cz\u0142onkowie dos\u0142ownie pisz\u0105 na czole \u201eF*** PiS\u201d\u201d \u2013 podkre\u015bli\u0142.<\/p>\n<p>Polscy kibice, kt\u00f3rzy przybyli do stolicy Litwy, stworzyli niesamowit\u0105 atmosfer\u0119. Przez pe\u0142ne 90 minut sekcja wyjazdowa by\u0142a nieustannym \u017ar\u00f3d\u0142em g\u0142o\u015bnego i pe\u0142nego pasji dopingu dla dru\u017cyny narodowej. \u201eGdybym narodzi\u0142 si\u0119 na nowo, Polsko, jeszcze raz odda\u0142bym Ci \u017cycie\u201d \u2013 rozbrzmiewa\u0142o echem na trybunach w Kownie. Intensywno\u015b\u0107 dopingu sprawi\u0142a, \u017ce \u200b\u200bpolscy pi\u0142karze poczuli si\u0119, jakby grali na w\u0142asnej murawie.<\/p>\n<p>Kiedy na stadionie pojawi\u0142 si\u0119 premier Donald Tusk, reakcja kibic\u00f3w by\u0142a jednoznaczna. Szefa rz\u0105du powitano g\u0142o\u015bnymi okrzykami i ostrymi okrzykami. \u201eDonald, kretynie, chuligani obal\u0105 tw\u00f3j rz\u0105d!\u201d Kibice skandowali od chwili, gdy wszed\u0142 na trybuny. Podczas meczu pojawi\u0142y si\u0119 wulgarne has\u0142a kierowane pod adresem premiera oraz transparent z napisem: \u201eNie jeste\u015b, nigdy nie by\u0142e\u015b i nie b\u0119dziesz kibicem reprezentacji Polski\u201d.<\/p>\n<p>Na pytanie, kto jest odpowiedzialny za zag\u0119szczanie dyskursu publicznego, Janusz Cieszy\u0144ski powt\u00f3rzy\u0142, \u017ce na czele stoj\u0105 politycy Platformy Obywatelskiej.<\/p>\n<p>&#8222;Przypomn\u0119 &#8211; to partia, kt\u00f3rej wybitni osobisto\u015bci z dum\u0105 pisz\u0105 na czole has\u0142o &#8222;F*** PiS&#8221;. Przypomn\u0119 te\u017c, \u017ce to ludzie obchodzili urodziny, jak \u00f3wczesny lider partii Borys Budka, tortami ozdobionymi o\u015bmioma gwiazdkami symbolizuj\u0105cymi to samo has\u0142o. A teraz nagle udaj\u0105, \u017ce s\u0105 zszokowani i zaniepokojeni brutalizacj\u0105 j\u0119zyka w debacie publicznej&#8221; &#8211; podkre\u015bli\u0142.<\/p>\n<p>Doda\u0142: \u201eWarto przypomnie\u0107, kto stworzy\u0142 przemys\u0142 pogardy, kto wymy\u015bli\u0142 te wulgarne has\u0142a, kto ni\u00f3s\u0142 je ulicami Warszawy tysi\u0105ce ludzi\u201d.<\/p>\n<p>\u201eTo jest \u015brodowisko Platformy Obywatelskiej i Donalda Tuska\u201d \u2013 podsumowa\u0142.<\/p>\n<\/div>\n<\/div>\n","protected":false},"excerpt":{"rendered":"<p>Kto tak naprawd\u0119 jest odpowiedzialny za brutalizacj\u0119 j\u0119zyka w polskiej polityce? By\u0142y minister cyfryzacji Janusz Cieszy\u0144ski odpowiedzia\u0142 na to pytanie<\/p>\n","protected":false},"author":1,"featured_media":4218,"comment_status":"open","ping_status":"open","sticky":false,"template":"","format":"standard","meta":{"footnotes":""},"categories":[4748],"tags":[2227,10817,2478,10815,10818,552,6001,10819,166,10816,2187,567,10814],"class_list":["post-9315","post","type-post","status-publish","format-standard","has-post-thumbnail","hentry","category-aktualne","tag-brutalnym","tag-jezykiem","tag-kibice","tag-kownie","tag-krzyczac","tag-nad","tag-obywatelska","tag-pieprzyc","tag-pis","tag-placze","tag-platforma","tag-tuska","tag-wygwizduja","generate-columns","tablet-grid-50","mobile-grid-100","grid-parent","grid-50","resize-featured-image"],"yoast_head":"<!-- This site is optimized with the Yoast SEO plugin v23.2 - https:\/\/yoast.com\/wordpress\/plugins\/seo\/ -->\n<title>Kibice wygwizduj\u0105 Tuska w Kownie: Platforma Obywatelska p\u0142acze nad \u201ebrutalnym j\u0119zykiem\u201d, krzycz\u0105c \u201ePieprzy\u0107 PiS!\u201d - POGOTOWIE FLAGOWE\u00ae<\/title>\n<meta name=\"robots\" content=\"index, follow, max-snippet:-1, max-image-preview:large, max-video-preview:-1\" \/>\n<link rel=\"canonical\" href=\"https:\/\/www.pogotowieflagowe.pl\/aktualne\/kibice-wygwizduja-tuska-w-kownie-platforma-obywatelska-placze-nad-brutalnym-jezykiem-krzyczac-pieprzyc-pis\/\" \/>\n<meta property=\"og:locale\" content=\"pl_PL\" \/>\n<meta property=\"og:type\" content=\"article\" \/>\n<meta property=\"og:title\" content=\"Kibice wygwizduj\u0105 Tuska w Kownie: Platforma Obywatelska p\u0142acze nad \u201ebrutalnym j\u0119zykiem\u201d, krzycz\u0105c \u201ePieprzy\u0107 PiS!\u201d - POGOTOWIE FLAGOWE\u00ae\" \/>\n<meta property=\"og:description\" content=\"Kto tak naprawd\u0119 jest odpowiedzialny za brutalizacj\u0119 j\u0119zyka w polskiej polityce? By\u0142y minister cyfryzacji Janusz Cieszy\u0144ski odpowiedzia\u0142 na to pytanie\" \/>\n<meta property=\"og:url\" content=\"https:\/\/www.pogotowieflagowe.pl\/aktualne\/kibice-wygwizduja-tuska-w-kownie-platforma-obywatelska-placze-nad-brutalnym-jezykiem-krzyczac-pieprzyc-pis\/\" \/>\n<meta property=\"og:site_name\" content=\"POGOTOWIE FLAGOWE\u00ae\" \/>\n<meta property=\"article:published_time\" content=\"2025-10-13T21:51:09+00:00\" \/>\n<meta property=\"og:image\" content=\"https:\/\/www.pogotowieflagowe.pl\/aktualne\/wp-content\/uploads\/2025\/02\/Rosja-zaplacila-za-\u201eosiem-gwiazd-i-ataki-na-prezydenta-Dude.webp.webp\" \/>\n\t<meta property=\"og:image:width\" content=\"1280\" \/>\n\t<meta property=\"og:image:height\" content=\"720\" \/>\n\t<meta property=\"og:image:type\" content=\"image\/webp\" \/>\n<meta name=\"author\" content=\"Filip\" \/>\n<meta name=\"twitter:card\" content=\"summary_large_image\" \/>\n<meta name=\"twitter:label1\" content=\"Napisane przez\" \/>\n\t<meta name=\"twitter:data1\" content=\"Filip\" \/>\n\t<meta name=\"twitter:label2\" content=\"Szacowany czas czytania\" \/>\n\t<meta name=\"twitter:data2\" content=\"2 minuty\" \/>\n<script type=\"application\/ld+json\" class=\"yoast-schema-graph\">{\"@context\":\"https:\/\/schema.org\",\"@graph\":[{\"@type\":\"Article\",\"@id\":\"https:\/\/www.pogotowieflagowe.pl\/aktualne\/kibice-wygwizduja-tuska-w-kownie-platforma-obywatelska-placze-nad-brutalnym-jezykiem-krzyczac-pieprzyc-pis\/#article\",\"isPartOf\":{\"@id\":\"https:\/\/www.pogotowieflagowe.pl\/aktualne\/kibice-wygwizduja-tuska-w-kownie-platforma-obywatelska-placze-nad-brutalnym-jezykiem-krzyczac-pieprzyc-pis\/\"},\"author\":{\"name\":\"Filip\",\"@id\":\"https:\/\/www.pogotowieflagowe.pl\/aktualne\/#\/schema\/person\/9c2fb7d2362ebf6fa088960d7f0d27b0\"},\"headline\":\"Kibice wygwizduj\u0105 Tuska w Kownie: Platforma Obywatelska p\u0142acze nad \u201ebrutalnym j\u0119zykiem\u201d, krzycz\u0105c \u201ePieprzy\u0107 PiS!\u201d\",\"datePublished\":\"2025-10-13T21:51:09+00:00\",\"dateModified\":\"2025-10-13T21:51:09+00:00\",\"mainEntityOfPage\":{\"@id\":\"https:\/\/www.pogotowieflagowe.pl\/aktualne\/kibice-wygwizduja-tuska-w-kownie-platforma-obywatelska-placze-nad-brutalnym-jezykiem-krzyczac-pieprzyc-pis\/\"},\"wordCount\":325,\"commentCount\":0,\"publisher\":{\"@id\":\"https:\/\/www.pogotowieflagowe.pl\/aktualne\/#organization\"},\"image\":{\"@id\":\"https:\/\/www.pogotowieflagowe.pl\/aktualne\/kibice-wygwizduja-tuska-w-kownie-platforma-obywatelska-placze-nad-brutalnym-jezykiem-krzyczac-pieprzyc-pis\/#primaryimage\"},\"thumbnailUrl\":\"https:\/\/www.pogotowieflagowe.pl\/aktualne\/wp-content\/uploads\/2025\/02\/Rosja-zaplacila-za-\u201eosiem-gwiazd-i-ataki-na-prezydenta-Dude.webp.webp\",\"keywords\":[\"brutalnym\",\"j\u0119zykiem\",\"Kibice\",\"Kownie\",\"krzycz\u0105c\",\"nad\",\"Obywatelska\",\"Pieprzy\u0107\",\"PiS\",\"p\u0142acze\",\"Platforma\",\"Tuska\",\"wygwizduj\u0105\"],\"articleSection\":[\"Aktualne\"],\"inLanguage\":\"pl-PL\",\"potentialAction\":[{\"@type\":\"CommentAction\",\"name\":\"Comment\",\"target\":[\"https:\/\/www.pogotowieflagowe.pl\/aktualne\/kibice-wygwizduja-tuska-w-kownie-platforma-obywatelska-placze-nad-brutalnym-jezykiem-krzyczac-pieprzyc-pis\/#respond\"]}]},{\"@type\":\"WebPage\",\"@id\":\"https:\/\/www.pogotowieflagowe.pl\/aktualne\/kibice-wygwizduja-tuska-w-kownie-platforma-obywatelska-placze-nad-brutalnym-jezykiem-krzyczac-pieprzyc-pis\/\",\"url\":\"https:\/\/www.pogotowieflagowe.pl\/aktualne\/kibice-wygwizduja-tuska-w-kownie-platforma-obywatelska-placze-nad-brutalnym-jezykiem-krzyczac-pieprzyc-pis\/\",\"name\":\"Kibice wygwizduj\u0105 Tuska w Kownie: Platforma Obywatelska p\u0142acze nad \u201ebrutalnym j\u0119zykiem\u201d, krzycz\u0105c \u201ePieprzy\u0107 PiS!\u201d - POGOTOWIE FLAGOWE\u00ae\",\"isPartOf\":{\"@id\":\"https:\/\/www.pogotowieflagowe.pl\/aktualne\/#website\"},\"primaryImageOfPage\":{\"@id\":\"https:\/\/www.pogotowieflagowe.pl\/aktualne\/kibice-wygwizduja-tuska-w-kownie-platforma-obywatelska-placze-nad-brutalnym-jezykiem-krzyczac-pieprzyc-pis\/#primaryimage\"},\"image\":{\"@id\":\"https:\/\/www.pogotowieflagowe.pl\/aktualne\/kibice-wygwizduja-tuska-w-kownie-platforma-obywatelska-placze-nad-brutalnym-jezykiem-krzyczac-pieprzyc-pis\/#primaryimage\"},\"thumbnailUrl\":\"https:\/\/www.pogotowieflagowe.pl\/aktualne\/wp-content\/uploads\/2025\/02\/Rosja-zaplacila-za-\u201eosiem-gwiazd-i-ataki-na-prezydenta-Dude.webp.webp\",\"datePublished\":\"2025-10-13T21:51:09+00:00\",\"dateModified\":\"2025-10-13T21:51:09+00:00\",\"breadcrumb\":{\"@id\":\"https:\/\/www.pogotowieflagowe.pl\/aktualne\/kibice-wygwizduja-tuska-w-kownie-platforma-obywatelska-placze-nad-brutalnym-jezykiem-krzyczac-pieprzyc-pis\/#breadcrumb\"},\"inLanguage\":\"pl-PL\",\"potentialAction\":[{\"@type\":\"ReadAction\",\"target\":[\"https:\/\/www.pogotowieflagowe.pl\/aktualne\/kibice-wygwizduja-tuska-w-kownie-platforma-obywatelska-placze-nad-brutalnym-jezykiem-krzyczac-pieprzyc-pis\/\"]}]},{\"@type\":\"ImageObject\",\"inLanguage\":\"pl-PL\",\"@id\":\"https:\/\/www.pogotowieflagowe.pl\/aktualne\/kibice-wygwizduja-tuska-w-kownie-platforma-obywatelska-placze-nad-brutalnym-jezykiem-krzyczac-pieprzyc-pis\/#primaryimage\",\"url\":\"https:\/\/www.pogotowieflagowe.pl\/aktualne\/wp-content\/uploads\/2025\/02\/Rosja-zaplacila-za-\u201eosiem-gwiazd-i-ataki-na-prezydenta-Dude.webp.webp\",\"contentUrl\":\"https:\/\/www.pogotowieflagowe.pl\/aktualne\/wp-content\/uploads\/2025\/02\/Rosja-zaplacila-za-\u201eosiem-gwiazd-i-ataki-na-prezydenta-Dude.webp.webp\",\"width\":1280,\"height\":720,\"caption\":\"Rosja zap\u0142aci\u0142a za \u201eosiem gwiazd\u201d i ataki na prezydenta Dud\u0119. Przedstawione wyra\u017ane dowody\"},{\"@type\":\"BreadcrumbList\",\"@id\":\"https:\/\/www.pogotowieflagowe.pl\/aktualne\/kibice-wygwizduja-tuska-w-kownie-platforma-obywatelska-placze-nad-brutalnym-jezykiem-krzyczac-pieprzyc-pis\/#breadcrumb\",\"itemListElement\":[{\"@type\":\"ListItem\",\"position\":1,\"name\":\"Home\",\"item\":\"https:\/\/www.pogotowieflagowe.pl\/aktualne\/\"},{\"@type\":\"ListItem\",\"position\":2,\"name\":\"Kibice wygwizduj\u0105 Tuska w Kownie: Platforma Obywatelska p\u0142acze nad \u201ebrutalnym j\u0119zykiem\u201d, krzycz\u0105c \u201ePieprzy\u0107 PiS!\u201d\"}]},{\"@type\":\"WebSite\",\"@id\":\"https:\/\/www.pogotowieflagowe.pl\/aktualne\/#website\",\"url\":\"https:\/\/www.pogotowieflagowe.pl\/aktualne\/\",\"name\":\"POGOTOWIE FLAGOWE\u00ae\",\"description\":\"\",\"publisher\":{\"@id\":\"https:\/\/www.pogotowieflagowe.pl\/aktualne\/#organization\"},\"potentialAction\":[{\"@type\":\"SearchAction\",\"target\":{\"@type\":\"EntryPoint\",\"urlTemplate\":\"https:\/\/www.pogotowieflagowe.pl\/aktualne\/?s={search_term_string}\"},\"query-input\":\"required name=search_term_string\"}],\"inLanguage\":\"pl-PL\"},{\"@type\":\"Organization\",\"@id\":\"https:\/\/www.pogotowieflagowe.pl\/aktualne\/#organization\",\"name\":\"POGOTOWIE FLAGOWE\u00ae\",\"url\":\"https:\/\/www.pogotowieflagowe.pl\/aktualne\/\",\"logo\":{\"@type\":\"ImageObject\",\"inLanguage\":\"pl-PL\",\"@id\":\"https:\/\/www.pogotowieflagowe.pl\/aktualne\/#\/schema\/logo\/image\/\",\"url\":\"https:\/\/www.pogotowieflagowe.pl\/aktualne\/wp-content\/uploads\/2024\/08\/cropped-pogotowieflagowe_flaga_projekt_sm.jpg\",\"contentUrl\":\"https:\/\/www.pogotowieflagowe.pl\/aktualne\/wp-content\/uploads\/2024\/08\/cropped-pogotowieflagowe_flaga_projekt_sm.jpg\",\"width\":250,\"height\":143,\"caption\":\"POGOTOWIE FLAGOWE\u00ae\"},\"image\":{\"@id\":\"https:\/\/www.pogotowieflagowe.pl\/aktualne\/#\/schema\/logo\/image\/\"}},{\"@type\":\"Person\",\"@id\":\"https:\/\/www.pogotowieflagowe.pl\/aktualne\/#\/schema\/person\/9c2fb7d2362ebf6fa088960d7f0d27b0\",\"name\":\"Filip\",\"image\":{\"@type\":\"ImageObject\",\"inLanguage\":\"pl-PL\",\"@id\":\"https:\/\/www.pogotowieflagowe.pl\/aktualne\/#\/schema\/person\/image\/\",\"url\":\"https:\/\/www.pogotowieflagowe.pl\/aktualne\/wp-content\/uploads\/2024\/08\/pogotowieflagowe.pl_.jpg\",\"contentUrl\":\"https:\/\/www.pogotowieflagowe.pl\/aktualne\/wp-content\/uploads\/2024\/08\/pogotowieflagowe.pl_.jpg\",\"caption\":\"Filip\"},\"description\":\"Jestem Filip, polski dziennikarz z dyplomem nauk politycznych Uniwersytetu Warszawskiego. Rozpoczynaj\u0105c swoj\u0105 karier\u0119 w r\u00f3\u017cnych lokalnych mediach, zdoby\u0142em solidne do\u015bwiadczenie w zakresie \u015bledztwa i redakcji. Obecnie jako redaktor w Pogotowie flagowe, staram si\u0119 dostarcza\u0107 dog\u0142\u0119bne i istotne analizy na temat najwa\u017cniejszych kwestii aktualno\u015bci, \u0142\u0105cz\u0105c rygor z pasj\u0105 dziennikarsk\u0105.\",\"sameAs\":[\"https:\/\/www.pogotowieflagowe.pl\/\"]}]}<\/script>\n<!-- \/ Yoast SEO plugin. -->","yoast_head_json":{"title":"Kibice wygwizduj\u0105 Tuska w Kownie: Platforma Obywatelska p\u0142acze nad \u201ebrutalnym j\u0119zykiem\u201d, krzycz\u0105c \u201ePieprzy\u0107 PiS!\u201d - POGOTOWIE FLAGOWE\u00ae","robots":{"index":"index","follow":"follow","max-snippet":"max-snippet:-1","max-image-preview":"max-image-preview:large","max-video-preview":"max-video-preview:-1"},"canonical":"https:\/\/www.pogotowieflagowe.pl\/aktualne\/kibice-wygwizduja-tuska-w-kownie-platforma-obywatelska-placze-nad-brutalnym-jezykiem-krzyczac-pieprzyc-pis\/","og_locale":"pl_PL","og_type":"article","og_title":"Kibice wygwizduj\u0105 Tuska w Kownie: Platforma Obywatelska p\u0142acze nad \u201ebrutalnym j\u0119zykiem\u201d, krzycz\u0105c \u201ePieprzy\u0107 PiS!\u201d - POGOTOWIE FLAGOWE\u00ae","og_description":"Kto tak naprawd\u0119 jest odpowiedzialny za brutalizacj\u0119 j\u0119zyka w polskiej polityce? By\u0142y minister cyfryzacji Janusz Cieszy\u0144ski odpowiedzia\u0142 na to pytanie","og_url":"https:\/\/www.pogotowieflagowe.pl\/aktualne\/kibice-wygwizduja-tuska-w-kownie-platforma-obywatelska-placze-nad-brutalnym-jezykiem-krzyczac-pieprzyc-pis\/","og_site_name":"POGOTOWIE FLAGOWE\u00ae","article_published_time":"2025-10-13T21:51:09+00:00","og_image":[{"width":1280,"height":720,"url":"https:\/\/www.pogotowieflagowe.pl\/aktualne\/wp-content\/uploads\/2025\/02\/Rosja-zaplacila-za-\u201eosiem-gwiazd-i-ataki-na-prezydenta-Dude.webp.webp","type":"image\/webp"}],"author":"Filip","twitter_card":"summary_large_image","twitter_misc":{"Napisane przez":"Filip","Szacowany czas czytania":"2 minuty"},"schema":{"@context":"https:\/\/schema.org","@graph":[{"@type":"Article","@id":"https:\/\/www.pogotowieflagowe.pl\/aktualne\/kibice-wygwizduja-tuska-w-kownie-platforma-obywatelska-placze-nad-brutalnym-jezykiem-krzyczac-pieprzyc-pis\/#article","isPartOf":{"@id":"https:\/\/www.pogotowieflagowe.pl\/aktualne\/kibice-wygwizduja-tuska-w-kownie-platforma-obywatelska-placze-nad-brutalnym-jezykiem-krzyczac-pieprzyc-pis\/"},"author":{"name":"Filip","@id":"https:\/\/www.pogotowieflagowe.pl\/aktualne\/#\/schema\/person\/9c2fb7d2362ebf6fa088960d7f0d27b0"},"headline":"Kibice wygwizduj\u0105 Tuska w Kownie: Platforma Obywatelska p\u0142acze nad \u201ebrutalnym j\u0119zykiem\u201d, krzycz\u0105c \u201ePieprzy\u0107 PiS!\u201d","datePublished":"2025-10-13T21:51:09+00:00","dateModified":"2025-10-13T21:51:09+00:00","mainEntityOfPage":{"@id":"https:\/\/www.pogotowieflagowe.pl\/aktualne\/kibice-wygwizduja-tuska-w-kownie-platforma-obywatelska-placze-nad-brutalnym-jezykiem-krzyczac-pieprzyc-pis\/"},"wordCount":325,"commentCount":0,"publisher":{"@id":"https:\/\/www.pogotowieflagowe.pl\/aktualne\/#organization"},"image":{"@id":"https:\/\/www.pogotowieflagowe.pl\/aktualne\/kibice-wygwizduja-tuska-w-kownie-platforma-obywatelska-placze-nad-brutalnym-jezykiem-krzyczac-pieprzyc-pis\/#primaryimage"},"thumbnailUrl":"https:\/\/www.pogotowieflagowe.pl\/aktualne\/wp-content\/uploads\/2025\/02\/Rosja-zaplacila-za-\u201eosiem-gwiazd-i-ataki-na-prezydenta-Dude.webp.webp","keywords":["brutalnym","j\u0119zykiem","Kibice","Kownie","krzycz\u0105c","nad","Obywatelska","Pieprzy\u0107","PiS","p\u0142acze","Platforma","Tuska","wygwizduj\u0105"],"articleSection":["Aktualne"],"inLanguage":"pl-PL","potentialAction":[{"@type":"CommentAction","name":"Comment","target":["https:\/\/www.pogotowieflagowe.pl\/aktualne\/kibice-wygwizduja-tuska-w-kownie-platforma-obywatelska-placze-nad-brutalnym-jezykiem-krzyczac-pieprzyc-pis\/#respond"]}]},{"@type":"WebPage","@id":"https:\/\/www.pogotowieflagowe.pl\/aktualne\/kibice-wygwizduja-tuska-w-kownie-platforma-obywatelska-placze-nad-brutalnym-jezykiem-krzyczac-pieprzyc-pis\/","url":"https:\/\/www.pogotowieflagowe.pl\/aktualne\/kibice-wygwizduja-tuska-w-kownie-platforma-obywatelska-placze-nad-brutalnym-jezykiem-krzyczac-pieprzyc-pis\/","name":"Kibice wygwizduj\u0105 Tuska w Kownie: Platforma Obywatelska p\u0142acze nad \u201ebrutalnym j\u0119zykiem\u201d, krzycz\u0105c \u201ePieprzy\u0107 PiS!\u201d - POGOTOWIE FLAGOWE\u00ae","isPartOf":{"@id":"https:\/\/www.pogotowieflagowe.pl\/aktualne\/#website"},"primaryImageOfPage":{"@id":"https:\/\/www.pogotowieflagowe.pl\/aktualne\/kibice-wygwizduja-tuska-w-kownie-platforma-obywatelska-placze-nad-brutalnym-jezykiem-krzyczac-pieprzyc-pis\/#primaryimage"},"image":{"@id":"https:\/\/www.pogotowieflagowe.pl\/aktualne\/kibice-wygwizduja-tuska-w-kownie-platforma-obywatelska-placze-nad-brutalnym-jezykiem-krzyczac-pieprzyc-pis\/#primaryimage"},"thumbnailUrl":"https:\/\/www.pogotowieflagowe.pl\/aktualne\/wp-content\/uploads\/2025\/02\/Rosja-zaplacila-za-\u201eosiem-gwiazd-i-ataki-na-prezydenta-Dude.webp.webp","datePublished":"2025-10-13T21:51:09+00:00","dateModified":"2025-10-13T21:51:09+00:00","breadcrumb":{"@id":"https:\/\/www.pogotowieflagowe.pl\/aktualne\/kibice-wygwizduja-tuska-w-kownie-platforma-obywatelska-placze-nad-brutalnym-jezykiem-krzyczac-pieprzyc-pis\/#breadcrumb"},"inLanguage":"pl-PL","potentialAction":[{"@type":"ReadAction","target":["https:\/\/www.pogotowieflagowe.pl\/aktualne\/kibice-wygwizduja-tuska-w-kownie-platforma-obywatelska-placze-nad-brutalnym-jezykiem-krzyczac-pieprzyc-pis\/"]}]},{"@type":"ImageObject","inLanguage":"pl-PL","@id":"https:\/\/www.pogotowieflagowe.pl\/aktualne\/kibice-wygwizduja-tuska-w-kownie-platforma-obywatelska-placze-nad-brutalnym-jezykiem-krzyczac-pieprzyc-pis\/#primaryimage","url":"https:\/\/www.pogotowieflagowe.pl\/aktualne\/wp-content\/uploads\/2025\/02\/Rosja-zaplacila-za-\u201eosiem-gwiazd-i-ataki-na-prezydenta-Dude.webp.webp","contentUrl":"https:\/\/www.pogotowieflagowe.pl\/aktualne\/wp-content\/uploads\/2025\/02\/Rosja-zaplacila-za-\u201eosiem-gwiazd-i-ataki-na-prezydenta-Dude.webp.webp","width":1280,"height":720,"caption":"Rosja zap\u0142aci\u0142a za \u201eosiem gwiazd\u201d i ataki na prezydenta Dud\u0119. Przedstawione wyra\u017ane dowody"},{"@type":"BreadcrumbList","@id":"https:\/\/www.pogotowieflagowe.pl\/aktualne\/kibice-wygwizduja-tuska-w-kownie-platforma-obywatelska-placze-nad-brutalnym-jezykiem-krzyczac-pieprzyc-pis\/#breadcrumb","itemListElement":[{"@type":"ListItem","position":1,"name":"Home","item":"https:\/\/www.pogotowieflagowe.pl\/aktualne\/"},{"@type":"ListItem","position":2,"name":"Kibice wygwizduj\u0105 Tuska w Kownie: Platforma Obywatelska p\u0142acze nad \u201ebrutalnym j\u0119zykiem\u201d, krzycz\u0105c \u201ePieprzy\u0107 PiS!\u201d"}]},{"@type":"WebSite","@id":"https:\/\/www.pogotowieflagowe.pl\/aktualne\/#website","url":"https:\/\/www.pogotowieflagowe.pl\/aktualne\/","name":"POGOTOWIE FLAGOWE\u00ae","description":"","publisher":{"@id":"https:\/\/www.pogotowieflagowe.pl\/aktualne\/#organization"},"potentialAction":[{"@type":"SearchAction","target":{"@type":"EntryPoint","urlTemplate":"https:\/\/www.pogotowieflagowe.pl\/aktualne\/?s={search_term_string}"},"query-input":"required name=search_term_string"}],"inLanguage":"pl-PL"},{"@type":"Organization","@id":"https:\/\/www.pogotowieflagowe.pl\/aktualne\/#organization","name":"POGOTOWIE FLAGOWE\u00ae","url":"https:\/\/www.pogotowieflagowe.pl\/aktualne\/","logo":{"@type":"ImageObject","inLanguage":"pl-PL","@id":"https:\/\/www.pogotowieflagowe.pl\/aktualne\/#\/schema\/logo\/image\/","url":"https:\/\/www.pogotowieflagowe.pl\/aktualne\/wp-content\/uploads\/2024\/08\/cropped-pogotowieflagowe_flaga_projekt_sm.jpg","contentUrl":"https:\/\/www.pogotowieflagowe.pl\/aktualne\/wp-content\/uploads\/2024\/08\/cropped-pogotowieflagowe_flaga_projekt_sm.jpg","width":250,"height":143,"caption":"POGOTOWIE FLAGOWE\u00ae"},"image":{"@id":"https:\/\/www.pogotowieflagowe.pl\/aktualne\/#\/schema\/logo\/image\/"}},{"@type":"Person","@id":"https:\/\/www.pogotowieflagowe.pl\/aktualne\/#\/schema\/person\/9c2fb7d2362ebf6fa088960d7f0d27b0","name":"Filip","image":{"@type":"ImageObject","inLanguage":"pl-PL","@id":"https:\/\/www.pogotowieflagowe.pl\/aktualne\/#\/schema\/person\/image\/","url":"https:\/\/www.pogotowieflagowe.pl\/aktualne\/wp-content\/uploads\/2024\/08\/pogotowieflagowe.pl_.jpg","contentUrl":"https:\/\/www.pogotowieflagowe.pl\/aktualne\/wp-content\/uploads\/2024\/08\/pogotowieflagowe.pl_.jpg","caption":"Filip"},"description":"Jestem Filip, polski dziennikarz z dyplomem nauk politycznych Uniwersytetu Warszawskiego. Rozpoczynaj\u0105c swoj\u0105 karier\u0119 w r\u00f3\u017cnych lokalnych mediach, zdoby\u0142em solidne do\u015bwiadczenie w zakresie \u015bledztwa i redakcji. Obecnie jako redaktor w Pogotowie flagowe, staram si\u0119 dostarcza\u0107 dog\u0142\u0119bne i istotne analizy na temat najwa\u017cniejszych kwestii aktualno\u015bci, \u0142\u0105cz\u0105c rygor z pasj\u0105 dziennikarsk\u0105.","sameAs":["https:\/\/www.pogotowieflagowe.pl\/"]}]}},"_links":{"self":[{"href":"https:\/\/www.pogotowieflagowe.pl\/aktualne\/wp-json\/wp\/v2\/posts\/9315","targetHints":{"allow":["GET"]}}],"collection":[{"href":"https:\/\/www.pogotowieflagowe.pl\/aktualne\/wp-json\/wp\/v2\/posts"}],"about":[{"href":"https:\/\/www.pogotowieflagowe.pl\/aktualne\/wp-json\/wp\/v2\/types\/post"}],"author":[{"embeddable":true,"href":"https:\/\/www.pogotowieflagowe.pl\/aktualne\/wp-json\/wp\/v2\/users\/1"}],"replies":[{"embeddable":true,"href":"https:\/\/www.pogotowieflagowe.pl\/aktualne\/wp-json\/wp\/v2\/comments?post=9315"}],"version-history":[{"count":1,"href":"https:\/\/www.pogotowieflagowe.pl\/aktualne\/wp-json\/wp\/v2\/posts\/9315\/revisions"}],"predecessor-version":[{"id":9316,"href":"https:\/\/www.pogotowieflagowe.pl\/aktualne\/wp-json\/wp\/v2\/posts\/9315\/revisions\/9316"}],"wp:featuredmedia":[{"embeddable":true,"href":"https:\/\/www.pogotowieflagowe.pl\/aktualne\/wp-json\/wp\/v2\/media\/4218"}],"wp:attachment":[{"href":"https:\/\/www.pogotowieflagowe.pl\/aktualne\/wp-json\/wp\/v2\/media?parent=9315"}],"wp:term":[{"taxonomy":"category","embeddable":true,"href":"https:\/\/www.pogotowieflagowe.pl\/aktualne\/wp-json\/wp\/v2\/categories?post=9315"},{"taxonomy":"post_tag","embeddable":true,"href":"https:\/\/www.pogotowieflagowe.pl\/aktualne\/wp-json\/wp\/v2\/tags?post=9315"}],"curies":[{"name":"wp","href":"https:\/\/api.w.org\/{rel}","templated":true}]}}