{"id":9369,"date":"2025-10-15T13:02:50","date_gmt":"2025-10-15T11:02:50","guid":{"rendered":"https:\/\/www.pogotowieflagowe.pl\/aktualne\/poparcie-dla-koalicji-13-grudnia-maleje-dzis-wielu-wyborcow-nie-glosowaloby-tak-samo-jak-w-2023-r-badanie\/"},"modified":"2025-10-15T13:02:51","modified_gmt":"2025-10-15T11:02:51","slug":"poparcie-dla-koalicji-13-grudnia-maleje-dzis-wielu-wyborcow-nie-glosowaloby-tak-samo-jak-w-2023-r-badanie","status":"publish","type":"post","link":"https:\/\/www.pogotowieflagowe.pl\/aktualne\/poparcie-dla-koalicji-13-grudnia-maleje-dzis-wielu-wyborcow-nie-glosowaloby-tak-samo-jak-w-2023-r-badanie\/","title":{"rendered":"Poparcie dla Koalicji 13 Grudnia maleje. Dzi\u015b wielu wyborc\u00f3w nie g\u0142osowa\u0142oby tak samo, jak w 2023 r. (BADANIE)"},"content":{"rendered":"\n<div class=\"td_block_wrap tdb_single_content tdi_41 td-pb-border-top td_block_template_8 td-post-content tagdiv-type\" data-td-block-uid=\"tdi_41\">\n<style>.tdi_41{margines-top:0px!important;margin-bottom:0px!important;dope\u0142nienie-g\u00f3ra:0px!important;dope\u0142nienie-d\u00f3\u0142:0px!important}<\/style>\n<style>.tdb_single_content{margin-bottom:0;*zoom:1}.tdb_single_content:before,.tdb_single_content:after{display:table;content:'';line-height:0}.tdb_single_content:after{clear:both}.tdb_single_content .tdb-block-inner>*:not(.wp-block-quote):not(.alignwide):not(.alignfull.wp-block-cover.has-parallax):not(.td-a-ad){margin-left:auto;margin-right:auto}.tdb_single_content a{pointer-events:auto}.tdb_single_content .td-spot-id-top_ad .tdc-placeholder-title:before{content:'Article Top Ad'!important}.tdb_single_content .td-spot-id-inline_ad0 .tdc-placeholder-title:before{content:'Article Reklama wbudowana 1'!important}.tdb_single_content .td-spot-id-inline_ad1 .tdc-placeholder-title:before{content:'Reklama wbudowana w artyku\u0142 2'!important}.tdb_single_content .td-spot-id-inline_ad2 .tdc-placeholder-title:before{content:'Reklama w tek\u015bcie artyku\u0142u 3'!important}.tdb_single_content .td-spot-id-bottom_ad .tdc-placeholder-title:before{content:'Article Bottom Ad'!important}.tdb_single_content .id_top_ad,.tdb_single_content .id_bottom_ad{clear:both;margin-bottom:21px;text-align:center}.tdb_single_content .id_top_ad img,.tdb_single_content .id_bottom_ad img{margin-bottom:0}.tdb_single_content .id_top_ad .adsbygoogle,.tdb_single_content .id_bottom_ad .adsbygoogle{position:relative}.tdb_single_content .id_ad_content-horiz-left,.tdb_single_content .id_ad_content-horiz-right,.tdb_single_content .id_ad_content-horiz-center{margin-bottom:15px}.tdb_single_content .id_ad_content-horiz-left img,.tdb_single_content .id_ad_content-horiz-right img,.tdb_single_content .id_ad_content-horiz-center img{margin-bottom:0}.tdb_single_content .id_ad_content-horiz-center{text-align:center}.tdb_single_content .id_ad_content-horiz-center img{margin-right:auto;margin-left:auto}.tdb_single_content .id_ad_content-horiz-left{float:left;margin-top:9px;margin-right:21px}.tdb_single_content .id_ad_content-horiz-right{float:right;margin-top:6px;margin-left:21px}.tdb_single_content .tdc-a-ad .tdc-placeholder-title{width:300px;height:250px}.tdb_single_content .tdc-a-ad .tdc-placeholder-title:before{position:absolute;top:50%;-webkit-transform:translateY(-50%);transform:translateY(-50%);margin:auto;display:table;width:100%}.tdb_single_content .tdb-block-inner.td-fix-index{word-break:break-word}.tdi_41,.tdi_41>p,.tdi_41 .tdb-block-inner>p,.wp-block-column>p{font-size:16px!important;line-height:1.6!important}.tdi_41 .tdb-block-inner cytat blokowy p{font-style:normal!important}@media (max-width:767px){.tdb_single_content .id_ad_content-horiz-left,.tdb_single_content .id_ad_content-horiz-right,.tdb_single_content .id_ad_content-horiz-center{margin:0 auto 26 pikseli auto}}@media (max-width:767px){.tdb_single_content .id_ad_content-horiz-left{margin-right:0}}@media (max-width:767px){.tdb_single_content .id_ad_content-horiz-right{margin-left:0}}@media (max-width:767px){.tdb_single_content .td-a-ad{float:none;text-align:center}.tdb_single_content .td-a-ad img{margin-right:auto;margin-left:auto}.tdb_single_content .tdc-a-ad{float:none}}<\/style>\n<div class=\"tdb-block-inner td-fix-index\">\n<p>Co pi\u0105ty wyborca, kt\u00f3ry w 2023 roku popar\u0142 partie Koalicji 13 Grudnia, nie g\u0142osowa\u0142by ju\u017c dzi\u015b w ten sam spos\u00f3b. <strong>&#8222;Od dw\u00f3ch lat Polska stoi w miejscu, zamiast i\u015b\u0107 do przodu i wykorzysta\u0107 sw\u00f3j potencja\u0142. Obecny rz\u0105d sprowadzi\u0142 nas ze \u015bcie\u017cki wzrostu, stabilno\u015bci i dobrobytu, prowadz\u0105c kraj w stron\u0119 niepewno\u015bci i pog\u0142\u0119biaj\u0105cych si\u0119 problem\u00f3w&#8221;<\/strong> \u2013 skomentowa\u0142a Beata Szyd\u0142o.<\/p>\n<p>Wyniki wybor\u00f3w parlamentarnych, kt\u00f3re odby\u0142y si\u0119 15 pa\u017adziernika 2023 r., doprowadzi\u0142y do \u200b\u200bzmiany wi\u0119kszo\u015bci w Sejmie, a co za tym idzie \u2013 do zmiany rz\u0105du. <em>Prawo i Sprawiedliwo\u015b\u0107<\/em> (PiS), cho\u0107 wygra\u0142 wybory, nie uda\u0142o mu si\u0119 utworzy\u0107 gabinetu.<\/p>\n<p><em>Prawo i Sprawiedliwo\u015b\u0107<\/em> uzyska\u0142y 35,38 proc. g\u0142os\u00f3w, podczas gdy partie tworz\u0105ce Koalicj\u0119 13 Grudnia zdoby\u0142y \u0142\u0105cznie oko\u0142o 54 proc. poparcia elektoratu.<\/p>\n<h2 class=\"wp-block-heading\">Co pozosta\u0142o z tego wsparcia dwa lata p\u00f3\u017aniej?<\/h2>\n<p>Jak wynika z badania przeprowadzonego przez <em>Instytut badawczy ankieter\u00f3w<\/em> Do <em>Super Ekspres<\/em>dzi\u015b tylko 65 procent wyborc\u00f3w Koalicji 13 Grudnia 2023 zdecydowanie ponownie poprze jej partie.<\/p>\n<p>Dwadzie\u015bcia dwa procent wyborc\u00f3w koalicji zmieni\u0142o zdanie, a 13 procent pozostaje niezdecydowanych.<\/p>\n<figure class=\"wp-block-pullquote\">\n<blockquote>\n<p><strong>&#8222;Od dw\u00f3ch lat Polska stoi w miejscu, zamiast i\u015b\u0107 do przodu i wykorzysta\u0107 sw\u00f3j potencja\u0142. Obecny rz\u0105d sprowadzi\u0142 nas ze \u015bcie\u017cki wzrostu, stabilno\u015bci i dobrobytu, prowadz\u0105c kraj w stron\u0119 niepewno\u015bci i pog\u0142\u0119biaj\u0105cych si\u0119 problem\u00f3w. Je\u015bli ten kierunek b\u0119dzie si\u0119 utrzymywa\u0142, trudno b\u0119dzie oczekiwa\u0107 jakiejkolwiek poprawy &#8211; wielu Polak\u00f3w ju\u017c to dzi\u015b widzi&#8221;<\/strong> \u2013 powiedzia\u0142a Beata Szyd\u0142o, by\u0142a premier i <em>Prawo i Sprawiedliwo\u015b\u0107<\/em> (PiS) pose\u0142 do Parlamentu Europejskiego w rozmowie z <em>Super Ekspres<\/em>.<\/p>\n<\/blockquote>\n<\/figure>\n<\/div>\n<\/div>\n","protected":false},"excerpt":{"rendered":"<p>Co pi\u0105ty wyborca, kt\u00f3ry w 2023 roku popar\u0142 partie Koalicji 13 Grudnia, nie g\u0142osowa\u0142by ju\u017c dzi\u015b w ten sam spos\u00f3b.<\/p>\n","protected":false},"author":1,"featured_media":9370,"comment_status":"open","ping_status":"open","sticky":false,"template":"","format":"standard","meta":{"footnotes":""},"categories":[4748],"tags":[191,131,3654,10879,3426,982,3843,10878,450,193,7066,1547,9495,1980],"class_list":["post-9369","post","type-post","status-publish","format-standard","has-post-thumbnail","hentry","category-aktualne","tag-badanie","tag-dla","tag-dzis","tag-glosowaloby","tag-grudnia","tag-jak","tag-koalicji","tag-maleje","tag-nie","tag-poparcie","tag-samo","tag-tak","tag-wielu","tag-wyborcow","generate-columns","tablet-grid-50","mobile-grid-100","grid-parent","grid-50","resize-featured-image"],"yoast_head":"<!-- This site is optimized with the Yoast SEO plugin v23.2 - https:\/\/yoast.com\/wordpress\/plugins\/seo\/ -->\n<title>Poparcie dla Koalicji 13 Grudnia maleje. Dzi\u015b wielu wyborc\u00f3w nie g\u0142osowa\u0142oby tak samo, jak w 2023 r. (BADANIE) - POGOTOWIE FLAGOWE\u00ae<\/title>\n<meta name=\"robots\" content=\"index, follow, max-snippet:-1, max-image-preview:large, max-video-preview:-1\" \/>\n<link rel=\"canonical\" href=\"https:\/\/www.pogotowieflagowe.pl\/aktualne\/poparcie-dla-koalicji-13-grudnia-maleje-dzis-wielu-wyborcow-nie-glosowaloby-tak-samo-jak-w-2023-r-badanie\/\" \/>\n<meta property=\"og:locale\" content=\"pl_PL\" \/>\n<meta property=\"og:type\" content=\"article\" \/>\n<meta property=\"og:title\" content=\"Poparcie dla Koalicji 13 Grudnia maleje. Dzi\u015b wielu wyborc\u00f3w nie g\u0142osowa\u0142oby tak samo, jak w 2023 r. (BADANIE) - POGOTOWIE FLAGOWE\u00ae\" \/>\n<meta property=\"og:description\" content=\"Co pi\u0105ty wyborca, kt\u00f3ry w 2023 roku popar\u0142 partie Koalicji 13 Grudnia, nie g\u0142osowa\u0142by ju\u017c dzi\u015b w ten sam spos\u00f3b.\" \/>\n<meta property=\"og:url\" content=\"https:\/\/www.pogotowieflagowe.pl\/aktualne\/poparcie-dla-koalicji-13-grudnia-maleje-dzis-wielu-wyborcow-nie-glosowaloby-tak-samo-jak-w-2023-r-badanie\/\" \/>\n<meta property=\"og:site_name\" content=\"POGOTOWIE FLAGOWE\u00ae\" \/>\n<meta property=\"article:published_time\" content=\"2025-10-15T11:02:50+00:00\" \/>\n<meta property=\"article:modified_time\" content=\"2025-10-15T11:02:51+00:00\" \/>\n<meta property=\"og:image\" content=\"https:\/\/www.pogotowieflagowe.pl\/aktualne\/wp-content\/uploads\/2025\/10\/Poparcie-dla-Koalicji-13-Grudnia-maleje-Dzis-wielu-wyborcow-nie.webp.webp\" \/>\n\t<meta property=\"og:image:width\" content=\"1280\" \/>\n\t<meta property=\"og:image:height\" content=\"720\" \/>\n\t<meta property=\"og:image:type\" content=\"image\/webp\" \/>\n<meta name=\"author\" content=\"Filip\" \/>\n<meta name=\"twitter:card\" content=\"summary_large_image\" \/>\n<meta name=\"twitter:label1\" content=\"Napisane przez\" \/>\n\t<meta name=\"twitter:data1\" content=\"Filip\" \/>\n\t<meta name=\"twitter:label2\" content=\"Szacowany czas czytania\" \/>\n\t<meta name=\"twitter:data2\" content=\"1 minuta\" \/>\n<script type=\"application\/ld+json\" class=\"yoast-schema-graph\">{\"@context\":\"https:\/\/schema.org\",\"@graph\":[{\"@type\":\"Article\",\"@id\":\"https:\/\/www.pogotowieflagowe.pl\/aktualne\/poparcie-dla-koalicji-13-grudnia-maleje-dzis-wielu-wyborcow-nie-glosowaloby-tak-samo-jak-w-2023-r-badanie\/#article\",\"isPartOf\":{\"@id\":\"https:\/\/www.pogotowieflagowe.pl\/aktualne\/poparcie-dla-koalicji-13-grudnia-maleje-dzis-wielu-wyborcow-nie-glosowaloby-tak-samo-jak-w-2023-r-badanie\/\"},\"author\":{\"name\":\"Filip\",\"@id\":\"https:\/\/www.pogotowieflagowe.pl\/aktualne\/#\/schema\/person\/9c2fb7d2362ebf6fa088960d7f0d27b0\"},\"headline\":\"Poparcie dla Koalicji 13 Grudnia maleje. Dzi\u015b wielu wyborc\u00f3w nie g\u0142osowa\u0142oby tak samo, jak w 2023 r. (BADANIE)\",\"datePublished\":\"2025-10-15T11:02:50+00:00\",\"dateModified\":\"2025-10-15T11:02:51+00:00\",\"mainEntityOfPage\":{\"@id\":\"https:\/\/www.pogotowieflagowe.pl\/aktualne\/poparcie-dla-koalicji-13-grudnia-maleje-dzis-wielu-wyborcow-nie-glosowaloby-tak-samo-jak-w-2023-r-badanie\/\"},\"wordCount\":295,\"commentCount\":0,\"publisher\":{\"@id\":\"https:\/\/www.pogotowieflagowe.pl\/aktualne\/#organization\"},\"image\":{\"@id\":\"https:\/\/www.pogotowieflagowe.pl\/aktualne\/poparcie-dla-koalicji-13-grudnia-maleje-dzis-wielu-wyborcow-nie-glosowaloby-tak-samo-jak-w-2023-r-badanie\/#primaryimage\"},\"thumbnailUrl\":\"https:\/\/www.pogotowieflagowe.pl\/aktualne\/wp-content\/uploads\/2025\/10\/Poparcie-dla-Koalicji-13-Grudnia-maleje-Dzis-wielu-wyborcow-nie.webp.webp\",\"keywords\":[\"Badanie\",\"dla\",\"dzi\u015b\",\"g\u0142osowa\u0142oby\",\"grudnia\",\"Jak\",\"Koalicji\",\"maleje\",\"Nie\",\"poparcie\",\"samo\",\"tak\",\"wielu\",\"wyborc\u00f3w\"],\"articleSection\":[\"Aktualne\"],\"inLanguage\":\"pl-PL\",\"potentialAction\":[{\"@type\":\"CommentAction\",\"name\":\"Comment\",\"target\":[\"https:\/\/www.pogotowieflagowe.pl\/aktualne\/poparcie-dla-koalicji-13-grudnia-maleje-dzis-wielu-wyborcow-nie-glosowaloby-tak-samo-jak-w-2023-r-badanie\/#respond\"]}]},{\"@type\":\"WebPage\",\"@id\":\"https:\/\/www.pogotowieflagowe.pl\/aktualne\/poparcie-dla-koalicji-13-grudnia-maleje-dzis-wielu-wyborcow-nie-glosowaloby-tak-samo-jak-w-2023-r-badanie\/\",\"url\":\"https:\/\/www.pogotowieflagowe.pl\/aktualne\/poparcie-dla-koalicji-13-grudnia-maleje-dzis-wielu-wyborcow-nie-glosowaloby-tak-samo-jak-w-2023-r-badanie\/\",\"name\":\"Poparcie dla Koalicji 13 Grudnia maleje. Dzi\u015b wielu wyborc\u00f3w nie g\u0142osowa\u0142oby tak samo, jak w 2023 r. (BADANIE) - POGOTOWIE FLAGOWE\u00ae\",\"isPartOf\":{\"@id\":\"https:\/\/www.pogotowieflagowe.pl\/aktualne\/#website\"},\"primaryImageOfPage\":{\"@id\":\"https:\/\/www.pogotowieflagowe.pl\/aktualne\/poparcie-dla-koalicji-13-grudnia-maleje-dzis-wielu-wyborcow-nie-glosowaloby-tak-samo-jak-w-2023-r-badanie\/#primaryimage\"},\"image\":{\"@id\":\"https:\/\/www.pogotowieflagowe.pl\/aktualne\/poparcie-dla-koalicji-13-grudnia-maleje-dzis-wielu-wyborcow-nie-glosowaloby-tak-samo-jak-w-2023-r-badanie\/#primaryimage\"},\"thumbnailUrl\":\"https:\/\/www.pogotowieflagowe.pl\/aktualne\/wp-content\/uploads\/2025\/10\/Poparcie-dla-Koalicji-13-Grudnia-maleje-Dzis-wielu-wyborcow-nie.webp.webp\",\"datePublished\":\"2025-10-15T11:02:50+00:00\",\"dateModified\":\"2025-10-15T11:02:51+00:00\",\"breadcrumb\":{\"@id\":\"https:\/\/www.pogotowieflagowe.pl\/aktualne\/poparcie-dla-koalicji-13-grudnia-maleje-dzis-wielu-wyborcow-nie-glosowaloby-tak-samo-jak-w-2023-r-badanie\/#breadcrumb\"},\"inLanguage\":\"pl-PL\",\"potentialAction\":[{\"@type\":\"ReadAction\",\"target\":[\"https:\/\/www.pogotowieflagowe.pl\/aktualne\/poparcie-dla-koalicji-13-grudnia-maleje-dzis-wielu-wyborcow-nie-glosowaloby-tak-samo-jak-w-2023-r-badanie\/\"]}]},{\"@type\":\"ImageObject\",\"inLanguage\":\"pl-PL\",\"@id\":\"https:\/\/www.pogotowieflagowe.pl\/aktualne\/poparcie-dla-koalicji-13-grudnia-maleje-dzis-wielu-wyborcow-nie-glosowaloby-tak-samo-jak-w-2023-r-badanie\/#primaryimage\",\"url\":\"https:\/\/www.pogotowieflagowe.pl\/aktualne\/wp-content\/uploads\/2025\/10\/Poparcie-dla-Koalicji-13-Grudnia-maleje-Dzis-wielu-wyborcow-nie.webp.webp\",\"contentUrl\":\"https:\/\/www.pogotowieflagowe.pl\/aktualne\/wp-content\/uploads\/2025\/10\/Poparcie-dla-Koalicji-13-Grudnia-maleje-Dzis-wielu-wyborcow-nie.webp.webp\",\"width\":1280,\"height\":720,\"caption\":\"Poparcie dla Koalicji 13 Grudnia maleje. Dzi\u015b wielu wyborc\u00f3w nie g\u0142osowa\u0142oby tak samo, jak w 2023 r. (BADANIE)\"},{\"@type\":\"BreadcrumbList\",\"@id\":\"https:\/\/www.pogotowieflagowe.pl\/aktualne\/poparcie-dla-koalicji-13-grudnia-maleje-dzis-wielu-wyborcow-nie-glosowaloby-tak-samo-jak-w-2023-r-badanie\/#breadcrumb\",\"itemListElement\":[{\"@type\":\"ListItem\",\"position\":1,\"name\":\"Home\",\"item\":\"https:\/\/www.pogotowieflagowe.pl\/aktualne\/\"},{\"@type\":\"ListItem\",\"position\":2,\"name\":\"Poparcie dla Koalicji 13 Grudnia maleje. Dzi\u015b wielu wyborc\u00f3w nie g\u0142osowa\u0142oby tak samo, jak w 2023 r. (BADANIE)\"}]},{\"@type\":\"WebSite\",\"@id\":\"https:\/\/www.pogotowieflagowe.pl\/aktualne\/#website\",\"url\":\"https:\/\/www.pogotowieflagowe.pl\/aktualne\/\",\"name\":\"POGOTOWIE FLAGOWE\u00ae\",\"description\":\"\",\"publisher\":{\"@id\":\"https:\/\/www.pogotowieflagowe.pl\/aktualne\/#organization\"},\"potentialAction\":[{\"@type\":\"SearchAction\",\"target\":{\"@type\":\"EntryPoint\",\"urlTemplate\":\"https:\/\/www.pogotowieflagowe.pl\/aktualne\/?s={search_term_string}\"},\"query-input\":\"required name=search_term_string\"}],\"inLanguage\":\"pl-PL\"},{\"@type\":\"Organization\",\"@id\":\"https:\/\/www.pogotowieflagowe.pl\/aktualne\/#organization\",\"name\":\"POGOTOWIE FLAGOWE\u00ae\",\"url\":\"https:\/\/www.pogotowieflagowe.pl\/aktualne\/\",\"logo\":{\"@type\":\"ImageObject\",\"inLanguage\":\"pl-PL\",\"@id\":\"https:\/\/www.pogotowieflagowe.pl\/aktualne\/#\/schema\/logo\/image\/\",\"url\":\"https:\/\/www.pogotowieflagowe.pl\/aktualne\/wp-content\/uploads\/2024\/08\/cropped-pogotowieflagowe_flaga_projekt_sm.jpg\",\"contentUrl\":\"https:\/\/www.pogotowieflagowe.pl\/aktualne\/wp-content\/uploads\/2024\/08\/cropped-pogotowieflagowe_flaga_projekt_sm.jpg\",\"width\":250,\"height\":143,\"caption\":\"POGOTOWIE FLAGOWE\u00ae\"},\"image\":{\"@id\":\"https:\/\/www.pogotowieflagowe.pl\/aktualne\/#\/schema\/logo\/image\/\"}},{\"@type\":\"Person\",\"@id\":\"https:\/\/www.pogotowieflagowe.pl\/aktualne\/#\/schema\/person\/9c2fb7d2362ebf6fa088960d7f0d27b0\",\"name\":\"Filip\",\"image\":{\"@type\":\"ImageObject\",\"inLanguage\":\"pl-PL\",\"@id\":\"https:\/\/www.pogotowieflagowe.pl\/aktualne\/#\/schema\/person\/image\/\",\"url\":\"https:\/\/www.pogotowieflagowe.pl\/aktualne\/wp-content\/uploads\/2024\/08\/pogotowieflagowe.pl_.jpg\",\"contentUrl\":\"https:\/\/www.pogotowieflagowe.pl\/aktualne\/wp-content\/uploads\/2024\/08\/pogotowieflagowe.pl_.jpg\",\"caption\":\"Filip\"},\"description\":\"Jestem Filip, polski dziennikarz z dyplomem nauk politycznych Uniwersytetu Warszawskiego. Rozpoczynaj\u0105c swoj\u0105 karier\u0119 w r\u00f3\u017cnych lokalnych mediach, zdoby\u0142em solidne do\u015bwiadczenie w zakresie \u015bledztwa i redakcji. Obecnie jako redaktor w Pogotowie flagowe, staram si\u0119 dostarcza\u0107 dog\u0142\u0119bne i istotne analizy na temat najwa\u017cniejszych kwestii aktualno\u015bci, \u0142\u0105cz\u0105c rygor z pasj\u0105 dziennikarsk\u0105.\",\"sameAs\":[\"https:\/\/www.pogotowieflagowe.pl\/\"]}]}<\/script>\n<!-- \/ Yoast SEO plugin. -->","yoast_head_json":{"title":"Poparcie dla Koalicji 13 Grudnia maleje. Dzi\u015b wielu wyborc\u00f3w nie g\u0142osowa\u0142oby tak samo, jak w 2023 r. (BADANIE) - POGOTOWIE FLAGOWE\u00ae","robots":{"index":"index","follow":"follow","max-snippet":"max-snippet:-1","max-image-preview":"max-image-preview:large","max-video-preview":"max-video-preview:-1"},"canonical":"https:\/\/www.pogotowieflagowe.pl\/aktualne\/poparcie-dla-koalicji-13-grudnia-maleje-dzis-wielu-wyborcow-nie-glosowaloby-tak-samo-jak-w-2023-r-badanie\/","og_locale":"pl_PL","og_type":"article","og_title":"Poparcie dla Koalicji 13 Grudnia maleje. Dzi\u015b wielu wyborc\u00f3w nie g\u0142osowa\u0142oby tak samo, jak w 2023 r. (BADANIE) - POGOTOWIE FLAGOWE\u00ae","og_description":"Co pi\u0105ty wyborca, kt\u00f3ry w 2023 roku popar\u0142 partie Koalicji 13 Grudnia, nie g\u0142osowa\u0142by ju\u017c dzi\u015b w ten sam spos\u00f3b.","og_url":"https:\/\/www.pogotowieflagowe.pl\/aktualne\/poparcie-dla-koalicji-13-grudnia-maleje-dzis-wielu-wyborcow-nie-glosowaloby-tak-samo-jak-w-2023-r-badanie\/","og_site_name":"POGOTOWIE FLAGOWE\u00ae","article_published_time":"2025-10-15T11:02:50+00:00","article_modified_time":"2025-10-15T11:02:51+00:00","og_image":[{"width":1280,"height":720,"url":"https:\/\/www.pogotowieflagowe.pl\/aktualne\/wp-content\/uploads\/2025\/10\/Poparcie-dla-Koalicji-13-Grudnia-maleje-Dzis-wielu-wyborcow-nie.webp.webp","type":"image\/webp"}],"author":"Filip","twitter_card":"summary_large_image","twitter_misc":{"Napisane przez":"Filip","Szacowany czas czytania":"1 minuta"},"schema":{"@context":"https:\/\/schema.org","@graph":[{"@type":"Article","@id":"https:\/\/www.pogotowieflagowe.pl\/aktualne\/poparcie-dla-koalicji-13-grudnia-maleje-dzis-wielu-wyborcow-nie-glosowaloby-tak-samo-jak-w-2023-r-badanie\/#article","isPartOf":{"@id":"https:\/\/www.pogotowieflagowe.pl\/aktualne\/poparcie-dla-koalicji-13-grudnia-maleje-dzis-wielu-wyborcow-nie-glosowaloby-tak-samo-jak-w-2023-r-badanie\/"},"author":{"name":"Filip","@id":"https:\/\/www.pogotowieflagowe.pl\/aktualne\/#\/schema\/person\/9c2fb7d2362ebf6fa088960d7f0d27b0"},"headline":"Poparcie dla Koalicji 13 Grudnia maleje. Dzi\u015b wielu wyborc\u00f3w nie g\u0142osowa\u0142oby tak samo, jak w 2023 r. (BADANIE)","datePublished":"2025-10-15T11:02:50+00:00","dateModified":"2025-10-15T11:02:51+00:00","mainEntityOfPage":{"@id":"https:\/\/www.pogotowieflagowe.pl\/aktualne\/poparcie-dla-koalicji-13-grudnia-maleje-dzis-wielu-wyborcow-nie-glosowaloby-tak-samo-jak-w-2023-r-badanie\/"},"wordCount":295,"commentCount":0,"publisher":{"@id":"https:\/\/www.pogotowieflagowe.pl\/aktualne\/#organization"},"image":{"@id":"https:\/\/www.pogotowieflagowe.pl\/aktualne\/poparcie-dla-koalicji-13-grudnia-maleje-dzis-wielu-wyborcow-nie-glosowaloby-tak-samo-jak-w-2023-r-badanie\/#primaryimage"},"thumbnailUrl":"https:\/\/www.pogotowieflagowe.pl\/aktualne\/wp-content\/uploads\/2025\/10\/Poparcie-dla-Koalicji-13-Grudnia-maleje-Dzis-wielu-wyborcow-nie.webp.webp","keywords":["Badanie","dla","dzi\u015b","g\u0142osowa\u0142oby","grudnia","Jak","Koalicji","maleje","Nie","poparcie","samo","tak","wielu","wyborc\u00f3w"],"articleSection":["Aktualne"],"inLanguage":"pl-PL","potentialAction":[{"@type":"CommentAction","name":"Comment","target":["https:\/\/www.pogotowieflagowe.pl\/aktualne\/poparcie-dla-koalicji-13-grudnia-maleje-dzis-wielu-wyborcow-nie-glosowaloby-tak-samo-jak-w-2023-r-badanie\/#respond"]}]},{"@type":"WebPage","@id":"https:\/\/www.pogotowieflagowe.pl\/aktualne\/poparcie-dla-koalicji-13-grudnia-maleje-dzis-wielu-wyborcow-nie-glosowaloby-tak-samo-jak-w-2023-r-badanie\/","url":"https:\/\/www.pogotowieflagowe.pl\/aktualne\/poparcie-dla-koalicji-13-grudnia-maleje-dzis-wielu-wyborcow-nie-glosowaloby-tak-samo-jak-w-2023-r-badanie\/","name":"Poparcie dla Koalicji 13 Grudnia maleje. Dzi\u015b wielu wyborc\u00f3w nie g\u0142osowa\u0142oby tak samo, jak w 2023 r. (BADANIE) - POGOTOWIE FLAGOWE\u00ae","isPartOf":{"@id":"https:\/\/www.pogotowieflagowe.pl\/aktualne\/#website"},"primaryImageOfPage":{"@id":"https:\/\/www.pogotowieflagowe.pl\/aktualne\/poparcie-dla-koalicji-13-grudnia-maleje-dzis-wielu-wyborcow-nie-glosowaloby-tak-samo-jak-w-2023-r-badanie\/#primaryimage"},"image":{"@id":"https:\/\/www.pogotowieflagowe.pl\/aktualne\/poparcie-dla-koalicji-13-grudnia-maleje-dzis-wielu-wyborcow-nie-glosowaloby-tak-samo-jak-w-2023-r-badanie\/#primaryimage"},"thumbnailUrl":"https:\/\/www.pogotowieflagowe.pl\/aktualne\/wp-content\/uploads\/2025\/10\/Poparcie-dla-Koalicji-13-Grudnia-maleje-Dzis-wielu-wyborcow-nie.webp.webp","datePublished":"2025-10-15T11:02:50+00:00","dateModified":"2025-10-15T11:02:51+00:00","breadcrumb":{"@id":"https:\/\/www.pogotowieflagowe.pl\/aktualne\/poparcie-dla-koalicji-13-grudnia-maleje-dzis-wielu-wyborcow-nie-glosowaloby-tak-samo-jak-w-2023-r-badanie\/#breadcrumb"},"inLanguage":"pl-PL","potentialAction":[{"@type":"ReadAction","target":["https:\/\/www.pogotowieflagowe.pl\/aktualne\/poparcie-dla-koalicji-13-grudnia-maleje-dzis-wielu-wyborcow-nie-glosowaloby-tak-samo-jak-w-2023-r-badanie\/"]}]},{"@type":"ImageObject","inLanguage":"pl-PL","@id":"https:\/\/www.pogotowieflagowe.pl\/aktualne\/poparcie-dla-koalicji-13-grudnia-maleje-dzis-wielu-wyborcow-nie-glosowaloby-tak-samo-jak-w-2023-r-badanie\/#primaryimage","url":"https:\/\/www.pogotowieflagowe.pl\/aktualne\/wp-content\/uploads\/2025\/10\/Poparcie-dla-Koalicji-13-Grudnia-maleje-Dzis-wielu-wyborcow-nie.webp.webp","contentUrl":"https:\/\/www.pogotowieflagowe.pl\/aktualne\/wp-content\/uploads\/2025\/10\/Poparcie-dla-Koalicji-13-Grudnia-maleje-Dzis-wielu-wyborcow-nie.webp.webp","width":1280,"height":720,"caption":"Poparcie dla Koalicji 13 Grudnia maleje. Dzi\u015b wielu wyborc\u00f3w nie g\u0142osowa\u0142oby tak samo, jak w 2023 r. (BADANIE)"},{"@type":"BreadcrumbList","@id":"https:\/\/www.pogotowieflagowe.pl\/aktualne\/poparcie-dla-koalicji-13-grudnia-maleje-dzis-wielu-wyborcow-nie-glosowaloby-tak-samo-jak-w-2023-r-badanie\/#breadcrumb","itemListElement":[{"@type":"ListItem","position":1,"name":"Home","item":"https:\/\/www.pogotowieflagowe.pl\/aktualne\/"},{"@type":"ListItem","position":2,"name":"Poparcie dla Koalicji 13 Grudnia maleje. Dzi\u015b wielu wyborc\u00f3w nie g\u0142osowa\u0142oby tak samo, jak w 2023 r. (BADANIE)"}]},{"@type":"WebSite","@id":"https:\/\/www.pogotowieflagowe.pl\/aktualne\/#website","url":"https:\/\/www.pogotowieflagowe.pl\/aktualne\/","name":"POGOTOWIE FLAGOWE\u00ae","description":"","publisher":{"@id":"https:\/\/www.pogotowieflagowe.pl\/aktualne\/#organization"},"potentialAction":[{"@type":"SearchAction","target":{"@type":"EntryPoint","urlTemplate":"https:\/\/www.pogotowieflagowe.pl\/aktualne\/?s={search_term_string}"},"query-input":"required name=search_term_string"}],"inLanguage":"pl-PL"},{"@type":"Organization","@id":"https:\/\/www.pogotowieflagowe.pl\/aktualne\/#organization","name":"POGOTOWIE FLAGOWE\u00ae","url":"https:\/\/www.pogotowieflagowe.pl\/aktualne\/","logo":{"@type":"ImageObject","inLanguage":"pl-PL","@id":"https:\/\/www.pogotowieflagowe.pl\/aktualne\/#\/schema\/logo\/image\/","url":"https:\/\/www.pogotowieflagowe.pl\/aktualne\/wp-content\/uploads\/2024\/08\/cropped-pogotowieflagowe_flaga_projekt_sm.jpg","contentUrl":"https:\/\/www.pogotowieflagowe.pl\/aktualne\/wp-content\/uploads\/2024\/08\/cropped-pogotowieflagowe_flaga_projekt_sm.jpg","width":250,"height":143,"caption":"POGOTOWIE FLAGOWE\u00ae"},"image":{"@id":"https:\/\/www.pogotowieflagowe.pl\/aktualne\/#\/schema\/logo\/image\/"}},{"@type":"Person","@id":"https:\/\/www.pogotowieflagowe.pl\/aktualne\/#\/schema\/person\/9c2fb7d2362ebf6fa088960d7f0d27b0","name":"Filip","image":{"@type":"ImageObject","inLanguage":"pl-PL","@id":"https:\/\/www.pogotowieflagowe.pl\/aktualne\/#\/schema\/person\/image\/","url":"https:\/\/www.pogotowieflagowe.pl\/aktualne\/wp-content\/uploads\/2024\/08\/pogotowieflagowe.pl_.jpg","contentUrl":"https:\/\/www.pogotowieflagowe.pl\/aktualne\/wp-content\/uploads\/2024\/08\/pogotowieflagowe.pl_.jpg","caption":"Filip"},"description":"Jestem Filip, polski dziennikarz z dyplomem nauk politycznych Uniwersytetu Warszawskiego. Rozpoczynaj\u0105c swoj\u0105 karier\u0119 w r\u00f3\u017cnych lokalnych mediach, zdoby\u0142em solidne do\u015bwiadczenie w zakresie \u015bledztwa i redakcji. Obecnie jako redaktor w Pogotowie flagowe, staram si\u0119 dostarcza\u0107 dog\u0142\u0119bne i istotne analizy na temat najwa\u017cniejszych kwestii aktualno\u015bci, \u0142\u0105cz\u0105c rygor z pasj\u0105 dziennikarsk\u0105.","sameAs":["https:\/\/www.pogotowieflagowe.pl\/"]}]}},"_links":{"self":[{"href":"https:\/\/www.pogotowieflagowe.pl\/aktualne\/wp-json\/wp\/v2\/posts\/9369","targetHints":{"allow":["GET"]}}],"collection":[{"href":"https:\/\/www.pogotowieflagowe.pl\/aktualne\/wp-json\/wp\/v2\/posts"}],"about":[{"href":"https:\/\/www.pogotowieflagowe.pl\/aktualne\/wp-json\/wp\/v2\/types\/post"}],"author":[{"embeddable":true,"href":"https:\/\/www.pogotowieflagowe.pl\/aktualne\/wp-json\/wp\/v2\/users\/1"}],"replies":[{"embeddable":true,"href":"https:\/\/www.pogotowieflagowe.pl\/aktualne\/wp-json\/wp\/v2\/comments?post=9369"}],"version-history":[{"count":1,"href":"https:\/\/www.pogotowieflagowe.pl\/aktualne\/wp-json\/wp\/v2\/posts\/9369\/revisions"}],"predecessor-version":[{"id":9371,"href":"https:\/\/www.pogotowieflagowe.pl\/aktualne\/wp-json\/wp\/v2\/posts\/9369\/revisions\/9371"}],"wp:featuredmedia":[{"embeddable":true,"href":"https:\/\/www.pogotowieflagowe.pl\/aktualne\/wp-json\/wp\/v2\/media\/9370"}],"wp:attachment":[{"href":"https:\/\/www.pogotowieflagowe.pl\/aktualne\/wp-json\/wp\/v2\/media?parent=9369"}],"wp:term":[{"taxonomy":"category","embeddable":true,"href":"https:\/\/www.pogotowieflagowe.pl\/aktualne\/wp-json\/wp\/v2\/categories?post=9369"},{"taxonomy":"post_tag","embeddable":true,"href":"https:\/\/www.pogotowieflagowe.pl\/aktualne\/wp-json\/wp\/v2\/tags?post=9369"}],"curies":[{"name":"wp","href":"https:\/\/api.w.org\/{rel}","templated":true}]}}