{"id":9382,"date":"2025-10-15T20:51:19","date_gmt":"2025-10-15T18:51:19","guid":{"rendered":"https:\/\/www.pogotowieflagowe.pl\/aktualne\/cudzoziemcy-ktorzy-swietowali-morderstwo-kirka-moga-zaczac-sie-pakowac\/"},"modified":"2025-10-15T20:51:21","modified_gmt":"2025-10-15T18:51:21","slug":"cudzoziemcy-ktorzy-swietowali-morderstwo-kirka-moga-zaczac-sie-pakowac","status":"publish","type":"post","link":"https:\/\/www.pogotowieflagowe.pl\/aktualne\/cudzoziemcy-ktorzy-swietowali-morderstwo-kirka-moga-zaczac-sie-pakowac\/","title":{"rendered":"Cudzoziemcy, kt\u00f3rzy \u015bwi\u0119towali morderstwo Kirka, mog\u0105 zacz\u0105\u0107 si\u0119 pakowa\u0107"},"content":{"rendered":"\n<div class=\"td_block_wrap tdb_single_content tdi_41 td-pb-border-top td_block_template_8 td-post-content tagdiv-type\" data-td-block-uid=\"tdi_41\">\n<style>.tdi_41{margines-top:0px!important;margin-bottom:0px!important;dope\u0142nienie-g\u00f3ra:0px!important;dope\u0142nienie-d\u00f3\u0142:0px!important}<\/style>\n<style>.tdb_single_content{margin-bottom:0;*zoom:1}.tdb_single_content:before,.tdb_single_content:after{display:table;content:'';line-height:0}.tdb_single_content:after{clear:both}.tdb_single_content .tdb-block-inner>*:not(.wp-block-quote):not(.alignwide):not(.alignfull.wp-block-cover.has-parallax):not(.td-a-ad){margin-left:auto;margin-right:auto}.tdb_single_content a{pointer-events:auto}.tdb_single_content .td-spot-id-top_ad .tdc-placeholder-title:before{content:'Article Top Ad'!important}.tdb_single_content .td-spot-id-inline_ad0 .tdc-placeholder-title:before{content:'Article Reklama wbudowana 1'!important}.tdb_single_content .td-spot-id-inline_ad1 .tdc-placeholder-title:before{content:'Reklama wbudowana w artyku\u0142 2'!important}.tdb_single_content .td-spot-id-inline_ad2 .tdc-placeholder-title:before{content:'Reklama w tek\u015bcie artyku\u0142u 3'!important}.tdb_single_content .td-spot-id-bottom_ad .tdc-placeholder-title:before{content:'Article Bottom Ad'!important}.tdb_single_content .id_top_ad,.tdb_single_content .id_bottom_ad{clear:both;margin-bottom:21px;text-align:center}.tdb_single_content .id_top_ad img,.tdb_single_content .id_bottom_ad img{margin-bottom:0}.tdb_single_content .id_top_ad .adsbygoogle,.tdb_single_content .id_bottom_ad .adsbygoogle{position:relative}.tdb_single_content .id_ad_content-horiz-left,.tdb_single_content .id_ad_content-horiz-right,.tdb_single_content .id_ad_content-horiz-center{margin-bottom:15px}.tdb_single_content .id_ad_content-horiz-left img,.tdb_single_content .id_ad_content-horiz-right img,.tdb_single_content .id_ad_content-horiz-center img{margin-bottom:0}.tdb_single_content .id_ad_content-horiz-center{text-align:center}.tdb_single_content .id_ad_content-horiz-center img{margin-right:auto;margin-left:auto}.tdb_single_content .id_ad_content-horiz-left{float:left;margin-top:9px;margin-right:21px}.tdb_single_content .id_ad_content-horiz-right{float:right;margin-top:6px;margin-left:21px}.tdb_single_content .tdc-a-ad .tdc-placeholder-title{width:300px;height:250px}.tdb_single_content .tdc-a-ad .tdc-placeholder-title:before{position:absolute;top:50%;-webkit-transform:translateY(-50%);transform:translateY(-50%);margin:auto;display:table;width:100%}.tdb_single_content .tdb-block-inner.td-fix-index{word-break:break-word}.tdi_41,.tdi_41>p,.tdi_41 .tdb-block-inner>p,.wp-block-column>p{font-size:16px!important;line-height:1.6!important}.tdi_41 .tdb-block-inner cytat blokowy p{font-style:normal!important}@media (max-width:767px){.tdb_single_content .id_ad_content-horiz-left,.tdb_single_content .id_ad_content-horiz-right,.tdb_single_content .id_ad_content-horiz-center{margin:0 auto 26 pikseli auto}}@media (max-width:767px){.tdb_single_content .id_ad_content-horiz-left{margin-right:0}}@media (max-width:767px){.tdb_single_content .id_ad_content-horiz-right{margin-left:0}}@media (max-width:767px){.tdb_single_content .td-a-ad{float:none;text-align:center}.tdb_single_content .td-a-ad img{margin-right:auto;margin-left:auto}.tdb_single_content .tdc-a-ad{float:none}}<\/style>\n<div class=\"tdb-block-inner td-fix-index\">\n<p>The <em>Departament Stanu USA<\/em> og\u0142osi\u0142a we wtorek, \u017ce cofn\u0119\u0142a wizy sze\u015bciu obcokrajowcom, kt\u00f3rzy \u015bwi\u0119towali zab\u00f3jstwo konserwatywnego dzia\u0142acza Charliego Kirka. Osoby pochodz\u0105 z Argentyny, Republiki Po\u0142udniowej Afryki, Meksyku, Brazylii, Niemiec i Paragwaju.<\/p>\n<figure class=\"wp-block-pullquote\">\n<blockquote>\n<p><strong><strong>\u201e<\/strong>Stany Zjednoczone nie maj\u0105 obowi\u0105zku przyjmowa\u0107 obcokrajowc\u00f3w, kt\u00f3rzy \u017cycz\u0105 Amerykanom \u015bmierci\u201d \u2013 doda\u0142.<\/strong> napisa\u0142 <em>Departament Stanu<\/em> na X. <strong>\u201eDepartament Stanu w dalszym ci\u0105gu poszukuje posiadaczy wiz, kt\u00f3rzy \u015bwi\u0119towali przera\u017caj\u0105ce morderstwo Charliego Kirka,<strong>\u201e<\/strong><\/strong>  \u2013 czytamy w o\u015bwiadczeniu.<\/p>\n<\/blockquote>\n<\/figure>\n<p>Departament poda\u0142 przyk\u0142ady kilku os\u00f3b, kt\u00f3re \u2013 jak stwierdzi\u0142 \u2013 nie s\u0105 ju\u017c mile widziane w Stanach Zjednoczonych. Byli w\u015br\u00f3d nich obywatele Argentyny, Republiki Po\u0142udniowej Afryki, Meksyku, Brazylii, Niemiec i Paragwaju.<\/p>\n<figure class=\"wp-block-embed is-type-rich is-provider-twitter wp-block-embed-twitter\">\n<div class=\"wp-block-embed__wrapper\">\n<blockquote class=\"twitter-tweet\" data-width=\"550\" data-dnt=\"true\">\n<p lang=\"en\" dir=\"ltr\">\ud83d\udea8AKTUALIZACJA: Donoszono, \u017ce student, kt\u00f3ry ta\u0144czy\u0142 i \u015bwi\u0119towa\u0142 \u015bmier\u0107 Charliego Kirka, zosta\u0142 WYDALONY z Texas Tech. <a rel=\"nofollow\" href=\"https:\/\/t.co\/EnYK9IZyNK\">pic.twitter.com\/EnYK9IZyNK<\/a><\/p>\n<p>\u2014 Projekt True Texas (@TrueTXProject) <a rel=\"nofollow\" href=\"https:\/\/twitter.com\/TrueTXProject\/status\/1967597142912139566?ref_src=twsrc%5Etfw\">15 wrze\u015bnia 2025 r<\/a><\/p><\/blockquote>\n<\/div>\n<\/figure>\n<p>The <em>Departament Stanu<\/em> zacytowa\u0142 tak\u017ce posty na temat Kirka opublikowane przez te osoby, w kt\u00f3rych zosta\u0142 on opisany jako: <strong><strong>\u201e<\/strong>faszystowski<strong>\u201e<\/strong><\/strong>  i a <strong>&#8222;rasistowski,<strong>\u201e<\/strong><\/strong>  z komentarzami typu <strong><strong>\u201e<\/strong>zmar\u0142 za p\u00f3\u017ano<strong>\u201e<\/strong><\/strong>  I <strong><strong>\u201e<\/strong>powinien sma\u017cy\u0107 si\u0119 w piekle.<strong>\u201e<\/strong><\/strong><\/p>\n<p>We wrze\u015bniu sekretarz stanu Marco Rubio og\u0142osi\u0142, \u017ce wizy osobom wychwalaj\u0105cym \u015bmier\u0107 Kirka zostan\u0105 cofni\u0119te. Polityka ameryka\u0144skiej administracji odzwierciedla obron\u0119 warto\u015bci, praw demokratycznych, wolno\u015bci s\u0142owa i wszystkiego, na czym zbudowana zosta\u0142a cywilizacja zachodnia, a przede wszystkim jest przyk\u0142adem rz\u0105du wybranego przez nar\u00f3d, kt\u00f3ry bierze odpowiedzialno\u015b\u0107 przed swoimi obywatelami za ochron\u0119 swojego bytu.<\/p>\n<p>We wtorek prezydent USA Donald Trump po\u015bmiertnie przyzna\u0142 Kirkowi najwy\u017csze odznaczenie cywilne w kraju, tzw <em>Prezydencki Medal Wolno\u015bci<\/em>.<\/p>\n<p>Dzia\u0142aczka, kt\u00f3ra 14 pa\u017adziernika sko\u0144czy\u0142aby 32 lata, zosta\u0142a zastrzelona 10 wrze\u015bnia na oczach t\u0142umu podczas debaty na ul. <em>Uniwersytet w Utah Valley<\/em>. Za\u0142o\u017cyciel <em>Punkt zwrotny w USA<\/em> zmar\u0142 po przewiezieniu do szpitala.<\/p>\n<\/div>\n<\/div>\n<p><script async src=\"https:\/\/platform.twitter.com\/widgets.js\" charset=\"utf-8\"><\/script><\/p>\n","protected":false},"excerpt":{"rendered":"<p>The Departament Stanu USA og\u0142osi\u0142a we wtorek, \u017ce cofn\u0119\u0142a wizy sze\u015bciu obcokrajowcom, kt\u00f3rzy \u015bwi\u0119towali zab\u00f3jstwo konserwatywnego dzia\u0142acza Charliego Kirka. Osoby<\/p>\n","protected":false},"author":1,"featured_media":9383,"comment_status":"open","ping_status":"open","sticky":false,"template":"","format":"standard","meta":{"footnotes":""},"categories":[44],"tags":[10889,9344,5626,451,7259,10891,150,10890,6707],"class_list":["post-9382","post","type-post","status-publish","format-standard","has-post-thumbnail","hentry","category-polityka","tag-cudzoziemcy","tag-kirka","tag-ktorzy","tag-moga","tag-morderstwo","tag-pakowac","tag-sie","tag-swietowali","tag-zaczac","generate-columns","tablet-grid-50","mobile-grid-100","grid-parent","grid-50","resize-featured-image"],"yoast_head":"<!-- This site is optimized with the Yoast SEO plugin v23.2 - https:\/\/yoast.com\/wordpress\/plugins\/seo\/ -->\n<title>Cudzoziemcy, kt\u00f3rzy \u015bwi\u0119towali morderstwo Kirka, mog\u0105 zacz\u0105\u0107 si\u0119 pakowa\u0107 - POGOTOWIE FLAGOWE\u00ae<\/title>\n<meta name=\"robots\" content=\"index, follow, max-snippet:-1, max-image-preview:large, max-video-preview:-1\" \/>\n<link rel=\"canonical\" href=\"https:\/\/www.pogotowieflagowe.pl\/aktualne\/cudzoziemcy-ktorzy-swietowali-morderstwo-kirka-moga-zaczac-sie-pakowac\/\" \/>\n<meta property=\"og:locale\" content=\"pl_PL\" \/>\n<meta property=\"og:type\" content=\"article\" \/>\n<meta property=\"og:title\" content=\"Cudzoziemcy, kt\u00f3rzy \u015bwi\u0119towali morderstwo Kirka, mog\u0105 zacz\u0105\u0107 si\u0119 pakowa\u0107 - POGOTOWIE FLAGOWE\u00ae\" \/>\n<meta property=\"og:description\" content=\"The Departament Stanu USA og\u0142osi\u0142a we wtorek, \u017ce cofn\u0119\u0142a wizy sze\u015bciu obcokrajowcom, kt\u00f3rzy \u015bwi\u0119towali zab\u00f3jstwo konserwatywnego dzia\u0142acza Charliego Kirka. Osoby\" \/>\n<meta property=\"og:url\" content=\"https:\/\/www.pogotowieflagowe.pl\/aktualne\/cudzoziemcy-ktorzy-swietowali-morderstwo-kirka-moga-zaczac-sie-pakowac\/\" \/>\n<meta property=\"og:site_name\" content=\"POGOTOWIE FLAGOWE\u00ae\" \/>\n<meta property=\"article:published_time\" content=\"2025-10-15T18:51:19+00:00\" \/>\n<meta property=\"article:modified_time\" content=\"2025-10-15T18:51:21+00:00\" \/>\n<meta property=\"og:image\" content=\"https:\/\/www.pogotowieflagowe.pl\/aktualne\/wp-content\/uploads\/2025\/10\/Cudzoziemcy-ktorzy-swietowali-morderstwo-Kirka-moga-zaczac-sie-pakowac.jpg\" \/>\n\t<meta property=\"og:image:width\" content=\"1200\" \/>\n\t<meta property=\"og:image:height\" content=\"675\" \/>\n\t<meta property=\"og:image:type\" content=\"image\/jpeg\" \/>\n<meta name=\"author\" content=\"Filip\" \/>\n<meta name=\"twitter:card\" content=\"summary_large_image\" \/>\n<meta name=\"twitter:label1\" content=\"Napisane przez\" \/>\n\t<meta name=\"twitter:data1\" content=\"Filip\" \/>\n\t<meta name=\"twitter:label2\" content=\"Szacowany czas czytania\" \/>\n\t<meta name=\"twitter:data2\" content=\"2 minuty\" \/>\n<script type=\"application\/ld+json\" class=\"yoast-schema-graph\">{\"@context\":\"https:\/\/schema.org\",\"@graph\":[{\"@type\":\"Article\",\"@id\":\"https:\/\/www.pogotowieflagowe.pl\/aktualne\/cudzoziemcy-ktorzy-swietowali-morderstwo-kirka-moga-zaczac-sie-pakowac\/#article\",\"isPartOf\":{\"@id\":\"https:\/\/www.pogotowieflagowe.pl\/aktualne\/cudzoziemcy-ktorzy-swietowali-morderstwo-kirka-moga-zaczac-sie-pakowac\/\"},\"author\":{\"name\":\"Filip\",\"@id\":\"https:\/\/www.pogotowieflagowe.pl\/aktualne\/#\/schema\/person\/9c2fb7d2362ebf6fa088960d7f0d27b0\"},\"headline\":\"Cudzoziemcy, kt\u00f3rzy \u015bwi\u0119towali morderstwo Kirka, mog\u0105 zacz\u0105\u0107 si\u0119 pakowa\u0107\",\"datePublished\":\"2025-10-15T18:51:19+00:00\",\"dateModified\":\"2025-10-15T18:51:21+00:00\",\"mainEntityOfPage\":{\"@id\":\"https:\/\/www.pogotowieflagowe.pl\/aktualne\/cudzoziemcy-ktorzy-swietowali-morderstwo-kirka-moga-zaczac-sie-pakowac\/\"},\"wordCount\":324,\"commentCount\":0,\"publisher\":{\"@id\":\"https:\/\/www.pogotowieflagowe.pl\/aktualne\/#organization\"},\"image\":{\"@id\":\"https:\/\/www.pogotowieflagowe.pl\/aktualne\/cudzoziemcy-ktorzy-swietowali-morderstwo-kirka-moga-zaczac-sie-pakowac\/#primaryimage\"},\"thumbnailUrl\":\"https:\/\/www.pogotowieflagowe.pl\/aktualne\/wp-content\/uploads\/2025\/10\/Cudzoziemcy-ktorzy-swietowali-morderstwo-Kirka-moga-zaczac-sie-pakowac.jpg\",\"keywords\":[\"Cudzoziemcy\",\"Kirka\",\"kt\u00f3rzy\",\"mog\u0105\",\"Morderstwo\",\"pakowa\u0107\",\"si\u0119\",\"\u015bwi\u0119towali\",\"zacz\u0105\u0107\"],\"articleSection\":[\"Polityka\"],\"inLanguage\":\"pl-PL\",\"potentialAction\":[{\"@type\":\"CommentAction\",\"name\":\"Comment\",\"target\":[\"https:\/\/www.pogotowieflagowe.pl\/aktualne\/cudzoziemcy-ktorzy-swietowali-morderstwo-kirka-moga-zaczac-sie-pakowac\/#respond\"]}]},{\"@type\":\"WebPage\",\"@id\":\"https:\/\/www.pogotowieflagowe.pl\/aktualne\/cudzoziemcy-ktorzy-swietowali-morderstwo-kirka-moga-zaczac-sie-pakowac\/\",\"url\":\"https:\/\/www.pogotowieflagowe.pl\/aktualne\/cudzoziemcy-ktorzy-swietowali-morderstwo-kirka-moga-zaczac-sie-pakowac\/\",\"name\":\"Cudzoziemcy, kt\u00f3rzy \u015bwi\u0119towali morderstwo Kirka, mog\u0105 zacz\u0105\u0107 si\u0119 pakowa\u0107 - POGOTOWIE FLAGOWE\u00ae\",\"isPartOf\":{\"@id\":\"https:\/\/www.pogotowieflagowe.pl\/aktualne\/#website\"},\"primaryImageOfPage\":{\"@id\":\"https:\/\/www.pogotowieflagowe.pl\/aktualne\/cudzoziemcy-ktorzy-swietowali-morderstwo-kirka-moga-zaczac-sie-pakowac\/#primaryimage\"},\"image\":{\"@id\":\"https:\/\/www.pogotowieflagowe.pl\/aktualne\/cudzoziemcy-ktorzy-swietowali-morderstwo-kirka-moga-zaczac-sie-pakowac\/#primaryimage\"},\"thumbnailUrl\":\"https:\/\/www.pogotowieflagowe.pl\/aktualne\/wp-content\/uploads\/2025\/10\/Cudzoziemcy-ktorzy-swietowali-morderstwo-Kirka-moga-zaczac-sie-pakowac.jpg\",\"datePublished\":\"2025-10-15T18:51:19+00:00\",\"dateModified\":\"2025-10-15T18:51:21+00:00\",\"breadcrumb\":{\"@id\":\"https:\/\/www.pogotowieflagowe.pl\/aktualne\/cudzoziemcy-ktorzy-swietowali-morderstwo-kirka-moga-zaczac-sie-pakowac\/#breadcrumb\"},\"inLanguage\":\"pl-PL\",\"potentialAction\":[{\"@type\":\"ReadAction\",\"target\":[\"https:\/\/www.pogotowieflagowe.pl\/aktualne\/cudzoziemcy-ktorzy-swietowali-morderstwo-kirka-moga-zaczac-sie-pakowac\/\"]}]},{\"@type\":\"ImageObject\",\"inLanguage\":\"pl-PL\",\"@id\":\"https:\/\/www.pogotowieflagowe.pl\/aktualne\/cudzoziemcy-ktorzy-swietowali-morderstwo-kirka-moga-zaczac-sie-pakowac\/#primaryimage\",\"url\":\"https:\/\/www.pogotowieflagowe.pl\/aktualne\/wp-content\/uploads\/2025\/10\/Cudzoziemcy-ktorzy-swietowali-morderstwo-Kirka-moga-zaczac-sie-pakowac.jpg\",\"contentUrl\":\"https:\/\/www.pogotowieflagowe.pl\/aktualne\/wp-content\/uploads\/2025\/10\/Cudzoziemcy-ktorzy-swietowali-morderstwo-Kirka-moga-zaczac-sie-pakowac.jpg\",\"width\":1200,\"height\":675,\"caption\":\"Cudzoziemcy, kt\u00f3rzy \u015bwi\u0119towali morderstwo Kirka, mog\u0105 zacz\u0105\u0107 si\u0119 pakowa\u0107\"},{\"@type\":\"BreadcrumbList\",\"@id\":\"https:\/\/www.pogotowieflagowe.pl\/aktualne\/cudzoziemcy-ktorzy-swietowali-morderstwo-kirka-moga-zaczac-sie-pakowac\/#breadcrumb\",\"itemListElement\":[{\"@type\":\"ListItem\",\"position\":1,\"name\":\"Home\",\"item\":\"https:\/\/www.pogotowieflagowe.pl\/aktualne\/\"},{\"@type\":\"ListItem\",\"position\":2,\"name\":\"Cudzoziemcy, kt\u00f3rzy \u015bwi\u0119towali morderstwo Kirka, mog\u0105 zacz\u0105\u0107 si\u0119 pakowa\u0107\"}]},{\"@type\":\"WebSite\",\"@id\":\"https:\/\/www.pogotowieflagowe.pl\/aktualne\/#website\",\"url\":\"https:\/\/www.pogotowieflagowe.pl\/aktualne\/\",\"name\":\"POGOTOWIE FLAGOWE\u00ae\",\"description\":\"\",\"publisher\":{\"@id\":\"https:\/\/www.pogotowieflagowe.pl\/aktualne\/#organization\"},\"potentialAction\":[{\"@type\":\"SearchAction\",\"target\":{\"@type\":\"EntryPoint\",\"urlTemplate\":\"https:\/\/www.pogotowieflagowe.pl\/aktualne\/?s={search_term_string}\"},\"query-input\":\"required name=search_term_string\"}],\"inLanguage\":\"pl-PL\"},{\"@type\":\"Organization\",\"@id\":\"https:\/\/www.pogotowieflagowe.pl\/aktualne\/#organization\",\"name\":\"POGOTOWIE FLAGOWE\u00ae\",\"url\":\"https:\/\/www.pogotowieflagowe.pl\/aktualne\/\",\"logo\":{\"@type\":\"ImageObject\",\"inLanguage\":\"pl-PL\",\"@id\":\"https:\/\/www.pogotowieflagowe.pl\/aktualne\/#\/schema\/logo\/image\/\",\"url\":\"https:\/\/www.pogotowieflagowe.pl\/aktualne\/wp-content\/uploads\/2024\/08\/cropped-pogotowieflagowe_flaga_projekt_sm.jpg\",\"contentUrl\":\"https:\/\/www.pogotowieflagowe.pl\/aktualne\/wp-content\/uploads\/2024\/08\/cropped-pogotowieflagowe_flaga_projekt_sm.jpg\",\"width\":250,\"height\":143,\"caption\":\"POGOTOWIE FLAGOWE\u00ae\"},\"image\":{\"@id\":\"https:\/\/www.pogotowieflagowe.pl\/aktualne\/#\/schema\/logo\/image\/\"}},{\"@type\":\"Person\",\"@id\":\"https:\/\/www.pogotowieflagowe.pl\/aktualne\/#\/schema\/person\/9c2fb7d2362ebf6fa088960d7f0d27b0\",\"name\":\"Filip\",\"image\":{\"@type\":\"ImageObject\",\"inLanguage\":\"pl-PL\",\"@id\":\"https:\/\/www.pogotowieflagowe.pl\/aktualne\/#\/schema\/person\/image\/\",\"url\":\"https:\/\/www.pogotowieflagowe.pl\/aktualne\/wp-content\/uploads\/2024\/08\/pogotowieflagowe.pl_.jpg\",\"contentUrl\":\"https:\/\/www.pogotowieflagowe.pl\/aktualne\/wp-content\/uploads\/2024\/08\/pogotowieflagowe.pl_.jpg\",\"caption\":\"Filip\"},\"description\":\"Jestem Filip, polski dziennikarz z dyplomem nauk politycznych Uniwersytetu Warszawskiego. Rozpoczynaj\u0105c swoj\u0105 karier\u0119 w r\u00f3\u017cnych lokalnych mediach, zdoby\u0142em solidne do\u015bwiadczenie w zakresie \u015bledztwa i redakcji. Obecnie jako redaktor w Pogotowie flagowe, staram si\u0119 dostarcza\u0107 dog\u0142\u0119bne i istotne analizy na temat najwa\u017cniejszych kwestii aktualno\u015bci, \u0142\u0105cz\u0105c rygor z pasj\u0105 dziennikarsk\u0105.\",\"sameAs\":[\"https:\/\/www.pogotowieflagowe.pl\/\"]}]}<\/script>\n<!-- \/ Yoast SEO plugin. -->","yoast_head_json":{"title":"Cudzoziemcy, kt\u00f3rzy \u015bwi\u0119towali morderstwo Kirka, mog\u0105 zacz\u0105\u0107 si\u0119 pakowa\u0107 - POGOTOWIE FLAGOWE\u00ae","robots":{"index":"index","follow":"follow","max-snippet":"max-snippet:-1","max-image-preview":"max-image-preview:large","max-video-preview":"max-video-preview:-1"},"canonical":"https:\/\/www.pogotowieflagowe.pl\/aktualne\/cudzoziemcy-ktorzy-swietowali-morderstwo-kirka-moga-zaczac-sie-pakowac\/","og_locale":"pl_PL","og_type":"article","og_title":"Cudzoziemcy, kt\u00f3rzy \u015bwi\u0119towali morderstwo Kirka, mog\u0105 zacz\u0105\u0107 si\u0119 pakowa\u0107 - POGOTOWIE FLAGOWE\u00ae","og_description":"The Departament Stanu USA og\u0142osi\u0142a we wtorek, \u017ce cofn\u0119\u0142a wizy sze\u015bciu obcokrajowcom, kt\u00f3rzy \u015bwi\u0119towali zab\u00f3jstwo konserwatywnego dzia\u0142acza Charliego Kirka. Osoby","og_url":"https:\/\/www.pogotowieflagowe.pl\/aktualne\/cudzoziemcy-ktorzy-swietowali-morderstwo-kirka-moga-zaczac-sie-pakowac\/","og_site_name":"POGOTOWIE FLAGOWE\u00ae","article_published_time":"2025-10-15T18:51:19+00:00","article_modified_time":"2025-10-15T18:51:21+00:00","og_image":[{"width":1200,"height":675,"url":"https:\/\/www.pogotowieflagowe.pl\/aktualne\/wp-content\/uploads\/2025\/10\/Cudzoziemcy-ktorzy-swietowali-morderstwo-Kirka-moga-zaczac-sie-pakowac.jpg","type":"image\/jpeg"}],"author":"Filip","twitter_card":"summary_large_image","twitter_misc":{"Napisane przez":"Filip","Szacowany czas czytania":"2 minuty"},"schema":{"@context":"https:\/\/schema.org","@graph":[{"@type":"Article","@id":"https:\/\/www.pogotowieflagowe.pl\/aktualne\/cudzoziemcy-ktorzy-swietowali-morderstwo-kirka-moga-zaczac-sie-pakowac\/#article","isPartOf":{"@id":"https:\/\/www.pogotowieflagowe.pl\/aktualne\/cudzoziemcy-ktorzy-swietowali-morderstwo-kirka-moga-zaczac-sie-pakowac\/"},"author":{"name":"Filip","@id":"https:\/\/www.pogotowieflagowe.pl\/aktualne\/#\/schema\/person\/9c2fb7d2362ebf6fa088960d7f0d27b0"},"headline":"Cudzoziemcy, kt\u00f3rzy \u015bwi\u0119towali morderstwo Kirka, mog\u0105 zacz\u0105\u0107 si\u0119 pakowa\u0107","datePublished":"2025-10-15T18:51:19+00:00","dateModified":"2025-10-15T18:51:21+00:00","mainEntityOfPage":{"@id":"https:\/\/www.pogotowieflagowe.pl\/aktualne\/cudzoziemcy-ktorzy-swietowali-morderstwo-kirka-moga-zaczac-sie-pakowac\/"},"wordCount":324,"commentCount":0,"publisher":{"@id":"https:\/\/www.pogotowieflagowe.pl\/aktualne\/#organization"},"image":{"@id":"https:\/\/www.pogotowieflagowe.pl\/aktualne\/cudzoziemcy-ktorzy-swietowali-morderstwo-kirka-moga-zaczac-sie-pakowac\/#primaryimage"},"thumbnailUrl":"https:\/\/www.pogotowieflagowe.pl\/aktualne\/wp-content\/uploads\/2025\/10\/Cudzoziemcy-ktorzy-swietowali-morderstwo-Kirka-moga-zaczac-sie-pakowac.jpg","keywords":["Cudzoziemcy","Kirka","kt\u00f3rzy","mog\u0105","Morderstwo","pakowa\u0107","si\u0119","\u015bwi\u0119towali","zacz\u0105\u0107"],"articleSection":["Polityka"],"inLanguage":"pl-PL","potentialAction":[{"@type":"CommentAction","name":"Comment","target":["https:\/\/www.pogotowieflagowe.pl\/aktualne\/cudzoziemcy-ktorzy-swietowali-morderstwo-kirka-moga-zaczac-sie-pakowac\/#respond"]}]},{"@type":"WebPage","@id":"https:\/\/www.pogotowieflagowe.pl\/aktualne\/cudzoziemcy-ktorzy-swietowali-morderstwo-kirka-moga-zaczac-sie-pakowac\/","url":"https:\/\/www.pogotowieflagowe.pl\/aktualne\/cudzoziemcy-ktorzy-swietowali-morderstwo-kirka-moga-zaczac-sie-pakowac\/","name":"Cudzoziemcy, kt\u00f3rzy \u015bwi\u0119towali morderstwo Kirka, mog\u0105 zacz\u0105\u0107 si\u0119 pakowa\u0107 - POGOTOWIE FLAGOWE\u00ae","isPartOf":{"@id":"https:\/\/www.pogotowieflagowe.pl\/aktualne\/#website"},"primaryImageOfPage":{"@id":"https:\/\/www.pogotowieflagowe.pl\/aktualne\/cudzoziemcy-ktorzy-swietowali-morderstwo-kirka-moga-zaczac-sie-pakowac\/#primaryimage"},"image":{"@id":"https:\/\/www.pogotowieflagowe.pl\/aktualne\/cudzoziemcy-ktorzy-swietowali-morderstwo-kirka-moga-zaczac-sie-pakowac\/#primaryimage"},"thumbnailUrl":"https:\/\/www.pogotowieflagowe.pl\/aktualne\/wp-content\/uploads\/2025\/10\/Cudzoziemcy-ktorzy-swietowali-morderstwo-Kirka-moga-zaczac-sie-pakowac.jpg","datePublished":"2025-10-15T18:51:19+00:00","dateModified":"2025-10-15T18:51:21+00:00","breadcrumb":{"@id":"https:\/\/www.pogotowieflagowe.pl\/aktualne\/cudzoziemcy-ktorzy-swietowali-morderstwo-kirka-moga-zaczac-sie-pakowac\/#breadcrumb"},"inLanguage":"pl-PL","potentialAction":[{"@type":"ReadAction","target":["https:\/\/www.pogotowieflagowe.pl\/aktualne\/cudzoziemcy-ktorzy-swietowali-morderstwo-kirka-moga-zaczac-sie-pakowac\/"]}]},{"@type":"ImageObject","inLanguage":"pl-PL","@id":"https:\/\/www.pogotowieflagowe.pl\/aktualne\/cudzoziemcy-ktorzy-swietowali-morderstwo-kirka-moga-zaczac-sie-pakowac\/#primaryimage","url":"https:\/\/www.pogotowieflagowe.pl\/aktualne\/wp-content\/uploads\/2025\/10\/Cudzoziemcy-ktorzy-swietowali-morderstwo-Kirka-moga-zaczac-sie-pakowac.jpg","contentUrl":"https:\/\/www.pogotowieflagowe.pl\/aktualne\/wp-content\/uploads\/2025\/10\/Cudzoziemcy-ktorzy-swietowali-morderstwo-Kirka-moga-zaczac-sie-pakowac.jpg","width":1200,"height":675,"caption":"Cudzoziemcy, kt\u00f3rzy \u015bwi\u0119towali morderstwo Kirka, mog\u0105 zacz\u0105\u0107 si\u0119 pakowa\u0107"},{"@type":"BreadcrumbList","@id":"https:\/\/www.pogotowieflagowe.pl\/aktualne\/cudzoziemcy-ktorzy-swietowali-morderstwo-kirka-moga-zaczac-sie-pakowac\/#breadcrumb","itemListElement":[{"@type":"ListItem","position":1,"name":"Home","item":"https:\/\/www.pogotowieflagowe.pl\/aktualne\/"},{"@type":"ListItem","position":2,"name":"Cudzoziemcy, kt\u00f3rzy \u015bwi\u0119towali morderstwo Kirka, mog\u0105 zacz\u0105\u0107 si\u0119 pakowa\u0107"}]},{"@type":"WebSite","@id":"https:\/\/www.pogotowieflagowe.pl\/aktualne\/#website","url":"https:\/\/www.pogotowieflagowe.pl\/aktualne\/","name":"POGOTOWIE FLAGOWE\u00ae","description":"","publisher":{"@id":"https:\/\/www.pogotowieflagowe.pl\/aktualne\/#organization"},"potentialAction":[{"@type":"SearchAction","target":{"@type":"EntryPoint","urlTemplate":"https:\/\/www.pogotowieflagowe.pl\/aktualne\/?s={search_term_string}"},"query-input":"required name=search_term_string"}],"inLanguage":"pl-PL"},{"@type":"Organization","@id":"https:\/\/www.pogotowieflagowe.pl\/aktualne\/#organization","name":"POGOTOWIE FLAGOWE\u00ae","url":"https:\/\/www.pogotowieflagowe.pl\/aktualne\/","logo":{"@type":"ImageObject","inLanguage":"pl-PL","@id":"https:\/\/www.pogotowieflagowe.pl\/aktualne\/#\/schema\/logo\/image\/","url":"https:\/\/www.pogotowieflagowe.pl\/aktualne\/wp-content\/uploads\/2024\/08\/cropped-pogotowieflagowe_flaga_projekt_sm.jpg","contentUrl":"https:\/\/www.pogotowieflagowe.pl\/aktualne\/wp-content\/uploads\/2024\/08\/cropped-pogotowieflagowe_flaga_projekt_sm.jpg","width":250,"height":143,"caption":"POGOTOWIE FLAGOWE\u00ae"},"image":{"@id":"https:\/\/www.pogotowieflagowe.pl\/aktualne\/#\/schema\/logo\/image\/"}},{"@type":"Person","@id":"https:\/\/www.pogotowieflagowe.pl\/aktualne\/#\/schema\/person\/9c2fb7d2362ebf6fa088960d7f0d27b0","name":"Filip","image":{"@type":"ImageObject","inLanguage":"pl-PL","@id":"https:\/\/www.pogotowieflagowe.pl\/aktualne\/#\/schema\/person\/image\/","url":"https:\/\/www.pogotowieflagowe.pl\/aktualne\/wp-content\/uploads\/2024\/08\/pogotowieflagowe.pl_.jpg","contentUrl":"https:\/\/www.pogotowieflagowe.pl\/aktualne\/wp-content\/uploads\/2024\/08\/pogotowieflagowe.pl_.jpg","caption":"Filip"},"description":"Jestem Filip, polski dziennikarz z dyplomem nauk politycznych Uniwersytetu Warszawskiego. Rozpoczynaj\u0105c swoj\u0105 karier\u0119 w r\u00f3\u017cnych lokalnych mediach, zdoby\u0142em solidne do\u015bwiadczenie w zakresie \u015bledztwa i redakcji. Obecnie jako redaktor w Pogotowie flagowe, staram si\u0119 dostarcza\u0107 dog\u0142\u0119bne i istotne analizy na temat najwa\u017cniejszych kwestii aktualno\u015bci, \u0142\u0105cz\u0105c rygor z pasj\u0105 dziennikarsk\u0105.","sameAs":["https:\/\/www.pogotowieflagowe.pl\/"]}]}},"_links":{"self":[{"href":"https:\/\/www.pogotowieflagowe.pl\/aktualne\/wp-json\/wp\/v2\/posts\/9382","targetHints":{"allow":["GET"]}}],"collection":[{"href":"https:\/\/www.pogotowieflagowe.pl\/aktualne\/wp-json\/wp\/v2\/posts"}],"about":[{"href":"https:\/\/www.pogotowieflagowe.pl\/aktualne\/wp-json\/wp\/v2\/types\/post"}],"author":[{"embeddable":true,"href":"https:\/\/www.pogotowieflagowe.pl\/aktualne\/wp-json\/wp\/v2\/users\/1"}],"replies":[{"embeddable":true,"href":"https:\/\/www.pogotowieflagowe.pl\/aktualne\/wp-json\/wp\/v2\/comments?post=9382"}],"version-history":[{"count":1,"href":"https:\/\/www.pogotowieflagowe.pl\/aktualne\/wp-json\/wp\/v2\/posts\/9382\/revisions"}],"predecessor-version":[{"id":9384,"href":"https:\/\/www.pogotowieflagowe.pl\/aktualne\/wp-json\/wp\/v2\/posts\/9382\/revisions\/9384"}],"wp:featuredmedia":[{"embeddable":true,"href":"https:\/\/www.pogotowieflagowe.pl\/aktualne\/wp-json\/wp\/v2\/media\/9383"}],"wp:attachment":[{"href":"https:\/\/www.pogotowieflagowe.pl\/aktualne\/wp-json\/wp\/v2\/media?parent=9382"}],"wp:term":[{"taxonomy":"category","embeddable":true,"href":"https:\/\/www.pogotowieflagowe.pl\/aktualne\/wp-json\/wp\/v2\/categories?post=9382"},{"taxonomy":"post_tag","embeddable":true,"href":"https:\/\/www.pogotowieflagowe.pl\/aktualne\/wp-json\/wp\/v2\/tags?post=9382"}],"curies":[{"name":"wp","href":"https:\/\/api.w.org\/{rel}","templated":true}]}}