{"id":9385,"date":"2025-10-15T21:18:49","date_gmt":"2025-10-15T19:18:49","guid":{"rendered":"https:\/\/www.pogotowieflagowe.pl\/aktualne\/podle-uwagi-tuleyi-o-prezydencie-nawrockim-szef-krs-odpowiada-gbur\/"},"modified":"2025-10-15T21:18:50","modified_gmt":"2025-10-15T19:18:50","slug":"podle-uwagi-tuleyi-o-prezydencie-nawrockim-szef-krs-odpowiada-gbur","status":"publish","type":"post","link":"https:\/\/www.pogotowieflagowe.pl\/aktualne\/podle-uwagi-tuleyi-o-prezydencie-nawrockim-szef-krs-odpowiada-gbur\/","title":{"rendered":"Pod\u0142e uwagi Tuleyi o prezydencie Nawrockim. Szef KRS odpowiada: \u201eGbur\u201d"},"content":{"rendered":"\n<div class=\"td_block_wrap tdb_single_content tdi_41 td-pb-border-top td_block_template_8 td-post-content tagdiv-type\" data-td-block-uid=\"tdi_41\">\n<style>.tdi_41{margines-top:0px!important;margin-bottom:0px!important;dope\u0142nienie-g\u00f3ra:0px!important;dope\u0142nienie-d\u00f3\u0142:0px!important}<\/style>\n<style>.tdb_single_content{margin-bottom:0;*zoom:1}.tdb_single_content:before,.tdb_single_content:after{display:table;content:'';line-height:0}.tdb_single_content:after{clear:both}.tdb_single_content .tdb-block-inner>*:not(.wp-block-quote):not(.alignwide):not(.alignfull.wp-block-cover.has-parallax):not(.td-a-ad){margin-left:auto;margin-right:auto}.tdb_single_content a{pointer-events:auto}.tdb_single_content .td-spot-id-top_ad .tdc-placeholder-title:before{content:'Article Top Ad'!important}.tdb_single_content .td-spot-id-inline_ad0 .tdc-placeholder-title:before{content:'Article Reklama wbudowana 1'!important}.tdb_single_content .td-spot-id-inline_ad1 .tdc-placeholder-title:before{content:'Reklama wbudowana w artyku\u0142 2'!important}.tdb_single_content .td-spot-id-inline_ad2 .tdc-placeholder-title:before{content:'Reklama w tek\u015bcie artyku\u0142u 3'!important}.tdb_single_content .td-spot-id-bottom_ad .tdc-placeholder-title:before{content:'Article Bottom Ad'!important}.tdb_single_content .id_top_ad,.tdb_single_content .id_bottom_ad{clear:both;margin-bottom:21px;text-align:center}.tdb_single_content .id_top_ad img,.tdb_single_content .id_bottom_ad img{margin-bottom:0}.tdb_single_content .id_top_ad .adsbygoogle,.tdb_single_content .id_bottom_ad .adsbygoogle{position:relative}.tdb_single_content .id_ad_content-horiz-left,.tdb_single_content .id_ad_content-horiz-right,.tdb_single_content .id_ad_content-horiz-center{margin-bottom:15px}.tdb_single_content .id_ad_content-horiz-left img,.tdb_single_content .id_ad_content-horiz-right img,.tdb_single_content .id_ad_content-horiz-center img{margin-bottom:0}.tdb_single_content .id_ad_content-horiz-center{text-align:center}.tdb_single_content .id_ad_content-horiz-center img{margin-right:auto;margin-left:auto}.tdb_single_content .id_ad_content-horiz-left{float:left;margin-top:9px;margin-right:21px}.tdb_single_content .id_ad_content-horiz-right{float:right;margin-top:6px;margin-left:21px}.tdb_single_content .tdc-a-ad .tdc-placeholder-title{width:300px;height:250px}.tdb_single_content .tdc-a-ad .tdc-placeholder-title:before{position:absolute;top:50%;-webkit-transform:translateY(-50%);transform:translateY(-50%);margin:auto;display:table;width:100%}.tdb_single_content .tdb-block-inner.td-fix-index{word-break:break-word}.tdi_41,.tdi_41>p,.tdi_41 .tdb-block-inner>p,.wp-block-column>p{font-size:16px!important;line-height:1.6!important}.tdi_41 .tdb-block-inner cytat blokowy p{font-style:normal!important}@media (max-width:767px){.tdb_single_content .id_ad_content-horiz-left,.tdb_single_content .id_ad_content-horiz-right,.tdb_single_content .id_ad_content-horiz-center{margin:0 auto 26 pikseli auto}}@media (max-width:767px){.tdb_single_content .id_ad_content-horiz-left{margin-right:0}}@media (max-width:767px){.tdb_single_content .id_ad_content-horiz-right{margin-left:0}}@media (max-width:767px){.tdb_single_content .td-a-ad{float:none;text-align:center}.tdb_single_content .td-a-ad img{margin-right:auto;margin-left:auto}.tdb_single_content .tdc-a-ad{float:none}}<\/style>\n<div class=\"tdb-block-inner td-fix-index\">\n<p>Igor Tuleya, wyst\u0119puj\u0105cy w <em>neoTVP<\/em> w programie Doroty Wysockiej-Schnepf w spos\u00f3b prostacki i kpi\u0105cy wypowiada\u0142 si\u0119 o Prezydencie RP Karolu Nawrockim, sugeruj\u0105c, \u017ce powinien \u201ezamieni\u0107 3 miliardy z\u0142otych na snus\u201d. Nast\u0119pnie nazwa\u0142 demokratycznie wybran\u0105 g\u0142ow\u0119 pa\u0144stwa \u201elokatorem Pa\u0142acu Prezydenckiego\u201d. Przewodnicz\u0105cy <em>Krajowa Rada S\u0105downictwa<\/em> (KRS) kr\u00f3tko skomentowa\u0142 jego zachowanie: <strong>&#8222;Cham.&#8221;<\/strong><\/p>\n<p>Igor Tuleya, s\u0119dzia znany z dzia\u0142alno\u015bci politycznej przeciwko reformie s\u0105downictwa i rz\u0105du RP, <em>Zjednoczona Prawica<\/em>okrzykni\u0119ty przez \u015brodowiska zwi\u0105zane z obecn\u0105 w\u0142adz\u0105 swego rodzaju \u201em\u0119czennikiem\u201d, by\u0142 go\u015bciem Doroty Wysockiej-Schnepf na nielegalnie przej\u0119tym <em>Informacje TVP<\/em>.<\/p>\n<p>Dyskusja dotyczy\u0142a bie\u017c\u0105cych zagadnie\u0144 zwi\u0105zanych z wymiarem sprawiedliwo\u015bci, w tym zarzutu rzekomego odliczenia 3 miliard\u00f3w z\u0142otych ze \u015brodk\u00f3w unijnych dla Polski w zwi\u0105zku z orzeczeniami wydanymi przez s\u0119dzi\u00f3w powo\u0142anych po 2017 roku.<\/p>\n<p>Odsuni\u0119cie tych s\u0119dzi\u00f3w od orzekania jest jednym z cel\u00f3w tzw <em>Ustawa o praworz\u0105dno\u015bci<\/em> przedstawi\u0142 Minister Sprawiedliwo\u015bci Waldemar \u017burek. Projekt, spe\u0142niaj\u0105cy \u017c\u0105dania radykalnych \u015brodowisk s\u0119dziowskich, \u017burek okre\u015bli\u0142 jako \u201ekompromis\u201d dla prezydenta Karola Nawrockiego.<\/p>\n<figure class=\"wp-block-pullquote\">\n<blockquote>\n<p><strong>&#8222;Liczby niezbyt przemawiaj\u0105 do wyobra\u017ani. Kiedy m\u00f3wi\u0119 3 miliardy z\u0142otych, to chyba na Karolu Nawrockim nie robi to chyba \u017cadnego wra\u017cenia. Mo\u017ce \u0142atwiej b\u0119dzie wyobrazi\u0107 sobie, ile snusu, jak\u0105 g\u00f3r\u0119 tego mo\u017cna kupi\u0107 za 3 miliardy z\u0142otych. Mog\u0119 jedynie zaapelowa\u0107 do lokatora Pa\u0142acu Prezydenckiego, aby poszuka\u0142 kompromisu z ministrem \u017burkiem i wsp\u00f3lnie co\u015b wypracowa\u0142&#8221;<\/strong> \u2013 zawo\u0142a\u0142 Tuleya, bez zdecydowanej reakcji gospodarza.<\/p>\n<\/blockquote>\n<\/figure>\n<p>Internet zareagowa\u0142 ze zdziwieniem na uwagi Tuleyi, wskazuj\u0105c, \u017ce takie zachowanie jest niegodne s\u0119dziego i \u017ce niedopuszczalne jest, aby funkcjonariusz publiczny \u2013 zw\u0142aszcza publicznie \u2013 wypowiada\u0142 si\u0119 w ten spos\u00f3b o g\u0142owie pa\u0144stwa.<\/p>\n<figure class=\"wp-block-embed is-type-rich is-provider-twitter wp-block-embed-twitter\">\n<div class=\"wp-block-embed__wrapper\">\n<blockquote class=\"twitter-tweet\" data-width=\"550\" data-dnt=\"true\">\n<p lang=\"pl\" dir=\"ltr\">jest jednak mo\u017cliwe, \u017ce mo\u017cna to zrobi\u0107 przez tyle lat nie\u015b\u0107 na sztandarach hase\u0142 o konieczno\u015bci stosowania zabezpiecze\u0144 s\u0119dziowskiej niezawis\u0142o\u015bci, ale jednocze\u015bnie nie czu\u0107 kontroli \u017cenady w prostackim atakniu polityki, kt\u00f3rego si\u0119 nie lubi. <a rel=\"nofollow\" href=\"https:\/\/t.co\/VZCuwCzI8y\">pic.twitter.com\/VZCuwCzI8y<\/a><\/p>\n<p>\u2014 Marek Miko\u0142ajczyk (@mikolajczykm) <a rel=\"nofollow\" href=\"https:\/\/twitter.com\/mikolajczykm\/status\/1978209982899270075?ref_src=twsrc%5Etfw\">14 pa\u017adziernika 2025 r<\/a><\/p><\/blockquote>\n<\/div>\n<\/figure>\n<figure class=\"wp-block-embed is-type-rich is-provider-twitter wp-block-embed-twitter\">\n<div class=\"wp-block-embed__wrapper\">\n<blockquote class=\"twitter-tweet\" data-width=\"550\" data-dnt=\"true\">\n<p lang=\"pl\" dir=\"ltr\">Osoba sprawuj\u0105ca w\u0142adz\u0119, bo zdecydowa\u0142a o przyj\u0119ciu s\u0119dzi\u00f3w, o osobie, kt\u00f3ra sprawuje w\u0142adz\u0119, bo zdecydowa\u0142a o odbiorze cz\u0142onk\u00f3w, m\u00f3wi: \u201elokator pa\u0142acu ust\u0105pienia\u201d.<br \/>W telewizji publicznej. Bez reakcji, nawet je\u015bli pojawi\u0105j si\u0119 pytania. https:\/\/t.co\/3WTUdoZVti<\/p>\n<p>\u2014 Bartosz Pilitowski (@bpilitowski) <a rel=\"nofollow\" href=\"https:\/\/twitter.com\/bpilitowski\/status\/1978354556187689234?ref_src=twsrc%5Etfw\">15 pa\u017adziernika 2025 r<\/a><\/p><\/blockquote>\n<\/div>\n<\/figure>\n<figure class=\"wp-block-embed is-type-rich is-provider-twitter wp-block-embed-twitter\">\n<div class=\"wp-block-embed__wrapper\">\n<blockquote class=\"twitter-tweet\" data-width=\"550\" data-dnt=\"true\">\n<p lang=\"zxx\" dir=\"ltr\">https:\/\/t.co\/hMFpBZtIyX <a rel=\"nofollow\" href=\"https:\/\/t.co\/Yc4ym0wecZ\">pic.twitter.com\/Yc4ym0wecZ<\/a><\/p>\n<p>\u2014 kiedy\u015b by\u0142o twoje imi\u0119 (@Procesowy) <a rel=\"nofollow\" href=\"https:\/\/twitter.com\/Procesowy\/status\/1978339209153745074?ref_src=twsrc%5Etfw\">15 pa\u017adziernika 2025 r<\/a><\/p><\/blockquote>\n<\/div>\n<\/figure>\n<figure class=\"wp-block-embed is-type-rich is-provider-twitter wp-block-embed-twitter\">\n<div class=\"wp-block-embed__wrapper\">\n<blockquote class=\"twitter-tweet\" data-width=\"550\" data-dnt=\"true\">\n<p lang=\"en\" dir=\"ltr\">Cham.<\/p>\n<p>\u2014 Dagmara Pawe\u0142czyk-Woicka (@DPawelczykW) <a rel=\"nofollow\" href=\"https:\/\/twitter.com\/DPawelczykW\/status\/1978348056069218653?ref_src=twsrc%5Etfw\">15 pa\u017adziernika 2025 r<\/a><\/p><\/blockquote>\n<\/div>\n<\/figure>\n<\/div>\n<\/div>\n<p><script async src=\"https:\/\/platform.twitter.com\/widgets.js\" charset=\"utf-8\"><\/script><\/p>\n","protected":false},"excerpt":{"rendered":"<p>Igor Tuleya, wyst\u0119puj\u0105cy w neoTVP w programie Doroty Wysockiej-Schnepf w spos\u00f3b prostacki i kpi\u0105cy wypowiada\u0142 si\u0119 o Prezydencie RP Karolu<\/p>\n","protected":false},"author":1,"featured_media":9386,"comment_status":"open","ping_status":"open","sticky":false,"template":"","format":"standard","meta":{"footnotes":""},"categories":[4748],"tags":[10895,8605,7643,3105,10892,10894,2972,10893,1320],"class_list":["post-9385","post","type-post","status-publish","format-standard","has-post-thumbnail","hentry","category-aktualne","tag-gbur","tag-krs","tag-nawrockim","tag-odpowiada","tag-podle","tag-prezydencie","tag-szef","tag-tuleyi","tag-uwagi","generate-columns","tablet-grid-50","mobile-grid-100","grid-parent","grid-50","resize-featured-image"],"yoast_head":"<!-- This site is optimized with the Yoast SEO plugin v23.2 - https:\/\/yoast.com\/wordpress\/plugins\/seo\/ -->\n<title>Pod\u0142e uwagi Tuleyi o prezydencie Nawrockim. Szef KRS odpowiada: \u201eGbur\u201d - POGOTOWIE FLAGOWE\u00ae<\/title>\n<meta name=\"robots\" content=\"index, follow, max-snippet:-1, max-image-preview:large, max-video-preview:-1\" \/>\n<link rel=\"canonical\" href=\"https:\/\/www.pogotowieflagowe.pl\/aktualne\/podle-uwagi-tuleyi-o-prezydencie-nawrockim-szef-krs-odpowiada-gbur\/\" \/>\n<meta property=\"og:locale\" content=\"pl_PL\" \/>\n<meta property=\"og:type\" content=\"article\" \/>\n<meta property=\"og:title\" content=\"Pod\u0142e uwagi Tuleyi o prezydencie Nawrockim. Szef KRS odpowiada: \u201eGbur\u201d - POGOTOWIE FLAGOWE\u00ae\" \/>\n<meta property=\"og:description\" content=\"Igor Tuleya, wyst\u0119puj\u0105cy w neoTVP w programie Doroty Wysockiej-Schnepf w spos\u00f3b prostacki i kpi\u0105cy wypowiada\u0142 si\u0119 o Prezydencie RP Karolu\" \/>\n<meta property=\"og:url\" content=\"https:\/\/www.pogotowieflagowe.pl\/aktualne\/podle-uwagi-tuleyi-o-prezydencie-nawrockim-szef-krs-odpowiada-gbur\/\" \/>\n<meta property=\"og:site_name\" content=\"POGOTOWIE FLAGOWE\u00ae\" \/>\n<meta property=\"article:published_time\" content=\"2025-10-15T19:18:49+00:00\" \/>\n<meta property=\"article:modified_time\" content=\"2025-10-15T19:18:50+00:00\" \/>\n<meta property=\"og:image\" content=\"https:\/\/www.pogotowieflagowe.pl\/aktualne\/wp-content\/uploads\/2025\/10\/Podle-uwagi-Tuleyi-o-prezydencie-Nawrockim-Szef-KRS-odpowiada-\u201eGbur.webp.webp\" \/>\n\t<meta property=\"og:image:width\" content=\"1280\" \/>\n\t<meta property=\"og:image:height\" content=\"720\" \/>\n\t<meta property=\"og:image:type\" content=\"image\/webp\" \/>\n<meta name=\"author\" content=\"Filip\" \/>\n<meta name=\"twitter:card\" content=\"summary_large_image\" \/>\n<meta name=\"twitter:label1\" content=\"Napisane przez\" \/>\n\t<meta name=\"twitter:data1\" content=\"Filip\" \/>\n\t<meta name=\"twitter:label2\" content=\"Szacowany czas czytania\" \/>\n\t<meta name=\"twitter:data2\" content=\"2 minuty\" \/>\n<script type=\"application\/ld+json\" class=\"yoast-schema-graph\">{\"@context\":\"https:\/\/schema.org\",\"@graph\":[{\"@type\":\"Article\",\"@id\":\"https:\/\/www.pogotowieflagowe.pl\/aktualne\/podle-uwagi-tuleyi-o-prezydencie-nawrockim-szef-krs-odpowiada-gbur\/#article\",\"isPartOf\":{\"@id\":\"https:\/\/www.pogotowieflagowe.pl\/aktualne\/podle-uwagi-tuleyi-o-prezydencie-nawrockim-szef-krs-odpowiada-gbur\/\"},\"author\":{\"name\":\"Filip\",\"@id\":\"https:\/\/www.pogotowieflagowe.pl\/aktualne\/#\/schema\/person\/9c2fb7d2362ebf6fa088960d7f0d27b0\"},\"headline\":\"Pod\u0142e uwagi Tuleyi o prezydencie Nawrockim. Szef KRS odpowiada: \u201eGbur\u201d\",\"datePublished\":\"2025-10-15T19:18:49+00:00\",\"dateModified\":\"2025-10-15T19:18:50+00:00\",\"mainEntityOfPage\":{\"@id\":\"https:\/\/www.pogotowieflagowe.pl\/aktualne\/podle-uwagi-tuleyi-o-prezydencie-nawrockim-szef-krs-odpowiada-gbur\/\"},\"wordCount\":446,\"commentCount\":0,\"publisher\":{\"@id\":\"https:\/\/www.pogotowieflagowe.pl\/aktualne\/#organization\"},\"image\":{\"@id\":\"https:\/\/www.pogotowieflagowe.pl\/aktualne\/podle-uwagi-tuleyi-o-prezydencie-nawrockim-szef-krs-odpowiada-gbur\/#primaryimage\"},\"thumbnailUrl\":\"https:\/\/www.pogotowieflagowe.pl\/aktualne\/wp-content\/uploads\/2025\/10\/Podle-uwagi-Tuleyi-o-prezydencie-Nawrockim-Szef-KRS-odpowiada-\u201eGbur.webp.webp\",\"keywords\":[\"Gbur\",\"KRS\",\"Nawrockim\",\"odpowiada\",\"Pod\u0142e\",\"prezydencie\",\"Szef\",\"Tuleyi\",\"uwagi\"],\"articleSection\":[\"Aktualne\"],\"inLanguage\":\"pl-PL\",\"potentialAction\":[{\"@type\":\"CommentAction\",\"name\":\"Comment\",\"target\":[\"https:\/\/www.pogotowieflagowe.pl\/aktualne\/podle-uwagi-tuleyi-o-prezydencie-nawrockim-szef-krs-odpowiada-gbur\/#respond\"]}]},{\"@type\":\"WebPage\",\"@id\":\"https:\/\/www.pogotowieflagowe.pl\/aktualne\/podle-uwagi-tuleyi-o-prezydencie-nawrockim-szef-krs-odpowiada-gbur\/\",\"url\":\"https:\/\/www.pogotowieflagowe.pl\/aktualne\/podle-uwagi-tuleyi-o-prezydencie-nawrockim-szef-krs-odpowiada-gbur\/\",\"name\":\"Pod\u0142e uwagi Tuleyi o prezydencie Nawrockim. Szef KRS odpowiada: \u201eGbur\u201d - POGOTOWIE FLAGOWE\u00ae\",\"isPartOf\":{\"@id\":\"https:\/\/www.pogotowieflagowe.pl\/aktualne\/#website\"},\"primaryImageOfPage\":{\"@id\":\"https:\/\/www.pogotowieflagowe.pl\/aktualne\/podle-uwagi-tuleyi-o-prezydencie-nawrockim-szef-krs-odpowiada-gbur\/#primaryimage\"},\"image\":{\"@id\":\"https:\/\/www.pogotowieflagowe.pl\/aktualne\/podle-uwagi-tuleyi-o-prezydencie-nawrockim-szef-krs-odpowiada-gbur\/#primaryimage\"},\"thumbnailUrl\":\"https:\/\/www.pogotowieflagowe.pl\/aktualne\/wp-content\/uploads\/2025\/10\/Podle-uwagi-Tuleyi-o-prezydencie-Nawrockim-Szef-KRS-odpowiada-\u201eGbur.webp.webp\",\"datePublished\":\"2025-10-15T19:18:49+00:00\",\"dateModified\":\"2025-10-15T19:18:50+00:00\",\"breadcrumb\":{\"@id\":\"https:\/\/www.pogotowieflagowe.pl\/aktualne\/podle-uwagi-tuleyi-o-prezydencie-nawrockim-szef-krs-odpowiada-gbur\/#breadcrumb\"},\"inLanguage\":\"pl-PL\",\"potentialAction\":[{\"@type\":\"ReadAction\",\"target\":[\"https:\/\/www.pogotowieflagowe.pl\/aktualne\/podle-uwagi-tuleyi-o-prezydencie-nawrockim-szef-krs-odpowiada-gbur\/\"]}]},{\"@type\":\"ImageObject\",\"inLanguage\":\"pl-PL\",\"@id\":\"https:\/\/www.pogotowieflagowe.pl\/aktualne\/podle-uwagi-tuleyi-o-prezydencie-nawrockim-szef-krs-odpowiada-gbur\/#primaryimage\",\"url\":\"https:\/\/www.pogotowieflagowe.pl\/aktualne\/wp-content\/uploads\/2025\/10\/Podle-uwagi-Tuleyi-o-prezydencie-Nawrockim-Szef-KRS-odpowiada-\u201eGbur.webp.webp\",\"contentUrl\":\"https:\/\/www.pogotowieflagowe.pl\/aktualne\/wp-content\/uploads\/2025\/10\/Podle-uwagi-Tuleyi-o-prezydencie-Nawrockim-Szef-KRS-odpowiada-\u201eGbur.webp.webp\",\"width\":1280,\"height\":720,\"caption\":\"Pod\u0142e uwagi Tuleyi o prezydencie Nawrockim. Szef KRS odpowiada: \u201eGbur\u201d\"},{\"@type\":\"BreadcrumbList\",\"@id\":\"https:\/\/www.pogotowieflagowe.pl\/aktualne\/podle-uwagi-tuleyi-o-prezydencie-nawrockim-szef-krs-odpowiada-gbur\/#breadcrumb\",\"itemListElement\":[{\"@type\":\"ListItem\",\"position\":1,\"name\":\"Home\",\"item\":\"https:\/\/www.pogotowieflagowe.pl\/aktualne\/\"},{\"@type\":\"ListItem\",\"position\":2,\"name\":\"Pod\u0142e uwagi Tuleyi o prezydencie Nawrockim. Szef KRS odpowiada: \u201eGbur\u201d\"}]},{\"@type\":\"WebSite\",\"@id\":\"https:\/\/www.pogotowieflagowe.pl\/aktualne\/#website\",\"url\":\"https:\/\/www.pogotowieflagowe.pl\/aktualne\/\",\"name\":\"POGOTOWIE FLAGOWE\u00ae\",\"description\":\"\",\"publisher\":{\"@id\":\"https:\/\/www.pogotowieflagowe.pl\/aktualne\/#organization\"},\"potentialAction\":[{\"@type\":\"SearchAction\",\"target\":{\"@type\":\"EntryPoint\",\"urlTemplate\":\"https:\/\/www.pogotowieflagowe.pl\/aktualne\/?s={search_term_string}\"},\"query-input\":\"required name=search_term_string\"}],\"inLanguage\":\"pl-PL\"},{\"@type\":\"Organization\",\"@id\":\"https:\/\/www.pogotowieflagowe.pl\/aktualne\/#organization\",\"name\":\"POGOTOWIE FLAGOWE\u00ae\",\"url\":\"https:\/\/www.pogotowieflagowe.pl\/aktualne\/\",\"logo\":{\"@type\":\"ImageObject\",\"inLanguage\":\"pl-PL\",\"@id\":\"https:\/\/www.pogotowieflagowe.pl\/aktualne\/#\/schema\/logo\/image\/\",\"url\":\"https:\/\/www.pogotowieflagowe.pl\/aktualne\/wp-content\/uploads\/2024\/08\/cropped-pogotowieflagowe_flaga_projekt_sm.jpg\",\"contentUrl\":\"https:\/\/www.pogotowieflagowe.pl\/aktualne\/wp-content\/uploads\/2024\/08\/cropped-pogotowieflagowe_flaga_projekt_sm.jpg\",\"width\":250,\"height\":143,\"caption\":\"POGOTOWIE FLAGOWE\u00ae\"},\"image\":{\"@id\":\"https:\/\/www.pogotowieflagowe.pl\/aktualne\/#\/schema\/logo\/image\/\"}},{\"@type\":\"Person\",\"@id\":\"https:\/\/www.pogotowieflagowe.pl\/aktualne\/#\/schema\/person\/9c2fb7d2362ebf6fa088960d7f0d27b0\",\"name\":\"Filip\",\"image\":{\"@type\":\"ImageObject\",\"inLanguage\":\"pl-PL\",\"@id\":\"https:\/\/www.pogotowieflagowe.pl\/aktualne\/#\/schema\/person\/image\/\",\"url\":\"https:\/\/www.pogotowieflagowe.pl\/aktualne\/wp-content\/uploads\/2024\/08\/pogotowieflagowe.pl_.jpg\",\"contentUrl\":\"https:\/\/www.pogotowieflagowe.pl\/aktualne\/wp-content\/uploads\/2024\/08\/pogotowieflagowe.pl_.jpg\",\"caption\":\"Filip\"},\"description\":\"Jestem Filip, polski dziennikarz z dyplomem nauk politycznych Uniwersytetu Warszawskiego. Rozpoczynaj\u0105c swoj\u0105 karier\u0119 w r\u00f3\u017cnych lokalnych mediach, zdoby\u0142em solidne do\u015bwiadczenie w zakresie \u015bledztwa i redakcji. Obecnie jako redaktor w Pogotowie flagowe, staram si\u0119 dostarcza\u0107 dog\u0142\u0119bne i istotne analizy na temat najwa\u017cniejszych kwestii aktualno\u015bci, \u0142\u0105cz\u0105c rygor z pasj\u0105 dziennikarsk\u0105.\",\"sameAs\":[\"https:\/\/www.pogotowieflagowe.pl\/\"]}]}<\/script>\n<!-- \/ Yoast SEO plugin. -->","yoast_head_json":{"title":"Pod\u0142e uwagi Tuleyi o prezydencie Nawrockim. Szef KRS odpowiada: \u201eGbur\u201d - POGOTOWIE FLAGOWE\u00ae","robots":{"index":"index","follow":"follow","max-snippet":"max-snippet:-1","max-image-preview":"max-image-preview:large","max-video-preview":"max-video-preview:-1"},"canonical":"https:\/\/www.pogotowieflagowe.pl\/aktualne\/podle-uwagi-tuleyi-o-prezydencie-nawrockim-szef-krs-odpowiada-gbur\/","og_locale":"pl_PL","og_type":"article","og_title":"Pod\u0142e uwagi Tuleyi o prezydencie Nawrockim. Szef KRS odpowiada: \u201eGbur\u201d - POGOTOWIE FLAGOWE\u00ae","og_description":"Igor Tuleya, wyst\u0119puj\u0105cy w neoTVP w programie Doroty Wysockiej-Schnepf w spos\u00f3b prostacki i kpi\u0105cy wypowiada\u0142 si\u0119 o Prezydencie RP Karolu","og_url":"https:\/\/www.pogotowieflagowe.pl\/aktualne\/podle-uwagi-tuleyi-o-prezydencie-nawrockim-szef-krs-odpowiada-gbur\/","og_site_name":"POGOTOWIE FLAGOWE\u00ae","article_published_time":"2025-10-15T19:18:49+00:00","article_modified_time":"2025-10-15T19:18:50+00:00","og_image":[{"width":1280,"height":720,"url":"https:\/\/www.pogotowieflagowe.pl\/aktualne\/wp-content\/uploads\/2025\/10\/Podle-uwagi-Tuleyi-o-prezydencie-Nawrockim-Szef-KRS-odpowiada-\u201eGbur.webp.webp","type":"image\/webp"}],"author":"Filip","twitter_card":"summary_large_image","twitter_misc":{"Napisane przez":"Filip","Szacowany czas czytania":"2 minuty"},"schema":{"@context":"https:\/\/schema.org","@graph":[{"@type":"Article","@id":"https:\/\/www.pogotowieflagowe.pl\/aktualne\/podle-uwagi-tuleyi-o-prezydencie-nawrockim-szef-krs-odpowiada-gbur\/#article","isPartOf":{"@id":"https:\/\/www.pogotowieflagowe.pl\/aktualne\/podle-uwagi-tuleyi-o-prezydencie-nawrockim-szef-krs-odpowiada-gbur\/"},"author":{"name":"Filip","@id":"https:\/\/www.pogotowieflagowe.pl\/aktualne\/#\/schema\/person\/9c2fb7d2362ebf6fa088960d7f0d27b0"},"headline":"Pod\u0142e uwagi Tuleyi o prezydencie Nawrockim. Szef KRS odpowiada: \u201eGbur\u201d","datePublished":"2025-10-15T19:18:49+00:00","dateModified":"2025-10-15T19:18:50+00:00","mainEntityOfPage":{"@id":"https:\/\/www.pogotowieflagowe.pl\/aktualne\/podle-uwagi-tuleyi-o-prezydencie-nawrockim-szef-krs-odpowiada-gbur\/"},"wordCount":446,"commentCount":0,"publisher":{"@id":"https:\/\/www.pogotowieflagowe.pl\/aktualne\/#organization"},"image":{"@id":"https:\/\/www.pogotowieflagowe.pl\/aktualne\/podle-uwagi-tuleyi-o-prezydencie-nawrockim-szef-krs-odpowiada-gbur\/#primaryimage"},"thumbnailUrl":"https:\/\/www.pogotowieflagowe.pl\/aktualne\/wp-content\/uploads\/2025\/10\/Podle-uwagi-Tuleyi-o-prezydencie-Nawrockim-Szef-KRS-odpowiada-\u201eGbur.webp.webp","keywords":["Gbur","KRS","Nawrockim","odpowiada","Pod\u0142e","prezydencie","Szef","Tuleyi","uwagi"],"articleSection":["Aktualne"],"inLanguage":"pl-PL","potentialAction":[{"@type":"CommentAction","name":"Comment","target":["https:\/\/www.pogotowieflagowe.pl\/aktualne\/podle-uwagi-tuleyi-o-prezydencie-nawrockim-szef-krs-odpowiada-gbur\/#respond"]}]},{"@type":"WebPage","@id":"https:\/\/www.pogotowieflagowe.pl\/aktualne\/podle-uwagi-tuleyi-o-prezydencie-nawrockim-szef-krs-odpowiada-gbur\/","url":"https:\/\/www.pogotowieflagowe.pl\/aktualne\/podle-uwagi-tuleyi-o-prezydencie-nawrockim-szef-krs-odpowiada-gbur\/","name":"Pod\u0142e uwagi Tuleyi o prezydencie Nawrockim. Szef KRS odpowiada: \u201eGbur\u201d - POGOTOWIE FLAGOWE\u00ae","isPartOf":{"@id":"https:\/\/www.pogotowieflagowe.pl\/aktualne\/#website"},"primaryImageOfPage":{"@id":"https:\/\/www.pogotowieflagowe.pl\/aktualne\/podle-uwagi-tuleyi-o-prezydencie-nawrockim-szef-krs-odpowiada-gbur\/#primaryimage"},"image":{"@id":"https:\/\/www.pogotowieflagowe.pl\/aktualne\/podle-uwagi-tuleyi-o-prezydencie-nawrockim-szef-krs-odpowiada-gbur\/#primaryimage"},"thumbnailUrl":"https:\/\/www.pogotowieflagowe.pl\/aktualne\/wp-content\/uploads\/2025\/10\/Podle-uwagi-Tuleyi-o-prezydencie-Nawrockim-Szef-KRS-odpowiada-\u201eGbur.webp.webp","datePublished":"2025-10-15T19:18:49+00:00","dateModified":"2025-10-15T19:18:50+00:00","breadcrumb":{"@id":"https:\/\/www.pogotowieflagowe.pl\/aktualne\/podle-uwagi-tuleyi-o-prezydencie-nawrockim-szef-krs-odpowiada-gbur\/#breadcrumb"},"inLanguage":"pl-PL","potentialAction":[{"@type":"ReadAction","target":["https:\/\/www.pogotowieflagowe.pl\/aktualne\/podle-uwagi-tuleyi-o-prezydencie-nawrockim-szef-krs-odpowiada-gbur\/"]}]},{"@type":"ImageObject","inLanguage":"pl-PL","@id":"https:\/\/www.pogotowieflagowe.pl\/aktualne\/podle-uwagi-tuleyi-o-prezydencie-nawrockim-szef-krs-odpowiada-gbur\/#primaryimage","url":"https:\/\/www.pogotowieflagowe.pl\/aktualne\/wp-content\/uploads\/2025\/10\/Podle-uwagi-Tuleyi-o-prezydencie-Nawrockim-Szef-KRS-odpowiada-\u201eGbur.webp.webp","contentUrl":"https:\/\/www.pogotowieflagowe.pl\/aktualne\/wp-content\/uploads\/2025\/10\/Podle-uwagi-Tuleyi-o-prezydencie-Nawrockim-Szef-KRS-odpowiada-\u201eGbur.webp.webp","width":1280,"height":720,"caption":"Pod\u0142e uwagi Tuleyi o prezydencie Nawrockim. Szef KRS odpowiada: \u201eGbur\u201d"},{"@type":"BreadcrumbList","@id":"https:\/\/www.pogotowieflagowe.pl\/aktualne\/podle-uwagi-tuleyi-o-prezydencie-nawrockim-szef-krs-odpowiada-gbur\/#breadcrumb","itemListElement":[{"@type":"ListItem","position":1,"name":"Home","item":"https:\/\/www.pogotowieflagowe.pl\/aktualne\/"},{"@type":"ListItem","position":2,"name":"Pod\u0142e uwagi Tuleyi o prezydencie Nawrockim. Szef KRS odpowiada: \u201eGbur\u201d"}]},{"@type":"WebSite","@id":"https:\/\/www.pogotowieflagowe.pl\/aktualne\/#website","url":"https:\/\/www.pogotowieflagowe.pl\/aktualne\/","name":"POGOTOWIE FLAGOWE\u00ae","description":"","publisher":{"@id":"https:\/\/www.pogotowieflagowe.pl\/aktualne\/#organization"},"potentialAction":[{"@type":"SearchAction","target":{"@type":"EntryPoint","urlTemplate":"https:\/\/www.pogotowieflagowe.pl\/aktualne\/?s={search_term_string}"},"query-input":"required name=search_term_string"}],"inLanguage":"pl-PL"},{"@type":"Organization","@id":"https:\/\/www.pogotowieflagowe.pl\/aktualne\/#organization","name":"POGOTOWIE FLAGOWE\u00ae","url":"https:\/\/www.pogotowieflagowe.pl\/aktualne\/","logo":{"@type":"ImageObject","inLanguage":"pl-PL","@id":"https:\/\/www.pogotowieflagowe.pl\/aktualne\/#\/schema\/logo\/image\/","url":"https:\/\/www.pogotowieflagowe.pl\/aktualne\/wp-content\/uploads\/2024\/08\/cropped-pogotowieflagowe_flaga_projekt_sm.jpg","contentUrl":"https:\/\/www.pogotowieflagowe.pl\/aktualne\/wp-content\/uploads\/2024\/08\/cropped-pogotowieflagowe_flaga_projekt_sm.jpg","width":250,"height":143,"caption":"POGOTOWIE FLAGOWE\u00ae"},"image":{"@id":"https:\/\/www.pogotowieflagowe.pl\/aktualne\/#\/schema\/logo\/image\/"}},{"@type":"Person","@id":"https:\/\/www.pogotowieflagowe.pl\/aktualne\/#\/schema\/person\/9c2fb7d2362ebf6fa088960d7f0d27b0","name":"Filip","image":{"@type":"ImageObject","inLanguage":"pl-PL","@id":"https:\/\/www.pogotowieflagowe.pl\/aktualne\/#\/schema\/person\/image\/","url":"https:\/\/www.pogotowieflagowe.pl\/aktualne\/wp-content\/uploads\/2024\/08\/pogotowieflagowe.pl_.jpg","contentUrl":"https:\/\/www.pogotowieflagowe.pl\/aktualne\/wp-content\/uploads\/2024\/08\/pogotowieflagowe.pl_.jpg","caption":"Filip"},"description":"Jestem Filip, polski dziennikarz z dyplomem nauk politycznych Uniwersytetu Warszawskiego. Rozpoczynaj\u0105c swoj\u0105 karier\u0119 w r\u00f3\u017cnych lokalnych mediach, zdoby\u0142em solidne do\u015bwiadczenie w zakresie \u015bledztwa i redakcji. Obecnie jako redaktor w Pogotowie flagowe, staram si\u0119 dostarcza\u0107 dog\u0142\u0119bne i istotne analizy na temat najwa\u017cniejszych kwestii aktualno\u015bci, \u0142\u0105cz\u0105c rygor z pasj\u0105 dziennikarsk\u0105.","sameAs":["https:\/\/www.pogotowieflagowe.pl\/"]}]}},"_links":{"self":[{"href":"https:\/\/www.pogotowieflagowe.pl\/aktualne\/wp-json\/wp\/v2\/posts\/9385","targetHints":{"allow":["GET"]}}],"collection":[{"href":"https:\/\/www.pogotowieflagowe.pl\/aktualne\/wp-json\/wp\/v2\/posts"}],"about":[{"href":"https:\/\/www.pogotowieflagowe.pl\/aktualne\/wp-json\/wp\/v2\/types\/post"}],"author":[{"embeddable":true,"href":"https:\/\/www.pogotowieflagowe.pl\/aktualne\/wp-json\/wp\/v2\/users\/1"}],"replies":[{"embeddable":true,"href":"https:\/\/www.pogotowieflagowe.pl\/aktualne\/wp-json\/wp\/v2\/comments?post=9385"}],"version-history":[{"count":1,"href":"https:\/\/www.pogotowieflagowe.pl\/aktualne\/wp-json\/wp\/v2\/posts\/9385\/revisions"}],"predecessor-version":[{"id":9387,"href":"https:\/\/www.pogotowieflagowe.pl\/aktualne\/wp-json\/wp\/v2\/posts\/9385\/revisions\/9387"}],"wp:featuredmedia":[{"embeddable":true,"href":"https:\/\/www.pogotowieflagowe.pl\/aktualne\/wp-json\/wp\/v2\/media\/9386"}],"wp:attachment":[{"href":"https:\/\/www.pogotowieflagowe.pl\/aktualne\/wp-json\/wp\/v2\/media?parent=9385"}],"wp:term":[{"taxonomy":"category","embeddable":true,"href":"https:\/\/www.pogotowieflagowe.pl\/aktualne\/wp-json\/wp\/v2\/categories?post=9385"},{"taxonomy":"post_tag","embeddable":true,"href":"https:\/\/www.pogotowieflagowe.pl\/aktualne\/wp-json\/wp\/v2\/tags?post=9385"}],"curies":[{"name":"wp","href":"https:\/\/api.w.org\/{rel}","templated":true}]}}