{"id":9391,"date":"2025-10-15T21:53:18","date_gmt":"2025-10-15T19:53:18","guid":{"rendered":"https:\/\/www.pogotowieflagowe.pl\/aktualne\/trump-honoruje-charliego-kirka-najwyzsza-amerykanska-nagroda-cywilna-najlepszy-prezent-urodzinowy\/"},"modified":"2025-10-15T21:53:20","modified_gmt":"2025-10-15T19:53:20","slug":"trump-honoruje-charliego-kirka-najwyzsza-amerykanska-nagroda-cywilna-najlepszy-prezent-urodzinowy","status":"publish","type":"post","link":"https:\/\/www.pogotowieflagowe.pl\/aktualne\/trump-honoruje-charliego-kirka-najwyzsza-amerykanska-nagroda-cywilna-najlepszy-prezent-urodzinowy\/","title":{"rendered":"Trump honoruje Charliego Kirka najwy\u017csz\u0105 ameryka\u0144sk\u0105 nagrod\u0105 cywiln\u0105: \u201eNajlepszy prezent urodzinowy\u201d"},"content":{"rendered":"\n<div class=\"td_block_wrap tdb_single_content tdi_41 td-pb-border-top td_block_template_8 td-post-content tagdiv-type\" data-td-block-uid=\"tdi_41\">\n<style>.tdi_41{margines-top:0px!important;margin-bottom:0px!important;dope\u0142nienie-g\u00f3ra:0px!important;dope\u0142nienie-d\u00f3\u0142:0px!important}<\/style>\n<style>.tdb_single_content{margin-bottom:0;*zoom:1}.tdb_single_content:before,.tdb_single_content:after{display:table;content:'';line-height:0}.tdb_single_content:after{clear:both}.tdb_single_content .tdb-block-inner>*:not(.wp-block-quote):not(.alignwide):not(.alignfull.wp-block-cover.has-parallax):not(.td-a-ad){margin-left:auto;margin-right:auto}.tdb_single_content a{pointer-events:auto}.tdb_single_content .td-spot-id-top_ad .tdc-placeholder-title:before{content:'Article Top Ad'!important}.tdb_single_content .td-spot-id-inline_ad0 .tdc-placeholder-title:before{content:'Article Reklama wbudowana 1'!important}.tdb_single_content .td-spot-id-inline_ad1 .tdc-placeholder-title:before{content:'Reklama wbudowana w artyku\u0142 2'!important}.tdb_single_content .td-spot-id-inline_ad2 .tdc-placeholder-title:before{content:'Reklama w tek\u015bcie artyku\u0142u 3'!important}.tdb_single_content .td-spot-id-bottom_ad .tdc-placeholder-title:before{content:'Article Bottom Ad'!important}.tdb_single_content .id_top_ad,.tdb_single_content .id_bottom_ad{clear:both;margin-bottom:21px;text-align:center}.tdb_single_content .id_top_ad img,.tdb_single_content .id_bottom_ad img{margin-bottom:0}.tdb_single_content .id_top_ad .adsbygoogle,.tdb_single_content .id_bottom_ad .adsbygoogle{position:relative}.tdb_single_content .id_ad_content-horiz-left,.tdb_single_content .id_ad_content-horiz-right,.tdb_single_content .id_ad_content-horiz-center{margin-bottom:15px}.tdb_single_content .id_ad_content-horiz-left img,.tdb_single_content .id_ad_content-horiz-right img,.tdb_single_content .id_ad_content-horiz-center img{margin-bottom:0}.tdb_single_content .id_ad_content-horiz-center{text-align:center}.tdb_single_content .id_ad_content-horiz-center img{margin-right:auto;margin-left:auto}.tdb_single_content .id_ad_content-horiz-left{float:left;margin-top:9px;margin-right:21px}.tdb_single_content .id_ad_content-horiz-right{float:right;margin-top:6px;margin-left:21px}.tdb_single_content .tdc-a-ad .tdc-placeholder-title{width:300px;height:250px}.tdb_single_content .tdc-a-ad .tdc-placeholder-title:before{position:absolute;top:50%;-webkit-transform:translateY(-50%);transform:translateY(-50%);margin:auto;display:table;width:100%}.tdb_single_content .tdb-block-inner.td-fix-index{word-break:break-word}.tdi_41,.tdi_41>p,.tdi_41 .tdb-block-inner>p,.wp-block-column>p{font-size:16px!important;line-height:1.6!important}.tdi_41 .tdb-block-inner cytat blokowy p{font-style:normal!important}@media (max-width:767px){.tdb_single_content .id_ad_content-horiz-left,.tdb_single_content .id_ad_content-horiz-right,.tdb_single_content .id_ad_content-horiz-center{margin:0 auto 26 pikseli auto}}@media (max-width:767px){.tdb_single_content .id_ad_content-horiz-left{margin-right:0}}@media (max-width:767px){.tdb_single_content .id_ad_content-horiz-right{margin-left:0}}@media (max-width:767px){.tdb_single_content .td-a-ad{float:none;text-align:center}.tdb_single_content .td-a-ad img{margin-right:auto;margin-left:auto}.tdb_single_content .tdc-a-ad{float:none}}<\/style>\n<div class=\"tdb-block-inner td-fix-index\">\n<p>Prezydent USA Donald Trump po\u015bmiertnie przyzna\u0142 zamordowanemu aktywi\u015bcie Charliemu Kirkowi najwy\u017csze odznaczenie cywilne w kraju \u2013 tzw <em>Prezydencki Medal Wolno\u015bci<\/em>. Dzie\u0144 14 pa\u017adziernika zosta\u0142 ustanowiony Dniem Pami\u0119ci Charliego Kirka.<\/p>\n<figure class=\"wp-block-embed is-type-rich is-provider-twitter wp-block-embed-twitter\">\n<div class=\"wp-block-embed__wrapper\">\n<blockquote class=\"twitter-tweet\" data-width=\"550\" data-dnt=\"true\">\n<p lang=\"en\" dir=\"ltr\">Wolno\u015b\u0107 nie jest teori\u0105, jest \u015bwiadectwem. <\/p>\n<p>Administracja Trumpa ka\u017cdego dnia b\u0119dzie nadal realizowa\u0107 misj\u0119, dla kt\u00f3rej \u017cy\u0142 Charlie Kirk. <\/p>\n<p>Dla Charliego. \u2764\ufe0f <a rel=\"nofollow\" href=\"https:\/\/t.co\/mefZRxCVH6\">pic.twitter.com\/mefZRxCVH6<\/a><\/p>\n<p>\u2014 Bia\u0142y Dom (@WhiteHouse) <a rel=\"nofollow\" href=\"https:\/\/twitter.com\/WhiteHouse\/status\/1978263941441605711?ref_src=twsrc%5Etfw\">15 pa\u017adziernika 2025 r<\/a><\/p><\/blockquote>\n<\/div>\n<\/figure>\n<figure class=\"wp-block-pullquote\">\n<blockquote>\n<p><strong>\u201eJeste\u015bmy tu dzisiaj, aby uczci\u0107 i upami\u0119tni\u0107 nieustraszonego wojownika o wolno\u015b\u0107, ukochanego przyw\u00f3dc\u0119, kt\u00f3ry zainspirowa\u0142 pokolenie jak nikt przed nim\u201d<\/strong> \u2013 powiedzia\u0142 Trump podczas ceremonii. Medal przyj\u0119\u0142a wdowa po Kirku, Erika, kt\u00f3ra obj\u0119\u0142a kierownictwo <em>Punkt zwrotny w USA<\/em> (<em>TPUSA<\/em>) po \u015bmierci m\u0119\u017ca.<\/p>\n<\/blockquote>\n<\/figure>\n<figure class=\"wp-block-embed is-type-rich is-provider-twitter wp-block-embed-twitter\">\n<div class=\"wp-block-embed__wrapper\">\n<blockquote class=\"twitter-tweet\" data-width=\"550\" data-dnt=\"true\">\n<p lang=\"en\" dir=\"ltr\">.<a rel=\"nofollow\" href=\"https:\/\/twitter.com\/POTUS?ref_src=twsrc%5Etfw\">@POTUS<\/a> wr\u0119cza Prezydencki Medal Wolno\u015bci, przyznany po\u015bmiertnie \u015bp. Charliemu Kirkowi, jego \u017conie, pani Erice Kirk \ud83d\ude4f <a rel=\"nofollow\" href=\"https:\/\/t.co\/T28dH9Gk4S\">pic.twitter.com\/T28dH9Gk4S<\/a><\/p>\n<p>\u2014 Szybka reakcja 47 (@RapidResponse47) <a rel=\"nofollow\" href=\"https:\/\/twitter.com\/RapidResponse47\/status\/1978209628627370054?ref_src=twsrc%5Etfw\">14 pa\u017adziernika 2025 r<\/a><\/p><\/blockquote>\n<\/div>\n<\/figure>\n<p><strong>\u201ePanie Prezydencie, mog\u0119 z ca\u0142\u0105 pewno\u015bci\u0105 stwierdzi\u0107, \u017ce da\u0142 mu Pan najlepszy prezent urodzinowy, jaki m\u00f3g\u0142 sobie wymarzy\u0107,<\/strong>&#8221; &#8211; powiedzia\u0142a wdowa po Kirku, zwracaj\u0105c si\u0119 do Trumpa. Dzia\u0142acz, kt\u00f3ry 14 pa\u017adziernika sko\u0144czy\u0142by 32 lata, zosta\u0142 zastrzelony 10 wrze\u015bnia na oczach t\u0142umu podczas debaty na Uniwersytecie Utah Valley. Zmar\u0142 po przewiezieniu do szpitala. Kirk jest pierwsz\u0105 osob\u0105, kt\u00f3ra dost\u0105pi\u0142a tego zaszczytu z r\u0105k Trumpa od pocz\u0105tku jego drugiej kadencji.<\/p>\n<figure class=\"wp-block-pullquote\">\n<blockquote>\n<p><strong>&#8222;Od czasu zabicia Charliego widzieli\u015bmy dok\u0142adnie, dlaczego nasz kraj tak desperacko potrzebowa\u0142 jego przyk\u0142adu. Jeste\u015bmy \u015bwiadkami legion\u00f3w skrajnie lewicowych radyka\u0142\u00f3w uciekaj\u0105cych si\u0119 do desperackich akt\u00f3w przemocy i terroru, poniewa\u017c wiedz\u0105, \u017ce ich pomys\u0142y i argumenty nikogo nie przekonuj\u0105,<\/strong>\u2013 oznajmi\u0142 Trump w swoim przem\u00f3wieniu.<\/p>\n<\/blockquote>\n<\/figure>\n<figure class=\"wp-block-embed is-type-rich is-provider-twitter wp-block-embed-twitter\">\n<div class=\"wp-block-embed__wrapper\">\n<blockquote class=\"twitter-tweet\" data-width=\"550\" data-dnt=\"true\">\n<p lang=\"qme\" dir=\"ltr\">\u2665\ufe0f <a rel=\"nofollow\" href=\"https:\/\/t.co\/ZAf2e1mn7J\">pic.twitter.com\/ZAf2e1mn7J<\/a> https:\/\/t.co\/biflUuKLxF<\/p>\n<p>\u2014 Szybka reakcja 47 (@RapidResponse47) <a rel=\"nofollow\" href=\"https:\/\/twitter.com\/RapidResponse47\/status\/1978230421750997047?ref_src=twsrc%5Etfw\">14 pa\u017adziernika 2025 r<\/a><\/p><\/blockquote>\n<\/div>\n<\/figure>\n<h2 class=\"wp-block-heading\"><strong>Siedem zarzut\u00f3w dla zab\u00f3jcy<\/strong><\/h2>\n<p>16 wrze\u015bnia prokuratura stanu Utah postawi\u0142a siedem zarzut\u00f3w 22-letniemu Tylerowi Robinsonowi, oskar\u017conemu o zamordowanie Kirka. W przypadku skazania prokuratorzy planuj\u0105 domaga\u0107 si\u0119 kary \u015bmierci. Upublicznione zosta\u0142y SMS-y wysy\u0142ane przez Robinsona, w kt\u00f3rych rzekomo twierdzi\u0142, \u017ce zabi\u0142 Kirka, poniewa\u017c by\u0142 \u201ezm\u0119czony swoj\u0105 nienawi\u015bci\u0105\u201d.<\/p>\n<figure class=\"wp-block-pullquote\">\n<blockquote>\n<p>The <em>Departament Stanu<\/em> podj\u0119\u0142a decyzj\u0119 o cofni\u0119ciu wiz obcokrajowcom, kt\u00f3rzy \u015bwi\u0119towali zab\u00f3jstwo Charliego Kirka. <strong>\u201eStany Zjednoczone nie maj\u0105 obowi\u0105zku przyjmowa\u0107 cudzoziemc\u00f3w, kt\u00f3rzy \u017cycz\u0105 Amerykanom \u015bmierci\u201d \u2013 doda\u0142.<\/strong> the <em>Departament Stanu<\/em> napisa\u0142 na X. <strong>\u201eDepartament Stanu w dalszym ci\u0105gu ustala to\u017csamo\u015b\u0107 posiadaczy wiz, kt\u00f3rzy \u015bwi\u0119towali haniebne morderstwo Charliego Kirka\u201d \u2013 doda\u0142.<\/strong> przeczytany post.<\/p>\n<\/blockquote>\n<\/figure>\n<p>Agencja wymieni\u0142a kilka os\u00f3b, kt\u00f3re \u2013 jak stwierdzi\u0142a \u2013 nie s\u0105 ju\u017c mile widziane w Stanach Zjednoczonych. Byli w\u015br\u00f3d nich obywatele Argentyny, Republiki Po\u0142udniowej Afryki, Meksyku, Brazylii, Niemiec i Paragwaju.<\/p>\n<p>Departament zacytowa\u0142 tak\u017ce opublikowane przez te osoby posty na temat Kirka, w kt\u00f3rych nazywano go \u201efaszyst\u0105\u201d i \u201erasist\u0105\u201d oraz komentowano w rodzaju \u201eumar\u0142 za p\u00f3\u017ano\u201d i \u201epowinien pali\u0107 si\u0119 w piekle\u201d.<\/p>\n<p>Kirk by\u0142 jedn\u0105 z najwybitniejszych postaci <em>Najpierw Ameryka<\/em> ruchu, komentator polityczny i za\u0142o\u017cyciel <em>Punkt zwrotny w USA<\/em>. By\u0142 znany z prowadzenia debat ze studentami. <em>TPUSA<\/em> prowadzi\u0142 tak\u017ce w\u0142asne kana\u0142y medialne, a Kirk by\u0142 gospodarzem politycznego talk show <em>G\u0142os prawdziwej Ameryki<\/em> telewizja.<\/p>\n<\/div>\n<\/div>\n<p><script async src=\"https:\/\/platform.twitter.com\/widgets.js\" charset=\"utf-8\"><\/script><\/p>\n","protected":false},"excerpt":{"rendered":"<p>Prezydent USA Donald Trump po\u015bmiertnie przyzna\u0142 zamordowanemu aktywi\u015bcie Charliemu Kirkowi najwy\u017csze odznaczenie cywilne w kraju \u2013 tzw Prezydencki Medal Wolno\u015bci.<\/p>\n","protected":false},"author":1,"featured_media":9392,"comment_status":"open","ping_status":"open","sticky":false,"template":"","format":"standard","meta":{"footnotes":""},"categories":[44],"tags":[3137,9343,2470,6931,9344,4882,4037,1225,4818,251,10900],"class_list":["post-9391","post","type-post","status-publish","format-standard","has-post-thumbnail","hentry","category-polityka","tag-amerykanska","tag-charliego","tag-cywilna","tag-honoruje","tag-kirka","tag-nagroda","tag-najlepszy","tag-najwyzsza","tag-prezent","tag-trump","tag-urodzinowy","generate-columns","tablet-grid-50","mobile-grid-100","grid-parent","grid-50","resize-featured-image"],"yoast_head":"<!-- This site is optimized with the Yoast SEO plugin v23.2 - https:\/\/yoast.com\/wordpress\/plugins\/seo\/ -->\n<title>Trump honoruje Charliego Kirka najwy\u017csz\u0105 ameryka\u0144sk\u0105 nagrod\u0105 cywiln\u0105: \u201eNajlepszy prezent urodzinowy\u201d - POGOTOWIE FLAGOWE\u00ae<\/title>\n<meta name=\"robots\" content=\"index, follow, max-snippet:-1, max-image-preview:large, max-video-preview:-1\" \/>\n<link rel=\"canonical\" href=\"https:\/\/www.pogotowieflagowe.pl\/aktualne\/trump-honoruje-charliego-kirka-najwyzsza-amerykanska-nagroda-cywilna-najlepszy-prezent-urodzinowy\/\" \/>\n<meta property=\"og:locale\" content=\"pl_PL\" \/>\n<meta property=\"og:type\" content=\"article\" \/>\n<meta property=\"og:title\" content=\"Trump honoruje Charliego Kirka najwy\u017csz\u0105 ameryka\u0144sk\u0105 nagrod\u0105 cywiln\u0105: \u201eNajlepszy prezent urodzinowy\u201d - POGOTOWIE FLAGOWE\u00ae\" \/>\n<meta property=\"og:description\" content=\"Prezydent USA Donald Trump po\u015bmiertnie przyzna\u0142 zamordowanemu aktywi\u015bcie Charliemu Kirkowi najwy\u017csze odznaczenie cywilne w kraju \u2013 tzw Prezydencki Medal Wolno\u015bci.\" \/>\n<meta property=\"og:url\" content=\"https:\/\/www.pogotowieflagowe.pl\/aktualne\/trump-honoruje-charliego-kirka-najwyzsza-amerykanska-nagroda-cywilna-najlepszy-prezent-urodzinowy\/\" \/>\n<meta property=\"og:site_name\" content=\"POGOTOWIE FLAGOWE\u00ae\" \/>\n<meta property=\"article:published_time\" content=\"2025-10-15T19:53:18+00:00\" \/>\n<meta property=\"article:modified_time\" content=\"2025-10-15T19:53:20+00:00\" \/>\n<meta property=\"og:image\" content=\"https:\/\/www.pogotowieflagowe.pl\/aktualne\/wp-content\/uploads\/2025\/10\/Trump-honoruje-Charliego-Kirka-najwyzsza-amerykanska-nagroda-cywilna-\u201eNajlepszy-prezent.webp.webp\" \/>\n\t<meta property=\"og:image:width\" content=\"1280\" \/>\n\t<meta property=\"og:image:height\" content=\"720\" \/>\n\t<meta property=\"og:image:type\" content=\"image\/webp\" \/>\n<meta name=\"author\" content=\"Filip\" \/>\n<meta name=\"twitter:card\" content=\"summary_large_image\" \/>\n<meta name=\"twitter:label1\" content=\"Napisane przez\" \/>\n\t<meta name=\"twitter:data1\" content=\"Filip\" \/>\n\t<meta name=\"twitter:label2\" content=\"Szacowany czas czytania\" \/>\n\t<meta name=\"twitter:data2\" content=\"3 minuty\" \/>\n<script type=\"application\/ld+json\" class=\"yoast-schema-graph\">{\"@context\":\"https:\/\/schema.org\",\"@graph\":[{\"@type\":\"Article\",\"@id\":\"https:\/\/www.pogotowieflagowe.pl\/aktualne\/trump-honoruje-charliego-kirka-najwyzsza-amerykanska-nagroda-cywilna-najlepszy-prezent-urodzinowy\/#article\",\"isPartOf\":{\"@id\":\"https:\/\/www.pogotowieflagowe.pl\/aktualne\/trump-honoruje-charliego-kirka-najwyzsza-amerykanska-nagroda-cywilna-najlepszy-prezent-urodzinowy\/\"},\"author\":{\"name\":\"Filip\",\"@id\":\"https:\/\/www.pogotowieflagowe.pl\/aktualne\/#\/schema\/person\/9c2fb7d2362ebf6fa088960d7f0d27b0\"},\"headline\":\"Trump honoruje Charliego Kirka najwy\u017csz\u0105 ameryka\u0144sk\u0105 nagrod\u0105 cywiln\u0105: \u201eNajlepszy prezent urodzinowy\u201d\",\"datePublished\":\"2025-10-15T19:53:18+00:00\",\"dateModified\":\"2025-10-15T19:53:20+00:00\",\"mainEntityOfPage\":{\"@id\":\"https:\/\/www.pogotowieflagowe.pl\/aktualne\/trump-honoruje-charliego-kirka-najwyzsza-amerykanska-nagroda-cywilna-najlepszy-prezent-urodzinowy\/\"},\"wordCount\":546,\"commentCount\":0,\"publisher\":{\"@id\":\"https:\/\/www.pogotowieflagowe.pl\/aktualne\/#organization\"},\"image\":{\"@id\":\"https:\/\/www.pogotowieflagowe.pl\/aktualne\/trump-honoruje-charliego-kirka-najwyzsza-amerykanska-nagroda-cywilna-najlepszy-prezent-urodzinowy\/#primaryimage\"},\"thumbnailUrl\":\"https:\/\/www.pogotowieflagowe.pl\/aktualne\/wp-content\/uploads\/2025\/10\/Trump-honoruje-Charliego-Kirka-najwyzsza-amerykanska-nagroda-cywilna-\u201eNajlepszy-prezent.webp.webp\",\"keywords\":[\"ameryka\u0144sk\u0105\",\"Charliego\",\"cywilna\",\"honoruje\",\"Kirka\",\"nagroda\",\"Najlepszy\",\"najwy\u017csz\u0105\",\"prezent\",\"Trump\",\"urodzinowy\"],\"articleSection\":[\"Polityka\"],\"inLanguage\":\"pl-PL\",\"potentialAction\":[{\"@type\":\"CommentAction\",\"name\":\"Comment\",\"target\":[\"https:\/\/www.pogotowieflagowe.pl\/aktualne\/trump-honoruje-charliego-kirka-najwyzsza-amerykanska-nagroda-cywilna-najlepszy-prezent-urodzinowy\/#respond\"]}]},{\"@type\":\"WebPage\",\"@id\":\"https:\/\/www.pogotowieflagowe.pl\/aktualne\/trump-honoruje-charliego-kirka-najwyzsza-amerykanska-nagroda-cywilna-najlepszy-prezent-urodzinowy\/\",\"url\":\"https:\/\/www.pogotowieflagowe.pl\/aktualne\/trump-honoruje-charliego-kirka-najwyzsza-amerykanska-nagroda-cywilna-najlepszy-prezent-urodzinowy\/\",\"name\":\"Trump honoruje Charliego Kirka najwy\u017csz\u0105 ameryka\u0144sk\u0105 nagrod\u0105 cywiln\u0105: \u201eNajlepszy prezent urodzinowy\u201d - POGOTOWIE FLAGOWE\u00ae\",\"isPartOf\":{\"@id\":\"https:\/\/www.pogotowieflagowe.pl\/aktualne\/#website\"},\"primaryImageOfPage\":{\"@id\":\"https:\/\/www.pogotowieflagowe.pl\/aktualne\/trump-honoruje-charliego-kirka-najwyzsza-amerykanska-nagroda-cywilna-najlepszy-prezent-urodzinowy\/#primaryimage\"},\"image\":{\"@id\":\"https:\/\/www.pogotowieflagowe.pl\/aktualne\/trump-honoruje-charliego-kirka-najwyzsza-amerykanska-nagroda-cywilna-najlepszy-prezent-urodzinowy\/#primaryimage\"},\"thumbnailUrl\":\"https:\/\/www.pogotowieflagowe.pl\/aktualne\/wp-content\/uploads\/2025\/10\/Trump-honoruje-Charliego-Kirka-najwyzsza-amerykanska-nagroda-cywilna-\u201eNajlepszy-prezent.webp.webp\",\"datePublished\":\"2025-10-15T19:53:18+00:00\",\"dateModified\":\"2025-10-15T19:53:20+00:00\",\"breadcrumb\":{\"@id\":\"https:\/\/www.pogotowieflagowe.pl\/aktualne\/trump-honoruje-charliego-kirka-najwyzsza-amerykanska-nagroda-cywilna-najlepszy-prezent-urodzinowy\/#breadcrumb\"},\"inLanguage\":\"pl-PL\",\"potentialAction\":[{\"@type\":\"ReadAction\",\"target\":[\"https:\/\/www.pogotowieflagowe.pl\/aktualne\/trump-honoruje-charliego-kirka-najwyzsza-amerykanska-nagroda-cywilna-najlepszy-prezent-urodzinowy\/\"]}]},{\"@type\":\"ImageObject\",\"inLanguage\":\"pl-PL\",\"@id\":\"https:\/\/www.pogotowieflagowe.pl\/aktualne\/trump-honoruje-charliego-kirka-najwyzsza-amerykanska-nagroda-cywilna-najlepszy-prezent-urodzinowy\/#primaryimage\",\"url\":\"https:\/\/www.pogotowieflagowe.pl\/aktualne\/wp-content\/uploads\/2025\/10\/Trump-honoruje-Charliego-Kirka-najwyzsza-amerykanska-nagroda-cywilna-\u201eNajlepszy-prezent.webp.webp\",\"contentUrl\":\"https:\/\/www.pogotowieflagowe.pl\/aktualne\/wp-content\/uploads\/2025\/10\/Trump-honoruje-Charliego-Kirka-najwyzsza-amerykanska-nagroda-cywilna-\u201eNajlepszy-prezent.webp.webp\",\"width\":1280,\"height\":720,\"caption\":\"Trump honoruje Charliego Kirka najwy\u017csz\u0105 ameryka\u0144sk\u0105 nagrod\u0105 cywiln\u0105: \u201eNajlepszy prezent urodzinowy\u201d\"},{\"@type\":\"BreadcrumbList\",\"@id\":\"https:\/\/www.pogotowieflagowe.pl\/aktualne\/trump-honoruje-charliego-kirka-najwyzsza-amerykanska-nagroda-cywilna-najlepszy-prezent-urodzinowy\/#breadcrumb\",\"itemListElement\":[{\"@type\":\"ListItem\",\"position\":1,\"name\":\"Home\",\"item\":\"https:\/\/www.pogotowieflagowe.pl\/aktualne\/\"},{\"@type\":\"ListItem\",\"position\":2,\"name\":\"Trump honoruje Charliego Kirka najwy\u017csz\u0105 ameryka\u0144sk\u0105 nagrod\u0105 cywiln\u0105: \u201eNajlepszy prezent urodzinowy\u201d\"}]},{\"@type\":\"WebSite\",\"@id\":\"https:\/\/www.pogotowieflagowe.pl\/aktualne\/#website\",\"url\":\"https:\/\/www.pogotowieflagowe.pl\/aktualne\/\",\"name\":\"POGOTOWIE FLAGOWE\u00ae\",\"description\":\"\",\"publisher\":{\"@id\":\"https:\/\/www.pogotowieflagowe.pl\/aktualne\/#organization\"},\"potentialAction\":[{\"@type\":\"SearchAction\",\"target\":{\"@type\":\"EntryPoint\",\"urlTemplate\":\"https:\/\/www.pogotowieflagowe.pl\/aktualne\/?s={search_term_string}\"},\"query-input\":\"required name=search_term_string\"}],\"inLanguage\":\"pl-PL\"},{\"@type\":\"Organization\",\"@id\":\"https:\/\/www.pogotowieflagowe.pl\/aktualne\/#organization\",\"name\":\"POGOTOWIE FLAGOWE\u00ae\",\"url\":\"https:\/\/www.pogotowieflagowe.pl\/aktualne\/\",\"logo\":{\"@type\":\"ImageObject\",\"inLanguage\":\"pl-PL\",\"@id\":\"https:\/\/www.pogotowieflagowe.pl\/aktualne\/#\/schema\/logo\/image\/\",\"url\":\"https:\/\/www.pogotowieflagowe.pl\/aktualne\/wp-content\/uploads\/2024\/08\/cropped-pogotowieflagowe_flaga_projekt_sm.jpg\",\"contentUrl\":\"https:\/\/www.pogotowieflagowe.pl\/aktualne\/wp-content\/uploads\/2024\/08\/cropped-pogotowieflagowe_flaga_projekt_sm.jpg\",\"width\":250,\"height\":143,\"caption\":\"POGOTOWIE FLAGOWE\u00ae\"},\"image\":{\"@id\":\"https:\/\/www.pogotowieflagowe.pl\/aktualne\/#\/schema\/logo\/image\/\"}},{\"@type\":\"Person\",\"@id\":\"https:\/\/www.pogotowieflagowe.pl\/aktualne\/#\/schema\/person\/9c2fb7d2362ebf6fa088960d7f0d27b0\",\"name\":\"Filip\",\"image\":{\"@type\":\"ImageObject\",\"inLanguage\":\"pl-PL\",\"@id\":\"https:\/\/www.pogotowieflagowe.pl\/aktualne\/#\/schema\/person\/image\/\",\"url\":\"https:\/\/www.pogotowieflagowe.pl\/aktualne\/wp-content\/uploads\/2024\/08\/pogotowieflagowe.pl_.jpg\",\"contentUrl\":\"https:\/\/www.pogotowieflagowe.pl\/aktualne\/wp-content\/uploads\/2024\/08\/pogotowieflagowe.pl_.jpg\",\"caption\":\"Filip\"},\"description\":\"Jestem Filip, polski dziennikarz z dyplomem nauk politycznych Uniwersytetu Warszawskiego. Rozpoczynaj\u0105c swoj\u0105 karier\u0119 w r\u00f3\u017cnych lokalnych mediach, zdoby\u0142em solidne do\u015bwiadczenie w zakresie \u015bledztwa i redakcji. Obecnie jako redaktor w Pogotowie flagowe, staram si\u0119 dostarcza\u0107 dog\u0142\u0119bne i istotne analizy na temat najwa\u017cniejszych kwestii aktualno\u015bci, \u0142\u0105cz\u0105c rygor z pasj\u0105 dziennikarsk\u0105.\",\"sameAs\":[\"https:\/\/www.pogotowieflagowe.pl\/\"]}]}<\/script>\n<!-- \/ Yoast SEO plugin. -->","yoast_head_json":{"title":"Trump honoruje Charliego Kirka najwy\u017csz\u0105 ameryka\u0144sk\u0105 nagrod\u0105 cywiln\u0105: \u201eNajlepszy prezent urodzinowy\u201d - POGOTOWIE FLAGOWE\u00ae","robots":{"index":"index","follow":"follow","max-snippet":"max-snippet:-1","max-image-preview":"max-image-preview:large","max-video-preview":"max-video-preview:-1"},"canonical":"https:\/\/www.pogotowieflagowe.pl\/aktualne\/trump-honoruje-charliego-kirka-najwyzsza-amerykanska-nagroda-cywilna-najlepszy-prezent-urodzinowy\/","og_locale":"pl_PL","og_type":"article","og_title":"Trump honoruje Charliego Kirka najwy\u017csz\u0105 ameryka\u0144sk\u0105 nagrod\u0105 cywiln\u0105: \u201eNajlepszy prezent urodzinowy\u201d - POGOTOWIE FLAGOWE\u00ae","og_description":"Prezydent USA Donald Trump po\u015bmiertnie przyzna\u0142 zamordowanemu aktywi\u015bcie Charliemu Kirkowi najwy\u017csze odznaczenie cywilne w kraju \u2013 tzw Prezydencki Medal Wolno\u015bci.","og_url":"https:\/\/www.pogotowieflagowe.pl\/aktualne\/trump-honoruje-charliego-kirka-najwyzsza-amerykanska-nagroda-cywilna-najlepszy-prezent-urodzinowy\/","og_site_name":"POGOTOWIE FLAGOWE\u00ae","article_published_time":"2025-10-15T19:53:18+00:00","article_modified_time":"2025-10-15T19:53:20+00:00","og_image":[{"width":1280,"height":720,"url":"https:\/\/www.pogotowieflagowe.pl\/aktualne\/wp-content\/uploads\/2025\/10\/Trump-honoruje-Charliego-Kirka-najwyzsza-amerykanska-nagroda-cywilna-\u201eNajlepszy-prezent.webp.webp","type":"image\/webp"}],"author":"Filip","twitter_card":"summary_large_image","twitter_misc":{"Napisane przez":"Filip","Szacowany czas czytania":"3 minuty"},"schema":{"@context":"https:\/\/schema.org","@graph":[{"@type":"Article","@id":"https:\/\/www.pogotowieflagowe.pl\/aktualne\/trump-honoruje-charliego-kirka-najwyzsza-amerykanska-nagroda-cywilna-najlepszy-prezent-urodzinowy\/#article","isPartOf":{"@id":"https:\/\/www.pogotowieflagowe.pl\/aktualne\/trump-honoruje-charliego-kirka-najwyzsza-amerykanska-nagroda-cywilna-najlepszy-prezent-urodzinowy\/"},"author":{"name":"Filip","@id":"https:\/\/www.pogotowieflagowe.pl\/aktualne\/#\/schema\/person\/9c2fb7d2362ebf6fa088960d7f0d27b0"},"headline":"Trump honoruje Charliego Kirka najwy\u017csz\u0105 ameryka\u0144sk\u0105 nagrod\u0105 cywiln\u0105: \u201eNajlepszy prezent urodzinowy\u201d","datePublished":"2025-10-15T19:53:18+00:00","dateModified":"2025-10-15T19:53:20+00:00","mainEntityOfPage":{"@id":"https:\/\/www.pogotowieflagowe.pl\/aktualne\/trump-honoruje-charliego-kirka-najwyzsza-amerykanska-nagroda-cywilna-najlepszy-prezent-urodzinowy\/"},"wordCount":546,"commentCount":0,"publisher":{"@id":"https:\/\/www.pogotowieflagowe.pl\/aktualne\/#organization"},"image":{"@id":"https:\/\/www.pogotowieflagowe.pl\/aktualne\/trump-honoruje-charliego-kirka-najwyzsza-amerykanska-nagroda-cywilna-najlepszy-prezent-urodzinowy\/#primaryimage"},"thumbnailUrl":"https:\/\/www.pogotowieflagowe.pl\/aktualne\/wp-content\/uploads\/2025\/10\/Trump-honoruje-Charliego-Kirka-najwyzsza-amerykanska-nagroda-cywilna-\u201eNajlepszy-prezent.webp.webp","keywords":["ameryka\u0144sk\u0105","Charliego","cywilna","honoruje","Kirka","nagroda","Najlepszy","najwy\u017csz\u0105","prezent","Trump","urodzinowy"],"articleSection":["Polityka"],"inLanguage":"pl-PL","potentialAction":[{"@type":"CommentAction","name":"Comment","target":["https:\/\/www.pogotowieflagowe.pl\/aktualne\/trump-honoruje-charliego-kirka-najwyzsza-amerykanska-nagroda-cywilna-najlepszy-prezent-urodzinowy\/#respond"]}]},{"@type":"WebPage","@id":"https:\/\/www.pogotowieflagowe.pl\/aktualne\/trump-honoruje-charliego-kirka-najwyzsza-amerykanska-nagroda-cywilna-najlepszy-prezent-urodzinowy\/","url":"https:\/\/www.pogotowieflagowe.pl\/aktualne\/trump-honoruje-charliego-kirka-najwyzsza-amerykanska-nagroda-cywilna-najlepszy-prezent-urodzinowy\/","name":"Trump honoruje Charliego Kirka najwy\u017csz\u0105 ameryka\u0144sk\u0105 nagrod\u0105 cywiln\u0105: \u201eNajlepszy prezent urodzinowy\u201d - POGOTOWIE FLAGOWE\u00ae","isPartOf":{"@id":"https:\/\/www.pogotowieflagowe.pl\/aktualne\/#website"},"primaryImageOfPage":{"@id":"https:\/\/www.pogotowieflagowe.pl\/aktualne\/trump-honoruje-charliego-kirka-najwyzsza-amerykanska-nagroda-cywilna-najlepszy-prezent-urodzinowy\/#primaryimage"},"image":{"@id":"https:\/\/www.pogotowieflagowe.pl\/aktualne\/trump-honoruje-charliego-kirka-najwyzsza-amerykanska-nagroda-cywilna-najlepszy-prezent-urodzinowy\/#primaryimage"},"thumbnailUrl":"https:\/\/www.pogotowieflagowe.pl\/aktualne\/wp-content\/uploads\/2025\/10\/Trump-honoruje-Charliego-Kirka-najwyzsza-amerykanska-nagroda-cywilna-\u201eNajlepszy-prezent.webp.webp","datePublished":"2025-10-15T19:53:18+00:00","dateModified":"2025-10-15T19:53:20+00:00","breadcrumb":{"@id":"https:\/\/www.pogotowieflagowe.pl\/aktualne\/trump-honoruje-charliego-kirka-najwyzsza-amerykanska-nagroda-cywilna-najlepszy-prezent-urodzinowy\/#breadcrumb"},"inLanguage":"pl-PL","potentialAction":[{"@type":"ReadAction","target":["https:\/\/www.pogotowieflagowe.pl\/aktualne\/trump-honoruje-charliego-kirka-najwyzsza-amerykanska-nagroda-cywilna-najlepszy-prezent-urodzinowy\/"]}]},{"@type":"ImageObject","inLanguage":"pl-PL","@id":"https:\/\/www.pogotowieflagowe.pl\/aktualne\/trump-honoruje-charliego-kirka-najwyzsza-amerykanska-nagroda-cywilna-najlepszy-prezent-urodzinowy\/#primaryimage","url":"https:\/\/www.pogotowieflagowe.pl\/aktualne\/wp-content\/uploads\/2025\/10\/Trump-honoruje-Charliego-Kirka-najwyzsza-amerykanska-nagroda-cywilna-\u201eNajlepszy-prezent.webp.webp","contentUrl":"https:\/\/www.pogotowieflagowe.pl\/aktualne\/wp-content\/uploads\/2025\/10\/Trump-honoruje-Charliego-Kirka-najwyzsza-amerykanska-nagroda-cywilna-\u201eNajlepszy-prezent.webp.webp","width":1280,"height":720,"caption":"Trump honoruje Charliego Kirka najwy\u017csz\u0105 ameryka\u0144sk\u0105 nagrod\u0105 cywiln\u0105: \u201eNajlepszy prezent urodzinowy\u201d"},{"@type":"BreadcrumbList","@id":"https:\/\/www.pogotowieflagowe.pl\/aktualne\/trump-honoruje-charliego-kirka-najwyzsza-amerykanska-nagroda-cywilna-najlepszy-prezent-urodzinowy\/#breadcrumb","itemListElement":[{"@type":"ListItem","position":1,"name":"Home","item":"https:\/\/www.pogotowieflagowe.pl\/aktualne\/"},{"@type":"ListItem","position":2,"name":"Trump honoruje Charliego Kirka najwy\u017csz\u0105 ameryka\u0144sk\u0105 nagrod\u0105 cywiln\u0105: \u201eNajlepszy prezent urodzinowy\u201d"}]},{"@type":"WebSite","@id":"https:\/\/www.pogotowieflagowe.pl\/aktualne\/#website","url":"https:\/\/www.pogotowieflagowe.pl\/aktualne\/","name":"POGOTOWIE FLAGOWE\u00ae","description":"","publisher":{"@id":"https:\/\/www.pogotowieflagowe.pl\/aktualne\/#organization"},"potentialAction":[{"@type":"SearchAction","target":{"@type":"EntryPoint","urlTemplate":"https:\/\/www.pogotowieflagowe.pl\/aktualne\/?s={search_term_string}"},"query-input":"required name=search_term_string"}],"inLanguage":"pl-PL"},{"@type":"Organization","@id":"https:\/\/www.pogotowieflagowe.pl\/aktualne\/#organization","name":"POGOTOWIE FLAGOWE\u00ae","url":"https:\/\/www.pogotowieflagowe.pl\/aktualne\/","logo":{"@type":"ImageObject","inLanguage":"pl-PL","@id":"https:\/\/www.pogotowieflagowe.pl\/aktualne\/#\/schema\/logo\/image\/","url":"https:\/\/www.pogotowieflagowe.pl\/aktualne\/wp-content\/uploads\/2024\/08\/cropped-pogotowieflagowe_flaga_projekt_sm.jpg","contentUrl":"https:\/\/www.pogotowieflagowe.pl\/aktualne\/wp-content\/uploads\/2024\/08\/cropped-pogotowieflagowe_flaga_projekt_sm.jpg","width":250,"height":143,"caption":"POGOTOWIE FLAGOWE\u00ae"},"image":{"@id":"https:\/\/www.pogotowieflagowe.pl\/aktualne\/#\/schema\/logo\/image\/"}},{"@type":"Person","@id":"https:\/\/www.pogotowieflagowe.pl\/aktualne\/#\/schema\/person\/9c2fb7d2362ebf6fa088960d7f0d27b0","name":"Filip","image":{"@type":"ImageObject","inLanguage":"pl-PL","@id":"https:\/\/www.pogotowieflagowe.pl\/aktualne\/#\/schema\/person\/image\/","url":"https:\/\/www.pogotowieflagowe.pl\/aktualne\/wp-content\/uploads\/2024\/08\/pogotowieflagowe.pl_.jpg","contentUrl":"https:\/\/www.pogotowieflagowe.pl\/aktualne\/wp-content\/uploads\/2024\/08\/pogotowieflagowe.pl_.jpg","caption":"Filip"},"description":"Jestem Filip, polski dziennikarz z dyplomem nauk politycznych Uniwersytetu Warszawskiego. Rozpoczynaj\u0105c swoj\u0105 karier\u0119 w r\u00f3\u017cnych lokalnych mediach, zdoby\u0142em solidne do\u015bwiadczenie w zakresie \u015bledztwa i redakcji. Obecnie jako redaktor w Pogotowie flagowe, staram si\u0119 dostarcza\u0107 dog\u0142\u0119bne i istotne analizy na temat najwa\u017cniejszych kwestii aktualno\u015bci, \u0142\u0105cz\u0105c rygor z pasj\u0105 dziennikarsk\u0105.","sameAs":["https:\/\/www.pogotowieflagowe.pl\/"]}]}},"_links":{"self":[{"href":"https:\/\/www.pogotowieflagowe.pl\/aktualne\/wp-json\/wp\/v2\/posts\/9391","targetHints":{"allow":["GET"]}}],"collection":[{"href":"https:\/\/www.pogotowieflagowe.pl\/aktualne\/wp-json\/wp\/v2\/posts"}],"about":[{"href":"https:\/\/www.pogotowieflagowe.pl\/aktualne\/wp-json\/wp\/v2\/types\/post"}],"author":[{"embeddable":true,"href":"https:\/\/www.pogotowieflagowe.pl\/aktualne\/wp-json\/wp\/v2\/users\/1"}],"replies":[{"embeddable":true,"href":"https:\/\/www.pogotowieflagowe.pl\/aktualne\/wp-json\/wp\/v2\/comments?post=9391"}],"version-history":[{"count":1,"href":"https:\/\/www.pogotowieflagowe.pl\/aktualne\/wp-json\/wp\/v2\/posts\/9391\/revisions"}],"predecessor-version":[{"id":9393,"href":"https:\/\/www.pogotowieflagowe.pl\/aktualne\/wp-json\/wp\/v2\/posts\/9391\/revisions\/9393"}],"wp:featuredmedia":[{"embeddable":true,"href":"https:\/\/www.pogotowieflagowe.pl\/aktualne\/wp-json\/wp\/v2\/media\/9392"}],"wp:attachment":[{"href":"https:\/\/www.pogotowieflagowe.pl\/aktualne\/wp-json\/wp\/v2\/media?parent=9391"}],"wp:term":[{"taxonomy":"category","embeddable":true,"href":"https:\/\/www.pogotowieflagowe.pl\/aktualne\/wp-json\/wp\/v2\/categories?post=9391"},{"taxonomy":"post_tag","embeddable":true,"href":"https:\/\/www.pogotowieflagowe.pl\/aktualne\/wp-json\/wp\/v2\/tags?post=9391"}],"curies":[{"name":"wp","href":"https:\/\/api.w.org\/{rel}","templated":true}]}}