{"id":9394,"date":"2025-10-15T23:53:49","date_gmt":"2025-10-15T21:53:49","guid":{"rendered":"https:\/\/www.pogotowieflagowe.pl\/aktualne\/wloski-sad-najwyzszy-ukrainiec-oskarzony-o-wysadzanie-nord-stream-nie-zostanie-poddany-ekstradycji-do-niemiec\/"},"modified":"2025-10-15T23:53:53","modified_gmt":"2025-10-15T21:53:53","slug":"wloski-sad-najwyzszy-ukrainiec-oskarzony-o-wysadzanie-nord-stream-nie-zostanie-poddany-ekstradycji-do-niemiec","status":"publish","type":"post","link":"https:\/\/www.pogotowieflagowe.pl\/aktualne\/wloski-sad-najwyzszy-ukrainiec-oskarzony-o-wysadzanie-nord-stream-nie-zostanie-poddany-ekstradycji-do-niemiec\/","title":{"rendered":"W\u0142oski S\u0105d Najwy\u017cszy: Ukrainiec oskar\u017cony o wysadzanie Nord Stream nie zostanie poddany ekstradycji do Niemiec!"},"content":{"rendered":"\n<div class=\"td_block_wrap tdb_single_content tdi_41 td-pb-border-top td_block_template_8 td-post-content tagdiv-type\" data-td-block-uid=\"tdi_41\">\n<style>.tdi_41{margines-top:0px!important;margin-bottom:0px!important;dope\u0142nienie-g\u00f3ra:0px!important;dope\u0142nienie-d\u00f3\u0142:0px!important}<\/style>\n<style>.tdb_single_content{margin-bottom:0;*zoom:1}.tdb_single_content:before,.tdb_single_content:after{display:table;content:'';line-height:0}.tdb_single_content:after{clear:both}.tdb_single_content .tdb-block-inner>*:not(.wp-block-quote):not(.alignwide):not(.alignfull.wp-block-cover.has-parallax):not(.td-a-ad){margin-left:auto;margin-right:auto}.tdb_single_content a{pointer-events:auto}.tdb_single_content .td-spot-id-top_ad .tdc-placeholder-title:before{content:'Article Top Ad'!important}.tdb_single_content .td-spot-id-inline_ad0 .tdc-placeholder-title:before{content:'Article Reklama wbudowana 1'!important}.tdb_single_content .td-spot-id-inline_ad1 .tdc-placeholder-title:before{content:'Reklama wbudowana w artyku\u0142 2'!important}.tdb_single_content .td-spot-id-inline_ad2 .tdc-placeholder-title:before{content:'Reklama w tek\u015bcie artyku\u0142u 3'!important}.tdb_single_content .td-spot-id-bottom_ad .tdc-placeholder-title:before{content:'Article Bottom Ad'!important}.tdb_single_content .id_top_ad,.tdb_single_content .id_bottom_ad{clear:both;margin-bottom:21px;text-align:center}.tdb_single_content .id_top_ad img,.tdb_single_content .id_bottom_ad img{margin-bottom:0}.tdb_single_content .id_top_ad .adsbygoogle,.tdb_single_content .id_bottom_ad .adsbygoogle{position:relative}.tdb_single_content .id_ad_content-horiz-left,.tdb_single_content .id_ad_content-horiz-right,.tdb_single_content .id_ad_content-horiz-center{margin-bottom:15px}.tdb_single_content .id_ad_content-horiz-left img,.tdb_single_content .id_ad_content-horiz-right img,.tdb_single_content .id_ad_content-horiz-center img{margin-bottom:0}.tdb_single_content .id_ad_content-horiz-center{text-align:center}.tdb_single_content .id_ad_content-horiz-center img{margin-right:auto;margin-left:auto}.tdb_single_content .id_ad_content-horiz-left{float:left;margin-top:9px;margin-right:21px}.tdb_single_content .id_ad_content-horiz-right{float:right;margin-top:6px;margin-left:21px}.tdb_single_content .tdc-a-ad .tdc-placeholder-title{width:300px;height:250px}.tdb_single_content .tdc-a-ad .tdc-placeholder-title:before{position:absolute;top:50%;-webkit-transform:translateY(-50%);transform:translateY(-50%);margin:auto;display:table;width:100%}.tdb_single_content .tdb-block-inner.td-fix-index{word-break:break-word}.tdi_41,.tdi_41>p,.tdi_41 .tdb-block-inner>p,.wp-block-column>p{font-size:16px!important;line-height:1.6!important}.tdi_41 .tdb-block-inner cytat blokowy p{font-style:normal!important}@media (max-width:767px){.tdb_single_content .id_ad_content-horiz-left,.tdb_single_content .id_ad_content-horiz-right,.tdb_single_content .id_ad_content-horiz-center{margin:0 auto 26 pikseli auto}}@media (max-width:767px){.tdb_single_content .id_ad_content-horiz-left{margin-right:0}}@media (max-width:767px){.tdb_single_content .id_ad_content-horiz-right{margin-left:0}}@media (max-width:767px){.tdb_single_content .td-a-ad{float:none;text-align:center}.tdb_single_content .td-a-ad img{margin-right:auto;margin-left:auto}.tdb_single_content .tdc-a-ad{float:none}}<\/style>\n<div class=\"tdb-block-inner td-fix-index\">\n<p>Najwy\u017cszy S\u0105d Kasacyjny \u2013 najwy\u017cszy organ s\u0105downiczy W\u0142och \u2013 uchyli\u0142 decyzj\u0119 s\u0105du apelacyjnego o ekstradycji Serhija Kuzniecowa do Niemiec. By\u0142y kapitan armii ukrai\u0144skiej jest oskar\u017cony o zorganizowanie i przeprowadzenie ataku na gazoci\u0105gi Nord Stream 1 i 2 we wrze\u015bniu 2022 roku. Sprawa zostanie teraz ponownie rozpatrzona, co oznacza nieoczekiwany zwrot w jednym z najg\u0142o\u015bniejszych \u015bledztw ostatnich lat.<\/p>\n<p>Serhij Kuzniecow zosta\u0142 zatrzymany 21 sierpnia w Rimini na podstawie Europejskiego Nakazu Aresztowania wydanego przez niemieck\u0105 prokuratur\u0119. Niemieccy \u015bledczy uwa\u017caj\u0105 go za jedn\u0105 z kluczowych postaci operacji, kt\u00f3ra doprowadzi\u0142a do zniszczenia trzech z czterech ruroci\u0105g\u00f3w Nord Stream na Morzu Ba\u0142tyckim. S\u0105d Apelacyjny w Bolonii pocz\u0105tkowo zgodzi\u0142 si\u0119 na wydanie Ukrai\u0144ca, ale obrona z\u0142o\u017cy\u0142a apelacj\u0119 do S\u0105du Kasacyjnego, kt\u00f3ra zosta\u0142a obecnie uwzgl\u0119dniona.<\/p>\n<h3 class=\"wp-block-heading\">Podstaw\u0105 decyzji by\u0142y b\u0142\u0119dy we wniosku niemieckim<\/h3>\n<p>S\u0105d Kasacyjny opar\u0142 swoje orzeczenie na b\u0142\u0119dzie w niemieckim wniosku o ekstradycj\u0119, a konkretnie na \u201eb\u0142\u0119dnej klasyfikacji zarzucanych czyn\u00f3w przest\u0119pczych\u201d przypisywanych Kuzniecowowi.<\/p>\n<p>Adwokat oskar\u017conego, <strong>Nicola Canestrini<\/strong>ostro skomentowa\u0142 decyzj\u0119 s\u0105du:<\/p>\n<p>\u201eTaki b\u0142\u0105d skutkowa\u0142 naruszeniem prawa mojego klienta do skutecznego udzia\u0142u we w\u0142asnym procesie, naruszaj\u0105c zasady rzetelnego procesu zapisane w Europejskiej Konwencji Praw Cz\u0142owieka i prawie UE.\u201d<\/p>\n<p>Canestrini zapowiedzia\u0142, \u017ce w najbli\u017cszych dniach rozwa\u017cy z\u0142o\u017cenie wniosku o zwolnienie swojego klienta z aresztu, stwierdzaj\u0105c, \u017ce <em>\u201epodstawa prawna tego \u015brodka obecnie upad\u0142a\u201d.<\/em><\/p>\n<p>W swoim o\u015bwiadczeniu pe\u0142nomocnik podkre\u015bli\u0142 podstawow\u0105 zasad\u0119, kt\u00f3ra jego zdaniem kierowa\u0142a orzeczeniem s\u0105du:<\/p>\n<p>&#8222;To orzeczenie potwierdza, \u017ce \u200b\u200bnawet w ramach europejskiej wsp\u00f3\u0142pracy s\u0105dowej w sprawach karnych nie mo\u017cna nigdy po\u015bwi\u0119ca\u0107 praw podstawowych i gwarancji proceduralnych ze wzgl\u0119d\u00f3w pa\u0144stwowych. Ani skuteczno\u015b\u0107, ani presja polityczna nie mog\u0105 uzasadnia\u0107 ograniczania prawa do sprawiedliwego procesu: praworz\u0105dno\u015b\u0107 istnieje tylko tam, gdzie prawa maj\u0105 pierwsze\u0144stwo przed w\u0142adz\u0105. &#8222;<\/p>\n<p>Szczeg\u00f3\u0142owe uzasadnienie wyroku ma zosta\u0107 opublikowane w ci\u0105gu najbli\u017cszych kilku tygodni.<\/p>\n<h3 class=\"wp-block-heading\">A w Polsce?<\/h3>\n<p>Decyzja w\u0142oskiego s\u0105du nawi\u0105zuje do niemal identycznej sprawy, kt\u00f3ra mia\u0142a miejsce w Polsce. Na podstawie tego samego niemieckiego nakazu aresztowania inny Ukrainiec \u2014 <strong>Wo\u0142odymyr Z.<\/strong> \u2014 zosta\u0142 zatrzymany pod Warszaw\u0105 pod koniec wrze\u015bnia i r\u00f3wnie\u017c podejrzany o udzia\u0142 w sabota\u017cu.<\/p>\n<p>Nie wiadomo, co stanie si\u0119 z zatrzymanym m\u0119\u017cczyzn\u0105 i czy zostanie wydany do Niemiec. Szef Biura Bezpiecze\u0144stwa Narodowego RP, <strong>S\u0142awomira Cenckiewicza<\/strong>niedawno to stwierdzi\u0142 <em>\u201ePolska nie powinna bra\u0107 udzia\u0142u w \u017cadnej operacji maj\u0105cej na celu ekstradycj\u0119 cz\u0142owieka, kt\u00f3ry wyrz\u0105dzi\u0142 krzywd\u0119 Rosji\u201d.<\/em><\/p>\n<p>Warszawa od lat ostrzega\u0142a Berlin przed strategicznym ryzykiem uzale\u017cnienia Europy od rosyjskiego gazu. Sabota\u017c ruroci\u0105gu Nord Stream \u2013 niezale\u017cnie od tego, kto za nim sta\u0142 \u2013 ostatecznie po\u0142o\u017cy\u0142 kres temu niebezpiecznemu projektowi.<\/p>\n<\/div>\n<\/div>\n","protected":false},"excerpt":{"rendered":"<p>Najwy\u017cszy S\u0105d Kasacyjny \u2013 najwy\u017cszy organ s\u0105downiczy W\u0142och \u2013 uchyli\u0142 decyzj\u0119 s\u0105du apelacyjnego o ekstradycji Serhija Kuzniecowa do Niemiec. By\u0142y<\/p>\n","protected":false},"author":1,"featured_media":9395,"comment_status":"open","ping_status":"open","sticky":false,"template":"","format":"standard","meta":{"footnotes":""},"categories":[4748],"tags":[10533,2380,450,753,37,5214,10902,2379,38,10901,6719,10535,4292],"class_list":["post-9394","post","type-post","status-publish","format-standard","has-post-thumbnail","hentry","category-aktualne","tag-ekstradycji","tag-najwyzszy","tag-nie","tag-niemiec","tag-nord","tag-oskarzony","tag-poddany","tag-sad","tag-stream","tag-ukrainiec","tag-wloski","tag-wysadzanie","tag-zostanie","generate-columns","tablet-grid-50","mobile-grid-100","grid-parent","grid-50","resize-featured-image"],"yoast_head":"<!-- This site is optimized with the Yoast SEO plugin v23.2 - https:\/\/yoast.com\/wordpress\/plugins\/seo\/ -->\n<title>W\u0142oski S\u0105d Najwy\u017cszy: Ukrainiec oskar\u017cony o wysadzanie Nord Stream nie zostanie poddany ekstradycji do Niemiec! - POGOTOWIE FLAGOWE\u00ae<\/title>\n<meta name=\"robots\" content=\"index, follow, max-snippet:-1, max-image-preview:large, max-video-preview:-1\" \/>\n<link rel=\"canonical\" href=\"https:\/\/www.pogotowieflagowe.pl\/aktualne\/wloski-sad-najwyzszy-ukrainiec-oskarzony-o-wysadzanie-nord-stream-nie-zostanie-poddany-ekstradycji-do-niemiec\/\" \/>\n<meta property=\"og:locale\" content=\"pl_PL\" \/>\n<meta property=\"og:type\" content=\"article\" \/>\n<meta property=\"og:title\" content=\"W\u0142oski S\u0105d Najwy\u017cszy: Ukrainiec oskar\u017cony o wysadzanie Nord Stream nie zostanie poddany ekstradycji do Niemiec! - POGOTOWIE FLAGOWE\u00ae\" \/>\n<meta property=\"og:description\" content=\"Najwy\u017cszy S\u0105d Kasacyjny \u2013 najwy\u017cszy organ s\u0105downiczy W\u0142och \u2013 uchyli\u0142 decyzj\u0119 s\u0105du apelacyjnego o ekstradycji Serhija Kuzniecowa do Niemiec. By\u0142y\" \/>\n<meta property=\"og:url\" content=\"https:\/\/www.pogotowieflagowe.pl\/aktualne\/wloski-sad-najwyzszy-ukrainiec-oskarzony-o-wysadzanie-nord-stream-nie-zostanie-poddany-ekstradycji-do-niemiec\/\" \/>\n<meta property=\"og:site_name\" content=\"POGOTOWIE FLAGOWE\u00ae\" \/>\n<meta property=\"article:published_time\" content=\"2025-10-15T21:53:49+00:00\" \/>\n<meta property=\"article:modified_time\" content=\"2025-10-15T21:53:53+00:00\" \/>\n<meta property=\"og:image\" content=\"https:\/\/www.pogotowieflagowe.pl\/aktualne\/wp-content\/uploads\/2025\/10\/Wloski-Sad-Najwyzszy-Ukrainiec-oskarzony-o-wysadzanie-Nord-Stream-nie.jpg\" \/>\n\t<meta property=\"og:image:width\" content=\"1920\" \/>\n\t<meta property=\"og:image:height\" content=\"1280\" \/>\n\t<meta property=\"og:image:type\" content=\"image\/jpeg\" \/>\n<meta name=\"author\" content=\"Filip\" \/>\n<meta name=\"twitter:card\" content=\"summary_large_image\" \/>\n<meta name=\"twitter:label1\" content=\"Napisane przez\" \/>\n\t<meta name=\"twitter:data1\" content=\"Filip\" \/>\n\t<meta name=\"twitter:label2\" content=\"Szacowany czas czytania\" \/>\n\t<meta name=\"twitter:data2\" content=\"2 minuty\" \/>\n<script type=\"application\/ld+json\" class=\"yoast-schema-graph\">{\"@context\":\"https:\/\/schema.org\",\"@graph\":[{\"@type\":\"Article\",\"@id\":\"https:\/\/www.pogotowieflagowe.pl\/aktualne\/wloski-sad-najwyzszy-ukrainiec-oskarzony-o-wysadzanie-nord-stream-nie-zostanie-poddany-ekstradycji-do-niemiec\/#article\",\"isPartOf\":{\"@id\":\"https:\/\/www.pogotowieflagowe.pl\/aktualne\/wloski-sad-najwyzszy-ukrainiec-oskarzony-o-wysadzanie-nord-stream-nie-zostanie-poddany-ekstradycji-do-niemiec\/\"},\"author\":{\"name\":\"Filip\",\"@id\":\"https:\/\/www.pogotowieflagowe.pl\/aktualne\/#\/schema\/person\/9c2fb7d2362ebf6fa088960d7f0d27b0\"},\"headline\":\"W\u0142oski S\u0105d Najwy\u017cszy: Ukrainiec oskar\u017cony o wysadzanie Nord Stream nie zostanie poddany ekstradycji do Niemiec!\",\"datePublished\":\"2025-10-15T21:53:49+00:00\",\"dateModified\":\"2025-10-15T21:53:53+00:00\",\"mainEntityOfPage\":{\"@id\":\"https:\/\/www.pogotowieflagowe.pl\/aktualne\/wloski-sad-najwyzszy-ukrainiec-oskarzony-o-wysadzanie-nord-stream-nie-zostanie-poddany-ekstradycji-do-niemiec\/\"},\"wordCount\":491,\"commentCount\":0,\"publisher\":{\"@id\":\"https:\/\/www.pogotowieflagowe.pl\/aktualne\/#organization\"},\"image\":{\"@id\":\"https:\/\/www.pogotowieflagowe.pl\/aktualne\/wloski-sad-najwyzszy-ukrainiec-oskarzony-o-wysadzanie-nord-stream-nie-zostanie-poddany-ekstradycji-do-niemiec\/#primaryimage\"},\"thumbnailUrl\":\"https:\/\/www.pogotowieflagowe.pl\/aktualne\/wp-content\/uploads\/2025\/10\/Wloski-Sad-Najwyzszy-Ukrainiec-oskarzony-o-wysadzanie-Nord-Stream-nie.jpg\",\"keywords\":[\"ekstradycji\",\"Najwy\u017cszy\",\"Nie\",\"Niemiec\",\"Nord\",\"oskar\u017cony\",\"poddany\",\"S\u0105d\",\"Stream\",\"Ukrainiec\",\"W\u0142oski\",\"wysadzanie\",\"zostanie\"],\"articleSection\":[\"Aktualne\"],\"inLanguage\":\"pl-PL\",\"potentialAction\":[{\"@type\":\"CommentAction\",\"name\":\"Comment\",\"target\":[\"https:\/\/www.pogotowieflagowe.pl\/aktualne\/wloski-sad-najwyzszy-ukrainiec-oskarzony-o-wysadzanie-nord-stream-nie-zostanie-poddany-ekstradycji-do-niemiec\/#respond\"]}]},{\"@type\":\"WebPage\",\"@id\":\"https:\/\/www.pogotowieflagowe.pl\/aktualne\/wloski-sad-najwyzszy-ukrainiec-oskarzony-o-wysadzanie-nord-stream-nie-zostanie-poddany-ekstradycji-do-niemiec\/\",\"url\":\"https:\/\/www.pogotowieflagowe.pl\/aktualne\/wloski-sad-najwyzszy-ukrainiec-oskarzony-o-wysadzanie-nord-stream-nie-zostanie-poddany-ekstradycji-do-niemiec\/\",\"name\":\"W\u0142oski S\u0105d Najwy\u017cszy: Ukrainiec oskar\u017cony o wysadzanie Nord Stream nie zostanie poddany ekstradycji do Niemiec! - POGOTOWIE FLAGOWE\u00ae\",\"isPartOf\":{\"@id\":\"https:\/\/www.pogotowieflagowe.pl\/aktualne\/#website\"},\"primaryImageOfPage\":{\"@id\":\"https:\/\/www.pogotowieflagowe.pl\/aktualne\/wloski-sad-najwyzszy-ukrainiec-oskarzony-o-wysadzanie-nord-stream-nie-zostanie-poddany-ekstradycji-do-niemiec\/#primaryimage\"},\"image\":{\"@id\":\"https:\/\/www.pogotowieflagowe.pl\/aktualne\/wloski-sad-najwyzszy-ukrainiec-oskarzony-o-wysadzanie-nord-stream-nie-zostanie-poddany-ekstradycji-do-niemiec\/#primaryimage\"},\"thumbnailUrl\":\"https:\/\/www.pogotowieflagowe.pl\/aktualne\/wp-content\/uploads\/2025\/10\/Wloski-Sad-Najwyzszy-Ukrainiec-oskarzony-o-wysadzanie-Nord-Stream-nie.jpg\",\"datePublished\":\"2025-10-15T21:53:49+00:00\",\"dateModified\":\"2025-10-15T21:53:53+00:00\",\"breadcrumb\":{\"@id\":\"https:\/\/www.pogotowieflagowe.pl\/aktualne\/wloski-sad-najwyzszy-ukrainiec-oskarzony-o-wysadzanie-nord-stream-nie-zostanie-poddany-ekstradycji-do-niemiec\/#breadcrumb\"},\"inLanguage\":\"pl-PL\",\"potentialAction\":[{\"@type\":\"ReadAction\",\"target\":[\"https:\/\/www.pogotowieflagowe.pl\/aktualne\/wloski-sad-najwyzszy-ukrainiec-oskarzony-o-wysadzanie-nord-stream-nie-zostanie-poddany-ekstradycji-do-niemiec\/\"]}]},{\"@type\":\"ImageObject\",\"inLanguage\":\"pl-PL\",\"@id\":\"https:\/\/www.pogotowieflagowe.pl\/aktualne\/wloski-sad-najwyzszy-ukrainiec-oskarzony-o-wysadzanie-nord-stream-nie-zostanie-poddany-ekstradycji-do-niemiec\/#primaryimage\",\"url\":\"https:\/\/www.pogotowieflagowe.pl\/aktualne\/wp-content\/uploads\/2025\/10\/Wloski-Sad-Najwyzszy-Ukrainiec-oskarzony-o-wysadzanie-Nord-Stream-nie.jpg\",\"contentUrl\":\"https:\/\/www.pogotowieflagowe.pl\/aktualne\/wp-content\/uploads\/2025\/10\/Wloski-Sad-Najwyzszy-Ukrainiec-oskarzony-o-wysadzanie-Nord-Stream-nie.jpg\",\"width\":1920,\"height\":1280,\"caption\":\"W\u0142oski S\u0105d Najwy\u017cszy: Ukrainiec oskar\u017cony o wysadzanie Nord Stream nie zostanie poddany ekstradycji do Niemiec!\"},{\"@type\":\"BreadcrumbList\",\"@id\":\"https:\/\/www.pogotowieflagowe.pl\/aktualne\/wloski-sad-najwyzszy-ukrainiec-oskarzony-o-wysadzanie-nord-stream-nie-zostanie-poddany-ekstradycji-do-niemiec\/#breadcrumb\",\"itemListElement\":[{\"@type\":\"ListItem\",\"position\":1,\"name\":\"Home\",\"item\":\"https:\/\/www.pogotowieflagowe.pl\/aktualne\/\"},{\"@type\":\"ListItem\",\"position\":2,\"name\":\"W\u0142oski S\u0105d Najwy\u017cszy: Ukrainiec oskar\u017cony o wysadzanie Nord Stream nie zostanie poddany ekstradycji do Niemiec!\"}]},{\"@type\":\"WebSite\",\"@id\":\"https:\/\/www.pogotowieflagowe.pl\/aktualne\/#website\",\"url\":\"https:\/\/www.pogotowieflagowe.pl\/aktualne\/\",\"name\":\"POGOTOWIE FLAGOWE\u00ae\",\"description\":\"\",\"publisher\":{\"@id\":\"https:\/\/www.pogotowieflagowe.pl\/aktualne\/#organization\"},\"potentialAction\":[{\"@type\":\"SearchAction\",\"target\":{\"@type\":\"EntryPoint\",\"urlTemplate\":\"https:\/\/www.pogotowieflagowe.pl\/aktualne\/?s={search_term_string}\"},\"query-input\":\"required name=search_term_string\"}],\"inLanguage\":\"pl-PL\"},{\"@type\":\"Organization\",\"@id\":\"https:\/\/www.pogotowieflagowe.pl\/aktualne\/#organization\",\"name\":\"POGOTOWIE FLAGOWE\u00ae\",\"url\":\"https:\/\/www.pogotowieflagowe.pl\/aktualne\/\",\"logo\":{\"@type\":\"ImageObject\",\"inLanguage\":\"pl-PL\",\"@id\":\"https:\/\/www.pogotowieflagowe.pl\/aktualne\/#\/schema\/logo\/image\/\",\"url\":\"https:\/\/www.pogotowieflagowe.pl\/aktualne\/wp-content\/uploads\/2024\/08\/cropped-pogotowieflagowe_flaga_projekt_sm.jpg\",\"contentUrl\":\"https:\/\/www.pogotowieflagowe.pl\/aktualne\/wp-content\/uploads\/2024\/08\/cropped-pogotowieflagowe_flaga_projekt_sm.jpg\",\"width\":250,\"height\":143,\"caption\":\"POGOTOWIE FLAGOWE\u00ae\"},\"image\":{\"@id\":\"https:\/\/www.pogotowieflagowe.pl\/aktualne\/#\/schema\/logo\/image\/\"}},{\"@type\":\"Person\",\"@id\":\"https:\/\/www.pogotowieflagowe.pl\/aktualne\/#\/schema\/person\/9c2fb7d2362ebf6fa088960d7f0d27b0\",\"name\":\"Filip\",\"image\":{\"@type\":\"ImageObject\",\"inLanguage\":\"pl-PL\",\"@id\":\"https:\/\/www.pogotowieflagowe.pl\/aktualne\/#\/schema\/person\/image\/\",\"url\":\"https:\/\/www.pogotowieflagowe.pl\/aktualne\/wp-content\/uploads\/2024\/08\/pogotowieflagowe.pl_.jpg\",\"contentUrl\":\"https:\/\/www.pogotowieflagowe.pl\/aktualne\/wp-content\/uploads\/2024\/08\/pogotowieflagowe.pl_.jpg\",\"caption\":\"Filip\"},\"description\":\"Jestem Filip, polski dziennikarz z dyplomem nauk politycznych Uniwersytetu Warszawskiego. Rozpoczynaj\u0105c swoj\u0105 karier\u0119 w r\u00f3\u017cnych lokalnych mediach, zdoby\u0142em solidne do\u015bwiadczenie w zakresie \u015bledztwa i redakcji. Obecnie jako redaktor w Pogotowie flagowe, staram si\u0119 dostarcza\u0107 dog\u0142\u0119bne i istotne analizy na temat najwa\u017cniejszych kwestii aktualno\u015bci, \u0142\u0105cz\u0105c rygor z pasj\u0105 dziennikarsk\u0105.\",\"sameAs\":[\"https:\/\/www.pogotowieflagowe.pl\/\"]}]}<\/script>\n<!-- \/ Yoast SEO plugin. -->","yoast_head_json":{"title":"W\u0142oski S\u0105d Najwy\u017cszy: Ukrainiec oskar\u017cony o wysadzanie Nord Stream nie zostanie poddany ekstradycji do Niemiec! - POGOTOWIE FLAGOWE\u00ae","robots":{"index":"index","follow":"follow","max-snippet":"max-snippet:-1","max-image-preview":"max-image-preview:large","max-video-preview":"max-video-preview:-1"},"canonical":"https:\/\/www.pogotowieflagowe.pl\/aktualne\/wloski-sad-najwyzszy-ukrainiec-oskarzony-o-wysadzanie-nord-stream-nie-zostanie-poddany-ekstradycji-do-niemiec\/","og_locale":"pl_PL","og_type":"article","og_title":"W\u0142oski S\u0105d Najwy\u017cszy: Ukrainiec oskar\u017cony o wysadzanie Nord Stream nie zostanie poddany ekstradycji do Niemiec! - POGOTOWIE FLAGOWE\u00ae","og_description":"Najwy\u017cszy S\u0105d Kasacyjny \u2013 najwy\u017cszy organ s\u0105downiczy W\u0142och \u2013 uchyli\u0142 decyzj\u0119 s\u0105du apelacyjnego o ekstradycji Serhija Kuzniecowa do Niemiec. By\u0142y","og_url":"https:\/\/www.pogotowieflagowe.pl\/aktualne\/wloski-sad-najwyzszy-ukrainiec-oskarzony-o-wysadzanie-nord-stream-nie-zostanie-poddany-ekstradycji-do-niemiec\/","og_site_name":"POGOTOWIE FLAGOWE\u00ae","article_published_time":"2025-10-15T21:53:49+00:00","article_modified_time":"2025-10-15T21:53:53+00:00","og_image":[{"width":1920,"height":1280,"url":"https:\/\/www.pogotowieflagowe.pl\/aktualne\/wp-content\/uploads\/2025\/10\/Wloski-Sad-Najwyzszy-Ukrainiec-oskarzony-o-wysadzanie-Nord-Stream-nie.jpg","type":"image\/jpeg"}],"author":"Filip","twitter_card":"summary_large_image","twitter_misc":{"Napisane przez":"Filip","Szacowany czas czytania":"2 minuty"},"schema":{"@context":"https:\/\/schema.org","@graph":[{"@type":"Article","@id":"https:\/\/www.pogotowieflagowe.pl\/aktualne\/wloski-sad-najwyzszy-ukrainiec-oskarzony-o-wysadzanie-nord-stream-nie-zostanie-poddany-ekstradycji-do-niemiec\/#article","isPartOf":{"@id":"https:\/\/www.pogotowieflagowe.pl\/aktualne\/wloski-sad-najwyzszy-ukrainiec-oskarzony-o-wysadzanie-nord-stream-nie-zostanie-poddany-ekstradycji-do-niemiec\/"},"author":{"name":"Filip","@id":"https:\/\/www.pogotowieflagowe.pl\/aktualne\/#\/schema\/person\/9c2fb7d2362ebf6fa088960d7f0d27b0"},"headline":"W\u0142oski S\u0105d Najwy\u017cszy: Ukrainiec oskar\u017cony o wysadzanie Nord Stream nie zostanie poddany ekstradycji do Niemiec!","datePublished":"2025-10-15T21:53:49+00:00","dateModified":"2025-10-15T21:53:53+00:00","mainEntityOfPage":{"@id":"https:\/\/www.pogotowieflagowe.pl\/aktualne\/wloski-sad-najwyzszy-ukrainiec-oskarzony-o-wysadzanie-nord-stream-nie-zostanie-poddany-ekstradycji-do-niemiec\/"},"wordCount":491,"commentCount":0,"publisher":{"@id":"https:\/\/www.pogotowieflagowe.pl\/aktualne\/#organization"},"image":{"@id":"https:\/\/www.pogotowieflagowe.pl\/aktualne\/wloski-sad-najwyzszy-ukrainiec-oskarzony-o-wysadzanie-nord-stream-nie-zostanie-poddany-ekstradycji-do-niemiec\/#primaryimage"},"thumbnailUrl":"https:\/\/www.pogotowieflagowe.pl\/aktualne\/wp-content\/uploads\/2025\/10\/Wloski-Sad-Najwyzszy-Ukrainiec-oskarzony-o-wysadzanie-Nord-Stream-nie.jpg","keywords":["ekstradycji","Najwy\u017cszy","Nie","Niemiec","Nord","oskar\u017cony","poddany","S\u0105d","Stream","Ukrainiec","W\u0142oski","wysadzanie","zostanie"],"articleSection":["Aktualne"],"inLanguage":"pl-PL","potentialAction":[{"@type":"CommentAction","name":"Comment","target":["https:\/\/www.pogotowieflagowe.pl\/aktualne\/wloski-sad-najwyzszy-ukrainiec-oskarzony-o-wysadzanie-nord-stream-nie-zostanie-poddany-ekstradycji-do-niemiec\/#respond"]}]},{"@type":"WebPage","@id":"https:\/\/www.pogotowieflagowe.pl\/aktualne\/wloski-sad-najwyzszy-ukrainiec-oskarzony-o-wysadzanie-nord-stream-nie-zostanie-poddany-ekstradycji-do-niemiec\/","url":"https:\/\/www.pogotowieflagowe.pl\/aktualne\/wloski-sad-najwyzszy-ukrainiec-oskarzony-o-wysadzanie-nord-stream-nie-zostanie-poddany-ekstradycji-do-niemiec\/","name":"W\u0142oski S\u0105d Najwy\u017cszy: Ukrainiec oskar\u017cony o wysadzanie Nord Stream nie zostanie poddany ekstradycji do Niemiec! - POGOTOWIE FLAGOWE\u00ae","isPartOf":{"@id":"https:\/\/www.pogotowieflagowe.pl\/aktualne\/#website"},"primaryImageOfPage":{"@id":"https:\/\/www.pogotowieflagowe.pl\/aktualne\/wloski-sad-najwyzszy-ukrainiec-oskarzony-o-wysadzanie-nord-stream-nie-zostanie-poddany-ekstradycji-do-niemiec\/#primaryimage"},"image":{"@id":"https:\/\/www.pogotowieflagowe.pl\/aktualne\/wloski-sad-najwyzszy-ukrainiec-oskarzony-o-wysadzanie-nord-stream-nie-zostanie-poddany-ekstradycji-do-niemiec\/#primaryimage"},"thumbnailUrl":"https:\/\/www.pogotowieflagowe.pl\/aktualne\/wp-content\/uploads\/2025\/10\/Wloski-Sad-Najwyzszy-Ukrainiec-oskarzony-o-wysadzanie-Nord-Stream-nie.jpg","datePublished":"2025-10-15T21:53:49+00:00","dateModified":"2025-10-15T21:53:53+00:00","breadcrumb":{"@id":"https:\/\/www.pogotowieflagowe.pl\/aktualne\/wloski-sad-najwyzszy-ukrainiec-oskarzony-o-wysadzanie-nord-stream-nie-zostanie-poddany-ekstradycji-do-niemiec\/#breadcrumb"},"inLanguage":"pl-PL","potentialAction":[{"@type":"ReadAction","target":["https:\/\/www.pogotowieflagowe.pl\/aktualne\/wloski-sad-najwyzszy-ukrainiec-oskarzony-o-wysadzanie-nord-stream-nie-zostanie-poddany-ekstradycji-do-niemiec\/"]}]},{"@type":"ImageObject","inLanguage":"pl-PL","@id":"https:\/\/www.pogotowieflagowe.pl\/aktualne\/wloski-sad-najwyzszy-ukrainiec-oskarzony-o-wysadzanie-nord-stream-nie-zostanie-poddany-ekstradycji-do-niemiec\/#primaryimage","url":"https:\/\/www.pogotowieflagowe.pl\/aktualne\/wp-content\/uploads\/2025\/10\/Wloski-Sad-Najwyzszy-Ukrainiec-oskarzony-o-wysadzanie-Nord-Stream-nie.jpg","contentUrl":"https:\/\/www.pogotowieflagowe.pl\/aktualne\/wp-content\/uploads\/2025\/10\/Wloski-Sad-Najwyzszy-Ukrainiec-oskarzony-o-wysadzanie-Nord-Stream-nie.jpg","width":1920,"height":1280,"caption":"W\u0142oski S\u0105d Najwy\u017cszy: Ukrainiec oskar\u017cony o wysadzanie Nord Stream nie zostanie poddany ekstradycji do Niemiec!"},{"@type":"BreadcrumbList","@id":"https:\/\/www.pogotowieflagowe.pl\/aktualne\/wloski-sad-najwyzszy-ukrainiec-oskarzony-o-wysadzanie-nord-stream-nie-zostanie-poddany-ekstradycji-do-niemiec\/#breadcrumb","itemListElement":[{"@type":"ListItem","position":1,"name":"Home","item":"https:\/\/www.pogotowieflagowe.pl\/aktualne\/"},{"@type":"ListItem","position":2,"name":"W\u0142oski S\u0105d Najwy\u017cszy: Ukrainiec oskar\u017cony o wysadzanie Nord Stream nie zostanie poddany ekstradycji do Niemiec!"}]},{"@type":"WebSite","@id":"https:\/\/www.pogotowieflagowe.pl\/aktualne\/#website","url":"https:\/\/www.pogotowieflagowe.pl\/aktualne\/","name":"POGOTOWIE FLAGOWE\u00ae","description":"","publisher":{"@id":"https:\/\/www.pogotowieflagowe.pl\/aktualne\/#organization"},"potentialAction":[{"@type":"SearchAction","target":{"@type":"EntryPoint","urlTemplate":"https:\/\/www.pogotowieflagowe.pl\/aktualne\/?s={search_term_string}"},"query-input":"required name=search_term_string"}],"inLanguage":"pl-PL"},{"@type":"Organization","@id":"https:\/\/www.pogotowieflagowe.pl\/aktualne\/#organization","name":"POGOTOWIE FLAGOWE\u00ae","url":"https:\/\/www.pogotowieflagowe.pl\/aktualne\/","logo":{"@type":"ImageObject","inLanguage":"pl-PL","@id":"https:\/\/www.pogotowieflagowe.pl\/aktualne\/#\/schema\/logo\/image\/","url":"https:\/\/www.pogotowieflagowe.pl\/aktualne\/wp-content\/uploads\/2024\/08\/cropped-pogotowieflagowe_flaga_projekt_sm.jpg","contentUrl":"https:\/\/www.pogotowieflagowe.pl\/aktualne\/wp-content\/uploads\/2024\/08\/cropped-pogotowieflagowe_flaga_projekt_sm.jpg","width":250,"height":143,"caption":"POGOTOWIE FLAGOWE\u00ae"},"image":{"@id":"https:\/\/www.pogotowieflagowe.pl\/aktualne\/#\/schema\/logo\/image\/"}},{"@type":"Person","@id":"https:\/\/www.pogotowieflagowe.pl\/aktualne\/#\/schema\/person\/9c2fb7d2362ebf6fa088960d7f0d27b0","name":"Filip","image":{"@type":"ImageObject","inLanguage":"pl-PL","@id":"https:\/\/www.pogotowieflagowe.pl\/aktualne\/#\/schema\/person\/image\/","url":"https:\/\/www.pogotowieflagowe.pl\/aktualne\/wp-content\/uploads\/2024\/08\/pogotowieflagowe.pl_.jpg","contentUrl":"https:\/\/www.pogotowieflagowe.pl\/aktualne\/wp-content\/uploads\/2024\/08\/pogotowieflagowe.pl_.jpg","caption":"Filip"},"description":"Jestem Filip, polski dziennikarz z dyplomem nauk politycznych Uniwersytetu Warszawskiego. Rozpoczynaj\u0105c swoj\u0105 karier\u0119 w r\u00f3\u017cnych lokalnych mediach, zdoby\u0142em solidne do\u015bwiadczenie w zakresie \u015bledztwa i redakcji. Obecnie jako redaktor w Pogotowie flagowe, staram si\u0119 dostarcza\u0107 dog\u0142\u0119bne i istotne analizy na temat najwa\u017cniejszych kwestii aktualno\u015bci, \u0142\u0105cz\u0105c rygor z pasj\u0105 dziennikarsk\u0105.","sameAs":["https:\/\/www.pogotowieflagowe.pl\/"]}]}},"_links":{"self":[{"href":"https:\/\/www.pogotowieflagowe.pl\/aktualne\/wp-json\/wp\/v2\/posts\/9394","targetHints":{"allow":["GET"]}}],"collection":[{"href":"https:\/\/www.pogotowieflagowe.pl\/aktualne\/wp-json\/wp\/v2\/posts"}],"about":[{"href":"https:\/\/www.pogotowieflagowe.pl\/aktualne\/wp-json\/wp\/v2\/types\/post"}],"author":[{"embeddable":true,"href":"https:\/\/www.pogotowieflagowe.pl\/aktualne\/wp-json\/wp\/v2\/users\/1"}],"replies":[{"embeddable":true,"href":"https:\/\/www.pogotowieflagowe.pl\/aktualne\/wp-json\/wp\/v2\/comments?post=9394"}],"version-history":[{"count":1,"href":"https:\/\/www.pogotowieflagowe.pl\/aktualne\/wp-json\/wp\/v2\/posts\/9394\/revisions"}],"predecessor-version":[{"id":9396,"href":"https:\/\/www.pogotowieflagowe.pl\/aktualne\/wp-json\/wp\/v2\/posts\/9394\/revisions\/9396"}],"wp:featuredmedia":[{"embeddable":true,"href":"https:\/\/www.pogotowieflagowe.pl\/aktualne\/wp-json\/wp\/v2\/media\/9395"}],"wp:attachment":[{"href":"https:\/\/www.pogotowieflagowe.pl\/aktualne\/wp-json\/wp\/v2\/media?parent=9394"}],"wp:term":[{"taxonomy":"category","embeddable":true,"href":"https:\/\/www.pogotowieflagowe.pl\/aktualne\/wp-json\/wp\/v2\/categories?post=9394"},{"taxonomy":"post_tag","embeddable":true,"href":"https:\/\/www.pogotowieflagowe.pl\/aktualne\/wp-json\/wp\/v2\/tags?post=9394"}],"curies":[{"name":"wp","href":"https:\/\/api.w.org\/{rel}","templated":true}]}}