{"id":9402,"date":"2025-10-16T13:30:17","date_gmt":"2025-10-16T11:30:17","guid":{"rendered":"https:\/\/www.pogotowieflagowe.pl\/aktualne\/mlode-pokolenie-nie-ma-dokad-sie-zwrocic-piotr-ikonowicz-o-niepowodzeniach-koalicji-usmiechnietej\/"},"modified":"2025-10-16T13:30:19","modified_gmt":"2025-10-16T11:30:19","slug":"mlode-pokolenie-nie-ma-dokad-sie-zwrocic-piotr-ikonowicz-o-niepowodzeniach-koalicji-usmiechnietej","status":"publish","type":"post","link":"https:\/\/www.pogotowieflagowe.pl\/aktualne\/mlode-pokolenie-nie-ma-dokad-sie-zwrocic-piotr-ikonowicz-o-niepowodzeniach-koalicji-usmiechnietej\/","title":{"rendered":"\u201eM\u0142ode pokolenie nie ma dok\u0105d si\u0119 zwr\u00f3ci\u0107\u201d \u2013 Piotr Ikonowicz o niepowodzeniach \u201eKoalicji U\u015bmiechni\u0119tej\u201d"},"content":{"rendered":"\n<div class=\"td_block_wrap tdb_single_content tdi_41 td-pb-border-top td_block_template_8 td-post-content tagdiv-type\" data-td-block-uid=\"tdi_41\">\n<style>.tdi_41{margines-top:0px!important;margin-bottom:0px!important;dope\u0142nienie-g\u00f3ra:0px!important;dope\u0142nienie-d\u00f3\u0142:0px!important}<\/style>\n<style>.tdb_single_content{margin-bottom:0;*zoom:1}.tdb_single_content:before,.tdb_single_content:after{display:table;content:'';line-height:0}.tdb_single_content:after{clear:both}.tdb_single_content .tdb-block-inner>*:not(.wp-block-quote):not(.alignwide):not(.alignfull.wp-block-cover.has-parallax):not(.td-a-ad){margin-left:auto;margin-right:auto}.tdb_single_content a{pointer-events:auto}.tdb_single_content .td-spot-id-top_ad .tdc-placeholder-title:before{content:'Article Top Ad'!important}.tdb_single_content .td-spot-id-inline_ad0 .tdc-placeholder-title:before{content:'Article Reklama wbudowana 1'!important}.tdb_single_content .td-spot-id-inline_ad1 .tdc-placeholder-title:before{content:'Reklama wbudowana w artyku\u0142 2'!important}.tdb_single_content .td-spot-id-inline_ad2 .tdc-placeholder-title:before{content:'Reklama w tek\u015bcie artyku\u0142u 3'!important}.tdb_single_content .td-spot-id-bottom_ad .tdc-placeholder-title:before{content:'Article Bottom Ad'!important}.tdb_single_content .id_top_ad,.tdb_single_content .id_bottom_ad{clear:both;margin-bottom:21px;text-align:center}.tdb_single_content .id_top_ad img,.tdb_single_content .id_bottom_ad img{margin-bottom:0}.tdb_single_content .id_top_ad .adsbygoogle,.tdb_single_content .id_bottom_ad .adsbygoogle{position:relative}.tdb_single_content .id_ad_content-horiz-left,.tdb_single_content .id_ad_content-horiz-right,.tdb_single_content .id_ad_content-horiz-center{margin-bottom:15px}.tdb_single_content .id_ad_content-horiz-left img,.tdb_single_content .id_ad_content-horiz-right img,.tdb_single_content .id_ad_content-horiz-center img{margin-bottom:0}.tdb_single_content .id_ad_content-horiz-center{text-align:center}.tdb_single_content .id_ad_content-horiz-center img{margin-right:auto;margin-left:auto}.tdb_single_content .id_ad_content-horiz-left{float:left;margin-top:9px;margin-right:21px}.tdb_single_content .id_ad_content-horiz-right{float:right;margin-top:6px;margin-left:21px}.tdb_single_content .tdc-a-ad .tdc-placeholder-title{width:300px;height:250px}.tdb_single_content .tdc-a-ad .tdc-placeholder-title:before{position:absolute;top:50%;-webkit-transform:translateY(-50%);transform:translateY(-50%);margin:auto;display:table;width:100%}.tdb_single_content .tdb-block-inner.td-fix-index{word-break:break-word}.tdi_41,.tdi_41>p,.tdi_41 .tdb-block-inner>p,.wp-block-column>p{font-size:16px!important;line-height:1.6!important}.tdi_41 .tdb-block-inner cytat blokowy p{font-style:normal!important}@media (max-width:767px){.tdb_single_content .id_ad_content-horiz-left,.tdb_single_content .id_ad_content-horiz-right,.tdb_single_content .id_ad_content-horiz-center{margin:0 auto 26 pikseli auto}}@media (max-width:767px){.tdb_single_content .id_ad_content-horiz-left{margin-right:0}}@media (max-width:767px){.tdb_single_content .id_ad_content-horiz-right{margin-left:0}}@media (max-width:767px){.tdb_single_content .td-a-ad{float:none;text-align:center}.tdb_single_content .td-a-ad img{margin-right:auto;margin-left:auto}.tdb_single_content .tdc-a-ad{float:none}}<\/style>\n<div class=\"tdb-block-inner td-fix-index\">\n<p>&#8222;Nawet nie b\u0119d\u0119 wspomina\u0142 o 100 konkretach, bo nie ma do czego si\u0119 odwo\u0142ywa\u0107. Przez ca\u0142y okres III RP przyzwyczaili\u015bmy si\u0119 do tego, \u017ce obietnice wyborcze to tylko obietnice. Nawet dziennikarze po wyborach nie pytali rz\u0105dz\u0105cych, co si\u0119 sta\u0142o z ich obietnicami, bo wiedzieli, \u017ce to fikcja&#8221; &#8211; powiedzia\u0142 Piotr Ikonowicz w rozmowie z &#8221; <em>Niezale\u017cna.pl<\/em>podsumowuj\u0105c dwa lata, jakie min\u0119\u0142y od wybor\u00f3w parlamentarnych. Przyzna\u0142, \u017ce \u201eprze\u0142omowym momentem by\u0142a pierwsza kadencja PiS, kiedy, ku zaskoczeniu wszystkich, rz\u0105d rzeczywi\u015bcie spe\u0142ni\u0142 bardzo wa\u017cne obietnice spo\u0142eczne\u201d. \u201eI wszyscy byli zaskoczeni, bo nie tak ma dzia\u0142a\u0107 ta gra, mo\u017cna obiecywa\u0107, ale nie trzeba ich dotrzymywa\u0107\u201d \u2013 doda\u0142 dzia\u0142acz spo\u0142eczny.<\/p>\n<h2 class=\"wp-block-heading\">Mieszkanie w ruinach<\/h2>\n<p>Piotr Ikonowicz, za\u0142o\u017cyciel Fundacji Biuro Sprawiedliwo\u015bci Spo\u0142ecznej, zwr\u00f3ci\u0142 uwag\u0119, \u017ce przedwyborcze obietnice sk\u0142adane przez partie tworz\u0105ce obecnie koalicj\u0119 rz\u0105dz\u0105c\u0105 w sprawie mieszkalnictwa socjalnego, obietnice, kt\u00f3re podobnie jak wiele innych nie zosta\u0142y jeszcze zrealizowane.<\/p>\n<p>&#8222;Wszyscy m\u00f3wili o budownictwie socjalnym i nic, \u017cadnych efekt\u00f3w. Spotykam si\u0119 z burmistrzami i prezydentami miast, kt\u00f3rzy m\u00f3wi\u0105 mi, \u017ce maj\u0105 nawet dzia\u0142ki i wol\u0119 budowy, ale w BGK nie ma pieni\u0119dzy. Nie ma o co si\u0119 ubiega\u0107, nie ma program\u00f3w. A do budowy mieszka\u0144 najlepiej przygotowane s\u0105 samorz\u0105dy&#8221; &#8211; powiedzia\u0142.<\/p>\n<p>Odni\u00f3s\u0142 si\u0119 tak\u017ce do sytuacji w Warszawie rz\u0105dzonej przez Rafa\u0142a Trzaskowskiego, twierdz\u0105c, \u017ce \u201ejest tam 200 tys. pustych mieszka\u0144\u201d.<\/p>\n<p>&#8222;A Warszawa nie jest wyj\u0105tkiem. Gdyby\u015bmy stopniowo zacz\u0119li opodatkowywa\u0107 wolne mieszkania, zaczynaj\u0105c od ma\u0142ego, od trzeciego pustego lokalu, to mieszkania te wr\u00f3ci\u0142yby na rynek i nie pozosta\u0142yby poza zasi\u0119giem wi\u0119kszo\u015bci m\u0142odych ludzi. Ale i pod tym wzgl\u0119dem nic si\u0119 nie zmieni\u0142o, wszystko jest w kieszeni deweloper\u00f3w i tyle&#8221; &#8211; oceni\u0142 Ikonowicz.<\/p>\n<h2 class=\"wp-block-heading\">M\u0142odzi bez szans<\/h2>\n<p>Wed\u0142ug Ikonowicza \u201ePiS zastawi\u0142 r\u00f3\u017cne pu\u0142apki, a Tusk w ka\u017cd\u0105 z nich wpada\u201d. <\/p>\n<p>&#8222;\u201aWalcz\u0105ca demokracja&#8217;, czyli liberalizm siln\u0105 r\u0119k\u0105, mo\u017ce doprowadzi\u0107 do bardzo z\u0142ego wyniku, bo gdy karuzela zacznie si\u0119, \u017ce tak powiem, wirowa\u0107, prawica mo\u017ce \u0142atwo to podnie\u015b\u0107 po powrocie do w\u0142adzy. A teraz mamy sytuacj\u0119, w kt\u00f3rej jeden minister sprawiedliwo\u015bci, kt\u00f3rego inny pr\u00f3buje wsadzi\u0107 do wi\u0119zienia, grozi, \u017ce je\u015bli odzyska w\u0142adz\u0119, wtr\u0105ci drugiego do wi\u0119zienia. To czysty kabaret. Wszyscy w parlamencie m\u00f3wi\u0105 wszystkim: <em>p\u00f3jdziesz do wi\u0119zienia.<\/em> A to nie wr\u00f3\u017cy dobrze krajowi. Je\u015bli wszyscy skupi\u0105 si\u0119 na atakowaniu siebie nawzajem, to kto b\u0119dzie rz\u0105dzi\u0142? Obawiam si\u0119, \u017ce niemal ca\u0142a energia klasy politycznej skupiona jest na walce z przeciwnikami, zamiast na rozwi\u0105zywaniu problem\u00f3w kraju, a jest ich mn\u00f3stwo\u201d \u2013 wyja\u015bni\u0142.<\/p>\n<p>&#8222;M\u0142ode pokolenie nie ma na czym polega\u0107. Nie jest w stanie powt\u00f3rzy\u0107 nawet skromnego sukcesu rodzic\u00f3w: porz\u0105dnej emerytury, mieszkania, samochodu i ma\u0142ej dzia\u0142ki na wsi. Mniej wi\u0119cej tak sko\u0144czy\u0142o moje pokolenie. Ale dzisiejsza m\u0142odzie\u017c nie ma sta\u0142ych um\u00f3w, tylko kontrakty na koncerty. A je\u015bli ju\u017c w du\u017cym mie\u015bcie dostan\u0105 prac\u0119 na pe\u0142ny etat, to za minimaln\u0105 pensj\u0119, za kt\u00f3r\u0105 w Warszawie nie da si\u0119 wy\u017cy\u0107, a co dopiero wynaj\u0105\u0107 mieszkanie&#8221; &#8211; doda\u0142. argumentowa\u0142.<\/p>\n<h2 class=\"wp-block-heading\">Zmienione pogl\u0105dy<\/h2>\n<p>Ikonowicz podkre\u015bli\u0142 tak\u017ce, co uwa\u017ca za zaskakuj\u0105c\u0105 zmian\u0119 stanowiska koalicji rz\u0105dz\u0105cej w sprawie nielegalnej imigracji. Stwierdzi\u0142, \u017ce kwestia ta jest wa\u017cnym czynnikiem w jego og\u00f3lnej ocenie.<\/p>\n<p>&#8222;Mo\u017cna by\u0142o mie\u0107 nadziej\u0119, \u017ce gdyby libera\u0142owie doszli do w\u0142adzy, nie pozbawiliby uciekaj\u0105cych np. przed talibami prawa do azylu. Ale teraz, nawet nie s\u0142ysz\u0105c, przed czym uciekaj\u0105, mo\u017cna ich odes\u0142a\u0107 i oni <em>Czy<\/em> odes\u0142any w r\u0119ce talib\u00f3w. <\/p>\n<p>Zawieszenie prawa do azylu jest barbarzy\u0144stwem. Mia\u0142a by\u0107 r\u00f3\u017cnica pomi\u0119dzy skrajn\u0105 prawic\u0105, kt\u00f3ra nie dba o prawa cz\u0142owieka, a libera\u0142ami, kt\u00f3rzy rzekomo s\u0105 inni. Ale nie s\u0105 inni. Przecie\u017c Trzaskowski w kampanii prezydenckiej na\u015bladowa\u0142 Mentzena. To si\u0119 nie sumuje. Trzeba mie\u0107 sp\u00f3jne zdanie\u201d \u2013 podkre\u015bli\u0142.<\/p>\n<p>&#8222;O 100 szczeg\u00f3\u0142ach nawet nie b\u0119d\u0119 wspomina\u0107, bo nie ma do czego si\u0119 odwo\u0142ywa\u0107. Przyzwyczaili\u015bmy si\u0119 do tego od pocz\u0105tk\u00f3w III RP. Obietnice wyborcze to tylko puste s\u0142owa. Nawet dziennikarze przestali o nie pyta\u0107 po wyborach, wiedz\u0105c, \u017ce to wszystko fikcja. Prawdziwym punktem zwrotnym by\u0142a pierwsza kadencja PiS, kiedy, ku zaskoczeniu wszystkich, rz\u0105d rzeczywi\u015bcie wywi\u0105za\u0142 si\u0119 z g\u0142\u00f3wnych obietnic socjalnych. Wszyscy byli zdumieni, bo nie tak to powinno dzia\u0142a\u0107; wolno ci obieca\u0107, ale nie masz dostarczy\u0107. P\u00f3\u017aniej, w drugiej kadencji, ten duch os\u0142ab\u0142 i zn\u00f3w podnios\u0142a g\u0142ow\u0119 hydra biedy\u201d \u2013 wspomina\u0142.<\/p>\n<h2 class=\"wp-block-heading\">Sukces nie dla ka\u017cdego<\/h2>\n<p>Wed\u0142ug Ikonowicza najwa\u017cniejsze jest to, \u017ce \u201eludzie ci\u0105gle wychwalaj\u0105 sukces Polski, podczas gdy po\u0142owa pracuj\u0105cych Polak\u00f3w zarabia na poziomie minimum socjalnego lub w jego pobli\u017cu, to oni s\u0105 <em>pracuj\u0105cy biedni<\/em>.\u201d<\/p>\n<p>&#8222;Dowodem na to jest brak oszcz\u0119dno\u015bci. G\u00f3rne 10 proc. Polak\u00f3w posiada 60 proc. bogactwa kraju. To czyni nas krajem w Unii Europejskiej charakteryzuj\u0105cym si\u0119 najwi\u0119ksz\u0105 nier\u00f3wno\u015bci\u0105. To ustalenia Piketty&#8217;ego, oparte na twardych danych podatkowych, a nie deklaracjach. Bo wed\u0142ug bada\u0144 70 proc. Polak\u00f3w twierdzi, \u017ce nale\u017cy do klasy \u015bredniej, a mimo to nie ma oszcz\u0119dno\u015bci i zdolno\u015bci kredytowej&#8221; \u2013 wyja\u015bni\u0142a aktywistka.<\/p>\n<figure class=\"wp-block-pullquote\">\n<blockquote>\n<p>&#8222;\u017byjemy w tym sztucznym horyzoncie ogromnej frustracji spo\u0142ecznej. A ludzie, kt\u00f3rzy szerz\u0105 mity o sukcesie Polski, zapominaj\u0105, \u017ce wzrost dochodu narodowego nie wp\u0142ywa na poziom \u017cycia po\u0142owy spo\u0142ecze\u0144stwa. Ten kontrast, to upokorzenie pcha ludzi w stron\u0119 skrajnej prawicy, kt\u00f3ra oferuje im jedn\u0105 rzecz, z kt\u00f3rej mog\u0105 by\u0107 dumni: to, \u017ce urodzili si\u0119 w Polsce&#8221; <\/p>\n<p><cite>\u2013 podsumowa\u0142 Piotr Ikonowicz.<\/cite><\/p><\/blockquote>\n<\/figure>\n<\/div>\n<\/div>\n","protected":false},"excerpt":{"rendered":"<p>&#8222;Nawet nie b\u0119d\u0119 wspomina\u0142 o 100 konkretach, bo nie ma do czego si\u0119 odwo\u0142ywa\u0107. Przez ca\u0142y okres III RP przyzwyczaili\u015bmy<\/p>\n","protected":false},"author":1,"featured_media":9403,"comment_status":"open","ping_status":"open","sticky":false,"template":"","format":"standard","meta":{"footnotes":""},"categories":[4748],"tags":[10911,10913,3843,10910,450,10914,5290,7752,150,10915,10912],"class_list":["post-9402","post","type-post","status-publish","format-standard","has-post-thumbnail","hentry","category-aktualne","tag-dokad","tag-ikonowicz","tag-koalicji","tag-mlode","tag-nie","tag-niepowodzeniach","tag-piotr","tag-pokolenie","tag-sie","tag-usmiechnietej","tag-zwrocic","generate-columns","tablet-grid-50","mobile-grid-100","grid-parent","grid-50","resize-featured-image"],"yoast_head":"<!-- This site is optimized with the Yoast SEO plugin v23.2 - https:\/\/yoast.com\/wordpress\/plugins\/seo\/ -->\n<title>\u201eM\u0142ode pokolenie nie ma dok\u0105d si\u0119 zwr\u00f3ci\u0107\u201d \u2013 Piotr Ikonowicz o niepowodzeniach \u201eKoalicji U\u015bmiechni\u0119tej\u201d - POGOTOWIE FLAGOWE\u00ae<\/title>\n<meta name=\"robots\" content=\"index, follow, max-snippet:-1, max-image-preview:large, max-video-preview:-1\" \/>\n<link rel=\"canonical\" href=\"https:\/\/www.pogotowieflagowe.pl\/aktualne\/mlode-pokolenie-nie-ma-dokad-sie-zwrocic-piotr-ikonowicz-o-niepowodzeniach-koalicji-usmiechnietej\/\" \/>\n<meta property=\"og:locale\" content=\"pl_PL\" \/>\n<meta property=\"og:type\" content=\"article\" \/>\n<meta property=\"og:title\" content=\"\u201eM\u0142ode pokolenie nie ma dok\u0105d si\u0119 zwr\u00f3ci\u0107\u201d \u2013 Piotr Ikonowicz o niepowodzeniach \u201eKoalicji U\u015bmiechni\u0119tej\u201d - POGOTOWIE FLAGOWE\u00ae\" \/>\n<meta property=\"og:description\" content=\"&#8222;Nawet nie b\u0119d\u0119 wspomina\u0142 o 100 konkretach, bo nie ma do czego si\u0119 odwo\u0142ywa\u0107. Przez ca\u0142y okres III RP przyzwyczaili\u015bmy\" \/>\n<meta property=\"og:url\" content=\"https:\/\/www.pogotowieflagowe.pl\/aktualne\/mlode-pokolenie-nie-ma-dokad-sie-zwrocic-piotr-ikonowicz-o-niepowodzeniach-koalicji-usmiechnietej\/\" \/>\n<meta property=\"og:site_name\" content=\"POGOTOWIE FLAGOWE\u00ae\" \/>\n<meta property=\"article:published_time\" content=\"2025-10-16T11:30:17+00:00\" \/>\n<meta property=\"article:modified_time\" content=\"2025-10-16T11:30:19+00:00\" \/>\n<meta property=\"og:image\" content=\"https:\/\/www.pogotowieflagowe.pl\/aktualne\/wp-content\/uploads\/2025\/10\/\u201eMlode-pokolenie-nie-ma-dokad-sie-zwrocic-\u2013-Piotr-Ikonowicz.webp.webp\" \/>\n\t<meta property=\"og:image:width\" content=\"1280\" \/>\n\t<meta property=\"og:image:height\" content=\"719\" \/>\n\t<meta property=\"og:image:type\" content=\"image\/webp\" \/>\n<meta name=\"author\" content=\"Filip\" \/>\n<meta name=\"twitter:card\" content=\"summary_large_image\" \/>\n<meta name=\"twitter:label1\" content=\"Napisane przez\" \/>\n\t<meta name=\"twitter:data1\" content=\"Filip\" \/>\n\t<meta name=\"twitter:label2\" content=\"Szacowany czas czytania\" \/>\n\t<meta name=\"twitter:data2\" content=\"5 minut\" \/>\n<script type=\"application\/ld+json\" class=\"yoast-schema-graph\">{\"@context\":\"https:\/\/schema.org\",\"@graph\":[{\"@type\":\"Article\",\"@id\":\"https:\/\/www.pogotowieflagowe.pl\/aktualne\/mlode-pokolenie-nie-ma-dokad-sie-zwrocic-piotr-ikonowicz-o-niepowodzeniach-koalicji-usmiechnietej\/#article\",\"isPartOf\":{\"@id\":\"https:\/\/www.pogotowieflagowe.pl\/aktualne\/mlode-pokolenie-nie-ma-dokad-sie-zwrocic-piotr-ikonowicz-o-niepowodzeniach-koalicji-usmiechnietej\/\"},\"author\":{\"name\":\"Filip\",\"@id\":\"https:\/\/www.pogotowieflagowe.pl\/aktualne\/#\/schema\/person\/9c2fb7d2362ebf6fa088960d7f0d27b0\"},\"headline\":\"\u201eM\u0142ode pokolenie nie ma dok\u0105d si\u0119 zwr\u00f3ci\u0107\u201d \u2013 Piotr Ikonowicz o niepowodzeniach \u201eKoalicji U\u015bmiechni\u0119tej\u201d\",\"datePublished\":\"2025-10-16T11:30:17+00:00\",\"dateModified\":\"2025-10-16T11:30:19+00:00\",\"mainEntityOfPage\":{\"@id\":\"https:\/\/www.pogotowieflagowe.pl\/aktualne\/mlode-pokolenie-nie-ma-dokad-sie-zwrocic-piotr-ikonowicz-o-niepowodzeniach-koalicji-usmiechnietej\/\"},\"wordCount\":1014,\"commentCount\":0,\"publisher\":{\"@id\":\"https:\/\/www.pogotowieflagowe.pl\/aktualne\/#organization\"},\"image\":{\"@id\":\"https:\/\/www.pogotowieflagowe.pl\/aktualne\/mlode-pokolenie-nie-ma-dokad-sie-zwrocic-piotr-ikonowicz-o-niepowodzeniach-koalicji-usmiechnietej\/#primaryimage\"},\"thumbnailUrl\":\"https:\/\/www.pogotowieflagowe.pl\/aktualne\/wp-content\/uploads\/2025\/10\/\u201eMlode-pokolenie-nie-ma-dokad-sie-zwrocic-\u2013-Piotr-Ikonowicz.webp.webp\",\"keywords\":[\"dok\u0105d\",\"Ikonowicz\",\"Koalicji\",\"M\u0142ode\",\"Nie\",\"niepowodzeniach\",\"Piotr\",\"Pokolenie\",\"si\u0119\",\"U\u015bmiechni\u0119tej\",\"zwr\u00f3ci\u0107\"],\"articleSection\":[\"Aktualne\"],\"inLanguage\":\"pl-PL\",\"potentialAction\":[{\"@type\":\"CommentAction\",\"name\":\"Comment\",\"target\":[\"https:\/\/www.pogotowieflagowe.pl\/aktualne\/mlode-pokolenie-nie-ma-dokad-sie-zwrocic-piotr-ikonowicz-o-niepowodzeniach-koalicji-usmiechnietej\/#respond\"]}]},{\"@type\":\"WebPage\",\"@id\":\"https:\/\/www.pogotowieflagowe.pl\/aktualne\/mlode-pokolenie-nie-ma-dokad-sie-zwrocic-piotr-ikonowicz-o-niepowodzeniach-koalicji-usmiechnietej\/\",\"url\":\"https:\/\/www.pogotowieflagowe.pl\/aktualne\/mlode-pokolenie-nie-ma-dokad-sie-zwrocic-piotr-ikonowicz-o-niepowodzeniach-koalicji-usmiechnietej\/\",\"name\":\"\u201eM\u0142ode pokolenie nie ma dok\u0105d si\u0119 zwr\u00f3ci\u0107\u201d \u2013 Piotr Ikonowicz o niepowodzeniach \u201eKoalicji U\u015bmiechni\u0119tej\u201d - POGOTOWIE FLAGOWE\u00ae\",\"isPartOf\":{\"@id\":\"https:\/\/www.pogotowieflagowe.pl\/aktualne\/#website\"},\"primaryImageOfPage\":{\"@id\":\"https:\/\/www.pogotowieflagowe.pl\/aktualne\/mlode-pokolenie-nie-ma-dokad-sie-zwrocic-piotr-ikonowicz-o-niepowodzeniach-koalicji-usmiechnietej\/#primaryimage\"},\"image\":{\"@id\":\"https:\/\/www.pogotowieflagowe.pl\/aktualne\/mlode-pokolenie-nie-ma-dokad-sie-zwrocic-piotr-ikonowicz-o-niepowodzeniach-koalicji-usmiechnietej\/#primaryimage\"},\"thumbnailUrl\":\"https:\/\/www.pogotowieflagowe.pl\/aktualne\/wp-content\/uploads\/2025\/10\/\u201eMlode-pokolenie-nie-ma-dokad-sie-zwrocic-\u2013-Piotr-Ikonowicz.webp.webp\",\"datePublished\":\"2025-10-16T11:30:17+00:00\",\"dateModified\":\"2025-10-16T11:30:19+00:00\",\"breadcrumb\":{\"@id\":\"https:\/\/www.pogotowieflagowe.pl\/aktualne\/mlode-pokolenie-nie-ma-dokad-sie-zwrocic-piotr-ikonowicz-o-niepowodzeniach-koalicji-usmiechnietej\/#breadcrumb\"},\"inLanguage\":\"pl-PL\",\"potentialAction\":[{\"@type\":\"ReadAction\",\"target\":[\"https:\/\/www.pogotowieflagowe.pl\/aktualne\/mlode-pokolenie-nie-ma-dokad-sie-zwrocic-piotr-ikonowicz-o-niepowodzeniach-koalicji-usmiechnietej\/\"]}]},{\"@type\":\"ImageObject\",\"inLanguage\":\"pl-PL\",\"@id\":\"https:\/\/www.pogotowieflagowe.pl\/aktualne\/mlode-pokolenie-nie-ma-dokad-sie-zwrocic-piotr-ikonowicz-o-niepowodzeniach-koalicji-usmiechnietej\/#primaryimage\",\"url\":\"https:\/\/www.pogotowieflagowe.pl\/aktualne\/wp-content\/uploads\/2025\/10\/\u201eMlode-pokolenie-nie-ma-dokad-sie-zwrocic-\u2013-Piotr-Ikonowicz.webp.webp\",\"contentUrl\":\"https:\/\/www.pogotowieflagowe.pl\/aktualne\/wp-content\/uploads\/2025\/10\/\u201eMlode-pokolenie-nie-ma-dokad-sie-zwrocic-\u2013-Piotr-Ikonowicz.webp.webp\",\"width\":1280,\"height\":719,\"caption\":\"\u201eM\u0142ode pokolenie nie ma dok\u0105d si\u0119 zwr\u00f3ci\u0107\u201d \u2013 Piotr Ikonowicz o niepowodzeniach \u201eKoalicji U\u015bmiechni\u0119tej\u201d\"},{\"@type\":\"BreadcrumbList\",\"@id\":\"https:\/\/www.pogotowieflagowe.pl\/aktualne\/mlode-pokolenie-nie-ma-dokad-sie-zwrocic-piotr-ikonowicz-o-niepowodzeniach-koalicji-usmiechnietej\/#breadcrumb\",\"itemListElement\":[{\"@type\":\"ListItem\",\"position\":1,\"name\":\"Home\",\"item\":\"https:\/\/www.pogotowieflagowe.pl\/aktualne\/\"},{\"@type\":\"ListItem\",\"position\":2,\"name\":\"\u201eM\u0142ode pokolenie nie ma dok\u0105d si\u0119 zwr\u00f3ci\u0107\u201d \u2013 Piotr Ikonowicz o niepowodzeniach \u201eKoalicji U\u015bmiechni\u0119tej\u201d\"}]},{\"@type\":\"WebSite\",\"@id\":\"https:\/\/www.pogotowieflagowe.pl\/aktualne\/#website\",\"url\":\"https:\/\/www.pogotowieflagowe.pl\/aktualne\/\",\"name\":\"POGOTOWIE FLAGOWE\u00ae\",\"description\":\"\",\"publisher\":{\"@id\":\"https:\/\/www.pogotowieflagowe.pl\/aktualne\/#organization\"},\"potentialAction\":[{\"@type\":\"SearchAction\",\"target\":{\"@type\":\"EntryPoint\",\"urlTemplate\":\"https:\/\/www.pogotowieflagowe.pl\/aktualne\/?s={search_term_string}\"},\"query-input\":\"required name=search_term_string\"}],\"inLanguage\":\"pl-PL\"},{\"@type\":\"Organization\",\"@id\":\"https:\/\/www.pogotowieflagowe.pl\/aktualne\/#organization\",\"name\":\"POGOTOWIE FLAGOWE\u00ae\",\"url\":\"https:\/\/www.pogotowieflagowe.pl\/aktualne\/\",\"logo\":{\"@type\":\"ImageObject\",\"inLanguage\":\"pl-PL\",\"@id\":\"https:\/\/www.pogotowieflagowe.pl\/aktualne\/#\/schema\/logo\/image\/\",\"url\":\"https:\/\/www.pogotowieflagowe.pl\/aktualne\/wp-content\/uploads\/2024\/08\/cropped-pogotowieflagowe_flaga_projekt_sm.jpg\",\"contentUrl\":\"https:\/\/www.pogotowieflagowe.pl\/aktualne\/wp-content\/uploads\/2024\/08\/cropped-pogotowieflagowe_flaga_projekt_sm.jpg\",\"width\":250,\"height\":143,\"caption\":\"POGOTOWIE FLAGOWE\u00ae\"},\"image\":{\"@id\":\"https:\/\/www.pogotowieflagowe.pl\/aktualne\/#\/schema\/logo\/image\/\"}},{\"@type\":\"Person\",\"@id\":\"https:\/\/www.pogotowieflagowe.pl\/aktualne\/#\/schema\/person\/9c2fb7d2362ebf6fa088960d7f0d27b0\",\"name\":\"Filip\",\"image\":{\"@type\":\"ImageObject\",\"inLanguage\":\"pl-PL\",\"@id\":\"https:\/\/www.pogotowieflagowe.pl\/aktualne\/#\/schema\/person\/image\/\",\"url\":\"https:\/\/www.pogotowieflagowe.pl\/aktualne\/wp-content\/uploads\/2024\/08\/pogotowieflagowe.pl_.jpg\",\"contentUrl\":\"https:\/\/www.pogotowieflagowe.pl\/aktualne\/wp-content\/uploads\/2024\/08\/pogotowieflagowe.pl_.jpg\",\"caption\":\"Filip\"},\"description\":\"Jestem Filip, polski dziennikarz z dyplomem nauk politycznych Uniwersytetu Warszawskiego. Rozpoczynaj\u0105c swoj\u0105 karier\u0119 w r\u00f3\u017cnych lokalnych mediach, zdoby\u0142em solidne do\u015bwiadczenie w zakresie \u015bledztwa i redakcji. Obecnie jako redaktor w Pogotowie flagowe, staram si\u0119 dostarcza\u0107 dog\u0142\u0119bne i istotne analizy na temat najwa\u017cniejszych kwestii aktualno\u015bci, \u0142\u0105cz\u0105c rygor z pasj\u0105 dziennikarsk\u0105.\",\"sameAs\":[\"https:\/\/www.pogotowieflagowe.pl\/\"]}]}<\/script>\n<!-- \/ Yoast SEO plugin. -->","yoast_head_json":{"title":"\u201eM\u0142ode pokolenie nie ma dok\u0105d si\u0119 zwr\u00f3ci\u0107\u201d \u2013 Piotr Ikonowicz o niepowodzeniach \u201eKoalicji U\u015bmiechni\u0119tej\u201d - POGOTOWIE FLAGOWE\u00ae","robots":{"index":"index","follow":"follow","max-snippet":"max-snippet:-1","max-image-preview":"max-image-preview:large","max-video-preview":"max-video-preview:-1"},"canonical":"https:\/\/www.pogotowieflagowe.pl\/aktualne\/mlode-pokolenie-nie-ma-dokad-sie-zwrocic-piotr-ikonowicz-o-niepowodzeniach-koalicji-usmiechnietej\/","og_locale":"pl_PL","og_type":"article","og_title":"\u201eM\u0142ode pokolenie nie ma dok\u0105d si\u0119 zwr\u00f3ci\u0107\u201d \u2013 Piotr Ikonowicz o niepowodzeniach \u201eKoalicji U\u015bmiechni\u0119tej\u201d - POGOTOWIE FLAGOWE\u00ae","og_description":"&#8222;Nawet nie b\u0119d\u0119 wspomina\u0142 o 100 konkretach, bo nie ma do czego si\u0119 odwo\u0142ywa\u0107. Przez ca\u0142y okres III RP przyzwyczaili\u015bmy","og_url":"https:\/\/www.pogotowieflagowe.pl\/aktualne\/mlode-pokolenie-nie-ma-dokad-sie-zwrocic-piotr-ikonowicz-o-niepowodzeniach-koalicji-usmiechnietej\/","og_site_name":"POGOTOWIE FLAGOWE\u00ae","article_published_time":"2025-10-16T11:30:17+00:00","article_modified_time":"2025-10-16T11:30:19+00:00","og_image":[{"width":1280,"height":719,"url":"https:\/\/www.pogotowieflagowe.pl\/aktualne\/wp-content\/uploads\/2025\/10\/\u201eMlode-pokolenie-nie-ma-dokad-sie-zwrocic-\u2013-Piotr-Ikonowicz.webp.webp","type":"image\/webp"}],"author":"Filip","twitter_card":"summary_large_image","twitter_misc":{"Napisane przez":"Filip","Szacowany czas czytania":"5 minut"},"schema":{"@context":"https:\/\/schema.org","@graph":[{"@type":"Article","@id":"https:\/\/www.pogotowieflagowe.pl\/aktualne\/mlode-pokolenie-nie-ma-dokad-sie-zwrocic-piotr-ikonowicz-o-niepowodzeniach-koalicji-usmiechnietej\/#article","isPartOf":{"@id":"https:\/\/www.pogotowieflagowe.pl\/aktualne\/mlode-pokolenie-nie-ma-dokad-sie-zwrocic-piotr-ikonowicz-o-niepowodzeniach-koalicji-usmiechnietej\/"},"author":{"name":"Filip","@id":"https:\/\/www.pogotowieflagowe.pl\/aktualne\/#\/schema\/person\/9c2fb7d2362ebf6fa088960d7f0d27b0"},"headline":"\u201eM\u0142ode pokolenie nie ma dok\u0105d si\u0119 zwr\u00f3ci\u0107\u201d \u2013 Piotr Ikonowicz o niepowodzeniach \u201eKoalicji U\u015bmiechni\u0119tej\u201d","datePublished":"2025-10-16T11:30:17+00:00","dateModified":"2025-10-16T11:30:19+00:00","mainEntityOfPage":{"@id":"https:\/\/www.pogotowieflagowe.pl\/aktualne\/mlode-pokolenie-nie-ma-dokad-sie-zwrocic-piotr-ikonowicz-o-niepowodzeniach-koalicji-usmiechnietej\/"},"wordCount":1014,"commentCount":0,"publisher":{"@id":"https:\/\/www.pogotowieflagowe.pl\/aktualne\/#organization"},"image":{"@id":"https:\/\/www.pogotowieflagowe.pl\/aktualne\/mlode-pokolenie-nie-ma-dokad-sie-zwrocic-piotr-ikonowicz-o-niepowodzeniach-koalicji-usmiechnietej\/#primaryimage"},"thumbnailUrl":"https:\/\/www.pogotowieflagowe.pl\/aktualne\/wp-content\/uploads\/2025\/10\/\u201eMlode-pokolenie-nie-ma-dokad-sie-zwrocic-\u2013-Piotr-Ikonowicz.webp.webp","keywords":["dok\u0105d","Ikonowicz","Koalicji","M\u0142ode","Nie","niepowodzeniach","Piotr","Pokolenie","si\u0119","U\u015bmiechni\u0119tej","zwr\u00f3ci\u0107"],"articleSection":["Aktualne"],"inLanguage":"pl-PL","potentialAction":[{"@type":"CommentAction","name":"Comment","target":["https:\/\/www.pogotowieflagowe.pl\/aktualne\/mlode-pokolenie-nie-ma-dokad-sie-zwrocic-piotr-ikonowicz-o-niepowodzeniach-koalicji-usmiechnietej\/#respond"]}]},{"@type":"WebPage","@id":"https:\/\/www.pogotowieflagowe.pl\/aktualne\/mlode-pokolenie-nie-ma-dokad-sie-zwrocic-piotr-ikonowicz-o-niepowodzeniach-koalicji-usmiechnietej\/","url":"https:\/\/www.pogotowieflagowe.pl\/aktualne\/mlode-pokolenie-nie-ma-dokad-sie-zwrocic-piotr-ikonowicz-o-niepowodzeniach-koalicji-usmiechnietej\/","name":"\u201eM\u0142ode pokolenie nie ma dok\u0105d si\u0119 zwr\u00f3ci\u0107\u201d \u2013 Piotr Ikonowicz o niepowodzeniach \u201eKoalicji U\u015bmiechni\u0119tej\u201d - POGOTOWIE FLAGOWE\u00ae","isPartOf":{"@id":"https:\/\/www.pogotowieflagowe.pl\/aktualne\/#website"},"primaryImageOfPage":{"@id":"https:\/\/www.pogotowieflagowe.pl\/aktualne\/mlode-pokolenie-nie-ma-dokad-sie-zwrocic-piotr-ikonowicz-o-niepowodzeniach-koalicji-usmiechnietej\/#primaryimage"},"image":{"@id":"https:\/\/www.pogotowieflagowe.pl\/aktualne\/mlode-pokolenie-nie-ma-dokad-sie-zwrocic-piotr-ikonowicz-o-niepowodzeniach-koalicji-usmiechnietej\/#primaryimage"},"thumbnailUrl":"https:\/\/www.pogotowieflagowe.pl\/aktualne\/wp-content\/uploads\/2025\/10\/\u201eMlode-pokolenie-nie-ma-dokad-sie-zwrocic-\u2013-Piotr-Ikonowicz.webp.webp","datePublished":"2025-10-16T11:30:17+00:00","dateModified":"2025-10-16T11:30:19+00:00","breadcrumb":{"@id":"https:\/\/www.pogotowieflagowe.pl\/aktualne\/mlode-pokolenie-nie-ma-dokad-sie-zwrocic-piotr-ikonowicz-o-niepowodzeniach-koalicji-usmiechnietej\/#breadcrumb"},"inLanguage":"pl-PL","potentialAction":[{"@type":"ReadAction","target":["https:\/\/www.pogotowieflagowe.pl\/aktualne\/mlode-pokolenie-nie-ma-dokad-sie-zwrocic-piotr-ikonowicz-o-niepowodzeniach-koalicji-usmiechnietej\/"]}]},{"@type":"ImageObject","inLanguage":"pl-PL","@id":"https:\/\/www.pogotowieflagowe.pl\/aktualne\/mlode-pokolenie-nie-ma-dokad-sie-zwrocic-piotr-ikonowicz-o-niepowodzeniach-koalicji-usmiechnietej\/#primaryimage","url":"https:\/\/www.pogotowieflagowe.pl\/aktualne\/wp-content\/uploads\/2025\/10\/\u201eMlode-pokolenie-nie-ma-dokad-sie-zwrocic-\u2013-Piotr-Ikonowicz.webp.webp","contentUrl":"https:\/\/www.pogotowieflagowe.pl\/aktualne\/wp-content\/uploads\/2025\/10\/\u201eMlode-pokolenie-nie-ma-dokad-sie-zwrocic-\u2013-Piotr-Ikonowicz.webp.webp","width":1280,"height":719,"caption":"\u201eM\u0142ode pokolenie nie ma dok\u0105d si\u0119 zwr\u00f3ci\u0107\u201d \u2013 Piotr Ikonowicz o niepowodzeniach \u201eKoalicji U\u015bmiechni\u0119tej\u201d"},{"@type":"BreadcrumbList","@id":"https:\/\/www.pogotowieflagowe.pl\/aktualne\/mlode-pokolenie-nie-ma-dokad-sie-zwrocic-piotr-ikonowicz-o-niepowodzeniach-koalicji-usmiechnietej\/#breadcrumb","itemListElement":[{"@type":"ListItem","position":1,"name":"Home","item":"https:\/\/www.pogotowieflagowe.pl\/aktualne\/"},{"@type":"ListItem","position":2,"name":"\u201eM\u0142ode pokolenie nie ma dok\u0105d si\u0119 zwr\u00f3ci\u0107\u201d \u2013 Piotr Ikonowicz o niepowodzeniach \u201eKoalicji U\u015bmiechni\u0119tej\u201d"}]},{"@type":"WebSite","@id":"https:\/\/www.pogotowieflagowe.pl\/aktualne\/#website","url":"https:\/\/www.pogotowieflagowe.pl\/aktualne\/","name":"POGOTOWIE FLAGOWE\u00ae","description":"","publisher":{"@id":"https:\/\/www.pogotowieflagowe.pl\/aktualne\/#organization"},"potentialAction":[{"@type":"SearchAction","target":{"@type":"EntryPoint","urlTemplate":"https:\/\/www.pogotowieflagowe.pl\/aktualne\/?s={search_term_string}"},"query-input":"required name=search_term_string"}],"inLanguage":"pl-PL"},{"@type":"Organization","@id":"https:\/\/www.pogotowieflagowe.pl\/aktualne\/#organization","name":"POGOTOWIE FLAGOWE\u00ae","url":"https:\/\/www.pogotowieflagowe.pl\/aktualne\/","logo":{"@type":"ImageObject","inLanguage":"pl-PL","@id":"https:\/\/www.pogotowieflagowe.pl\/aktualne\/#\/schema\/logo\/image\/","url":"https:\/\/www.pogotowieflagowe.pl\/aktualne\/wp-content\/uploads\/2024\/08\/cropped-pogotowieflagowe_flaga_projekt_sm.jpg","contentUrl":"https:\/\/www.pogotowieflagowe.pl\/aktualne\/wp-content\/uploads\/2024\/08\/cropped-pogotowieflagowe_flaga_projekt_sm.jpg","width":250,"height":143,"caption":"POGOTOWIE FLAGOWE\u00ae"},"image":{"@id":"https:\/\/www.pogotowieflagowe.pl\/aktualne\/#\/schema\/logo\/image\/"}},{"@type":"Person","@id":"https:\/\/www.pogotowieflagowe.pl\/aktualne\/#\/schema\/person\/9c2fb7d2362ebf6fa088960d7f0d27b0","name":"Filip","image":{"@type":"ImageObject","inLanguage":"pl-PL","@id":"https:\/\/www.pogotowieflagowe.pl\/aktualne\/#\/schema\/person\/image\/","url":"https:\/\/www.pogotowieflagowe.pl\/aktualne\/wp-content\/uploads\/2024\/08\/pogotowieflagowe.pl_.jpg","contentUrl":"https:\/\/www.pogotowieflagowe.pl\/aktualne\/wp-content\/uploads\/2024\/08\/pogotowieflagowe.pl_.jpg","caption":"Filip"},"description":"Jestem Filip, polski dziennikarz z dyplomem nauk politycznych Uniwersytetu Warszawskiego. Rozpoczynaj\u0105c swoj\u0105 karier\u0119 w r\u00f3\u017cnych lokalnych mediach, zdoby\u0142em solidne do\u015bwiadczenie w zakresie \u015bledztwa i redakcji. Obecnie jako redaktor w Pogotowie flagowe, staram si\u0119 dostarcza\u0107 dog\u0142\u0119bne i istotne analizy na temat najwa\u017cniejszych kwestii aktualno\u015bci, \u0142\u0105cz\u0105c rygor z pasj\u0105 dziennikarsk\u0105.","sameAs":["https:\/\/www.pogotowieflagowe.pl\/"]}]}},"_links":{"self":[{"href":"https:\/\/www.pogotowieflagowe.pl\/aktualne\/wp-json\/wp\/v2\/posts\/9402","targetHints":{"allow":["GET"]}}],"collection":[{"href":"https:\/\/www.pogotowieflagowe.pl\/aktualne\/wp-json\/wp\/v2\/posts"}],"about":[{"href":"https:\/\/www.pogotowieflagowe.pl\/aktualne\/wp-json\/wp\/v2\/types\/post"}],"author":[{"embeddable":true,"href":"https:\/\/www.pogotowieflagowe.pl\/aktualne\/wp-json\/wp\/v2\/users\/1"}],"replies":[{"embeddable":true,"href":"https:\/\/www.pogotowieflagowe.pl\/aktualne\/wp-json\/wp\/v2\/comments?post=9402"}],"version-history":[{"count":1,"href":"https:\/\/www.pogotowieflagowe.pl\/aktualne\/wp-json\/wp\/v2\/posts\/9402\/revisions"}],"predecessor-version":[{"id":9404,"href":"https:\/\/www.pogotowieflagowe.pl\/aktualne\/wp-json\/wp\/v2\/posts\/9402\/revisions\/9404"}],"wp:featuredmedia":[{"embeddable":true,"href":"https:\/\/www.pogotowieflagowe.pl\/aktualne\/wp-json\/wp\/v2\/media\/9403"}],"wp:attachment":[{"href":"https:\/\/www.pogotowieflagowe.pl\/aktualne\/wp-json\/wp\/v2\/media?parent=9402"}],"wp:term":[{"taxonomy":"category","embeddable":true,"href":"https:\/\/www.pogotowieflagowe.pl\/aktualne\/wp-json\/wp\/v2\/categories?post=9402"},{"taxonomy":"post_tag","embeddable":true,"href":"https:\/\/www.pogotowieflagowe.pl\/aktualne\/wp-json\/wp\/v2\/tags?post=9402"}],"curies":[{"name":"wp","href":"https:\/\/api.w.org\/{rel}","templated":true}]}}