{"id":9405,"date":"2025-10-16T14:01:16","date_gmt":"2025-10-16T12:01:16","guid":{"rendered":"https:\/\/www.pogotowieflagowe.pl\/aktualne\/policja-odwiedzila-dom-dziennikarza-tv-republika-przesluchano-juz-siedmiu-czlonkow-zespolu\/"},"modified":"2025-10-16T14:01:23","modified_gmt":"2025-10-16T12:01:23","slug":"policja-odwiedzila-dom-dziennikarza-tv-republika-przesluchano-juz-siedmiu-czlonkow-zespolu","status":"publish","type":"post","link":"https:\/\/www.pogotowieflagowe.pl\/aktualne\/policja-odwiedzila-dom-dziennikarza-tv-republika-przesluchano-juz-siedmiu-czlonkow-zespolu\/","title":{"rendered":"Policja odwiedzi\u0142a dom dziennikarza TV Republika \u2013 \u201ePrzes\u0142uchano ju\u017c siedmiu cz\u0142onk\u00f3w zespo\u0142u\u201d"},"content":{"rendered":"\n<div class=\"td_block_wrap tdb_single_content tdi_41 td-pb-border-top td_block_template_8 td-post-content tagdiv-type\" data-td-block-uid=\"tdi_41\">\n<style>.tdi_41{margines-top:0px!important;margin-bottom:0px!important;dope\u0142nienie-g\u00f3ra:0px!important;dope\u0142nienie-d\u00f3\u0142:0px!important}<\/style>\n<style>.tdb_single_content{margin-bottom:0;*zoom:1}.tdb_single_content:before,.tdb_single_content:after{display:table;content:'';line-height:0}.tdb_single_content:after{clear:both}.tdb_single_content .tdb-block-inner>*:not(.wp-block-quote):not(.alignwide):not(.alignfull.wp-block-cover.has-parallax):not(.td-a-ad){margin-left:auto;margin-right:auto}.tdb_single_content a{pointer-events:auto}.tdb_single_content .td-spot-id-top_ad .tdc-placeholder-title:before{content:'Article Top Ad'!important}.tdb_single_content .td-spot-id-inline_ad0 .tdc-placeholder-title:before{content:'Article Reklama wbudowana 1'!important}.tdb_single_content .td-spot-id-inline_ad1 .tdc-placeholder-title:before{content:'Reklama wbudowana w artyku\u0142 2'!important}.tdb_single_content .td-spot-id-inline_ad2 .tdc-placeholder-title:before{content:'Reklama w tek\u015bcie artyku\u0142u 3'!important}.tdb_single_content .td-spot-id-bottom_ad .tdc-placeholder-title:before{content:'Article Bottom Ad'!important}.tdb_single_content .id_top_ad,.tdb_single_content .id_bottom_ad{clear:both;margin-bottom:21px;text-align:center}.tdb_single_content .id_top_ad img,.tdb_single_content .id_bottom_ad img{margin-bottom:0}.tdb_single_content .id_top_ad .adsbygoogle,.tdb_single_content .id_bottom_ad .adsbygoogle{position:relative}.tdb_single_content .id_ad_content-horiz-left,.tdb_single_content .id_ad_content-horiz-right,.tdb_single_content .id_ad_content-horiz-center{margin-bottom:15px}.tdb_single_content .id_ad_content-horiz-left img,.tdb_single_content .id_ad_content-horiz-right img,.tdb_single_content .id_ad_content-horiz-center img{margin-bottom:0}.tdb_single_content .id_ad_content-horiz-center{text-align:center}.tdb_single_content .id_ad_content-horiz-center img{margin-right:auto;margin-left:auto}.tdb_single_content .id_ad_content-horiz-left{float:left;margin-top:9px;margin-right:21px}.tdb_single_content .id_ad_content-horiz-right{float:right;margin-top:6px;margin-left:21px}.tdb_single_content .tdc-a-ad .tdc-placeholder-title{width:300px;height:250px}.tdb_single_content .tdc-a-ad .tdc-placeholder-title:before{position:absolute;top:50%;-webkit-transform:translateY(-50%);transform:translateY(-50%);margin:auto;display:table;width:100%}.tdb_single_content .tdb-block-inner.td-fix-index{word-break:break-word}.tdi_41,.tdi_41>p,.tdi_41 .tdb-block-inner>p,.wp-block-column>p{font-size:16px!important;line-height:1.6!important}.tdi_41 .tdb-block-inner cytat blokowy p{font-style:normal!important}@media (max-width:767px){.tdb_single_content .id_ad_content-horiz-left,.tdb_single_content .id_ad_content-horiz-right,.tdb_single_content .id_ad_content-horiz-center{margin:0 auto 26 pikseli auto}}@media (max-width:767px){.tdb_single_content .id_ad_content-horiz-left{margin-right:0}}@media (max-width:767px){.tdb_single_content .id_ad_content-horiz-right{margin-left:0}}@media (max-width:767px){.tdb_single_content .td-a-ad{float:none;text-align:center}.tdb_single_content .td-a-ad img{margin-right:auto;margin-left:auto}.tdb_single_content .tdc-a-ad{float:none}}<\/style>\n<div class=\"tdb-block-inner td-fix-index\">\n<p>\u201eNasz\u0105 dziennikark\u0119 Monik\u0119 Borkowsk\u0105 odwiedzi\u0142a policja, aby wezwa\u0107 j\u0105 na przes\u0142uchanie w zwi\u0105zku z dzia\u0142aniami cz\u0142onk\u00f3w kierownictwa stacji\u201d \u2013 powiedzia\u0142 dzi\u015b na antenie Tomasz Sakiewicz, prezes TV Republika. \u201eJeste\u015bmy \u015bwiadkami eskalacji dzia\u0142a\u0144 policji, prokuratury i wymiaru sprawiedliwo\u015bci\u201d \u2013 doda\u0142.<\/p>\n<p>Wczoraj Sakiewicz poinformowa\u0142, \u017ce kilku cz\u0142onk\u00f3w ekipy TV Republika zosta\u0142o ju\u017c przes\u0142uchanych przez policj\u0119.<\/p>\n<figure class=\"wp-block-pullquote\">\n<blockquote>\n<p>&#8222;Monik\u0119 Borkowsk\u0105 odwiedzi\u0142a Policja w celu wezwania na przes\u0142uchanie w zwi\u0105zku z 'dzia\u0142aniami&#8217; kierownictwa stacji. Dotychczas w tej sprawie przes\u0142uchano siedmiu cz\u0142onk\u00f3w zespo\u0142u&#8221; <\/p>\n<p><cite>powiedzia\u0142 Sakiewicz.<\/cite><\/p><\/blockquote>\n<\/figure>\n<p>Prezes TV Republika zapowiedzia\u0142 tak\u017ce, \u017ce dzi\u015b (16 pa\u017adziernika) ma rozpraw\u0119 s\u0105dow\u0105 z Bartem Staszewskim, a jutro (17 pa\u017adziernika) zapadnie wyrok w jego sprawie z by\u0142ym marsza\u0142kiem Senatu Tomaszem Grodzkim.<\/p>\n<p>&#8222;Nie mo\u017cna powiedzie\u0107, \u017ce kto\u015b wzi\u0105\u0142 \u0142ap\u00f3wk\u0119 i nie zareagowa\u0107. Trzeba zareagowa\u0107 i zamkn\u0105\u0107 tego, kto to powiedzia\u0142&#8221; &#8211; stwierdzi\u0142 sarkastycznie Sakiewicz. \u201eNie mog\u0119 rozmawia\u0107 o tym, co dzieje si\u0119 podczas procesu, bo pan marsza\u0142ek uzna\u0142, \u017ce wystarczy promieniuj\u0105ca od niego uczciwo\u015b\u0107, aby ludzie nie dowiedzieli si\u0119, \u017ce nie nale\u017cy pokazywa\u0107 \u015bwiatu tych pod\u0142ych k\u0142amc\u00f3w, kt\u00f3rzy twierdz\u0105, \u017ce on lub jego koledzy przyjmowali \u0142ap\u00f3wki\u201d \u2013 doda\u0142 podobnym tonem.<\/p>\n<p>Sakiewicz skomentowa\u0142, \u017ce \u201esprawa Grodzkiego jest taka, \u017ce \u200b\u200bgdyby wyciek\u0142a cho\u0107 po\u0142owa tego, co w niej jest, to nikt rozs\u0105dny nie g\u0142osowa\u0142by na Platform\u0119 Obywatelsk\u0105 (PO)\u201d.<\/p>\n<p>\u201eNie jestem zaskoczony, \u017ce trzymaj\u0105 to w tajemnicy; nie chcieli uchyli\u0107 jego immunitetu i zakopali spraw\u0119\u201d \u2013 powiedzia\u0142.<\/p>\n<figure class=\"wp-block-pullquote\">\n<blockquote>\n<p>&#8222;Oni tylko brali i my o tym m\u00f3wimy. W pa\u0144stwie \u00abwalcz\u0105cej demokracji\u00bb rz\u0105dz\u0105cym wolno robi\u0107 wszystko, z wyj\u0105tkiem krytyki. I musi nast\u0105pi\u0107 kara.\u201d <\/p>\n<p><cite>\u2013 podsumowa\u0142.<\/cite><\/p><\/blockquote>\n<\/figure>\n<p>Wed\u0142ug prezesa TV Republika \u201ejeste\u015bmy \u015bwiadkami eskalacji dzia\u0142a\u0144 policji, prokuratury i s\u0105downictwa\u201d.<\/p>\n<figure class=\"wp-block-pullquote\">\n<blockquote>\n<p>&#8222;Jeden z bank\u00f3w wycofa\u0142 nam kredyt w ci\u0105gu nocy, gdy byli\u015bmy w USA, blokuj\u0105c nasze karty, mimo \u017ce by\u0142 ju\u017c zatwierdzony i mieli\u015bmy wszystkie niezb\u0119dne dokumenty i za\u015bwiadczenia. Wszystko musieli\u015bmy sp\u0142aci\u0107 w ci\u0105gu kilku godzin. Na szcz\u0119\u015bcie mieli\u015bmy \u015brodki. Takie dzia\u0142ania podejmuje gang, kt\u00f3ry rz\u0105dzi Polsk\u0105 &#8222;<\/p>\n<p><cite>  powiedzia\u0142.<\/cite><\/p><\/blockquote>\n<\/figure>\n<figure class=\"wp-block-embed is-type-rich is-provider-twitter wp-block-embed-twitter\">\n<div class=\"wp-block-embed__wrapper\">\n<blockquote class=\"twitter-tweet\" data-width=\"550\" data-dnt=\"true\">\n<p lang=\"pl\" dir=\"ltr\"><a rel=\"nofollow\" href=\"https:\/\/twitter.com\/hashtag\/PO11?src=hash&amp;ref_src=twsrc%5Etfw\">#PO11<\/a> | <a rel=\"nofollow\" href=\"https:\/\/twitter.com\/TomaszSakiewicz?ref_src=twsrc%5Etfw\">@TomaszSakiewicz<\/a>: Gdyby cho\u0107 po\u0142owa informacji na temat Grodzkiego dotar\u0142a do opinii publicznych, to nikt nie zag\u0142osowa\u0142by na Platform\u0119. <\/p>\n<p>\ud83d\udcfa https:\/\/t.co\/7TF7E2pOIn<a rel=\"nofollow\" href=\"https:\/\/twitter.com\/hashtag\/W%C5%82%C4%85czPrawd%C4%99?src=hash&amp;ref_src=twsrc%5Etfw\">#W\u0142\u0105czPrawd\u0119<\/a> <a rel=\"nofollow\" href=\"https:\/\/twitter.com\/hashtag\/TVRepublika?src=hash&amp;ref_src=twsrc%5Etfw\">#TVRepublika<\/a> <a rel=\"nofollow\" href=\"https:\/\/twitter.com\/hashtag\/DomWolnegoS%C5%82owa?src=hash&amp;ref_src=twsrc%5Etfw\">#DomWolnegoS\u0142owa<\/a> <a rel=\"nofollow\" href=\"https:\/\/t.co\/OX7cppwy2O\">pic.twitter.com\/OX7cppwy2O<\/a><\/p>\n<p>\u2014 Telewizja Republika \ud83c\uddf5\ud83c\uddf1 #w\u0142\u0105czprawd\u0119 (@RepublikaTV) <a rel=\"nofollow\" href=\"https:\/\/twitter.com\/RepublikaTV\/status\/1978419809621516640?ref_src=twsrc%5Etfw\">15 pa\u017adziernika 2025 r<\/a><\/p><\/blockquote>\n<\/div>\n<\/figure>\n<\/div>\n<\/div>\n<p><script async src=\"https:\/\/platform.twitter.com\/widgets.js\" charset=\"utf-8\"><\/script><\/p>\n","protected":false},"excerpt":{"rendered":"<p>\u201eNasz\u0105 dziennikark\u0119 Monik\u0119 Borkowsk\u0105 odwiedzi\u0142a policja, aby wezwa\u0107 j\u0105 na przes\u0142uchanie w zwi\u0105zku z dzia\u0142aniami cz\u0142onk\u00f3w kierownictwa stacji\u201d \u2013 powiedzia\u0142<\/p>\n","protected":false},"author":1,"featured_media":9406,"comment_status":"open","ping_status":"open","sticky":false,"template":"","format":"standard","meta":{"footnotes":""},"categories":[4748],"tags":[9245,4392,6935,2031,3509,2382,10916,340,1827,1910],"class_list":["post-9405","post","type-post","status-publish","format-standard","has-post-thumbnail","hentry","category-aktualne","tag-czlonkow","tag-dom","tag-dziennikarza","tag-juz","tag-odwiedzila","tag-policja","tag-przesluchano","tag-republika","tag-siedmiu","tag-zespolu","generate-columns","tablet-grid-50","mobile-grid-100","grid-parent","grid-50","resize-featured-image"],"yoast_head":"<!-- This site is optimized with the Yoast SEO plugin v23.2 - https:\/\/yoast.com\/wordpress\/plugins\/seo\/ -->\n<title>Policja odwiedzi\u0142a dom dziennikarza TV Republika \u2013 \u201ePrzes\u0142uchano ju\u017c siedmiu cz\u0142onk\u00f3w zespo\u0142u\u201d - POGOTOWIE FLAGOWE\u00ae<\/title>\n<meta name=\"robots\" content=\"index, follow, max-snippet:-1, max-image-preview:large, max-video-preview:-1\" \/>\n<link rel=\"canonical\" href=\"https:\/\/www.pogotowieflagowe.pl\/aktualne\/policja-odwiedzila-dom-dziennikarza-tv-republika-przesluchano-juz-siedmiu-czlonkow-zespolu\/\" \/>\n<meta property=\"og:locale\" content=\"pl_PL\" \/>\n<meta property=\"og:type\" content=\"article\" \/>\n<meta property=\"og:title\" content=\"Policja odwiedzi\u0142a dom dziennikarza TV Republika \u2013 \u201ePrzes\u0142uchano ju\u017c siedmiu cz\u0142onk\u00f3w zespo\u0142u\u201d - POGOTOWIE FLAGOWE\u00ae\" \/>\n<meta property=\"og:description\" content=\"\u201eNasz\u0105 dziennikark\u0119 Monik\u0119 Borkowsk\u0105 odwiedzi\u0142a policja, aby wezwa\u0107 j\u0105 na przes\u0142uchanie w zwi\u0105zku z dzia\u0142aniami cz\u0142onk\u00f3w kierownictwa stacji\u201d \u2013 powiedzia\u0142\" \/>\n<meta property=\"og:url\" content=\"https:\/\/www.pogotowieflagowe.pl\/aktualne\/policja-odwiedzila-dom-dziennikarza-tv-republika-przesluchano-juz-siedmiu-czlonkow-zespolu\/\" \/>\n<meta property=\"og:site_name\" content=\"POGOTOWIE FLAGOWE\u00ae\" \/>\n<meta property=\"article:published_time\" content=\"2025-10-16T12:01:16+00:00\" \/>\n<meta property=\"article:modified_time\" content=\"2025-10-16T12:01:23+00:00\" \/>\n<meta property=\"og:image\" content=\"https:\/\/www.pogotowieflagowe.pl\/aktualne\/wp-content\/uploads\/2025\/10\/Policja-odwiedzila-dom-dziennikarza-TV-Republika-\u2013-\u201ePrzesluchano-juz-siedmiu.webp.webp\" \/>\n\t<meta property=\"og:image:width\" content=\"1280\" \/>\n\t<meta property=\"og:image:height\" content=\"720\" \/>\n\t<meta property=\"og:image:type\" content=\"image\/webp\" \/>\n<meta name=\"author\" content=\"Filip\" \/>\n<meta name=\"twitter:card\" content=\"summary_large_image\" \/>\n<meta name=\"twitter:label1\" content=\"Napisane przez\" \/>\n\t<meta name=\"twitter:data1\" content=\"Filip\" \/>\n\t<meta name=\"twitter:label2\" content=\"Szacowany czas czytania\" \/>\n\t<meta name=\"twitter:data2\" content=\"2 minuty\" \/>\n<script type=\"application\/ld+json\" class=\"yoast-schema-graph\">{\"@context\":\"https:\/\/schema.org\",\"@graph\":[{\"@type\":\"Article\",\"@id\":\"https:\/\/www.pogotowieflagowe.pl\/aktualne\/policja-odwiedzila-dom-dziennikarza-tv-republika-przesluchano-juz-siedmiu-czlonkow-zespolu\/#article\",\"isPartOf\":{\"@id\":\"https:\/\/www.pogotowieflagowe.pl\/aktualne\/policja-odwiedzila-dom-dziennikarza-tv-republika-przesluchano-juz-siedmiu-czlonkow-zespolu\/\"},\"author\":{\"name\":\"Filip\",\"@id\":\"https:\/\/www.pogotowieflagowe.pl\/aktualne\/#\/schema\/person\/9c2fb7d2362ebf6fa088960d7f0d27b0\"},\"headline\":\"Policja odwiedzi\u0142a dom dziennikarza TV Republika \u2013 \u201ePrzes\u0142uchano ju\u017c siedmiu cz\u0142onk\u00f3w zespo\u0142u\u201d\",\"datePublished\":\"2025-10-16T12:01:16+00:00\",\"dateModified\":\"2025-10-16T12:01:23+00:00\",\"mainEntityOfPage\":{\"@id\":\"https:\/\/www.pogotowieflagowe.pl\/aktualne\/policja-odwiedzila-dom-dziennikarza-tv-republika-przesluchano-juz-siedmiu-czlonkow-zespolu\/\"},\"wordCount\":429,\"commentCount\":0,\"publisher\":{\"@id\":\"https:\/\/www.pogotowieflagowe.pl\/aktualne\/#organization\"},\"image\":{\"@id\":\"https:\/\/www.pogotowieflagowe.pl\/aktualne\/policja-odwiedzila-dom-dziennikarza-tv-republika-przesluchano-juz-siedmiu-czlonkow-zespolu\/#primaryimage\"},\"thumbnailUrl\":\"https:\/\/www.pogotowieflagowe.pl\/aktualne\/wp-content\/uploads\/2025\/10\/Policja-odwiedzila-dom-dziennikarza-TV-Republika-\u2013-\u201ePrzesluchano-juz-siedmiu.webp.webp\",\"keywords\":[\"cz\u0142onk\u00f3w\",\"Dom\",\"dziennikarza\",\"ju\u017c\",\"odwiedzi\u0142a\",\"policja\",\"Przes\u0142uchano\",\"Republika\",\"siedmiu\",\"zespo\u0142u\"],\"articleSection\":[\"Aktualne\"],\"inLanguage\":\"pl-PL\",\"potentialAction\":[{\"@type\":\"CommentAction\",\"name\":\"Comment\",\"target\":[\"https:\/\/www.pogotowieflagowe.pl\/aktualne\/policja-odwiedzila-dom-dziennikarza-tv-republika-przesluchano-juz-siedmiu-czlonkow-zespolu\/#respond\"]}]},{\"@type\":\"WebPage\",\"@id\":\"https:\/\/www.pogotowieflagowe.pl\/aktualne\/policja-odwiedzila-dom-dziennikarza-tv-republika-przesluchano-juz-siedmiu-czlonkow-zespolu\/\",\"url\":\"https:\/\/www.pogotowieflagowe.pl\/aktualne\/policja-odwiedzila-dom-dziennikarza-tv-republika-przesluchano-juz-siedmiu-czlonkow-zespolu\/\",\"name\":\"Policja odwiedzi\u0142a dom dziennikarza TV Republika \u2013 \u201ePrzes\u0142uchano ju\u017c siedmiu cz\u0142onk\u00f3w zespo\u0142u\u201d - POGOTOWIE FLAGOWE\u00ae\",\"isPartOf\":{\"@id\":\"https:\/\/www.pogotowieflagowe.pl\/aktualne\/#website\"},\"primaryImageOfPage\":{\"@id\":\"https:\/\/www.pogotowieflagowe.pl\/aktualne\/policja-odwiedzila-dom-dziennikarza-tv-republika-przesluchano-juz-siedmiu-czlonkow-zespolu\/#primaryimage\"},\"image\":{\"@id\":\"https:\/\/www.pogotowieflagowe.pl\/aktualne\/policja-odwiedzila-dom-dziennikarza-tv-republika-przesluchano-juz-siedmiu-czlonkow-zespolu\/#primaryimage\"},\"thumbnailUrl\":\"https:\/\/www.pogotowieflagowe.pl\/aktualne\/wp-content\/uploads\/2025\/10\/Policja-odwiedzila-dom-dziennikarza-TV-Republika-\u2013-\u201ePrzesluchano-juz-siedmiu.webp.webp\",\"datePublished\":\"2025-10-16T12:01:16+00:00\",\"dateModified\":\"2025-10-16T12:01:23+00:00\",\"breadcrumb\":{\"@id\":\"https:\/\/www.pogotowieflagowe.pl\/aktualne\/policja-odwiedzila-dom-dziennikarza-tv-republika-przesluchano-juz-siedmiu-czlonkow-zespolu\/#breadcrumb\"},\"inLanguage\":\"pl-PL\",\"potentialAction\":[{\"@type\":\"ReadAction\",\"target\":[\"https:\/\/www.pogotowieflagowe.pl\/aktualne\/policja-odwiedzila-dom-dziennikarza-tv-republika-przesluchano-juz-siedmiu-czlonkow-zespolu\/\"]}]},{\"@type\":\"ImageObject\",\"inLanguage\":\"pl-PL\",\"@id\":\"https:\/\/www.pogotowieflagowe.pl\/aktualne\/policja-odwiedzila-dom-dziennikarza-tv-republika-przesluchano-juz-siedmiu-czlonkow-zespolu\/#primaryimage\",\"url\":\"https:\/\/www.pogotowieflagowe.pl\/aktualne\/wp-content\/uploads\/2025\/10\/Policja-odwiedzila-dom-dziennikarza-TV-Republika-\u2013-\u201ePrzesluchano-juz-siedmiu.webp.webp\",\"contentUrl\":\"https:\/\/www.pogotowieflagowe.pl\/aktualne\/wp-content\/uploads\/2025\/10\/Policja-odwiedzila-dom-dziennikarza-TV-Republika-\u2013-\u201ePrzesluchano-juz-siedmiu.webp.webp\",\"width\":1280,\"height\":720,\"caption\":\"Policja odwiedzi\u0142a dom dziennikarza TV Republika \u2013 \u201ePrzes\u0142uchano ju\u017c siedmiu cz\u0142onk\u00f3w zespo\u0142u\u201d\"},{\"@type\":\"BreadcrumbList\",\"@id\":\"https:\/\/www.pogotowieflagowe.pl\/aktualne\/policja-odwiedzila-dom-dziennikarza-tv-republika-przesluchano-juz-siedmiu-czlonkow-zespolu\/#breadcrumb\",\"itemListElement\":[{\"@type\":\"ListItem\",\"position\":1,\"name\":\"Home\",\"item\":\"https:\/\/www.pogotowieflagowe.pl\/aktualne\/\"},{\"@type\":\"ListItem\",\"position\":2,\"name\":\"Policja odwiedzi\u0142a dom dziennikarza TV Republika \u2013 \u201ePrzes\u0142uchano ju\u017c siedmiu cz\u0142onk\u00f3w zespo\u0142u\u201d\"}]},{\"@type\":\"WebSite\",\"@id\":\"https:\/\/www.pogotowieflagowe.pl\/aktualne\/#website\",\"url\":\"https:\/\/www.pogotowieflagowe.pl\/aktualne\/\",\"name\":\"POGOTOWIE FLAGOWE\u00ae\",\"description\":\"\",\"publisher\":{\"@id\":\"https:\/\/www.pogotowieflagowe.pl\/aktualne\/#organization\"},\"potentialAction\":[{\"@type\":\"SearchAction\",\"target\":{\"@type\":\"EntryPoint\",\"urlTemplate\":\"https:\/\/www.pogotowieflagowe.pl\/aktualne\/?s={search_term_string}\"},\"query-input\":\"required name=search_term_string\"}],\"inLanguage\":\"pl-PL\"},{\"@type\":\"Organization\",\"@id\":\"https:\/\/www.pogotowieflagowe.pl\/aktualne\/#organization\",\"name\":\"POGOTOWIE FLAGOWE\u00ae\",\"url\":\"https:\/\/www.pogotowieflagowe.pl\/aktualne\/\",\"logo\":{\"@type\":\"ImageObject\",\"inLanguage\":\"pl-PL\",\"@id\":\"https:\/\/www.pogotowieflagowe.pl\/aktualne\/#\/schema\/logo\/image\/\",\"url\":\"https:\/\/www.pogotowieflagowe.pl\/aktualne\/wp-content\/uploads\/2024\/08\/cropped-pogotowieflagowe_flaga_projekt_sm.jpg\",\"contentUrl\":\"https:\/\/www.pogotowieflagowe.pl\/aktualne\/wp-content\/uploads\/2024\/08\/cropped-pogotowieflagowe_flaga_projekt_sm.jpg\",\"width\":250,\"height\":143,\"caption\":\"POGOTOWIE FLAGOWE\u00ae\"},\"image\":{\"@id\":\"https:\/\/www.pogotowieflagowe.pl\/aktualne\/#\/schema\/logo\/image\/\"}},{\"@type\":\"Person\",\"@id\":\"https:\/\/www.pogotowieflagowe.pl\/aktualne\/#\/schema\/person\/9c2fb7d2362ebf6fa088960d7f0d27b0\",\"name\":\"Filip\",\"image\":{\"@type\":\"ImageObject\",\"inLanguage\":\"pl-PL\",\"@id\":\"https:\/\/www.pogotowieflagowe.pl\/aktualne\/#\/schema\/person\/image\/\",\"url\":\"https:\/\/www.pogotowieflagowe.pl\/aktualne\/wp-content\/uploads\/2024\/08\/pogotowieflagowe.pl_.jpg\",\"contentUrl\":\"https:\/\/www.pogotowieflagowe.pl\/aktualne\/wp-content\/uploads\/2024\/08\/pogotowieflagowe.pl_.jpg\",\"caption\":\"Filip\"},\"description\":\"Jestem Filip, polski dziennikarz z dyplomem nauk politycznych Uniwersytetu Warszawskiego. Rozpoczynaj\u0105c swoj\u0105 karier\u0119 w r\u00f3\u017cnych lokalnych mediach, zdoby\u0142em solidne do\u015bwiadczenie w zakresie \u015bledztwa i redakcji. Obecnie jako redaktor w Pogotowie flagowe, staram si\u0119 dostarcza\u0107 dog\u0142\u0119bne i istotne analizy na temat najwa\u017cniejszych kwestii aktualno\u015bci, \u0142\u0105cz\u0105c rygor z pasj\u0105 dziennikarsk\u0105.\",\"sameAs\":[\"https:\/\/www.pogotowieflagowe.pl\/\"]}]}<\/script>\n<!-- \/ Yoast SEO plugin. -->","yoast_head_json":{"title":"Policja odwiedzi\u0142a dom dziennikarza TV Republika \u2013 \u201ePrzes\u0142uchano ju\u017c siedmiu cz\u0142onk\u00f3w zespo\u0142u\u201d - POGOTOWIE FLAGOWE\u00ae","robots":{"index":"index","follow":"follow","max-snippet":"max-snippet:-1","max-image-preview":"max-image-preview:large","max-video-preview":"max-video-preview:-1"},"canonical":"https:\/\/www.pogotowieflagowe.pl\/aktualne\/policja-odwiedzila-dom-dziennikarza-tv-republika-przesluchano-juz-siedmiu-czlonkow-zespolu\/","og_locale":"pl_PL","og_type":"article","og_title":"Policja odwiedzi\u0142a dom dziennikarza TV Republika \u2013 \u201ePrzes\u0142uchano ju\u017c siedmiu cz\u0142onk\u00f3w zespo\u0142u\u201d - POGOTOWIE FLAGOWE\u00ae","og_description":"\u201eNasz\u0105 dziennikark\u0119 Monik\u0119 Borkowsk\u0105 odwiedzi\u0142a policja, aby wezwa\u0107 j\u0105 na przes\u0142uchanie w zwi\u0105zku z dzia\u0142aniami cz\u0142onk\u00f3w kierownictwa stacji\u201d \u2013 powiedzia\u0142","og_url":"https:\/\/www.pogotowieflagowe.pl\/aktualne\/policja-odwiedzila-dom-dziennikarza-tv-republika-przesluchano-juz-siedmiu-czlonkow-zespolu\/","og_site_name":"POGOTOWIE FLAGOWE\u00ae","article_published_time":"2025-10-16T12:01:16+00:00","article_modified_time":"2025-10-16T12:01:23+00:00","og_image":[{"width":1280,"height":720,"url":"https:\/\/www.pogotowieflagowe.pl\/aktualne\/wp-content\/uploads\/2025\/10\/Policja-odwiedzila-dom-dziennikarza-TV-Republika-\u2013-\u201ePrzesluchano-juz-siedmiu.webp.webp","type":"image\/webp"}],"author":"Filip","twitter_card":"summary_large_image","twitter_misc":{"Napisane przez":"Filip","Szacowany czas czytania":"2 minuty"},"schema":{"@context":"https:\/\/schema.org","@graph":[{"@type":"Article","@id":"https:\/\/www.pogotowieflagowe.pl\/aktualne\/policja-odwiedzila-dom-dziennikarza-tv-republika-przesluchano-juz-siedmiu-czlonkow-zespolu\/#article","isPartOf":{"@id":"https:\/\/www.pogotowieflagowe.pl\/aktualne\/policja-odwiedzila-dom-dziennikarza-tv-republika-przesluchano-juz-siedmiu-czlonkow-zespolu\/"},"author":{"name":"Filip","@id":"https:\/\/www.pogotowieflagowe.pl\/aktualne\/#\/schema\/person\/9c2fb7d2362ebf6fa088960d7f0d27b0"},"headline":"Policja odwiedzi\u0142a dom dziennikarza TV Republika \u2013 \u201ePrzes\u0142uchano ju\u017c siedmiu cz\u0142onk\u00f3w zespo\u0142u\u201d","datePublished":"2025-10-16T12:01:16+00:00","dateModified":"2025-10-16T12:01:23+00:00","mainEntityOfPage":{"@id":"https:\/\/www.pogotowieflagowe.pl\/aktualne\/policja-odwiedzila-dom-dziennikarza-tv-republika-przesluchano-juz-siedmiu-czlonkow-zespolu\/"},"wordCount":429,"commentCount":0,"publisher":{"@id":"https:\/\/www.pogotowieflagowe.pl\/aktualne\/#organization"},"image":{"@id":"https:\/\/www.pogotowieflagowe.pl\/aktualne\/policja-odwiedzila-dom-dziennikarza-tv-republika-przesluchano-juz-siedmiu-czlonkow-zespolu\/#primaryimage"},"thumbnailUrl":"https:\/\/www.pogotowieflagowe.pl\/aktualne\/wp-content\/uploads\/2025\/10\/Policja-odwiedzila-dom-dziennikarza-TV-Republika-\u2013-\u201ePrzesluchano-juz-siedmiu.webp.webp","keywords":["cz\u0142onk\u00f3w","Dom","dziennikarza","ju\u017c","odwiedzi\u0142a","policja","Przes\u0142uchano","Republika","siedmiu","zespo\u0142u"],"articleSection":["Aktualne"],"inLanguage":"pl-PL","potentialAction":[{"@type":"CommentAction","name":"Comment","target":["https:\/\/www.pogotowieflagowe.pl\/aktualne\/policja-odwiedzila-dom-dziennikarza-tv-republika-przesluchano-juz-siedmiu-czlonkow-zespolu\/#respond"]}]},{"@type":"WebPage","@id":"https:\/\/www.pogotowieflagowe.pl\/aktualne\/policja-odwiedzila-dom-dziennikarza-tv-republika-przesluchano-juz-siedmiu-czlonkow-zespolu\/","url":"https:\/\/www.pogotowieflagowe.pl\/aktualne\/policja-odwiedzila-dom-dziennikarza-tv-republika-przesluchano-juz-siedmiu-czlonkow-zespolu\/","name":"Policja odwiedzi\u0142a dom dziennikarza TV Republika \u2013 \u201ePrzes\u0142uchano ju\u017c siedmiu cz\u0142onk\u00f3w zespo\u0142u\u201d - POGOTOWIE FLAGOWE\u00ae","isPartOf":{"@id":"https:\/\/www.pogotowieflagowe.pl\/aktualne\/#website"},"primaryImageOfPage":{"@id":"https:\/\/www.pogotowieflagowe.pl\/aktualne\/policja-odwiedzila-dom-dziennikarza-tv-republika-przesluchano-juz-siedmiu-czlonkow-zespolu\/#primaryimage"},"image":{"@id":"https:\/\/www.pogotowieflagowe.pl\/aktualne\/policja-odwiedzila-dom-dziennikarza-tv-republika-przesluchano-juz-siedmiu-czlonkow-zespolu\/#primaryimage"},"thumbnailUrl":"https:\/\/www.pogotowieflagowe.pl\/aktualne\/wp-content\/uploads\/2025\/10\/Policja-odwiedzila-dom-dziennikarza-TV-Republika-\u2013-\u201ePrzesluchano-juz-siedmiu.webp.webp","datePublished":"2025-10-16T12:01:16+00:00","dateModified":"2025-10-16T12:01:23+00:00","breadcrumb":{"@id":"https:\/\/www.pogotowieflagowe.pl\/aktualne\/policja-odwiedzila-dom-dziennikarza-tv-republika-przesluchano-juz-siedmiu-czlonkow-zespolu\/#breadcrumb"},"inLanguage":"pl-PL","potentialAction":[{"@type":"ReadAction","target":["https:\/\/www.pogotowieflagowe.pl\/aktualne\/policja-odwiedzila-dom-dziennikarza-tv-republika-przesluchano-juz-siedmiu-czlonkow-zespolu\/"]}]},{"@type":"ImageObject","inLanguage":"pl-PL","@id":"https:\/\/www.pogotowieflagowe.pl\/aktualne\/policja-odwiedzila-dom-dziennikarza-tv-republika-przesluchano-juz-siedmiu-czlonkow-zespolu\/#primaryimage","url":"https:\/\/www.pogotowieflagowe.pl\/aktualne\/wp-content\/uploads\/2025\/10\/Policja-odwiedzila-dom-dziennikarza-TV-Republika-\u2013-\u201ePrzesluchano-juz-siedmiu.webp.webp","contentUrl":"https:\/\/www.pogotowieflagowe.pl\/aktualne\/wp-content\/uploads\/2025\/10\/Policja-odwiedzila-dom-dziennikarza-TV-Republika-\u2013-\u201ePrzesluchano-juz-siedmiu.webp.webp","width":1280,"height":720,"caption":"Policja odwiedzi\u0142a dom dziennikarza TV Republika \u2013 \u201ePrzes\u0142uchano ju\u017c siedmiu cz\u0142onk\u00f3w zespo\u0142u\u201d"},{"@type":"BreadcrumbList","@id":"https:\/\/www.pogotowieflagowe.pl\/aktualne\/policja-odwiedzila-dom-dziennikarza-tv-republika-przesluchano-juz-siedmiu-czlonkow-zespolu\/#breadcrumb","itemListElement":[{"@type":"ListItem","position":1,"name":"Home","item":"https:\/\/www.pogotowieflagowe.pl\/aktualne\/"},{"@type":"ListItem","position":2,"name":"Policja odwiedzi\u0142a dom dziennikarza TV Republika \u2013 \u201ePrzes\u0142uchano ju\u017c siedmiu cz\u0142onk\u00f3w zespo\u0142u\u201d"}]},{"@type":"WebSite","@id":"https:\/\/www.pogotowieflagowe.pl\/aktualne\/#website","url":"https:\/\/www.pogotowieflagowe.pl\/aktualne\/","name":"POGOTOWIE FLAGOWE\u00ae","description":"","publisher":{"@id":"https:\/\/www.pogotowieflagowe.pl\/aktualne\/#organization"},"potentialAction":[{"@type":"SearchAction","target":{"@type":"EntryPoint","urlTemplate":"https:\/\/www.pogotowieflagowe.pl\/aktualne\/?s={search_term_string}"},"query-input":"required name=search_term_string"}],"inLanguage":"pl-PL"},{"@type":"Organization","@id":"https:\/\/www.pogotowieflagowe.pl\/aktualne\/#organization","name":"POGOTOWIE FLAGOWE\u00ae","url":"https:\/\/www.pogotowieflagowe.pl\/aktualne\/","logo":{"@type":"ImageObject","inLanguage":"pl-PL","@id":"https:\/\/www.pogotowieflagowe.pl\/aktualne\/#\/schema\/logo\/image\/","url":"https:\/\/www.pogotowieflagowe.pl\/aktualne\/wp-content\/uploads\/2024\/08\/cropped-pogotowieflagowe_flaga_projekt_sm.jpg","contentUrl":"https:\/\/www.pogotowieflagowe.pl\/aktualne\/wp-content\/uploads\/2024\/08\/cropped-pogotowieflagowe_flaga_projekt_sm.jpg","width":250,"height":143,"caption":"POGOTOWIE FLAGOWE\u00ae"},"image":{"@id":"https:\/\/www.pogotowieflagowe.pl\/aktualne\/#\/schema\/logo\/image\/"}},{"@type":"Person","@id":"https:\/\/www.pogotowieflagowe.pl\/aktualne\/#\/schema\/person\/9c2fb7d2362ebf6fa088960d7f0d27b0","name":"Filip","image":{"@type":"ImageObject","inLanguage":"pl-PL","@id":"https:\/\/www.pogotowieflagowe.pl\/aktualne\/#\/schema\/person\/image\/","url":"https:\/\/www.pogotowieflagowe.pl\/aktualne\/wp-content\/uploads\/2024\/08\/pogotowieflagowe.pl_.jpg","contentUrl":"https:\/\/www.pogotowieflagowe.pl\/aktualne\/wp-content\/uploads\/2024\/08\/pogotowieflagowe.pl_.jpg","caption":"Filip"},"description":"Jestem Filip, polski dziennikarz z dyplomem nauk politycznych Uniwersytetu Warszawskiego. Rozpoczynaj\u0105c swoj\u0105 karier\u0119 w r\u00f3\u017cnych lokalnych mediach, zdoby\u0142em solidne do\u015bwiadczenie w zakresie \u015bledztwa i redakcji. Obecnie jako redaktor w Pogotowie flagowe, staram si\u0119 dostarcza\u0107 dog\u0142\u0119bne i istotne analizy na temat najwa\u017cniejszych kwestii aktualno\u015bci, \u0142\u0105cz\u0105c rygor z pasj\u0105 dziennikarsk\u0105.","sameAs":["https:\/\/www.pogotowieflagowe.pl\/"]}]}},"_links":{"self":[{"href":"https:\/\/www.pogotowieflagowe.pl\/aktualne\/wp-json\/wp\/v2\/posts\/9405","targetHints":{"allow":["GET"]}}],"collection":[{"href":"https:\/\/www.pogotowieflagowe.pl\/aktualne\/wp-json\/wp\/v2\/posts"}],"about":[{"href":"https:\/\/www.pogotowieflagowe.pl\/aktualne\/wp-json\/wp\/v2\/types\/post"}],"author":[{"embeddable":true,"href":"https:\/\/www.pogotowieflagowe.pl\/aktualne\/wp-json\/wp\/v2\/users\/1"}],"replies":[{"embeddable":true,"href":"https:\/\/www.pogotowieflagowe.pl\/aktualne\/wp-json\/wp\/v2\/comments?post=9405"}],"version-history":[{"count":1,"href":"https:\/\/www.pogotowieflagowe.pl\/aktualne\/wp-json\/wp\/v2\/posts\/9405\/revisions"}],"predecessor-version":[{"id":9407,"href":"https:\/\/www.pogotowieflagowe.pl\/aktualne\/wp-json\/wp\/v2\/posts\/9405\/revisions\/9407"}],"wp:featuredmedia":[{"embeddable":true,"href":"https:\/\/www.pogotowieflagowe.pl\/aktualne\/wp-json\/wp\/v2\/media\/9406"}],"wp:attachment":[{"href":"https:\/\/www.pogotowieflagowe.pl\/aktualne\/wp-json\/wp\/v2\/media?parent=9405"}],"wp:term":[{"taxonomy":"category","embeddable":true,"href":"https:\/\/www.pogotowieflagowe.pl\/aktualne\/wp-json\/wp\/v2\/categories?post=9405"},{"taxonomy":"post_tag","embeddable":true,"href":"https:\/\/www.pogotowieflagowe.pl\/aktualne\/wp-json\/wp\/v2\/tags?post=9405"}],"curies":[{"name":"wp","href":"https:\/\/api.w.org\/{rel}","templated":true}]}}