{"id":9411,"date":"2025-10-16T15:25:21","date_gmt":"2025-10-16T13:25:21","guid":{"rendered":"https:\/\/www.pogotowieflagowe.pl\/aktualne\/thomas-rose-zlozyl-zaprzysiezenie-na-ambasadora-usa-w-polsce-przygotowania-do-reprezentowania-prezydenta-stanow-zjednoczonych\/"},"modified":"2025-10-16T15:25:23","modified_gmt":"2025-10-16T13:25:23","slug":"thomas-rose-zlozyl-zaprzysiezenie-na-ambasadora-usa-w-polsce-przygotowania-do-reprezentowania-prezydenta-stanow-zjednoczonych","status":"publish","type":"post","link":"https:\/\/www.pogotowieflagowe.pl\/aktualne\/thomas-rose-zlozyl-zaprzysiezenie-na-ambasadora-usa-w-polsce-przygotowania-do-reprezentowania-prezydenta-stanow-zjednoczonych\/","title":{"rendered":"Thomas Rose z\u0142o\u017cy\u0142 zaprzysi\u0119\u017cenie na ambasadora USA w Polsce. \u201ePrzygotowania do reprezentowania Prezydenta Stan\u00f3w Zjednoczonych\u201d"},"content":{"rendered":"\n<div class=\"td_block_wrap tdb_single_content tdi_41 td-pb-border-top td_block_template_8 td-post-content tagdiv-type\" data-td-block-uid=\"tdi_41\">\n<style>.tdi_41{margines-top:0px!important;margin-bottom:0px!important;dope\u0142nienie-g\u00f3ra:0px!important;dope\u0142nienie-d\u00f3\u0142:0px!important}<\/style>\n<style>.tdb_single_content{margin-bottom:0;*zoom:1}.tdb_single_content:before,.tdb_single_content:after{display:table;content:'';line-height:0}.tdb_single_content:after{clear:both}.tdb_single_content .tdb-block-inner>*:not(.wp-block-quote):not(.alignwide):not(.alignfull.wp-block-cover.has-parallax):not(.td-a-ad){margin-left:auto;margin-right:auto}.tdb_single_content a{pointer-events:auto}.tdb_single_content .td-spot-id-top_ad .tdc-placeholder-title:before{content:'Article Top Ad'!important}.tdb_single_content .td-spot-id-inline_ad0 .tdc-placeholder-title:before{content:'Article Reklama wbudowana 1'!important}.tdb_single_content .td-spot-id-inline_ad1 .tdc-placeholder-title:before{content:'Reklama wbudowana w artyku\u0142 2'!important}.tdb_single_content .td-spot-id-inline_ad2 .tdc-placeholder-title:before{content:'Reklama w tek\u015bcie artyku\u0142u 3'!important}.tdb_single_content .td-spot-id-bottom_ad .tdc-placeholder-title:before{content:'Article Bottom Ad'!important}.tdb_single_content .id_top_ad,.tdb_single_content .id_bottom_ad{clear:both;margin-bottom:21px;text-align:center}.tdb_single_content .id_top_ad img,.tdb_single_content .id_bottom_ad img{margin-bottom:0}.tdb_single_content .id_top_ad .adsbygoogle,.tdb_single_content .id_bottom_ad .adsbygoogle{position:relative}.tdb_single_content .id_ad_content-horiz-left,.tdb_single_content .id_ad_content-horiz-right,.tdb_single_content .id_ad_content-horiz-center{margin-bottom:15px}.tdb_single_content .id_ad_content-horiz-left img,.tdb_single_content .id_ad_content-horiz-right img,.tdb_single_content .id_ad_content-horiz-center img{margin-bottom:0}.tdb_single_content .id_ad_content-horiz-center{text-align:center}.tdb_single_content .id_ad_content-horiz-center img{margin-right:auto;margin-left:auto}.tdb_single_content .id_ad_content-horiz-left{float:left;margin-top:9px;margin-right:21px}.tdb_single_content .id_ad_content-horiz-right{float:right;margin-top:6px;margin-left:21px}.tdb_single_content .tdc-a-ad .tdc-placeholder-title{width:300px;height:250px}.tdb_single_content .tdc-a-ad .tdc-placeholder-title:before{position:absolute;top:50%;-webkit-transform:translateY(-50%);transform:translateY(-50%);margin:auto;display:table;width:100%}.tdb_single_content .tdb-block-inner.td-fix-index{word-break:break-word}.tdi_41,.tdi_41>p,.tdi_41 .tdb-block-inner>p,.wp-block-column>p{font-size:16px!important;line-height:1.6!important}.tdi_41 .tdb-block-inner cytat blokowy p{font-style:normal!important}@media (max-width:767px){.tdb_single_content .id_ad_content-horiz-left,.tdb_single_content .id_ad_content-horiz-right,.tdb_single_content .id_ad_content-horiz-center{margin:0 auto 26 pikseli auto}}@media (max-width:767px){.tdb_single_content .id_ad_content-horiz-left{margin-right:0}}@media (max-width:767px){.tdb_single_content .id_ad_content-horiz-right{margin-left:0}}@media (max-width:767px){.tdb_single_content .td-a-ad{float:none;text-align:center}.tdb_single_content .td-a-ad img{margin-right:auto;margin-left:auto}.tdb_single_content .tdc-a-ad{float:none}}<\/style>\n<div class=\"tdb-block-inner td-fix-index\">\n<p>Thomas Rose z\u0142o\u017cy\u0142 przysi\u0119g\u0119 <em>Departament Stanu USA<\/em> \u2013 og\u0142osi\u0142a nowa ambasador USA w Polsce Ambasada USA w Warszawie.<\/p>\n<p>Rose, kt\u00f3rej nominacj\u0119 zatwierdzi\u0142 w zesz\u0142ym tygodniu Senat USA, z\u0142o\u017cy\u0142a przysi\u0119g\u0119 <em>Departament Stanu<\/em> we wtorek.<\/p>\n<figure class=\"wp-block-pullquote\">\n<blockquote>\n<p><strong>\u201eSk\u0142adamy gratulacje desygnowanej Ambasador Rose, kt\u00f3ra obecnie przygotowuje si\u0119 do reprezentowania Prezydenta Stan\u00f3w Zjednoczonych we wzmacnianiu sojuszu ameryka\u0144sko-polskiego z jednym z naszych najbli\u017cszych i najbardziej zaufanych partner\u00f3w\u201d<\/strong> ambasada napisa\u0142a na X.<\/p>\n<\/blockquote>\n<\/figure>\n<p>W lutym prezydent Trump mianowa\u0142 Rose nowym ambasadorem USA w Polsce. We wrze\u015bniu uzyska\u0142 poparcie Senackiej Komisji Spraw Zagranicznych, cho\u0107 \u017caden senator Demokrat\u00f3w nie g\u0142osowa\u0142 za jego nominacj\u0105. By\u0142o to drugie g\u0142osowanie komisji w sprawie kandydata Trumpa \u2013 pierwsze, kt\u00f3re odby\u0142o si\u0119 pod koniec lipca, da\u0142o taki sam wynik, ale musia\u0142o zosta\u0107 powt\u00f3rzone ze wzgl\u0119du na uchybienia proceduralne.<\/p>\n<p>Tom Rose to konserwatywny felietonista i komentator radiowy, a tak\u017ce by\u0142y doradca wiceprezydenta Mike&#8217;a Pence&#8217;a. Przed nominacj\u0105 by\u0142 wsp\u00f3\u0142gospodarzem <em>Pokaz Bauera i R\u00f3\u017cy<\/em> program radiowy.<\/p>\n<p>W latach 1997-2005 by\u0142 wydawc\u0105 i redaktorem naczelnym czasopisma <em>Poczta Jerozolimska<\/em>a wcze\u015bniej pracowa\u0142 w rz\u0105dzie stanu Indiana, sk\u0105d pochodzi. W latach 80. by\u0142 tak\u017ce dziennikarzem japo\u0144skiej telewizji i jest autorem ksi\u0105\u017cki <em>Wielki cud<\/em> o operacji ratowania wieloryb\u00f3w uwi\u0119zionych pod lodem Arktyki. W 2012 roku na podstawie ksi\u0105\u017cki powsta\u0142 hollywoodzki film.<\/p>\n<p>Podczas lipcowego przes\u0142uchania przed komisj\u0105 Senatu Rose wielokrotnie wychwala\u0142 Polsk\u0119 jako wzorowego sojusznika. Zapowiedzia\u0142, \u017ce b\u0119dzie zabiega\u0142 o popraw\u0119 stosunk\u00f3w mi\u0119dzy Polsk\u0105 a Izraelem i argumentowa\u0142, \u017ce Polska jest niesprawiedliwie oskar\u017cana w Izraelu o wsp\u00f3\u0142udzia\u0142 w Holokau\u015bcie. Powiedzia\u0142 te\u017c, \u017ce ma doskona\u0142e relacje zar\u00f3wno z rz\u0105dem, jak i z opozycj\u0105 <em>Partia Prawo i Sprawiedliwo\u015b\u0107 (PiS)<\/em> i zobowi\u0105za\u0142 si\u0119 nie faworyzowa\u0107 \u017cadnej strony polskiej sceny politycznej.<\/p>\n<\/div>\n<\/div>\n","protected":false},"excerpt":{"rendered":"<p>Thomas Rose z\u0142o\u017cy\u0142 przysi\u0119g\u0119 Departament Stanu USA \u2013 og\u0142osi\u0142a nowa ambasador USA w Polsce Ambasada USA w Warszawie. Rose, kt\u00f3rej<\/p>\n","protected":false},"author":1,"featured_media":9412,"comment_status":"open","ping_status":"open","sticky":false,"template":"","format":"standard","meta":{"footnotes":""},"categories":[44],"tags":[2959,60,568,3408,10925,5322,2619,5367,312,10924,1955,8808],"class_list":["post-9411","post","type-post","status-publish","format-standard","has-post-thumbnail","hentry","category-polityka","tag-ambasadora","tag-polsce","tag-prezydenta","tag-przygotowania","tag-reprezentowania","tag-rose","tag-stanow","tag-thomas","tag-usa","tag-zaprzysiezenie","tag-zjednoczonych","tag-zlozyl","generate-columns","tablet-grid-50","mobile-grid-100","grid-parent","grid-50","resize-featured-image"],"yoast_head":"<!-- This site is optimized with the Yoast SEO plugin v23.2 - https:\/\/yoast.com\/wordpress\/plugins\/seo\/ -->\n<title>Thomas Rose z\u0142o\u017cy\u0142 zaprzysi\u0119\u017cenie na ambasadora USA w Polsce. \u201ePrzygotowania do reprezentowania Prezydenta Stan\u00f3w Zjednoczonych\u201d - POGOTOWIE FLAGOWE\u00ae<\/title>\n<meta name=\"robots\" content=\"index, follow, max-snippet:-1, max-image-preview:large, max-video-preview:-1\" \/>\n<link rel=\"canonical\" href=\"https:\/\/www.pogotowieflagowe.pl\/aktualne\/thomas-rose-zlozyl-zaprzysiezenie-na-ambasadora-usa-w-polsce-przygotowania-do-reprezentowania-prezydenta-stanow-zjednoczonych\/\" \/>\n<meta property=\"og:locale\" content=\"pl_PL\" \/>\n<meta property=\"og:type\" content=\"article\" \/>\n<meta property=\"og:title\" content=\"Thomas Rose z\u0142o\u017cy\u0142 zaprzysi\u0119\u017cenie na ambasadora USA w Polsce. \u201ePrzygotowania do reprezentowania Prezydenta Stan\u00f3w Zjednoczonych\u201d - POGOTOWIE FLAGOWE\u00ae\" \/>\n<meta property=\"og:description\" content=\"Thomas Rose z\u0142o\u017cy\u0142 przysi\u0119g\u0119 Departament Stanu USA \u2013 og\u0142osi\u0142a nowa ambasador USA w Polsce Ambasada USA w Warszawie. Rose, kt\u00f3rej\" \/>\n<meta property=\"og:url\" content=\"https:\/\/www.pogotowieflagowe.pl\/aktualne\/thomas-rose-zlozyl-zaprzysiezenie-na-ambasadora-usa-w-polsce-przygotowania-do-reprezentowania-prezydenta-stanow-zjednoczonych\/\" \/>\n<meta property=\"og:site_name\" content=\"POGOTOWIE FLAGOWE\u00ae\" \/>\n<meta property=\"article:published_time\" content=\"2025-10-16T13:25:21+00:00\" \/>\n<meta property=\"article:modified_time\" content=\"2025-10-16T13:25:23+00:00\" \/>\n<meta property=\"og:image\" content=\"https:\/\/www.pogotowieflagowe.pl\/aktualne\/wp-content\/uploads\/2025\/10\/Thomas-Rose-zlozyl-zaprzysiezenie-na-ambasadora-USA-w-Polsce-\u201ePrzygotowania.webp.webp\" \/>\n\t<meta property=\"og:image:width\" content=\"1280\" \/>\n\t<meta property=\"og:image:height\" content=\"720\" \/>\n\t<meta property=\"og:image:type\" content=\"image\/webp\" \/>\n<meta name=\"author\" content=\"Filip\" \/>\n<meta name=\"twitter:card\" content=\"summary_large_image\" \/>\n<meta name=\"twitter:label1\" content=\"Napisane przez\" \/>\n\t<meta name=\"twitter:data1\" content=\"Filip\" \/>\n\t<meta name=\"twitter:label2\" content=\"Szacowany czas czytania\" \/>\n\t<meta name=\"twitter:data2\" content=\"2 minuty\" \/>\n<script type=\"application\/ld+json\" class=\"yoast-schema-graph\">{\"@context\":\"https:\/\/schema.org\",\"@graph\":[{\"@type\":\"Article\",\"@id\":\"https:\/\/www.pogotowieflagowe.pl\/aktualne\/thomas-rose-zlozyl-zaprzysiezenie-na-ambasadora-usa-w-polsce-przygotowania-do-reprezentowania-prezydenta-stanow-zjednoczonych\/#article\",\"isPartOf\":{\"@id\":\"https:\/\/www.pogotowieflagowe.pl\/aktualne\/thomas-rose-zlozyl-zaprzysiezenie-na-ambasadora-usa-w-polsce-przygotowania-do-reprezentowania-prezydenta-stanow-zjednoczonych\/\"},\"author\":{\"name\":\"Filip\",\"@id\":\"https:\/\/www.pogotowieflagowe.pl\/aktualne\/#\/schema\/person\/9c2fb7d2362ebf6fa088960d7f0d27b0\"},\"headline\":\"Thomas Rose z\u0142o\u017cy\u0142 zaprzysi\u0119\u017cenie na ambasadora USA w Polsce. \u201ePrzygotowania do reprezentowania Prezydenta Stan\u00f3w Zjednoczonych\u201d\",\"datePublished\":\"2025-10-16T13:25:21+00:00\",\"dateModified\":\"2025-10-16T13:25:23+00:00\",\"mainEntityOfPage\":{\"@id\":\"https:\/\/www.pogotowieflagowe.pl\/aktualne\/thomas-rose-zlozyl-zaprzysiezenie-na-ambasadora-usa-w-polsce-przygotowania-do-reprezentowania-prezydenta-stanow-zjednoczonych\/\"},\"wordCount\":332,\"commentCount\":0,\"publisher\":{\"@id\":\"https:\/\/www.pogotowieflagowe.pl\/aktualne\/#organization\"},\"image\":{\"@id\":\"https:\/\/www.pogotowieflagowe.pl\/aktualne\/thomas-rose-zlozyl-zaprzysiezenie-na-ambasadora-usa-w-polsce-przygotowania-do-reprezentowania-prezydenta-stanow-zjednoczonych\/#primaryimage\"},\"thumbnailUrl\":\"https:\/\/www.pogotowieflagowe.pl\/aktualne\/wp-content\/uploads\/2025\/10\/Thomas-Rose-zlozyl-zaprzysiezenie-na-ambasadora-USA-w-Polsce-\u201ePrzygotowania.webp.webp\",\"keywords\":[\"ambasadora\",\"Polsce\",\"prezydenta\",\"przygotowania\",\"reprezentowania\",\"Rose\",\"Stan\u00f3w\",\"Thomas\",\"USA\",\"zaprzysi\u0119\u017cenie\",\"Zjednoczonych\",\"z\u0142o\u017cy\u0142\"],\"articleSection\":[\"Polityka\"],\"inLanguage\":\"pl-PL\",\"potentialAction\":[{\"@type\":\"CommentAction\",\"name\":\"Comment\",\"target\":[\"https:\/\/www.pogotowieflagowe.pl\/aktualne\/thomas-rose-zlozyl-zaprzysiezenie-na-ambasadora-usa-w-polsce-przygotowania-do-reprezentowania-prezydenta-stanow-zjednoczonych\/#respond\"]}]},{\"@type\":\"WebPage\",\"@id\":\"https:\/\/www.pogotowieflagowe.pl\/aktualne\/thomas-rose-zlozyl-zaprzysiezenie-na-ambasadora-usa-w-polsce-przygotowania-do-reprezentowania-prezydenta-stanow-zjednoczonych\/\",\"url\":\"https:\/\/www.pogotowieflagowe.pl\/aktualne\/thomas-rose-zlozyl-zaprzysiezenie-na-ambasadora-usa-w-polsce-przygotowania-do-reprezentowania-prezydenta-stanow-zjednoczonych\/\",\"name\":\"Thomas Rose z\u0142o\u017cy\u0142 zaprzysi\u0119\u017cenie na ambasadora USA w Polsce. \u201ePrzygotowania do reprezentowania Prezydenta Stan\u00f3w Zjednoczonych\u201d - POGOTOWIE FLAGOWE\u00ae\",\"isPartOf\":{\"@id\":\"https:\/\/www.pogotowieflagowe.pl\/aktualne\/#website\"},\"primaryImageOfPage\":{\"@id\":\"https:\/\/www.pogotowieflagowe.pl\/aktualne\/thomas-rose-zlozyl-zaprzysiezenie-na-ambasadora-usa-w-polsce-przygotowania-do-reprezentowania-prezydenta-stanow-zjednoczonych\/#primaryimage\"},\"image\":{\"@id\":\"https:\/\/www.pogotowieflagowe.pl\/aktualne\/thomas-rose-zlozyl-zaprzysiezenie-na-ambasadora-usa-w-polsce-przygotowania-do-reprezentowania-prezydenta-stanow-zjednoczonych\/#primaryimage\"},\"thumbnailUrl\":\"https:\/\/www.pogotowieflagowe.pl\/aktualne\/wp-content\/uploads\/2025\/10\/Thomas-Rose-zlozyl-zaprzysiezenie-na-ambasadora-USA-w-Polsce-\u201ePrzygotowania.webp.webp\",\"datePublished\":\"2025-10-16T13:25:21+00:00\",\"dateModified\":\"2025-10-16T13:25:23+00:00\",\"breadcrumb\":{\"@id\":\"https:\/\/www.pogotowieflagowe.pl\/aktualne\/thomas-rose-zlozyl-zaprzysiezenie-na-ambasadora-usa-w-polsce-przygotowania-do-reprezentowania-prezydenta-stanow-zjednoczonych\/#breadcrumb\"},\"inLanguage\":\"pl-PL\",\"potentialAction\":[{\"@type\":\"ReadAction\",\"target\":[\"https:\/\/www.pogotowieflagowe.pl\/aktualne\/thomas-rose-zlozyl-zaprzysiezenie-na-ambasadora-usa-w-polsce-przygotowania-do-reprezentowania-prezydenta-stanow-zjednoczonych\/\"]}]},{\"@type\":\"ImageObject\",\"inLanguage\":\"pl-PL\",\"@id\":\"https:\/\/www.pogotowieflagowe.pl\/aktualne\/thomas-rose-zlozyl-zaprzysiezenie-na-ambasadora-usa-w-polsce-przygotowania-do-reprezentowania-prezydenta-stanow-zjednoczonych\/#primaryimage\",\"url\":\"https:\/\/www.pogotowieflagowe.pl\/aktualne\/wp-content\/uploads\/2025\/10\/Thomas-Rose-zlozyl-zaprzysiezenie-na-ambasadora-USA-w-Polsce-\u201ePrzygotowania.webp.webp\",\"contentUrl\":\"https:\/\/www.pogotowieflagowe.pl\/aktualne\/wp-content\/uploads\/2025\/10\/Thomas-Rose-zlozyl-zaprzysiezenie-na-ambasadora-USA-w-Polsce-\u201ePrzygotowania.webp.webp\",\"width\":1280,\"height\":720,\"caption\":\"Thomas Rose z\u0142o\u017cy\u0142 zaprzysi\u0119\u017cenie na ambasadora USA w Polsce. \u201ePrzygotowania do reprezentowania Prezydenta Stan\u00f3w Zjednoczonych\u201d\"},{\"@type\":\"BreadcrumbList\",\"@id\":\"https:\/\/www.pogotowieflagowe.pl\/aktualne\/thomas-rose-zlozyl-zaprzysiezenie-na-ambasadora-usa-w-polsce-przygotowania-do-reprezentowania-prezydenta-stanow-zjednoczonych\/#breadcrumb\",\"itemListElement\":[{\"@type\":\"ListItem\",\"position\":1,\"name\":\"Home\",\"item\":\"https:\/\/www.pogotowieflagowe.pl\/aktualne\/\"},{\"@type\":\"ListItem\",\"position\":2,\"name\":\"Thomas Rose z\u0142o\u017cy\u0142 zaprzysi\u0119\u017cenie na ambasadora USA w Polsce. \u201ePrzygotowania do reprezentowania Prezydenta Stan\u00f3w Zjednoczonych\u201d\"}]},{\"@type\":\"WebSite\",\"@id\":\"https:\/\/www.pogotowieflagowe.pl\/aktualne\/#website\",\"url\":\"https:\/\/www.pogotowieflagowe.pl\/aktualne\/\",\"name\":\"POGOTOWIE FLAGOWE\u00ae\",\"description\":\"\",\"publisher\":{\"@id\":\"https:\/\/www.pogotowieflagowe.pl\/aktualne\/#organization\"},\"potentialAction\":[{\"@type\":\"SearchAction\",\"target\":{\"@type\":\"EntryPoint\",\"urlTemplate\":\"https:\/\/www.pogotowieflagowe.pl\/aktualne\/?s={search_term_string}\"},\"query-input\":\"required name=search_term_string\"}],\"inLanguage\":\"pl-PL\"},{\"@type\":\"Organization\",\"@id\":\"https:\/\/www.pogotowieflagowe.pl\/aktualne\/#organization\",\"name\":\"POGOTOWIE FLAGOWE\u00ae\",\"url\":\"https:\/\/www.pogotowieflagowe.pl\/aktualne\/\",\"logo\":{\"@type\":\"ImageObject\",\"inLanguage\":\"pl-PL\",\"@id\":\"https:\/\/www.pogotowieflagowe.pl\/aktualne\/#\/schema\/logo\/image\/\",\"url\":\"https:\/\/www.pogotowieflagowe.pl\/aktualne\/wp-content\/uploads\/2024\/08\/cropped-pogotowieflagowe_flaga_projekt_sm.jpg\",\"contentUrl\":\"https:\/\/www.pogotowieflagowe.pl\/aktualne\/wp-content\/uploads\/2024\/08\/cropped-pogotowieflagowe_flaga_projekt_sm.jpg\",\"width\":250,\"height\":143,\"caption\":\"POGOTOWIE FLAGOWE\u00ae\"},\"image\":{\"@id\":\"https:\/\/www.pogotowieflagowe.pl\/aktualne\/#\/schema\/logo\/image\/\"}},{\"@type\":\"Person\",\"@id\":\"https:\/\/www.pogotowieflagowe.pl\/aktualne\/#\/schema\/person\/9c2fb7d2362ebf6fa088960d7f0d27b0\",\"name\":\"Filip\",\"image\":{\"@type\":\"ImageObject\",\"inLanguage\":\"pl-PL\",\"@id\":\"https:\/\/www.pogotowieflagowe.pl\/aktualne\/#\/schema\/person\/image\/\",\"url\":\"https:\/\/www.pogotowieflagowe.pl\/aktualne\/wp-content\/uploads\/2024\/08\/pogotowieflagowe.pl_.jpg\",\"contentUrl\":\"https:\/\/www.pogotowieflagowe.pl\/aktualne\/wp-content\/uploads\/2024\/08\/pogotowieflagowe.pl_.jpg\",\"caption\":\"Filip\"},\"description\":\"Jestem Filip, polski dziennikarz z dyplomem nauk politycznych Uniwersytetu Warszawskiego. Rozpoczynaj\u0105c swoj\u0105 karier\u0119 w r\u00f3\u017cnych lokalnych mediach, zdoby\u0142em solidne do\u015bwiadczenie w zakresie \u015bledztwa i redakcji. Obecnie jako redaktor w Pogotowie flagowe, staram si\u0119 dostarcza\u0107 dog\u0142\u0119bne i istotne analizy na temat najwa\u017cniejszych kwestii aktualno\u015bci, \u0142\u0105cz\u0105c rygor z pasj\u0105 dziennikarsk\u0105.\",\"sameAs\":[\"https:\/\/www.pogotowieflagowe.pl\/\"]}]}<\/script>\n<!-- \/ Yoast SEO plugin. -->","yoast_head_json":{"title":"Thomas Rose z\u0142o\u017cy\u0142 zaprzysi\u0119\u017cenie na ambasadora USA w Polsce. \u201ePrzygotowania do reprezentowania Prezydenta Stan\u00f3w Zjednoczonych\u201d - POGOTOWIE FLAGOWE\u00ae","robots":{"index":"index","follow":"follow","max-snippet":"max-snippet:-1","max-image-preview":"max-image-preview:large","max-video-preview":"max-video-preview:-1"},"canonical":"https:\/\/www.pogotowieflagowe.pl\/aktualne\/thomas-rose-zlozyl-zaprzysiezenie-na-ambasadora-usa-w-polsce-przygotowania-do-reprezentowania-prezydenta-stanow-zjednoczonych\/","og_locale":"pl_PL","og_type":"article","og_title":"Thomas Rose z\u0142o\u017cy\u0142 zaprzysi\u0119\u017cenie na ambasadora USA w Polsce. \u201ePrzygotowania do reprezentowania Prezydenta Stan\u00f3w Zjednoczonych\u201d - POGOTOWIE FLAGOWE\u00ae","og_description":"Thomas Rose z\u0142o\u017cy\u0142 przysi\u0119g\u0119 Departament Stanu USA \u2013 og\u0142osi\u0142a nowa ambasador USA w Polsce Ambasada USA w Warszawie. Rose, kt\u00f3rej","og_url":"https:\/\/www.pogotowieflagowe.pl\/aktualne\/thomas-rose-zlozyl-zaprzysiezenie-na-ambasadora-usa-w-polsce-przygotowania-do-reprezentowania-prezydenta-stanow-zjednoczonych\/","og_site_name":"POGOTOWIE FLAGOWE\u00ae","article_published_time":"2025-10-16T13:25:21+00:00","article_modified_time":"2025-10-16T13:25:23+00:00","og_image":[{"width":1280,"height":720,"url":"https:\/\/www.pogotowieflagowe.pl\/aktualne\/wp-content\/uploads\/2025\/10\/Thomas-Rose-zlozyl-zaprzysiezenie-na-ambasadora-USA-w-Polsce-\u201ePrzygotowania.webp.webp","type":"image\/webp"}],"author":"Filip","twitter_card":"summary_large_image","twitter_misc":{"Napisane przez":"Filip","Szacowany czas czytania":"2 minuty"},"schema":{"@context":"https:\/\/schema.org","@graph":[{"@type":"Article","@id":"https:\/\/www.pogotowieflagowe.pl\/aktualne\/thomas-rose-zlozyl-zaprzysiezenie-na-ambasadora-usa-w-polsce-przygotowania-do-reprezentowania-prezydenta-stanow-zjednoczonych\/#article","isPartOf":{"@id":"https:\/\/www.pogotowieflagowe.pl\/aktualne\/thomas-rose-zlozyl-zaprzysiezenie-na-ambasadora-usa-w-polsce-przygotowania-do-reprezentowania-prezydenta-stanow-zjednoczonych\/"},"author":{"name":"Filip","@id":"https:\/\/www.pogotowieflagowe.pl\/aktualne\/#\/schema\/person\/9c2fb7d2362ebf6fa088960d7f0d27b0"},"headline":"Thomas Rose z\u0142o\u017cy\u0142 zaprzysi\u0119\u017cenie na ambasadora USA w Polsce. \u201ePrzygotowania do reprezentowania Prezydenta Stan\u00f3w Zjednoczonych\u201d","datePublished":"2025-10-16T13:25:21+00:00","dateModified":"2025-10-16T13:25:23+00:00","mainEntityOfPage":{"@id":"https:\/\/www.pogotowieflagowe.pl\/aktualne\/thomas-rose-zlozyl-zaprzysiezenie-na-ambasadora-usa-w-polsce-przygotowania-do-reprezentowania-prezydenta-stanow-zjednoczonych\/"},"wordCount":332,"commentCount":0,"publisher":{"@id":"https:\/\/www.pogotowieflagowe.pl\/aktualne\/#organization"},"image":{"@id":"https:\/\/www.pogotowieflagowe.pl\/aktualne\/thomas-rose-zlozyl-zaprzysiezenie-na-ambasadora-usa-w-polsce-przygotowania-do-reprezentowania-prezydenta-stanow-zjednoczonych\/#primaryimage"},"thumbnailUrl":"https:\/\/www.pogotowieflagowe.pl\/aktualne\/wp-content\/uploads\/2025\/10\/Thomas-Rose-zlozyl-zaprzysiezenie-na-ambasadora-USA-w-Polsce-\u201ePrzygotowania.webp.webp","keywords":["ambasadora","Polsce","prezydenta","przygotowania","reprezentowania","Rose","Stan\u00f3w","Thomas","USA","zaprzysi\u0119\u017cenie","Zjednoczonych","z\u0142o\u017cy\u0142"],"articleSection":["Polityka"],"inLanguage":"pl-PL","potentialAction":[{"@type":"CommentAction","name":"Comment","target":["https:\/\/www.pogotowieflagowe.pl\/aktualne\/thomas-rose-zlozyl-zaprzysiezenie-na-ambasadora-usa-w-polsce-przygotowania-do-reprezentowania-prezydenta-stanow-zjednoczonych\/#respond"]}]},{"@type":"WebPage","@id":"https:\/\/www.pogotowieflagowe.pl\/aktualne\/thomas-rose-zlozyl-zaprzysiezenie-na-ambasadora-usa-w-polsce-przygotowania-do-reprezentowania-prezydenta-stanow-zjednoczonych\/","url":"https:\/\/www.pogotowieflagowe.pl\/aktualne\/thomas-rose-zlozyl-zaprzysiezenie-na-ambasadora-usa-w-polsce-przygotowania-do-reprezentowania-prezydenta-stanow-zjednoczonych\/","name":"Thomas Rose z\u0142o\u017cy\u0142 zaprzysi\u0119\u017cenie na ambasadora USA w Polsce. \u201ePrzygotowania do reprezentowania Prezydenta Stan\u00f3w Zjednoczonych\u201d - POGOTOWIE FLAGOWE\u00ae","isPartOf":{"@id":"https:\/\/www.pogotowieflagowe.pl\/aktualne\/#website"},"primaryImageOfPage":{"@id":"https:\/\/www.pogotowieflagowe.pl\/aktualne\/thomas-rose-zlozyl-zaprzysiezenie-na-ambasadora-usa-w-polsce-przygotowania-do-reprezentowania-prezydenta-stanow-zjednoczonych\/#primaryimage"},"image":{"@id":"https:\/\/www.pogotowieflagowe.pl\/aktualne\/thomas-rose-zlozyl-zaprzysiezenie-na-ambasadora-usa-w-polsce-przygotowania-do-reprezentowania-prezydenta-stanow-zjednoczonych\/#primaryimage"},"thumbnailUrl":"https:\/\/www.pogotowieflagowe.pl\/aktualne\/wp-content\/uploads\/2025\/10\/Thomas-Rose-zlozyl-zaprzysiezenie-na-ambasadora-USA-w-Polsce-\u201ePrzygotowania.webp.webp","datePublished":"2025-10-16T13:25:21+00:00","dateModified":"2025-10-16T13:25:23+00:00","breadcrumb":{"@id":"https:\/\/www.pogotowieflagowe.pl\/aktualne\/thomas-rose-zlozyl-zaprzysiezenie-na-ambasadora-usa-w-polsce-przygotowania-do-reprezentowania-prezydenta-stanow-zjednoczonych\/#breadcrumb"},"inLanguage":"pl-PL","potentialAction":[{"@type":"ReadAction","target":["https:\/\/www.pogotowieflagowe.pl\/aktualne\/thomas-rose-zlozyl-zaprzysiezenie-na-ambasadora-usa-w-polsce-przygotowania-do-reprezentowania-prezydenta-stanow-zjednoczonych\/"]}]},{"@type":"ImageObject","inLanguage":"pl-PL","@id":"https:\/\/www.pogotowieflagowe.pl\/aktualne\/thomas-rose-zlozyl-zaprzysiezenie-na-ambasadora-usa-w-polsce-przygotowania-do-reprezentowania-prezydenta-stanow-zjednoczonych\/#primaryimage","url":"https:\/\/www.pogotowieflagowe.pl\/aktualne\/wp-content\/uploads\/2025\/10\/Thomas-Rose-zlozyl-zaprzysiezenie-na-ambasadora-USA-w-Polsce-\u201ePrzygotowania.webp.webp","contentUrl":"https:\/\/www.pogotowieflagowe.pl\/aktualne\/wp-content\/uploads\/2025\/10\/Thomas-Rose-zlozyl-zaprzysiezenie-na-ambasadora-USA-w-Polsce-\u201ePrzygotowania.webp.webp","width":1280,"height":720,"caption":"Thomas Rose z\u0142o\u017cy\u0142 zaprzysi\u0119\u017cenie na ambasadora USA w Polsce. \u201ePrzygotowania do reprezentowania Prezydenta Stan\u00f3w Zjednoczonych\u201d"},{"@type":"BreadcrumbList","@id":"https:\/\/www.pogotowieflagowe.pl\/aktualne\/thomas-rose-zlozyl-zaprzysiezenie-na-ambasadora-usa-w-polsce-przygotowania-do-reprezentowania-prezydenta-stanow-zjednoczonych\/#breadcrumb","itemListElement":[{"@type":"ListItem","position":1,"name":"Home","item":"https:\/\/www.pogotowieflagowe.pl\/aktualne\/"},{"@type":"ListItem","position":2,"name":"Thomas Rose z\u0142o\u017cy\u0142 zaprzysi\u0119\u017cenie na ambasadora USA w Polsce. \u201ePrzygotowania do reprezentowania Prezydenta Stan\u00f3w Zjednoczonych\u201d"}]},{"@type":"WebSite","@id":"https:\/\/www.pogotowieflagowe.pl\/aktualne\/#website","url":"https:\/\/www.pogotowieflagowe.pl\/aktualne\/","name":"POGOTOWIE FLAGOWE\u00ae","description":"","publisher":{"@id":"https:\/\/www.pogotowieflagowe.pl\/aktualne\/#organization"},"potentialAction":[{"@type":"SearchAction","target":{"@type":"EntryPoint","urlTemplate":"https:\/\/www.pogotowieflagowe.pl\/aktualne\/?s={search_term_string}"},"query-input":"required name=search_term_string"}],"inLanguage":"pl-PL"},{"@type":"Organization","@id":"https:\/\/www.pogotowieflagowe.pl\/aktualne\/#organization","name":"POGOTOWIE FLAGOWE\u00ae","url":"https:\/\/www.pogotowieflagowe.pl\/aktualne\/","logo":{"@type":"ImageObject","inLanguage":"pl-PL","@id":"https:\/\/www.pogotowieflagowe.pl\/aktualne\/#\/schema\/logo\/image\/","url":"https:\/\/www.pogotowieflagowe.pl\/aktualne\/wp-content\/uploads\/2024\/08\/cropped-pogotowieflagowe_flaga_projekt_sm.jpg","contentUrl":"https:\/\/www.pogotowieflagowe.pl\/aktualne\/wp-content\/uploads\/2024\/08\/cropped-pogotowieflagowe_flaga_projekt_sm.jpg","width":250,"height":143,"caption":"POGOTOWIE FLAGOWE\u00ae"},"image":{"@id":"https:\/\/www.pogotowieflagowe.pl\/aktualne\/#\/schema\/logo\/image\/"}},{"@type":"Person","@id":"https:\/\/www.pogotowieflagowe.pl\/aktualne\/#\/schema\/person\/9c2fb7d2362ebf6fa088960d7f0d27b0","name":"Filip","image":{"@type":"ImageObject","inLanguage":"pl-PL","@id":"https:\/\/www.pogotowieflagowe.pl\/aktualne\/#\/schema\/person\/image\/","url":"https:\/\/www.pogotowieflagowe.pl\/aktualne\/wp-content\/uploads\/2024\/08\/pogotowieflagowe.pl_.jpg","contentUrl":"https:\/\/www.pogotowieflagowe.pl\/aktualne\/wp-content\/uploads\/2024\/08\/pogotowieflagowe.pl_.jpg","caption":"Filip"},"description":"Jestem Filip, polski dziennikarz z dyplomem nauk politycznych Uniwersytetu Warszawskiego. Rozpoczynaj\u0105c swoj\u0105 karier\u0119 w r\u00f3\u017cnych lokalnych mediach, zdoby\u0142em solidne do\u015bwiadczenie w zakresie \u015bledztwa i redakcji. Obecnie jako redaktor w Pogotowie flagowe, staram si\u0119 dostarcza\u0107 dog\u0142\u0119bne i istotne analizy na temat najwa\u017cniejszych kwestii aktualno\u015bci, \u0142\u0105cz\u0105c rygor z pasj\u0105 dziennikarsk\u0105.","sameAs":["https:\/\/www.pogotowieflagowe.pl\/"]}]}},"_links":{"self":[{"href":"https:\/\/www.pogotowieflagowe.pl\/aktualne\/wp-json\/wp\/v2\/posts\/9411","targetHints":{"allow":["GET"]}}],"collection":[{"href":"https:\/\/www.pogotowieflagowe.pl\/aktualne\/wp-json\/wp\/v2\/posts"}],"about":[{"href":"https:\/\/www.pogotowieflagowe.pl\/aktualne\/wp-json\/wp\/v2\/types\/post"}],"author":[{"embeddable":true,"href":"https:\/\/www.pogotowieflagowe.pl\/aktualne\/wp-json\/wp\/v2\/users\/1"}],"replies":[{"embeddable":true,"href":"https:\/\/www.pogotowieflagowe.pl\/aktualne\/wp-json\/wp\/v2\/comments?post=9411"}],"version-history":[{"count":1,"href":"https:\/\/www.pogotowieflagowe.pl\/aktualne\/wp-json\/wp\/v2\/posts\/9411\/revisions"}],"predecessor-version":[{"id":9413,"href":"https:\/\/www.pogotowieflagowe.pl\/aktualne\/wp-json\/wp\/v2\/posts\/9411\/revisions\/9413"}],"wp:featuredmedia":[{"embeddable":true,"href":"https:\/\/www.pogotowieflagowe.pl\/aktualne\/wp-json\/wp\/v2\/media\/9412"}],"wp:attachment":[{"href":"https:\/\/www.pogotowieflagowe.pl\/aktualne\/wp-json\/wp\/v2\/media?parent=9411"}],"wp:term":[{"taxonomy":"category","embeddable":true,"href":"https:\/\/www.pogotowieflagowe.pl\/aktualne\/wp-json\/wp\/v2\/categories?post=9411"},{"taxonomy":"post_tag","embeddable":true,"href":"https:\/\/www.pogotowieflagowe.pl\/aktualne\/wp-json\/wp\/v2\/tags?post=9411"}],"curies":[{"name":"wp","href":"https:\/\/api.w.org\/{rel}","templated":true}]}}