{"id":9416,"date":"2025-10-16T20:44:48","date_gmt":"2025-10-16T18:44:48","guid":{"rendered":"https:\/\/www.pogotowieflagowe.pl\/aktualne\/prezydent-kontynuuje-spotkania-z-politykami-chce-zbudowac-koalicje-dobrych-spraw\/"},"modified":"2025-10-16T20:44:49","modified_gmt":"2025-10-16T18:44:49","slug":"prezydent-kontynuuje-spotkania-z-politykami-chce-zbudowac-koalicje-dobrych-spraw","status":"publish","type":"post","link":"https:\/\/www.pogotowieflagowe.pl\/aktualne\/prezydent-kontynuuje-spotkania-z-politykami-chce-zbudowac-koalicje-dobrych-spraw\/","title":{"rendered":"Prezydent kontynuuje spotkania z politykami. Chce zbudowa\u0107 \u201ekoalicj\u0119 dobrych spraw\u201d"},"content":{"rendered":"\n<div class=\"td_block_wrap tdb_single_content tdi_41 td-pb-border-top td_block_template_8 td-post-content tagdiv-type\" data-td-block-uid=\"tdi_41\">\n<style>.tdi_41{margines-top:0px!important;margin-bottom:0px!important;dope\u0142nienie-g\u00f3ra:0px!important;dope\u0142nienie-d\u00f3\u0142:0px!important}<\/style>\n<style>.tdb_single_content{margin-bottom:0;*zoom:1}.tdb_single_content:before,.tdb_single_content:after{display:table;content:'';line-height:0}.tdb_single_content:after{clear:both}.tdb_single_content .tdb-block-inner>*:not(.wp-block-quote):not(.alignwide):not(.alignfull.wp-block-cover.has-parallax):not(.td-a-ad){margin-left:auto;margin-right:auto}.tdb_single_content a{pointer-events:auto}.tdb_single_content .td-spot-id-top_ad .tdc-placeholder-title:before{content:'Article Top Ad'!important}.tdb_single_content .td-spot-id-inline_ad0 .tdc-placeholder-title:before{content:'Article Reklama wbudowana 1'!important}.tdb_single_content .td-spot-id-inline_ad1 .tdc-placeholder-title:before{content:'Reklama wbudowana w artyku\u0142 2'!important}.tdb_single_content .td-spot-id-inline_ad2 .tdc-placeholder-title:before{content:'Reklama w tek\u015bcie artyku\u0142u 3'!important}.tdb_single_content .td-spot-id-bottom_ad .tdc-placeholder-title:before{content:'Article Bottom Ad'!important}.tdb_single_content .id_top_ad,.tdb_single_content .id_bottom_ad{clear:both;margin-bottom:21px;text-align:center}.tdb_single_content .id_top_ad img,.tdb_single_content .id_bottom_ad img{margin-bottom:0}.tdb_single_content .id_top_ad .adsbygoogle,.tdb_single_content .id_bottom_ad .adsbygoogle{position:relative}.tdb_single_content .id_ad_content-horiz-left,.tdb_single_content .id_ad_content-horiz-right,.tdb_single_content .id_ad_content-horiz-center{margin-bottom:15px}.tdb_single_content .id_ad_content-horiz-left img,.tdb_single_content .id_ad_content-horiz-right img,.tdb_single_content .id_ad_content-horiz-center img{margin-bottom:0}.tdb_single_content .id_ad_content-horiz-center{text-align:center}.tdb_single_content .id_ad_content-horiz-center img{margin-right:auto;margin-left:auto}.tdb_single_content .id_ad_content-horiz-left{float:left;margin-top:9px;margin-right:21px}.tdb_single_content .id_ad_content-horiz-right{float:right;margin-top:6px;margin-left:21px}.tdb_single_content .tdc-a-ad .tdc-placeholder-title{width:300px;height:250px}.tdb_single_content .tdc-a-ad .tdc-placeholder-title:before{position:absolute;top:50%;-webkit-transform:translateY(-50%);transform:translateY(-50%);margin:auto;display:table;width:100%}.tdb_single_content .tdb-block-inner.td-fix-index{word-break:break-word}.tdi_41,.tdi_41>p,.tdi_41 .tdb-block-inner>p,.wp-block-column>p{font-size:16px!important;line-height:1.6!important}.tdi_41 .tdb-block-inner cytat blokowy p{font-style:normal!important}@media (max-width:767px){.tdb_single_content .id_ad_content-horiz-left,.tdb_single_content .id_ad_content-horiz-right,.tdb_single_content .id_ad_content-horiz-center{margin:0 auto 26 pikseli auto}}@media (max-width:767px){.tdb_single_content .id_ad_content-horiz-left{margin-right:0}}@media (max-width:767px){.tdb_single_content .id_ad_content-horiz-right{margin-left:0}}@media (max-width:767px){.tdb_single_content .td-a-ad{float:none;text-align:center}.tdb_single_content .td-a-ad img{margin-right:auto;margin-left:auto}.tdb_single_content .tdc-a-ad{float:none}}<\/style>\n<div class=\"tdb-block-inner td-fix-index\">\n<p><strong>&#8222;Prezydent nie anga\u017cuje si\u0119 w polityk\u0119 partyjn\u0105. Nie taka jest rola Prezydenta RP. Jednak musi rozmawia\u0107, a rozmawia i chce rozmawia\u0107 ze wszystkimi, kt\u00f3rzy chc\u0105 poruszy\u0107 wa\u017cne dla Polski sprawy,<\/strong>\u2013 zadeklarowa\u0142 Zbigniew Bogucki, kierownik ds <em>Kancelaria Prezydenta<\/em>na pytanie o kontakty g\u0142owy pa\u0144stwa z politykami prawicy.<\/p>\n<h2 class=\"wp-block-heading\"><strong>Spotkania Prezydenta z politykami opozycji<\/strong><\/h2>\n<p>Lider <em>Konfederacja<\/em> (<em>Konfederacja<\/em>) S\u0142awomir Mentzen poinformowa\u0142, \u017ce rozmawia\u0142 w poniedzia\u0142ek z prezydentem Karolem Nawrockim na temat paktu Senatu pomi\u0119dzy <em>Konfederacja<\/em> I <em>Prawo i Sprawiedliwo\u015b\u0107<\/em> (<em>PiS<\/em>). Wed\u0142ug pos\u0142a Nawrocki b\u0119dzie gospodarzem paktu mi\u0119dzy obiema stronami.<\/p>\n<p>Zbigniew Bogucki, kierownik ds <em>Kancelaria Prezydenta<\/em>ustosunkowa\u0142 si\u0119 dzisiaj do tych uwag.<\/p>\n<figure class=\"wp-block-pullquote\">\n<blockquote>\n<p><strong>&#8222;Prezydent rozmawia z r\u00f3\u017cnymi lud\u017ami, z r\u00f3\u017cnymi politykami i przyw\u00f3dcami, przede wszystkim z tymi, kt\u00f3rzy maj\u0105 reprezentacj\u0119 w polskim parlamencie. To nic nowego, nic niezwyk\u0142ego. (&#8230;) Nie wszystkie te rozmowy trafiaj\u0105 do wiadomo\u015bci publicznej. W tym konkretnym przypadku sta\u0142o si\u0119 tak dzi\u0119ki S\u0142awomirowi Mentzenowi&#8221;<\/strong> \u2013 powiedzia\u0142 polityk <em>Graffiti<\/em> w Polsacie News.<\/p>\n<\/blockquote>\n<\/figure>\n<h2 class=\"wp-block-heading\"><strong>\u201eKoalicja dobrych spraw<\/strong>\u201e<\/h2>\n<p>Doda\u0142 to<strong> \u201ePrezydent prowadzi normalne rozmowy, aby zbudowa\u0107 koalicj\u0119 w dobrych sprawach.<strong>\u201e<\/strong><\/strong>  Wyja\u015bni\u0142, <strong><strong>\u201e<\/strong>Nie m\u00f3wi\u0119 konkretnie o koalicji z <em>Konfederacja<\/em>. Uda\u0142o si\u0119 na przyk\u0142ad zbudowa\u0107 koalicj\u0119 \u201eTak dla CPK\u201d.<strong><strong>\u201e<\/strong><\/strong><\/strong><\/p>\n<p>Bogucki te\u017c na to zwr\u00f3ci\u0142 uwag\u0119 <strong><strong><strong>\u201e<\/strong><\/strong>Prezydent nie wkracza w polityk\u0119 partyjn\u0105, bo nie taka jest rola Prezydenta RP.<strong><strong><strong><strong>\u201e<\/strong><\/strong><\/strong><\/strong><\/strong><\/p>\n<figure class=\"wp-block-pullquote\">\n<blockquote>\n<p><strong><strong><strong><strong><strong><strong>\u201e<\/strong><\/strong><\/strong><\/strong><\/strong>Musi rozmawia\u0107, rozmawia i chce rozmawia\u0107 ze wszystkimi, kt\u00f3rzy chc\u0105 poruszy\u0107 wa\u017cne dla Polski sprawy. Nie chodzi tylko o pana S\u0142awomira Mentzena \u2013 s\u0105 te\u017c inni politycy. Oczywi\u015bcie Prezydent nie jest bierny i wida\u0107 to na tych spotkaniach,<strong><strong><strong><strong><strong>\u201e<\/strong><\/strong><\/strong><\/strong><\/strong><\/strong>  \u2013 podsumowa\u0142.<\/p>\n<\/blockquote>\n<\/figure>\n<\/div>\n<\/div>\n","protected":false},"excerpt":{"rendered":"<p>&#8222;Prezydent nie anga\u017cuje si\u0119 w polityk\u0119 partyjn\u0105. Nie taka jest rola Prezydenta RP. Jednak musi rozmawia\u0107, a rozmawia i chce<\/p>\n","protected":false},"author":1,"featured_media":9417,"comment_status":"open","ping_status":"open","sticky":false,"template":"","format":"standard","meta":{"footnotes":""},"categories":[4748],"tags":[5698,10929,8438,1945,8973,341,2684,2783,10928],"class_list":["post-9416","post","type-post","status-publish","format-standard","has-post-thumbnail","hentry","category-aktualne","tag-chce","tag-dobrych","tag-koalicje","tag-kontynuuje","tag-politykami","tag-prezydent","tag-spotkania","tag-spraw","tag-zbudowac","generate-columns","tablet-grid-50","mobile-grid-100","grid-parent","grid-50","resize-featured-image"],"yoast_head":"<!-- This site is optimized with the Yoast SEO plugin v23.2 - https:\/\/yoast.com\/wordpress\/plugins\/seo\/ -->\n<title>Prezydent kontynuuje spotkania z politykami. Chce zbudowa\u0107 \u201ekoalicj\u0119 dobrych spraw\u201d - POGOTOWIE FLAGOWE\u00ae<\/title>\n<meta name=\"robots\" content=\"index, follow, max-snippet:-1, max-image-preview:large, max-video-preview:-1\" \/>\n<link rel=\"canonical\" href=\"https:\/\/www.pogotowieflagowe.pl\/aktualne\/prezydent-kontynuuje-spotkania-z-politykami-chce-zbudowac-koalicje-dobrych-spraw\/\" \/>\n<meta property=\"og:locale\" content=\"pl_PL\" \/>\n<meta property=\"og:type\" content=\"article\" \/>\n<meta property=\"og:title\" content=\"Prezydent kontynuuje spotkania z politykami. Chce zbudowa\u0107 \u201ekoalicj\u0119 dobrych spraw\u201d - POGOTOWIE FLAGOWE\u00ae\" \/>\n<meta property=\"og:description\" content=\"&#8222;Prezydent nie anga\u017cuje si\u0119 w polityk\u0119 partyjn\u0105. Nie taka jest rola Prezydenta RP. Jednak musi rozmawia\u0107, a rozmawia i chce\" \/>\n<meta property=\"og:url\" content=\"https:\/\/www.pogotowieflagowe.pl\/aktualne\/prezydent-kontynuuje-spotkania-z-politykami-chce-zbudowac-koalicje-dobrych-spraw\/\" \/>\n<meta property=\"og:site_name\" content=\"POGOTOWIE FLAGOWE\u00ae\" \/>\n<meta property=\"article:published_time\" content=\"2025-10-16T18:44:48+00:00\" \/>\n<meta property=\"article:modified_time\" content=\"2025-10-16T18:44:49+00:00\" \/>\n<meta property=\"og:image\" content=\"https:\/\/www.pogotowieflagowe.pl\/aktualne\/wp-content\/uploads\/2025\/10\/Prezydent-kontynuuje-spotkania-z-politykami-Chce-zbudowac-\u201ekoalicje-dobrych-spraw.webp.webp\" \/>\n\t<meta property=\"og:image:width\" content=\"1280\" \/>\n\t<meta property=\"og:image:height\" content=\"720\" \/>\n\t<meta property=\"og:image:type\" content=\"image\/webp\" \/>\n<meta name=\"author\" content=\"Filip\" \/>\n<meta name=\"twitter:card\" content=\"summary_large_image\" \/>\n<meta name=\"twitter:label1\" content=\"Napisane przez\" \/>\n\t<meta name=\"twitter:data1\" content=\"Filip\" \/>\n\t<meta name=\"twitter:label2\" content=\"Szacowany czas czytania\" \/>\n\t<meta name=\"twitter:data2\" content=\"1 minuta\" \/>\n<script type=\"application\/ld+json\" class=\"yoast-schema-graph\">{\"@context\":\"https:\/\/schema.org\",\"@graph\":[{\"@type\":\"Article\",\"@id\":\"https:\/\/www.pogotowieflagowe.pl\/aktualne\/prezydent-kontynuuje-spotkania-z-politykami-chce-zbudowac-koalicje-dobrych-spraw\/#article\",\"isPartOf\":{\"@id\":\"https:\/\/www.pogotowieflagowe.pl\/aktualne\/prezydent-kontynuuje-spotkania-z-politykami-chce-zbudowac-koalicje-dobrych-spraw\/\"},\"author\":{\"name\":\"Filip\",\"@id\":\"https:\/\/www.pogotowieflagowe.pl\/aktualne\/#\/schema\/person\/9c2fb7d2362ebf6fa088960d7f0d27b0\"},\"headline\":\"Prezydent kontynuuje spotkania z politykami. Chce zbudowa\u0107 \u201ekoalicj\u0119 dobrych spraw\u201d\",\"datePublished\":\"2025-10-16T18:44:48+00:00\",\"dateModified\":\"2025-10-16T18:44:49+00:00\",\"mainEntityOfPage\":{\"@id\":\"https:\/\/www.pogotowieflagowe.pl\/aktualne\/prezydent-kontynuuje-spotkania-z-politykami-chce-zbudowac-koalicje-dobrych-spraw\/\"},\"wordCount\":274,\"commentCount\":0,\"publisher\":{\"@id\":\"https:\/\/www.pogotowieflagowe.pl\/aktualne\/#organization\"},\"image\":{\"@id\":\"https:\/\/www.pogotowieflagowe.pl\/aktualne\/prezydent-kontynuuje-spotkania-z-politykami-chce-zbudowac-koalicje-dobrych-spraw\/#primaryimage\"},\"thumbnailUrl\":\"https:\/\/www.pogotowieflagowe.pl\/aktualne\/wp-content\/uploads\/2025\/10\/Prezydent-kontynuuje-spotkania-z-politykami-Chce-zbudowac-\u201ekoalicje-dobrych-spraw.webp.webp\",\"keywords\":[\"chce\",\"dobrych\",\"koalicj\u0119\",\"kontynuuje\",\"politykami\",\"Prezydent\",\"spotkania\",\"spraw\",\"zbudowa\u0107\"],\"articleSection\":[\"Aktualne\"],\"inLanguage\":\"pl-PL\",\"potentialAction\":[{\"@type\":\"CommentAction\",\"name\":\"Comment\",\"target\":[\"https:\/\/www.pogotowieflagowe.pl\/aktualne\/prezydent-kontynuuje-spotkania-z-politykami-chce-zbudowac-koalicje-dobrych-spraw\/#respond\"]}]},{\"@type\":\"WebPage\",\"@id\":\"https:\/\/www.pogotowieflagowe.pl\/aktualne\/prezydent-kontynuuje-spotkania-z-politykami-chce-zbudowac-koalicje-dobrych-spraw\/\",\"url\":\"https:\/\/www.pogotowieflagowe.pl\/aktualne\/prezydent-kontynuuje-spotkania-z-politykami-chce-zbudowac-koalicje-dobrych-spraw\/\",\"name\":\"Prezydent kontynuuje spotkania z politykami. Chce zbudowa\u0107 \u201ekoalicj\u0119 dobrych spraw\u201d - POGOTOWIE FLAGOWE\u00ae\",\"isPartOf\":{\"@id\":\"https:\/\/www.pogotowieflagowe.pl\/aktualne\/#website\"},\"primaryImageOfPage\":{\"@id\":\"https:\/\/www.pogotowieflagowe.pl\/aktualne\/prezydent-kontynuuje-spotkania-z-politykami-chce-zbudowac-koalicje-dobrych-spraw\/#primaryimage\"},\"image\":{\"@id\":\"https:\/\/www.pogotowieflagowe.pl\/aktualne\/prezydent-kontynuuje-spotkania-z-politykami-chce-zbudowac-koalicje-dobrych-spraw\/#primaryimage\"},\"thumbnailUrl\":\"https:\/\/www.pogotowieflagowe.pl\/aktualne\/wp-content\/uploads\/2025\/10\/Prezydent-kontynuuje-spotkania-z-politykami-Chce-zbudowac-\u201ekoalicje-dobrych-spraw.webp.webp\",\"datePublished\":\"2025-10-16T18:44:48+00:00\",\"dateModified\":\"2025-10-16T18:44:49+00:00\",\"breadcrumb\":{\"@id\":\"https:\/\/www.pogotowieflagowe.pl\/aktualne\/prezydent-kontynuuje-spotkania-z-politykami-chce-zbudowac-koalicje-dobrych-spraw\/#breadcrumb\"},\"inLanguage\":\"pl-PL\",\"potentialAction\":[{\"@type\":\"ReadAction\",\"target\":[\"https:\/\/www.pogotowieflagowe.pl\/aktualne\/prezydent-kontynuuje-spotkania-z-politykami-chce-zbudowac-koalicje-dobrych-spraw\/\"]}]},{\"@type\":\"ImageObject\",\"inLanguage\":\"pl-PL\",\"@id\":\"https:\/\/www.pogotowieflagowe.pl\/aktualne\/prezydent-kontynuuje-spotkania-z-politykami-chce-zbudowac-koalicje-dobrych-spraw\/#primaryimage\",\"url\":\"https:\/\/www.pogotowieflagowe.pl\/aktualne\/wp-content\/uploads\/2025\/10\/Prezydent-kontynuuje-spotkania-z-politykami-Chce-zbudowac-\u201ekoalicje-dobrych-spraw.webp.webp\",\"contentUrl\":\"https:\/\/www.pogotowieflagowe.pl\/aktualne\/wp-content\/uploads\/2025\/10\/Prezydent-kontynuuje-spotkania-z-politykami-Chce-zbudowac-\u201ekoalicje-dobrych-spraw.webp.webp\",\"width\":1280,\"height\":720,\"caption\":\"Prezydent kontynuuje spotkania z politykami. Chce zbudowa\u0107 \u201ekoalicj\u0119 dobrych spraw\u201d\"},{\"@type\":\"BreadcrumbList\",\"@id\":\"https:\/\/www.pogotowieflagowe.pl\/aktualne\/prezydent-kontynuuje-spotkania-z-politykami-chce-zbudowac-koalicje-dobrych-spraw\/#breadcrumb\",\"itemListElement\":[{\"@type\":\"ListItem\",\"position\":1,\"name\":\"Home\",\"item\":\"https:\/\/www.pogotowieflagowe.pl\/aktualne\/\"},{\"@type\":\"ListItem\",\"position\":2,\"name\":\"Prezydent kontynuuje spotkania z politykami. Chce zbudowa\u0107 \u201ekoalicj\u0119 dobrych spraw\u201d\"}]},{\"@type\":\"WebSite\",\"@id\":\"https:\/\/www.pogotowieflagowe.pl\/aktualne\/#website\",\"url\":\"https:\/\/www.pogotowieflagowe.pl\/aktualne\/\",\"name\":\"POGOTOWIE FLAGOWE\u00ae\",\"description\":\"\",\"publisher\":{\"@id\":\"https:\/\/www.pogotowieflagowe.pl\/aktualne\/#organization\"},\"potentialAction\":[{\"@type\":\"SearchAction\",\"target\":{\"@type\":\"EntryPoint\",\"urlTemplate\":\"https:\/\/www.pogotowieflagowe.pl\/aktualne\/?s={search_term_string}\"},\"query-input\":\"required name=search_term_string\"}],\"inLanguage\":\"pl-PL\"},{\"@type\":\"Organization\",\"@id\":\"https:\/\/www.pogotowieflagowe.pl\/aktualne\/#organization\",\"name\":\"POGOTOWIE FLAGOWE\u00ae\",\"url\":\"https:\/\/www.pogotowieflagowe.pl\/aktualne\/\",\"logo\":{\"@type\":\"ImageObject\",\"inLanguage\":\"pl-PL\",\"@id\":\"https:\/\/www.pogotowieflagowe.pl\/aktualne\/#\/schema\/logo\/image\/\",\"url\":\"https:\/\/www.pogotowieflagowe.pl\/aktualne\/wp-content\/uploads\/2024\/08\/cropped-pogotowieflagowe_flaga_projekt_sm.jpg\",\"contentUrl\":\"https:\/\/www.pogotowieflagowe.pl\/aktualne\/wp-content\/uploads\/2024\/08\/cropped-pogotowieflagowe_flaga_projekt_sm.jpg\",\"width\":250,\"height\":143,\"caption\":\"POGOTOWIE FLAGOWE\u00ae\"},\"image\":{\"@id\":\"https:\/\/www.pogotowieflagowe.pl\/aktualne\/#\/schema\/logo\/image\/\"}},{\"@type\":\"Person\",\"@id\":\"https:\/\/www.pogotowieflagowe.pl\/aktualne\/#\/schema\/person\/9c2fb7d2362ebf6fa088960d7f0d27b0\",\"name\":\"Filip\",\"image\":{\"@type\":\"ImageObject\",\"inLanguage\":\"pl-PL\",\"@id\":\"https:\/\/www.pogotowieflagowe.pl\/aktualne\/#\/schema\/person\/image\/\",\"url\":\"https:\/\/www.pogotowieflagowe.pl\/aktualne\/wp-content\/uploads\/2024\/08\/pogotowieflagowe.pl_.jpg\",\"contentUrl\":\"https:\/\/www.pogotowieflagowe.pl\/aktualne\/wp-content\/uploads\/2024\/08\/pogotowieflagowe.pl_.jpg\",\"caption\":\"Filip\"},\"description\":\"Jestem Filip, polski dziennikarz z dyplomem nauk politycznych Uniwersytetu Warszawskiego. Rozpoczynaj\u0105c swoj\u0105 karier\u0119 w r\u00f3\u017cnych lokalnych mediach, zdoby\u0142em solidne do\u015bwiadczenie w zakresie \u015bledztwa i redakcji. Obecnie jako redaktor w Pogotowie flagowe, staram si\u0119 dostarcza\u0107 dog\u0142\u0119bne i istotne analizy na temat najwa\u017cniejszych kwestii aktualno\u015bci, \u0142\u0105cz\u0105c rygor z pasj\u0105 dziennikarsk\u0105.\",\"sameAs\":[\"https:\/\/www.pogotowieflagowe.pl\/\"]}]}<\/script>\n<!-- \/ Yoast SEO plugin. -->","yoast_head_json":{"title":"Prezydent kontynuuje spotkania z politykami. Chce zbudowa\u0107 \u201ekoalicj\u0119 dobrych spraw\u201d - POGOTOWIE FLAGOWE\u00ae","robots":{"index":"index","follow":"follow","max-snippet":"max-snippet:-1","max-image-preview":"max-image-preview:large","max-video-preview":"max-video-preview:-1"},"canonical":"https:\/\/www.pogotowieflagowe.pl\/aktualne\/prezydent-kontynuuje-spotkania-z-politykami-chce-zbudowac-koalicje-dobrych-spraw\/","og_locale":"pl_PL","og_type":"article","og_title":"Prezydent kontynuuje spotkania z politykami. Chce zbudowa\u0107 \u201ekoalicj\u0119 dobrych spraw\u201d - POGOTOWIE FLAGOWE\u00ae","og_description":"&#8222;Prezydent nie anga\u017cuje si\u0119 w polityk\u0119 partyjn\u0105. Nie taka jest rola Prezydenta RP. Jednak musi rozmawia\u0107, a rozmawia i chce","og_url":"https:\/\/www.pogotowieflagowe.pl\/aktualne\/prezydent-kontynuuje-spotkania-z-politykami-chce-zbudowac-koalicje-dobrych-spraw\/","og_site_name":"POGOTOWIE FLAGOWE\u00ae","article_published_time":"2025-10-16T18:44:48+00:00","article_modified_time":"2025-10-16T18:44:49+00:00","og_image":[{"width":1280,"height":720,"url":"https:\/\/www.pogotowieflagowe.pl\/aktualne\/wp-content\/uploads\/2025\/10\/Prezydent-kontynuuje-spotkania-z-politykami-Chce-zbudowac-\u201ekoalicje-dobrych-spraw.webp.webp","type":"image\/webp"}],"author":"Filip","twitter_card":"summary_large_image","twitter_misc":{"Napisane przez":"Filip","Szacowany czas czytania":"1 minuta"},"schema":{"@context":"https:\/\/schema.org","@graph":[{"@type":"Article","@id":"https:\/\/www.pogotowieflagowe.pl\/aktualne\/prezydent-kontynuuje-spotkania-z-politykami-chce-zbudowac-koalicje-dobrych-spraw\/#article","isPartOf":{"@id":"https:\/\/www.pogotowieflagowe.pl\/aktualne\/prezydent-kontynuuje-spotkania-z-politykami-chce-zbudowac-koalicje-dobrych-spraw\/"},"author":{"name":"Filip","@id":"https:\/\/www.pogotowieflagowe.pl\/aktualne\/#\/schema\/person\/9c2fb7d2362ebf6fa088960d7f0d27b0"},"headline":"Prezydent kontynuuje spotkania z politykami. Chce zbudowa\u0107 \u201ekoalicj\u0119 dobrych spraw\u201d","datePublished":"2025-10-16T18:44:48+00:00","dateModified":"2025-10-16T18:44:49+00:00","mainEntityOfPage":{"@id":"https:\/\/www.pogotowieflagowe.pl\/aktualne\/prezydent-kontynuuje-spotkania-z-politykami-chce-zbudowac-koalicje-dobrych-spraw\/"},"wordCount":274,"commentCount":0,"publisher":{"@id":"https:\/\/www.pogotowieflagowe.pl\/aktualne\/#organization"},"image":{"@id":"https:\/\/www.pogotowieflagowe.pl\/aktualne\/prezydent-kontynuuje-spotkania-z-politykami-chce-zbudowac-koalicje-dobrych-spraw\/#primaryimage"},"thumbnailUrl":"https:\/\/www.pogotowieflagowe.pl\/aktualne\/wp-content\/uploads\/2025\/10\/Prezydent-kontynuuje-spotkania-z-politykami-Chce-zbudowac-\u201ekoalicje-dobrych-spraw.webp.webp","keywords":["chce","dobrych","koalicj\u0119","kontynuuje","politykami","Prezydent","spotkania","spraw","zbudowa\u0107"],"articleSection":["Aktualne"],"inLanguage":"pl-PL","potentialAction":[{"@type":"CommentAction","name":"Comment","target":["https:\/\/www.pogotowieflagowe.pl\/aktualne\/prezydent-kontynuuje-spotkania-z-politykami-chce-zbudowac-koalicje-dobrych-spraw\/#respond"]}]},{"@type":"WebPage","@id":"https:\/\/www.pogotowieflagowe.pl\/aktualne\/prezydent-kontynuuje-spotkania-z-politykami-chce-zbudowac-koalicje-dobrych-spraw\/","url":"https:\/\/www.pogotowieflagowe.pl\/aktualne\/prezydent-kontynuuje-spotkania-z-politykami-chce-zbudowac-koalicje-dobrych-spraw\/","name":"Prezydent kontynuuje spotkania z politykami. Chce zbudowa\u0107 \u201ekoalicj\u0119 dobrych spraw\u201d - POGOTOWIE FLAGOWE\u00ae","isPartOf":{"@id":"https:\/\/www.pogotowieflagowe.pl\/aktualne\/#website"},"primaryImageOfPage":{"@id":"https:\/\/www.pogotowieflagowe.pl\/aktualne\/prezydent-kontynuuje-spotkania-z-politykami-chce-zbudowac-koalicje-dobrych-spraw\/#primaryimage"},"image":{"@id":"https:\/\/www.pogotowieflagowe.pl\/aktualne\/prezydent-kontynuuje-spotkania-z-politykami-chce-zbudowac-koalicje-dobrych-spraw\/#primaryimage"},"thumbnailUrl":"https:\/\/www.pogotowieflagowe.pl\/aktualne\/wp-content\/uploads\/2025\/10\/Prezydent-kontynuuje-spotkania-z-politykami-Chce-zbudowac-\u201ekoalicje-dobrych-spraw.webp.webp","datePublished":"2025-10-16T18:44:48+00:00","dateModified":"2025-10-16T18:44:49+00:00","breadcrumb":{"@id":"https:\/\/www.pogotowieflagowe.pl\/aktualne\/prezydent-kontynuuje-spotkania-z-politykami-chce-zbudowac-koalicje-dobrych-spraw\/#breadcrumb"},"inLanguage":"pl-PL","potentialAction":[{"@type":"ReadAction","target":["https:\/\/www.pogotowieflagowe.pl\/aktualne\/prezydent-kontynuuje-spotkania-z-politykami-chce-zbudowac-koalicje-dobrych-spraw\/"]}]},{"@type":"ImageObject","inLanguage":"pl-PL","@id":"https:\/\/www.pogotowieflagowe.pl\/aktualne\/prezydent-kontynuuje-spotkania-z-politykami-chce-zbudowac-koalicje-dobrych-spraw\/#primaryimage","url":"https:\/\/www.pogotowieflagowe.pl\/aktualne\/wp-content\/uploads\/2025\/10\/Prezydent-kontynuuje-spotkania-z-politykami-Chce-zbudowac-\u201ekoalicje-dobrych-spraw.webp.webp","contentUrl":"https:\/\/www.pogotowieflagowe.pl\/aktualne\/wp-content\/uploads\/2025\/10\/Prezydent-kontynuuje-spotkania-z-politykami-Chce-zbudowac-\u201ekoalicje-dobrych-spraw.webp.webp","width":1280,"height":720,"caption":"Prezydent kontynuuje spotkania z politykami. Chce zbudowa\u0107 \u201ekoalicj\u0119 dobrych spraw\u201d"},{"@type":"BreadcrumbList","@id":"https:\/\/www.pogotowieflagowe.pl\/aktualne\/prezydent-kontynuuje-spotkania-z-politykami-chce-zbudowac-koalicje-dobrych-spraw\/#breadcrumb","itemListElement":[{"@type":"ListItem","position":1,"name":"Home","item":"https:\/\/www.pogotowieflagowe.pl\/aktualne\/"},{"@type":"ListItem","position":2,"name":"Prezydent kontynuuje spotkania z politykami. Chce zbudowa\u0107 \u201ekoalicj\u0119 dobrych spraw\u201d"}]},{"@type":"WebSite","@id":"https:\/\/www.pogotowieflagowe.pl\/aktualne\/#website","url":"https:\/\/www.pogotowieflagowe.pl\/aktualne\/","name":"POGOTOWIE FLAGOWE\u00ae","description":"","publisher":{"@id":"https:\/\/www.pogotowieflagowe.pl\/aktualne\/#organization"},"potentialAction":[{"@type":"SearchAction","target":{"@type":"EntryPoint","urlTemplate":"https:\/\/www.pogotowieflagowe.pl\/aktualne\/?s={search_term_string}"},"query-input":"required name=search_term_string"}],"inLanguage":"pl-PL"},{"@type":"Organization","@id":"https:\/\/www.pogotowieflagowe.pl\/aktualne\/#organization","name":"POGOTOWIE FLAGOWE\u00ae","url":"https:\/\/www.pogotowieflagowe.pl\/aktualne\/","logo":{"@type":"ImageObject","inLanguage":"pl-PL","@id":"https:\/\/www.pogotowieflagowe.pl\/aktualne\/#\/schema\/logo\/image\/","url":"https:\/\/www.pogotowieflagowe.pl\/aktualne\/wp-content\/uploads\/2024\/08\/cropped-pogotowieflagowe_flaga_projekt_sm.jpg","contentUrl":"https:\/\/www.pogotowieflagowe.pl\/aktualne\/wp-content\/uploads\/2024\/08\/cropped-pogotowieflagowe_flaga_projekt_sm.jpg","width":250,"height":143,"caption":"POGOTOWIE FLAGOWE\u00ae"},"image":{"@id":"https:\/\/www.pogotowieflagowe.pl\/aktualne\/#\/schema\/logo\/image\/"}},{"@type":"Person","@id":"https:\/\/www.pogotowieflagowe.pl\/aktualne\/#\/schema\/person\/9c2fb7d2362ebf6fa088960d7f0d27b0","name":"Filip","image":{"@type":"ImageObject","inLanguage":"pl-PL","@id":"https:\/\/www.pogotowieflagowe.pl\/aktualne\/#\/schema\/person\/image\/","url":"https:\/\/www.pogotowieflagowe.pl\/aktualne\/wp-content\/uploads\/2024\/08\/pogotowieflagowe.pl_.jpg","contentUrl":"https:\/\/www.pogotowieflagowe.pl\/aktualne\/wp-content\/uploads\/2024\/08\/pogotowieflagowe.pl_.jpg","caption":"Filip"},"description":"Jestem Filip, polski dziennikarz z dyplomem nauk politycznych Uniwersytetu Warszawskiego. Rozpoczynaj\u0105c swoj\u0105 karier\u0119 w r\u00f3\u017cnych lokalnych mediach, zdoby\u0142em solidne do\u015bwiadczenie w zakresie \u015bledztwa i redakcji. Obecnie jako redaktor w Pogotowie flagowe, staram si\u0119 dostarcza\u0107 dog\u0142\u0119bne i istotne analizy na temat najwa\u017cniejszych kwestii aktualno\u015bci, \u0142\u0105cz\u0105c rygor z pasj\u0105 dziennikarsk\u0105.","sameAs":["https:\/\/www.pogotowieflagowe.pl\/"]}]}},"_links":{"self":[{"href":"https:\/\/www.pogotowieflagowe.pl\/aktualne\/wp-json\/wp\/v2\/posts\/9416","targetHints":{"allow":["GET"]}}],"collection":[{"href":"https:\/\/www.pogotowieflagowe.pl\/aktualne\/wp-json\/wp\/v2\/posts"}],"about":[{"href":"https:\/\/www.pogotowieflagowe.pl\/aktualne\/wp-json\/wp\/v2\/types\/post"}],"author":[{"embeddable":true,"href":"https:\/\/www.pogotowieflagowe.pl\/aktualne\/wp-json\/wp\/v2\/users\/1"}],"replies":[{"embeddable":true,"href":"https:\/\/www.pogotowieflagowe.pl\/aktualne\/wp-json\/wp\/v2\/comments?post=9416"}],"version-history":[{"count":1,"href":"https:\/\/www.pogotowieflagowe.pl\/aktualne\/wp-json\/wp\/v2\/posts\/9416\/revisions"}],"predecessor-version":[{"id":9418,"href":"https:\/\/www.pogotowieflagowe.pl\/aktualne\/wp-json\/wp\/v2\/posts\/9416\/revisions\/9418"}],"wp:featuredmedia":[{"embeddable":true,"href":"https:\/\/www.pogotowieflagowe.pl\/aktualne\/wp-json\/wp\/v2\/media\/9417"}],"wp:attachment":[{"href":"https:\/\/www.pogotowieflagowe.pl\/aktualne\/wp-json\/wp\/v2\/media?parent=9416"}],"wp:term":[{"taxonomy":"category","embeddable":true,"href":"https:\/\/www.pogotowieflagowe.pl\/aktualne\/wp-json\/wp\/v2\/categories?post=9416"},{"taxonomy":"post_tag","embeddable":true,"href":"https:\/\/www.pogotowieflagowe.pl\/aktualne\/wp-json\/wp\/v2\/tags?post=9416"}],"curies":[{"name":"wp","href":"https:\/\/api.w.org\/{rel}","templated":true}]}}