{"id":9422,"date":"2025-10-16T21:46:52","date_gmt":"2025-10-16T19:46:52","guid":{"rendered":"https:\/\/www.pogotowieflagowe.pl\/aktualne\/szokujace-slowa-tuska-na-temat-porozumienia-ue-mercosur-kaczynski-jest-wyraznie-oderwany-od-rzeczywistosci\/"},"modified":"2025-10-16T21:46:53","modified_gmt":"2025-10-16T19:46:53","slug":"szokujace-slowa-tuska-na-temat-porozumienia-ue-mercosur-kaczynski-jest-wyraznie-oderwany-od-rzeczywistosci","status":"publish","type":"post","link":"https:\/\/www.pogotowieflagowe.pl\/aktualne\/szokujace-slowa-tuska-na-temat-porozumienia-ue-mercosur-kaczynski-jest-wyraznie-oderwany-od-rzeczywistosci\/","title":{"rendered":"Szokuj\u0105ce s\u0142owa Tuska na temat porozumienia UE-Mercosur. Kaczy\u0144ski: Jest wyra\u017anie oderwany od rzeczywisto\u015bci"},"content":{"rendered":"\n<div class=\"td_block_wrap tdb_single_content tdi_41 td-pb-border-top td_block_template_8 td-post-content tagdiv-type\" data-td-block-uid=\"tdi_41\">\n<style>.tdi_41{margines-top:0px!important;margin-bottom:0px!important;dope\u0142nienie-g\u00f3ra:0px!important;dope\u0142nienie-d\u00f3\u0142:0px!important}<\/style>\n<style>.tdb_single_content{margin-bottom:0;*zoom:1}.tdb_single_content:before,.tdb_single_content:after{display:table;content:'';line-height:0}.tdb_single_content:after{clear:both}.tdb_single_content .tdb-block-inner>*:not(.wp-block-quote):not(.alignwide):not(.alignfull.wp-block-cover.has-parallax):not(.td-a-ad){margin-left:auto;margin-right:auto}.tdb_single_content a{pointer-events:auto}.tdb_single_content .td-spot-id-top_ad .tdc-placeholder-title:before{content:'Article Top Ad'!important}.tdb_single_content .td-spot-id-inline_ad0 .tdc-placeholder-title:before{content:'Article Reklama wbudowana 1'!important}.tdb_single_content .td-spot-id-inline_ad1 .tdc-placeholder-title:before{content:'Reklama wbudowana w artyku\u0142 2'!important}.tdb_single_content .td-spot-id-inline_ad2 .tdc-placeholder-title:before{content:'Reklama w tek\u015bcie artyku\u0142u 3'!important}.tdb_single_content .td-spot-id-bottom_ad .tdc-placeholder-title:before{content:'Article Bottom Ad'!important}.tdb_single_content .id_top_ad,.tdb_single_content .id_bottom_ad{clear:both;margin-bottom:21px;text-align:center}.tdb_single_content .id_top_ad img,.tdb_single_content .id_bottom_ad img{margin-bottom:0}.tdb_single_content .id_top_ad .adsbygoogle,.tdb_single_content .id_bottom_ad .adsbygoogle{position:relative}.tdb_single_content .id_ad_content-horiz-left,.tdb_single_content .id_ad_content-horiz-right,.tdb_single_content .id_ad_content-horiz-center{margin-bottom:15px}.tdb_single_content .id_ad_content-horiz-left img,.tdb_single_content .id_ad_content-horiz-right img,.tdb_single_content .id_ad_content-horiz-center img{margin-bottom:0}.tdb_single_content .id_ad_content-horiz-center{text-align:center}.tdb_single_content .id_ad_content-horiz-center img{margin-right:auto;margin-left:auto}.tdb_single_content .id_ad_content-horiz-left{float:left;margin-top:9px;margin-right:21px}.tdb_single_content .id_ad_content-horiz-right{float:right;margin-top:6px;margin-left:21px}.tdb_single_content .tdc-a-ad .tdc-placeholder-title{width:300px;height:250px}.tdb_single_content .tdc-a-ad .tdc-placeholder-title:before{position:absolute;top:50%;-webkit-transform:translateY(-50%);transform:translateY(-50%);margin:auto;display:table;width:100%}.tdb_single_content .tdb-block-inner.td-fix-index{word-break:break-word}.tdi_41,.tdi_41>p,.tdi_41 .tdb-block-inner>p,.wp-block-column>p{font-size:16px!important;line-height:1.6!important}.tdi_41 .tdb-block-inner cytat blokowy p{font-style:normal!important}@media (max-width:767px){.tdb_single_content .id_ad_content-horiz-left,.tdb_single_content .id_ad_content-horiz-right,.tdb_single_content .id_ad_content-horiz-center{margin:0 auto 26 pikseli auto}}@media (max-width:767px){.tdb_single_content .id_ad_content-horiz-left{margin-right:0}}@media (max-width:767px){.tdb_single_content .id_ad_content-horiz-right{margin-left:0}}@media (max-width:767px){.tdb_single_content .td-a-ad{float:none;text-align:center}.tdb_single_content .td-a-ad img{margin-right:auto;margin-left:auto}.tdb_single_content .tdc-a-ad{float:none}}<\/style>\n<div class=\"tdb-block-inner td-fix-index\">\n<p><strong>&#8222;Tusk podobno przyzna\u0142 wczoraj, \u017ce uk\u0142ad z krajami Mercosuru faktycznie nie jest taki z\u0142y i \u017ce nie do ko\u0144ca rozumie w czym tkwi problem. Wiedzieli\u015bmy ju\u017c, \u017ce nie szanuje inteligencji Polak\u00f3w, ale teraz zaczyna mie\u0107 problemy ze swoj\u0105&#8230;&#8221; <\/strong>powiedzia\u0142 <em>Prawo i Sprawiedliwo\u015b\u0107 (PiS)<\/em> lider Jaros\u0142aw Kaczy\u0144ski na X.<\/p>\n<h2 class=\"wp-block-heading\"><strong>Dziwne s\u0142owa Tuska na temat porozumienia UE-Mercosur<\/strong><\/h2>\n<p>Podczas spotkania z mieszka\u0144cami Piotrkowa Trybunalskiego premier Donald Tusk nawi\u0105za\u0142 do niedawno przyj\u0119tego <em>UE-Mercosur<\/em> umowy handlowej, co mog\u0142oby skutkowa\u0107 nap\u0142ywem ta\u0144szej, gorszej jako\u015bci \u017cywno\u015bci z kraj\u00f3w Ameryki Po\u0142udniowej do Unii Europejskiej, w tym Polski.<\/p>\n<figure class=\"wp-block-pullquote\">\n<blockquote>\n<p><strong>&#8222;We wszystkich innych krajach UE, ale tak\u017ce w Polsce liczba tych, kt\u00f3rzy skorzystaj\u0105 na porozumieniu Mercosur &#8211; i m\u00f3wi\u0119 tu o eksporterach polskich produkt\u00f3w &#8211; mo\u017ce by\u0107 por\u00f3wnywalna lub nawet wi\u0119ksza od liczby rolnik\u00f3w, kt\u00f3rzy czuj\u0105 si\u0119 zagro\u017ceni. Niestety ka\u017cdy interes ma dwie strony. Jako premier musz\u0119 zadba\u0107 o to, aby polskie produkty mia\u0142y rynki eksportowe. Je\u015bli wi\u0119c odetniemy si\u0119 od reszty \u015bwiata, aby chroni\u0107 polskie produkty rolne, jednocze\u015bnie b\u0119dziemy to robi\u0107 drastycznie ogranicz\u0105 nasze mo\u017cliwo\u015bci eksportowe, by\u0107 mo\u017ce tak\u017ce ze szkod\u0105 dla samych polskich rolnik\u00f3w\u201d<\/strong> powiedzia\u0142.<\/p>\n<\/blockquote>\n<\/figure>\n<p>Tusk zwr\u00f3ci\u0142 si\u0119 w\u00f3wczas do jednego z rolnik\u00f3w z pytaniem, dlaczego argenty\u0144ska wo\u0142owina ma by\u0107 ta\u0144sza od polskiej, dodaj\u0105c, \u017ce on sam nie do ko\u0144ca rozumie t\u0119 kwesti\u0119.<\/p>\n<h2 class=\"wp-block-heading\"><strong>Lider PiS o Tusku: Wyra\u017anie oderwany od rzeczywisto\u015bci<\/strong><\/h2>\n<p><em>Prawo i Sprawiedliwo\u015b\u0107 (PiS)<\/em> Przewodnicz\u0105cy Jaros\u0142aw Kaczy\u0144ski skomentowa\u0142 szokuj\u0105ce s\u0142owa Tuska w po\u015bcie na portalu X.<\/p>\n<figure class=\"wp-block-pullquote\">\n<blockquote>\n<p><strong>&#8222;Tusk podobno przyzna\u0142 wczoraj, \u017ce umowa z krajami Mercosuru faktycznie nie jest taka z\u0142a i \u017ce nie do ko\u0144ca rozumie w czym tkwi problem. Stwierdzi\u0142 te\u017c, \u017ce sprawa 100 konkret\u00f3w jest zamkni\u0119ta, bo skoro dosta\u0142 tylko 31% g\u0142os\u00f3w, to jego zdaniem spe\u0142ni\u0142 zaledwie jedn\u0105 trzeci\u0105 swoich obietnic&#8221;<\/strong> napisa\u0142 Kaczy\u0144ski.<\/p>\n<\/blockquote>\n<\/figure>\n<p>Doda\u0142, \u017ce jego zdaniem premier tak <strong>\u201ewyra\u017anie oderwany od rzeczywisto\u015bci\u201d.<\/strong><\/p>\n<figure class=\"wp-block-pullquote\">\n<blockquote>\n<p><strong>\u201eWiedzieli\u015bmy ju\u017c, \u017ce nie szanuje inteligencji Polak\u00f3w, ale teraz zaczyna mie\u0107 problemy z w\u0142asn\u0105\u2026\u201d<\/strong> \u2013 podsumowa\u0142.<\/p>\n<\/blockquote>\n<\/figure>\n<figure class=\"wp-block-embed is-type-rich is-provider-twitter wp-block-embed-twitter\">\n<div class=\"wp-block-embed__wrapper\">\n<blockquote class=\"twitter-tweet\" data-width=\"550\" data-dnt=\"true\">\n<p lang=\"pl\" dir=\"ltr\">Tusk powiedzia\u0142 wczoraj, \u017ce de facto umowa z krajami Mercosur nie jest taka z\u0142a, a tak naprawd\u0119 nie rozumie, gdzie le\u017cy problem. Uzna\u0142 te\u017c, \u017ce sprawa 100 konkret\u00f3w jest uzasadniona, bo skoro otrzyma\u0142a tylko 31% g\u0142os\u00f3w, to zrealizowa\u0142o \u2013 wed\u0142ug twojego poczucia \u2013 raptem 1\/3\u2026<\/p>\n<p>\u2014 Jaros\u0142aw Kaczy\u0144ski (@OficjalnyJK) <a rel=\"nofollow\" href=\"https:\/\/twitter.com\/OficjalnyJK\/status\/1978767842406257099?ref_src=twsrc%5Etfw\">16 pa\u017adziernika 2025 r<\/a><\/p><\/blockquote>\n<\/div>\n<\/figure>\n<\/div>\n<\/div>\n<p><script async src=\"https:\/\/platform.twitter.com\/widgets.js\" charset=\"utf-8\"><\/script><\/p>\n","protected":false},"excerpt":{"rendered":"<p>&#8222;Tusk podobno przyzna\u0142 wczoraj, \u017ce uk\u0142ad z krajami Mercosuru faktycznie nie jest taki z\u0142y i \u017ce nie do ko\u0144ca rozumie<\/p>\n","protected":false},"author":1,"featured_media":9423,"comment_status":"open","ping_status":"open","sticky":false,"template":"","format":"standard","meta":{"footnotes":""},"categories":[4748],"tags":[111,2766,10932,10539,10933,1208,7880,412,567,5677,6642],"class_list":["post-9422","post","type-post","status-publish","format-standard","has-post-thumbnail","hentry","category-aktualne","tag-jest","tag-kaczynski","tag-oderwany","tag-porozumienia","tag-rzeczywistosci","tag-slowa","tag-szokujace","tag-temat","tag-tuska","tag-uemercosur","tag-wyraznie","generate-columns","tablet-grid-50","mobile-grid-100","grid-parent","grid-50","resize-featured-image"],"yoast_head":"<!-- This site is optimized with the Yoast SEO plugin v23.2 - https:\/\/yoast.com\/wordpress\/plugins\/seo\/ -->\n<title>Szokuj\u0105ce s\u0142owa Tuska na temat porozumienia UE-Mercosur. Kaczy\u0144ski: Jest wyra\u017anie oderwany od rzeczywisto\u015bci - POGOTOWIE FLAGOWE\u00ae<\/title>\n<meta name=\"robots\" content=\"index, follow, max-snippet:-1, max-image-preview:large, max-video-preview:-1\" \/>\n<link rel=\"canonical\" href=\"https:\/\/www.pogotowieflagowe.pl\/aktualne\/szokujace-slowa-tuska-na-temat-porozumienia-ue-mercosur-kaczynski-jest-wyraznie-oderwany-od-rzeczywistosci\/\" \/>\n<meta property=\"og:locale\" content=\"pl_PL\" \/>\n<meta property=\"og:type\" content=\"article\" \/>\n<meta property=\"og:title\" content=\"Szokuj\u0105ce s\u0142owa Tuska na temat porozumienia UE-Mercosur. Kaczy\u0144ski: Jest wyra\u017anie oderwany od rzeczywisto\u015bci - POGOTOWIE FLAGOWE\u00ae\" \/>\n<meta property=\"og:description\" content=\"&#8222;Tusk podobno przyzna\u0142 wczoraj, \u017ce uk\u0142ad z krajami Mercosuru faktycznie nie jest taki z\u0142y i \u017ce nie do ko\u0144ca rozumie\" \/>\n<meta property=\"og:url\" content=\"https:\/\/www.pogotowieflagowe.pl\/aktualne\/szokujace-slowa-tuska-na-temat-porozumienia-ue-mercosur-kaczynski-jest-wyraznie-oderwany-od-rzeczywistosci\/\" \/>\n<meta property=\"og:site_name\" content=\"POGOTOWIE FLAGOWE\u00ae\" \/>\n<meta property=\"article:published_time\" content=\"2025-10-16T19:46:52+00:00\" \/>\n<meta property=\"article:modified_time\" content=\"2025-10-16T19:46:53+00:00\" \/>\n<meta property=\"og:image\" content=\"https:\/\/www.pogotowieflagowe.pl\/aktualne\/wp-content\/uploads\/2025\/10\/Szokujace-slowa-Tuska-na-temat-porozumienia-UE-Mercosur-Kaczynski-Jest-wyraznie.webp.webp\" \/>\n\t<meta property=\"og:image:width\" content=\"1280\" \/>\n\t<meta property=\"og:image:height\" content=\"720\" \/>\n\t<meta property=\"og:image:type\" content=\"image\/webp\" \/>\n<meta name=\"author\" content=\"Filip\" \/>\n<meta name=\"twitter:card\" content=\"summary_large_image\" \/>\n<meta name=\"twitter:label1\" content=\"Napisane przez\" \/>\n\t<meta name=\"twitter:data1\" content=\"Filip\" \/>\n\t<meta name=\"twitter:label2\" content=\"Szacowany czas czytania\" \/>\n\t<meta name=\"twitter:data2\" content=\"2 minuty\" \/>\n<script type=\"application\/ld+json\" class=\"yoast-schema-graph\">{\"@context\":\"https:\/\/schema.org\",\"@graph\":[{\"@type\":\"Article\",\"@id\":\"https:\/\/www.pogotowieflagowe.pl\/aktualne\/szokujace-slowa-tuska-na-temat-porozumienia-ue-mercosur-kaczynski-jest-wyraznie-oderwany-od-rzeczywistosci\/#article\",\"isPartOf\":{\"@id\":\"https:\/\/www.pogotowieflagowe.pl\/aktualne\/szokujace-slowa-tuska-na-temat-porozumienia-ue-mercosur-kaczynski-jest-wyraznie-oderwany-od-rzeczywistosci\/\"},\"author\":{\"name\":\"Filip\",\"@id\":\"https:\/\/www.pogotowieflagowe.pl\/aktualne\/#\/schema\/person\/9c2fb7d2362ebf6fa088960d7f0d27b0\"},\"headline\":\"Szokuj\u0105ce s\u0142owa Tuska na temat porozumienia UE-Mercosur. Kaczy\u0144ski: Jest wyra\u017anie oderwany od rzeczywisto\u015bci\",\"datePublished\":\"2025-10-16T19:46:52+00:00\",\"dateModified\":\"2025-10-16T19:46:53+00:00\",\"mainEntityOfPage\":{\"@id\":\"https:\/\/www.pogotowieflagowe.pl\/aktualne\/szokujace-slowa-tuska-na-temat-porozumienia-ue-mercosur-kaczynski-jest-wyraznie-oderwany-od-rzeczywistosci\/\"},\"wordCount\":442,\"commentCount\":0,\"publisher\":{\"@id\":\"https:\/\/www.pogotowieflagowe.pl\/aktualne\/#organization\"},\"image\":{\"@id\":\"https:\/\/www.pogotowieflagowe.pl\/aktualne\/szokujace-slowa-tuska-na-temat-porozumienia-ue-mercosur-kaczynski-jest-wyraznie-oderwany-od-rzeczywistosci\/#primaryimage\"},\"thumbnailUrl\":\"https:\/\/www.pogotowieflagowe.pl\/aktualne\/wp-content\/uploads\/2025\/10\/Szokujace-slowa-Tuska-na-temat-porozumienia-UE-Mercosur-Kaczynski-Jest-wyraznie.webp.webp\",\"keywords\":[\"jest\",\"Kaczy\u0144ski\",\"oderwany\",\"porozumienia\",\"rzeczywisto\u015bci\",\"s\u0142owa\",\"Szokuj\u0105ce\",\"temat\",\"Tuska\",\"UEMercosur\",\"wyra\u017anie\"],\"articleSection\":[\"Aktualne\"],\"inLanguage\":\"pl-PL\",\"potentialAction\":[{\"@type\":\"CommentAction\",\"name\":\"Comment\",\"target\":[\"https:\/\/www.pogotowieflagowe.pl\/aktualne\/szokujace-slowa-tuska-na-temat-porozumienia-ue-mercosur-kaczynski-jest-wyraznie-oderwany-od-rzeczywistosci\/#respond\"]}]},{\"@type\":\"WebPage\",\"@id\":\"https:\/\/www.pogotowieflagowe.pl\/aktualne\/szokujace-slowa-tuska-na-temat-porozumienia-ue-mercosur-kaczynski-jest-wyraznie-oderwany-od-rzeczywistosci\/\",\"url\":\"https:\/\/www.pogotowieflagowe.pl\/aktualne\/szokujace-slowa-tuska-na-temat-porozumienia-ue-mercosur-kaczynski-jest-wyraznie-oderwany-od-rzeczywistosci\/\",\"name\":\"Szokuj\u0105ce s\u0142owa Tuska na temat porozumienia UE-Mercosur. Kaczy\u0144ski: Jest wyra\u017anie oderwany od rzeczywisto\u015bci - POGOTOWIE FLAGOWE\u00ae\",\"isPartOf\":{\"@id\":\"https:\/\/www.pogotowieflagowe.pl\/aktualne\/#website\"},\"primaryImageOfPage\":{\"@id\":\"https:\/\/www.pogotowieflagowe.pl\/aktualne\/szokujace-slowa-tuska-na-temat-porozumienia-ue-mercosur-kaczynski-jest-wyraznie-oderwany-od-rzeczywistosci\/#primaryimage\"},\"image\":{\"@id\":\"https:\/\/www.pogotowieflagowe.pl\/aktualne\/szokujace-slowa-tuska-na-temat-porozumienia-ue-mercosur-kaczynski-jest-wyraznie-oderwany-od-rzeczywistosci\/#primaryimage\"},\"thumbnailUrl\":\"https:\/\/www.pogotowieflagowe.pl\/aktualne\/wp-content\/uploads\/2025\/10\/Szokujace-slowa-Tuska-na-temat-porozumienia-UE-Mercosur-Kaczynski-Jest-wyraznie.webp.webp\",\"datePublished\":\"2025-10-16T19:46:52+00:00\",\"dateModified\":\"2025-10-16T19:46:53+00:00\",\"breadcrumb\":{\"@id\":\"https:\/\/www.pogotowieflagowe.pl\/aktualne\/szokujace-slowa-tuska-na-temat-porozumienia-ue-mercosur-kaczynski-jest-wyraznie-oderwany-od-rzeczywistosci\/#breadcrumb\"},\"inLanguage\":\"pl-PL\",\"potentialAction\":[{\"@type\":\"ReadAction\",\"target\":[\"https:\/\/www.pogotowieflagowe.pl\/aktualne\/szokujace-slowa-tuska-na-temat-porozumienia-ue-mercosur-kaczynski-jest-wyraznie-oderwany-od-rzeczywistosci\/\"]}]},{\"@type\":\"ImageObject\",\"inLanguage\":\"pl-PL\",\"@id\":\"https:\/\/www.pogotowieflagowe.pl\/aktualne\/szokujace-slowa-tuska-na-temat-porozumienia-ue-mercosur-kaczynski-jest-wyraznie-oderwany-od-rzeczywistosci\/#primaryimage\",\"url\":\"https:\/\/www.pogotowieflagowe.pl\/aktualne\/wp-content\/uploads\/2025\/10\/Szokujace-slowa-Tuska-na-temat-porozumienia-UE-Mercosur-Kaczynski-Jest-wyraznie.webp.webp\",\"contentUrl\":\"https:\/\/www.pogotowieflagowe.pl\/aktualne\/wp-content\/uploads\/2025\/10\/Szokujace-slowa-Tuska-na-temat-porozumienia-UE-Mercosur-Kaczynski-Jest-wyraznie.webp.webp\",\"width\":1280,\"height\":720,\"caption\":\"Szokuj\u0105ce s\u0142owa Tuska na temat porozumienia UE-Mercosur. Kaczy\u0144ski: Jest wyra\u017anie oderwany od rzeczywisto\u015bci\"},{\"@type\":\"BreadcrumbList\",\"@id\":\"https:\/\/www.pogotowieflagowe.pl\/aktualne\/szokujace-slowa-tuska-na-temat-porozumienia-ue-mercosur-kaczynski-jest-wyraznie-oderwany-od-rzeczywistosci\/#breadcrumb\",\"itemListElement\":[{\"@type\":\"ListItem\",\"position\":1,\"name\":\"Home\",\"item\":\"https:\/\/www.pogotowieflagowe.pl\/aktualne\/\"},{\"@type\":\"ListItem\",\"position\":2,\"name\":\"Szokuj\u0105ce s\u0142owa Tuska na temat porozumienia UE-Mercosur. Kaczy\u0144ski: Jest wyra\u017anie oderwany od rzeczywisto\u015bci\"}]},{\"@type\":\"WebSite\",\"@id\":\"https:\/\/www.pogotowieflagowe.pl\/aktualne\/#website\",\"url\":\"https:\/\/www.pogotowieflagowe.pl\/aktualne\/\",\"name\":\"POGOTOWIE FLAGOWE\u00ae\",\"description\":\"\",\"publisher\":{\"@id\":\"https:\/\/www.pogotowieflagowe.pl\/aktualne\/#organization\"},\"potentialAction\":[{\"@type\":\"SearchAction\",\"target\":{\"@type\":\"EntryPoint\",\"urlTemplate\":\"https:\/\/www.pogotowieflagowe.pl\/aktualne\/?s={search_term_string}\"},\"query-input\":\"required name=search_term_string\"}],\"inLanguage\":\"pl-PL\"},{\"@type\":\"Organization\",\"@id\":\"https:\/\/www.pogotowieflagowe.pl\/aktualne\/#organization\",\"name\":\"POGOTOWIE FLAGOWE\u00ae\",\"url\":\"https:\/\/www.pogotowieflagowe.pl\/aktualne\/\",\"logo\":{\"@type\":\"ImageObject\",\"inLanguage\":\"pl-PL\",\"@id\":\"https:\/\/www.pogotowieflagowe.pl\/aktualne\/#\/schema\/logo\/image\/\",\"url\":\"https:\/\/www.pogotowieflagowe.pl\/aktualne\/wp-content\/uploads\/2024\/08\/cropped-pogotowieflagowe_flaga_projekt_sm.jpg\",\"contentUrl\":\"https:\/\/www.pogotowieflagowe.pl\/aktualne\/wp-content\/uploads\/2024\/08\/cropped-pogotowieflagowe_flaga_projekt_sm.jpg\",\"width\":250,\"height\":143,\"caption\":\"POGOTOWIE FLAGOWE\u00ae\"},\"image\":{\"@id\":\"https:\/\/www.pogotowieflagowe.pl\/aktualne\/#\/schema\/logo\/image\/\"}},{\"@type\":\"Person\",\"@id\":\"https:\/\/www.pogotowieflagowe.pl\/aktualne\/#\/schema\/person\/9c2fb7d2362ebf6fa088960d7f0d27b0\",\"name\":\"Filip\",\"image\":{\"@type\":\"ImageObject\",\"inLanguage\":\"pl-PL\",\"@id\":\"https:\/\/www.pogotowieflagowe.pl\/aktualne\/#\/schema\/person\/image\/\",\"url\":\"https:\/\/www.pogotowieflagowe.pl\/aktualne\/wp-content\/uploads\/2024\/08\/pogotowieflagowe.pl_.jpg\",\"contentUrl\":\"https:\/\/www.pogotowieflagowe.pl\/aktualne\/wp-content\/uploads\/2024\/08\/pogotowieflagowe.pl_.jpg\",\"caption\":\"Filip\"},\"description\":\"Jestem Filip, polski dziennikarz z dyplomem nauk politycznych Uniwersytetu Warszawskiego. Rozpoczynaj\u0105c swoj\u0105 karier\u0119 w r\u00f3\u017cnych lokalnych mediach, zdoby\u0142em solidne do\u015bwiadczenie w zakresie \u015bledztwa i redakcji. Obecnie jako redaktor w Pogotowie flagowe, staram si\u0119 dostarcza\u0107 dog\u0142\u0119bne i istotne analizy na temat najwa\u017cniejszych kwestii aktualno\u015bci, \u0142\u0105cz\u0105c rygor z pasj\u0105 dziennikarsk\u0105.\",\"sameAs\":[\"https:\/\/www.pogotowieflagowe.pl\/\"]}]}<\/script>\n<!-- \/ Yoast SEO plugin. -->","yoast_head_json":{"title":"Szokuj\u0105ce s\u0142owa Tuska na temat porozumienia UE-Mercosur. Kaczy\u0144ski: Jest wyra\u017anie oderwany od rzeczywisto\u015bci - POGOTOWIE FLAGOWE\u00ae","robots":{"index":"index","follow":"follow","max-snippet":"max-snippet:-1","max-image-preview":"max-image-preview:large","max-video-preview":"max-video-preview:-1"},"canonical":"https:\/\/www.pogotowieflagowe.pl\/aktualne\/szokujace-slowa-tuska-na-temat-porozumienia-ue-mercosur-kaczynski-jest-wyraznie-oderwany-od-rzeczywistosci\/","og_locale":"pl_PL","og_type":"article","og_title":"Szokuj\u0105ce s\u0142owa Tuska na temat porozumienia UE-Mercosur. Kaczy\u0144ski: Jest wyra\u017anie oderwany od rzeczywisto\u015bci - POGOTOWIE FLAGOWE\u00ae","og_description":"&#8222;Tusk podobno przyzna\u0142 wczoraj, \u017ce uk\u0142ad z krajami Mercosuru faktycznie nie jest taki z\u0142y i \u017ce nie do ko\u0144ca rozumie","og_url":"https:\/\/www.pogotowieflagowe.pl\/aktualne\/szokujace-slowa-tuska-na-temat-porozumienia-ue-mercosur-kaczynski-jest-wyraznie-oderwany-od-rzeczywistosci\/","og_site_name":"POGOTOWIE FLAGOWE\u00ae","article_published_time":"2025-10-16T19:46:52+00:00","article_modified_time":"2025-10-16T19:46:53+00:00","og_image":[{"width":1280,"height":720,"url":"https:\/\/www.pogotowieflagowe.pl\/aktualne\/wp-content\/uploads\/2025\/10\/Szokujace-slowa-Tuska-na-temat-porozumienia-UE-Mercosur-Kaczynski-Jest-wyraznie.webp.webp","type":"image\/webp"}],"author":"Filip","twitter_card":"summary_large_image","twitter_misc":{"Napisane przez":"Filip","Szacowany czas czytania":"2 minuty"},"schema":{"@context":"https:\/\/schema.org","@graph":[{"@type":"Article","@id":"https:\/\/www.pogotowieflagowe.pl\/aktualne\/szokujace-slowa-tuska-na-temat-porozumienia-ue-mercosur-kaczynski-jest-wyraznie-oderwany-od-rzeczywistosci\/#article","isPartOf":{"@id":"https:\/\/www.pogotowieflagowe.pl\/aktualne\/szokujace-slowa-tuska-na-temat-porozumienia-ue-mercosur-kaczynski-jest-wyraznie-oderwany-od-rzeczywistosci\/"},"author":{"name":"Filip","@id":"https:\/\/www.pogotowieflagowe.pl\/aktualne\/#\/schema\/person\/9c2fb7d2362ebf6fa088960d7f0d27b0"},"headline":"Szokuj\u0105ce s\u0142owa Tuska na temat porozumienia UE-Mercosur. Kaczy\u0144ski: Jest wyra\u017anie oderwany od rzeczywisto\u015bci","datePublished":"2025-10-16T19:46:52+00:00","dateModified":"2025-10-16T19:46:53+00:00","mainEntityOfPage":{"@id":"https:\/\/www.pogotowieflagowe.pl\/aktualne\/szokujace-slowa-tuska-na-temat-porozumienia-ue-mercosur-kaczynski-jest-wyraznie-oderwany-od-rzeczywistosci\/"},"wordCount":442,"commentCount":0,"publisher":{"@id":"https:\/\/www.pogotowieflagowe.pl\/aktualne\/#organization"},"image":{"@id":"https:\/\/www.pogotowieflagowe.pl\/aktualne\/szokujace-slowa-tuska-na-temat-porozumienia-ue-mercosur-kaczynski-jest-wyraznie-oderwany-od-rzeczywistosci\/#primaryimage"},"thumbnailUrl":"https:\/\/www.pogotowieflagowe.pl\/aktualne\/wp-content\/uploads\/2025\/10\/Szokujace-slowa-Tuska-na-temat-porozumienia-UE-Mercosur-Kaczynski-Jest-wyraznie.webp.webp","keywords":["jest","Kaczy\u0144ski","oderwany","porozumienia","rzeczywisto\u015bci","s\u0142owa","Szokuj\u0105ce","temat","Tuska","UEMercosur","wyra\u017anie"],"articleSection":["Aktualne"],"inLanguage":"pl-PL","potentialAction":[{"@type":"CommentAction","name":"Comment","target":["https:\/\/www.pogotowieflagowe.pl\/aktualne\/szokujace-slowa-tuska-na-temat-porozumienia-ue-mercosur-kaczynski-jest-wyraznie-oderwany-od-rzeczywistosci\/#respond"]}]},{"@type":"WebPage","@id":"https:\/\/www.pogotowieflagowe.pl\/aktualne\/szokujace-slowa-tuska-na-temat-porozumienia-ue-mercosur-kaczynski-jest-wyraznie-oderwany-od-rzeczywistosci\/","url":"https:\/\/www.pogotowieflagowe.pl\/aktualne\/szokujace-slowa-tuska-na-temat-porozumienia-ue-mercosur-kaczynski-jest-wyraznie-oderwany-od-rzeczywistosci\/","name":"Szokuj\u0105ce s\u0142owa Tuska na temat porozumienia UE-Mercosur. Kaczy\u0144ski: Jest wyra\u017anie oderwany od rzeczywisto\u015bci - POGOTOWIE FLAGOWE\u00ae","isPartOf":{"@id":"https:\/\/www.pogotowieflagowe.pl\/aktualne\/#website"},"primaryImageOfPage":{"@id":"https:\/\/www.pogotowieflagowe.pl\/aktualne\/szokujace-slowa-tuska-na-temat-porozumienia-ue-mercosur-kaczynski-jest-wyraznie-oderwany-od-rzeczywistosci\/#primaryimage"},"image":{"@id":"https:\/\/www.pogotowieflagowe.pl\/aktualne\/szokujace-slowa-tuska-na-temat-porozumienia-ue-mercosur-kaczynski-jest-wyraznie-oderwany-od-rzeczywistosci\/#primaryimage"},"thumbnailUrl":"https:\/\/www.pogotowieflagowe.pl\/aktualne\/wp-content\/uploads\/2025\/10\/Szokujace-slowa-Tuska-na-temat-porozumienia-UE-Mercosur-Kaczynski-Jest-wyraznie.webp.webp","datePublished":"2025-10-16T19:46:52+00:00","dateModified":"2025-10-16T19:46:53+00:00","breadcrumb":{"@id":"https:\/\/www.pogotowieflagowe.pl\/aktualne\/szokujace-slowa-tuska-na-temat-porozumienia-ue-mercosur-kaczynski-jest-wyraznie-oderwany-od-rzeczywistosci\/#breadcrumb"},"inLanguage":"pl-PL","potentialAction":[{"@type":"ReadAction","target":["https:\/\/www.pogotowieflagowe.pl\/aktualne\/szokujace-slowa-tuska-na-temat-porozumienia-ue-mercosur-kaczynski-jest-wyraznie-oderwany-od-rzeczywistosci\/"]}]},{"@type":"ImageObject","inLanguage":"pl-PL","@id":"https:\/\/www.pogotowieflagowe.pl\/aktualne\/szokujace-slowa-tuska-na-temat-porozumienia-ue-mercosur-kaczynski-jest-wyraznie-oderwany-od-rzeczywistosci\/#primaryimage","url":"https:\/\/www.pogotowieflagowe.pl\/aktualne\/wp-content\/uploads\/2025\/10\/Szokujace-slowa-Tuska-na-temat-porozumienia-UE-Mercosur-Kaczynski-Jest-wyraznie.webp.webp","contentUrl":"https:\/\/www.pogotowieflagowe.pl\/aktualne\/wp-content\/uploads\/2025\/10\/Szokujace-slowa-Tuska-na-temat-porozumienia-UE-Mercosur-Kaczynski-Jest-wyraznie.webp.webp","width":1280,"height":720,"caption":"Szokuj\u0105ce s\u0142owa Tuska na temat porozumienia UE-Mercosur. Kaczy\u0144ski: Jest wyra\u017anie oderwany od rzeczywisto\u015bci"},{"@type":"BreadcrumbList","@id":"https:\/\/www.pogotowieflagowe.pl\/aktualne\/szokujace-slowa-tuska-na-temat-porozumienia-ue-mercosur-kaczynski-jest-wyraznie-oderwany-od-rzeczywistosci\/#breadcrumb","itemListElement":[{"@type":"ListItem","position":1,"name":"Home","item":"https:\/\/www.pogotowieflagowe.pl\/aktualne\/"},{"@type":"ListItem","position":2,"name":"Szokuj\u0105ce s\u0142owa Tuska na temat porozumienia UE-Mercosur. Kaczy\u0144ski: Jest wyra\u017anie oderwany od rzeczywisto\u015bci"}]},{"@type":"WebSite","@id":"https:\/\/www.pogotowieflagowe.pl\/aktualne\/#website","url":"https:\/\/www.pogotowieflagowe.pl\/aktualne\/","name":"POGOTOWIE FLAGOWE\u00ae","description":"","publisher":{"@id":"https:\/\/www.pogotowieflagowe.pl\/aktualne\/#organization"},"potentialAction":[{"@type":"SearchAction","target":{"@type":"EntryPoint","urlTemplate":"https:\/\/www.pogotowieflagowe.pl\/aktualne\/?s={search_term_string}"},"query-input":"required name=search_term_string"}],"inLanguage":"pl-PL"},{"@type":"Organization","@id":"https:\/\/www.pogotowieflagowe.pl\/aktualne\/#organization","name":"POGOTOWIE FLAGOWE\u00ae","url":"https:\/\/www.pogotowieflagowe.pl\/aktualne\/","logo":{"@type":"ImageObject","inLanguage":"pl-PL","@id":"https:\/\/www.pogotowieflagowe.pl\/aktualne\/#\/schema\/logo\/image\/","url":"https:\/\/www.pogotowieflagowe.pl\/aktualne\/wp-content\/uploads\/2024\/08\/cropped-pogotowieflagowe_flaga_projekt_sm.jpg","contentUrl":"https:\/\/www.pogotowieflagowe.pl\/aktualne\/wp-content\/uploads\/2024\/08\/cropped-pogotowieflagowe_flaga_projekt_sm.jpg","width":250,"height":143,"caption":"POGOTOWIE FLAGOWE\u00ae"},"image":{"@id":"https:\/\/www.pogotowieflagowe.pl\/aktualne\/#\/schema\/logo\/image\/"}},{"@type":"Person","@id":"https:\/\/www.pogotowieflagowe.pl\/aktualne\/#\/schema\/person\/9c2fb7d2362ebf6fa088960d7f0d27b0","name":"Filip","image":{"@type":"ImageObject","inLanguage":"pl-PL","@id":"https:\/\/www.pogotowieflagowe.pl\/aktualne\/#\/schema\/person\/image\/","url":"https:\/\/www.pogotowieflagowe.pl\/aktualne\/wp-content\/uploads\/2024\/08\/pogotowieflagowe.pl_.jpg","contentUrl":"https:\/\/www.pogotowieflagowe.pl\/aktualne\/wp-content\/uploads\/2024\/08\/pogotowieflagowe.pl_.jpg","caption":"Filip"},"description":"Jestem Filip, polski dziennikarz z dyplomem nauk politycznych Uniwersytetu Warszawskiego. Rozpoczynaj\u0105c swoj\u0105 karier\u0119 w r\u00f3\u017cnych lokalnych mediach, zdoby\u0142em solidne do\u015bwiadczenie w zakresie \u015bledztwa i redakcji. Obecnie jako redaktor w Pogotowie flagowe, staram si\u0119 dostarcza\u0107 dog\u0142\u0119bne i istotne analizy na temat najwa\u017cniejszych kwestii aktualno\u015bci, \u0142\u0105cz\u0105c rygor z pasj\u0105 dziennikarsk\u0105.","sameAs":["https:\/\/www.pogotowieflagowe.pl\/"]}]}},"_links":{"self":[{"href":"https:\/\/www.pogotowieflagowe.pl\/aktualne\/wp-json\/wp\/v2\/posts\/9422","targetHints":{"allow":["GET"]}}],"collection":[{"href":"https:\/\/www.pogotowieflagowe.pl\/aktualne\/wp-json\/wp\/v2\/posts"}],"about":[{"href":"https:\/\/www.pogotowieflagowe.pl\/aktualne\/wp-json\/wp\/v2\/types\/post"}],"author":[{"embeddable":true,"href":"https:\/\/www.pogotowieflagowe.pl\/aktualne\/wp-json\/wp\/v2\/users\/1"}],"replies":[{"embeddable":true,"href":"https:\/\/www.pogotowieflagowe.pl\/aktualne\/wp-json\/wp\/v2\/comments?post=9422"}],"version-history":[{"count":1,"href":"https:\/\/www.pogotowieflagowe.pl\/aktualne\/wp-json\/wp\/v2\/posts\/9422\/revisions"}],"predecessor-version":[{"id":9424,"href":"https:\/\/www.pogotowieflagowe.pl\/aktualne\/wp-json\/wp\/v2\/posts\/9422\/revisions\/9424"}],"wp:featuredmedia":[{"embeddable":true,"href":"https:\/\/www.pogotowieflagowe.pl\/aktualne\/wp-json\/wp\/v2\/media\/9423"}],"wp:attachment":[{"href":"https:\/\/www.pogotowieflagowe.pl\/aktualne\/wp-json\/wp\/v2\/media?parent=9422"}],"wp:term":[{"taxonomy":"category","embeddable":true,"href":"https:\/\/www.pogotowieflagowe.pl\/aktualne\/wp-json\/wp\/v2\/categories?post=9422"},{"taxonomy":"post_tag","embeddable":true,"href":"https:\/\/www.pogotowieflagowe.pl\/aktualne\/wp-json\/wp\/v2\/tags?post=9422"}],"curies":[{"name":"wp","href":"https:\/\/api.w.org\/{rel}","templated":true}]}}