{"id":9431,"date":"2025-10-17T14:20:06","date_gmt":"2025-10-17T12:20:06","guid":{"rendered":"https:\/\/www.pogotowieflagowe.pl\/aktualne\/prezydent-karol-nawrocki-powoluje-rade-mlodziezy-chce-mlodych-wolnych-i-odwaznie-pozytywnych-mlodych-ludzi\/"},"modified":"2025-10-17T14:20:08","modified_gmt":"2025-10-17T12:20:08","slug":"prezydent-karol-nawrocki-powoluje-rade-mlodziezy-chce-mlodych-wolnych-i-odwaznie-pozytywnych-mlodych-ludzi","status":"publish","type":"post","link":"https:\/\/www.pogotowieflagowe.pl\/aktualne\/prezydent-karol-nawrocki-powoluje-rade-mlodziezy-chce-mlodych-wolnych-i-odwaznie-pozytywnych-mlodych-ludzi\/","title":{"rendered":"Prezydent Karol Nawrocki powo\u0142uje Rad\u0119 M\u0142odzie\u017cy: \u201eChc\u0119 m\u0142odych, wolnych i odwa\u017cnie pozytywnych m\u0142odych ludzi\u201d"},"content":{"rendered":"\n<div class=\"td_block_wrap tdb_single_content tdi_41 td-pb-border-top td_block_template_8 td-post-content tagdiv-type\" data-td-block-uid=\"tdi_41\">\n<style>.tdi_41{margines-top:0px!important;margin-bottom:0px!important;dope\u0142nienie-g\u00f3ra:0px!important;dope\u0142nienie-d\u00f3\u0142:0px!important}<\/style>\n<style>.tdb_single_content{margin-bottom:0;*zoom:1}.tdb_single_content:before,.tdb_single_content:after{display:table;content:'';line-height:0}.tdb_single_content:after{clear:both}.tdb_single_content .tdb-block-inner>*:not(.wp-block-quote):not(.alignwide):not(.alignfull.wp-block-cover.has-parallax):not(.td-a-ad){margin-left:auto;margin-right:auto}.tdb_single_content a{pointer-events:auto}.tdb_single_content .td-spot-id-top_ad .tdc-placeholder-title:before{content:'Article Top Ad'!important}.tdb_single_content .td-spot-id-inline_ad0 .tdc-placeholder-title:before{content:'Article Reklama wbudowana 1'!important}.tdb_single_content .td-spot-id-inline_ad1 .tdc-placeholder-title:before{content:'Reklama wbudowana w artyku\u0142 2'!important}.tdb_single_content .td-spot-id-inline_ad2 .tdc-placeholder-title:before{content:'Reklama w tek\u015bcie artyku\u0142u 3'!important}.tdb_single_content .td-spot-id-bottom_ad .tdc-placeholder-title:before{content:'Article Bottom Ad'!important}.tdb_single_content .id_top_ad,.tdb_single_content .id_bottom_ad{clear:both;margin-bottom:21px;text-align:center}.tdb_single_content .id_top_ad img,.tdb_single_content .id_bottom_ad img{margin-bottom:0}.tdb_single_content .id_top_ad .adsbygoogle,.tdb_single_content .id_bottom_ad .adsbygoogle{position:relative}.tdb_single_content .id_ad_content-horiz-left,.tdb_single_content .id_ad_content-horiz-right,.tdb_single_content .id_ad_content-horiz-center{margin-bottom:15px}.tdb_single_content .id_ad_content-horiz-left img,.tdb_single_content .id_ad_content-horiz-right img,.tdb_single_content .id_ad_content-horiz-center img{margin-bottom:0}.tdb_single_content .id_ad_content-horiz-center{text-align:center}.tdb_single_content .id_ad_content-horiz-center img{margin-right:auto;margin-left:auto}.tdb_single_content .id_ad_content-horiz-left{float:left;margin-top:9px;margin-right:21px}.tdb_single_content .id_ad_content-horiz-right{float:right;margin-top:6px;margin-left:21px}.tdb_single_content .tdc-a-ad .tdc-placeholder-title{width:300px;height:250px}.tdb_single_content .tdc-a-ad .tdc-placeholder-title:before{position:absolute;top:50%;-webkit-transform:translateY(-50%);transform:translateY(-50%);margin:auto;display:table;width:100%}.tdb_single_content .tdb-block-inner.td-fix-index{word-break:break-word}.tdi_41,.tdi_41>p,.tdi_41 .tdb-block-inner>p,.wp-block-column>p{font-size:16px!important;line-height:1.6!important}.tdi_41 .tdb-block-inner cytat blokowy p{font-style:normal!important}@media (max-width:767px){.tdb_single_content .id_ad_content-horiz-left,.tdb_single_content .id_ad_content-horiz-right,.tdb_single_content .id_ad_content-horiz-center{margin:0 auto 26 pikseli auto}}@media (max-width:767px){.tdb_single_content .id_ad_content-horiz-left{margin-right:0}}@media (max-width:767px){.tdb_single_content .id_ad_content-horiz-right{margin-left:0}}@media (max-width:767px){.tdb_single_content .td-a-ad{float:none;text-align:center}.tdb_single_content .td-a-ad img{margin-right:auto;margin-left:auto}.tdb_single_content .tdc-a-ad{float:none}}<\/style>\n<div class=\"tdb-block-inner td-fix-index\">\n<p>Podczas Krajowego Kongresu Przysz\u0142o\u015bci Instytutu Pami\u0119ci Narodowej (IPN) w \u0141odzi Prezydent RP Karol Nawrocki og\u0142osi\u0142 utworzenie Rady M\u0142odzie\u017cowej przy Kancelarii Prezydenta. Rada skupia przedstawicieli r\u00f3\u017cnych \u015brodowisk m\u0142odego pokolenia.<\/p>\n<figure class=\"wp-block-embed is-type-rich is-provider-twitter wp-block-embed-twitter\">\n<div class=\"wp-block-embed__wrapper\">\n<blockquote class=\"twitter-tweet\" data-width=\"550\" data-dnt=\"true\">\n<p lang=\"pl\" dir=\"ltr\">To Wy jeste\u015bcie przysz\u0142o\u015bci\u0105 \ud83c\uddf5\ud83c\uddf1 <a rel=\"nofollow\" href=\"https:\/\/t.co\/E5QOJG2b65\">pic.twitter.com\/E5QOJG2b65<\/a><\/p>\n<p>\u2014 Karol Nawrocki (@NawrockiKn) <a rel=\"nofollow\" href=\"https:\/\/twitter.com\/NawrockiKn\/status\/1978818908346777683?ref_src=twsrc%5Etfw\">16 pa\u017adziernika 2025 r<\/a><\/p><\/blockquote>\n<\/div>\n<\/figure>\n<h2 class=\"wp-block-heading\">M\u0142odzie\u017c w Centrum Inicjatyw Prezydenckich<\/h2>\n<p>Na Og\u00f3lnopolskim Kongresie Przysz\u0142o\u015bci odbywaj\u0105cym si\u0119 w Zatoce Sportu Politechniki \u0141\u00f3dzkiej pod has\u0142em <em>\u201eHistoria przemawia przez pokolenia\u201d,<\/em> Prezydent Karol Nawrocki zapowiedzia\u0142 utworzenie Rady M\u0142odzie\u017cy przy Kancelarii Prezydenta. Jest to pierwsze szerokie cia\u0142o doradcze powo\u0142ane przez g\u0142ow\u0119 pa\u0144stwa, sk\u0142adaj\u0105ce si\u0119 z czterdziestu os\u00f3b reprezentuj\u0105cych r\u00f3\u017cne \u015brodowiska, od \u015brodowisk studenckich i harcerskich po \u015brodowiska artystyczne, akademickie i patriotyczne.<\/p>\n<figure class=\"wp-block-pullquote\">\n<blockquote>\n<p>&#8222;Wy, droga m\u0142odzie\u017cy, jeste\u015bcie wolni od pewnych ogranicze\u0144, kt\u00f3re w doros\u0142ym \u015bwiecie cz\u0119sto utrudniaj\u0105 rozw\u00f3j Rzeczypospolitej. Ten gen pozytywnej m\u0142odzie\u0144czej \u015bmia\u0142o\u015bci, kt\u00f3ra nap\u0119dza post\u0119p, jest tym, czego potrzebuj\u0119 od Was jako Prezydenta RP&#8221; <\/p>\n<p><cite>\u2013 powiedzia\u0142 Karol Nawrocki.<\/cite><\/p><\/blockquote>\n<\/figure>\n<p>Prezydent podkre\u015bli\u0142 swoje zaanga\u017cowanie w zapewnienie szerokiej reprezentacji r\u00f3\u017cnych punkt\u00f3w widzenia.<\/p>\n<figure class=\"wp-block-pullquote\">\n<blockquote>\n<p>\u201eChc\u0119, aby w Radzie M\u0142odzie\u017cy znale\u017ali si\u0119 ludzie wolni i pozytywnie odwa\u017cni, reprezentuj\u0105cy r\u00f3\u017cne \u015brodowiska polityczne, od konserwatywnych po liberalnych, od prawicy do lewicy\u201d \u2013 doda\u0142.<\/p>\n<p><cite>  doda\u0142.<\/cite><\/p><\/blockquote>\n<\/figure>\n<p>W\u015br\u00f3d powo\u0142anych cz\u0142onk\u00f3w znajduj\u0105 si\u0119 przedstawiciele rad m\u0142odzie\u017cowych, organizacji spo\u0142ecznych i \u015brodowisk akademickich. Prace Rady b\u0119dzie wspiera\u0142 Zast\u0119pca Szefa Kancelarii Prezydenta RP Adam Andruszkiewicz.<\/p>\n<pre class=\"wp-block-preformatted\">The members of the Council include: Micha\u0142 Adamczuk, Micha\u0142 Barna\u015b, Julia Bednarska-Le\u015bniak, Weronika Chmiela, Adam Gole\u0144ski, Blanka Kiesz, Gabriela Kleczkowska, Mi\u0142osz Kozikowski, Miko\u0142aj Krystian, Arkadiusz Lech, Mateusz \u0141ukomski, Teresa Medlakowska, Wojciech Michalski, Adrian Or\u0142\u00f3w, Marcin Osowski, Adam Paczyna, Karolina Pawlak, Zuzanna Paw\u0142owska, Filip Polejowski, Tomasz Pu\u0142tuski, Szymon Rybak, Nina S\u0142awi\u0144ska, Miko\u0142aj Soba\u0144ski-J\u00f3\u017awiak, Sylwester Stachurski, Gracjan Szuwa\u0142a, Oskar \u015aliwka, Hubert Ta\u0142adaj, Adrian Tomicki, Damian Walczyk, Piotr Wasilewski, Karolina Wieczerzak, Antoni Wyliga\u0142a, Miko\u0142aj Zacny, and Ma\u0142gorzata \u017buk.<\/pre>\n<h2 class=\"wp-block-heading\">Debata na temat wsp\u00f3\u0142czesnej edukacji historycznej<\/h2>\n<p>Podczas Kongresu Prezydent wzi\u0105\u0142 tak\u017ce udzia\u0142 w debacie pt <em>\u201eNowoczesna edukacja historyczna jako czynnik kszta\u0142tuj\u0105cy patriotyzm m\u0142odych pokole\u0144 Polak\u00f3w\u201d.<\/em><\/p>\n<figure class=\"wp-block-pullquote\">\n<blockquote>\n<p>\u201ePatriotyzm jest zawsze ten sam \u2013 mi\u0142o\u015b\u0107 do Ojczyzny, do wsp\u00f3lnoty narodowej, do warto\u015bci, kt\u00f3re stoj\u0105 za tym narodem\u201d <\/p>\n<p><cite>\u2013 podkre\u015bli\u0142.<\/cite><\/p><\/blockquote>\n<\/figure>\n<p>Nawrocki zach\u0119ca\u0142 m\u0142odych ludzi do g\u0142\u0119bszej dyskusji historycznej i wykorzystania nowoczesnych technologii w krzewieniu warto\u015bci patriotycznych.<\/p>\n<figure class=\"wp-block-pullquote\">\n<blockquote>\n<p>&#8222;Ponosimy odpowiedzialno\u015b\u0107 wej\u015bcia w rewolucj\u0119 technologiczn\u0105 w zakresie opowiadania historii i patriotyzmu. Nie mo\u017cemy zapewni\u0107 bezpiecze\u0144stwa bez rozwoju nowych technologii. Taka jest rzeczywisto\u015b\u0107 XXI wieku&#8221;<\/p>\n<p><cite>  powiedzia\u0142 Prezydent.<\/cite><\/p><\/blockquote>\n<\/figure>\n<pre class=\"wp-block-preformatted\">The National Future Congress was organized by the \u0141\u00f3d\u017a branch of the Institute of National Remembrance. The event was held under the honorary patronage of the President of the Republic of Poland, Karol Nawrocki. Its aim was to present the history of Poland to the young generation in a modern and engaging way.<\/pre>\n<\/div>\n<\/div>\n<p><script async src=\"https:\/\/platform.twitter.com\/widgets.js\" charset=\"utf-8\"><\/script><\/p>\n","protected":false},"excerpt":{"rendered":"<p>Podczas Krajowego Kongresu Przysz\u0142o\u015bci Instytutu Pami\u0119ci Narodowej (IPN) w \u0141odzi Prezydent RP Karol Nawrocki og\u0142osi\u0142 utworzenie Rady M\u0142odzie\u017cowej przy Kancelarii<\/p>\n","protected":false},"author":1,"featured_media":9432,"comment_status":"open","ping_status":"open","sticky":false,"template":"","format":"standard","meta":{"footnotes":""},"categories":[4748],"tags":[5698,2726,1989,5446,7822,2727,10947,4409,1479,341,5796,7978],"class_list":["post-9431","post","type-post","status-publish","format-standard","has-post-thumbnail","hentry","category-aktualne","tag-chce","tag-karol","tag-ludzi","tag-mlodych","tag-mlodziezy","tag-nawrocki","tag-odwaznie","tag-powoluje","tag-pozytywnych","tag-prezydent","tag-rade","tag-wolnych","generate-columns","tablet-grid-50","mobile-grid-100","grid-parent","grid-50","resize-featured-image"],"yoast_head":"<!-- This site is optimized with the Yoast SEO plugin v23.2 - https:\/\/yoast.com\/wordpress\/plugins\/seo\/ -->\n<title>Prezydent Karol Nawrocki powo\u0142uje Rad\u0119 M\u0142odzie\u017cy: \u201eChc\u0119 m\u0142odych, wolnych i odwa\u017cnie pozytywnych m\u0142odych ludzi\u201d - POGOTOWIE FLAGOWE\u00ae<\/title>\n<meta name=\"robots\" content=\"index, follow, max-snippet:-1, max-image-preview:large, max-video-preview:-1\" \/>\n<link rel=\"canonical\" href=\"https:\/\/www.pogotowieflagowe.pl\/aktualne\/prezydent-karol-nawrocki-powoluje-rade-mlodziezy-chce-mlodych-wolnych-i-odwaznie-pozytywnych-mlodych-ludzi\/\" \/>\n<meta property=\"og:locale\" content=\"pl_PL\" \/>\n<meta property=\"og:type\" content=\"article\" \/>\n<meta property=\"og:title\" content=\"Prezydent Karol Nawrocki powo\u0142uje Rad\u0119 M\u0142odzie\u017cy: \u201eChc\u0119 m\u0142odych, wolnych i odwa\u017cnie pozytywnych m\u0142odych ludzi\u201d - POGOTOWIE FLAGOWE\u00ae\" \/>\n<meta property=\"og:description\" content=\"Podczas Krajowego Kongresu Przysz\u0142o\u015bci Instytutu Pami\u0119ci Narodowej (IPN) w \u0141odzi Prezydent RP Karol Nawrocki og\u0142osi\u0142 utworzenie Rady M\u0142odzie\u017cowej przy Kancelarii\" \/>\n<meta property=\"og:url\" content=\"https:\/\/www.pogotowieflagowe.pl\/aktualne\/prezydent-karol-nawrocki-powoluje-rade-mlodziezy-chce-mlodych-wolnych-i-odwaznie-pozytywnych-mlodych-ludzi\/\" \/>\n<meta property=\"og:site_name\" content=\"POGOTOWIE FLAGOWE\u00ae\" \/>\n<meta property=\"article:published_time\" content=\"2025-10-17T12:20:06+00:00\" \/>\n<meta property=\"article:modified_time\" content=\"2025-10-17T12:20:08+00:00\" \/>\n<meta property=\"og:image\" content=\"https:\/\/www.pogotowieflagowe.pl\/aktualne\/wp-content\/uploads\/2025\/10\/Prezydent-Karol-Nawrocki-powoluje-Rade-Mlodziezy-\u201eChce-mlodych-wolnych-i.jpg\" \/>\n\t<meta property=\"og:image:width\" content=\"2000\" \/>\n\t<meta property=\"og:image:height\" content=\"1125\" \/>\n\t<meta property=\"og:image:type\" content=\"image\/jpeg\" \/>\n<meta name=\"author\" content=\"Filip\" \/>\n<meta name=\"twitter:card\" content=\"summary_large_image\" \/>\n<meta name=\"twitter:label1\" content=\"Napisane przez\" \/>\n\t<meta name=\"twitter:data1\" content=\"Filip\" \/>\n\t<meta name=\"twitter:label2\" content=\"Szacowany czas czytania\" \/>\n\t<meta name=\"twitter:data2\" content=\"3 minuty\" \/>\n<script type=\"application\/ld+json\" class=\"yoast-schema-graph\">{\"@context\":\"https:\/\/schema.org\",\"@graph\":[{\"@type\":\"Article\",\"@id\":\"https:\/\/www.pogotowieflagowe.pl\/aktualne\/prezydent-karol-nawrocki-powoluje-rade-mlodziezy-chce-mlodych-wolnych-i-odwaznie-pozytywnych-mlodych-ludzi\/#article\",\"isPartOf\":{\"@id\":\"https:\/\/www.pogotowieflagowe.pl\/aktualne\/prezydent-karol-nawrocki-powoluje-rade-mlodziezy-chce-mlodych-wolnych-i-odwaznie-pozytywnych-mlodych-ludzi\/\"},\"author\":{\"name\":\"Filip\",\"@id\":\"https:\/\/www.pogotowieflagowe.pl\/aktualne\/#\/schema\/person\/9c2fb7d2362ebf6fa088960d7f0d27b0\"},\"headline\":\"Prezydent Karol Nawrocki powo\u0142uje Rad\u0119 M\u0142odzie\u017cy: \u201eChc\u0119 m\u0142odych, wolnych i odwa\u017cnie pozytywnych m\u0142odych ludzi\u201d\",\"datePublished\":\"2025-10-17T12:20:06+00:00\",\"dateModified\":\"2025-10-17T12:20:08+00:00\",\"mainEntityOfPage\":{\"@id\":\"https:\/\/www.pogotowieflagowe.pl\/aktualne\/prezydent-karol-nawrocki-powoluje-rade-mlodziezy-chce-mlodych-wolnych-i-odwaznie-pozytywnych-mlodych-ludzi\/\"},\"wordCount\":389,\"commentCount\":0,\"publisher\":{\"@id\":\"https:\/\/www.pogotowieflagowe.pl\/aktualne\/#organization\"},\"image\":{\"@id\":\"https:\/\/www.pogotowieflagowe.pl\/aktualne\/prezydent-karol-nawrocki-powoluje-rade-mlodziezy-chce-mlodych-wolnych-i-odwaznie-pozytywnych-mlodych-ludzi\/#primaryimage\"},\"thumbnailUrl\":\"https:\/\/www.pogotowieflagowe.pl\/aktualne\/wp-content\/uploads\/2025\/10\/Prezydent-Karol-Nawrocki-powoluje-Rade-Mlodziezy-\u201eChce-mlodych-wolnych-i.jpg\",\"keywords\":[\"chce\",\"Karol\",\"ludzi\",\"m\u0142odych\",\"m\u0142odzie\u017cy\",\"Nawrocki\",\"odwa\u017cnie\",\"powo\u0142uje\",\"pozytywnych\",\"Prezydent\",\"Rad\u0119\",\"wolnych\"],\"articleSection\":[\"Aktualne\"],\"inLanguage\":\"pl-PL\",\"potentialAction\":[{\"@type\":\"CommentAction\",\"name\":\"Comment\",\"target\":[\"https:\/\/www.pogotowieflagowe.pl\/aktualne\/prezydent-karol-nawrocki-powoluje-rade-mlodziezy-chce-mlodych-wolnych-i-odwaznie-pozytywnych-mlodych-ludzi\/#respond\"]}]},{\"@type\":\"WebPage\",\"@id\":\"https:\/\/www.pogotowieflagowe.pl\/aktualne\/prezydent-karol-nawrocki-powoluje-rade-mlodziezy-chce-mlodych-wolnych-i-odwaznie-pozytywnych-mlodych-ludzi\/\",\"url\":\"https:\/\/www.pogotowieflagowe.pl\/aktualne\/prezydent-karol-nawrocki-powoluje-rade-mlodziezy-chce-mlodych-wolnych-i-odwaznie-pozytywnych-mlodych-ludzi\/\",\"name\":\"Prezydent Karol Nawrocki powo\u0142uje Rad\u0119 M\u0142odzie\u017cy: \u201eChc\u0119 m\u0142odych, wolnych i odwa\u017cnie pozytywnych m\u0142odych ludzi\u201d - POGOTOWIE FLAGOWE\u00ae\",\"isPartOf\":{\"@id\":\"https:\/\/www.pogotowieflagowe.pl\/aktualne\/#website\"},\"primaryImageOfPage\":{\"@id\":\"https:\/\/www.pogotowieflagowe.pl\/aktualne\/prezydent-karol-nawrocki-powoluje-rade-mlodziezy-chce-mlodych-wolnych-i-odwaznie-pozytywnych-mlodych-ludzi\/#primaryimage\"},\"image\":{\"@id\":\"https:\/\/www.pogotowieflagowe.pl\/aktualne\/prezydent-karol-nawrocki-powoluje-rade-mlodziezy-chce-mlodych-wolnych-i-odwaznie-pozytywnych-mlodych-ludzi\/#primaryimage\"},\"thumbnailUrl\":\"https:\/\/www.pogotowieflagowe.pl\/aktualne\/wp-content\/uploads\/2025\/10\/Prezydent-Karol-Nawrocki-powoluje-Rade-Mlodziezy-\u201eChce-mlodych-wolnych-i.jpg\",\"datePublished\":\"2025-10-17T12:20:06+00:00\",\"dateModified\":\"2025-10-17T12:20:08+00:00\",\"breadcrumb\":{\"@id\":\"https:\/\/www.pogotowieflagowe.pl\/aktualne\/prezydent-karol-nawrocki-powoluje-rade-mlodziezy-chce-mlodych-wolnych-i-odwaznie-pozytywnych-mlodych-ludzi\/#breadcrumb\"},\"inLanguage\":\"pl-PL\",\"potentialAction\":[{\"@type\":\"ReadAction\",\"target\":[\"https:\/\/www.pogotowieflagowe.pl\/aktualne\/prezydent-karol-nawrocki-powoluje-rade-mlodziezy-chce-mlodych-wolnych-i-odwaznie-pozytywnych-mlodych-ludzi\/\"]}]},{\"@type\":\"ImageObject\",\"inLanguage\":\"pl-PL\",\"@id\":\"https:\/\/www.pogotowieflagowe.pl\/aktualne\/prezydent-karol-nawrocki-powoluje-rade-mlodziezy-chce-mlodych-wolnych-i-odwaznie-pozytywnych-mlodych-ludzi\/#primaryimage\",\"url\":\"https:\/\/www.pogotowieflagowe.pl\/aktualne\/wp-content\/uploads\/2025\/10\/Prezydent-Karol-Nawrocki-powoluje-Rade-Mlodziezy-\u201eChce-mlodych-wolnych-i.jpg\",\"contentUrl\":\"https:\/\/www.pogotowieflagowe.pl\/aktualne\/wp-content\/uploads\/2025\/10\/Prezydent-Karol-Nawrocki-powoluje-Rade-Mlodziezy-\u201eChce-mlodych-wolnych-i.jpg\",\"width\":2000,\"height\":1125,\"caption\":\"Prezydent Karol Nawrocki powo\u0142uje Rad\u0119 M\u0142odzie\u017cy: \u201eChc\u0119 m\u0142odych, wolnych i odwa\u017cnie pozytywnych m\u0142odych ludzi\u201d\"},{\"@type\":\"BreadcrumbList\",\"@id\":\"https:\/\/www.pogotowieflagowe.pl\/aktualne\/prezydent-karol-nawrocki-powoluje-rade-mlodziezy-chce-mlodych-wolnych-i-odwaznie-pozytywnych-mlodych-ludzi\/#breadcrumb\",\"itemListElement\":[{\"@type\":\"ListItem\",\"position\":1,\"name\":\"Home\",\"item\":\"https:\/\/www.pogotowieflagowe.pl\/aktualne\/\"},{\"@type\":\"ListItem\",\"position\":2,\"name\":\"Prezydent Karol Nawrocki powo\u0142uje Rad\u0119 M\u0142odzie\u017cy: \u201eChc\u0119 m\u0142odych, wolnych i odwa\u017cnie pozytywnych m\u0142odych ludzi\u201d\"}]},{\"@type\":\"WebSite\",\"@id\":\"https:\/\/www.pogotowieflagowe.pl\/aktualne\/#website\",\"url\":\"https:\/\/www.pogotowieflagowe.pl\/aktualne\/\",\"name\":\"POGOTOWIE FLAGOWE\u00ae\",\"description\":\"\",\"publisher\":{\"@id\":\"https:\/\/www.pogotowieflagowe.pl\/aktualne\/#organization\"},\"potentialAction\":[{\"@type\":\"SearchAction\",\"target\":{\"@type\":\"EntryPoint\",\"urlTemplate\":\"https:\/\/www.pogotowieflagowe.pl\/aktualne\/?s={search_term_string}\"},\"query-input\":\"required name=search_term_string\"}],\"inLanguage\":\"pl-PL\"},{\"@type\":\"Organization\",\"@id\":\"https:\/\/www.pogotowieflagowe.pl\/aktualne\/#organization\",\"name\":\"POGOTOWIE FLAGOWE\u00ae\",\"url\":\"https:\/\/www.pogotowieflagowe.pl\/aktualne\/\",\"logo\":{\"@type\":\"ImageObject\",\"inLanguage\":\"pl-PL\",\"@id\":\"https:\/\/www.pogotowieflagowe.pl\/aktualne\/#\/schema\/logo\/image\/\",\"url\":\"https:\/\/www.pogotowieflagowe.pl\/aktualne\/wp-content\/uploads\/2024\/08\/cropped-pogotowieflagowe_flaga_projekt_sm.jpg\",\"contentUrl\":\"https:\/\/www.pogotowieflagowe.pl\/aktualne\/wp-content\/uploads\/2024\/08\/cropped-pogotowieflagowe_flaga_projekt_sm.jpg\",\"width\":250,\"height\":143,\"caption\":\"POGOTOWIE FLAGOWE\u00ae\"},\"image\":{\"@id\":\"https:\/\/www.pogotowieflagowe.pl\/aktualne\/#\/schema\/logo\/image\/\"}},{\"@type\":\"Person\",\"@id\":\"https:\/\/www.pogotowieflagowe.pl\/aktualne\/#\/schema\/person\/9c2fb7d2362ebf6fa088960d7f0d27b0\",\"name\":\"Filip\",\"image\":{\"@type\":\"ImageObject\",\"inLanguage\":\"pl-PL\",\"@id\":\"https:\/\/www.pogotowieflagowe.pl\/aktualne\/#\/schema\/person\/image\/\",\"url\":\"https:\/\/www.pogotowieflagowe.pl\/aktualne\/wp-content\/uploads\/2024\/08\/pogotowieflagowe.pl_.jpg\",\"contentUrl\":\"https:\/\/www.pogotowieflagowe.pl\/aktualne\/wp-content\/uploads\/2024\/08\/pogotowieflagowe.pl_.jpg\",\"caption\":\"Filip\"},\"description\":\"Jestem Filip, polski dziennikarz z dyplomem nauk politycznych Uniwersytetu Warszawskiego. Rozpoczynaj\u0105c swoj\u0105 karier\u0119 w r\u00f3\u017cnych lokalnych mediach, zdoby\u0142em solidne do\u015bwiadczenie w zakresie \u015bledztwa i redakcji. Obecnie jako redaktor w Pogotowie flagowe, staram si\u0119 dostarcza\u0107 dog\u0142\u0119bne i istotne analizy na temat najwa\u017cniejszych kwestii aktualno\u015bci, \u0142\u0105cz\u0105c rygor z pasj\u0105 dziennikarsk\u0105.\",\"sameAs\":[\"https:\/\/www.pogotowieflagowe.pl\/\"]}]}<\/script>\n<!-- \/ Yoast SEO plugin. -->","yoast_head_json":{"title":"Prezydent Karol Nawrocki powo\u0142uje Rad\u0119 M\u0142odzie\u017cy: \u201eChc\u0119 m\u0142odych, wolnych i odwa\u017cnie pozytywnych m\u0142odych ludzi\u201d - POGOTOWIE FLAGOWE\u00ae","robots":{"index":"index","follow":"follow","max-snippet":"max-snippet:-1","max-image-preview":"max-image-preview:large","max-video-preview":"max-video-preview:-1"},"canonical":"https:\/\/www.pogotowieflagowe.pl\/aktualne\/prezydent-karol-nawrocki-powoluje-rade-mlodziezy-chce-mlodych-wolnych-i-odwaznie-pozytywnych-mlodych-ludzi\/","og_locale":"pl_PL","og_type":"article","og_title":"Prezydent Karol Nawrocki powo\u0142uje Rad\u0119 M\u0142odzie\u017cy: \u201eChc\u0119 m\u0142odych, wolnych i odwa\u017cnie pozytywnych m\u0142odych ludzi\u201d - POGOTOWIE FLAGOWE\u00ae","og_description":"Podczas Krajowego Kongresu Przysz\u0142o\u015bci Instytutu Pami\u0119ci Narodowej (IPN) w \u0141odzi Prezydent RP Karol Nawrocki og\u0142osi\u0142 utworzenie Rady M\u0142odzie\u017cowej przy Kancelarii","og_url":"https:\/\/www.pogotowieflagowe.pl\/aktualne\/prezydent-karol-nawrocki-powoluje-rade-mlodziezy-chce-mlodych-wolnych-i-odwaznie-pozytywnych-mlodych-ludzi\/","og_site_name":"POGOTOWIE FLAGOWE\u00ae","article_published_time":"2025-10-17T12:20:06+00:00","article_modified_time":"2025-10-17T12:20:08+00:00","og_image":[{"width":2000,"height":1125,"url":"https:\/\/www.pogotowieflagowe.pl\/aktualne\/wp-content\/uploads\/2025\/10\/Prezydent-Karol-Nawrocki-powoluje-Rade-Mlodziezy-\u201eChce-mlodych-wolnych-i.jpg","type":"image\/jpeg"}],"author":"Filip","twitter_card":"summary_large_image","twitter_misc":{"Napisane przez":"Filip","Szacowany czas czytania":"3 minuty"},"schema":{"@context":"https:\/\/schema.org","@graph":[{"@type":"Article","@id":"https:\/\/www.pogotowieflagowe.pl\/aktualne\/prezydent-karol-nawrocki-powoluje-rade-mlodziezy-chce-mlodych-wolnych-i-odwaznie-pozytywnych-mlodych-ludzi\/#article","isPartOf":{"@id":"https:\/\/www.pogotowieflagowe.pl\/aktualne\/prezydent-karol-nawrocki-powoluje-rade-mlodziezy-chce-mlodych-wolnych-i-odwaznie-pozytywnych-mlodych-ludzi\/"},"author":{"name":"Filip","@id":"https:\/\/www.pogotowieflagowe.pl\/aktualne\/#\/schema\/person\/9c2fb7d2362ebf6fa088960d7f0d27b0"},"headline":"Prezydent Karol Nawrocki powo\u0142uje Rad\u0119 M\u0142odzie\u017cy: \u201eChc\u0119 m\u0142odych, wolnych i odwa\u017cnie pozytywnych m\u0142odych ludzi\u201d","datePublished":"2025-10-17T12:20:06+00:00","dateModified":"2025-10-17T12:20:08+00:00","mainEntityOfPage":{"@id":"https:\/\/www.pogotowieflagowe.pl\/aktualne\/prezydent-karol-nawrocki-powoluje-rade-mlodziezy-chce-mlodych-wolnych-i-odwaznie-pozytywnych-mlodych-ludzi\/"},"wordCount":389,"commentCount":0,"publisher":{"@id":"https:\/\/www.pogotowieflagowe.pl\/aktualne\/#organization"},"image":{"@id":"https:\/\/www.pogotowieflagowe.pl\/aktualne\/prezydent-karol-nawrocki-powoluje-rade-mlodziezy-chce-mlodych-wolnych-i-odwaznie-pozytywnych-mlodych-ludzi\/#primaryimage"},"thumbnailUrl":"https:\/\/www.pogotowieflagowe.pl\/aktualne\/wp-content\/uploads\/2025\/10\/Prezydent-Karol-Nawrocki-powoluje-Rade-Mlodziezy-\u201eChce-mlodych-wolnych-i.jpg","keywords":["chce","Karol","ludzi","m\u0142odych","m\u0142odzie\u017cy","Nawrocki","odwa\u017cnie","powo\u0142uje","pozytywnych","Prezydent","Rad\u0119","wolnych"],"articleSection":["Aktualne"],"inLanguage":"pl-PL","potentialAction":[{"@type":"CommentAction","name":"Comment","target":["https:\/\/www.pogotowieflagowe.pl\/aktualne\/prezydent-karol-nawrocki-powoluje-rade-mlodziezy-chce-mlodych-wolnych-i-odwaznie-pozytywnych-mlodych-ludzi\/#respond"]}]},{"@type":"WebPage","@id":"https:\/\/www.pogotowieflagowe.pl\/aktualne\/prezydent-karol-nawrocki-powoluje-rade-mlodziezy-chce-mlodych-wolnych-i-odwaznie-pozytywnych-mlodych-ludzi\/","url":"https:\/\/www.pogotowieflagowe.pl\/aktualne\/prezydent-karol-nawrocki-powoluje-rade-mlodziezy-chce-mlodych-wolnych-i-odwaznie-pozytywnych-mlodych-ludzi\/","name":"Prezydent Karol Nawrocki powo\u0142uje Rad\u0119 M\u0142odzie\u017cy: \u201eChc\u0119 m\u0142odych, wolnych i odwa\u017cnie pozytywnych m\u0142odych ludzi\u201d - POGOTOWIE FLAGOWE\u00ae","isPartOf":{"@id":"https:\/\/www.pogotowieflagowe.pl\/aktualne\/#website"},"primaryImageOfPage":{"@id":"https:\/\/www.pogotowieflagowe.pl\/aktualne\/prezydent-karol-nawrocki-powoluje-rade-mlodziezy-chce-mlodych-wolnych-i-odwaznie-pozytywnych-mlodych-ludzi\/#primaryimage"},"image":{"@id":"https:\/\/www.pogotowieflagowe.pl\/aktualne\/prezydent-karol-nawrocki-powoluje-rade-mlodziezy-chce-mlodych-wolnych-i-odwaznie-pozytywnych-mlodych-ludzi\/#primaryimage"},"thumbnailUrl":"https:\/\/www.pogotowieflagowe.pl\/aktualne\/wp-content\/uploads\/2025\/10\/Prezydent-Karol-Nawrocki-powoluje-Rade-Mlodziezy-\u201eChce-mlodych-wolnych-i.jpg","datePublished":"2025-10-17T12:20:06+00:00","dateModified":"2025-10-17T12:20:08+00:00","breadcrumb":{"@id":"https:\/\/www.pogotowieflagowe.pl\/aktualne\/prezydent-karol-nawrocki-powoluje-rade-mlodziezy-chce-mlodych-wolnych-i-odwaznie-pozytywnych-mlodych-ludzi\/#breadcrumb"},"inLanguage":"pl-PL","potentialAction":[{"@type":"ReadAction","target":["https:\/\/www.pogotowieflagowe.pl\/aktualne\/prezydent-karol-nawrocki-powoluje-rade-mlodziezy-chce-mlodych-wolnych-i-odwaznie-pozytywnych-mlodych-ludzi\/"]}]},{"@type":"ImageObject","inLanguage":"pl-PL","@id":"https:\/\/www.pogotowieflagowe.pl\/aktualne\/prezydent-karol-nawrocki-powoluje-rade-mlodziezy-chce-mlodych-wolnych-i-odwaznie-pozytywnych-mlodych-ludzi\/#primaryimage","url":"https:\/\/www.pogotowieflagowe.pl\/aktualne\/wp-content\/uploads\/2025\/10\/Prezydent-Karol-Nawrocki-powoluje-Rade-Mlodziezy-\u201eChce-mlodych-wolnych-i.jpg","contentUrl":"https:\/\/www.pogotowieflagowe.pl\/aktualne\/wp-content\/uploads\/2025\/10\/Prezydent-Karol-Nawrocki-powoluje-Rade-Mlodziezy-\u201eChce-mlodych-wolnych-i.jpg","width":2000,"height":1125,"caption":"Prezydent Karol Nawrocki powo\u0142uje Rad\u0119 M\u0142odzie\u017cy: \u201eChc\u0119 m\u0142odych, wolnych i odwa\u017cnie pozytywnych m\u0142odych ludzi\u201d"},{"@type":"BreadcrumbList","@id":"https:\/\/www.pogotowieflagowe.pl\/aktualne\/prezydent-karol-nawrocki-powoluje-rade-mlodziezy-chce-mlodych-wolnych-i-odwaznie-pozytywnych-mlodych-ludzi\/#breadcrumb","itemListElement":[{"@type":"ListItem","position":1,"name":"Home","item":"https:\/\/www.pogotowieflagowe.pl\/aktualne\/"},{"@type":"ListItem","position":2,"name":"Prezydent Karol Nawrocki powo\u0142uje Rad\u0119 M\u0142odzie\u017cy: \u201eChc\u0119 m\u0142odych, wolnych i odwa\u017cnie pozytywnych m\u0142odych ludzi\u201d"}]},{"@type":"WebSite","@id":"https:\/\/www.pogotowieflagowe.pl\/aktualne\/#website","url":"https:\/\/www.pogotowieflagowe.pl\/aktualne\/","name":"POGOTOWIE FLAGOWE\u00ae","description":"","publisher":{"@id":"https:\/\/www.pogotowieflagowe.pl\/aktualne\/#organization"},"potentialAction":[{"@type":"SearchAction","target":{"@type":"EntryPoint","urlTemplate":"https:\/\/www.pogotowieflagowe.pl\/aktualne\/?s={search_term_string}"},"query-input":"required name=search_term_string"}],"inLanguage":"pl-PL"},{"@type":"Organization","@id":"https:\/\/www.pogotowieflagowe.pl\/aktualne\/#organization","name":"POGOTOWIE FLAGOWE\u00ae","url":"https:\/\/www.pogotowieflagowe.pl\/aktualne\/","logo":{"@type":"ImageObject","inLanguage":"pl-PL","@id":"https:\/\/www.pogotowieflagowe.pl\/aktualne\/#\/schema\/logo\/image\/","url":"https:\/\/www.pogotowieflagowe.pl\/aktualne\/wp-content\/uploads\/2024\/08\/cropped-pogotowieflagowe_flaga_projekt_sm.jpg","contentUrl":"https:\/\/www.pogotowieflagowe.pl\/aktualne\/wp-content\/uploads\/2024\/08\/cropped-pogotowieflagowe_flaga_projekt_sm.jpg","width":250,"height":143,"caption":"POGOTOWIE FLAGOWE\u00ae"},"image":{"@id":"https:\/\/www.pogotowieflagowe.pl\/aktualne\/#\/schema\/logo\/image\/"}},{"@type":"Person","@id":"https:\/\/www.pogotowieflagowe.pl\/aktualne\/#\/schema\/person\/9c2fb7d2362ebf6fa088960d7f0d27b0","name":"Filip","image":{"@type":"ImageObject","inLanguage":"pl-PL","@id":"https:\/\/www.pogotowieflagowe.pl\/aktualne\/#\/schema\/person\/image\/","url":"https:\/\/www.pogotowieflagowe.pl\/aktualne\/wp-content\/uploads\/2024\/08\/pogotowieflagowe.pl_.jpg","contentUrl":"https:\/\/www.pogotowieflagowe.pl\/aktualne\/wp-content\/uploads\/2024\/08\/pogotowieflagowe.pl_.jpg","caption":"Filip"},"description":"Jestem Filip, polski dziennikarz z dyplomem nauk politycznych Uniwersytetu Warszawskiego. Rozpoczynaj\u0105c swoj\u0105 karier\u0119 w r\u00f3\u017cnych lokalnych mediach, zdoby\u0142em solidne do\u015bwiadczenie w zakresie \u015bledztwa i redakcji. Obecnie jako redaktor w Pogotowie flagowe, staram si\u0119 dostarcza\u0107 dog\u0142\u0119bne i istotne analizy na temat najwa\u017cniejszych kwestii aktualno\u015bci, \u0142\u0105cz\u0105c rygor z pasj\u0105 dziennikarsk\u0105.","sameAs":["https:\/\/www.pogotowieflagowe.pl\/"]}]}},"_links":{"self":[{"href":"https:\/\/www.pogotowieflagowe.pl\/aktualne\/wp-json\/wp\/v2\/posts\/9431","targetHints":{"allow":["GET"]}}],"collection":[{"href":"https:\/\/www.pogotowieflagowe.pl\/aktualne\/wp-json\/wp\/v2\/posts"}],"about":[{"href":"https:\/\/www.pogotowieflagowe.pl\/aktualne\/wp-json\/wp\/v2\/types\/post"}],"author":[{"embeddable":true,"href":"https:\/\/www.pogotowieflagowe.pl\/aktualne\/wp-json\/wp\/v2\/users\/1"}],"replies":[{"embeddable":true,"href":"https:\/\/www.pogotowieflagowe.pl\/aktualne\/wp-json\/wp\/v2\/comments?post=9431"}],"version-history":[{"count":1,"href":"https:\/\/www.pogotowieflagowe.pl\/aktualne\/wp-json\/wp\/v2\/posts\/9431\/revisions"}],"predecessor-version":[{"id":9433,"href":"https:\/\/www.pogotowieflagowe.pl\/aktualne\/wp-json\/wp\/v2\/posts\/9431\/revisions\/9433"}],"wp:featuredmedia":[{"embeddable":true,"href":"https:\/\/www.pogotowieflagowe.pl\/aktualne\/wp-json\/wp\/v2\/media\/9432"}],"wp:attachment":[{"href":"https:\/\/www.pogotowieflagowe.pl\/aktualne\/wp-json\/wp\/v2\/media?parent=9431"}],"wp:term":[{"taxonomy":"category","embeddable":true,"href":"https:\/\/www.pogotowieflagowe.pl\/aktualne\/wp-json\/wp\/v2\/categories?post=9431"},{"taxonomy":"post_tag","embeddable":true,"href":"https:\/\/www.pogotowieflagowe.pl\/aktualne\/wp-json\/wp\/v2\/tags?post=9431"}],"curies":[{"name":"wp","href":"https:\/\/api.w.org\/{rel}","templated":true}]}}