{"id":9434,"date":"2025-10-17T14:51:00","date_gmt":"2025-10-17T12:51:00","guid":{"rendered":"https:\/\/www.pogotowieflagowe.pl\/aktualne\/nowy-swiadek-w-procesie-sakiewicza-grodzkiego-szokujace-szczegoly\/"},"modified":"2025-10-17T14:51:01","modified_gmt":"2025-10-17T12:51:01","slug":"nowy-swiadek-w-procesie-sakiewicza-grodzkiego-szokujace-szczegoly","status":"publish","type":"post","link":"https:\/\/www.pogotowieflagowe.pl\/aktualne\/nowy-swiadek-w-procesie-sakiewicza-grodzkiego-szokujace-szczegoly\/","title":{"rendered":"Nowy \u015bwiadek w procesie Sakiewicza-Grodzkiego. Szokuj\u0105ce SZCZEG\u00d3\u0141Y!"},"content":{"rendered":"\n<div class=\"td_block_wrap tdb_single_content tdi_41 td-pb-border-top td_block_template_8 td-post-content tagdiv-type\" data-td-block-uid=\"tdi_41\">\n<style>.tdi_41{margines-top:0px!important;margin-bottom:0px!important;dope\u0142nienie-g\u00f3ra:0px!important;dope\u0142nienie-d\u00f3\u0142:0px!important}<\/style>\n<style>.tdb_single_content{margin-bottom:0;*zoom:1}.tdb_single_content:before,.tdb_single_content:after{display:table;content:'';line-height:0}.tdb_single_content:after{clear:both}.tdb_single_content .tdb-block-inner>*:not(.wp-block-quote):not(.alignwide):not(.alignfull.wp-block-cover.has-parallax):not(.td-a-ad){margin-left:auto;margin-right:auto}.tdb_single_content a{pointer-events:auto}.tdb_single_content .td-spot-id-top_ad .tdc-placeholder-title:before{content:'Article Top Ad'!important}.tdb_single_content .td-spot-id-inline_ad0 .tdc-placeholder-title:before{content:'Article Reklama wbudowana 1'!important}.tdb_single_content .td-spot-id-inline_ad1 .tdc-placeholder-title:before{content:'Reklama wbudowana w artyku\u0142 2'!important}.tdb_single_content .td-spot-id-inline_ad2 .tdc-placeholder-title:before{content:'Reklama w tek\u015bcie artyku\u0142u 3'!important}.tdb_single_content .td-spot-id-bottom_ad .tdc-placeholder-title:before{content:'Article Bottom Ad'!important}.tdb_single_content .id_top_ad,.tdb_single_content .id_bottom_ad{clear:both;margin-bottom:21px;text-align:center}.tdb_single_content .id_top_ad img,.tdb_single_content .id_bottom_ad img{margin-bottom:0}.tdb_single_content .id_top_ad .adsbygoogle,.tdb_single_content .id_bottom_ad .adsbygoogle{position:relative}.tdb_single_content .id_ad_content-horiz-left,.tdb_single_content .id_ad_content-horiz-right,.tdb_single_content .id_ad_content-horiz-center{margin-bottom:15px}.tdb_single_content .id_ad_content-horiz-left img,.tdb_single_content .id_ad_content-horiz-right img,.tdb_single_content .id_ad_content-horiz-center img{margin-bottom:0}.tdb_single_content .id_ad_content-horiz-center{text-align:center}.tdb_single_content .id_ad_content-horiz-center img{margin-right:auto;margin-left:auto}.tdb_single_content .id_ad_content-horiz-left{float:left;margin-top:9px;margin-right:21px}.tdb_single_content .id_ad_content-horiz-right{float:right;margin-top:6px;margin-left:21px}.tdb_single_content .tdc-a-ad .tdc-placeholder-title{width:300px;height:250px}.tdb_single_content .tdc-a-ad .tdc-placeholder-title:before{position:absolute;top:50%;-webkit-transform:translateY(-50%);transform:translateY(-50%);margin:auto;display:table;width:100%}.tdb_single_content .tdb-block-inner.td-fix-index{word-break:break-word}.tdi_41,.tdi_41>p,.tdi_41 .tdb-block-inner>p,.wp-block-column>p{font-size:16px!important;line-height:1.6!important}.tdi_41 .tdb-block-inner cytat blokowy p{font-style:normal!important}@media (max-width:767px){.tdb_single_content .id_ad_content-horiz-left,.tdb_single_content .id_ad_content-horiz-right,.tdb_single_content .id_ad_content-horiz-center{margin:0 auto 26 pikseli auto}}@media (max-width:767px){.tdb_single_content .id_ad_content-horiz-left{margin-right:0}}@media (max-width:767px){.tdb_single_content .id_ad_content-horiz-right{margin-left:0}}@media (max-width:767px){.tdb_single_content .td-a-ad{float:none;text-align:center}.tdb_single_content .td-a-ad img{margin-right:auto;margin-left:auto}.tdb_single_content .tdc-a-ad{float:none}}<\/style>\n<div class=\"tdb-block-inner td-fix-index\">\n<p><strong>&#8222;\u015awiadek zg\u0142osi\u0142 si\u0119 dzisiaj o godzinie 8.00 w zwi\u0105zku z moim wczorajszym wyst\u0105pieniem \u2013 lub moimi ostatnimi wyst\u0105pieniami. Zadzwoni\u0142 na infolini\u0119 TV Republika i powiedzia\u0142, \u017ce chce z\u0142o\u017cy\u0107 zeznania. Przes\u0142a\u0142 dokumentacj\u0119, poda\u0142 sw\u00f3j adres, jest oficerem Si\u0142 Zbrojnych RP i opowiedzia\u0142 naprawd\u0119 dramatyczn\u0105 histori\u0119.\u201d<\/strong> \u2013 powiedzia\u0142 Tomasz Sakiewicz na kr\u00f3tko przed rozpraw\u0105, kt\u00f3ra mia\u0142a by\u0107 ostateczn\u0105 rozpraw\u0105 w jego procesie z Tomaszem Grodzkim. Teraz ujawniane s\u0105 szczeg\u00f3\u0142y.<\/p>\n<h2 class=\"wp-block-heading\"><strong>Nowy \u015bwiadek w sprawie Grodzkiej<\/strong><\/h2>\n<p>W lipcu tego roku pojawi\u0142a si\u0119 informacja, \u017ce <em>Prokuratura Okr\u0119gowa w Szczecinie<\/em> umorzy\u0142 \u015bledztwo w sprawie Tomasza Grodzkiego. Sprawa dotyczy\u0142a afery korupcyjnej w szczeci\u0144skim szpitalu, do kt\u00f3rej rzekomo dosz\u0142o, gdy obecny senator z RP <em>Platforma Obywatelska<\/em> (<em>PO<\/em>) by\u0142 dyrektorem plac\u00f3wki. Sprawa dotyczy\u0142a p\u0142atno\u015bci dokonywanych przez pacjent\u00f3w wymagaj\u0105cych pilnej operacji. Praktyka ta zosta\u0142a po raz pierwszy ujawniona w r <em>Gazeta Polska<\/em> dziennikarza Tomasza Duklanowskiego, kt\u00f3ry jak dot\u0105d pozostaje jedyn\u0105 osob\u0105 skazan\u0105 w zwi\u0105zku ze spraw\u0105 \u2013 Grodzki oskar\u017cy\u0142 go o znies\u0142awienie.<\/p>\n<p>W pa\u017adzierniku 2023 r <em>Prokuratura Okr\u0119gowa w Szczecinie<\/em> z\u0142o\u017cy\u0142 wniosek do <em>Senat Rzeczypospolitej Polskiej<\/em> o uchylenie immunitetu Grodzkiego.<\/p>\n<figure class=\"wp-block-pullquote has-text-align-right\">\n<blockquote>\n<p><strong>\u201eZ ustale\u0144 \u015bledztwa wynika, \u017ce \u200b\u200bw latach 2008\u20132019 Tomasz Grodzki kierowa\u0142 dzia\u0142aniami innych os\u00f3b, kt\u00f3re us\u0142ysza\u0142y ju\u017c zarzuty w tej sprawie, i nakazywa\u0142 im pope\u0142nia\u0107 przest\u0119pstwa polegaj\u0105ce na wy\u0142udzaniu pieni\u0119dzy od pacjent\u00f3w za operacje wykonywane w ramach publicznej s\u0142u\u017cby zdrowia\u201d \u2013 doda\u0142.<\/strong><\/p>\n<p><cite>\u2013 stwierdzi\u0142a w swoim o\u015bwiadczeniu prokuratura.<\/cite><\/p><\/blockquote>\n<\/figure>\n<p>Poinformowano, \u017ce zebrano zeznania 236 \u015bwiadk\u00f3w wraz z materia\u0142ami dowodowymi <em>ponad 2 mln z\u0142 nielegalnych zysk\u00f3w<\/em>.<\/p>\n<p>Dzi\u015b TV Republika poinformowa\u0142a, \u017ce \u200b\u200bdo stacji zg\u0142osi\u0142 si\u0119 syn pacjentki rzekomo operowanej przez Tomasza Grodzkiego. Przed operacj\u0105 Grodzki mia\u0142 \u017c\u0105da\u0107 \u0142ap\u00f3wki. \u0141ap\u00f3wka nie zosta\u0142a zap\u0142acona, a kobieta wkr\u00f3tce zmar\u0142a.<\/p>\n<p>To jedna z wielu spraw zwi\u0105zanych ze szpitalem w Szczecinie i fundacj\u0105 za\u0142o\u017con\u0105 przez Tomasza Grodzkiego. Wed\u0142ug dziennikarza Micha\u0142a Jelonka fundacj\u0119 podejrzewano o defraudacj\u0119 ponad <em>2,3 mln z\u0142<\/em> pomi\u0119dzy 2008 a 2019 rokiem. <strong>\u201eMarsza\u0142ek Grodzki mia\u0142 us\u0142ysze\u0107 zarzuty, ale po zmianie rz\u0105du sprawa zosta\u0142a zakopana\u201d \u2013 doda\u0142.<\/strong> powiedzia\u0142.<\/p>\n<h2 class=\"wp-block-heading\"><strong>Tomasz Sakiewicz o szczeg\u00f3\u0142ach<\/strong><\/h2>\n<p>Tu\u017c przed ostatni\u0105 rozpraw\u0105 w <em>Sakiewicz kontra Grodzki<\/em> przypadku szef <em>Dom Wolnego S\u0142owa<\/em> i redaktor naczelny TV Republika udost\u0119pnili wi\u0119cej szczeg\u00f3\u0142\u00f3w na temat nowego \u015bwiadka.<\/p>\n<figure class=\"wp-block-pullquote has-text-align-right\">\n<blockquote>\n<p><strong>&#8222;S\u0105d nie ma jeszcze formalnej wiedzy o tym. \u015awiadek zg\u0142osi\u0142 si\u0119 dzisiaj o 8.00, po moim wczorajszym &#8211; albo po moich ostatnich wyst\u0105pieniach. Zadzwoni\u0142 na infolini\u0119 Republiki i powiedzia\u0142, \u017ce chce z\u0142o\u017cy\u0107 zeznania. Przys\u0142a\u0142 dokumentacj\u0119, poda\u0142 sw\u00f3j adres, jest oficerem WP i opowiedzia\u0142 naprawd\u0119 dramatyczn\u0105 histori\u0119&#8221;<\/strong><\/p>\n<p><cite>&#8211; powiedzia\u0142 Sakiewicz, czekaj\u0105c na zewn\u0105trz <em>S\u0105d Rejonowy dla Warszawy-\u017boliborza<\/em>.<\/cite><\/p><\/blockquote>\n<\/figure>\n<p>Przyw\u00f3dca Republiki wyja\u015bni\u0142: <strong>&#8222;Ponad 20 lat temu jego umieraj\u0105ca matka \u2013 ofiara niemieckich prze\u015bladowa\u0144, zes\u0142ana na przymusowe prace w Niemczech, co zrujnowa\u0142o jej zdrowie \u2013 trafi\u0142a do szpitala w stanie krytycznym. Trzeba by\u0142o j\u0105 ratowa\u0107. Wed\u0142ug m\u0119\u017cczyzny Grodzki za\u017c\u0105da\u0142 od niego, oficera WP, \u201egrubej koperty\u201d. M\u0119\u017cczyzna waha\u0142 si\u0119, co zrobi\u0107. Matka zabroni\u0142a mu wr\u0119cza\u0107 \u0142ap\u00f3wk\u0119 i wkr\u00f3tce\u2026 zmar\u0142a. To jedna z najbardziej wstrz\u0105saj\u0105cych historii jakie kiedykolwiek s\u0142ysza\u0142em.\u201d<\/strong><\/p>\n<figure class=\"wp-block-pullquote has-text-align-right\">\n<blockquote>\n<p><strong>&#8222;Mamy do czynienia z nadzwyczajn\u0105 sytuacj\u0105. S\u0105d b\u0119dzie teraz musia\u0142 podj\u0105\u0107 decyzj\u0119, czy wznowi\u0107 rozpraw\u0119, kontynuowa\u0107 j\u0105 zgodnie z planem, czy te\u017c zamkn\u0105\u0107 j\u0105 i przyst\u0105pi\u0107 do sk\u0142adania wniosk\u00f3w ko\u0144cowych. Wkr\u00f3tce zobaczymy, jak zareaguj\u0105 prawnicy pana Grodzkiego. W akcie oskar\u017cenia Grodzki jest przedstawiany jako szef tej siatki przest\u0119pczej, podczas gdy wszyscy pozostali cz\u0142onkowie siatki stan\u0119li przed s\u0105dem, byli \u015bcigani i skazani \u2013 lub zostan\u0105 \u2013 cho\u0107 jego sprawa zosta\u0142a pogrzebana.\u201d<\/strong><\/p>\n<p><cite>Sakiewicz m\u00f3wi\u0142 dalej.<\/cite><\/p><\/blockquote>\n<\/figure>\n<p>Zdaniem Sakiewicza, <strong>&#8222;\u015acigamy si\u0119 z czasem. Za kilka minut s\u0105d b\u0119dzie musia\u0142 podj\u0105\u0107 decyzj\u0119, czy przes\u0142ucha\u0107 tego kluczowego \u015bwiadka, czy te\u017c zweryfikowa\u0107 jego zeznania w p\u00f3\u017aniejszym terminie \u2013 a mo\u017ce wystarcz\u0105 dziesi\u0105tki wcze\u015bniejszych zezna\u0144. Przedstawili\u015bmy ju\u017c prokuraturze i Komisji tych samych \u015bwiadk\u00f3w, kt\u00f3rzy potwierdzili zarzuty korupcyjne wobec Grodzkiego <em>Centralne Biuro Antykorupcyjne (CBA)<\/em>. To sytuacja zupe\u0142nie jak w Hollywood. Zobaczymy, co stanie si\u0119 dalej. Sama jestem bardzo ciekawa. Nie mog\u0119 zdradzi\u0107 szczeg\u00f3\u0142\u00f3w z przes\u0142uchania, ale \u015bwiadek ten zg\u0142osi\u0142 si\u0119 przed rozpocz\u0119ciem rozprawy. Nie zosta\u0142 jeszcze przes\u0142uchany, ale chce to zrobi\u0107\u201d<\/strong> powiedzia\u0142.<\/p>\n<p>Nast\u0119pnie dziennikarz pokaza\u0142 dokumentacj\u0119 medyczn\u0105 przedmiotowej kobiety.<\/p>\n<figure class=\"wp-block-pullquote has-text-align-right\">\n<blockquote>\n<p><strong>&#8222;To dokumentacja medyczna, kt\u00f3ra w\u0142a\u015bnie do nas dotar\u0142a. To karta pacjenta, kt\u00f3ry zmar\u0142 w wyniku odmowy przyj\u0119cia \u0142ap\u00f3wki. Zamierzam wkr\u00f3tce przedstawi\u0107 j\u0105 s\u0105dowi&#8221;<\/strong><\/p>\n<p><cite>oznajmi\u0142.<\/cite><\/p><\/blockquote>\n<\/figure>\n<\/div>\n<\/div>\n","protected":false},"excerpt":{"rendered":"<p>&#8222;\u015awiadek zg\u0142osi\u0142 si\u0119 dzisiaj o godzinie 8.00 w zwi\u0105zku z moim wczorajszym wyst\u0105pieniem \u2013 lub moimi ostatnimi wyst\u0105pieniami. Zadzwoni\u0142 na<\/p>\n","protected":false},"author":1,"featured_media":9435,"comment_status":"open","ping_status":"open","sticky":false,"template":"","format":"standard","meta":{"footnotes":""},"categories":[4748],"tags":[581,7930,10949,10948,4953,7880],"class_list":["post-9434","post","type-post","status-publish","format-standard","has-post-thumbnail","hentry","category-aktualne","tag-nowy","tag-procesie","tag-sakiewiczagrodzkiego","tag-swiadek","tag-szczegoly","tag-szokujace","generate-columns","tablet-grid-50","mobile-grid-100","grid-parent","grid-50","resize-featured-image"],"yoast_head":"<!-- This site is optimized with the Yoast SEO plugin v23.2 - https:\/\/yoast.com\/wordpress\/plugins\/seo\/ -->\n<title>Nowy \u015bwiadek w procesie Sakiewicza-Grodzkiego. Szokuj\u0105ce SZCZEG\u00d3\u0141Y! - POGOTOWIE FLAGOWE\u00ae<\/title>\n<meta name=\"robots\" content=\"index, follow, max-snippet:-1, max-image-preview:large, max-video-preview:-1\" \/>\n<link rel=\"canonical\" href=\"https:\/\/www.pogotowieflagowe.pl\/aktualne\/nowy-swiadek-w-procesie-sakiewicza-grodzkiego-szokujace-szczegoly\/\" \/>\n<meta property=\"og:locale\" content=\"pl_PL\" \/>\n<meta property=\"og:type\" content=\"article\" \/>\n<meta property=\"og:title\" content=\"Nowy \u015bwiadek w procesie Sakiewicza-Grodzkiego. Szokuj\u0105ce SZCZEG\u00d3\u0141Y! - POGOTOWIE FLAGOWE\u00ae\" \/>\n<meta property=\"og:description\" content=\"&#8222;\u015awiadek zg\u0142osi\u0142 si\u0119 dzisiaj o godzinie 8.00 w zwi\u0105zku z moim wczorajszym wyst\u0105pieniem \u2013 lub moimi ostatnimi wyst\u0105pieniami. Zadzwoni\u0142 na\" \/>\n<meta property=\"og:url\" content=\"https:\/\/www.pogotowieflagowe.pl\/aktualne\/nowy-swiadek-w-procesie-sakiewicza-grodzkiego-szokujace-szczegoly\/\" \/>\n<meta property=\"og:site_name\" content=\"POGOTOWIE FLAGOWE\u00ae\" \/>\n<meta property=\"article:published_time\" content=\"2025-10-17T12:51:00+00:00\" \/>\n<meta property=\"article:modified_time\" content=\"2025-10-17T12:51:01+00:00\" \/>\n<meta property=\"og:image\" content=\"https:\/\/www.pogotowieflagowe.pl\/aktualne\/wp-content\/uploads\/2025\/10\/Nowy-swiadek-w-procesie-Sakiewicza-Grodzkiego-Szokujace-SZCZEGOLY.webp.webp\" \/>\n\t<meta property=\"og:image:width\" content=\"1280\" \/>\n\t<meta property=\"og:image:height\" content=\"720\" \/>\n\t<meta property=\"og:image:type\" content=\"image\/webp\" \/>\n<meta name=\"author\" content=\"Filip\" \/>\n<meta name=\"twitter:card\" content=\"summary_large_image\" \/>\n<meta name=\"twitter:label1\" content=\"Napisane przez\" \/>\n\t<meta name=\"twitter:data1\" content=\"Filip\" \/>\n\t<meta name=\"twitter:label2\" content=\"Szacowany czas czytania\" \/>\n\t<meta name=\"twitter:data2\" content=\"4 minuty\" \/>\n<script type=\"application\/ld+json\" class=\"yoast-schema-graph\">{\"@context\":\"https:\/\/schema.org\",\"@graph\":[{\"@type\":\"Article\",\"@id\":\"https:\/\/www.pogotowieflagowe.pl\/aktualne\/nowy-swiadek-w-procesie-sakiewicza-grodzkiego-szokujace-szczegoly\/#article\",\"isPartOf\":{\"@id\":\"https:\/\/www.pogotowieflagowe.pl\/aktualne\/nowy-swiadek-w-procesie-sakiewicza-grodzkiego-szokujace-szczegoly\/\"},\"author\":{\"name\":\"Filip\",\"@id\":\"https:\/\/www.pogotowieflagowe.pl\/aktualne\/#\/schema\/person\/9c2fb7d2362ebf6fa088960d7f0d27b0\"},\"headline\":\"Nowy \u015bwiadek w procesie Sakiewicza-Grodzkiego. Szokuj\u0105ce SZCZEG\u00d3\u0141Y!\",\"datePublished\":\"2025-10-17T12:51:00+00:00\",\"dateModified\":\"2025-10-17T12:51:01+00:00\",\"mainEntityOfPage\":{\"@id\":\"https:\/\/www.pogotowieflagowe.pl\/aktualne\/nowy-swiadek-w-procesie-sakiewicza-grodzkiego-szokujace-szczegoly\/\"},\"wordCount\":793,\"commentCount\":0,\"publisher\":{\"@id\":\"https:\/\/www.pogotowieflagowe.pl\/aktualne\/#organization\"},\"image\":{\"@id\":\"https:\/\/www.pogotowieflagowe.pl\/aktualne\/nowy-swiadek-w-procesie-sakiewicza-grodzkiego-szokujace-szczegoly\/#primaryimage\"},\"thumbnailUrl\":\"https:\/\/www.pogotowieflagowe.pl\/aktualne\/wp-content\/uploads\/2025\/10\/Nowy-swiadek-w-procesie-Sakiewicza-Grodzkiego-Szokujace-SZCZEGOLY.webp.webp\",\"keywords\":[\"Nowy\",\"procesie\",\"SakiewiczaGrodzkiego\",\"\u015bwiadek\",\"szczeg\u00f3\u0142y\",\"Szokuj\u0105ce\"],\"articleSection\":[\"Aktualne\"],\"inLanguage\":\"pl-PL\",\"potentialAction\":[{\"@type\":\"CommentAction\",\"name\":\"Comment\",\"target\":[\"https:\/\/www.pogotowieflagowe.pl\/aktualne\/nowy-swiadek-w-procesie-sakiewicza-grodzkiego-szokujace-szczegoly\/#respond\"]}]},{\"@type\":\"WebPage\",\"@id\":\"https:\/\/www.pogotowieflagowe.pl\/aktualne\/nowy-swiadek-w-procesie-sakiewicza-grodzkiego-szokujace-szczegoly\/\",\"url\":\"https:\/\/www.pogotowieflagowe.pl\/aktualne\/nowy-swiadek-w-procesie-sakiewicza-grodzkiego-szokujace-szczegoly\/\",\"name\":\"Nowy \u015bwiadek w procesie Sakiewicza-Grodzkiego. Szokuj\u0105ce SZCZEG\u00d3\u0141Y! - POGOTOWIE FLAGOWE\u00ae\",\"isPartOf\":{\"@id\":\"https:\/\/www.pogotowieflagowe.pl\/aktualne\/#website\"},\"primaryImageOfPage\":{\"@id\":\"https:\/\/www.pogotowieflagowe.pl\/aktualne\/nowy-swiadek-w-procesie-sakiewicza-grodzkiego-szokujace-szczegoly\/#primaryimage\"},\"image\":{\"@id\":\"https:\/\/www.pogotowieflagowe.pl\/aktualne\/nowy-swiadek-w-procesie-sakiewicza-grodzkiego-szokujace-szczegoly\/#primaryimage\"},\"thumbnailUrl\":\"https:\/\/www.pogotowieflagowe.pl\/aktualne\/wp-content\/uploads\/2025\/10\/Nowy-swiadek-w-procesie-Sakiewicza-Grodzkiego-Szokujace-SZCZEGOLY.webp.webp\",\"datePublished\":\"2025-10-17T12:51:00+00:00\",\"dateModified\":\"2025-10-17T12:51:01+00:00\",\"breadcrumb\":{\"@id\":\"https:\/\/www.pogotowieflagowe.pl\/aktualne\/nowy-swiadek-w-procesie-sakiewicza-grodzkiego-szokujace-szczegoly\/#breadcrumb\"},\"inLanguage\":\"pl-PL\",\"potentialAction\":[{\"@type\":\"ReadAction\",\"target\":[\"https:\/\/www.pogotowieflagowe.pl\/aktualne\/nowy-swiadek-w-procesie-sakiewicza-grodzkiego-szokujace-szczegoly\/\"]}]},{\"@type\":\"ImageObject\",\"inLanguage\":\"pl-PL\",\"@id\":\"https:\/\/www.pogotowieflagowe.pl\/aktualne\/nowy-swiadek-w-procesie-sakiewicza-grodzkiego-szokujace-szczegoly\/#primaryimage\",\"url\":\"https:\/\/www.pogotowieflagowe.pl\/aktualne\/wp-content\/uploads\/2025\/10\/Nowy-swiadek-w-procesie-Sakiewicza-Grodzkiego-Szokujace-SZCZEGOLY.webp.webp\",\"contentUrl\":\"https:\/\/www.pogotowieflagowe.pl\/aktualne\/wp-content\/uploads\/2025\/10\/Nowy-swiadek-w-procesie-Sakiewicza-Grodzkiego-Szokujace-SZCZEGOLY.webp.webp\",\"width\":1280,\"height\":720,\"caption\":\"Nowy \u015bwiadek w procesie Sakiewicza-Grodzkiego. Szokuj\u0105ce SZCZEG\u00d3\u0141Y!\"},{\"@type\":\"BreadcrumbList\",\"@id\":\"https:\/\/www.pogotowieflagowe.pl\/aktualne\/nowy-swiadek-w-procesie-sakiewicza-grodzkiego-szokujace-szczegoly\/#breadcrumb\",\"itemListElement\":[{\"@type\":\"ListItem\",\"position\":1,\"name\":\"Home\",\"item\":\"https:\/\/www.pogotowieflagowe.pl\/aktualne\/\"},{\"@type\":\"ListItem\",\"position\":2,\"name\":\"Nowy \u015bwiadek w procesie Sakiewicza-Grodzkiego. Szokuj\u0105ce SZCZEG\u00d3\u0141Y!\"}]},{\"@type\":\"WebSite\",\"@id\":\"https:\/\/www.pogotowieflagowe.pl\/aktualne\/#website\",\"url\":\"https:\/\/www.pogotowieflagowe.pl\/aktualne\/\",\"name\":\"POGOTOWIE FLAGOWE\u00ae\",\"description\":\"\",\"publisher\":{\"@id\":\"https:\/\/www.pogotowieflagowe.pl\/aktualne\/#organization\"},\"potentialAction\":[{\"@type\":\"SearchAction\",\"target\":{\"@type\":\"EntryPoint\",\"urlTemplate\":\"https:\/\/www.pogotowieflagowe.pl\/aktualne\/?s={search_term_string}\"},\"query-input\":\"required name=search_term_string\"}],\"inLanguage\":\"pl-PL\"},{\"@type\":\"Organization\",\"@id\":\"https:\/\/www.pogotowieflagowe.pl\/aktualne\/#organization\",\"name\":\"POGOTOWIE FLAGOWE\u00ae\",\"url\":\"https:\/\/www.pogotowieflagowe.pl\/aktualne\/\",\"logo\":{\"@type\":\"ImageObject\",\"inLanguage\":\"pl-PL\",\"@id\":\"https:\/\/www.pogotowieflagowe.pl\/aktualne\/#\/schema\/logo\/image\/\",\"url\":\"https:\/\/www.pogotowieflagowe.pl\/aktualne\/wp-content\/uploads\/2024\/08\/cropped-pogotowieflagowe_flaga_projekt_sm.jpg\",\"contentUrl\":\"https:\/\/www.pogotowieflagowe.pl\/aktualne\/wp-content\/uploads\/2024\/08\/cropped-pogotowieflagowe_flaga_projekt_sm.jpg\",\"width\":250,\"height\":143,\"caption\":\"POGOTOWIE FLAGOWE\u00ae\"},\"image\":{\"@id\":\"https:\/\/www.pogotowieflagowe.pl\/aktualne\/#\/schema\/logo\/image\/\"}},{\"@type\":\"Person\",\"@id\":\"https:\/\/www.pogotowieflagowe.pl\/aktualne\/#\/schema\/person\/9c2fb7d2362ebf6fa088960d7f0d27b0\",\"name\":\"Filip\",\"image\":{\"@type\":\"ImageObject\",\"inLanguage\":\"pl-PL\",\"@id\":\"https:\/\/www.pogotowieflagowe.pl\/aktualne\/#\/schema\/person\/image\/\",\"url\":\"https:\/\/www.pogotowieflagowe.pl\/aktualne\/wp-content\/uploads\/2024\/08\/pogotowieflagowe.pl_.jpg\",\"contentUrl\":\"https:\/\/www.pogotowieflagowe.pl\/aktualne\/wp-content\/uploads\/2024\/08\/pogotowieflagowe.pl_.jpg\",\"caption\":\"Filip\"},\"description\":\"Jestem Filip, polski dziennikarz z dyplomem nauk politycznych Uniwersytetu Warszawskiego. Rozpoczynaj\u0105c swoj\u0105 karier\u0119 w r\u00f3\u017cnych lokalnych mediach, zdoby\u0142em solidne do\u015bwiadczenie w zakresie \u015bledztwa i redakcji. Obecnie jako redaktor w Pogotowie flagowe, staram si\u0119 dostarcza\u0107 dog\u0142\u0119bne i istotne analizy na temat najwa\u017cniejszych kwestii aktualno\u015bci, \u0142\u0105cz\u0105c rygor z pasj\u0105 dziennikarsk\u0105.\",\"sameAs\":[\"https:\/\/www.pogotowieflagowe.pl\/\"]}]}<\/script>\n<!-- \/ Yoast SEO plugin. -->","yoast_head_json":{"title":"Nowy \u015bwiadek w procesie Sakiewicza-Grodzkiego. Szokuj\u0105ce SZCZEG\u00d3\u0141Y! - POGOTOWIE FLAGOWE\u00ae","robots":{"index":"index","follow":"follow","max-snippet":"max-snippet:-1","max-image-preview":"max-image-preview:large","max-video-preview":"max-video-preview:-1"},"canonical":"https:\/\/www.pogotowieflagowe.pl\/aktualne\/nowy-swiadek-w-procesie-sakiewicza-grodzkiego-szokujace-szczegoly\/","og_locale":"pl_PL","og_type":"article","og_title":"Nowy \u015bwiadek w procesie Sakiewicza-Grodzkiego. Szokuj\u0105ce SZCZEG\u00d3\u0141Y! - POGOTOWIE FLAGOWE\u00ae","og_description":"&#8222;\u015awiadek zg\u0142osi\u0142 si\u0119 dzisiaj o godzinie 8.00 w zwi\u0105zku z moim wczorajszym wyst\u0105pieniem \u2013 lub moimi ostatnimi wyst\u0105pieniami. Zadzwoni\u0142 na","og_url":"https:\/\/www.pogotowieflagowe.pl\/aktualne\/nowy-swiadek-w-procesie-sakiewicza-grodzkiego-szokujace-szczegoly\/","og_site_name":"POGOTOWIE FLAGOWE\u00ae","article_published_time":"2025-10-17T12:51:00+00:00","article_modified_time":"2025-10-17T12:51:01+00:00","og_image":[{"width":1280,"height":720,"url":"https:\/\/www.pogotowieflagowe.pl\/aktualne\/wp-content\/uploads\/2025\/10\/Nowy-swiadek-w-procesie-Sakiewicza-Grodzkiego-Szokujace-SZCZEGOLY.webp.webp","type":"image\/webp"}],"author":"Filip","twitter_card":"summary_large_image","twitter_misc":{"Napisane przez":"Filip","Szacowany czas czytania":"4 minuty"},"schema":{"@context":"https:\/\/schema.org","@graph":[{"@type":"Article","@id":"https:\/\/www.pogotowieflagowe.pl\/aktualne\/nowy-swiadek-w-procesie-sakiewicza-grodzkiego-szokujace-szczegoly\/#article","isPartOf":{"@id":"https:\/\/www.pogotowieflagowe.pl\/aktualne\/nowy-swiadek-w-procesie-sakiewicza-grodzkiego-szokujace-szczegoly\/"},"author":{"name":"Filip","@id":"https:\/\/www.pogotowieflagowe.pl\/aktualne\/#\/schema\/person\/9c2fb7d2362ebf6fa088960d7f0d27b0"},"headline":"Nowy \u015bwiadek w procesie Sakiewicza-Grodzkiego. Szokuj\u0105ce SZCZEG\u00d3\u0141Y!","datePublished":"2025-10-17T12:51:00+00:00","dateModified":"2025-10-17T12:51:01+00:00","mainEntityOfPage":{"@id":"https:\/\/www.pogotowieflagowe.pl\/aktualne\/nowy-swiadek-w-procesie-sakiewicza-grodzkiego-szokujace-szczegoly\/"},"wordCount":793,"commentCount":0,"publisher":{"@id":"https:\/\/www.pogotowieflagowe.pl\/aktualne\/#organization"},"image":{"@id":"https:\/\/www.pogotowieflagowe.pl\/aktualne\/nowy-swiadek-w-procesie-sakiewicza-grodzkiego-szokujace-szczegoly\/#primaryimage"},"thumbnailUrl":"https:\/\/www.pogotowieflagowe.pl\/aktualne\/wp-content\/uploads\/2025\/10\/Nowy-swiadek-w-procesie-Sakiewicza-Grodzkiego-Szokujace-SZCZEGOLY.webp.webp","keywords":["Nowy","procesie","SakiewiczaGrodzkiego","\u015bwiadek","szczeg\u00f3\u0142y","Szokuj\u0105ce"],"articleSection":["Aktualne"],"inLanguage":"pl-PL","potentialAction":[{"@type":"CommentAction","name":"Comment","target":["https:\/\/www.pogotowieflagowe.pl\/aktualne\/nowy-swiadek-w-procesie-sakiewicza-grodzkiego-szokujace-szczegoly\/#respond"]}]},{"@type":"WebPage","@id":"https:\/\/www.pogotowieflagowe.pl\/aktualne\/nowy-swiadek-w-procesie-sakiewicza-grodzkiego-szokujace-szczegoly\/","url":"https:\/\/www.pogotowieflagowe.pl\/aktualne\/nowy-swiadek-w-procesie-sakiewicza-grodzkiego-szokujace-szczegoly\/","name":"Nowy \u015bwiadek w procesie Sakiewicza-Grodzkiego. Szokuj\u0105ce SZCZEG\u00d3\u0141Y! - POGOTOWIE FLAGOWE\u00ae","isPartOf":{"@id":"https:\/\/www.pogotowieflagowe.pl\/aktualne\/#website"},"primaryImageOfPage":{"@id":"https:\/\/www.pogotowieflagowe.pl\/aktualne\/nowy-swiadek-w-procesie-sakiewicza-grodzkiego-szokujace-szczegoly\/#primaryimage"},"image":{"@id":"https:\/\/www.pogotowieflagowe.pl\/aktualne\/nowy-swiadek-w-procesie-sakiewicza-grodzkiego-szokujace-szczegoly\/#primaryimage"},"thumbnailUrl":"https:\/\/www.pogotowieflagowe.pl\/aktualne\/wp-content\/uploads\/2025\/10\/Nowy-swiadek-w-procesie-Sakiewicza-Grodzkiego-Szokujace-SZCZEGOLY.webp.webp","datePublished":"2025-10-17T12:51:00+00:00","dateModified":"2025-10-17T12:51:01+00:00","breadcrumb":{"@id":"https:\/\/www.pogotowieflagowe.pl\/aktualne\/nowy-swiadek-w-procesie-sakiewicza-grodzkiego-szokujace-szczegoly\/#breadcrumb"},"inLanguage":"pl-PL","potentialAction":[{"@type":"ReadAction","target":["https:\/\/www.pogotowieflagowe.pl\/aktualne\/nowy-swiadek-w-procesie-sakiewicza-grodzkiego-szokujace-szczegoly\/"]}]},{"@type":"ImageObject","inLanguage":"pl-PL","@id":"https:\/\/www.pogotowieflagowe.pl\/aktualne\/nowy-swiadek-w-procesie-sakiewicza-grodzkiego-szokujace-szczegoly\/#primaryimage","url":"https:\/\/www.pogotowieflagowe.pl\/aktualne\/wp-content\/uploads\/2025\/10\/Nowy-swiadek-w-procesie-Sakiewicza-Grodzkiego-Szokujace-SZCZEGOLY.webp.webp","contentUrl":"https:\/\/www.pogotowieflagowe.pl\/aktualne\/wp-content\/uploads\/2025\/10\/Nowy-swiadek-w-procesie-Sakiewicza-Grodzkiego-Szokujace-SZCZEGOLY.webp.webp","width":1280,"height":720,"caption":"Nowy \u015bwiadek w procesie Sakiewicza-Grodzkiego. Szokuj\u0105ce SZCZEG\u00d3\u0141Y!"},{"@type":"BreadcrumbList","@id":"https:\/\/www.pogotowieflagowe.pl\/aktualne\/nowy-swiadek-w-procesie-sakiewicza-grodzkiego-szokujace-szczegoly\/#breadcrumb","itemListElement":[{"@type":"ListItem","position":1,"name":"Home","item":"https:\/\/www.pogotowieflagowe.pl\/aktualne\/"},{"@type":"ListItem","position":2,"name":"Nowy \u015bwiadek w procesie Sakiewicza-Grodzkiego. Szokuj\u0105ce SZCZEG\u00d3\u0141Y!"}]},{"@type":"WebSite","@id":"https:\/\/www.pogotowieflagowe.pl\/aktualne\/#website","url":"https:\/\/www.pogotowieflagowe.pl\/aktualne\/","name":"POGOTOWIE FLAGOWE\u00ae","description":"","publisher":{"@id":"https:\/\/www.pogotowieflagowe.pl\/aktualne\/#organization"},"potentialAction":[{"@type":"SearchAction","target":{"@type":"EntryPoint","urlTemplate":"https:\/\/www.pogotowieflagowe.pl\/aktualne\/?s={search_term_string}"},"query-input":"required name=search_term_string"}],"inLanguage":"pl-PL"},{"@type":"Organization","@id":"https:\/\/www.pogotowieflagowe.pl\/aktualne\/#organization","name":"POGOTOWIE FLAGOWE\u00ae","url":"https:\/\/www.pogotowieflagowe.pl\/aktualne\/","logo":{"@type":"ImageObject","inLanguage":"pl-PL","@id":"https:\/\/www.pogotowieflagowe.pl\/aktualne\/#\/schema\/logo\/image\/","url":"https:\/\/www.pogotowieflagowe.pl\/aktualne\/wp-content\/uploads\/2024\/08\/cropped-pogotowieflagowe_flaga_projekt_sm.jpg","contentUrl":"https:\/\/www.pogotowieflagowe.pl\/aktualne\/wp-content\/uploads\/2024\/08\/cropped-pogotowieflagowe_flaga_projekt_sm.jpg","width":250,"height":143,"caption":"POGOTOWIE FLAGOWE\u00ae"},"image":{"@id":"https:\/\/www.pogotowieflagowe.pl\/aktualne\/#\/schema\/logo\/image\/"}},{"@type":"Person","@id":"https:\/\/www.pogotowieflagowe.pl\/aktualne\/#\/schema\/person\/9c2fb7d2362ebf6fa088960d7f0d27b0","name":"Filip","image":{"@type":"ImageObject","inLanguage":"pl-PL","@id":"https:\/\/www.pogotowieflagowe.pl\/aktualne\/#\/schema\/person\/image\/","url":"https:\/\/www.pogotowieflagowe.pl\/aktualne\/wp-content\/uploads\/2024\/08\/pogotowieflagowe.pl_.jpg","contentUrl":"https:\/\/www.pogotowieflagowe.pl\/aktualne\/wp-content\/uploads\/2024\/08\/pogotowieflagowe.pl_.jpg","caption":"Filip"},"description":"Jestem Filip, polski dziennikarz z dyplomem nauk politycznych Uniwersytetu Warszawskiego. Rozpoczynaj\u0105c swoj\u0105 karier\u0119 w r\u00f3\u017cnych lokalnych mediach, zdoby\u0142em solidne do\u015bwiadczenie w zakresie \u015bledztwa i redakcji. Obecnie jako redaktor w Pogotowie flagowe, staram si\u0119 dostarcza\u0107 dog\u0142\u0119bne i istotne analizy na temat najwa\u017cniejszych kwestii aktualno\u015bci, \u0142\u0105cz\u0105c rygor z pasj\u0105 dziennikarsk\u0105.","sameAs":["https:\/\/www.pogotowieflagowe.pl\/"]}]}},"_links":{"self":[{"href":"https:\/\/www.pogotowieflagowe.pl\/aktualne\/wp-json\/wp\/v2\/posts\/9434","targetHints":{"allow":["GET"]}}],"collection":[{"href":"https:\/\/www.pogotowieflagowe.pl\/aktualne\/wp-json\/wp\/v2\/posts"}],"about":[{"href":"https:\/\/www.pogotowieflagowe.pl\/aktualne\/wp-json\/wp\/v2\/types\/post"}],"author":[{"embeddable":true,"href":"https:\/\/www.pogotowieflagowe.pl\/aktualne\/wp-json\/wp\/v2\/users\/1"}],"replies":[{"embeddable":true,"href":"https:\/\/www.pogotowieflagowe.pl\/aktualne\/wp-json\/wp\/v2\/comments?post=9434"}],"version-history":[{"count":1,"href":"https:\/\/www.pogotowieflagowe.pl\/aktualne\/wp-json\/wp\/v2\/posts\/9434\/revisions"}],"predecessor-version":[{"id":9436,"href":"https:\/\/www.pogotowieflagowe.pl\/aktualne\/wp-json\/wp\/v2\/posts\/9434\/revisions\/9436"}],"wp:featuredmedia":[{"embeddable":true,"href":"https:\/\/www.pogotowieflagowe.pl\/aktualne\/wp-json\/wp\/v2\/media\/9435"}],"wp:attachment":[{"href":"https:\/\/www.pogotowieflagowe.pl\/aktualne\/wp-json\/wp\/v2\/media?parent=9434"}],"wp:term":[{"taxonomy":"category","embeddable":true,"href":"https:\/\/www.pogotowieflagowe.pl\/aktualne\/wp-json\/wp\/v2\/categories?post=9434"},{"taxonomy":"post_tag","embeddable":true,"href":"https:\/\/www.pogotowieflagowe.pl\/aktualne\/wp-json\/wp\/v2\/tags?post=9434"}],"curies":[{"name":"wp","href":"https:\/\/api.w.org\/{rel}","templated":true}]}}