{"id":9446,"date":"2025-10-17T16:24:18","date_gmt":"2025-10-17T14:24:18","guid":{"rendered":"https:\/\/www.pogotowieflagowe.pl\/aktualne\/szokujacy-wyrok-sadu-posel-koalicji-obywatelskiej-roman-giertych-skazany-na-35-tys-zl-za-bezprawne-zatrzymanie-przez-cba\/"},"modified":"2025-10-17T16:24:19","modified_gmt":"2025-10-17T14:24:19","slug":"szokujacy-wyrok-sadu-posel-koalicji-obywatelskiej-roman-giertych-skazany-na-35-tys-zl-za-bezprawne-zatrzymanie-przez-cba","status":"publish","type":"post","link":"https:\/\/www.pogotowieflagowe.pl\/aktualne\/szokujacy-wyrok-sadu-posel-koalicji-obywatelskiej-roman-giertych-skazany-na-35-tys-zl-za-bezprawne-zatrzymanie-przez-cba\/","title":{"rendered":"Szokuj\u0105cy wyrok s\u0105du: pose\u0142 Koalicji Obywatelskiej Roman Giertych skazany na 35 tys. z\u0142 za bezprawne zatrzymanie przez CBA"},"content":{"rendered":"\n<div class=\"td_block_wrap tdb_single_content tdi_41 td-pb-border-top td_block_template_8 td-post-content tagdiv-type\" data-td-block-uid=\"tdi_41\">\n<style>.tdi_41{margines-top:0px!important;margin-bottom:0px!important;dope\u0142nienie-g\u00f3ra:0px!important;dope\u0142nienie-d\u00f3\u0142:0px!important}<\/style>\n<style>.tdb_single_content{margin-bottom:0;*zoom:1}.tdb_single_content:before,.tdb_single_content:after{display:table;content:'';line-height:0}.tdb_single_content:after{clear:both}.tdb_single_content .tdb-block-inner>*:not(.wp-block-quote):not(.alignwide):not(.alignfull.wp-block-cover.has-parallax):not(.td-a-ad){margin-left:auto;margin-right:auto}.tdb_single_content a{pointer-events:auto}.tdb_single_content .td-spot-id-top_ad .tdc-placeholder-title:before{content:'Article Top Ad'!important}.tdb_single_content .td-spot-id-inline_ad0 .tdc-placeholder-title:before{content:'Article Reklama wbudowana 1'!important}.tdb_single_content .td-spot-id-inline_ad1 .tdc-placeholder-title:before{content:'Reklama wbudowana w artyku\u0142 2'!important}.tdb_single_content .td-spot-id-inline_ad2 .tdc-placeholder-title:before{content:'Reklama w tek\u015bcie artyku\u0142u 3'!important}.tdb_single_content .td-spot-id-bottom_ad .tdc-placeholder-title:before{content:'Article Bottom Ad'!important}.tdb_single_content .id_top_ad,.tdb_single_content .id_bottom_ad{clear:both;margin-bottom:21px;text-align:center}.tdb_single_content .id_top_ad img,.tdb_single_content .id_bottom_ad img{margin-bottom:0}.tdb_single_content .id_top_ad .adsbygoogle,.tdb_single_content .id_bottom_ad .adsbygoogle{position:relative}.tdb_single_content .id_ad_content-horiz-left,.tdb_single_content .id_ad_content-horiz-right,.tdb_single_content .id_ad_content-horiz-center{margin-bottom:15px}.tdb_single_content .id_ad_content-horiz-left img,.tdb_single_content .id_ad_content-horiz-right img,.tdb_single_content .id_ad_content-horiz-center img{margin-bottom:0}.tdb_single_content .id_ad_content-horiz-center{text-align:center}.tdb_single_content .id_ad_content-horiz-center img{margin-right:auto;margin-left:auto}.tdb_single_content .id_ad_content-horiz-left{float:left;margin-top:9px;margin-right:21px}.tdb_single_content .id_ad_content-horiz-right{float:right;margin-top:6px;margin-left:21px}.tdb_single_content .tdc-a-ad .tdc-placeholder-title{width:300px;height:250px}.tdb_single_content .tdc-a-ad .tdc-placeholder-title:before{position:absolute;top:50%;-webkit-transform:translateY(-50%);transform:translateY(-50%);margin:auto;display:table;width:100%}.tdb_single_content .tdb-block-inner.td-fix-index{word-break:break-word}.tdi_41,.tdi_41>p,.tdi_41 .tdb-block-inner>p,.wp-block-column>p{font-size:16px!important;line-height:1.6!important}.tdi_41 .tdb-block-inner cytat blokowy p{font-style:normal!important}@media (max-width:767px){.tdb_single_content .id_ad_content-horiz-left,.tdb_single_content .id_ad_content-horiz-right,.tdb_single_content .id_ad_content-horiz-center{margin:0 auto 26 pikseli auto}}@media (max-width:767px){.tdb_single_content .id_ad_content-horiz-left{margin-right:0}}@media (max-width:767px){.tdb_single_content .id_ad_content-horiz-right{margin-left:0}}@media (max-width:767px){.tdb_single_content .td-a-ad{float:none;text-align:center}.tdb_single_content .td-a-ad img{margin-right:auto;margin-left:auto}.tdb_single_content .tdc-a-ad{float:none}}<\/style>\n<div class=\"tdb-block-inner td-fix-index\">\n<p>Roman Giertych, pose\u0142 Koalicji Obywatelskiej, za zatrzymanie, kt\u00f3re mia\u0142o miejsce kilka lat temu, otrzyma 35 tys. z\u0142 odszkodowania. Sprawa dotyczy dzia\u0142a\u0144 prowadzonych przez Centralne Biuro Antykorupcyjne (CBA) w zwi\u0105zku ze \u015bledztwem w sprawie sp\u00f3\u0142ki Polnord.<\/p>\n<p>Giertych zosta\u0142 zatrzymany w pa\u017adzierniku 2020 r. w zwi\u0105zku ze \u015bledztwem dotycz\u0105cym wyrz\u0105dzenia szkody Polnordowi i przyw\u0142aszczenia mienia o warto\u015bci ponad 72 mln z\u0142. W trakcie prowadzonego z nim post\u0119powania CBA nagle zemdla\u0142. Twierdzi\u0142, \u017ce zarzuty nie zosta\u0142y prawid\u0142owo przedstawione, gdy\u017c by\u0142 w\u00f3wczas nieprzytomny. P\u00f3\u017aniej wyjecha\u0142 na d\u0142u\u017cszy czas do W\u0142och, do kt\u00f3rego wr\u00f3ci\u0142 dopiero po zdobyciu mandatu parlamentarnego w wyborach w 2023 roku.<\/p>\n<p>W styczniu 2021 roku S\u0105d Rejonowy Pozna\u0144-Stare Miasto orzek\u0142, \u017ce decyzja o zatrzymaniu Giertycha i przeszukaniu jego domu by\u0142a \u201enieuzasadniona\u201d. S\u0105d uzna\u0142, \u017ce CBA nie jest w\u0142a\u015bciwym organem do prowadzenia takich dzia\u0142a\u0144. W nast\u0119pstwie tego wyroku Giertych podj\u0105\u0142 kroki prawne.<\/p>\n<p>W pierwszej instancji s\u0105d przyzna\u0142 prawnikowi 20 000 z\u0142 odszkodowania. Jednak S\u0105d Apelacyjny w Warszawie zmieni\u0142 p\u00f3\u017aniej orzeczenie, podwy\u017cszaj\u0105c kwot\u0119 do 35 000 z\u0142. Wyrok zapad\u0142 15 pa\u017adziernika.<\/p>\n<p>\u201eB\u0119d\u0119 \u017c\u0105da\u0142 odebrania tych pieni\u0119dzy od prokurator\u00f3w, kt\u00f3rzy zarz\u0105dzili areszt\u201d \u2013 zadeklarowa\u0142 polityk.<\/p>\n<figure class=\"wp-block-embed is-type-rich is-provider-twitter wp-block-embed-twitter\">\n<div class=\"wp-block-embed__wrapper\">\n<blockquote class=\"twitter-tweet\" data-width=\"550\" data-dnt=\"true\">\n<p lang=\"pl\" dir=\"ltr\">S\u0105d Apelacyjny w Warszawie w uzasadnionym wyroku nakaza\u0142 zap\u0142at\u0119 mi 35 000 zado\u015b\u0107uczynienia za oczywi\u015bcie bezpodstawne zatrzymane przez pisowskie CBA 5 lat temu. <br \/>domaga\u0142 si\u0119, aby te pieni\u0105dze zosta\u0142y \u015bci\u0105gni\u0119te od prokurator\u00f3w, kt\u00f3rzy nakazali si\u0119 zatrzyma\u0107.<\/p>\n<p>\u2014 Roman Giertych (@GiertychRoman) <a rel=\"nofollow\" href=\"https:\/\/twitter.com\/GiertychRoman\/status\/1978558076438360297?ref_src=twsrc%5Etfw\">15 pa\u017adziernika 2025 r<\/a><\/p><\/blockquote>\n<\/div>\n<\/figure>\n<h2 class=\"wp-block-heading\">\u015aledztwo umorzono<\/h2>\n<p>Post\u0119powanie przeciwko Giertychowi zosta\u0142o umorzone w styczniu 2025 r. Dziennik <em>Gazeta Polska Codziennie<\/em> ju\u017c w listopadzie 2024 r. informowa\u0142, \u017ce spodziewa si\u0119 takiej decyzji.<\/p>\n<p>Wed\u0142ug <em>GPC<\/em>Pod koniec pa\u017adziernika 2024 r. do Lublina przes\u0142ano dokument podpisany przez prokuratora Marka We\u0142n\u0119, dyrektora Departamentu ds. Przest\u0119pczo\u015bci Gospodarczej Prokuratury Krajowej. W dokumencie podobno sugerowano umorzenie \u015bledztwa przeciwko Giertychowi, gdy\u017c materia\u0142 dowodowy by\u0142 s\u0142aby, a potencjalny akt oskar\u017cenia \u201enie utrzyma\u0142by si\u0119 w s\u0105dzie\u201d.<\/p>\n<\/div>\n<\/div>\n<p><script async src=\"https:\/\/platform.twitter.com\/widgets.js\" charset=\"utf-8\"><\/script><\/p>\n","protected":false},"excerpt":{"rendered":"<p>Roman Giertych, pose\u0142 Koalicji Obywatelskiej, za zatrzymanie, kt\u00f3re mia\u0142o miejsce kilka lat temu, otrzyma 35 tys. z\u0142 odszkodowania. Sprawa dotyczy<\/p>\n","protected":false},"author":1,"featured_media":6329,"comment_status":"open","ping_status":"open","sticky":false,"template":"","format":"standard","meta":{"footnotes":""},"categories":[4748],"tags":[10957,6212,6011,3843,1795,2543,214,6797,1610,2378,986,1304,3042,5130,89],"class_list":["post-9446","post","type-post","status-publish","format-standard","has-post-thumbnail","hentry","category-aktualne","tag-bezprawne","tag-cba","tag-giertych","tag-koalicji","tag-obywatelskiej","tag-posel","tag-przez","tag-roman","tag-sadu","tag-skazany","tag-szokujacy","tag-tys","tag-wyrok","tag-zatrzymanie","tag-zl","generate-columns","tablet-grid-50","mobile-grid-100","grid-parent","grid-50","resize-featured-image"],"yoast_head":"<!-- This site is optimized with the Yoast SEO plugin v23.2 - https:\/\/yoast.com\/wordpress\/plugins\/seo\/ -->\n<title>Szokuj\u0105cy wyrok s\u0105du: pose\u0142 Koalicji Obywatelskiej Roman Giertych skazany na 35 tys. z\u0142 za bezprawne zatrzymanie przez CBA - POGOTOWIE FLAGOWE\u00ae<\/title>\n<meta name=\"robots\" content=\"index, follow, max-snippet:-1, max-image-preview:large, max-video-preview:-1\" \/>\n<link rel=\"canonical\" href=\"https:\/\/www.pogotowieflagowe.pl\/aktualne\/szokujacy-wyrok-sadu-posel-koalicji-obywatelskiej-roman-giertych-skazany-na-35-tys-zl-za-bezprawne-zatrzymanie-przez-cba\/\" \/>\n<meta property=\"og:locale\" content=\"pl_PL\" \/>\n<meta property=\"og:type\" content=\"article\" \/>\n<meta property=\"og:title\" content=\"Szokuj\u0105cy wyrok s\u0105du: pose\u0142 Koalicji Obywatelskiej Roman Giertych skazany na 35 tys. z\u0142 za bezprawne zatrzymanie przez CBA - POGOTOWIE FLAGOWE\u00ae\" \/>\n<meta property=\"og:description\" content=\"Roman Giertych, pose\u0142 Koalicji Obywatelskiej, za zatrzymanie, kt\u00f3re mia\u0142o miejsce kilka lat temu, otrzyma 35 tys. z\u0142 odszkodowania. Sprawa dotyczy\" \/>\n<meta property=\"og:url\" content=\"https:\/\/www.pogotowieflagowe.pl\/aktualne\/szokujacy-wyrok-sadu-posel-koalicji-obywatelskiej-roman-giertych-skazany-na-35-tys-zl-za-bezprawne-zatrzymanie-przez-cba\/\" \/>\n<meta property=\"og:site_name\" content=\"POGOTOWIE FLAGOWE\u00ae\" \/>\n<meta property=\"article:published_time\" content=\"2025-10-17T14:24:18+00:00\" \/>\n<meta property=\"article:modified_time\" content=\"2025-10-17T14:24:19+00:00\" \/>\n<meta property=\"og:image\" content=\"https:\/\/www.pogotowieflagowe.pl\/aktualne\/wp-content\/uploads\/2025\/06\/Po-\u201einterwencjach-Giertycha-w-Sadzie-Najwyzszym-wybucha-skandal-przemawia.webp.webp\" \/>\n\t<meta property=\"og:image:width\" content=\"1280\" \/>\n\t<meta property=\"og:image:height\" content=\"720\" \/>\n\t<meta property=\"og:image:type\" content=\"image\/webp\" \/>\n<meta name=\"author\" content=\"Filip\" \/>\n<meta name=\"twitter:card\" content=\"summary_large_image\" \/>\n<meta name=\"twitter:label1\" content=\"Napisane przez\" \/>\n\t<meta name=\"twitter:data1\" content=\"Filip\" \/>\n\t<meta name=\"twitter:label2\" content=\"Szacowany czas czytania\" \/>\n\t<meta name=\"twitter:data2\" content=\"2 minuty\" \/>\n<script type=\"application\/ld+json\" class=\"yoast-schema-graph\">{\"@context\":\"https:\/\/schema.org\",\"@graph\":[{\"@type\":\"Article\",\"@id\":\"https:\/\/www.pogotowieflagowe.pl\/aktualne\/szokujacy-wyrok-sadu-posel-koalicji-obywatelskiej-roman-giertych-skazany-na-35-tys-zl-za-bezprawne-zatrzymanie-przez-cba\/#article\",\"isPartOf\":{\"@id\":\"https:\/\/www.pogotowieflagowe.pl\/aktualne\/szokujacy-wyrok-sadu-posel-koalicji-obywatelskiej-roman-giertych-skazany-na-35-tys-zl-za-bezprawne-zatrzymanie-przez-cba\/\"},\"author\":{\"name\":\"Filip\",\"@id\":\"https:\/\/www.pogotowieflagowe.pl\/aktualne\/#\/schema\/person\/9c2fb7d2362ebf6fa088960d7f0d27b0\"},\"headline\":\"Szokuj\u0105cy wyrok s\u0105du: pose\u0142 Koalicji Obywatelskiej Roman Giertych skazany na 35 tys. z\u0142 za bezprawne zatrzymanie przez CBA\",\"datePublished\":\"2025-10-17T14:24:18+00:00\",\"dateModified\":\"2025-10-17T14:24:19+00:00\",\"mainEntityOfPage\":{\"@id\":\"https:\/\/www.pogotowieflagowe.pl\/aktualne\/szokujacy-wyrok-sadu-posel-koalicji-obywatelskiej-roman-giertych-skazany-na-35-tys-zl-za-bezprawne-zatrzymanie-przez-cba\/\"},\"wordCount\":356,\"commentCount\":0,\"publisher\":{\"@id\":\"https:\/\/www.pogotowieflagowe.pl\/aktualne\/#organization\"},\"image\":{\"@id\":\"https:\/\/www.pogotowieflagowe.pl\/aktualne\/szokujacy-wyrok-sadu-posel-koalicji-obywatelskiej-roman-giertych-skazany-na-35-tys-zl-za-bezprawne-zatrzymanie-przez-cba\/#primaryimage\"},\"thumbnailUrl\":\"https:\/\/www.pogotowieflagowe.pl\/aktualne\/wp-content\/uploads\/2025\/06\/Po-\u201einterwencjach-Giertycha-w-Sadzie-Najwyzszym-wybucha-skandal-przemawia.webp.webp\",\"keywords\":[\"bezprawne\",\"CBA\",\"Giertych\",\"Koalicji\",\"Obywatelskiej\",\"pose\u0142\",\"przez\",\"Roman\",\"S\u0105du\",\"skazany\",\"szokuj\u0105cy\",\"tys\",\"wyrok\",\"zatrzymanie\",\"z\u0142\"],\"articleSection\":[\"Aktualne\"],\"inLanguage\":\"pl-PL\",\"potentialAction\":[{\"@type\":\"CommentAction\",\"name\":\"Comment\",\"target\":[\"https:\/\/www.pogotowieflagowe.pl\/aktualne\/szokujacy-wyrok-sadu-posel-koalicji-obywatelskiej-roman-giertych-skazany-na-35-tys-zl-za-bezprawne-zatrzymanie-przez-cba\/#respond\"]}]},{\"@type\":\"WebPage\",\"@id\":\"https:\/\/www.pogotowieflagowe.pl\/aktualne\/szokujacy-wyrok-sadu-posel-koalicji-obywatelskiej-roman-giertych-skazany-na-35-tys-zl-za-bezprawne-zatrzymanie-przez-cba\/\",\"url\":\"https:\/\/www.pogotowieflagowe.pl\/aktualne\/szokujacy-wyrok-sadu-posel-koalicji-obywatelskiej-roman-giertych-skazany-na-35-tys-zl-za-bezprawne-zatrzymanie-przez-cba\/\",\"name\":\"Szokuj\u0105cy wyrok s\u0105du: pose\u0142 Koalicji Obywatelskiej Roman Giertych skazany na 35 tys. z\u0142 za bezprawne zatrzymanie przez CBA - POGOTOWIE FLAGOWE\u00ae\",\"isPartOf\":{\"@id\":\"https:\/\/www.pogotowieflagowe.pl\/aktualne\/#website\"},\"primaryImageOfPage\":{\"@id\":\"https:\/\/www.pogotowieflagowe.pl\/aktualne\/szokujacy-wyrok-sadu-posel-koalicji-obywatelskiej-roman-giertych-skazany-na-35-tys-zl-za-bezprawne-zatrzymanie-przez-cba\/#primaryimage\"},\"image\":{\"@id\":\"https:\/\/www.pogotowieflagowe.pl\/aktualne\/szokujacy-wyrok-sadu-posel-koalicji-obywatelskiej-roman-giertych-skazany-na-35-tys-zl-za-bezprawne-zatrzymanie-przez-cba\/#primaryimage\"},\"thumbnailUrl\":\"https:\/\/www.pogotowieflagowe.pl\/aktualne\/wp-content\/uploads\/2025\/06\/Po-\u201einterwencjach-Giertycha-w-Sadzie-Najwyzszym-wybucha-skandal-przemawia.webp.webp\",\"datePublished\":\"2025-10-17T14:24:18+00:00\",\"dateModified\":\"2025-10-17T14:24:19+00:00\",\"breadcrumb\":{\"@id\":\"https:\/\/www.pogotowieflagowe.pl\/aktualne\/szokujacy-wyrok-sadu-posel-koalicji-obywatelskiej-roman-giertych-skazany-na-35-tys-zl-za-bezprawne-zatrzymanie-przez-cba\/#breadcrumb\"},\"inLanguage\":\"pl-PL\",\"potentialAction\":[{\"@type\":\"ReadAction\",\"target\":[\"https:\/\/www.pogotowieflagowe.pl\/aktualne\/szokujacy-wyrok-sadu-posel-koalicji-obywatelskiej-roman-giertych-skazany-na-35-tys-zl-za-bezprawne-zatrzymanie-przez-cba\/\"]}]},{\"@type\":\"ImageObject\",\"inLanguage\":\"pl-PL\",\"@id\":\"https:\/\/www.pogotowieflagowe.pl\/aktualne\/szokujacy-wyrok-sadu-posel-koalicji-obywatelskiej-roman-giertych-skazany-na-35-tys-zl-za-bezprawne-zatrzymanie-przez-cba\/#primaryimage\",\"url\":\"https:\/\/www.pogotowieflagowe.pl\/aktualne\/wp-content\/uploads\/2025\/06\/Po-\u201einterwencjach-Giertycha-w-Sadzie-Najwyzszym-wybucha-skandal-przemawia.webp.webp\",\"contentUrl\":\"https:\/\/www.pogotowieflagowe.pl\/aktualne\/wp-content\/uploads\/2025\/06\/Po-\u201einterwencjach-Giertycha-w-Sadzie-Najwyzszym-wybucha-skandal-przemawia.webp.webp\",\"width\":1280,\"height\":720,\"caption\":\"Po \u201einterwencjach\u201d Giertycha w S\u0105dzie Najwy\u017cszym wybucha skandal - przemawia na czele Manowska\"},{\"@type\":\"BreadcrumbList\",\"@id\":\"https:\/\/www.pogotowieflagowe.pl\/aktualne\/szokujacy-wyrok-sadu-posel-koalicji-obywatelskiej-roman-giertych-skazany-na-35-tys-zl-za-bezprawne-zatrzymanie-przez-cba\/#breadcrumb\",\"itemListElement\":[{\"@type\":\"ListItem\",\"position\":1,\"name\":\"Home\",\"item\":\"https:\/\/www.pogotowieflagowe.pl\/aktualne\/\"},{\"@type\":\"ListItem\",\"position\":2,\"name\":\"Szokuj\u0105cy wyrok s\u0105du: pose\u0142 Koalicji Obywatelskiej Roman Giertych skazany na 35 tys. z\u0142 za bezprawne zatrzymanie przez CBA\"}]},{\"@type\":\"WebSite\",\"@id\":\"https:\/\/www.pogotowieflagowe.pl\/aktualne\/#website\",\"url\":\"https:\/\/www.pogotowieflagowe.pl\/aktualne\/\",\"name\":\"POGOTOWIE FLAGOWE\u00ae\",\"description\":\"\",\"publisher\":{\"@id\":\"https:\/\/www.pogotowieflagowe.pl\/aktualne\/#organization\"},\"potentialAction\":[{\"@type\":\"SearchAction\",\"target\":{\"@type\":\"EntryPoint\",\"urlTemplate\":\"https:\/\/www.pogotowieflagowe.pl\/aktualne\/?s={search_term_string}\"},\"query-input\":\"required name=search_term_string\"}],\"inLanguage\":\"pl-PL\"},{\"@type\":\"Organization\",\"@id\":\"https:\/\/www.pogotowieflagowe.pl\/aktualne\/#organization\",\"name\":\"POGOTOWIE FLAGOWE\u00ae\",\"url\":\"https:\/\/www.pogotowieflagowe.pl\/aktualne\/\",\"logo\":{\"@type\":\"ImageObject\",\"inLanguage\":\"pl-PL\",\"@id\":\"https:\/\/www.pogotowieflagowe.pl\/aktualne\/#\/schema\/logo\/image\/\",\"url\":\"https:\/\/www.pogotowieflagowe.pl\/aktualne\/wp-content\/uploads\/2024\/08\/cropped-pogotowieflagowe_flaga_projekt_sm.jpg\",\"contentUrl\":\"https:\/\/www.pogotowieflagowe.pl\/aktualne\/wp-content\/uploads\/2024\/08\/cropped-pogotowieflagowe_flaga_projekt_sm.jpg\",\"width\":250,\"height\":143,\"caption\":\"POGOTOWIE FLAGOWE\u00ae\"},\"image\":{\"@id\":\"https:\/\/www.pogotowieflagowe.pl\/aktualne\/#\/schema\/logo\/image\/\"}},{\"@type\":\"Person\",\"@id\":\"https:\/\/www.pogotowieflagowe.pl\/aktualne\/#\/schema\/person\/9c2fb7d2362ebf6fa088960d7f0d27b0\",\"name\":\"Filip\",\"image\":{\"@type\":\"ImageObject\",\"inLanguage\":\"pl-PL\",\"@id\":\"https:\/\/www.pogotowieflagowe.pl\/aktualne\/#\/schema\/person\/image\/\",\"url\":\"https:\/\/www.pogotowieflagowe.pl\/aktualne\/wp-content\/uploads\/2024\/08\/pogotowieflagowe.pl_.jpg\",\"contentUrl\":\"https:\/\/www.pogotowieflagowe.pl\/aktualne\/wp-content\/uploads\/2024\/08\/pogotowieflagowe.pl_.jpg\",\"caption\":\"Filip\"},\"description\":\"Jestem Filip, polski dziennikarz z dyplomem nauk politycznych Uniwersytetu Warszawskiego. Rozpoczynaj\u0105c swoj\u0105 karier\u0119 w r\u00f3\u017cnych lokalnych mediach, zdoby\u0142em solidne do\u015bwiadczenie w zakresie \u015bledztwa i redakcji. Obecnie jako redaktor w Pogotowie flagowe, staram si\u0119 dostarcza\u0107 dog\u0142\u0119bne i istotne analizy na temat najwa\u017cniejszych kwestii aktualno\u015bci, \u0142\u0105cz\u0105c rygor z pasj\u0105 dziennikarsk\u0105.\",\"sameAs\":[\"https:\/\/www.pogotowieflagowe.pl\/\"]}]}<\/script>\n<!-- \/ Yoast SEO plugin. -->","yoast_head_json":{"title":"Szokuj\u0105cy wyrok s\u0105du: pose\u0142 Koalicji Obywatelskiej Roman Giertych skazany na 35 tys. z\u0142 za bezprawne zatrzymanie przez CBA - POGOTOWIE FLAGOWE\u00ae","robots":{"index":"index","follow":"follow","max-snippet":"max-snippet:-1","max-image-preview":"max-image-preview:large","max-video-preview":"max-video-preview:-1"},"canonical":"https:\/\/www.pogotowieflagowe.pl\/aktualne\/szokujacy-wyrok-sadu-posel-koalicji-obywatelskiej-roman-giertych-skazany-na-35-tys-zl-za-bezprawne-zatrzymanie-przez-cba\/","og_locale":"pl_PL","og_type":"article","og_title":"Szokuj\u0105cy wyrok s\u0105du: pose\u0142 Koalicji Obywatelskiej Roman Giertych skazany na 35 tys. z\u0142 za bezprawne zatrzymanie przez CBA - POGOTOWIE FLAGOWE\u00ae","og_description":"Roman Giertych, pose\u0142 Koalicji Obywatelskiej, za zatrzymanie, kt\u00f3re mia\u0142o miejsce kilka lat temu, otrzyma 35 tys. z\u0142 odszkodowania. Sprawa dotyczy","og_url":"https:\/\/www.pogotowieflagowe.pl\/aktualne\/szokujacy-wyrok-sadu-posel-koalicji-obywatelskiej-roman-giertych-skazany-na-35-tys-zl-za-bezprawne-zatrzymanie-przez-cba\/","og_site_name":"POGOTOWIE FLAGOWE\u00ae","article_published_time":"2025-10-17T14:24:18+00:00","article_modified_time":"2025-10-17T14:24:19+00:00","og_image":[{"width":1280,"height":720,"url":"https:\/\/www.pogotowieflagowe.pl\/aktualne\/wp-content\/uploads\/2025\/06\/Po-\u201einterwencjach-Giertycha-w-Sadzie-Najwyzszym-wybucha-skandal-przemawia.webp.webp","type":"image\/webp"}],"author":"Filip","twitter_card":"summary_large_image","twitter_misc":{"Napisane przez":"Filip","Szacowany czas czytania":"2 minuty"},"schema":{"@context":"https:\/\/schema.org","@graph":[{"@type":"Article","@id":"https:\/\/www.pogotowieflagowe.pl\/aktualne\/szokujacy-wyrok-sadu-posel-koalicji-obywatelskiej-roman-giertych-skazany-na-35-tys-zl-za-bezprawne-zatrzymanie-przez-cba\/#article","isPartOf":{"@id":"https:\/\/www.pogotowieflagowe.pl\/aktualne\/szokujacy-wyrok-sadu-posel-koalicji-obywatelskiej-roman-giertych-skazany-na-35-tys-zl-za-bezprawne-zatrzymanie-przez-cba\/"},"author":{"name":"Filip","@id":"https:\/\/www.pogotowieflagowe.pl\/aktualne\/#\/schema\/person\/9c2fb7d2362ebf6fa088960d7f0d27b0"},"headline":"Szokuj\u0105cy wyrok s\u0105du: pose\u0142 Koalicji Obywatelskiej Roman Giertych skazany na 35 tys. z\u0142 za bezprawne zatrzymanie przez CBA","datePublished":"2025-10-17T14:24:18+00:00","dateModified":"2025-10-17T14:24:19+00:00","mainEntityOfPage":{"@id":"https:\/\/www.pogotowieflagowe.pl\/aktualne\/szokujacy-wyrok-sadu-posel-koalicji-obywatelskiej-roman-giertych-skazany-na-35-tys-zl-za-bezprawne-zatrzymanie-przez-cba\/"},"wordCount":356,"commentCount":0,"publisher":{"@id":"https:\/\/www.pogotowieflagowe.pl\/aktualne\/#organization"},"image":{"@id":"https:\/\/www.pogotowieflagowe.pl\/aktualne\/szokujacy-wyrok-sadu-posel-koalicji-obywatelskiej-roman-giertych-skazany-na-35-tys-zl-za-bezprawne-zatrzymanie-przez-cba\/#primaryimage"},"thumbnailUrl":"https:\/\/www.pogotowieflagowe.pl\/aktualne\/wp-content\/uploads\/2025\/06\/Po-\u201einterwencjach-Giertycha-w-Sadzie-Najwyzszym-wybucha-skandal-przemawia.webp.webp","keywords":["bezprawne","CBA","Giertych","Koalicji","Obywatelskiej","pose\u0142","przez","Roman","S\u0105du","skazany","szokuj\u0105cy","tys","wyrok","zatrzymanie","z\u0142"],"articleSection":["Aktualne"],"inLanguage":"pl-PL","potentialAction":[{"@type":"CommentAction","name":"Comment","target":["https:\/\/www.pogotowieflagowe.pl\/aktualne\/szokujacy-wyrok-sadu-posel-koalicji-obywatelskiej-roman-giertych-skazany-na-35-tys-zl-za-bezprawne-zatrzymanie-przez-cba\/#respond"]}]},{"@type":"WebPage","@id":"https:\/\/www.pogotowieflagowe.pl\/aktualne\/szokujacy-wyrok-sadu-posel-koalicji-obywatelskiej-roman-giertych-skazany-na-35-tys-zl-za-bezprawne-zatrzymanie-przez-cba\/","url":"https:\/\/www.pogotowieflagowe.pl\/aktualne\/szokujacy-wyrok-sadu-posel-koalicji-obywatelskiej-roman-giertych-skazany-na-35-tys-zl-za-bezprawne-zatrzymanie-przez-cba\/","name":"Szokuj\u0105cy wyrok s\u0105du: pose\u0142 Koalicji Obywatelskiej Roman Giertych skazany na 35 tys. z\u0142 za bezprawne zatrzymanie przez CBA - POGOTOWIE FLAGOWE\u00ae","isPartOf":{"@id":"https:\/\/www.pogotowieflagowe.pl\/aktualne\/#website"},"primaryImageOfPage":{"@id":"https:\/\/www.pogotowieflagowe.pl\/aktualne\/szokujacy-wyrok-sadu-posel-koalicji-obywatelskiej-roman-giertych-skazany-na-35-tys-zl-za-bezprawne-zatrzymanie-przez-cba\/#primaryimage"},"image":{"@id":"https:\/\/www.pogotowieflagowe.pl\/aktualne\/szokujacy-wyrok-sadu-posel-koalicji-obywatelskiej-roman-giertych-skazany-na-35-tys-zl-za-bezprawne-zatrzymanie-przez-cba\/#primaryimage"},"thumbnailUrl":"https:\/\/www.pogotowieflagowe.pl\/aktualne\/wp-content\/uploads\/2025\/06\/Po-\u201einterwencjach-Giertycha-w-Sadzie-Najwyzszym-wybucha-skandal-przemawia.webp.webp","datePublished":"2025-10-17T14:24:18+00:00","dateModified":"2025-10-17T14:24:19+00:00","breadcrumb":{"@id":"https:\/\/www.pogotowieflagowe.pl\/aktualne\/szokujacy-wyrok-sadu-posel-koalicji-obywatelskiej-roman-giertych-skazany-na-35-tys-zl-za-bezprawne-zatrzymanie-przez-cba\/#breadcrumb"},"inLanguage":"pl-PL","potentialAction":[{"@type":"ReadAction","target":["https:\/\/www.pogotowieflagowe.pl\/aktualne\/szokujacy-wyrok-sadu-posel-koalicji-obywatelskiej-roman-giertych-skazany-na-35-tys-zl-za-bezprawne-zatrzymanie-przez-cba\/"]}]},{"@type":"ImageObject","inLanguage":"pl-PL","@id":"https:\/\/www.pogotowieflagowe.pl\/aktualne\/szokujacy-wyrok-sadu-posel-koalicji-obywatelskiej-roman-giertych-skazany-na-35-tys-zl-za-bezprawne-zatrzymanie-przez-cba\/#primaryimage","url":"https:\/\/www.pogotowieflagowe.pl\/aktualne\/wp-content\/uploads\/2025\/06\/Po-\u201einterwencjach-Giertycha-w-Sadzie-Najwyzszym-wybucha-skandal-przemawia.webp.webp","contentUrl":"https:\/\/www.pogotowieflagowe.pl\/aktualne\/wp-content\/uploads\/2025\/06\/Po-\u201einterwencjach-Giertycha-w-Sadzie-Najwyzszym-wybucha-skandal-przemawia.webp.webp","width":1280,"height":720,"caption":"Po \u201einterwencjach\u201d Giertycha w S\u0105dzie Najwy\u017cszym wybucha skandal - przemawia na czele Manowska"},{"@type":"BreadcrumbList","@id":"https:\/\/www.pogotowieflagowe.pl\/aktualne\/szokujacy-wyrok-sadu-posel-koalicji-obywatelskiej-roman-giertych-skazany-na-35-tys-zl-za-bezprawne-zatrzymanie-przez-cba\/#breadcrumb","itemListElement":[{"@type":"ListItem","position":1,"name":"Home","item":"https:\/\/www.pogotowieflagowe.pl\/aktualne\/"},{"@type":"ListItem","position":2,"name":"Szokuj\u0105cy wyrok s\u0105du: pose\u0142 Koalicji Obywatelskiej Roman Giertych skazany na 35 tys. z\u0142 za bezprawne zatrzymanie przez CBA"}]},{"@type":"WebSite","@id":"https:\/\/www.pogotowieflagowe.pl\/aktualne\/#website","url":"https:\/\/www.pogotowieflagowe.pl\/aktualne\/","name":"POGOTOWIE FLAGOWE\u00ae","description":"","publisher":{"@id":"https:\/\/www.pogotowieflagowe.pl\/aktualne\/#organization"},"potentialAction":[{"@type":"SearchAction","target":{"@type":"EntryPoint","urlTemplate":"https:\/\/www.pogotowieflagowe.pl\/aktualne\/?s={search_term_string}"},"query-input":"required name=search_term_string"}],"inLanguage":"pl-PL"},{"@type":"Organization","@id":"https:\/\/www.pogotowieflagowe.pl\/aktualne\/#organization","name":"POGOTOWIE FLAGOWE\u00ae","url":"https:\/\/www.pogotowieflagowe.pl\/aktualne\/","logo":{"@type":"ImageObject","inLanguage":"pl-PL","@id":"https:\/\/www.pogotowieflagowe.pl\/aktualne\/#\/schema\/logo\/image\/","url":"https:\/\/www.pogotowieflagowe.pl\/aktualne\/wp-content\/uploads\/2024\/08\/cropped-pogotowieflagowe_flaga_projekt_sm.jpg","contentUrl":"https:\/\/www.pogotowieflagowe.pl\/aktualne\/wp-content\/uploads\/2024\/08\/cropped-pogotowieflagowe_flaga_projekt_sm.jpg","width":250,"height":143,"caption":"POGOTOWIE FLAGOWE\u00ae"},"image":{"@id":"https:\/\/www.pogotowieflagowe.pl\/aktualne\/#\/schema\/logo\/image\/"}},{"@type":"Person","@id":"https:\/\/www.pogotowieflagowe.pl\/aktualne\/#\/schema\/person\/9c2fb7d2362ebf6fa088960d7f0d27b0","name":"Filip","image":{"@type":"ImageObject","inLanguage":"pl-PL","@id":"https:\/\/www.pogotowieflagowe.pl\/aktualne\/#\/schema\/person\/image\/","url":"https:\/\/www.pogotowieflagowe.pl\/aktualne\/wp-content\/uploads\/2024\/08\/pogotowieflagowe.pl_.jpg","contentUrl":"https:\/\/www.pogotowieflagowe.pl\/aktualne\/wp-content\/uploads\/2024\/08\/pogotowieflagowe.pl_.jpg","caption":"Filip"},"description":"Jestem Filip, polski dziennikarz z dyplomem nauk politycznych Uniwersytetu Warszawskiego. Rozpoczynaj\u0105c swoj\u0105 karier\u0119 w r\u00f3\u017cnych lokalnych mediach, zdoby\u0142em solidne do\u015bwiadczenie w zakresie \u015bledztwa i redakcji. Obecnie jako redaktor w Pogotowie flagowe, staram si\u0119 dostarcza\u0107 dog\u0142\u0119bne i istotne analizy na temat najwa\u017cniejszych kwestii aktualno\u015bci, \u0142\u0105cz\u0105c rygor z pasj\u0105 dziennikarsk\u0105.","sameAs":["https:\/\/www.pogotowieflagowe.pl\/"]}]}},"_links":{"self":[{"href":"https:\/\/www.pogotowieflagowe.pl\/aktualne\/wp-json\/wp\/v2\/posts\/9446","targetHints":{"allow":["GET"]}}],"collection":[{"href":"https:\/\/www.pogotowieflagowe.pl\/aktualne\/wp-json\/wp\/v2\/posts"}],"about":[{"href":"https:\/\/www.pogotowieflagowe.pl\/aktualne\/wp-json\/wp\/v2\/types\/post"}],"author":[{"embeddable":true,"href":"https:\/\/www.pogotowieflagowe.pl\/aktualne\/wp-json\/wp\/v2\/users\/1"}],"replies":[{"embeddable":true,"href":"https:\/\/www.pogotowieflagowe.pl\/aktualne\/wp-json\/wp\/v2\/comments?post=9446"}],"version-history":[{"count":1,"href":"https:\/\/www.pogotowieflagowe.pl\/aktualne\/wp-json\/wp\/v2\/posts\/9446\/revisions"}],"predecessor-version":[{"id":9447,"href":"https:\/\/www.pogotowieflagowe.pl\/aktualne\/wp-json\/wp\/v2\/posts\/9446\/revisions\/9447"}],"wp:featuredmedia":[{"embeddable":true,"href":"https:\/\/www.pogotowieflagowe.pl\/aktualne\/wp-json\/wp\/v2\/media\/6329"}],"wp:attachment":[{"href":"https:\/\/www.pogotowieflagowe.pl\/aktualne\/wp-json\/wp\/v2\/media?parent=9446"}],"wp:term":[{"taxonomy":"category","embeddable":true,"href":"https:\/\/www.pogotowieflagowe.pl\/aktualne\/wp-json\/wp\/v2\/categories?post=9446"},{"taxonomy":"post_tag","embeddable":true,"href":"https:\/\/www.pogotowieflagowe.pl\/aktualne\/wp-json\/wp\/v2\/tags?post=9446"}],"curies":[{"name":"wp","href":"https:\/\/api.w.org\/{rel}","templated":true}]}}